{"id":35885,"date":"2023-05-11T21:08:09","date_gmt":"2023-05-11T19:08:09","guid":{"rendered":"https:\/\/just-now.news\/de\/deutschland\/sekundaer-sanktionen-eu-sucht-die-isolation\/"},"modified":"2023-05-11T21:08:09","modified_gmt":"2023-05-11T19:08:09","slug":"sekundaer-sanktionen-eu-sucht-die-isolation","status":"publish","type":"post","link":"https:\/\/now-news.de\/de\/deutschland\/sekundaer-sanktionen-eu-sucht-die-isolation\/","title":{"rendered":"Sekund\u00e4r-Sanktionen: EU sucht die Isolation"},"content":{"rendered":"<p><img decoding=\"async\" src=\"http:\/\/just-now.news\/de\/wp-content\/uploads\/sites\/3\/2023\/05\/645cffb1b480cc4ac70169bc.jpg\" \/><\/p>\n<div class=\"Text-root Text-type_1 \">\n                Die EU plant gegen L\u00e4nder, die das westliche Sanktionsregime umgehen, Sekund\u00e4r-Sanktionen zu verh\u00e4ngen. Damit beschleunigt die EU die Suche nach M\u00f6glichkeiten zur Einhegung und Isolation des Westens, denn sie verdeutlicht damit ihren Herrschaftsanspruch. Der steht aber infrage.\n            <\/div>\n<p><\/p>\n<div class=\"Text-root Text-type_5 ArticleView-text ViewText-root \">\n<p><em>Von Gert Ewen Ungar<\/em><\/p>\n<p>Die Russland-Sanktionen funktionieren nicht. Die russische Wirtschaft w\u00e4chst, Russland treibt Handel mit anderen L\u00e4ndern, in Russland selbst haben die Sanktionen eine regelrechte Gr\u00fcnderzeit-Stimmung ausgel\u00f6st. Die Sanktionen schaden vorrangig den Unternehmen in der EU, sie treiben dort die Inflation in die H\u00f6he und schaden der Wettbewerbsf\u00e4higkeit. Den russischen Markt haben die Unternehmen, die sich von dort zur\u00fcckgezogen haben, wohl f\u00fcr immer verloren. Die L\u00fccken wurden schnell von Anbietern aus anderen L\u00e4ndern geschlossen.\u00a0<\/p>\n<p>Die Russland-Sanktionen funktionieren unter anderem deshalb nicht, weil die Mehrheit der L\u00e4nder sich nicht an das westliche Sanktionsregime h\u00e4lt und die Sanktionen umgeht. Dass sie nicht funktionieren, liegt auch an der schwindenden wirtschaftlichen Macht des Westens. Dort, wo sie aber Wirkung zeigen, au\u00dferhalb Russlands, auf den globalen M\u00e4rkten, dort l\u00f6sen sie gro\u00dfe Defizite aus und ziehen die Weltwirtschaft in Mitleidenschaft. Die Welt hat daher kein Interesse am westlichen Sanktionsregime.\u00a0<\/p>\n<p>International haben die Sanktionen daher die Entdollarisierung beschleunigt. Man verabschiedet sich vom Dollar als Leit- und Reservew\u00e4hrung. Auch der Euro verliert seit Jahren an Bedeutung. Die Griechenlandkrise hat ihn besch\u00e4digt, die politische Instrumentalisierung durch die EU-Kommission im Rahmen der Russland-Sanktionen bricht ihm absehbar das R\u00fcckgrat. Das, wozu sich die EU moralisch im Recht und sogar in der Pflicht sieht, das Einfrieren russischer Devisen und die \u00dcberlegung, sie der Ukraine zukommen zu lassen, wertet man in anderen L\u00e4ndern als blo\u00dfen Diebstahl und damit als reine Kristallisation von Unrecht.\u00a0<\/p>\n<p>Um den Sanktionen doch noch zur Wirkung zu verhelfen, denkt die EU-Kommission inzwischen \u00fcber die Verh\u00e4ngung von Sekund\u00e4rsanktionen nach. Es ist ein Akt der Verzweiflung, der die EU weiter isolieren wird. Die gro\u00dfe Mehrheit der L\u00e4nder der Welt tr\u00e4gt die Sanktionen nicht nur nicht mit. Der gro\u00dfe Teil der L\u00e4nder der Welt verurteilt sie. Sie versto\u00dfen gegen das V\u00f6lkerrecht,\u00a0versto\u00dfen gegen die Menschenrechte, l\u00f6sen Mangel und Hunger aus und treffen vor allem arme L\u00e4nder hart.\u00a0<\/p>\n<p>Bis vor Kurzem galten Sekund\u00e4rsanktionen auch in der EU als v\u00f6lkerrechtswidrig. Jetzt m\u00f6chte sie die EU dennoch gegen jene L\u00e4nder verh\u00e4ngen, die Russland bei der Umgehung unterst\u00fctzen. In einem bizarren Kommentar der <em>Frankfurter Allgemeinen Zeitung (FAZ)<\/em>\u00a0<a rel=\"nofollow noopener\" target=\"_blank\" href=\"https:\/\/www.faz.net\/aktuell\/politik\/ausland\/eu-sanktionen-gegen-china-das-naechste-tabu-faellt-18878897.html\">springt <\/a>der Kommentator Nikolas Busse der EU argumentativ hilfreich zur Seite. Putin ist schuld, dass die EU jetzt sogar gegen ihr eigenes, ohnehin schon sehr weit ausgelegtes Verst\u00e4ndnis von V\u00f6lkerrecht versto\u00dfen muss.<\/p>\n<blockquote>\n<p><em>&#8220;Mit solchen sogenannten Sekund\u00e4rsanktionen arbeiteten bisher vor allem die Vereinigten Staaten. Soweit sie europ\u00e4ische Firmen betrafen, betrachtete die EU sie sogar als v\u00f6lkerrechtswidrig. Putin erzwingt nun auch hier eine realpolitische Neuausrichtung.&#8221;<\/em><\/p>\n<\/blockquote>\n<p>Putin zwingt die\u00a0EU zum V\u00f6lkerrechtsversto\u00df. Deutscher Qualit\u00e4tsjournalismus in seiner finalen Form.\u00a0<\/p>\n<p>Eine derart absurde Begr\u00fcndung wird selbstverst\u00e4ndlich au\u00dferhalb der westlichen Blase kein Land gelten lassen. Selbst innerhalb des kollektiven Westens wird sie aufgrund der Umkehr des Schuldverh\u00e4ltnisses nur auf begrenzte Zustimmung sto\u00dfen. Die moralische Flexibilit\u00e4t mag in Regierungskreisen und in deutschen Redaktionsstuben extrem hoch sein, bei weiten Teilen der Bev\u00f6lkerung ist der ethische Kompass jedoch noch intakt.<\/p>\n<p>Was Busse hier vortr\u00e4gt, ist schlicht der Anspruch des Westens, anderen L\u00e4ndern die Regeln diktieren zu k\u00f6nnen. Es ist der imperialistische, kolonialistische Herrschaftsanspruch des Westens, den die <em>FAZ<\/em>\u00a0formuliert. Dieser steht aber gerade infrage. Fakt ist: Die Sanktionen versto\u00dfen gegen das V\u00f6lkerrecht. Die Sekund\u00e4rsanktionen tun es umso mehr.\u00a0<\/p>\n<p>Seit Beginn des Sanktionsregimes haben die L\u00e4nder au\u00dferhalb des kollektiven Westens ihre Verbindungen zu Russland vielfach noch gest\u00e4rkt. Die westliche Idee, Russland isolieren und ruinieren zu wollen, ist grandios gescheitert. Und sie muss weiter scheitern, denn es geht inzwischen um mehr als blo\u00df die Ukraine. Es geht darum, den Herrschafts- und Dominanzanspruch des Westens zu brechen.\u00a0<\/p>\n<p>Die EU sollte verstehen lernen, dass die Weltgemeinschaft an einer Bestrafung Russlands nicht nur kein Interesse hat, sondern mit jeder Ausweitung der Sanktionen, mit jedem weiteren Hinwegsetzen \u00fcber internationale Regeln, mit jeder weiteren Verweigerung, gemeinsam mit Russland nach einer Friedensl\u00f6sung zu suchen, zunehmend ein Interesse daran hat, die EU zu bestrafen. Die EU mag f\u00fcr sich entschieden haben, f\u00fcr das moralisch Gute zu stehen, sie mag sich als Garten im Dschungel sehen \u2013 der Blick von au\u00dfen offenbart etwas anderes: Die EU ist der R\u00fcckfall in die Barbarei. Die EU glaubt, im Recht des St\u00e4rkeren zu sein, daher muss sie im Interesse des Wohls der V\u00f6lker eingehegt werden.<\/p>\n<p>Inzwischen geht es l\u00e4ngst um ein anderes Thema. Das Thema lautet: Wie kann man den Westen, wie kann man die EU dazu bringen, sich ans V\u00f6lkerrecht und an internationale Normen und Regeln zu halten? Wie kann eine Demokratisierung der internationalen Verh\u00e4ltnisse erreicht werden, ohne dass einige L\u00e4nder f\u00fcr sich eine Sonderstellung au\u00dferhalb des internationalen Ordnungsrahmens beanspruchen? Wie kann der Westen in seiner Macht und in seinem Einfluss effektiv und dauerhaft beschnitten werden? Vermutlich f\u00fchrt der Weg dahin \u00fcber den von au\u00dfen herbeigef\u00fchrten wirtschaftlichen Niedergang der EU und der L\u00e4nder, die sich besonders aggressiv geben. Deutschland geh\u00f6rt dazu.\u00a0<\/p>\n<p>Die Ank\u00fcndigung von Sekund\u00e4rsanktionen stellt eine Eskalationsstufe dar. Sie sind eine Kriegserkl\u00e4rung der EU an die L\u00e4nder au\u00dferhalb des kollektiven Westens. Sie werden die Suche nach M\u00f6glichkeiten, den Westen zu begrenzen und einzuhegen, noch beschleunigen. Der Westen darf mit seinen autorit\u00e4ren, repressiven Ma\u00dfnahmen nicht siegen. An seiner Niederlage hat inzwischen die ganze Welt ein zutiefst berechtigtes Interesse.\u00a0<\/p>\n<p><strong>Mehr zum Thema<\/strong>\u00a0\u2013<strong><\/strong><a rel=\"nofollow noopener\" target=\"_blank\" href=\"https:\/\/freeassange.rtde.life\/kurzclips\/video\/169817-china-antwortet-auf-baerbocks-forderungen\/\">China antwortet auf Baerbocks Forderungen: Vereinfachungen und Emotionen helfen nicht weiter<\/a><\/p>\n<\/div>\n<p><br \/>\n<br \/><a href=\"https:\/\/de.rt.com\/meinung\/169845-sekundaer-sanktionen-eu-sucht-isolation\/\">Source link <\/a><\/p>\n","protected":false},"excerpt":{"rendered":"<p>Die EU plant gegen L\u00e4nder, die das westliche Sanktionsregime umgehen, Sekund\u00e4r-Sanktionen zu verh\u00e4ngen. Damit beschleunigt die EU die Suche nach M\u00f6glichkeiten zur Einhegung und Isolation des Westens, denn sie verdeutlicht damit ihren Herrschaftsanspruch. Der steht aber infrage. Von Gert Ewen Ungar Die Russland-Sanktionen funktionieren nicht. Die russische Wirtschaft w\u00e4chst, Russland treibt Handel mit anderen L\u00e4ndern, [&hellip;]<\/p>\n","protected":false},"author":3,"featured_media":35886,"comment_status":"open","ping_status":"open","sticky":false,"template":"","format":"standard","meta":{"_yoast_indexnow_last_ping":["1683832621"],"wp_automatic_camp":["217"],"6b744fb1d2f569a8229c7e23c41600c0":["Sekund\u00e4r-Sanktionen: EU sucht die Isolation"],"original_link":["https:\/\/de.rt.com\/meinung\/169845-sekundaer-sanktionen-eu-sucht-isolation\/"],"_thumbnail_id":["35886"],"_wptgpro_p2tg_sent2tg":["a:1:{i:23737;s:19:\"2023-05-11 21:18:09\";}"],"jnews_social_counter_last_update":["1777219595"]},"categories":[19,23],"tags":[45,10674,44087,26422],"yoast_head":"<!-- This site is optimized with the Yoast SEO Premium plugin v22.7 (Yoast SEO v22.7) - https:\/\/yoast.com\/wordpress\/plugins\/seo\/ -->\n<title>Sekund\u00e4r-Sanktionen: EU sucht die Isolation - just-now.NEWS Deutschland<\/title>\n<meta name=\"robots\" content=\"index, follow, max-snippet:-1, max-image-preview:large, max-video-preview:-1\" \/>\n<link rel=\"canonical\" href=\"https:\/\/now-news.de\/de\/deutschland\/sekundaer-sanktionen-eu-sucht-die-isolation\/\" \/>\n<meta property=\"og:locale\" content=\"de_DE\" \/>\n<meta property=\"og:type\" content=\"article\" \/>\n<meta property=\"og:title\" content=\"Sekund\u00e4r-Sanktionen: EU sucht die Isolation\" \/>\n<meta property=\"og:description\" content=\"Die EU plant gegen L\u00e4nder, die das westliche Sanktionsregime umgehen, Sekund\u00e4r-Sanktionen zu verh\u00e4ngen. Damit beschleunigt die EU die Suche nach M\u00f6glichkeiten zur Einhegung und Isolation des Westens, denn sie verdeutlicht damit ihren Herrschaftsanspruch. Der steht aber infrage. Von Gert Ewen Ungar Die Russland-Sanktionen funktionieren nicht. Die russische Wirtschaft w\u00e4chst, Russland treibt Handel mit anderen L\u00e4ndern, [&hellip;]\" \/>\n<meta property=\"og:url\" content=\"https:\/\/now-news.de\/de\/deutschland\/sekundaer-sanktionen-eu-sucht-die-isolation\/\" \/>\n<meta property=\"og:site_name\" content=\"just-now.NEWS Deutschland\" \/>\n<meta property=\"article:publisher\" content=\"https:\/\/www.facebook.com\/wirmachenauf\" \/>\n<meta property=\"article:published_time\" content=\"2023-05-11T19:08:09+00:00\" \/>\n<meta property=\"og:image\" content=\"https:\/\/now-news.de\/de\/wp-content\/uploads\/sites\/3\/2023\/05\/Sekundaer-Sanktionen-EU-sucht-die-Isolation.jpg\" \/>\n\t<meta property=\"og:image:width\" content=\"460\" \/>\n\t<meta property=\"og:image:height\" content=\"259\" \/>\n\t<meta property=\"og:image:type\" content=\"image\/jpeg\" \/>\n<meta name=\"author\" content=\"rtnews\" \/>\n<meta name=\"twitter:card\" content=\"summary_large_image\" \/>\n<meta name=\"twitter:creator\" content=\"@WirMachenAuf_de\" \/>\n<meta name=\"twitter:site\" content=\"@WirMachenAuf_de\" \/>\n<meta name=\"twitter:label1\" content=\"Verfasst von\" \/>\n\t<meta name=\"twitter:data1\" content=\"rtnews\" \/>\n\t<meta name=\"twitter:label2\" content=\"Gesch\u00e4tzte Lesezeit\" \/>\n\t<meta name=\"twitter:data2\" content=\"5\u00a0Minuten\" \/>\n<script type=\"application\/ld+json\" class=\"yoast-schema-graph\">{\"@context\":\"https:\/\/schema.org\",\"@graph\":[{\"@type\":\"Article\",\"@id\":\"https:\/\/now-news.de\/de\/deutschland\/sekundaer-sanktionen-eu-sucht-die-isolation\/#article\",\"isPartOf\":{\"@id\":\"https:\/\/now-news.de\/de\/deutschland\/sekundaer-sanktionen-eu-sucht-die-isolation\/\"},\"author\":{\"name\":\"rtnews\",\"@id\":\"https:\/\/now-news.de\/de\/#\/schema\/person\/fb534a4e865501d8b3285208df34a9b5\"},\"headline\":\"Sekund\u00e4r-Sanktionen: EU sucht die Isolation\",\"datePublished\":\"2023-05-11T19:08:09+00:00\",\"dateModified\":\"2023-05-11T19:08:09+00:00\",\"mainEntityOfPage\":{\"@id\":\"https:\/\/now-news.de\/de\/deutschland\/sekundaer-sanktionen-eu-sucht-die-isolation\/\"},\"wordCount\":991,\"commentCount\":0,\"publisher\":{\"@id\":\"https:\/\/now-news.de\/de\/#organization\"},\"image\":{\"@id\":\"https:\/\/now-news.de\/de\/deutschland\/sekundaer-sanktionen-eu-sucht-die-isolation\/#primaryimage\"},\"thumbnailUrl\":\"https:\/\/now-news.de\/de\/wp-content\/uploads\/sites\/3\/2023\/05\/Sekundaer-Sanktionen-EU-sucht-die-Isolation.jpg\",\"keywords\":[\"die\",\"Isolation\",\"Sekund\u00e4rsanktionen\",\"sucht\"],\"articleSection\":[\"Deutschland\",\"Russland\"],\"inLanguage\":\"de\",\"potentialAction\":[{\"@type\":\"CommentAction\",\"name\":\"Comment\",\"target\":[\"https:\/\/now-news.de\/de\/deutschland\/sekundaer-sanktionen-eu-sucht-die-isolation\/#respond\"]}]},{\"@type\":\"WebPage\",\"@id\":\"https:\/\/now-news.de\/de\/deutschland\/sekundaer-sanktionen-eu-sucht-die-isolation\/\",\"url\":\"https:\/\/now-news.de\/de\/deutschland\/sekundaer-sanktionen-eu-sucht-die-isolation\/\",\"name\":\"Sekund\u00e4r-Sanktionen: EU sucht die Isolation - just-now.NEWS Deutschland\",\"isPartOf\":{\"@id\":\"https:\/\/now-news.de\/de\/#website\"},\"primaryImageOfPage\":{\"@id\":\"https:\/\/now-news.de\/de\/deutschland\/sekundaer-sanktionen-eu-sucht-die-isolation\/#primaryimage\"},\"image\":{\"@id\":\"https:\/\/now-news.de\/de\/deutschland\/sekundaer-sanktionen-eu-sucht-die-isolation\/#primaryimage\"},\"thumbnailUrl\":\"https:\/\/now-news.de\/de\/wp-content\/uploads\/sites\/3\/2023\/05\/Sekundaer-Sanktionen-EU-sucht-die-Isolation.jpg\",\"datePublished\":\"2023-05-11T19:08:09+00:00\",\"dateModified\":\"2023-05-11T19:08:09+00:00\",\"breadcrumb\":{\"@id\":\"https:\/\/now-news.de\/de\/deutschland\/sekundaer-sanktionen-eu-sucht-die-isolation\/#breadcrumb\"},\"inLanguage\":\"de\",\"potentialAction\":[{\"@type\":\"ReadAction\",\"target\":[\"https:\/\/now-news.de\/de\/deutschland\/sekundaer-sanktionen-eu-sucht-die-isolation\/\"]}]},{\"@type\":\"ImageObject\",\"inLanguage\":\"de\",\"@id\":\"https:\/\/now-news.de\/de\/deutschland\/sekundaer-sanktionen-eu-sucht-die-isolation\/#primaryimage\",\"url\":\"https:\/\/now-news.de\/de\/wp-content\/uploads\/sites\/3\/2023\/05\/Sekundaer-Sanktionen-EU-sucht-die-Isolation.jpg\",\"contentUrl\":\"https:\/\/now-news.de\/de\/wp-content\/uploads\/sites\/3\/2023\/05\/Sekundaer-Sanktionen-EU-sucht-die-Isolation.jpg\",\"width\":460,\"height\":259,\"caption\":\"Sekund\u00e4r-Sanktionen: EU sucht die Isolation\"},{\"@type\":\"BreadcrumbList\",\"@id\":\"https:\/\/now-news.de\/de\/deutschland\/sekundaer-sanktionen-eu-sucht-die-isolation\/#breadcrumb\",\"itemListElement\":[{\"@type\":\"ListItem\",\"position\":1,\"name\":\"Home\",\"item\":\"https:\/\/now-news.de\/de\/\"},{\"@type\":\"ListItem\",\"position\":2,\"name\":\"Sekund\u00e4r-Sanktionen: EU sucht die Isolation\"}]},{\"@type\":\"WebSite\",\"@id\":\"https:\/\/now-news.de\/de\/#website\",\"url\":\"https:\/\/now-news.de\/de\/\",\"name\":\"just-now.NEWS Deutschland\",\"description\":\"Das Portal f\u00fcr unzensierte Nachrichten aus der Welt\",\"publisher\":{\"@id\":\"https:\/\/now-news.de\/de\/#organization\"},\"potentialAction\":[{\"@type\":\"SearchAction\",\"target\":{\"@type\":\"EntryPoint\",\"urlTemplate\":\"https:\/\/now-news.de\/de\/?s={search_term_string}\"},\"query-input\":\"required name=search_term_string\"}],\"inLanguage\":\"de\"},{\"@type\":\"Organization\",\"@id\":\"https:\/\/now-news.de\/de\/#organization\",\"name\":\"Just Now News\",\"url\":\"https:\/\/now-news.de\/de\/\",\"logo\":{\"@type\":\"ImageObject\",\"inLanguage\":\"de\",\"@id\":\"https:\/\/now-news.de\/de\/#\/schema\/logo\/image\/\",\"url\":\"http:\/\/just-now.news\/de\/wp-content\/uploads\/sites\/3\/2022\/04\/logo500x500.jpg\",\"contentUrl\":\"http:\/\/just-now.news\/de\/wp-content\/uploads\/sites\/3\/2022\/04\/logo500x500.jpg\",\"width\":500,\"height\":500,\"caption\":\"Just Now News\"},\"image\":{\"@id\":\"https:\/\/now-news.de\/de\/#\/schema\/logo\/image\/\"},\"sameAs\":[\"https:\/\/www.facebook.com\/wirmachenauf\",\"https:\/\/x.com\/WirMachenAuf_de\"]},{\"@type\":\"Person\",\"@id\":\"https:\/\/now-news.de\/de\/#\/schema\/person\/fb534a4e865501d8b3285208df34a9b5\",\"name\":\"rtnews\",\"image\":{\"@type\":\"ImageObject\",\"inLanguage\":\"de\",\"@id\":\"https:\/\/now-news.de\/de\/#\/schema\/person\/image\/\",\"url\":\"https:\/\/secure.gravatar.com\/avatar\/82aafea7d8127119dd649515f56e2117?s=96&d=mm&r=g\",\"contentUrl\":\"https:\/\/secure.gravatar.com\/avatar\/82aafea7d8127119dd649515f56e2117?s=96&d=mm&r=g\",\"caption\":\"rtnews\"},\"url\":\"https:\/\/now-news.de\/de\/author\/rnews\/\"}]}<\/script>\n<!-- \/ Yoast SEO Premium plugin. -->","yoast_head_json":{"title":"Sekund\u00e4r-Sanktionen: EU sucht die Isolation - just-now.NEWS Deutschland","robots":{"index":"index","follow":"follow","max-snippet":"max-snippet:-1","max-image-preview":"max-image-preview:large","max-video-preview":"max-video-preview:-1"},"canonical":"https:\/\/now-news.de\/de\/deutschland\/sekundaer-sanktionen-eu-sucht-die-isolation\/","og_locale":"de_DE","og_type":"article","og_title":"Sekund\u00e4r-Sanktionen: EU sucht die Isolation","og_description":"Die EU plant gegen L\u00e4nder, die das westliche Sanktionsregime umgehen, Sekund\u00e4r-Sanktionen zu verh\u00e4ngen. Damit beschleunigt die EU die Suche nach M\u00f6glichkeiten zur Einhegung und Isolation des Westens, denn sie verdeutlicht damit ihren Herrschaftsanspruch. Der steht aber infrage. Von Gert Ewen Ungar Die Russland-Sanktionen funktionieren nicht. Die russische Wirtschaft w\u00e4chst, Russland treibt Handel mit anderen L\u00e4ndern, [&hellip;]","og_url":"https:\/\/now-news.de\/de\/deutschland\/sekundaer-sanktionen-eu-sucht-die-isolation\/","og_site_name":"just-now.NEWS Deutschland","article_publisher":"https:\/\/www.facebook.com\/wirmachenauf","article_published_time":"2023-05-11T19:08:09+00:00","og_image":[{"width":460,"height":259,"url":"https:\/\/now-news.de\/de\/wp-content\/uploads\/sites\/3\/2023\/05\/Sekundaer-Sanktionen-EU-sucht-die-Isolation.jpg","type":"image\/jpeg"}],"author":"rtnews","twitter_card":"summary_large_image","twitter_creator":"@WirMachenAuf_de","twitter_site":"@WirMachenAuf_de","twitter_misc":{"Verfasst von":"rtnews","Gesch\u00e4tzte Lesezeit":"5\u00a0Minuten"},"schema":{"@context":"https:\/\/schema.org","@graph":[{"@type":"Article","@id":"https:\/\/now-news.de\/de\/deutschland\/sekundaer-sanktionen-eu-sucht-die-isolation\/#article","isPartOf":{"@id":"https:\/\/now-news.de\/de\/deutschland\/sekundaer-sanktionen-eu-sucht-die-isolation\/"},"author":{"name":"rtnews","@id":"https:\/\/now-news.de\/de\/#\/schema\/person\/fb534a4e865501d8b3285208df34a9b5"},"headline":"Sekund\u00e4r-Sanktionen: EU sucht die Isolation","datePublished":"2023-05-11T19:08:09+00:00","dateModified":"2023-05-11T19:08:09+00:00","mainEntityOfPage":{"@id":"https:\/\/now-news.de\/de\/deutschland\/sekundaer-sanktionen-eu-sucht-die-isolation\/"},"wordCount":991,"commentCount":0,"publisher":{"@id":"https:\/\/now-news.de\/de\/#organization"},"image":{"@id":"https:\/\/now-news.de\/de\/deutschland\/sekundaer-sanktionen-eu-sucht-die-isolation\/#primaryimage"},"thumbnailUrl":"https:\/\/now-news.de\/de\/wp-content\/uploads\/sites\/3\/2023\/05\/Sekundaer-Sanktionen-EU-sucht-die-Isolation.jpg","keywords":["die","Isolation","Sekund\u00e4rsanktionen","sucht"],"articleSection":["Deutschland","Russland"],"inLanguage":"de","potentialAction":[{"@type":"CommentAction","name":"Comment","target":["https:\/\/now-news.de\/de\/deutschland\/sekundaer-sanktionen-eu-sucht-die-isolation\/#respond"]}]},{"@type":"WebPage","@id":"https:\/\/now-news.de\/de\/deutschland\/sekundaer-sanktionen-eu-sucht-die-isolation\/","url":"https:\/\/now-news.de\/de\/deutschland\/sekundaer-sanktionen-eu-sucht-die-isolation\/","name":"Sekund\u00e4r-Sanktionen: EU sucht die Isolation - just-now.NEWS Deutschland","isPartOf":{"@id":"https:\/\/now-news.de\/de\/#website"},"primaryImageOfPage":{"@id":"https:\/\/now-news.de\/de\/deutschland\/sekundaer-sanktionen-eu-sucht-die-isolation\/#primaryimage"},"image":{"@id":"https:\/\/now-news.de\/de\/deutschland\/sekundaer-sanktionen-eu-sucht-die-isolation\/#primaryimage"},"thumbnailUrl":"https:\/\/now-news.de\/de\/wp-content\/uploads\/sites\/3\/2023\/05\/Sekundaer-Sanktionen-EU-sucht-die-Isolation.jpg","datePublished":"2023-05-11T19:08:09+00:00","dateModified":"2023-05-11T19:08:09+00:00","breadcrumb":{"@id":"https:\/\/now-news.de\/de\/deutschland\/sekundaer-sanktionen-eu-sucht-die-isolation\/#breadcrumb"},"inLanguage":"de","potentialAction":[{"@type":"ReadAction","target":["https:\/\/now-news.de\/de\/deutschland\/sekundaer-sanktionen-eu-sucht-die-isolation\/"]}]},{"@type":"ImageObject","inLanguage":"de","@id":"https:\/\/now-news.de\/de\/deutschland\/sekundaer-sanktionen-eu-sucht-die-isolation\/#primaryimage","url":"https:\/\/now-news.de\/de\/wp-content\/uploads\/sites\/3\/2023\/05\/Sekundaer-Sanktionen-EU-sucht-die-Isolation.jpg","contentUrl":"https:\/\/now-news.de\/de\/wp-content\/uploads\/sites\/3\/2023\/05\/Sekundaer-Sanktionen-EU-sucht-die-Isolation.jpg","width":460,"height":259,"caption":"Sekund\u00e4r-Sanktionen: EU sucht die Isolation"},{"@type":"BreadcrumbList","@id":"https:\/\/now-news.de\/de\/deutschland\/sekundaer-sanktionen-eu-sucht-die-isolation\/#breadcrumb","itemListElement":[{"@type":"ListItem","position":1,"name":"Home","item":"https:\/\/now-news.de\/de\/"},{"@type":"ListItem","position":2,"name":"Sekund\u00e4r-Sanktionen: EU sucht die Isolation"}]},{"@type":"WebSite","@id":"https:\/\/now-news.de\/de\/#website","url":"https:\/\/now-news.de\/de\/","name":"just-now.NEWS Deutschland","description":"Das Portal f\u00fcr unzensierte Nachrichten aus der Welt","publisher":{"@id":"https:\/\/now-news.de\/de\/#organization"},"potentialAction":[{"@type":"SearchAction","target":{"@type":"EntryPoint","urlTemplate":"https:\/\/now-news.de\/de\/?s={search_term_string}"},"query-input":"required name=search_term_string"}],"inLanguage":"de"},{"@type":"Organization","@id":"https:\/\/now-news.de\/de\/#organization","name":"Just Now News","url":"https:\/\/now-news.de\/de\/","logo":{"@type":"ImageObject","inLanguage":"de","@id":"https:\/\/now-news.de\/de\/#\/schema\/logo\/image\/","url":"http:\/\/just-now.news\/de\/wp-content\/uploads\/sites\/3\/2022\/04\/logo500x500.jpg","contentUrl":"http:\/\/just-now.news\/de\/wp-content\/uploads\/sites\/3\/2022\/04\/logo500x500.jpg","width":500,"height":500,"caption":"Just Now News"},"image":{"@id":"https:\/\/now-news.de\/de\/#\/schema\/logo\/image\/"},"sameAs":["https:\/\/www.facebook.com\/wirmachenauf","https:\/\/x.com\/WirMachenAuf_de"]},{"@type":"Person","@id":"https:\/\/now-news.de\/de\/#\/schema\/person\/fb534a4e865501d8b3285208df34a9b5","name":"rtnews","image":{"@type":"ImageObject","inLanguage":"de","@id":"https:\/\/now-news.de\/de\/#\/schema\/person\/image\/","url":"https:\/\/secure.gravatar.com\/avatar\/82aafea7d8127119dd649515f56e2117?s=96&d=mm&r=g","contentUrl":"https:\/\/secure.gravatar.com\/avatar\/82aafea7d8127119dd649515f56e2117?s=96&d=mm&r=g","caption":"rtnews"},"url":"https:\/\/now-news.de\/de\/author\/rnews\/"}]}},"_links":{"self":[{"href":"https:\/\/now-news.de\/de\/wp-json\/wp\/v2\/posts\/35885"}],"collection":[{"href":"https:\/\/now-news.de\/de\/wp-json\/wp\/v2\/posts"}],"about":[{"href":"https:\/\/now-news.de\/de\/wp-json\/wp\/v2\/types\/post"}],"author":[{"embeddable":true,"href":"https:\/\/now-news.de\/de\/wp-json\/wp\/v2\/users\/3"}],"replies":[{"embeddable":true,"href":"https:\/\/now-news.de\/de\/wp-json\/wp\/v2\/comments?post=35885"}],"version-history":[{"count":0,"href":"https:\/\/now-news.de\/de\/wp-json\/wp\/v2\/posts\/35885\/revisions"}],"wp:featuredmedia":[{"embeddable":true,"href":"https:\/\/now-news.de\/de\/wp-json\/wp\/v2\/media\/35886"}],"wp:attachment":[{"href":"https:\/\/now-news.de\/de\/wp-json\/wp\/v2\/media?parent=35885"}],"wp:term":[{"taxonomy":"category","embeddable":true,"href":"https:\/\/now-news.de\/de\/wp-json\/wp\/v2\/categories?post=35885"},{"taxonomy":"post_tag","embeddable":true,"href":"https:\/\/now-news.de\/de\/wp-json\/wp\/v2\/tags?post=35885"}],"curies":[{"name":"wp","href":"https:\/\/api.w.org\/{rel}","templated":true}]}}