{"id":35806,"date":"2023-05-10T21:51:43","date_gmt":"2023-05-10T19:51:43","guid":{"rendered":"http:\/\/just-now.news\/de\/china\/peking-verschaerft-die-unterdrueckung-des-glaubens-und-bezeichnet-glaeubige-als-traeger-von-gedankenviren-us-beamter-fuer-religionsfreiheit\/"},"modified":"2023-05-10T21:51:43","modified_gmt":"2023-05-10T19:51:43","slug":"peking-verschaerft-die-unterdrueckung-des-glaubens-und-bezeichnet-glaeubige-als-traeger-von-gedankenviren-us-beamter-fuer-religionsfreiheit","status":"publish","type":"post","link":"https:\/\/now-news.de\/de\/china\/peking-verschaerft-die-unterdrueckung-des-glaubens-und-bezeichnet-glaeubige-als-traeger-von-gedankenviren-us-beamter-fuer-religionsfreiheit\/","title":{"rendered":"Peking versch\u00e4rft die Unterdr\u00fcckung des Glaubens und bezeichnet Gl\u00e4ubige als Tr\u00e4ger von \u201eGedankenviren\u201c: US-Beamter f\u00fcr Religionsfreiheit"},"content":{"rendered":"<div>\n<p>Die Kommunistische Partei Chinas (KPCh) hat ihre Unterdr\u00fcckung aller Glaubensrichtungen versch\u00e4rft und bezeichnet Gl\u00e4ubige nach Angaben von US-Beamten f\u00fcr Religionsfreiheit als Menschen, die \u201evon Gedankenviren befallen\u201c seien.<\/p>\n<p>\u201eAnstatt die Behandlung gl\u00e4ubiger Menschen durch die chinesische Regierung zu verbessern, haben sie das Regime versch\u00e4rft und in ein V\u00f6lkermordregime verwandelt\u201c, sagte Nury Turkel, Vorsitzender der US-Kommission f\u00fcr internationale Religionsfreiheit (USCIRF). , sagte NTD, das Schwestermedium der Epoch Times, in einem Interview.<\/p>\n<p>\u201eSie verfolgen r\u00fccksichtslos religi\u00f6se Gruppen, darunter uigurische Muslime, tibetische Buddhisten, Christen, [and] \u201eDie Menschenrechtslage und die Lage der Religionsfreiheit in China haben sich seit letztem Jahr erheblich verschlechtert\u201c, sagte er.<\/p>\n<figure id=\"attachment_4929486\" style=\"width: 600px\" class=\"wp-caption alignnone\"> Nury Turkel, der stellvertretende Vorsitzende der US-Kommission f\u00fcr internationale Religionsfreiheit, spricht am 14. Dezember 2022 bei einer virtuellen Anh\u00f6rung zu Chinas Verletzungen der Religionsfreiheit. (USCIRF\/Screenshot \u00fcber NTD)<\/figure>\n<p>Turkel, der am 1. Mai sprach, nachdem USCIRF seinen Jahresbericht 2023 (PDF) ver\u00f6ffentlicht hatte, sagte, dass sich die Verschlechterung auf verschiedene Weise manifestiere, darunter die Sinisierung der Religion und \u201edie Erhebung der religi\u00f6sen Praktiken von Einzelpersonen auf die Ebene der nationalen Sicherheit\u201c.<\/p>\n<p>\u201eDie chinesische Regierung bezeichnet gl\u00e4ubige Menschen \u00f6ffentlich als Menschen mit einer Geisteskrankheit, die von Gedankenviren befallen sind\u201c, sagte er.<\/p>\n<h2>Anstieg der Verfolgung von Falun Gong<\/h2>\n<p>Falun Gong, auch bekannt als Falun Dafa, ist eine spirituelle Disziplin, die meditative \u00dcbungen und moralische Lehren umfasst, die auf den Grundprinzipien Wahrhaftigkeit, Mitgef\u00fchl und Nachsicht basieren.  Die Praxis gewann in den 1990er Jahren in China an Popularit\u00e4t, wobei Sch\u00e4tzungen zufolge die Zahl der Anh\u00e4nger auf dem H\u00f6hepunkt ihrer Popularit\u00e4t bei 70 bis 100 Millionen lag.<\/p>\n<p>Das kommunistische Regime bef\u00fcrchtete, dass die Zahl der Praktizierenden seine Kontrolle gef\u00e4hrden w\u00fcrde, und startete eine umfassende Kampagne zur Ausrottung dieser Praxis.  Die Kampagne gegen Falun Gong begann im Juli 1999 und dauert bis heute an.<\/p>\n<p>Millionen von Falun Gong-Anh\u00e4ngern wurden in Gef\u00e4ngnissen, Arbeitslagern und anderen Einrichtungen inhaftiert.  Nach Angaben des Falun-Dafa-Informationszentrums wurden Hunderttausende w\u00e4hrend ihrer Inhaftierung gefoltert.<\/p>\n<p>Der USCIRF-Bericht nennt 7.331 F\u00e4lle von Bel\u00e4stigung und Verhaftung von Falun-Dafa-Anh\u00e4ngern, 633 Gef\u00e4ngnisstrafen und 72 Todesf\u00e4lle aufgrund der Verfolgung.<\/p>\n<p>Einer der verstorbenen Anh\u00e4nger ist Pang Xun, ein 30-j\u00e4hriger Radiomoderator eines staatlichen Fernsehsenders im S\u00fcdwesten Chinas.  Er wurde zu f\u00fcnf Jahren Haft verurteilt, weil er Flugbl\u00e4tter verteilt hatte, um auf die Verfolgungskampagne aufmerksam zu machen.  Im Dezember, etwa ein Jahr nach seiner Festnahme, war er tot.  Auf seiner Lippe, seiner Brust und seinen Beinen waren blaue Flecken und Blutspuren.<\/p>\n<p>\u201eDie Falun-Gong-Praktizierenden wurden unter dem Vorwand, sie seien psychisch krank, allen Formen von Folter, k\u00f6rperlicher Misshandlung und Krankenhauseinweisungen ausgesetzt\u201c, sagte Turkel und wies darauf hin, dass das Regime Falun-Gong-Anh\u00e4nger einer mehr als zehnj\u00e4hrigen Praxis unterworfen habe erzwungener Organraub.<\/p>\n<p>\u201eDieses Thema gewinnt an Bedeutung\u201c, sagte er und verwies auf die Verabschiedung des Gesetzes zum Stopp des erzwungenen Organraubs im Repr\u00e4sentantenhaus.<\/p>\n<p>\u201eLetztendlich m\u00fcsste die chinesische F\u00fchrung erkennen, dass gl\u00e4ubige Menschen eigentlich keine Bedrohung f\u00fcr die Gesellschaft darstellen\u201c, sondern einen Beitrag zu einer gesunden Gesellschaft leisten, sagte er.<\/p>\n<p>\u201eDie L\u00e4nder, die die Religionsfreiheit respektieren, werden auf nat\u00fcrliche Weise zu einer harmonischen und friedlichen Gesellschaft.  \u201eDas Land oder Regime, das die Religionsfreiheit unterdr\u00fcckt, erzeugt Ressentiments und legt in gewissem Ma\u00dfe den Grundstein f\u00fcr gewaltt\u00e4tige Aktivit\u00e4ten\u201c, sagte er.<\/p>\n<p>Er f\u00fcgte hinzu, dass das chinesische Regime \u201eso viel Zeit und Energie investiert und auch religi\u00f6se Praktizierende brutal unterdr\u00fcckt, das muss aufh\u00f6ren.\u201c<\/p>\n<h2>Unterdr\u00fcckung der Demokratie in Hongkong<\/h2>\n<figure id=\"attachment_2783922\" style=\"width: 600px\" class=\"wp-caption alignnone\"><img loading=\"lazy\" decoding=\"async\" class=\"lazy size-medium wp-image-2783922\" src=\"http:\/\/just-now.news\/de\/wp-content\/uploads\/sites\/3\/2023\/05\/Peking-verschaerft-die-Unterdrueckung-des-Glaubens-und-bezeichnet-Glaeubige-als.jpg\" alt=\"Epoch Times-Foto\" width=\"600\" height=\"444\"> Der Abgeordnete Chris Smith (RN.J.) (r.) spricht mit dem ehemaligen Abgeordneten Frank Wolf (R-Va.) bei der Preisverleihung der Truman-Reagan Medal of Freedom der Victims of Communism Memorial Foundation zu Ehren von Kardinal Joseph Zen in Washington 28. Januar 2019. (Samira Bouaou\/The Epoch Times)<\/figure>\n<p>Der ehemalige Abgeordnete Frank Wolf (R-Va.) ist der derzeitige Kommissar des USCIRF.  In einem Interview mit The Epoch Times hob Wolf Chinas Vorgehen gegen die Demokratie in Hongkong hervor.<\/p>\n<p>Wolf verwies auf die Verhaftung des demokratiefreundlichen Hongkonger Medienmagnaten Jimmy Lai.  Lai wurde wegen Betrugs zu f\u00fcnf Jahren und neun Monaten Gef\u00e4ngnis verurteilt, nachdem er im vergangenen Dezember wegen Versto\u00dfes gegen einen Mietvertrag f\u00fcr die Zentrale seiner Zeitung verurteilt worden war.  Er wurde auf der Grundlage des von Peking im Jahr 2020 erlassenen nationalen Sicherheitsgesetzes angeklagt.<\/p>\n<p>Der Kommissar verwies auch auf den Fall von Joshua Wong, dem Gr\u00fcnder der Pro-Demokratie-Partei <a rel=\"nofollow noopener\" target=\"_blank\" href=\"https:\/\/twitter.com\/demosisto?lang=en\">Demosisto<\/a>.<\/p>\n<p>Der junge Aktivist wurde seit 2018 mehrfach verurteilt und inhaftiert, unter anderem wegen rechtswidriger Versammlung, Missachtung des Gerichts, Teilnahme an einer rechtswidrigen Versammlung und Anstiftung anderer zur Teilnahme daran sowie Versto\u00df gegen das Hongkonger Maskenverbot.  Das Vor-COVID-Gesetz machte es illegal, bei Protesten oder Versammlungen eine Gesichtsbedeckung zu tragen.  Wong wurde im Oktober 2019 verhaftet, weil er an einem \u201eunerlaubten\u201c Protest gegen das Gesetz teilgenommen hatte.<\/p>\n<p>Anfang M\u00e4rz 2022 wurde ihm wegen der Teilnahme an inoffiziellen Vorwahlen der Opposition vor der Wahl zum Legislativrat 2020 die Untergrabung der Staatsmacht vorgeworfen.<\/p>\n<p>Zuletzt wurde er am 17. April zu drei Monaten Gef\u00e4ngnis verurteilt, weil er einen Polizisten \u201edoxxt\u201c hatte, der bei Protesten gegen die Regierung im Jahr 2019 einen unbewaffneten Demonstranten erschossen hatte.<\/p>\n<p>Wolf sprach auch \u00fcber den ehemaligen Hongkonger Bischof Kardinal Joseph Zen.  Im vergangenen Jahr wurde der katholische Kardinal verhaftet und f\u00fcr schuldig befunden, einen Fonds zur Unterst\u00fctzung prodemokratischer Demonstranten bereitgestellt zu haben.<\/p>\n<p>\u201e[The Hong Kong government] Der neunzigj\u00e4hrige Kardinal Zen wurde strafrechtlich verfolgt.  Und wenn sie ihn ins Gef\u00e4ngnis schicken w\u00fcrden, w\u00e4re das wahrscheinlich fast ein Todesurteil\u201c, sagte Wolf gegen\u00fcber der Epoch Times.<\/p>\n<p>\u201eDie Menschenrechtslage in China ist sehr, sehr d\u00fcster\u201c, f\u00fcgte er hinzu.<\/p>\n<h2>H\u00f6ren Sie auf, im Namen Chinas Lobbyarbeit zu betreiben<\/h2>\n<p>Im USCIRF-Jahresbericht hei\u00dft es: \u201eDie chinesische Regierung und staatliche Unternehmen wie Hikvision \u2013 denen Mitt\u00e4terschaft bei Missbr\u00e4uchen in der uigurischen Region, bekannt als Xinjiang, vorgeworfen wird \u2013 haben ehemalige US-Beamte und ehemalige Kongressabgeordnete angeheuert, um in ihrem Namen Lobbyarbeit zu betreiben und damit die Religion zu untergraben.\u201c Freiheit und damit verbundene Menschenrechte in China.\u201c<\/p>\n<p>In einem Beispiel registrierte sich die ehemalige Senatorin Barbara Boxer (D-Kalifornien) im Jahr 2021 als Lobbyistin f\u00fcr ein chinesisches Unternehmen, beschloss jedoch, sich wenige Stunden, nachdem ihre Registrierung durch die Medien ver\u00f6ffentlicht wurde, abzumelden.<\/p>\n<p>Nach Ansicht von Wolf ist eine solche Praxis inakzeptabel.<\/p>\n<p>\u201eEs kann nicht sein, dass Lobbyisten und Anwaltskanzleien China vertreten, wenn sie V\u00f6lkermord begehen, wenn sie Organe von Falun Gong-Anh\u00e4ngern entnehmen, wenn sie katholische Bisch\u00f6fe und katholische Kardin\u00e4le verhaften, wenn sie die Demokratie im wahrsten Sinne des Wortes zerst\u00f6ren.\u201c Hongkong, wenn sie unsere Gesch\u00e4ftsgeheimnisse stehlen\u201c, sagte er.<\/p>\n<p>\u201eWenn dir dein Organ entnommen wird, bist du tot.  Du bist tot.  Und wie kann man ein Land repr\u00e4sentieren, das das tut?  Es ist einfach an der Zeit, sich zu \u00e4ndern.\u201c<\/p>\n<p>Auf dem H\u00f6hepunkt des Kalten Krieges in den 1980er Jahren h\u00e4tte kein seri\u00f6ses Unternehmen die Sowjetunion als Kunden gewinnen wollen, und das sollte auch heute nicht passieren, sagte Wolf.<\/p>\n<p>Er zitierte Texte aus \u201eThe Boxer\u201c von Paul Simon aus dem Jahr 1997, in denen es hei\u00dft: \u201eImmer noch h\u00f6rt ein Mann, was er h\u00f6ren will, und ignoriert den Rest.\u201c<\/p>\n<p>\u201eMan kann nicht au\u00dfer Acht lassen, was in der katholischen Kirche, der protestantischen Kirche, Menschenrechtsdissidenten, den uigurischen Muslimen, den Tibetern, den Falun Gong-Praktizierenden und den Menschen in Hongkong und m\u00f6glicherweise auch den Menschen in Taiwan geschieht.  Daher ist es jetzt an der Zeit, dass der Kongress und die Regierung ein Verbot verabschieden, das die Durchf\u00fchrung dieser Aktivit\u00e4t verbietet.\u201c<\/p>\n<h2>Ein gesamtstaatlicher Ansatz<\/h2>\n<p>Um der klaren und gegenw\u00e4rtigen Gefahr zu begegnen, der Religionsgemeinschaften in China ausgesetzt sind, hat USCIRF vorgeschlagen, dass die US-Regierung einen gesamtstaatlichen Ansatz verfolgt und \u201edie Religionsfreiheit als zentrales strategisches Ziel\u201c in die US-Au\u00dfenpolitik gegen\u00fcber China hebt und integriert Belange der Religionsfreiheit in allen bilateralen Dialogen und Engagements ber\u00fccksichtigen.<\/p>\n<p>Turkel fordert die US-Regierung auf, \u201ealle uns zur Verf\u00fcgung stehenden Mittel einzusetzen, um die Sanktionen auf die chinesischen Einrichtungen und Beamten auszudehnen, die f\u00fcr Menschenrechtsverletzungen verantwortlich sind.\u201c<\/p>\n<p>Dazu geh\u00f6ren die Abteilung Vereinigte Frontarbeit, die daran arbeitet, potenzielle Oppositionsquellen gegen das Regime zu \u201eneutralisieren\u201c, sowie die \u00f6ffentliche Sicherheit und der Staatssicherheitsapparat.<\/p>\n<p>Der USCIRF-Bericht dr\u00e4ngte au\u00dferdem auf eine konzertierte Anstrengung gleichgesinnter Regierungen, Verb\u00fcndeter und Partner zur Einrichtung einer UN-Untersuchungskommission zur Bew\u00e4ltigung der anhaltenden Versch\u00e4rfung der religi\u00f6sen Verfolgung in China.<\/p>\n<p>\u201eWir wollten auch, dass die US-Regierung gemeinsam mit Verb\u00fcndeten und Partnern die grenz\u00fcberschreitende Unterdr\u00fcckung der Kommunistischen Partei Chinas angeht.\u201c [which] haben sich an b\u00f6sartigen Aktivit\u00e4ten in den Vereinigten Staaten und in Europa beteiligt\u201c, sagte der Menschenrechtsaktivist und verwies auf die Dutzenden Satellitenpolizeistationen, die laut einem Bericht von Safeguard Defenders aus dem Jahr 2022 speziell eingerichtet wurden, um die Kritiker des kommunistischen Regimes zum Schweigen zu bringen.<\/p>\n<p>\u201eEs gibt eine Reihe wichtiger Empfehlungen, die wir an die Regierung der Vereinigten Staaten gerichtet haben, die im Einklang mit unseren Werten \u2026 mit unserer globalen F\u00fchrungsrolle und auch im Einklang mit dem allerersten Menschenrecht, der Religionsfreiheit, stehen\u201c, sagte Turkel.<\/p>\n<p><em>Harry Lee, Aldgra Fredly, Connie Yuen und Summer Lawson haben zu diesem Bericht beigetragen.<\/em><\/p>\n<\/p><\/div>\n<p><script async src=\"\/\/platform.twitter.com\/widgets.js\" charset=\"utf-8\"><\/script><br \/>\n<br \/><br \/>\n<b> Text ist eine \u00dcbersetzung vom Epoch Times Artikel:<\/p>\n<p><a href=\"https:\/\/www.theepochtimes.com\/beijing-ramps-up-repression-of-faith-labeling-believers-as-carriers-of-thought-viruses-us-religious-freedom-official_5253141.html\">Source link <\/a><\/p>\n","protected":false},"excerpt":{"rendered":"<p>Die Kommunistische Partei Chinas (KPCh) hat ihre Unterdr\u00fcckung aller Glaubensrichtungen versch\u00e4rft und bezeichnet Gl\u00e4ubige nach Angaben von US-Beamten f\u00fcr Religionsfreiheit als Menschen, die \u201evon Gedankenviren befallen\u201c seien. \u201eAnstatt die Behandlung gl\u00e4ubiger Menschen durch die chinesische Regierung zu verbessern, haben sie das Regime versch\u00e4rft und in ein V\u00f6lkermordregime verwandelt\u201c, sagte Nury Turkel, Vorsitzender der US-Kommission f\u00fcr [&hellip;]<\/p>\n","protected":false},"author":6,"featured_media":35807,"comment_status":"open","ping_status":"open","sticky":false,"template":"","format":"standard","meta":{"_yoast_indexnow_last_ping":["1683748860"],"wp_automatic_camp":["1164"],"9bd7fa7de85069458234afa32d96127a":["Peking versch\u00e4rft die Unterdr\u00fcckung des Glaubens und bezeichnet Gl\u00e4ubige als Tr\u00e4ger von \u201eGedankenviren\u201c: US-Beamter f\u00fcr Religionsfreiheit\n"],"original_link":["https:\/\/www.theepochtimes.com\/beijing-ramps-up-repression-of-faith-labeling-believers-as-carriers-of-thought-viruses-us-religious-freedom-official_5253141.html"],"_thumbnail_id":["35807"],"wp_automatic_remove_first_image":["yes"],"_wptgpro_p2tg_sent2tg":["a:0:{}"],"jnews_social_counter_last_update":["1777037053"]},"categories":[21],"tags":[273,7183,583,45,221,44132,42904,42604,4117,7286,30051,140,11893,37432,32175,50],"yoast_head":"<!-- This site is optimized with the Yoast SEO Premium plugin v22.7 (Yoast SEO v22.7) - https:\/\/yoast.com\/wordpress\/plugins\/seo\/ -->\n<title>Peking versch\u00e4rft die Unterdr\u00fcckung des Glaubens und bezeichnet Gl\u00e4ubige als Tr\u00e4ger von \u201eGedankenviren\u201c: US-Beamter f\u00fcr Religionsfreiheit - just-now.NEWS Deutschland<\/title>\n<meta name=\"robots\" content=\"index, follow, max-snippet:-1, max-image-preview:large, max-video-preview:-1\" \/>\n<link rel=\"canonical\" href=\"https:\/\/now-news.de\/de\/china\/peking-verschaerft-die-unterdrueckung-des-glaubens-und-bezeichnet-glaeubige-als-traeger-von-gedankenviren-us-beamter-fuer-religionsfreiheit\/\" \/>\n<meta property=\"og:locale\" content=\"de_DE\" \/>\n<meta property=\"og:type\" content=\"article\" \/>\n<meta property=\"og:title\" content=\"Peking versch\u00e4rft die Unterdr\u00fcckung des Glaubens und bezeichnet Gl\u00e4ubige als Tr\u00e4ger von \u201eGedankenviren\u201c: US-Beamter f\u00fcr Religionsfreiheit\" \/>\n<meta property=\"og:description\" content=\"Die Kommunistische Partei Chinas (KPCh) hat ihre Unterdr\u00fcckung aller Glaubensrichtungen versch\u00e4rft und bezeichnet Gl\u00e4ubige nach Angaben von US-Beamten f\u00fcr Religionsfreiheit als Menschen, die \u201evon Gedankenviren befallen\u201c seien. \u201eAnstatt die Behandlung gl\u00e4ubiger Menschen durch die chinesische Regierung zu verbessern, haben sie das Regime versch\u00e4rft und in ein V\u00f6lkermordregime verwandelt\u201c, sagte Nury Turkel, Vorsitzender der US-Kommission f\u00fcr [&hellip;]\" \/>\n<meta property=\"og:url\" content=\"https:\/\/now-news.de\/de\/china\/peking-verschaerft-die-unterdrueckung-des-glaubens-und-bezeichnet-glaeubige-als-traeger-von-gedankenviren-us-beamter-fuer-religionsfreiheit\/\" \/>\n<meta property=\"og:site_name\" content=\"just-now.NEWS Deutschland\" \/>\n<meta property=\"article:publisher\" content=\"https:\/\/www.facebook.com\/wirmachenauf\" \/>\n<meta property=\"article:published_time\" content=\"2023-05-10T19:51:43+00:00\" \/>\n<meta property=\"og:image\" content=\"https:\/\/now-news.de\/de\/wp-content\/uploads\/sites\/3\/2023\/05\/1683748862_Peking-verschaerft-die-Unterdrueckung-des-Glaubens-und-bezeichnet-Glaeubige-als.jpg\" \/>\n\t<meta property=\"og:image:width\" content=\"1024\" \/>\n\t<meta property=\"og:image:height\" content=\"666\" \/>\n\t<meta property=\"og:image:type\" content=\"image\/jpeg\" \/>\n<meta name=\"author\" content=\"epoch\" \/>\n<meta name=\"twitter:card\" content=\"summary_large_image\" \/>\n<meta name=\"twitter:creator\" content=\"@WirMachenAuf_de\" \/>\n<meta name=\"twitter:site\" content=\"@WirMachenAuf_de\" \/>\n<meta name=\"twitter:label1\" content=\"Verfasst von\" \/>\n\t<meta name=\"twitter:data1\" content=\"epoch\" \/>\n\t<meta name=\"twitter:label2\" content=\"Gesch\u00e4tzte Lesezeit\" \/>\n\t<meta name=\"twitter:data2\" content=\"8\u00a0Minuten\" \/>\n<script type=\"application\/ld+json\" class=\"yoast-schema-graph\">{\"@context\":\"https:\/\/schema.org\",\"@graph\":[{\"@type\":\"Article\",\"@id\":\"https:\/\/now-news.de\/de\/china\/peking-verschaerft-die-unterdrueckung-des-glaubens-und-bezeichnet-glaeubige-als-traeger-von-gedankenviren-us-beamter-fuer-religionsfreiheit\/#article\",\"isPartOf\":{\"@id\":\"https:\/\/now-news.de\/de\/china\/peking-verschaerft-die-unterdrueckung-des-glaubens-und-bezeichnet-glaeubige-als-traeger-von-gedankenviren-us-beamter-fuer-religionsfreiheit\/\"},\"author\":{\"name\":\"epoch\",\"@id\":\"https:\/\/now-news.de\/de\/#\/schema\/person\/c6dfcd35a72a074487761b9d49aef52f\"},\"headline\":\"Peking versch\u00e4rft die Unterdr\u00fcckung des Glaubens und bezeichnet Gl\u00e4ubige als Tr\u00e4ger von \u201eGedankenviren\u201c: US-Beamter f\u00fcr Religionsfreiheit\",\"datePublished\":\"2023-05-10T19:51:43+00:00\",\"dateModified\":\"2023-05-10T19:51:43+00:00\",\"mainEntityOfPage\":{\"@id\":\"https:\/\/now-news.de\/de\/china\/peking-verschaerft-die-unterdrueckung-des-glaubens-und-bezeichnet-glaeubige-als-traeger-von-gedankenviren-us-beamter-fuer-religionsfreiheit\/\"},\"wordCount\":1546,\"commentCount\":0,\"publisher\":{\"@id\":\"https:\/\/now-news.de\/de\/#organization\"},\"image\":{\"@id\":\"https:\/\/now-news.de\/de\/china\/peking-verschaerft-die-unterdrueckung-des-glaubens-und-bezeichnet-glaeubige-als-traeger-von-gedankenviren-us-beamter-fuer-religionsfreiheit\/#primaryimage\"},\"thumbnailUrl\":\"https:\/\/now-news.de\/de\/wp-content\/uploads\/sites\/3\/2023\/05\/1683748862_Peking-verschaerft-die-Unterdrueckung-des-Glaubens-und-bezeichnet-Glaeubige-als.jpg\",\"keywords\":[\"als\",\"bezeichnet\",\"des\",\"die\",\"f\u00fcr\",\"Gedankenviren\",\"Glaubens\",\"Gl\u00e4ubige\",\"Peking\",\"Religionsfreiheit\",\"Tr\u00e4ger\",\"und\",\"Unterdr\u00fcckung\",\"USBeamter\",\"versch\u00e4rft\",\"von\"],\"articleSection\":[\"China\"],\"inLanguage\":\"de\",\"potentialAction\":[{\"@type\":\"CommentAction\",\"name\":\"Comment\",\"target\":[\"https:\/\/now-news.de\/de\/china\/peking-verschaerft-die-unterdrueckung-des-glaubens-und-bezeichnet-glaeubige-als-traeger-von-gedankenviren-us-beamter-fuer-religionsfreiheit\/#respond\"]}]},{\"@type\":\"WebPage\",\"@id\":\"https:\/\/now-news.de\/de\/china\/peking-verschaerft-die-unterdrueckung-des-glaubens-und-bezeichnet-glaeubige-als-traeger-von-gedankenviren-us-beamter-fuer-religionsfreiheit\/\",\"url\":\"https:\/\/now-news.de\/de\/china\/peking-verschaerft-die-unterdrueckung-des-glaubens-und-bezeichnet-glaeubige-als-traeger-von-gedankenviren-us-beamter-fuer-religionsfreiheit\/\",\"name\":\"Peking versch\u00e4rft die Unterdr\u00fcckung des Glaubens und bezeichnet Gl\u00e4ubige als Tr\u00e4ger von \u201eGedankenviren\u201c: US-Beamter f\u00fcr Religionsfreiheit - just-now.NEWS Deutschland\",\"isPartOf\":{\"@id\":\"https:\/\/now-news.de\/de\/#website\"},\"primaryImageOfPage\":{\"@id\":\"https:\/\/now-news.de\/de\/china\/peking-verschaerft-die-unterdrueckung-des-glaubens-und-bezeichnet-glaeubige-als-traeger-von-gedankenviren-us-beamter-fuer-religionsfreiheit\/#primaryimage\"},\"image\":{\"@id\":\"https:\/\/now-news.de\/de\/china\/peking-verschaerft-die-unterdrueckung-des-glaubens-und-bezeichnet-glaeubige-als-traeger-von-gedankenviren-us-beamter-fuer-religionsfreiheit\/#primaryimage\"},\"thumbnailUrl\":\"https:\/\/now-news.de\/de\/wp-content\/uploads\/sites\/3\/2023\/05\/1683748862_Peking-verschaerft-die-Unterdrueckung-des-Glaubens-und-bezeichnet-Glaeubige-als.jpg\",\"datePublished\":\"2023-05-10T19:51:43+00:00\",\"dateModified\":\"2023-05-10T19:51:43+00:00\",\"breadcrumb\":{\"@id\":\"https:\/\/now-news.de\/de\/china\/peking-verschaerft-die-unterdrueckung-des-glaubens-und-bezeichnet-glaeubige-als-traeger-von-gedankenviren-us-beamter-fuer-religionsfreiheit\/#breadcrumb\"},\"inLanguage\":\"de\",\"potentialAction\":[{\"@type\":\"ReadAction\",\"target\":[\"https:\/\/now-news.de\/de\/china\/peking-verschaerft-die-unterdrueckung-des-glaubens-und-bezeichnet-glaeubige-als-traeger-von-gedankenviren-us-beamter-fuer-religionsfreiheit\/\"]}]},{\"@type\":\"ImageObject\",\"inLanguage\":\"de\",\"@id\":\"https:\/\/now-news.de\/de\/china\/peking-verschaerft-die-unterdrueckung-des-glaubens-und-bezeichnet-glaeubige-als-traeger-von-gedankenviren-us-beamter-fuer-religionsfreiheit\/#primaryimage\",\"url\":\"https:\/\/now-news.de\/de\/wp-content\/uploads\/sites\/3\/2023\/05\/1683748862_Peking-verschaerft-die-Unterdrueckung-des-Glaubens-und-bezeichnet-Glaeubige-als.jpg\",\"contentUrl\":\"https:\/\/now-news.de\/de\/wp-content\/uploads\/sites\/3\/2023\/05\/1683748862_Peking-verschaerft-die-Unterdrueckung-des-Glaubens-und-bezeichnet-Glaeubige-als.jpg\",\"width\":1024,\"height\":666},{\"@type\":\"BreadcrumbList\",\"@id\":\"https:\/\/now-news.de\/de\/china\/peking-verschaerft-die-unterdrueckung-des-glaubens-und-bezeichnet-glaeubige-als-traeger-von-gedankenviren-us-beamter-fuer-religionsfreiheit\/#breadcrumb\",\"itemListElement\":[{\"@type\":\"ListItem\",\"position\":1,\"name\":\"Home\",\"item\":\"https:\/\/now-news.de\/de\/\"},{\"@type\":\"ListItem\",\"position\":2,\"name\":\"Peking versch\u00e4rft die Unterdr\u00fcckung des Glaubens und bezeichnet Gl\u00e4ubige als Tr\u00e4ger von \u201eGedankenviren\u201c: US-Beamter f\u00fcr Religionsfreiheit\"}]},{\"@type\":\"WebSite\",\"@id\":\"https:\/\/now-news.de\/de\/#website\",\"url\":\"https:\/\/now-news.de\/de\/\",\"name\":\"just-now.NEWS Deutschland\",\"description\":\"Das Portal f\u00fcr unzensierte Nachrichten aus der Welt\",\"publisher\":{\"@id\":\"https:\/\/now-news.de\/de\/#organization\"},\"potentialAction\":[{\"@type\":\"SearchAction\",\"target\":{\"@type\":\"EntryPoint\",\"urlTemplate\":\"https:\/\/now-news.de\/de\/?s={search_term_string}\"},\"query-input\":\"required name=search_term_string\"}],\"inLanguage\":\"de\"},{\"@type\":\"Organization\",\"@id\":\"https:\/\/now-news.de\/de\/#organization\",\"name\":\"Just Now News\",\"url\":\"https:\/\/now-news.de\/de\/\",\"logo\":{\"@type\":\"ImageObject\",\"inLanguage\":\"de\",\"@id\":\"https:\/\/now-news.de\/de\/#\/schema\/logo\/image\/\",\"url\":\"http:\/\/just-now.news\/de\/wp-content\/uploads\/sites\/3\/2022\/04\/logo500x500.jpg\",\"contentUrl\":\"http:\/\/just-now.news\/de\/wp-content\/uploads\/sites\/3\/2022\/04\/logo500x500.jpg\",\"width\":500,\"height\":500,\"caption\":\"Just Now News\"},\"image\":{\"@id\":\"https:\/\/now-news.de\/de\/#\/schema\/logo\/image\/\"},\"sameAs\":[\"https:\/\/www.facebook.com\/wirmachenauf\",\"https:\/\/x.com\/WirMachenAuf_de\"]},{\"@type\":\"Person\",\"@id\":\"https:\/\/now-news.de\/de\/#\/schema\/person\/c6dfcd35a72a074487761b9d49aef52f\",\"name\":\"epoch\",\"image\":{\"@type\":\"ImageObject\",\"inLanguage\":\"de\",\"@id\":\"https:\/\/now-news.de\/de\/#\/schema\/person\/image\/\",\"url\":\"https:\/\/secure.gravatar.com\/avatar\/56933836307948e61ef581cc4d100335?s=96&d=mm&r=g\",\"contentUrl\":\"https:\/\/secure.gravatar.com\/avatar\/56933836307948e61ef581cc4d100335?s=96&d=mm&r=g\",\"caption\":\"epoch\"},\"url\":\"https:\/\/now-news.de\/de\/author\/epoch\/\"}]}<\/script>\n<!-- \/ Yoast SEO Premium plugin. -->","yoast_head_json":{"title":"Peking versch\u00e4rft die Unterdr\u00fcckung des Glaubens und bezeichnet Gl\u00e4ubige als Tr\u00e4ger von \u201eGedankenviren\u201c: US-Beamter f\u00fcr Religionsfreiheit - just-now.NEWS Deutschland","robots":{"index":"index","follow":"follow","max-snippet":"max-snippet:-1","max-image-preview":"max-image-preview:large","max-video-preview":"max-video-preview:-1"},"canonical":"https:\/\/now-news.de\/de\/china\/peking-verschaerft-die-unterdrueckung-des-glaubens-und-bezeichnet-glaeubige-als-traeger-von-gedankenviren-us-beamter-fuer-religionsfreiheit\/","og_locale":"de_DE","og_type":"article","og_title":"Peking versch\u00e4rft die Unterdr\u00fcckung des Glaubens und bezeichnet Gl\u00e4ubige als Tr\u00e4ger von \u201eGedankenviren\u201c: US-Beamter f\u00fcr Religionsfreiheit","og_description":"Die Kommunistische Partei Chinas (KPCh) hat ihre Unterdr\u00fcckung aller Glaubensrichtungen versch\u00e4rft und bezeichnet Gl\u00e4ubige nach Angaben von US-Beamten f\u00fcr Religionsfreiheit als Menschen, die \u201evon Gedankenviren befallen\u201c seien. \u201eAnstatt die Behandlung gl\u00e4ubiger Menschen durch die chinesische Regierung zu verbessern, haben sie das Regime versch\u00e4rft und in ein V\u00f6lkermordregime verwandelt\u201c, sagte Nury Turkel, Vorsitzender der US-Kommission f\u00fcr [&hellip;]","og_url":"https:\/\/now-news.de\/de\/china\/peking-verschaerft-die-unterdrueckung-des-glaubens-und-bezeichnet-glaeubige-als-traeger-von-gedankenviren-us-beamter-fuer-religionsfreiheit\/","og_site_name":"just-now.NEWS Deutschland","article_publisher":"https:\/\/www.facebook.com\/wirmachenauf","article_published_time":"2023-05-10T19:51:43+00:00","og_image":[{"width":1024,"height":666,"url":"https:\/\/now-news.de\/de\/wp-content\/uploads\/sites\/3\/2023\/05\/1683748862_Peking-verschaerft-die-Unterdrueckung-des-Glaubens-und-bezeichnet-Glaeubige-als.jpg","type":"image\/jpeg"}],"author":"epoch","twitter_card":"summary_large_image","twitter_creator":"@WirMachenAuf_de","twitter_site":"@WirMachenAuf_de","twitter_misc":{"Verfasst von":"epoch","Gesch\u00e4tzte Lesezeit":"8\u00a0Minuten"},"schema":{"@context":"https:\/\/schema.org","@graph":[{"@type":"Article","@id":"https:\/\/now-news.de\/de\/china\/peking-verschaerft-die-unterdrueckung-des-glaubens-und-bezeichnet-glaeubige-als-traeger-von-gedankenviren-us-beamter-fuer-religionsfreiheit\/#article","isPartOf":{"@id":"https:\/\/now-news.de\/de\/china\/peking-verschaerft-die-unterdrueckung-des-glaubens-und-bezeichnet-glaeubige-als-traeger-von-gedankenviren-us-beamter-fuer-religionsfreiheit\/"},"author":{"name":"epoch","@id":"https:\/\/now-news.de\/de\/#\/schema\/person\/c6dfcd35a72a074487761b9d49aef52f"},"headline":"Peking versch\u00e4rft die Unterdr\u00fcckung des Glaubens und bezeichnet Gl\u00e4ubige als Tr\u00e4ger von \u201eGedankenviren\u201c: US-Beamter f\u00fcr Religionsfreiheit","datePublished":"2023-05-10T19:51:43+00:00","dateModified":"2023-05-10T19:51:43+00:00","mainEntityOfPage":{"@id":"https:\/\/now-news.de\/de\/china\/peking-verschaerft-die-unterdrueckung-des-glaubens-und-bezeichnet-glaeubige-als-traeger-von-gedankenviren-us-beamter-fuer-religionsfreiheit\/"},"wordCount":1546,"commentCount":0,"publisher":{"@id":"https:\/\/now-news.de\/de\/#organization"},"image":{"@id":"https:\/\/now-news.de\/de\/china\/peking-verschaerft-die-unterdrueckung-des-glaubens-und-bezeichnet-glaeubige-als-traeger-von-gedankenviren-us-beamter-fuer-religionsfreiheit\/#primaryimage"},"thumbnailUrl":"https:\/\/now-news.de\/de\/wp-content\/uploads\/sites\/3\/2023\/05\/1683748862_Peking-verschaerft-die-Unterdrueckung-des-Glaubens-und-bezeichnet-Glaeubige-als.jpg","keywords":["als","bezeichnet","des","die","f\u00fcr","Gedankenviren","Glaubens","Gl\u00e4ubige","Peking","Religionsfreiheit","Tr\u00e4ger","und","Unterdr\u00fcckung","USBeamter","versch\u00e4rft","von"],"articleSection":["China"],"inLanguage":"de","potentialAction":[{"@type":"CommentAction","name":"Comment","target":["https:\/\/now-news.de\/de\/china\/peking-verschaerft-die-unterdrueckung-des-glaubens-und-bezeichnet-glaeubige-als-traeger-von-gedankenviren-us-beamter-fuer-religionsfreiheit\/#respond"]}]},{"@type":"WebPage","@id":"https:\/\/now-news.de\/de\/china\/peking-verschaerft-die-unterdrueckung-des-glaubens-und-bezeichnet-glaeubige-als-traeger-von-gedankenviren-us-beamter-fuer-religionsfreiheit\/","url":"https:\/\/now-news.de\/de\/china\/peking-verschaerft-die-unterdrueckung-des-glaubens-und-bezeichnet-glaeubige-als-traeger-von-gedankenviren-us-beamter-fuer-religionsfreiheit\/","name":"Peking versch\u00e4rft die Unterdr\u00fcckung des Glaubens und bezeichnet Gl\u00e4ubige als Tr\u00e4ger von \u201eGedankenviren\u201c: US-Beamter f\u00fcr Religionsfreiheit - just-now.NEWS Deutschland","isPartOf":{"@id":"https:\/\/now-news.de\/de\/#website"},"primaryImageOfPage":{"@id":"https:\/\/now-news.de\/de\/china\/peking-verschaerft-die-unterdrueckung-des-glaubens-und-bezeichnet-glaeubige-als-traeger-von-gedankenviren-us-beamter-fuer-religionsfreiheit\/#primaryimage"},"image":{"@id":"https:\/\/now-news.de\/de\/china\/peking-verschaerft-die-unterdrueckung-des-glaubens-und-bezeichnet-glaeubige-als-traeger-von-gedankenviren-us-beamter-fuer-religionsfreiheit\/#primaryimage"},"thumbnailUrl":"https:\/\/now-news.de\/de\/wp-content\/uploads\/sites\/3\/2023\/05\/1683748862_Peking-verschaerft-die-Unterdrueckung-des-Glaubens-und-bezeichnet-Glaeubige-als.jpg","datePublished":"2023-05-10T19:51:43+00:00","dateModified":"2023-05-10T19:51:43+00:00","breadcrumb":{"@id":"https:\/\/now-news.de\/de\/china\/peking-verschaerft-die-unterdrueckung-des-glaubens-und-bezeichnet-glaeubige-als-traeger-von-gedankenviren-us-beamter-fuer-religionsfreiheit\/#breadcrumb"},"inLanguage":"de","potentialAction":[{"@type":"ReadAction","target":["https:\/\/now-news.de\/de\/china\/peking-verschaerft-die-unterdrueckung-des-glaubens-und-bezeichnet-glaeubige-als-traeger-von-gedankenviren-us-beamter-fuer-religionsfreiheit\/"]}]},{"@type":"ImageObject","inLanguage":"de","@id":"https:\/\/now-news.de\/de\/china\/peking-verschaerft-die-unterdrueckung-des-glaubens-und-bezeichnet-glaeubige-als-traeger-von-gedankenviren-us-beamter-fuer-religionsfreiheit\/#primaryimage","url":"https:\/\/now-news.de\/de\/wp-content\/uploads\/sites\/3\/2023\/05\/1683748862_Peking-verschaerft-die-Unterdrueckung-des-Glaubens-und-bezeichnet-Glaeubige-als.jpg","contentUrl":"https:\/\/now-news.de\/de\/wp-content\/uploads\/sites\/3\/2023\/05\/1683748862_Peking-verschaerft-die-Unterdrueckung-des-Glaubens-und-bezeichnet-Glaeubige-als.jpg","width":1024,"height":666},{"@type":"BreadcrumbList","@id":"https:\/\/now-news.de\/de\/china\/peking-verschaerft-die-unterdrueckung-des-glaubens-und-bezeichnet-glaeubige-als-traeger-von-gedankenviren-us-beamter-fuer-religionsfreiheit\/#breadcrumb","itemListElement":[{"@type":"ListItem","position":1,"name":"Home","item":"https:\/\/now-news.de\/de\/"},{"@type":"ListItem","position":2,"name":"Peking versch\u00e4rft die Unterdr\u00fcckung des Glaubens und bezeichnet Gl\u00e4ubige als Tr\u00e4ger von \u201eGedankenviren\u201c: US-Beamter f\u00fcr Religionsfreiheit"}]},{"@type":"WebSite","@id":"https:\/\/now-news.de\/de\/#website","url":"https:\/\/now-news.de\/de\/","name":"just-now.NEWS Deutschland","description":"Das Portal f\u00fcr unzensierte Nachrichten aus der Welt","publisher":{"@id":"https:\/\/now-news.de\/de\/#organization"},"potentialAction":[{"@type":"SearchAction","target":{"@type":"EntryPoint","urlTemplate":"https:\/\/now-news.de\/de\/?s={search_term_string}"},"query-input":"required name=search_term_string"}],"inLanguage":"de"},{"@type":"Organization","@id":"https:\/\/now-news.de\/de\/#organization","name":"Just Now News","url":"https:\/\/now-news.de\/de\/","logo":{"@type":"ImageObject","inLanguage":"de","@id":"https:\/\/now-news.de\/de\/#\/schema\/logo\/image\/","url":"http:\/\/just-now.news\/de\/wp-content\/uploads\/sites\/3\/2022\/04\/logo500x500.jpg","contentUrl":"http:\/\/just-now.news\/de\/wp-content\/uploads\/sites\/3\/2022\/04\/logo500x500.jpg","width":500,"height":500,"caption":"Just Now News"},"image":{"@id":"https:\/\/now-news.de\/de\/#\/schema\/logo\/image\/"},"sameAs":["https:\/\/www.facebook.com\/wirmachenauf","https:\/\/x.com\/WirMachenAuf_de"]},{"@type":"Person","@id":"https:\/\/now-news.de\/de\/#\/schema\/person\/c6dfcd35a72a074487761b9d49aef52f","name":"epoch","image":{"@type":"ImageObject","inLanguage":"de","@id":"https:\/\/now-news.de\/de\/#\/schema\/person\/image\/","url":"https:\/\/secure.gravatar.com\/avatar\/56933836307948e61ef581cc4d100335?s=96&d=mm&r=g","contentUrl":"https:\/\/secure.gravatar.com\/avatar\/56933836307948e61ef581cc4d100335?s=96&d=mm&r=g","caption":"epoch"},"url":"https:\/\/now-news.de\/de\/author\/epoch\/"}]}},"_links":{"self":[{"href":"https:\/\/now-news.de\/de\/wp-json\/wp\/v2\/posts\/35806"}],"collection":[{"href":"https:\/\/now-news.de\/de\/wp-json\/wp\/v2\/posts"}],"about":[{"href":"https:\/\/now-news.de\/de\/wp-json\/wp\/v2\/types\/post"}],"author":[{"embeddable":true,"href":"https:\/\/now-news.de\/de\/wp-json\/wp\/v2\/users\/6"}],"replies":[{"embeddable":true,"href":"https:\/\/now-news.de\/de\/wp-json\/wp\/v2\/comments?post=35806"}],"version-history":[{"count":0,"href":"https:\/\/now-news.de\/de\/wp-json\/wp\/v2\/posts\/35806\/revisions"}],"wp:featuredmedia":[{"embeddable":true,"href":"https:\/\/now-news.de\/de\/wp-json\/wp\/v2\/media\/35807"}],"wp:attachment":[{"href":"https:\/\/now-news.de\/de\/wp-json\/wp\/v2\/media?parent=35806"}],"wp:term":[{"taxonomy":"category","embeddable":true,"href":"https:\/\/now-news.de\/de\/wp-json\/wp\/v2\/categories?post=35806"},{"taxonomy":"post_tag","embeddable":true,"href":"https:\/\/now-news.de\/de\/wp-json\/wp\/v2\/tags?post=35806"}],"curies":[{"name":"wp","href":"https:\/\/api.w.org\/{rel}","templated":true}]}}