{"id":35770,"date":"2023-05-10T17:15:27","date_gmt":"2023-05-10T15:15:27","guid":{"rendered":"https:\/\/just-now.news\/de\/deutschland\/warschau-empoert-russischer-kampfjet-faengt-polnische-frontex-maschine-ueber-schwarzem-meer-ab\/"},"modified":"2023-05-10T17:15:27","modified_gmt":"2023-05-10T15:15:27","slug":"warschau-empoert-russischer-kampfjet-faengt-polnische-frontex-maschine-ueber-schwarzem-meer-ab","status":"publish","type":"post","link":"https:\/\/now-news.de\/de\/deutschland\/warschau-empoert-russischer-kampfjet-faengt-polnische-frontex-maschine-ueber-schwarzem-meer-ab\/","title":{"rendered":"Warschau emp\u00f6rt: Russischer Kampfjet f\u00e4ngt polnische Frontex-Maschine \u00fcber Schwarzem Meer ab"},"content":{"rendered":"<p><img decoding=\"async\" src=\"http:\/\/just-now.news\/de\/wp-content\/uploads\/sites\/3\/2023\/05\/645ba2f7b480cc377926de30.jpg\" \/><\/p>\n<div class=\"Text-root Text-type_1 \">\n                \u00dcber dem Schwarzen Meer kam es zu einer polnisch-russischen Konfrontation in der Luft. Der Vorfall zeigt die Absicht Moskaus, unmissverst\u00e4ndliche Warnungen an Ex-Partner zu kommunizieren, die sich in ihrer Zust\u00e4ndigkeit verkalkuliert haben. Warschau sieht das anders.\n            <\/div>\n<p><\/p>\n<div class=\"Text-root Text-type_5 ArticleView-text ViewText-root \">\n<p><em>Von Elem Chintsky<\/em><\/p>\n<p>Am vergangenen Freitag wurde eine polnische Frontex-Maschine vom Typ Let L410 \u2013 mit einem Team des polnischen Grenzschutzes an Bord \u2013 von einem russischen Su-35-Kampfjet abgefangen. Das geschah \u00fcber dem Schwarzen Meer, 60 Kilometer von der rum\u00e4nischen K\u00fcstenlinie entfernt.\u00a0<\/p>\n<p>Der polnischen Besatzung gelang es, nach einem anf\u00e4nglich gef\u00e4hrlichen H\u00f6henverlust, der durch die Man\u00f6ver der russischen Su-35 verursacht wurde, die Kontrolle \u00fcber das Flugzeug wiederzuerlangen. Eine halbe Stunde sp\u00e4ter\u00a0landete\u00a0der Frontex-Flieger \u2013 samt allen seinen Besatzungsmitgliedern \u2013 unversehrt auf dem internationalen Flughafen Mihail Kog\u0103lniceanu in Rum\u00e4nien.\u00a0<\/p>\n<p>Das NATO-Hauptquartier\u00a0erkl\u00e4rte daraufhin\u00a0<a rel=\"nofollow noopener\" target=\"_blank\" href=\"https:\/\/tass.com\/world\/1614879\">am Montag<\/a>:<\/p>\n<blockquote>\n<p><em>&#8220;Die <\/em><a rel=\"nofollow noopener\" target=\"_blank\" href=\"https:\/\/www.nato.int\/cps\/en\/natohq\/topics_132685.htm\"><em>NATO Air Policing<\/em><\/a><em> wurden in h\u00f6chste Alarmbereitschaft versetzt, da sich ein russisches Milit\u00e4rflugzeug am Freitag \u00fcber dem Schwarzen Meer in der N\u00e4he von Rum\u00e4nien einem polnischen Frontex-Flugzeug gef\u00e4hrlich n\u00e4herte. Die NATO bleibt wachsam.&#8221;<\/em><\/p>\n<\/blockquote>\n<p>Und auch die Reaktionen aus Polen lie\u00dfen nicht lange auf sich warten.<\/p>\n<p>Grunds\u00e4tzlich gilt: Die kognitive Matrix schreibt vor, dass die EU mit Frontex und jegliche\u00a0Projekte der NATO stets im Rahmen einer &#8220;Friedenssicherung&#8221; zu begreifen sind. So gelingt auch gleitend die gespiegelte Annahme, dass jedes Handeln der Russen als chaotischer, b\u00f6sartiger oder unberechenbar &#8220;Akt der Aggression&#8221; verbucht\u00a0und als solcher in den Medien aufbereitet werden kann.\u00a0<\/p>\n<p>Der Regierungssprecher der PiS, Piotr M\u00fcller, nahm die ihm naheliegendste Interpretation der Ereignisse in Anspruch:<\/p>\n<blockquote>\n<p><em>&#8220;[Das ist] eine geplante Provokation der Russen.&#8221;<\/em><\/p>\n<\/blockquote>\n<p>Der stellvertretende Au\u00dfenminister Polens, Arkadiusz Mularczyk, <a rel=\"nofollow noopener\" target=\"_blank\" href=\"https:\/\/polskieradio24.pl\/5\/129\/artykul\/3163967,Incydent-nad-Morzem-Czarnym-Mularczyk-Rosja-jest-pa%C5%84stwem-terrorystycznym\">erl\u00e4uterte<\/a> im \u00f6ffentlich-rechtlichen polnischen Rundfunk:<\/p>\n<blockquote>\n<p><em>&#8220;Dies best\u00e4tigt die Tatsache, dass Russland ein terroristischer Staat ist und dass alle Handlungen der Beh\u00f6rden und des Milit\u00e4rs des russischen Staates terroristischer Natur sind.&#8221;<\/em><\/p>\n<\/blockquote>\n<p>Und au\u00dferdem f\u00fcgte der Volksvertreter hinzu:<\/p>\n<blockquote>\n<p><em>&#8220;Dies ist ein Element der hybriden Kriegsf\u00fchrung, nicht nur gegen Polen. Das Grenzschutzflugzeug war im Rahmen der Frontex-Mission im Einsatz, es handelte sich also um einen Angriff, eine Vergeltung oder eine hybride Aktion gegen die transatlantische Gemeinschaft. Dies waren nicht nur gegen Polen gerichtete Aktionen.&#8221;<\/em><\/p>\n<\/blockquote>\n<p>Dem PiS-Abgeordneten und &#8220;Experten f\u00fcr europ\u00e4ische Integration&#8221;, Jan Mosi\u0144ski, ist die Ratio Russlands <a rel=\"nofollow noopener\" target=\"_blank\" href=\"https:\/\/niezalezna.pl\/484089-moglo-sie-skonczyc-katastrofa-politycy-komentuja-rosyjska-zaczepke-nad-morzem-czarnym\">ebenfalls ein R\u00e4tsel<\/a>:<\/p>\n<blockquote>\n<p><em>&#8220;Es besteht kein Zweifel, dass der Vorfall verurteilt werden sollte. Er h\u00e4tte mit dem Absturz des polnischen Flugzeugs enden k\u00f6nnen. [Hier kam es auf] die Professionalit\u00e4t und die au\u00dfergew\u00f6hnliche Gelassenheit der polnischen Piloten an \u2013 dies wird sogar von rum\u00e4nischer Seite hervorgehoben.&#8221;<\/em><em><\/em><\/p>\n<\/blockquote>\n<p>Warum es so verbl\u00fcffend sei, dass &#8220;sogar&#8221; das NATO- und EU-Mitglied Rum\u00e4nien sich der Wertung anschlie\u00dft, bleibt schleierhaft.<\/p>\n<p>Andrzej Szejna, als Vertreter der linken Opposition, erweiterte die Deutung der Ereignisse mit den Worten:<\/p>\n<blockquote>\n<p><em>&#8220;Ich glaube nicht, dass es sich um ein strategisches Vorgehen Russlands handelt. Der Eintritt der NATO in den Krieg ist ein schwarzer Traum f\u00fcr Wladimir Putin. Das w\u00fcrde eine absolute Niederlage f\u00fcr Russland bedeuten. Heute ist\u00a0das Land im Krieg in der Ukraine gescheitert. Wie w\u00fcrde es also dem gesamten NATO-Block unter der F\u00fchrung des US-Milit\u00e4rs entgegentreten?&#8221;<\/em>\u00a0<\/p>\n<\/blockquote>\n<p>Szejna zufolge tut die NATO den Russen also einen historischen Gefallen, indem sie nicht direkt, sondern mithilfe von Stellvertretern ins Kriegsgeschehen in der Ukraine eingreift.<\/p>\n<p>Am Dienstag <a rel=\"nofollow noopener\" target=\"_blank\" href=\"https:\/\/wpolityce.pl\/polityka\/645833-prezydent-duda-odwiedzil-morski-oddzial-sg\">besuchte<\/a> der polnische Pr\u00e4sident die Ostsee-Abteilung seines Grenzschutzes nahe der russischen Enklave Kaliningrad. Laut dem Leiter des Nationalen Sicherheitsb\u00fcros des Pr\u00e4sidenten, Jacek Siewiera, soll dieser Besuch &#8220;ein Ausdruck der Unterst\u00fctzung und des Respekts des Pr\u00e4sidenten f\u00fcr die Arbeit des Grenzschutzes sein, insbesondere nach der russischen Luftprovokation in Rum\u00e4nien.&#8221;<\/p>\n<p>Zwar nicht ganz &#8220;in Rum\u00e4nien&#8221;, aber man versteht schon, auf welches Vorkommnis Siewiera anzuspielen versucht.<\/p>\n<p>Eine Ironie hat die ganze Geschichte: Die urspr\u00fcnglich tschechoslowakische Flugmaschine Let L-410 wird seit 2016 g\u00e4nzlich in Russland hergestellt. Die tschechische Firma selbst ist bereits seit 2008 in russischem Besitz. Das daf\u00fcr verantwortliche <a rel=\"nofollow noopener\" target=\"_blank\" href=\"https:\/\/ru.wikipedia.org\/wiki\/%D0%A3%D1%80%D0%B0%D0%BB%D1%8C%D1%81%D0%BA%D0%B8%D0%B9_%D0%B7%D0%B0%D0%B2%D0%BE%D0%B4_%D0%B3%D1%80%D0%B0%D0%B6%D0%B4%D0%B0%D0%BD%D1%81%D0%BA%D0%BE%D0%B9_%D0%B0%D0%B2%D0%B8%D0%B0%D1%86%D0%B8%D0%B8#%D0%A1%D0%B0%D0%BD%D0%BA%D1%86%D0%B8%D0%B8\">Ural-Zivilluftfahrt-Werk (UZGA)<\/a> ist seit der R\u00fcckkehr der Halbinsel Krim in die russische Staatlichkeit im Jahr 2014 offiziell von allen EU-L\u00e4ndern sanktioniert \u2013 auch von Polen. Trotzdem gelang es der Morawiecki-Regierung Anfang 2019 zwei neue Let L-410 von den Russen <a rel=\"nofollow noopener\" target=\"_blank\" href=\"https:\/\/theaviationist.com\/2019\/01\/30\/polish-border-guard-acquires-two-l-410-twin-turboprop-aircraft\/\">zu akquirieren<\/a>. Und das, obwohl Warschau die M\u00f6glichkeit hatte, das eigene Werk im polnischen Mielec zu verpflichten: Dort wird ein ebenso leistungsf\u00e4higes Flugzeug herstellt \u2013 die M28 Bryza. Somit wurde die kostbare M\u00f6glichkeit, die eigene aerodynamische Schwerindustrie zu stimulieren, von den Polen verpasst.<\/p>\n<p>Vielleicht war es eine der beiden 2019 erstandenen, russischen Maschinen, die letzte Woche von ihren eigenen Herstellern in ihre Schranken gewiesen worden ist? In jedem Fall sind die fortschrittlichen Radare und ausgezeichneten Fernbeobachtungssysteme an Bord der zivilen Let L-410 \u2013 und wie diese \u00fcber dem Schwarzen Meer genutzt werden k\u00f6nnten \u2013 den Russen sicherlich gut bekannt.<\/p>\n<p><strong>Eine m\u00f6gliche russische Sicht auf die Konfrontation<\/strong><\/p>\n<p>Nach einer erfolgreichen Serie von NATO-Erweiterungen Richtung Russland, die ihre Anf\u00e4nge in den 1990er Jahren nahmen, kommt nun auch der j\u00fcngste, finnische NATO-Beitritt\u00a0in diesem Jahr\u00a0hinzu. Ein schwedischer &#8220;Anschluss&#8221; h\u00e4ngt noch von den t\u00fcrkischen Wahlen im Mai ab, in Stockholm selbst sei man aber zuversichtlich, hei\u00dft es. Und dann ist da noch der etwas steinige und unsichere NATO-Beitrittsversuch des Kiewer Regimes, der sich seit 2014 (und besonders ab 2022) im trotzigen, blutigen Kriegsprozess befindet und bereits 2008 von den Russen \u2013 klar und deutlich h\u00f6rbar in Washington D.C. und M\u00fcnchen \u2013 als &#8220;rote Linie&#8221; bezeichnet worden war. All das wird abgerundet von der westlichen Nebelkerze namens &#8220;Minsker Abkommen&#8221; ab 2015, die die Glaubw\u00fcrdigkeit des Wertewestens in ein gef\u00e4hrliches Rekordtief man\u00f6vrierte. Ein russisches Verst\u00e4ndnis f\u00fcr die &#8220;Bed\u00fcrfnisse&#8221; der Polen an der s\u00fcd\u00f6stlichen EU-Au\u00dfengrenze ist\u00a0entsprechend auf absolute Sparflamme heruntergedreht worden.<\/p>\n<p>Auch die st\u00e4ndige Diskriminierung der russischen Vertretung in der Republik Polen, die vor Ort mittlerweile zum guten Ton mutiert ist, hat allem Anschein nach das diplomatische Fass f\u00fcr Moskau zum \u00dcberlaufen gebracht hat.<\/p>\n<p>Russland k\u00f6nnte\u00a0\u2013 anders als bisher\u00a0\u2013 schon bald anfangen, die EU-Au\u00dfengrenzen eher als nationale Grenzen zu betrachten. Die Polen haben bekanntlich keine K\u00fcste am Schwarzen Meer. Wenn der polnische Grenzschutz \u00fcber dem Schwarzen Meer umherfliegt, k\u00f6nnte eine kollegiale Assoziation mit Rum\u00e4nien unzureichend sein, um Bewegungsfreiheit zu genie\u00dfen.<\/p>\n<p>Das Schwarze Meer ist eine extrem angespannte geopolitische Region,\u00a0wo jegliche Abschweifungen von den \u00fcblichen Akteuren als pikant empfunden werden k\u00f6nnen. Den Polen k\u00f6nnte kurzzeitig entgangen sein, dass seit Februar 2022 ein Krieg l\u00e4uft, den sie selber regelm\u00e4\u00dfig als russischen &#8220;Vernichtungskrieg&#8221; gegen die Ukraine titulieren. Und gleichzeitig machen sie offizielle Ausfl\u00fcge in Gegenden, in denen sie eigentlich nicht viel verloren haben.<\/p>\n<p>Von den emp\u00f6rten Stimmen Polens wird die EU-Schirmherrschaft\u00a0\u00fcber Frontex herangezogen, um diese polnisch-rum\u00e4nische, &#8220;routinierte&#8221; Patrouillenmission \u00fcber dem Schwarzen Meer\u00a0\u2013 im internationalen Luftraum\u00a0\u2013 als vollkommen harmlos dastehen zu lassen. Des Weiteren soll die russische Vorgehensweise als irrational, leichtsinnig und ohne jegliche Rechtfertigung\u00a0hingestellt werden. Diese von der polnischen Republik ausgehende Naivit\u00e4t \u2013 nachdem dort unter anderem russische Botschafter angegriffen und russische Schulen geschlossen worden sind \u2013 ist mittlerweile kaum mehr mit gesundem Menschenverstand wegzurationalisieren.<\/p>\n<p>Gleichzeitig ist\u00a0es den Russen wohl mittlerweile egal, in welchen supranationalen Vereinen sich westliche L\u00e4nder organisieren. Wenn ein russophobes EU-Land, das keine eigene K\u00fcstenlinie am Schwarzen Meer genie\u00dft, genau dort spazieren fliegt, dann wird es eben\u00a0auf\u00a0seiner\u00a0Flugroute abgew\u00fcrgt. Egal, wie viele Gef\u00fchle im Wertewesten damit wohl gekr\u00e4nkt werden.<\/p>\n<p>Wenn die polnische F\u00fchrung bei diesem Vorkommnis schon emp\u00f6rt und konsterniert ist, will man sich gar nicht die ersch\u00fctterte Verbl\u00fcffung Warschaus bei der russischen Reaktion auf eine hypothetische &#8220;Frontex-Erkundung&#8221; an der EU-Au\u00dfengrenze etwas weiter n\u00f6rdlich, im Luftraum der westlichen Ukraine, vorstellen. Ambitioniertere Absichten kommuniziert Polen ja schon regelm\u00e4\u00dfig seit \u00fcber einem Jahr, nur ist das meistens unter dem Mandat eines &#8220;befriedenden NATO-Einsatzes&#8221;.<\/p>\n<p><strong><em>Elem Chintsky <\/em><\/strong><em>ist ein deutsch-polnischer Journalist, der zu geopolitischen, historischen, finanziellen und kulturellen Themen schreibt. Die fruchtbare Zusammenarbeit mit RT DE besteht seit 2017. Seit Anfang 2020 lebt und arbeitet der freischaffende Autor im russischen Sankt Petersburg. Der urspr\u00fcnglich als Filmregisseur und Drehbuchautor ausgebildete Chintsky betreibt au\u00dferdem einen eigenen <\/em><a rel=\"nofollow noopener\" target=\"_blank\" href=\"https:\/\/t.me\/elemread\"><em>Kanal auf Telegram<\/em><\/a><em>, auf dem man noch mehr von ihm lesen kann.<\/em><\/p>\n<p><strong>Mehr zum Thema<\/strong> &#8211;\u00a0<a rel=\"nofollow noopener\" target=\"_blank\" href=\"https:\/\/gegenzensur.rtde.life\/europa\/169425-werschinin-ukraine-nutzt-getreidekorridor-fuer-terroranschlaege-auf-sewastopol\/\">Moskau: Ukraine nutzt Getreidekorridor f\u00fcr Terroranschl\u00e4ge auf Sewastopol<\/a><em><\/em><\/p>\n<\/div>\n<p><br \/>\n<br \/><a href=\"https:\/\/de.rt.com\/meinung\/169684-warschau-empoert-russischer-kampfjet-faengt\/\">Source link <\/a><\/p>\n","protected":false},"excerpt":{"rendered":"<p>\u00dcber dem Schwarzen Meer kam es zu einer polnisch-russischen Konfrontation in der Luft. Der Vorfall zeigt die Absicht Moskaus, unmissverst\u00e4ndliche Warnungen an Ex-Partner zu kommunizieren, die sich in ihrer Zust\u00e4ndigkeit verkalkuliert haben. Warschau sieht das anders. Von Elem Chintsky Am vergangenen Freitag wurde eine polnische Frontex-Maschine vom Typ Let L410 \u2013 mit einem Team des [&hellip;]<\/p>\n","protected":false},"author":3,"featured_media":35771,"comment_status":"open","ping_status":"open","sticky":false,"template":"","format":"standard","meta":{"_yoast_indexnow_last_ping":["1683732123"],"wp_automatic_camp":["217"],"d84f085783fe1f7d53e9abbaec6d2f38":["Warschau emp\u00f6rt: Russischer Kampfjet f\u00e4ngt polnische Frontex-Maschine \u00fcber Schwarzem Meer ab"],"original_link":["https:\/\/de.rt.com\/meinung\/169684-warschau-empoert-russischer-kampfjet-faengt\/"],"_thumbnail_id":["35771"],"_wptgpro_p2tg_sent2tg":["a:1:{i:23737;s:19:\"2023-05-10 17:23:16\";}"],"jnews_social_counter_last_update":["1777354070"]},"categories":[19,23],"tags":[765,6237,44114,38276,1363,32076,793,42024,139,1366],"yoast_head":"<!-- This site is optimized with the Yoast SEO Premium plugin v22.7 (Yoast SEO v22.7) - https:\/\/yoast.com\/wordpress\/plugins\/seo\/ -->\n<title>Warschau emp\u00f6rt: Russischer Kampfjet f\u00e4ngt polnische Frontex-Maschine \u00fcber Schwarzem Meer ab - just-now.NEWS Deutschland<\/title>\n<meta name=\"robots\" content=\"index, follow, max-snippet:-1, max-image-preview:large, max-video-preview:-1\" \/>\n<link rel=\"canonical\" href=\"https:\/\/now-news.de\/de\/deutschland\/warschau-empoert-russischer-kampfjet-faengt-polnische-frontex-maschine-ueber-schwarzem-meer-ab\/\" \/>\n<meta property=\"og:locale\" content=\"de_DE\" \/>\n<meta property=\"og:type\" content=\"article\" \/>\n<meta property=\"og:title\" content=\"Warschau emp\u00f6rt: Russischer Kampfjet f\u00e4ngt polnische Frontex-Maschine \u00fcber Schwarzem Meer ab\" \/>\n<meta property=\"og:description\" content=\"\u00dcber dem Schwarzen Meer kam es zu einer polnisch-russischen Konfrontation in der Luft. Der Vorfall zeigt die Absicht Moskaus, unmissverst\u00e4ndliche Warnungen an Ex-Partner zu kommunizieren, die sich in ihrer Zust\u00e4ndigkeit verkalkuliert haben. Warschau sieht das anders. Von Elem Chintsky Am vergangenen Freitag wurde eine polnische Frontex-Maschine vom Typ Let L410 \u2013 mit einem Team des [&hellip;]\" \/>\n<meta property=\"og:url\" content=\"https:\/\/now-news.de\/de\/deutschland\/warschau-empoert-russischer-kampfjet-faengt-polnische-frontex-maschine-ueber-schwarzem-meer-ab\/\" \/>\n<meta property=\"og:site_name\" content=\"just-now.NEWS Deutschland\" \/>\n<meta property=\"article:publisher\" content=\"https:\/\/www.facebook.com\/wirmachenauf\" \/>\n<meta property=\"article:published_time\" content=\"2023-05-10T15:15:27+00:00\" \/>\n<meta property=\"og:image\" content=\"https:\/\/now-news.de\/de\/wp-content\/uploads\/sites\/3\/2023\/05\/Warschau-empoert-Russischer-Kampfjet-faengt-polnische-Frontex-Maschine-ueber-Schwarzem-Meer.jpg\" \/>\n\t<meta property=\"og:image:width\" content=\"460\" \/>\n\t<meta property=\"og:image:height\" content=\"259\" \/>\n\t<meta property=\"og:image:type\" content=\"image\/jpeg\" \/>\n<meta name=\"author\" content=\"rtnews\" \/>\n<meta name=\"twitter:card\" content=\"summary_large_image\" \/>\n<meta name=\"twitter:creator\" content=\"@WirMachenAuf_de\" \/>\n<meta name=\"twitter:site\" content=\"@WirMachenAuf_de\" \/>\n<meta name=\"twitter:label1\" content=\"Verfasst von\" \/>\n\t<meta name=\"twitter:data1\" content=\"rtnews\" \/>\n\t<meta name=\"twitter:label2\" content=\"Gesch\u00e4tzte Lesezeit\" \/>\n\t<meta name=\"twitter:data2\" content=\"7\u00a0Minuten\" \/>\n<script type=\"application\/ld+json\" class=\"yoast-schema-graph\">{\"@context\":\"https:\/\/schema.org\",\"@graph\":[{\"@type\":\"Article\",\"@id\":\"https:\/\/now-news.de\/de\/deutschland\/warschau-empoert-russischer-kampfjet-faengt-polnische-frontex-maschine-ueber-schwarzem-meer-ab\/#article\",\"isPartOf\":{\"@id\":\"https:\/\/now-news.de\/de\/deutschland\/warschau-empoert-russischer-kampfjet-faengt-polnische-frontex-maschine-ueber-schwarzem-meer-ab\/\"},\"author\":{\"name\":\"rtnews\",\"@id\":\"https:\/\/now-news.de\/de\/#\/schema\/person\/fb534a4e865501d8b3285208df34a9b5\"},\"headline\":\"Warschau emp\u00f6rt: Russischer Kampfjet f\u00e4ngt polnische Frontex-Maschine \u00fcber Schwarzem Meer ab\",\"datePublished\":\"2023-05-10T15:15:27+00:00\",\"dateModified\":\"2023-05-10T15:15:27+00:00\",\"mainEntityOfPage\":{\"@id\":\"https:\/\/now-news.de\/de\/deutschland\/warschau-empoert-russischer-kampfjet-faengt-polnische-frontex-maschine-ueber-schwarzem-meer-ab\/\"},\"wordCount\":1404,\"commentCount\":0,\"publisher\":{\"@id\":\"https:\/\/now-news.de\/de\/#organization\"},\"image\":{\"@id\":\"https:\/\/now-news.de\/de\/deutschland\/warschau-empoert-russischer-kampfjet-faengt-polnische-frontex-maschine-ueber-schwarzem-meer-ab\/#primaryimage\"},\"thumbnailUrl\":\"https:\/\/now-news.de\/de\/wp-content\/uploads\/sites\/3\/2023\/05\/Warschau-empoert-Russischer-Kampfjet-faengt-polnische-Frontex-Maschine-ueber-Schwarzem-Meer.jpg\",\"keywords\":[\"emp\u00f6rt\",\"f\u00e4ngt\",\"FrontexMaschine\",\"Kampfjet\",\"Meer\",\"Polnische\",\"Russischer\",\"Schwarzem\",\"\u00fcber\",\"Warschau\"],\"articleSection\":[\"Deutschland\",\"Russland\"],\"inLanguage\":\"de\",\"potentialAction\":[{\"@type\":\"CommentAction\",\"name\":\"Comment\",\"target\":[\"https:\/\/now-news.de\/de\/deutschland\/warschau-empoert-russischer-kampfjet-faengt-polnische-frontex-maschine-ueber-schwarzem-meer-ab\/#respond\"]}]},{\"@type\":\"WebPage\",\"@id\":\"https:\/\/now-news.de\/de\/deutschland\/warschau-empoert-russischer-kampfjet-faengt-polnische-frontex-maschine-ueber-schwarzem-meer-ab\/\",\"url\":\"https:\/\/now-news.de\/de\/deutschland\/warschau-empoert-russischer-kampfjet-faengt-polnische-frontex-maschine-ueber-schwarzem-meer-ab\/\",\"name\":\"Warschau emp\u00f6rt: Russischer Kampfjet f\u00e4ngt polnische Frontex-Maschine \u00fcber Schwarzem Meer ab - just-now.NEWS Deutschland\",\"isPartOf\":{\"@id\":\"https:\/\/now-news.de\/de\/#website\"},\"primaryImageOfPage\":{\"@id\":\"https:\/\/now-news.de\/de\/deutschland\/warschau-empoert-russischer-kampfjet-faengt-polnische-frontex-maschine-ueber-schwarzem-meer-ab\/#primaryimage\"},\"image\":{\"@id\":\"https:\/\/now-news.de\/de\/deutschland\/warschau-empoert-russischer-kampfjet-faengt-polnische-frontex-maschine-ueber-schwarzem-meer-ab\/#primaryimage\"},\"thumbnailUrl\":\"https:\/\/now-news.de\/de\/wp-content\/uploads\/sites\/3\/2023\/05\/Warschau-empoert-Russischer-Kampfjet-faengt-polnische-Frontex-Maschine-ueber-Schwarzem-Meer.jpg\",\"datePublished\":\"2023-05-10T15:15:27+00:00\",\"dateModified\":\"2023-05-10T15:15:27+00:00\",\"breadcrumb\":{\"@id\":\"https:\/\/now-news.de\/de\/deutschland\/warschau-empoert-russischer-kampfjet-faengt-polnische-frontex-maschine-ueber-schwarzem-meer-ab\/#breadcrumb\"},\"inLanguage\":\"de\",\"potentialAction\":[{\"@type\":\"ReadAction\",\"target\":[\"https:\/\/now-news.de\/de\/deutschland\/warschau-empoert-russischer-kampfjet-faengt-polnische-frontex-maschine-ueber-schwarzem-meer-ab\/\"]}]},{\"@type\":\"ImageObject\",\"inLanguage\":\"de\",\"@id\":\"https:\/\/now-news.de\/de\/deutschland\/warschau-empoert-russischer-kampfjet-faengt-polnische-frontex-maschine-ueber-schwarzem-meer-ab\/#primaryimage\",\"url\":\"https:\/\/now-news.de\/de\/wp-content\/uploads\/sites\/3\/2023\/05\/Warschau-empoert-Russischer-Kampfjet-faengt-polnische-Frontex-Maschine-ueber-Schwarzem-Meer.jpg\",\"contentUrl\":\"https:\/\/now-news.de\/de\/wp-content\/uploads\/sites\/3\/2023\/05\/Warschau-empoert-Russischer-Kampfjet-faengt-polnische-Frontex-Maschine-ueber-Schwarzem-Meer.jpg\",\"width\":460,\"height\":259,\"caption\":\"Warschau emp\u00f6rt: Russischer Kampfjet f\u00e4ngt polnische Frontex-Maschine \u00fcber Schwarzem Meer ab\"},{\"@type\":\"BreadcrumbList\",\"@id\":\"https:\/\/now-news.de\/de\/deutschland\/warschau-empoert-russischer-kampfjet-faengt-polnische-frontex-maschine-ueber-schwarzem-meer-ab\/#breadcrumb\",\"itemListElement\":[{\"@type\":\"ListItem\",\"position\":1,\"name\":\"Home\",\"item\":\"https:\/\/now-news.de\/de\/\"},{\"@type\":\"ListItem\",\"position\":2,\"name\":\"Warschau emp\u00f6rt: Russischer Kampfjet f\u00e4ngt polnische Frontex-Maschine \u00fcber Schwarzem Meer ab\"}]},{\"@type\":\"WebSite\",\"@id\":\"https:\/\/now-news.de\/de\/#website\",\"url\":\"https:\/\/now-news.de\/de\/\",\"name\":\"just-now.NEWS Deutschland\",\"description\":\"Das Portal f\u00fcr unzensierte Nachrichten aus der Welt\",\"publisher\":{\"@id\":\"https:\/\/now-news.de\/de\/#organization\"},\"potentialAction\":[{\"@type\":\"SearchAction\",\"target\":{\"@type\":\"EntryPoint\",\"urlTemplate\":\"https:\/\/now-news.de\/de\/?s={search_term_string}\"},\"query-input\":\"required name=search_term_string\"}],\"inLanguage\":\"de\"},{\"@type\":\"Organization\",\"@id\":\"https:\/\/now-news.de\/de\/#organization\",\"name\":\"Just Now News\",\"url\":\"https:\/\/now-news.de\/de\/\",\"logo\":{\"@type\":\"ImageObject\",\"inLanguage\":\"de\",\"@id\":\"https:\/\/now-news.de\/de\/#\/schema\/logo\/image\/\",\"url\":\"http:\/\/just-now.news\/de\/wp-content\/uploads\/sites\/3\/2022\/04\/logo500x500.jpg\",\"contentUrl\":\"http:\/\/just-now.news\/de\/wp-content\/uploads\/sites\/3\/2022\/04\/logo500x500.jpg\",\"width\":500,\"height\":500,\"caption\":\"Just Now News\"},\"image\":{\"@id\":\"https:\/\/now-news.de\/de\/#\/schema\/logo\/image\/\"},\"sameAs\":[\"https:\/\/www.facebook.com\/wirmachenauf\",\"https:\/\/x.com\/WirMachenAuf_de\"]},{\"@type\":\"Person\",\"@id\":\"https:\/\/now-news.de\/de\/#\/schema\/person\/fb534a4e865501d8b3285208df34a9b5\",\"name\":\"rtnews\",\"image\":{\"@type\":\"ImageObject\",\"inLanguage\":\"de\",\"@id\":\"https:\/\/now-news.de\/de\/#\/schema\/person\/image\/\",\"url\":\"https:\/\/secure.gravatar.com\/avatar\/82aafea7d8127119dd649515f56e2117?s=96&d=mm&r=g\",\"contentUrl\":\"https:\/\/secure.gravatar.com\/avatar\/82aafea7d8127119dd649515f56e2117?s=96&d=mm&r=g\",\"caption\":\"rtnews\"},\"url\":\"https:\/\/now-news.de\/de\/author\/rnews\/\"}]}<\/script>\n<!-- \/ Yoast SEO Premium plugin. -->","yoast_head_json":{"title":"Warschau emp\u00f6rt: Russischer Kampfjet f\u00e4ngt polnische Frontex-Maschine \u00fcber Schwarzem Meer ab - just-now.NEWS Deutschland","robots":{"index":"index","follow":"follow","max-snippet":"max-snippet:-1","max-image-preview":"max-image-preview:large","max-video-preview":"max-video-preview:-1"},"canonical":"https:\/\/now-news.de\/de\/deutschland\/warschau-empoert-russischer-kampfjet-faengt-polnische-frontex-maschine-ueber-schwarzem-meer-ab\/","og_locale":"de_DE","og_type":"article","og_title":"Warschau emp\u00f6rt: Russischer Kampfjet f\u00e4ngt polnische Frontex-Maschine \u00fcber Schwarzem Meer ab","og_description":"\u00dcber dem Schwarzen Meer kam es zu einer polnisch-russischen Konfrontation in der Luft. Der Vorfall zeigt die Absicht Moskaus, unmissverst\u00e4ndliche Warnungen an Ex-Partner zu kommunizieren, die sich in ihrer Zust\u00e4ndigkeit verkalkuliert haben. Warschau sieht das anders. Von Elem Chintsky Am vergangenen Freitag wurde eine polnische Frontex-Maschine vom Typ Let L410 \u2013 mit einem Team des [&hellip;]","og_url":"https:\/\/now-news.de\/de\/deutschland\/warschau-empoert-russischer-kampfjet-faengt-polnische-frontex-maschine-ueber-schwarzem-meer-ab\/","og_site_name":"just-now.NEWS Deutschland","article_publisher":"https:\/\/www.facebook.com\/wirmachenauf","article_published_time":"2023-05-10T15:15:27+00:00","og_image":[{"width":460,"height":259,"url":"https:\/\/now-news.de\/de\/wp-content\/uploads\/sites\/3\/2023\/05\/Warschau-empoert-Russischer-Kampfjet-faengt-polnische-Frontex-Maschine-ueber-Schwarzem-Meer.jpg","type":"image\/jpeg"}],"author":"rtnews","twitter_card":"summary_large_image","twitter_creator":"@WirMachenAuf_de","twitter_site":"@WirMachenAuf_de","twitter_misc":{"Verfasst von":"rtnews","Gesch\u00e4tzte Lesezeit":"7\u00a0Minuten"},"schema":{"@context":"https:\/\/schema.org","@graph":[{"@type":"Article","@id":"https:\/\/now-news.de\/de\/deutschland\/warschau-empoert-russischer-kampfjet-faengt-polnische-frontex-maschine-ueber-schwarzem-meer-ab\/#article","isPartOf":{"@id":"https:\/\/now-news.de\/de\/deutschland\/warschau-empoert-russischer-kampfjet-faengt-polnische-frontex-maschine-ueber-schwarzem-meer-ab\/"},"author":{"name":"rtnews","@id":"https:\/\/now-news.de\/de\/#\/schema\/person\/fb534a4e865501d8b3285208df34a9b5"},"headline":"Warschau emp\u00f6rt: Russischer Kampfjet f\u00e4ngt polnische Frontex-Maschine \u00fcber Schwarzem Meer ab","datePublished":"2023-05-10T15:15:27+00:00","dateModified":"2023-05-10T15:15:27+00:00","mainEntityOfPage":{"@id":"https:\/\/now-news.de\/de\/deutschland\/warschau-empoert-russischer-kampfjet-faengt-polnische-frontex-maschine-ueber-schwarzem-meer-ab\/"},"wordCount":1404,"commentCount":0,"publisher":{"@id":"https:\/\/now-news.de\/de\/#organization"},"image":{"@id":"https:\/\/now-news.de\/de\/deutschland\/warschau-empoert-russischer-kampfjet-faengt-polnische-frontex-maschine-ueber-schwarzem-meer-ab\/#primaryimage"},"thumbnailUrl":"https:\/\/now-news.de\/de\/wp-content\/uploads\/sites\/3\/2023\/05\/Warschau-empoert-Russischer-Kampfjet-faengt-polnische-Frontex-Maschine-ueber-Schwarzem-Meer.jpg","keywords":["emp\u00f6rt","f\u00e4ngt","FrontexMaschine","Kampfjet","Meer","Polnische","Russischer","Schwarzem","\u00fcber","Warschau"],"articleSection":["Deutschland","Russland"],"inLanguage":"de","potentialAction":[{"@type":"CommentAction","name":"Comment","target":["https:\/\/now-news.de\/de\/deutschland\/warschau-empoert-russischer-kampfjet-faengt-polnische-frontex-maschine-ueber-schwarzem-meer-ab\/#respond"]}]},{"@type":"WebPage","@id":"https:\/\/now-news.de\/de\/deutschland\/warschau-empoert-russischer-kampfjet-faengt-polnische-frontex-maschine-ueber-schwarzem-meer-ab\/","url":"https:\/\/now-news.de\/de\/deutschland\/warschau-empoert-russischer-kampfjet-faengt-polnische-frontex-maschine-ueber-schwarzem-meer-ab\/","name":"Warschau emp\u00f6rt: Russischer Kampfjet f\u00e4ngt polnische Frontex-Maschine \u00fcber Schwarzem Meer ab - just-now.NEWS Deutschland","isPartOf":{"@id":"https:\/\/now-news.de\/de\/#website"},"primaryImageOfPage":{"@id":"https:\/\/now-news.de\/de\/deutschland\/warschau-empoert-russischer-kampfjet-faengt-polnische-frontex-maschine-ueber-schwarzem-meer-ab\/#primaryimage"},"image":{"@id":"https:\/\/now-news.de\/de\/deutschland\/warschau-empoert-russischer-kampfjet-faengt-polnische-frontex-maschine-ueber-schwarzem-meer-ab\/#primaryimage"},"thumbnailUrl":"https:\/\/now-news.de\/de\/wp-content\/uploads\/sites\/3\/2023\/05\/Warschau-empoert-Russischer-Kampfjet-faengt-polnische-Frontex-Maschine-ueber-Schwarzem-Meer.jpg","datePublished":"2023-05-10T15:15:27+00:00","dateModified":"2023-05-10T15:15:27+00:00","breadcrumb":{"@id":"https:\/\/now-news.de\/de\/deutschland\/warschau-empoert-russischer-kampfjet-faengt-polnische-frontex-maschine-ueber-schwarzem-meer-ab\/#breadcrumb"},"inLanguage":"de","potentialAction":[{"@type":"ReadAction","target":["https:\/\/now-news.de\/de\/deutschland\/warschau-empoert-russischer-kampfjet-faengt-polnische-frontex-maschine-ueber-schwarzem-meer-ab\/"]}]},{"@type":"ImageObject","inLanguage":"de","@id":"https:\/\/now-news.de\/de\/deutschland\/warschau-empoert-russischer-kampfjet-faengt-polnische-frontex-maschine-ueber-schwarzem-meer-ab\/#primaryimage","url":"https:\/\/now-news.de\/de\/wp-content\/uploads\/sites\/3\/2023\/05\/Warschau-empoert-Russischer-Kampfjet-faengt-polnische-Frontex-Maschine-ueber-Schwarzem-Meer.jpg","contentUrl":"https:\/\/now-news.de\/de\/wp-content\/uploads\/sites\/3\/2023\/05\/Warschau-empoert-Russischer-Kampfjet-faengt-polnische-Frontex-Maschine-ueber-Schwarzem-Meer.jpg","width":460,"height":259,"caption":"Warschau emp\u00f6rt: Russischer Kampfjet f\u00e4ngt polnische Frontex-Maschine \u00fcber Schwarzem Meer ab"},{"@type":"BreadcrumbList","@id":"https:\/\/now-news.de\/de\/deutschland\/warschau-empoert-russischer-kampfjet-faengt-polnische-frontex-maschine-ueber-schwarzem-meer-ab\/#breadcrumb","itemListElement":[{"@type":"ListItem","position":1,"name":"Home","item":"https:\/\/now-news.de\/de\/"},{"@type":"ListItem","position":2,"name":"Warschau emp\u00f6rt: Russischer Kampfjet f\u00e4ngt polnische Frontex-Maschine \u00fcber Schwarzem Meer ab"}]},{"@type":"WebSite","@id":"https:\/\/now-news.de\/de\/#website","url":"https:\/\/now-news.de\/de\/","name":"just-now.NEWS Deutschland","description":"Das Portal f\u00fcr unzensierte Nachrichten aus der Welt","publisher":{"@id":"https:\/\/now-news.de\/de\/#organization"},"potentialAction":[{"@type":"SearchAction","target":{"@type":"EntryPoint","urlTemplate":"https:\/\/now-news.de\/de\/?s={search_term_string}"},"query-input":"required name=search_term_string"}],"inLanguage":"de"},{"@type":"Organization","@id":"https:\/\/now-news.de\/de\/#organization","name":"Just Now News","url":"https:\/\/now-news.de\/de\/","logo":{"@type":"ImageObject","inLanguage":"de","@id":"https:\/\/now-news.de\/de\/#\/schema\/logo\/image\/","url":"http:\/\/just-now.news\/de\/wp-content\/uploads\/sites\/3\/2022\/04\/logo500x500.jpg","contentUrl":"http:\/\/just-now.news\/de\/wp-content\/uploads\/sites\/3\/2022\/04\/logo500x500.jpg","width":500,"height":500,"caption":"Just Now News"},"image":{"@id":"https:\/\/now-news.de\/de\/#\/schema\/logo\/image\/"},"sameAs":["https:\/\/www.facebook.com\/wirmachenauf","https:\/\/x.com\/WirMachenAuf_de"]},{"@type":"Person","@id":"https:\/\/now-news.de\/de\/#\/schema\/person\/fb534a4e865501d8b3285208df34a9b5","name":"rtnews","image":{"@type":"ImageObject","inLanguage":"de","@id":"https:\/\/now-news.de\/de\/#\/schema\/person\/image\/","url":"https:\/\/secure.gravatar.com\/avatar\/82aafea7d8127119dd649515f56e2117?s=96&d=mm&r=g","contentUrl":"https:\/\/secure.gravatar.com\/avatar\/82aafea7d8127119dd649515f56e2117?s=96&d=mm&r=g","caption":"rtnews"},"url":"https:\/\/now-news.de\/de\/author\/rnews\/"}]}},"_links":{"self":[{"href":"https:\/\/now-news.de\/de\/wp-json\/wp\/v2\/posts\/35770"}],"collection":[{"href":"https:\/\/now-news.de\/de\/wp-json\/wp\/v2\/posts"}],"about":[{"href":"https:\/\/now-news.de\/de\/wp-json\/wp\/v2\/types\/post"}],"author":[{"embeddable":true,"href":"https:\/\/now-news.de\/de\/wp-json\/wp\/v2\/users\/3"}],"replies":[{"embeddable":true,"href":"https:\/\/now-news.de\/de\/wp-json\/wp\/v2\/comments?post=35770"}],"version-history":[{"count":0,"href":"https:\/\/now-news.de\/de\/wp-json\/wp\/v2\/posts\/35770\/revisions"}],"wp:featuredmedia":[{"embeddable":true,"href":"https:\/\/now-news.de\/de\/wp-json\/wp\/v2\/media\/35771"}],"wp:attachment":[{"href":"https:\/\/now-news.de\/de\/wp-json\/wp\/v2\/media?parent=35770"}],"wp:term":[{"taxonomy":"category","embeddable":true,"href":"https:\/\/now-news.de\/de\/wp-json\/wp\/v2\/categories?post=35770"},{"taxonomy":"post_tag","embeddable":true,"href":"https:\/\/now-news.de\/de\/wp-json\/wp\/v2\/tags?post=35770"}],"curies":[{"name":"wp","href":"https:\/\/api.w.org\/{rel}","templated":true}]}}