{"id":35768,"date":"2023-05-10T17:01:21","date_gmt":"2023-05-10T15:01:21","guid":{"rendered":"https:\/\/just-now.news\/de\/deutschland\/genehmigung-von-lufthansa-hilfen-waehrend-coronakrise-verstiess-gegen-eu-recht\/"},"modified":"2023-05-10T17:01:21","modified_gmt":"2023-05-10T15:01:21","slug":"genehmigung-von-lufthansa-hilfen-waehrend-coronakrise-verstiess-gegen-eu-recht","status":"publish","type":"post","link":"https:\/\/now-news.de\/de\/deutschland\/genehmigung-von-lufthansa-hilfen-waehrend-coronakrise-verstiess-gegen-eu-recht\/","title":{"rendered":"Genehmigung von Lufthansa-Hilfen w\u00e4hrend Coronakrise verstie\u00df gegen EU-Recht"},"content":{"rendered":"<p><img decoding=\"async\" src=\"http:\/\/just-now.news\/de\/wp-content\/uploads\/sites\/3\/2023\/05\/645b76d548fbef578c67f3db.jpg\" \/><\/p>\n<div class=\"Text-root Text-type_1 \">\n                Laut dem Gericht der Europ\u00e4ischen Union in Luxemburg h\u00e4tten die Hilfen f\u00fcr Lufthansa w\u00e4hrend der Coronakrise von der EU-Kommission nicht genehmigt werden d\u00fcrfen. Geklagt hatten die Lufthansa-Konkurrenten Ryanair und Condor.\n            <\/div>\n<p><\/p>\n<div class=\"Text-root Text-type_5 ArticleView-text ViewText-root \">\n<p>Nach Ansicht des EU-Gerichts h\u00e4tte die EU-Kommission die milliardenschweren Hilfen der deutschen Bundesregierung f\u00fcr die Lufthansa w\u00e4hrend der Coronakrise nicht genehmigen d\u00fcrfen. Das teilte das Gericht am Mittwoch in Luxemburg mit. Gegen das Urteil kann vor dem h\u00f6chsten europ\u00e4ischen Gericht, dem Europ\u00e4ischen Gerichtshof, vorgegangen werden.<\/p>\n<p>Die Reisebeschr\u00e4nkungen w\u00e4hrend der Coronakrise hatten die Gesch\u00e4fte der Lufthansa nahezu zum Erliegen gebracht. In dem Konzern mit rund 138.000 Besch\u00e4ftigten standen Zehntausende Arbeitspl\u00e4tze auf der Kippe. Deswegen unterst\u00fctzte die deutsche Bundesregierung im Fr\u00fchjahr 2020 die gr\u00f6\u00dfte deutsche Fluggesellschaft mit einem milliardenschweren Hilfspaket.<\/p>\n<p>Die Lufthansa musste sich im Gegenzug dazu verpflichten, Wettbewerbsverzerrungen zu vermeiden, also etwa Start- und Landerechte in Frankfurt am Main und M\u00fcnchen an die Konkurrenz abzugeben.<\/p>\n<p>Der Rettungsplan sah vor, dass der staatliche Wirtschaftsstabilisierungsfonds im Zuge einer Kapitalerh\u00f6hung Aktien zeichnet, um eine Beteiligung von 20 Prozent am Grundkapital der Fluggesellschaft aufzubauen. Zudem waren stille Einlagen bis zu 5,7 Milliarden Euro und ein Kredit von bis zu drei Milliarden Euro vorgesehen. Letzterer unterlag allerdings nicht den Auflagen und war grunds\u00e4tzlich bereits zuvor genehmigt worden.<\/p>\n<p>Die EU-Kommission genehmigte die Hilfen von sechs Milliarden Euro im Juni 2020. Gegen diesen Beschluss der EU-Kommission wehrten sich die Lufthansa-Konkurrenten Ryanair und Condor vor dem Gericht der EU.<\/p>\n<p>Das Gericht gab ihnen teilweise recht. Der EU-Kommission seien bei der Beurteilung mehrere Fehler unterlaufen. Zum einen habe sie f\u00e4lschlicherweise angenommen, dass sich die Lufthansa die n\u00f6tigen Finanzmittel nicht auf den M\u00e4rkten beschaffen k\u00f6nne. Zum anderen habe sie die betr\u00e4chtliche Marktmacht der Lufthansa an bestimmten Flugh\u00e4fen verkannt. Die Verpflichtungen, die dem Unternehmen auferlegt wurden, haben demnach nicht daf\u00fcr gesorgt, dass ein wirksamer Wettbewerb gewahrt wird.<\/p>\n<p><strong>Mehr zum Thema<\/strong> \u2013 <a rel=\"nofollow noopener\" target=\"_blank\" href=\"https:\/\/freeassange.rtde.life\/inland\/169206-folgen-corona-politik-essstoerungen-bei\/\">Folgen der Corona-Politik: Essst\u00f6rungen bei jungen Menschen steigen massiv<\/a><\/p>\n<div class=\"EmbedBlock-root EmbedBlock-externalVideo EmbedBlock-odysee\">\n<div class=\"VkEmbed\"><iframe class=\"lazyload\" data-src=\"https:\/\/odysee.com\/%24\/embed\/%40RTDE%3Ae%2FWHO_erkl%C3%A4rt_Corona-Notstand_f%C3%BCr_beendet%3Ab\" frameborder=\"0\" width=\"853\" height=\"480\" allowfullscreen><\/iframe><\/div>\n<\/div>\n<\/div>\n<p><br \/>\n<br \/><a href=\"https:\/\/de.rt.com\/europa\/169701-genehmigung-von-lufthansa-hilfen-waehrend-corona-krise-verstiess-gegen-eu-recht\/\">Source link <\/a><\/p>\n","protected":false},"excerpt":{"rendered":"<p>Laut dem Gericht der Europ\u00e4ischen Union in Luxemburg h\u00e4tten die Hilfen f\u00fcr Lufthansa w\u00e4hrend der Coronakrise von der EU-Kommission nicht genehmigt werden d\u00fcrfen. Geklagt hatten die Lufthansa-Konkurrenten Ryanair und Condor. Nach Ansicht des EU-Gerichts h\u00e4tte die EU-Kommission die milliardenschweren Hilfen der deutschen Bundesregierung f\u00fcr die Lufthansa w\u00e4hrend der Coronakrise nicht genehmigen d\u00fcrfen. Das teilte das [&hellip;]<\/p>\n","protected":false},"author":3,"featured_media":35769,"comment_status":"open","ping_status":"open","sticky":false,"template":"","format":"standard","meta":{"_yoast_indexnow_last_ping":["1683731049"],"wp_automatic_camp":["217"],"eb340f9eb280b429c32a03d3bf78032d":["Genehmigung von Lufthansa-Hilfen w\u00e4hrend Coronakrise verstie\u00df gegen EU-Recht"],"original_link":["https:\/\/de.rt.com\/europa\/169701-genehmigung-von-lufthansa-hilfen-waehrend-corona-krise-verstiess-gegen-eu-recht\/"],"_thumbnail_id":["35769"],"_wptgpro_p2tg_sent2tg":["a:1:{i:23737;s:19:\"2023-05-10 17:05:13\";}"],"jnews_social_counter_last_update":["1777278429"]},"categories":[19,23],"tags":[1104,44113,278,23833,44111,44112,50,3647],"yoast_head":"<!-- This site is optimized with the Yoast SEO Premium plugin v22.7 (Yoast SEO v22.7) - https:\/\/yoast.com\/wordpress\/plugins\/seo\/ -->\n<title>Genehmigung von Lufthansa-Hilfen w\u00e4hrend Coronakrise verstie\u00df gegen EU-Recht - just-now.NEWS Deutschland<\/title>\n<meta name=\"robots\" content=\"index, follow, max-snippet:-1, max-image-preview:large, max-video-preview:-1\" \/>\n<link rel=\"canonical\" href=\"https:\/\/now-news.de\/de\/deutschland\/genehmigung-von-lufthansa-hilfen-waehrend-coronakrise-verstiess-gegen-eu-recht\/\" \/>\n<meta property=\"og:locale\" content=\"de_DE\" \/>\n<meta property=\"og:type\" content=\"article\" \/>\n<meta property=\"og:title\" content=\"Genehmigung von Lufthansa-Hilfen w\u00e4hrend Coronakrise verstie\u00df gegen EU-Recht\" \/>\n<meta property=\"og:description\" content=\"Laut dem Gericht der Europ\u00e4ischen Union in Luxemburg h\u00e4tten die Hilfen f\u00fcr Lufthansa w\u00e4hrend der Coronakrise von der EU-Kommission nicht genehmigt werden d\u00fcrfen. Geklagt hatten die Lufthansa-Konkurrenten Ryanair und Condor. Nach Ansicht des EU-Gerichts h\u00e4tte die EU-Kommission die milliardenschweren Hilfen der deutschen Bundesregierung f\u00fcr die Lufthansa w\u00e4hrend der Coronakrise nicht genehmigen d\u00fcrfen. Das teilte das [&hellip;]\" \/>\n<meta property=\"og:url\" content=\"https:\/\/now-news.de\/de\/deutschland\/genehmigung-von-lufthansa-hilfen-waehrend-coronakrise-verstiess-gegen-eu-recht\/\" \/>\n<meta property=\"og:site_name\" content=\"just-now.NEWS Deutschland\" \/>\n<meta property=\"article:publisher\" content=\"https:\/\/www.facebook.com\/wirmachenauf\" \/>\n<meta property=\"article:published_time\" content=\"2023-05-10T15:01:21+00:00\" \/>\n<meta property=\"og:image\" content=\"https:\/\/now-news.de\/de\/wp-content\/uploads\/sites\/3\/2023\/05\/Genehmigung-von-Lufthansa-Hilfen-waehrend-Coronakrise-verstiess-gegen-EU-Recht.jpg\" \/>\n\t<meta property=\"og:image:width\" content=\"460\" \/>\n\t<meta property=\"og:image:height\" content=\"259\" \/>\n\t<meta property=\"og:image:type\" content=\"image\/jpeg\" \/>\n<meta name=\"author\" content=\"rtnews\" \/>\n<meta name=\"twitter:card\" content=\"summary_large_image\" \/>\n<meta name=\"twitter:creator\" content=\"@WirMachenAuf_de\" \/>\n<meta name=\"twitter:site\" content=\"@WirMachenAuf_de\" \/>\n<meta name=\"twitter:label1\" content=\"Verfasst von\" \/>\n\t<meta name=\"twitter:data1\" content=\"rtnews\" \/>\n\t<meta name=\"twitter:label2\" content=\"Gesch\u00e4tzte Lesezeit\" \/>\n\t<meta name=\"twitter:data2\" content=\"2\u00a0Minuten\" \/>\n<script type=\"application\/ld+json\" class=\"yoast-schema-graph\">{\"@context\":\"https:\/\/schema.org\",\"@graph\":[{\"@type\":\"Article\",\"@id\":\"https:\/\/now-news.de\/de\/deutschland\/genehmigung-von-lufthansa-hilfen-waehrend-coronakrise-verstiess-gegen-eu-recht\/#article\",\"isPartOf\":{\"@id\":\"https:\/\/now-news.de\/de\/deutschland\/genehmigung-von-lufthansa-hilfen-waehrend-coronakrise-verstiess-gegen-eu-recht\/\"},\"author\":{\"name\":\"rtnews\",\"@id\":\"https:\/\/now-news.de\/de\/#\/schema\/person\/fb534a4e865501d8b3285208df34a9b5\"},\"headline\":\"Genehmigung von Lufthansa-Hilfen w\u00e4hrend Coronakrise verstie\u00df gegen EU-Recht\",\"datePublished\":\"2023-05-10T15:01:21+00:00\",\"dateModified\":\"2023-05-10T15:01:21+00:00\",\"mainEntityOfPage\":{\"@id\":\"https:\/\/now-news.de\/de\/deutschland\/genehmigung-von-lufthansa-hilfen-waehrend-coronakrise-verstiess-gegen-eu-recht\/\"},\"wordCount\":345,\"commentCount\":0,\"publisher\":{\"@id\":\"https:\/\/now-news.de\/de\/#organization\"},\"image\":{\"@id\":\"https:\/\/now-news.de\/de\/deutschland\/genehmigung-von-lufthansa-hilfen-waehrend-coronakrise-verstiess-gegen-eu-recht\/#primaryimage\"},\"thumbnailUrl\":\"https:\/\/now-news.de\/de\/wp-content\/uploads\/sites\/3\/2023\/05\/Genehmigung-von-Lufthansa-Hilfen-waehrend-Coronakrise-verstiess-gegen-EU-Recht.jpg\",\"keywords\":[\"coronakrise\",\"EURecht\",\"gegen\",\"Genehmigung\",\"LufthansaHilfen\",\"verstie\u00df\",\"von\",\"w\u00e4hrend\"],\"articleSection\":[\"Deutschland\",\"Russland\"],\"inLanguage\":\"de\",\"potentialAction\":[{\"@type\":\"CommentAction\",\"name\":\"Comment\",\"target\":[\"https:\/\/now-news.de\/de\/deutschland\/genehmigung-von-lufthansa-hilfen-waehrend-coronakrise-verstiess-gegen-eu-recht\/#respond\"]}]},{\"@type\":\"WebPage\",\"@id\":\"https:\/\/now-news.de\/de\/deutschland\/genehmigung-von-lufthansa-hilfen-waehrend-coronakrise-verstiess-gegen-eu-recht\/\",\"url\":\"https:\/\/now-news.de\/de\/deutschland\/genehmigung-von-lufthansa-hilfen-waehrend-coronakrise-verstiess-gegen-eu-recht\/\",\"name\":\"Genehmigung von Lufthansa-Hilfen w\u00e4hrend Coronakrise verstie\u00df gegen EU-Recht - just-now.NEWS Deutschland\",\"isPartOf\":{\"@id\":\"https:\/\/now-news.de\/de\/#website\"},\"primaryImageOfPage\":{\"@id\":\"https:\/\/now-news.de\/de\/deutschland\/genehmigung-von-lufthansa-hilfen-waehrend-coronakrise-verstiess-gegen-eu-recht\/#primaryimage\"},\"image\":{\"@id\":\"https:\/\/now-news.de\/de\/deutschland\/genehmigung-von-lufthansa-hilfen-waehrend-coronakrise-verstiess-gegen-eu-recht\/#primaryimage\"},\"thumbnailUrl\":\"https:\/\/now-news.de\/de\/wp-content\/uploads\/sites\/3\/2023\/05\/Genehmigung-von-Lufthansa-Hilfen-waehrend-Coronakrise-verstiess-gegen-EU-Recht.jpg\",\"datePublished\":\"2023-05-10T15:01:21+00:00\",\"dateModified\":\"2023-05-10T15:01:21+00:00\",\"breadcrumb\":{\"@id\":\"https:\/\/now-news.de\/de\/deutschland\/genehmigung-von-lufthansa-hilfen-waehrend-coronakrise-verstiess-gegen-eu-recht\/#breadcrumb\"},\"inLanguage\":\"de\",\"potentialAction\":[{\"@type\":\"ReadAction\",\"target\":[\"https:\/\/now-news.de\/de\/deutschland\/genehmigung-von-lufthansa-hilfen-waehrend-coronakrise-verstiess-gegen-eu-recht\/\"]}]},{\"@type\":\"ImageObject\",\"inLanguage\":\"de\",\"@id\":\"https:\/\/now-news.de\/de\/deutschland\/genehmigung-von-lufthansa-hilfen-waehrend-coronakrise-verstiess-gegen-eu-recht\/#primaryimage\",\"url\":\"https:\/\/now-news.de\/de\/wp-content\/uploads\/sites\/3\/2023\/05\/Genehmigung-von-Lufthansa-Hilfen-waehrend-Coronakrise-verstiess-gegen-EU-Recht.jpg\",\"contentUrl\":\"https:\/\/now-news.de\/de\/wp-content\/uploads\/sites\/3\/2023\/05\/Genehmigung-von-Lufthansa-Hilfen-waehrend-Coronakrise-verstiess-gegen-EU-Recht.jpg\",\"width\":460,\"height\":259,\"caption\":\"Genehmigung von Lufthansa-Hilfen w\u00e4hrend Coronakrise verstie\u00df gegen EU-Recht\"},{\"@type\":\"BreadcrumbList\",\"@id\":\"https:\/\/now-news.de\/de\/deutschland\/genehmigung-von-lufthansa-hilfen-waehrend-coronakrise-verstiess-gegen-eu-recht\/#breadcrumb\",\"itemListElement\":[{\"@type\":\"ListItem\",\"position\":1,\"name\":\"Home\",\"item\":\"https:\/\/now-news.de\/de\/\"},{\"@type\":\"ListItem\",\"position\":2,\"name\":\"Genehmigung von Lufthansa-Hilfen w\u00e4hrend Coronakrise verstie\u00df gegen EU-Recht\"}]},{\"@type\":\"WebSite\",\"@id\":\"https:\/\/now-news.de\/de\/#website\",\"url\":\"https:\/\/now-news.de\/de\/\",\"name\":\"just-now.NEWS Deutschland\",\"description\":\"Das Portal f\u00fcr unzensierte Nachrichten aus der Welt\",\"publisher\":{\"@id\":\"https:\/\/now-news.de\/de\/#organization\"},\"potentialAction\":[{\"@type\":\"SearchAction\",\"target\":{\"@type\":\"EntryPoint\",\"urlTemplate\":\"https:\/\/now-news.de\/de\/?s={search_term_string}\"},\"query-input\":\"required name=search_term_string\"}],\"inLanguage\":\"de\"},{\"@type\":\"Organization\",\"@id\":\"https:\/\/now-news.de\/de\/#organization\",\"name\":\"Just Now News\",\"url\":\"https:\/\/now-news.de\/de\/\",\"logo\":{\"@type\":\"ImageObject\",\"inLanguage\":\"de\",\"@id\":\"https:\/\/now-news.de\/de\/#\/schema\/logo\/image\/\",\"url\":\"http:\/\/just-now.news\/de\/wp-content\/uploads\/sites\/3\/2022\/04\/logo500x500.jpg\",\"contentUrl\":\"http:\/\/just-now.news\/de\/wp-content\/uploads\/sites\/3\/2022\/04\/logo500x500.jpg\",\"width\":500,\"height\":500,\"caption\":\"Just Now News\"},\"image\":{\"@id\":\"https:\/\/now-news.de\/de\/#\/schema\/logo\/image\/\"},\"sameAs\":[\"https:\/\/www.facebook.com\/wirmachenauf\",\"https:\/\/x.com\/WirMachenAuf_de\"]},{\"@type\":\"Person\",\"@id\":\"https:\/\/now-news.de\/de\/#\/schema\/person\/fb534a4e865501d8b3285208df34a9b5\",\"name\":\"rtnews\",\"image\":{\"@type\":\"ImageObject\",\"inLanguage\":\"de\",\"@id\":\"https:\/\/now-news.de\/de\/#\/schema\/person\/image\/\",\"url\":\"https:\/\/secure.gravatar.com\/avatar\/82aafea7d8127119dd649515f56e2117?s=96&d=mm&r=g\",\"contentUrl\":\"https:\/\/secure.gravatar.com\/avatar\/82aafea7d8127119dd649515f56e2117?s=96&d=mm&r=g\",\"caption\":\"rtnews\"},\"url\":\"https:\/\/now-news.de\/de\/author\/rnews\/\"}]}<\/script>\n<!-- \/ Yoast SEO Premium plugin. -->","yoast_head_json":{"title":"Genehmigung von Lufthansa-Hilfen w\u00e4hrend Coronakrise verstie\u00df gegen EU-Recht - just-now.NEWS Deutschland","robots":{"index":"index","follow":"follow","max-snippet":"max-snippet:-1","max-image-preview":"max-image-preview:large","max-video-preview":"max-video-preview:-1"},"canonical":"https:\/\/now-news.de\/de\/deutschland\/genehmigung-von-lufthansa-hilfen-waehrend-coronakrise-verstiess-gegen-eu-recht\/","og_locale":"de_DE","og_type":"article","og_title":"Genehmigung von Lufthansa-Hilfen w\u00e4hrend Coronakrise verstie\u00df gegen EU-Recht","og_description":"Laut dem Gericht der Europ\u00e4ischen Union in Luxemburg h\u00e4tten die Hilfen f\u00fcr Lufthansa w\u00e4hrend der Coronakrise von der EU-Kommission nicht genehmigt werden d\u00fcrfen. Geklagt hatten die Lufthansa-Konkurrenten Ryanair und Condor. Nach Ansicht des EU-Gerichts h\u00e4tte die EU-Kommission die milliardenschweren Hilfen der deutschen Bundesregierung f\u00fcr die Lufthansa w\u00e4hrend der Coronakrise nicht genehmigen d\u00fcrfen. Das teilte das [&hellip;]","og_url":"https:\/\/now-news.de\/de\/deutschland\/genehmigung-von-lufthansa-hilfen-waehrend-coronakrise-verstiess-gegen-eu-recht\/","og_site_name":"just-now.NEWS Deutschland","article_publisher":"https:\/\/www.facebook.com\/wirmachenauf","article_published_time":"2023-05-10T15:01:21+00:00","og_image":[{"width":460,"height":259,"url":"https:\/\/now-news.de\/de\/wp-content\/uploads\/sites\/3\/2023\/05\/Genehmigung-von-Lufthansa-Hilfen-waehrend-Coronakrise-verstiess-gegen-EU-Recht.jpg","type":"image\/jpeg"}],"author":"rtnews","twitter_card":"summary_large_image","twitter_creator":"@WirMachenAuf_de","twitter_site":"@WirMachenAuf_de","twitter_misc":{"Verfasst von":"rtnews","Gesch\u00e4tzte Lesezeit":"2\u00a0Minuten"},"schema":{"@context":"https:\/\/schema.org","@graph":[{"@type":"Article","@id":"https:\/\/now-news.de\/de\/deutschland\/genehmigung-von-lufthansa-hilfen-waehrend-coronakrise-verstiess-gegen-eu-recht\/#article","isPartOf":{"@id":"https:\/\/now-news.de\/de\/deutschland\/genehmigung-von-lufthansa-hilfen-waehrend-coronakrise-verstiess-gegen-eu-recht\/"},"author":{"name":"rtnews","@id":"https:\/\/now-news.de\/de\/#\/schema\/person\/fb534a4e865501d8b3285208df34a9b5"},"headline":"Genehmigung von Lufthansa-Hilfen w\u00e4hrend Coronakrise verstie\u00df gegen EU-Recht","datePublished":"2023-05-10T15:01:21+00:00","dateModified":"2023-05-10T15:01:21+00:00","mainEntityOfPage":{"@id":"https:\/\/now-news.de\/de\/deutschland\/genehmigung-von-lufthansa-hilfen-waehrend-coronakrise-verstiess-gegen-eu-recht\/"},"wordCount":345,"commentCount":0,"publisher":{"@id":"https:\/\/now-news.de\/de\/#organization"},"image":{"@id":"https:\/\/now-news.de\/de\/deutschland\/genehmigung-von-lufthansa-hilfen-waehrend-coronakrise-verstiess-gegen-eu-recht\/#primaryimage"},"thumbnailUrl":"https:\/\/now-news.de\/de\/wp-content\/uploads\/sites\/3\/2023\/05\/Genehmigung-von-Lufthansa-Hilfen-waehrend-Coronakrise-verstiess-gegen-EU-Recht.jpg","keywords":["coronakrise","EURecht","gegen","Genehmigung","LufthansaHilfen","verstie\u00df","von","w\u00e4hrend"],"articleSection":["Deutschland","Russland"],"inLanguage":"de","potentialAction":[{"@type":"CommentAction","name":"Comment","target":["https:\/\/now-news.de\/de\/deutschland\/genehmigung-von-lufthansa-hilfen-waehrend-coronakrise-verstiess-gegen-eu-recht\/#respond"]}]},{"@type":"WebPage","@id":"https:\/\/now-news.de\/de\/deutschland\/genehmigung-von-lufthansa-hilfen-waehrend-coronakrise-verstiess-gegen-eu-recht\/","url":"https:\/\/now-news.de\/de\/deutschland\/genehmigung-von-lufthansa-hilfen-waehrend-coronakrise-verstiess-gegen-eu-recht\/","name":"Genehmigung von Lufthansa-Hilfen w\u00e4hrend Coronakrise verstie\u00df gegen EU-Recht - just-now.NEWS Deutschland","isPartOf":{"@id":"https:\/\/now-news.de\/de\/#website"},"primaryImageOfPage":{"@id":"https:\/\/now-news.de\/de\/deutschland\/genehmigung-von-lufthansa-hilfen-waehrend-coronakrise-verstiess-gegen-eu-recht\/#primaryimage"},"image":{"@id":"https:\/\/now-news.de\/de\/deutschland\/genehmigung-von-lufthansa-hilfen-waehrend-coronakrise-verstiess-gegen-eu-recht\/#primaryimage"},"thumbnailUrl":"https:\/\/now-news.de\/de\/wp-content\/uploads\/sites\/3\/2023\/05\/Genehmigung-von-Lufthansa-Hilfen-waehrend-Coronakrise-verstiess-gegen-EU-Recht.jpg","datePublished":"2023-05-10T15:01:21+00:00","dateModified":"2023-05-10T15:01:21+00:00","breadcrumb":{"@id":"https:\/\/now-news.de\/de\/deutschland\/genehmigung-von-lufthansa-hilfen-waehrend-coronakrise-verstiess-gegen-eu-recht\/#breadcrumb"},"inLanguage":"de","potentialAction":[{"@type":"ReadAction","target":["https:\/\/now-news.de\/de\/deutschland\/genehmigung-von-lufthansa-hilfen-waehrend-coronakrise-verstiess-gegen-eu-recht\/"]}]},{"@type":"ImageObject","inLanguage":"de","@id":"https:\/\/now-news.de\/de\/deutschland\/genehmigung-von-lufthansa-hilfen-waehrend-coronakrise-verstiess-gegen-eu-recht\/#primaryimage","url":"https:\/\/now-news.de\/de\/wp-content\/uploads\/sites\/3\/2023\/05\/Genehmigung-von-Lufthansa-Hilfen-waehrend-Coronakrise-verstiess-gegen-EU-Recht.jpg","contentUrl":"https:\/\/now-news.de\/de\/wp-content\/uploads\/sites\/3\/2023\/05\/Genehmigung-von-Lufthansa-Hilfen-waehrend-Coronakrise-verstiess-gegen-EU-Recht.jpg","width":460,"height":259,"caption":"Genehmigung von Lufthansa-Hilfen w\u00e4hrend Coronakrise verstie\u00df gegen EU-Recht"},{"@type":"BreadcrumbList","@id":"https:\/\/now-news.de\/de\/deutschland\/genehmigung-von-lufthansa-hilfen-waehrend-coronakrise-verstiess-gegen-eu-recht\/#breadcrumb","itemListElement":[{"@type":"ListItem","position":1,"name":"Home","item":"https:\/\/now-news.de\/de\/"},{"@type":"ListItem","position":2,"name":"Genehmigung von Lufthansa-Hilfen w\u00e4hrend Coronakrise verstie\u00df gegen EU-Recht"}]},{"@type":"WebSite","@id":"https:\/\/now-news.de\/de\/#website","url":"https:\/\/now-news.de\/de\/","name":"just-now.NEWS Deutschland","description":"Das Portal f\u00fcr unzensierte Nachrichten aus der Welt","publisher":{"@id":"https:\/\/now-news.de\/de\/#organization"},"potentialAction":[{"@type":"SearchAction","target":{"@type":"EntryPoint","urlTemplate":"https:\/\/now-news.de\/de\/?s={search_term_string}"},"query-input":"required name=search_term_string"}],"inLanguage":"de"},{"@type":"Organization","@id":"https:\/\/now-news.de\/de\/#organization","name":"Just Now News","url":"https:\/\/now-news.de\/de\/","logo":{"@type":"ImageObject","inLanguage":"de","@id":"https:\/\/now-news.de\/de\/#\/schema\/logo\/image\/","url":"http:\/\/just-now.news\/de\/wp-content\/uploads\/sites\/3\/2022\/04\/logo500x500.jpg","contentUrl":"http:\/\/just-now.news\/de\/wp-content\/uploads\/sites\/3\/2022\/04\/logo500x500.jpg","width":500,"height":500,"caption":"Just Now News"},"image":{"@id":"https:\/\/now-news.de\/de\/#\/schema\/logo\/image\/"},"sameAs":["https:\/\/www.facebook.com\/wirmachenauf","https:\/\/x.com\/WirMachenAuf_de"]},{"@type":"Person","@id":"https:\/\/now-news.de\/de\/#\/schema\/person\/fb534a4e865501d8b3285208df34a9b5","name":"rtnews","image":{"@type":"ImageObject","inLanguage":"de","@id":"https:\/\/now-news.de\/de\/#\/schema\/person\/image\/","url":"https:\/\/secure.gravatar.com\/avatar\/82aafea7d8127119dd649515f56e2117?s=96&d=mm&r=g","contentUrl":"https:\/\/secure.gravatar.com\/avatar\/82aafea7d8127119dd649515f56e2117?s=96&d=mm&r=g","caption":"rtnews"},"url":"https:\/\/now-news.de\/de\/author\/rnews\/"}]}},"_links":{"self":[{"href":"https:\/\/now-news.de\/de\/wp-json\/wp\/v2\/posts\/35768"}],"collection":[{"href":"https:\/\/now-news.de\/de\/wp-json\/wp\/v2\/posts"}],"about":[{"href":"https:\/\/now-news.de\/de\/wp-json\/wp\/v2\/types\/post"}],"author":[{"embeddable":true,"href":"https:\/\/now-news.de\/de\/wp-json\/wp\/v2\/users\/3"}],"replies":[{"embeddable":true,"href":"https:\/\/now-news.de\/de\/wp-json\/wp\/v2\/comments?post=35768"}],"version-history":[{"count":0,"href":"https:\/\/now-news.de\/de\/wp-json\/wp\/v2\/posts\/35768\/revisions"}],"wp:featuredmedia":[{"embeddable":true,"href":"https:\/\/now-news.de\/de\/wp-json\/wp\/v2\/media\/35769"}],"wp:attachment":[{"href":"https:\/\/now-news.de\/de\/wp-json\/wp\/v2\/media?parent=35768"}],"wp:term":[{"taxonomy":"category","embeddable":true,"href":"https:\/\/now-news.de\/de\/wp-json\/wp\/v2\/categories?post=35768"},{"taxonomy":"post_tag","embeddable":true,"href":"https:\/\/now-news.de\/de\/wp-json\/wp\/v2\/tags?post=35768"}],"curies":[{"name":"wp","href":"https:\/\/api.w.org\/{rel}","templated":true}]}}