{"id":35765,"date":"2023-05-10T16:40:35","date_gmt":"2023-05-10T14:40:35","guid":{"rendered":"http:\/\/just-now.news\/de\/deutschland\/fuer-die-verteidigung-unserer-werte-eu-gesetz-zur-beschleunigten-waffenproduktion-beschlossen\/"},"modified":"2023-05-10T16:40:35","modified_gmt":"2023-05-10T14:40:35","slug":"fuer-die-verteidigung-unserer-werte-eu-gesetz-zur-beschleunigten-waffenproduktion-beschlossen","status":"publish","type":"post","link":"https:\/\/now-news.de\/de\/deutschland\/fuer-die-verteidigung-unserer-werte-eu-gesetz-zur-beschleunigten-waffenproduktion-beschlossen\/","title":{"rendered":"&quot;F\u00fcr die Verteidigung unserer Werte&quot; : EU-Gesetz zur beschleunigten Waffenproduktion beschlossen"},"content":{"rendered":"<p><img decoding=\"async\" src=\"http:\/\/just-now.news\/de\/wp-content\/uploads\/sites\/3\/2023\/05\/645b6e3648fbef18cc27c1f0.png\" \/><\/p>\n<div class=\"Text-root Text-type_1 \">\n                Mit einem neuen Gesetz hat die EU die Beschleunigung der Waffenproduktion f\u00fcr die Ukraine beschlossen. Demnach soll die Waffenproduktion mit 500 Millionen Euro aus dem EU-Haushalt, sowie weiterer Mittel von den Mitgliedsl\u00e4ndern gef\u00f6rdert werden. Es ginge um die Verteidigung unserer Werte und den Erhalt des Friedens auf dem Kontinent, erkl\u00e4rte Ursula von der Leyen.\n            <\/div>\n<p><\/p>\n<div class=\"Text-root Text-type_5 ArticleView-text ViewText-root \">\n<p>Am 9. Mai stimmte das EU-Parlament f\u00fcr ein beschleunigtes Gesetzgebungsverfahren zur F\u00f6rderung der Waffenproduktion in Europa. Der Gesetzesentwurf sieht vor, die Herstellung von Milit\u00e4rausr\u00fcstung f\u00fcr die Ukraine mit 500 Millionen Euro aus EU-Mitteln zu f\u00f6rdern. In der <a rel=\"nofollow noopener\" target=\"_blank\" href=\"https:\/\/ec.europa.eu\/commission\/presscorner\/detail\/en\/ip_23_2569\">Pressemitteilung<\/a> der Kommission wird zur Begr\u00fcndung der Produktionsbeschleunigung von Waffen, Munition und Flugk\u00f6rpern die Kommissionspr\u00e4sidentin Ursula von der Leyen zitiert.<\/p>\n<blockquote>\n<p><em>&#8220;Die Ukraine leistet heldenhaften Widerstand gegen den brutalen russischen Angreifer. Wir stehen zu unserem Versprechen, die Ukraine und ihr Volk zu unterst\u00fctzen, so lange es n\u00f6tig ist. Aber die tapferen Soldaten der Ukraine brauchen eine ausreichende milit\u00e4rische Ausr\u00fcstung, um ihr Land zu verteidigen.&#8221;<\/em><\/p>\n<\/blockquote>\n<p>Wie das Nachrichtenportal <em>Euraktiv<\/em> am Dienstag <a rel=\"nofollow noopener\" target=\"_blank\" href=\"https:\/\/www.euractiv.com\/section\/defence-and-security\/news\/eu-lawmakers-speed-process-to-boost-ammunition-production-across-europe\/\">berichtete<\/a>, soll das Gesetz zur Unterst\u00fctzung der Waffenproduktion (ASAP) bis Ende 2023 in Kraft treten. Das Gesetz wurde mit \u00a0518 Ja-Stimmen, 59 Nein-Stimmen und 31 Enthaltungen beschlossen. Infolgedessen k\u00f6nnten in den n\u00e4chsten 12 Monaten eine Million zus\u00e4tzlicher Artilleriegranaten f\u00fcr die Ukraine produziert werden. Auf einer gemeinsamen Pressekonferenz in Kiew mit dem ukrainischen Pr\u00e4sidenten Wladimir Selenskij sagte von der Leyen:<\/p>\n<blockquote>\n<p><em>&#8220;(Das ASAP-Gesetz) wird den Mitgliedstaaten helfen, die Produktion hochzufahren \u2026 und die Lieferung von Munition zu beschleunigen, um den Bedarf der Ukraine und der Mitgliedstaaten zu decken.&#8221;<\/em><\/p>\n<\/blockquote>\n<p>Der aktuell bewilligte Beitrag aus dem EU-Haushalt solle auch f\u00fcr die Umr\u00fcstung alter Munition eingesetzt werden. Gleichzeitig w\u00fcrden die Mitgliedsl\u00e4nder von der EU-Kommission aufgefordert, die angekurbelte Munitions- und Raketenproduktion mitzufinanzieren. Insgesamt solle damit eine weitere Milliarde Euro mobilisiert werden. Laut Pressemitteilung der EU habe von der Leyen erkl\u00e4rt, dass es dabei auch um die Verteidigung unserer Werte und den Erhalt des Friedens auf unserem Kontinent ginge:<\/p>\n<blockquote>\n<p>&#8220;Dies wird dazu beitragen, dass die Ukraine mehr Waffen zur Verteidigung ihrer B\u00fcrger erh\u00e4lt, und es wird auch unsere europ\u00e4ischen Verteidigungskapazit\u00e4ten st\u00e4rken. Gemeinsam mit den Mitgliedstaaten werden wir eine weitere Milliarde Euro mobilisieren, um die Kapazit\u00e4ten in ganz Europa zu erh\u00f6hen. Dies ist ein entscheidender Teil der strategischen F\u00e4higkeit Europas, seine Interessen und Werte zu verteidigen und zur Erhaltung des Friedens auf unserem Kontinent beizutragen.&#8221;<\/p>\n<\/blockquote>\n<p>Bei diesem Gesetz handele es sich um den dritten Teil des EU-Plans, um neben der Versorgung der Ukraine auch die eigenen Munitionsbest\u00e4nde wieder aufzuf\u00fcllen, hie\u00df es bei <em>Euraktiv<\/em>.<\/p>\n<p><strong>Mehr zum Thema<\/strong> \u2013 <a rel=\"nofollow noopener\" target=\"_blank\" href=\"https:\/\/pressefreiheit.rtde.live\/international\/169529-kissinger-sieht-chance-auf-friedensverhandlungen-zwischen-ukraine-und-russland\/\">Kissinger sieht Chance auf Friedensverhandlungen zwischen Ukraine und Russland<\/a><\/p>\n<\/div>\n<p><br \/>\n<br \/><a href=\"https:\/\/de.rt.com\/europa\/169691-fuer-verteidigung-unserer-werte-eu\/\">Source link <\/a><\/p>\n","protected":false},"excerpt":{"rendered":"<p>Mit einem neuen Gesetz hat die EU die Beschleunigung der Waffenproduktion f\u00fcr die Ukraine beschlossen. Demnach soll die Waffenproduktion mit 500 Millionen Euro aus dem EU-Haushalt, sowie weiterer Mittel von den Mitgliedsl\u00e4ndern gef\u00f6rdert werden. Es ginge um die Verteidigung unserer Werte und den Erhalt des Friedens auf dem Kontinent, erkl\u00e4rte Ursula von der Leyen. Am [&hellip;]<\/p>\n","protected":false},"author":3,"featured_media":35766,"comment_status":"open","ping_status":"open","sticky":false,"template":"","format":"standard","meta":{"_yoast_indexnow_last_ping":["1683730079"],"wp_automatic_camp":["217"],"22a43485e054fc705822e5a1475bc23b":["&quot;F\u00fcr die Verteidigung unserer Werte&quot; : EU-Gesetz zur beschleunigten Waffenproduktion beschlossen"],"original_link":["https:\/\/de.rt.com\/europa\/169691-fuer-verteidigung-unserer-werte-eu\/"],"_thumbnail_id":["35766"],"_wptgpro_p2tg_sent2tg":["a:1:{i:23737;s:19:\"2023-05-10 16:49:00\";}"],"jnews_social_counter_last_update":["1777602728"]},"categories":[19,23],"tags":[44110,30808,45,34223,29542,18937,12203,20851,27755,581],"yoast_head":"<!-- This site is optimized with the Yoast SEO Premium plugin v22.7 (Yoast SEO v22.7) - https:\/\/yoast.com\/wordpress\/plugins\/seo\/ -->\n<title>&quot;F\u00fcr die Verteidigung unserer Werte&quot; : EU-Gesetz zur beschleunigten Waffenproduktion beschlossen - just-now.NEWS Deutschland<\/title>\n<meta name=\"robots\" content=\"index, follow, max-snippet:-1, max-image-preview:large, max-video-preview:-1\" \/>\n<link rel=\"canonical\" href=\"https:\/\/now-news.de\/de\/deutschland\/fuer-die-verteidigung-unserer-werte-eu-gesetz-zur-beschleunigten-waffenproduktion-beschlossen\/\" \/>\n<meta property=\"og:locale\" content=\"de_DE\" \/>\n<meta property=\"og:type\" content=\"article\" \/>\n<meta property=\"og:title\" content=\"&quot;F\u00fcr die Verteidigung unserer Werte&quot; : EU-Gesetz zur beschleunigten Waffenproduktion beschlossen\" \/>\n<meta property=\"og:description\" content=\"Mit einem neuen Gesetz hat die EU die Beschleunigung der Waffenproduktion f\u00fcr die Ukraine beschlossen. Demnach soll die Waffenproduktion mit 500 Millionen Euro aus dem EU-Haushalt, sowie weiterer Mittel von den Mitgliedsl\u00e4ndern gef\u00f6rdert werden. Es ginge um die Verteidigung unserer Werte und den Erhalt des Friedens auf dem Kontinent, erkl\u00e4rte Ursula von der Leyen. Am [&hellip;]\" \/>\n<meta property=\"og:url\" content=\"https:\/\/now-news.de\/de\/deutschland\/fuer-die-verteidigung-unserer-werte-eu-gesetz-zur-beschleunigten-waffenproduktion-beschlossen\/\" \/>\n<meta property=\"og:site_name\" content=\"just-now.NEWS Deutschland\" \/>\n<meta property=\"article:publisher\" content=\"https:\/\/www.facebook.com\/wirmachenauf\" \/>\n<meta property=\"article:published_time\" content=\"2023-05-10T14:40:35+00:00\" \/>\n<meta property=\"og:image\" content=\"https:\/\/now-news.de\/de\/wp-content\/uploads\/sites\/3\/2023\/05\/quotFuer-die-Verteidigung-unserer-Wertequot-EU-Gesetz-zur-beschleunigten-Waffenproduktion.png\" \/>\n\t<meta property=\"og:image:width\" content=\"460\" \/>\n\t<meta property=\"og:image:height\" content=\"259\" \/>\n\t<meta property=\"og:image:type\" content=\"image\/png\" \/>\n<meta name=\"author\" content=\"rtnews\" \/>\n<meta name=\"twitter:card\" content=\"summary_large_image\" \/>\n<meta name=\"twitter:creator\" content=\"@WirMachenAuf_de\" \/>\n<meta name=\"twitter:site\" content=\"@WirMachenAuf_de\" \/>\n<meta name=\"twitter:label1\" content=\"Verfasst von\" \/>\n\t<meta name=\"twitter:data1\" content=\"rtnews\" \/>\n\t<meta name=\"twitter:label2\" content=\"Gesch\u00e4tzte Lesezeit\" \/>\n\t<meta name=\"twitter:data2\" content=\"2\u00a0Minuten\" \/>\n<script type=\"application\/ld+json\" class=\"yoast-schema-graph\">{\"@context\":\"https:\/\/schema.org\",\"@graph\":[{\"@type\":\"Article\",\"@id\":\"https:\/\/now-news.de\/de\/deutschland\/fuer-die-verteidigung-unserer-werte-eu-gesetz-zur-beschleunigten-waffenproduktion-beschlossen\/#article\",\"isPartOf\":{\"@id\":\"https:\/\/now-news.de\/de\/deutschland\/fuer-die-verteidigung-unserer-werte-eu-gesetz-zur-beschleunigten-waffenproduktion-beschlossen\/\"},\"author\":{\"name\":\"rtnews\",\"@id\":\"https:\/\/now-news.de\/de\/#\/schema\/person\/fb534a4e865501d8b3285208df34a9b5\"},\"headline\":\"&quot;F\u00fcr die Verteidigung unserer Werte&quot; : EU-Gesetz zur beschleunigten Waffenproduktion beschlossen\",\"datePublished\":\"2023-05-10T14:40:35+00:00\",\"dateModified\":\"2023-05-10T14:40:35+00:00\",\"mainEntityOfPage\":{\"@id\":\"https:\/\/now-news.de\/de\/deutschland\/fuer-die-verteidigung-unserer-werte-eu-gesetz-zur-beschleunigten-waffenproduktion-beschlossen\/\"},\"wordCount\":462,\"commentCount\":0,\"publisher\":{\"@id\":\"https:\/\/now-news.de\/de\/#organization\"},\"image\":{\"@id\":\"https:\/\/now-news.de\/de\/deutschland\/fuer-die-verteidigung-unserer-werte-eu-gesetz-zur-beschleunigten-waffenproduktion-beschlossen\/#primaryimage\"},\"thumbnailUrl\":\"https:\/\/now-news.de\/de\/wp-content\/uploads\/sites\/3\/2023\/05\/quotFuer-die-Verteidigung-unserer-Wertequot-EU-Gesetz-zur-beschleunigten-Waffenproduktion.png\",\"keywords\":[\"beschleunigten\",\"beschlossen\",\"die\",\"EUGesetz\",\"quotF\u00fcr\",\"unserer\",\"Verteidigung\",\"Waffenproduktion\",\"Wertequot\",\"zur\"],\"articleSection\":[\"Deutschland\",\"Russland\"],\"inLanguage\":\"de\",\"potentialAction\":[{\"@type\":\"CommentAction\",\"name\":\"Comment\",\"target\":[\"https:\/\/now-news.de\/de\/deutschland\/fuer-die-verteidigung-unserer-werte-eu-gesetz-zur-beschleunigten-waffenproduktion-beschlossen\/#respond\"]}]},{\"@type\":\"WebPage\",\"@id\":\"https:\/\/now-news.de\/de\/deutschland\/fuer-die-verteidigung-unserer-werte-eu-gesetz-zur-beschleunigten-waffenproduktion-beschlossen\/\",\"url\":\"https:\/\/now-news.de\/de\/deutschland\/fuer-die-verteidigung-unserer-werte-eu-gesetz-zur-beschleunigten-waffenproduktion-beschlossen\/\",\"name\":\"&quot;F\u00fcr die Verteidigung unserer Werte&quot; : EU-Gesetz zur beschleunigten Waffenproduktion beschlossen - just-now.NEWS Deutschland\",\"isPartOf\":{\"@id\":\"https:\/\/now-news.de\/de\/#website\"},\"primaryImageOfPage\":{\"@id\":\"https:\/\/now-news.de\/de\/deutschland\/fuer-die-verteidigung-unserer-werte-eu-gesetz-zur-beschleunigten-waffenproduktion-beschlossen\/#primaryimage\"},\"image\":{\"@id\":\"https:\/\/now-news.de\/de\/deutschland\/fuer-die-verteidigung-unserer-werte-eu-gesetz-zur-beschleunigten-waffenproduktion-beschlossen\/#primaryimage\"},\"thumbnailUrl\":\"https:\/\/now-news.de\/de\/wp-content\/uploads\/sites\/3\/2023\/05\/quotFuer-die-Verteidigung-unserer-Wertequot-EU-Gesetz-zur-beschleunigten-Waffenproduktion.png\",\"datePublished\":\"2023-05-10T14:40:35+00:00\",\"dateModified\":\"2023-05-10T14:40:35+00:00\",\"breadcrumb\":{\"@id\":\"https:\/\/now-news.de\/de\/deutschland\/fuer-die-verteidigung-unserer-werte-eu-gesetz-zur-beschleunigten-waffenproduktion-beschlossen\/#breadcrumb\"},\"inLanguage\":\"de\",\"potentialAction\":[{\"@type\":\"ReadAction\",\"target\":[\"https:\/\/now-news.de\/de\/deutschland\/fuer-die-verteidigung-unserer-werte-eu-gesetz-zur-beschleunigten-waffenproduktion-beschlossen\/\"]}]},{\"@type\":\"ImageObject\",\"inLanguage\":\"de\",\"@id\":\"https:\/\/now-news.de\/de\/deutschland\/fuer-die-verteidigung-unserer-werte-eu-gesetz-zur-beschleunigten-waffenproduktion-beschlossen\/#primaryimage\",\"url\":\"https:\/\/now-news.de\/de\/wp-content\/uploads\/sites\/3\/2023\/05\/quotFuer-die-Verteidigung-unserer-Wertequot-EU-Gesetz-zur-beschleunigten-Waffenproduktion.png\",\"contentUrl\":\"https:\/\/now-news.de\/de\/wp-content\/uploads\/sites\/3\/2023\/05\/quotFuer-die-Verteidigung-unserer-Wertequot-EU-Gesetz-zur-beschleunigten-Waffenproduktion.png\",\"width\":460,\"height\":259,\"caption\":\"&quot;F\u00fcr die Verteidigung unserer Werte&quot; : EU-Gesetz zur beschleunigten Waffenproduktion beschlossen\"},{\"@type\":\"BreadcrumbList\",\"@id\":\"https:\/\/now-news.de\/de\/deutschland\/fuer-die-verteidigung-unserer-werte-eu-gesetz-zur-beschleunigten-waffenproduktion-beschlossen\/#breadcrumb\",\"itemListElement\":[{\"@type\":\"ListItem\",\"position\":1,\"name\":\"Home\",\"item\":\"https:\/\/now-news.de\/de\/\"},{\"@type\":\"ListItem\",\"position\":2,\"name\":\"&quot;F\u00fcr die Verteidigung unserer Werte&quot; : EU-Gesetz zur beschleunigten Waffenproduktion beschlossen\"}]},{\"@type\":\"WebSite\",\"@id\":\"https:\/\/now-news.de\/de\/#website\",\"url\":\"https:\/\/now-news.de\/de\/\",\"name\":\"just-now.NEWS Deutschland\",\"description\":\"Das Portal f\u00fcr unzensierte Nachrichten aus der Welt\",\"publisher\":{\"@id\":\"https:\/\/now-news.de\/de\/#organization\"},\"potentialAction\":[{\"@type\":\"SearchAction\",\"target\":{\"@type\":\"EntryPoint\",\"urlTemplate\":\"https:\/\/now-news.de\/de\/?s={search_term_string}\"},\"query-input\":\"required name=search_term_string\"}],\"inLanguage\":\"de\"},{\"@type\":\"Organization\",\"@id\":\"https:\/\/now-news.de\/de\/#organization\",\"name\":\"Just Now News\",\"url\":\"https:\/\/now-news.de\/de\/\",\"logo\":{\"@type\":\"ImageObject\",\"inLanguage\":\"de\",\"@id\":\"https:\/\/now-news.de\/de\/#\/schema\/logo\/image\/\",\"url\":\"http:\/\/just-now.news\/de\/wp-content\/uploads\/sites\/3\/2022\/04\/logo500x500.jpg\",\"contentUrl\":\"http:\/\/just-now.news\/de\/wp-content\/uploads\/sites\/3\/2022\/04\/logo500x500.jpg\",\"width\":500,\"height\":500,\"caption\":\"Just Now News\"},\"image\":{\"@id\":\"https:\/\/now-news.de\/de\/#\/schema\/logo\/image\/\"},\"sameAs\":[\"https:\/\/www.facebook.com\/wirmachenauf\",\"https:\/\/x.com\/WirMachenAuf_de\"]},{\"@type\":\"Person\",\"@id\":\"https:\/\/now-news.de\/de\/#\/schema\/person\/fb534a4e865501d8b3285208df34a9b5\",\"name\":\"rtnews\",\"image\":{\"@type\":\"ImageObject\",\"inLanguage\":\"de\",\"@id\":\"https:\/\/now-news.de\/de\/#\/schema\/person\/image\/\",\"url\":\"https:\/\/secure.gravatar.com\/avatar\/82aafea7d8127119dd649515f56e2117?s=96&d=mm&r=g\",\"contentUrl\":\"https:\/\/secure.gravatar.com\/avatar\/82aafea7d8127119dd649515f56e2117?s=96&d=mm&r=g\",\"caption\":\"rtnews\"},\"url\":\"https:\/\/now-news.de\/de\/author\/rnews\/\"}]}<\/script>\n<!-- \/ Yoast SEO Premium plugin. -->","yoast_head_json":{"title":"&quot;F\u00fcr die Verteidigung unserer Werte&quot; : EU-Gesetz zur beschleunigten Waffenproduktion beschlossen - just-now.NEWS Deutschland","robots":{"index":"index","follow":"follow","max-snippet":"max-snippet:-1","max-image-preview":"max-image-preview:large","max-video-preview":"max-video-preview:-1"},"canonical":"https:\/\/now-news.de\/de\/deutschland\/fuer-die-verteidigung-unserer-werte-eu-gesetz-zur-beschleunigten-waffenproduktion-beschlossen\/","og_locale":"de_DE","og_type":"article","og_title":"&quot;F\u00fcr die Verteidigung unserer Werte&quot; : EU-Gesetz zur beschleunigten Waffenproduktion beschlossen","og_description":"Mit einem neuen Gesetz hat die EU die Beschleunigung der Waffenproduktion f\u00fcr die Ukraine beschlossen. Demnach soll die Waffenproduktion mit 500 Millionen Euro aus dem EU-Haushalt, sowie weiterer Mittel von den Mitgliedsl\u00e4ndern gef\u00f6rdert werden. Es ginge um die Verteidigung unserer Werte und den Erhalt des Friedens auf dem Kontinent, erkl\u00e4rte Ursula von der Leyen. Am [&hellip;]","og_url":"https:\/\/now-news.de\/de\/deutschland\/fuer-die-verteidigung-unserer-werte-eu-gesetz-zur-beschleunigten-waffenproduktion-beschlossen\/","og_site_name":"just-now.NEWS Deutschland","article_publisher":"https:\/\/www.facebook.com\/wirmachenauf","article_published_time":"2023-05-10T14:40:35+00:00","og_image":[{"width":460,"height":259,"url":"https:\/\/now-news.de\/de\/wp-content\/uploads\/sites\/3\/2023\/05\/quotFuer-die-Verteidigung-unserer-Wertequot-EU-Gesetz-zur-beschleunigten-Waffenproduktion.png","type":"image\/png"}],"author":"rtnews","twitter_card":"summary_large_image","twitter_creator":"@WirMachenAuf_de","twitter_site":"@WirMachenAuf_de","twitter_misc":{"Verfasst von":"rtnews","Gesch\u00e4tzte Lesezeit":"2\u00a0Minuten"},"schema":{"@context":"https:\/\/schema.org","@graph":[{"@type":"Article","@id":"https:\/\/now-news.de\/de\/deutschland\/fuer-die-verteidigung-unserer-werte-eu-gesetz-zur-beschleunigten-waffenproduktion-beschlossen\/#article","isPartOf":{"@id":"https:\/\/now-news.de\/de\/deutschland\/fuer-die-verteidigung-unserer-werte-eu-gesetz-zur-beschleunigten-waffenproduktion-beschlossen\/"},"author":{"name":"rtnews","@id":"https:\/\/now-news.de\/de\/#\/schema\/person\/fb534a4e865501d8b3285208df34a9b5"},"headline":"&quot;F\u00fcr die Verteidigung unserer Werte&quot; : EU-Gesetz zur beschleunigten Waffenproduktion beschlossen","datePublished":"2023-05-10T14:40:35+00:00","dateModified":"2023-05-10T14:40:35+00:00","mainEntityOfPage":{"@id":"https:\/\/now-news.de\/de\/deutschland\/fuer-die-verteidigung-unserer-werte-eu-gesetz-zur-beschleunigten-waffenproduktion-beschlossen\/"},"wordCount":462,"commentCount":0,"publisher":{"@id":"https:\/\/now-news.de\/de\/#organization"},"image":{"@id":"https:\/\/now-news.de\/de\/deutschland\/fuer-die-verteidigung-unserer-werte-eu-gesetz-zur-beschleunigten-waffenproduktion-beschlossen\/#primaryimage"},"thumbnailUrl":"https:\/\/now-news.de\/de\/wp-content\/uploads\/sites\/3\/2023\/05\/quotFuer-die-Verteidigung-unserer-Wertequot-EU-Gesetz-zur-beschleunigten-Waffenproduktion.png","keywords":["beschleunigten","beschlossen","die","EUGesetz","quotF\u00fcr","unserer","Verteidigung","Waffenproduktion","Wertequot","zur"],"articleSection":["Deutschland","Russland"],"inLanguage":"de","potentialAction":[{"@type":"CommentAction","name":"Comment","target":["https:\/\/now-news.de\/de\/deutschland\/fuer-die-verteidigung-unserer-werte-eu-gesetz-zur-beschleunigten-waffenproduktion-beschlossen\/#respond"]}]},{"@type":"WebPage","@id":"https:\/\/now-news.de\/de\/deutschland\/fuer-die-verteidigung-unserer-werte-eu-gesetz-zur-beschleunigten-waffenproduktion-beschlossen\/","url":"https:\/\/now-news.de\/de\/deutschland\/fuer-die-verteidigung-unserer-werte-eu-gesetz-zur-beschleunigten-waffenproduktion-beschlossen\/","name":"&quot;F\u00fcr die Verteidigung unserer Werte&quot; : EU-Gesetz zur beschleunigten Waffenproduktion beschlossen - just-now.NEWS Deutschland","isPartOf":{"@id":"https:\/\/now-news.de\/de\/#website"},"primaryImageOfPage":{"@id":"https:\/\/now-news.de\/de\/deutschland\/fuer-die-verteidigung-unserer-werte-eu-gesetz-zur-beschleunigten-waffenproduktion-beschlossen\/#primaryimage"},"image":{"@id":"https:\/\/now-news.de\/de\/deutschland\/fuer-die-verteidigung-unserer-werte-eu-gesetz-zur-beschleunigten-waffenproduktion-beschlossen\/#primaryimage"},"thumbnailUrl":"https:\/\/now-news.de\/de\/wp-content\/uploads\/sites\/3\/2023\/05\/quotFuer-die-Verteidigung-unserer-Wertequot-EU-Gesetz-zur-beschleunigten-Waffenproduktion.png","datePublished":"2023-05-10T14:40:35+00:00","dateModified":"2023-05-10T14:40:35+00:00","breadcrumb":{"@id":"https:\/\/now-news.de\/de\/deutschland\/fuer-die-verteidigung-unserer-werte-eu-gesetz-zur-beschleunigten-waffenproduktion-beschlossen\/#breadcrumb"},"inLanguage":"de","potentialAction":[{"@type":"ReadAction","target":["https:\/\/now-news.de\/de\/deutschland\/fuer-die-verteidigung-unserer-werte-eu-gesetz-zur-beschleunigten-waffenproduktion-beschlossen\/"]}]},{"@type":"ImageObject","inLanguage":"de","@id":"https:\/\/now-news.de\/de\/deutschland\/fuer-die-verteidigung-unserer-werte-eu-gesetz-zur-beschleunigten-waffenproduktion-beschlossen\/#primaryimage","url":"https:\/\/now-news.de\/de\/wp-content\/uploads\/sites\/3\/2023\/05\/quotFuer-die-Verteidigung-unserer-Wertequot-EU-Gesetz-zur-beschleunigten-Waffenproduktion.png","contentUrl":"https:\/\/now-news.de\/de\/wp-content\/uploads\/sites\/3\/2023\/05\/quotFuer-die-Verteidigung-unserer-Wertequot-EU-Gesetz-zur-beschleunigten-Waffenproduktion.png","width":460,"height":259,"caption":"&quot;F\u00fcr die Verteidigung unserer Werte&quot; : EU-Gesetz zur beschleunigten Waffenproduktion beschlossen"},{"@type":"BreadcrumbList","@id":"https:\/\/now-news.de\/de\/deutschland\/fuer-die-verteidigung-unserer-werte-eu-gesetz-zur-beschleunigten-waffenproduktion-beschlossen\/#breadcrumb","itemListElement":[{"@type":"ListItem","position":1,"name":"Home","item":"https:\/\/now-news.de\/de\/"},{"@type":"ListItem","position":2,"name":"&quot;F\u00fcr die Verteidigung unserer Werte&quot; : EU-Gesetz zur beschleunigten Waffenproduktion beschlossen"}]},{"@type":"WebSite","@id":"https:\/\/now-news.de\/de\/#website","url":"https:\/\/now-news.de\/de\/","name":"just-now.NEWS Deutschland","description":"Das Portal f\u00fcr unzensierte Nachrichten aus der Welt","publisher":{"@id":"https:\/\/now-news.de\/de\/#organization"},"potentialAction":[{"@type":"SearchAction","target":{"@type":"EntryPoint","urlTemplate":"https:\/\/now-news.de\/de\/?s={search_term_string}"},"query-input":"required name=search_term_string"}],"inLanguage":"de"},{"@type":"Organization","@id":"https:\/\/now-news.de\/de\/#organization","name":"Just Now News","url":"https:\/\/now-news.de\/de\/","logo":{"@type":"ImageObject","inLanguage":"de","@id":"https:\/\/now-news.de\/de\/#\/schema\/logo\/image\/","url":"http:\/\/just-now.news\/de\/wp-content\/uploads\/sites\/3\/2022\/04\/logo500x500.jpg","contentUrl":"http:\/\/just-now.news\/de\/wp-content\/uploads\/sites\/3\/2022\/04\/logo500x500.jpg","width":500,"height":500,"caption":"Just Now News"},"image":{"@id":"https:\/\/now-news.de\/de\/#\/schema\/logo\/image\/"},"sameAs":["https:\/\/www.facebook.com\/wirmachenauf","https:\/\/x.com\/WirMachenAuf_de"]},{"@type":"Person","@id":"https:\/\/now-news.de\/de\/#\/schema\/person\/fb534a4e865501d8b3285208df34a9b5","name":"rtnews","image":{"@type":"ImageObject","inLanguage":"de","@id":"https:\/\/now-news.de\/de\/#\/schema\/person\/image\/","url":"https:\/\/secure.gravatar.com\/avatar\/82aafea7d8127119dd649515f56e2117?s=96&d=mm&r=g","contentUrl":"https:\/\/secure.gravatar.com\/avatar\/82aafea7d8127119dd649515f56e2117?s=96&d=mm&r=g","caption":"rtnews"},"url":"https:\/\/now-news.de\/de\/author\/rnews\/"}]}},"_links":{"self":[{"href":"https:\/\/now-news.de\/de\/wp-json\/wp\/v2\/posts\/35765"}],"collection":[{"href":"https:\/\/now-news.de\/de\/wp-json\/wp\/v2\/posts"}],"about":[{"href":"https:\/\/now-news.de\/de\/wp-json\/wp\/v2\/types\/post"}],"author":[{"embeddable":true,"href":"https:\/\/now-news.de\/de\/wp-json\/wp\/v2\/users\/3"}],"replies":[{"embeddable":true,"href":"https:\/\/now-news.de\/de\/wp-json\/wp\/v2\/comments?post=35765"}],"version-history":[{"count":0,"href":"https:\/\/now-news.de\/de\/wp-json\/wp\/v2\/posts\/35765\/revisions"}],"wp:featuredmedia":[{"embeddable":true,"href":"https:\/\/now-news.de\/de\/wp-json\/wp\/v2\/media\/35766"}],"wp:attachment":[{"href":"https:\/\/now-news.de\/de\/wp-json\/wp\/v2\/media?parent=35765"}],"wp:term":[{"taxonomy":"category","embeddable":true,"href":"https:\/\/now-news.de\/de\/wp-json\/wp\/v2\/categories?post=35765"},{"taxonomy":"post_tag","embeddable":true,"href":"https:\/\/now-news.de\/de\/wp-json\/wp\/v2\/tags?post=35765"}],"curies":[{"name":"wp","href":"https:\/\/api.w.org\/{rel}","templated":true}]}}