{"id":35753,"date":"2023-05-10T15:09:13","date_gmt":"2023-05-10T13:09:13","guid":{"rendered":"https:\/\/just-now.news\/de\/deutschland\/nach-festnahme-des-frueheren-ministerpraesidenten-pakistan-steuert-auf-heftige-unruhen-zu\/"},"modified":"2023-05-10T15:09:13","modified_gmt":"2023-05-10T13:09:13","slug":"nach-festnahme-des-frueheren-ministerpraesidenten-pakistan-steuert-auf-heftige-unruhen-zu","status":"publish","type":"post","link":"https:\/\/now-news.de\/de\/deutschland\/nach-festnahme-des-frueheren-ministerpraesidenten-pakistan-steuert-auf-heftige-unruhen-zu\/","title":{"rendered":"Nach Festnahme des fr\u00fcheren Ministerpr\u00e4sidenten: Pakistan steuert auf heftige Unruhen zu"},"content":{"rendered":"<p><img decoding=\"async\" src=\"http:\/\/just-now.news\/de\/wp-content\/uploads\/sites\/3\/2023\/05\/645b4b8048fbef18cc27c1e1.jpg\" \/><\/p>\n<div class=\"Text-root Text-type_1 \">\n                Seit der Absetzung von Imran Khan als Ministerpr\u00e4sident bringt Pakistans Justiz immer neue Vorw\u00fcrfe gegen ihn vor. Khan sprach bereits von einer US-amerikanischen Verschw\u00f6rung gegen ihn. Der Ex-Premier wurde am Dienstag nach seinem Eintreffen auf dem Gerichtsgel\u00e4nde von paramilit\u00e4rischen Einheiten abgef\u00fchrt. Danach brachen neue Unruhen in Pakistan aus.\n            <\/div>\n<p><\/p>\n<div class=\"Text-root Text-type_5 ArticleView-text ViewText-root \">\n<p>Sicherheitskr\u00e4fte hatten den Ex-Premier Imran Khan, der im vergangenen Jahr durch ein Misstrauensvotum als Regierungschef gest\u00fcrzt worden war, am Dienstagmorgen \u00fcberraschend festgenommen, als er vor dem High Court der Hauptstadt Islamabad erscheinen wollte, um in einem Korruptionsverfahren gegen ihn aussagen. Berichten zufolge\u00a0zerrten\u00a0Sicherheitskr\u00e4fte Khan\u00a0aus\u00a0dem Gerichtsgeb\u00e4ude.<\/p>\n<p>Pakistanische\u00a0Medien berichteten, &#8220;paramilit\u00e4rische Einheiten&#8221; h\u00e4tten kurz nach Khans Ankunft auf dem Gerichtsgel\u00e4nde die Tore mit gepanzerten Fahrzeugen blockiert und den\u00a0ehemaligen\u00a0Ministerpr\u00e4sidenten abgef\u00fchrt.<\/p>\n<div class=\"EmbedBlock-root EmbedBlock-twitter\">\n<div class=\"TwitterEmbed\">\n<blockquote class=\"twitter-tweet lazyload\" data-twitter=\"twitter-tweet\">\n<p lang=\"ur\" dir=\"rtl\">\u0639\u0645\u0631\u0627\u0646 \u062e\u0627\u0646 \u06a9\u06cc \u06af\u0631\u0641\u062a\u0627\u0631\u06cc \u06a9\u06d2 \u0645\u0646\u0627\u0638\u0631\u06d4 \u0631\u06cc\u0646\u062c\u0631\u0632 \u0627\u06c1\u0644\u06a9\u0627\u0631 \u0686\u06cc\u0626\u0631\u0645\u06cc\u0646 \u067e\u06cc \u0679\u06cc \u0622\u0626\u06cc \u06a9\u0648 \u062f\u06be\u06a9\u06d2 \u062f\u06cc\u062a\u06d2 \u06c1\u0648\u0626\u06d2 \u0644\u06d2 \u06af\u0626\u06d2\u06d4\u06af\u0631\u0641\u062a\u0627\u0631\u06cc \u06a9\u06d2 \u062f\u0648\u0631\u0627\u0646 \u0639\u0645\u0631\u0627\u0646 \u062e\u0627\u0646 \u067e\u0631 \u0628\u062f \u062a\u0631\u06cc\u0646 \u062a\u0634\u062f\u062f \u06a9\u06cc\u0627 \u06af\u06cc\u0627 \u060c \u0645\u06cc\u0688\u06cc\u0627 \u06a9\u0648\u0627\u0631\u0688\u06cc \u0646\u06cc\u0679\u0631 \u0645\u0633\u0631\u062a \u0686\u06cc\u0645\u06c1Video of Imran Khan\u2019s arrest. Imran Khan pushed and shoved into a vehicle during the arrest by Rangers\u2026 <a rel=\"nofollow noopener\" target=\"_blank\" href=\"https:\/\/t.co\/JvfEX81KvT\">pic.twitter.com\/JvfEX81KvT<\/a><\/p>\n<p>\u2014 Raftar (@raftardotcom) <a rel=\"nofollow noopener\" target=\"_blank\" href=\"https:\/\/twitter.com\/raftardotcom\/status\/1655875493986709505?ref_src=twsrc%5Etfw\">May 9, 2023<\/a><\/p><\/blockquote>\n<\/div>\n<\/div>\n<p>Dies stellt eine dramatische Eskalation der politischen Spannungen dar, die bereits zu gewaltsamen Demonstrationen seiner w\u00fctenden Anh\u00e4nger im ganzen Land f\u00fchrte.<\/p>\n<p>Neben f\u00fcnf verletzten Personen kam mindestens eine Person sogar ums Leben bei Zusammenst\u00f6\u00dfen zwischen Demonstranten und dem Milit\u00e4r in Quetta, der Hauptstadt der Provinz Belutschistan. Etwa 15 Personen wurden bei \u00e4hnlichen Ausschreitungen in Karatschi, Peschawar, Rawalpindi und Lahore verletzt. Die Polizei setzte Tr\u00e4nengas ein, um die Demonstrationen aufzul\u00f6sen.\u00a0Als sich die Nachricht von der Verhaftung verbreitete, st\u00fcrmten etwa 4.000 Anh\u00e4nger Khans die offizielle Residenz des obersten regionalen Befehlshabers in Lahore, zerschlugen Fenster und T\u00fcren, besch\u00e4digten M\u00f6bel und veranstalteten einen Sitzstreik, w\u00e4hrend sich die Truppen dort zur\u00fcckzogen, um Gewalt zu vermeiden. Die Demonstranten z\u00fcndeten auch Polizeifahrzeuge an und blockierten wichtige Stra\u00dfen.<\/p>\n<div class=\"EmbedBlock-root EmbedBlock-twitter\">\n<div class=\"TwitterEmbed\">\n<blockquote class=\"twitter-tweet lazyload\" data-twitter=\"twitter-tweet\">\n<p lang=\"en\" dir=\"ltr\">Unfortunate Scenes outside Lahore Corps Commander HOUSE <a rel=\"nofollow noopener\" target=\"_blank\" href=\"https:\/\/t.co\/UCuMG0vcSd\">pic.twitter.com\/UCuMG0vcSd<\/a><\/p>\n<p>\u2014 Raftar (@raftardotcom) <a rel=\"nofollow noopener\" target=\"_blank\" href=\"https:\/\/twitter.com\/raftardotcom\/status\/1655939172811804672?ref_src=twsrc%5Etfw\">May 9, 2023<\/a><\/p><\/blockquote>\n<\/div>\n<\/div>\n<p>In drei von vier Provinzen des Landes setzten die Beh\u00f6rden Notstandsgesetze in Kraft und verboten \u00f6ffentliche Versammlungen. Das Innenministerium ordnete Einschr\u00e4nkungen der Kommunikation \u00fcber Internet an.<\/p>\n<p>Offenbar war die Festnahme von Khan nicht vom High Court selbst angeordnet worden. Dessen Oberster Richter protestierte gegen die Aktion und drohte, Ministerpr\u00e4sident Shehbaz Sharif vorzuladen, wenn er keine Auskunft \u00fcber die Hintergr\u00fcnde der Festnahme erhalte. Damit hat\u00a0sich Khan-Fall in Pakistan offenbar zu einer Staatskrise entwickelt.<\/p>\n<p>Khan\u00a0nannte mehrfach die gegen ihn eingeleiteten Verfahren, zu denen auch Terrorismusvorw\u00fcrfe geh\u00f6ren, als politisch motiviertes Komplott seines Nachfolgers, des derzeitigen Premierministers Shehbaz Sharif, und hatte erkl\u00e4rt, seine Absetzung sei illegal und Ergebnis einer Verschw\u00f6rung des Westens. Khan hat eine Kampagne gegen Sharif gef\u00fchrt und vorgezogene Wahlen gefordert.<\/p>\n<p>Khan steht weiterhin an der Spitze der oppositionellen Partei PTI und will bei den anstehenden Wahlen im Herbst zur\u00fcck an die Macht kommen. Seit dem j\u00fcngsten Attentat auf ihn stilisiert sich Khan\u00a0mehr denn je als Kandidat des Volkes gegen\u00a0die Eliten, die sich gegen ihn verb\u00fcndet h\u00e4tten.<\/p>\n<p><strong>Mehr zum Thema<\/strong> &#8211; <a rel=\"nofollow noopener\" target=\"_blank\" href=\"https:\/\/test.rtde.me\/der-nahe-osten\/135366-regierungskrise-im-pakistan-wie-wurde\/\">Regierungskrise in Pakistan: Wie wurde Imran Khan im Westen auf einmal zum B\u00f6sewicht?<\/a><\/p>\n<div class=\"EmbedBlock-root EmbedBlock-externalVideo EmbedBlock-vk\">\n<div class=\"VkEmbed\"><iframe class=\"lazyload\" data-src=\"https:\/\/vk.com\/video_ext.php?oid=-134310637&amp;id=456256467&amp;hash=a0820c118885272e\" frameborder=\"0\" width=\"853\" height=\"480\" allowfullscreen><\/iframe><\/div>\n<\/div>\n<\/div>\n<p><script async src=\"https:\/\/platform.twitter.com\/widgets.js\" charset=\"utf-8\"><\/script><br \/>\n<br \/><br \/>\n<br \/><a href=\"https:\/\/de.rt.com\/asien\/169674-nach-festnahme-frueheren-ministerpraesidenten-pakistan\/\">Source link <\/a><\/p>\n","protected":false},"excerpt":{"rendered":"<p>Seit der Absetzung von Imran Khan als Ministerpr\u00e4sident bringt Pakistans Justiz immer neue Vorw\u00fcrfe gegen ihn vor. Khan sprach bereits von einer US-amerikanischen Verschw\u00f6rung gegen ihn. Der Ex-Premier wurde am Dienstag nach seinem Eintreffen auf dem Gerichtsgel\u00e4nde von paramilit\u00e4rischen Einheiten abgef\u00fchrt. Danach brachen neue Unruhen in Pakistan aus. Sicherheitskr\u00e4fte hatten den Ex-Premier Imran Khan, der [&hellip;]<\/p>\n","protected":false},"author":3,"featured_media":35754,"comment_status":"open","ping_status":"open","sticky":false,"template":"","format":"standard","meta":{"_yoast_indexnow_last_ping":["1683724322"],"wp_automatic_camp":["217"],"e9fe31f5f91f1588eb909d987c8914b7":["Nach Festnahme des fr\u00fcheren Ministerpr\u00e4sidenten: Pakistan steuert auf heftige Unruhen zu"],"original_link":["https:\/\/de.rt.com\/asien\/169674-nach-festnahme-frueheren-ministerpraesidenten-pakistan\/"],"_thumbnail_id":["35754"],"_wptgpro_p2tg_sent2tg":["a:1:{i:23737;s:19:\"2023-05-10 15:13:20\";}"],"jnews_social_counter_last_update":["1777626645"]},"categories":[19,23],"tags":[133,583,24473,21158,20589,22556,979,1787,24191,18809],"yoast_head":"<!-- This site is optimized with the Yoast SEO Premium plugin v22.7 (Yoast SEO v22.7) - https:\/\/yoast.com\/wordpress\/plugins\/seo\/ -->\n<title>Nach Festnahme des fr\u00fcheren Ministerpr\u00e4sidenten: Pakistan steuert auf heftige Unruhen zu - just-now.NEWS Deutschland<\/title>\n<meta name=\"robots\" content=\"index, follow, max-snippet:-1, max-image-preview:large, max-video-preview:-1\" \/>\n<link rel=\"canonical\" href=\"https:\/\/now-news.de\/de\/deutschland\/nach-festnahme-des-frueheren-ministerpraesidenten-pakistan-steuert-auf-heftige-unruhen-zu\/\" \/>\n<meta property=\"og:locale\" content=\"de_DE\" \/>\n<meta property=\"og:type\" content=\"article\" \/>\n<meta property=\"og:title\" content=\"Nach Festnahme des fr\u00fcheren Ministerpr\u00e4sidenten: Pakistan steuert auf heftige Unruhen zu\" \/>\n<meta property=\"og:description\" content=\"Seit der Absetzung von Imran Khan als Ministerpr\u00e4sident bringt Pakistans Justiz immer neue Vorw\u00fcrfe gegen ihn vor. Khan sprach bereits von einer US-amerikanischen Verschw\u00f6rung gegen ihn. Der Ex-Premier wurde am Dienstag nach seinem Eintreffen auf dem Gerichtsgel\u00e4nde von paramilit\u00e4rischen Einheiten abgef\u00fchrt. Danach brachen neue Unruhen in Pakistan aus. Sicherheitskr\u00e4fte hatten den Ex-Premier Imran Khan, der [&hellip;]\" \/>\n<meta property=\"og:url\" content=\"https:\/\/now-news.de\/de\/deutschland\/nach-festnahme-des-frueheren-ministerpraesidenten-pakistan-steuert-auf-heftige-unruhen-zu\/\" \/>\n<meta property=\"og:site_name\" content=\"just-now.NEWS Deutschland\" \/>\n<meta property=\"article:publisher\" content=\"https:\/\/www.facebook.com\/wirmachenauf\" \/>\n<meta property=\"article:published_time\" content=\"2023-05-10T13:09:13+00:00\" \/>\n<meta property=\"og:image\" content=\"https:\/\/now-news.de\/de\/wp-content\/uploads\/sites\/3\/2023\/05\/Nach-Festnahme-des-frueheren-Ministerpraesidenten-Pakistan-steuert-auf-heftige-Unruhen.jpg\" \/>\n\t<meta property=\"og:image:width\" content=\"460\" \/>\n\t<meta property=\"og:image:height\" content=\"259\" \/>\n\t<meta property=\"og:image:type\" content=\"image\/jpeg\" \/>\n<meta name=\"author\" content=\"rtnews\" \/>\n<meta name=\"twitter:card\" content=\"summary_large_image\" \/>\n<meta name=\"twitter:creator\" content=\"@WirMachenAuf_de\" \/>\n<meta name=\"twitter:site\" content=\"@WirMachenAuf_de\" \/>\n<meta name=\"twitter:label1\" content=\"Verfasst von\" \/>\n\t<meta name=\"twitter:data1\" content=\"rtnews\" \/>\n\t<meta name=\"twitter:label2\" content=\"Gesch\u00e4tzte Lesezeit\" \/>\n\t<meta name=\"twitter:data2\" content=\"3\u00a0Minuten\" \/>\n<script type=\"application\/ld+json\" class=\"yoast-schema-graph\">{\"@context\":\"https:\/\/schema.org\",\"@graph\":[{\"@type\":\"Article\",\"@id\":\"https:\/\/now-news.de\/de\/deutschland\/nach-festnahme-des-frueheren-ministerpraesidenten-pakistan-steuert-auf-heftige-unruhen-zu\/#article\",\"isPartOf\":{\"@id\":\"https:\/\/now-news.de\/de\/deutschland\/nach-festnahme-des-frueheren-ministerpraesidenten-pakistan-steuert-auf-heftige-unruhen-zu\/\"},\"author\":{\"name\":\"rtnews\",\"@id\":\"https:\/\/now-news.de\/de\/#\/schema\/person\/fb534a4e865501d8b3285208df34a9b5\"},\"headline\":\"Nach Festnahme des fr\u00fcheren Ministerpr\u00e4sidenten: Pakistan steuert auf heftige Unruhen zu\",\"datePublished\":\"2023-05-10T13:09:13+00:00\",\"dateModified\":\"2023-05-10T13:09:13+00:00\",\"mainEntityOfPage\":{\"@id\":\"https:\/\/now-news.de\/de\/deutschland\/nach-festnahme-des-frueheren-ministerpraesidenten-pakistan-steuert-auf-heftige-unruhen-zu\/\"},\"wordCount\":529,\"commentCount\":0,\"publisher\":{\"@id\":\"https:\/\/now-news.de\/de\/#organization\"},\"image\":{\"@id\":\"https:\/\/now-news.de\/de\/deutschland\/nach-festnahme-des-frueheren-ministerpraesidenten-pakistan-steuert-auf-heftige-unruhen-zu\/#primaryimage\"},\"thumbnailUrl\":\"https:\/\/now-news.de\/de\/wp-content\/uploads\/sites\/3\/2023\/05\/Nach-Festnahme-des-frueheren-Ministerpraesidenten-Pakistan-steuert-auf-heftige-Unruhen.jpg\",\"keywords\":[\"AUF\",\"des\",\"Festnahme\",\"fr\u00fcheren\",\"heftige\",\"Ministerpr\u00e4sidenten\",\"nach\",\"Pakistan\",\"steuert\",\"Unruhen\"],\"articleSection\":[\"Deutschland\",\"Russland\"],\"inLanguage\":\"de\",\"potentialAction\":[{\"@type\":\"CommentAction\",\"name\":\"Comment\",\"target\":[\"https:\/\/now-news.de\/de\/deutschland\/nach-festnahme-des-frueheren-ministerpraesidenten-pakistan-steuert-auf-heftige-unruhen-zu\/#respond\"]}]},{\"@type\":\"WebPage\",\"@id\":\"https:\/\/now-news.de\/de\/deutschland\/nach-festnahme-des-frueheren-ministerpraesidenten-pakistan-steuert-auf-heftige-unruhen-zu\/\",\"url\":\"https:\/\/now-news.de\/de\/deutschland\/nach-festnahme-des-frueheren-ministerpraesidenten-pakistan-steuert-auf-heftige-unruhen-zu\/\",\"name\":\"Nach Festnahme des fr\u00fcheren Ministerpr\u00e4sidenten: Pakistan steuert auf heftige Unruhen zu - just-now.NEWS Deutschland\",\"isPartOf\":{\"@id\":\"https:\/\/now-news.de\/de\/#website\"},\"primaryImageOfPage\":{\"@id\":\"https:\/\/now-news.de\/de\/deutschland\/nach-festnahme-des-frueheren-ministerpraesidenten-pakistan-steuert-auf-heftige-unruhen-zu\/#primaryimage\"},\"image\":{\"@id\":\"https:\/\/now-news.de\/de\/deutschland\/nach-festnahme-des-frueheren-ministerpraesidenten-pakistan-steuert-auf-heftige-unruhen-zu\/#primaryimage\"},\"thumbnailUrl\":\"https:\/\/now-news.de\/de\/wp-content\/uploads\/sites\/3\/2023\/05\/Nach-Festnahme-des-frueheren-Ministerpraesidenten-Pakistan-steuert-auf-heftige-Unruhen.jpg\",\"datePublished\":\"2023-05-10T13:09:13+00:00\",\"dateModified\":\"2023-05-10T13:09:13+00:00\",\"breadcrumb\":{\"@id\":\"https:\/\/now-news.de\/de\/deutschland\/nach-festnahme-des-frueheren-ministerpraesidenten-pakistan-steuert-auf-heftige-unruhen-zu\/#breadcrumb\"},\"inLanguage\":\"de\",\"potentialAction\":[{\"@type\":\"ReadAction\",\"target\":[\"https:\/\/now-news.de\/de\/deutschland\/nach-festnahme-des-frueheren-ministerpraesidenten-pakistan-steuert-auf-heftige-unruhen-zu\/\"]}]},{\"@type\":\"ImageObject\",\"inLanguage\":\"de\",\"@id\":\"https:\/\/now-news.de\/de\/deutschland\/nach-festnahme-des-frueheren-ministerpraesidenten-pakistan-steuert-auf-heftige-unruhen-zu\/#primaryimage\",\"url\":\"https:\/\/now-news.de\/de\/wp-content\/uploads\/sites\/3\/2023\/05\/Nach-Festnahme-des-frueheren-Ministerpraesidenten-Pakistan-steuert-auf-heftige-Unruhen.jpg\",\"contentUrl\":\"https:\/\/now-news.de\/de\/wp-content\/uploads\/sites\/3\/2023\/05\/Nach-Festnahme-des-frueheren-Ministerpraesidenten-Pakistan-steuert-auf-heftige-Unruhen.jpg\",\"width\":460,\"height\":259,\"caption\":\"Nach Festnahme des fr\u00fcheren Ministerpr\u00e4sidenten: Pakistan steuert auf heftige Unruhen zu\"},{\"@type\":\"BreadcrumbList\",\"@id\":\"https:\/\/now-news.de\/de\/deutschland\/nach-festnahme-des-frueheren-ministerpraesidenten-pakistan-steuert-auf-heftige-unruhen-zu\/#breadcrumb\",\"itemListElement\":[{\"@type\":\"ListItem\",\"position\":1,\"name\":\"Home\",\"item\":\"https:\/\/now-news.de\/de\/\"},{\"@type\":\"ListItem\",\"position\":2,\"name\":\"Nach Festnahme des fr\u00fcheren Ministerpr\u00e4sidenten: Pakistan steuert auf heftige Unruhen zu\"}]},{\"@type\":\"WebSite\",\"@id\":\"https:\/\/now-news.de\/de\/#website\",\"url\":\"https:\/\/now-news.de\/de\/\",\"name\":\"just-now.NEWS Deutschland\",\"description\":\"Das Portal f\u00fcr unzensierte Nachrichten aus der Welt\",\"publisher\":{\"@id\":\"https:\/\/now-news.de\/de\/#organization\"},\"potentialAction\":[{\"@type\":\"SearchAction\",\"target\":{\"@type\":\"EntryPoint\",\"urlTemplate\":\"https:\/\/now-news.de\/de\/?s={search_term_string}\"},\"query-input\":\"required name=search_term_string\"}],\"inLanguage\":\"de\"},{\"@type\":\"Organization\",\"@id\":\"https:\/\/now-news.de\/de\/#organization\",\"name\":\"Just Now News\",\"url\":\"https:\/\/now-news.de\/de\/\",\"logo\":{\"@type\":\"ImageObject\",\"inLanguage\":\"de\",\"@id\":\"https:\/\/now-news.de\/de\/#\/schema\/logo\/image\/\",\"url\":\"http:\/\/just-now.news\/de\/wp-content\/uploads\/sites\/3\/2022\/04\/logo500x500.jpg\",\"contentUrl\":\"http:\/\/just-now.news\/de\/wp-content\/uploads\/sites\/3\/2022\/04\/logo500x500.jpg\",\"width\":500,\"height\":500,\"caption\":\"Just Now News\"},\"image\":{\"@id\":\"https:\/\/now-news.de\/de\/#\/schema\/logo\/image\/\"},\"sameAs\":[\"https:\/\/www.facebook.com\/wirmachenauf\",\"https:\/\/x.com\/WirMachenAuf_de\"]},{\"@type\":\"Person\",\"@id\":\"https:\/\/now-news.de\/de\/#\/schema\/person\/fb534a4e865501d8b3285208df34a9b5\",\"name\":\"rtnews\",\"image\":{\"@type\":\"ImageObject\",\"inLanguage\":\"de\",\"@id\":\"https:\/\/now-news.de\/de\/#\/schema\/person\/image\/\",\"url\":\"https:\/\/secure.gravatar.com\/avatar\/82aafea7d8127119dd649515f56e2117?s=96&d=mm&r=g\",\"contentUrl\":\"https:\/\/secure.gravatar.com\/avatar\/82aafea7d8127119dd649515f56e2117?s=96&d=mm&r=g\",\"caption\":\"rtnews\"},\"url\":\"https:\/\/now-news.de\/de\/author\/rnews\/\"}]}<\/script>\n<!-- \/ Yoast SEO Premium plugin. -->","yoast_head_json":{"title":"Nach Festnahme des fr\u00fcheren Ministerpr\u00e4sidenten: Pakistan steuert auf heftige Unruhen zu - just-now.NEWS Deutschland","robots":{"index":"index","follow":"follow","max-snippet":"max-snippet:-1","max-image-preview":"max-image-preview:large","max-video-preview":"max-video-preview:-1"},"canonical":"https:\/\/now-news.de\/de\/deutschland\/nach-festnahme-des-frueheren-ministerpraesidenten-pakistan-steuert-auf-heftige-unruhen-zu\/","og_locale":"de_DE","og_type":"article","og_title":"Nach Festnahme des fr\u00fcheren Ministerpr\u00e4sidenten: Pakistan steuert auf heftige Unruhen zu","og_description":"Seit der Absetzung von Imran Khan als Ministerpr\u00e4sident bringt Pakistans Justiz immer neue Vorw\u00fcrfe gegen ihn vor. Khan sprach bereits von einer US-amerikanischen Verschw\u00f6rung gegen ihn. Der Ex-Premier wurde am Dienstag nach seinem Eintreffen auf dem Gerichtsgel\u00e4nde von paramilit\u00e4rischen Einheiten abgef\u00fchrt. Danach brachen neue Unruhen in Pakistan aus. Sicherheitskr\u00e4fte hatten den Ex-Premier Imran Khan, der [&hellip;]","og_url":"https:\/\/now-news.de\/de\/deutschland\/nach-festnahme-des-frueheren-ministerpraesidenten-pakistan-steuert-auf-heftige-unruhen-zu\/","og_site_name":"just-now.NEWS Deutschland","article_publisher":"https:\/\/www.facebook.com\/wirmachenauf","article_published_time":"2023-05-10T13:09:13+00:00","og_image":[{"width":460,"height":259,"url":"https:\/\/now-news.de\/de\/wp-content\/uploads\/sites\/3\/2023\/05\/Nach-Festnahme-des-frueheren-Ministerpraesidenten-Pakistan-steuert-auf-heftige-Unruhen.jpg","type":"image\/jpeg"}],"author":"rtnews","twitter_card":"summary_large_image","twitter_creator":"@WirMachenAuf_de","twitter_site":"@WirMachenAuf_de","twitter_misc":{"Verfasst von":"rtnews","Gesch\u00e4tzte Lesezeit":"3\u00a0Minuten"},"schema":{"@context":"https:\/\/schema.org","@graph":[{"@type":"Article","@id":"https:\/\/now-news.de\/de\/deutschland\/nach-festnahme-des-frueheren-ministerpraesidenten-pakistan-steuert-auf-heftige-unruhen-zu\/#article","isPartOf":{"@id":"https:\/\/now-news.de\/de\/deutschland\/nach-festnahme-des-frueheren-ministerpraesidenten-pakistan-steuert-auf-heftige-unruhen-zu\/"},"author":{"name":"rtnews","@id":"https:\/\/now-news.de\/de\/#\/schema\/person\/fb534a4e865501d8b3285208df34a9b5"},"headline":"Nach Festnahme des fr\u00fcheren Ministerpr\u00e4sidenten: Pakistan steuert auf heftige Unruhen zu","datePublished":"2023-05-10T13:09:13+00:00","dateModified":"2023-05-10T13:09:13+00:00","mainEntityOfPage":{"@id":"https:\/\/now-news.de\/de\/deutschland\/nach-festnahme-des-frueheren-ministerpraesidenten-pakistan-steuert-auf-heftige-unruhen-zu\/"},"wordCount":529,"commentCount":0,"publisher":{"@id":"https:\/\/now-news.de\/de\/#organization"},"image":{"@id":"https:\/\/now-news.de\/de\/deutschland\/nach-festnahme-des-frueheren-ministerpraesidenten-pakistan-steuert-auf-heftige-unruhen-zu\/#primaryimage"},"thumbnailUrl":"https:\/\/now-news.de\/de\/wp-content\/uploads\/sites\/3\/2023\/05\/Nach-Festnahme-des-frueheren-Ministerpraesidenten-Pakistan-steuert-auf-heftige-Unruhen.jpg","keywords":["AUF","des","Festnahme","fr\u00fcheren","heftige","Ministerpr\u00e4sidenten","nach","Pakistan","steuert","Unruhen"],"articleSection":["Deutschland","Russland"],"inLanguage":"de","potentialAction":[{"@type":"CommentAction","name":"Comment","target":["https:\/\/now-news.de\/de\/deutschland\/nach-festnahme-des-frueheren-ministerpraesidenten-pakistan-steuert-auf-heftige-unruhen-zu\/#respond"]}]},{"@type":"WebPage","@id":"https:\/\/now-news.de\/de\/deutschland\/nach-festnahme-des-frueheren-ministerpraesidenten-pakistan-steuert-auf-heftige-unruhen-zu\/","url":"https:\/\/now-news.de\/de\/deutschland\/nach-festnahme-des-frueheren-ministerpraesidenten-pakistan-steuert-auf-heftige-unruhen-zu\/","name":"Nach Festnahme des fr\u00fcheren Ministerpr\u00e4sidenten: Pakistan steuert auf heftige Unruhen zu - just-now.NEWS Deutschland","isPartOf":{"@id":"https:\/\/now-news.de\/de\/#website"},"primaryImageOfPage":{"@id":"https:\/\/now-news.de\/de\/deutschland\/nach-festnahme-des-frueheren-ministerpraesidenten-pakistan-steuert-auf-heftige-unruhen-zu\/#primaryimage"},"image":{"@id":"https:\/\/now-news.de\/de\/deutschland\/nach-festnahme-des-frueheren-ministerpraesidenten-pakistan-steuert-auf-heftige-unruhen-zu\/#primaryimage"},"thumbnailUrl":"https:\/\/now-news.de\/de\/wp-content\/uploads\/sites\/3\/2023\/05\/Nach-Festnahme-des-frueheren-Ministerpraesidenten-Pakistan-steuert-auf-heftige-Unruhen.jpg","datePublished":"2023-05-10T13:09:13+00:00","dateModified":"2023-05-10T13:09:13+00:00","breadcrumb":{"@id":"https:\/\/now-news.de\/de\/deutschland\/nach-festnahme-des-frueheren-ministerpraesidenten-pakistan-steuert-auf-heftige-unruhen-zu\/#breadcrumb"},"inLanguage":"de","potentialAction":[{"@type":"ReadAction","target":["https:\/\/now-news.de\/de\/deutschland\/nach-festnahme-des-frueheren-ministerpraesidenten-pakistan-steuert-auf-heftige-unruhen-zu\/"]}]},{"@type":"ImageObject","inLanguage":"de","@id":"https:\/\/now-news.de\/de\/deutschland\/nach-festnahme-des-frueheren-ministerpraesidenten-pakistan-steuert-auf-heftige-unruhen-zu\/#primaryimage","url":"https:\/\/now-news.de\/de\/wp-content\/uploads\/sites\/3\/2023\/05\/Nach-Festnahme-des-frueheren-Ministerpraesidenten-Pakistan-steuert-auf-heftige-Unruhen.jpg","contentUrl":"https:\/\/now-news.de\/de\/wp-content\/uploads\/sites\/3\/2023\/05\/Nach-Festnahme-des-frueheren-Ministerpraesidenten-Pakistan-steuert-auf-heftige-Unruhen.jpg","width":460,"height":259,"caption":"Nach Festnahme des fr\u00fcheren Ministerpr\u00e4sidenten: Pakistan steuert auf heftige Unruhen zu"},{"@type":"BreadcrumbList","@id":"https:\/\/now-news.de\/de\/deutschland\/nach-festnahme-des-frueheren-ministerpraesidenten-pakistan-steuert-auf-heftige-unruhen-zu\/#breadcrumb","itemListElement":[{"@type":"ListItem","position":1,"name":"Home","item":"https:\/\/now-news.de\/de\/"},{"@type":"ListItem","position":2,"name":"Nach Festnahme des fr\u00fcheren Ministerpr\u00e4sidenten: Pakistan steuert auf heftige Unruhen zu"}]},{"@type":"WebSite","@id":"https:\/\/now-news.de\/de\/#website","url":"https:\/\/now-news.de\/de\/","name":"just-now.NEWS Deutschland","description":"Das Portal f\u00fcr unzensierte Nachrichten aus der Welt","publisher":{"@id":"https:\/\/now-news.de\/de\/#organization"},"potentialAction":[{"@type":"SearchAction","target":{"@type":"EntryPoint","urlTemplate":"https:\/\/now-news.de\/de\/?s={search_term_string}"},"query-input":"required name=search_term_string"}],"inLanguage":"de"},{"@type":"Organization","@id":"https:\/\/now-news.de\/de\/#organization","name":"Just Now News","url":"https:\/\/now-news.de\/de\/","logo":{"@type":"ImageObject","inLanguage":"de","@id":"https:\/\/now-news.de\/de\/#\/schema\/logo\/image\/","url":"http:\/\/just-now.news\/de\/wp-content\/uploads\/sites\/3\/2022\/04\/logo500x500.jpg","contentUrl":"http:\/\/just-now.news\/de\/wp-content\/uploads\/sites\/3\/2022\/04\/logo500x500.jpg","width":500,"height":500,"caption":"Just Now News"},"image":{"@id":"https:\/\/now-news.de\/de\/#\/schema\/logo\/image\/"},"sameAs":["https:\/\/www.facebook.com\/wirmachenauf","https:\/\/x.com\/WirMachenAuf_de"]},{"@type":"Person","@id":"https:\/\/now-news.de\/de\/#\/schema\/person\/fb534a4e865501d8b3285208df34a9b5","name":"rtnews","image":{"@type":"ImageObject","inLanguage":"de","@id":"https:\/\/now-news.de\/de\/#\/schema\/person\/image\/","url":"https:\/\/secure.gravatar.com\/avatar\/82aafea7d8127119dd649515f56e2117?s=96&d=mm&r=g","contentUrl":"https:\/\/secure.gravatar.com\/avatar\/82aafea7d8127119dd649515f56e2117?s=96&d=mm&r=g","caption":"rtnews"},"url":"https:\/\/now-news.de\/de\/author\/rnews\/"}]}},"_links":{"self":[{"href":"https:\/\/now-news.de\/de\/wp-json\/wp\/v2\/posts\/35753"}],"collection":[{"href":"https:\/\/now-news.de\/de\/wp-json\/wp\/v2\/posts"}],"about":[{"href":"https:\/\/now-news.de\/de\/wp-json\/wp\/v2\/types\/post"}],"author":[{"embeddable":true,"href":"https:\/\/now-news.de\/de\/wp-json\/wp\/v2\/users\/3"}],"replies":[{"embeddable":true,"href":"https:\/\/now-news.de\/de\/wp-json\/wp\/v2\/comments?post=35753"}],"version-history":[{"count":0,"href":"https:\/\/now-news.de\/de\/wp-json\/wp\/v2\/posts\/35753\/revisions"}],"wp:featuredmedia":[{"embeddable":true,"href":"https:\/\/now-news.de\/de\/wp-json\/wp\/v2\/media\/35754"}],"wp:attachment":[{"href":"https:\/\/now-news.de\/de\/wp-json\/wp\/v2\/media?parent=35753"}],"wp:term":[{"taxonomy":"category","embeddable":true,"href":"https:\/\/now-news.de\/de\/wp-json\/wp\/v2\/categories?post=35753"},{"taxonomy":"post_tag","embeddable":true,"href":"https:\/\/now-news.de\/de\/wp-json\/wp\/v2\/tags?post=35753"}],"curies":[{"name":"wp","href":"https:\/\/api.w.org\/{rel}","templated":true}]}}