{"id":3573,"date":"2022-04-26T06:37:40","date_gmt":"2022-04-26T07:37:40","guid":{"rendered":"http:\/\/just-now.news\/de\/deutschland\/sachverstaendigenrat-lauterbach-behindert-geplante-evaluierung-der-corona-massnahmen\/"},"modified":"2022-04-26T06:37:40","modified_gmt":"2022-04-26T07:37:40","slug":"sachverstaendigenrat-lauterbach-behindert-geplante-evaluierung-der-corona-massnahmen","status":"publish","type":"post","link":"https:\/\/now-news.de\/de\/deutschland\/sachverstaendigenrat-lauterbach-behindert-geplante-evaluierung-der-corona-massnahmen\/","title":{"rendered":"Sachverst\u00e4ndigenrat: Lauterbach behindert geplante Evaluierung der Corona-Ma\u00dfnahmen"},"content":{"rendered":"<div class=\"Text-root Text-type_5 ArticleView-text ViewText-root \">\n<p>Seit mehr als zwei Jahren\u00a0sind die Kosten und der Nutzen der Corona-Politik von Bund und L\u00e4ndern zentrale Streitpunkte in Deutschland. Bereits im M\u00e4rz 2021 wies der Bundestag das damals noch von Jens Spahn (CDU) gef\u00fchrte Bundesministerium f\u00fcr Gesundheit an, einen Sachverst\u00e4ndigenrat einzusetzen, um die Zweckm\u00e4\u00dfigkeit aller Corona-Ma\u00dfnahmen zu evaluieren. Der Auftrag der Gruppe war auch im Infektionsschutzgesetz klar beschrieben, die die Ma\u00dfnahmen neuerdings bis zum 30. Juni 2022 bewerten sollte.<\/p>\n<div class=\"ReadMore-root Section-root Section-is1to3-xs_is1to1\" data-widgets=\"ReadMore\" data-has-alias>\n<div class=\"Section-container Section-isRow-isTop-isWrap\">\n<article class=\"Card-root Card-is1to1 \">\n<div class=\"Card-imageWrap\">\n<div class=\"Card-picture\">\n<picture class=\"Picture-root Picture-default\"><!--[if IE 9]><video style=\"display: none;\"><![endif]--><source media=\"(-webkit-min-device-pixel-ratio: 2) and (min-resolution: 120dpi)\" data-srcset=\" \nhttps:\/\/cdni.russiatoday.com\/deutsch\/images\/2022.04\/thumbnail\/62629e86b480cc545451931d.jpg 850w,\n                https:\/\/cdni.russiatoday.com\/deutsch\/images\/2022.04\/article\/62629e86b480cc545451931c.jpg 1960w,\n            \" srcset=\"data:image\/png;base64,iVBORw0KGgoAAAANSUhEUgAAABAAAAAJCAQAAACRI2S5AAAAEElEQVR42mNkIAAYRxWAAQAG9gAKqv6+AwAAAABJRU5ErkJggg==\"><source data-srcset=\" \nhttps:\/\/cdni.russiatoday.com\/deutsch\/images\/2022.04\/thumbnail\/62629e86b480cc545451931d.jpg 460w,\n              https:\/\/cdni.russiatoday.com\/deutsch\/images\/2022.04\/article\/62629e86b480cc545451931c.jpg 980w,\n            \" srcset=\"data:image\/png;base64,iVBORw0KGgoAAAANSUhEUgAAABAAAAAJCAQAAACRI2S5AAAAEElEQVR42mNkIAAYRxWAAQAG9gAKqv6+AwAAAABJRU5ErkJggg==\"><!--[if IE 9]><\/video><![endif]--><\/source><\/source><\/picture><!-- noscript pattern --><noscript><img decoding=\"async\" src=\"https:\/\/cdni.russiatoday.com\/deutsch\/images\/2022.04\/article\/62629e86b480cc545451931c.jpg\" alt='Analyse und Kritik zum Inhalt einer Stellungnahme aus der Charit\u00e9 zur \"Bundesnotbremse\"'><\/noscript>    <\/div><\/div>\n<div class=\"Card-contentWrap\">\n<div class=\"Card-content\">\n<div class=\"Card-title\">\n<div class=\"HeaderNews-root HeaderNews-type_6 \">\n<p>            <a target=\"_blank\" href=\"https:\/\/de.rt.com\/inland\/136799-analyse-und-kritik-zum-inhalt\/\" class=\"Link-root Link-isFullCard \" rel=\"noopener\"><br \/>\n                Analyse und Kritik zum Inhalt einer Stellungnahme aus der Charit\u00e9 zur &#8220;Bundesnotbremse&#8221;<br \/>\n            <\/a><\/p><\/div><\/div><\/div><\/div>\n<\/article>\n<\/div><\/div>\n<p>Am vergangenen Freitag traf sich wiederum dieser Expertenrat. Die genauen Gespr\u00e4chsinhalte blieben bisher vertraulich. Doch laut einem Schreiben, das\u00a0der Tageszeitung\u00a0<em>Die Welt<\/em> vorliegt, erkl\u00e4rte w\u00e4hrend der Sitzung der Ratsvorsitzende Stefan Huster, der Verfassungsrechtler an der Ruhr-Universit\u00e4t Bochum ist, seinen Kollegen, der Bundesgesundheitsminister Karl Lauterbach (SPD) habe ihm mitgeteilt, dass es f\u00fcr die Ma\u00dfnahmenevaluation &#8220;eine Verl\u00e4ngerung oder sogar eine neue Ausschreibung geben werde&#8221;. Zun\u00e4chst m\u00fcsse das bestehende Team also nicht mehr bis Ende Juni eine Ma\u00dfnahmenevaluation vornehmen und vorlegen.<\/p>\n<p>Dabei war die urspr\u00fcnglich Deadline (31. Dezember 2021) schon einmal um ein halbes Jahr verschoben worden. Doch nun soll die Gesamtheit der Ma\u00dfnahmen der letzten zwei Jahre wom\u00f6glich gar nicht mehr bewertet werden. Auf eine diesbez\u00fcgliche Anfrage der <em>Welt<\/em> teilte ein Sprecher von Minister Lauterbach mit, dass man zu den Details der vertraulichen Gespr\u00e4che keine Auskunft gebe. Es sei jedoch &#8220;sachlich falsch&#8221;, dass die Evaluierung nun doch nicht bis zum Sommer 2022 fertig werden solle: Allerdings w\u00fcrden einige Mitglieder des Gremiums &#8220;die Datengrundlage f\u00fcr noch nicht ausreichend halten, um die Wirkung der Corona-Ma\u00dfnahmen zu bewerten und damit auch diesen Teil des Berichts abzuschlie\u00dfen&#8221;. Der Umgang mit diesem Problem werde derzeit mit dem Deutschen Bundestag abgestimmt. Am gesetzlich vereinbarten Ver\u00f6ffentlichungstermin Ende September wolle man jedoch festhalten, so der Sprecher. Dies widerspricht allerdings der Darstellung Husters als Vorsitzender des Gremiums.<\/p>\n<p>Scharfe Kritik an Lauterbachs neuestem <a target=\"_blank\" href=\"https:\/\/de.rt.com\/inland\/130490-in-30-jahren-nicht-erlebt\/\" rel=\"noopener\">Alleingang<\/a> wurde seitens der Opposition laut. So sagte der gesundheitspolitische Sprecher der Unionsfraktion Tino Sorge:<\/p>\n<blockquote>\n<p><em>&#8220;Falls ausgerechnet der Gesundheitsminister die Evaluation der Corona-Ma\u00dfnahmen ausbremst, w\u00e4re das ein neuer Tiefpunkt.&#8221;<\/em><\/p>\n<\/blockquote>\n<p>F\u00fcr eine \u00c4nderung des Arbeitsauftrags dieses Gremiums gebe es keine stichhaltigen Gr\u00fcnde.<\/p>\n<div class=\"ReadMore-root Section-root Section-is1to3-xs_is1to1\" data-widgets=\"ReadMore\" data-has-alias>\n<div class=\"Section-container Section-isRow-isTop-isWrap\">\n<article class=\"Card-root Card-is1to1 \">\n<div class=\"Card-imageWrap\">\n<div class=\"Card-picture\">\n<picture class=\"Picture-root Picture-default\"><!--[if IE 9]><video style=\"display: none;\"><![endif]--><source media=\"(-webkit-min-device-pixel-ratio: 2) and (min-resolution: 120dpi)\" data-srcset=\" \nhttps:\/\/cdni.russiatoday.com\/deutsch\/images\/2022.04\/thumbnail\/62616a9748fbef29f8225eba.jpg 850w,\n                https:\/\/cdni.russiatoday.com\/deutsch\/images\/2022.04\/article\/62616a9748fbef29f8225eb9.jpg 1960w,\n            \" srcset=\"data:image\/png;base64,iVBORw0KGgoAAAANSUhEUgAAABAAAAAJCAQAAACRI2S5AAAAEElEQVR42mNkIAAYRxWAAQAG9gAKqv6+AwAAAABJRU5ErkJggg==\"><source data-srcset=\" \nhttps:\/\/cdni.russiatoday.com\/deutsch\/images\/2022.04\/thumbnail\/62616a9748fbef29f8225eba.jpg 460w,\n              https:\/\/cdni.russiatoday.com\/deutsch\/images\/2022.04\/article\/62616a9748fbef29f8225eb9.jpg 980w,\n            \" srcset=\"data:image\/png;base64,iVBORw0KGgoAAAANSUhEUgAAABAAAAAJCAQAAACRI2S5AAAAEElEQVR42mNkIAAYRxWAAQAG9gAKqv6+AwAAAABJRU5ErkJggg==\"><!--[if IE 9]><\/video><![endif]--><img decoding=\"async\" data-sizes=\"auto\" src=\"data:image\/png;base64,iVBORw0KGgoAAAANSUhEUgAAABAAAAAJCAQAAACRI2S5AAAAEElEQVR42mNkIAAYRxWAAQAG9gAKqv6+AwAAAABJRU5ErkJggg==\" class=\"Picture-root Picture-default lazyload\" data-src=\"https:\/\/cdni.russiatoday.com\/deutsch\/images\/2022.04\/thumbnail\/62616a9748fbef29f8225eba.jpg\" alt=\"Verdacht: Verz\u00f6gerte das RKI  die Ver\u00f6ffentlichung der Impfstatistik vor der Bundestagsdebatte?\"><\/source><\/source><\/picture><!-- noscript pattern --><noscript><img decoding=\"async\" src=\"https:\/\/cdni.russiatoday.com\/deutsch\/images\/2022.04\/article\/62616a9748fbef29f8225eb9.jpg\" alt=\"Verdacht: Verz\u00f6gerte das RKI  die Ver\u00f6ffentlichung der Impfstatistik vor der Bundestagsdebatte?\"><\/noscript>    <\/div><\/div>\n<div class=\"Card-contentWrap\">\n<div class=\"Card-content\">\n<div class=\"Card-title\">\n<div class=\"HeaderNews-root HeaderNews-type_6 \">\n<p>            <a target=\"_blank\" href=\"https:\/\/de.rt.com\/inland\/136709-verdacht-verzogerte-rki-veroffentlichung-impfstatistik\/\" class=\"Link-root Link-isFullCard \" rel=\"noopener\"><br \/>\n                Verdacht: Verz\u00f6gerte das RKI  die Ver\u00f6ffentlichung der Impfstatistik vor der Bundestagsdebatte?<br \/>\n            <\/a><\/p><\/div><\/div><\/div><\/div>\n<\/article>\n<\/div><\/div>\n<p>Aber nicht nur in der Opposition, sondern auch in der &#8220;Ampel&#8221;-Koalition wird Lauterbachs Vorgehen kritisiert. So erkl\u00e4rte FDP-Vize Wolfgang Kubicki, es sei &#8220;intellektuell nicht mehr nachvollziehbar, dass Minister Lauterbach st\u00e4ndig vor einem gef\u00e4hrlichen Herbst warnt, dabei aber Erkenntnisse \u00fcber die Wirkungsweise der von ihm favorisierten Ma\u00dfnahmen, die erhebliche Grundrechtseinschr\u00e4nkungen mit sich brachten, offensiv zu verhindern trachtet&#8221;. Er wies zudem darauf hin, dass es f\u00fcr eine \u00c4nderung des Auftrags des Expertenrats einer parlamentarischen Mehrheit bed\u00fcrfe.<\/p>\n<p>Ein Mitglied des Expertengremiums, welches nicht namentlich genannt werden m\u00f6chte, sagte laut <em>Welt<\/em>, er sei von den Vorkommnissen am Freitag &#8220;entsetzt&#8221;:<\/p>\n<blockquote>\n<p><em>&#8220;Es zeugt von einer gro\u00dfen Respektlosigkeit, uns nach vielen Stunden Arbeit nun den Auftrag zur Evaluierung der Corona-Ma\u00dfnahmen entziehen zu wollen.&#8221;<\/em><\/p>\n<\/blockquote>\n<p>Bereits im M\u00e4rz pl\u00e4dierte der Charit\u00e9-Virologe Christian Drosten in einer internen Online-Konferenz daf\u00fcr, die Gesamtheit der Ma\u00dfnahmen nicht einzeln zu evaluieren. <em>Die Welt<\/em> berichtet, er habe in seinem Vortrag erkl\u00e4rt, dass es zu wenig Daten gebe und daher sei es zu fr\u00fch f\u00fcr eine solche Analyse \u2013 sonst k\u00f6nne man &#8220;in Teufels K\u00fcche&#8221; kommen.<\/p>\n<div class=\"ReadMore-root Section-root Section-is1to3-xs_is1to1\" data-widgets=\"ReadMore\" data-has-alias>\n<div class=\"Section-container Section-isRow-isTop-isWrap\">\n<article class=\"Card-root Card-is1to1 \">\n<div class=\"Card-imageWrap\">\n<div class=\"Card-picture\">\n<picture class=\"Picture-root Picture-default\"><!--[if IE 9]><video style=\"display: none;\"><![endif]--><source media=\"(-webkit-min-device-pixel-ratio: 2) and (min-resolution: 120dpi)\" data-srcset=\" \nhttps:\/\/cdni.russiatoday.com\/deutsch\/images\/2022.04\/thumbnail\/625d8b6548fbef2ed071c4bc.jpg 850w,\n                https:\/\/cdni.russiatoday.com\/deutsch\/images\/2022.04\/article\/625d8b6548fbef2ed071c4bc.jpg 1960w,\n            \" srcset=\"data:image\/png;base64,iVBORw0KGgoAAAANSUhEUgAAABAAAAAJCAQAAACRI2S5AAAAEElEQVR42mNkIAAYRxWAAQAG9gAKqv6+AwAAAABJRU5ErkJggg==\"><source data-srcset=\" \nhttps:\/\/cdni.russiatoday.com\/deutsch\/images\/2022.04\/thumbnail\/625d8b6548fbef2ed071c4bc.jpg 460w,\n              https:\/\/cdni.russiatoday.com\/deutsch\/images\/2022.04\/article\/625d8b6548fbef2ed071c4bc.jpg 980w,\n            \" srcset=\"data:image\/png;base64,iVBORw0KGgoAAAANSUhEUgAAABAAAAAJCAQAAACRI2S5AAAAEElEQVR42mNkIAAYRxWAAQAG9gAKqv6+AwAAAABJRU5ErkJggg==\"><!--[if IE 9]><\/video><![endif]--><img decoding=\"async\" data-sizes=\"auto\" src=\"data:image\/png;base64,iVBORw0KGgoAAAANSUhEUgAAABAAAAAJCAQAAACRI2S5AAAAEElEQVR42mNkIAAYRxWAAQAG9gAKqv6+AwAAAABJRU5ErkJggg==\" class=\"Picture-root Picture-default lazyload\" data-src=\"https:\/\/cdni.russiatoday.com\/deutsch\/images\/2022.04\/thumbnail\/625d8b6548fbef2ed071c4bc.jpg\" alt='Lauterbach wegen Warnung vor \"Killervariante\" in der Kritik'><\/source><\/source><\/picture><!-- noscript pattern --><noscript><img decoding=\"async\" src=\"https:\/\/cdni.russiatoday.com\/deutsch\/images\/2022.04\/article\/625d8b6548fbef2ed071c4bc.jpg\" alt='Lauterbach wegen Warnung vor \"Killervariante\" in der Kritik'><\/noscript>    <\/div><\/div>\n<div class=\"Card-contentWrap\">\n<div class=\"Card-content\">\n<div class=\"Card-title\">\n<div class=\"HeaderNews-root HeaderNews-type_6 \">\n<p>            <a target=\"_blank\" href=\"https:\/\/de.rt.com\/inland\/136449-lauterbach-kritik-wegen-warnung-vor-killervariante\/\" class=\"Link-root Link-isFullCard \" rel=\"noopener\"><br \/>\n                Lauterbach wegen Warnung vor &#8220;Killervariante&#8221; in der Kritik<br \/>\n            <\/a><\/p><\/div><\/div><\/div><\/div>\n<\/article>\n<\/div><\/div>\n<p>Angesichts der aktuellen Situation wandten sich einige Mitglieder des Evaluationsgremiums mit der Bitte um Vermittlung an das Gesundheitsministerium. Ein Vermittlungsgespr\u00e4ch des Rats mit dem Bundesminister Lauterbach und der Bundestagspr\u00e4sidentin B\u00e4rbel Bas (SPD) f\u00fchrte zu keinem Ergebnis. Ein Sprecher des Bundesministeriums erkl\u00e4rte Anfang April jedoch, das Gremium wolle und solle die Ma\u00dfnahmen wie geplant evaluieren, es gebe &#8220;einen klaren Auftrag des Gesetzgebers&#8221;.<\/p>\n<p>Zwar intervenierte Lauterbach nun erneut die Evaluierung der Corona-Ma\u00dfnahmen durch den Expertenrat. <em>Die Welt<\/em> wei\u00df jedoch zu berichten, der Rat wolle auf jeden Fall bis zum 30. Juni 2022 einen Bericht vorlegen \u2013 unabh\u00e4ngig von weiteren Interventionsversuchen des Gesundheitsministers.<\/p>\n<p><strong>Mehr zum Thema &#8211;<\/strong>\u00a0<a target=\"_blank\" href=\"https:\/\/de.rt.com\/inland\/136846-konservative-annahmen-gesundheitsministerium-kauft-fur\/\" rel=\"noopener\">&#8220;Konservative Annahmen&#8221;: Gesundheitsministerium kauft f\u00fcr 2,6 Milliarden Euro noch mehr Impfstoff<\/a><\/p>\n<\/div>\n<p><br \/>\n<br \/><a href=\"https:\/\/de.rt.com\/inland\/137010-medienberichte-lauterbach-behindert-geplante-evaluierung\/\">Source link <\/a><\/p>\n","protected":false},"excerpt":{"rendered":"<p>Seit mehr als zwei Jahren\u00a0sind die Kosten und der Nutzen der Corona-Politik von Bund und L\u00e4ndern zentrale Streitpunkte in Deutschland. Bereits im M\u00e4rz 2021 wies der Bundestag das damals noch von Jens Spahn (CDU) gef\u00fchrte Bundesministerium f\u00fcr Gesundheit an, einen Sachverst\u00e4ndigenrat einzusetzen, um die Zweckm\u00e4\u00dfigkeit aller Corona-Ma\u00dfnahmen zu evaluieren. Der Auftrag der Gruppe war auch [&hellip;]<\/p>\n","protected":false},"author":3,"featured_media":3574,"comment_status":"open","ping_status":"open","sticky":false,"template":"","format":"standard","meta":{"wp_automatic_camp":["217"],"eb5d13dbbbac2062597bac73b738cd23":["Sachverst\u00e4ndigenrat: Lauterbach behindert geplante Evaluierung der Corona-Ma\u00dfnahmen"],"original_link":["https:\/\/de.rt.com\/inland\/137010-medienberichte-lauterbach-behindert-geplante-evaluierung\/"],"_thumbnail_id":["3574"],"wp_automatic_remove_first_image":["yes"],"jnews_social_counter_last_update":["1777169845"]},"categories":[19,23],"tags":[10357,6547,82,10359,10358,1748,10356],"yoast_head":"<!-- This site is optimized with the Yoast SEO Premium plugin v22.7 (Yoast SEO v22.7) - https:\/\/yoast.com\/wordpress\/plugins\/seo\/ -->\n<title>Sachverst\u00e4ndigenrat: Lauterbach behindert geplante Evaluierung der Corona-Ma\u00dfnahmen - just-now.NEWS Deutschland<\/title>\n<meta name=\"robots\" content=\"index, follow, max-snippet:-1, max-image-preview:large, max-video-preview:-1\" \/>\n<link rel=\"canonical\" href=\"https:\/\/now-news.de\/de\/deutschland\/sachverstaendigenrat-lauterbach-behindert-geplante-evaluierung-der-corona-massnahmen\/\" \/>\n<meta property=\"og:locale\" content=\"de_DE\" \/>\n<meta property=\"og:type\" content=\"article\" \/>\n<meta property=\"og:title\" content=\"Sachverst\u00e4ndigenrat: Lauterbach behindert geplante Evaluierung der Corona-Ma\u00dfnahmen\" \/>\n<meta property=\"og:description\" content=\"Seit mehr als zwei Jahren\u00a0sind die Kosten und der Nutzen der Corona-Politik von Bund und L\u00e4ndern zentrale Streitpunkte in Deutschland. Bereits im M\u00e4rz 2021 wies der Bundestag das damals noch von Jens Spahn (CDU) gef\u00fchrte Bundesministerium f\u00fcr Gesundheit an, einen Sachverst\u00e4ndigenrat einzusetzen, um die Zweckm\u00e4\u00dfigkeit aller Corona-Ma\u00dfnahmen zu evaluieren. Der Auftrag der Gruppe war auch [&hellip;]\" \/>\n<meta property=\"og:url\" content=\"https:\/\/now-news.de\/de\/deutschland\/sachverstaendigenrat-lauterbach-behindert-geplante-evaluierung-der-corona-massnahmen\/\" \/>\n<meta property=\"og:site_name\" content=\"just-now.NEWS Deutschland\" \/>\n<meta property=\"article:publisher\" content=\"https:\/\/www.facebook.com\/wirmachenauf\" \/>\n<meta property=\"article:published_time\" content=\"2022-04-26T07:37:40+00:00\" \/>\n<meta property=\"og:image\" content=\"https:\/\/now-news.de\/de\/wp-content\/uploads\/sites\/3\/2022\/04\/Sachverstaendigenrat-Lauterbach-behindert-geplante-Evaluierung-der-Corona-Massnahmen.jpg\" \/>\n\t<meta property=\"og:image:width\" content=\"1104\" \/>\n\t<meta property=\"og:image:height\" content=\"622\" \/>\n\t<meta property=\"og:image:type\" content=\"image\/jpeg\" \/>\n<meta name=\"author\" content=\"rtnews\" \/>\n<meta name=\"twitter:card\" content=\"summary_large_image\" \/>\n<meta name=\"twitter:creator\" content=\"@WirMachenAuf_de\" \/>\n<meta name=\"twitter:site\" content=\"@WirMachenAuf_de\" \/>\n<meta name=\"twitter:label1\" content=\"Verfasst von\" \/>\n\t<meta name=\"twitter:data1\" content=\"rtnews\" \/>\n\t<meta name=\"twitter:label2\" content=\"Gesch\u00e4tzte Lesezeit\" \/>\n\t<meta name=\"twitter:data2\" content=\"4\u00a0Minuten\" \/>\n<script type=\"application\/ld+json\" class=\"yoast-schema-graph\">{\"@context\":\"https:\/\/schema.org\",\"@graph\":[{\"@type\":\"Article\",\"@id\":\"https:\/\/now-news.de\/de\/deutschland\/sachverstaendigenrat-lauterbach-behindert-geplante-evaluierung-der-corona-massnahmen\/#article\",\"isPartOf\":{\"@id\":\"https:\/\/now-news.de\/de\/deutschland\/sachverstaendigenrat-lauterbach-behindert-geplante-evaluierung-der-corona-massnahmen\/\"},\"author\":{\"name\":\"rtnews\",\"@id\":\"https:\/\/now-news.de\/de\/#\/schema\/person\/fb534a4e865501d8b3285208df34a9b5\"},\"headline\":\"Sachverst\u00e4ndigenrat: Lauterbach behindert geplante Evaluierung der Corona-Ma\u00dfnahmen\",\"datePublished\":\"2022-04-26T07:37:40+00:00\",\"dateModified\":\"2022-04-26T07:37:40+00:00\",\"mainEntityOfPage\":{\"@id\":\"https:\/\/now-news.de\/de\/deutschland\/sachverstaendigenrat-lauterbach-behindert-geplante-evaluierung-der-corona-massnahmen\/\"},\"wordCount\":715,\"commentCount\":0,\"publisher\":{\"@id\":\"https:\/\/now-news.de\/de\/#organization\"},\"image\":{\"@id\":\"https:\/\/now-news.de\/de\/deutschland\/sachverstaendigenrat-lauterbach-behindert-geplante-evaluierung-der-corona-massnahmen\/#primaryimage\"},\"thumbnailUrl\":\"https:\/\/now-news.de\/de\/wp-content\/uploads\/sites\/3\/2022\/04\/Sachverstaendigenrat-Lauterbach-behindert-geplante-Evaluierung-der-Corona-Massnahmen.jpg\",\"keywords\":[\"behindert\",\"CoronaMassnahmen\",\"der\",\"Evaluierung\",\"geplante\",\"Lauterbach\",\"Sachverst\u00e4ndigenrat\"],\"articleSection\":[\"Deutschland\",\"Russland\"],\"inLanguage\":\"de\",\"potentialAction\":[{\"@type\":\"CommentAction\",\"name\":\"Comment\",\"target\":[\"https:\/\/now-news.de\/de\/deutschland\/sachverstaendigenrat-lauterbach-behindert-geplante-evaluierung-der-corona-massnahmen\/#respond\"]}]},{\"@type\":\"WebPage\",\"@id\":\"https:\/\/now-news.de\/de\/deutschland\/sachverstaendigenrat-lauterbach-behindert-geplante-evaluierung-der-corona-massnahmen\/\",\"url\":\"https:\/\/now-news.de\/de\/deutschland\/sachverstaendigenrat-lauterbach-behindert-geplante-evaluierung-der-corona-massnahmen\/\",\"name\":\"Sachverst\u00e4ndigenrat: Lauterbach behindert geplante Evaluierung der Corona-Ma\u00dfnahmen - just-now.NEWS Deutschland\",\"isPartOf\":{\"@id\":\"https:\/\/now-news.de\/de\/#website\"},\"primaryImageOfPage\":{\"@id\":\"https:\/\/now-news.de\/de\/deutschland\/sachverstaendigenrat-lauterbach-behindert-geplante-evaluierung-der-corona-massnahmen\/#primaryimage\"},\"image\":{\"@id\":\"https:\/\/now-news.de\/de\/deutschland\/sachverstaendigenrat-lauterbach-behindert-geplante-evaluierung-der-corona-massnahmen\/#primaryimage\"},\"thumbnailUrl\":\"https:\/\/now-news.de\/de\/wp-content\/uploads\/sites\/3\/2022\/04\/Sachverstaendigenrat-Lauterbach-behindert-geplante-Evaluierung-der-Corona-Massnahmen.jpg\",\"datePublished\":\"2022-04-26T07:37:40+00:00\",\"dateModified\":\"2022-04-26T07:37:40+00:00\",\"breadcrumb\":{\"@id\":\"https:\/\/now-news.de\/de\/deutschland\/sachverstaendigenrat-lauterbach-behindert-geplante-evaluierung-der-corona-massnahmen\/#breadcrumb\"},\"inLanguage\":\"de\",\"potentialAction\":[{\"@type\":\"ReadAction\",\"target\":[\"https:\/\/now-news.de\/de\/deutschland\/sachverstaendigenrat-lauterbach-behindert-geplante-evaluierung-der-corona-massnahmen\/\"]}]},{\"@type\":\"ImageObject\",\"inLanguage\":\"de\",\"@id\":\"https:\/\/now-news.de\/de\/deutschland\/sachverstaendigenrat-lauterbach-behindert-geplante-evaluierung-der-corona-massnahmen\/#primaryimage\",\"url\":\"https:\/\/now-news.de\/de\/wp-content\/uploads\/sites\/3\/2022\/04\/Sachverstaendigenrat-Lauterbach-behindert-geplante-Evaluierung-der-Corona-Massnahmen.jpg\",\"contentUrl\":\"https:\/\/now-news.de\/de\/wp-content\/uploads\/sites\/3\/2022\/04\/Sachverstaendigenrat-Lauterbach-behindert-geplante-Evaluierung-der-Corona-Massnahmen.jpg\",\"width\":1104,\"height\":622,\"caption\":\"Sachverst\u00e4ndigenrat: Lauterbach behindert geplante Evaluierung der Corona-Ma\u00dfnahmen\"},{\"@type\":\"BreadcrumbList\",\"@id\":\"https:\/\/now-news.de\/de\/deutschland\/sachverstaendigenrat-lauterbach-behindert-geplante-evaluierung-der-corona-massnahmen\/#breadcrumb\",\"itemListElement\":[{\"@type\":\"ListItem\",\"position\":1,\"name\":\"Home\",\"item\":\"https:\/\/now-news.de\/de\/\"},{\"@type\":\"ListItem\",\"position\":2,\"name\":\"Sachverst\u00e4ndigenrat: Lauterbach behindert geplante Evaluierung der Corona-Ma\u00dfnahmen\"}]},{\"@type\":\"WebSite\",\"@id\":\"https:\/\/now-news.de\/de\/#website\",\"url\":\"https:\/\/now-news.de\/de\/\",\"name\":\"just-now.NEWS Deutschland\",\"description\":\"Das Portal f\u00fcr unzensierte Nachrichten aus der Welt\",\"publisher\":{\"@id\":\"https:\/\/now-news.de\/de\/#organization\"},\"potentialAction\":[{\"@type\":\"SearchAction\",\"target\":{\"@type\":\"EntryPoint\",\"urlTemplate\":\"https:\/\/now-news.de\/de\/?s={search_term_string}\"},\"query-input\":\"required name=search_term_string\"}],\"inLanguage\":\"de\"},{\"@type\":\"Organization\",\"@id\":\"https:\/\/now-news.de\/de\/#organization\",\"name\":\"Just Now News\",\"url\":\"https:\/\/now-news.de\/de\/\",\"logo\":{\"@type\":\"ImageObject\",\"inLanguage\":\"de\",\"@id\":\"https:\/\/now-news.de\/de\/#\/schema\/logo\/image\/\",\"url\":\"http:\/\/just-now.news\/de\/wp-content\/uploads\/sites\/3\/2022\/04\/logo500x500.jpg\",\"contentUrl\":\"http:\/\/just-now.news\/de\/wp-content\/uploads\/sites\/3\/2022\/04\/logo500x500.jpg\",\"width\":500,\"height\":500,\"caption\":\"Just Now News\"},\"image\":{\"@id\":\"https:\/\/now-news.de\/de\/#\/schema\/logo\/image\/\"},\"sameAs\":[\"https:\/\/www.facebook.com\/wirmachenauf\",\"https:\/\/x.com\/WirMachenAuf_de\"]},{\"@type\":\"Person\",\"@id\":\"https:\/\/now-news.de\/de\/#\/schema\/person\/fb534a4e865501d8b3285208df34a9b5\",\"name\":\"rtnews\",\"image\":{\"@type\":\"ImageObject\",\"inLanguage\":\"de\",\"@id\":\"https:\/\/now-news.de\/de\/#\/schema\/person\/image\/\",\"url\":\"https:\/\/secure.gravatar.com\/avatar\/82aafea7d8127119dd649515f56e2117?s=96&d=mm&r=g\",\"contentUrl\":\"https:\/\/secure.gravatar.com\/avatar\/82aafea7d8127119dd649515f56e2117?s=96&d=mm&r=g\",\"caption\":\"rtnews\"},\"url\":\"https:\/\/now-news.de\/de\/author\/rnews\/\"}]}<\/script>\n<!-- \/ Yoast SEO Premium plugin. -->","yoast_head_json":{"title":"Sachverst\u00e4ndigenrat: Lauterbach behindert geplante Evaluierung der Corona-Ma\u00dfnahmen - just-now.NEWS Deutschland","robots":{"index":"index","follow":"follow","max-snippet":"max-snippet:-1","max-image-preview":"max-image-preview:large","max-video-preview":"max-video-preview:-1"},"canonical":"https:\/\/now-news.de\/de\/deutschland\/sachverstaendigenrat-lauterbach-behindert-geplante-evaluierung-der-corona-massnahmen\/","og_locale":"de_DE","og_type":"article","og_title":"Sachverst\u00e4ndigenrat: Lauterbach behindert geplante Evaluierung der Corona-Ma\u00dfnahmen","og_description":"Seit mehr als zwei Jahren\u00a0sind die Kosten und der Nutzen der Corona-Politik von Bund und L\u00e4ndern zentrale Streitpunkte in Deutschland. Bereits im M\u00e4rz 2021 wies der Bundestag das damals noch von Jens Spahn (CDU) gef\u00fchrte Bundesministerium f\u00fcr Gesundheit an, einen Sachverst\u00e4ndigenrat einzusetzen, um die Zweckm\u00e4\u00dfigkeit aller Corona-Ma\u00dfnahmen zu evaluieren. Der Auftrag der Gruppe war auch [&hellip;]","og_url":"https:\/\/now-news.de\/de\/deutschland\/sachverstaendigenrat-lauterbach-behindert-geplante-evaluierung-der-corona-massnahmen\/","og_site_name":"just-now.NEWS Deutschland","article_publisher":"https:\/\/www.facebook.com\/wirmachenauf","article_published_time":"2022-04-26T07:37:40+00:00","og_image":[{"width":1104,"height":622,"url":"https:\/\/now-news.de\/de\/wp-content\/uploads\/sites\/3\/2022\/04\/Sachverstaendigenrat-Lauterbach-behindert-geplante-Evaluierung-der-Corona-Massnahmen.jpg","type":"image\/jpeg"}],"author":"rtnews","twitter_card":"summary_large_image","twitter_creator":"@WirMachenAuf_de","twitter_site":"@WirMachenAuf_de","twitter_misc":{"Verfasst von":"rtnews","Gesch\u00e4tzte Lesezeit":"4\u00a0Minuten"},"schema":{"@context":"https:\/\/schema.org","@graph":[{"@type":"Article","@id":"https:\/\/now-news.de\/de\/deutschland\/sachverstaendigenrat-lauterbach-behindert-geplante-evaluierung-der-corona-massnahmen\/#article","isPartOf":{"@id":"https:\/\/now-news.de\/de\/deutschland\/sachverstaendigenrat-lauterbach-behindert-geplante-evaluierung-der-corona-massnahmen\/"},"author":{"name":"rtnews","@id":"https:\/\/now-news.de\/de\/#\/schema\/person\/fb534a4e865501d8b3285208df34a9b5"},"headline":"Sachverst\u00e4ndigenrat: Lauterbach behindert geplante Evaluierung der Corona-Ma\u00dfnahmen","datePublished":"2022-04-26T07:37:40+00:00","dateModified":"2022-04-26T07:37:40+00:00","mainEntityOfPage":{"@id":"https:\/\/now-news.de\/de\/deutschland\/sachverstaendigenrat-lauterbach-behindert-geplante-evaluierung-der-corona-massnahmen\/"},"wordCount":715,"commentCount":0,"publisher":{"@id":"https:\/\/now-news.de\/de\/#organization"},"image":{"@id":"https:\/\/now-news.de\/de\/deutschland\/sachverstaendigenrat-lauterbach-behindert-geplante-evaluierung-der-corona-massnahmen\/#primaryimage"},"thumbnailUrl":"https:\/\/now-news.de\/de\/wp-content\/uploads\/sites\/3\/2022\/04\/Sachverstaendigenrat-Lauterbach-behindert-geplante-Evaluierung-der-Corona-Massnahmen.jpg","keywords":["behindert","CoronaMassnahmen","der","Evaluierung","geplante","Lauterbach","Sachverst\u00e4ndigenrat"],"articleSection":["Deutschland","Russland"],"inLanguage":"de","potentialAction":[{"@type":"CommentAction","name":"Comment","target":["https:\/\/now-news.de\/de\/deutschland\/sachverstaendigenrat-lauterbach-behindert-geplante-evaluierung-der-corona-massnahmen\/#respond"]}]},{"@type":"WebPage","@id":"https:\/\/now-news.de\/de\/deutschland\/sachverstaendigenrat-lauterbach-behindert-geplante-evaluierung-der-corona-massnahmen\/","url":"https:\/\/now-news.de\/de\/deutschland\/sachverstaendigenrat-lauterbach-behindert-geplante-evaluierung-der-corona-massnahmen\/","name":"Sachverst\u00e4ndigenrat: Lauterbach behindert geplante Evaluierung der Corona-Ma\u00dfnahmen - just-now.NEWS Deutschland","isPartOf":{"@id":"https:\/\/now-news.de\/de\/#website"},"primaryImageOfPage":{"@id":"https:\/\/now-news.de\/de\/deutschland\/sachverstaendigenrat-lauterbach-behindert-geplante-evaluierung-der-corona-massnahmen\/#primaryimage"},"image":{"@id":"https:\/\/now-news.de\/de\/deutschland\/sachverstaendigenrat-lauterbach-behindert-geplante-evaluierung-der-corona-massnahmen\/#primaryimage"},"thumbnailUrl":"https:\/\/now-news.de\/de\/wp-content\/uploads\/sites\/3\/2022\/04\/Sachverstaendigenrat-Lauterbach-behindert-geplante-Evaluierung-der-Corona-Massnahmen.jpg","datePublished":"2022-04-26T07:37:40+00:00","dateModified":"2022-04-26T07:37:40+00:00","breadcrumb":{"@id":"https:\/\/now-news.de\/de\/deutschland\/sachverstaendigenrat-lauterbach-behindert-geplante-evaluierung-der-corona-massnahmen\/#breadcrumb"},"inLanguage":"de","potentialAction":[{"@type":"ReadAction","target":["https:\/\/now-news.de\/de\/deutschland\/sachverstaendigenrat-lauterbach-behindert-geplante-evaluierung-der-corona-massnahmen\/"]}]},{"@type":"ImageObject","inLanguage":"de","@id":"https:\/\/now-news.de\/de\/deutschland\/sachverstaendigenrat-lauterbach-behindert-geplante-evaluierung-der-corona-massnahmen\/#primaryimage","url":"https:\/\/now-news.de\/de\/wp-content\/uploads\/sites\/3\/2022\/04\/Sachverstaendigenrat-Lauterbach-behindert-geplante-Evaluierung-der-Corona-Massnahmen.jpg","contentUrl":"https:\/\/now-news.de\/de\/wp-content\/uploads\/sites\/3\/2022\/04\/Sachverstaendigenrat-Lauterbach-behindert-geplante-Evaluierung-der-Corona-Massnahmen.jpg","width":1104,"height":622,"caption":"Sachverst\u00e4ndigenrat: Lauterbach behindert geplante Evaluierung der Corona-Ma\u00dfnahmen"},{"@type":"BreadcrumbList","@id":"https:\/\/now-news.de\/de\/deutschland\/sachverstaendigenrat-lauterbach-behindert-geplante-evaluierung-der-corona-massnahmen\/#breadcrumb","itemListElement":[{"@type":"ListItem","position":1,"name":"Home","item":"https:\/\/now-news.de\/de\/"},{"@type":"ListItem","position":2,"name":"Sachverst\u00e4ndigenrat: Lauterbach behindert geplante Evaluierung der Corona-Ma\u00dfnahmen"}]},{"@type":"WebSite","@id":"https:\/\/now-news.de\/de\/#website","url":"https:\/\/now-news.de\/de\/","name":"just-now.NEWS Deutschland","description":"Das Portal f\u00fcr unzensierte Nachrichten aus der Welt","publisher":{"@id":"https:\/\/now-news.de\/de\/#organization"},"potentialAction":[{"@type":"SearchAction","target":{"@type":"EntryPoint","urlTemplate":"https:\/\/now-news.de\/de\/?s={search_term_string}"},"query-input":"required name=search_term_string"}],"inLanguage":"de"},{"@type":"Organization","@id":"https:\/\/now-news.de\/de\/#organization","name":"Just Now News","url":"https:\/\/now-news.de\/de\/","logo":{"@type":"ImageObject","inLanguage":"de","@id":"https:\/\/now-news.de\/de\/#\/schema\/logo\/image\/","url":"http:\/\/just-now.news\/de\/wp-content\/uploads\/sites\/3\/2022\/04\/logo500x500.jpg","contentUrl":"http:\/\/just-now.news\/de\/wp-content\/uploads\/sites\/3\/2022\/04\/logo500x500.jpg","width":500,"height":500,"caption":"Just Now News"},"image":{"@id":"https:\/\/now-news.de\/de\/#\/schema\/logo\/image\/"},"sameAs":["https:\/\/www.facebook.com\/wirmachenauf","https:\/\/x.com\/WirMachenAuf_de"]},{"@type":"Person","@id":"https:\/\/now-news.de\/de\/#\/schema\/person\/fb534a4e865501d8b3285208df34a9b5","name":"rtnews","image":{"@type":"ImageObject","inLanguage":"de","@id":"https:\/\/now-news.de\/de\/#\/schema\/person\/image\/","url":"https:\/\/secure.gravatar.com\/avatar\/82aafea7d8127119dd649515f56e2117?s=96&d=mm&r=g","contentUrl":"https:\/\/secure.gravatar.com\/avatar\/82aafea7d8127119dd649515f56e2117?s=96&d=mm&r=g","caption":"rtnews"},"url":"https:\/\/now-news.de\/de\/author\/rnews\/"}]}},"_links":{"self":[{"href":"https:\/\/now-news.de\/de\/wp-json\/wp\/v2\/posts\/3573"}],"collection":[{"href":"https:\/\/now-news.de\/de\/wp-json\/wp\/v2\/posts"}],"about":[{"href":"https:\/\/now-news.de\/de\/wp-json\/wp\/v2\/types\/post"}],"author":[{"embeddable":true,"href":"https:\/\/now-news.de\/de\/wp-json\/wp\/v2\/users\/3"}],"replies":[{"embeddable":true,"href":"https:\/\/now-news.de\/de\/wp-json\/wp\/v2\/comments?post=3573"}],"version-history":[{"count":0,"href":"https:\/\/now-news.de\/de\/wp-json\/wp\/v2\/posts\/3573\/revisions"}],"wp:featuredmedia":[{"embeddable":true,"href":"https:\/\/now-news.de\/de\/wp-json\/wp\/v2\/media\/3574"}],"wp:attachment":[{"href":"https:\/\/now-news.de\/de\/wp-json\/wp\/v2\/media?parent=3573"}],"wp:term":[{"taxonomy":"category","embeddable":true,"href":"https:\/\/now-news.de\/de\/wp-json\/wp\/v2\/categories?post=3573"},{"taxonomy":"post_tag","embeddable":true,"href":"https:\/\/now-news.de\/de\/wp-json\/wp\/v2\/tags?post=3573"}],"curies":[{"name":"wp","href":"https:\/\/api.w.org\/{rel}","templated":true}]}}