{"id":35712,"date":"2023-05-09T20:09:16","date_gmt":"2023-05-09T18:09:16","guid":{"rendered":"http:\/\/just-now.news\/de\/deutschland\/zeitenwende-im-nahen-osten-syrien-wieder-teil-der-arabischen-liga\/"},"modified":"2023-05-09T20:09:16","modified_gmt":"2023-05-09T18:09:16","slug":"zeitenwende-im-nahen-osten-syrien-wieder-teil-der-arabischen-liga","status":"publish","type":"post","link":"https:\/\/now-news.de\/de\/deutschland\/zeitenwende-im-nahen-osten-syrien-wieder-teil-der-arabischen-liga\/","title":{"rendered":"Zeitenwende im Nahen Osten: Syrien wieder Teil der Arabischen Liga"},"content":{"rendered":"<p><img decoding=\"async\" src=\"http:\/\/just-now.news\/de\/wp-content\/uploads\/sites\/3\/2023\/05\/645a004548fbef1a1277dbfa.jpg\" \/><\/p>\n<div class=\"Text-root Text-type_1 \">\n                Die USA erleben derzeit einen schweren R\u00fcckschlag, nachdem Syrien wieder in die Arabische Liga zur\u00fcckgekehrt ist. Der Westen sollte nun, angesichts des eigenen Bedeutungsverlustes, mit gro\u00dfer Sorge auf die Neuordnung der geopolitischen Verh\u00e4ltnisse im Nahen Osten blicken.\n            <\/div>\n<p><\/p>\n<div class=\"Text-root Text-type_5 ArticleView-text ViewText-root \">\n<p><em>Von Seyed Alireza Mousavi<\/em><\/p>\n<p>Der Nahe Osten\u00a0ist seit der Normalisierung der Beziehungen zwischen Iran und Saudi-Arabien unter Vermittlung Chinas von einem Umbruch erfasst. Die USA und Israel haben\u00a0lange Zeit davon profitiert, den Konflikt zwischen Iran und Saudi-Arabien zu befeuern.\u00a0Die Akteure am Persischen Golf fahren aber seit Monaten einen ganz neuen Kurs: Sie wollen Ruhe nach au\u00dfen, um ihre Energie auf die Diversifizierung\u00a0ihrer Wirtschaft\u00a0im Inneren richten zu k\u00f6nnen.\u00a0In der Region \u00fcberkreuzen sich\u00a0damit die unterschiedlichen Interessen und Ambitionen der USA und der Golfstaaten.<\/p>\n<p>Die j\u00fcngste Entscheidung der Arabischen Liga, Syrien wieder aufzunehmen, ist ein bedeutender symbolischer Sieg f\u00fcr Damaskus und dessen Verb\u00fcndete wie Russland und Iran. Der Schritt ist Teil einer gr\u00f6\u00dferen regionalen Neuausrichtung\u00a0\u2013 und ein Hinweis auf die schwindende Rolle der USA im Nahen Osten.<\/p>\n<p>Die Arabische Liga hatte die Mitgliedschaft Syriens 2011 suspendiert, nachdem die arabischen Staaten\u00a0ihre Beziehungen zu\u00a0Damaskus angesichts des vom Westen gef\u00f6rderten salafistischen\u00a0Aufstands gegen die syrische Staatsmacht\u00a0gekappt hatten.<\/p>\n<p>In den letzten Jahren haben sich mehrere arabische L\u00e4nder auf die Wiederaufnahme diplomatischer Beziehungen zu Syrien konzentriert, insbesondere die Vereinigten Arabischen Emirate im Jahr 2018. Jordanien und Syrien\u00a0\u00f6ffneten ihre Grenzen im Jahr 2021 wieder. Und im vergangenen Monat gaben auch Saudi-Arabien und Syrien gemeinsam bekannt, dass sie die Wiederer\u00f6ffnung von Botschaften und die Wiederaufnahme von Fl\u00fcgen anstreben. Saudi-Arabien spielte eine Schl\u00fcsselrolle bei dem Dr\u00e4ngen auf\u00a0eine R\u00fcckkehr Syriens in die Arabische Liga und veranstaltete im April 2023 ein Treffen, um dieses Thema zu diskutieren.<\/p>\n<p>Die westlichen Meinungsmacher, die k\u00fcrzlich von einer &#8220;Revolution&#8221; in Iran und einem m\u00f6glichen Deal zwischen Saudi-Arabien und Israel fantasierten,\u00a0haben sich aufgrund der\u00a0Wiederaufnahme Syriens in die Arabische Liga total verkalkuliert. Sie\u00a0versuchten derweil durch\u00a0ein Ablenkungsman\u00f6ver das Thema abzuarbeiten, indem sie neue <a rel=\"nofollow noopener\" target=\"_blank\" href=\"https:\/\/www.faz.net\/aktuell\/politik\/ausland\/wie-assad-fuer-den-drogenhandel-belohnt-wird-18877893.html\">Vorw\u00fcrfe<\/a> gegen Assads Familie erhoben.<\/p>\n<p>Der Westen sollte nun wegen des eigenen Bedeutungsverlustes mit gro\u00dfer Sorge auf die Neuordnung der geopolitischen Verh\u00e4ltnisse\u00a0in Nahost\u00a0blicken. Denn\u00a0der\u00a0Deeskalationsprozess wird von\u00a0Russland und China\u00a0zulasten des\u00a0westlichen Sch\u00fctzlings\u00a0Israel\u00a0angef\u00fchrt.\u00a0Die Golfstaaten\u00a0haben seit dem Ukraine-Krieg nicht mit Russland gebrochen. Und in China sehen\u00a0sie ebenfalls eine\u00a0aufstrebende\u00a0Gro\u00dfmacht, die selbstbewusst den USA die Stirn bietet.\u00a0<\/p>\n<p><strong>Mehr zum Thema<\/strong> &#8211; <a rel=\"nofollow noopener\" target=\"_blank\" href=\"https:\/\/test.rtde.me\/der-nahe-osten\/166121-nach-deal-mit-iran-saudi\/\">Nach dem Deal mit Iran: Saudi-Arabien will Beziehungen zu Syrien wieder aufnehmen<\/a><\/p>\n<div class=\"EmbedBlock-root EmbedBlock-externalVideo EmbedBlock-vk\">\n<div class=\"VkEmbed\"><iframe class=\"lazyload\" data-src=\"https:\/\/vk.com\/video_ext.php?oid=-134310637&amp;id=456266657&amp;hash=56cf990689853bec\" frameborder=\"0\" width=\"853\" height=\"480\" allowfullscreen><\/iframe><\/div>\n<\/div>\n<\/div>\n<p><br \/>\n<br \/><a href=\"https:\/\/de.rt.com\/meinung\/169596-nahoestlische-zeitenwende-syrien-wieder-teil\/\">Source link <\/a><\/p>\n","protected":false},"excerpt":{"rendered":"<p>Die USA erleben derzeit einen schweren R\u00fcckschlag, nachdem Syrien wieder in die Arabische Liga zur\u00fcckgekehrt ist. Der Westen sollte nun, angesichts des eigenen Bedeutungsverlustes, mit gro\u00dfer Sorge auf die Neuordnung der geopolitischen Verh\u00e4ltnisse im Nahen Osten blicken. Von Seyed Alireza Mousavi Der Nahe Osten\u00a0ist seit der Normalisierung der Beziehungen zwischen Iran und Saudi-Arabien unter Vermittlung [&hellip;]<\/p>\n","protected":false},"author":3,"featured_media":35713,"comment_status":"open","ping_status":"open","sticky":false,"template":"","format":"standard","meta":{"_yoast_indexnow_last_ping":["1683656037"],"wp_automatic_camp":["217"],"a3e9595707b69df12c927a7400143e14":["Zeitenwende im Nahen Osten: Syrien wieder Teil der Arabischen Liga"],"original_link":["https:\/\/de.rt.com\/meinung\/169596-nahoestlische-zeitenwende-syrien-wieder-teil\/"],"_thumbnail_id":["35713"],"jnews_social_counter_last_update":["1777382498"],"_wptgpro_p2tg_sent2tg":["a:1:{i:23737;s:19:\"2023-05-09 20:14:56\";}"]},"categories":[19,23],"tags":[19580,82,25311,15817,2195,783,3240,904,5540],"yoast_head":"<!-- This site is optimized with the Yoast SEO Premium plugin v22.7 (Yoast SEO v22.7) - https:\/\/yoast.com\/wordpress\/plugins\/seo\/ -->\n<title>Zeitenwende im Nahen Osten: Syrien wieder Teil der Arabischen Liga - just-now.NEWS Deutschland<\/title>\n<meta name=\"robots\" content=\"index, follow, max-snippet:-1, max-image-preview:large, max-video-preview:-1\" \/>\n<link rel=\"canonical\" href=\"https:\/\/now-news.de\/de\/deutschland\/zeitenwende-im-nahen-osten-syrien-wieder-teil-der-arabischen-liga\/\" \/>\n<meta property=\"og:locale\" content=\"de_DE\" \/>\n<meta property=\"og:type\" content=\"article\" \/>\n<meta property=\"og:title\" content=\"Zeitenwende im Nahen Osten: Syrien wieder Teil der Arabischen Liga\" \/>\n<meta property=\"og:description\" content=\"Die USA erleben derzeit einen schweren R\u00fcckschlag, nachdem Syrien wieder in die Arabische Liga zur\u00fcckgekehrt ist. Der Westen sollte nun, angesichts des eigenen Bedeutungsverlustes, mit gro\u00dfer Sorge auf die Neuordnung der geopolitischen Verh\u00e4ltnisse im Nahen Osten blicken. Von Seyed Alireza Mousavi Der Nahe Osten\u00a0ist seit der Normalisierung der Beziehungen zwischen Iran und Saudi-Arabien unter Vermittlung [&hellip;]\" \/>\n<meta property=\"og:url\" content=\"https:\/\/now-news.de\/de\/deutschland\/zeitenwende-im-nahen-osten-syrien-wieder-teil-der-arabischen-liga\/\" \/>\n<meta property=\"og:site_name\" content=\"just-now.NEWS Deutschland\" \/>\n<meta property=\"article:publisher\" content=\"https:\/\/www.facebook.com\/wirmachenauf\" \/>\n<meta property=\"article:published_time\" content=\"2023-05-09T18:09:16+00:00\" \/>\n<meta property=\"og:image\" content=\"https:\/\/now-news.de\/de\/wp-content\/uploads\/sites\/3\/2023\/05\/Zeitenwende-im-Nahen-Osten-Syrien-wieder-Teil-der-Arabischen-Liga.jpg\" \/>\n\t<meta property=\"og:image:width\" content=\"460\" \/>\n\t<meta property=\"og:image:height\" content=\"259\" \/>\n\t<meta property=\"og:image:type\" content=\"image\/jpeg\" \/>\n<meta name=\"author\" content=\"rtnews\" \/>\n<meta name=\"twitter:card\" content=\"summary_large_image\" \/>\n<meta name=\"twitter:creator\" content=\"@WirMachenAuf_de\" \/>\n<meta name=\"twitter:site\" content=\"@WirMachenAuf_de\" \/>\n<meta name=\"twitter:label1\" content=\"Verfasst von\" \/>\n\t<meta name=\"twitter:data1\" content=\"rtnews\" \/>\n\t<meta name=\"twitter:label2\" content=\"Gesch\u00e4tzte Lesezeit\" \/>\n\t<meta name=\"twitter:data2\" content=\"2\u00a0Minuten\" \/>\n<script type=\"application\/ld+json\" class=\"yoast-schema-graph\">{\"@context\":\"https:\/\/schema.org\",\"@graph\":[{\"@type\":\"Article\",\"@id\":\"https:\/\/now-news.de\/de\/deutschland\/zeitenwende-im-nahen-osten-syrien-wieder-teil-der-arabischen-liga\/#article\",\"isPartOf\":{\"@id\":\"https:\/\/now-news.de\/de\/deutschland\/zeitenwende-im-nahen-osten-syrien-wieder-teil-der-arabischen-liga\/\"},\"author\":{\"name\":\"rtnews\",\"@id\":\"https:\/\/now-news.de\/de\/#\/schema\/person\/fb534a4e865501d8b3285208df34a9b5\"},\"headline\":\"Zeitenwende im Nahen Osten: Syrien wieder Teil der Arabischen Liga\",\"datePublished\":\"2023-05-09T18:09:16+00:00\",\"dateModified\":\"2023-05-09T18:09:16+00:00\",\"mainEntityOfPage\":{\"@id\":\"https:\/\/now-news.de\/de\/deutschland\/zeitenwende-im-nahen-osten-syrien-wieder-teil-der-arabischen-liga\/\"},\"wordCount\":442,\"commentCount\":0,\"publisher\":{\"@id\":\"https:\/\/now-news.de\/de\/#organization\"},\"image\":{\"@id\":\"https:\/\/now-news.de\/de\/deutschland\/zeitenwende-im-nahen-osten-syrien-wieder-teil-der-arabischen-liga\/#primaryimage\"},\"thumbnailUrl\":\"https:\/\/now-news.de\/de\/wp-content\/uploads\/sites\/3\/2023\/05\/Zeitenwende-im-Nahen-Osten-Syrien-wieder-Teil-der-Arabischen-Liga.jpg\",\"keywords\":[\"Arabischen\",\"der\",\"Liga\",\"Nahen\",\"Osten\",\"Syrien\",\"Teil\",\"wieder\",\"Zeitenwende\"],\"articleSection\":[\"Deutschland\",\"Russland\"],\"inLanguage\":\"de\",\"potentialAction\":[{\"@type\":\"CommentAction\",\"name\":\"Comment\",\"target\":[\"https:\/\/now-news.de\/de\/deutschland\/zeitenwende-im-nahen-osten-syrien-wieder-teil-der-arabischen-liga\/#respond\"]}]},{\"@type\":\"WebPage\",\"@id\":\"https:\/\/now-news.de\/de\/deutschland\/zeitenwende-im-nahen-osten-syrien-wieder-teil-der-arabischen-liga\/\",\"url\":\"https:\/\/now-news.de\/de\/deutschland\/zeitenwende-im-nahen-osten-syrien-wieder-teil-der-arabischen-liga\/\",\"name\":\"Zeitenwende im Nahen Osten: Syrien wieder Teil der Arabischen Liga - just-now.NEWS Deutschland\",\"isPartOf\":{\"@id\":\"https:\/\/now-news.de\/de\/#website\"},\"primaryImageOfPage\":{\"@id\":\"https:\/\/now-news.de\/de\/deutschland\/zeitenwende-im-nahen-osten-syrien-wieder-teil-der-arabischen-liga\/#primaryimage\"},\"image\":{\"@id\":\"https:\/\/now-news.de\/de\/deutschland\/zeitenwende-im-nahen-osten-syrien-wieder-teil-der-arabischen-liga\/#primaryimage\"},\"thumbnailUrl\":\"https:\/\/now-news.de\/de\/wp-content\/uploads\/sites\/3\/2023\/05\/Zeitenwende-im-Nahen-Osten-Syrien-wieder-Teil-der-Arabischen-Liga.jpg\",\"datePublished\":\"2023-05-09T18:09:16+00:00\",\"dateModified\":\"2023-05-09T18:09:16+00:00\",\"breadcrumb\":{\"@id\":\"https:\/\/now-news.de\/de\/deutschland\/zeitenwende-im-nahen-osten-syrien-wieder-teil-der-arabischen-liga\/#breadcrumb\"},\"inLanguage\":\"de\",\"potentialAction\":[{\"@type\":\"ReadAction\",\"target\":[\"https:\/\/now-news.de\/de\/deutschland\/zeitenwende-im-nahen-osten-syrien-wieder-teil-der-arabischen-liga\/\"]}]},{\"@type\":\"ImageObject\",\"inLanguage\":\"de\",\"@id\":\"https:\/\/now-news.de\/de\/deutschland\/zeitenwende-im-nahen-osten-syrien-wieder-teil-der-arabischen-liga\/#primaryimage\",\"url\":\"https:\/\/now-news.de\/de\/wp-content\/uploads\/sites\/3\/2023\/05\/Zeitenwende-im-Nahen-Osten-Syrien-wieder-Teil-der-Arabischen-Liga.jpg\",\"contentUrl\":\"https:\/\/now-news.de\/de\/wp-content\/uploads\/sites\/3\/2023\/05\/Zeitenwende-im-Nahen-Osten-Syrien-wieder-Teil-der-Arabischen-Liga.jpg\",\"width\":460,\"height\":259,\"caption\":\"Zeitenwende im Nahen Osten: Syrien wieder Teil der Arabischen Liga\"},{\"@type\":\"BreadcrumbList\",\"@id\":\"https:\/\/now-news.de\/de\/deutschland\/zeitenwende-im-nahen-osten-syrien-wieder-teil-der-arabischen-liga\/#breadcrumb\",\"itemListElement\":[{\"@type\":\"ListItem\",\"position\":1,\"name\":\"Home\",\"item\":\"https:\/\/now-news.de\/de\/\"},{\"@type\":\"ListItem\",\"position\":2,\"name\":\"Zeitenwende im Nahen Osten: Syrien wieder Teil der Arabischen Liga\"}]},{\"@type\":\"WebSite\",\"@id\":\"https:\/\/now-news.de\/de\/#website\",\"url\":\"https:\/\/now-news.de\/de\/\",\"name\":\"just-now.NEWS Deutschland\",\"description\":\"Das Portal f\u00fcr unzensierte Nachrichten aus der Welt\",\"publisher\":{\"@id\":\"https:\/\/now-news.de\/de\/#organization\"},\"potentialAction\":[{\"@type\":\"SearchAction\",\"target\":{\"@type\":\"EntryPoint\",\"urlTemplate\":\"https:\/\/now-news.de\/de\/?s={search_term_string}\"},\"query-input\":\"required name=search_term_string\"}],\"inLanguage\":\"de\"},{\"@type\":\"Organization\",\"@id\":\"https:\/\/now-news.de\/de\/#organization\",\"name\":\"Just Now News\",\"url\":\"https:\/\/now-news.de\/de\/\",\"logo\":{\"@type\":\"ImageObject\",\"inLanguage\":\"de\",\"@id\":\"https:\/\/now-news.de\/de\/#\/schema\/logo\/image\/\",\"url\":\"http:\/\/just-now.news\/de\/wp-content\/uploads\/sites\/3\/2022\/04\/logo500x500.jpg\",\"contentUrl\":\"http:\/\/just-now.news\/de\/wp-content\/uploads\/sites\/3\/2022\/04\/logo500x500.jpg\",\"width\":500,\"height\":500,\"caption\":\"Just Now News\"},\"image\":{\"@id\":\"https:\/\/now-news.de\/de\/#\/schema\/logo\/image\/\"},\"sameAs\":[\"https:\/\/www.facebook.com\/wirmachenauf\",\"https:\/\/x.com\/WirMachenAuf_de\"]},{\"@type\":\"Person\",\"@id\":\"https:\/\/now-news.de\/de\/#\/schema\/person\/fb534a4e865501d8b3285208df34a9b5\",\"name\":\"rtnews\",\"image\":{\"@type\":\"ImageObject\",\"inLanguage\":\"de\",\"@id\":\"https:\/\/now-news.de\/de\/#\/schema\/person\/image\/\",\"url\":\"https:\/\/secure.gravatar.com\/avatar\/82aafea7d8127119dd649515f56e2117?s=96&d=mm&r=g\",\"contentUrl\":\"https:\/\/secure.gravatar.com\/avatar\/82aafea7d8127119dd649515f56e2117?s=96&d=mm&r=g\",\"caption\":\"rtnews\"},\"url\":\"https:\/\/now-news.de\/de\/author\/rnews\/\"}]}<\/script>\n<!-- \/ Yoast SEO Premium plugin. -->","yoast_head_json":{"title":"Zeitenwende im Nahen Osten: Syrien wieder Teil der Arabischen Liga - just-now.NEWS Deutschland","robots":{"index":"index","follow":"follow","max-snippet":"max-snippet:-1","max-image-preview":"max-image-preview:large","max-video-preview":"max-video-preview:-1"},"canonical":"https:\/\/now-news.de\/de\/deutschland\/zeitenwende-im-nahen-osten-syrien-wieder-teil-der-arabischen-liga\/","og_locale":"de_DE","og_type":"article","og_title":"Zeitenwende im Nahen Osten: Syrien wieder Teil der Arabischen Liga","og_description":"Die USA erleben derzeit einen schweren R\u00fcckschlag, nachdem Syrien wieder in die Arabische Liga zur\u00fcckgekehrt ist. Der Westen sollte nun, angesichts des eigenen Bedeutungsverlustes, mit gro\u00dfer Sorge auf die Neuordnung der geopolitischen Verh\u00e4ltnisse im Nahen Osten blicken. Von Seyed Alireza Mousavi Der Nahe Osten\u00a0ist seit der Normalisierung der Beziehungen zwischen Iran und Saudi-Arabien unter Vermittlung [&hellip;]","og_url":"https:\/\/now-news.de\/de\/deutschland\/zeitenwende-im-nahen-osten-syrien-wieder-teil-der-arabischen-liga\/","og_site_name":"just-now.NEWS Deutschland","article_publisher":"https:\/\/www.facebook.com\/wirmachenauf","article_published_time":"2023-05-09T18:09:16+00:00","og_image":[{"width":460,"height":259,"url":"https:\/\/now-news.de\/de\/wp-content\/uploads\/sites\/3\/2023\/05\/Zeitenwende-im-Nahen-Osten-Syrien-wieder-Teil-der-Arabischen-Liga.jpg","type":"image\/jpeg"}],"author":"rtnews","twitter_card":"summary_large_image","twitter_creator":"@WirMachenAuf_de","twitter_site":"@WirMachenAuf_de","twitter_misc":{"Verfasst von":"rtnews","Gesch\u00e4tzte Lesezeit":"2\u00a0Minuten"},"schema":{"@context":"https:\/\/schema.org","@graph":[{"@type":"Article","@id":"https:\/\/now-news.de\/de\/deutschland\/zeitenwende-im-nahen-osten-syrien-wieder-teil-der-arabischen-liga\/#article","isPartOf":{"@id":"https:\/\/now-news.de\/de\/deutschland\/zeitenwende-im-nahen-osten-syrien-wieder-teil-der-arabischen-liga\/"},"author":{"name":"rtnews","@id":"https:\/\/now-news.de\/de\/#\/schema\/person\/fb534a4e865501d8b3285208df34a9b5"},"headline":"Zeitenwende im Nahen Osten: Syrien wieder Teil der Arabischen Liga","datePublished":"2023-05-09T18:09:16+00:00","dateModified":"2023-05-09T18:09:16+00:00","mainEntityOfPage":{"@id":"https:\/\/now-news.de\/de\/deutschland\/zeitenwende-im-nahen-osten-syrien-wieder-teil-der-arabischen-liga\/"},"wordCount":442,"commentCount":0,"publisher":{"@id":"https:\/\/now-news.de\/de\/#organization"},"image":{"@id":"https:\/\/now-news.de\/de\/deutschland\/zeitenwende-im-nahen-osten-syrien-wieder-teil-der-arabischen-liga\/#primaryimage"},"thumbnailUrl":"https:\/\/now-news.de\/de\/wp-content\/uploads\/sites\/3\/2023\/05\/Zeitenwende-im-Nahen-Osten-Syrien-wieder-Teil-der-Arabischen-Liga.jpg","keywords":["Arabischen","der","Liga","Nahen","Osten","Syrien","Teil","wieder","Zeitenwende"],"articleSection":["Deutschland","Russland"],"inLanguage":"de","potentialAction":[{"@type":"CommentAction","name":"Comment","target":["https:\/\/now-news.de\/de\/deutschland\/zeitenwende-im-nahen-osten-syrien-wieder-teil-der-arabischen-liga\/#respond"]}]},{"@type":"WebPage","@id":"https:\/\/now-news.de\/de\/deutschland\/zeitenwende-im-nahen-osten-syrien-wieder-teil-der-arabischen-liga\/","url":"https:\/\/now-news.de\/de\/deutschland\/zeitenwende-im-nahen-osten-syrien-wieder-teil-der-arabischen-liga\/","name":"Zeitenwende im Nahen Osten: Syrien wieder Teil der Arabischen Liga - just-now.NEWS Deutschland","isPartOf":{"@id":"https:\/\/now-news.de\/de\/#website"},"primaryImageOfPage":{"@id":"https:\/\/now-news.de\/de\/deutschland\/zeitenwende-im-nahen-osten-syrien-wieder-teil-der-arabischen-liga\/#primaryimage"},"image":{"@id":"https:\/\/now-news.de\/de\/deutschland\/zeitenwende-im-nahen-osten-syrien-wieder-teil-der-arabischen-liga\/#primaryimage"},"thumbnailUrl":"https:\/\/now-news.de\/de\/wp-content\/uploads\/sites\/3\/2023\/05\/Zeitenwende-im-Nahen-Osten-Syrien-wieder-Teil-der-Arabischen-Liga.jpg","datePublished":"2023-05-09T18:09:16+00:00","dateModified":"2023-05-09T18:09:16+00:00","breadcrumb":{"@id":"https:\/\/now-news.de\/de\/deutschland\/zeitenwende-im-nahen-osten-syrien-wieder-teil-der-arabischen-liga\/#breadcrumb"},"inLanguage":"de","potentialAction":[{"@type":"ReadAction","target":["https:\/\/now-news.de\/de\/deutschland\/zeitenwende-im-nahen-osten-syrien-wieder-teil-der-arabischen-liga\/"]}]},{"@type":"ImageObject","inLanguage":"de","@id":"https:\/\/now-news.de\/de\/deutschland\/zeitenwende-im-nahen-osten-syrien-wieder-teil-der-arabischen-liga\/#primaryimage","url":"https:\/\/now-news.de\/de\/wp-content\/uploads\/sites\/3\/2023\/05\/Zeitenwende-im-Nahen-Osten-Syrien-wieder-Teil-der-Arabischen-Liga.jpg","contentUrl":"https:\/\/now-news.de\/de\/wp-content\/uploads\/sites\/3\/2023\/05\/Zeitenwende-im-Nahen-Osten-Syrien-wieder-Teil-der-Arabischen-Liga.jpg","width":460,"height":259,"caption":"Zeitenwende im Nahen Osten: Syrien wieder Teil der Arabischen Liga"},{"@type":"BreadcrumbList","@id":"https:\/\/now-news.de\/de\/deutschland\/zeitenwende-im-nahen-osten-syrien-wieder-teil-der-arabischen-liga\/#breadcrumb","itemListElement":[{"@type":"ListItem","position":1,"name":"Home","item":"https:\/\/now-news.de\/de\/"},{"@type":"ListItem","position":2,"name":"Zeitenwende im Nahen Osten: Syrien wieder Teil der Arabischen Liga"}]},{"@type":"WebSite","@id":"https:\/\/now-news.de\/de\/#website","url":"https:\/\/now-news.de\/de\/","name":"just-now.NEWS Deutschland","description":"Das Portal f\u00fcr unzensierte Nachrichten aus der Welt","publisher":{"@id":"https:\/\/now-news.de\/de\/#organization"},"potentialAction":[{"@type":"SearchAction","target":{"@type":"EntryPoint","urlTemplate":"https:\/\/now-news.de\/de\/?s={search_term_string}"},"query-input":"required name=search_term_string"}],"inLanguage":"de"},{"@type":"Organization","@id":"https:\/\/now-news.de\/de\/#organization","name":"Just Now News","url":"https:\/\/now-news.de\/de\/","logo":{"@type":"ImageObject","inLanguage":"de","@id":"https:\/\/now-news.de\/de\/#\/schema\/logo\/image\/","url":"http:\/\/just-now.news\/de\/wp-content\/uploads\/sites\/3\/2022\/04\/logo500x500.jpg","contentUrl":"http:\/\/just-now.news\/de\/wp-content\/uploads\/sites\/3\/2022\/04\/logo500x500.jpg","width":500,"height":500,"caption":"Just Now News"},"image":{"@id":"https:\/\/now-news.de\/de\/#\/schema\/logo\/image\/"},"sameAs":["https:\/\/www.facebook.com\/wirmachenauf","https:\/\/x.com\/WirMachenAuf_de"]},{"@type":"Person","@id":"https:\/\/now-news.de\/de\/#\/schema\/person\/fb534a4e865501d8b3285208df34a9b5","name":"rtnews","image":{"@type":"ImageObject","inLanguage":"de","@id":"https:\/\/now-news.de\/de\/#\/schema\/person\/image\/","url":"https:\/\/secure.gravatar.com\/avatar\/82aafea7d8127119dd649515f56e2117?s=96&d=mm&r=g","contentUrl":"https:\/\/secure.gravatar.com\/avatar\/82aafea7d8127119dd649515f56e2117?s=96&d=mm&r=g","caption":"rtnews"},"url":"https:\/\/now-news.de\/de\/author\/rnews\/"}]}},"_links":{"self":[{"href":"https:\/\/now-news.de\/de\/wp-json\/wp\/v2\/posts\/35712"}],"collection":[{"href":"https:\/\/now-news.de\/de\/wp-json\/wp\/v2\/posts"}],"about":[{"href":"https:\/\/now-news.de\/de\/wp-json\/wp\/v2\/types\/post"}],"author":[{"embeddable":true,"href":"https:\/\/now-news.de\/de\/wp-json\/wp\/v2\/users\/3"}],"replies":[{"embeddable":true,"href":"https:\/\/now-news.de\/de\/wp-json\/wp\/v2\/comments?post=35712"}],"version-history":[{"count":0,"href":"https:\/\/now-news.de\/de\/wp-json\/wp\/v2\/posts\/35712\/revisions"}],"wp:featuredmedia":[{"embeddable":true,"href":"https:\/\/now-news.de\/de\/wp-json\/wp\/v2\/media\/35713"}],"wp:attachment":[{"href":"https:\/\/now-news.de\/de\/wp-json\/wp\/v2\/media?parent=35712"}],"wp:term":[{"taxonomy":"category","embeddable":true,"href":"https:\/\/now-news.de\/de\/wp-json\/wp\/v2\/categories?post=35712"},{"taxonomy":"post_tag","embeddable":true,"href":"https:\/\/now-news.de\/de\/wp-json\/wp\/v2\/tags?post=35712"}],"curies":[{"name":"wp","href":"https:\/\/api.w.org\/{rel}","templated":true}]}}