{"id":35696,"date":"2023-05-09T18:11:27","date_gmt":"2023-05-09T16:11:27","guid":{"rendered":"http:\/\/just-now.news\/de\/deutschland\/die-sowjetunion-war-auch-an-der-befreiung-europas-beteiligt-der-deutsche-geschichtsrevisionismus\/"},"modified":"2023-05-09T18:11:27","modified_gmt":"2023-05-09T16:11:27","slug":"die-sowjetunion-war-auch-an-der-befreiung-europas-beteiligt-der-deutsche-geschichtsrevisionismus","status":"publish","type":"post","link":"https:\/\/now-news.de\/de\/deutschland\/die-sowjetunion-war-auch-an-der-befreiung-europas-beteiligt-der-deutsche-geschichtsrevisionismus\/","title":{"rendered":"&quot;Die Sowjetunion war auch an der Befreiung Europas beteiligt&quot;: Der deutsche Geschichtsrevisionismus"},"content":{"rendered":"<div class=\"Text-root Text-type_1 \">\n                Deutschland versucht offenbar, sich an Russland f\u00fcr den sowjetischen Sieg \u00fcber den Hitlerfaschismus zu r\u00e4chen. Auf vielf\u00e4ltige Weise: durch Verbote russischer und sowjetischer antifaschistischer Symbole, durch Geschichtsrevisionismus. Kann diese Art Rache erfolgreich sein?\n            <\/div>\n<p><\/p>\n<div class=\"Text-root Text-type_5 ArticleView-text ViewText-root \">\n<p><em>Von Jelena Karajewa, RIA Nowosti<\/em><\/p>\n<p>Ein zynisches Treiben mit unserem Schmerz und unserem Blut, das wir im Krieg gegen den Nationalsozialismus erfahren und vergossen haben, wurde die letzten Tage in Berlin getrieben. Ausgerechnet in der Hauptstadt des Landes, in dem der Nationalsozialismus geboren wurde, sich entwickelte und ausbreitete, ganz Europa infizierte und dabei Millionen von ebendiesen Europ\u00e4ern vernichtete. Tagelang haben deutsche Richter dar\u00fcber beraten, ob Russen den Gefallenen mit einer russischen Fahne, einer sowjetischen Fahne und anderen Symbolen des Sieges die Ehre erweisen d\u00fcrfen oder nicht.<\/p>\n<p>Wir k\u00f6nnen nat\u00fcrlich in der \u00fcblichen europ\u00e4ischen Art sp\u00f6ttisch sagen: &#8220;Nun, wir verstehen, warum (\u00fcbrigens, warum?) das passiert&#8221; &#8230; Wir k\u00f6nnen aber auch etwas tiefer graben.<\/p>\n<p>Eine Woche vor dem Tag des Sieges ver\u00f6ffentlichte die nach Konrad Adenauer, einem der Architekten der EU, benannte Stiftung einen Artikel von Matthias Oppermann, in dem es hei\u00dft:<\/p>\n<blockquote>\n<p><em>&#8220;Am 8. Mai 1945 wurde nicht nur ganz Europa, sondern wurden auch die Deutschen von der Tyrannei des Nationalsozialismus befreit. Auch die Sowjetunion beteiligte sich an der Befreiung, doch im Gegensatz zu ihren westlichen Verb\u00fcndeten brachte sie nicht den Liberalismus, sondern einen neuen Totalitarismus mit.&#8221;<\/em><\/p>\n<\/blockquote>\n<p>Das vier Jahre lang von kaltbl\u00fctigem Mord, Folter, Verst\u00fcmmelung gezeichnete sowjetische Volk, das zerst\u00f6rte Land, die gefallenen Soldaten \u2013 all das gro\u00dfz\u00fcgig verziehen. Der Verzicht auf Rache, die Wahrung jedes Volkes und jeder Nation, einschlie\u00dflich der Deutschen, das ist, wie sich herausstellt, der &#8220;neue Totalitarismus, den die Rote Armee nach Europa brachte&#8221;.<\/p>\n<p>Die erloschenen \u00d6fen der Krematorien sind also der &#8220;neue Totalitarismus&#8221;. Krakau und seine vor dem Untergang geretteten Pal\u00e4ste \u2013 &#8220;neuer Totalitarismus&#8221;. Die aus den Konzentrationslagern befreiten H\u00e4ftlinge \u2013 ein &#8220;neuer Totalitarismus&#8221;. Der ausgel\u00f6schte Nationalsozialismus (zumindest dachten wir das, wie sich jetzt zeigt, naiv und voreilig) ist ein &#8220;neuer Totalitarismus&#8221;.<\/p>\n<p>Der deutsche Professor nimmt Rache, so wie er es am erfolgversprechenden h\u00e4lt. Nun, die Hauptstadt seines Landes wurde nicht von den hochgradig aufgekl\u00e4rten &#8220;Tr\u00e4gern von Demokratie und Freiheit&#8221; befreit, sondern von &#8220;Untermenschen in Sandalen&#8221;. Das h\u00e4tte aus Sicht von Oppermann nicht sein d\u00fcrfen. Er versucht nun, seine Ordnung wiederherzustellen \u2013 denn von der These vom &#8220;neuen Totalitarismus&#8221; zu &#8220;es gab keinen Sieg der UdSSR&#8221; ist es nur ein kleiner Schritt.<\/p>\n<p>Dieser Versuch, unseren Sieg r\u00fcckwirkend auszul\u00f6schen, ist nicht der erste, er ist nur der j\u00fcngste. Davor gab es andere L\u00fcgen und Halbwahrheiten: &#8220;Millionen vergewaltigter Deutscher&#8221;, &#8220;Rotarmisten sprengten versehentlich die Schatzkisten des Bernsteinzimmers selbst in die Luft&#8221;, &#8220;ohne Lend-Lease h\u00e4tten die Russen nichts ausrichten k\u00f6nnen&#8221; &#8230; In unserem Land selbst gab es steile Thesen wie\u00a0&#8220;H\u00e4tte man Leningrad aufgegeben, h\u00e4tten wir bayerisches Bier&#8221;. Europa war gro\u00dfz\u00fcgig darin, seine physiologischen und psychologischen Projektionen aus dem Krieg zu teilen.<\/p>\n<figure class=\"RTImage-root\">\n<div class=\"RTImage-image RTImage-original\"><picture class=\"Picture-root Picture-original\"><!--[if IE 9]><video style=\"display: none;\"><![endif]--><source media=\"(-webkit-min-device-pixel-ratio: 2) and (min-resolution: 120dpi)\" data-srcset=\" \nhttp:\/\/just-now.news\/de\/wp-content\/uploads\/sites\/3\/2023\/05\/645a55c5b480cc7d66799f5a.jpg 850w,\n                http:\/\/just-now.news\/de\/wp-content\/uploads\/sites\/3\/2023\/05\/645a55c5b480cc7d66799f5a.jpg 1960w,\n            \" ><source data-srcset=\" \nhttp:\/\/just-now.news\/de\/wp-content\/uploads\/sites\/3\/2023\/05\/645a55c5b480cc7d66799f5a.jpg 460w,\n              http:\/\/just-now.news\/de\/wp-content\/uploads\/sites\/3\/2023\/05\/645a55c5b480cc7d66799f5a.jpg 980w,\n            \" ><!--[if IE 9]><\/video><![endif]--><img decoding=\"async\" data- src=\"data:image\/png;base64,iVBORw0KGgoAAAANSUhEUgAAABAAAAAJCAQAAACRI2S5AAAAEElEQVR42mNkIAAYRxWAAQAG9gAKqv6+AwAAAABJRU5ErkJggg==\" class=\"Picture-root Picture-original lazyload\" data-src=\"http:\/\/just-now.news\/de\/wp-content\/uploads\/sites\/3\/2023\/05\/645a55c5b480cc7d66799f5a.jpg\" alt=\"\"><\/source><\/source><\/picture><!-- noscript pattern --><noscript><img decoding=\"async\" src=\"http:\/\/just-now.news\/de\/wp-content\/uploads\/sites\/3\/2023\/05\/645a55c5b480cc7d66799f5a.jpg\" alt=\"\"><\/noscript><\/div><figcaption class=\"RTImage-footer\"><span class=\"RTImage-caption\"><span class=\"RTImage-captionItem\">Die rote Fahne \u00fcber dem Reichstag, am 2. Mai 1945 nachgestellte Szene vom Vortag<\/span><\/span><span class=\"RTImage-source\"><span class=\"RTImage-captionItem\">Anatolij Morosow \/ RIA Nowosti<\/span><span class=\"RTImage-captionItem\"> \/ Sputnik<\/span><\/span><\/figcaption><\/figure>\n<p>Unsere westlichen Alliierten haben bereits im Februar 1945 versucht, uns den Sieg zu stehlen, was damit endete, dass sie von den Hitleristen in den Ardennen einen so m\u00e4chtigen Tritt in den Hintern bekamen (Zehntausende von Toten und Verwundeten, ganz zu schweigen von den Kriegsgefangenen), dass Sir Winston Stalin anflehen musste, den Beginn der Weichsel-Oder-Operation vorzuziehen. Und im M\u00e4rz desselben Jahres, als sie Hand in Hand mit SS-General Wolf gingen und separate Verhandlungen f\u00fchrten.<\/p>\n<p>Ich frage mich, ob Oppermann sich dessen bewusst ist, dass seine Rhetorik und die der Nazi-Bonzen praktisch nicht zu unterscheiden sind.<\/p>\n<p>Selbst die Kapitulation der deutschen Truppen in Reims am 7. Mai 1945 wurde fast heimlich unterzeichnet, um den Nazis zwei Tage Zeit zu geben, ihre verbliebenen kampff\u00e4higen Einheiten in den Westen Deutschlands zur\u00fcckzuziehen. Wahrscheinlich, um, wie die Wehrmachtsgener\u00e4le glaubten, &#8220;die auf Berlin zust\u00fcrmenden bolschewistischen Horden&#8221; (&#8220;neuer Totalitarismus&#8221;) gemeinsam mit unseren &#8220;westlichen Alliierten&#8221; aufzuhalten.<\/p>\n<p>Es hat nicht funktioniert. Nicht ein einziges Mal hat es geklappt. L\u00fcgner, Schurken und Manipulatoren aus der Politik schaffen es \u00fcberhaupt nicht, auf dem Schlachtfeld zu gewinnen. Sie sind gut im Klatsch und Tratsch. Helden zu verleumden, indem sie versuchen, ihre Taten in den Dreck zu ziehen, das k\u00f6nnen sie. Bis zur ersten gro\u00dfen, sehr schmerzhaften Ohrfeige. Die sie nicht einmal von unseren Beh\u00f6rden erhalten. Sondern von unserem ganzen Volk.<\/p>\n<p><em>Video: Sowjetische Wochenschau berichtet \u00fcber die bedingungslose Kapitulation Deutschlands<\/em><\/p>\n<p>Unser Volk kennt das: nicht den Kopf h\u00e4ngen lassen, sondern die Feinde vernichten! Die Feinde des Landes und der gesamten Menschheit. Brecht, Antifaschist und Genie, hat einmal gesagt: &#8220;Der Scho\u00df, aus dem es kroch, ist fruchtbar noch.&#8221;\u00a0<\/p>\n<p>Wir haben die Worte des gro\u00dfen Humanisten unserer ewigen russischen Vertrauensseligkeit wegen sp\u00e4ter verstanden, als wir es h\u00e4tten tun m\u00fcssen. Doch Russen brauchen zwar lange, um die Pferde zu spannen, fahren daf\u00fcr um so schneller. Sie gehen dorthin, wo sie es f\u00fcr richtig halten, damit unser Land sicher ist. Damit wir darin in Ruhe leben k\u00f6nnen. Dass wir so leben, wie wir es f\u00fcr richtig halten, nicht nach dem Rezept eines anderen und ohne den Wunsch, denen zu gefallen, die uns als &#8220;Tr\u00e4ger des neuen Totalitarismus&#8221; betrachten.<\/p>\n<p>Und wir ehren die Tradition, das ist uns wichtig. Unabh\u00e4ngig davon, was das n\u00e4chste Gericht in Berlin \u00fcber die Siegesfahne und die Symbole des Triumphes der Roten Armee entscheiden wird, wird die rote Fahne der UdSSR wieder dort wehen, wo sie jedes Jahr am Vorabend unseres gro\u00dfen Triumphes wehen sollte &#8211; \u00fcber dem Reichstag. In den L\u00fcften \u00fcber Berlin.<\/p>\n<p>Wir haben gesiegt! Alles Gute zum gro\u00dfen Tag des Sieges!<\/p>\n<p><em>\u00dcbersetzung aus dem <a rel=\"nofollow noopener\" target=\"_blank\" href=\"https:\/\/ria.ru\/20230508\/pobeda-1870462006.html\">Russischen<\/a>. Der Artikel ist am 8. Mai 2023 auf ria.ru erschienen.<\/em><\/p>\n<p><strong>Mehr zum Thema<\/strong>\u00a0\u2013 <a rel=\"nofollow noopener\" target=\"_blank\" href=\"https:\/\/test.rtde.life\/meinung\/161991-deutsche-panzerlieferungen-an-ukraine-sind\/\">Deutsche Panzerlieferungen an die Ukraine sind Berlins neonazistischer &#8220;14\/88&#8221;-Gru\u00df<\/a><\/p>\n<\/div>\n<p><br \/>\n<br \/><a href=\"https:\/\/de.rt.com\/meinung\/169636-sowjetunion-war-auch-an-befreiung-beteiligt-geschichtsrevisionismus\/\">Source link <\/a><\/p>\n","protected":false},"excerpt":{"rendered":"<p>Deutschland versucht offenbar, sich an Russland f\u00fcr den sowjetischen Sieg \u00fcber den Hitlerfaschismus zu r\u00e4chen. Auf vielf\u00e4ltige Weise: durch Verbote russischer und sowjetischer antifaschistischer Symbole, durch Geschichtsrevisionismus. Kann diese Art Rache erfolgreich sein? Von Jelena Karajewa, RIA Nowosti Ein zynisches Treiben mit unserem Schmerz und unserem Blut, das wir im Krieg gegen den Nationalsozialismus erfahren [&hellip;]<\/p>\n","protected":false},"author":3,"featured_media":35697,"comment_status":"open","ping_status":"open","sticky":false,"template":"","format":"standard","meta":{"_yoast_indexnow_last_ping":["1683649317"],"wp_automatic_camp":["217"],"7aeb8c02b9021557a3d00d45270f69d9":["&quot;Die Sowjetunion war auch an der Befreiung Europas beteiligt&quot;: Der deutsche Geschichtsrevisionismus"],"original_link":["https:\/\/de.rt.com\/meinung\/169636-sowjetunion-war-auch-an-befreiung-beteiligt-geschichtsrevisionismus\/"],"_thumbnail_id":["35697"],"jnews_social_counter_last_update":["1777461944"],"_wptgpro_p2tg_sent2tg":["a:1:{i:23737;s:19:\"2023-05-09 18:23:00\";}"]},"categories":[19,23],"tags":[1475,5542,40924,82,2374,1293,44069,1933,33046,2223],"yoast_head":"<!-- This site is optimized with the Yoast SEO Premium plugin v22.7 (Yoast SEO v22.7) - https:\/\/yoast.com\/wordpress\/plugins\/seo\/ -->\n<title>&quot;Die Sowjetunion war auch an der Befreiung Europas beteiligt&quot;: Der deutsche Geschichtsrevisionismus - just-now.NEWS Deutschland<\/title>\n<meta name=\"robots\" content=\"index, follow, max-snippet:-1, max-image-preview:large, max-video-preview:-1\" \/>\n<link rel=\"canonical\" href=\"https:\/\/now-news.de\/de\/deutschland\/die-sowjetunion-war-auch-an-der-befreiung-europas-beteiligt-der-deutsche-geschichtsrevisionismus\/\" \/>\n<meta property=\"og:locale\" content=\"de_DE\" \/>\n<meta property=\"og:type\" content=\"article\" \/>\n<meta property=\"og:title\" content=\"&quot;Die Sowjetunion war auch an der Befreiung Europas beteiligt&quot;: Der deutsche Geschichtsrevisionismus\" \/>\n<meta property=\"og:description\" content=\"Deutschland versucht offenbar, sich an Russland f\u00fcr den sowjetischen Sieg \u00fcber den Hitlerfaschismus zu r\u00e4chen. Auf vielf\u00e4ltige Weise: durch Verbote russischer und sowjetischer antifaschistischer Symbole, durch Geschichtsrevisionismus. Kann diese Art Rache erfolgreich sein? Von Jelena Karajewa, RIA Nowosti Ein zynisches Treiben mit unserem Schmerz und unserem Blut, das wir im Krieg gegen den Nationalsozialismus erfahren [&hellip;]\" \/>\n<meta property=\"og:url\" content=\"https:\/\/now-news.de\/de\/deutschland\/die-sowjetunion-war-auch-an-der-befreiung-europas-beteiligt-der-deutsche-geschichtsrevisionismus\/\" \/>\n<meta property=\"og:site_name\" content=\"just-now.NEWS Deutschland\" \/>\n<meta property=\"article:publisher\" content=\"https:\/\/www.facebook.com\/wirmachenauf\" \/>\n<meta property=\"article:published_time\" content=\"2023-05-09T16:11:27+00:00\" \/>\n<meta property=\"og:image\" content=\"https:\/\/now-news.de\/de\/wp-content\/uploads\/sites\/3\/2023\/05\/quotDie-Sowjetunion-war-auch-an-der-Befreiung-Europas-beteiligtquot-Der.jpg\" \/>\n\t<meta property=\"og:image:width\" content=\"784\" \/>\n\t<meta property=\"og:image:height\" content=\"1080\" \/>\n\t<meta property=\"og:image:type\" content=\"image\/jpeg\" \/>\n<meta name=\"author\" content=\"rtnews\" \/>\n<meta name=\"twitter:card\" content=\"summary_large_image\" \/>\n<meta name=\"twitter:creator\" content=\"@WirMachenAuf_de\" \/>\n<meta name=\"twitter:site\" content=\"@WirMachenAuf_de\" \/>\n<meta name=\"twitter:label1\" content=\"Verfasst von\" \/>\n\t<meta name=\"twitter:data1\" content=\"rtnews\" \/>\n\t<meta name=\"twitter:label2\" content=\"Gesch\u00e4tzte Lesezeit\" \/>\n\t<meta name=\"twitter:data2\" content=\"5\u00a0Minuten\" \/>\n<script type=\"application\/ld+json\" class=\"yoast-schema-graph\">{\"@context\":\"https:\/\/schema.org\",\"@graph\":[{\"@type\":\"Article\",\"@id\":\"https:\/\/now-news.de\/de\/deutschland\/die-sowjetunion-war-auch-an-der-befreiung-europas-beteiligt-der-deutsche-geschichtsrevisionismus\/#article\",\"isPartOf\":{\"@id\":\"https:\/\/now-news.de\/de\/deutschland\/die-sowjetunion-war-auch-an-der-befreiung-europas-beteiligt-der-deutsche-geschichtsrevisionismus\/\"},\"author\":{\"name\":\"rtnews\",\"@id\":\"https:\/\/now-news.de\/de\/#\/schema\/person\/fb534a4e865501d8b3285208df34a9b5\"},\"headline\":\"&quot;Die Sowjetunion war auch an der Befreiung Europas beteiligt&quot;: Der deutsche Geschichtsrevisionismus\",\"datePublished\":\"2023-05-09T16:11:27+00:00\",\"dateModified\":\"2023-05-09T16:11:27+00:00\",\"mainEntityOfPage\":{\"@id\":\"https:\/\/now-news.de\/de\/deutschland\/die-sowjetunion-war-auch-an-der-befreiung-europas-beteiligt-der-deutsche-geschichtsrevisionismus\/\"},\"wordCount\":996,\"commentCount\":0,\"publisher\":{\"@id\":\"https:\/\/now-news.de\/de\/#organization\"},\"image\":{\"@id\":\"https:\/\/now-news.de\/de\/deutschland\/die-sowjetunion-war-auch-an-der-befreiung-europas-beteiligt-der-deutsche-geschichtsrevisionismus\/#primaryimage\"},\"thumbnailUrl\":\"https:\/\/now-news.de\/de\/wp-content\/uploads\/sites\/3\/2023\/05\/quotDie-Sowjetunion-war-auch-an-der-Befreiung-Europas-beteiligtquot-Der.jpg\",\"keywords\":[\"auch\",\"Befreiung\",\"beteiligtquot\",\"der\",\"Deutsche\",\"Europas\",\"Geschichtsrevisionismus\",\"quotDie\",\"Sowjetunion\",\"War\"],\"articleSection\":[\"Deutschland\",\"Russland\"],\"inLanguage\":\"de\",\"potentialAction\":[{\"@type\":\"CommentAction\",\"name\":\"Comment\",\"target\":[\"https:\/\/now-news.de\/de\/deutschland\/die-sowjetunion-war-auch-an-der-befreiung-europas-beteiligt-der-deutsche-geschichtsrevisionismus\/#respond\"]}]},{\"@type\":\"WebPage\",\"@id\":\"https:\/\/now-news.de\/de\/deutschland\/die-sowjetunion-war-auch-an-der-befreiung-europas-beteiligt-der-deutsche-geschichtsrevisionismus\/\",\"url\":\"https:\/\/now-news.de\/de\/deutschland\/die-sowjetunion-war-auch-an-der-befreiung-europas-beteiligt-der-deutsche-geschichtsrevisionismus\/\",\"name\":\"&quot;Die Sowjetunion war auch an der Befreiung Europas beteiligt&quot;: Der deutsche Geschichtsrevisionismus - just-now.NEWS Deutschland\",\"isPartOf\":{\"@id\":\"https:\/\/now-news.de\/de\/#website\"},\"primaryImageOfPage\":{\"@id\":\"https:\/\/now-news.de\/de\/deutschland\/die-sowjetunion-war-auch-an-der-befreiung-europas-beteiligt-der-deutsche-geschichtsrevisionismus\/#primaryimage\"},\"image\":{\"@id\":\"https:\/\/now-news.de\/de\/deutschland\/die-sowjetunion-war-auch-an-der-befreiung-europas-beteiligt-der-deutsche-geschichtsrevisionismus\/#primaryimage\"},\"thumbnailUrl\":\"https:\/\/now-news.de\/de\/wp-content\/uploads\/sites\/3\/2023\/05\/quotDie-Sowjetunion-war-auch-an-der-Befreiung-Europas-beteiligtquot-Der.jpg\",\"datePublished\":\"2023-05-09T16:11:27+00:00\",\"dateModified\":\"2023-05-09T16:11:27+00:00\",\"breadcrumb\":{\"@id\":\"https:\/\/now-news.de\/de\/deutschland\/die-sowjetunion-war-auch-an-der-befreiung-europas-beteiligt-der-deutsche-geschichtsrevisionismus\/#breadcrumb\"},\"inLanguage\":\"de\",\"potentialAction\":[{\"@type\":\"ReadAction\",\"target\":[\"https:\/\/now-news.de\/de\/deutschland\/die-sowjetunion-war-auch-an-der-befreiung-europas-beteiligt-der-deutsche-geschichtsrevisionismus\/\"]}]},{\"@type\":\"ImageObject\",\"inLanguage\":\"de\",\"@id\":\"https:\/\/now-news.de\/de\/deutschland\/die-sowjetunion-war-auch-an-der-befreiung-europas-beteiligt-der-deutsche-geschichtsrevisionismus\/#primaryimage\",\"url\":\"https:\/\/now-news.de\/de\/wp-content\/uploads\/sites\/3\/2023\/05\/quotDie-Sowjetunion-war-auch-an-der-Befreiung-Europas-beteiligtquot-Der.jpg\",\"contentUrl\":\"https:\/\/now-news.de\/de\/wp-content\/uploads\/sites\/3\/2023\/05\/quotDie-Sowjetunion-war-auch-an-der-Befreiung-Europas-beteiligtquot-Der.jpg\",\"width\":784,\"height\":1080,\"caption\":\"&quot;Die Sowjetunion war auch an der Befreiung Europas beteiligt&quot;: Der deutsche Geschichtsrevisionismus\"},{\"@type\":\"BreadcrumbList\",\"@id\":\"https:\/\/now-news.de\/de\/deutschland\/die-sowjetunion-war-auch-an-der-befreiung-europas-beteiligt-der-deutsche-geschichtsrevisionismus\/#breadcrumb\",\"itemListElement\":[{\"@type\":\"ListItem\",\"position\":1,\"name\":\"Home\",\"item\":\"https:\/\/now-news.de\/de\/\"},{\"@type\":\"ListItem\",\"position\":2,\"name\":\"&quot;Die Sowjetunion war auch an der Befreiung Europas beteiligt&quot;: Der deutsche Geschichtsrevisionismus\"}]},{\"@type\":\"WebSite\",\"@id\":\"https:\/\/now-news.de\/de\/#website\",\"url\":\"https:\/\/now-news.de\/de\/\",\"name\":\"just-now.NEWS Deutschland\",\"description\":\"Das Portal f\u00fcr unzensierte Nachrichten aus der Welt\",\"publisher\":{\"@id\":\"https:\/\/now-news.de\/de\/#organization\"},\"potentialAction\":[{\"@type\":\"SearchAction\",\"target\":{\"@type\":\"EntryPoint\",\"urlTemplate\":\"https:\/\/now-news.de\/de\/?s={search_term_string}\"},\"query-input\":\"required name=search_term_string\"}],\"inLanguage\":\"de\"},{\"@type\":\"Organization\",\"@id\":\"https:\/\/now-news.de\/de\/#organization\",\"name\":\"Just Now News\",\"url\":\"https:\/\/now-news.de\/de\/\",\"logo\":{\"@type\":\"ImageObject\",\"inLanguage\":\"de\",\"@id\":\"https:\/\/now-news.de\/de\/#\/schema\/logo\/image\/\",\"url\":\"http:\/\/just-now.news\/de\/wp-content\/uploads\/sites\/3\/2022\/04\/logo500x500.jpg\",\"contentUrl\":\"http:\/\/just-now.news\/de\/wp-content\/uploads\/sites\/3\/2022\/04\/logo500x500.jpg\",\"width\":500,\"height\":500,\"caption\":\"Just Now News\"},\"image\":{\"@id\":\"https:\/\/now-news.de\/de\/#\/schema\/logo\/image\/\"},\"sameAs\":[\"https:\/\/www.facebook.com\/wirmachenauf\",\"https:\/\/x.com\/WirMachenAuf_de\"]},{\"@type\":\"Person\",\"@id\":\"https:\/\/now-news.de\/de\/#\/schema\/person\/fb534a4e865501d8b3285208df34a9b5\",\"name\":\"rtnews\",\"image\":{\"@type\":\"ImageObject\",\"inLanguage\":\"de\",\"@id\":\"https:\/\/now-news.de\/de\/#\/schema\/person\/image\/\",\"url\":\"https:\/\/secure.gravatar.com\/avatar\/82aafea7d8127119dd649515f56e2117?s=96&d=mm&r=g\",\"contentUrl\":\"https:\/\/secure.gravatar.com\/avatar\/82aafea7d8127119dd649515f56e2117?s=96&d=mm&r=g\",\"caption\":\"rtnews\"},\"url\":\"https:\/\/now-news.de\/de\/author\/rnews\/\"}]}<\/script>\n<!-- \/ Yoast SEO Premium plugin. -->","yoast_head_json":{"title":"&quot;Die Sowjetunion war auch an der Befreiung Europas beteiligt&quot;: Der deutsche Geschichtsrevisionismus - just-now.NEWS Deutschland","robots":{"index":"index","follow":"follow","max-snippet":"max-snippet:-1","max-image-preview":"max-image-preview:large","max-video-preview":"max-video-preview:-1"},"canonical":"https:\/\/now-news.de\/de\/deutschland\/die-sowjetunion-war-auch-an-der-befreiung-europas-beteiligt-der-deutsche-geschichtsrevisionismus\/","og_locale":"de_DE","og_type":"article","og_title":"&quot;Die Sowjetunion war auch an der Befreiung Europas beteiligt&quot;: Der deutsche Geschichtsrevisionismus","og_description":"Deutschland versucht offenbar, sich an Russland f\u00fcr den sowjetischen Sieg \u00fcber den Hitlerfaschismus zu r\u00e4chen. Auf vielf\u00e4ltige Weise: durch Verbote russischer und sowjetischer antifaschistischer Symbole, durch Geschichtsrevisionismus. Kann diese Art Rache erfolgreich sein? Von Jelena Karajewa, RIA Nowosti Ein zynisches Treiben mit unserem Schmerz und unserem Blut, das wir im Krieg gegen den Nationalsozialismus erfahren [&hellip;]","og_url":"https:\/\/now-news.de\/de\/deutschland\/die-sowjetunion-war-auch-an-der-befreiung-europas-beteiligt-der-deutsche-geschichtsrevisionismus\/","og_site_name":"just-now.NEWS Deutschland","article_publisher":"https:\/\/www.facebook.com\/wirmachenauf","article_published_time":"2023-05-09T16:11:27+00:00","og_image":[{"width":784,"height":1080,"url":"https:\/\/now-news.de\/de\/wp-content\/uploads\/sites\/3\/2023\/05\/quotDie-Sowjetunion-war-auch-an-der-Befreiung-Europas-beteiligtquot-Der.jpg","type":"image\/jpeg"}],"author":"rtnews","twitter_card":"summary_large_image","twitter_creator":"@WirMachenAuf_de","twitter_site":"@WirMachenAuf_de","twitter_misc":{"Verfasst von":"rtnews","Gesch\u00e4tzte Lesezeit":"5\u00a0Minuten"},"schema":{"@context":"https:\/\/schema.org","@graph":[{"@type":"Article","@id":"https:\/\/now-news.de\/de\/deutschland\/die-sowjetunion-war-auch-an-der-befreiung-europas-beteiligt-der-deutsche-geschichtsrevisionismus\/#article","isPartOf":{"@id":"https:\/\/now-news.de\/de\/deutschland\/die-sowjetunion-war-auch-an-der-befreiung-europas-beteiligt-der-deutsche-geschichtsrevisionismus\/"},"author":{"name":"rtnews","@id":"https:\/\/now-news.de\/de\/#\/schema\/person\/fb534a4e865501d8b3285208df34a9b5"},"headline":"&quot;Die Sowjetunion war auch an der Befreiung Europas beteiligt&quot;: Der deutsche Geschichtsrevisionismus","datePublished":"2023-05-09T16:11:27+00:00","dateModified":"2023-05-09T16:11:27+00:00","mainEntityOfPage":{"@id":"https:\/\/now-news.de\/de\/deutschland\/die-sowjetunion-war-auch-an-der-befreiung-europas-beteiligt-der-deutsche-geschichtsrevisionismus\/"},"wordCount":996,"commentCount":0,"publisher":{"@id":"https:\/\/now-news.de\/de\/#organization"},"image":{"@id":"https:\/\/now-news.de\/de\/deutschland\/die-sowjetunion-war-auch-an-der-befreiung-europas-beteiligt-der-deutsche-geschichtsrevisionismus\/#primaryimage"},"thumbnailUrl":"https:\/\/now-news.de\/de\/wp-content\/uploads\/sites\/3\/2023\/05\/quotDie-Sowjetunion-war-auch-an-der-Befreiung-Europas-beteiligtquot-Der.jpg","keywords":["auch","Befreiung","beteiligtquot","der","Deutsche","Europas","Geschichtsrevisionismus","quotDie","Sowjetunion","War"],"articleSection":["Deutschland","Russland"],"inLanguage":"de","potentialAction":[{"@type":"CommentAction","name":"Comment","target":["https:\/\/now-news.de\/de\/deutschland\/die-sowjetunion-war-auch-an-der-befreiung-europas-beteiligt-der-deutsche-geschichtsrevisionismus\/#respond"]}]},{"@type":"WebPage","@id":"https:\/\/now-news.de\/de\/deutschland\/die-sowjetunion-war-auch-an-der-befreiung-europas-beteiligt-der-deutsche-geschichtsrevisionismus\/","url":"https:\/\/now-news.de\/de\/deutschland\/die-sowjetunion-war-auch-an-der-befreiung-europas-beteiligt-der-deutsche-geschichtsrevisionismus\/","name":"&quot;Die Sowjetunion war auch an der Befreiung Europas beteiligt&quot;: Der deutsche Geschichtsrevisionismus - just-now.NEWS Deutschland","isPartOf":{"@id":"https:\/\/now-news.de\/de\/#website"},"primaryImageOfPage":{"@id":"https:\/\/now-news.de\/de\/deutschland\/die-sowjetunion-war-auch-an-der-befreiung-europas-beteiligt-der-deutsche-geschichtsrevisionismus\/#primaryimage"},"image":{"@id":"https:\/\/now-news.de\/de\/deutschland\/die-sowjetunion-war-auch-an-der-befreiung-europas-beteiligt-der-deutsche-geschichtsrevisionismus\/#primaryimage"},"thumbnailUrl":"https:\/\/now-news.de\/de\/wp-content\/uploads\/sites\/3\/2023\/05\/quotDie-Sowjetunion-war-auch-an-der-Befreiung-Europas-beteiligtquot-Der.jpg","datePublished":"2023-05-09T16:11:27+00:00","dateModified":"2023-05-09T16:11:27+00:00","breadcrumb":{"@id":"https:\/\/now-news.de\/de\/deutschland\/die-sowjetunion-war-auch-an-der-befreiung-europas-beteiligt-der-deutsche-geschichtsrevisionismus\/#breadcrumb"},"inLanguage":"de","potentialAction":[{"@type":"ReadAction","target":["https:\/\/now-news.de\/de\/deutschland\/die-sowjetunion-war-auch-an-der-befreiung-europas-beteiligt-der-deutsche-geschichtsrevisionismus\/"]}]},{"@type":"ImageObject","inLanguage":"de","@id":"https:\/\/now-news.de\/de\/deutschland\/die-sowjetunion-war-auch-an-der-befreiung-europas-beteiligt-der-deutsche-geschichtsrevisionismus\/#primaryimage","url":"https:\/\/now-news.de\/de\/wp-content\/uploads\/sites\/3\/2023\/05\/quotDie-Sowjetunion-war-auch-an-der-Befreiung-Europas-beteiligtquot-Der.jpg","contentUrl":"https:\/\/now-news.de\/de\/wp-content\/uploads\/sites\/3\/2023\/05\/quotDie-Sowjetunion-war-auch-an-der-Befreiung-Europas-beteiligtquot-Der.jpg","width":784,"height":1080,"caption":"&quot;Die Sowjetunion war auch an der Befreiung Europas beteiligt&quot;: Der deutsche Geschichtsrevisionismus"},{"@type":"BreadcrumbList","@id":"https:\/\/now-news.de\/de\/deutschland\/die-sowjetunion-war-auch-an-der-befreiung-europas-beteiligt-der-deutsche-geschichtsrevisionismus\/#breadcrumb","itemListElement":[{"@type":"ListItem","position":1,"name":"Home","item":"https:\/\/now-news.de\/de\/"},{"@type":"ListItem","position":2,"name":"&quot;Die Sowjetunion war auch an der Befreiung Europas beteiligt&quot;: Der deutsche Geschichtsrevisionismus"}]},{"@type":"WebSite","@id":"https:\/\/now-news.de\/de\/#website","url":"https:\/\/now-news.de\/de\/","name":"just-now.NEWS Deutschland","description":"Das Portal f\u00fcr unzensierte Nachrichten aus der Welt","publisher":{"@id":"https:\/\/now-news.de\/de\/#organization"},"potentialAction":[{"@type":"SearchAction","target":{"@type":"EntryPoint","urlTemplate":"https:\/\/now-news.de\/de\/?s={search_term_string}"},"query-input":"required name=search_term_string"}],"inLanguage":"de"},{"@type":"Organization","@id":"https:\/\/now-news.de\/de\/#organization","name":"Just Now News","url":"https:\/\/now-news.de\/de\/","logo":{"@type":"ImageObject","inLanguage":"de","@id":"https:\/\/now-news.de\/de\/#\/schema\/logo\/image\/","url":"http:\/\/just-now.news\/de\/wp-content\/uploads\/sites\/3\/2022\/04\/logo500x500.jpg","contentUrl":"http:\/\/just-now.news\/de\/wp-content\/uploads\/sites\/3\/2022\/04\/logo500x500.jpg","width":500,"height":500,"caption":"Just Now News"},"image":{"@id":"https:\/\/now-news.de\/de\/#\/schema\/logo\/image\/"},"sameAs":["https:\/\/www.facebook.com\/wirmachenauf","https:\/\/x.com\/WirMachenAuf_de"]},{"@type":"Person","@id":"https:\/\/now-news.de\/de\/#\/schema\/person\/fb534a4e865501d8b3285208df34a9b5","name":"rtnews","image":{"@type":"ImageObject","inLanguage":"de","@id":"https:\/\/now-news.de\/de\/#\/schema\/person\/image\/","url":"https:\/\/secure.gravatar.com\/avatar\/82aafea7d8127119dd649515f56e2117?s=96&d=mm&r=g","contentUrl":"https:\/\/secure.gravatar.com\/avatar\/82aafea7d8127119dd649515f56e2117?s=96&d=mm&r=g","caption":"rtnews"},"url":"https:\/\/now-news.de\/de\/author\/rnews\/"}]}},"_links":{"self":[{"href":"https:\/\/now-news.de\/de\/wp-json\/wp\/v2\/posts\/35696"}],"collection":[{"href":"https:\/\/now-news.de\/de\/wp-json\/wp\/v2\/posts"}],"about":[{"href":"https:\/\/now-news.de\/de\/wp-json\/wp\/v2\/types\/post"}],"author":[{"embeddable":true,"href":"https:\/\/now-news.de\/de\/wp-json\/wp\/v2\/users\/3"}],"replies":[{"embeddable":true,"href":"https:\/\/now-news.de\/de\/wp-json\/wp\/v2\/comments?post=35696"}],"version-history":[{"count":0,"href":"https:\/\/now-news.de\/de\/wp-json\/wp\/v2\/posts\/35696\/revisions"}],"wp:featuredmedia":[{"embeddable":true,"href":"https:\/\/now-news.de\/de\/wp-json\/wp\/v2\/media\/35697"}],"wp:attachment":[{"href":"https:\/\/now-news.de\/de\/wp-json\/wp\/v2\/media?parent=35696"}],"wp:term":[{"taxonomy":"category","embeddable":true,"href":"https:\/\/now-news.de\/de\/wp-json\/wp\/v2\/categories?post=35696"},{"taxonomy":"post_tag","embeddable":true,"href":"https:\/\/now-news.de\/de\/wp-json\/wp\/v2\/tags?post=35696"}],"curies":[{"name":"wp","href":"https:\/\/api.w.org\/{rel}","templated":true}]}}