{"id":35652,"date":"2023-05-09T08:09:12","date_gmt":"2023-05-09T06:09:12","guid":{"rendered":"https:\/\/just-now.news\/de\/deutschland\/graichen-affaere-wie-gruenes-us-kapital-das-wirtschaftsministerium-penetriert-hat\/"},"modified":"2023-05-09T08:09:12","modified_gmt":"2023-05-09T06:09:12","slug":"graichen-affaere-wie-gruenes-us-kapital-das-wirtschaftsministerium-penetriert-hat","status":"publish","type":"post","link":"https:\/\/now-news.de\/de\/deutschland\/graichen-affaere-wie-gruenes-us-kapital-das-wirtschaftsministerium-penetriert-hat\/","title":{"rendered":"Graichen-Aff\u00e4re: Wie gr\u00fcnes US-Kapital das Wirtschaftsministerium &quot;penetriert&quot; hat"},"content":{"rendered":"<p><img decoding=\"async\" src=\"http:\/\/just-now.news\/de\/wp-content\/uploads\/sites\/3\/2023\/05\/6458fa5848fbef631170b038.jpg\" \/><\/p>\n<div class=\"Text-root Text-type_1 \">\n                Die Gr\u00fcnen tun gut daran, die Aff\u00e4re um Staatssekret\u00e4r Patrick Graichen als &#8220;Fehler&#8221; in einer Personalfrage abzutun. Denn der eigentliche Skandal ist das Geflecht aus gemeinn\u00fctzigen GmbH und US-Stiftungen, f\u00fcr die Graichen lobbyiert hat und die bei der &#8220;Energiewende&#8221; in Deutschland die F\u00e4den ziehen.\n            <\/div>\n<p><\/p>\n<div class=\"Text-root Text-type_5 ArticleView-text ViewText-root \">\n<p><em>Von Bj\u00f6rn Kawecki<\/em><\/p>\n<p>Erst Familienbeziehungen beim \u00d6ko-Institut, dann die Beteiligung an der Wahl des eigenen Trauzeugen zum neuen Gesch\u00e4ftsf\u00fchrer der bundeseigenen Deutschen Energie-Agentur: Die Art, wie Robert Habecks Staatssekret\u00e4r Patrick Graichen Personalfragen kl\u00e4rt, ist nicht ohne. Sowohl der Wirtschaftsminister als auch sein Staatssekret\u00e4r haben mittlerweile einen &#8220;Fehler&#8221; einger\u00e4umt. Und Graichen gab sogar zu, er habe &#8220;nicht richtig aufgepasst&#8221;. Von personellen Konsequenzen wollen aber weder er noch Habeck etwas wissen.<\/p>\n<p>Doch der Druck durch Medien und Opposition war zeitweise so gro\u00df, dass die gr\u00fcne Parteispitze ihrem Wirtschaftsminister zur Hilfe eilen musste. J\u00fcrgen Trittin witterte sogar eine Verschw\u00f6rung. Dem <em>Deutschlandfunk<\/em> sagte er, bei den Reaktionen auf die Graichen-Aff\u00e4re handele es sich um &#8220;eine gezielte Kampagne&#8221; aus der &#8220;rechten Ecke&#8221; und einen &#8220;Aufstand der fossilen Lobby&#8221;. Ziel der Kampagne sei es, die Novelle des Geb\u00e4udeenergiegesetzes aufzuhalten.<\/p>\n<p><strong>Fr\u00fcher Top-Lobbyist, heute Staatssekret\u00e4r<\/strong><\/p>\n<p>Dabei wurde von Habeck doch mit Graichen gerade ein Top-Lobbyist an die Spitze des Wirtschaftsministeriums gestellt. Bei der Agora Energiewende gGmbH, deren Direktor Graichen von 2014 bis 2021 war, handelt es sich n\u00e4mlich um eine gr\u00fcne Denkfabrik und Lobby-Organisation, die auch im EU-Transparenzregister gef\u00fchrt wird, wo es hei\u00dft, dass sie &#8220;evidenzbasierte und politisch umsetzbare Strategien&#8221; entwickle, &#8220;um das Ziel der Klimaneutralit\u00e4t in Deutschland, Europa und dem Rest der Welt voranzutreiben&#8221;.<\/p>\n<p>Zwar wird behauptet, man sei frei von ideologischen Vorfestlegungen und weder der Wirtschaft noch der Politik, sondern nur dem &#8220;Klima&#8221; verpflichtet. Doch wenn man sich nur ein paar Zeilen tiefer die wichtigsten anvisierten Strategien\u00a0bzw. Legislativvorschl\u00e4ge ansieht, hat es sich mit der Unabh\u00e4ngigkeit: EU-Strommarktdesign, EU-Rahmen f\u00fcr erneuerbare Energien, EU-Klimaschutzpolitik, EU-Beihilferahmen f\u00fcr Umwelt und Energie, European Green Deal, EU-Rahmen f\u00fcr eine treibhausgasneutrale Industrie, Klimaschutzziel 2030 \u2013 Wirtschaftsprogramme, von denen Milliardeninvestitionen abh\u00e4ngen. Der Verdacht liegt also nahe, dass Graichen dieselben wirtschaftspolitischen Schablonen, f\u00fcr die er als Direktor der Agora Energiewende\u00a0zust\u00e4ndig war, nun im Wirtschaftsministerium umsetzt.<\/p>\n<p><strong>Wer finanziert Agora Energiewende?<\/strong><\/p>\n<p>Der Wirtschaftsminister tut also gut daran,\u00a0es bei der Graichen-Aff\u00e4re entgegen Trittins Vorwurf an die &#8220;Fossil-Lobby&#8221; bei einem Fehler in einer Personalfrage zu belassen und das b\u00f6se L-Wort besser nicht in den Mund zu nehmen: &#8220;Diesen pers\u00f6nlichen Fehler hat nicht die Gaswirtschaft begangen.&#8221;\u00a0Und auch Omid Nouripour\u00a0hat\u00a0offenbar verstanden, dass man nicht den Eindruck entstehen lassen sollte, hier handele es sich um ein gr\u00f6\u00dferes Ding,\u00a0weswegen er\u00a0vorsorglich noch ein paar Nebelkerzen wirft: &#8220;Wir reden nicht \u00fcber systematische Netzwerke, wie wir sie kennen aus der Maskenaff\u00e4re, wie wir sie kennen aus der Moskau-Connection.&#8221; Man m\u00f6chte ja nicht schlafende Hunde wecken.<\/p>\n<p>Die sind aber l\u00e4ngst wach. So stellten bereits die <em>Bild<\/em> und Boris Reitschuster die berechtigte Frage, wer an der Arbeit einer Denkfabrik Agora Energiewende eigentlich so ein gro\u00dfes Interesse hat, dass er f\u00fcr das n\u00f6tige Kleingeld von vielen Millionen Euro pro Jahr ohne ersichtliche Gegenleistung aufkommt. Die Suche nach einer Antwort f\u00fchrt unter anderem in die USA. Ein Blick in den Finanzbericht von Agora Energiewende zeigt n\u00e4mlich, dass die Denkfabrik allein im Jahr 2022 fast sechs Millionen Euro von einer US-amerikanischen Stiftung erhielt, der Climate Imperative Foundation. Ein weiterer Top-Sponsor mit 1,5 Millionen Euro ist die European Climate Foundation. Beide Stiftungen hat der US-amerikanische Investor Hal Harvey gegr\u00fcndet.<\/p>\n<p><strong>Wer ist Hal Harvey?<\/strong><\/p>\n<p>Viele \u00f6ffentliche Informationen findet man nicht \u00fcber Harvey. In den h\u00e4ufig gleichen Portr\u00e4ts wird Harvey gerne als Pionier der gr\u00fcnen Agenda dargestellt, der heute mit dem Geld aus seinen Stiftungen den Planeten retten will. Fest steht aber, dass Harvey mehr als ein gew\u00f6hnlicher Investor ist, bzw. weniger.<\/p>\n<p>Das Potenzial von Stiftungen als Gro\u00dfspender soll Harvey schon fr\u00fch erkannt haben. Bereits Anfang der 1990er-Jahre gr\u00fcndete er die Stiftung Energy Foundation. In den 2000er-Jahren unterst\u00fctzte er die Gr\u00fcndung weiterer Stiftungen, die eine gr\u00fcne Agenda verfolgen, in China und Indien. In der EU gr\u00fcndete er die bereits erw\u00e4hnte European Climate Foundation. Von 2002 bis 2008 war Harvey zudem der Direktor des Umweltprogramms der William and Flora Hewlett Foundation, der Stiftung des 2001 verstorbenen Co-Gr\u00fcnders des IT-Konzerns HP, William Hewlett.<\/p>\n<p>2008 gr\u00fcndete Harvey seine eigene Stiftung, die ClimateWorks Foundation (nicht: Climate Work Foundation). Das n\u00f6tige Kapital stammte wiederum von anderen Stiftungen, darunter Bezos Earth Fund\u00a0(von Jeff Bezos, Amazon), Chan Zuckerberg Initiative\u00a0(Mark Zuckerberg, Meta) und Gates Ventures (Bill Gates, Microsoft), also von Gr\u00fcndern einiger der m\u00e4chtigsten und umsatzst\u00e4rksten Konzerne\u00a0auf dem Planeten.<\/p>\n<p>Sp\u00e4testens 2012 wurde Harvey direkt in Deutschland aktiv, als er Agora Energiewende mitgr\u00fcndete.\u00a0Ebenso war Harvey\u00a0Mitinitiator der 2020 gegr\u00fcndeten Climate Neutrality Foundation, zu deutsch Stiftung Klimaneutralit\u00e4t, deren Vizepr\u00e4sident er immer noch ist und die ihr Geld offenbar vollst\u00e4ndig von der\u00a0Climate Imperative Foundation erh\u00e4lt, die Harvey 2020 gr\u00fcndete.<\/p>\n<p>Wer ist also Harvey?\u00a0Man k\u00f6nnte ihn als\u00a0Netzwerker bezeichnen oder als graue Eminenz,\u00a0die durch die Gr\u00fcndung eines ganzen Organisationsgeflechts den richtigen Akteuren unter dem Deckmantel des guten Zwecks Geld zuflie\u00dfen l\u00e4sst. Akteure, die sich hehre Ziele wie Klima- und Umweltschutz auf die Fahne schreiben. Geld, das man als gr\u00fcn gewaschenes US-Kapital bezeichnen k\u00f6nnte. Und wenn Graichen und Habeck die Bauern eines solchen\u00a0gr\u00fcnen Kapitals sind, dann\u00a0ist Harvey sein L\u00e4ufer. Doch was will Harvey in Deutschland?<\/p>\n<p><strong>Gr\u00fcnes Kapital bei der Arbeit<\/strong><\/p>\n<p>In einem Interview mit der deutschen Stiftung Mercator im Jahr 2011 (ebenfalls ein gro\u00dfz\u00fcgiger Spender\u00a0der Agora Energiewende), die sich damals als &#8220;neuer, aber ambitionierter Akteur in der Klimaszene in Deutschland und Europa&#8221; bezeichnete, wurde Harvey gefragt, wie die M\u00f6glichkeit steht, den Klimawandel doch noch aufzuhalten.\u00a0Darauf antwortete\u00a0Harvey, dies sei noch m\u00f6glich, aber unter der Bedingung, dass es in den n\u00e4chsten zehn Jahren geschieht. Hierf\u00fcr m\u00fcsse man in Schwellenl\u00e4ndern wie China und Indien f\u00fcr den rechtzeitigen Aufbau einer kohlenstoffarmen Industrie sorgen. In den entwickelten L\u00e4ndern wie Deutschland oder den USA m\u00fcssten hingegen die alten Industrieanlagen und Kraftwerke umger\u00fcstet werden:<\/p>\n<blockquote>\n<p><em>&#8220;Deutschland hat die Chance, als erstes modernes, voll industrialisiertes Land eine kohlenstoffarme Nation zu werden, und die Welt braucht dieses Modell dringend. Wenn es dieses Modell nicht gibt, dann kann der Rest der Welt es auch nicht umsetzen.&#8221;<\/em><\/p>\n<\/blockquote>\n<p>Es ist erstaunlich, dass gerade Deutschland als Modell f\u00fcr die Welt herhalten soll. Warum zum Beispiel nicht die USA? Als Grund nennt Harvey blo\u00df die Entscheidung der damaligen Bundeskanzlerin Angela Merkel, die deutschen Kernkraftwerke bis 2022 au\u00dfer Betrieb zu nehmen, ein Zeitplan, der \u00fcbrigens nur um wenige Monate \u00fcberschritten wurde.<\/p>\n<p>Zehn Jahre und einige Stiftungsgr\u00fcndungen sp\u00e4ter. Harvey spricht auf der Konferenz der Stiftung Klimaneutralit\u00e4t am 21. Mai 2021 in Berlin. Das Motto: &#8220;Was jetzt zu tun ist. Deutschlands Weg zur Klimaneutralit\u00e4t&#8221;. Ein Blick auf die Rednerliste zeigt: Die Klimaagenda ist l\u00e4ngst kein Spleen der gr\u00fcnen Partei mehr. Hohe Tiere aus der Industrie, dem Stiftungssumpf und der Bundespolitik. Rainer Baake, bis 2014 Direktor von Agora Energiewende, seit 2020 Direktor der Stiftung Klimaneutralit\u00e4t, Felix Matthes vom \u00d6ko-Institut, Christian Bruch, Vorstandsvorsitzender der Siemens Energy AG, Bernhard Osburg, Sprecher des Vorstands von Thyssenkrupp Europa, und Werner Baumann, Vorstandsvorsitzender der Bayer AG.<\/p>\n<p>Die Reden der Konferenzteilnehmer sind so vielsagend, dass sie eine eigene Analyse rechtfertigen w\u00fcrden. Zum Beispiel die Stelle, an der Baumann mit Blick auf die &#8220;noch&#8221; nicht vorhandenen Zukunftstechnologien auf den &#8220;Erfolg&#8221; des neuen mRNA-Impfstoffes verweist, der &#8220;noch nicht getestet ist&#8221;. Oder Osburg, der verlautbart, dass die Stahlindustrie an Rhein und Ruhr entweder klimaneutral wird oder keine Zukunft mehr hat.<\/p>\n<p>Harveys Rede ist weniger spezifisch, gibt aber Tempo und Stimmung vor: Gleichschritt und die gewohnte gr\u00fcne Panik.<\/p>\n<blockquote>\n<p><em>&#8220;Wenn wir dieses n\u00e4chste Jahrzehnt vergeuden, wenn wir es nicht schaffen, wirklich klug und schnell zu handeln, gibt es keinen sicheren Hafen.&#8221;<\/em><\/p>\n<\/blockquote>\n<p>Der Menschheit bleiben also erneut zehn Jahre, bis die Welt untergeht. Zehn Jahre, ein Zeitraum, der jedem greifbar erscheint. F\u00fcr diese n\u00e4chsten zehn Jahre brauche es &#8220;einen klaren Plan f\u00fcr den Nullpunkt in jedem Sektor&#8221;. Gemeint ist eine Nullbilanz beim CO\u2082-Aussto\u00df in den Bereichen Energieerzeugung, Verkehr, Geb\u00e4ude, Industrie und Forst.<\/p>\n<blockquote>\n<p><em>&#8220;Wenn wir nicht verstehen k\u00f6nnen, wie sich die physischen Dinge in der Wirtschaft ver\u00e4ndern, wie sich Heizkessel, Kraftwerke, Fahrzeuge und Geb\u00e4ude physisch ver\u00e4ndern, dann haben wir keinen Plan.&#8221;<\/em><\/p>\n<\/blockquote>\n<p>Der Fahrplan, den Harvey vorlegt, erinnert erstaunlicherweise an das Wunschdenken in den klimaneutralen Konzepten der Bundesregierung. Null CO\u2082 bei der Erzeugung von Elektrizit\u00e4t, da von der Energieerzeugung auch die anderen Bereiche abh\u00e4ngen. Der Verkehr als n\u00e4chster &#8220;gro\u00dfer Hebelarm&#8221;, mit dem man schon beginnen m\u00fcsse. Danach der Geb\u00e4udesektor. Bei der aktuellen Sanierungsrate in den USA von ein bis zwei Prozent\u00a0werde es hingegen 100 Jahre dauern, bis alle H\u00e4user mit gr\u00fcner Technologie umgebaut sind. Was ist zu tun?<\/p>\n<blockquote>\n<p><em>&#8220;Es ist nicht elegant, aber es funktioniert: Ersetzung von Brennern und Heizkesseln durch W\u00e4rmepumpen und der Betrieb durch ein Null-Kohlenstoff-Netz. Das erfordert baurechtliche Standards. Kein Verkauf konventioneller \u00d6fen mehr, kein Anschluss von Erdgas mehr. Wenn wir dem nicht entschlossen entgegentreten, scheitert der Sektor Geb\u00e4ude.&#8221;<\/em><\/p>\n<\/blockquote>\n<p><strong>(Mindestens) drei Gr\u00fcnde, warum Lobbykontrolle nicht funktioniert<\/strong><\/p>\n<p>Grund 1: Die Arbeit von Personen wie Harvey zeigt, dass Lobbyismus als direkter Einfluss von Interessenvertretern auf politische Entscheidungstr\u00e4gern ein Gesch\u00e4ft f\u00fcr Amateure ist. Wer smart ist und die Ressourcen besitzt, klopft nicht im B\u00fcro des Parlamentariers an, sondern bezahlt die Experten, die den Politiker informieren, und beeinflusst die W\u00e4hler, die ihn w\u00e4hlen. Effiziente Lobbyarbeit richtet sich im vor- bzw. metapolitischen Raum ein, im Kampf um die K\u00f6pfe der Wissenschaft, der Medien, der \u00d6ffentlichkeit. (Antonio Gramsci und Edward Bernays lassen gr\u00fc\u00dfen.) Der Politiker ist im besten Fall nur noch der Kellner, der serviert, was andere f\u00fcr ihn gekocht haben.<\/p>\n<p>Grund 2: Die Nichtregierungsorganisation Lobbycontrol, die sich ja auf die Fahne schreibt, den Einfluss von Lobbys zu kontrollieren, ist selbst eine Lobbyorganisation, die sogar im Lobbyregister des Bundestags gef\u00fchrt wird. Zudem l\u00e4sst sie sich aus dem deutschen Stiftungsgeflecht bezuschussen, n\u00e4mlich der Olin-Stiftung und der Sch\u00f6pflin-Stiftung.<\/p>\n<p>Die Olin-Stiftung bezieht ihr Geld vermutlich aus dem Kapital der Familien Szlovak und Schmidt, die laut dem <em>Hamburger Abendblatt<\/em> mit einem gesch\u00e4tzten Verm\u00f6gen zwischen 100 und 200 Millionen Euro zu den 80 reichsten Familien Deutschlands geh\u00f6ren. Der Gro\u00dfteil der Mittel der Sch\u00f6pflin-Stiftung stammt aus dem Family Office von Hans Sch\u00f6pflin. \u00d6ffentliche Informationen \u00fcber das Verm\u00f6gen der Familie Sch\u00f6pflin gibt es zwar nicht. Zu einem guten Teil seines Verm\u00f6gens d\u00fcrfte Hans Sch\u00f6pflin aber als Seed-Investor bei Costco und Qualcomm gekommen sein, die heute Ums\u00e4tze in Milliardenh\u00f6he erzielen.<\/p>\n<p>Zur fr\u00fcheren Lobbyarbeit von Graichen teilte eine Sprecherin von Lobbycontrol \u00fcbrigens mit, dass man es grunds\u00e4tzlich weniger kritisch sehe, wenn von der Interessenvertretung in die Politik gewechselt werde.<\/p>\n<blockquote>\n<p><em>&#8220;Zudem ist es aus unserer Sicht schon ein Unterschied, ob man zuvor Gemeinwohlinteressen vertreten hat oder die Interessen eines Wirtschaftsunternehmens.&#8221;<\/em><\/p>\n<\/blockquote>\n<p>Grund 3: Auf derselben Konferenz der Stiftung Klimaneutralit\u00e4t 2021 waren auch der damalige Bundesvorsitzende der Gr\u00fcnen Habeck und der damalige Bundesfinanzminister Olaf Scholz als Redner geladen \u2013 so viel in Richtung der offenen M\u00fcnder, die sich fragen, warum der Kanzler seinen Wirtschaftsminister so wenig Paroli bietet. Im Gegenteil: Scholz pr\u00e4sentierte sich auf der Konferenz als der Mann, der die &#8220;Bew\u00e4ltigung eines historischen industriellen Umbruchs&#8221; umsetzen wird. Diese gehe nicht nach dem Motto &#8220;Allen wohl und niemand weh&#8221;. Deutschland sei mit seinem klimaneutralen Transformationsprogramm eine &#8220;Wette&#8221; eingegangen, so Scholz w\u00f6rtlich, und man m\u00fcsse alles tun, um diese Wette auch zu gewinnen.<\/p>\n<blockquote>\n<p><em>&#8220;All diese Ziele gelingen nur, wenn ich Bundeskanzler werde.&#8221;<\/em><\/p>\n<\/blockquote>\n<p>Man k\u00f6nnte also\u00a0schlie\u00dfen, dass es die gr\u00fcne Lobby mit Graichen als Staatssekret\u00e4r nicht nur geschafft hat, das Wirtschaftsministerium zu penetrieren. Sie sitzt sogar im Kanzleramt.<\/p>\n<p><strong>Mehr zum Thema\u00a0<\/strong>\u2013\u00a0<a rel=\"nofollow noopener\" target=\"_blank\" href=\"https:\/\/freeassange.rtde.me\/meinung\/169518-kanzlergespraech-entpuppt-sich-als-luftnummer\/\">&#8220;Keine Ahnung, welche Fragen kommen&#8221;? &#8220;KanzlerGESPR\u00c4CH&#8221; entpuppt sich als Luftnummer<\/a><\/p>\n<\/p>\n<\/div>\n<p><br \/>\n<br \/><a href=\"https:\/\/de.rt.com\/inland\/169550-graichen-affaere-wie-gruenes-us-kapital-das-wirtschaftsministerium-penetriert-hat\/\">Source link <\/a><\/p>\n","protected":false},"excerpt":{"rendered":"<p>Die Gr\u00fcnen tun gut daran, die Aff\u00e4re um Staatssekret\u00e4r Patrick Graichen als &#8220;Fehler&#8221; in einer Personalfrage abzutun. Denn der eigentliche Skandal ist das Geflecht aus gemeinn\u00fctzigen GmbH und US-Stiftungen, f\u00fcr die Graichen lobbyiert hat und die bei der &#8220;Energiewende&#8221; in Deutschland die F\u00e4den ziehen. Von Bj\u00f6rn Kawecki Erst Familienbeziehungen beim \u00d6ko-Institut, dann die Beteiligung an [&hellip;]<\/p>\n","protected":false},"author":3,"featured_media":35653,"comment_status":"open","ping_status":"open","sticky":false,"template":"","format":"standard","meta":{"_yoast_indexnow_last_ping":["1683613497"],"wp_automatic_camp":["217"],"787f758969e2bf43020096b61672d36d":["Graichen-Aff\u00e4re: Wie gr\u00fcnes US-Kapital das Wirtschaftsministerium &quot;penetriert&quot; hat"],"original_link":["https:\/\/de.rt.com\/inland\/169550-graichen-affaere-wie-gruenes-us-kapital-das-wirtschaftsministerium-penetriert-hat\/"],"_thumbnail_id":["35653"],"_wptgpro_p2tg_sent2tg":["a:1:{i:23737;s:19:\"2023-05-09 08:25:59\";}"],"jnews_social_counter_last_update":["1777211814"]},"categories":[19,23],"tags":[427,44042,20112,423,44044,44043,579,33180],"yoast_head":"<!-- This site is optimized with the Yoast SEO Premium plugin v22.7 (Yoast SEO v22.7) - https:\/\/yoast.com\/wordpress\/plugins\/seo\/ -->\n<title>Graichen-Aff\u00e4re: Wie gr\u00fcnes US-Kapital das Wirtschaftsministerium &quot;penetriert&quot; hat - just-now.NEWS Deutschland<\/title>\n<meta name=\"robots\" content=\"index, follow, max-snippet:-1, max-image-preview:large, max-video-preview:-1\" \/>\n<link rel=\"canonical\" href=\"https:\/\/now-news.de\/de\/deutschland\/graichen-affaere-wie-gruenes-us-kapital-das-wirtschaftsministerium-penetriert-hat\/\" \/>\n<meta property=\"og:locale\" content=\"de_DE\" \/>\n<meta property=\"og:type\" content=\"article\" \/>\n<meta property=\"og:title\" content=\"Graichen-Aff\u00e4re: Wie gr\u00fcnes US-Kapital das Wirtschaftsministerium &quot;penetriert&quot; hat\" \/>\n<meta property=\"og:description\" content=\"Die Gr\u00fcnen tun gut daran, die Aff\u00e4re um Staatssekret\u00e4r Patrick Graichen als &#8220;Fehler&#8221; in einer Personalfrage abzutun. Denn der eigentliche Skandal ist das Geflecht aus gemeinn\u00fctzigen GmbH und US-Stiftungen, f\u00fcr die Graichen lobbyiert hat und die bei der &#8220;Energiewende&#8221; in Deutschland die F\u00e4den ziehen. Von Bj\u00f6rn Kawecki Erst Familienbeziehungen beim \u00d6ko-Institut, dann die Beteiligung an [&hellip;]\" \/>\n<meta property=\"og:url\" content=\"https:\/\/now-news.de\/de\/deutschland\/graichen-affaere-wie-gruenes-us-kapital-das-wirtschaftsministerium-penetriert-hat\/\" \/>\n<meta property=\"og:site_name\" content=\"just-now.NEWS Deutschland\" \/>\n<meta property=\"article:publisher\" content=\"https:\/\/www.facebook.com\/wirmachenauf\" \/>\n<meta property=\"article:published_time\" content=\"2023-05-09T06:09:12+00:00\" \/>\n<meta property=\"og:image\" content=\"https:\/\/now-news.de\/de\/wp-content\/uploads\/sites\/3\/2023\/05\/Graichen-Affaere-Wie-gruenes-US-Kapital-das-Wirtschaftsministerium-quotpenetriertquot-hat.jpg\" \/>\n\t<meta property=\"og:image:width\" content=\"460\" \/>\n\t<meta property=\"og:image:height\" content=\"259\" \/>\n\t<meta property=\"og:image:type\" content=\"image\/jpeg\" \/>\n<meta name=\"author\" content=\"rtnews\" \/>\n<meta name=\"twitter:card\" content=\"summary_large_image\" \/>\n<meta name=\"twitter:creator\" content=\"@WirMachenAuf_de\" \/>\n<meta name=\"twitter:site\" content=\"@WirMachenAuf_de\" \/>\n<meta name=\"twitter:label1\" content=\"Verfasst von\" \/>\n\t<meta name=\"twitter:data1\" content=\"rtnews\" \/>\n\t<meta name=\"twitter:label2\" content=\"Gesch\u00e4tzte Lesezeit\" \/>\n\t<meta name=\"twitter:data2\" content=\"10\u00a0Minuten\" \/>\n<script type=\"application\/ld+json\" class=\"yoast-schema-graph\">{\"@context\":\"https:\/\/schema.org\",\"@graph\":[{\"@type\":\"Article\",\"@id\":\"https:\/\/now-news.de\/de\/deutschland\/graichen-affaere-wie-gruenes-us-kapital-das-wirtschaftsministerium-penetriert-hat\/#article\",\"isPartOf\":{\"@id\":\"https:\/\/now-news.de\/de\/deutschland\/graichen-affaere-wie-gruenes-us-kapital-das-wirtschaftsministerium-penetriert-hat\/\"},\"author\":{\"name\":\"rtnews\",\"@id\":\"https:\/\/now-news.de\/de\/#\/schema\/person\/fb534a4e865501d8b3285208df34a9b5\"},\"headline\":\"Graichen-Aff\u00e4re: Wie gr\u00fcnes US-Kapital das Wirtschaftsministerium &quot;penetriert&quot; hat\",\"datePublished\":\"2023-05-09T06:09:12+00:00\",\"dateModified\":\"2023-05-09T06:09:12+00:00\",\"mainEntityOfPage\":{\"@id\":\"https:\/\/now-news.de\/de\/deutschland\/graichen-affaere-wie-gruenes-us-kapital-das-wirtschaftsministerium-penetriert-hat\/\"},\"wordCount\":2041,\"commentCount\":0,\"publisher\":{\"@id\":\"https:\/\/now-news.de\/de\/#organization\"},\"image\":{\"@id\":\"https:\/\/now-news.de\/de\/deutschland\/graichen-affaere-wie-gruenes-us-kapital-das-wirtschaftsministerium-penetriert-hat\/#primaryimage\"},\"thumbnailUrl\":\"https:\/\/now-news.de\/de\/wp-content\/uploads\/sites\/3\/2023\/05\/Graichen-Affaere-Wie-gruenes-US-Kapital-das-Wirtschaftsministerium-quotpenetriertquot-hat.jpg\",\"keywords\":[\"das\",\"GraichenAff\u00e4re\",\"gr\u00fcnes\",\"hat\",\"quotpenetriertquot\",\"USKapital\",\"Wie\",\"Wirtschaftsministerium\"],\"articleSection\":[\"Deutschland\",\"Russland\"],\"inLanguage\":\"de\",\"potentialAction\":[{\"@type\":\"CommentAction\",\"name\":\"Comment\",\"target\":[\"https:\/\/now-news.de\/de\/deutschland\/graichen-affaere-wie-gruenes-us-kapital-das-wirtschaftsministerium-penetriert-hat\/#respond\"]}]},{\"@type\":\"WebPage\",\"@id\":\"https:\/\/now-news.de\/de\/deutschland\/graichen-affaere-wie-gruenes-us-kapital-das-wirtschaftsministerium-penetriert-hat\/\",\"url\":\"https:\/\/now-news.de\/de\/deutschland\/graichen-affaere-wie-gruenes-us-kapital-das-wirtschaftsministerium-penetriert-hat\/\",\"name\":\"Graichen-Aff\u00e4re: Wie gr\u00fcnes US-Kapital das Wirtschaftsministerium &quot;penetriert&quot; hat - just-now.NEWS Deutschland\",\"isPartOf\":{\"@id\":\"https:\/\/now-news.de\/de\/#website\"},\"primaryImageOfPage\":{\"@id\":\"https:\/\/now-news.de\/de\/deutschland\/graichen-affaere-wie-gruenes-us-kapital-das-wirtschaftsministerium-penetriert-hat\/#primaryimage\"},\"image\":{\"@id\":\"https:\/\/now-news.de\/de\/deutschland\/graichen-affaere-wie-gruenes-us-kapital-das-wirtschaftsministerium-penetriert-hat\/#primaryimage\"},\"thumbnailUrl\":\"https:\/\/now-news.de\/de\/wp-content\/uploads\/sites\/3\/2023\/05\/Graichen-Affaere-Wie-gruenes-US-Kapital-das-Wirtschaftsministerium-quotpenetriertquot-hat.jpg\",\"datePublished\":\"2023-05-09T06:09:12+00:00\",\"dateModified\":\"2023-05-09T06:09:12+00:00\",\"breadcrumb\":{\"@id\":\"https:\/\/now-news.de\/de\/deutschland\/graichen-affaere-wie-gruenes-us-kapital-das-wirtschaftsministerium-penetriert-hat\/#breadcrumb\"},\"inLanguage\":\"de\",\"potentialAction\":[{\"@type\":\"ReadAction\",\"target\":[\"https:\/\/now-news.de\/de\/deutschland\/graichen-affaere-wie-gruenes-us-kapital-das-wirtschaftsministerium-penetriert-hat\/\"]}]},{\"@type\":\"ImageObject\",\"inLanguage\":\"de\",\"@id\":\"https:\/\/now-news.de\/de\/deutschland\/graichen-affaere-wie-gruenes-us-kapital-das-wirtschaftsministerium-penetriert-hat\/#primaryimage\",\"url\":\"https:\/\/now-news.de\/de\/wp-content\/uploads\/sites\/3\/2023\/05\/Graichen-Affaere-Wie-gruenes-US-Kapital-das-Wirtschaftsministerium-quotpenetriertquot-hat.jpg\",\"contentUrl\":\"https:\/\/now-news.de\/de\/wp-content\/uploads\/sites\/3\/2023\/05\/Graichen-Affaere-Wie-gruenes-US-Kapital-das-Wirtschaftsministerium-quotpenetriertquot-hat.jpg\",\"width\":460,\"height\":259,\"caption\":\"Graichen-Aff\u00e4re: Wie gr\u00fcnes US-Kapital das Wirtschaftsministerium &quot;penetriert&quot; hat\"},{\"@type\":\"BreadcrumbList\",\"@id\":\"https:\/\/now-news.de\/de\/deutschland\/graichen-affaere-wie-gruenes-us-kapital-das-wirtschaftsministerium-penetriert-hat\/#breadcrumb\",\"itemListElement\":[{\"@type\":\"ListItem\",\"position\":1,\"name\":\"Home\",\"item\":\"https:\/\/now-news.de\/de\/\"},{\"@type\":\"ListItem\",\"position\":2,\"name\":\"Graichen-Aff\u00e4re: Wie gr\u00fcnes US-Kapital das Wirtschaftsministerium &quot;penetriert&quot; hat\"}]},{\"@type\":\"WebSite\",\"@id\":\"https:\/\/now-news.de\/de\/#website\",\"url\":\"https:\/\/now-news.de\/de\/\",\"name\":\"just-now.NEWS Deutschland\",\"description\":\"Das Portal f\u00fcr unzensierte Nachrichten aus der Welt\",\"publisher\":{\"@id\":\"https:\/\/now-news.de\/de\/#organization\"},\"potentialAction\":[{\"@type\":\"SearchAction\",\"target\":{\"@type\":\"EntryPoint\",\"urlTemplate\":\"https:\/\/now-news.de\/de\/?s={search_term_string}\"},\"query-input\":\"required name=search_term_string\"}],\"inLanguage\":\"de\"},{\"@type\":\"Organization\",\"@id\":\"https:\/\/now-news.de\/de\/#organization\",\"name\":\"Just Now News\",\"url\":\"https:\/\/now-news.de\/de\/\",\"logo\":{\"@type\":\"ImageObject\",\"inLanguage\":\"de\",\"@id\":\"https:\/\/now-news.de\/de\/#\/schema\/logo\/image\/\",\"url\":\"http:\/\/just-now.news\/de\/wp-content\/uploads\/sites\/3\/2022\/04\/logo500x500.jpg\",\"contentUrl\":\"http:\/\/just-now.news\/de\/wp-content\/uploads\/sites\/3\/2022\/04\/logo500x500.jpg\",\"width\":500,\"height\":500,\"caption\":\"Just Now News\"},\"image\":{\"@id\":\"https:\/\/now-news.de\/de\/#\/schema\/logo\/image\/\"},\"sameAs\":[\"https:\/\/www.facebook.com\/wirmachenauf\",\"https:\/\/x.com\/WirMachenAuf_de\"]},{\"@type\":\"Person\",\"@id\":\"https:\/\/now-news.de\/de\/#\/schema\/person\/fb534a4e865501d8b3285208df34a9b5\",\"name\":\"rtnews\",\"image\":{\"@type\":\"ImageObject\",\"inLanguage\":\"de\",\"@id\":\"https:\/\/now-news.de\/de\/#\/schema\/person\/image\/\",\"url\":\"https:\/\/secure.gravatar.com\/avatar\/82aafea7d8127119dd649515f56e2117?s=96&d=mm&r=g\",\"contentUrl\":\"https:\/\/secure.gravatar.com\/avatar\/82aafea7d8127119dd649515f56e2117?s=96&d=mm&r=g\",\"caption\":\"rtnews\"},\"url\":\"https:\/\/now-news.de\/de\/author\/rnews\/\"}]}<\/script>\n<!-- \/ Yoast SEO Premium plugin. -->","yoast_head_json":{"title":"Graichen-Aff\u00e4re: Wie gr\u00fcnes US-Kapital das Wirtschaftsministerium &quot;penetriert&quot; hat - just-now.NEWS Deutschland","robots":{"index":"index","follow":"follow","max-snippet":"max-snippet:-1","max-image-preview":"max-image-preview:large","max-video-preview":"max-video-preview:-1"},"canonical":"https:\/\/now-news.de\/de\/deutschland\/graichen-affaere-wie-gruenes-us-kapital-das-wirtschaftsministerium-penetriert-hat\/","og_locale":"de_DE","og_type":"article","og_title":"Graichen-Aff\u00e4re: Wie gr\u00fcnes US-Kapital das Wirtschaftsministerium &quot;penetriert&quot; hat","og_description":"Die Gr\u00fcnen tun gut daran, die Aff\u00e4re um Staatssekret\u00e4r Patrick Graichen als &#8220;Fehler&#8221; in einer Personalfrage abzutun. Denn der eigentliche Skandal ist das Geflecht aus gemeinn\u00fctzigen GmbH und US-Stiftungen, f\u00fcr die Graichen lobbyiert hat und die bei der &#8220;Energiewende&#8221; in Deutschland die F\u00e4den ziehen. Von Bj\u00f6rn Kawecki Erst Familienbeziehungen beim \u00d6ko-Institut, dann die Beteiligung an [&hellip;]","og_url":"https:\/\/now-news.de\/de\/deutschland\/graichen-affaere-wie-gruenes-us-kapital-das-wirtschaftsministerium-penetriert-hat\/","og_site_name":"just-now.NEWS Deutschland","article_publisher":"https:\/\/www.facebook.com\/wirmachenauf","article_published_time":"2023-05-09T06:09:12+00:00","og_image":[{"width":460,"height":259,"url":"https:\/\/now-news.de\/de\/wp-content\/uploads\/sites\/3\/2023\/05\/Graichen-Affaere-Wie-gruenes-US-Kapital-das-Wirtschaftsministerium-quotpenetriertquot-hat.jpg","type":"image\/jpeg"}],"author":"rtnews","twitter_card":"summary_large_image","twitter_creator":"@WirMachenAuf_de","twitter_site":"@WirMachenAuf_de","twitter_misc":{"Verfasst von":"rtnews","Gesch\u00e4tzte Lesezeit":"10\u00a0Minuten"},"schema":{"@context":"https:\/\/schema.org","@graph":[{"@type":"Article","@id":"https:\/\/now-news.de\/de\/deutschland\/graichen-affaere-wie-gruenes-us-kapital-das-wirtschaftsministerium-penetriert-hat\/#article","isPartOf":{"@id":"https:\/\/now-news.de\/de\/deutschland\/graichen-affaere-wie-gruenes-us-kapital-das-wirtschaftsministerium-penetriert-hat\/"},"author":{"name":"rtnews","@id":"https:\/\/now-news.de\/de\/#\/schema\/person\/fb534a4e865501d8b3285208df34a9b5"},"headline":"Graichen-Aff\u00e4re: Wie gr\u00fcnes US-Kapital das Wirtschaftsministerium &quot;penetriert&quot; hat","datePublished":"2023-05-09T06:09:12+00:00","dateModified":"2023-05-09T06:09:12+00:00","mainEntityOfPage":{"@id":"https:\/\/now-news.de\/de\/deutschland\/graichen-affaere-wie-gruenes-us-kapital-das-wirtschaftsministerium-penetriert-hat\/"},"wordCount":2041,"commentCount":0,"publisher":{"@id":"https:\/\/now-news.de\/de\/#organization"},"image":{"@id":"https:\/\/now-news.de\/de\/deutschland\/graichen-affaere-wie-gruenes-us-kapital-das-wirtschaftsministerium-penetriert-hat\/#primaryimage"},"thumbnailUrl":"https:\/\/now-news.de\/de\/wp-content\/uploads\/sites\/3\/2023\/05\/Graichen-Affaere-Wie-gruenes-US-Kapital-das-Wirtschaftsministerium-quotpenetriertquot-hat.jpg","keywords":["das","GraichenAff\u00e4re","gr\u00fcnes","hat","quotpenetriertquot","USKapital","Wie","Wirtschaftsministerium"],"articleSection":["Deutschland","Russland"],"inLanguage":"de","potentialAction":[{"@type":"CommentAction","name":"Comment","target":["https:\/\/now-news.de\/de\/deutschland\/graichen-affaere-wie-gruenes-us-kapital-das-wirtschaftsministerium-penetriert-hat\/#respond"]}]},{"@type":"WebPage","@id":"https:\/\/now-news.de\/de\/deutschland\/graichen-affaere-wie-gruenes-us-kapital-das-wirtschaftsministerium-penetriert-hat\/","url":"https:\/\/now-news.de\/de\/deutschland\/graichen-affaere-wie-gruenes-us-kapital-das-wirtschaftsministerium-penetriert-hat\/","name":"Graichen-Aff\u00e4re: Wie gr\u00fcnes US-Kapital das Wirtschaftsministerium &quot;penetriert&quot; hat - just-now.NEWS Deutschland","isPartOf":{"@id":"https:\/\/now-news.de\/de\/#website"},"primaryImageOfPage":{"@id":"https:\/\/now-news.de\/de\/deutschland\/graichen-affaere-wie-gruenes-us-kapital-das-wirtschaftsministerium-penetriert-hat\/#primaryimage"},"image":{"@id":"https:\/\/now-news.de\/de\/deutschland\/graichen-affaere-wie-gruenes-us-kapital-das-wirtschaftsministerium-penetriert-hat\/#primaryimage"},"thumbnailUrl":"https:\/\/now-news.de\/de\/wp-content\/uploads\/sites\/3\/2023\/05\/Graichen-Affaere-Wie-gruenes-US-Kapital-das-Wirtschaftsministerium-quotpenetriertquot-hat.jpg","datePublished":"2023-05-09T06:09:12+00:00","dateModified":"2023-05-09T06:09:12+00:00","breadcrumb":{"@id":"https:\/\/now-news.de\/de\/deutschland\/graichen-affaere-wie-gruenes-us-kapital-das-wirtschaftsministerium-penetriert-hat\/#breadcrumb"},"inLanguage":"de","potentialAction":[{"@type":"ReadAction","target":["https:\/\/now-news.de\/de\/deutschland\/graichen-affaere-wie-gruenes-us-kapital-das-wirtschaftsministerium-penetriert-hat\/"]}]},{"@type":"ImageObject","inLanguage":"de","@id":"https:\/\/now-news.de\/de\/deutschland\/graichen-affaere-wie-gruenes-us-kapital-das-wirtschaftsministerium-penetriert-hat\/#primaryimage","url":"https:\/\/now-news.de\/de\/wp-content\/uploads\/sites\/3\/2023\/05\/Graichen-Affaere-Wie-gruenes-US-Kapital-das-Wirtschaftsministerium-quotpenetriertquot-hat.jpg","contentUrl":"https:\/\/now-news.de\/de\/wp-content\/uploads\/sites\/3\/2023\/05\/Graichen-Affaere-Wie-gruenes-US-Kapital-das-Wirtschaftsministerium-quotpenetriertquot-hat.jpg","width":460,"height":259,"caption":"Graichen-Aff\u00e4re: Wie gr\u00fcnes US-Kapital das Wirtschaftsministerium &quot;penetriert&quot; hat"},{"@type":"BreadcrumbList","@id":"https:\/\/now-news.de\/de\/deutschland\/graichen-affaere-wie-gruenes-us-kapital-das-wirtschaftsministerium-penetriert-hat\/#breadcrumb","itemListElement":[{"@type":"ListItem","position":1,"name":"Home","item":"https:\/\/now-news.de\/de\/"},{"@type":"ListItem","position":2,"name":"Graichen-Aff\u00e4re: Wie gr\u00fcnes US-Kapital das Wirtschaftsministerium &quot;penetriert&quot; hat"}]},{"@type":"WebSite","@id":"https:\/\/now-news.de\/de\/#website","url":"https:\/\/now-news.de\/de\/","name":"just-now.NEWS Deutschland","description":"Das Portal f\u00fcr unzensierte Nachrichten aus der Welt","publisher":{"@id":"https:\/\/now-news.de\/de\/#organization"},"potentialAction":[{"@type":"SearchAction","target":{"@type":"EntryPoint","urlTemplate":"https:\/\/now-news.de\/de\/?s={search_term_string}"},"query-input":"required name=search_term_string"}],"inLanguage":"de"},{"@type":"Organization","@id":"https:\/\/now-news.de\/de\/#organization","name":"Just Now News","url":"https:\/\/now-news.de\/de\/","logo":{"@type":"ImageObject","inLanguage":"de","@id":"https:\/\/now-news.de\/de\/#\/schema\/logo\/image\/","url":"http:\/\/just-now.news\/de\/wp-content\/uploads\/sites\/3\/2022\/04\/logo500x500.jpg","contentUrl":"http:\/\/just-now.news\/de\/wp-content\/uploads\/sites\/3\/2022\/04\/logo500x500.jpg","width":500,"height":500,"caption":"Just Now News"},"image":{"@id":"https:\/\/now-news.de\/de\/#\/schema\/logo\/image\/"},"sameAs":["https:\/\/www.facebook.com\/wirmachenauf","https:\/\/x.com\/WirMachenAuf_de"]},{"@type":"Person","@id":"https:\/\/now-news.de\/de\/#\/schema\/person\/fb534a4e865501d8b3285208df34a9b5","name":"rtnews","image":{"@type":"ImageObject","inLanguage":"de","@id":"https:\/\/now-news.de\/de\/#\/schema\/person\/image\/","url":"https:\/\/secure.gravatar.com\/avatar\/82aafea7d8127119dd649515f56e2117?s=96&d=mm&r=g","contentUrl":"https:\/\/secure.gravatar.com\/avatar\/82aafea7d8127119dd649515f56e2117?s=96&d=mm&r=g","caption":"rtnews"},"url":"https:\/\/now-news.de\/de\/author\/rnews\/"}]}},"_links":{"self":[{"href":"https:\/\/now-news.de\/de\/wp-json\/wp\/v2\/posts\/35652"}],"collection":[{"href":"https:\/\/now-news.de\/de\/wp-json\/wp\/v2\/posts"}],"about":[{"href":"https:\/\/now-news.de\/de\/wp-json\/wp\/v2\/types\/post"}],"author":[{"embeddable":true,"href":"https:\/\/now-news.de\/de\/wp-json\/wp\/v2\/users\/3"}],"replies":[{"embeddable":true,"href":"https:\/\/now-news.de\/de\/wp-json\/wp\/v2\/comments?post=35652"}],"version-history":[{"count":0,"href":"https:\/\/now-news.de\/de\/wp-json\/wp\/v2\/posts\/35652\/revisions"}],"wp:featuredmedia":[{"embeddable":true,"href":"https:\/\/now-news.de\/de\/wp-json\/wp\/v2\/media\/35653"}],"wp:attachment":[{"href":"https:\/\/now-news.de\/de\/wp-json\/wp\/v2\/media?parent=35652"}],"wp:term":[{"taxonomy":"category","embeddable":true,"href":"https:\/\/now-news.de\/de\/wp-json\/wp\/v2\/categories?post=35652"},{"taxonomy":"post_tag","embeddable":true,"href":"https:\/\/now-news.de\/de\/wp-json\/wp\/v2\/tags?post=35652"}],"curies":[{"name":"wp","href":"https:\/\/api.w.org\/{rel}","templated":true}]}}