{"id":35549,"date":"2023-05-06T18:50:15","date_gmt":"2023-05-06T16:50:15","guid":{"rendered":"https:\/\/just-now.news\/de\/deutschland\/kiews-neonazis-warum-verhaftet-frankreich-kaempfer-gegen-russische-aggression\/"},"modified":"2023-05-06T18:50:15","modified_gmt":"2023-05-06T16:50:15","slug":"kiews-neonazis-warum-verhaftet-frankreich-kaempfer-gegen-russische-aggression","status":"publish","type":"post","link":"https:\/\/now-news.de\/de\/deutschland\/kiews-neonazis-warum-verhaftet-frankreich-kaempfer-gegen-russische-aggression\/","title":{"rendered":"Kiews Neonazis \u2013 Warum verhaftet Frankreich &quot;K\u00e4mpfer gegen russische Aggression&quot;?"},"content":{"rendered":"<p><img decoding=\"async\" src=\"http:\/\/just-now.news\/de\/wp-content\/uploads\/sites\/3\/2023\/05\/64512a18b480cc25eb273609.jpg\" \/><\/p>\n<div class=\"Text-root Text-type_1 \">\n                In Frankreich wurden zwei ehemalige Ukraine-K\u00e4mpfer verhaftet. Dieselben Personen, die als K\u00e4mpfer gegen die &#8220;russische Aggression&#8221; gew\u00fcrdigt und mit Waffenlieferungen unterst\u00fctzt werden, solange sie sich in der Ukraine befinden, erweisen sich im Westen als Verbrecher.\n            <\/div>\n<p><\/p>\n<div class=\"Text-root Text-type_5 ArticleView-text ViewText-root \">\n<p><em>Von Jelena Karajewa<\/em><\/p>\n<p>In Paris sind zwei R\u00fcckkehrer aus der Ukraine <a rel=\"nofollow noopener\" target=\"_blank\" href=\"https:\/\/www.leparisien.fr\/faits-divers\/paris-deux-militants-dextreme-droite-arretes-avec-du-materiel-militaire-a-leur-retour-dukraine-24-04-2023-GFTKQ57YZJHMDBB2A5SDOKO7BU.php\">verhaftet worden<\/a>. Beide sind Staatsb\u00fcrger Frankreichs und nahmen an Kampfhandlungen auf Seiten des ukrainischen Milit\u00e4rs teil. Es gibt mindestens 400 franz\u00f6sische S\u00f6ldner in der sogenannten ukrainischen internationalen Legion. Wichtiger ist aber etwas anderes: Sie wurden verhaftet, sobald sie bei ihrer Ankunft in Frankreich aus einem Bus ausstiegen. Und zwar nicht einfach verhaftet, sondern praktisch sofort vor den Richter gebracht. Das Urteil fiel blitzschnell \u2013 eineinhalb Jahre Gef\u00e4ngnis.<\/p>\n<p>Der Grund ist der, dass beide Verbrecher einer neonazistischen Gruppierung angeh\u00f6rten, was in Frankreich strafbar ist. Sie stellten Hakenkreuze zur Schau, deren Abbildung, und sei es nur als eine T\u00e4towierung, ebenfalls als Verbrechen gilt. Im Gep\u00e4ck der beiden wurden geladene Magazine f\u00fcr Sturmgewehre und Zielfernrohre gefunden. Auch dies ist eine strafbare Handlung. Kurzum, die &#8220;K\u00e4mpfer f\u00fcr die Freiheit der Ukraine vom russischen Joch&#8221; stellten sich f\u00fcr die franz\u00f6sische Justiz als gemeingef\u00e4hrlich heraus. Die beiden wurden lange von Geheimdiensten beobachtet, ihre Personalakten mit dem Vermerk &#8220;Gefahr f\u00fcr nationale Sicherheit Frankreichs&#8221; versehen.<\/p>\n<p>Ein Gewehr mit einem Zielfernrohr ist eine beliebte Waffe von Terroristen. In Frankreich haben die Neonazis eine lange Geschichte von Attentatsversuchen, darunter gegen General de Gaulle und den Pr\u00e4sidenten Mitterand. Auch eine Verschw\u00f6rung, um Macron zu t\u00f6ten, wurde aufgedeckt. Daher handeln die Geheimdienste schnell, ohne Zimperlichkeit und lange Verh\u00f6re und ziehen praktisch keine Aufmerksamkeit der Presse auf sich.<\/p>\n<p>Doch das alles nur in Frankreich.<\/p>\n<p>In der Ukraine haben diejenigen, die in Paris eingesperrt wurden, und seien sie dreimal franz\u00f6sische Staatsb\u00fcrger, im Hinblick auf die \u00c4u\u00dferung ihrer Haltungen und Handlungen einen v\u00f6llig freien Spielraum. Die Zeitung <em>Mediapart<\/em> macht darauf seit langem aufmerksam, doch diese Publikationen passen nicht in das von der Presse gezeichnete Bild des &#8220;Kampfes gegen das russische imperiale Joch&#8221;. Die in Frankreich verbotene neonazistische Bewegung &#8220;Zouaves&#8221;, die durch Ideen von \u00dcberlegenheit der &#8220;wei\u00dfen Rasse&#8221;, Einteilung von Menschen in Unter- und \u00dcbermenschen und offene Forderungen nach Vernichtung der &#8220;Anderen&#8221; auffiel, unterst\u00fctzte indessen Asow jahrelang nicht nur materiell, sondern rekrutierte unter den eigenen Anh\u00e4ngern S\u00f6ldner f\u00fcr den Krieg gegen Russland.<\/p>\n<p>Das ist keine Metapher. Fotos, Poster, T\u00e4towierungen lassen an den Zielen und Ideen von jenen Franzosen, die gegen Russland in den Krieg zogen, keine Zweifel. Auch soziale Profile sind nicht besonders divers. Meist sind es ehemalige Milit\u00e4rs, die aus den Streitkr\u00e4ften ausgerechnet wegen Neonazismus entlassen wurden und seitdem vom milit\u00e4rischen Geheimdienst beobachtet werden. Nach einigen Angaben befinden sich in den Reihen der ukrainischen &#8220;Internationalen Legion&#8221; heute Dutzende franz\u00f6sischer Neonazis. Sie sind dort, weil sie von der neonazistischen Ideologie vereinigt werden. Die Grundlage dieser Ideologie besteht in der Vernichtung von Menschen. Von Russen, wenn auch nicht unbedingt von Slawen. Von Tschetschenen, Burjaten, Tataren, Angeh\u00f6rigen sibirischer V\u00f6lker. Kurz, von allen, die nicht wei\u00df sind und die nicht ins neue Verst\u00e4ndnis der &#8220;arischen Nation und Blutes&#8221; hineinpassen.<\/p>\n<p>Absolut zentral ist dabei, dass in der Hierarchie der staatlichen und gesellschaftlichen Sicherheit Frankreichs Neonazismus und Islamismus auf der gleichen Stufe stehen. Denn in diesen beiden Str\u00f6mungen besteht nach Ansicht der franz\u00f6sischen Regierung die gr\u00f6\u00dfte Gefahr, denn dort werden potenzielle Terroristen angeworben und dort flie\u00dfen illegale Geldstr\u00f6me zusammen.<\/p>\n<p>Doch kaum gehen sie in die Ukraine und ziehen sich Uniformen mit entsprechenden Abzeichen an, werden diese Neonazis \u2013 dieselben Personen mit denselben Namen \u2013 augenblicklich zu &#8220;K\u00e4mpfern um Freiheit und Unabh\u00e4ngigkeit, die den Sieg der Ukraine n\u00e4herbringen&#8221;. Zu deren Unterst\u00fctzung werden Radpanzer und Haubitzen, Munition und sonstige Milit\u00e4rausr\u00fcstung entsendet. Gerade sie werden von NATO-Veteranen ausgebildet, deren Anwesenheit in der Ukraine inzwischen kaum verhehlt wird.<\/p>\n<p>Somit machen Zielfernrohr und ein geladenes Sturmgewehr-Magazin einen zum Verbrecher, der\u00a0von Geheimdiensten beobachtet wird und ins Gef\u00e4ngnis geh\u00f6rt. Dieselbe Person in der Ukraine, mit den gleichen Ansichten, mit den gleichen menschenverachtenden Vorstellungen, mit den gleichen Ideen, &#8220;Russen zu t\u00f6ten&#8221;, wird nicht blo\u00df geduldet, sondern als &#8220;K\u00e4mpfer gegen die russische Aggression&#8221; gefeiert.<\/p>\n<p>F\u00fcr eine Nation, die f\u00fcr sich beansprucht, klug und gro\u00df und die Vork\u00e4mpferin und Begr\u00fcnderin von allem Fortschrittlichen zu sein, hat Frankreich leider ein viel zu kurzes Ged\u00e4chtnis. Deswegen werden wir kraft unserer russischen Gro\u00dfm\u00fctigkeit anmerken: Waffen haben die Eigenschaft, gegen ihre Hersteller angewandt zu werden. So kam es w\u00e4hrend der Jugoslawienkriege, so kam es w\u00e4hrend des Kriegs gegen den Islamischen Staat. Die heutige geopolitische Krise wird kaum zu einer Ausnahme werden und es ist durchaus m\u00f6glich, dass ins Visier dieser modernen Gewehre, die Russen t\u00f6ten sollten, schlie\u00dflich Franzosen geraten. Sagt sp\u00e4ter blo\u00df nicht, ihr wurdet nicht gewarnt.<\/p>\n<p><em>\u00dcbersetzt aus dem Russischen und zuerst erschienen bei <a rel=\"nofollow noopener\" target=\"_blank\" href=\"https:\/\/ria.ru\/20230502\/naemniki-1869008784.html\">RIA Nowosti<\/a>.<\/em><\/p>\n<p><strong>Mehr zum Thema: <\/strong><a rel=\"nofollow noopener\" target=\"_blank\" href=\"https:\/\/freeassange.rtde.live\/kurzclips\/video\/163329-nazis-in-ukraine-heuchlerischer-westen\/\">Nazis in der Ukraine, heuchlerischer Westen \u2013 nur russische Desinformation?<\/a><\/p>\n<\/div>\n<p><br \/>\n<br \/><a href=\"https:\/\/de.rt.com\/meinung\/169075-frankreich-sperrt-kaempfer-gegen-russische\/\">Source link <\/a><\/p>\n","protected":false},"excerpt":{"rendered":"<p>In Frankreich wurden zwei ehemalige Ukraine-K\u00e4mpfer verhaftet. Dieselben Personen, die als K\u00e4mpfer gegen die &#8220;russische Aggression&#8221; gew\u00fcrdigt und mit Waffenlieferungen unterst\u00fctzt werden, solange sie sich in der Ukraine befinden, erweisen sich im Westen als Verbrecher. Von Jelena Karajewa In Paris sind zwei R\u00fcckkehrer aus der Ukraine verhaftet worden. Beide sind Staatsb\u00fcrger Frankreichs und nahmen an [&hellip;]<\/p>\n","protected":false},"author":3,"featured_media":35550,"comment_status":"open","ping_status":"open","sticky":false,"template":"","format":"standard","meta":{"_yoast_indexnow_last_ping":["1683391916"],"wp_automatic_camp":["217"],"b1d8cb66cf6ec5126c45ac9ebaaddb35":["Kiews Neonazis \u2013 Warum verhaftet Frankreich &quot;K\u00e4mpfer gegen russische Aggression&quot;?"],"original_link":["https:\/\/de.rt.com\/meinung\/169075-frankreich-sperrt-kaempfer-gegen-russische\/"],"_thumbnail_id":["35550"],"_wptgpro_p2tg_sent2tg":["a:1:{i:23737;s:19:\"2023-05-06 18:53:04\";}"],"jnews_social_counter_last_update":["1777203144"]},"categories":[19,23],"tags":[43982,3320,278,6313,10706,6159,570,8346,1289],"yoast_head":"<!-- This site is optimized with the Yoast SEO Premium plugin v22.7 (Yoast SEO v22.7) - https:\/\/yoast.com\/wordpress\/plugins\/seo\/ -->\n<title>Kiews Neonazis \u2013 Warum verhaftet Frankreich &quot;K\u00e4mpfer gegen russische Aggression&quot;? - just-now.NEWS Deutschland<\/title>\n<meta name=\"robots\" content=\"index, follow, max-snippet:-1, max-image-preview:large, max-video-preview:-1\" \/>\n<link rel=\"canonical\" href=\"https:\/\/now-news.de\/de\/deutschland\/kiews-neonazis-warum-verhaftet-frankreich-kaempfer-gegen-russische-aggression\/\" \/>\n<meta property=\"og:locale\" content=\"de_DE\" \/>\n<meta property=\"og:type\" content=\"article\" \/>\n<meta property=\"og:title\" content=\"Kiews Neonazis \u2013 Warum verhaftet Frankreich &quot;K\u00e4mpfer gegen russische Aggression&quot;?\" \/>\n<meta property=\"og:description\" content=\"In Frankreich wurden zwei ehemalige Ukraine-K\u00e4mpfer verhaftet. Dieselben Personen, die als K\u00e4mpfer gegen die &#8220;russische Aggression&#8221; gew\u00fcrdigt und mit Waffenlieferungen unterst\u00fctzt werden, solange sie sich in der Ukraine befinden, erweisen sich im Westen als Verbrecher. Von Jelena Karajewa In Paris sind zwei R\u00fcckkehrer aus der Ukraine verhaftet worden. Beide sind Staatsb\u00fcrger Frankreichs und nahmen an [&hellip;]\" \/>\n<meta property=\"og:url\" content=\"https:\/\/now-news.de\/de\/deutschland\/kiews-neonazis-warum-verhaftet-frankreich-kaempfer-gegen-russische-aggression\/\" \/>\n<meta property=\"og:site_name\" content=\"just-now.NEWS Deutschland\" \/>\n<meta property=\"article:publisher\" content=\"https:\/\/www.facebook.com\/wirmachenauf\" \/>\n<meta property=\"article:published_time\" content=\"2023-05-06T16:50:15+00:00\" \/>\n<meta property=\"og:image\" content=\"https:\/\/now-news.de\/de\/wp-content\/uploads\/sites\/3\/2023\/05\/Kiews-Neonazis-\u2013-Warum-verhaftet-Frankreich-quotKaempfer-gegen-russische-Aggressionquot.jpg\" \/>\n\t<meta property=\"og:image:width\" content=\"460\" \/>\n\t<meta property=\"og:image:height\" content=\"259\" \/>\n\t<meta property=\"og:image:type\" content=\"image\/jpeg\" \/>\n<meta name=\"author\" content=\"rtnews\" \/>\n<meta name=\"twitter:card\" content=\"summary_large_image\" \/>\n<meta name=\"twitter:creator\" content=\"@WirMachenAuf_de\" \/>\n<meta name=\"twitter:site\" content=\"@WirMachenAuf_de\" \/>\n<meta name=\"twitter:label1\" content=\"Verfasst von\" \/>\n\t<meta name=\"twitter:data1\" content=\"rtnews\" \/>\n\t<meta name=\"twitter:label2\" content=\"Gesch\u00e4tzte Lesezeit\" \/>\n\t<meta name=\"twitter:data2\" content=\"4\u00a0Minuten\" \/>\n<script type=\"application\/ld+json\" class=\"yoast-schema-graph\">{\"@context\":\"https:\/\/schema.org\",\"@graph\":[{\"@type\":\"Article\",\"@id\":\"https:\/\/now-news.de\/de\/deutschland\/kiews-neonazis-warum-verhaftet-frankreich-kaempfer-gegen-russische-aggression\/#article\",\"isPartOf\":{\"@id\":\"https:\/\/now-news.de\/de\/deutschland\/kiews-neonazis-warum-verhaftet-frankreich-kaempfer-gegen-russische-aggression\/\"},\"author\":{\"name\":\"rtnews\",\"@id\":\"https:\/\/now-news.de\/de\/#\/schema\/person\/fb534a4e865501d8b3285208df34a9b5\"},\"headline\":\"Kiews Neonazis \u2013 Warum verhaftet Frankreich &quot;K\u00e4mpfer gegen russische Aggression&quot;?\",\"datePublished\":\"2023-05-06T16:50:15+00:00\",\"dateModified\":\"2023-05-06T16:50:15+00:00\",\"mainEntityOfPage\":{\"@id\":\"https:\/\/now-news.de\/de\/deutschland\/kiews-neonazis-warum-verhaftet-frankreich-kaempfer-gegen-russische-aggression\/\"},\"wordCount\":861,\"commentCount\":0,\"publisher\":{\"@id\":\"https:\/\/now-news.de\/de\/#organization\"},\"image\":{\"@id\":\"https:\/\/now-news.de\/de\/deutschland\/kiews-neonazis-warum-verhaftet-frankreich-kaempfer-gegen-russische-aggression\/#primaryimage\"},\"thumbnailUrl\":\"https:\/\/now-news.de\/de\/wp-content\/uploads\/sites\/3\/2023\/05\/Kiews-Neonazis-\u2013-Warum-verhaftet-Frankreich-quotKaempfer-gegen-russische-Aggressionquot.jpg\",\"keywords\":[\"Aggressionquot\",\"Frankreich\",\"gegen\",\"Kiews\",\"Neonazis\",\"quotK\u00e4mpfer\",\"Russische\",\"verhaftet\",\"Warum\"],\"articleSection\":[\"Deutschland\",\"Russland\"],\"inLanguage\":\"de\",\"potentialAction\":[{\"@type\":\"CommentAction\",\"name\":\"Comment\",\"target\":[\"https:\/\/now-news.de\/de\/deutschland\/kiews-neonazis-warum-verhaftet-frankreich-kaempfer-gegen-russische-aggression\/#respond\"]}]},{\"@type\":\"WebPage\",\"@id\":\"https:\/\/now-news.de\/de\/deutschland\/kiews-neonazis-warum-verhaftet-frankreich-kaempfer-gegen-russische-aggression\/\",\"url\":\"https:\/\/now-news.de\/de\/deutschland\/kiews-neonazis-warum-verhaftet-frankreich-kaempfer-gegen-russische-aggression\/\",\"name\":\"Kiews Neonazis \u2013 Warum verhaftet Frankreich &quot;K\u00e4mpfer gegen russische Aggression&quot;? - just-now.NEWS Deutschland\",\"isPartOf\":{\"@id\":\"https:\/\/now-news.de\/de\/#website\"},\"primaryImageOfPage\":{\"@id\":\"https:\/\/now-news.de\/de\/deutschland\/kiews-neonazis-warum-verhaftet-frankreich-kaempfer-gegen-russische-aggression\/#primaryimage\"},\"image\":{\"@id\":\"https:\/\/now-news.de\/de\/deutschland\/kiews-neonazis-warum-verhaftet-frankreich-kaempfer-gegen-russische-aggression\/#primaryimage\"},\"thumbnailUrl\":\"https:\/\/now-news.de\/de\/wp-content\/uploads\/sites\/3\/2023\/05\/Kiews-Neonazis-\u2013-Warum-verhaftet-Frankreich-quotKaempfer-gegen-russische-Aggressionquot.jpg\",\"datePublished\":\"2023-05-06T16:50:15+00:00\",\"dateModified\":\"2023-05-06T16:50:15+00:00\",\"breadcrumb\":{\"@id\":\"https:\/\/now-news.de\/de\/deutschland\/kiews-neonazis-warum-verhaftet-frankreich-kaempfer-gegen-russische-aggression\/#breadcrumb\"},\"inLanguage\":\"de\",\"potentialAction\":[{\"@type\":\"ReadAction\",\"target\":[\"https:\/\/now-news.de\/de\/deutschland\/kiews-neonazis-warum-verhaftet-frankreich-kaempfer-gegen-russische-aggression\/\"]}]},{\"@type\":\"ImageObject\",\"inLanguage\":\"de\",\"@id\":\"https:\/\/now-news.de\/de\/deutschland\/kiews-neonazis-warum-verhaftet-frankreich-kaempfer-gegen-russische-aggression\/#primaryimage\",\"url\":\"https:\/\/now-news.de\/de\/wp-content\/uploads\/sites\/3\/2023\/05\/Kiews-Neonazis-\u2013-Warum-verhaftet-Frankreich-quotKaempfer-gegen-russische-Aggressionquot.jpg\",\"contentUrl\":\"https:\/\/now-news.de\/de\/wp-content\/uploads\/sites\/3\/2023\/05\/Kiews-Neonazis-\u2013-Warum-verhaftet-Frankreich-quotKaempfer-gegen-russische-Aggressionquot.jpg\",\"width\":460,\"height\":259,\"caption\":\"Kiews Neonazis \u2013 Warum verhaftet Frankreich &quot;K\u00e4mpfer gegen russische Aggression&quot;?\"},{\"@type\":\"BreadcrumbList\",\"@id\":\"https:\/\/now-news.de\/de\/deutschland\/kiews-neonazis-warum-verhaftet-frankreich-kaempfer-gegen-russische-aggression\/#breadcrumb\",\"itemListElement\":[{\"@type\":\"ListItem\",\"position\":1,\"name\":\"Home\",\"item\":\"https:\/\/now-news.de\/de\/\"},{\"@type\":\"ListItem\",\"position\":2,\"name\":\"Kiews Neonazis \u2013 Warum verhaftet Frankreich &quot;K\u00e4mpfer gegen russische Aggression&quot;?\"}]},{\"@type\":\"WebSite\",\"@id\":\"https:\/\/now-news.de\/de\/#website\",\"url\":\"https:\/\/now-news.de\/de\/\",\"name\":\"just-now.NEWS Deutschland\",\"description\":\"Das Portal f\u00fcr unzensierte Nachrichten aus der Welt\",\"publisher\":{\"@id\":\"https:\/\/now-news.de\/de\/#organization\"},\"potentialAction\":[{\"@type\":\"SearchAction\",\"target\":{\"@type\":\"EntryPoint\",\"urlTemplate\":\"https:\/\/now-news.de\/de\/?s={search_term_string}\"},\"query-input\":\"required name=search_term_string\"}],\"inLanguage\":\"de\"},{\"@type\":\"Organization\",\"@id\":\"https:\/\/now-news.de\/de\/#organization\",\"name\":\"Just Now News\",\"url\":\"https:\/\/now-news.de\/de\/\",\"logo\":{\"@type\":\"ImageObject\",\"inLanguage\":\"de\",\"@id\":\"https:\/\/now-news.de\/de\/#\/schema\/logo\/image\/\",\"url\":\"http:\/\/just-now.news\/de\/wp-content\/uploads\/sites\/3\/2022\/04\/logo500x500.jpg\",\"contentUrl\":\"http:\/\/just-now.news\/de\/wp-content\/uploads\/sites\/3\/2022\/04\/logo500x500.jpg\",\"width\":500,\"height\":500,\"caption\":\"Just Now News\"},\"image\":{\"@id\":\"https:\/\/now-news.de\/de\/#\/schema\/logo\/image\/\"},\"sameAs\":[\"https:\/\/www.facebook.com\/wirmachenauf\",\"https:\/\/x.com\/WirMachenAuf_de\"]},{\"@type\":\"Person\",\"@id\":\"https:\/\/now-news.de\/de\/#\/schema\/person\/fb534a4e865501d8b3285208df34a9b5\",\"name\":\"rtnews\",\"image\":{\"@type\":\"ImageObject\",\"inLanguage\":\"de\",\"@id\":\"https:\/\/now-news.de\/de\/#\/schema\/person\/image\/\",\"url\":\"https:\/\/secure.gravatar.com\/avatar\/82aafea7d8127119dd649515f56e2117?s=96&d=mm&r=g\",\"contentUrl\":\"https:\/\/secure.gravatar.com\/avatar\/82aafea7d8127119dd649515f56e2117?s=96&d=mm&r=g\",\"caption\":\"rtnews\"},\"url\":\"https:\/\/now-news.de\/de\/author\/rnews\/\"}]}<\/script>\n<!-- \/ Yoast SEO Premium plugin. -->","yoast_head_json":{"title":"Kiews Neonazis \u2013 Warum verhaftet Frankreich &quot;K\u00e4mpfer gegen russische Aggression&quot;? - just-now.NEWS Deutschland","robots":{"index":"index","follow":"follow","max-snippet":"max-snippet:-1","max-image-preview":"max-image-preview:large","max-video-preview":"max-video-preview:-1"},"canonical":"https:\/\/now-news.de\/de\/deutschland\/kiews-neonazis-warum-verhaftet-frankreich-kaempfer-gegen-russische-aggression\/","og_locale":"de_DE","og_type":"article","og_title":"Kiews Neonazis \u2013 Warum verhaftet Frankreich &quot;K\u00e4mpfer gegen russische Aggression&quot;?","og_description":"In Frankreich wurden zwei ehemalige Ukraine-K\u00e4mpfer verhaftet. Dieselben Personen, die als K\u00e4mpfer gegen die &#8220;russische Aggression&#8221; gew\u00fcrdigt und mit Waffenlieferungen unterst\u00fctzt werden, solange sie sich in der Ukraine befinden, erweisen sich im Westen als Verbrecher. Von Jelena Karajewa In Paris sind zwei R\u00fcckkehrer aus der Ukraine verhaftet worden. Beide sind Staatsb\u00fcrger Frankreichs und nahmen an [&hellip;]","og_url":"https:\/\/now-news.de\/de\/deutschland\/kiews-neonazis-warum-verhaftet-frankreich-kaempfer-gegen-russische-aggression\/","og_site_name":"just-now.NEWS Deutschland","article_publisher":"https:\/\/www.facebook.com\/wirmachenauf","article_published_time":"2023-05-06T16:50:15+00:00","og_image":[{"width":460,"height":259,"url":"https:\/\/now-news.de\/de\/wp-content\/uploads\/sites\/3\/2023\/05\/Kiews-Neonazis-\u2013-Warum-verhaftet-Frankreich-quotKaempfer-gegen-russische-Aggressionquot.jpg","type":"image\/jpeg"}],"author":"rtnews","twitter_card":"summary_large_image","twitter_creator":"@WirMachenAuf_de","twitter_site":"@WirMachenAuf_de","twitter_misc":{"Verfasst von":"rtnews","Gesch\u00e4tzte Lesezeit":"4\u00a0Minuten"},"schema":{"@context":"https:\/\/schema.org","@graph":[{"@type":"Article","@id":"https:\/\/now-news.de\/de\/deutschland\/kiews-neonazis-warum-verhaftet-frankreich-kaempfer-gegen-russische-aggression\/#article","isPartOf":{"@id":"https:\/\/now-news.de\/de\/deutschland\/kiews-neonazis-warum-verhaftet-frankreich-kaempfer-gegen-russische-aggression\/"},"author":{"name":"rtnews","@id":"https:\/\/now-news.de\/de\/#\/schema\/person\/fb534a4e865501d8b3285208df34a9b5"},"headline":"Kiews Neonazis \u2013 Warum verhaftet Frankreich &quot;K\u00e4mpfer gegen russische Aggression&quot;?","datePublished":"2023-05-06T16:50:15+00:00","dateModified":"2023-05-06T16:50:15+00:00","mainEntityOfPage":{"@id":"https:\/\/now-news.de\/de\/deutschland\/kiews-neonazis-warum-verhaftet-frankreich-kaempfer-gegen-russische-aggression\/"},"wordCount":861,"commentCount":0,"publisher":{"@id":"https:\/\/now-news.de\/de\/#organization"},"image":{"@id":"https:\/\/now-news.de\/de\/deutschland\/kiews-neonazis-warum-verhaftet-frankreich-kaempfer-gegen-russische-aggression\/#primaryimage"},"thumbnailUrl":"https:\/\/now-news.de\/de\/wp-content\/uploads\/sites\/3\/2023\/05\/Kiews-Neonazis-\u2013-Warum-verhaftet-Frankreich-quotKaempfer-gegen-russische-Aggressionquot.jpg","keywords":["Aggressionquot","Frankreich","gegen","Kiews","Neonazis","quotK\u00e4mpfer","Russische","verhaftet","Warum"],"articleSection":["Deutschland","Russland"],"inLanguage":"de","potentialAction":[{"@type":"CommentAction","name":"Comment","target":["https:\/\/now-news.de\/de\/deutschland\/kiews-neonazis-warum-verhaftet-frankreich-kaempfer-gegen-russische-aggression\/#respond"]}]},{"@type":"WebPage","@id":"https:\/\/now-news.de\/de\/deutschland\/kiews-neonazis-warum-verhaftet-frankreich-kaempfer-gegen-russische-aggression\/","url":"https:\/\/now-news.de\/de\/deutschland\/kiews-neonazis-warum-verhaftet-frankreich-kaempfer-gegen-russische-aggression\/","name":"Kiews Neonazis \u2013 Warum verhaftet Frankreich &quot;K\u00e4mpfer gegen russische Aggression&quot;? - just-now.NEWS Deutschland","isPartOf":{"@id":"https:\/\/now-news.de\/de\/#website"},"primaryImageOfPage":{"@id":"https:\/\/now-news.de\/de\/deutschland\/kiews-neonazis-warum-verhaftet-frankreich-kaempfer-gegen-russische-aggression\/#primaryimage"},"image":{"@id":"https:\/\/now-news.de\/de\/deutschland\/kiews-neonazis-warum-verhaftet-frankreich-kaempfer-gegen-russische-aggression\/#primaryimage"},"thumbnailUrl":"https:\/\/now-news.de\/de\/wp-content\/uploads\/sites\/3\/2023\/05\/Kiews-Neonazis-\u2013-Warum-verhaftet-Frankreich-quotKaempfer-gegen-russische-Aggressionquot.jpg","datePublished":"2023-05-06T16:50:15+00:00","dateModified":"2023-05-06T16:50:15+00:00","breadcrumb":{"@id":"https:\/\/now-news.de\/de\/deutschland\/kiews-neonazis-warum-verhaftet-frankreich-kaempfer-gegen-russische-aggression\/#breadcrumb"},"inLanguage":"de","potentialAction":[{"@type":"ReadAction","target":["https:\/\/now-news.de\/de\/deutschland\/kiews-neonazis-warum-verhaftet-frankreich-kaempfer-gegen-russische-aggression\/"]}]},{"@type":"ImageObject","inLanguage":"de","@id":"https:\/\/now-news.de\/de\/deutschland\/kiews-neonazis-warum-verhaftet-frankreich-kaempfer-gegen-russische-aggression\/#primaryimage","url":"https:\/\/now-news.de\/de\/wp-content\/uploads\/sites\/3\/2023\/05\/Kiews-Neonazis-\u2013-Warum-verhaftet-Frankreich-quotKaempfer-gegen-russische-Aggressionquot.jpg","contentUrl":"https:\/\/now-news.de\/de\/wp-content\/uploads\/sites\/3\/2023\/05\/Kiews-Neonazis-\u2013-Warum-verhaftet-Frankreich-quotKaempfer-gegen-russische-Aggressionquot.jpg","width":460,"height":259,"caption":"Kiews Neonazis \u2013 Warum verhaftet Frankreich &quot;K\u00e4mpfer gegen russische Aggression&quot;?"},{"@type":"BreadcrumbList","@id":"https:\/\/now-news.de\/de\/deutschland\/kiews-neonazis-warum-verhaftet-frankreich-kaempfer-gegen-russische-aggression\/#breadcrumb","itemListElement":[{"@type":"ListItem","position":1,"name":"Home","item":"https:\/\/now-news.de\/de\/"},{"@type":"ListItem","position":2,"name":"Kiews Neonazis \u2013 Warum verhaftet Frankreich &quot;K\u00e4mpfer gegen russische Aggression&quot;?"}]},{"@type":"WebSite","@id":"https:\/\/now-news.de\/de\/#website","url":"https:\/\/now-news.de\/de\/","name":"just-now.NEWS Deutschland","description":"Das Portal f\u00fcr unzensierte Nachrichten aus der Welt","publisher":{"@id":"https:\/\/now-news.de\/de\/#organization"},"potentialAction":[{"@type":"SearchAction","target":{"@type":"EntryPoint","urlTemplate":"https:\/\/now-news.de\/de\/?s={search_term_string}"},"query-input":"required name=search_term_string"}],"inLanguage":"de"},{"@type":"Organization","@id":"https:\/\/now-news.de\/de\/#organization","name":"Just Now News","url":"https:\/\/now-news.de\/de\/","logo":{"@type":"ImageObject","inLanguage":"de","@id":"https:\/\/now-news.de\/de\/#\/schema\/logo\/image\/","url":"http:\/\/just-now.news\/de\/wp-content\/uploads\/sites\/3\/2022\/04\/logo500x500.jpg","contentUrl":"http:\/\/just-now.news\/de\/wp-content\/uploads\/sites\/3\/2022\/04\/logo500x500.jpg","width":500,"height":500,"caption":"Just Now News"},"image":{"@id":"https:\/\/now-news.de\/de\/#\/schema\/logo\/image\/"},"sameAs":["https:\/\/www.facebook.com\/wirmachenauf","https:\/\/x.com\/WirMachenAuf_de"]},{"@type":"Person","@id":"https:\/\/now-news.de\/de\/#\/schema\/person\/fb534a4e865501d8b3285208df34a9b5","name":"rtnews","image":{"@type":"ImageObject","inLanguage":"de","@id":"https:\/\/now-news.de\/de\/#\/schema\/person\/image\/","url":"https:\/\/secure.gravatar.com\/avatar\/82aafea7d8127119dd649515f56e2117?s=96&d=mm&r=g","contentUrl":"https:\/\/secure.gravatar.com\/avatar\/82aafea7d8127119dd649515f56e2117?s=96&d=mm&r=g","caption":"rtnews"},"url":"https:\/\/now-news.de\/de\/author\/rnews\/"}]}},"_links":{"self":[{"href":"https:\/\/now-news.de\/de\/wp-json\/wp\/v2\/posts\/35549"}],"collection":[{"href":"https:\/\/now-news.de\/de\/wp-json\/wp\/v2\/posts"}],"about":[{"href":"https:\/\/now-news.de\/de\/wp-json\/wp\/v2\/types\/post"}],"author":[{"embeddable":true,"href":"https:\/\/now-news.de\/de\/wp-json\/wp\/v2\/users\/3"}],"replies":[{"embeddable":true,"href":"https:\/\/now-news.de\/de\/wp-json\/wp\/v2\/comments?post=35549"}],"version-history":[{"count":0,"href":"https:\/\/now-news.de\/de\/wp-json\/wp\/v2\/posts\/35549\/revisions"}],"wp:featuredmedia":[{"embeddable":true,"href":"https:\/\/now-news.de\/de\/wp-json\/wp\/v2\/media\/35550"}],"wp:attachment":[{"href":"https:\/\/now-news.de\/de\/wp-json\/wp\/v2\/media?parent=35549"}],"wp:term":[{"taxonomy":"category","embeddable":true,"href":"https:\/\/now-news.de\/de\/wp-json\/wp\/v2\/categories?post=35549"},{"taxonomy":"post_tag","embeddable":true,"href":"https:\/\/now-news.de\/de\/wp-json\/wp\/v2\/tags?post=35549"}],"curies":[{"name":"wp","href":"https:\/\/api.w.org\/{rel}","templated":true}]}}