{"id":35539,"date":"2023-05-06T16:34:28","date_gmt":"2023-05-06T14:34:28","guid":{"rendered":"https:\/\/just-now.news\/de\/deutschland\/deutschlands-haltung-zum-voelkerrecht-zwei-antworten-aus-dem-bundestag\/"},"modified":"2023-05-06T16:34:28","modified_gmt":"2023-05-06T14:34:28","slug":"deutschlands-haltung-zum-voelkerrecht-zwei-antworten-aus-dem-bundestag","status":"publish","type":"post","link":"https:\/\/now-news.de\/de\/deutschland\/deutschlands-haltung-zum-voelkerrecht-zwei-antworten-aus-dem-bundestag\/","title":{"rendered":"Deutschlands Haltung zum V\u00f6lkerrecht \u2013 Zwei Antworten aus dem Bundestag"},"content":{"rendered":"<p><img decoding=\"async\" src=\"http:\/\/just-now.news\/de\/wp-content\/uploads\/sites\/3\/2023\/05\/6454da22b480cc570d4e3927.jpg\" \/><\/p>\n<div class=\"Text-root Text-type_1 \">\n                Eine Resolution des UN-Menschenrechtsrates verurteilt einseitige Sanktionen. Damit ist der Westen und auch die Bundesrepublik gemeint. RT DE wollte wissen, wie sich die Resolution auf die Haltung der Parteien zu den Sanktionen auswirkt und erhielt zwei Antworten.\n            <\/div>\n<p><\/p>\n<div class=\"Text-root Text-type_5 ArticleView-text ViewText-root \">\n<p>Der UN-Menschenrechtsrat hat am 3. April mit gro\u00dfer Mehrheit eine Resolution angenommen, in der Sanktionen als einseitige, v\u00f6lkerrechtswidrige Ma\u00dfnahmen verurteilt werden. Sie verletzen zudem die Menschenrechte und treffen vor allem arme L\u00e4nder hart.\u00a0<\/p>\n<p>Die Resolution wurde von Aserbaidschan im Namen der blockfreien Staaten eingebracht und mit den Stimmen der L\u00e4nder au\u00dferhalb des kollektiven Westens angenommen. Von den im Menschenrechtsrat vertretenen L\u00e4ndern hat sich lediglich Mexiko enthalten. Die L\u00e4nder des kollektiven Westens stimmten dagegen.<\/p>\n<p>Die Resolution ist eine offene Ohrfeige f\u00fcr die L\u00e4nder des Westens, die sich mit ihrem Sanktionsregime \u00fcber das V\u00f6lkerrecht hinwegsetzen und zur Erreichung ihrer geopolitischen Ziele bereit sind, die Weltwirtschaft in Mitleidenschaft zu ziehen und in ihrem Kampf gegen den eigenen Einflussverlust Leid und Mangel\u00a0in anderen L\u00e4ndern und Regionen auszul\u00f6sen.\u00a0<\/p>\n<p>Deutschland bekennt sich regelm\u00e4\u00dfig und vollmundig zum V\u00f6lkerrecht und zur &#8220;regelbasierten Ordnung&#8221;.\u00a0<em>RT DE<\/em>\u00a0wollte von den im Bundestag vertretenen Parteien wissen, wie sie sich zur Resolution verhalten. Dazu hat sich ein Redakteur an die au\u00dfenpolitischen Sprecher der Bundestagsfraktionen gewandt.<\/p>\n<p>Wenig \u00fcberraschend hat die Mehrheit der im Bundestag vertretenen Parteien auf die Anfrage bisher nicht geantwortet. Mit\u00a0<em>RT DE<\/em>\u00a0und seinen Redakteuren spricht man nicht, ist Konsens unter den vorgeblichen Demokraten, sie sich gern populistisch zu den Grundwerten wie Presse-, Meinungs- und Informationsfreiheit bekennen, im politischen Alltag aber zeigen, dass sie nicht viel davon halten. Lediglich die AfD und die FDP antworteten.\u00a0<\/p>\n<p>Die Antwort des FDP-Abgeordneten Ulrich Lechte, der f\u00fcr die FDP im ausw\u00e4rtigen Ausschuss und im Ausschuss f\u00fcr Menschenrechte und humanit\u00e4re Hilfe sitzt, hat es in sich.\u00a0<\/p>\n<p>Unsere Frage:<\/p>\n<blockquote>\n<p>&#8220;Der UN-Menschenrechtsrat hat im M\u00e4rz in einer Resolution einseitige Sanktionen als v\u00f6lkerrechtswidrig verurteilt. Er weist zudem darauf hin, dass sie die Menschenrechte verletzen. Der Rat fordert von Staaten, die einseitige Ma\u00dfnahmen ergreifen, die Aufhebung des Sanktionsregimes und die R\u00fcckkehr zum V\u00f6lkerrecht. Das bezieht sich zweifellos auch auf Deutschland. Die entsprechende Resolution wurde durch die Stimmen der Mehrheit der Mitglieder des Menschenrechtsrates angenommen. <br \/>Wie bewerten Sie die deutsche Beteiligung am westlichen Sanktionsregime vor dem Hintergrund der Resolution? <br \/>Welche Korrekturen werden Sie einfordern, damit Deutschland wieder im Rahmen des V\u00f6lkerrechts agiert? Vielen Dank f\u00fcr Ihre Antwort!&#8221;<\/p>\n<\/blockquote>\n<p>Lechtes Antwort:<\/p>\n<blockquote>\n<p>&#8220;Sie beziehen sich vermutlich auf die Resolution &#8216;The negative impact of unilateral coercive measures on the enjoy of human rights&#8217; (A\/HRC\/52\/L.18), die von Aserbaidschan im VN-Menschenrechtsrat eingebracht wurde. Diese Resolution widmet sich einseitig den menschenrechtlichen Auswirkungen von Sanktionen, l\u00e4sst dabei aber den Anlass der Sanktionen, also z. B. den v\u00f6lkerrechtswidrigen Angriffskrieg Russlands gegen die Ukraine, und seine menschenrechtlichen Auswirkungen v\u00f6llig au\u00dfer Acht. <br \/>Diese sind aber weitaus schwerwiegender. Zudem werden die Sanktionen gegen Russland unter uneingeschr\u00e4nkter Einhaltung v\u00f6lkerrechtlicher Verpflichtungen verh\u00e4ngt, einschlie\u00dflich der Verpflichtungen, die sich aus dem humanit\u00e4ren V\u00f6lkerrecht und den Menschenrechtsnormen ergeben. <br \/>Da sie gerade dazu dienen, den sanktionierten Staat zur Einhaltung von v\u00f6lkerrechtlichen Verpflichtungen zu bewegen, leisten sie einen Beitrag zur allgemeinen St\u00e4rkung des V\u00f6lkerrechts und der internationalen Sicherheit. <br \/>Mit freundlichen Gr\u00fc\u00dfen&#8221;<\/p>\n<\/blockquote>\n<p>Die Antwort ist in mehrerer Hinsicht bemerkenswert. Zum einen zeigt sie, dass Deutschland bereit ist, sich zum Richter des V\u00f6lkerrechts aufzuschwingen. Problematisch dabei ist, dass es eine solche Institution nicht gibt.<\/p>\n<p>Es gibt keinen &#8220;V\u00f6lkerrechts-Gerichtshof&#8221;, vor dem sich L\u00e4nder f\u00fcr eine Nichteinhaltung des V\u00f6lkerrechts verantworten m\u00fcssten und bestraft werden k\u00f6nnten. Das Gremium, das dem noch am n\u00e4chsten kommt, ist der UN-Sicherheitsrat. Seine Resolutionen sind bindend. Er hat auch so etwas wie ein Gewaltmonopol, denn er kann als einziger legitim \u00fcber Sanktionen und milit\u00e4rische Eins\u00e4tze der UN-Friedenstruppen entscheiden.<\/p>\n<p>Deutschland hat aus gutem Grund in diesem Gremium keinen dauerhaften Sitz und wird absehbar dort auch nicht an Einfluss gewinnen, denn es w\u00fcrde das ohnehin schon vorhandene Ungleichgewicht im Rat zugunsten des Westens weiter verst\u00e4rken.<\/p>\n<p>F\u00fcr Deutschland h\u00e4tte eine Art Weltgericht, das \u00fcber die Einhaltung des V\u00f6lkerrechts wacht und Recht spricht, \u00fcbrigens dramatische Konsequenzen, sei hier am Rande angemerkt, denn Deutschland setzt sich ganz regelm\u00e4\u00dfig \u00fcber das V\u00f6lkerrecht hinweg. Unter anderem auch im Rahmen des Ukraine-Konflikts, mit der Sabotage des v\u00f6lkerrechtlich verbindlichen Minsker Abkommens Minsk 2 und eben auch mit seinem Sanktionsregime.\u00a0<\/p>\n<p>Lechtes Antwort macht deutlich, dass sich Deutschland im Recht sieht, sich \u00fcber internationale Regeln hinwegzusetzen und das V\u00f6lkerrecht nach Gutd\u00fcnken und Belieben auszulegen. Ganz objektiv setzt sich Deutschland damit ins Unrecht, denn es \u00fcberschreitet damit seine Kompetenzen und auch seine Verpflichtungen, die es als Mitglied der Vereinten Nationen und anderer Institutionen des internationalen Rechts eingegangen ist.\u00a0Dass Deutschland die Sanktionen unter Einhaltung des V\u00f6lkerrechts verh\u00e4ngt, wie Lechte behauptet, ist\u00a0schlicht falsch.\u00a0<\/p>\n<p>Die Sanktionen der EU, insbesondere gegen Russland, aber auch gegen andere L\u00e4nder wie Syrien, den Iran und Venezuela sind und bleiben in ihrer Mehrheit ein Versto\u00df gegen das V\u00f6lkerrecht, denn es liegt keine Legitimation durch den UN-Sicherheitsrat vor. Dieser ist aber die einzige Institution, die Zwangsma\u00dfnahmen gegen L\u00e4nder legitimieren kann.\u00a0<\/p>\n<p>Wie Lechte zudem zu der Einsch\u00e4tzung kommt, die menschenrechtlichen Auswirkungen des Krieges in der Ukraine seien schwerwiegender als die Auswirkungen der Sanktionen, ist nicht schl\u00fcssig. Der Menschenrechtsrat kritisiert gerade die weltweiten und umfassenden Auswirkungen der einseitigen Sanktionen.\u00a0<\/p>\n<p>In der Antwort Lechtes zeigt sich genau das Missverh\u00e4ltnis, das die L\u00e4nder des Globalen S\u00fcdens zunehmend deutlicher und lauter artikulieren. Der Westen beansprucht f\u00fcr sich eine Sonderstellung. Er stellt sich selbst au\u00dferhalb des geltenden v\u00f6lkerrechtlichen Rahmens und glaubt, die Regeln bestimmen zu k\u00f6nnen, nach denen sich die Nationen au\u00dferhalb des kollektiven Westens zu richten haben.<\/p>\n<p>Dagegen formiert sich zunehmend Widerstand. Der Vorschlag des russischen Au\u00dfenministers Sergej Lawrow zu einer Reform der UN und einer Demokratisierung der internationalen Beziehungen zielt darauf ab, das imperiale und koloniale Diktat der westlichen L\u00e4nder zu beenden.\u00a0<\/p>\n<p>Die Antwort des Bundestagsabgeordneten der AfD, Petr Bystron hat es ebenfalls in sich, allerdings mehr hinsichtlich seiner Kritik an der Bundesregierung. Er antwortete:\u00a0<\/p>\n<blockquote>\n<p>&#8220;Diese Resolution ist uns bekannt und trotzdem passiert nichts. Unsere Bundesregierung ist Millionen von Lichtjahren von einer Rechtsstaatlichkeit entfernt.&#8221;<\/p>\n<\/blockquote>\n<p>Ob der Begriff der Rechtsstaatlichkeit in diesem Zusammenhang gut gew\u00e4hlt ist, sei dahingestellt. Dass sich die Bundesrepublik mit ihrer recht willk\u00fcrlichen Auslegung des V\u00f6lkerrechts immer weiter ins Abseits stellt und sich von der Weltgemeinschaft isoliert, ist dagegen offenkundig.<\/p>\n<blockquote>\n<p>Faktisch sucht die Bundesregierung mit ihrer Auslegung die Konfrontation mit der Weltgemeinschaft. Dass sie sich damit in der Welt keine Freunde macht, ist erwiesen. Gerade angesichts der offenen Unrechtm\u00e4\u00dfigkeit des Sanktionsregimes versammeln sich immer mehr L\u00e4nder an der Seite Russlands und streben danach, die Dominanz des Westens zu beenden.\u00a0\u00a0<\/p>\n<\/blockquote>\n<p><strong>Mehr zum Thema<\/strong>\u00a0\u2013 <a rel=\"nofollow noopener\" target=\"_blank\" href=\"https:\/\/fromrussiawithlove.rtde.live\/kurzclips\/video\/168101-baerbock-erwechselt-un-menschenrechtsrat-und\/\">Baerbock verwechselt UN-Menschenrechtsrat und Sicherheitsrat<\/a><\/p>\n<\/div>\n<p><br \/>\n<br \/><a href=\"https:\/\/de.rt.com\/inland\/169321-deutschlands-haltung-zum-voelkerrecht-zwei\/\">Source link <\/a><\/p>\n","protected":false},"excerpt":{"rendered":"<p>Eine Resolution des UN-Menschenrechtsrates verurteilt einseitige Sanktionen. Damit ist der Westen und auch die Bundesrepublik gemeint. RT DE wollte wissen, wie sich die Resolution auf die Haltung der Parteien zu den Sanktionen auswirkt und erhielt zwei Antworten. Der UN-Menschenrechtsrat hat am 3. April mit gro\u00dfer Mehrheit eine Resolution angenommen, in der Sanktionen als einseitige, v\u00f6lkerrechtswidrige [&hellip;]<\/p>\n","protected":false},"author":3,"featured_media":35540,"comment_status":"open","ping_status":"open","sticky":false,"template":"","format":"standard","meta":{"_yoast_indexnow_last_ping":["1683384179"],"wp_automatic_camp":["217"],"fc2044917dfa4a65f2dbe55d56b333bd":["Deutschlands Haltung zum V\u00f6lkerrecht \u2013 Zwei Antworten aus dem Bundestag"],"original_link":["https:\/\/de.rt.com\/inland\/169321-deutschlands-haltung-zum-voelkerrecht-zwei\/"],"_thumbnail_id":["35540"],"_wptgpro_p2tg_sent2tg":["a:1:{i:23737;s:19:\"2023-05-06 16:44:05\";}"],"jnews_social_counter_last_update":["1777290398"]},"categories":[19,23],"tags":[23563,679,2105,134,4480,11704,32275,565,1003],"yoast_head":"<!-- This site is optimized with the Yoast SEO Premium plugin v22.7 (Yoast SEO v22.7) - https:\/\/yoast.com\/wordpress\/plugins\/seo\/ -->\n<title>Deutschlands Haltung zum V\u00f6lkerrecht \u2013 Zwei Antworten aus dem Bundestag - just-now.NEWS Deutschland<\/title>\n<meta name=\"robots\" content=\"index, follow, max-snippet:-1, max-image-preview:large, max-video-preview:-1\" \/>\n<link rel=\"canonical\" href=\"https:\/\/now-news.de\/de\/deutschland\/deutschlands-haltung-zum-voelkerrecht-zwei-antworten-aus-dem-bundestag\/\" \/>\n<meta property=\"og:locale\" content=\"de_DE\" \/>\n<meta property=\"og:type\" content=\"article\" \/>\n<meta property=\"og:title\" content=\"Deutschlands Haltung zum V\u00f6lkerrecht \u2013 Zwei Antworten aus dem Bundestag\" \/>\n<meta property=\"og:description\" content=\"Eine Resolution des UN-Menschenrechtsrates verurteilt einseitige Sanktionen. Damit ist der Westen und auch die Bundesrepublik gemeint. RT DE wollte wissen, wie sich die Resolution auf die Haltung der Parteien zu den Sanktionen auswirkt und erhielt zwei Antworten. Der UN-Menschenrechtsrat hat am 3. April mit gro\u00dfer Mehrheit eine Resolution angenommen, in der Sanktionen als einseitige, v\u00f6lkerrechtswidrige [&hellip;]\" \/>\n<meta property=\"og:url\" content=\"https:\/\/now-news.de\/de\/deutschland\/deutschlands-haltung-zum-voelkerrecht-zwei-antworten-aus-dem-bundestag\/\" \/>\n<meta property=\"og:site_name\" content=\"just-now.NEWS Deutschland\" \/>\n<meta property=\"article:publisher\" content=\"https:\/\/www.facebook.com\/wirmachenauf\" \/>\n<meta property=\"article:published_time\" content=\"2023-05-06T14:34:28+00:00\" \/>\n<meta property=\"og:image\" content=\"https:\/\/now-news.de\/de\/wp-content\/uploads\/sites\/3\/2023\/05\/Deutschlands-Haltung-zum-Voelkerrecht-\u2013-Zwei-Antworten-aus-dem-Bundestag.jpg\" \/>\n\t<meta property=\"og:image:width\" content=\"460\" \/>\n\t<meta property=\"og:image:height\" content=\"259\" \/>\n\t<meta property=\"og:image:type\" content=\"image\/jpeg\" \/>\n<meta name=\"author\" content=\"rtnews\" \/>\n<meta name=\"twitter:card\" content=\"summary_large_image\" \/>\n<meta name=\"twitter:creator\" content=\"@WirMachenAuf_de\" \/>\n<meta name=\"twitter:site\" content=\"@WirMachenAuf_de\" \/>\n<meta name=\"twitter:label1\" content=\"Verfasst von\" \/>\n\t<meta name=\"twitter:data1\" content=\"rtnews\" \/>\n\t<meta name=\"twitter:label2\" content=\"Gesch\u00e4tzte Lesezeit\" \/>\n\t<meta name=\"twitter:data2\" content=\"6\u00a0Minuten\" \/>\n<script type=\"application\/ld+json\" class=\"yoast-schema-graph\">{\"@context\":\"https:\/\/schema.org\",\"@graph\":[{\"@type\":\"Article\",\"@id\":\"https:\/\/now-news.de\/de\/deutschland\/deutschlands-haltung-zum-voelkerrecht-zwei-antworten-aus-dem-bundestag\/#article\",\"isPartOf\":{\"@id\":\"https:\/\/now-news.de\/de\/deutschland\/deutschlands-haltung-zum-voelkerrecht-zwei-antworten-aus-dem-bundestag\/\"},\"author\":{\"name\":\"rtnews\",\"@id\":\"https:\/\/now-news.de\/de\/#\/schema\/person\/fb534a4e865501d8b3285208df34a9b5\"},\"headline\":\"Deutschlands Haltung zum V\u00f6lkerrecht \u2013 Zwei Antworten aus dem Bundestag\",\"datePublished\":\"2023-05-06T14:34:28+00:00\",\"dateModified\":\"2023-05-06T14:34:28+00:00\",\"mainEntityOfPage\":{\"@id\":\"https:\/\/now-news.de\/de\/deutschland\/deutschlands-haltung-zum-voelkerrecht-zwei-antworten-aus-dem-bundestag\/\"},\"wordCount\":1172,\"commentCount\":0,\"publisher\":{\"@id\":\"https:\/\/now-news.de\/de\/#organization\"},\"image\":{\"@id\":\"https:\/\/now-news.de\/de\/deutschland\/deutschlands-haltung-zum-voelkerrecht-zwei-antworten-aus-dem-bundestag\/#primaryimage\"},\"thumbnailUrl\":\"https:\/\/now-news.de\/de\/wp-content\/uploads\/sites\/3\/2023\/05\/Deutschlands-Haltung-zum-Voelkerrecht-\u2013-Zwei-Antworten-aus-dem-Bundestag.jpg\",\"keywords\":[\"Antworten\",\"aus\",\"Bundestag\",\"DEM\",\"Deutschlands\",\"Haltung\",\"V\u00f6lkerrecht\",\"zum\",\"zwei\"],\"articleSection\":[\"Deutschland\",\"Russland\"],\"inLanguage\":\"de\",\"potentialAction\":[{\"@type\":\"CommentAction\",\"name\":\"Comment\",\"target\":[\"https:\/\/now-news.de\/de\/deutschland\/deutschlands-haltung-zum-voelkerrecht-zwei-antworten-aus-dem-bundestag\/#respond\"]}]},{\"@type\":\"WebPage\",\"@id\":\"https:\/\/now-news.de\/de\/deutschland\/deutschlands-haltung-zum-voelkerrecht-zwei-antworten-aus-dem-bundestag\/\",\"url\":\"https:\/\/now-news.de\/de\/deutschland\/deutschlands-haltung-zum-voelkerrecht-zwei-antworten-aus-dem-bundestag\/\",\"name\":\"Deutschlands Haltung zum V\u00f6lkerrecht \u2013 Zwei Antworten aus dem Bundestag - just-now.NEWS Deutschland\",\"isPartOf\":{\"@id\":\"https:\/\/now-news.de\/de\/#website\"},\"primaryImageOfPage\":{\"@id\":\"https:\/\/now-news.de\/de\/deutschland\/deutschlands-haltung-zum-voelkerrecht-zwei-antworten-aus-dem-bundestag\/#primaryimage\"},\"image\":{\"@id\":\"https:\/\/now-news.de\/de\/deutschland\/deutschlands-haltung-zum-voelkerrecht-zwei-antworten-aus-dem-bundestag\/#primaryimage\"},\"thumbnailUrl\":\"https:\/\/now-news.de\/de\/wp-content\/uploads\/sites\/3\/2023\/05\/Deutschlands-Haltung-zum-Voelkerrecht-\u2013-Zwei-Antworten-aus-dem-Bundestag.jpg\",\"datePublished\":\"2023-05-06T14:34:28+00:00\",\"dateModified\":\"2023-05-06T14:34:28+00:00\",\"breadcrumb\":{\"@id\":\"https:\/\/now-news.de\/de\/deutschland\/deutschlands-haltung-zum-voelkerrecht-zwei-antworten-aus-dem-bundestag\/#breadcrumb\"},\"inLanguage\":\"de\",\"potentialAction\":[{\"@type\":\"ReadAction\",\"target\":[\"https:\/\/now-news.de\/de\/deutschland\/deutschlands-haltung-zum-voelkerrecht-zwei-antworten-aus-dem-bundestag\/\"]}]},{\"@type\":\"ImageObject\",\"inLanguage\":\"de\",\"@id\":\"https:\/\/now-news.de\/de\/deutschland\/deutschlands-haltung-zum-voelkerrecht-zwei-antworten-aus-dem-bundestag\/#primaryimage\",\"url\":\"https:\/\/now-news.de\/de\/wp-content\/uploads\/sites\/3\/2023\/05\/Deutschlands-Haltung-zum-Voelkerrecht-\u2013-Zwei-Antworten-aus-dem-Bundestag.jpg\",\"contentUrl\":\"https:\/\/now-news.de\/de\/wp-content\/uploads\/sites\/3\/2023\/05\/Deutschlands-Haltung-zum-Voelkerrecht-\u2013-Zwei-Antworten-aus-dem-Bundestag.jpg\",\"width\":460,\"height\":259,\"caption\":\"Deutschlands Haltung zum V\u00f6lkerrecht \u2013 Zwei Antworten aus dem Bundestag\"},{\"@type\":\"BreadcrumbList\",\"@id\":\"https:\/\/now-news.de\/de\/deutschland\/deutschlands-haltung-zum-voelkerrecht-zwei-antworten-aus-dem-bundestag\/#breadcrumb\",\"itemListElement\":[{\"@type\":\"ListItem\",\"position\":1,\"name\":\"Home\",\"item\":\"https:\/\/now-news.de\/de\/\"},{\"@type\":\"ListItem\",\"position\":2,\"name\":\"Deutschlands Haltung zum V\u00f6lkerrecht \u2013 Zwei Antworten aus dem Bundestag\"}]},{\"@type\":\"WebSite\",\"@id\":\"https:\/\/now-news.de\/de\/#website\",\"url\":\"https:\/\/now-news.de\/de\/\",\"name\":\"just-now.NEWS Deutschland\",\"description\":\"Das Portal f\u00fcr unzensierte Nachrichten aus der Welt\",\"publisher\":{\"@id\":\"https:\/\/now-news.de\/de\/#organization\"},\"potentialAction\":[{\"@type\":\"SearchAction\",\"target\":{\"@type\":\"EntryPoint\",\"urlTemplate\":\"https:\/\/now-news.de\/de\/?s={search_term_string}\"},\"query-input\":\"required name=search_term_string\"}],\"inLanguage\":\"de\"},{\"@type\":\"Organization\",\"@id\":\"https:\/\/now-news.de\/de\/#organization\",\"name\":\"Just Now News\",\"url\":\"https:\/\/now-news.de\/de\/\",\"logo\":{\"@type\":\"ImageObject\",\"inLanguage\":\"de\",\"@id\":\"https:\/\/now-news.de\/de\/#\/schema\/logo\/image\/\",\"url\":\"http:\/\/just-now.news\/de\/wp-content\/uploads\/sites\/3\/2022\/04\/logo500x500.jpg\",\"contentUrl\":\"http:\/\/just-now.news\/de\/wp-content\/uploads\/sites\/3\/2022\/04\/logo500x500.jpg\",\"width\":500,\"height\":500,\"caption\":\"Just Now News\"},\"image\":{\"@id\":\"https:\/\/now-news.de\/de\/#\/schema\/logo\/image\/\"},\"sameAs\":[\"https:\/\/www.facebook.com\/wirmachenauf\",\"https:\/\/x.com\/WirMachenAuf_de\"]},{\"@type\":\"Person\",\"@id\":\"https:\/\/now-news.de\/de\/#\/schema\/person\/fb534a4e865501d8b3285208df34a9b5\",\"name\":\"rtnews\",\"image\":{\"@type\":\"ImageObject\",\"inLanguage\":\"de\",\"@id\":\"https:\/\/now-news.de\/de\/#\/schema\/person\/image\/\",\"url\":\"https:\/\/secure.gravatar.com\/avatar\/82aafea7d8127119dd649515f56e2117?s=96&d=mm&r=g\",\"contentUrl\":\"https:\/\/secure.gravatar.com\/avatar\/82aafea7d8127119dd649515f56e2117?s=96&d=mm&r=g\",\"caption\":\"rtnews\"},\"url\":\"https:\/\/now-news.de\/de\/author\/rnews\/\"}]}<\/script>\n<!-- \/ Yoast SEO Premium plugin. -->","yoast_head_json":{"title":"Deutschlands Haltung zum V\u00f6lkerrecht \u2013 Zwei Antworten aus dem Bundestag - just-now.NEWS Deutschland","robots":{"index":"index","follow":"follow","max-snippet":"max-snippet:-1","max-image-preview":"max-image-preview:large","max-video-preview":"max-video-preview:-1"},"canonical":"https:\/\/now-news.de\/de\/deutschland\/deutschlands-haltung-zum-voelkerrecht-zwei-antworten-aus-dem-bundestag\/","og_locale":"de_DE","og_type":"article","og_title":"Deutschlands Haltung zum V\u00f6lkerrecht \u2013 Zwei Antworten aus dem Bundestag","og_description":"Eine Resolution des UN-Menschenrechtsrates verurteilt einseitige Sanktionen. Damit ist der Westen und auch die Bundesrepublik gemeint. RT DE wollte wissen, wie sich die Resolution auf die Haltung der Parteien zu den Sanktionen auswirkt und erhielt zwei Antworten. Der UN-Menschenrechtsrat hat am 3. April mit gro\u00dfer Mehrheit eine Resolution angenommen, in der Sanktionen als einseitige, v\u00f6lkerrechtswidrige [&hellip;]","og_url":"https:\/\/now-news.de\/de\/deutschland\/deutschlands-haltung-zum-voelkerrecht-zwei-antworten-aus-dem-bundestag\/","og_site_name":"just-now.NEWS Deutschland","article_publisher":"https:\/\/www.facebook.com\/wirmachenauf","article_published_time":"2023-05-06T14:34:28+00:00","og_image":[{"width":460,"height":259,"url":"https:\/\/now-news.de\/de\/wp-content\/uploads\/sites\/3\/2023\/05\/Deutschlands-Haltung-zum-Voelkerrecht-\u2013-Zwei-Antworten-aus-dem-Bundestag.jpg","type":"image\/jpeg"}],"author":"rtnews","twitter_card":"summary_large_image","twitter_creator":"@WirMachenAuf_de","twitter_site":"@WirMachenAuf_de","twitter_misc":{"Verfasst von":"rtnews","Gesch\u00e4tzte Lesezeit":"6\u00a0Minuten"},"schema":{"@context":"https:\/\/schema.org","@graph":[{"@type":"Article","@id":"https:\/\/now-news.de\/de\/deutschland\/deutschlands-haltung-zum-voelkerrecht-zwei-antworten-aus-dem-bundestag\/#article","isPartOf":{"@id":"https:\/\/now-news.de\/de\/deutschland\/deutschlands-haltung-zum-voelkerrecht-zwei-antworten-aus-dem-bundestag\/"},"author":{"name":"rtnews","@id":"https:\/\/now-news.de\/de\/#\/schema\/person\/fb534a4e865501d8b3285208df34a9b5"},"headline":"Deutschlands Haltung zum V\u00f6lkerrecht \u2013 Zwei Antworten aus dem Bundestag","datePublished":"2023-05-06T14:34:28+00:00","dateModified":"2023-05-06T14:34:28+00:00","mainEntityOfPage":{"@id":"https:\/\/now-news.de\/de\/deutschland\/deutschlands-haltung-zum-voelkerrecht-zwei-antworten-aus-dem-bundestag\/"},"wordCount":1172,"commentCount":0,"publisher":{"@id":"https:\/\/now-news.de\/de\/#organization"},"image":{"@id":"https:\/\/now-news.de\/de\/deutschland\/deutschlands-haltung-zum-voelkerrecht-zwei-antworten-aus-dem-bundestag\/#primaryimage"},"thumbnailUrl":"https:\/\/now-news.de\/de\/wp-content\/uploads\/sites\/3\/2023\/05\/Deutschlands-Haltung-zum-Voelkerrecht-\u2013-Zwei-Antworten-aus-dem-Bundestag.jpg","keywords":["Antworten","aus","Bundestag","DEM","Deutschlands","Haltung","V\u00f6lkerrecht","zum","zwei"],"articleSection":["Deutschland","Russland"],"inLanguage":"de","potentialAction":[{"@type":"CommentAction","name":"Comment","target":["https:\/\/now-news.de\/de\/deutschland\/deutschlands-haltung-zum-voelkerrecht-zwei-antworten-aus-dem-bundestag\/#respond"]}]},{"@type":"WebPage","@id":"https:\/\/now-news.de\/de\/deutschland\/deutschlands-haltung-zum-voelkerrecht-zwei-antworten-aus-dem-bundestag\/","url":"https:\/\/now-news.de\/de\/deutschland\/deutschlands-haltung-zum-voelkerrecht-zwei-antworten-aus-dem-bundestag\/","name":"Deutschlands Haltung zum V\u00f6lkerrecht \u2013 Zwei Antworten aus dem Bundestag - just-now.NEWS Deutschland","isPartOf":{"@id":"https:\/\/now-news.de\/de\/#website"},"primaryImageOfPage":{"@id":"https:\/\/now-news.de\/de\/deutschland\/deutschlands-haltung-zum-voelkerrecht-zwei-antworten-aus-dem-bundestag\/#primaryimage"},"image":{"@id":"https:\/\/now-news.de\/de\/deutschland\/deutschlands-haltung-zum-voelkerrecht-zwei-antworten-aus-dem-bundestag\/#primaryimage"},"thumbnailUrl":"https:\/\/now-news.de\/de\/wp-content\/uploads\/sites\/3\/2023\/05\/Deutschlands-Haltung-zum-Voelkerrecht-\u2013-Zwei-Antworten-aus-dem-Bundestag.jpg","datePublished":"2023-05-06T14:34:28+00:00","dateModified":"2023-05-06T14:34:28+00:00","breadcrumb":{"@id":"https:\/\/now-news.de\/de\/deutschland\/deutschlands-haltung-zum-voelkerrecht-zwei-antworten-aus-dem-bundestag\/#breadcrumb"},"inLanguage":"de","potentialAction":[{"@type":"ReadAction","target":["https:\/\/now-news.de\/de\/deutschland\/deutschlands-haltung-zum-voelkerrecht-zwei-antworten-aus-dem-bundestag\/"]}]},{"@type":"ImageObject","inLanguage":"de","@id":"https:\/\/now-news.de\/de\/deutschland\/deutschlands-haltung-zum-voelkerrecht-zwei-antworten-aus-dem-bundestag\/#primaryimage","url":"https:\/\/now-news.de\/de\/wp-content\/uploads\/sites\/3\/2023\/05\/Deutschlands-Haltung-zum-Voelkerrecht-\u2013-Zwei-Antworten-aus-dem-Bundestag.jpg","contentUrl":"https:\/\/now-news.de\/de\/wp-content\/uploads\/sites\/3\/2023\/05\/Deutschlands-Haltung-zum-Voelkerrecht-\u2013-Zwei-Antworten-aus-dem-Bundestag.jpg","width":460,"height":259,"caption":"Deutschlands Haltung zum V\u00f6lkerrecht \u2013 Zwei Antworten aus dem Bundestag"},{"@type":"BreadcrumbList","@id":"https:\/\/now-news.de\/de\/deutschland\/deutschlands-haltung-zum-voelkerrecht-zwei-antworten-aus-dem-bundestag\/#breadcrumb","itemListElement":[{"@type":"ListItem","position":1,"name":"Home","item":"https:\/\/now-news.de\/de\/"},{"@type":"ListItem","position":2,"name":"Deutschlands Haltung zum V\u00f6lkerrecht \u2013 Zwei Antworten aus dem Bundestag"}]},{"@type":"WebSite","@id":"https:\/\/now-news.de\/de\/#website","url":"https:\/\/now-news.de\/de\/","name":"just-now.NEWS Deutschland","description":"Das Portal f\u00fcr unzensierte Nachrichten aus der Welt","publisher":{"@id":"https:\/\/now-news.de\/de\/#organization"},"potentialAction":[{"@type":"SearchAction","target":{"@type":"EntryPoint","urlTemplate":"https:\/\/now-news.de\/de\/?s={search_term_string}"},"query-input":"required name=search_term_string"}],"inLanguage":"de"},{"@type":"Organization","@id":"https:\/\/now-news.de\/de\/#organization","name":"Just Now News","url":"https:\/\/now-news.de\/de\/","logo":{"@type":"ImageObject","inLanguage":"de","@id":"https:\/\/now-news.de\/de\/#\/schema\/logo\/image\/","url":"http:\/\/just-now.news\/de\/wp-content\/uploads\/sites\/3\/2022\/04\/logo500x500.jpg","contentUrl":"http:\/\/just-now.news\/de\/wp-content\/uploads\/sites\/3\/2022\/04\/logo500x500.jpg","width":500,"height":500,"caption":"Just Now News"},"image":{"@id":"https:\/\/now-news.de\/de\/#\/schema\/logo\/image\/"},"sameAs":["https:\/\/www.facebook.com\/wirmachenauf","https:\/\/x.com\/WirMachenAuf_de"]},{"@type":"Person","@id":"https:\/\/now-news.de\/de\/#\/schema\/person\/fb534a4e865501d8b3285208df34a9b5","name":"rtnews","image":{"@type":"ImageObject","inLanguage":"de","@id":"https:\/\/now-news.de\/de\/#\/schema\/person\/image\/","url":"https:\/\/secure.gravatar.com\/avatar\/82aafea7d8127119dd649515f56e2117?s=96&d=mm&r=g","contentUrl":"https:\/\/secure.gravatar.com\/avatar\/82aafea7d8127119dd649515f56e2117?s=96&d=mm&r=g","caption":"rtnews"},"url":"https:\/\/now-news.de\/de\/author\/rnews\/"}]}},"_links":{"self":[{"href":"https:\/\/now-news.de\/de\/wp-json\/wp\/v2\/posts\/35539"}],"collection":[{"href":"https:\/\/now-news.de\/de\/wp-json\/wp\/v2\/posts"}],"about":[{"href":"https:\/\/now-news.de\/de\/wp-json\/wp\/v2\/types\/post"}],"author":[{"embeddable":true,"href":"https:\/\/now-news.de\/de\/wp-json\/wp\/v2\/users\/3"}],"replies":[{"embeddable":true,"href":"https:\/\/now-news.de\/de\/wp-json\/wp\/v2\/comments?post=35539"}],"version-history":[{"count":0,"href":"https:\/\/now-news.de\/de\/wp-json\/wp\/v2\/posts\/35539\/revisions"}],"wp:featuredmedia":[{"embeddable":true,"href":"https:\/\/now-news.de\/de\/wp-json\/wp\/v2\/media\/35540"}],"wp:attachment":[{"href":"https:\/\/now-news.de\/de\/wp-json\/wp\/v2\/media?parent=35539"}],"wp:term":[{"taxonomy":"category","embeddable":true,"href":"https:\/\/now-news.de\/de\/wp-json\/wp\/v2\/categories?post=35539"},{"taxonomy":"post_tag","embeddable":true,"href":"https:\/\/now-news.de\/de\/wp-json\/wp\/v2\/tags?post=35539"}],"curies":[{"name":"wp","href":"https:\/\/api.w.org\/{rel}","templated":true}]}}