{"id":35498,"date":"2023-05-05T21:24:21","date_gmt":"2023-05-05T19:24:21","guid":{"rendered":"http:\/\/just-now.news\/de\/deutschland\/tschechiens-ex-geheimdienstchef-westen-hat-russland-staerker-gemacht-und-pufferzone-ukraine-zerstoert\/"},"modified":"2023-05-05T21:24:21","modified_gmt":"2023-05-05T19:24:21","slug":"tschechiens-ex-geheimdienstchef-westen-hat-russland-staerker-gemacht-und-pufferzone-ukraine-zerstoert","status":"publish","type":"post","link":"https:\/\/now-news.de\/de\/deutschland\/tschechiens-ex-geheimdienstchef-westen-hat-russland-staerker-gemacht-und-pufferzone-ukraine-zerstoert\/","title":{"rendered":"Tschechiens Ex-Geheimdienstchef: Westen hat Russland st\u00e4rker gemacht und Pufferzone Ukraine zerst\u00f6rt"},"content":{"rendered":"<p><img decoding=\"async\" src=\"http:\/\/just-now.news\/de\/wp-content\/uploads\/sites\/3\/2023\/05\/6454ba9648fbef0bbb4cf4b1.jpg\" \/><\/p>\n<div class=\"Text-root Text-type_1 \">\n                Der Westen wollte Russland schw\u00e4chen, hat das Land aber durch die Zerst\u00f6rung der Pufferzone Ukraine gest\u00e4rkt, erkl\u00e4rt der ehemalige tschechische Milit\u00e4rgeheimdienstchef. Er meint: Zum Krieg in Europa f\u00fchrte einzig und allein der Wunsch, Russland m\u00f6glichst zu schaden.\n            <\/div>\n<p><\/p>\n<div class=\"Text-root Text-type_5 ArticleView-text ViewText-root \">\n<p>Russland war urspr\u00fcnglich ein relativ pro-westliches Land mit einer eigenen Form von\u00a0 Demokratie. Pr\u00e4sident Wladimir Putin hat versucht, alle m\u00f6glichen Kontakte mit dem Westen zu kn\u00fcpfen. Der Wunsch der USA und der westlichen L\u00e4nder, Russland so weit wie m\u00f6glich zu schw\u00e4chen, f\u00fchrte jedoch zu einem Krieg in Europa. Er hat die Pufferzone in der Ukraine zerst\u00f6rt und Russland hierdurch deutlich gest\u00e4rkt. Diese Ansicht vertritt der ehemalige Chef des milit\u00e4rischen Geheimdienstes der Tschechischen Republik General Petr Pelz. In einem <a rel=\"nofollow noopener\" target=\"_blank\" href=\"https:\/\/www.radiouniversum.cz\/pelz-petr-2d-chteli-jsme-rusko-oslabit-ale-posilili-jsme-ho-a-znicili-jsme-naraznikovou-ukrajinu\/\">Interview<\/a> mit <em>Radio Universum<\/em> sagt er:<\/p>\n<blockquote>\n<p><em>&#8220;Russland war urspr\u00fcnglich, bevor wir es zu einem Land gemacht haben, das sich in einem totalen Kriegszustand befindet, relativ pro-westlich. Ihre Demokratie war eine Demokratie, wenn auch eine spezifische Demokratie, wie sie es immer war. Es gibt einfach ein spezifisches Gesellschaftssystem in Russland, und es gibt ein spezifisches System in China, genauso wie es ein spezifisches System in den Vereinigten Staaten oder in Spanien oder in Griechenland gibt, also in L\u00e4ndern, die einen anderen kulturellen und historischen Hintergrund haben.&#8221;<\/em><\/p>\n<\/blockquote>\n<p>Nun habe der Westen mit absurden Aktionen und seinem Wunsch, Russland um jeden Preis zu zerst\u00f6ren und zu schw\u00e4chen, Russland nicht nur gest\u00e4rkt, sondern auch in die Arme Chinas getrieben. Pelz stellt fest:<\/p>\n<blockquote>\n<p><em>&#8220;Wir haben Russland gest\u00e4rkt. Am Anfang wollten wir es schw\u00e4chen, aber am Ende haben wir es gest\u00e4rkt, und wir haben auch noch die Pufferzone Ukraine zerst\u00f6rt.&#8221;<\/em><\/p>\n<p><em><br \/> &#8220;Wir m\u00f6gen Russland schaden, aber schw\u00e4chen wir es auch sehr? Wir haben es vielmehr st\u00e4rker gemacht. Wir haben Russland in die Arme Chinas getrieben, ein B\u00fcndnis, das meiner Meinung nach absolut unbesiegbar ist, es sei denn, wir setzen Atomwaffen ein.&#8221;<\/em><\/p>\n<\/blockquote>\n<p>Dabei habe der Westen kein klares Ziel in der Ukraine. Dort herrsche &#8220;ein Durcheinander&#8221;, so Pelz. Er fragt sich, warum die USA und die EU die Ukraine noch unterst\u00fctzten, obwohl allen klar sei, dass Russland weder besiegt noch ernsthaft geschw\u00e4cht werden k\u00f6nne. Er sagt:<\/p>\n<blockquote>\n<p><em>&#8220;Glauben wir heute, dass die Ukraine in der Lage ist, die Krim zu befreien, wie sie sagen? Die Krim den Ukrainern zur\u00fcckgeben? Das ist eine absurde Idee. Es ist ein solches Durcheinander. Aber ich finde das nicht seltsam, denn erstens ist die Ukraine eines der korruptesten L\u00e4nder, und zweitens war es in Afghanistan genau dasselbe.&#8221;<\/em><\/p>\n<\/blockquote>\n<p>Pelz wundert sich, dass niemand versuche, mit Putin oder Russland zu verhandeln. Selbst zu Zeiten der Sowjetunion, die ein &#8220;Monster&#8221; mit einer &#8220;monstr\u00f6sen Philosophie&#8221; gewesen sei, h\u00e4tten die Kommunikationskan\u00e4le zwischen den USA und der sowjetischen Regierung perfekt funktioniert. Es seien Verhandlungen gef\u00fchrt worden und die Zusammenarbeit in vielen Bereichen sei ungebrochen weitergegangen.<\/p>\n<p>Der ehemalige Chef des tschechischen Milit\u00e4rgeheimdienstes ist auch von der aktuellen Mediensituation im Westen \u00fcberrascht. Er erinnert an den Vietnamkrieg, als die Medienlandschaft unterschiedliche Perspektiven auf den Konflikt darstellte. Heute gebe es nur noch eine Meinung und eine Position, die von der US-Regierung vorgegeben werde. &#8220;Das Problem sind die Medien&#8221;, so Pelz, &#8220;ich habe einmal vor etwa drei Jahren einen kleinen Artikel dar\u00fcber geschrieben, dass ich die westlichen Mainstream-Medien f\u00fcr die gr\u00f6\u00dfte Sicherheitsbedrohung in der heutigen Welt halte&#8221;. Er f\u00fchrt fort:<\/p>\n<blockquote>\n<p><em>&#8220;Und eine weitere Frage: Wo sind die linken Aktivisten, die traditionell immer gegen den Krieg gewesen sind? Wo sind sie? Warum sind sie voll und ganz auf der Seite der Ukraine? Warum unterst\u00fctzen sie die Ukraine mit Waffen, obwohl diese Gesellschaft gar nicht das Potenzial hat, einen solchen Krieg zu f\u00fchren?&#8221;<\/em><\/p>\n<\/blockquote>\n<p>Das Sprichwort &#8220;Der Teufel steckt im Detail&#8221; gelte f\u00fcr die Ukraine in doppelter Hinsicht, meinen Journalisten von\u00a0<em><\/em><em>Radio Universum<\/em> schlussfolgernd. &#8220;Wenn man \u00fcber die Ereignisse seit dem Jahr 2014 spricht, die im Einmarsch Russlands in die Ukraine gipfelten, sieht der Konflikt nicht mehr so schwarz-wei\u00df aus, wie er vielleicht scheint&#8221;, so der Sender. Es sei ja schlie\u00dflich der Westen, der diesen verheerenden Krieg gesch\u00fcrt habe. Indem man zuerst den Putsch in der Ukraine und dann &#8220;de facto die Ukraine bei der Nichteinhaltung der Minsker Vereinbarungen, die den blutigen B\u00fcrgerkrieg beenden sollten&#8221;, unterst\u00fctzt habe.<\/p>\n<p><strong>Mehr zum Thema &#8211;<\/strong>\u00a0<a rel=\"nofollow noopener\" target=\"_blank\" href=\"https:\/\/fromrussiawithlove.rtde.life\/international\/169284-deutsche-gewerkschaften-schweigen-zu-nazi\/\">Deutsche Gewerkschaften schweigen zu Nazi-Terror \u2013 Gedenken an Opfer im Gewerkschaftshaus in Odessa<\/a><\/p>\n<\/p>\n<\/div>\n<p><br \/>\n<br \/><a href=\"https:\/\/de.rt.com\/europa\/169314-ex-geheimdienstchef-tschechiens-westen-machte\/\">Source link <\/a><\/p>\n","protected":false},"excerpt":{"rendered":"<p>Der Westen wollte Russland schw\u00e4chen, hat das Land aber durch die Zerst\u00f6rung der Pufferzone Ukraine gest\u00e4rkt, erkl\u00e4rt der ehemalige tschechische Milit\u00e4rgeheimdienstchef. Er meint: Zum Krieg in Europa f\u00fchrte einzig und allein der Wunsch, Russland m\u00f6glichst zu schaden. Russland war urspr\u00fcnglich ein relativ pro-westliches Land mit einer eigenen Form von\u00a0 Demokratie. Pr\u00e4sident Wladimir Putin hat versucht, [&hellip;]<\/p>\n","protected":false},"author":3,"featured_media":35499,"comment_status":"open","ping_status":"open","sticky":false,"template":"","format":"standard","meta":{"_yoast_indexnow_last_ping":["1683314825"],"wp_automatic_camp":["217"],"e770c039ef0769ea2e9a840f1e93bf65":["Tschechiens Ex-Geheimdienstchef: Westen hat Russland st\u00e4rker gemacht und Pufferzone Ukraine zerst\u00f6rt"],"original_link":["https:\/\/de.rt.com\/europa\/169314-ex-geheimdienstchef-tschechiens-westen-machte\/"],"_thumbnail_id":["35499"],"_wptgpro_p2tg_sent2tg":["a:1:{i:23737;s:19:\"2023-05-05 21:28:07\";}"],"jnews_social_counter_last_update":["1777304964"]},"categories":[19,23],"tags":[41400,18691,423,43953,126,19968,3103,127,140,378,5182],"yoast_head":"<!-- This site is optimized with the Yoast SEO Premium plugin v22.7 (Yoast SEO v22.7) - https:\/\/yoast.com\/wordpress\/plugins\/seo\/ -->\n<title>Tschechiens Ex-Geheimdienstchef: Westen hat Russland st\u00e4rker gemacht und Pufferzone Ukraine zerst\u00f6rt - just-now.NEWS Deutschland<\/title>\n<meta name=\"robots\" content=\"index, follow, max-snippet:-1, max-image-preview:large, max-video-preview:-1\" \/>\n<link rel=\"canonical\" href=\"https:\/\/now-news.de\/de\/deutschland\/tschechiens-ex-geheimdienstchef-westen-hat-russland-staerker-gemacht-und-pufferzone-ukraine-zerstoert\/\" \/>\n<meta property=\"og:locale\" content=\"de_DE\" \/>\n<meta property=\"og:type\" content=\"article\" \/>\n<meta property=\"og:title\" content=\"Tschechiens Ex-Geheimdienstchef: Westen hat Russland st\u00e4rker gemacht und Pufferzone Ukraine zerst\u00f6rt\" \/>\n<meta property=\"og:description\" content=\"Der Westen wollte Russland schw\u00e4chen, hat das Land aber durch die Zerst\u00f6rung der Pufferzone Ukraine gest\u00e4rkt, erkl\u00e4rt der ehemalige tschechische Milit\u00e4rgeheimdienstchef. Er meint: Zum Krieg in Europa f\u00fchrte einzig und allein der Wunsch, Russland m\u00f6glichst zu schaden. Russland war urspr\u00fcnglich ein relativ pro-westliches Land mit einer eigenen Form von\u00a0 Demokratie. Pr\u00e4sident Wladimir Putin hat versucht, [&hellip;]\" \/>\n<meta property=\"og:url\" content=\"https:\/\/now-news.de\/de\/deutschland\/tschechiens-ex-geheimdienstchef-westen-hat-russland-staerker-gemacht-und-pufferzone-ukraine-zerstoert\/\" \/>\n<meta property=\"og:site_name\" content=\"just-now.NEWS Deutschland\" \/>\n<meta property=\"article:publisher\" content=\"https:\/\/www.facebook.com\/wirmachenauf\" \/>\n<meta property=\"article:published_time\" content=\"2023-05-05T19:24:21+00:00\" \/>\n<meta property=\"og:image\" content=\"https:\/\/now-news.de\/de\/wp-content\/uploads\/sites\/3\/2023\/05\/Tschechiens-Ex-Geheimdienstchef-Westen-hat-Russland-staerker-gemacht-und-Pufferzone-Ukraine.jpg\" \/>\n\t<meta property=\"og:image:width\" content=\"460\" \/>\n\t<meta property=\"og:image:height\" content=\"259\" \/>\n\t<meta property=\"og:image:type\" content=\"image\/jpeg\" \/>\n<meta name=\"author\" content=\"rtnews\" \/>\n<meta name=\"twitter:card\" content=\"summary_large_image\" \/>\n<meta name=\"twitter:creator\" content=\"@WirMachenAuf_de\" \/>\n<meta name=\"twitter:site\" content=\"@WirMachenAuf_de\" \/>\n<meta name=\"twitter:label1\" content=\"Verfasst von\" \/>\n\t<meta name=\"twitter:data1\" content=\"rtnews\" \/>\n\t<meta name=\"twitter:label2\" content=\"Gesch\u00e4tzte Lesezeit\" \/>\n\t<meta name=\"twitter:data2\" content=\"4\u00a0Minuten\" \/>\n<script type=\"application\/ld+json\" class=\"yoast-schema-graph\">{\"@context\":\"https:\/\/schema.org\",\"@graph\":[{\"@type\":\"Article\",\"@id\":\"https:\/\/now-news.de\/de\/deutschland\/tschechiens-ex-geheimdienstchef-westen-hat-russland-staerker-gemacht-und-pufferzone-ukraine-zerstoert\/#article\",\"isPartOf\":{\"@id\":\"https:\/\/now-news.de\/de\/deutschland\/tschechiens-ex-geheimdienstchef-westen-hat-russland-staerker-gemacht-und-pufferzone-ukraine-zerstoert\/\"},\"author\":{\"name\":\"rtnews\",\"@id\":\"https:\/\/now-news.de\/de\/#\/schema\/person\/fb534a4e865501d8b3285208df34a9b5\"},\"headline\":\"Tschechiens Ex-Geheimdienstchef: Westen hat Russland st\u00e4rker gemacht und Pufferzone Ukraine zerst\u00f6rt\",\"datePublished\":\"2023-05-05T19:24:21+00:00\",\"dateModified\":\"2023-05-05T19:24:21+00:00\",\"mainEntityOfPage\":{\"@id\":\"https:\/\/now-news.de\/de\/deutschland\/tschechiens-ex-geheimdienstchef-westen-hat-russland-staerker-gemacht-und-pufferzone-ukraine-zerstoert\/\"},\"wordCount\":758,\"commentCount\":0,\"publisher\":{\"@id\":\"https:\/\/now-news.de\/de\/#organization\"},\"image\":{\"@id\":\"https:\/\/now-news.de\/de\/deutschland\/tschechiens-ex-geheimdienstchef-westen-hat-russland-staerker-gemacht-und-pufferzone-ukraine-zerstoert\/#primaryimage\"},\"thumbnailUrl\":\"https:\/\/now-news.de\/de\/wp-content\/uploads\/sites\/3\/2023\/05\/Tschechiens-Ex-Geheimdienstchef-Westen-hat-Russland-staerker-gemacht-und-Pufferzone-Ukraine.jpg\",\"keywords\":[\"ExGeheimdienstchef\",\"gemacht\",\"hat\",\"Pufferzone\",\"russland\",\"Starker\",\"Tschechiens\",\"ukraine\",\"und\",\"Westen\",\"zerst\u00f6rt\"],\"articleSection\":[\"Deutschland\",\"Russland\"],\"inLanguage\":\"de\",\"potentialAction\":[{\"@type\":\"CommentAction\",\"name\":\"Comment\",\"target\":[\"https:\/\/now-news.de\/de\/deutschland\/tschechiens-ex-geheimdienstchef-westen-hat-russland-staerker-gemacht-und-pufferzone-ukraine-zerstoert\/#respond\"]}]},{\"@type\":\"WebPage\",\"@id\":\"https:\/\/now-news.de\/de\/deutschland\/tschechiens-ex-geheimdienstchef-westen-hat-russland-staerker-gemacht-und-pufferzone-ukraine-zerstoert\/\",\"url\":\"https:\/\/now-news.de\/de\/deutschland\/tschechiens-ex-geheimdienstchef-westen-hat-russland-staerker-gemacht-und-pufferzone-ukraine-zerstoert\/\",\"name\":\"Tschechiens Ex-Geheimdienstchef: Westen hat Russland st\u00e4rker gemacht und Pufferzone Ukraine zerst\u00f6rt - just-now.NEWS Deutschland\",\"isPartOf\":{\"@id\":\"https:\/\/now-news.de\/de\/#website\"},\"primaryImageOfPage\":{\"@id\":\"https:\/\/now-news.de\/de\/deutschland\/tschechiens-ex-geheimdienstchef-westen-hat-russland-staerker-gemacht-und-pufferzone-ukraine-zerstoert\/#primaryimage\"},\"image\":{\"@id\":\"https:\/\/now-news.de\/de\/deutschland\/tschechiens-ex-geheimdienstchef-westen-hat-russland-staerker-gemacht-und-pufferzone-ukraine-zerstoert\/#primaryimage\"},\"thumbnailUrl\":\"https:\/\/now-news.de\/de\/wp-content\/uploads\/sites\/3\/2023\/05\/Tschechiens-Ex-Geheimdienstchef-Westen-hat-Russland-staerker-gemacht-und-Pufferzone-Ukraine.jpg\",\"datePublished\":\"2023-05-05T19:24:21+00:00\",\"dateModified\":\"2023-05-05T19:24:21+00:00\",\"breadcrumb\":{\"@id\":\"https:\/\/now-news.de\/de\/deutschland\/tschechiens-ex-geheimdienstchef-westen-hat-russland-staerker-gemacht-und-pufferzone-ukraine-zerstoert\/#breadcrumb\"},\"inLanguage\":\"de\",\"potentialAction\":[{\"@type\":\"ReadAction\",\"target\":[\"https:\/\/now-news.de\/de\/deutschland\/tschechiens-ex-geheimdienstchef-westen-hat-russland-staerker-gemacht-und-pufferzone-ukraine-zerstoert\/\"]}]},{\"@type\":\"ImageObject\",\"inLanguage\":\"de\",\"@id\":\"https:\/\/now-news.de\/de\/deutschland\/tschechiens-ex-geheimdienstchef-westen-hat-russland-staerker-gemacht-und-pufferzone-ukraine-zerstoert\/#primaryimage\",\"url\":\"https:\/\/now-news.de\/de\/wp-content\/uploads\/sites\/3\/2023\/05\/Tschechiens-Ex-Geheimdienstchef-Westen-hat-Russland-staerker-gemacht-und-Pufferzone-Ukraine.jpg\",\"contentUrl\":\"https:\/\/now-news.de\/de\/wp-content\/uploads\/sites\/3\/2023\/05\/Tschechiens-Ex-Geheimdienstchef-Westen-hat-Russland-staerker-gemacht-und-Pufferzone-Ukraine.jpg\",\"width\":460,\"height\":259,\"caption\":\"Tschechiens Ex-Geheimdienstchef: Westen hat Russland st\u00e4rker gemacht und Pufferzone Ukraine zerst\u00f6rt\"},{\"@type\":\"BreadcrumbList\",\"@id\":\"https:\/\/now-news.de\/de\/deutschland\/tschechiens-ex-geheimdienstchef-westen-hat-russland-staerker-gemacht-und-pufferzone-ukraine-zerstoert\/#breadcrumb\",\"itemListElement\":[{\"@type\":\"ListItem\",\"position\":1,\"name\":\"Home\",\"item\":\"https:\/\/now-news.de\/de\/\"},{\"@type\":\"ListItem\",\"position\":2,\"name\":\"Tschechiens Ex-Geheimdienstchef: Westen hat Russland st\u00e4rker gemacht und Pufferzone Ukraine zerst\u00f6rt\"}]},{\"@type\":\"WebSite\",\"@id\":\"https:\/\/now-news.de\/de\/#website\",\"url\":\"https:\/\/now-news.de\/de\/\",\"name\":\"just-now.NEWS Deutschland\",\"description\":\"Das Portal f\u00fcr unzensierte Nachrichten aus der Welt\",\"publisher\":{\"@id\":\"https:\/\/now-news.de\/de\/#organization\"},\"potentialAction\":[{\"@type\":\"SearchAction\",\"target\":{\"@type\":\"EntryPoint\",\"urlTemplate\":\"https:\/\/now-news.de\/de\/?s={search_term_string}\"},\"query-input\":\"required name=search_term_string\"}],\"inLanguage\":\"de\"},{\"@type\":\"Organization\",\"@id\":\"https:\/\/now-news.de\/de\/#organization\",\"name\":\"Just Now News\",\"url\":\"https:\/\/now-news.de\/de\/\",\"logo\":{\"@type\":\"ImageObject\",\"inLanguage\":\"de\",\"@id\":\"https:\/\/now-news.de\/de\/#\/schema\/logo\/image\/\",\"url\":\"http:\/\/just-now.news\/de\/wp-content\/uploads\/sites\/3\/2022\/04\/logo500x500.jpg\",\"contentUrl\":\"http:\/\/just-now.news\/de\/wp-content\/uploads\/sites\/3\/2022\/04\/logo500x500.jpg\",\"width\":500,\"height\":500,\"caption\":\"Just Now News\"},\"image\":{\"@id\":\"https:\/\/now-news.de\/de\/#\/schema\/logo\/image\/\"},\"sameAs\":[\"https:\/\/www.facebook.com\/wirmachenauf\",\"https:\/\/x.com\/WirMachenAuf_de\"]},{\"@type\":\"Person\",\"@id\":\"https:\/\/now-news.de\/de\/#\/schema\/person\/fb534a4e865501d8b3285208df34a9b5\",\"name\":\"rtnews\",\"image\":{\"@type\":\"ImageObject\",\"inLanguage\":\"de\",\"@id\":\"https:\/\/now-news.de\/de\/#\/schema\/person\/image\/\",\"url\":\"https:\/\/secure.gravatar.com\/avatar\/82aafea7d8127119dd649515f56e2117?s=96&d=mm&r=g\",\"contentUrl\":\"https:\/\/secure.gravatar.com\/avatar\/82aafea7d8127119dd649515f56e2117?s=96&d=mm&r=g\",\"caption\":\"rtnews\"},\"url\":\"https:\/\/now-news.de\/de\/author\/rnews\/\"}]}<\/script>\n<!-- \/ Yoast SEO Premium plugin. -->","yoast_head_json":{"title":"Tschechiens Ex-Geheimdienstchef: Westen hat Russland st\u00e4rker gemacht und Pufferzone Ukraine zerst\u00f6rt - just-now.NEWS Deutschland","robots":{"index":"index","follow":"follow","max-snippet":"max-snippet:-1","max-image-preview":"max-image-preview:large","max-video-preview":"max-video-preview:-1"},"canonical":"https:\/\/now-news.de\/de\/deutschland\/tschechiens-ex-geheimdienstchef-westen-hat-russland-staerker-gemacht-und-pufferzone-ukraine-zerstoert\/","og_locale":"de_DE","og_type":"article","og_title":"Tschechiens Ex-Geheimdienstchef: Westen hat Russland st\u00e4rker gemacht und Pufferzone Ukraine zerst\u00f6rt","og_description":"Der Westen wollte Russland schw\u00e4chen, hat das Land aber durch die Zerst\u00f6rung der Pufferzone Ukraine gest\u00e4rkt, erkl\u00e4rt der ehemalige tschechische Milit\u00e4rgeheimdienstchef. Er meint: Zum Krieg in Europa f\u00fchrte einzig und allein der Wunsch, Russland m\u00f6glichst zu schaden. Russland war urspr\u00fcnglich ein relativ pro-westliches Land mit einer eigenen Form von\u00a0 Demokratie. Pr\u00e4sident Wladimir Putin hat versucht, [&hellip;]","og_url":"https:\/\/now-news.de\/de\/deutschland\/tschechiens-ex-geheimdienstchef-westen-hat-russland-staerker-gemacht-und-pufferzone-ukraine-zerstoert\/","og_site_name":"just-now.NEWS Deutschland","article_publisher":"https:\/\/www.facebook.com\/wirmachenauf","article_published_time":"2023-05-05T19:24:21+00:00","og_image":[{"width":460,"height":259,"url":"https:\/\/now-news.de\/de\/wp-content\/uploads\/sites\/3\/2023\/05\/Tschechiens-Ex-Geheimdienstchef-Westen-hat-Russland-staerker-gemacht-und-Pufferzone-Ukraine.jpg","type":"image\/jpeg"}],"author":"rtnews","twitter_card":"summary_large_image","twitter_creator":"@WirMachenAuf_de","twitter_site":"@WirMachenAuf_de","twitter_misc":{"Verfasst von":"rtnews","Gesch\u00e4tzte Lesezeit":"4\u00a0Minuten"},"schema":{"@context":"https:\/\/schema.org","@graph":[{"@type":"Article","@id":"https:\/\/now-news.de\/de\/deutschland\/tschechiens-ex-geheimdienstchef-westen-hat-russland-staerker-gemacht-und-pufferzone-ukraine-zerstoert\/#article","isPartOf":{"@id":"https:\/\/now-news.de\/de\/deutschland\/tschechiens-ex-geheimdienstchef-westen-hat-russland-staerker-gemacht-und-pufferzone-ukraine-zerstoert\/"},"author":{"name":"rtnews","@id":"https:\/\/now-news.de\/de\/#\/schema\/person\/fb534a4e865501d8b3285208df34a9b5"},"headline":"Tschechiens Ex-Geheimdienstchef: Westen hat Russland st\u00e4rker gemacht und Pufferzone Ukraine zerst\u00f6rt","datePublished":"2023-05-05T19:24:21+00:00","dateModified":"2023-05-05T19:24:21+00:00","mainEntityOfPage":{"@id":"https:\/\/now-news.de\/de\/deutschland\/tschechiens-ex-geheimdienstchef-westen-hat-russland-staerker-gemacht-und-pufferzone-ukraine-zerstoert\/"},"wordCount":758,"commentCount":0,"publisher":{"@id":"https:\/\/now-news.de\/de\/#organization"},"image":{"@id":"https:\/\/now-news.de\/de\/deutschland\/tschechiens-ex-geheimdienstchef-westen-hat-russland-staerker-gemacht-und-pufferzone-ukraine-zerstoert\/#primaryimage"},"thumbnailUrl":"https:\/\/now-news.de\/de\/wp-content\/uploads\/sites\/3\/2023\/05\/Tschechiens-Ex-Geheimdienstchef-Westen-hat-Russland-staerker-gemacht-und-Pufferzone-Ukraine.jpg","keywords":["ExGeheimdienstchef","gemacht","hat","Pufferzone","russland","Starker","Tschechiens","ukraine","und","Westen","zerst\u00f6rt"],"articleSection":["Deutschland","Russland"],"inLanguage":"de","potentialAction":[{"@type":"CommentAction","name":"Comment","target":["https:\/\/now-news.de\/de\/deutschland\/tschechiens-ex-geheimdienstchef-westen-hat-russland-staerker-gemacht-und-pufferzone-ukraine-zerstoert\/#respond"]}]},{"@type":"WebPage","@id":"https:\/\/now-news.de\/de\/deutschland\/tschechiens-ex-geheimdienstchef-westen-hat-russland-staerker-gemacht-und-pufferzone-ukraine-zerstoert\/","url":"https:\/\/now-news.de\/de\/deutschland\/tschechiens-ex-geheimdienstchef-westen-hat-russland-staerker-gemacht-und-pufferzone-ukraine-zerstoert\/","name":"Tschechiens Ex-Geheimdienstchef: Westen hat Russland st\u00e4rker gemacht und Pufferzone Ukraine zerst\u00f6rt - just-now.NEWS Deutschland","isPartOf":{"@id":"https:\/\/now-news.de\/de\/#website"},"primaryImageOfPage":{"@id":"https:\/\/now-news.de\/de\/deutschland\/tschechiens-ex-geheimdienstchef-westen-hat-russland-staerker-gemacht-und-pufferzone-ukraine-zerstoert\/#primaryimage"},"image":{"@id":"https:\/\/now-news.de\/de\/deutschland\/tschechiens-ex-geheimdienstchef-westen-hat-russland-staerker-gemacht-und-pufferzone-ukraine-zerstoert\/#primaryimage"},"thumbnailUrl":"https:\/\/now-news.de\/de\/wp-content\/uploads\/sites\/3\/2023\/05\/Tschechiens-Ex-Geheimdienstchef-Westen-hat-Russland-staerker-gemacht-und-Pufferzone-Ukraine.jpg","datePublished":"2023-05-05T19:24:21+00:00","dateModified":"2023-05-05T19:24:21+00:00","breadcrumb":{"@id":"https:\/\/now-news.de\/de\/deutschland\/tschechiens-ex-geheimdienstchef-westen-hat-russland-staerker-gemacht-und-pufferzone-ukraine-zerstoert\/#breadcrumb"},"inLanguage":"de","potentialAction":[{"@type":"ReadAction","target":["https:\/\/now-news.de\/de\/deutschland\/tschechiens-ex-geheimdienstchef-westen-hat-russland-staerker-gemacht-und-pufferzone-ukraine-zerstoert\/"]}]},{"@type":"ImageObject","inLanguage":"de","@id":"https:\/\/now-news.de\/de\/deutschland\/tschechiens-ex-geheimdienstchef-westen-hat-russland-staerker-gemacht-und-pufferzone-ukraine-zerstoert\/#primaryimage","url":"https:\/\/now-news.de\/de\/wp-content\/uploads\/sites\/3\/2023\/05\/Tschechiens-Ex-Geheimdienstchef-Westen-hat-Russland-staerker-gemacht-und-Pufferzone-Ukraine.jpg","contentUrl":"https:\/\/now-news.de\/de\/wp-content\/uploads\/sites\/3\/2023\/05\/Tschechiens-Ex-Geheimdienstchef-Westen-hat-Russland-staerker-gemacht-und-Pufferzone-Ukraine.jpg","width":460,"height":259,"caption":"Tschechiens Ex-Geheimdienstchef: Westen hat Russland st\u00e4rker gemacht und Pufferzone Ukraine zerst\u00f6rt"},{"@type":"BreadcrumbList","@id":"https:\/\/now-news.de\/de\/deutschland\/tschechiens-ex-geheimdienstchef-westen-hat-russland-staerker-gemacht-und-pufferzone-ukraine-zerstoert\/#breadcrumb","itemListElement":[{"@type":"ListItem","position":1,"name":"Home","item":"https:\/\/now-news.de\/de\/"},{"@type":"ListItem","position":2,"name":"Tschechiens Ex-Geheimdienstchef: Westen hat Russland st\u00e4rker gemacht und Pufferzone Ukraine zerst\u00f6rt"}]},{"@type":"WebSite","@id":"https:\/\/now-news.de\/de\/#website","url":"https:\/\/now-news.de\/de\/","name":"just-now.NEWS Deutschland","description":"Das Portal f\u00fcr unzensierte Nachrichten aus der Welt","publisher":{"@id":"https:\/\/now-news.de\/de\/#organization"},"potentialAction":[{"@type":"SearchAction","target":{"@type":"EntryPoint","urlTemplate":"https:\/\/now-news.de\/de\/?s={search_term_string}"},"query-input":"required name=search_term_string"}],"inLanguage":"de"},{"@type":"Organization","@id":"https:\/\/now-news.de\/de\/#organization","name":"Just Now News","url":"https:\/\/now-news.de\/de\/","logo":{"@type":"ImageObject","inLanguage":"de","@id":"https:\/\/now-news.de\/de\/#\/schema\/logo\/image\/","url":"http:\/\/just-now.news\/de\/wp-content\/uploads\/sites\/3\/2022\/04\/logo500x500.jpg","contentUrl":"http:\/\/just-now.news\/de\/wp-content\/uploads\/sites\/3\/2022\/04\/logo500x500.jpg","width":500,"height":500,"caption":"Just Now News"},"image":{"@id":"https:\/\/now-news.de\/de\/#\/schema\/logo\/image\/"},"sameAs":["https:\/\/www.facebook.com\/wirmachenauf","https:\/\/x.com\/WirMachenAuf_de"]},{"@type":"Person","@id":"https:\/\/now-news.de\/de\/#\/schema\/person\/fb534a4e865501d8b3285208df34a9b5","name":"rtnews","image":{"@type":"ImageObject","inLanguage":"de","@id":"https:\/\/now-news.de\/de\/#\/schema\/person\/image\/","url":"https:\/\/secure.gravatar.com\/avatar\/82aafea7d8127119dd649515f56e2117?s=96&d=mm&r=g","contentUrl":"https:\/\/secure.gravatar.com\/avatar\/82aafea7d8127119dd649515f56e2117?s=96&d=mm&r=g","caption":"rtnews"},"url":"https:\/\/now-news.de\/de\/author\/rnews\/"}]}},"_links":{"self":[{"href":"https:\/\/now-news.de\/de\/wp-json\/wp\/v2\/posts\/35498"}],"collection":[{"href":"https:\/\/now-news.de\/de\/wp-json\/wp\/v2\/posts"}],"about":[{"href":"https:\/\/now-news.de\/de\/wp-json\/wp\/v2\/types\/post"}],"author":[{"embeddable":true,"href":"https:\/\/now-news.de\/de\/wp-json\/wp\/v2\/users\/3"}],"replies":[{"embeddable":true,"href":"https:\/\/now-news.de\/de\/wp-json\/wp\/v2\/comments?post=35498"}],"version-history":[{"count":0,"href":"https:\/\/now-news.de\/de\/wp-json\/wp\/v2\/posts\/35498\/revisions"}],"wp:featuredmedia":[{"embeddable":true,"href":"https:\/\/now-news.de\/de\/wp-json\/wp\/v2\/media\/35499"}],"wp:attachment":[{"href":"https:\/\/now-news.de\/de\/wp-json\/wp\/v2\/media?parent=35498"}],"wp:term":[{"taxonomy":"category","embeddable":true,"href":"https:\/\/now-news.de\/de\/wp-json\/wp\/v2\/categories?post=35498"},{"taxonomy":"post_tag","embeddable":true,"href":"https:\/\/now-news.de\/de\/wp-json\/wp\/v2\/tags?post=35498"}],"curies":[{"name":"wp","href":"https:\/\/api.w.org\/{rel}","templated":true}]}}