{"id":35457,"date":"2023-05-05T16:15:31","date_gmt":"2023-05-05T14:15:31","guid":{"rendered":"https:\/\/just-now.news\/de\/deutschland\/klimaaktivisten-bespruehen-am-ber-privatjets-mit-farbe\/"},"modified":"2023-05-05T16:15:31","modified_gmt":"2023-05-05T14:15:31","slug":"klimaaktivisten-bespruehen-am-ber-privatjets-mit-farbe","status":"publish","type":"post","link":"https:\/\/now-news.de\/de\/deutschland\/klimaaktivisten-bespruehen-am-ber-privatjets-mit-farbe\/","title":{"rendered":"Klimaaktivisten bespr\u00fchen am BER Privatjets mit Farbe"},"content":{"rendered":"<p><img decoding=\"async\" src=\"http:\/\/just-now.news\/de\/wp-content\/uploads\/sites\/3\/2023\/05\/6454f91eb480cc73a7746557.png\" \/><\/p>\n<div class=\"Text-root Text-type_1 \">\n                Klimaaktivisten drangen am Freitag auf den Flughafen BER ein und beschmierten Privatjets mit Farbe. Das ganze \u00fcbertrugen sie per Livestream auf Twitter. Die Aktion sei ein &#8220;Warnsignal gegen Klimazerst\u00f6rung&#8221;, hie\u00df es vonseiten der Aktivisten.\n            <\/div>\n<p><\/p>\n<div class=\"Text-root Text-type_5 ArticleView-text ViewText-root \">\n<p>Klimaaktivisten bespr\u00fchten am Freitag Privatjets am Berliner Flughafen BER mit Farbe. Die Aktivisten wollten mit der Aktion ein &#8220;leuchtendes Warnsignal gegen die r\u00fccksichtslose Klimazerst\u00f6rung&#8221; setzen, hie\u00df es von Seiten der Aktivisten. Auf Twitter wurde die Farbaktion live \u00fcbertragen.<\/p>\n<p>Die Aktivisten erkl\u00e4rten, sie h\u00e4tten mit Drahtzangen den Zaun des Flughafengel\u00e4ndes durchschnitten und seien mit Fahrr\u00e4dern zum General Aviation Terminal (GAT) gefahren.<\/p>\n<p>Vom GAT starten unter anderem Privatjets. Die dort stehenden Privatjets seien gro\u00dffl\u00e4chig mit oranger Farbe bespr\u00fcht worden. Die Aktion war per Livestream unter anderem auf Twitter zu sehen, in dem Video ist ein bespr\u00fchter Flieger deutlich erkennbar.<\/p>\n<div class=\"EmbedBlock-root EmbedBlock-twitter\">\n<div class=\"TwitterEmbed\">\n<blockquote class=\"twitter-tweet lazyload\" data-twitter=\"twitter-tweet\">\n<p lang=\"en\" dir=\"ltr\">WARNING COLOR ON PRIVAT JETComfort for some, death sentence for others &#8211; we have marked an extremely dangerous item at BER airport. Excessive luxury of the super-rich is at the expense of the majority and we should not put up with it one day longer.<a rel=\"nofollow noopener\" target=\"_blank\" href=\"https:\/\/t.co\/6pRwsacdBC\">pic.twitter.com\/6pRwsacdBC<\/a><\/p>\n<p>\u2014 Letzte Generation (@AufstandLastGen) <a rel=\"nofollow noopener\" target=\"_blank\" href=\"https:\/\/twitter.com\/AufstandLastGen\/status\/1654449954360815617?ref_src=twsrc%5Etfw\">May 5, 2023<\/a><\/p><\/blockquote>\n<\/div>\n<\/div>\n<p>Der Flughafen und die Bundespolizei best\u00e4tigten auf Anfrage, dass sich Aktivisten Zugang zum Sicherheitsbereich des Flughafens verschafft haben. Ob sie Privatjets bespr\u00fcht h\u00e4tten, wurde zun\u00e4chst nicht best\u00e4tigt. Auch blieb offen, wie viele Aktivisten auf dem Gel\u00e4nde waren.<\/p>\n<p>&#8220;Die Privatjets wurden durch unsere Farbaktion von einem Symbol f\u00fcr exzessiven Luxus zu einem leuchtenden Warnsignal gegen die r\u00fccksichtslose Klimazerst\u00f6rung, die eine Minderheit von Superreichen auf Kosten der Mehrheit betreibt&#8221;, sagte eine der Aktivistinnen laut Mitteilung der Letzten Generation.<\/p>\n<p><strong>Mehr zum Thema<\/strong> \u2013 <a rel=\"nofollow noopener\" target=\"_blank\" href=\"https:\/\/freeassange.rtde.life\/inland\/169311-letzte-generation-zu-frueh-gefreut\/\">Letzte Generation \u2013 zu fr\u00fch gefreut: \u00d6KOWORLD \u00fcbernimmt doch keine Kosten f\u00fcr Verfahren<\/a><\/p>\n<div class=\"EmbedBlock-root EmbedBlock-externalVideo EmbedBlock-odysee\">\n<div class=\"VkEmbed\"><iframe class=\"lazyload\" data-src=\"https:\/\/odysee.com\/%24\/embed\/%40RTDE%3Ae%2Fbaerbock-will-wind-und-solala-energie-f%C3%BCr-die-ganze-welt%3A0\" frameborder=\"0\" width=\"853\" height=\"480\" allowfullscreen><\/iframe><\/div>\n<\/div>\n<\/div>\n<p><script async src=\"https:\/\/platform.twitter.com\/widgets.js\" charset=\"utf-8\"><\/script><br \/>\n<br \/><br \/>\n<br \/><a href=\"https:\/\/de.rt.com\/inland\/169347-klimaaktivisten-bespruehen-am-ber-privatjets-mit-farbe\/\">Source link <\/a><\/p>\n","protected":false},"excerpt":{"rendered":"<p>Klimaaktivisten drangen am Freitag auf den Flughafen BER ein und beschmierten Privatjets mit Farbe. Das ganze \u00fcbertrugen sie per Livestream auf Twitter. Die Aktion sei ein &#8220;Warnsignal gegen Klimazerst\u00f6rung&#8221;, hie\u00df es vonseiten der Aktivisten. Klimaaktivisten bespr\u00fchten am Freitag Privatjets am Berliner Flughafen BER mit Farbe. Die Aktivisten wollten mit der Aktion ein &#8220;leuchtendes Warnsignal gegen [&hellip;]<\/p>\n","protected":false},"author":3,"featured_media":35458,"comment_status":"open","ping_status":"open","sticky":false,"template":"","format":"standard","meta":{"_yoast_indexnow_last_ping":["1683296518"],"wp_automatic_camp":["217"],"1012616df1993bca1b53a355ccc66c16":["Klimaaktivisten bespr\u00fchen am BER Privatjets mit Farbe"],"original_link":["https:\/\/de.rt.com\/inland\/169347-klimaaktivisten-bespruehen-am-ber-privatjets-mit-farbe\/"],"_thumbnail_id":["35458"],"_wptgpro_p2tg_sent2tg":["a:1:{i:23737;s:19:\"2023-05-05 16:23:08\";}"],"jnews_social_counter_last_update":["1777302887"]},"categories":[19,23],"tags":[36416,43932,43933,22426,419,34112],"yoast_head":"<!-- This site is optimized with the Yoast SEO Premium plugin v22.7 (Yoast SEO v22.7) - https:\/\/yoast.com\/wordpress\/plugins\/seo\/ -->\n<title>Klimaaktivisten bespr\u00fchen am BER Privatjets mit Farbe - just-now.NEWS Deutschland<\/title>\n<meta name=\"robots\" content=\"index, follow, max-snippet:-1, max-image-preview:large, max-video-preview:-1\" \/>\n<link rel=\"canonical\" href=\"https:\/\/now-news.de\/de\/deutschland\/klimaaktivisten-bespruehen-am-ber-privatjets-mit-farbe\/\" \/>\n<meta property=\"og:locale\" content=\"de_DE\" \/>\n<meta property=\"og:type\" content=\"article\" \/>\n<meta property=\"og:title\" content=\"Klimaaktivisten bespr\u00fchen am BER Privatjets mit Farbe\" \/>\n<meta property=\"og:description\" content=\"Klimaaktivisten drangen am Freitag auf den Flughafen BER ein und beschmierten Privatjets mit Farbe. Das ganze \u00fcbertrugen sie per Livestream auf Twitter. Die Aktion sei ein &#8220;Warnsignal gegen Klimazerst\u00f6rung&#8221;, hie\u00df es vonseiten der Aktivisten. Klimaaktivisten bespr\u00fchten am Freitag Privatjets am Berliner Flughafen BER mit Farbe. Die Aktivisten wollten mit der Aktion ein &#8220;leuchtendes Warnsignal gegen [&hellip;]\" \/>\n<meta property=\"og:url\" content=\"https:\/\/now-news.de\/de\/deutschland\/klimaaktivisten-bespruehen-am-ber-privatjets-mit-farbe\/\" \/>\n<meta property=\"og:site_name\" content=\"just-now.NEWS Deutschland\" \/>\n<meta property=\"article:publisher\" content=\"https:\/\/www.facebook.com\/wirmachenauf\" \/>\n<meta property=\"article:published_time\" content=\"2023-05-05T14:15:31+00:00\" \/>\n<meta property=\"og:image\" content=\"https:\/\/now-news.de\/de\/wp-content\/uploads\/sites\/3\/2023\/05\/Klimaaktivisten-bespruehen-am-BER-Privatjets-mit-Farbe.png\" \/>\n\t<meta property=\"og:image:width\" content=\"460\" \/>\n\t<meta property=\"og:image:height\" content=\"259\" \/>\n\t<meta property=\"og:image:type\" content=\"image\/png\" \/>\n<meta name=\"author\" content=\"rtnews\" \/>\n<meta name=\"twitter:card\" content=\"summary_large_image\" \/>\n<meta name=\"twitter:creator\" content=\"@WirMachenAuf_de\" \/>\n<meta name=\"twitter:site\" content=\"@WirMachenAuf_de\" \/>\n<meta name=\"twitter:label1\" content=\"Verfasst von\" \/>\n\t<meta name=\"twitter:data1\" content=\"rtnews\" \/>\n\t<meta name=\"twitter:label2\" content=\"Gesch\u00e4tzte Lesezeit\" \/>\n\t<meta name=\"twitter:data2\" content=\"2\u00a0Minuten\" \/>\n<script type=\"application\/ld+json\" class=\"yoast-schema-graph\">{\"@context\":\"https:\/\/schema.org\",\"@graph\":[{\"@type\":\"Article\",\"@id\":\"https:\/\/now-news.de\/de\/deutschland\/klimaaktivisten-bespruehen-am-ber-privatjets-mit-farbe\/#article\",\"isPartOf\":{\"@id\":\"https:\/\/now-news.de\/de\/deutschland\/klimaaktivisten-bespruehen-am-ber-privatjets-mit-farbe\/\"},\"author\":{\"name\":\"rtnews\",\"@id\":\"https:\/\/now-news.de\/de\/#\/schema\/person\/fb534a4e865501d8b3285208df34a9b5\"},\"headline\":\"Klimaaktivisten bespr\u00fchen am BER Privatjets mit Farbe\",\"datePublished\":\"2023-05-05T14:15:31+00:00\",\"dateModified\":\"2023-05-05T14:15:31+00:00\",\"mainEntityOfPage\":{\"@id\":\"https:\/\/now-news.de\/de\/deutschland\/klimaaktivisten-bespruehen-am-ber-privatjets-mit-farbe\/\"},\"wordCount\":309,\"commentCount\":0,\"publisher\":{\"@id\":\"https:\/\/now-news.de\/de\/#organization\"},\"image\":{\"@id\":\"https:\/\/now-news.de\/de\/deutschland\/klimaaktivisten-bespruehen-am-ber-privatjets-mit-farbe\/#primaryimage\"},\"thumbnailUrl\":\"https:\/\/now-news.de\/de\/wp-content\/uploads\/sites\/3\/2023\/05\/Klimaaktivisten-bespruehen-am-BER-Privatjets-mit-Farbe.png\",\"keywords\":[\"BER\",\"bespr\u00fchen\",\"Farbe\",\"Klimaaktivisten\",\"mit\",\"Privatjets\"],\"articleSection\":[\"Deutschland\",\"Russland\"],\"inLanguage\":\"de\",\"potentialAction\":[{\"@type\":\"CommentAction\",\"name\":\"Comment\",\"target\":[\"https:\/\/now-news.de\/de\/deutschland\/klimaaktivisten-bespruehen-am-ber-privatjets-mit-farbe\/#respond\"]}]},{\"@type\":\"WebPage\",\"@id\":\"https:\/\/now-news.de\/de\/deutschland\/klimaaktivisten-bespruehen-am-ber-privatjets-mit-farbe\/\",\"url\":\"https:\/\/now-news.de\/de\/deutschland\/klimaaktivisten-bespruehen-am-ber-privatjets-mit-farbe\/\",\"name\":\"Klimaaktivisten bespr\u00fchen am BER Privatjets mit Farbe - just-now.NEWS Deutschland\",\"isPartOf\":{\"@id\":\"https:\/\/now-news.de\/de\/#website\"},\"primaryImageOfPage\":{\"@id\":\"https:\/\/now-news.de\/de\/deutschland\/klimaaktivisten-bespruehen-am-ber-privatjets-mit-farbe\/#primaryimage\"},\"image\":{\"@id\":\"https:\/\/now-news.de\/de\/deutschland\/klimaaktivisten-bespruehen-am-ber-privatjets-mit-farbe\/#primaryimage\"},\"thumbnailUrl\":\"https:\/\/now-news.de\/de\/wp-content\/uploads\/sites\/3\/2023\/05\/Klimaaktivisten-bespruehen-am-BER-Privatjets-mit-Farbe.png\",\"datePublished\":\"2023-05-05T14:15:31+00:00\",\"dateModified\":\"2023-05-05T14:15:31+00:00\",\"breadcrumb\":{\"@id\":\"https:\/\/now-news.de\/de\/deutschland\/klimaaktivisten-bespruehen-am-ber-privatjets-mit-farbe\/#breadcrumb\"},\"inLanguage\":\"de\",\"potentialAction\":[{\"@type\":\"ReadAction\",\"target\":[\"https:\/\/now-news.de\/de\/deutschland\/klimaaktivisten-bespruehen-am-ber-privatjets-mit-farbe\/\"]}]},{\"@type\":\"ImageObject\",\"inLanguage\":\"de\",\"@id\":\"https:\/\/now-news.de\/de\/deutschland\/klimaaktivisten-bespruehen-am-ber-privatjets-mit-farbe\/#primaryimage\",\"url\":\"https:\/\/now-news.de\/de\/wp-content\/uploads\/sites\/3\/2023\/05\/Klimaaktivisten-bespruehen-am-BER-Privatjets-mit-Farbe.png\",\"contentUrl\":\"https:\/\/now-news.de\/de\/wp-content\/uploads\/sites\/3\/2023\/05\/Klimaaktivisten-bespruehen-am-BER-Privatjets-mit-Farbe.png\",\"width\":460,\"height\":259,\"caption\":\"Klimaaktivisten bespr\u00fchen am BER Privatjets mit Farbe\"},{\"@type\":\"BreadcrumbList\",\"@id\":\"https:\/\/now-news.de\/de\/deutschland\/klimaaktivisten-bespruehen-am-ber-privatjets-mit-farbe\/#breadcrumb\",\"itemListElement\":[{\"@type\":\"ListItem\",\"position\":1,\"name\":\"Home\",\"item\":\"https:\/\/now-news.de\/de\/\"},{\"@type\":\"ListItem\",\"position\":2,\"name\":\"Klimaaktivisten bespr\u00fchen am BER Privatjets mit Farbe\"}]},{\"@type\":\"WebSite\",\"@id\":\"https:\/\/now-news.de\/de\/#website\",\"url\":\"https:\/\/now-news.de\/de\/\",\"name\":\"just-now.NEWS Deutschland\",\"description\":\"Das Portal f\u00fcr unzensierte Nachrichten aus der Welt\",\"publisher\":{\"@id\":\"https:\/\/now-news.de\/de\/#organization\"},\"potentialAction\":[{\"@type\":\"SearchAction\",\"target\":{\"@type\":\"EntryPoint\",\"urlTemplate\":\"https:\/\/now-news.de\/de\/?s={search_term_string}\"},\"query-input\":\"required name=search_term_string\"}],\"inLanguage\":\"de\"},{\"@type\":\"Organization\",\"@id\":\"https:\/\/now-news.de\/de\/#organization\",\"name\":\"Just Now News\",\"url\":\"https:\/\/now-news.de\/de\/\",\"logo\":{\"@type\":\"ImageObject\",\"inLanguage\":\"de\",\"@id\":\"https:\/\/now-news.de\/de\/#\/schema\/logo\/image\/\",\"url\":\"http:\/\/just-now.news\/de\/wp-content\/uploads\/sites\/3\/2022\/04\/logo500x500.jpg\",\"contentUrl\":\"http:\/\/just-now.news\/de\/wp-content\/uploads\/sites\/3\/2022\/04\/logo500x500.jpg\",\"width\":500,\"height\":500,\"caption\":\"Just Now News\"},\"image\":{\"@id\":\"https:\/\/now-news.de\/de\/#\/schema\/logo\/image\/\"},\"sameAs\":[\"https:\/\/www.facebook.com\/wirmachenauf\",\"https:\/\/x.com\/WirMachenAuf_de\"]},{\"@type\":\"Person\",\"@id\":\"https:\/\/now-news.de\/de\/#\/schema\/person\/fb534a4e865501d8b3285208df34a9b5\",\"name\":\"rtnews\",\"image\":{\"@type\":\"ImageObject\",\"inLanguage\":\"de\",\"@id\":\"https:\/\/now-news.de\/de\/#\/schema\/person\/image\/\",\"url\":\"https:\/\/secure.gravatar.com\/avatar\/82aafea7d8127119dd649515f56e2117?s=96&d=mm&r=g\",\"contentUrl\":\"https:\/\/secure.gravatar.com\/avatar\/82aafea7d8127119dd649515f56e2117?s=96&d=mm&r=g\",\"caption\":\"rtnews\"},\"url\":\"https:\/\/now-news.de\/de\/author\/rnews\/\"}]}<\/script>\n<!-- \/ Yoast SEO Premium plugin. -->","yoast_head_json":{"title":"Klimaaktivisten bespr\u00fchen am BER Privatjets mit Farbe - just-now.NEWS Deutschland","robots":{"index":"index","follow":"follow","max-snippet":"max-snippet:-1","max-image-preview":"max-image-preview:large","max-video-preview":"max-video-preview:-1"},"canonical":"https:\/\/now-news.de\/de\/deutschland\/klimaaktivisten-bespruehen-am-ber-privatjets-mit-farbe\/","og_locale":"de_DE","og_type":"article","og_title":"Klimaaktivisten bespr\u00fchen am BER Privatjets mit Farbe","og_description":"Klimaaktivisten drangen am Freitag auf den Flughafen BER ein und beschmierten Privatjets mit Farbe. Das ganze \u00fcbertrugen sie per Livestream auf Twitter. Die Aktion sei ein &#8220;Warnsignal gegen Klimazerst\u00f6rung&#8221;, hie\u00df es vonseiten der Aktivisten. Klimaaktivisten bespr\u00fchten am Freitag Privatjets am Berliner Flughafen BER mit Farbe. Die Aktivisten wollten mit der Aktion ein &#8220;leuchtendes Warnsignal gegen [&hellip;]","og_url":"https:\/\/now-news.de\/de\/deutschland\/klimaaktivisten-bespruehen-am-ber-privatjets-mit-farbe\/","og_site_name":"just-now.NEWS Deutschland","article_publisher":"https:\/\/www.facebook.com\/wirmachenauf","article_published_time":"2023-05-05T14:15:31+00:00","og_image":[{"width":460,"height":259,"url":"https:\/\/now-news.de\/de\/wp-content\/uploads\/sites\/3\/2023\/05\/Klimaaktivisten-bespruehen-am-BER-Privatjets-mit-Farbe.png","type":"image\/png"}],"author":"rtnews","twitter_card":"summary_large_image","twitter_creator":"@WirMachenAuf_de","twitter_site":"@WirMachenAuf_de","twitter_misc":{"Verfasst von":"rtnews","Gesch\u00e4tzte Lesezeit":"2\u00a0Minuten"},"schema":{"@context":"https:\/\/schema.org","@graph":[{"@type":"Article","@id":"https:\/\/now-news.de\/de\/deutschland\/klimaaktivisten-bespruehen-am-ber-privatjets-mit-farbe\/#article","isPartOf":{"@id":"https:\/\/now-news.de\/de\/deutschland\/klimaaktivisten-bespruehen-am-ber-privatjets-mit-farbe\/"},"author":{"name":"rtnews","@id":"https:\/\/now-news.de\/de\/#\/schema\/person\/fb534a4e865501d8b3285208df34a9b5"},"headline":"Klimaaktivisten bespr\u00fchen am BER Privatjets mit Farbe","datePublished":"2023-05-05T14:15:31+00:00","dateModified":"2023-05-05T14:15:31+00:00","mainEntityOfPage":{"@id":"https:\/\/now-news.de\/de\/deutschland\/klimaaktivisten-bespruehen-am-ber-privatjets-mit-farbe\/"},"wordCount":309,"commentCount":0,"publisher":{"@id":"https:\/\/now-news.de\/de\/#organization"},"image":{"@id":"https:\/\/now-news.de\/de\/deutschland\/klimaaktivisten-bespruehen-am-ber-privatjets-mit-farbe\/#primaryimage"},"thumbnailUrl":"https:\/\/now-news.de\/de\/wp-content\/uploads\/sites\/3\/2023\/05\/Klimaaktivisten-bespruehen-am-BER-Privatjets-mit-Farbe.png","keywords":["BER","bespr\u00fchen","Farbe","Klimaaktivisten","mit","Privatjets"],"articleSection":["Deutschland","Russland"],"inLanguage":"de","potentialAction":[{"@type":"CommentAction","name":"Comment","target":["https:\/\/now-news.de\/de\/deutschland\/klimaaktivisten-bespruehen-am-ber-privatjets-mit-farbe\/#respond"]}]},{"@type":"WebPage","@id":"https:\/\/now-news.de\/de\/deutschland\/klimaaktivisten-bespruehen-am-ber-privatjets-mit-farbe\/","url":"https:\/\/now-news.de\/de\/deutschland\/klimaaktivisten-bespruehen-am-ber-privatjets-mit-farbe\/","name":"Klimaaktivisten bespr\u00fchen am BER Privatjets mit Farbe - just-now.NEWS Deutschland","isPartOf":{"@id":"https:\/\/now-news.de\/de\/#website"},"primaryImageOfPage":{"@id":"https:\/\/now-news.de\/de\/deutschland\/klimaaktivisten-bespruehen-am-ber-privatjets-mit-farbe\/#primaryimage"},"image":{"@id":"https:\/\/now-news.de\/de\/deutschland\/klimaaktivisten-bespruehen-am-ber-privatjets-mit-farbe\/#primaryimage"},"thumbnailUrl":"https:\/\/now-news.de\/de\/wp-content\/uploads\/sites\/3\/2023\/05\/Klimaaktivisten-bespruehen-am-BER-Privatjets-mit-Farbe.png","datePublished":"2023-05-05T14:15:31+00:00","dateModified":"2023-05-05T14:15:31+00:00","breadcrumb":{"@id":"https:\/\/now-news.de\/de\/deutschland\/klimaaktivisten-bespruehen-am-ber-privatjets-mit-farbe\/#breadcrumb"},"inLanguage":"de","potentialAction":[{"@type":"ReadAction","target":["https:\/\/now-news.de\/de\/deutschland\/klimaaktivisten-bespruehen-am-ber-privatjets-mit-farbe\/"]}]},{"@type":"ImageObject","inLanguage":"de","@id":"https:\/\/now-news.de\/de\/deutschland\/klimaaktivisten-bespruehen-am-ber-privatjets-mit-farbe\/#primaryimage","url":"https:\/\/now-news.de\/de\/wp-content\/uploads\/sites\/3\/2023\/05\/Klimaaktivisten-bespruehen-am-BER-Privatjets-mit-Farbe.png","contentUrl":"https:\/\/now-news.de\/de\/wp-content\/uploads\/sites\/3\/2023\/05\/Klimaaktivisten-bespruehen-am-BER-Privatjets-mit-Farbe.png","width":460,"height":259,"caption":"Klimaaktivisten bespr\u00fchen am BER Privatjets mit Farbe"},{"@type":"BreadcrumbList","@id":"https:\/\/now-news.de\/de\/deutschland\/klimaaktivisten-bespruehen-am-ber-privatjets-mit-farbe\/#breadcrumb","itemListElement":[{"@type":"ListItem","position":1,"name":"Home","item":"https:\/\/now-news.de\/de\/"},{"@type":"ListItem","position":2,"name":"Klimaaktivisten bespr\u00fchen am BER Privatjets mit Farbe"}]},{"@type":"WebSite","@id":"https:\/\/now-news.de\/de\/#website","url":"https:\/\/now-news.de\/de\/","name":"just-now.NEWS Deutschland","description":"Das Portal f\u00fcr unzensierte Nachrichten aus der Welt","publisher":{"@id":"https:\/\/now-news.de\/de\/#organization"},"potentialAction":[{"@type":"SearchAction","target":{"@type":"EntryPoint","urlTemplate":"https:\/\/now-news.de\/de\/?s={search_term_string}"},"query-input":"required name=search_term_string"}],"inLanguage":"de"},{"@type":"Organization","@id":"https:\/\/now-news.de\/de\/#organization","name":"Just Now News","url":"https:\/\/now-news.de\/de\/","logo":{"@type":"ImageObject","inLanguage":"de","@id":"https:\/\/now-news.de\/de\/#\/schema\/logo\/image\/","url":"http:\/\/just-now.news\/de\/wp-content\/uploads\/sites\/3\/2022\/04\/logo500x500.jpg","contentUrl":"http:\/\/just-now.news\/de\/wp-content\/uploads\/sites\/3\/2022\/04\/logo500x500.jpg","width":500,"height":500,"caption":"Just Now News"},"image":{"@id":"https:\/\/now-news.de\/de\/#\/schema\/logo\/image\/"},"sameAs":["https:\/\/www.facebook.com\/wirmachenauf","https:\/\/x.com\/WirMachenAuf_de"]},{"@type":"Person","@id":"https:\/\/now-news.de\/de\/#\/schema\/person\/fb534a4e865501d8b3285208df34a9b5","name":"rtnews","image":{"@type":"ImageObject","inLanguage":"de","@id":"https:\/\/now-news.de\/de\/#\/schema\/person\/image\/","url":"https:\/\/secure.gravatar.com\/avatar\/82aafea7d8127119dd649515f56e2117?s=96&d=mm&r=g","contentUrl":"https:\/\/secure.gravatar.com\/avatar\/82aafea7d8127119dd649515f56e2117?s=96&d=mm&r=g","caption":"rtnews"},"url":"https:\/\/now-news.de\/de\/author\/rnews\/"}]}},"_links":{"self":[{"href":"https:\/\/now-news.de\/de\/wp-json\/wp\/v2\/posts\/35457"}],"collection":[{"href":"https:\/\/now-news.de\/de\/wp-json\/wp\/v2\/posts"}],"about":[{"href":"https:\/\/now-news.de\/de\/wp-json\/wp\/v2\/types\/post"}],"author":[{"embeddable":true,"href":"https:\/\/now-news.de\/de\/wp-json\/wp\/v2\/users\/3"}],"replies":[{"embeddable":true,"href":"https:\/\/now-news.de\/de\/wp-json\/wp\/v2\/comments?post=35457"}],"version-history":[{"count":0,"href":"https:\/\/now-news.de\/de\/wp-json\/wp\/v2\/posts\/35457\/revisions"}],"wp:featuredmedia":[{"embeddable":true,"href":"https:\/\/now-news.de\/de\/wp-json\/wp\/v2\/media\/35458"}],"wp:attachment":[{"href":"https:\/\/now-news.de\/de\/wp-json\/wp\/v2\/media?parent=35457"}],"wp:term":[{"taxonomy":"category","embeddable":true,"href":"https:\/\/now-news.de\/de\/wp-json\/wp\/v2\/categories?post=35457"},{"taxonomy":"post_tag","embeddable":true,"href":"https:\/\/now-news.de\/de\/wp-json\/wp\/v2\/tags?post=35457"}],"curies":[{"name":"wp","href":"https:\/\/api.w.org\/{rel}","templated":true}]}}