{"id":35447,"date":"2023-05-05T15:13:19","date_gmt":"2023-05-05T13:13:19","guid":{"rendered":"http:\/\/just-now.news\/de\/deutschland\/italienischer-aussenminister-sagt-frankreichreise-ab-und-fordert-entschuldigung\/"},"modified":"2023-05-05T15:13:19","modified_gmt":"2023-05-05T13:13:19","slug":"italienischer-aussenminister-sagt-frankreichreise-ab-und-fordert-entschuldigung","status":"publish","type":"post","link":"https:\/\/now-news.de\/de\/deutschland\/italienischer-aussenminister-sagt-frankreichreise-ab-und-fordert-entschuldigung\/","title":{"rendered":"Italienischer Au\u00dfenminister sagt Frankreichreise ab und fordert Entschuldigung"},"content":{"rendered":"<p><img decoding=\"async\" src=\"http:\/\/just-now.news\/de\/wp-content\/uploads\/sites\/3\/2023\/05\/6454f2feb480cc4bbc0b0b39.jpg\" \/><\/p>\n<div class=\"Text-root Text-type_1 \">\n                Wegen der Migrationspolitik geht es zwischen Paris und Rom zurzeit hoch her. Nach \u00c4u\u00dferungen des franz\u00f6sischen Innenministers zum Vorgehen Italiens sagte der italienische Au\u00dfenminister ein Treffen in Paris ab und fordert eine Entschuldigung.\n            <\/div>\n<p><\/p>\n<div class=\"Text-root Text-type_5 ArticleView-text ViewText-root \">\n<p>Nach \u00c4u\u00dferungen des franz\u00f6sischen Innenministers G\u00e9rald Darmanin im Zusammenhang mit der Migrationspolitik Roms zeigte sich der italienische Au\u00dfenminister Antonio Tajani schwer ver\u00e4rgert.<\/p>\n<p>Tajani fordert eine Entschuldigung Darmanins. In einem Radiointerview hatte Darmanin am Donnerstag behauptet, Italiens Ministerpr\u00e4sidentin Giorgia Meloni sei &#8220;unf\u00e4hig, die Migrationsprobleme&#8221; ihres Landes zu l\u00f6sen. Zudem hatte er Parallelen zwischen Meloni und Marine Le Pen gezogen.<\/p>\n<p>Paris versuchte sp\u00e4ter, die Situation zu entsch\u00e4rfen. Das franz\u00f6sische Au\u00dfenministerium erkl\u00e4rte, das f\u00fcr gestern Abend geplante Treffen k\u00f6nne hoffentlich &#8220;bald&#8221; nachgeholt werden. Wegen Darmanins Worten hatte Tajani ein am Freitag geplantes Treffen mit seiner franz\u00f6sischen Amtskollegin Catherine Colonna abgesagt.<\/p>\n<p>In einem Interview mit der Mail\u00e4nder Tageszeitung <em>Corriere della Sera<\/em> unterstrich Tajani:<\/p>\n<blockquote>\n<p><em>&#8220;Die franz\u00f6sische Klarstellung war unzureichend, es gibt keine Entschuldigung. Der Innenminister hat unglaubliche Dinge gesagt, gegen die Regierung, gegen Premierministerin Meloni, sogar gegen Italien und die Italiener.&#8221;<\/em><\/p>\n<\/blockquote>\n<p>Er f\u00fcgte hinzu:<\/p>\n<blockquote>\n<p><em>&#8220;Dieser Angriff macht mich fassungslos, es ist ein Blitz aus heiterem Himmel, eine Flut von Beleidigungen.&#8221;<\/em><\/p>\n<\/blockquote>\n<p>Der italienische Au\u00dfenminister beklagte &#8220;eine grundlose und vulg\u00e4re Beleidigung eines befreundeten Landes, eines Verb\u00fcndeten&#8221;.<\/p>\n<p><strong>Mehr zum Thema<\/strong> \u2013 <a rel=\"nofollow noopener\" target=\"_blank\" href=\"https:\/\/freeassange.rtde.life\/kurzclips\/video\/168708-meloni-ruft-unternehmer-zum-wiederaufbau\/\">&#8220;Kultur der Abschaffung&#8221; ist die Kultur der Prolls<\/a><\/p>\n<div class=\"EmbedBlock-root EmbedBlock-externalVideo EmbedBlock-odysee\">\n<div class=\"VkEmbed\"><iframe class=\"lazyload\" data-src=\"https:\/\/odysee.com\/%24\/embed\/%40RTDE%3Ae%2Fneofaschistische-aktivisten-marschieren-in-mailand%3A0\" frameborder=\"0\" width=\"853\" height=\"480\" allowfullscreen><\/iframe><\/div>\n<\/div>\n<\/div>\n<p><br \/>\n<br \/><a href=\"https:\/\/de.rt.com\/europa\/169342-italienischer-aussenminister-sagt-frankreichreise-ab-und-fordert-entschuldigung\/\">Source link <\/a><\/p>\n","protected":false},"excerpt":{"rendered":"<p>Wegen der Migrationspolitik geht es zwischen Paris und Rom zurzeit hoch her. Nach \u00c4u\u00dferungen des franz\u00f6sischen Innenministers zum Vorgehen Italiens sagte der italienische Au\u00dfenminister ein Treffen in Paris ab und fordert eine Entschuldigung. Nach \u00c4u\u00dferungen des franz\u00f6sischen Innenministers G\u00e9rald Darmanin im Zusammenhang mit der Migrationspolitik Roms zeigte sich der italienische Au\u00dfenminister Antonio Tajani schwer ver\u00e4rgert. [&hellip;]<\/p>\n","protected":false},"author":3,"featured_media":35448,"comment_status":"open","ping_status":"open","sticky":false,"template":"","format":"standard","meta":{"_yoast_indexnow_last_ping":["1683292675"],"wp_automatic_camp":["217"],"3e468b1e8ceebd5a4bd693a54ac8309c":["Italienischer Au\u00dfenminister sagt Frankreichreise ab und fordert Entschuldigung"],"original_link":["https:\/\/de.rt.com\/europa\/169342-italienischer-aussenminister-sagt-frankreichreise-ab-und-fordert-entschuldigung\/"],"_thumbnail_id":["35448"],"jnews_social_counter_last_update":["1777568127"],"_wptgpro_p2tg_sent2tg":["a:1:{i:23737;s:19:\"2023-05-05 15:19:00\";}"]},"categories":[19,23],"tags":[13830,38903,355,43923,31606,3564,140],"yoast_head":"<!-- This site is optimized with the Yoast SEO Premium plugin v22.7 (Yoast SEO v22.7) - https:\/\/yoast.com\/wordpress\/plugins\/seo\/ -->\n<title>Italienischer Au\u00dfenminister sagt Frankreichreise ab und fordert Entschuldigung - just-now.NEWS Deutschland<\/title>\n<meta name=\"robots\" content=\"index, follow, max-snippet:-1, max-image-preview:large, max-video-preview:-1\" \/>\n<link rel=\"canonical\" href=\"https:\/\/now-news.de\/de\/deutschland\/italienischer-aussenminister-sagt-frankreichreise-ab-und-fordert-entschuldigung\/\" \/>\n<meta property=\"og:locale\" content=\"de_DE\" \/>\n<meta property=\"og:type\" content=\"article\" \/>\n<meta property=\"og:title\" content=\"Italienischer Au\u00dfenminister sagt Frankreichreise ab und fordert Entschuldigung\" \/>\n<meta property=\"og:description\" content=\"Wegen der Migrationspolitik geht es zwischen Paris und Rom zurzeit hoch her. Nach \u00c4u\u00dferungen des franz\u00f6sischen Innenministers zum Vorgehen Italiens sagte der italienische Au\u00dfenminister ein Treffen in Paris ab und fordert eine Entschuldigung. Nach \u00c4u\u00dferungen des franz\u00f6sischen Innenministers G\u00e9rald Darmanin im Zusammenhang mit der Migrationspolitik Roms zeigte sich der italienische Au\u00dfenminister Antonio Tajani schwer ver\u00e4rgert. [&hellip;]\" \/>\n<meta property=\"og:url\" content=\"https:\/\/now-news.de\/de\/deutschland\/italienischer-aussenminister-sagt-frankreichreise-ab-und-fordert-entschuldigung\/\" \/>\n<meta property=\"og:site_name\" content=\"just-now.NEWS Deutschland\" \/>\n<meta property=\"article:publisher\" content=\"https:\/\/www.facebook.com\/wirmachenauf\" \/>\n<meta property=\"article:published_time\" content=\"2023-05-05T13:13:19+00:00\" \/>\n<meta property=\"og:image\" content=\"https:\/\/now-news.de\/de\/wp-content\/uploads\/sites\/3\/2023\/05\/Italienischer-Aussenminister-sagt-Frankreichreise-ab-und-fordert-Entschuldigung.jpg\" \/>\n\t<meta property=\"og:image:width\" content=\"460\" \/>\n\t<meta property=\"og:image:height\" content=\"259\" \/>\n\t<meta property=\"og:image:type\" content=\"image\/jpeg\" \/>\n<meta name=\"author\" content=\"rtnews\" \/>\n<meta name=\"twitter:card\" content=\"summary_large_image\" \/>\n<meta name=\"twitter:creator\" content=\"@WirMachenAuf_de\" \/>\n<meta name=\"twitter:site\" content=\"@WirMachenAuf_de\" \/>\n<meta name=\"twitter:label1\" content=\"Verfasst von\" \/>\n\t<meta name=\"twitter:data1\" content=\"rtnews\" \/>\n\t<meta name=\"twitter:label2\" content=\"Gesch\u00e4tzte Lesezeit\" \/>\n\t<meta name=\"twitter:data2\" content=\"1\u00a0Minute\" \/>\n<script type=\"application\/ld+json\" class=\"yoast-schema-graph\">{\"@context\":\"https:\/\/schema.org\",\"@graph\":[{\"@type\":\"Article\",\"@id\":\"https:\/\/now-news.de\/de\/deutschland\/italienischer-aussenminister-sagt-frankreichreise-ab-und-fordert-entschuldigung\/#article\",\"isPartOf\":{\"@id\":\"https:\/\/now-news.de\/de\/deutschland\/italienischer-aussenminister-sagt-frankreichreise-ab-und-fordert-entschuldigung\/\"},\"author\":{\"name\":\"rtnews\",\"@id\":\"https:\/\/now-news.de\/de\/#\/schema\/person\/fb534a4e865501d8b3285208df34a9b5\"},\"headline\":\"Italienischer Au\u00dfenminister sagt Frankreichreise ab und fordert Entschuldigung\",\"datePublished\":\"2023-05-05T13:13:19+00:00\",\"dateModified\":\"2023-05-05T13:13:19+00:00\",\"mainEntityOfPage\":{\"@id\":\"https:\/\/now-news.de\/de\/deutschland\/italienischer-aussenminister-sagt-frankreichreise-ab-und-fordert-entschuldigung\/\"},\"wordCount\":250,\"commentCount\":0,\"publisher\":{\"@id\":\"https:\/\/now-news.de\/de\/#organization\"},\"image\":{\"@id\":\"https:\/\/now-news.de\/de\/deutschland\/italienischer-aussenminister-sagt-frankreichreise-ab-und-fordert-entschuldigung\/#primaryimage\"},\"thumbnailUrl\":\"https:\/\/now-news.de\/de\/wp-content\/uploads\/sites\/3\/2023\/05\/Italienischer-Aussenminister-sagt-Frankreichreise-ab-und-fordert-Entschuldigung.jpg\",\"keywords\":[\"Au\u00dfenminister\",\"Entschuldigung\",\"fordert\",\"Frankreichreise\",\"italienischer\",\"sagt\",\"und\"],\"articleSection\":[\"Deutschland\",\"Russland\"],\"inLanguage\":\"de\",\"potentialAction\":[{\"@type\":\"CommentAction\",\"name\":\"Comment\",\"target\":[\"https:\/\/now-news.de\/de\/deutschland\/italienischer-aussenminister-sagt-frankreichreise-ab-und-fordert-entschuldigung\/#respond\"]}]},{\"@type\":\"WebPage\",\"@id\":\"https:\/\/now-news.de\/de\/deutschland\/italienischer-aussenminister-sagt-frankreichreise-ab-und-fordert-entschuldigung\/\",\"url\":\"https:\/\/now-news.de\/de\/deutschland\/italienischer-aussenminister-sagt-frankreichreise-ab-und-fordert-entschuldigung\/\",\"name\":\"Italienischer Au\u00dfenminister sagt Frankreichreise ab und fordert Entschuldigung - just-now.NEWS Deutschland\",\"isPartOf\":{\"@id\":\"https:\/\/now-news.de\/de\/#website\"},\"primaryImageOfPage\":{\"@id\":\"https:\/\/now-news.de\/de\/deutschland\/italienischer-aussenminister-sagt-frankreichreise-ab-und-fordert-entschuldigung\/#primaryimage\"},\"image\":{\"@id\":\"https:\/\/now-news.de\/de\/deutschland\/italienischer-aussenminister-sagt-frankreichreise-ab-und-fordert-entschuldigung\/#primaryimage\"},\"thumbnailUrl\":\"https:\/\/now-news.de\/de\/wp-content\/uploads\/sites\/3\/2023\/05\/Italienischer-Aussenminister-sagt-Frankreichreise-ab-und-fordert-Entschuldigung.jpg\",\"datePublished\":\"2023-05-05T13:13:19+00:00\",\"dateModified\":\"2023-05-05T13:13:19+00:00\",\"breadcrumb\":{\"@id\":\"https:\/\/now-news.de\/de\/deutschland\/italienischer-aussenminister-sagt-frankreichreise-ab-und-fordert-entschuldigung\/#breadcrumb\"},\"inLanguage\":\"de\",\"potentialAction\":[{\"@type\":\"ReadAction\",\"target\":[\"https:\/\/now-news.de\/de\/deutschland\/italienischer-aussenminister-sagt-frankreichreise-ab-und-fordert-entschuldigung\/\"]}]},{\"@type\":\"ImageObject\",\"inLanguage\":\"de\",\"@id\":\"https:\/\/now-news.de\/de\/deutschland\/italienischer-aussenminister-sagt-frankreichreise-ab-und-fordert-entschuldigung\/#primaryimage\",\"url\":\"https:\/\/now-news.de\/de\/wp-content\/uploads\/sites\/3\/2023\/05\/Italienischer-Aussenminister-sagt-Frankreichreise-ab-und-fordert-Entschuldigung.jpg\",\"contentUrl\":\"https:\/\/now-news.de\/de\/wp-content\/uploads\/sites\/3\/2023\/05\/Italienischer-Aussenminister-sagt-Frankreichreise-ab-und-fordert-Entschuldigung.jpg\",\"width\":460,\"height\":259,\"caption\":\"Italienischer Au\u00dfenminister sagt Frankreichreise ab und fordert Entschuldigung\"},{\"@type\":\"BreadcrumbList\",\"@id\":\"https:\/\/now-news.de\/de\/deutschland\/italienischer-aussenminister-sagt-frankreichreise-ab-und-fordert-entschuldigung\/#breadcrumb\",\"itemListElement\":[{\"@type\":\"ListItem\",\"position\":1,\"name\":\"Home\",\"item\":\"https:\/\/now-news.de\/de\/\"},{\"@type\":\"ListItem\",\"position\":2,\"name\":\"Italienischer Au\u00dfenminister sagt Frankreichreise ab und fordert Entschuldigung\"}]},{\"@type\":\"WebSite\",\"@id\":\"https:\/\/now-news.de\/de\/#website\",\"url\":\"https:\/\/now-news.de\/de\/\",\"name\":\"just-now.NEWS Deutschland\",\"description\":\"Das Portal f\u00fcr unzensierte Nachrichten aus der Welt\",\"publisher\":{\"@id\":\"https:\/\/now-news.de\/de\/#organization\"},\"potentialAction\":[{\"@type\":\"SearchAction\",\"target\":{\"@type\":\"EntryPoint\",\"urlTemplate\":\"https:\/\/now-news.de\/de\/?s={search_term_string}\"},\"query-input\":\"required name=search_term_string\"}],\"inLanguage\":\"de\"},{\"@type\":\"Organization\",\"@id\":\"https:\/\/now-news.de\/de\/#organization\",\"name\":\"Just Now News\",\"url\":\"https:\/\/now-news.de\/de\/\",\"logo\":{\"@type\":\"ImageObject\",\"inLanguage\":\"de\",\"@id\":\"https:\/\/now-news.de\/de\/#\/schema\/logo\/image\/\",\"url\":\"http:\/\/just-now.news\/de\/wp-content\/uploads\/sites\/3\/2022\/04\/logo500x500.jpg\",\"contentUrl\":\"http:\/\/just-now.news\/de\/wp-content\/uploads\/sites\/3\/2022\/04\/logo500x500.jpg\",\"width\":500,\"height\":500,\"caption\":\"Just Now News\"},\"image\":{\"@id\":\"https:\/\/now-news.de\/de\/#\/schema\/logo\/image\/\"},\"sameAs\":[\"https:\/\/www.facebook.com\/wirmachenauf\",\"https:\/\/x.com\/WirMachenAuf_de\"]},{\"@type\":\"Person\",\"@id\":\"https:\/\/now-news.de\/de\/#\/schema\/person\/fb534a4e865501d8b3285208df34a9b5\",\"name\":\"rtnews\",\"image\":{\"@type\":\"ImageObject\",\"inLanguage\":\"de\",\"@id\":\"https:\/\/now-news.de\/de\/#\/schema\/person\/image\/\",\"url\":\"https:\/\/secure.gravatar.com\/avatar\/82aafea7d8127119dd649515f56e2117?s=96&d=mm&r=g\",\"contentUrl\":\"https:\/\/secure.gravatar.com\/avatar\/82aafea7d8127119dd649515f56e2117?s=96&d=mm&r=g\",\"caption\":\"rtnews\"},\"url\":\"https:\/\/now-news.de\/de\/author\/rnews\/\"}]}<\/script>\n<!-- \/ Yoast SEO Premium plugin. -->","yoast_head_json":{"title":"Italienischer Au\u00dfenminister sagt Frankreichreise ab und fordert Entschuldigung - just-now.NEWS Deutschland","robots":{"index":"index","follow":"follow","max-snippet":"max-snippet:-1","max-image-preview":"max-image-preview:large","max-video-preview":"max-video-preview:-1"},"canonical":"https:\/\/now-news.de\/de\/deutschland\/italienischer-aussenminister-sagt-frankreichreise-ab-und-fordert-entschuldigung\/","og_locale":"de_DE","og_type":"article","og_title":"Italienischer Au\u00dfenminister sagt Frankreichreise ab und fordert Entschuldigung","og_description":"Wegen der Migrationspolitik geht es zwischen Paris und Rom zurzeit hoch her. Nach \u00c4u\u00dferungen des franz\u00f6sischen Innenministers zum Vorgehen Italiens sagte der italienische Au\u00dfenminister ein Treffen in Paris ab und fordert eine Entschuldigung. Nach \u00c4u\u00dferungen des franz\u00f6sischen Innenministers G\u00e9rald Darmanin im Zusammenhang mit der Migrationspolitik Roms zeigte sich der italienische Au\u00dfenminister Antonio Tajani schwer ver\u00e4rgert. [&hellip;]","og_url":"https:\/\/now-news.de\/de\/deutschland\/italienischer-aussenminister-sagt-frankreichreise-ab-und-fordert-entschuldigung\/","og_site_name":"just-now.NEWS Deutschland","article_publisher":"https:\/\/www.facebook.com\/wirmachenauf","article_published_time":"2023-05-05T13:13:19+00:00","og_image":[{"width":460,"height":259,"url":"https:\/\/now-news.de\/de\/wp-content\/uploads\/sites\/3\/2023\/05\/Italienischer-Aussenminister-sagt-Frankreichreise-ab-und-fordert-Entschuldigung.jpg","type":"image\/jpeg"}],"author":"rtnews","twitter_card":"summary_large_image","twitter_creator":"@WirMachenAuf_de","twitter_site":"@WirMachenAuf_de","twitter_misc":{"Verfasst von":"rtnews","Gesch\u00e4tzte Lesezeit":"1\u00a0Minute"},"schema":{"@context":"https:\/\/schema.org","@graph":[{"@type":"Article","@id":"https:\/\/now-news.de\/de\/deutschland\/italienischer-aussenminister-sagt-frankreichreise-ab-und-fordert-entschuldigung\/#article","isPartOf":{"@id":"https:\/\/now-news.de\/de\/deutschland\/italienischer-aussenminister-sagt-frankreichreise-ab-und-fordert-entschuldigung\/"},"author":{"name":"rtnews","@id":"https:\/\/now-news.de\/de\/#\/schema\/person\/fb534a4e865501d8b3285208df34a9b5"},"headline":"Italienischer Au\u00dfenminister sagt Frankreichreise ab und fordert Entschuldigung","datePublished":"2023-05-05T13:13:19+00:00","dateModified":"2023-05-05T13:13:19+00:00","mainEntityOfPage":{"@id":"https:\/\/now-news.de\/de\/deutschland\/italienischer-aussenminister-sagt-frankreichreise-ab-und-fordert-entschuldigung\/"},"wordCount":250,"commentCount":0,"publisher":{"@id":"https:\/\/now-news.de\/de\/#organization"},"image":{"@id":"https:\/\/now-news.de\/de\/deutschland\/italienischer-aussenminister-sagt-frankreichreise-ab-und-fordert-entschuldigung\/#primaryimage"},"thumbnailUrl":"https:\/\/now-news.de\/de\/wp-content\/uploads\/sites\/3\/2023\/05\/Italienischer-Aussenminister-sagt-Frankreichreise-ab-und-fordert-Entschuldigung.jpg","keywords":["Au\u00dfenminister","Entschuldigung","fordert","Frankreichreise","italienischer","sagt","und"],"articleSection":["Deutschland","Russland"],"inLanguage":"de","potentialAction":[{"@type":"CommentAction","name":"Comment","target":["https:\/\/now-news.de\/de\/deutschland\/italienischer-aussenminister-sagt-frankreichreise-ab-und-fordert-entschuldigung\/#respond"]}]},{"@type":"WebPage","@id":"https:\/\/now-news.de\/de\/deutschland\/italienischer-aussenminister-sagt-frankreichreise-ab-und-fordert-entschuldigung\/","url":"https:\/\/now-news.de\/de\/deutschland\/italienischer-aussenminister-sagt-frankreichreise-ab-und-fordert-entschuldigung\/","name":"Italienischer Au\u00dfenminister sagt Frankreichreise ab und fordert Entschuldigung - just-now.NEWS Deutschland","isPartOf":{"@id":"https:\/\/now-news.de\/de\/#website"},"primaryImageOfPage":{"@id":"https:\/\/now-news.de\/de\/deutschland\/italienischer-aussenminister-sagt-frankreichreise-ab-und-fordert-entschuldigung\/#primaryimage"},"image":{"@id":"https:\/\/now-news.de\/de\/deutschland\/italienischer-aussenminister-sagt-frankreichreise-ab-und-fordert-entschuldigung\/#primaryimage"},"thumbnailUrl":"https:\/\/now-news.de\/de\/wp-content\/uploads\/sites\/3\/2023\/05\/Italienischer-Aussenminister-sagt-Frankreichreise-ab-und-fordert-Entschuldigung.jpg","datePublished":"2023-05-05T13:13:19+00:00","dateModified":"2023-05-05T13:13:19+00:00","breadcrumb":{"@id":"https:\/\/now-news.de\/de\/deutschland\/italienischer-aussenminister-sagt-frankreichreise-ab-und-fordert-entschuldigung\/#breadcrumb"},"inLanguage":"de","potentialAction":[{"@type":"ReadAction","target":["https:\/\/now-news.de\/de\/deutschland\/italienischer-aussenminister-sagt-frankreichreise-ab-und-fordert-entschuldigung\/"]}]},{"@type":"ImageObject","inLanguage":"de","@id":"https:\/\/now-news.de\/de\/deutschland\/italienischer-aussenminister-sagt-frankreichreise-ab-und-fordert-entschuldigung\/#primaryimage","url":"https:\/\/now-news.de\/de\/wp-content\/uploads\/sites\/3\/2023\/05\/Italienischer-Aussenminister-sagt-Frankreichreise-ab-und-fordert-Entschuldigung.jpg","contentUrl":"https:\/\/now-news.de\/de\/wp-content\/uploads\/sites\/3\/2023\/05\/Italienischer-Aussenminister-sagt-Frankreichreise-ab-und-fordert-Entschuldigung.jpg","width":460,"height":259,"caption":"Italienischer Au\u00dfenminister sagt Frankreichreise ab und fordert Entschuldigung"},{"@type":"BreadcrumbList","@id":"https:\/\/now-news.de\/de\/deutschland\/italienischer-aussenminister-sagt-frankreichreise-ab-und-fordert-entschuldigung\/#breadcrumb","itemListElement":[{"@type":"ListItem","position":1,"name":"Home","item":"https:\/\/now-news.de\/de\/"},{"@type":"ListItem","position":2,"name":"Italienischer Au\u00dfenminister sagt Frankreichreise ab und fordert Entschuldigung"}]},{"@type":"WebSite","@id":"https:\/\/now-news.de\/de\/#website","url":"https:\/\/now-news.de\/de\/","name":"just-now.NEWS Deutschland","description":"Das Portal f\u00fcr unzensierte Nachrichten aus der Welt","publisher":{"@id":"https:\/\/now-news.de\/de\/#organization"},"potentialAction":[{"@type":"SearchAction","target":{"@type":"EntryPoint","urlTemplate":"https:\/\/now-news.de\/de\/?s={search_term_string}"},"query-input":"required name=search_term_string"}],"inLanguage":"de"},{"@type":"Organization","@id":"https:\/\/now-news.de\/de\/#organization","name":"Just Now News","url":"https:\/\/now-news.de\/de\/","logo":{"@type":"ImageObject","inLanguage":"de","@id":"https:\/\/now-news.de\/de\/#\/schema\/logo\/image\/","url":"http:\/\/just-now.news\/de\/wp-content\/uploads\/sites\/3\/2022\/04\/logo500x500.jpg","contentUrl":"http:\/\/just-now.news\/de\/wp-content\/uploads\/sites\/3\/2022\/04\/logo500x500.jpg","width":500,"height":500,"caption":"Just Now News"},"image":{"@id":"https:\/\/now-news.de\/de\/#\/schema\/logo\/image\/"},"sameAs":["https:\/\/www.facebook.com\/wirmachenauf","https:\/\/x.com\/WirMachenAuf_de"]},{"@type":"Person","@id":"https:\/\/now-news.de\/de\/#\/schema\/person\/fb534a4e865501d8b3285208df34a9b5","name":"rtnews","image":{"@type":"ImageObject","inLanguage":"de","@id":"https:\/\/now-news.de\/de\/#\/schema\/person\/image\/","url":"https:\/\/secure.gravatar.com\/avatar\/82aafea7d8127119dd649515f56e2117?s=96&d=mm&r=g","contentUrl":"https:\/\/secure.gravatar.com\/avatar\/82aafea7d8127119dd649515f56e2117?s=96&d=mm&r=g","caption":"rtnews"},"url":"https:\/\/now-news.de\/de\/author\/rnews\/"}]}},"_links":{"self":[{"href":"https:\/\/now-news.de\/de\/wp-json\/wp\/v2\/posts\/35447"}],"collection":[{"href":"https:\/\/now-news.de\/de\/wp-json\/wp\/v2\/posts"}],"about":[{"href":"https:\/\/now-news.de\/de\/wp-json\/wp\/v2\/types\/post"}],"author":[{"embeddable":true,"href":"https:\/\/now-news.de\/de\/wp-json\/wp\/v2\/users\/3"}],"replies":[{"embeddable":true,"href":"https:\/\/now-news.de\/de\/wp-json\/wp\/v2\/comments?post=35447"}],"version-history":[{"count":0,"href":"https:\/\/now-news.de\/de\/wp-json\/wp\/v2\/posts\/35447\/revisions"}],"wp:featuredmedia":[{"embeddable":true,"href":"https:\/\/now-news.de\/de\/wp-json\/wp\/v2\/media\/35448"}],"wp:attachment":[{"href":"https:\/\/now-news.de\/de\/wp-json\/wp\/v2\/media?parent=35447"}],"wp:term":[{"taxonomy":"category","embeddable":true,"href":"https:\/\/now-news.de\/de\/wp-json\/wp\/v2\/categories?post=35447"},{"taxonomy":"post_tag","embeddable":true,"href":"https:\/\/now-news.de\/de\/wp-json\/wp\/v2\/tags?post=35447"}],"curies":[{"name":"wp","href":"https:\/\/api.w.org\/{rel}","templated":true}]}}