{"id":35432,"date":"2023-05-05T12:50:45","date_gmt":"2023-05-05T10:50:45","guid":{"rendered":"https:\/\/just-now.news\/de\/deutschland\/orban-zu-trump-komm-zurueck-herr-praesident-und-bring-uns-frieden\/"},"modified":"2023-05-05T12:50:45","modified_gmt":"2023-05-05T10:50:45","slug":"orban-zu-trump-komm-zurueck-herr-praesident-und-bring-uns-frieden","status":"publish","type":"post","link":"https:\/\/now-news.de\/de\/deutschland\/orban-zu-trump-komm-zurueck-herr-praesident-und-bring-uns-frieden\/","title":{"rendered":"Orb\u00e1n zu Trump: &quot;Komm zur\u00fcck, Herr Pr\u00e4sident, und bring uns Frieden&quot;"},"content":{"rendered":"<p><img decoding=\"async\" src=\"http:\/\/just-now.news\/de\/wp-content\/uploads\/sites\/3\/2023\/05\/6454bbc948fbef023259ee63.jpg\" \/><\/p>\n<div class=\"Text-root Text-type_1 \">\n                Wenn der ehemalige Pr\u00e4sident wieder im Amt w\u00e4re, g\u00e4be es &#8220;keinen Krieg in Europa&#8221;, sagte der ungarische Regierungschef auf einer konservativen Kundgebung. Trump hat angek\u00fcndigt, dass er 2024 eine zweite Amtszeit als US-Pr\u00e4sident anstreben wird.\n            <\/div>\n<p><\/p>\n<div class=\"Text-root Text-type_5 ArticleView-text ViewText-root \">\n<p>Der ungarische Ministerpr\u00e4sident Viktor Orb\u00e1n hat die Kandidatur des ehemaligen US-Pr\u00e4sidenten Donald Trump f\u00fcr die Wiederwahl unterst\u00fctzt und ihn aufgefordert, &#8220;zur\u00fcckzukommen&#8221; und den Konflikt in der Ukraine zu l\u00f6sen. Orb\u00e1n, der ein scharfer Kritiker des Globalismus und des Liberalismus ist, hat auch die beiden vorherigen Pr\u00e4sidentschaftskampagnen von Trump unterst\u00fctzt. So sagte Orb\u00e1n am Donnerstag in Budapest:<\/p>\n<blockquote>\n<p><em>&#8220;Ich bin mir sicher, wenn Pr\u00e4sident Trump heute Pr\u00e4sident w\u00e4re, g\u00e4be es den Krieg, der Europa und die Ukraine heimsucht, nicht. Komm zur\u00fcck, Herr Pr\u00e4sident, mach Amerika wieder gro\u00dfartig und bring uns Frieden.&#8221;<\/em><\/p>\n<\/blockquote>\n<p>Sowohl Trump als auch Orb\u00e1n haben US-Pr\u00e4sident Joe Biden wiederholt daf\u00fcr verurteilt, der Ukraine Waffen im Wert von mehreren Milliarden US-Dollar zu liefern. Beide argumentieren, dass dies den Konflikt zu einem &#8220;Dritte-Welt-Krieg&#8221; eskalieren lassen k\u00f6nnte.<\/p>\n<p>Trump hat mehrfach behauptet, dass er, falls er gew\u00e4hlt w\u00fcrde, &#8220;innerhalb von 24 Stunden ein Ende dieses schrecklichen Krieges aushandeln&#8221; w\u00fcrde. Orb\u00e1n sagte letztes Jahr, er glaube, dass der Konflikt nie ausgebrochen w\u00e4re, wenn Trump eine zweite Amtszeit im Jahr 2020 gewonnen h\u00e4tte.<\/p>\n<p>Orb\u00e1n hielt seine Rede auf der Conservative Political Action Conference (CPAC), einem ungarischen Ableger der j\u00e4hrlichen US-amerikanischen Rechtsau\u00dfenkonferenz. In seiner Rede ging Orb\u00e1n auf populistische Themen ein, die Trump regelm\u00e4\u00dfig anspricht, und prangerte die Transgender-Ideologie, die Masseneinwanderung und die von den USA unterst\u00fctzten &#8220;farbigen Revolutionen&#8221; im Nahen Osten und in der ehemaligen Sowjetunion an.<\/p>\n<p>Orb\u00e1n hat aus seiner Unterst\u00fctzung f\u00fcr Trump kein Geheimnis gemacht. Am Vorabend von Trumps Auftritt vor einem New Yorker Gericht, wo er sich wegen angeblicher Verst\u00f6\u00dfe gegen die Gesetze zur Wahlkampffinanzierung verantworten musste, forderte Orb\u00e1n den umk\u00e4mpften Republikaner auf Twitter auf, &#8220;weiterzuk\u00e4mpfen&#8221; und f\u00fcgte hinzu: &#8220;Wir sind bei dir&#8221;. Jahre zuvor war der ungarische Premierminister der erste ausl\u00e4ndische Staatschef, der Trumps erfolgreichen Wahlkampf 2016 unterst\u00fctzte, sowie auch Trumps Wiederwahlkandidatur im Jahr 2020.<\/p>\n<p>Orb\u00e1n, der seit 2010 im Amt ist, hat sich mit vielen prominenten Vertretern der US-amerikanischen Rechten zusammengetan. Vergangenes Jahr sprach er auf der CPAC in Texas und empfing unter anderem den ehemaligen\u00a0<em>Fox News<\/em>\u00a0Moderator Tucker Carlson in Budapest.<\/p>\n<p>Orb\u00e1n sieht seinen Kampf \u2013 gegen die liberale B\u00fcrokratie in Br\u00fcssel \u2013 als Analogie zu Trumps Kampagne gegen die, die er als &#8220;America Last Globalists&#8221; in Washington bezeichnet. &#8220;Die beiden wichtigsten Heiligt\u00fcmer der modernen Demokratie, Washington und Br\u00fcssel, sind immer noch in liberaler Hand&#8221;, sagte Orb\u00e1n am Donnerstag. &#8220;Lasst uns daf\u00fcr sorgen, dass sich das \u00e4ndert.&#8221;<\/p>\n<p><strong>Mehr zum Thema<\/strong> &#8211;\u00a0<a rel=\"nofollow noopener\" target=\"_blank\" href=\"https:\/\/test.rtde.tech\/international\/131481-liveticker-ukraine-krieg\/\">Liveticker Ukraine-Krieg: Ukrainische Luftverteidigung schie\u00dft \u00fcber Kiew eigene Drohne ab<\/a><\/p>\n<div class=\"EmbedBlock-root EmbedBlock-externalVideo EmbedBlock-vk\">\n<div class=\"VkEmbed\"><iframe class=\"lazyload\" data-src=\"https:\/\/vk.com\/video_ext.php?oid=-134310637&amp;id=456266540&amp;hash=4ba08fce89103281\" frameborder=\"0\" width=\"853\" height=\"480\" allowfullscreen><\/iframe><\/div>\n<\/div>\n<\/div>\n<p><br \/>\n<br \/><a href=\"https:\/\/de.rt.com\/international\/169313-orban-unterstuetzt-trump-als-kandidat\/\">Source link <\/a><\/p>\n","protected":false},"excerpt":{"rendered":"<p>Wenn der ehemalige Pr\u00e4sident wieder im Amt w\u00e4re, g\u00e4be es &#8220;keinen Krieg in Europa&#8221;, sagte der ungarische Regierungschef auf einer konservativen Kundgebung. Trump hat angek\u00fcndigt, dass er 2024 eine zweite Amtszeit als US-Pr\u00e4sident anstreben wird. Der ungarische Ministerpr\u00e4sident Viktor Orb\u00e1n hat die Kandidatur des ehemaligen US-Pr\u00e4sidenten Donald Trump f\u00fcr die Wiederwahl unterst\u00fctzt und ihn aufgefordert, [&hellip;]<\/p>\n","protected":false},"author":3,"featured_media":35433,"comment_status":"open","ping_status":"open","sticky":false,"template":"","format":"standard","meta":{"_yoast_indexnow_last_ping":["1683284038"],"wp_automatic_camp":["217"],"63351fd13b179f0d843dde72634951c2":["Orb\u00e1n zu Trump: &quot;Komm zur\u00fcck, Herr Pr\u00e4sident, und bring uns Frieden&quot;"],"original_link":["https:\/\/de.rt.com\/international\/169313-orban-unterstuetzt-trump-als-kandidat\/"],"_thumbnail_id":["35433"],"_wptgpro_p2tg_sent2tg":["a:1:{i:23737;s:19:\"2023-05-05 12:55:00\";}"],"jnews_social_counter_last_update":["1777272108"]},"categories":[19,23],"tags":[10289,23584,35488,6397,3464,43912,1639,140,311,3337],"yoast_head":"<!-- This site is optimized with the Yoast SEO Premium plugin v22.7 (Yoast SEO v22.7) - https:\/\/yoast.com\/wordpress\/plugins\/seo\/ -->\n<title>Orb\u00e1n zu Trump: &quot;Komm zur\u00fcck, Herr Pr\u00e4sident, und bring uns Frieden&quot; - just-now.NEWS Deutschland<\/title>\n<meta name=\"robots\" content=\"index, follow, max-snippet:-1, max-image-preview:large, max-video-preview:-1\" \/>\n<link rel=\"canonical\" href=\"https:\/\/now-news.de\/de\/deutschland\/orban-zu-trump-komm-zurueck-herr-praesident-und-bring-uns-frieden\/\" \/>\n<meta property=\"og:locale\" content=\"de_DE\" \/>\n<meta property=\"og:type\" content=\"article\" \/>\n<meta property=\"og:title\" content=\"Orb\u00e1n zu Trump: &quot;Komm zur\u00fcck, Herr Pr\u00e4sident, und bring uns Frieden&quot;\" \/>\n<meta property=\"og:description\" content=\"Wenn der ehemalige Pr\u00e4sident wieder im Amt w\u00e4re, g\u00e4be es &#8220;keinen Krieg in Europa&#8221;, sagte der ungarische Regierungschef auf einer konservativen Kundgebung. Trump hat angek\u00fcndigt, dass er 2024 eine zweite Amtszeit als US-Pr\u00e4sident anstreben wird. Der ungarische Ministerpr\u00e4sident Viktor Orb\u00e1n hat die Kandidatur des ehemaligen US-Pr\u00e4sidenten Donald Trump f\u00fcr die Wiederwahl unterst\u00fctzt und ihn aufgefordert, [&hellip;]\" \/>\n<meta property=\"og:url\" content=\"https:\/\/now-news.de\/de\/deutschland\/orban-zu-trump-komm-zurueck-herr-praesident-und-bring-uns-frieden\/\" \/>\n<meta property=\"og:site_name\" content=\"just-now.NEWS Deutschland\" \/>\n<meta property=\"article:publisher\" content=\"https:\/\/www.facebook.com\/wirmachenauf\" \/>\n<meta property=\"article:published_time\" content=\"2023-05-05T10:50:45+00:00\" \/>\n<meta property=\"og:image\" content=\"https:\/\/now-news.de\/de\/wp-content\/uploads\/sites\/3\/2023\/05\/Orban-zu-Trump-quotKomm-zurueck-Herr-Praesident-und-bring-uns.jpg\" \/>\n\t<meta property=\"og:image:width\" content=\"460\" \/>\n\t<meta property=\"og:image:height\" content=\"259\" \/>\n\t<meta property=\"og:image:type\" content=\"image\/jpeg\" \/>\n<meta name=\"author\" content=\"rtnews\" \/>\n<meta name=\"twitter:card\" content=\"summary_large_image\" \/>\n<meta name=\"twitter:creator\" content=\"@WirMachenAuf_de\" \/>\n<meta name=\"twitter:site\" content=\"@WirMachenAuf_de\" \/>\n<meta name=\"twitter:label1\" content=\"Verfasst von\" \/>\n\t<meta name=\"twitter:data1\" content=\"rtnews\" \/>\n\t<meta name=\"twitter:label2\" content=\"Gesch\u00e4tzte Lesezeit\" \/>\n\t<meta name=\"twitter:data2\" content=\"2\u00a0Minuten\" \/>\n<script type=\"application\/ld+json\" class=\"yoast-schema-graph\">{\"@context\":\"https:\/\/schema.org\",\"@graph\":[{\"@type\":\"Article\",\"@id\":\"https:\/\/now-news.de\/de\/deutschland\/orban-zu-trump-komm-zurueck-herr-praesident-und-bring-uns-frieden\/#article\",\"isPartOf\":{\"@id\":\"https:\/\/now-news.de\/de\/deutschland\/orban-zu-trump-komm-zurueck-herr-praesident-und-bring-uns-frieden\/\"},\"author\":{\"name\":\"rtnews\",\"@id\":\"https:\/\/now-news.de\/de\/#\/schema\/person\/fb534a4e865501d8b3285208df34a9b5\"},\"headline\":\"Orb\u00e1n zu Trump: &quot;Komm zur\u00fcck, Herr Pr\u00e4sident, und bring uns Frieden&quot;\",\"datePublished\":\"2023-05-05T10:50:45+00:00\",\"dateModified\":\"2023-05-05T10:50:45+00:00\",\"mainEntityOfPage\":{\"@id\":\"https:\/\/now-news.de\/de\/deutschland\/orban-zu-trump-komm-zurueck-herr-praesident-und-bring-uns-frieden\/\"},\"wordCount\":506,\"commentCount\":0,\"publisher\":{\"@id\":\"https:\/\/now-news.de\/de\/#organization\"},\"image\":{\"@id\":\"https:\/\/now-news.de\/de\/deutschland\/orban-zu-trump-komm-zurueck-herr-praesident-und-bring-uns-frieden\/#primaryimage\"},\"thumbnailUrl\":\"https:\/\/now-news.de\/de\/wp-content\/uploads\/sites\/3\/2023\/05\/Orban-zu-Trump-quotKomm-zurueck-Herr-Praesident-und-bring-uns.jpg\",\"keywords\":[\"Bring\",\"Friedenquot\",\"Herr\",\"Orb\u00e1n\",\"Pr\u00e4sident\",\"quotKomm\",\"trump\",\"und\",\"uns\",\"zur\u00fcck\"],\"articleSection\":[\"Deutschland\",\"Russland\"],\"inLanguage\":\"de\",\"potentialAction\":[{\"@type\":\"CommentAction\",\"name\":\"Comment\",\"target\":[\"https:\/\/now-news.de\/de\/deutschland\/orban-zu-trump-komm-zurueck-herr-praesident-und-bring-uns-frieden\/#respond\"]}]},{\"@type\":\"WebPage\",\"@id\":\"https:\/\/now-news.de\/de\/deutschland\/orban-zu-trump-komm-zurueck-herr-praesident-und-bring-uns-frieden\/\",\"url\":\"https:\/\/now-news.de\/de\/deutschland\/orban-zu-trump-komm-zurueck-herr-praesident-und-bring-uns-frieden\/\",\"name\":\"Orb\u00e1n zu Trump: &quot;Komm zur\u00fcck, Herr Pr\u00e4sident, und bring uns Frieden&quot; - just-now.NEWS Deutschland\",\"isPartOf\":{\"@id\":\"https:\/\/now-news.de\/de\/#website\"},\"primaryImageOfPage\":{\"@id\":\"https:\/\/now-news.de\/de\/deutschland\/orban-zu-trump-komm-zurueck-herr-praesident-und-bring-uns-frieden\/#primaryimage\"},\"image\":{\"@id\":\"https:\/\/now-news.de\/de\/deutschland\/orban-zu-trump-komm-zurueck-herr-praesident-und-bring-uns-frieden\/#primaryimage\"},\"thumbnailUrl\":\"https:\/\/now-news.de\/de\/wp-content\/uploads\/sites\/3\/2023\/05\/Orban-zu-Trump-quotKomm-zurueck-Herr-Praesident-und-bring-uns.jpg\",\"datePublished\":\"2023-05-05T10:50:45+00:00\",\"dateModified\":\"2023-05-05T10:50:45+00:00\",\"breadcrumb\":{\"@id\":\"https:\/\/now-news.de\/de\/deutschland\/orban-zu-trump-komm-zurueck-herr-praesident-und-bring-uns-frieden\/#breadcrumb\"},\"inLanguage\":\"de\",\"potentialAction\":[{\"@type\":\"ReadAction\",\"target\":[\"https:\/\/now-news.de\/de\/deutschland\/orban-zu-trump-komm-zurueck-herr-praesident-und-bring-uns-frieden\/\"]}]},{\"@type\":\"ImageObject\",\"inLanguage\":\"de\",\"@id\":\"https:\/\/now-news.de\/de\/deutschland\/orban-zu-trump-komm-zurueck-herr-praesident-und-bring-uns-frieden\/#primaryimage\",\"url\":\"https:\/\/now-news.de\/de\/wp-content\/uploads\/sites\/3\/2023\/05\/Orban-zu-Trump-quotKomm-zurueck-Herr-Praesident-und-bring-uns.jpg\",\"contentUrl\":\"https:\/\/now-news.de\/de\/wp-content\/uploads\/sites\/3\/2023\/05\/Orban-zu-Trump-quotKomm-zurueck-Herr-Praesident-und-bring-uns.jpg\",\"width\":460,\"height\":259,\"caption\":\"Orb\u00e1n zu Trump: &quot;Komm zur\u00fcck, Herr Pr\u00e4sident, und bring uns Frieden&quot;\"},{\"@type\":\"BreadcrumbList\",\"@id\":\"https:\/\/now-news.de\/de\/deutschland\/orban-zu-trump-komm-zurueck-herr-praesident-und-bring-uns-frieden\/#breadcrumb\",\"itemListElement\":[{\"@type\":\"ListItem\",\"position\":1,\"name\":\"Home\",\"item\":\"https:\/\/now-news.de\/de\/\"},{\"@type\":\"ListItem\",\"position\":2,\"name\":\"Orb\u00e1n zu Trump: &quot;Komm zur\u00fcck, Herr Pr\u00e4sident, und bring uns Frieden&quot;\"}]},{\"@type\":\"WebSite\",\"@id\":\"https:\/\/now-news.de\/de\/#website\",\"url\":\"https:\/\/now-news.de\/de\/\",\"name\":\"just-now.NEWS Deutschland\",\"description\":\"Das Portal f\u00fcr unzensierte Nachrichten aus der Welt\",\"publisher\":{\"@id\":\"https:\/\/now-news.de\/de\/#organization\"},\"potentialAction\":[{\"@type\":\"SearchAction\",\"target\":{\"@type\":\"EntryPoint\",\"urlTemplate\":\"https:\/\/now-news.de\/de\/?s={search_term_string}\"},\"query-input\":\"required name=search_term_string\"}],\"inLanguage\":\"de\"},{\"@type\":\"Organization\",\"@id\":\"https:\/\/now-news.de\/de\/#organization\",\"name\":\"Just Now News\",\"url\":\"https:\/\/now-news.de\/de\/\",\"logo\":{\"@type\":\"ImageObject\",\"inLanguage\":\"de\",\"@id\":\"https:\/\/now-news.de\/de\/#\/schema\/logo\/image\/\",\"url\":\"http:\/\/just-now.news\/de\/wp-content\/uploads\/sites\/3\/2022\/04\/logo500x500.jpg\",\"contentUrl\":\"http:\/\/just-now.news\/de\/wp-content\/uploads\/sites\/3\/2022\/04\/logo500x500.jpg\",\"width\":500,\"height\":500,\"caption\":\"Just Now News\"},\"image\":{\"@id\":\"https:\/\/now-news.de\/de\/#\/schema\/logo\/image\/\"},\"sameAs\":[\"https:\/\/www.facebook.com\/wirmachenauf\",\"https:\/\/x.com\/WirMachenAuf_de\"]},{\"@type\":\"Person\",\"@id\":\"https:\/\/now-news.de\/de\/#\/schema\/person\/fb534a4e865501d8b3285208df34a9b5\",\"name\":\"rtnews\",\"image\":{\"@type\":\"ImageObject\",\"inLanguage\":\"de\",\"@id\":\"https:\/\/now-news.de\/de\/#\/schema\/person\/image\/\",\"url\":\"https:\/\/secure.gravatar.com\/avatar\/82aafea7d8127119dd649515f56e2117?s=96&d=mm&r=g\",\"contentUrl\":\"https:\/\/secure.gravatar.com\/avatar\/82aafea7d8127119dd649515f56e2117?s=96&d=mm&r=g\",\"caption\":\"rtnews\"},\"url\":\"https:\/\/now-news.de\/de\/author\/rnews\/\"}]}<\/script>\n<!-- \/ Yoast SEO Premium plugin. -->","yoast_head_json":{"title":"Orb\u00e1n zu Trump: &quot;Komm zur\u00fcck, Herr Pr\u00e4sident, und bring uns Frieden&quot; - just-now.NEWS Deutschland","robots":{"index":"index","follow":"follow","max-snippet":"max-snippet:-1","max-image-preview":"max-image-preview:large","max-video-preview":"max-video-preview:-1"},"canonical":"https:\/\/now-news.de\/de\/deutschland\/orban-zu-trump-komm-zurueck-herr-praesident-und-bring-uns-frieden\/","og_locale":"de_DE","og_type":"article","og_title":"Orb\u00e1n zu Trump: &quot;Komm zur\u00fcck, Herr Pr\u00e4sident, und bring uns Frieden&quot;","og_description":"Wenn der ehemalige Pr\u00e4sident wieder im Amt w\u00e4re, g\u00e4be es &#8220;keinen Krieg in Europa&#8221;, sagte der ungarische Regierungschef auf einer konservativen Kundgebung. Trump hat angek\u00fcndigt, dass er 2024 eine zweite Amtszeit als US-Pr\u00e4sident anstreben wird. Der ungarische Ministerpr\u00e4sident Viktor Orb\u00e1n hat die Kandidatur des ehemaligen US-Pr\u00e4sidenten Donald Trump f\u00fcr die Wiederwahl unterst\u00fctzt und ihn aufgefordert, [&hellip;]","og_url":"https:\/\/now-news.de\/de\/deutschland\/orban-zu-trump-komm-zurueck-herr-praesident-und-bring-uns-frieden\/","og_site_name":"just-now.NEWS Deutschland","article_publisher":"https:\/\/www.facebook.com\/wirmachenauf","article_published_time":"2023-05-05T10:50:45+00:00","og_image":[{"width":460,"height":259,"url":"https:\/\/now-news.de\/de\/wp-content\/uploads\/sites\/3\/2023\/05\/Orban-zu-Trump-quotKomm-zurueck-Herr-Praesident-und-bring-uns.jpg","type":"image\/jpeg"}],"author":"rtnews","twitter_card":"summary_large_image","twitter_creator":"@WirMachenAuf_de","twitter_site":"@WirMachenAuf_de","twitter_misc":{"Verfasst von":"rtnews","Gesch\u00e4tzte Lesezeit":"2\u00a0Minuten"},"schema":{"@context":"https:\/\/schema.org","@graph":[{"@type":"Article","@id":"https:\/\/now-news.de\/de\/deutschland\/orban-zu-trump-komm-zurueck-herr-praesident-und-bring-uns-frieden\/#article","isPartOf":{"@id":"https:\/\/now-news.de\/de\/deutschland\/orban-zu-trump-komm-zurueck-herr-praesident-und-bring-uns-frieden\/"},"author":{"name":"rtnews","@id":"https:\/\/now-news.de\/de\/#\/schema\/person\/fb534a4e865501d8b3285208df34a9b5"},"headline":"Orb\u00e1n zu Trump: &quot;Komm zur\u00fcck, Herr Pr\u00e4sident, und bring uns Frieden&quot;","datePublished":"2023-05-05T10:50:45+00:00","dateModified":"2023-05-05T10:50:45+00:00","mainEntityOfPage":{"@id":"https:\/\/now-news.de\/de\/deutschland\/orban-zu-trump-komm-zurueck-herr-praesident-und-bring-uns-frieden\/"},"wordCount":506,"commentCount":0,"publisher":{"@id":"https:\/\/now-news.de\/de\/#organization"},"image":{"@id":"https:\/\/now-news.de\/de\/deutschland\/orban-zu-trump-komm-zurueck-herr-praesident-und-bring-uns-frieden\/#primaryimage"},"thumbnailUrl":"https:\/\/now-news.de\/de\/wp-content\/uploads\/sites\/3\/2023\/05\/Orban-zu-Trump-quotKomm-zurueck-Herr-Praesident-und-bring-uns.jpg","keywords":["Bring","Friedenquot","Herr","Orb\u00e1n","Pr\u00e4sident","quotKomm","trump","und","uns","zur\u00fcck"],"articleSection":["Deutschland","Russland"],"inLanguage":"de","potentialAction":[{"@type":"CommentAction","name":"Comment","target":["https:\/\/now-news.de\/de\/deutschland\/orban-zu-trump-komm-zurueck-herr-praesident-und-bring-uns-frieden\/#respond"]}]},{"@type":"WebPage","@id":"https:\/\/now-news.de\/de\/deutschland\/orban-zu-trump-komm-zurueck-herr-praesident-und-bring-uns-frieden\/","url":"https:\/\/now-news.de\/de\/deutschland\/orban-zu-trump-komm-zurueck-herr-praesident-und-bring-uns-frieden\/","name":"Orb\u00e1n zu Trump: &quot;Komm zur\u00fcck, Herr Pr\u00e4sident, und bring uns Frieden&quot; - just-now.NEWS Deutschland","isPartOf":{"@id":"https:\/\/now-news.de\/de\/#website"},"primaryImageOfPage":{"@id":"https:\/\/now-news.de\/de\/deutschland\/orban-zu-trump-komm-zurueck-herr-praesident-und-bring-uns-frieden\/#primaryimage"},"image":{"@id":"https:\/\/now-news.de\/de\/deutschland\/orban-zu-trump-komm-zurueck-herr-praesident-und-bring-uns-frieden\/#primaryimage"},"thumbnailUrl":"https:\/\/now-news.de\/de\/wp-content\/uploads\/sites\/3\/2023\/05\/Orban-zu-Trump-quotKomm-zurueck-Herr-Praesident-und-bring-uns.jpg","datePublished":"2023-05-05T10:50:45+00:00","dateModified":"2023-05-05T10:50:45+00:00","breadcrumb":{"@id":"https:\/\/now-news.de\/de\/deutschland\/orban-zu-trump-komm-zurueck-herr-praesident-und-bring-uns-frieden\/#breadcrumb"},"inLanguage":"de","potentialAction":[{"@type":"ReadAction","target":["https:\/\/now-news.de\/de\/deutschland\/orban-zu-trump-komm-zurueck-herr-praesident-und-bring-uns-frieden\/"]}]},{"@type":"ImageObject","inLanguage":"de","@id":"https:\/\/now-news.de\/de\/deutschland\/orban-zu-trump-komm-zurueck-herr-praesident-und-bring-uns-frieden\/#primaryimage","url":"https:\/\/now-news.de\/de\/wp-content\/uploads\/sites\/3\/2023\/05\/Orban-zu-Trump-quotKomm-zurueck-Herr-Praesident-und-bring-uns.jpg","contentUrl":"https:\/\/now-news.de\/de\/wp-content\/uploads\/sites\/3\/2023\/05\/Orban-zu-Trump-quotKomm-zurueck-Herr-Praesident-und-bring-uns.jpg","width":460,"height":259,"caption":"Orb\u00e1n zu Trump: &quot;Komm zur\u00fcck, Herr Pr\u00e4sident, und bring uns Frieden&quot;"},{"@type":"BreadcrumbList","@id":"https:\/\/now-news.de\/de\/deutschland\/orban-zu-trump-komm-zurueck-herr-praesident-und-bring-uns-frieden\/#breadcrumb","itemListElement":[{"@type":"ListItem","position":1,"name":"Home","item":"https:\/\/now-news.de\/de\/"},{"@type":"ListItem","position":2,"name":"Orb\u00e1n zu Trump: &quot;Komm zur\u00fcck, Herr Pr\u00e4sident, und bring uns Frieden&quot;"}]},{"@type":"WebSite","@id":"https:\/\/now-news.de\/de\/#website","url":"https:\/\/now-news.de\/de\/","name":"just-now.NEWS Deutschland","description":"Das Portal f\u00fcr unzensierte Nachrichten aus der Welt","publisher":{"@id":"https:\/\/now-news.de\/de\/#organization"},"potentialAction":[{"@type":"SearchAction","target":{"@type":"EntryPoint","urlTemplate":"https:\/\/now-news.de\/de\/?s={search_term_string}"},"query-input":"required name=search_term_string"}],"inLanguage":"de"},{"@type":"Organization","@id":"https:\/\/now-news.de\/de\/#organization","name":"Just Now News","url":"https:\/\/now-news.de\/de\/","logo":{"@type":"ImageObject","inLanguage":"de","@id":"https:\/\/now-news.de\/de\/#\/schema\/logo\/image\/","url":"http:\/\/just-now.news\/de\/wp-content\/uploads\/sites\/3\/2022\/04\/logo500x500.jpg","contentUrl":"http:\/\/just-now.news\/de\/wp-content\/uploads\/sites\/3\/2022\/04\/logo500x500.jpg","width":500,"height":500,"caption":"Just Now News"},"image":{"@id":"https:\/\/now-news.de\/de\/#\/schema\/logo\/image\/"},"sameAs":["https:\/\/www.facebook.com\/wirmachenauf","https:\/\/x.com\/WirMachenAuf_de"]},{"@type":"Person","@id":"https:\/\/now-news.de\/de\/#\/schema\/person\/fb534a4e865501d8b3285208df34a9b5","name":"rtnews","image":{"@type":"ImageObject","inLanguage":"de","@id":"https:\/\/now-news.de\/de\/#\/schema\/person\/image\/","url":"https:\/\/secure.gravatar.com\/avatar\/82aafea7d8127119dd649515f56e2117?s=96&d=mm&r=g","contentUrl":"https:\/\/secure.gravatar.com\/avatar\/82aafea7d8127119dd649515f56e2117?s=96&d=mm&r=g","caption":"rtnews"},"url":"https:\/\/now-news.de\/de\/author\/rnews\/"}]}},"_links":{"self":[{"href":"https:\/\/now-news.de\/de\/wp-json\/wp\/v2\/posts\/35432"}],"collection":[{"href":"https:\/\/now-news.de\/de\/wp-json\/wp\/v2\/posts"}],"about":[{"href":"https:\/\/now-news.de\/de\/wp-json\/wp\/v2\/types\/post"}],"author":[{"embeddable":true,"href":"https:\/\/now-news.de\/de\/wp-json\/wp\/v2\/users\/3"}],"replies":[{"embeddable":true,"href":"https:\/\/now-news.de\/de\/wp-json\/wp\/v2\/comments?post=35432"}],"version-history":[{"count":0,"href":"https:\/\/now-news.de\/de\/wp-json\/wp\/v2\/posts\/35432\/revisions"}],"wp:featuredmedia":[{"embeddable":true,"href":"https:\/\/now-news.de\/de\/wp-json\/wp\/v2\/media\/35433"}],"wp:attachment":[{"href":"https:\/\/now-news.de\/de\/wp-json\/wp\/v2\/media?parent=35432"}],"wp:term":[{"taxonomy":"category","embeddable":true,"href":"https:\/\/now-news.de\/de\/wp-json\/wp\/v2\/categories?post=35432"},{"taxonomy":"post_tag","embeddable":true,"href":"https:\/\/now-news.de\/de\/wp-json\/wp\/v2\/tags?post=35432"}],"curies":[{"name":"wp","href":"https:\/\/api.w.org\/{rel}","templated":true}]}}