{"id":35423,"date":"2023-05-05T11:12:09","date_gmt":"2023-05-05T09:12:09","guid":{"rendered":"http:\/\/just-now.news\/de\/deutschland\/ungarns-ministerpraesident-orban-warnt-vor-groesster-schlacht-in-bruessel\/"},"modified":"2023-05-05T11:12:09","modified_gmt":"2023-05-05T09:12:09","slug":"ungarns-ministerpraesident-orban-warnt-vor-groesster-schlacht-in-bruessel","status":"publish","type":"post","link":"https:\/\/now-news.de\/de\/deutschland\/ungarns-ministerpraesident-orban-warnt-vor-groesster-schlacht-in-bruessel\/","title":{"rendered":"Ungarns Ministerpr\u00e4sident Orb\u00e1n warnt vor &quot;gr\u00f6\u00dfter Schlacht&quot; in Br\u00fcssel"},"content":{"rendered":"<p><img decoding=\"async\" src=\"http:\/\/just-now.news\/de\/wp-content\/uploads\/sites\/3\/2023\/05\/6453c5c348fbef01e5071508.jpg\" \/><\/p>\n<div class=\"Text-root Text-type_1 \">\n                Nach Ansicht des ungarischen Ministerpr\u00e4sidenten Viktor Orb\u00e1n steht die Europ\u00e4ische Union vor ihrer &#8220;gr\u00f6\u00dften Schlacht&#8221; um eine EU-Au\u00dfenpolitik, da der Block &#8220;den Mitgliedsstaaten die unabh\u00e4ngige Au\u00dfenpolitik nehmen will&#8221;.\n            <\/div>\n<p><\/p>\n<div class=\"Text-root Text-type_5 ArticleView-text ViewText-root \">\n<p>Der ungarische Premierminister Viktor Orb\u00e1n hat j\u00fcngst zum Ausdruck gebracht, der Westen verliere in den Bereichen Energie und Demografie wichtige Positionen und sei derzeit nur noch in der Verteidigungsbereich wettbewerbsf\u00e4hig, was schlie\u00dflich zu einem milit\u00e4rischen Konflikt f\u00fchren k\u00f6nne. Der hochrangige Politiker sagte dabei w\u00f6rtlich:<\/p>\n<blockquote>\n<p><em>&#8220;Uns geht es bei den Rohstoffen, der Energie und der Demografie nicht besonders gut. Der Westen steht nur in Bezug auf die milit\u00e4rische Macht an erster Stelle, aber das ist nur vordergr\u00fcndig eine gute Nachricht, weil es die Ereignisse in Richtung eines milit\u00e4rischen Konflikts lenken wird.&#8221;<\/em><\/p>\n<\/blockquote>\n<p>Orb\u00e1n zufolge werde in naher Zukunft in Br\u00fcssel die &#8220;gr\u00f6\u00dfte Schlacht&#8221; in Bezug auf die europ\u00e4ische Au\u00dfenpolitik ausbrechen, da die EU-Kommission den Mitgliedsstaaten die unabh\u00e4ngige Au\u00dfenpolitik entziehen wolle. Der Ministerpr\u00e4sident unterstrich, dass seine Regierung in Budapest &#8220;kompromisslos f\u00fcr den Frieden arbeitet&#8221;:<\/p>\n<blockquote>\n<p><em>&#8220;Wenn jemand sagt, dass sein Land nicht an einem Krieg interessiert ist, wird er beschuldigt, Putins Position zu unterst\u00fctzen.&#8221;<\/em><\/p>\n<\/blockquote>\n<p>Am 3. Mai 2023 hatte die Europ\u00e4ische Kommission vorgeschlagen, 500 Millionen Euro aus dem EU-Haushalt f\u00fcr die Erh\u00f6hung der Munitionsproduktion bereitzustellen, um die Ukraine zu unterst\u00fctzen und die eigene Sicherheit der EU zu gew\u00e4hrleisten. Der Kommissar f\u00fcr den Binnenmarkt Thierry Breton erkl\u00e4rte, dass die Europ\u00e4ische Kommission davon ausgehe, die Produktion von Munition f\u00fcr die Ukraine auf 1 Million St\u00fcck pro Jahr zu erh\u00f6hen:<\/p>\n<blockquote>\n<p><em>&#8220;Die Fabriken sind bereits vorhanden. 11 EU-L\u00e4nder k\u00f6nnen bereits mit der beschleunigten Produktion von 155-Milimeter-Granaten beginnen und zwei EU-L\u00e4nder k\u00f6nnen mit der beschleunigten Produktion von 152-Milimeter-Granaten beginnen.&#8221;<\/em><\/p>\n<\/blockquote>\n<p>Viktor Orb\u00e1n warnte, dass die EU-L\u00e4nder kurz davor st\u00fcnden, eigene Truppen in die Ukraine zu schicken. Er schloss aber die Entsendung eines Friedenskontingents auf ukrainisches Gebiet nicht aus. Der Politiker glaubt, dass allerdings die Gefahr eines neuen Weltkriegs real sei, dies sei &#8220;keine literarische \u00dcbertreibung&#8221;.<\/p>\n<p><strong>Mehr zum Thema<\/strong> &#8211; <a rel=\"nofollow noopener\" target=\"_blank\" href=\"https:\/\/kurz.rt.com\/3kr7\">Viktor Orb\u00e1n: Entsendung von EU-Soldaten in die Ostukraine f\u00fchrt zum Dritten Weltkrieg<\/a><\/p>\n<\/div>\n<p><br \/>\n<br \/><a href=\"https:\/\/de.rt.com\/europa\/169278-ungarns-ministerpraesident-orban-warnt-vor\/\">Source link <\/a><\/p>\n","protected":false},"excerpt":{"rendered":"<p>Nach Ansicht des ungarischen Ministerpr\u00e4sidenten Viktor Orb\u00e1n steht die Europ\u00e4ische Union vor ihrer &#8220;gr\u00f6\u00dften Schlacht&#8221; um eine EU-Au\u00dfenpolitik, da der Block &#8220;den Mitgliedsstaaten die unabh\u00e4ngige Au\u00dfenpolitik nehmen will&#8221;. Der ungarische Premierminister Viktor Orb\u00e1n hat j\u00fcngst zum Ausdruck gebracht, der Westen verliere in den Bereichen Energie und Demografie wichtige Positionen und sei derzeit nur noch in [&hellip;]<\/p>\n","protected":false},"author":3,"featured_media":35424,"comment_status":"open","ping_status":"open","sticky":false,"template":"","format":"standard","meta":{"_yoast_indexnow_last_ping":["1683278215"],"wp_automatic_camp":["217"],"768745126d97189f9e35d8b3d61f2b41":["Ungarns Ministerpr\u00e4sident Orb\u00e1n warnt vor &quot;gr\u00f6\u00dfter Schlacht&quot; in Br\u00fcssel"],"original_link":["https:\/\/de.rt.com\/europa\/169278-ungarns-ministerpraesident-orban-warnt-vor\/"],"_thumbnail_id":["35424"],"_wptgpro_p2tg_sent2tg":["a:1:{i:23737;s:19:\"2023-05-05 11:17:54\";}"],"jnews_social_counter_last_update":["1777209925"]},"categories":[19,23],"tags":[17026,19174,6397,39767,43905,27176,320,912],"yoast_head":"<!-- This site is optimized with the Yoast SEO Premium plugin v22.7 (Yoast SEO v22.7) - https:\/\/yoast.com\/wordpress\/plugins\/seo\/ -->\n<title>Ungarns Ministerpr\u00e4sident Orb\u00e1n warnt vor &quot;gr\u00f6\u00dfter Schlacht&quot; in Br\u00fcssel - just-now.NEWS Deutschland<\/title>\n<meta name=\"robots\" content=\"index, follow, max-snippet:-1, max-image-preview:large, max-video-preview:-1\" \/>\n<link rel=\"canonical\" href=\"https:\/\/now-news.de\/de\/deutschland\/ungarns-ministerpraesident-orban-warnt-vor-groesster-schlacht-in-bruessel\/\" \/>\n<meta property=\"og:locale\" content=\"de_DE\" \/>\n<meta property=\"og:type\" content=\"article\" \/>\n<meta property=\"og:title\" content=\"Ungarns Ministerpr\u00e4sident Orb\u00e1n warnt vor &quot;gr\u00f6\u00dfter Schlacht&quot; in Br\u00fcssel\" \/>\n<meta property=\"og:description\" content=\"Nach Ansicht des ungarischen Ministerpr\u00e4sidenten Viktor Orb\u00e1n steht die Europ\u00e4ische Union vor ihrer &#8220;gr\u00f6\u00dften Schlacht&#8221; um eine EU-Au\u00dfenpolitik, da der Block &#8220;den Mitgliedsstaaten die unabh\u00e4ngige Au\u00dfenpolitik nehmen will&#8221;. Der ungarische Premierminister Viktor Orb\u00e1n hat j\u00fcngst zum Ausdruck gebracht, der Westen verliere in den Bereichen Energie und Demografie wichtige Positionen und sei derzeit nur noch in [&hellip;]\" \/>\n<meta property=\"og:url\" content=\"https:\/\/now-news.de\/de\/deutschland\/ungarns-ministerpraesident-orban-warnt-vor-groesster-schlacht-in-bruessel\/\" \/>\n<meta property=\"og:site_name\" content=\"just-now.NEWS Deutschland\" \/>\n<meta property=\"article:publisher\" content=\"https:\/\/www.facebook.com\/wirmachenauf\" \/>\n<meta property=\"article:published_time\" content=\"2023-05-05T09:12:09+00:00\" \/>\n<meta property=\"og:image\" content=\"https:\/\/now-news.de\/de\/wp-content\/uploads\/sites\/3\/2023\/05\/Ungarns-Ministerpraesident-Orban-warnt-vor-quotgroesster-Schlachtquot-in-Bruessel.jpg\" \/>\n\t<meta property=\"og:image:width\" content=\"460\" \/>\n\t<meta property=\"og:image:height\" content=\"259\" \/>\n\t<meta property=\"og:image:type\" content=\"image\/jpeg\" \/>\n<meta name=\"author\" content=\"rtnews\" \/>\n<meta name=\"twitter:card\" content=\"summary_large_image\" \/>\n<meta name=\"twitter:creator\" content=\"@WirMachenAuf_de\" \/>\n<meta name=\"twitter:site\" content=\"@WirMachenAuf_de\" \/>\n<meta name=\"twitter:label1\" content=\"Verfasst von\" \/>\n\t<meta name=\"twitter:data1\" content=\"rtnews\" \/>\n\t<meta name=\"twitter:label2\" content=\"Gesch\u00e4tzte Lesezeit\" \/>\n\t<meta name=\"twitter:data2\" content=\"2\u00a0Minuten\" \/>\n<script type=\"application\/ld+json\" class=\"yoast-schema-graph\">{\"@context\":\"https:\/\/schema.org\",\"@graph\":[{\"@type\":\"Article\",\"@id\":\"https:\/\/now-news.de\/de\/deutschland\/ungarns-ministerpraesident-orban-warnt-vor-groesster-schlacht-in-bruessel\/#article\",\"isPartOf\":{\"@id\":\"https:\/\/now-news.de\/de\/deutschland\/ungarns-ministerpraesident-orban-warnt-vor-groesster-schlacht-in-bruessel\/\"},\"author\":{\"name\":\"rtnews\",\"@id\":\"https:\/\/now-news.de\/de\/#\/schema\/person\/fb534a4e865501d8b3285208df34a9b5\"},\"headline\":\"Ungarns Ministerpr\u00e4sident Orb\u00e1n warnt vor &quot;gr\u00f6\u00dfter Schlacht&quot; in Br\u00fcssel\",\"datePublished\":\"2023-05-05T09:12:09+00:00\",\"dateModified\":\"2023-05-05T09:12:09+00:00\",\"mainEntityOfPage\":{\"@id\":\"https:\/\/now-news.de\/de\/deutschland\/ungarns-ministerpraesident-orban-warnt-vor-groesster-schlacht-in-bruessel\/\"},\"wordCount\":390,\"commentCount\":0,\"publisher\":{\"@id\":\"https:\/\/now-news.de\/de\/#organization\"},\"image\":{\"@id\":\"https:\/\/now-news.de\/de\/deutschland\/ungarns-ministerpraesident-orban-warnt-vor-groesster-schlacht-in-bruessel\/#primaryimage\"},\"thumbnailUrl\":\"https:\/\/now-news.de\/de\/wp-content\/uploads\/sites\/3\/2023\/05\/Ungarns-Ministerpraesident-Orban-warnt-vor-quotgroesster-Schlachtquot-in-Bruessel.jpg\",\"keywords\":[\"Br\u00fcssel\",\"Ministerpr\u00e4sident\",\"Orb\u00e1n\",\"quotGr\u00f6\u00dfter\",\"Schlachtquot\",\"Ungarns\",\"vor\",\"warnt\"],\"articleSection\":[\"Deutschland\",\"Russland\"],\"inLanguage\":\"de\",\"potentialAction\":[{\"@type\":\"CommentAction\",\"name\":\"Comment\",\"target\":[\"https:\/\/now-news.de\/de\/deutschland\/ungarns-ministerpraesident-orban-warnt-vor-groesster-schlacht-in-bruessel\/#respond\"]}]},{\"@type\":\"WebPage\",\"@id\":\"https:\/\/now-news.de\/de\/deutschland\/ungarns-ministerpraesident-orban-warnt-vor-groesster-schlacht-in-bruessel\/\",\"url\":\"https:\/\/now-news.de\/de\/deutschland\/ungarns-ministerpraesident-orban-warnt-vor-groesster-schlacht-in-bruessel\/\",\"name\":\"Ungarns Ministerpr\u00e4sident Orb\u00e1n warnt vor &quot;gr\u00f6\u00dfter Schlacht&quot; in Br\u00fcssel - just-now.NEWS Deutschland\",\"isPartOf\":{\"@id\":\"https:\/\/now-news.de\/de\/#website\"},\"primaryImageOfPage\":{\"@id\":\"https:\/\/now-news.de\/de\/deutschland\/ungarns-ministerpraesident-orban-warnt-vor-groesster-schlacht-in-bruessel\/#primaryimage\"},\"image\":{\"@id\":\"https:\/\/now-news.de\/de\/deutschland\/ungarns-ministerpraesident-orban-warnt-vor-groesster-schlacht-in-bruessel\/#primaryimage\"},\"thumbnailUrl\":\"https:\/\/now-news.de\/de\/wp-content\/uploads\/sites\/3\/2023\/05\/Ungarns-Ministerpraesident-Orban-warnt-vor-quotgroesster-Schlachtquot-in-Bruessel.jpg\",\"datePublished\":\"2023-05-05T09:12:09+00:00\",\"dateModified\":\"2023-05-05T09:12:09+00:00\",\"breadcrumb\":{\"@id\":\"https:\/\/now-news.de\/de\/deutschland\/ungarns-ministerpraesident-orban-warnt-vor-groesster-schlacht-in-bruessel\/#breadcrumb\"},\"inLanguage\":\"de\",\"potentialAction\":[{\"@type\":\"ReadAction\",\"target\":[\"https:\/\/now-news.de\/de\/deutschland\/ungarns-ministerpraesident-orban-warnt-vor-groesster-schlacht-in-bruessel\/\"]}]},{\"@type\":\"ImageObject\",\"inLanguage\":\"de\",\"@id\":\"https:\/\/now-news.de\/de\/deutschland\/ungarns-ministerpraesident-orban-warnt-vor-groesster-schlacht-in-bruessel\/#primaryimage\",\"url\":\"https:\/\/now-news.de\/de\/wp-content\/uploads\/sites\/3\/2023\/05\/Ungarns-Ministerpraesident-Orban-warnt-vor-quotgroesster-Schlachtquot-in-Bruessel.jpg\",\"contentUrl\":\"https:\/\/now-news.de\/de\/wp-content\/uploads\/sites\/3\/2023\/05\/Ungarns-Ministerpraesident-Orban-warnt-vor-quotgroesster-Schlachtquot-in-Bruessel.jpg\",\"width\":460,\"height\":259,\"caption\":\"Ungarns Ministerpr\u00e4sident Orb\u00e1n warnt vor &quot;gr\u00f6\u00dfter Schlacht&quot; in Br\u00fcssel\"},{\"@type\":\"BreadcrumbList\",\"@id\":\"https:\/\/now-news.de\/de\/deutschland\/ungarns-ministerpraesident-orban-warnt-vor-groesster-schlacht-in-bruessel\/#breadcrumb\",\"itemListElement\":[{\"@type\":\"ListItem\",\"position\":1,\"name\":\"Home\",\"item\":\"https:\/\/now-news.de\/de\/\"},{\"@type\":\"ListItem\",\"position\":2,\"name\":\"Ungarns Ministerpr\u00e4sident Orb\u00e1n warnt vor &quot;gr\u00f6\u00dfter Schlacht&quot; in Br\u00fcssel\"}]},{\"@type\":\"WebSite\",\"@id\":\"https:\/\/now-news.de\/de\/#website\",\"url\":\"https:\/\/now-news.de\/de\/\",\"name\":\"just-now.NEWS Deutschland\",\"description\":\"Das Portal f\u00fcr unzensierte Nachrichten aus der Welt\",\"publisher\":{\"@id\":\"https:\/\/now-news.de\/de\/#organization\"},\"potentialAction\":[{\"@type\":\"SearchAction\",\"target\":{\"@type\":\"EntryPoint\",\"urlTemplate\":\"https:\/\/now-news.de\/de\/?s={search_term_string}\"},\"query-input\":\"required name=search_term_string\"}],\"inLanguage\":\"de\"},{\"@type\":\"Organization\",\"@id\":\"https:\/\/now-news.de\/de\/#organization\",\"name\":\"Just Now News\",\"url\":\"https:\/\/now-news.de\/de\/\",\"logo\":{\"@type\":\"ImageObject\",\"inLanguage\":\"de\",\"@id\":\"https:\/\/now-news.de\/de\/#\/schema\/logo\/image\/\",\"url\":\"http:\/\/just-now.news\/de\/wp-content\/uploads\/sites\/3\/2022\/04\/logo500x500.jpg\",\"contentUrl\":\"http:\/\/just-now.news\/de\/wp-content\/uploads\/sites\/3\/2022\/04\/logo500x500.jpg\",\"width\":500,\"height\":500,\"caption\":\"Just Now News\"},\"image\":{\"@id\":\"https:\/\/now-news.de\/de\/#\/schema\/logo\/image\/\"},\"sameAs\":[\"https:\/\/www.facebook.com\/wirmachenauf\",\"https:\/\/x.com\/WirMachenAuf_de\"]},{\"@type\":\"Person\",\"@id\":\"https:\/\/now-news.de\/de\/#\/schema\/person\/fb534a4e865501d8b3285208df34a9b5\",\"name\":\"rtnews\",\"image\":{\"@type\":\"ImageObject\",\"inLanguage\":\"de\",\"@id\":\"https:\/\/now-news.de\/de\/#\/schema\/person\/image\/\",\"url\":\"https:\/\/secure.gravatar.com\/avatar\/82aafea7d8127119dd649515f56e2117?s=96&d=mm&r=g\",\"contentUrl\":\"https:\/\/secure.gravatar.com\/avatar\/82aafea7d8127119dd649515f56e2117?s=96&d=mm&r=g\",\"caption\":\"rtnews\"},\"url\":\"https:\/\/now-news.de\/de\/author\/rnews\/\"}]}<\/script>\n<!-- \/ Yoast SEO Premium plugin. -->","yoast_head_json":{"title":"Ungarns Ministerpr\u00e4sident Orb\u00e1n warnt vor &quot;gr\u00f6\u00dfter Schlacht&quot; in Br\u00fcssel - just-now.NEWS Deutschland","robots":{"index":"index","follow":"follow","max-snippet":"max-snippet:-1","max-image-preview":"max-image-preview:large","max-video-preview":"max-video-preview:-1"},"canonical":"https:\/\/now-news.de\/de\/deutschland\/ungarns-ministerpraesident-orban-warnt-vor-groesster-schlacht-in-bruessel\/","og_locale":"de_DE","og_type":"article","og_title":"Ungarns Ministerpr\u00e4sident Orb\u00e1n warnt vor &quot;gr\u00f6\u00dfter Schlacht&quot; in Br\u00fcssel","og_description":"Nach Ansicht des ungarischen Ministerpr\u00e4sidenten Viktor Orb\u00e1n steht die Europ\u00e4ische Union vor ihrer &#8220;gr\u00f6\u00dften Schlacht&#8221; um eine EU-Au\u00dfenpolitik, da der Block &#8220;den Mitgliedsstaaten die unabh\u00e4ngige Au\u00dfenpolitik nehmen will&#8221;. Der ungarische Premierminister Viktor Orb\u00e1n hat j\u00fcngst zum Ausdruck gebracht, der Westen verliere in den Bereichen Energie und Demografie wichtige Positionen und sei derzeit nur noch in [&hellip;]","og_url":"https:\/\/now-news.de\/de\/deutschland\/ungarns-ministerpraesident-orban-warnt-vor-groesster-schlacht-in-bruessel\/","og_site_name":"just-now.NEWS Deutschland","article_publisher":"https:\/\/www.facebook.com\/wirmachenauf","article_published_time":"2023-05-05T09:12:09+00:00","og_image":[{"width":460,"height":259,"url":"https:\/\/now-news.de\/de\/wp-content\/uploads\/sites\/3\/2023\/05\/Ungarns-Ministerpraesident-Orban-warnt-vor-quotgroesster-Schlachtquot-in-Bruessel.jpg","type":"image\/jpeg"}],"author":"rtnews","twitter_card":"summary_large_image","twitter_creator":"@WirMachenAuf_de","twitter_site":"@WirMachenAuf_de","twitter_misc":{"Verfasst von":"rtnews","Gesch\u00e4tzte Lesezeit":"2\u00a0Minuten"},"schema":{"@context":"https:\/\/schema.org","@graph":[{"@type":"Article","@id":"https:\/\/now-news.de\/de\/deutschland\/ungarns-ministerpraesident-orban-warnt-vor-groesster-schlacht-in-bruessel\/#article","isPartOf":{"@id":"https:\/\/now-news.de\/de\/deutschland\/ungarns-ministerpraesident-orban-warnt-vor-groesster-schlacht-in-bruessel\/"},"author":{"name":"rtnews","@id":"https:\/\/now-news.de\/de\/#\/schema\/person\/fb534a4e865501d8b3285208df34a9b5"},"headline":"Ungarns Ministerpr\u00e4sident Orb\u00e1n warnt vor &quot;gr\u00f6\u00dfter Schlacht&quot; in Br\u00fcssel","datePublished":"2023-05-05T09:12:09+00:00","dateModified":"2023-05-05T09:12:09+00:00","mainEntityOfPage":{"@id":"https:\/\/now-news.de\/de\/deutschland\/ungarns-ministerpraesident-orban-warnt-vor-groesster-schlacht-in-bruessel\/"},"wordCount":390,"commentCount":0,"publisher":{"@id":"https:\/\/now-news.de\/de\/#organization"},"image":{"@id":"https:\/\/now-news.de\/de\/deutschland\/ungarns-ministerpraesident-orban-warnt-vor-groesster-schlacht-in-bruessel\/#primaryimage"},"thumbnailUrl":"https:\/\/now-news.de\/de\/wp-content\/uploads\/sites\/3\/2023\/05\/Ungarns-Ministerpraesident-Orban-warnt-vor-quotgroesster-Schlachtquot-in-Bruessel.jpg","keywords":["Br\u00fcssel","Ministerpr\u00e4sident","Orb\u00e1n","quotGr\u00f6\u00dfter","Schlachtquot","Ungarns","vor","warnt"],"articleSection":["Deutschland","Russland"],"inLanguage":"de","potentialAction":[{"@type":"CommentAction","name":"Comment","target":["https:\/\/now-news.de\/de\/deutschland\/ungarns-ministerpraesident-orban-warnt-vor-groesster-schlacht-in-bruessel\/#respond"]}]},{"@type":"WebPage","@id":"https:\/\/now-news.de\/de\/deutschland\/ungarns-ministerpraesident-orban-warnt-vor-groesster-schlacht-in-bruessel\/","url":"https:\/\/now-news.de\/de\/deutschland\/ungarns-ministerpraesident-orban-warnt-vor-groesster-schlacht-in-bruessel\/","name":"Ungarns Ministerpr\u00e4sident Orb\u00e1n warnt vor &quot;gr\u00f6\u00dfter Schlacht&quot; in Br\u00fcssel - just-now.NEWS Deutschland","isPartOf":{"@id":"https:\/\/now-news.de\/de\/#website"},"primaryImageOfPage":{"@id":"https:\/\/now-news.de\/de\/deutschland\/ungarns-ministerpraesident-orban-warnt-vor-groesster-schlacht-in-bruessel\/#primaryimage"},"image":{"@id":"https:\/\/now-news.de\/de\/deutschland\/ungarns-ministerpraesident-orban-warnt-vor-groesster-schlacht-in-bruessel\/#primaryimage"},"thumbnailUrl":"https:\/\/now-news.de\/de\/wp-content\/uploads\/sites\/3\/2023\/05\/Ungarns-Ministerpraesident-Orban-warnt-vor-quotgroesster-Schlachtquot-in-Bruessel.jpg","datePublished":"2023-05-05T09:12:09+00:00","dateModified":"2023-05-05T09:12:09+00:00","breadcrumb":{"@id":"https:\/\/now-news.de\/de\/deutschland\/ungarns-ministerpraesident-orban-warnt-vor-groesster-schlacht-in-bruessel\/#breadcrumb"},"inLanguage":"de","potentialAction":[{"@type":"ReadAction","target":["https:\/\/now-news.de\/de\/deutschland\/ungarns-ministerpraesident-orban-warnt-vor-groesster-schlacht-in-bruessel\/"]}]},{"@type":"ImageObject","inLanguage":"de","@id":"https:\/\/now-news.de\/de\/deutschland\/ungarns-ministerpraesident-orban-warnt-vor-groesster-schlacht-in-bruessel\/#primaryimage","url":"https:\/\/now-news.de\/de\/wp-content\/uploads\/sites\/3\/2023\/05\/Ungarns-Ministerpraesident-Orban-warnt-vor-quotgroesster-Schlachtquot-in-Bruessel.jpg","contentUrl":"https:\/\/now-news.de\/de\/wp-content\/uploads\/sites\/3\/2023\/05\/Ungarns-Ministerpraesident-Orban-warnt-vor-quotgroesster-Schlachtquot-in-Bruessel.jpg","width":460,"height":259,"caption":"Ungarns Ministerpr\u00e4sident Orb\u00e1n warnt vor &quot;gr\u00f6\u00dfter Schlacht&quot; in Br\u00fcssel"},{"@type":"BreadcrumbList","@id":"https:\/\/now-news.de\/de\/deutschland\/ungarns-ministerpraesident-orban-warnt-vor-groesster-schlacht-in-bruessel\/#breadcrumb","itemListElement":[{"@type":"ListItem","position":1,"name":"Home","item":"https:\/\/now-news.de\/de\/"},{"@type":"ListItem","position":2,"name":"Ungarns Ministerpr\u00e4sident Orb\u00e1n warnt vor &quot;gr\u00f6\u00dfter Schlacht&quot; in Br\u00fcssel"}]},{"@type":"WebSite","@id":"https:\/\/now-news.de\/de\/#website","url":"https:\/\/now-news.de\/de\/","name":"just-now.NEWS Deutschland","description":"Das Portal f\u00fcr unzensierte Nachrichten aus der Welt","publisher":{"@id":"https:\/\/now-news.de\/de\/#organization"},"potentialAction":[{"@type":"SearchAction","target":{"@type":"EntryPoint","urlTemplate":"https:\/\/now-news.de\/de\/?s={search_term_string}"},"query-input":"required name=search_term_string"}],"inLanguage":"de"},{"@type":"Organization","@id":"https:\/\/now-news.de\/de\/#organization","name":"Just Now News","url":"https:\/\/now-news.de\/de\/","logo":{"@type":"ImageObject","inLanguage":"de","@id":"https:\/\/now-news.de\/de\/#\/schema\/logo\/image\/","url":"http:\/\/just-now.news\/de\/wp-content\/uploads\/sites\/3\/2022\/04\/logo500x500.jpg","contentUrl":"http:\/\/just-now.news\/de\/wp-content\/uploads\/sites\/3\/2022\/04\/logo500x500.jpg","width":500,"height":500,"caption":"Just Now News"},"image":{"@id":"https:\/\/now-news.de\/de\/#\/schema\/logo\/image\/"},"sameAs":["https:\/\/www.facebook.com\/wirmachenauf","https:\/\/x.com\/WirMachenAuf_de"]},{"@type":"Person","@id":"https:\/\/now-news.de\/de\/#\/schema\/person\/fb534a4e865501d8b3285208df34a9b5","name":"rtnews","image":{"@type":"ImageObject","inLanguage":"de","@id":"https:\/\/now-news.de\/de\/#\/schema\/person\/image\/","url":"https:\/\/secure.gravatar.com\/avatar\/82aafea7d8127119dd649515f56e2117?s=96&d=mm&r=g","contentUrl":"https:\/\/secure.gravatar.com\/avatar\/82aafea7d8127119dd649515f56e2117?s=96&d=mm&r=g","caption":"rtnews"},"url":"https:\/\/now-news.de\/de\/author\/rnews\/"}]}},"_links":{"self":[{"href":"https:\/\/now-news.de\/de\/wp-json\/wp\/v2\/posts\/35423"}],"collection":[{"href":"https:\/\/now-news.de\/de\/wp-json\/wp\/v2\/posts"}],"about":[{"href":"https:\/\/now-news.de\/de\/wp-json\/wp\/v2\/types\/post"}],"author":[{"embeddable":true,"href":"https:\/\/now-news.de\/de\/wp-json\/wp\/v2\/users\/3"}],"replies":[{"embeddable":true,"href":"https:\/\/now-news.de\/de\/wp-json\/wp\/v2\/comments?post=35423"}],"version-history":[{"count":0,"href":"https:\/\/now-news.de\/de\/wp-json\/wp\/v2\/posts\/35423\/revisions"}],"wp:featuredmedia":[{"embeddable":true,"href":"https:\/\/now-news.de\/de\/wp-json\/wp\/v2\/media\/35424"}],"wp:attachment":[{"href":"https:\/\/now-news.de\/de\/wp-json\/wp\/v2\/media?parent=35423"}],"wp:term":[{"taxonomy":"category","embeddable":true,"href":"https:\/\/now-news.de\/de\/wp-json\/wp\/v2\/categories?post=35423"},{"taxonomy":"post_tag","embeddable":true,"href":"https:\/\/now-news.de\/de\/wp-json\/wp\/v2\/tags?post=35423"}],"curies":[{"name":"wp","href":"https:\/\/api.w.org\/{rel}","templated":true}]}}