{"id":35337,"date":"2023-05-04T10:44:44","date_gmt":"2023-05-04T08:44:44","guid":{"rendered":"https:\/\/just-now.news\/de\/deutschland\/weltpressetag-kundgebung-fuer-die-freilassung-von-julian-assange-vor-dem-koelner-dom\/"},"modified":"2023-05-04T10:44:44","modified_gmt":"2023-05-04T08:44:44","slug":"weltpressetag-kundgebung-fuer-die-freilassung-von-julian-assange-vor-dem-koelner-dom","status":"publish","type":"post","link":"https:\/\/now-news.de\/de\/deutschland\/weltpressetag-kundgebung-fuer-die-freilassung-von-julian-assange-vor-dem-koelner-dom\/","title":{"rendered":"Weltpressetag: Kundgebung f\u00fcr die Freilassung von Julian Assange vor dem K\u00f6lner Dom"},"content":{"rendered":"<p><img decoding=\"async\" src=\"http:\/\/just-now.news\/de\/wp-content\/uploads\/sites\/3\/2023\/05\/6452b141b480cc161452f412.JPG\" \/><\/p>\n<div class=\"Text-root Text-type_1 \">\n                Anl\u00e4sslich des Weltpressetags veranstaltete die K\u00f6lner Initiative &#8220;Free Julian Assange&#8221; in Kooperation mit der Initiative &#8220;Selberdenken K\u00f6ln&#8221; eine Kundgebung f\u00fcr die Freilassung von Julian Assange. Sie erinnerten dabei auch an andere inhaftierte Journalisten weltweit. Unter den Rednern waren auch Vertreter von Amnesty International und der linke Bundestagsabgeordnete Andrej Hunko.\n            <\/div>\n<p><\/p>\n<div class=\"Text-root Text-type_5 ArticleView-text ViewText-root \">\n<p><em>Von Felicitas Rabe<\/em><\/p>\n<p>Die K\u00f6lner Initiative &#8220;Free Julian Assange&#8221; organisierte am Mittwoch in Kooperation mit der Initiative &#8220;Selberdenken K\u00f6ln&#8221; vor dem K\u00f6lner Dom eine Kundgebung f\u00fcr die Freilassung des in London inhaftierten Journalisten Julian Assange.<\/p>\n<p>Anl\u00e4sslich des Weltpressetags wollten die Aktivisten auf die Aufgabe des Journalismus und der Rechte von Journalisten aufmerksam machen. Der australische Journalist Julian Assange sitzt seit 4 Jahren ohne rechtsstaatliches Verfahren und ohne Verurteilung in Einzelhaft im Hochsicherheitsgef\u00e4ngnis Belmarsh, unter anderem weil er ein Video \u00fcber US-Kriegsverbrechen im Irak ver\u00f6ffentlichte.<\/p>\n<p>In ihrer Er\u00f6ffnungsrede zitierte eine K\u00f6lner Aktivistin der Gruppe &#8220;Free Julian Assange&#8221; die Botschaft des UNO Generalsekret\u00e4rs Ant\u00f3nio Guterres zum Weltpressetag:<\/p>\n<blockquote>\n<p><em>&#8220;Journalistisch t\u00e4tige Menschen d\u00fcrfen nicht l\u00e4nger festgenommen und inhaftiert werden, weil sie ihre Arbeit tun. L\u00fcgen und Desinformation muss ein Ende gesetzt werden. Die Wahrheit und diejenigen die sie sagen, d\u00fcrfen nicht l\u00e4nger Zielscheibe sein.&#8221;<\/em><\/p>\n<\/blockquote>\n<p>Dieser Aussage schlie\u00dfen sich die Aktivisten f\u00fcr Meinungs- und Pressefreiheit uneingeschr\u00e4nkt an. &#8220;Niemals kann es Recht sein, Information, Wissen und freie Meinungs\u00e4u\u00dferung in die Kn\u00e4ste zu verbannen. Lasst Journalisten frei!&#8221; appellierte die Aktivistin.<\/p>\n<p>Uschi Kleinert-Gentz von der Nichtregierungsorganisation Amnesty International wies in ihrer Rede darauf hin, dass im Falle von Julian Assange die Freiheit des investigativen Journalismus insgesamt auf dem Spiel stehe. Es sei die Aufgabe des investigativen Journalismus, genau die Themen ans Licht zu holen, die die herrschende Politik nicht ver\u00f6ffentlicht sehen wolle.<\/p>\n<p>Anschlie\u00dfend unterst\u00fctzten mehrere Musiker und Musikerinnen die Kundgebung mit Liedeinlagen, in denen sie das Schicksal von Julian Assange zum Thema machten.<\/p>\n<p>Vor dem K\u00f6lner Dom, auf dem Bahnhofsvorplatz baten die Aktivisten dann um eine Schweigeminute\u00a0 &#8220;f\u00fcr alle mutigen Journalisten, die in Aus\u00fcbung ihres Berufes get\u00f6tet worden sind.&#8221;<\/p>\n<p>Der Bundestagsabgeordnete Andrej Hunko von den Linken berichtete in seiner Rede auch \u00fcber andere Beispiele inhaftierter Journalisten in verschiedenen L\u00e4ndern. Julian Assange sei seiner Meinung nach ein Pr\u00e4zedenzfall, weil er seit \u00fcber vier Jahren in Auslieferungshaft s\u00e4\u00dfe, nur weil er Kriegsverbrechen aufgedeckt habe. Er habe sogenannten &#8220;Collateral Murder&#8221; \u2013 Kollateralmorde der USA \u00f6ffentlich gemacht. Um zu illustrieren, was Journalismus ausmache, zitierte der linke Bundestagsabgeordnete George Orwell. Der Schriftsteller habe Journalismus folgenderma\u00dfen definiert:<\/p>\n<blockquote>\n<p><em>&#8220;Journalismus ist das zu drucken, was andere nicht gedruckt sehen wollen \u2013 alles andere ist Propaganda.&#8221;<\/em><\/p>\n<\/blockquote>\n<p><strong>Mehr zum Thema<\/strong>\u00a0<em>\u2013<\/em>\u00a0<a rel=\"nofollow noopener\" target=\"_blank\" href=\"https:\/\/freeassange.rtde.life\/kurzclips\/video\/169071-spezial-20-jahre-us-invasion\/\">Spezial: 20 Jahre US-Invasion in den Irak \u2013 Der Horror von Abu-Ghraib<\/a><\/p>\n<\/p>\n<\/div>\n<p><br \/>\n<br \/><a href=\"https:\/\/de.rt.com\/inland\/169195-kundgebung-fuer-freilassung-von-julian\/\">Source link <\/a><\/p>\n","protected":false},"excerpt":{"rendered":"<p>Anl\u00e4sslich des Weltpressetags veranstaltete die K\u00f6lner Initiative &#8220;Free Julian Assange&#8221; in Kooperation mit der Initiative &#8220;Selberdenken K\u00f6ln&#8221; eine Kundgebung f\u00fcr die Freilassung von Julian Assange. Sie erinnerten dabei auch an andere inhaftierte Journalisten weltweit. Unter den Rednern waren auch Vertreter von Amnesty International und der linke Bundestagsabgeordnete Andrej Hunko. Von Felicitas Rabe Die K\u00f6lner Initiative [&hellip;]<\/p>\n","protected":false},"author":3,"featured_media":35338,"comment_status":"open","ping_status":"open","sticky":false,"template":"","format":"standard","meta":{"_yoast_indexnow_last_ping":["1683191454"],"wp_automatic_camp":["217"],"404bb3b039a94dd8474641096577d35e":["Weltpressetag: Kundgebung f\u00fcr die Freilassung von Julian Assange vor dem K\u00f6lner Dom"],"original_link":["https:\/\/de.rt.com\/inland\/169195-kundgebung-fuer-freilassung-von-julian\/"],"_thumbnail_id":["35338"],"_wptgpro_p2tg_sent2tg":["a:1:{i:23737;s:19:\"2023-05-04 11:12:00\";}"],"jnews_social_counter_last_update":["1777231273"]},"categories":[19,23],"tags":[4729,134,45,11373,18050,221,4728,612,14219,50,320,43860],"yoast_head":"<!-- This site is optimized with the Yoast SEO Premium plugin v22.7 (Yoast SEO v22.7) - https:\/\/yoast.com\/wordpress\/plugins\/seo\/ -->\n<title>Weltpressetag: Kundgebung f\u00fcr die Freilassung von Julian Assange vor dem K\u00f6lner Dom - just-now.NEWS Deutschland<\/title>\n<meta name=\"robots\" content=\"index, follow, max-snippet:-1, max-image-preview:large, max-video-preview:-1\" \/>\n<link rel=\"canonical\" href=\"https:\/\/now-news.de\/de\/deutschland\/weltpressetag-kundgebung-fuer-die-freilassung-von-julian-assange-vor-dem-koelner-dom\/\" \/>\n<meta property=\"og:locale\" content=\"de_DE\" \/>\n<meta property=\"og:type\" content=\"article\" \/>\n<meta property=\"og:title\" content=\"Weltpressetag: Kundgebung f\u00fcr die Freilassung von Julian Assange vor dem K\u00f6lner Dom\" \/>\n<meta property=\"og:description\" content=\"Anl\u00e4sslich des Weltpressetags veranstaltete die K\u00f6lner Initiative &#8220;Free Julian Assange&#8221; in Kooperation mit der Initiative &#8220;Selberdenken K\u00f6ln&#8221; eine Kundgebung f\u00fcr die Freilassung von Julian Assange. Sie erinnerten dabei auch an andere inhaftierte Journalisten weltweit. Unter den Rednern waren auch Vertreter von Amnesty International und der linke Bundestagsabgeordnete Andrej Hunko. Von Felicitas Rabe Die K\u00f6lner Initiative [&hellip;]\" \/>\n<meta property=\"og:url\" content=\"https:\/\/now-news.de\/de\/deutschland\/weltpressetag-kundgebung-fuer-die-freilassung-von-julian-assange-vor-dem-koelner-dom\/\" \/>\n<meta property=\"og:site_name\" content=\"just-now.NEWS Deutschland\" \/>\n<meta property=\"article:publisher\" content=\"https:\/\/www.facebook.com\/wirmachenauf\" \/>\n<meta property=\"article:published_time\" content=\"2023-05-04T08:44:44+00:00\" \/>\n<meta property=\"og:image\" content=\"https:\/\/now-news.de\/de\/wp-content\/uploads\/sites\/3\/2023\/05\/Weltpressetag-Kundgebung-fuer-die-Freilassung-von-Julian-Assange-vor-dem.JPG\" \/>\n\t<meta property=\"og:image:width\" content=\"460\" \/>\n\t<meta property=\"og:image:height\" content=\"259\" \/>\n\t<meta property=\"og:image:type\" content=\"image\/jpeg\" \/>\n<meta name=\"author\" content=\"rtnews\" \/>\n<meta name=\"twitter:card\" content=\"summary_large_image\" \/>\n<meta name=\"twitter:creator\" content=\"@WirMachenAuf_de\" \/>\n<meta name=\"twitter:site\" content=\"@WirMachenAuf_de\" \/>\n<meta name=\"twitter:label1\" content=\"Verfasst von\" \/>\n\t<meta name=\"twitter:data1\" content=\"rtnews\" \/>\n\t<meta name=\"twitter:label2\" content=\"Gesch\u00e4tzte Lesezeit\" \/>\n\t<meta name=\"twitter:data2\" content=\"2\u00a0Minuten\" \/>\n<script type=\"application\/ld+json\" class=\"yoast-schema-graph\">{\"@context\":\"https:\/\/schema.org\",\"@graph\":[{\"@type\":\"Article\",\"@id\":\"https:\/\/now-news.de\/de\/deutschland\/weltpressetag-kundgebung-fuer-die-freilassung-von-julian-assange-vor-dem-koelner-dom\/#article\",\"isPartOf\":{\"@id\":\"https:\/\/now-news.de\/de\/deutschland\/weltpressetag-kundgebung-fuer-die-freilassung-von-julian-assange-vor-dem-koelner-dom\/\"},\"author\":{\"name\":\"rtnews\",\"@id\":\"https:\/\/now-news.de\/de\/#\/schema\/person\/fb534a4e865501d8b3285208df34a9b5\"},\"headline\":\"Weltpressetag: Kundgebung f\u00fcr die Freilassung von Julian Assange vor dem K\u00f6lner Dom\",\"datePublished\":\"2023-05-04T08:44:44+00:00\",\"dateModified\":\"2023-05-04T08:44:44+00:00\",\"mainEntityOfPage\":{\"@id\":\"https:\/\/now-news.de\/de\/deutschland\/weltpressetag-kundgebung-fuer-die-freilassung-von-julian-assange-vor-dem-koelner-dom\/\"},\"wordCount\":473,\"commentCount\":0,\"publisher\":{\"@id\":\"https:\/\/now-news.de\/de\/#organization\"},\"image\":{\"@id\":\"https:\/\/now-news.de\/de\/deutschland\/weltpressetag-kundgebung-fuer-die-freilassung-von-julian-assange-vor-dem-koelner-dom\/#primaryimage\"},\"thumbnailUrl\":\"https:\/\/now-news.de\/de\/wp-content\/uploads\/sites\/3\/2023\/05\/Weltpressetag-Kundgebung-fuer-die-Freilassung-von-Julian-Assange-vor-dem.JPG\",\"keywords\":[\"Assange\",\"DEM\",\"die\",\"dom\",\"Freilassung\",\"f\u00fcr\",\"Julian\",\"K\u00f6lner\",\"Kundgebung\",\"von\",\"vor\",\"Weltpressetag\"],\"articleSection\":[\"Deutschland\",\"Russland\"],\"inLanguage\":\"de\",\"potentialAction\":[{\"@type\":\"CommentAction\",\"name\":\"Comment\",\"target\":[\"https:\/\/now-news.de\/de\/deutschland\/weltpressetag-kundgebung-fuer-die-freilassung-von-julian-assange-vor-dem-koelner-dom\/#respond\"]}]},{\"@type\":\"WebPage\",\"@id\":\"https:\/\/now-news.de\/de\/deutschland\/weltpressetag-kundgebung-fuer-die-freilassung-von-julian-assange-vor-dem-koelner-dom\/\",\"url\":\"https:\/\/now-news.de\/de\/deutschland\/weltpressetag-kundgebung-fuer-die-freilassung-von-julian-assange-vor-dem-koelner-dom\/\",\"name\":\"Weltpressetag: Kundgebung f\u00fcr die Freilassung von Julian Assange vor dem K\u00f6lner Dom - just-now.NEWS Deutschland\",\"isPartOf\":{\"@id\":\"https:\/\/now-news.de\/de\/#website\"},\"primaryImageOfPage\":{\"@id\":\"https:\/\/now-news.de\/de\/deutschland\/weltpressetag-kundgebung-fuer-die-freilassung-von-julian-assange-vor-dem-koelner-dom\/#primaryimage\"},\"image\":{\"@id\":\"https:\/\/now-news.de\/de\/deutschland\/weltpressetag-kundgebung-fuer-die-freilassung-von-julian-assange-vor-dem-koelner-dom\/#primaryimage\"},\"thumbnailUrl\":\"https:\/\/now-news.de\/de\/wp-content\/uploads\/sites\/3\/2023\/05\/Weltpressetag-Kundgebung-fuer-die-Freilassung-von-Julian-Assange-vor-dem.JPG\",\"datePublished\":\"2023-05-04T08:44:44+00:00\",\"dateModified\":\"2023-05-04T08:44:44+00:00\",\"breadcrumb\":{\"@id\":\"https:\/\/now-news.de\/de\/deutschland\/weltpressetag-kundgebung-fuer-die-freilassung-von-julian-assange-vor-dem-koelner-dom\/#breadcrumb\"},\"inLanguage\":\"de\",\"potentialAction\":[{\"@type\":\"ReadAction\",\"target\":[\"https:\/\/now-news.de\/de\/deutschland\/weltpressetag-kundgebung-fuer-die-freilassung-von-julian-assange-vor-dem-koelner-dom\/\"]}]},{\"@type\":\"ImageObject\",\"inLanguage\":\"de\",\"@id\":\"https:\/\/now-news.de\/de\/deutschland\/weltpressetag-kundgebung-fuer-die-freilassung-von-julian-assange-vor-dem-koelner-dom\/#primaryimage\",\"url\":\"https:\/\/now-news.de\/de\/wp-content\/uploads\/sites\/3\/2023\/05\/Weltpressetag-Kundgebung-fuer-die-Freilassung-von-Julian-Assange-vor-dem.JPG\",\"contentUrl\":\"https:\/\/now-news.de\/de\/wp-content\/uploads\/sites\/3\/2023\/05\/Weltpressetag-Kundgebung-fuer-die-Freilassung-von-Julian-Assange-vor-dem.JPG\",\"width\":460,\"height\":259,\"caption\":\"Weltpressetag: Kundgebung f\u00fcr die Freilassung von Julian Assange vor dem K\u00f6lner Dom\"},{\"@type\":\"BreadcrumbList\",\"@id\":\"https:\/\/now-news.de\/de\/deutschland\/weltpressetag-kundgebung-fuer-die-freilassung-von-julian-assange-vor-dem-koelner-dom\/#breadcrumb\",\"itemListElement\":[{\"@type\":\"ListItem\",\"position\":1,\"name\":\"Home\",\"item\":\"https:\/\/now-news.de\/de\/\"},{\"@type\":\"ListItem\",\"position\":2,\"name\":\"Weltpressetag: Kundgebung f\u00fcr die Freilassung von Julian Assange vor dem K\u00f6lner Dom\"}]},{\"@type\":\"WebSite\",\"@id\":\"https:\/\/now-news.de\/de\/#website\",\"url\":\"https:\/\/now-news.de\/de\/\",\"name\":\"just-now.NEWS Deutschland\",\"description\":\"Das Portal f\u00fcr unzensierte Nachrichten aus der Welt\",\"publisher\":{\"@id\":\"https:\/\/now-news.de\/de\/#organization\"},\"potentialAction\":[{\"@type\":\"SearchAction\",\"target\":{\"@type\":\"EntryPoint\",\"urlTemplate\":\"https:\/\/now-news.de\/de\/?s={search_term_string}\"},\"query-input\":\"required name=search_term_string\"}],\"inLanguage\":\"de\"},{\"@type\":\"Organization\",\"@id\":\"https:\/\/now-news.de\/de\/#organization\",\"name\":\"Just Now News\",\"url\":\"https:\/\/now-news.de\/de\/\",\"logo\":{\"@type\":\"ImageObject\",\"inLanguage\":\"de\",\"@id\":\"https:\/\/now-news.de\/de\/#\/schema\/logo\/image\/\",\"url\":\"http:\/\/just-now.news\/de\/wp-content\/uploads\/sites\/3\/2022\/04\/logo500x500.jpg\",\"contentUrl\":\"http:\/\/just-now.news\/de\/wp-content\/uploads\/sites\/3\/2022\/04\/logo500x500.jpg\",\"width\":500,\"height\":500,\"caption\":\"Just Now News\"},\"image\":{\"@id\":\"https:\/\/now-news.de\/de\/#\/schema\/logo\/image\/\"},\"sameAs\":[\"https:\/\/www.facebook.com\/wirmachenauf\",\"https:\/\/x.com\/WirMachenAuf_de\"]},{\"@type\":\"Person\",\"@id\":\"https:\/\/now-news.de\/de\/#\/schema\/person\/fb534a4e865501d8b3285208df34a9b5\",\"name\":\"rtnews\",\"image\":{\"@type\":\"ImageObject\",\"inLanguage\":\"de\",\"@id\":\"https:\/\/now-news.de\/de\/#\/schema\/person\/image\/\",\"url\":\"https:\/\/secure.gravatar.com\/avatar\/82aafea7d8127119dd649515f56e2117?s=96&d=mm&r=g\",\"contentUrl\":\"https:\/\/secure.gravatar.com\/avatar\/82aafea7d8127119dd649515f56e2117?s=96&d=mm&r=g\",\"caption\":\"rtnews\"},\"url\":\"https:\/\/now-news.de\/de\/author\/rnews\/\"}]}<\/script>\n<!-- \/ Yoast SEO Premium plugin. -->","yoast_head_json":{"title":"Weltpressetag: Kundgebung f\u00fcr die Freilassung von Julian Assange vor dem K\u00f6lner Dom - just-now.NEWS Deutschland","robots":{"index":"index","follow":"follow","max-snippet":"max-snippet:-1","max-image-preview":"max-image-preview:large","max-video-preview":"max-video-preview:-1"},"canonical":"https:\/\/now-news.de\/de\/deutschland\/weltpressetag-kundgebung-fuer-die-freilassung-von-julian-assange-vor-dem-koelner-dom\/","og_locale":"de_DE","og_type":"article","og_title":"Weltpressetag: Kundgebung f\u00fcr die Freilassung von Julian Assange vor dem K\u00f6lner Dom","og_description":"Anl\u00e4sslich des Weltpressetags veranstaltete die K\u00f6lner Initiative &#8220;Free Julian Assange&#8221; in Kooperation mit der Initiative &#8220;Selberdenken K\u00f6ln&#8221; eine Kundgebung f\u00fcr die Freilassung von Julian Assange. Sie erinnerten dabei auch an andere inhaftierte Journalisten weltweit. Unter den Rednern waren auch Vertreter von Amnesty International und der linke Bundestagsabgeordnete Andrej Hunko. Von Felicitas Rabe Die K\u00f6lner Initiative [&hellip;]","og_url":"https:\/\/now-news.de\/de\/deutschland\/weltpressetag-kundgebung-fuer-die-freilassung-von-julian-assange-vor-dem-koelner-dom\/","og_site_name":"just-now.NEWS Deutschland","article_publisher":"https:\/\/www.facebook.com\/wirmachenauf","article_published_time":"2023-05-04T08:44:44+00:00","og_image":[{"width":460,"height":259,"url":"https:\/\/now-news.de\/de\/wp-content\/uploads\/sites\/3\/2023\/05\/Weltpressetag-Kundgebung-fuer-die-Freilassung-von-Julian-Assange-vor-dem.JPG","type":"image\/jpeg"}],"author":"rtnews","twitter_card":"summary_large_image","twitter_creator":"@WirMachenAuf_de","twitter_site":"@WirMachenAuf_de","twitter_misc":{"Verfasst von":"rtnews","Gesch\u00e4tzte Lesezeit":"2\u00a0Minuten"},"schema":{"@context":"https:\/\/schema.org","@graph":[{"@type":"Article","@id":"https:\/\/now-news.de\/de\/deutschland\/weltpressetag-kundgebung-fuer-die-freilassung-von-julian-assange-vor-dem-koelner-dom\/#article","isPartOf":{"@id":"https:\/\/now-news.de\/de\/deutschland\/weltpressetag-kundgebung-fuer-die-freilassung-von-julian-assange-vor-dem-koelner-dom\/"},"author":{"name":"rtnews","@id":"https:\/\/now-news.de\/de\/#\/schema\/person\/fb534a4e865501d8b3285208df34a9b5"},"headline":"Weltpressetag: Kundgebung f\u00fcr die Freilassung von Julian Assange vor dem K\u00f6lner Dom","datePublished":"2023-05-04T08:44:44+00:00","dateModified":"2023-05-04T08:44:44+00:00","mainEntityOfPage":{"@id":"https:\/\/now-news.de\/de\/deutschland\/weltpressetag-kundgebung-fuer-die-freilassung-von-julian-assange-vor-dem-koelner-dom\/"},"wordCount":473,"commentCount":0,"publisher":{"@id":"https:\/\/now-news.de\/de\/#organization"},"image":{"@id":"https:\/\/now-news.de\/de\/deutschland\/weltpressetag-kundgebung-fuer-die-freilassung-von-julian-assange-vor-dem-koelner-dom\/#primaryimage"},"thumbnailUrl":"https:\/\/now-news.de\/de\/wp-content\/uploads\/sites\/3\/2023\/05\/Weltpressetag-Kundgebung-fuer-die-Freilassung-von-Julian-Assange-vor-dem.JPG","keywords":["Assange","DEM","die","dom","Freilassung","f\u00fcr","Julian","K\u00f6lner","Kundgebung","von","vor","Weltpressetag"],"articleSection":["Deutschland","Russland"],"inLanguage":"de","potentialAction":[{"@type":"CommentAction","name":"Comment","target":["https:\/\/now-news.de\/de\/deutschland\/weltpressetag-kundgebung-fuer-die-freilassung-von-julian-assange-vor-dem-koelner-dom\/#respond"]}]},{"@type":"WebPage","@id":"https:\/\/now-news.de\/de\/deutschland\/weltpressetag-kundgebung-fuer-die-freilassung-von-julian-assange-vor-dem-koelner-dom\/","url":"https:\/\/now-news.de\/de\/deutschland\/weltpressetag-kundgebung-fuer-die-freilassung-von-julian-assange-vor-dem-koelner-dom\/","name":"Weltpressetag: Kundgebung f\u00fcr die Freilassung von Julian Assange vor dem K\u00f6lner Dom - just-now.NEWS Deutschland","isPartOf":{"@id":"https:\/\/now-news.de\/de\/#website"},"primaryImageOfPage":{"@id":"https:\/\/now-news.de\/de\/deutschland\/weltpressetag-kundgebung-fuer-die-freilassung-von-julian-assange-vor-dem-koelner-dom\/#primaryimage"},"image":{"@id":"https:\/\/now-news.de\/de\/deutschland\/weltpressetag-kundgebung-fuer-die-freilassung-von-julian-assange-vor-dem-koelner-dom\/#primaryimage"},"thumbnailUrl":"https:\/\/now-news.de\/de\/wp-content\/uploads\/sites\/3\/2023\/05\/Weltpressetag-Kundgebung-fuer-die-Freilassung-von-Julian-Assange-vor-dem.JPG","datePublished":"2023-05-04T08:44:44+00:00","dateModified":"2023-05-04T08:44:44+00:00","breadcrumb":{"@id":"https:\/\/now-news.de\/de\/deutschland\/weltpressetag-kundgebung-fuer-die-freilassung-von-julian-assange-vor-dem-koelner-dom\/#breadcrumb"},"inLanguage":"de","potentialAction":[{"@type":"ReadAction","target":["https:\/\/now-news.de\/de\/deutschland\/weltpressetag-kundgebung-fuer-die-freilassung-von-julian-assange-vor-dem-koelner-dom\/"]}]},{"@type":"ImageObject","inLanguage":"de","@id":"https:\/\/now-news.de\/de\/deutschland\/weltpressetag-kundgebung-fuer-die-freilassung-von-julian-assange-vor-dem-koelner-dom\/#primaryimage","url":"https:\/\/now-news.de\/de\/wp-content\/uploads\/sites\/3\/2023\/05\/Weltpressetag-Kundgebung-fuer-die-Freilassung-von-Julian-Assange-vor-dem.JPG","contentUrl":"https:\/\/now-news.de\/de\/wp-content\/uploads\/sites\/3\/2023\/05\/Weltpressetag-Kundgebung-fuer-die-Freilassung-von-Julian-Assange-vor-dem.JPG","width":460,"height":259,"caption":"Weltpressetag: Kundgebung f\u00fcr die Freilassung von Julian Assange vor dem K\u00f6lner Dom"},{"@type":"BreadcrumbList","@id":"https:\/\/now-news.de\/de\/deutschland\/weltpressetag-kundgebung-fuer-die-freilassung-von-julian-assange-vor-dem-koelner-dom\/#breadcrumb","itemListElement":[{"@type":"ListItem","position":1,"name":"Home","item":"https:\/\/now-news.de\/de\/"},{"@type":"ListItem","position":2,"name":"Weltpressetag: Kundgebung f\u00fcr die Freilassung von Julian Assange vor dem K\u00f6lner Dom"}]},{"@type":"WebSite","@id":"https:\/\/now-news.de\/de\/#website","url":"https:\/\/now-news.de\/de\/","name":"just-now.NEWS Deutschland","description":"Das Portal f\u00fcr unzensierte Nachrichten aus der Welt","publisher":{"@id":"https:\/\/now-news.de\/de\/#organization"},"potentialAction":[{"@type":"SearchAction","target":{"@type":"EntryPoint","urlTemplate":"https:\/\/now-news.de\/de\/?s={search_term_string}"},"query-input":"required name=search_term_string"}],"inLanguage":"de"},{"@type":"Organization","@id":"https:\/\/now-news.de\/de\/#organization","name":"Just Now News","url":"https:\/\/now-news.de\/de\/","logo":{"@type":"ImageObject","inLanguage":"de","@id":"https:\/\/now-news.de\/de\/#\/schema\/logo\/image\/","url":"http:\/\/just-now.news\/de\/wp-content\/uploads\/sites\/3\/2022\/04\/logo500x500.jpg","contentUrl":"http:\/\/just-now.news\/de\/wp-content\/uploads\/sites\/3\/2022\/04\/logo500x500.jpg","width":500,"height":500,"caption":"Just Now News"},"image":{"@id":"https:\/\/now-news.de\/de\/#\/schema\/logo\/image\/"},"sameAs":["https:\/\/www.facebook.com\/wirmachenauf","https:\/\/x.com\/WirMachenAuf_de"]},{"@type":"Person","@id":"https:\/\/now-news.de\/de\/#\/schema\/person\/fb534a4e865501d8b3285208df34a9b5","name":"rtnews","image":{"@type":"ImageObject","inLanguage":"de","@id":"https:\/\/now-news.de\/de\/#\/schema\/person\/image\/","url":"https:\/\/secure.gravatar.com\/avatar\/82aafea7d8127119dd649515f56e2117?s=96&d=mm&r=g","contentUrl":"https:\/\/secure.gravatar.com\/avatar\/82aafea7d8127119dd649515f56e2117?s=96&d=mm&r=g","caption":"rtnews"},"url":"https:\/\/now-news.de\/de\/author\/rnews\/"}]}},"_links":{"self":[{"href":"https:\/\/now-news.de\/de\/wp-json\/wp\/v2\/posts\/35337"}],"collection":[{"href":"https:\/\/now-news.de\/de\/wp-json\/wp\/v2\/posts"}],"about":[{"href":"https:\/\/now-news.de\/de\/wp-json\/wp\/v2\/types\/post"}],"author":[{"embeddable":true,"href":"https:\/\/now-news.de\/de\/wp-json\/wp\/v2\/users\/3"}],"replies":[{"embeddable":true,"href":"https:\/\/now-news.de\/de\/wp-json\/wp\/v2\/comments?post=35337"}],"version-history":[{"count":0,"href":"https:\/\/now-news.de\/de\/wp-json\/wp\/v2\/posts\/35337\/revisions"}],"wp:featuredmedia":[{"embeddable":true,"href":"https:\/\/now-news.de\/de\/wp-json\/wp\/v2\/media\/35338"}],"wp:attachment":[{"href":"https:\/\/now-news.de\/de\/wp-json\/wp\/v2\/media?parent=35337"}],"wp:term":[{"taxonomy":"category","embeddable":true,"href":"https:\/\/now-news.de\/de\/wp-json\/wp\/v2\/categories?post=35337"},{"taxonomy":"post_tag","embeddable":true,"href":"https:\/\/now-news.de\/de\/wp-json\/wp\/v2\/tags?post=35337"}],"curies":[{"name":"wp","href":"https:\/\/api.w.org\/{rel}","templated":true}]}}