{"id":35292,"date":"2023-05-03T17:33:01","date_gmt":"2023-05-03T15:33:01","guid":{"rendered":"http:\/\/just-now.news\/de\/deutschland\/taiwans-aussenminister-muessen-uns-selbst-gegen-china-verteidigen\/"},"modified":"2023-05-03T17:33:01","modified_gmt":"2023-05-03T15:33:01","slug":"taiwans-aussenminister-muessen-uns-selbst-gegen-china-verteidigen","status":"publish","type":"post","link":"https:\/\/now-news.de\/de\/deutschland\/taiwans-aussenminister-muessen-uns-selbst-gegen-china-verteidigen\/","title":{"rendered":"Taiwans Au\u00dfenminister: M\u00fcssen uns selbst gegen China verteidigen"},"content":{"rendered":"<p><img decoding=\"async\" src=\"http:\/\/just-now.news\/de\/wp-content\/uploads\/sites\/3\/2023\/05\/6452531c48fbef40c2334f4e.jpg\" \/><\/p>\n<div class=\"Text-root Text-type_1 \">\n                Der Konflikt zwischen der abtr\u00fcnnigen Insel Taiwan und China spitzt sich wieder zu. Taiwans Regierung will aber nicht von anderen L\u00e4ndern verlangen, f\u00fcr die Insel in den Krieg zu ziehen.\n            <\/div>\n<p><\/p>\n<div class=\"Text-root Text-type_5 ArticleView-text ViewText-root \">\n<p>Taiwan beabsichtige, sich in einem bewaffneten Konflikt mit China selbst zu verteidigen, und\u00a0sei sich nicht dar\u00fcber im Klaren, welche L\u00e4nder ihm dabei zur Seite stehen k\u00f6nnten, sagte der Au\u00dfenminister Jaushieh &#8220;Josef&#8221; Wu der abtr\u00fcnnigen Insel.<\/p>\n<p>Die Volksrepublik China betrachtet bekanntlich Taiwan als eine seit Jahrzehnten eine abtr\u00fcnnige Provinz. Trotz internationalen Einvernehmens in der &#8220;Ein-China-Politik&#8221; propagieren die USA derzeit zunehmend eine angebliche Bedrohung, die Volksrepublik China k\u00f6nne die Insel mit Gewalt erobern wollen.<\/p>\n<p>In einem Interview mit <em>Sky News Australia<\/em> sagte Wu am vergangenen Freitag, Taiwan m\u00fcsse sich mit seinen 23 Millionen Einwohnern im Vergleich zu Chinas 1,4 Milliarden Einwohnern selbst verteidigen und k\u00f6nne nicht von anderen L\u00e4ndern verlangen, f\u00fcr die Insel in den Krieg zu ziehen.<\/p>\n<p>Auf die Frage, wer im Falle eines Krieges mit China \u00fcberhaupt an der Seite Taiwans k\u00e4mpfen k\u00f6nnte, antwortete Wu jedoch: &#8220;Das ist eine sehr gute Frage.&#8221;<\/p>\n<p>&#8220;Viele Leute diskutieren \u00fcber strategische Zwiesp\u00e4ltigkeit oder strategische Klarheit, aber wir kennen unsere eigene Verantwortung&#8221;, sagte Wu dem Nachrichtensender aus Taipeh.<\/p>\n<p>Angesichts der Politik des &#8220;strategischen Zwiespalts&#8221; sind die USA gesetzlich nur dazu verpflichtet, Taiwan Mittel zur &#8220;Selbstverteidigung&#8221; zu liefern. Falls China Taiwan angreife, d\u00fcrfen USA nicht in diesem Konflikt intervenieren. Genauso wie im Fall der Ukraine haben die USA keine vertragliche Verpflichtung, f\u00fcr die selbsterkl\u00e4rte &#8220;Republik China&#8221; auf Taiwan in den Krieg zu ziehen. Der Pr\u00e4sident Joe Biden hat j\u00fcngst allerdings wiederholt erkl\u00e4rt, dass die US-Streitkr\u00e4fte bei der Verteidigung Taiwans helfen w\u00fcrden, auch wenn die offizielle Politik der USA unklar bleibt, ob Streitkr\u00e4fte entsandt werden.<\/p>\n<p>Der australische Verteidigungsminister Richard Marles erkl\u00e4rte im M\u00e4rz, sein Land habe keine Zusage im Rahmen eines Abkommens \u00fcber den Erwerb von Atom-U-Booten aus den USA gemacht, die USA in einem k\u00fcnftigen Konflikt um Taiwan zu unterst\u00fctzen.<\/p>\n<p>Biden und die Staats- und Regierungschefs Australiens und des Vereinigten K\u00f6nigreichs k\u00fcndigten k\u00fcrzlich an, dass Australien f\u00fcr die Modernisierung seiner Flotte atomgetriebene Angriffs-U-Boote von den USA erwerben wird, w\u00e4hrend gleichzeitig Besorgnisse \u00fcber Chinas Einfluss im Indopazifik lauter verk\u00fcndet werden.<\/p>\n<p>Die USA sind nach wie vor Taiwans engster milit\u00e4rischer und politischer Verb\u00fcndeter, obwohl es keine formellen diplomatischen Beziehungen zwischen ihnen gibt. Beamte des US-Verteidigungsministeriums haben vor einem m\u00f6glichen Konflikt in den kommenden Jahren gewarnt, und die US-Streitkr\u00e4fte haben ihre Pr\u00e4senz in Asien \u2013 j\u00fcngst auf den Philippinen \u2013 verst\u00e4rkt, um angeblich auf eine solche Eventualit\u00e4t besser reagieren zu k\u00f6nnen.<\/p>\n<p><strong>Mehr zum Thema<\/strong> &#8211; <a rel=\"nofollow noopener\" target=\"_blank\" href=\"https:\/\/test.rtde.me\/meinung\/168522-kurs-auf-konfrontation-gesetzt-deutsche\/\">Kurs auf Konfrontation gesetzt? Deutsche Politiker streiten weiter \u00fcber k\u00fcnftigen Umgang mit China<\/a><\/p>\n<div class=\"EmbedBlock-root EmbedBlock-externalVideo EmbedBlock-vk\">\n<div class=\"VkEmbed\"><iframe class=\"lazyload\" data-src=\"https:\/\/vk.com\/video_ext.php?oid=-134310637&amp;id=456266129&amp;hash=0c9afefb780c32d8\" frameborder=\"0\" width=\"853\" height=\"480\" allowfullscreen><\/iframe><\/div>\n<\/div>\n<\/div>\n<p><br \/>\n<br \/><a href=\"https:\/\/de.rt.com\/asien\/169138-taiwans-aussenminister-unklar-welche-laender\/\">Source link <\/a><\/p>\n","protected":false},"excerpt":{"rendered":"<p>Der Konflikt zwischen der abtr\u00fcnnigen Insel Taiwan und China spitzt sich wieder zu. Taiwans Regierung will aber nicht von anderen L\u00e4ndern verlangen, f\u00fcr die Insel in den Krieg zu ziehen. Taiwan beabsichtige, sich in einem bewaffneten Konflikt mit China selbst zu verteidigen, und\u00a0sei sich nicht dar\u00fcber im Klaren, welche L\u00e4nder ihm dabei zur Seite stehen [&hellip;]<\/p>\n","protected":false},"author":3,"featured_media":35293,"comment_status":"open","ping_status":"open","sticky":false,"template":"","format":"standard","meta":{"_yoast_indexnow_last_ping":["1683130735"],"wp_automatic_camp":["217"],"f6c8d7dfd1b9a91b1ac3253f70452014":["Taiwans Au\u00dfenminister: M\u00fcssen uns selbst gegen China verteidigen"],"original_link":["https:\/\/de.rt.com\/asien\/169138-taiwans-aussenminister-unklar-welche-laender\/"],"_thumbnail_id":["35293"],"jnews_social_counter_last_update":["1777327800"],"_wptgpro_p2tg_sent2tg":["a:1:{i:23737;s:19:\"2023-05-03 18:20:00\";}"]},"categories":[19,23],"tags":[13830,192,278,10623,7618,20228,311,4479],"yoast_head":"<!-- This site is optimized with the Yoast SEO Premium plugin v22.7 (Yoast SEO v22.7) - https:\/\/yoast.com\/wordpress\/plugins\/seo\/ -->\n<title>Taiwans Au\u00dfenminister: M\u00fcssen uns selbst gegen China verteidigen - just-now.NEWS Deutschland<\/title>\n<meta name=\"robots\" content=\"index, follow, max-snippet:-1, max-image-preview:large, max-video-preview:-1\" \/>\n<link rel=\"canonical\" href=\"https:\/\/now-news.de\/de\/deutschland\/taiwans-aussenminister-muessen-uns-selbst-gegen-china-verteidigen\/\" \/>\n<meta property=\"og:locale\" content=\"de_DE\" \/>\n<meta property=\"og:type\" content=\"article\" \/>\n<meta property=\"og:title\" content=\"Taiwans Au\u00dfenminister: M\u00fcssen uns selbst gegen China verteidigen\" \/>\n<meta property=\"og:description\" content=\"Der Konflikt zwischen der abtr\u00fcnnigen Insel Taiwan und China spitzt sich wieder zu. Taiwans Regierung will aber nicht von anderen L\u00e4ndern verlangen, f\u00fcr die Insel in den Krieg zu ziehen. Taiwan beabsichtige, sich in einem bewaffneten Konflikt mit China selbst zu verteidigen, und\u00a0sei sich nicht dar\u00fcber im Klaren, welche L\u00e4nder ihm dabei zur Seite stehen [&hellip;]\" \/>\n<meta property=\"og:url\" content=\"https:\/\/now-news.de\/de\/deutschland\/taiwans-aussenminister-muessen-uns-selbst-gegen-china-verteidigen\/\" \/>\n<meta property=\"og:site_name\" content=\"just-now.NEWS Deutschland\" \/>\n<meta property=\"article:publisher\" content=\"https:\/\/www.facebook.com\/wirmachenauf\" \/>\n<meta property=\"article:published_time\" content=\"2023-05-03T15:33:01+00:00\" \/>\n<meta property=\"og:image\" content=\"https:\/\/now-news.de\/de\/wp-content\/uploads\/sites\/3\/2023\/05\/Taiwans-Aussenminister-Muessen-uns-selbst-gegen-China-verteidigen.jpg\" \/>\n\t<meta property=\"og:image:width\" content=\"460\" \/>\n\t<meta property=\"og:image:height\" content=\"259\" \/>\n\t<meta property=\"og:image:type\" content=\"image\/jpeg\" \/>\n<meta name=\"author\" content=\"rtnews\" \/>\n<meta name=\"twitter:card\" content=\"summary_large_image\" \/>\n<meta name=\"twitter:creator\" content=\"@WirMachenAuf_de\" \/>\n<meta name=\"twitter:site\" content=\"@WirMachenAuf_de\" \/>\n<meta name=\"twitter:label1\" content=\"Verfasst von\" \/>\n\t<meta name=\"twitter:data1\" content=\"rtnews\" \/>\n\t<meta name=\"twitter:label2\" content=\"Gesch\u00e4tzte Lesezeit\" \/>\n\t<meta name=\"twitter:data2\" content=\"2\u00a0Minuten\" \/>\n<script type=\"application\/ld+json\" class=\"yoast-schema-graph\">{\"@context\":\"https:\/\/schema.org\",\"@graph\":[{\"@type\":\"Article\",\"@id\":\"https:\/\/now-news.de\/de\/deutschland\/taiwans-aussenminister-muessen-uns-selbst-gegen-china-verteidigen\/#article\",\"isPartOf\":{\"@id\":\"https:\/\/now-news.de\/de\/deutschland\/taiwans-aussenminister-muessen-uns-selbst-gegen-china-verteidigen\/\"},\"author\":{\"name\":\"rtnews\",\"@id\":\"https:\/\/now-news.de\/de\/#\/schema\/person\/fb534a4e865501d8b3285208df34a9b5\"},\"headline\":\"Taiwans Au\u00dfenminister: M\u00fcssen uns selbst gegen China verteidigen\",\"datePublished\":\"2023-05-03T15:33:01+00:00\",\"dateModified\":\"2023-05-03T15:33:01+00:00\",\"mainEntityOfPage\":{\"@id\":\"https:\/\/now-news.de\/de\/deutschland\/taiwans-aussenminister-muessen-uns-selbst-gegen-china-verteidigen\/\"},\"wordCount\":485,\"commentCount\":0,\"publisher\":{\"@id\":\"https:\/\/now-news.de\/de\/#organization\"},\"image\":{\"@id\":\"https:\/\/now-news.de\/de\/deutschland\/taiwans-aussenminister-muessen-uns-selbst-gegen-china-verteidigen\/#primaryimage\"},\"thumbnailUrl\":\"https:\/\/now-news.de\/de\/wp-content\/uploads\/sites\/3\/2023\/05\/Taiwans-Aussenminister-Muessen-uns-selbst-gegen-China-verteidigen.jpg\",\"keywords\":[\"Au\u00dfenminister\",\"China\",\"gegen\",\"m\u00fcssen\",\"selbst\",\"Taiwans\",\"uns\",\"verteidigen\"],\"articleSection\":[\"Deutschland\",\"Russland\"],\"inLanguage\":\"de\",\"potentialAction\":[{\"@type\":\"CommentAction\",\"name\":\"Comment\",\"target\":[\"https:\/\/now-news.de\/de\/deutschland\/taiwans-aussenminister-muessen-uns-selbst-gegen-china-verteidigen\/#respond\"]}]},{\"@type\":\"WebPage\",\"@id\":\"https:\/\/now-news.de\/de\/deutschland\/taiwans-aussenminister-muessen-uns-selbst-gegen-china-verteidigen\/\",\"url\":\"https:\/\/now-news.de\/de\/deutschland\/taiwans-aussenminister-muessen-uns-selbst-gegen-china-verteidigen\/\",\"name\":\"Taiwans Au\u00dfenminister: M\u00fcssen uns selbst gegen China verteidigen - just-now.NEWS Deutschland\",\"isPartOf\":{\"@id\":\"https:\/\/now-news.de\/de\/#website\"},\"primaryImageOfPage\":{\"@id\":\"https:\/\/now-news.de\/de\/deutschland\/taiwans-aussenminister-muessen-uns-selbst-gegen-china-verteidigen\/#primaryimage\"},\"image\":{\"@id\":\"https:\/\/now-news.de\/de\/deutschland\/taiwans-aussenminister-muessen-uns-selbst-gegen-china-verteidigen\/#primaryimage\"},\"thumbnailUrl\":\"https:\/\/now-news.de\/de\/wp-content\/uploads\/sites\/3\/2023\/05\/Taiwans-Aussenminister-Muessen-uns-selbst-gegen-China-verteidigen.jpg\",\"datePublished\":\"2023-05-03T15:33:01+00:00\",\"dateModified\":\"2023-05-03T15:33:01+00:00\",\"breadcrumb\":{\"@id\":\"https:\/\/now-news.de\/de\/deutschland\/taiwans-aussenminister-muessen-uns-selbst-gegen-china-verteidigen\/#breadcrumb\"},\"inLanguage\":\"de\",\"potentialAction\":[{\"@type\":\"ReadAction\",\"target\":[\"https:\/\/now-news.de\/de\/deutschland\/taiwans-aussenminister-muessen-uns-selbst-gegen-china-verteidigen\/\"]}]},{\"@type\":\"ImageObject\",\"inLanguage\":\"de\",\"@id\":\"https:\/\/now-news.de\/de\/deutschland\/taiwans-aussenminister-muessen-uns-selbst-gegen-china-verteidigen\/#primaryimage\",\"url\":\"https:\/\/now-news.de\/de\/wp-content\/uploads\/sites\/3\/2023\/05\/Taiwans-Aussenminister-Muessen-uns-selbst-gegen-China-verteidigen.jpg\",\"contentUrl\":\"https:\/\/now-news.de\/de\/wp-content\/uploads\/sites\/3\/2023\/05\/Taiwans-Aussenminister-Muessen-uns-selbst-gegen-China-verteidigen.jpg\",\"width\":460,\"height\":259,\"caption\":\"Taiwans Au\u00dfenminister: M\u00fcssen uns selbst gegen China verteidigen\"},{\"@type\":\"BreadcrumbList\",\"@id\":\"https:\/\/now-news.de\/de\/deutschland\/taiwans-aussenminister-muessen-uns-selbst-gegen-china-verteidigen\/#breadcrumb\",\"itemListElement\":[{\"@type\":\"ListItem\",\"position\":1,\"name\":\"Home\",\"item\":\"https:\/\/now-news.de\/de\/\"},{\"@type\":\"ListItem\",\"position\":2,\"name\":\"Taiwans Au\u00dfenminister: M\u00fcssen uns selbst gegen China verteidigen\"}]},{\"@type\":\"WebSite\",\"@id\":\"https:\/\/now-news.de\/de\/#website\",\"url\":\"https:\/\/now-news.de\/de\/\",\"name\":\"just-now.NEWS Deutschland\",\"description\":\"Das Portal f\u00fcr unzensierte Nachrichten aus der Welt\",\"publisher\":{\"@id\":\"https:\/\/now-news.de\/de\/#organization\"},\"potentialAction\":[{\"@type\":\"SearchAction\",\"target\":{\"@type\":\"EntryPoint\",\"urlTemplate\":\"https:\/\/now-news.de\/de\/?s={search_term_string}\"},\"query-input\":\"required name=search_term_string\"}],\"inLanguage\":\"de\"},{\"@type\":\"Organization\",\"@id\":\"https:\/\/now-news.de\/de\/#organization\",\"name\":\"Just Now News\",\"url\":\"https:\/\/now-news.de\/de\/\",\"logo\":{\"@type\":\"ImageObject\",\"inLanguage\":\"de\",\"@id\":\"https:\/\/now-news.de\/de\/#\/schema\/logo\/image\/\",\"url\":\"http:\/\/just-now.news\/de\/wp-content\/uploads\/sites\/3\/2022\/04\/logo500x500.jpg\",\"contentUrl\":\"http:\/\/just-now.news\/de\/wp-content\/uploads\/sites\/3\/2022\/04\/logo500x500.jpg\",\"width\":500,\"height\":500,\"caption\":\"Just Now News\"},\"image\":{\"@id\":\"https:\/\/now-news.de\/de\/#\/schema\/logo\/image\/\"},\"sameAs\":[\"https:\/\/www.facebook.com\/wirmachenauf\",\"https:\/\/x.com\/WirMachenAuf_de\"]},{\"@type\":\"Person\",\"@id\":\"https:\/\/now-news.de\/de\/#\/schema\/person\/fb534a4e865501d8b3285208df34a9b5\",\"name\":\"rtnews\",\"image\":{\"@type\":\"ImageObject\",\"inLanguage\":\"de\",\"@id\":\"https:\/\/now-news.de\/de\/#\/schema\/person\/image\/\",\"url\":\"https:\/\/secure.gravatar.com\/avatar\/82aafea7d8127119dd649515f56e2117?s=96&d=mm&r=g\",\"contentUrl\":\"https:\/\/secure.gravatar.com\/avatar\/82aafea7d8127119dd649515f56e2117?s=96&d=mm&r=g\",\"caption\":\"rtnews\"},\"url\":\"https:\/\/now-news.de\/de\/author\/rnews\/\"}]}<\/script>\n<!-- \/ Yoast SEO Premium plugin. -->","yoast_head_json":{"title":"Taiwans Au\u00dfenminister: M\u00fcssen uns selbst gegen China verteidigen - just-now.NEWS Deutschland","robots":{"index":"index","follow":"follow","max-snippet":"max-snippet:-1","max-image-preview":"max-image-preview:large","max-video-preview":"max-video-preview:-1"},"canonical":"https:\/\/now-news.de\/de\/deutschland\/taiwans-aussenminister-muessen-uns-selbst-gegen-china-verteidigen\/","og_locale":"de_DE","og_type":"article","og_title":"Taiwans Au\u00dfenminister: M\u00fcssen uns selbst gegen China verteidigen","og_description":"Der Konflikt zwischen der abtr\u00fcnnigen Insel Taiwan und China spitzt sich wieder zu. Taiwans Regierung will aber nicht von anderen L\u00e4ndern verlangen, f\u00fcr die Insel in den Krieg zu ziehen. Taiwan beabsichtige, sich in einem bewaffneten Konflikt mit China selbst zu verteidigen, und\u00a0sei sich nicht dar\u00fcber im Klaren, welche L\u00e4nder ihm dabei zur Seite stehen [&hellip;]","og_url":"https:\/\/now-news.de\/de\/deutschland\/taiwans-aussenminister-muessen-uns-selbst-gegen-china-verteidigen\/","og_site_name":"just-now.NEWS Deutschland","article_publisher":"https:\/\/www.facebook.com\/wirmachenauf","article_published_time":"2023-05-03T15:33:01+00:00","og_image":[{"width":460,"height":259,"url":"https:\/\/now-news.de\/de\/wp-content\/uploads\/sites\/3\/2023\/05\/Taiwans-Aussenminister-Muessen-uns-selbst-gegen-China-verteidigen.jpg","type":"image\/jpeg"}],"author":"rtnews","twitter_card":"summary_large_image","twitter_creator":"@WirMachenAuf_de","twitter_site":"@WirMachenAuf_de","twitter_misc":{"Verfasst von":"rtnews","Gesch\u00e4tzte Lesezeit":"2\u00a0Minuten"},"schema":{"@context":"https:\/\/schema.org","@graph":[{"@type":"Article","@id":"https:\/\/now-news.de\/de\/deutschland\/taiwans-aussenminister-muessen-uns-selbst-gegen-china-verteidigen\/#article","isPartOf":{"@id":"https:\/\/now-news.de\/de\/deutschland\/taiwans-aussenminister-muessen-uns-selbst-gegen-china-verteidigen\/"},"author":{"name":"rtnews","@id":"https:\/\/now-news.de\/de\/#\/schema\/person\/fb534a4e865501d8b3285208df34a9b5"},"headline":"Taiwans Au\u00dfenminister: M\u00fcssen uns selbst gegen China verteidigen","datePublished":"2023-05-03T15:33:01+00:00","dateModified":"2023-05-03T15:33:01+00:00","mainEntityOfPage":{"@id":"https:\/\/now-news.de\/de\/deutschland\/taiwans-aussenminister-muessen-uns-selbst-gegen-china-verteidigen\/"},"wordCount":485,"commentCount":0,"publisher":{"@id":"https:\/\/now-news.de\/de\/#organization"},"image":{"@id":"https:\/\/now-news.de\/de\/deutschland\/taiwans-aussenminister-muessen-uns-selbst-gegen-china-verteidigen\/#primaryimage"},"thumbnailUrl":"https:\/\/now-news.de\/de\/wp-content\/uploads\/sites\/3\/2023\/05\/Taiwans-Aussenminister-Muessen-uns-selbst-gegen-China-verteidigen.jpg","keywords":["Au\u00dfenminister","China","gegen","m\u00fcssen","selbst","Taiwans","uns","verteidigen"],"articleSection":["Deutschland","Russland"],"inLanguage":"de","potentialAction":[{"@type":"CommentAction","name":"Comment","target":["https:\/\/now-news.de\/de\/deutschland\/taiwans-aussenminister-muessen-uns-selbst-gegen-china-verteidigen\/#respond"]}]},{"@type":"WebPage","@id":"https:\/\/now-news.de\/de\/deutschland\/taiwans-aussenminister-muessen-uns-selbst-gegen-china-verteidigen\/","url":"https:\/\/now-news.de\/de\/deutschland\/taiwans-aussenminister-muessen-uns-selbst-gegen-china-verteidigen\/","name":"Taiwans Au\u00dfenminister: M\u00fcssen uns selbst gegen China verteidigen - just-now.NEWS Deutschland","isPartOf":{"@id":"https:\/\/now-news.de\/de\/#website"},"primaryImageOfPage":{"@id":"https:\/\/now-news.de\/de\/deutschland\/taiwans-aussenminister-muessen-uns-selbst-gegen-china-verteidigen\/#primaryimage"},"image":{"@id":"https:\/\/now-news.de\/de\/deutschland\/taiwans-aussenminister-muessen-uns-selbst-gegen-china-verteidigen\/#primaryimage"},"thumbnailUrl":"https:\/\/now-news.de\/de\/wp-content\/uploads\/sites\/3\/2023\/05\/Taiwans-Aussenminister-Muessen-uns-selbst-gegen-China-verteidigen.jpg","datePublished":"2023-05-03T15:33:01+00:00","dateModified":"2023-05-03T15:33:01+00:00","breadcrumb":{"@id":"https:\/\/now-news.de\/de\/deutschland\/taiwans-aussenminister-muessen-uns-selbst-gegen-china-verteidigen\/#breadcrumb"},"inLanguage":"de","potentialAction":[{"@type":"ReadAction","target":["https:\/\/now-news.de\/de\/deutschland\/taiwans-aussenminister-muessen-uns-selbst-gegen-china-verteidigen\/"]}]},{"@type":"ImageObject","inLanguage":"de","@id":"https:\/\/now-news.de\/de\/deutschland\/taiwans-aussenminister-muessen-uns-selbst-gegen-china-verteidigen\/#primaryimage","url":"https:\/\/now-news.de\/de\/wp-content\/uploads\/sites\/3\/2023\/05\/Taiwans-Aussenminister-Muessen-uns-selbst-gegen-China-verteidigen.jpg","contentUrl":"https:\/\/now-news.de\/de\/wp-content\/uploads\/sites\/3\/2023\/05\/Taiwans-Aussenminister-Muessen-uns-selbst-gegen-China-verteidigen.jpg","width":460,"height":259,"caption":"Taiwans Au\u00dfenminister: M\u00fcssen uns selbst gegen China verteidigen"},{"@type":"BreadcrumbList","@id":"https:\/\/now-news.de\/de\/deutschland\/taiwans-aussenminister-muessen-uns-selbst-gegen-china-verteidigen\/#breadcrumb","itemListElement":[{"@type":"ListItem","position":1,"name":"Home","item":"https:\/\/now-news.de\/de\/"},{"@type":"ListItem","position":2,"name":"Taiwans Au\u00dfenminister: M\u00fcssen uns selbst gegen China verteidigen"}]},{"@type":"WebSite","@id":"https:\/\/now-news.de\/de\/#website","url":"https:\/\/now-news.de\/de\/","name":"just-now.NEWS Deutschland","description":"Das Portal f\u00fcr unzensierte Nachrichten aus der Welt","publisher":{"@id":"https:\/\/now-news.de\/de\/#organization"},"potentialAction":[{"@type":"SearchAction","target":{"@type":"EntryPoint","urlTemplate":"https:\/\/now-news.de\/de\/?s={search_term_string}"},"query-input":"required name=search_term_string"}],"inLanguage":"de"},{"@type":"Organization","@id":"https:\/\/now-news.de\/de\/#organization","name":"Just Now News","url":"https:\/\/now-news.de\/de\/","logo":{"@type":"ImageObject","inLanguage":"de","@id":"https:\/\/now-news.de\/de\/#\/schema\/logo\/image\/","url":"http:\/\/just-now.news\/de\/wp-content\/uploads\/sites\/3\/2022\/04\/logo500x500.jpg","contentUrl":"http:\/\/just-now.news\/de\/wp-content\/uploads\/sites\/3\/2022\/04\/logo500x500.jpg","width":500,"height":500,"caption":"Just Now News"},"image":{"@id":"https:\/\/now-news.de\/de\/#\/schema\/logo\/image\/"},"sameAs":["https:\/\/www.facebook.com\/wirmachenauf","https:\/\/x.com\/WirMachenAuf_de"]},{"@type":"Person","@id":"https:\/\/now-news.de\/de\/#\/schema\/person\/fb534a4e865501d8b3285208df34a9b5","name":"rtnews","image":{"@type":"ImageObject","inLanguage":"de","@id":"https:\/\/now-news.de\/de\/#\/schema\/person\/image\/","url":"https:\/\/secure.gravatar.com\/avatar\/82aafea7d8127119dd649515f56e2117?s=96&d=mm&r=g","contentUrl":"https:\/\/secure.gravatar.com\/avatar\/82aafea7d8127119dd649515f56e2117?s=96&d=mm&r=g","caption":"rtnews"},"url":"https:\/\/now-news.de\/de\/author\/rnews\/"}]}},"_links":{"self":[{"href":"https:\/\/now-news.de\/de\/wp-json\/wp\/v2\/posts\/35292"}],"collection":[{"href":"https:\/\/now-news.de\/de\/wp-json\/wp\/v2\/posts"}],"about":[{"href":"https:\/\/now-news.de\/de\/wp-json\/wp\/v2\/types\/post"}],"author":[{"embeddable":true,"href":"https:\/\/now-news.de\/de\/wp-json\/wp\/v2\/users\/3"}],"replies":[{"embeddable":true,"href":"https:\/\/now-news.de\/de\/wp-json\/wp\/v2\/comments?post=35292"}],"version-history":[{"count":0,"href":"https:\/\/now-news.de\/de\/wp-json\/wp\/v2\/posts\/35292\/revisions"}],"wp:featuredmedia":[{"embeddable":true,"href":"https:\/\/now-news.de\/de\/wp-json\/wp\/v2\/media\/35293"}],"wp:attachment":[{"href":"https:\/\/now-news.de\/de\/wp-json\/wp\/v2\/media?parent=35292"}],"wp:term":[{"taxonomy":"category","embeddable":true,"href":"https:\/\/now-news.de\/de\/wp-json\/wp\/v2\/categories?post=35292"},{"taxonomy":"post_tag","embeddable":true,"href":"https:\/\/now-news.de\/de\/wp-json\/wp\/v2\/tags?post=35292"}],"curies":[{"name":"wp","href":"https:\/\/api.w.org\/{rel}","templated":true}]}}