{"id":35284,"date":"2023-05-03T17:03:52","date_gmt":"2023-05-03T15:03:52","guid":{"rendered":"https:\/\/just-now.news\/de\/deutschland\/tuerkei-sperrt-luftraum-fuer-armenische-flugzeuge\/"},"modified":"2023-05-03T17:03:52","modified_gmt":"2023-05-03T15:03:52","slug":"tuerkei-sperrt-luftraum-fuer-armenische-flugzeuge","status":"publish","type":"post","link":"https:\/\/now-news.de\/de\/deutschland\/tuerkei-sperrt-luftraum-fuer-armenische-flugzeuge\/","title":{"rendered":"T\u00fcrkei sperrt Luftraum f\u00fcr armenische Flugzeuge"},"content":{"rendered":"<p><img decoding=\"async\" src=\"http:\/\/just-now.news\/de\/wp-content\/uploads\/sites\/3\/2023\/05\/6452550048fbef40c2334f55.jpg\" \/><\/p>\n<div class=\"Text-root Text-type_1 \">\n                Der t\u00fcrkische Au\u00dfenminister, Mevl\u00fct \u00c7avu\u015fo\u011flu, best\u00e4tigte die Sperrung des t\u00fcrkischen Luftraums f\u00fcr Armenien. Er bezeichnete die Entscheidung als Reaktion auf eine &#8220;Provokation&#8221; \u2013 die Errichtung eines Denkmals f\u00fcr diejenigen, die die Anf\u00fchrer des V\u00f6lkermords an den Armeniern get\u00f6tet hatten.\n            <\/div>\n<p><\/p>\n<div class=\"Text-root Text-type_5 ArticleView-text ViewText-root \">\n<p>Die T\u00fcrkei hat ihren Luftraum f\u00fcr armenische Flugzeuge gesperrt. Dies <a rel=\"nofollow noopener\" target=\"_blank\" href=\"https:\/\/www.ntv.com.tr\/dunya\/bakan-cavusoglu-turk-hava-sahasi-ermenistan-ucaklarina-kapatildi,Oi0UuyhP8kqDYdklhpj9YA\">gab<\/a> der t\u00fcrkische Au\u00dfenminister, Mevl\u00fct \u00c7avu\u015fo\u011flu, im Fernsehsender <em>NTV<\/em> bekannt. Zugleich f\u00fcgte er hinzu:<strong><\/strong><\/p>\n<blockquote>\n<p><em>&#8220;Nur der Sprecher des armenischen Parlaments wird zu einem Treffen in die T\u00fcrkei kommen \u2013 wir haben ihn ausnahmsweise zugelassen.&#8221;<\/em><\/p>\n<\/blockquote>\n<p>\u00c7avu\u015fo\u011flu versprach, dass Ankara zus\u00e4tzliche Ma\u00dfnahmen ergreifen werde, wenn Jerewan &#8220;[die Provokationen] fortsetzt.&#8221;<\/p>\n<p>Letzte Woche hatten die t\u00fcrkischen Beh\u00f6rden den Luftraum f\u00fcr Flugzeuge von FlyOne Armenia gesperrt, die nach Europa fliegen. Der Vorstandsvorsitzende des Unternehmens, Aram Ananjan, sagte, die Gr\u00fcnde f\u00fcr diese Entscheidung seien f\u00fcr die armenische Seite unklar und die t\u00fcrkischen Beh\u00f6rden h\u00e4tten die Fluggesellschaften nicht im Voraus \u00fcber die Sperrung des Luftraumes informiert.<\/p>\n<p>Die T\u00fcrkei betrachtete die Einweihung eines Denkmals in Jerewan, f\u00fcr die Teilnehmer der &#8220;Nemesis&#8221;-Operation zur Rache an den Organisatoren des armenischen V\u00f6lkermordes, als &#8220;Provokation&#8221;. Ankara verurteilte die Errichtung eines &#8220;sch\u00e4ndlichen Denkmals&#8221;, das &#8220;eine blutige Operation verherrlicht, die abscheulichen terroristischen Anschl\u00e4gen T\u00fcr und Tor ge\u00f6ffnet hat.&#8221; Die T\u00fcrkei und Aserbaidschan erkennen den osmanischen V\u00f6lkermord an den Armeniern nicht an.<\/p>\n<p>Bei den Massenmorden an den Armeniern im Osmanischen Reich starben nach Sch\u00e4tzungen zwischen 660.000 und 1,5 Millionen Menschen. Jedes Jahr am 24. April wird der Gedenktag f\u00fcr den V\u00f6lkermord an den Armeniern begangen.<\/p>\n<p><strong>Mehr zum Thema<\/strong> &#8211; <a rel=\"nofollow noopener\" target=\"_blank\" href=\"https:\/\/freeassange.rtde.me\/meinung\/160255-paschinjan-riskiert-armenischen-staat\/\">Paschinjan riskiert den armenischen Staat<\/a><\/p>\n<\/div>\n<p><br \/>\n<br \/><a href=\"https:\/\/de.rt.com\/international\/169151-tuerkei-sperrt-luftraum-fuer-armenische\/\">Source link <\/a><\/p>\n","protected":false},"excerpt":{"rendered":"<p>Der t\u00fcrkische Au\u00dfenminister, Mevl\u00fct \u00c7avu\u015fo\u011flu, best\u00e4tigte die Sperrung des t\u00fcrkischen Luftraums f\u00fcr Armenien. Er bezeichnete die Entscheidung als Reaktion auf eine &#8220;Provokation&#8221; \u2013 die Errichtung eines Denkmals f\u00fcr diejenigen, die die Anf\u00fchrer des V\u00f6lkermords an den Armeniern get\u00f6tet hatten. Die T\u00fcrkei hat ihren Luftraum f\u00fcr armenische Flugzeuge gesperrt. Dies gab der t\u00fcrkische Au\u00dfenminister, Mevl\u00fct \u00c7avu\u015fo\u011flu, [&hellip;]<\/p>\n","protected":false},"author":3,"featured_media":35285,"comment_status":"open","ping_status":"open","sticky":false,"template":"","format":"standard","meta":{"_yoast_indexnow_last_ping":["1683126775"],"wp_automatic_camp":["217"],"a2ef4a3271c4c745e6c24a215042ca89":["T\u00fcrkei sperrt Luftraum f\u00fcr armenische Flugzeuge"],"original_link":["https:\/\/de.rt.com\/international\/169151-tuerkei-sperrt-luftraum-fuer-armenische\/"],"_thumbnail_id":["35285"],"_wptgpro_p2tg_sent2tg":["a:1:{i:23737;s:19:\"2023-05-03 17:13:56\";}"],"jnews_social_counter_last_update":["1777187883"]},"categories":[19,23],"tags":[32730,13842,221,9895,9894,1897],"yoast_head":"<!-- This site is optimized with the Yoast SEO Premium plugin v22.7 (Yoast SEO v22.7) - https:\/\/yoast.com\/wordpress\/plugins\/seo\/ -->\n<title>T\u00fcrkei sperrt Luftraum f\u00fcr armenische Flugzeuge - just-now.NEWS Deutschland<\/title>\n<meta name=\"robots\" content=\"index, follow, max-snippet:-1, max-image-preview:large, max-video-preview:-1\" \/>\n<link rel=\"canonical\" href=\"https:\/\/now-news.de\/de\/deutschland\/tuerkei-sperrt-luftraum-fuer-armenische-flugzeuge\/\" \/>\n<meta property=\"og:locale\" content=\"de_DE\" \/>\n<meta property=\"og:type\" content=\"article\" \/>\n<meta property=\"og:title\" content=\"T\u00fcrkei sperrt Luftraum f\u00fcr armenische Flugzeuge\" \/>\n<meta property=\"og:description\" content=\"Der t\u00fcrkische Au\u00dfenminister, Mevl\u00fct \u00c7avu\u015fo\u011flu, best\u00e4tigte die Sperrung des t\u00fcrkischen Luftraums f\u00fcr Armenien. Er bezeichnete die Entscheidung als Reaktion auf eine &#8220;Provokation&#8221; \u2013 die Errichtung eines Denkmals f\u00fcr diejenigen, die die Anf\u00fchrer des V\u00f6lkermords an den Armeniern get\u00f6tet hatten. Die T\u00fcrkei hat ihren Luftraum f\u00fcr armenische Flugzeuge gesperrt. Dies gab der t\u00fcrkische Au\u00dfenminister, Mevl\u00fct \u00c7avu\u015fo\u011flu, [&hellip;]\" \/>\n<meta property=\"og:url\" content=\"https:\/\/now-news.de\/de\/deutschland\/tuerkei-sperrt-luftraum-fuer-armenische-flugzeuge\/\" \/>\n<meta property=\"og:site_name\" content=\"just-now.NEWS Deutschland\" \/>\n<meta property=\"article:publisher\" content=\"https:\/\/www.facebook.com\/wirmachenauf\" \/>\n<meta property=\"article:published_time\" content=\"2023-05-03T15:03:52+00:00\" \/>\n<meta property=\"og:image\" content=\"https:\/\/now-news.de\/de\/wp-content\/uploads\/sites\/3\/2023\/05\/Tuerkei-sperrt-Luftraum-fuer-armenische-Flugzeuge.jpg\" \/>\n\t<meta property=\"og:image:width\" content=\"460\" \/>\n\t<meta property=\"og:image:height\" content=\"259\" \/>\n\t<meta property=\"og:image:type\" content=\"image\/jpeg\" \/>\n<meta name=\"author\" content=\"rtnews\" \/>\n<meta name=\"twitter:card\" content=\"summary_large_image\" \/>\n<meta name=\"twitter:creator\" content=\"@WirMachenAuf_de\" \/>\n<meta name=\"twitter:site\" content=\"@WirMachenAuf_de\" \/>\n<meta name=\"twitter:label1\" content=\"Verfasst von\" \/>\n\t<meta name=\"twitter:data1\" content=\"rtnews\" \/>\n\t<meta name=\"twitter:label2\" content=\"Gesch\u00e4tzte Lesezeit\" \/>\n\t<meta name=\"twitter:data2\" content=\"1\u00a0Minute\" \/>\n<script type=\"application\/ld+json\" class=\"yoast-schema-graph\">{\"@context\":\"https:\/\/schema.org\",\"@graph\":[{\"@type\":\"Article\",\"@id\":\"https:\/\/now-news.de\/de\/deutschland\/tuerkei-sperrt-luftraum-fuer-armenische-flugzeuge\/#article\",\"isPartOf\":{\"@id\":\"https:\/\/now-news.de\/de\/deutschland\/tuerkei-sperrt-luftraum-fuer-armenische-flugzeuge\/\"},\"author\":{\"name\":\"rtnews\",\"@id\":\"https:\/\/now-news.de\/de\/#\/schema\/person\/fb534a4e865501d8b3285208df34a9b5\"},\"headline\":\"T\u00fcrkei sperrt Luftraum f\u00fcr armenische Flugzeuge\",\"datePublished\":\"2023-05-03T15:03:52+00:00\",\"dateModified\":\"2023-05-03T15:03:52+00:00\",\"mainEntityOfPage\":{\"@id\":\"https:\/\/now-news.de\/de\/deutschland\/tuerkei-sperrt-luftraum-fuer-armenische-flugzeuge\/\"},\"wordCount\":301,\"commentCount\":0,\"publisher\":{\"@id\":\"https:\/\/now-news.de\/de\/#organization\"},\"image\":{\"@id\":\"https:\/\/now-news.de\/de\/deutschland\/tuerkei-sperrt-luftraum-fuer-armenische-flugzeuge\/#primaryimage\"},\"thumbnailUrl\":\"https:\/\/now-news.de\/de\/wp-content\/uploads\/sites\/3\/2023\/05\/Tuerkei-sperrt-Luftraum-fuer-armenische-Flugzeuge.jpg\",\"keywords\":[\"armenische\",\"Flugzeuge\",\"f\u00fcr\",\"Luftraum\",\"sperrt\",\"T\u00fcrkei\"],\"articleSection\":[\"Deutschland\",\"Russland\"],\"inLanguage\":\"de\",\"potentialAction\":[{\"@type\":\"CommentAction\",\"name\":\"Comment\",\"target\":[\"https:\/\/now-news.de\/de\/deutschland\/tuerkei-sperrt-luftraum-fuer-armenische-flugzeuge\/#respond\"]}]},{\"@type\":\"WebPage\",\"@id\":\"https:\/\/now-news.de\/de\/deutschland\/tuerkei-sperrt-luftraum-fuer-armenische-flugzeuge\/\",\"url\":\"https:\/\/now-news.de\/de\/deutschland\/tuerkei-sperrt-luftraum-fuer-armenische-flugzeuge\/\",\"name\":\"T\u00fcrkei sperrt Luftraum f\u00fcr armenische Flugzeuge - just-now.NEWS Deutschland\",\"isPartOf\":{\"@id\":\"https:\/\/now-news.de\/de\/#website\"},\"primaryImageOfPage\":{\"@id\":\"https:\/\/now-news.de\/de\/deutschland\/tuerkei-sperrt-luftraum-fuer-armenische-flugzeuge\/#primaryimage\"},\"image\":{\"@id\":\"https:\/\/now-news.de\/de\/deutschland\/tuerkei-sperrt-luftraum-fuer-armenische-flugzeuge\/#primaryimage\"},\"thumbnailUrl\":\"https:\/\/now-news.de\/de\/wp-content\/uploads\/sites\/3\/2023\/05\/Tuerkei-sperrt-Luftraum-fuer-armenische-Flugzeuge.jpg\",\"datePublished\":\"2023-05-03T15:03:52+00:00\",\"dateModified\":\"2023-05-03T15:03:52+00:00\",\"breadcrumb\":{\"@id\":\"https:\/\/now-news.de\/de\/deutschland\/tuerkei-sperrt-luftraum-fuer-armenische-flugzeuge\/#breadcrumb\"},\"inLanguage\":\"de\",\"potentialAction\":[{\"@type\":\"ReadAction\",\"target\":[\"https:\/\/now-news.de\/de\/deutschland\/tuerkei-sperrt-luftraum-fuer-armenische-flugzeuge\/\"]}]},{\"@type\":\"ImageObject\",\"inLanguage\":\"de\",\"@id\":\"https:\/\/now-news.de\/de\/deutschland\/tuerkei-sperrt-luftraum-fuer-armenische-flugzeuge\/#primaryimage\",\"url\":\"https:\/\/now-news.de\/de\/wp-content\/uploads\/sites\/3\/2023\/05\/Tuerkei-sperrt-Luftraum-fuer-armenische-Flugzeuge.jpg\",\"contentUrl\":\"https:\/\/now-news.de\/de\/wp-content\/uploads\/sites\/3\/2023\/05\/Tuerkei-sperrt-Luftraum-fuer-armenische-Flugzeuge.jpg\",\"width\":460,\"height\":259,\"caption\":\"T\u00fcrkei sperrt Luftraum f\u00fcr armenische Flugzeuge\"},{\"@type\":\"BreadcrumbList\",\"@id\":\"https:\/\/now-news.de\/de\/deutschland\/tuerkei-sperrt-luftraum-fuer-armenische-flugzeuge\/#breadcrumb\",\"itemListElement\":[{\"@type\":\"ListItem\",\"position\":1,\"name\":\"Home\",\"item\":\"https:\/\/now-news.de\/de\/\"},{\"@type\":\"ListItem\",\"position\":2,\"name\":\"T\u00fcrkei sperrt Luftraum f\u00fcr armenische Flugzeuge\"}]},{\"@type\":\"WebSite\",\"@id\":\"https:\/\/now-news.de\/de\/#website\",\"url\":\"https:\/\/now-news.de\/de\/\",\"name\":\"just-now.NEWS Deutschland\",\"description\":\"Das Portal f\u00fcr unzensierte Nachrichten aus der Welt\",\"publisher\":{\"@id\":\"https:\/\/now-news.de\/de\/#organization\"},\"potentialAction\":[{\"@type\":\"SearchAction\",\"target\":{\"@type\":\"EntryPoint\",\"urlTemplate\":\"https:\/\/now-news.de\/de\/?s={search_term_string}\"},\"query-input\":\"required name=search_term_string\"}],\"inLanguage\":\"de\"},{\"@type\":\"Organization\",\"@id\":\"https:\/\/now-news.de\/de\/#organization\",\"name\":\"Just Now News\",\"url\":\"https:\/\/now-news.de\/de\/\",\"logo\":{\"@type\":\"ImageObject\",\"inLanguage\":\"de\",\"@id\":\"https:\/\/now-news.de\/de\/#\/schema\/logo\/image\/\",\"url\":\"http:\/\/just-now.news\/de\/wp-content\/uploads\/sites\/3\/2022\/04\/logo500x500.jpg\",\"contentUrl\":\"http:\/\/just-now.news\/de\/wp-content\/uploads\/sites\/3\/2022\/04\/logo500x500.jpg\",\"width\":500,\"height\":500,\"caption\":\"Just Now News\"},\"image\":{\"@id\":\"https:\/\/now-news.de\/de\/#\/schema\/logo\/image\/\"},\"sameAs\":[\"https:\/\/www.facebook.com\/wirmachenauf\",\"https:\/\/x.com\/WirMachenAuf_de\"]},{\"@type\":\"Person\",\"@id\":\"https:\/\/now-news.de\/de\/#\/schema\/person\/fb534a4e865501d8b3285208df34a9b5\",\"name\":\"rtnews\",\"image\":{\"@type\":\"ImageObject\",\"inLanguage\":\"de\",\"@id\":\"https:\/\/now-news.de\/de\/#\/schema\/person\/image\/\",\"url\":\"https:\/\/secure.gravatar.com\/avatar\/82aafea7d8127119dd649515f56e2117?s=96&d=mm&r=g\",\"contentUrl\":\"https:\/\/secure.gravatar.com\/avatar\/82aafea7d8127119dd649515f56e2117?s=96&d=mm&r=g\",\"caption\":\"rtnews\"},\"url\":\"https:\/\/now-news.de\/de\/author\/rnews\/\"}]}<\/script>\n<!-- \/ Yoast SEO Premium plugin. -->","yoast_head_json":{"title":"T\u00fcrkei sperrt Luftraum f\u00fcr armenische Flugzeuge - just-now.NEWS Deutschland","robots":{"index":"index","follow":"follow","max-snippet":"max-snippet:-1","max-image-preview":"max-image-preview:large","max-video-preview":"max-video-preview:-1"},"canonical":"https:\/\/now-news.de\/de\/deutschland\/tuerkei-sperrt-luftraum-fuer-armenische-flugzeuge\/","og_locale":"de_DE","og_type":"article","og_title":"T\u00fcrkei sperrt Luftraum f\u00fcr armenische Flugzeuge","og_description":"Der t\u00fcrkische Au\u00dfenminister, Mevl\u00fct \u00c7avu\u015fo\u011flu, best\u00e4tigte die Sperrung des t\u00fcrkischen Luftraums f\u00fcr Armenien. Er bezeichnete die Entscheidung als Reaktion auf eine &#8220;Provokation&#8221; \u2013 die Errichtung eines Denkmals f\u00fcr diejenigen, die die Anf\u00fchrer des V\u00f6lkermords an den Armeniern get\u00f6tet hatten. Die T\u00fcrkei hat ihren Luftraum f\u00fcr armenische Flugzeuge gesperrt. Dies gab der t\u00fcrkische Au\u00dfenminister, Mevl\u00fct \u00c7avu\u015fo\u011flu, [&hellip;]","og_url":"https:\/\/now-news.de\/de\/deutschland\/tuerkei-sperrt-luftraum-fuer-armenische-flugzeuge\/","og_site_name":"just-now.NEWS Deutschland","article_publisher":"https:\/\/www.facebook.com\/wirmachenauf","article_published_time":"2023-05-03T15:03:52+00:00","og_image":[{"width":460,"height":259,"url":"https:\/\/now-news.de\/de\/wp-content\/uploads\/sites\/3\/2023\/05\/Tuerkei-sperrt-Luftraum-fuer-armenische-Flugzeuge.jpg","type":"image\/jpeg"}],"author":"rtnews","twitter_card":"summary_large_image","twitter_creator":"@WirMachenAuf_de","twitter_site":"@WirMachenAuf_de","twitter_misc":{"Verfasst von":"rtnews","Gesch\u00e4tzte Lesezeit":"1\u00a0Minute"},"schema":{"@context":"https:\/\/schema.org","@graph":[{"@type":"Article","@id":"https:\/\/now-news.de\/de\/deutschland\/tuerkei-sperrt-luftraum-fuer-armenische-flugzeuge\/#article","isPartOf":{"@id":"https:\/\/now-news.de\/de\/deutschland\/tuerkei-sperrt-luftraum-fuer-armenische-flugzeuge\/"},"author":{"name":"rtnews","@id":"https:\/\/now-news.de\/de\/#\/schema\/person\/fb534a4e865501d8b3285208df34a9b5"},"headline":"T\u00fcrkei sperrt Luftraum f\u00fcr armenische Flugzeuge","datePublished":"2023-05-03T15:03:52+00:00","dateModified":"2023-05-03T15:03:52+00:00","mainEntityOfPage":{"@id":"https:\/\/now-news.de\/de\/deutschland\/tuerkei-sperrt-luftraum-fuer-armenische-flugzeuge\/"},"wordCount":301,"commentCount":0,"publisher":{"@id":"https:\/\/now-news.de\/de\/#organization"},"image":{"@id":"https:\/\/now-news.de\/de\/deutschland\/tuerkei-sperrt-luftraum-fuer-armenische-flugzeuge\/#primaryimage"},"thumbnailUrl":"https:\/\/now-news.de\/de\/wp-content\/uploads\/sites\/3\/2023\/05\/Tuerkei-sperrt-Luftraum-fuer-armenische-Flugzeuge.jpg","keywords":["armenische","Flugzeuge","f\u00fcr","Luftraum","sperrt","T\u00fcrkei"],"articleSection":["Deutschland","Russland"],"inLanguage":"de","potentialAction":[{"@type":"CommentAction","name":"Comment","target":["https:\/\/now-news.de\/de\/deutschland\/tuerkei-sperrt-luftraum-fuer-armenische-flugzeuge\/#respond"]}]},{"@type":"WebPage","@id":"https:\/\/now-news.de\/de\/deutschland\/tuerkei-sperrt-luftraum-fuer-armenische-flugzeuge\/","url":"https:\/\/now-news.de\/de\/deutschland\/tuerkei-sperrt-luftraum-fuer-armenische-flugzeuge\/","name":"T\u00fcrkei sperrt Luftraum f\u00fcr armenische Flugzeuge - just-now.NEWS Deutschland","isPartOf":{"@id":"https:\/\/now-news.de\/de\/#website"},"primaryImageOfPage":{"@id":"https:\/\/now-news.de\/de\/deutschland\/tuerkei-sperrt-luftraum-fuer-armenische-flugzeuge\/#primaryimage"},"image":{"@id":"https:\/\/now-news.de\/de\/deutschland\/tuerkei-sperrt-luftraum-fuer-armenische-flugzeuge\/#primaryimage"},"thumbnailUrl":"https:\/\/now-news.de\/de\/wp-content\/uploads\/sites\/3\/2023\/05\/Tuerkei-sperrt-Luftraum-fuer-armenische-Flugzeuge.jpg","datePublished":"2023-05-03T15:03:52+00:00","dateModified":"2023-05-03T15:03:52+00:00","breadcrumb":{"@id":"https:\/\/now-news.de\/de\/deutschland\/tuerkei-sperrt-luftraum-fuer-armenische-flugzeuge\/#breadcrumb"},"inLanguage":"de","potentialAction":[{"@type":"ReadAction","target":["https:\/\/now-news.de\/de\/deutschland\/tuerkei-sperrt-luftraum-fuer-armenische-flugzeuge\/"]}]},{"@type":"ImageObject","inLanguage":"de","@id":"https:\/\/now-news.de\/de\/deutschland\/tuerkei-sperrt-luftraum-fuer-armenische-flugzeuge\/#primaryimage","url":"https:\/\/now-news.de\/de\/wp-content\/uploads\/sites\/3\/2023\/05\/Tuerkei-sperrt-Luftraum-fuer-armenische-Flugzeuge.jpg","contentUrl":"https:\/\/now-news.de\/de\/wp-content\/uploads\/sites\/3\/2023\/05\/Tuerkei-sperrt-Luftraum-fuer-armenische-Flugzeuge.jpg","width":460,"height":259,"caption":"T\u00fcrkei sperrt Luftraum f\u00fcr armenische Flugzeuge"},{"@type":"BreadcrumbList","@id":"https:\/\/now-news.de\/de\/deutschland\/tuerkei-sperrt-luftraum-fuer-armenische-flugzeuge\/#breadcrumb","itemListElement":[{"@type":"ListItem","position":1,"name":"Home","item":"https:\/\/now-news.de\/de\/"},{"@type":"ListItem","position":2,"name":"T\u00fcrkei sperrt Luftraum f\u00fcr armenische Flugzeuge"}]},{"@type":"WebSite","@id":"https:\/\/now-news.de\/de\/#website","url":"https:\/\/now-news.de\/de\/","name":"just-now.NEWS Deutschland","description":"Das Portal f\u00fcr unzensierte Nachrichten aus der Welt","publisher":{"@id":"https:\/\/now-news.de\/de\/#organization"},"potentialAction":[{"@type":"SearchAction","target":{"@type":"EntryPoint","urlTemplate":"https:\/\/now-news.de\/de\/?s={search_term_string}"},"query-input":"required name=search_term_string"}],"inLanguage":"de"},{"@type":"Organization","@id":"https:\/\/now-news.de\/de\/#organization","name":"Just Now News","url":"https:\/\/now-news.de\/de\/","logo":{"@type":"ImageObject","inLanguage":"de","@id":"https:\/\/now-news.de\/de\/#\/schema\/logo\/image\/","url":"http:\/\/just-now.news\/de\/wp-content\/uploads\/sites\/3\/2022\/04\/logo500x500.jpg","contentUrl":"http:\/\/just-now.news\/de\/wp-content\/uploads\/sites\/3\/2022\/04\/logo500x500.jpg","width":500,"height":500,"caption":"Just Now News"},"image":{"@id":"https:\/\/now-news.de\/de\/#\/schema\/logo\/image\/"},"sameAs":["https:\/\/www.facebook.com\/wirmachenauf","https:\/\/x.com\/WirMachenAuf_de"]},{"@type":"Person","@id":"https:\/\/now-news.de\/de\/#\/schema\/person\/fb534a4e865501d8b3285208df34a9b5","name":"rtnews","image":{"@type":"ImageObject","inLanguage":"de","@id":"https:\/\/now-news.de\/de\/#\/schema\/person\/image\/","url":"https:\/\/secure.gravatar.com\/avatar\/82aafea7d8127119dd649515f56e2117?s=96&d=mm&r=g","contentUrl":"https:\/\/secure.gravatar.com\/avatar\/82aafea7d8127119dd649515f56e2117?s=96&d=mm&r=g","caption":"rtnews"},"url":"https:\/\/now-news.de\/de\/author\/rnews\/"}]}},"_links":{"self":[{"href":"https:\/\/now-news.de\/de\/wp-json\/wp\/v2\/posts\/35284"}],"collection":[{"href":"https:\/\/now-news.de\/de\/wp-json\/wp\/v2\/posts"}],"about":[{"href":"https:\/\/now-news.de\/de\/wp-json\/wp\/v2\/types\/post"}],"author":[{"embeddable":true,"href":"https:\/\/now-news.de\/de\/wp-json\/wp\/v2\/users\/3"}],"replies":[{"embeddable":true,"href":"https:\/\/now-news.de\/de\/wp-json\/wp\/v2\/comments?post=35284"}],"version-history":[{"count":0,"href":"https:\/\/now-news.de\/de\/wp-json\/wp\/v2\/posts\/35284\/revisions"}],"wp:featuredmedia":[{"embeddable":true,"href":"https:\/\/now-news.de\/de\/wp-json\/wp\/v2\/media\/35285"}],"wp:attachment":[{"href":"https:\/\/now-news.de\/de\/wp-json\/wp\/v2\/media?parent=35284"}],"wp:term":[{"taxonomy":"category","embeddable":true,"href":"https:\/\/now-news.de\/de\/wp-json\/wp\/v2\/categories?post=35284"},{"taxonomy":"post_tag","embeddable":true,"href":"https:\/\/now-news.de\/de\/wp-json\/wp\/v2\/tags?post=35284"}],"curies":[{"name":"wp","href":"https:\/\/api.w.org\/{rel}","templated":true}]}}