{"id":35281,"date":"2023-05-03T16:05:52","date_gmt":"2023-05-03T14:05:52","guid":{"rendered":"http:\/\/just-now.news\/de\/deutschland\/wegen-finanzierung-von-ngos-mexikos-praesident-droht-usa-diplomatischen-protest-an\/"},"modified":"2023-05-03T16:05:52","modified_gmt":"2023-05-03T14:05:52","slug":"wegen-finanzierung-von-ngos-mexikos-praesident-droht-usa-diplomatischen-protest-an","status":"publish","type":"post","link":"https:\/\/now-news.de\/de\/deutschland\/wegen-finanzierung-von-ngos-mexikos-praesident-droht-usa-diplomatischen-protest-an\/","title":{"rendered":"Wegen Finanzierung von NGOs: Mexikos Pr\u00e4sident droht USA &quot;diplomatischen Protest&quot; an"},"content":{"rendered":"<p><img decoding=\"async\" src=\"http:\/\/just-now.news\/de\/wp-content\/uploads\/sites\/3\/2023\/05\/645237dcb480cc04fd7947c7.jpg\" \/><\/p>\n<div class=\"Text-root Text-type_1 \">\n                Die US-Beh\u00f6rde f\u00fcr internationale Entwicklung (USAID) will nach einem Bericht der Zeitung Milenio ihre Finanzhilfen f\u00fcr NGOs in Mexiko erh\u00f6hen. Der Pr\u00e4sident des lateinamerikanischen Landes Andr\u00e9s Manuel L\u00f3pez Obrador sieht deswegen die Souver\u00e4nit\u00e4t Mexikos in Gefahr.\n            <\/div>\n<p><\/p>\n<div class=\"Text-root Text-type_5 ArticleView-text ViewText-root \">\n<p>Der mexikanische Pr\u00e4sident Andr\u00e9s Manuel L\u00f3pez Obrador hat am Dienstag die Pl\u00e4ne der USA scharf kritisiert, die Finanzierung von Nichtregierungsorganisationen (NGOs) im lateinamerikanischen Land aufzustocken. Bei einer Pressekonferenz im Nationalpalast in Mexiko-Stadt sprach der Politiker von einer Einmischung und einer Verletzung der Souver\u00e4nit\u00e4t des Landes. L\u00f3pez Obrador kritisierte, dass dadurch vor allem oppositionelle NGOs beg\u00fcnstigt w\u00fcrden. Mit Blick auf die Organisation M\u00e9xico Eval\u00faa, die \u00f6ffentliche Ausgaben und politische Entscheidungen in den Bereichen Sicherheit und Bildung auswertet, sagte der Staatschef:<\/p>\n<blockquote>\n<p><em>&#8220;Wie kann die US-Regierung einer Organisation, die offen gegen eine legitime und rechtm\u00e4\u00dfige Regierung ist, Geld geben?&#8221;<\/em><\/p>\n<\/blockquote>\n<p>In diesem Zusammenhang k\u00fcndigte L\u00f3pez Obrador einen &#8220;diplomatischen Protest&#8221; an. Auch mehr Geld aus den USA f\u00fcr die NGO Art\u00edculo 19, die sich f\u00fcr die Meinungsfreiheit einsetzt, wollte der Politiker nicht durchgehen lassen.<\/p>\n<blockquote>\n<p><em>&#8220;Wie k\u00f6nnen sie nur Oppositionelle aus dem Ausland finanzieren? Das verletzt unsere Souver\u00e4nit\u00e4t. Das ist eine Einmischung.&#8221;<\/em><\/p>\n<\/blockquote>\n<div class=\"EmbedBlock-root EmbedBlock-twitter\">\n<div class=\"TwitterEmbed\">\n<blockquote class=\"twitter-tweet lazyload\" data-twitter=\"twitter-tweet\">\n<p lang=\"es\" dir=\"ltr\">&#8220;Vamos a hacer un protesta diplom\u00e1tica porque ayer sali\u00f3 la informaci\u00f3n de que EUA le va a dar m\u00e1s dinero a estas ONG, una que maneja Luis Rubio <a rel=\"nofollow noopener\" target=\"_blank\" href=\"https:\/\/twitter.com\/mexevalua?ref_src=twsrc%5Etfw\">@mexevalua<\/a>, c\u00f3mo le va a dar dinero a esta organizaci\u00f3n, c\u00f3mo van a estar financiando a opositores desde el extranjero y a\u2026 <a rel=\"nofollow noopener\" target=\"_blank\" href=\"https:\/\/t.co\/tBTlRuee0j\">pic.twitter.com\/tBTlRuee0j<\/a><\/p>\n<p>\u2014 Salvador Zaragoza Andrade (@SalvadorZA) <a rel=\"nofollow noopener\" target=\"_blank\" href=\"https:\/\/twitter.com\/SalvadorZA\/status\/1653423951983386637?ref_src=twsrc%5Etfw\">May 2, 2023<\/a><\/p><\/blockquote>\n<\/div>\n<\/div>\n<p>Zuvor hatte die \u00f6rtliche Zeitung <em>Milenio<\/em> einen investigativen Bericht ver\u00f6ffentlicht, wonach die US-Beh\u00f6rde f\u00fcr internationale Entwicklung (USAID) vorhabe, ihre finanziellen Hilfen f\u00fcr NGOs in Mexiko zu erh\u00f6hen. Demnach <a rel=\"nofollow noopener\" target=\"_blank\" href=\"https:\/\/www.milenio.com\/internacional\/eu-sube-fondos-ong-4t-llama-golpistas\">sollten<\/a> die Fonds zur Unterst\u00fctzung der mexikanischen Zivilgesellschaft von vier auf f\u00fcnf Millionen US-Dollar aufgestockt werden. Im Bereich Menschenrechte sollte die Finanzierung von sieben auf zehn Millionen US-Dollar erh\u00f6ht werden, w\u00e4hrend der Betrag f\u00fcr das allgemeine Rechtsstaatsprogramm von 56 auf 60 Millionen US-Dollar steigen sollte.\u00a0Somit w\u00e4re Mexiko nach Kolumbien das gr\u00f6\u00dfte Empf\u00e4ngerland von USAID-Geldern in Lateinamerika.<\/p>\n<p><strong>Mehr zum Thema<\/strong> &#8211;\u00a0<a rel=\"nofollow noopener\" target=\"_blank\" href=\"https:\/\/de.rt.com\/amerika\/166136-usa-mexiko-krise-republikaner-fordern\/\">USA-Mexiko-Krise: Republikaner fordern Einmarsch der US-Armee zur Bek\u00e4mpfung von Drogenkartellen<\/a><\/p>\n<\/p>\n<\/div>\n<p><script async src=\"https:\/\/platform.twitter.com\/widgets.js\" charset=\"utf-8\"><\/script><br \/>\n<br \/><br \/>\n<br \/><a href=\"https:\/\/de.rt.com\/amerika\/169126-wegen-finanzierung-von-ngo-mexikos-praesident-droht-usa-diplomatischen-protest-an\/\">Source link <\/a><\/p>\n","protected":false},"excerpt":{"rendered":"<p>Die US-Beh\u00f6rde f\u00fcr internationale Entwicklung (USAID) will nach einem Bericht der Zeitung Milenio ihre Finanzhilfen f\u00fcr NGOs in Mexiko erh\u00f6hen. Der Pr\u00e4sident des lateinamerikanischen Landes Andr\u00e9s Manuel L\u00f3pez Obrador sieht deswegen die Souver\u00e4nit\u00e4t Mexikos in Gefahr. Der mexikanische Pr\u00e4sident Andr\u00e9s Manuel L\u00f3pez Obrador hat am Dienstag die Pl\u00e4ne der USA scharf kritisiert, die Finanzierung von [&hellip;]<\/p>\n","protected":false},"author":3,"featured_media":35282,"comment_status":"open","ping_status":"open","sticky":false,"template":"","format":"standard","meta":{"_yoast_indexnow_last_ping":["1683123894"],"wp_automatic_camp":["217"],"1f34e17d2ecb846e5527426c562c1ea1":["Wegen Finanzierung von NGOs: Mexikos Pr\u00e4sident droht USA &quot;diplomatischen Protest&quot; an"],"original_link":["https:\/\/de.rt.com\/amerika\/169126-wegen-finanzierung-von-ngo-mexikos-praesident-droht-usa-diplomatischen-protest-an\/"],"_thumbnail_id":["35282"],"jnews_social_counter_last_update":["1777220123"],"_wptgpro_p2tg_sent2tg":["a:1:{i:23737;s:19:\"2023-05-03 16:26:00\";}"]},"categories":[19,23],"tags":[44,3783,19721,36307,3464,43829,43828,193,50,145],"yoast_head":"<!-- This site is optimized with the Yoast SEO Premium plugin v22.7 (Yoast SEO v22.7) - https:\/\/yoast.com\/wordpress\/plugins\/seo\/ -->\n<title>Wegen Finanzierung von NGOs: Mexikos Pr\u00e4sident droht USA &quot;diplomatischen Protest&quot; an - just-now.NEWS Deutschland<\/title>\n<meta name=\"robots\" content=\"index, follow, max-snippet:-1, max-image-preview:large, max-video-preview:-1\" \/>\n<link rel=\"canonical\" href=\"https:\/\/now-news.de\/de\/deutschland\/wegen-finanzierung-von-ngos-mexikos-praesident-droht-usa-diplomatischen-protest-an\/\" \/>\n<meta property=\"og:locale\" content=\"de_DE\" \/>\n<meta property=\"og:type\" content=\"article\" \/>\n<meta property=\"og:title\" content=\"Wegen Finanzierung von NGOs: Mexikos Pr\u00e4sident droht USA &quot;diplomatischen Protest&quot; an\" \/>\n<meta property=\"og:description\" content=\"Die US-Beh\u00f6rde f\u00fcr internationale Entwicklung (USAID) will nach einem Bericht der Zeitung Milenio ihre Finanzhilfen f\u00fcr NGOs in Mexiko erh\u00f6hen. Der Pr\u00e4sident des lateinamerikanischen Landes Andr\u00e9s Manuel L\u00f3pez Obrador sieht deswegen die Souver\u00e4nit\u00e4t Mexikos in Gefahr. Der mexikanische Pr\u00e4sident Andr\u00e9s Manuel L\u00f3pez Obrador hat am Dienstag die Pl\u00e4ne der USA scharf kritisiert, die Finanzierung von [&hellip;]\" \/>\n<meta property=\"og:url\" content=\"https:\/\/now-news.de\/de\/deutschland\/wegen-finanzierung-von-ngos-mexikos-praesident-droht-usa-diplomatischen-protest-an\/\" \/>\n<meta property=\"og:site_name\" content=\"just-now.NEWS Deutschland\" \/>\n<meta property=\"article:publisher\" content=\"https:\/\/www.facebook.com\/wirmachenauf\" \/>\n<meta property=\"article:published_time\" content=\"2023-05-03T14:05:52+00:00\" \/>\n<meta property=\"og:image\" content=\"https:\/\/now-news.de\/de\/wp-content\/uploads\/sites\/3\/2023\/05\/Wegen-Finanzierung-von-NGOs-Mexikos-Praesident-droht-USA-quotdiplomatischen-Protestquot.jpg\" \/>\n\t<meta property=\"og:image:width\" content=\"460\" \/>\n\t<meta property=\"og:image:height\" content=\"259\" \/>\n\t<meta property=\"og:image:type\" content=\"image\/jpeg\" \/>\n<meta name=\"author\" content=\"rtnews\" \/>\n<meta name=\"twitter:card\" content=\"summary_large_image\" \/>\n<meta name=\"twitter:creator\" content=\"@WirMachenAuf_de\" \/>\n<meta name=\"twitter:site\" content=\"@WirMachenAuf_de\" \/>\n<meta name=\"twitter:label1\" content=\"Verfasst von\" \/>\n\t<meta name=\"twitter:data1\" content=\"rtnews\" \/>\n\t<meta name=\"twitter:label2\" content=\"Gesch\u00e4tzte Lesezeit\" \/>\n\t<meta name=\"twitter:data2\" content=\"2\u00a0Minuten\" \/>\n<script type=\"application\/ld+json\" class=\"yoast-schema-graph\">{\"@context\":\"https:\/\/schema.org\",\"@graph\":[{\"@type\":\"Article\",\"@id\":\"https:\/\/now-news.de\/de\/deutschland\/wegen-finanzierung-von-ngos-mexikos-praesident-droht-usa-diplomatischen-protest-an\/#article\",\"isPartOf\":{\"@id\":\"https:\/\/now-news.de\/de\/deutschland\/wegen-finanzierung-von-ngos-mexikos-praesident-droht-usa-diplomatischen-protest-an\/\"},\"author\":{\"name\":\"rtnews\",\"@id\":\"https:\/\/now-news.de\/de\/#\/schema\/person\/fb534a4e865501d8b3285208df34a9b5\"},\"headline\":\"Wegen Finanzierung von NGOs: Mexikos Pr\u00e4sident droht USA &quot;diplomatischen Protest&quot; an\",\"datePublished\":\"2023-05-03T14:05:52+00:00\",\"dateModified\":\"2023-05-03T14:05:52+00:00\",\"mainEntityOfPage\":{\"@id\":\"https:\/\/now-news.de\/de\/deutschland\/wegen-finanzierung-von-ngos-mexikos-praesident-droht-usa-diplomatischen-protest-an\/\"},\"wordCount\":404,\"commentCount\":0,\"publisher\":{\"@id\":\"https:\/\/now-news.de\/de\/#organization\"},\"image\":{\"@id\":\"https:\/\/now-news.de\/de\/deutschland\/wegen-finanzierung-von-ngos-mexikos-praesident-droht-usa-diplomatischen-protest-an\/#primaryimage\"},\"thumbnailUrl\":\"https:\/\/now-news.de\/de\/wp-content\/uploads\/sites\/3\/2023\/05\/Wegen-Finanzierung-von-NGOs-Mexikos-Praesident-droht-USA-quotdiplomatischen-Protestquot.jpg\",\"keywords\":[\"droht\",\"Finanzierung\",\"Mexikos\",\"NGOs\",\"Pr\u00e4sident\",\"Protestquot\",\"quotdiplomatischen\",\"USA\",\"von\",\"wegen\"],\"articleSection\":[\"Deutschland\",\"Russland\"],\"inLanguage\":\"de\",\"potentialAction\":[{\"@type\":\"CommentAction\",\"name\":\"Comment\",\"target\":[\"https:\/\/now-news.de\/de\/deutschland\/wegen-finanzierung-von-ngos-mexikos-praesident-droht-usa-diplomatischen-protest-an\/#respond\"]}]},{\"@type\":\"WebPage\",\"@id\":\"https:\/\/now-news.de\/de\/deutschland\/wegen-finanzierung-von-ngos-mexikos-praesident-droht-usa-diplomatischen-protest-an\/\",\"url\":\"https:\/\/now-news.de\/de\/deutschland\/wegen-finanzierung-von-ngos-mexikos-praesident-droht-usa-diplomatischen-protest-an\/\",\"name\":\"Wegen Finanzierung von NGOs: Mexikos Pr\u00e4sident droht USA &quot;diplomatischen Protest&quot; an - just-now.NEWS Deutschland\",\"isPartOf\":{\"@id\":\"https:\/\/now-news.de\/de\/#website\"},\"primaryImageOfPage\":{\"@id\":\"https:\/\/now-news.de\/de\/deutschland\/wegen-finanzierung-von-ngos-mexikos-praesident-droht-usa-diplomatischen-protest-an\/#primaryimage\"},\"image\":{\"@id\":\"https:\/\/now-news.de\/de\/deutschland\/wegen-finanzierung-von-ngos-mexikos-praesident-droht-usa-diplomatischen-protest-an\/#primaryimage\"},\"thumbnailUrl\":\"https:\/\/now-news.de\/de\/wp-content\/uploads\/sites\/3\/2023\/05\/Wegen-Finanzierung-von-NGOs-Mexikos-Praesident-droht-USA-quotdiplomatischen-Protestquot.jpg\",\"datePublished\":\"2023-05-03T14:05:52+00:00\",\"dateModified\":\"2023-05-03T14:05:52+00:00\",\"breadcrumb\":{\"@id\":\"https:\/\/now-news.de\/de\/deutschland\/wegen-finanzierung-von-ngos-mexikos-praesident-droht-usa-diplomatischen-protest-an\/#breadcrumb\"},\"inLanguage\":\"de\",\"potentialAction\":[{\"@type\":\"ReadAction\",\"target\":[\"https:\/\/now-news.de\/de\/deutschland\/wegen-finanzierung-von-ngos-mexikos-praesident-droht-usa-diplomatischen-protest-an\/\"]}]},{\"@type\":\"ImageObject\",\"inLanguage\":\"de\",\"@id\":\"https:\/\/now-news.de\/de\/deutschland\/wegen-finanzierung-von-ngos-mexikos-praesident-droht-usa-diplomatischen-protest-an\/#primaryimage\",\"url\":\"https:\/\/now-news.de\/de\/wp-content\/uploads\/sites\/3\/2023\/05\/Wegen-Finanzierung-von-NGOs-Mexikos-Praesident-droht-USA-quotdiplomatischen-Protestquot.jpg\",\"contentUrl\":\"https:\/\/now-news.de\/de\/wp-content\/uploads\/sites\/3\/2023\/05\/Wegen-Finanzierung-von-NGOs-Mexikos-Praesident-droht-USA-quotdiplomatischen-Protestquot.jpg\",\"width\":460,\"height\":259,\"caption\":\"Wegen Finanzierung von NGOs: Mexikos Pr\u00e4sident droht USA &quot;diplomatischen Protest&quot; an\"},{\"@type\":\"BreadcrumbList\",\"@id\":\"https:\/\/now-news.de\/de\/deutschland\/wegen-finanzierung-von-ngos-mexikos-praesident-droht-usa-diplomatischen-protest-an\/#breadcrumb\",\"itemListElement\":[{\"@type\":\"ListItem\",\"position\":1,\"name\":\"Home\",\"item\":\"https:\/\/now-news.de\/de\/\"},{\"@type\":\"ListItem\",\"position\":2,\"name\":\"Wegen Finanzierung von NGOs: Mexikos Pr\u00e4sident droht USA &quot;diplomatischen Protest&quot; an\"}]},{\"@type\":\"WebSite\",\"@id\":\"https:\/\/now-news.de\/de\/#website\",\"url\":\"https:\/\/now-news.de\/de\/\",\"name\":\"just-now.NEWS Deutschland\",\"description\":\"Das Portal f\u00fcr unzensierte Nachrichten aus der Welt\",\"publisher\":{\"@id\":\"https:\/\/now-news.de\/de\/#organization\"},\"potentialAction\":[{\"@type\":\"SearchAction\",\"target\":{\"@type\":\"EntryPoint\",\"urlTemplate\":\"https:\/\/now-news.de\/de\/?s={search_term_string}\"},\"query-input\":\"required name=search_term_string\"}],\"inLanguage\":\"de\"},{\"@type\":\"Organization\",\"@id\":\"https:\/\/now-news.de\/de\/#organization\",\"name\":\"Just Now News\",\"url\":\"https:\/\/now-news.de\/de\/\",\"logo\":{\"@type\":\"ImageObject\",\"inLanguage\":\"de\",\"@id\":\"https:\/\/now-news.de\/de\/#\/schema\/logo\/image\/\",\"url\":\"http:\/\/just-now.news\/de\/wp-content\/uploads\/sites\/3\/2022\/04\/logo500x500.jpg\",\"contentUrl\":\"http:\/\/just-now.news\/de\/wp-content\/uploads\/sites\/3\/2022\/04\/logo500x500.jpg\",\"width\":500,\"height\":500,\"caption\":\"Just Now News\"},\"image\":{\"@id\":\"https:\/\/now-news.de\/de\/#\/schema\/logo\/image\/\"},\"sameAs\":[\"https:\/\/www.facebook.com\/wirmachenauf\",\"https:\/\/x.com\/WirMachenAuf_de\"]},{\"@type\":\"Person\",\"@id\":\"https:\/\/now-news.de\/de\/#\/schema\/person\/fb534a4e865501d8b3285208df34a9b5\",\"name\":\"rtnews\",\"image\":{\"@type\":\"ImageObject\",\"inLanguage\":\"de\",\"@id\":\"https:\/\/now-news.de\/de\/#\/schema\/person\/image\/\",\"url\":\"https:\/\/secure.gravatar.com\/avatar\/82aafea7d8127119dd649515f56e2117?s=96&d=mm&r=g\",\"contentUrl\":\"https:\/\/secure.gravatar.com\/avatar\/82aafea7d8127119dd649515f56e2117?s=96&d=mm&r=g\",\"caption\":\"rtnews\"},\"url\":\"https:\/\/now-news.de\/de\/author\/rnews\/\"}]}<\/script>\n<!-- \/ Yoast SEO Premium plugin. -->","yoast_head_json":{"title":"Wegen Finanzierung von NGOs: Mexikos Pr\u00e4sident droht USA &quot;diplomatischen Protest&quot; an - just-now.NEWS Deutschland","robots":{"index":"index","follow":"follow","max-snippet":"max-snippet:-1","max-image-preview":"max-image-preview:large","max-video-preview":"max-video-preview:-1"},"canonical":"https:\/\/now-news.de\/de\/deutschland\/wegen-finanzierung-von-ngos-mexikos-praesident-droht-usa-diplomatischen-protest-an\/","og_locale":"de_DE","og_type":"article","og_title":"Wegen Finanzierung von NGOs: Mexikos Pr\u00e4sident droht USA &quot;diplomatischen Protest&quot; an","og_description":"Die US-Beh\u00f6rde f\u00fcr internationale Entwicklung (USAID) will nach einem Bericht der Zeitung Milenio ihre Finanzhilfen f\u00fcr NGOs in Mexiko erh\u00f6hen. Der Pr\u00e4sident des lateinamerikanischen Landes Andr\u00e9s Manuel L\u00f3pez Obrador sieht deswegen die Souver\u00e4nit\u00e4t Mexikos in Gefahr. Der mexikanische Pr\u00e4sident Andr\u00e9s Manuel L\u00f3pez Obrador hat am Dienstag die Pl\u00e4ne der USA scharf kritisiert, die Finanzierung von [&hellip;]","og_url":"https:\/\/now-news.de\/de\/deutschland\/wegen-finanzierung-von-ngos-mexikos-praesident-droht-usa-diplomatischen-protest-an\/","og_site_name":"just-now.NEWS Deutschland","article_publisher":"https:\/\/www.facebook.com\/wirmachenauf","article_published_time":"2023-05-03T14:05:52+00:00","og_image":[{"width":460,"height":259,"url":"https:\/\/now-news.de\/de\/wp-content\/uploads\/sites\/3\/2023\/05\/Wegen-Finanzierung-von-NGOs-Mexikos-Praesident-droht-USA-quotdiplomatischen-Protestquot.jpg","type":"image\/jpeg"}],"author":"rtnews","twitter_card":"summary_large_image","twitter_creator":"@WirMachenAuf_de","twitter_site":"@WirMachenAuf_de","twitter_misc":{"Verfasst von":"rtnews","Gesch\u00e4tzte Lesezeit":"2\u00a0Minuten"},"schema":{"@context":"https:\/\/schema.org","@graph":[{"@type":"Article","@id":"https:\/\/now-news.de\/de\/deutschland\/wegen-finanzierung-von-ngos-mexikos-praesident-droht-usa-diplomatischen-protest-an\/#article","isPartOf":{"@id":"https:\/\/now-news.de\/de\/deutschland\/wegen-finanzierung-von-ngos-mexikos-praesident-droht-usa-diplomatischen-protest-an\/"},"author":{"name":"rtnews","@id":"https:\/\/now-news.de\/de\/#\/schema\/person\/fb534a4e865501d8b3285208df34a9b5"},"headline":"Wegen Finanzierung von NGOs: Mexikos Pr\u00e4sident droht USA &quot;diplomatischen Protest&quot; an","datePublished":"2023-05-03T14:05:52+00:00","dateModified":"2023-05-03T14:05:52+00:00","mainEntityOfPage":{"@id":"https:\/\/now-news.de\/de\/deutschland\/wegen-finanzierung-von-ngos-mexikos-praesident-droht-usa-diplomatischen-protest-an\/"},"wordCount":404,"commentCount":0,"publisher":{"@id":"https:\/\/now-news.de\/de\/#organization"},"image":{"@id":"https:\/\/now-news.de\/de\/deutschland\/wegen-finanzierung-von-ngos-mexikos-praesident-droht-usa-diplomatischen-protest-an\/#primaryimage"},"thumbnailUrl":"https:\/\/now-news.de\/de\/wp-content\/uploads\/sites\/3\/2023\/05\/Wegen-Finanzierung-von-NGOs-Mexikos-Praesident-droht-USA-quotdiplomatischen-Protestquot.jpg","keywords":["droht","Finanzierung","Mexikos","NGOs","Pr\u00e4sident","Protestquot","quotdiplomatischen","USA","von","wegen"],"articleSection":["Deutschland","Russland"],"inLanguage":"de","potentialAction":[{"@type":"CommentAction","name":"Comment","target":["https:\/\/now-news.de\/de\/deutschland\/wegen-finanzierung-von-ngos-mexikos-praesident-droht-usa-diplomatischen-protest-an\/#respond"]}]},{"@type":"WebPage","@id":"https:\/\/now-news.de\/de\/deutschland\/wegen-finanzierung-von-ngos-mexikos-praesident-droht-usa-diplomatischen-protest-an\/","url":"https:\/\/now-news.de\/de\/deutschland\/wegen-finanzierung-von-ngos-mexikos-praesident-droht-usa-diplomatischen-protest-an\/","name":"Wegen Finanzierung von NGOs: Mexikos Pr\u00e4sident droht USA &quot;diplomatischen Protest&quot; an - just-now.NEWS Deutschland","isPartOf":{"@id":"https:\/\/now-news.de\/de\/#website"},"primaryImageOfPage":{"@id":"https:\/\/now-news.de\/de\/deutschland\/wegen-finanzierung-von-ngos-mexikos-praesident-droht-usa-diplomatischen-protest-an\/#primaryimage"},"image":{"@id":"https:\/\/now-news.de\/de\/deutschland\/wegen-finanzierung-von-ngos-mexikos-praesident-droht-usa-diplomatischen-protest-an\/#primaryimage"},"thumbnailUrl":"https:\/\/now-news.de\/de\/wp-content\/uploads\/sites\/3\/2023\/05\/Wegen-Finanzierung-von-NGOs-Mexikos-Praesident-droht-USA-quotdiplomatischen-Protestquot.jpg","datePublished":"2023-05-03T14:05:52+00:00","dateModified":"2023-05-03T14:05:52+00:00","breadcrumb":{"@id":"https:\/\/now-news.de\/de\/deutschland\/wegen-finanzierung-von-ngos-mexikos-praesident-droht-usa-diplomatischen-protest-an\/#breadcrumb"},"inLanguage":"de","potentialAction":[{"@type":"ReadAction","target":["https:\/\/now-news.de\/de\/deutschland\/wegen-finanzierung-von-ngos-mexikos-praesident-droht-usa-diplomatischen-protest-an\/"]}]},{"@type":"ImageObject","inLanguage":"de","@id":"https:\/\/now-news.de\/de\/deutschland\/wegen-finanzierung-von-ngos-mexikos-praesident-droht-usa-diplomatischen-protest-an\/#primaryimage","url":"https:\/\/now-news.de\/de\/wp-content\/uploads\/sites\/3\/2023\/05\/Wegen-Finanzierung-von-NGOs-Mexikos-Praesident-droht-USA-quotdiplomatischen-Protestquot.jpg","contentUrl":"https:\/\/now-news.de\/de\/wp-content\/uploads\/sites\/3\/2023\/05\/Wegen-Finanzierung-von-NGOs-Mexikos-Praesident-droht-USA-quotdiplomatischen-Protestquot.jpg","width":460,"height":259,"caption":"Wegen Finanzierung von NGOs: Mexikos Pr\u00e4sident droht USA &quot;diplomatischen Protest&quot; an"},{"@type":"BreadcrumbList","@id":"https:\/\/now-news.de\/de\/deutschland\/wegen-finanzierung-von-ngos-mexikos-praesident-droht-usa-diplomatischen-protest-an\/#breadcrumb","itemListElement":[{"@type":"ListItem","position":1,"name":"Home","item":"https:\/\/now-news.de\/de\/"},{"@type":"ListItem","position":2,"name":"Wegen Finanzierung von NGOs: Mexikos Pr\u00e4sident droht USA &quot;diplomatischen Protest&quot; an"}]},{"@type":"WebSite","@id":"https:\/\/now-news.de\/de\/#website","url":"https:\/\/now-news.de\/de\/","name":"just-now.NEWS Deutschland","description":"Das Portal f\u00fcr unzensierte Nachrichten aus der Welt","publisher":{"@id":"https:\/\/now-news.de\/de\/#organization"},"potentialAction":[{"@type":"SearchAction","target":{"@type":"EntryPoint","urlTemplate":"https:\/\/now-news.de\/de\/?s={search_term_string}"},"query-input":"required name=search_term_string"}],"inLanguage":"de"},{"@type":"Organization","@id":"https:\/\/now-news.de\/de\/#organization","name":"Just Now News","url":"https:\/\/now-news.de\/de\/","logo":{"@type":"ImageObject","inLanguage":"de","@id":"https:\/\/now-news.de\/de\/#\/schema\/logo\/image\/","url":"http:\/\/just-now.news\/de\/wp-content\/uploads\/sites\/3\/2022\/04\/logo500x500.jpg","contentUrl":"http:\/\/just-now.news\/de\/wp-content\/uploads\/sites\/3\/2022\/04\/logo500x500.jpg","width":500,"height":500,"caption":"Just Now News"},"image":{"@id":"https:\/\/now-news.de\/de\/#\/schema\/logo\/image\/"},"sameAs":["https:\/\/www.facebook.com\/wirmachenauf","https:\/\/x.com\/WirMachenAuf_de"]},{"@type":"Person","@id":"https:\/\/now-news.de\/de\/#\/schema\/person\/fb534a4e865501d8b3285208df34a9b5","name":"rtnews","image":{"@type":"ImageObject","inLanguage":"de","@id":"https:\/\/now-news.de\/de\/#\/schema\/person\/image\/","url":"https:\/\/secure.gravatar.com\/avatar\/82aafea7d8127119dd649515f56e2117?s=96&d=mm&r=g","contentUrl":"https:\/\/secure.gravatar.com\/avatar\/82aafea7d8127119dd649515f56e2117?s=96&d=mm&r=g","caption":"rtnews"},"url":"https:\/\/now-news.de\/de\/author\/rnews\/"}]}},"_links":{"self":[{"href":"https:\/\/now-news.de\/de\/wp-json\/wp\/v2\/posts\/35281"}],"collection":[{"href":"https:\/\/now-news.de\/de\/wp-json\/wp\/v2\/posts"}],"about":[{"href":"https:\/\/now-news.de\/de\/wp-json\/wp\/v2\/types\/post"}],"author":[{"embeddable":true,"href":"https:\/\/now-news.de\/de\/wp-json\/wp\/v2\/users\/3"}],"replies":[{"embeddable":true,"href":"https:\/\/now-news.de\/de\/wp-json\/wp\/v2\/comments?post=35281"}],"version-history":[{"count":0,"href":"https:\/\/now-news.de\/de\/wp-json\/wp\/v2\/posts\/35281\/revisions"}],"wp:featuredmedia":[{"embeddable":true,"href":"https:\/\/now-news.de\/de\/wp-json\/wp\/v2\/media\/35282"}],"wp:attachment":[{"href":"https:\/\/now-news.de\/de\/wp-json\/wp\/v2\/media?parent=35281"}],"wp:term":[{"taxonomy":"category","embeddable":true,"href":"https:\/\/now-news.de\/de\/wp-json\/wp\/v2\/categories?post=35281"},{"taxonomy":"post_tag","embeddable":true,"href":"https:\/\/now-news.de\/de\/wp-json\/wp\/v2\/tags?post=35281"}],"curies":[{"name":"wp","href":"https:\/\/api.w.org\/{rel}","templated":true}]}}