{"id":35272,"date":"2023-05-03T14:24:18","date_gmt":"2023-05-03T12:24:18","guid":{"rendered":"http:\/\/just-now.news\/de\/deutschland\/operation-eureka-internationale-razzia-gegen-italienische-mafia-festnahmen-auch-in-deutschland\/"},"modified":"2023-05-03T14:24:18","modified_gmt":"2023-05-03T12:24:18","slug":"operation-eureka-internationale-razzia-gegen-italienische-mafia-festnahmen-auch-in-deutschland","status":"publish","type":"post","link":"https:\/\/now-news.de\/de\/deutschland\/operation-eureka-internationale-razzia-gegen-italienische-mafia-festnahmen-auch-in-deutschland\/","title":{"rendered":"Operation Eureka: Internationale Razzia gegen italienische Mafia \u2013 Festnahmen auch in Deutschland"},"content":{"rendered":"<p><img decoding=\"async\" src=\"http:\/\/just-now.news\/de\/wp-content\/uploads\/sites\/3\/2023\/05\/64521606b480cc47cf0d06ab.jpg\" \/><\/p>\n<div class=\"Text-root Text-type_1 \">\n                Im Rahmen einer EU-weiten Razzia wurde am Mittwochmorgen gegen die Mafia-Organisation &#8216;Ndrangheta vorgegangen. Insgesamt sollen rund 100 Haftbefehle vollstreckt werden. Allein in Deutschland kam es demnach zu mehr als 30 Verhaftungen.\n            <\/div>\n<p><\/p>\n<div class=\"Text-root Text-type_5 ArticleView-text ViewText-root \">\n<p>Mit einer langj\u00e4hrig vorbereiteten Razzia gingen Ermittler und unterst\u00fctzende Polizeieinheiten am fr\u00fchen Mittwochmorgen in\u00a0Deutschland, Italien, Belgien und Portugal gegen die kalabrische Mafia-Organisation &#8216;Ndrangheta vor,\u00a0laut Angaben der\u00a0<em>Tagesschau<\/em> auch in Frankreich, Slowenien und Rum\u00e4nien. Das Netzwerk der <a rel=\"nofollow noopener\" target=\"_blank\" href=\"https:\/\/www.tagesschau.de\/investigativ\/mdr\/mafia-razzien-eureka-100.html\">Tatverd\u00e4chtigen<\/a> soll &#8220;bis nach Argentinien, Brasilien, Panama und Australien reichen&#8221;.<\/p>\n<p>Mehr als 1.000 Beamte waren demnach im Einsatz. Laut der\u00a0<em>Frankfurter Allgemeinen Zeitung<\/em> (<em>FAZ<\/em>)\u00a0<a rel=\"nofollow noopener\" target=\"_blank\" href=\"https:\/\/www.faz.net\/aktuell\/politik\/inland\/razzien-gegen-die-mafia-ndrangheta-das-sind-die-hintergruende-18584984.html\">unterst\u00fctzten<\/a> dabei in Deutschland Spezialkr\u00e4fte der Polizei in Nordrhein-Westfalen, Bayern, Th\u00fcringen, Rheinland-Pfalz und dem Saarland die Ermittler bei ihrer Arbeit.<\/p>\n<p>Medienangaben zufolge sollen bei der\u00a0Operation Eureka rund einhundert Haftbefehle vollstreckt werden. Wie viele Tatverd\u00e4chtige in Deutschland festgenommen wurden, war zu Beginn nicht bekannt. Nach Angaben der bayerischen Polizei wurden dann mehr als 30 Haftbefehle ausgef\u00fchrt &#8220;sowie dutzende Wohn- und Gesch\u00e4ftsr\u00e4ume in etlichen Bundesl\u00e4ndern durchsucht&#8221;, so\u00a0die\u00a0<em>FAZ<\/em>.<\/p>\n<p>Nach <a rel=\"nofollow noopener\" target=\"_blank\" href=\"https:\/\/www.mdr.de\/nachrichten\/thueringen\/mafia-razzia-ndrangheta-eureka100.html\">Informationen<\/a> des <em>MDR<\/em> geht es bei der Gesamtoperation um &#8220;die Hauptvorw\u00fcrfe der Mitgliedschaft in der Mafia bis hin zu Drogenhandel und Geldw\u00e4sche&#8221;. Die langj\u00e4hrigen Ermittlungen f\u00fchrten offenbar auch &#8220;zu alten Mafia-Ermittlungen in Erfurt, wo die Durchsuchung von vier Objekten&#8221; stattfand. Die Operation soll laut <em>MDR<\/em> und <em>FAZ<\/em> vor knapp vier Jahren angelaufen sein und d\u00fcrfte damit &#8220;eine der gr\u00f6\u00dften internationale Aktionen sein, die je gegen die &#8216;Ndrangheta stattgefunden hat&#8221;. Die <em>Tagesschau<\/em>\u00a0schreibt weiter:<\/p>\n<blockquote>\n<p><em>&#8220;Die Zentral- und Ansprechstelle f\u00fcr die Verfolgung Organisierter Straftaten (ZeOS NRW) bei der Staatsanwaltschaft D\u00fcsseldorf koordinierte die Razzien in Deutschland, in Italien hatte die Staatsanwaltschaft Reggio Calabria die Federf\u00fchrung. Die F\u00e4den der gesamten Operation &#8216;Eureka&#8217; laufen bei den europ\u00e4ischen Strafverfolgungsbeh\u00f6rden EUROJUST und EUROPOL zusammen.&#8221;<\/em><\/p>\n<\/blockquote>\n<p>Nach Recherchen von\u00a0<em>MDR<\/em>\u00a0und <em>FAZ<\/em> sollen &#8220;im Fokus der Ermittlungen &#8216;Ndrangheta-Clans aus dem Dorf San Luca stehen&#8221;. Diese Clanstrukturen sollen dann &#8220;gro\u00dfe Mengen an Kokain aus S\u00fcdamerika nach Europa geschmuggelt haben&#8221;. Weiter hei\u00dft es:<\/p>\n<blockquote>\n<p><em>&#8220;Laut den Ermittlungserkenntnissen sollen sie daf\u00fcr mit dem Primeiro Comando da Capital in Brasilien, mit den Clan del Golfo in Kolumbien sowie mit einer albanisch-st\u00e4mmigen Gruppierung in Ecuador zusammengearbeitet haben. In Containerschiffen sollen die Drogen in H\u00e4fen wie Antwerpen, Rotterdam oder das kalabrische Gioia Tauro gebracht worden sein.&#8221;<\/em><\/p>\n<\/blockquote>\n<p>Die Erfolge des Drogenverkaufs auf europ\u00e4ischem Boden sollen dann im Rahmen von Geldw\u00e4sche &#8220;unter anderem in Restaurants, Immobilien und Autowaschanlagen&#8221; geregelt worden sein. Dabei bestand der Ermittlungsverdacht,\u00a0es sei &#8220;offenbar ein Geldw\u00e4sche-Netzwerk vor allem in Deutschland, Belgien, Portugal und Argentinien aufgebaut&#8221; worden. &#8220;Zudem sollen die Ermittler besonders in Nordrhein-Westfalen ein weit verzweigtes Geldw\u00e4sche-System von Restaurants, Pizzerien, Caf\u00e9s und Eisdielen entdeckt haben&#8221;, so\u00a0der\u00a0<em>MDR<\/em>.\u00a0<\/p>\n<p>Laut der\u00a0<em>Welt<\/em>\u00a0<a rel=\"nofollow noopener\" target=\"_blank\" href=\"https:\/\/www.welt.de\/vermischtes\/kriminalitaet\/article245120358\/Operation-Eureka-Schlag-gegen-italienische-Mafia-Razzien-in-mehreren-Bundeslaendern.html\">durchsuchen<\/a> seit Mittwochmorgen in Nordrhein-Westfalen &#8220;rund 500 Einsatzkr\u00e4fte insgesamt 51 H\u00e4user, Wohnungen, B\u00fcros und Gesch\u00e4ftsobjekte von Verd\u00e4chtigen und vollstreckten 15 Haftbefehle&#8221;. In Bayern ermittelten die Beh\u00f6rden &#8220;gegen acht Verd\u00e4chtige, gegen vier Verd\u00e4chtige wurden EU-Haftbefehle vollstreckt&#8221;. Auch in Th\u00fcringen, Rheinland-Pfalz und im Saarland &#8220;wurden insgesamt elf Haftbefehle vollstreckt und mehr als 50 Wohnungen und Gesch\u00e4ftsr\u00e4ume durchsucht&#8221;.<\/p>\n<p>Den bayerischen Beh\u00f6rden gelang nach eigenen Angaben ein &#8220;f\u00fcr die internationalen Ermittlungen entscheidender&#8221; Coup. Demnach konnte &#8220;ein Kryptohandy eines der wichtigsten Verd\u00e4chtigen w\u00e4hrend dessen Aufenthalt in Bayern identifiziert werden&#8221;.<\/p>\n<p>In Kalabrien soll die Polizei am Mittwoch gegen zwei Br\u00fcder ermittelt haben, &#8220;die hohe Geldsummen unter anderem in Gastronomiebetriebe in Deutschland und Argentinien investiert haben sollen&#8221;. Den Berichten zufolge f\u00fchrten zuvor die italienischen und belgischen Ermittler ihre Verfahren zusammen. &#8220;Sp\u00e4ter stiegen auch die deutschen Beh\u00f6rden ein&#8221;, so\u00a0die\u00a0<em>Welt<\/em>.<\/p>\n<p><strong>Mehr zum Thema \u2013<\/strong>\u00a0<a rel=\"nofollow noopener\" target=\"_blank\" href=\"https:\/\/freeassange.rtde.life\/international\/167597-hersh-korruption-in-ukraine-kommt\/\">Hersh zur Korruption in der Ukraine: Selenskij und Co. veruntreuten im Vorjahr 400 Millionen Dollar<\/a><\/p>\n<\/p>\n<\/div>\n<p><br \/>\n<br \/><a href=\"https:\/\/de.rt.com\/europa\/169118-operation-eureka-internationale-razzia-gegen\/\">Source link <\/a><\/p>\n","protected":false},"excerpt":{"rendered":"<p>Im Rahmen einer EU-weiten Razzia wurde am Mittwochmorgen gegen die Mafia-Organisation &#8216;Ndrangheta vorgegangen. Insgesamt sollen rund 100 Haftbefehle vollstreckt werden. Allein in Deutschland kam es demnach zu mehr als 30 Verhaftungen. Mit einer langj\u00e4hrig vorbereiteten Razzia gingen Ermittler und unterst\u00fctzende Polizeieinheiten am fr\u00fchen Mittwochmorgen in\u00a0Deutschland, Italien, Belgien und Portugal gegen die kalabrische Mafia-Organisation &#8216;Ndrangheta vor,\u00a0laut [&hellip;]<\/p>\n","protected":false},"author":3,"featured_media":35273,"comment_status":"open","ping_status":"open","sticky":false,"template":"","format":"standard","meta":{"_yoast_indexnow_last_ping":["1683117116"],"wp_automatic_camp":["217"],"497166f6e035480cb6fe254111e280e6":["Operation Eureka: Internationale Razzia gegen italienische Mafia \u2013 Festnahmen auch in Deutschland"],"original_link":["https:\/\/de.rt.com\/europa\/169118-operation-eureka-internationale-razzia-gegen\/"],"_thumbnail_id":["35273"],"jnews_social_counter_last_update":["1777258544"],"_wptgpro_p2tg_sent2tg":["a:1:{i:23737;s:19:\"2023-05-03 14:33:01\";}"]},"categories":[19,23],"tags":[1475,179,43825,16580,278,1736,7224,5200,10676,1749],"yoast_head":"<!-- This site is optimized with the Yoast SEO Premium plugin v22.7 (Yoast SEO v22.7) - https:\/\/yoast.com\/wordpress\/plugins\/seo\/ -->\n<title>Operation Eureka: Internationale Razzia gegen italienische Mafia \u2013 Festnahmen auch in Deutschland - just-now.NEWS Deutschland<\/title>\n<meta name=\"robots\" content=\"index, follow, max-snippet:-1, max-image-preview:large, max-video-preview:-1\" \/>\n<link rel=\"canonical\" href=\"https:\/\/now-news.de\/de\/deutschland\/operation-eureka-internationale-razzia-gegen-italienische-mafia-festnahmen-auch-in-deutschland\/\" \/>\n<meta property=\"og:locale\" content=\"de_DE\" \/>\n<meta property=\"og:type\" content=\"article\" \/>\n<meta property=\"og:title\" content=\"Operation Eureka: Internationale Razzia gegen italienische Mafia \u2013 Festnahmen auch in Deutschland\" \/>\n<meta property=\"og:description\" content=\"Im Rahmen einer EU-weiten Razzia wurde am Mittwochmorgen gegen die Mafia-Organisation &#8216;Ndrangheta vorgegangen. Insgesamt sollen rund 100 Haftbefehle vollstreckt werden. Allein in Deutschland kam es demnach zu mehr als 30 Verhaftungen. Mit einer langj\u00e4hrig vorbereiteten Razzia gingen Ermittler und unterst\u00fctzende Polizeieinheiten am fr\u00fchen Mittwochmorgen in\u00a0Deutschland, Italien, Belgien und Portugal gegen die kalabrische Mafia-Organisation &#8216;Ndrangheta vor,\u00a0laut [&hellip;]\" \/>\n<meta property=\"og:url\" content=\"https:\/\/now-news.de\/de\/deutschland\/operation-eureka-internationale-razzia-gegen-italienische-mafia-festnahmen-auch-in-deutschland\/\" \/>\n<meta property=\"og:site_name\" content=\"just-now.NEWS Deutschland\" \/>\n<meta property=\"article:publisher\" content=\"https:\/\/www.facebook.com\/wirmachenauf\" \/>\n<meta property=\"article:published_time\" content=\"2023-05-03T12:24:18+00:00\" \/>\n<meta property=\"og:image\" content=\"https:\/\/now-news.de\/de\/wp-content\/uploads\/sites\/3\/2023\/05\/Operation-Eureka-Internationale-Razzia-gegen-italienische-Mafia-\u2013-Festnahmen-auch.jpg\" \/>\n\t<meta property=\"og:image:width\" content=\"460\" \/>\n\t<meta property=\"og:image:height\" content=\"259\" \/>\n\t<meta property=\"og:image:type\" content=\"image\/jpeg\" \/>\n<meta name=\"author\" content=\"rtnews\" \/>\n<meta name=\"twitter:card\" content=\"summary_large_image\" \/>\n<meta name=\"twitter:creator\" content=\"@WirMachenAuf_de\" \/>\n<meta name=\"twitter:site\" content=\"@WirMachenAuf_de\" \/>\n<meta name=\"twitter:label1\" content=\"Verfasst von\" \/>\n\t<meta name=\"twitter:data1\" content=\"rtnews\" \/>\n\t<meta name=\"twitter:label2\" content=\"Gesch\u00e4tzte Lesezeit\" \/>\n\t<meta name=\"twitter:data2\" content=\"3\u00a0Minuten\" \/>\n<script type=\"application\/ld+json\" class=\"yoast-schema-graph\">{\"@context\":\"https:\/\/schema.org\",\"@graph\":[{\"@type\":\"Article\",\"@id\":\"https:\/\/now-news.de\/de\/deutschland\/operation-eureka-internationale-razzia-gegen-italienische-mafia-festnahmen-auch-in-deutschland\/#article\",\"isPartOf\":{\"@id\":\"https:\/\/now-news.de\/de\/deutschland\/operation-eureka-internationale-razzia-gegen-italienische-mafia-festnahmen-auch-in-deutschland\/\"},\"author\":{\"name\":\"rtnews\",\"@id\":\"https:\/\/now-news.de\/de\/#\/schema\/person\/fb534a4e865501d8b3285208df34a9b5\"},\"headline\":\"Operation Eureka: Internationale Razzia gegen italienische Mafia \u2013 Festnahmen auch in Deutschland\",\"datePublished\":\"2023-05-03T12:24:18+00:00\",\"dateModified\":\"2023-05-03T12:24:18+00:00\",\"mainEntityOfPage\":{\"@id\":\"https:\/\/now-news.de\/de\/deutschland\/operation-eureka-internationale-razzia-gegen-italienische-mafia-festnahmen-auch-in-deutschland\/\"},\"wordCount\":640,\"commentCount\":0,\"publisher\":{\"@id\":\"https:\/\/now-news.de\/de\/#organization\"},\"image\":{\"@id\":\"https:\/\/now-news.de\/de\/deutschland\/operation-eureka-internationale-razzia-gegen-italienische-mafia-festnahmen-auch-in-deutschland\/#primaryimage\"},\"thumbnailUrl\":\"https:\/\/now-news.de\/de\/wp-content\/uploads\/sites\/3\/2023\/05\/Operation-Eureka-Internationale-Razzia-gegen-italienische-Mafia-\u2013-Festnahmen-auch.jpg\",\"keywords\":[\"auch\",\"Deutschland\",\"Eureka\",\"Festnahmen\",\"gegen\",\"Internationale\",\"italienische\",\"Mafia\",\"Operation\",\"Razzia\"],\"articleSection\":[\"Deutschland\",\"Russland\"],\"inLanguage\":\"de\",\"potentialAction\":[{\"@type\":\"CommentAction\",\"name\":\"Comment\",\"target\":[\"https:\/\/now-news.de\/de\/deutschland\/operation-eureka-internationale-razzia-gegen-italienische-mafia-festnahmen-auch-in-deutschland\/#respond\"]}]},{\"@type\":\"WebPage\",\"@id\":\"https:\/\/now-news.de\/de\/deutschland\/operation-eureka-internationale-razzia-gegen-italienische-mafia-festnahmen-auch-in-deutschland\/\",\"url\":\"https:\/\/now-news.de\/de\/deutschland\/operation-eureka-internationale-razzia-gegen-italienische-mafia-festnahmen-auch-in-deutschland\/\",\"name\":\"Operation Eureka: Internationale Razzia gegen italienische Mafia \u2013 Festnahmen auch in Deutschland - just-now.NEWS Deutschland\",\"isPartOf\":{\"@id\":\"https:\/\/now-news.de\/de\/#website\"},\"primaryImageOfPage\":{\"@id\":\"https:\/\/now-news.de\/de\/deutschland\/operation-eureka-internationale-razzia-gegen-italienische-mafia-festnahmen-auch-in-deutschland\/#primaryimage\"},\"image\":{\"@id\":\"https:\/\/now-news.de\/de\/deutschland\/operation-eureka-internationale-razzia-gegen-italienische-mafia-festnahmen-auch-in-deutschland\/#primaryimage\"},\"thumbnailUrl\":\"https:\/\/now-news.de\/de\/wp-content\/uploads\/sites\/3\/2023\/05\/Operation-Eureka-Internationale-Razzia-gegen-italienische-Mafia-\u2013-Festnahmen-auch.jpg\",\"datePublished\":\"2023-05-03T12:24:18+00:00\",\"dateModified\":\"2023-05-03T12:24:18+00:00\",\"breadcrumb\":{\"@id\":\"https:\/\/now-news.de\/de\/deutschland\/operation-eureka-internationale-razzia-gegen-italienische-mafia-festnahmen-auch-in-deutschland\/#breadcrumb\"},\"inLanguage\":\"de\",\"potentialAction\":[{\"@type\":\"ReadAction\",\"target\":[\"https:\/\/now-news.de\/de\/deutschland\/operation-eureka-internationale-razzia-gegen-italienische-mafia-festnahmen-auch-in-deutschland\/\"]}]},{\"@type\":\"ImageObject\",\"inLanguage\":\"de\",\"@id\":\"https:\/\/now-news.de\/de\/deutschland\/operation-eureka-internationale-razzia-gegen-italienische-mafia-festnahmen-auch-in-deutschland\/#primaryimage\",\"url\":\"https:\/\/now-news.de\/de\/wp-content\/uploads\/sites\/3\/2023\/05\/Operation-Eureka-Internationale-Razzia-gegen-italienische-Mafia-\u2013-Festnahmen-auch.jpg\",\"contentUrl\":\"https:\/\/now-news.de\/de\/wp-content\/uploads\/sites\/3\/2023\/05\/Operation-Eureka-Internationale-Razzia-gegen-italienische-Mafia-\u2013-Festnahmen-auch.jpg\",\"width\":460,\"height\":259,\"caption\":\"Operation Eureka: Internationale Razzia gegen italienische Mafia \u2013 Festnahmen auch in Deutschland\"},{\"@type\":\"BreadcrumbList\",\"@id\":\"https:\/\/now-news.de\/de\/deutschland\/operation-eureka-internationale-razzia-gegen-italienische-mafia-festnahmen-auch-in-deutschland\/#breadcrumb\",\"itemListElement\":[{\"@type\":\"ListItem\",\"position\":1,\"name\":\"Home\",\"item\":\"https:\/\/now-news.de\/de\/\"},{\"@type\":\"ListItem\",\"position\":2,\"name\":\"Operation Eureka: Internationale Razzia gegen italienische Mafia \u2013 Festnahmen auch in Deutschland\"}]},{\"@type\":\"WebSite\",\"@id\":\"https:\/\/now-news.de\/de\/#website\",\"url\":\"https:\/\/now-news.de\/de\/\",\"name\":\"just-now.NEWS Deutschland\",\"description\":\"Das Portal f\u00fcr unzensierte Nachrichten aus der Welt\",\"publisher\":{\"@id\":\"https:\/\/now-news.de\/de\/#organization\"},\"potentialAction\":[{\"@type\":\"SearchAction\",\"target\":{\"@type\":\"EntryPoint\",\"urlTemplate\":\"https:\/\/now-news.de\/de\/?s={search_term_string}\"},\"query-input\":\"required name=search_term_string\"}],\"inLanguage\":\"de\"},{\"@type\":\"Organization\",\"@id\":\"https:\/\/now-news.de\/de\/#organization\",\"name\":\"Just Now News\",\"url\":\"https:\/\/now-news.de\/de\/\",\"logo\":{\"@type\":\"ImageObject\",\"inLanguage\":\"de\",\"@id\":\"https:\/\/now-news.de\/de\/#\/schema\/logo\/image\/\",\"url\":\"http:\/\/just-now.news\/de\/wp-content\/uploads\/sites\/3\/2022\/04\/logo500x500.jpg\",\"contentUrl\":\"http:\/\/just-now.news\/de\/wp-content\/uploads\/sites\/3\/2022\/04\/logo500x500.jpg\",\"width\":500,\"height\":500,\"caption\":\"Just Now News\"},\"image\":{\"@id\":\"https:\/\/now-news.de\/de\/#\/schema\/logo\/image\/\"},\"sameAs\":[\"https:\/\/www.facebook.com\/wirmachenauf\",\"https:\/\/x.com\/WirMachenAuf_de\"]},{\"@type\":\"Person\",\"@id\":\"https:\/\/now-news.de\/de\/#\/schema\/person\/fb534a4e865501d8b3285208df34a9b5\",\"name\":\"rtnews\",\"image\":{\"@type\":\"ImageObject\",\"inLanguage\":\"de\",\"@id\":\"https:\/\/now-news.de\/de\/#\/schema\/person\/image\/\",\"url\":\"https:\/\/secure.gravatar.com\/avatar\/82aafea7d8127119dd649515f56e2117?s=96&d=mm&r=g\",\"contentUrl\":\"https:\/\/secure.gravatar.com\/avatar\/82aafea7d8127119dd649515f56e2117?s=96&d=mm&r=g\",\"caption\":\"rtnews\"},\"url\":\"https:\/\/now-news.de\/de\/author\/rnews\/\"}]}<\/script>\n<!-- \/ Yoast SEO Premium plugin. -->","yoast_head_json":{"title":"Operation Eureka: Internationale Razzia gegen italienische Mafia \u2013 Festnahmen auch in Deutschland - just-now.NEWS Deutschland","robots":{"index":"index","follow":"follow","max-snippet":"max-snippet:-1","max-image-preview":"max-image-preview:large","max-video-preview":"max-video-preview:-1"},"canonical":"https:\/\/now-news.de\/de\/deutschland\/operation-eureka-internationale-razzia-gegen-italienische-mafia-festnahmen-auch-in-deutschland\/","og_locale":"de_DE","og_type":"article","og_title":"Operation Eureka: Internationale Razzia gegen italienische Mafia \u2013 Festnahmen auch in Deutschland","og_description":"Im Rahmen einer EU-weiten Razzia wurde am Mittwochmorgen gegen die Mafia-Organisation &#8216;Ndrangheta vorgegangen. Insgesamt sollen rund 100 Haftbefehle vollstreckt werden. Allein in Deutschland kam es demnach zu mehr als 30 Verhaftungen. Mit einer langj\u00e4hrig vorbereiteten Razzia gingen Ermittler und unterst\u00fctzende Polizeieinheiten am fr\u00fchen Mittwochmorgen in\u00a0Deutschland, Italien, Belgien und Portugal gegen die kalabrische Mafia-Organisation &#8216;Ndrangheta vor,\u00a0laut [&hellip;]","og_url":"https:\/\/now-news.de\/de\/deutschland\/operation-eureka-internationale-razzia-gegen-italienische-mafia-festnahmen-auch-in-deutschland\/","og_site_name":"just-now.NEWS Deutschland","article_publisher":"https:\/\/www.facebook.com\/wirmachenauf","article_published_time":"2023-05-03T12:24:18+00:00","og_image":[{"width":460,"height":259,"url":"https:\/\/now-news.de\/de\/wp-content\/uploads\/sites\/3\/2023\/05\/Operation-Eureka-Internationale-Razzia-gegen-italienische-Mafia-\u2013-Festnahmen-auch.jpg","type":"image\/jpeg"}],"author":"rtnews","twitter_card":"summary_large_image","twitter_creator":"@WirMachenAuf_de","twitter_site":"@WirMachenAuf_de","twitter_misc":{"Verfasst von":"rtnews","Gesch\u00e4tzte Lesezeit":"3\u00a0Minuten"},"schema":{"@context":"https:\/\/schema.org","@graph":[{"@type":"Article","@id":"https:\/\/now-news.de\/de\/deutschland\/operation-eureka-internationale-razzia-gegen-italienische-mafia-festnahmen-auch-in-deutschland\/#article","isPartOf":{"@id":"https:\/\/now-news.de\/de\/deutschland\/operation-eureka-internationale-razzia-gegen-italienische-mafia-festnahmen-auch-in-deutschland\/"},"author":{"name":"rtnews","@id":"https:\/\/now-news.de\/de\/#\/schema\/person\/fb534a4e865501d8b3285208df34a9b5"},"headline":"Operation Eureka: Internationale Razzia gegen italienische Mafia \u2013 Festnahmen auch in Deutschland","datePublished":"2023-05-03T12:24:18+00:00","dateModified":"2023-05-03T12:24:18+00:00","mainEntityOfPage":{"@id":"https:\/\/now-news.de\/de\/deutschland\/operation-eureka-internationale-razzia-gegen-italienische-mafia-festnahmen-auch-in-deutschland\/"},"wordCount":640,"commentCount":0,"publisher":{"@id":"https:\/\/now-news.de\/de\/#organization"},"image":{"@id":"https:\/\/now-news.de\/de\/deutschland\/operation-eureka-internationale-razzia-gegen-italienische-mafia-festnahmen-auch-in-deutschland\/#primaryimage"},"thumbnailUrl":"https:\/\/now-news.de\/de\/wp-content\/uploads\/sites\/3\/2023\/05\/Operation-Eureka-Internationale-Razzia-gegen-italienische-Mafia-\u2013-Festnahmen-auch.jpg","keywords":["auch","Deutschland","Eureka","Festnahmen","gegen","Internationale","italienische","Mafia","Operation","Razzia"],"articleSection":["Deutschland","Russland"],"inLanguage":"de","potentialAction":[{"@type":"CommentAction","name":"Comment","target":["https:\/\/now-news.de\/de\/deutschland\/operation-eureka-internationale-razzia-gegen-italienische-mafia-festnahmen-auch-in-deutschland\/#respond"]}]},{"@type":"WebPage","@id":"https:\/\/now-news.de\/de\/deutschland\/operation-eureka-internationale-razzia-gegen-italienische-mafia-festnahmen-auch-in-deutschland\/","url":"https:\/\/now-news.de\/de\/deutschland\/operation-eureka-internationale-razzia-gegen-italienische-mafia-festnahmen-auch-in-deutschland\/","name":"Operation Eureka: Internationale Razzia gegen italienische Mafia \u2013 Festnahmen auch in Deutschland - just-now.NEWS Deutschland","isPartOf":{"@id":"https:\/\/now-news.de\/de\/#website"},"primaryImageOfPage":{"@id":"https:\/\/now-news.de\/de\/deutschland\/operation-eureka-internationale-razzia-gegen-italienische-mafia-festnahmen-auch-in-deutschland\/#primaryimage"},"image":{"@id":"https:\/\/now-news.de\/de\/deutschland\/operation-eureka-internationale-razzia-gegen-italienische-mafia-festnahmen-auch-in-deutschland\/#primaryimage"},"thumbnailUrl":"https:\/\/now-news.de\/de\/wp-content\/uploads\/sites\/3\/2023\/05\/Operation-Eureka-Internationale-Razzia-gegen-italienische-Mafia-\u2013-Festnahmen-auch.jpg","datePublished":"2023-05-03T12:24:18+00:00","dateModified":"2023-05-03T12:24:18+00:00","breadcrumb":{"@id":"https:\/\/now-news.de\/de\/deutschland\/operation-eureka-internationale-razzia-gegen-italienische-mafia-festnahmen-auch-in-deutschland\/#breadcrumb"},"inLanguage":"de","potentialAction":[{"@type":"ReadAction","target":["https:\/\/now-news.de\/de\/deutschland\/operation-eureka-internationale-razzia-gegen-italienische-mafia-festnahmen-auch-in-deutschland\/"]}]},{"@type":"ImageObject","inLanguage":"de","@id":"https:\/\/now-news.de\/de\/deutschland\/operation-eureka-internationale-razzia-gegen-italienische-mafia-festnahmen-auch-in-deutschland\/#primaryimage","url":"https:\/\/now-news.de\/de\/wp-content\/uploads\/sites\/3\/2023\/05\/Operation-Eureka-Internationale-Razzia-gegen-italienische-Mafia-\u2013-Festnahmen-auch.jpg","contentUrl":"https:\/\/now-news.de\/de\/wp-content\/uploads\/sites\/3\/2023\/05\/Operation-Eureka-Internationale-Razzia-gegen-italienische-Mafia-\u2013-Festnahmen-auch.jpg","width":460,"height":259,"caption":"Operation Eureka: Internationale Razzia gegen italienische Mafia \u2013 Festnahmen auch in Deutschland"},{"@type":"BreadcrumbList","@id":"https:\/\/now-news.de\/de\/deutschland\/operation-eureka-internationale-razzia-gegen-italienische-mafia-festnahmen-auch-in-deutschland\/#breadcrumb","itemListElement":[{"@type":"ListItem","position":1,"name":"Home","item":"https:\/\/now-news.de\/de\/"},{"@type":"ListItem","position":2,"name":"Operation Eureka: Internationale Razzia gegen italienische Mafia \u2013 Festnahmen auch in Deutschland"}]},{"@type":"WebSite","@id":"https:\/\/now-news.de\/de\/#website","url":"https:\/\/now-news.de\/de\/","name":"just-now.NEWS Deutschland","description":"Das Portal f\u00fcr unzensierte Nachrichten aus der Welt","publisher":{"@id":"https:\/\/now-news.de\/de\/#organization"},"potentialAction":[{"@type":"SearchAction","target":{"@type":"EntryPoint","urlTemplate":"https:\/\/now-news.de\/de\/?s={search_term_string}"},"query-input":"required name=search_term_string"}],"inLanguage":"de"},{"@type":"Organization","@id":"https:\/\/now-news.de\/de\/#organization","name":"Just Now News","url":"https:\/\/now-news.de\/de\/","logo":{"@type":"ImageObject","inLanguage":"de","@id":"https:\/\/now-news.de\/de\/#\/schema\/logo\/image\/","url":"http:\/\/just-now.news\/de\/wp-content\/uploads\/sites\/3\/2022\/04\/logo500x500.jpg","contentUrl":"http:\/\/just-now.news\/de\/wp-content\/uploads\/sites\/3\/2022\/04\/logo500x500.jpg","width":500,"height":500,"caption":"Just Now News"},"image":{"@id":"https:\/\/now-news.de\/de\/#\/schema\/logo\/image\/"},"sameAs":["https:\/\/www.facebook.com\/wirmachenauf","https:\/\/x.com\/WirMachenAuf_de"]},{"@type":"Person","@id":"https:\/\/now-news.de\/de\/#\/schema\/person\/fb534a4e865501d8b3285208df34a9b5","name":"rtnews","image":{"@type":"ImageObject","inLanguage":"de","@id":"https:\/\/now-news.de\/de\/#\/schema\/person\/image\/","url":"https:\/\/secure.gravatar.com\/avatar\/82aafea7d8127119dd649515f56e2117?s=96&d=mm&r=g","contentUrl":"https:\/\/secure.gravatar.com\/avatar\/82aafea7d8127119dd649515f56e2117?s=96&d=mm&r=g","caption":"rtnews"},"url":"https:\/\/now-news.de\/de\/author\/rnews\/"}]}},"_links":{"self":[{"href":"https:\/\/now-news.de\/de\/wp-json\/wp\/v2\/posts\/35272"}],"collection":[{"href":"https:\/\/now-news.de\/de\/wp-json\/wp\/v2\/posts"}],"about":[{"href":"https:\/\/now-news.de\/de\/wp-json\/wp\/v2\/types\/post"}],"author":[{"embeddable":true,"href":"https:\/\/now-news.de\/de\/wp-json\/wp\/v2\/users\/3"}],"replies":[{"embeddable":true,"href":"https:\/\/now-news.de\/de\/wp-json\/wp\/v2\/comments?post=35272"}],"version-history":[{"count":0,"href":"https:\/\/now-news.de\/de\/wp-json\/wp\/v2\/posts\/35272\/revisions"}],"wp:featuredmedia":[{"embeddable":true,"href":"https:\/\/now-news.de\/de\/wp-json\/wp\/v2\/media\/35273"}],"wp:attachment":[{"href":"https:\/\/now-news.de\/de\/wp-json\/wp\/v2\/media?parent=35272"}],"wp:term":[{"taxonomy":"category","embeddable":true,"href":"https:\/\/now-news.de\/de\/wp-json\/wp\/v2\/categories?post=35272"},{"taxonomy":"post_tag","embeddable":true,"href":"https:\/\/now-news.de\/de\/wp-json\/wp\/v2\/tags?post=35272"}],"curies":[{"name":"wp","href":"https:\/\/api.w.org\/{rel}","templated":true}]}}