{"id":3525,"date":"2022-04-26T03:00:00","date_gmt":"2022-04-26T04:00:00","guid":{"rendered":"http:\/\/just-now.news\/de\/deutschland\/steinmeier-und-scholz-kommen-nicht-zum-bundespresseball\/"},"modified":"2022-04-26T03:00:00","modified_gmt":"2022-04-26T04:00:00","slug":"steinmeier-und-scholz-kommen-nicht-zum-bundespresseball","status":"publish","type":"post","link":"https:\/\/now-news.de\/de\/deutschland\/steinmeier-und-scholz-kommen-nicht-zum-bundespresseball\/","title":{"rendered":"Steinmeier und Scholz kommen nicht zum Bundespresseball"},"content":{"rendered":"<div class=\"Text-root Text-type_5 ArticleView-text ViewText-root \">\n<p>Der Bundespresseball am kommenden Freitag muss ohne den Er\u00f6ffnungstanz durch Bundespr\u00e4sident Frank-Walter Steinmeier auskommen. Dieser wolle von der Teilnahme &#8220;in diesem Jahr absehen&#8221;, teilte das Bundespr\u00e4sidialamt der Bundespressekonferenz als Gastgeber mit. Traditionell wird der Ball vom Bundespr\u00e4sidenten und der Frau des Vorsitzenden der Bundespressekonferenz er\u00f6ffnet.<\/p>\n<div class=\"ReadMore-root Section-root Section-is1to3-xs_is1to1\" data-widgets=\"ReadMore\" data-has-alias>\n<div class=\"Section-container Section-isRow-isTop-isWrap\">\n<article class=\"Card-root Card-is1to1 \">\n<div class=\"Card-imageWrap\">\n<div class=\"Card-picture\">\n<picture class=\"Picture-root Picture-default\"><!--[if IE 9]><video style=\"display: none;\"><![endif]--><source media=\"(-webkit-min-device-pixel-ratio: 2) and (min-resolution: 120dpi)\" data-srcset=\" \nhttps:\/\/cdni.russiatoday.com\/deutsch\/images\/2022.04\/thumbnail\/626252b148fbef2967184369.jpg 850w,\n                https:\/\/cdni.russiatoday.com\/deutsch\/images\/2022.04\/article\/626252b048fbef2967184368.jpg 1960w,\n            \" srcset=\"data:image\/png;base64,iVBORw0KGgoAAAANSUhEUgAAABAAAAAJCAQAAACRI2S5AAAAEElEQVR42mNkIAAYRxWAAQAG9gAKqv6+AwAAAABJRU5ErkJggg==\"><source data-srcset=\" \nhttps:\/\/cdni.russiatoday.com\/deutsch\/images\/2022.04\/thumbnail\/626252b148fbef2967184369.jpg 460w,\n              https:\/\/cdni.russiatoday.com\/deutsch\/images\/2022.04\/article\/626252b048fbef2967184368.jpg 980w,\n            \" srcset=\"data:image\/png;base64,iVBORw0KGgoAAAANSUhEUgAAABAAAAAJCAQAAACRI2S5AAAAEElEQVR42mNkIAAYRxWAAQAG9gAKqv6+AwAAAABJRU5ErkJggg==\"><!--[if IE 9]><\/video><![endif]--><\/source><\/source><\/picture><!-- noscript pattern --><noscript><img decoding=\"async\" src=\"https:\/\/cdni.russiatoday.com\/deutsch\/images\/2022.04\/article\/626252b048fbef2967184368.jpg\" alt=\"Die Dreistigkeit der Bellizisten\"><\/noscript>    <\/div><\/div>\n<div class=\"Card-contentWrap\">\n<div class=\"Card-label\">\n            <span class=\"Label-root\"><br \/>\n                Meinung<br \/>\n            <\/span>\n        <\/div>\n<div class=\"Card-content\">\n<div class=\"Card-title\">\n<div class=\"HeaderNews-root HeaderNews-type_6 \">\n<p>            <a target=\"_blank\" href=\"https:\/\/de.rt.com\/meinung\/136729-dreistigkeit-bellizisten\/\" class=\"Link-root Link-isFullCard \" rel=\"noopener\"><br \/>\n                Die Dreistigkeit der Bellizisten<br \/>\n            <\/a><\/p><\/div><\/div><\/div><\/div>\n<\/article>\n<\/div><\/div>\n<p>In der Mitteilung aus Schloss Bellevue, die der <em>Deutschen Presse-Agentur<\/em> vorliegt, hei\u00dft es, der Bundespr\u00e4sident begr\u00fc\u00dfe ausdr\u00fccklich die gro\u00dfe Solidarit\u00e4t der deutschen Gesellschaft mit der Ukraine und nehme gern die Gelegenheit wahr, sich an der Spendenaktion anl\u00e4sslich des Balls zu beteiligen. Zuerst hatte das Portal <em>The Pioneer<\/em> dar\u00fcber berichtet.<\/p>\n<p>Die Bundespressekonferenz als Veranstalter erkl\u00e4rte den Ball zu einem &#8220;Solidarit\u00e4tsball f\u00fcr die Ukraine&#8221;. Mit einer Spendenaktion \u00fcber die Organisation Reporter ohne Grenzen sollen Journalistinnen und Journalisten in der Ukraine unterst\u00fctzt werden, au\u00dferdem Berichterstatter in und aus Russland, die sich &#8220;dem Kreml und seinem Krieg in der Ukraine in den Weg stellen&#8221;. Zudem seien Journalisten sowie K\u00fcnstlerinnen und K\u00fcnstler aus der Ukraine zum Bundespresseball eingeladen worden.<\/p>\n<p>Auch Bundeskanzler Olaf Scholz (SPD) wird nicht daran teilnehmen, wie ein Regierungssprecher am Montag auf Anfrage mitteilte. Er steht damit gewisserma\u00dfen in der Tradition seiner Vorg\u00e4ngerin Angela Merkel (CDU), die dem Bundespresseball ebenfalls regelm\u00e4\u00dfig fernblieb. Zugesagt haben dagegen nach Angaben der Gastgeber etwa Au\u00dfenministerin Annalena Baerbock (Gr\u00fcne) sowie ihre SPD-Kolleginnen Christine Lambrecht (Verteidigung) und Nancy Faeser (Innen).<\/p>\n<p><strong>Mehr zum Thema<\/strong> \u2013 <a target=\"_blank\" href=\"https:\/\/deutsch.rt.com\/inland\/136795-olaf-scholz-beklagt-verleumdung-spd\/\" rel=\"noopener\">Olaf Scholz beklagt Verleumdung der SPD wegen ihrer Russlandpolitik<\/a><\/p>\n<\/p>\n<p><em>(rt de\/dpa)<\/em><\/p>\n<\/div>\n<p><br \/>\n<br \/><a href=\"https:\/\/de.rt.com\/inland\/136970-steinmeier-und-scholz-kommen-nicht-zum-bundespresseball-berlin\/\">Source link <\/a><\/p>\n","protected":false},"excerpt":{"rendered":"<p>Der Bundespresseball am kommenden Freitag muss ohne den Er\u00f6ffnungstanz durch Bundespr\u00e4sident Frank-Walter Steinmeier auskommen. Dieser wolle von der Teilnahme &#8220;in diesem Jahr absehen&#8221;, teilte das Bundespr\u00e4sidialamt der Bundespressekonferenz als Gastgeber mit. Traditionell wird der Ball vom Bundespr\u00e4sidenten und der Frau des Vorsitzenden der Bundespressekonferenz er\u00f6ffnet. Meinung Die Dreistigkeit der Bellizisten In der Mitteilung aus Schloss [&hellip;]<\/p>\n","protected":false},"author":3,"featured_media":3526,"comment_status":"open","ping_status":"open","sticky":false,"template":"","format":"standard","meta":{"wp_automatic_camp":["217"],"d4f6a1c1be6d2051f5cfeaffc4f9e387":["Steinmeier und Scholz kommen nicht zum Bundespresseball"],"original_link":["https:\/\/de.rt.com\/inland\/136970-steinmeier-und-scholz-kommen-nicht-zum-bundespresseball-berlin\/"],"_thumbnail_id":["3526"],"wp_automatic_remove_first_image":["yes"],"jnews_social_counter_last_update":["1777385241"]},"categories":[19,23],"tags":[10189,8370,800,1001,1723,140,565],"yoast_head":"<!-- This site is optimized with the Yoast SEO Premium plugin v22.7 (Yoast SEO v22.7) - https:\/\/yoast.com\/wordpress\/plugins\/seo\/ -->\n<title>Steinmeier und Scholz kommen nicht zum Bundespresseball - just-now.NEWS Deutschland<\/title>\n<meta name=\"robots\" content=\"index, follow, max-snippet:-1, max-image-preview:large, max-video-preview:-1\" \/>\n<link rel=\"canonical\" href=\"https:\/\/now-news.de\/de\/deutschland\/steinmeier-und-scholz-kommen-nicht-zum-bundespresseball\/\" \/>\n<meta property=\"og:locale\" content=\"de_DE\" \/>\n<meta property=\"og:type\" content=\"article\" \/>\n<meta property=\"og:title\" content=\"Steinmeier und Scholz kommen nicht zum Bundespresseball\" \/>\n<meta property=\"og:description\" content=\"Der Bundespresseball am kommenden Freitag muss ohne den Er\u00f6ffnungstanz durch Bundespr\u00e4sident Frank-Walter Steinmeier auskommen. Dieser wolle von der Teilnahme &#8220;in diesem Jahr absehen&#8221;, teilte das Bundespr\u00e4sidialamt der Bundespressekonferenz als Gastgeber mit. Traditionell wird der Ball vom Bundespr\u00e4sidenten und der Frau des Vorsitzenden der Bundespressekonferenz er\u00f6ffnet. Meinung Die Dreistigkeit der Bellizisten In der Mitteilung aus Schloss [&hellip;]\" \/>\n<meta property=\"og:url\" content=\"https:\/\/now-news.de\/de\/deutschland\/steinmeier-und-scholz-kommen-nicht-zum-bundespresseball\/\" \/>\n<meta property=\"og:site_name\" content=\"just-now.NEWS Deutschland\" \/>\n<meta property=\"article:publisher\" content=\"https:\/\/www.facebook.com\/wirmachenauf\" \/>\n<meta property=\"article:published_time\" content=\"2022-04-26T04:00:00+00:00\" \/>\n<meta property=\"og:image\" content=\"https:\/\/now-news.de\/de\/wp-content\/uploads\/sites\/3\/2022\/04\/Steinmeier-und-Scholz-kommen-nicht-zum-Bundespresseball.jpg\" \/>\n\t<meta property=\"og:image:width\" content=\"1104\" \/>\n\t<meta property=\"og:image:height\" content=\"622\" \/>\n\t<meta property=\"og:image:type\" content=\"image\/jpeg\" \/>\n<meta name=\"author\" content=\"rtnews\" \/>\n<meta name=\"twitter:card\" content=\"summary_large_image\" \/>\n<meta name=\"twitter:creator\" content=\"@WirMachenAuf_de\" \/>\n<meta name=\"twitter:site\" content=\"@WirMachenAuf_de\" \/>\n<meta name=\"twitter:label1\" content=\"Verfasst von\" \/>\n\t<meta name=\"twitter:data1\" content=\"rtnews\" \/>\n\t<meta name=\"twitter:label2\" content=\"Gesch\u00e4tzte Lesezeit\" \/>\n\t<meta name=\"twitter:data2\" content=\"1\u00a0Minute\" \/>\n<script type=\"application\/ld+json\" class=\"yoast-schema-graph\">{\"@context\":\"https:\/\/schema.org\",\"@graph\":[{\"@type\":\"Article\",\"@id\":\"https:\/\/now-news.de\/de\/deutschland\/steinmeier-und-scholz-kommen-nicht-zum-bundespresseball\/#article\",\"isPartOf\":{\"@id\":\"https:\/\/now-news.de\/de\/deutschland\/steinmeier-und-scholz-kommen-nicht-zum-bundespresseball\/\"},\"author\":{\"name\":\"rtnews\",\"@id\":\"https:\/\/now-news.de\/de\/#\/schema\/person\/fb534a4e865501d8b3285208df34a9b5\"},\"headline\":\"Steinmeier und Scholz kommen nicht zum Bundespresseball\",\"datePublished\":\"2022-04-26T04:00:00+00:00\",\"dateModified\":\"2022-04-26T04:00:00+00:00\",\"mainEntityOfPage\":{\"@id\":\"https:\/\/now-news.de\/de\/deutschland\/steinmeier-und-scholz-kommen-nicht-zum-bundespresseball\/\"},\"wordCount\":271,\"commentCount\":0,\"publisher\":{\"@id\":\"https:\/\/now-news.de\/de\/#organization\"},\"image\":{\"@id\":\"https:\/\/now-news.de\/de\/deutschland\/steinmeier-und-scholz-kommen-nicht-zum-bundespresseball\/#primaryimage\"},\"thumbnailUrl\":\"https:\/\/now-news.de\/de\/wp-content\/uploads\/sites\/3\/2022\/04\/Steinmeier-und-Scholz-kommen-nicht-zum-Bundespresseball.jpg\",\"keywords\":[\"Bundespresseball\",\"kommen\",\"nicht\",\"Scholz\",\"Steinmeier\",\"und\",\"zum\"],\"articleSection\":[\"Deutschland\",\"Russland\"],\"inLanguage\":\"de\",\"potentialAction\":[{\"@type\":\"CommentAction\",\"name\":\"Comment\",\"target\":[\"https:\/\/now-news.de\/de\/deutschland\/steinmeier-und-scholz-kommen-nicht-zum-bundespresseball\/#respond\"]}]},{\"@type\":\"WebPage\",\"@id\":\"https:\/\/now-news.de\/de\/deutschland\/steinmeier-und-scholz-kommen-nicht-zum-bundespresseball\/\",\"url\":\"https:\/\/now-news.de\/de\/deutschland\/steinmeier-und-scholz-kommen-nicht-zum-bundespresseball\/\",\"name\":\"Steinmeier und Scholz kommen nicht zum Bundespresseball - just-now.NEWS Deutschland\",\"isPartOf\":{\"@id\":\"https:\/\/now-news.de\/de\/#website\"},\"primaryImageOfPage\":{\"@id\":\"https:\/\/now-news.de\/de\/deutschland\/steinmeier-und-scholz-kommen-nicht-zum-bundespresseball\/#primaryimage\"},\"image\":{\"@id\":\"https:\/\/now-news.de\/de\/deutschland\/steinmeier-und-scholz-kommen-nicht-zum-bundespresseball\/#primaryimage\"},\"thumbnailUrl\":\"https:\/\/now-news.de\/de\/wp-content\/uploads\/sites\/3\/2022\/04\/Steinmeier-und-Scholz-kommen-nicht-zum-Bundespresseball.jpg\",\"datePublished\":\"2022-04-26T04:00:00+00:00\",\"dateModified\":\"2022-04-26T04:00:00+00:00\",\"breadcrumb\":{\"@id\":\"https:\/\/now-news.de\/de\/deutschland\/steinmeier-und-scholz-kommen-nicht-zum-bundespresseball\/#breadcrumb\"},\"inLanguage\":\"de\",\"potentialAction\":[{\"@type\":\"ReadAction\",\"target\":[\"https:\/\/now-news.de\/de\/deutschland\/steinmeier-und-scholz-kommen-nicht-zum-bundespresseball\/\"]}]},{\"@type\":\"ImageObject\",\"inLanguage\":\"de\",\"@id\":\"https:\/\/now-news.de\/de\/deutschland\/steinmeier-und-scholz-kommen-nicht-zum-bundespresseball\/#primaryimage\",\"url\":\"https:\/\/now-news.de\/de\/wp-content\/uploads\/sites\/3\/2022\/04\/Steinmeier-und-Scholz-kommen-nicht-zum-Bundespresseball.jpg\",\"contentUrl\":\"https:\/\/now-news.de\/de\/wp-content\/uploads\/sites\/3\/2022\/04\/Steinmeier-und-Scholz-kommen-nicht-zum-Bundespresseball.jpg\",\"width\":1104,\"height\":622,\"caption\":\"Steinmeier und Scholz kommen nicht zum Bundespresseball\"},{\"@type\":\"BreadcrumbList\",\"@id\":\"https:\/\/now-news.de\/de\/deutschland\/steinmeier-und-scholz-kommen-nicht-zum-bundespresseball\/#breadcrumb\",\"itemListElement\":[{\"@type\":\"ListItem\",\"position\":1,\"name\":\"Home\",\"item\":\"https:\/\/now-news.de\/de\/\"},{\"@type\":\"ListItem\",\"position\":2,\"name\":\"Steinmeier und Scholz kommen nicht zum Bundespresseball\"}]},{\"@type\":\"WebSite\",\"@id\":\"https:\/\/now-news.de\/de\/#website\",\"url\":\"https:\/\/now-news.de\/de\/\",\"name\":\"just-now.NEWS Deutschland\",\"description\":\"Das Portal f\u00fcr unzensierte Nachrichten aus der Welt\",\"publisher\":{\"@id\":\"https:\/\/now-news.de\/de\/#organization\"},\"potentialAction\":[{\"@type\":\"SearchAction\",\"target\":{\"@type\":\"EntryPoint\",\"urlTemplate\":\"https:\/\/now-news.de\/de\/?s={search_term_string}\"},\"query-input\":\"required name=search_term_string\"}],\"inLanguage\":\"de\"},{\"@type\":\"Organization\",\"@id\":\"https:\/\/now-news.de\/de\/#organization\",\"name\":\"Just Now News\",\"url\":\"https:\/\/now-news.de\/de\/\",\"logo\":{\"@type\":\"ImageObject\",\"inLanguage\":\"de\",\"@id\":\"https:\/\/now-news.de\/de\/#\/schema\/logo\/image\/\",\"url\":\"http:\/\/just-now.news\/de\/wp-content\/uploads\/sites\/3\/2022\/04\/logo500x500.jpg\",\"contentUrl\":\"http:\/\/just-now.news\/de\/wp-content\/uploads\/sites\/3\/2022\/04\/logo500x500.jpg\",\"width\":500,\"height\":500,\"caption\":\"Just Now News\"},\"image\":{\"@id\":\"https:\/\/now-news.de\/de\/#\/schema\/logo\/image\/\"},\"sameAs\":[\"https:\/\/www.facebook.com\/wirmachenauf\",\"https:\/\/x.com\/WirMachenAuf_de\"]},{\"@type\":\"Person\",\"@id\":\"https:\/\/now-news.de\/de\/#\/schema\/person\/fb534a4e865501d8b3285208df34a9b5\",\"name\":\"rtnews\",\"image\":{\"@type\":\"ImageObject\",\"inLanguage\":\"de\",\"@id\":\"https:\/\/now-news.de\/de\/#\/schema\/person\/image\/\",\"url\":\"https:\/\/secure.gravatar.com\/avatar\/82aafea7d8127119dd649515f56e2117?s=96&d=mm&r=g\",\"contentUrl\":\"https:\/\/secure.gravatar.com\/avatar\/82aafea7d8127119dd649515f56e2117?s=96&d=mm&r=g\",\"caption\":\"rtnews\"},\"url\":\"https:\/\/now-news.de\/de\/author\/rnews\/\"}]}<\/script>\n<!-- \/ Yoast SEO Premium plugin. -->","yoast_head_json":{"title":"Steinmeier und Scholz kommen nicht zum Bundespresseball - just-now.NEWS Deutschland","robots":{"index":"index","follow":"follow","max-snippet":"max-snippet:-1","max-image-preview":"max-image-preview:large","max-video-preview":"max-video-preview:-1"},"canonical":"https:\/\/now-news.de\/de\/deutschland\/steinmeier-und-scholz-kommen-nicht-zum-bundespresseball\/","og_locale":"de_DE","og_type":"article","og_title":"Steinmeier und Scholz kommen nicht zum Bundespresseball","og_description":"Der Bundespresseball am kommenden Freitag muss ohne den Er\u00f6ffnungstanz durch Bundespr\u00e4sident Frank-Walter Steinmeier auskommen. Dieser wolle von der Teilnahme &#8220;in diesem Jahr absehen&#8221;, teilte das Bundespr\u00e4sidialamt der Bundespressekonferenz als Gastgeber mit. Traditionell wird der Ball vom Bundespr\u00e4sidenten und der Frau des Vorsitzenden der Bundespressekonferenz er\u00f6ffnet. Meinung Die Dreistigkeit der Bellizisten In der Mitteilung aus Schloss [&hellip;]","og_url":"https:\/\/now-news.de\/de\/deutschland\/steinmeier-und-scholz-kommen-nicht-zum-bundespresseball\/","og_site_name":"just-now.NEWS Deutschland","article_publisher":"https:\/\/www.facebook.com\/wirmachenauf","article_published_time":"2022-04-26T04:00:00+00:00","og_image":[{"width":1104,"height":622,"url":"https:\/\/now-news.de\/de\/wp-content\/uploads\/sites\/3\/2022\/04\/Steinmeier-und-Scholz-kommen-nicht-zum-Bundespresseball.jpg","type":"image\/jpeg"}],"author":"rtnews","twitter_card":"summary_large_image","twitter_creator":"@WirMachenAuf_de","twitter_site":"@WirMachenAuf_de","twitter_misc":{"Verfasst von":"rtnews","Gesch\u00e4tzte Lesezeit":"1\u00a0Minute"},"schema":{"@context":"https:\/\/schema.org","@graph":[{"@type":"Article","@id":"https:\/\/now-news.de\/de\/deutschland\/steinmeier-und-scholz-kommen-nicht-zum-bundespresseball\/#article","isPartOf":{"@id":"https:\/\/now-news.de\/de\/deutschland\/steinmeier-und-scholz-kommen-nicht-zum-bundespresseball\/"},"author":{"name":"rtnews","@id":"https:\/\/now-news.de\/de\/#\/schema\/person\/fb534a4e865501d8b3285208df34a9b5"},"headline":"Steinmeier und Scholz kommen nicht zum Bundespresseball","datePublished":"2022-04-26T04:00:00+00:00","dateModified":"2022-04-26T04:00:00+00:00","mainEntityOfPage":{"@id":"https:\/\/now-news.de\/de\/deutschland\/steinmeier-und-scholz-kommen-nicht-zum-bundespresseball\/"},"wordCount":271,"commentCount":0,"publisher":{"@id":"https:\/\/now-news.de\/de\/#organization"},"image":{"@id":"https:\/\/now-news.de\/de\/deutschland\/steinmeier-und-scholz-kommen-nicht-zum-bundespresseball\/#primaryimage"},"thumbnailUrl":"https:\/\/now-news.de\/de\/wp-content\/uploads\/sites\/3\/2022\/04\/Steinmeier-und-Scholz-kommen-nicht-zum-Bundespresseball.jpg","keywords":["Bundespresseball","kommen","nicht","Scholz","Steinmeier","und","zum"],"articleSection":["Deutschland","Russland"],"inLanguage":"de","potentialAction":[{"@type":"CommentAction","name":"Comment","target":["https:\/\/now-news.de\/de\/deutschland\/steinmeier-und-scholz-kommen-nicht-zum-bundespresseball\/#respond"]}]},{"@type":"WebPage","@id":"https:\/\/now-news.de\/de\/deutschland\/steinmeier-und-scholz-kommen-nicht-zum-bundespresseball\/","url":"https:\/\/now-news.de\/de\/deutschland\/steinmeier-und-scholz-kommen-nicht-zum-bundespresseball\/","name":"Steinmeier und Scholz kommen nicht zum Bundespresseball - just-now.NEWS Deutschland","isPartOf":{"@id":"https:\/\/now-news.de\/de\/#website"},"primaryImageOfPage":{"@id":"https:\/\/now-news.de\/de\/deutschland\/steinmeier-und-scholz-kommen-nicht-zum-bundespresseball\/#primaryimage"},"image":{"@id":"https:\/\/now-news.de\/de\/deutschland\/steinmeier-und-scholz-kommen-nicht-zum-bundespresseball\/#primaryimage"},"thumbnailUrl":"https:\/\/now-news.de\/de\/wp-content\/uploads\/sites\/3\/2022\/04\/Steinmeier-und-Scholz-kommen-nicht-zum-Bundespresseball.jpg","datePublished":"2022-04-26T04:00:00+00:00","dateModified":"2022-04-26T04:00:00+00:00","breadcrumb":{"@id":"https:\/\/now-news.de\/de\/deutschland\/steinmeier-und-scholz-kommen-nicht-zum-bundespresseball\/#breadcrumb"},"inLanguage":"de","potentialAction":[{"@type":"ReadAction","target":["https:\/\/now-news.de\/de\/deutschland\/steinmeier-und-scholz-kommen-nicht-zum-bundespresseball\/"]}]},{"@type":"ImageObject","inLanguage":"de","@id":"https:\/\/now-news.de\/de\/deutschland\/steinmeier-und-scholz-kommen-nicht-zum-bundespresseball\/#primaryimage","url":"https:\/\/now-news.de\/de\/wp-content\/uploads\/sites\/3\/2022\/04\/Steinmeier-und-Scholz-kommen-nicht-zum-Bundespresseball.jpg","contentUrl":"https:\/\/now-news.de\/de\/wp-content\/uploads\/sites\/3\/2022\/04\/Steinmeier-und-Scholz-kommen-nicht-zum-Bundespresseball.jpg","width":1104,"height":622,"caption":"Steinmeier und Scholz kommen nicht zum Bundespresseball"},{"@type":"BreadcrumbList","@id":"https:\/\/now-news.de\/de\/deutschland\/steinmeier-und-scholz-kommen-nicht-zum-bundespresseball\/#breadcrumb","itemListElement":[{"@type":"ListItem","position":1,"name":"Home","item":"https:\/\/now-news.de\/de\/"},{"@type":"ListItem","position":2,"name":"Steinmeier und Scholz kommen nicht zum Bundespresseball"}]},{"@type":"WebSite","@id":"https:\/\/now-news.de\/de\/#website","url":"https:\/\/now-news.de\/de\/","name":"just-now.NEWS Deutschland","description":"Das Portal f\u00fcr unzensierte Nachrichten aus der Welt","publisher":{"@id":"https:\/\/now-news.de\/de\/#organization"},"potentialAction":[{"@type":"SearchAction","target":{"@type":"EntryPoint","urlTemplate":"https:\/\/now-news.de\/de\/?s={search_term_string}"},"query-input":"required name=search_term_string"}],"inLanguage":"de"},{"@type":"Organization","@id":"https:\/\/now-news.de\/de\/#organization","name":"Just Now News","url":"https:\/\/now-news.de\/de\/","logo":{"@type":"ImageObject","inLanguage":"de","@id":"https:\/\/now-news.de\/de\/#\/schema\/logo\/image\/","url":"http:\/\/just-now.news\/de\/wp-content\/uploads\/sites\/3\/2022\/04\/logo500x500.jpg","contentUrl":"http:\/\/just-now.news\/de\/wp-content\/uploads\/sites\/3\/2022\/04\/logo500x500.jpg","width":500,"height":500,"caption":"Just Now News"},"image":{"@id":"https:\/\/now-news.de\/de\/#\/schema\/logo\/image\/"},"sameAs":["https:\/\/www.facebook.com\/wirmachenauf","https:\/\/x.com\/WirMachenAuf_de"]},{"@type":"Person","@id":"https:\/\/now-news.de\/de\/#\/schema\/person\/fb534a4e865501d8b3285208df34a9b5","name":"rtnews","image":{"@type":"ImageObject","inLanguage":"de","@id":"https:\/\/now-news.de\/de\/#\/schema\/person\/image\/","url":"https:\/\/secure.gravatar.com\/avatar\/82aafea7d8127119dd649515f56e2117?s=96&d=mm&r=g","contentUrl":"https:\/\/secure.gravatar.com\/avatar\/82aafea7d8127119dd649515f56e2117?s=96&d=mm&r=g","caption":"rtnews"},"url":"https:\/\/now-news.de\/de\/author\/rnews\/"}]}},"_links":{"self":[{"href":"https:\/\/now-news.de\/de\/wp-json\/wp\/v2\/posts\/3525"}],"collection":[{"href":"https:\/\/now-news.de\/de\/wp-json\/wp\/v2\/posts"}],"about":[{"href":"https:\/\/now-news.de\/de\/wp-json\/wp\/v2\/types\/post"}],"author":[{"embeddable":true,"href":"https:\/\/now-news.de\/de\/wp-json\/wp\/v2\/users\/3"}],"replies":[{"embeddable":true,"href":"https:\/\/now-news.de\/de\/wp-json\/wp\/v2\/comments?post=3525"}],"version-history":[{"count":0,"href":"https:\/\/now-news.de\/de\/wp-json\/wp\/v2\/posts\/3525\/revisions"}],"wp:featuredmedia":[{"embeddable":true,"href":"https:\/\/now-news.de\/de\/wp-json\/wp\/v2\/media\/3526"}],"wp:attachment":[{"href":"https:\/\/now-news.de\/de\/wp-json\/wp\/v2\/media?parent=3525"}],"wp:term":[{"taxonomy":"category","embeddable":true,"href":"https:\/\/now-news.de\/de\/wp-json\/wp\/v2\/categories?post=3525"},{"taxonomy":"post_tag","embeddable":true,"href":"https:\/\/now-news.de\/de\/wp-json\/wp\/v2\/tags?post=3525"}],"curies":[{"name":"wp","href":"https:\/\/api.w.org\/{rel}","templated":true}]}}