{"id":35156,"date":"2023-05-01T21:34:26","date_gmt":"2023-05-01T19:34:26","guid":{"rendered":"http:\/\/just-now.news\/de\/deutschland\/martin-sonneborn-eu-sollte-sich-von-den-fesseln-des-voelkerrechts-befreien\/"},"modified":"2023-05-01T21:34:26","modified_gmt":"2023-05-01T19:34:26","slug":"martin-sonneborn-eu-sollte-sich-von-den-fesseln-des-voelkerrechts-befreien","status":"publish","type":"post","link":"https:\/\/now-news.de\/de\/deutschland\/martin-sonneborn-eu-sollte-sich-von-den-fesseln-des-voelkerrechts-befreien\/","title":{"rendered":"Martin Sonneborn: EU sollte sich von den Fesseln des V\u00f6lkerrechts befreien"},"content":{"rendered":"<p><img decoding=\"async\" src=\"http:\/\/just-now.news\/de\/wp-content\/uploads\/sites\/3\/2023\/05\/644fd65948fbef34697e9b27.jpg\" \/><\/p>\n<div class=\"Text-root Text-type_1 \">\n                In einem Tweet nimmt Martin Sonneborn (Die PARTEI) Stellung zu aktuellen Entwicklungen in Deutschland und der EU. Witzig und unterhaltsam formuliert deutet der Tweet jedoch auf grundlegende Fehlentwicklungen. Die Repression nimmt zu, die Freiheit ab.\n            <\/div>\n<p><\/p>\n<div class=\"Text-root Text-type_5 ArticleView-text ViewText-root \">\n<p>In einem langen Tweet holt der EU-Parlamentarier Martin Sonneborn (Die PARTEI) zum Rundumschlag gegen sowohl deutsche Politik als auch die der EU aus.\u00a0<\/p>\n<div class=\"EmbedBlock-root EmbedBlock-twitter\">\n<div class=\"TwitterEmbed\">\n<blockquote class=\"twitter-tweet lazyload\" data-twitter=\"twitter-tweet\">\n<p lang=\"de\" dir=\"ltr\">Neues aus der EU ++++ Neues +++ aus der ++ EU +Dass Robert Habeck ein \u201eVollidiot\u201c sei, darf man zwar gedanklich noch in Erw\u00e4gung ziehen, muss es allerdings f\u00fcr sich behalten, da dies sein Wirken im Amt bis zu dessen Verunm\u00f6glichung erschweren k\u00f6nnte, was laut \u00a7 188 StGB\u2026 <a rel=\"nofollow noopener\" target=\"_blank\" href=\"https:\/\/t.co\/lsmdElWISk\">pic.twitter.com\/lsmdElWISk<\/a><\/p>\n<p>\u2014 Martin Sonneborn (@MartinSonneborn) <a rel=\"nofollow noopener\" target=\"_blank\" href=\"https:\/\/twitter.com\/MartinSonneborn\/status\/1652657163154735105?ref_src=twsrc%5Etfw\">April 30, 2023<\/a><\/p><\/blockquote>\n<\/div>\n<\/div>\n<p>Deutschland ist Schlusslicht beim Wachstum in der EU. Geschuldet ist dies zweifellos einer verfehlten Wirtschaftspolitik, denn f\u00fcr die anderen Staaten der Europ\u00e4ischen Union sind die Rahmenbedingungen gleich, die wirtschaftlichen Aussichten im Vergleich mit Deutschland jedoch ungleich besser.\u00a0\u00a0<\/p>\n<p>Indien hat sich inzwischen zum wichtigsten Lieferanten f\u00fcr \u00d6lprodukte entwickelt. Der Subkontinent\u00a0importiert Roh\u00f6l aus Russland, raffiniert es und verkauft es an die EU weiter, die ein Embargo gegen den Import von russischen Erd\u00f6lprodukten verh\u00e4ngt hat. Sonneborn schreibt:\u00a0<\/p>\n<blockquote>\n<p><em>&#8220;Was die von Frau vonderLeyen, die nat\u00fcrlich kein &#8216;Vollidiot&#8217;, sondern im Zweifel eine ausgemachte &#8216;Vollidiotin&#8217; w\u00e4re, vorangetriebene EU-Sanktionspolitik ein weiteres Mal ad absurdum f\u00fchrt. Da die EU kein \u00d6l mehr direkt aus Russland beziehen will, bezieht sie dasselbe \u00d6l en masse nun auf dem Umweg \u00fcber indische Raffinerien &amp; Gewinnspannen. Raffiniert; freut uns f\u00fcr Indien.&#8221;<\/em><\/p>\n<\/blockquote>\n<p>Dass es auch mit den viel beschworenen europ\u00e4ischen Werten nicht wirklich gut bestellt ist, verdeutlicht Sonneborn unter anderem am Beispiel Litauens, das sich die v\u00f6lkerrechtswidrigen Push-Backs von Fl\u00fcchtlingen jetzt ins Gesetz geschrieben hat.<\/p>\n<blockquote>\n<p><em>&#8220;Gerade wurde mit der Legalisierung sogenannter PUSHBACKS im Schnellverfahren eine eindeutig rechtswidrige Praxis institutionalisiert, wie sie auch von LETTLAND, POLEN u.a. l\u00e4ngst klammheimlich angewandt wird.&#8221;<\/em><\/p>\n<\/blockquote>\n<p>Die EU solle sich doch endlich von den Fesseln des V\u00f6lkerrechts v\u00f6llig befreien, schl\u00e4gt Sonneborn vor. Die Bekenntnisse dazu nimmt man ihr ohnehin nicht mehr ab.\u00a0<\/p>\n<p>In vielen L\u00e4ndern der EU werden mit der Begr\u00fcndung, vor Hassrede sch\u00fctzen zu wollen, Gesetze versch\u00e4rft und faktisch die Meinungsfreiheit eingeschr\u00e4nkt. Das geht nicht selten mit einer Beweislastumkehr einher, wie beispielsweise in Irland.\u00a0<\/p>\n<blockquote>\n<p><em>&#8220;Deren neue &#8216;Hate Speech Bill&#8217; kriminalisiert nun erstmals nicht die VER\u00d6FFENTLICHUNG, sondern allein den BESITZ von &#8216;HASSREDE&#8217;-tauglichem Material.<\/em><br \/><em>Zudem verlagert es die Beweislast auf den Angeklagten, der Gerichte k\u00fcnftig davon \u00fcberzeugen muss, nicht die Intention gehabt zu haben, irgendein auf seinem Computer befindliches Material\u00a0\u2012 zum Beispiel Texte wie diesen\u00a0\u2012 f\u00fcr die &#8216;Verbreitung von Hass&#8217; zu verwenden.&#8221;<\/em><\/p>\n<\/blockquote>\n<p>Aber auch die EU nimmt es mit den eigenen Werten nicht so genau. Der Digital Services Act bedroht die Meinungsfreiheit. Sonneborn schreibt in diesem Zusammenhang:<\/p>\n<blockquote>\n<p><em>&#8220;Hassen Sie also schnell noch, was Sie schon immer mal hassen wollten\u00a0\u2012 bevor die geplante Chat-Kontrolle eingef\u00fchrt und der Digital Services Act diesen September EU-weit in Kraft treten wird. Orwells &#8216;1984&#8217;\u00a0\u2012 muss man mit einem Julian Assange zugeschriebenen Bonmot erg\u00e4nzen\u00a0\u2012 war ja als DYSTOPISCHER ZUKUNFTSENTWURF gemeint, NICHT als GEBRAUCHSANWEISUNG.\u00a0<\/em><br \/><em>Und wer die Unterdr\u00fcckung von Meinungs\u00e4u\u00dferungen (und Nachrichtenquellen), unter welchen Vorw\u00e4nden auch immer, f\u00fcr einen m\u00f6glichen Bestandteil der liberalen Demokratie h\u00e4lt, hat deren Boden l\u00e4ngst verlassen.&#8221;<\/em><\/p>\n<\/blockquote>\n<p>Mit dem letzten Satz ist wohl unter anderem auch <em>RT<\/em> gemeint. Mit dem Verbot von <em>RT<\/em> in der EU hat sich das Staatenb\u00fcndnis als Feind der Presse-, Meinungs- und Informationsfreiheit geoutet. Die Begr\u00fcndungen f\u00fcr den drastischen Schritt sind mehr als fadenscheinig. Au\u00dferhalb der EU nimmt man deren Rechtsrutsch in Richtung Totalitarismus mit Sorge war.\u00a0<\/p>\n<p>Aber auch Deutschland bewegt sich immer weiter in Richtung rechts. Mit dem neuen Asylgesetz \u00fcberholt die deutsche Innenministerin ihren Vorg\u00e4nger im Amt, Horst Seehofer (CSU), ziemlich weit rechts. Das Pikante daran: In der Opposition waren die Parteien des jetzigen Bundestages noch gegen die Gesetzesvorlage Seehofers.<\/p>\n<blockquote>\n<p><em>&#8220;Die Freiheitsk\u00e4mpfer der deutschen Ampelparteien haben mittlerweile leider nicht Nancy Fraeser, sondern Nancy Faeser, ihre verungl\u00fcckte Kreuzung aus Mutter Beimer &amp; Maggie Thatcher vorgeschickt, um denselben Entwurf zu Asylverfahren an der EU-Au\u00dfengrenze durchzudr\u00fccken, den sie alle noch lautstark bep\u00f6belt hatten, als CSU-Rechtsau\u00dfen HORST SEEHOFER (!) ihn vor Jahren vorgeschlagen hatte.&#8221;<\/em><\/p>\n<\/blockquote>\n<p>Sonneborn formuliert witzig und unterhaltsam, die Anl\u00e4sse sind jedoch mehr als trist. Dass die im Tweet genannten Themen in den deutschen Medien keinen oder nur einen sehr geringen Niederschlag finden, deutet zudem auf einen inzwischen umfassend dysfunktionalen deutschen Journalismus.\u00a0<\/p>\n<p><strong>Mehr zum Thema<\/strong>\u00a0\u2013 <a rel=\"nofollow noopener\" target=\"_blank\" href=\"https:\/\/fromrussiawithlove.rtde.live\/international\/167572-iwf-rezession-in-deutschland-wachstum-russland-gro%C3%9Fe-risiken\/\">IWF: Rezession in Deutschland, Wachstum in Russland und gro\u00dfe Risiken<\/a><\/p>\n<\/p>\n<\/div>\n<p><script async src=\"https:\/\/platform.twitter.com\/widgets.js\" charset=\"utf-8\"><\/script><br \/>\n<br \/><br \/>\n<br \/><a href=\"https:\/\/de.rt.com\/europa\/168983-martin-sonneborn-eu-sollte-sich\/\">Source link <\/a><\/p>\n","protected":false},"excerpt":{"rendered":"<p>In einem Tweet nimmt Martin Sonneborn (Die PARTEI) Stellung zu aktuellen Entwicklungen in Deutschland und der EU. Witzig und unterhaltsam formuliert deutet der Tweet jedoch auf grundlegende Fehlentwicklungen. Die Repression nimmt zu, die Freiheit ab. In einem langen Tweet holt der EU-Parlamentarier Martin Sonneborn (Die PARTEI) zum Rundumschlag gegen sowohl deutsche Politik als auch die [&hellip;]<\/p>\n","protected":false},"author":3,"featured_media":35157,"comment_status":"open","ping_status":"open","sticky":false,"template":"","format":"standard","meta":{"_yoast_indexnow_last_ping":["1682970535"],"wp_automatic_camp":["217"],"c872f3f27cbb0825a2bda80768d6e82c":["Martin Sonneborn: EU sollte sich von den Fesseln des V\u00f6lkerrechts befreien"],"original_link":["https:\/\/de.rt.com\/europa\/168983-martin-sonneborn-eu-sollte-sich\/"],"_thumbnail_id":["35157"],"_wptgpro_p2tg_sent2tg":["a:1:{i:23737;s:19:\"2023-05-01 21:49:59\";}"],"jnews_social_counter_last_update":["1777565943"]},"categories":[19,23],"tags":[36802,48,583,43763,1187,434,3590,30472,21283,50],"yoast_head":"<!-- This site is optimized with the Yoast SEO Premium plugin v22.7 (Yoast SEO v22.7) - https:\/\/yoast.com\/wordpress\/plugins\/seo\/ -->\n<title>Martin Sonneborn: EU sollte sich von den Fesseln des V\u00f6lkerrechts befreien - just-now.NEWS Deutschland<\/title>\n<meta name=\"robots\" content=\"index, follow, max-snippet:-1, max-image-preview:large, max-video-preview:-1\" \/>\n<link rel=\"canonical\" href=\"https:\/\/now-news.de\/de\/deutschland\/martin-sonneborn-eu-sollte-sich-von-den-fesseln-des-voelkerrechts-befreien\/\" \/>\n<meta property=\"og:locale\" content=\"de_DE\" \/>\n<meta property=\"og:type\" content=\"article\" \/>\n<meta property=\"og:title\" content=\"Martin Sonneborn: EU sollte sich von den Fesseln des V\u00f6lkerrechts befreien\" \/>\n<meta property=\"og:description\" content=\"In einem Tweet nimmt Martin Sonneborn (Die PARTEI) Stellung zu aktuellen Entwicklungen in Deutschland und der EU. Witzig und unterhaltsam formuliert deutet der Tweet jedoch auf grundlegende Fehlentwicklungen. Die Repression nimmt zu, die Freiheit ab. In einem langen Tweet holt der EU-Parlamentarier Martin Sonneborn (Die PARTEI) zum Rundumschlag gegen sowohl deutsche Politik als auch die [&hellip;]\" \/>\n<meta property=\"og:url\" content=\"https:\/\/now-news.de\/de\/deutschland\/martin-sonneborn-eu-sollte-sich-von-den-fesseln-des-voelkerrechts-befreien\/\" \/>\n<meta property=\"og:site_name\" content=\"just-now.NEWS Deutschland\" \/>\n<meta property=\"article:publisher\" content=\"https:\/\/www.facebook.com\/wirmachenauf\" \/>\n<meta property=\"article:published_time\" content=\"2023-05-01T19:34:26+00:00\" \/>\n<meta property=\"og:image\" content=\"https:\/\/now-news.de\/de\/wp-content\/uploads\/sites\/3\/2023\/05\/Martin-Sonneborn-EU-sollte-sich-von-den-Fesseln-des-Voelkerrechts.jpg\" \/>\n\t<meta property=\"og:image:width\" content=\"460\" \/>\n\t<meta property=\"og:image:height\" content=\"259\" \/>\n\t<meta property=\"og:image:type\" content=\"image\/jpeg\" \/>\n<meta name=\"author\" content=\"rtnews\" \/>\n<meta name=\"twitter:card\" content=\"summary_large_image\" \/>\n<meta name=\"twitter:creator\" content=\"@WirMachenAuf_de\" \/>\n<meta name=\"twitter:site\" content=\"@WirMachenAuf_de\" \/>\n<meta name=\"twitter:label1\" content=\"Verfasst von\" \/>\n\t<meta name=\"twitter:data1\" content=\"rtnews\" \/>\n\t<meta name=\"twitter:label2\" content=\"Gesch\u00e4tzte Lesezeit\" \/>\n\t<meta name=\"twitter:data2\" content=\"4\u00a0Minuten\" \/>\n<script type=\"application\/ld+json\" class=\"yoast-schema-graph\">{\"@context\":\"https:\/\/schema.org\",\"@graph\":[{\"@type\":\"Article\",\"@id\":\"https:\/\/now-news.de\/de\/deutschland\/martin-sonneborn-eu-sollte-sich-von-den-fesseln-des-voelkerrechts-befreien\/#article\",\"isPartOf\":{\"@id\":\"https:\/\/now-news.de\/de\/deutschland\/martin-sonneborn-eu-sollte-sich-von-den-fesseln-des-voelkerrechts-befreien\/\"},\"author\":{\"name\":\"rtnews\",\"@id\":\"https:\/\/now-news.de\/de\/#\/schema\/person\/fb534a4e865501d8b3285208df34a9b5\"},\"headline\":\"Martin Sonneborn: EU sollte sich von den Fesseln des V\u00f6lkerrechts befreien\",\"datePublished\":\"2023-05-01T19:34:26+00:00\",\"dateModified\":\"2023-05-01T19:34:26+00:00\",\"mainEntityOfPage\":{\"@id\":\"https:\/\/now-news.de\/de\/deutschland\/martin-sonneborn-eu-sollte-sich-von-den-fesseln-des-voelkerrechts-befreien\/\"},\"wordCount\":780,\"commentCount\":0,\"publisher\":{\"@id\":\"https:\/\/now-news.de\/de\/#organization\"},\"image\":{\"@id\":\"https:\/\/now-news.de\/de\/deutschland\/martin-sonneborn-eu-sollte-sich-von-den-fesseln-des-voelkerrechts-befreien\/#primaryimage\"},\"thumbnailUrl\":\"https:\/\/now-news.de\/de\/wp-content\/uploads\/sites\/3\/2023\/05\/Martin-Sonneborn-EU-sollte-sich-von-den-Fesseln-des-Voelkerrechts.jpg\",\"keywords\":[\"befreien\",\"den\",\"des\",\"Fesseln\",\"Martin\",\"sich\",\"sollte\",\"Sonneborn\",\"V\u00f6lkerrechts\",\"von\"],\"articleSection\":[\"Deutschland\",\"Russland\"],\"inLanguage\":\"de\",\"potentialAction\":[{\"@type\":\"CommentAction\",\"name\":\"Comment\",\"target\":[\"https:\/\/now-news.de\/de\/deutschland\/martin-sonneborn-eu-sollte-sich-von-den-fesseln-des-voelkerrechts-befreien\/#respond\"]}]},{\"@type\":\"WebPage\",\"@id\":\"https:\/\/now-news.de\/de\/deutschland\/martin-sonneborn-eu-sollte-sich-von-den-fesseln-des-voelkerrechts-befreien\/\",\"url\":\"https:\/\/now-news.de\/de\/deutschland\/martin-sonneborn-eu-sollte-sich-von-den-fesseln-des-voelkerrechts-befreien\/\",\"name\":\"Martin Sonneborn: EU sollte sich von den Fesseln des V\u00f6lkerrechts befreien - just-now.NEWS Deutschland\",\"isPartOf\":{\"@id\":\"https:\/\/now-news.de\/de\/#website\"},\"primaryImageOfPage\":{\"@id\":\"https:\/\/now-news.de\/de\/deutschland\/martin-sonneborn-eu-sollte-sich-von-den-fesseln-des-voelkerrechts-befreien\/#primaryimage\"},\"image\":{\"@id\":\"https:\/\/now-news.de\/de\/deutschland\/martin-sonneborn-eu-sollte-sich-von-den-fesseln-des-voelkerrechts-befreien\/#primaryimage\"},\"thumbnailUrl\":\"https:\/\/now-news.de\/de\/wp-content\/uploads\/sites\/3\/2023\/05\/Martin-Sonneborn-EU-sollte-sich-von-den-Fesseln-des-Voelkerrechts.jpg\",\"datePublished\":\"2023-05-01T19:34:26+00:00\",\"dateModified\":\"2023-05-01T19:34:26+00:00\",\"breadcrumb\":{\"@id\":\"https:\/\/now-news.de\/de\/deutschland\/martin-sonneborn-eu-sollte-sich-von-den-fesseln-des-voelkerrechts-befreien\/#breadcrumb\"},\"inLanguage\":\"de\",\"potentialAction\":[{\"@type\":\"ReadAction\",\"target\":[\"https:\/\/now-news.de\/de\/deutschland\/martin-sonneborn-eu-sollte-sich-von-den-fesseln-des-voelkerrechts-befreien\/\"]}]},{\"@type\":\"ImageObject\",\"inLanguage\":\"de\",\"@id\":\"https:\/\/now-news.de\/de\/deutschland\/martin-sonneborn-eu-sollte-sich-von-den-fesseln-des-voelkerrechts-befreien\/#primaryimage\",\"url\":\"https:\/\/now-news.de\/de\/wp-content\/uploads\/sites\/3\/2023\/05\/Martin-Sonneborn-EU-sollte-sich-von-den-Fesseln-des-Voelkerrechts.jpg\",\"contentUrl\":\"https:\/\/now-news.de\/de\/wp-content\/uploads\/sites\/3\/2023\/05\/Martin-Sonneborn-EU-sollte-sich-von-den-Fesseln-des-Voelkerrechts.jpg\",\"width\":460,\"height\":259,\"caption\":\"Martin Sonneborn: EU sollte sich von den Fesseln des V\u00f6lkerrechts befreien\"},{\"@type\":\"BreadcrumbList\",\"@id\":\"https:\/\/now-news.de\/de\/deutschland\/martin-sonneborn-eu-sollte-sich-von-den-fesseln-des-voelkerrechts-befreien\/#breadcrumb\",\"itemListElement\":[{\"@type\":\"ListItem\",\"position\":1,\"name\":\"Home\",\"item\":\"https:\/\/now-news.de\/de\/\"},{\"@type\":\"ListItem\",\"position\":2,\"name\":\"Martin Sonneborn: EU sollte sich von den Fesseln des V\u00f6lkerrechts befreien\"}]},{\"@type\":\"WebSite\",\"@id\":\"https:\/\/now-news.de\/de\/#website\",\"url\":\"https:\/\/now-news.de\/de\/\",\"name\":\"just-now.NEWS Deutschland\",\"description\":\"Das Portal f\u00fcr unzensierte Nachrichten aus der Welt\",\"publisher\":{\"@id\":\"https:\/\/now-news.de\/de\/#organization\"},\"potentialAction\":[{\"@type\":\"SearchAction\",\"target\":{\"@type\":\"EntryPoint\",\"urlTemplate\":\"https:\/\/now-news.de\/de\/?s={search_term_string}\"},\"query-input\":\"required name=search_term_string\"}],\"inLanguage\":\"de\"},{\"@type\":\"Organization\",\"@id\":\"https:\/\/now-news.de\/de\/#organization\",\"name\":\"Just Now News\",\"url\":\"https:\/\/now-news.de\/de\/\",\"logo\":{\"@type\":\"ImageObject\",\"inLanguage\":\"de\",\"@id\":\"https:\/\/now-news.de\/de\/#\/schema\/logo\/image\/\",\"url\":\"http:\/\/just-now.news\/de\/wp-content\/uploads\/sites\/3\/2022\/04\/logo500x500.jpg\",\"contentUrl\":\"http:\/\/just-now.news\/de\/wp-content\/uploads\/sites\/3\/2022\/04\/logo500x500.jpg\",\"width\":500,\"height\":500,\"caption\":\"Just Now News\"},\"image\":{\"@id\":\"https:\/\/now-news.de\/de\/#\/schema\/logo\/image\/\"},\"sameAs\":[\"https:\/\/www.facebook.com\/wirmachenauf\",\"https:\/\/x.com\/WirMachenAuf_de\"]},{\"@type\":\"Person\",\"@id\":\"https:\/\/now-news.de\/de\/#\/schema\/person\/fb534a4e865501d8b3285208df34a9b5\",\"name\":\"rtnews\",\"image\":{\"@type\":\"ImageObject\",\"inLanguage\":\"de\",\"@id\":\"https:\/\/now-news.de\/de\/#\/schema\/person\/image\/\",\"url\":\"https:\/\/secure.gravatar.com\/avatar\/82aafea7d8127119dd649515f56e2117?s=96&d=mm&r=g\",\"contentUrl\":\"https:\/\/secure.gravatar.com\/avatar\/82aafea7d8127119dd649515f56e2117?s=96&d=mm&r=g\",\"caption\":\"rtnews\"},\"url\":\"https:\/\/now-news.de\/de\/author\/rnews\/\"}]}<\/script>\n<!-- \/ Yoast SEO Premium plugin. -->","yoast_head_json":{"title":"Martin Sonneborn: EU sollte sich von den Fesseln des V\u00f6lkerrechts befreien - just-now.NEWS Deutschland","robots":{"index":"index","follow":"follow","max-snippet":"max-snippet:-1","max-image-preview":"max-image-preview:large","max-video-preview":"max-video-preview:-1"},"canonical":"https:\/\/now-news.de\/de\/deutschland\/martin-sonneborn-eu-sollte-sich-von-den-fesseln-des-voelkerrechts-befreien\/","og_locale":"de_DE","og_type":"article","og_title":"Martin Sonneborn: EU sollte sich von den Fesseln des V\u00f6lkerrechts befreien","og_description":"In einem Tweet nimmt Martin Sonneborn (Die PARTEI) Stellung zu aktuellen Entwicklungen in Deutschland und der EU. Witzig und unterhaltsam formuliert deutet der Tweet jedoch auf grundlegende Fehlentwicklungen. Die Repression nimmt zu, die Freiheit ab. In einem langen Tweet holt der EU-Parlamentarier Martin Sonneborn (Die PARTEI) zum Rundumschlag gegen sowohl deutsche Politik als auch die [&hellip;]","og_url":"https:\/\/now-news.de\/de\/deutschland\/martin-sonneborn-eu-sollte-sich-von-den-fesseln-des-voelkerrechts-befreien\/","og_site_name":"just-now.NEWS Deutschland","article_publisher":"https:\/\/www.facebook.com\/wirmachenauf","article_published_time":"2023-05-01T19:34:26+00:00","og_image":[{"width":460,"height":259,"url":"https:\/\/now-news.de\/de\/wp-content\/uploads\/sites\/3\/2023\/05\/Martin-Sonneborn-EU-sollte-sich-von-den-Fesseln-des-Voelkerrechts.jpg","type":"image\/jpeg"}],"author":"rtnews","twitter_card":"summary_large_image","twitter_creator":"@WirMachenAuf_de","twitter_site":"@WirMachenAuf_de","twitter_misc":{"Verfasst von":"rtnews","Gesch\u00e4tzte Lesezeit":"4\u00a0Minuten"},"schema":{"@context":"https:\/\/schema.org","@graph":[{"@type":"Article","@id":"https:\/\/now-news.de\/de\/deutschland\/martin-sonneborn-eu-sollte-sich-von-den-fesseln-des-voelkerrechts-befreien\/#article","isPartOf":{"@id":"https:\/\/now-news.de\/de\/deutschland\/martin-sonneborn-eu-sollte-sich-von-den-fesseln-des-voelkerrechts-befreien\/"},"author":{"name":"rtnews","@id":"https:\/\/now-news.de\/de\/#\/schema\/person\/fb534a4e865501d8b3285208df34a9b5"},"headline":"Martin Sonneborn: EU sollte sich von den Fesseln des V\u00f6lkerrechts befreien","datePublished":"2023-05-01T19:34:26+00:00","dateModified":"2023-05-01T19:34:26+00:00","mainEntityOfPage":{"@id":"https:\/\/now-news.de\/de\/deutschland\/martin-sonneborn-eu-sollte-sich-von-den-fesseln-des-voelkerrechts-befreien\/"},"wordCount":780,"commentCount":0,"publisher":{"@id":"https:\/\/now-news.de\/de\/#organization"},"image":{"@id":"https:\/\/now-news.de\/de\/deutschland\/martin-sonneborn-eu-sollte-sich-von-den-fesseln-des-voelkerrechts-befreien\/#primaryimage"},"thumbnailUrl":"https:\/\/now-news.de\/de\/wp-content\/uploads\/sites\/3\/2023\/05\/Martin-Sonneborn-EU-sollte-sich-von-den-Fesseln-des-Voelkerrechts.jpg","keywords":["befreien","den","des","Fesseln","Martin","sich","sollte","Sonneborn","V\u00f6lkerrechts","von"],"articleSection":["Deutschland","Russland"],"inLanguage":"de","potentialAction":[{"@type":"CommentAction","name":"Comment","target":["https:\/\/now-news.de\/de\/deutschland\/martin-sonneborn-eu-sollte-sich-von-den-fesseln-des-voelkerrechts-befreien\/#respond"]}]},{"@type":"WebPage","@id":"https:\/\/now-news.de\/de\/deutschland\/martin-sonneborn-eu-sollte-sich-von-den-fesseln-des-voelkerrechts-befreien\/","url":"https:\/\/now-news.de\/de\/deutschland\/martin-sonneborn-eu-sollte-sich-von-den-fesseln-des-voelkerrechts-befreien\/","name":"Martin Sonneborn: EU sollte sich von den Fesseln des V\u00f6lkerrechts befreien - just-now.NEWS Deutschland","isPartOf":{"@id":"https:\/\/now-news.de\/de\/#website"},"primaryImageOfPage":{"@id":"https:\/\/now-news.de\/de\/deutschland\/martin-sonneborn-eu-sollte-sich-von-den-fesseln-des-voelkerrechts-befreien\/#primaryimage"},"image":{"@id":"https:\/\/now-news.de\/de\/deutschland\/martin-sonneborn-eu-sollte-sich-von-den-fesseln-des-voelkerrechts-befreien\/#primaryimage"},"thumbnailUrl":"https:\/\/now-news.de\/de\/wp-content\/uploads\/sites\/3\/2023\/05\/Martin-Sonneborn-EU-sollte-sich-von-den-Fesseln-des-Voelkerrechts.jpg","datePublished":"2023-05-01T19:34:26+00:00","dateModified":"2023-05-01T19:34:26+00:00","breadcrumb":{"@id":"https:\/\/now-news.de\/de\/deutschland\/martin-sonneborn-eu-sollte-sich-von-den-fesseln-des-voelkerrechts-befreien\/#breadcrumb"},"inLanguage":"de","potentialAction":[{"@type":"ReadAction","target":["https:\/\/now-news.de\/de\/deutschland\/martin-sonneborn-eu-sollte-sich-von-den-fesseln-des-voelkerrechts-befreien\/"]}]},{"@type":"ImageObject","inLanguage":"de","@id":"https:\/\/now-news.de\/de\/deutschland\/martin-sonneborn-eu-sollte-sich-von-den-fesseln-des-voelkerrechts-befreien\/#primaryimage","url":"https:\/\/now-news.de\/de\/wp-content\/uploads\/sites\/3\/2023\/05\/Martin-Sonneborn-EU-sollte-sich-von-den-Fesseln-des-Voelkerrechts.jpg","contentUrl":"https:\/\/now-news.de\/de\/wp-content\/uploads\/sites\/3\/2023\/05\/Martin-Sonneborn-EU-sollte-sich-von-den-Fesseln-des-Voelkerrechts.jpg","width":460,"height":259,"caption":"Martin Sonneborn: EU sollte sich von den Fesseln des V\u00f6lkerrechts befreien"},{"@type":"BreadcrumbList","@id":"https:\/\/now-news.de\/de\/deutschland\/martin-sonneborn-eu-sollte-sich-von-den-fesseln-des-voelkerrechts-befreien\/#breadcrumb","itemListElement":[{"@type":"ListItem","position":1,"name":"Home","item":"https:\/\/now-news.de\/de\/"},{"@type":"ListItem","position":2,"name":"Martin Sonneborn: EU sollte sich von den Fesseln des V\u00f6lkerrechts befreien"}]},{"@type":"WebSite","@id":"https:\/\/now-news.de\/de\/#website","url":"https:\/\/now-news.de\/de\/","name":"just-now.NEWS Deutschland","description":"Das Portal f\u00fcr unzensierte Nachrichten aus der Welt","publisher":{"@id":"https:\/\/now-news.de\/de\/#organization"},"potentialAction":[{"@type":"SearchAction","target":{"@type":"EntryPoint","urlTemplate":"https:\/\/now-news.de\/de\/?s={search_term_string}"},"query-input":"required name=search_term_string"}],"inLanguage":"de"},{"@type":"Organization","@id":"https:\/\/now-news.de\/de\/#organization","name":"Just Now News","url":"https:\/\/now-news.de\/de\/","logo":{"@type":"ImageObject","inLanguage":"de","@id":"https:\/\/now-news.de\/de\/#\/schema\/logo\/image\/","url":"http:\/\/just-now.news\/de\/wp-content\/uploads\/sites\/3\/2022\/04\/logo500x500.jpg","contentUrl":"http:\/\/just-now.news\/de\/wp-content\/uploads\/sites\/3\/2022\/04\/logo500x500.jpg","width":500,"height":500,"caption":"Just Now News"},"image":{"@id":"https:\/\/now-news.de\/de\/#\/schema\/logo\/image\/"},"sameAs":["https:\/\/www.facebook.com\/wirmachenauf","https:\/\/x.com\/WirMachenAuf_de"]},{"@type":"Person","@id":"https:\/\/now-news.de\/de\/#\/schema\/person\/fb534a4e865501d8b3285208df34a9b5","name":"rtnews","image":{"@type":"ImageObject","inLanguage":"de","@id":"https:\/\/now-news.de\/de\/#\/schema\/person\/image\/","url":"https:\/\/secure.gravatar.com\/avatar\/82aafea7d8127119dd649515f56e2117?s=96&d=mm&r=g","contentUrl":"https:\/\/secure.gravatar.com\/avatar\/82aafea7d8127119dd649515f56e2117?s=96&d=mm&r=g","caption":"rtnews"},"url":"https:\/\/now-news.de\/de\/author\/rnews\/"}]}},"_links":{"self":[{"href":"https:\/\/now-news.de\/de\/wp-json\/wp\/v2\/posts\/35156"}],"collection":[{"href":"https:\/\/now-news.de\/de\/wp-json\/wp\/v2\/posts"}],"about":[{"href":"https:\/\/now-news.de\/de\/wp-json\/wp\/v2\/types\/post"}],"author":[{"embeddable":true,"href":"https:\/\/now-news.de\/de\/wp-json\/wp\/v2\/users\/3"}],"replies":[{"embeddable":true,"href":"https:\/\/now-news.de\/de\/wp-json\/wp\/v2\/comments?post=35156"}],"version-history":[{"count":0,"href":"https:\/\/now-news.de\/de\/wp-json\/wp\/v2\/posts\/35156\/revisions"}],"wp:featuredmedia":[{"embeddable":true,"href":"https:\/\/now-news.de\/de\/wp-json\/wp\/v2\/media\/35157"}],"wp:attachment":[{"href":"https:\/\/now-news.de\/de\/wp-json\/wp\/v2\/media?parent=35156"}],"wp:term":[{"taxonomy":"category","embeddable":true,"href":"https:\/\/now-news.de\/de\/wp-json\/wp\/v2\/categories?post=35156"},{"taxonomy":"post_tag","embeddable":true,"href":"https:\/\/now-news.de\/de\/wp-json\/wp\/v2\/tags?post=35156"}],"curies":[{"name":"wp","href":"https:\/\/api.w.org\/{rel}","templated":true}]}}