{"id":35138,"date":"2023-05-01T17:07:29","date_gmt":"2023-05-01T15:07:29","guid":{"rendered":"https:\/\/just-now.news\/de\/deutschland\/kultur-der-abschaffung-ist-die-kultur-der-prolls\/"},"modified":"2023-05-01T17:07:29","modified_gmt":"2023-05-01T15:07:29","slug":"kultur-der-abschaffung-ist-die-kultur-der-prolls","status":"publish","type":"post","link":"https:\/\/now-news.de\/de\/deutschland\/kultur-der-abschaffung-ist-die-kultur-der-prolls\/","title":{"rendered":"&quot;Kultur der Abschaffung&quot; ist die Kultur der Prolls"},"content":{"rendered":"<p><img decoding=\"async\" src=\"http:\/\/just-now.news\/de\/wp-content\/uploads\/sites\/3\/2023\/05\/644c2d9948fbef34697e9a85.jpg\" \/><\/p>\n<div class=\"Text-root Text-type_1 \">\n                Der italienische Staatspr\u00e4sident Mattarella hat sich in einem Interview gegen die &#8220;Abschaffung&#8221; der russischen Kultur ausgesprochen. Dies sei &#8220;eine Fehlentwicklung, mit der dem Werk der jahrhundertelangen europ\u00e4ischen Geschichte die Schuld zugeschoben werden soll&#8221;.\n            <\/div>\n<p><\/p>\n<div class=\"Text-root Text-type_5 ArticleView-text ViewText-root \">\n<p><em>Von\u00a0Sergei Chudijew<\/em>\u00a0<\/p>\n<p>Der italienische Staatspr\u00e4sident Sergio Mattarella hat sich in einem Interview mit dem <em>Il<\/em>\u00a0<em>Corriere della Sera<\/em> gegen die &#8220;Abschaffung&#8221; der russischen Kultur ausgesprochen. Ihm zufolge &#8220;sei die Kultur der Abschaffung in Bezug auf die russische Literatur und Kunst eine Fehlentwicklung, mit der dem Werk der jahrhundertelangen europ\u00e4ischen Geschichte, von der diese Kultur ein wesentlicher Bestandteil ist, die Schuld zugeschoben werden soll&#8221;.<\/p>\n<p>Diese Worte erklangen vor dem Hintergrund einiger bemerkenswerter Manifestationen einer solchen &#8220;Abschaffung&#8221; \u2013 im vergangenen Jahr wurden in Italien die Auftritte des Dirigenten Waleri Gergijew, der Pianistin Valentina Lisitsa und des T\u00e4nzers Sergei Polunin abgesagt, und junge russische Violinisten wurden nicht zur Teilnahme an einem Musikwettbewerb zugelassen.<\/p>\n<p>Es sollte jedoch erw\u00e4hnt sein, dass sich die &#8220;Kultur der Abschaffung&#8221; ganz unabh\u00e4ngig von Russland oder dem aktuellen Konflikt als rein innerwestliches, vor allem amerikanisches Ph\u00e4nomen entwickelt hat. Seit einiger Zeit ist es zur Regel geworden, Vertr\u00e4ge mit Personen, die (entweder aus pers\u00f6nlicher \u00dcberzeugung oder aus schlichter Fahrl\u00e4ssigkeit) etwas nicht in die neue ideologische Orthodoxie passendes sagten, unverhohlen zu k\u00fcndigen, B\u00fccher aus Bibliotheken zu beschlagnahmen und den Vertrieb von Filmen zu stoppen, in denen strenggl\u00e4ubige Zeloten Anzeichen von &#8220;Rassismus&#8221; oder einer anderen &#8220;Phobie&#8221; sahen, die es auszurotten gilt.<\/p>\n<p>Im amerikanischen Englisch gibt es daf\u00fcr sogar einen Ausdruck \u2013 &#8220;virtue signalling&#8221;, das hei\u00dft &#8220;\u00f6ffentliche Aktivit\u00e4ten und Reden, die darauf abzielen, gesellschaftlich anerkannte Meinungen und Handlungen zu unterst\u00fctzen&#8221;.<\/p>\n<p>Es ist eine Art Massenrennen vor der Lokomotive, mit dem Wunsch, den lautesten Eid auf die vorherrschende Stimmung in der Gesellschaft zu schw\u00f6ren und diejenigen, die gerade die Rolle der Ketzer, Hexen und Volksfeinde innehaben, am energischsten zu entlarven.<\/p>\n<p>Noch lange bevor die Russen diesen Stempel erhielten, hatte die &#8220;Kultur der Abschaffung&#8221; ihren Tribut von der westlichen Kultur gefordert.<\/p>\n<p>Klassische Musik als solche \u2013 ob Tschaikowsky, Beethoven oder Vivaldi \u2013 wurde als &#8220;zu wei\u00df&#8221; deklariert, trotz der wachsenden Zahl begeisterter Asiaten.<\/p>\n<p>Filmklassiker wie &#8220;Vom Winde verweht&#8221; wurden aus dem Repertoire der Online-Kinos gestrichen, und Romane \u2013 wie &#8220;Die Abenteuer des Huckleberry Finn&#8221; und &#8220;Wer die Nachtigall st\u00f6rt&#8221; \u2013 wurden aus den Schulbibliotheken ausgeschlossen. Dabei hat die eindeutig antirassistische Botschaft der beiden B\u00fccher sie keineswegs gerettet.<\/p>\n<p>Die Menschen hatten es n\u00f6tig, ihren Eifer im Kampf gegen den &#8220;Rassismus&#8221; zu beweisen, und so taten sie es auch.<\/p>\n<p>Die klassische Kultur hat tats\u00e4chlich aristokratische, &#8220;ausbeuterische&#8221; Wurzeln. \u00dcber Jahrhunderte hinweg wurde diese Kultur von Angeh\u00f6rigen der privilegierten Klassen und der dominierenden ethnischen Gruppen geschaffen und spiegelte mit Sicherheit deren Weltanschauung wider. Nicht, weil sie von Natur aus kl\u00fcger waren, sondern weil nur sie die M\u00f6glichkeit dazu hatten. Den Bauern und Proletariern lagen die erhabenen Dinge nicht.<\/p>\n<p>Doch mit der Zeit wurde das Leben viel wohlhabender und die einfachen Leute hatten die M\u00f6glichkeit, sich der Bildung zu widmen, hohe Kunst zu sch\u00e4tzen oder Literatur zu begreifen.<\/p>\n<p>Was fr\u00fcher ein Privileg der wenigsten gewesen ist, klassische Musik zum Beispiel, war nun f\u00fcr fast jedermann zug\u00e4nglich. Die Haltung dazu wurde zur Frage der pers\u00f6nlichen Entscheidung.<\/p>\n<p>Und zu den Merkmalen der &#8220;abolitionistischen Kultur&#8221; geh\u00f6rt ihre prinzipielle Feindseligkeit gegen\u00fcber der Hochkultur als solcher. Das ist nichts Neues, \u2013 wir k\u00f6nnen uns an die Erfahrungen des fr\u00fchen Bolschewismus erinnern. Wie Wladimir Kirillow im Jahre 1917 schrieb:<\/p>\n<blockquote>\n<p><em>Wir beherrschen den rebellischen, inbr\u00fcnstigen Rausch;<\/em><br \/><em>Sollen sie uns zuschreien: &#8216;Ihr seid die Henker der Sch\u00f6nheit&#8217;,<\/em><br \/><em>Im Namen unseres Morgens, lasst uns Raffael verbrennen,<\/em><br \/><em>Lasst uns die Museen zerst\u00f6ren, lasst uns die Blumen der Kunst zertrampeln.<\/em><\/p>\n<\/blockquote>\n<p>Die Sache ist darin begr\u00fcndet, dass nach dem Wegfall des Privilegs derjenigen, die das Gl\u00fcck haben, in die &#8220;Oberschicht&#8221; hineingeboren zu werden, die hohe Kunst das Privileg derjenigen geblieben ist, die einen \u00e4sthetischen Geschmack haben und zu disziplinierter Anstrengung f\u00e4hig sind. Um Violine spielen zu lernen, ist eine lange Anstrengung erforderlich; um ein klassisches Konzert zu erleben, muss man in der Lage sein, die Genialit\u00e4t des Komponisten und das Talent der Interpreten zu sch\u00e4tzen.<\/p>\n<p>Und man muss in der Lage sein, die \u00dcberlegenheit der anderen anzuerkennen \u2013 diese Menschen spielen auf eine Art und Weise, wie ich es nie gekonnt h\u00e4tte, erstaunliche Musik, die ich nie komponiert h\u00e4tte. Die wahre Kultur ist erhebend, gerade weil sie \u00fcber mir steht.<\/p>\n<p>Diese \u00dcberlegenheit kann Bewunderung, Ehrfurcht, dem\u00fctige Dankbarkeit hervorrufen \u2013 oder sie kann den akuten Hass des Prolls auf den &#8220;Nerd&#8221; hervorrufen.<\/p>\n<p>Genau von dieser Art Hass war die &#8220;Kultur der Abschaffung&#8221; immer erf\u00fcllt \u2013 und zwar lange bevor sie bei den Russen ankam. Die Anh\u00e4nger der &#8220;abolitionistischen Kultur&#8221; w\u00fcrden problemlos eine gemeinsame Freundschaft mit unseren lokalen Prolls schlie\u00dfen, k\u00f6nnen aber unsere Dirigenten nicht tolerieren.<\/p>\n<p>Die Bestrebungen, die klassische russische Kultur zu verbieten, stammen von Menschen, die der Kultur als solcher feindlich gegen\u00fcberstehen. Die Hauptrolle spielt dabei nicht einmal die Russophobie, sondern das, was man &#8220;Kulturphobie&#8221; nennen k\u00f6nnte.<\/p>\n<p>Wenig \u00fcberraschend ist, dass kulturell gebildete Menschen wie Sergio Mattarella, auch wenn sie \u00fcberhaupt keine Freunde Russlands sind, sich dem entgegenstellen.<\/p>\n<p><em>Zuerst erschienen bei Wsgljad. \u00dcbersetzt aus dem <a rel=\"nofollow noopener\" target=\"_blank\" href=\"https:\/\/m.vz.ru\/opinions\/2023\/4\/27\/1209046.html\">Russischen<\/a>.<\/em>\u00a0<\/p>\n<p><strong>Mehr zum Thema<\/strong> &#8211; <a rel=\"nofollow noopener\" target=\"_blank\" href=\"https:\/\/gegenzensur.rtde.life\/meinung\/168774-luegen-haben-lange-beine-hass\/\">L\u00fcgen haben lange Beine: Hass-Methoden bei der Tagesschau<\/a><\/p>\n<\/p>\n<\/div>\n<p><br \/>\n<br \/><a href=\"https:\/\/de.rt.com\/meinung\/168797-kultur-abschaffung-ist-kultur-prolls\/\">Source link <\/a><\/p>\n","protected":false},"excerpt":{"rendered":"<p>Der italienische Staatspr\u00e4sident Mattarella hat sich in einem Interview gegen die &#8220;Abschaffung&#8221; der russischen Kultur ausgesprochen. Dies sei &#8220;eine Fehlentwicklung, mit der dem Werk der jahrhundertelangen europ\u00e4ischen Geschichte die Schuld zugeschoben werden soll&#8221;. Von\u00a0Sergei Chudijew\u00a0 Der italienische Staatspr\u00e4sident Sergio Mattarella hat sich in einem Interview mit dem Il\u00a0Corriere della Sera gegen die &#8220;Abschaffung&#8221; der russischen [&hellip;]<\/p>\n","protected":false},"author":3,"featured_media":35139,"comment_status":"open","ping_status":"open","sticky":false,"template":"","format":"standard","meta":{"_yoast_indexnow_last_ping":["1682954155"],"wp_automatic_camp":["217"],"a8e4e152f403e36e5bd0811efdb6ff67":["&quot;Kultur der Abschaffung&quot; ist die Kultur der Prolls"],"original_link":["https:\/\/de.rt.com\/meinung\/168797-kultur-abschaffung-ist-kultur-prolls\/"],"_thumbnail_id":["35139"],"_wptgpro_p2tg_sent2tg":["a:1:{i:23737;s:19:\"2023-05-01 17:17:04\";}"],"jnews_social_counter_last_update":["1776900132"]},"categories":[19,23],"tags":[43755,82,45,414,5416,43756,27751],"yoast_head":"<!-- This site is optimized with the Yoast SEO Premium plugin v22.7 (Yoast SEO v22.7) - https:\/\/yoast.com\/wordpress\/plugins\/seo\/ -->\n<title>&quot;Kultur der Abschaffung&quot; ist die Kultur der Prolls - just-now.NEWS Deutschland<\/title>\n<meta name=\"robots\" content=\"index, follow, max-snippet:-1, max-image-preview:large, max-video-preview:-1\" \/>\n<link rel=\"canonical\" href=\"https:\/\/now-news.de\/de\/deutschland\/kultur-der-abschaffung-ist-die-kultur-der-prolls\/\" \/>\n<meta property=\"og:locale\" content=\"de_DE\" \/>\n<meta property=\"og:type\" content=\"article\" \/>\n<meta property=\"og:title\" content=\"&quot;Kultur der Abschaffung&quot; ist die Kultur der Prolls\" \/>\n<meta property=\"og:description\" content=\"Der italienische Staatspr\u00e4sident Mattarella hat sich in einem Interview gegen die &#8220;Abschaffung&#8221; der russischen Kultur ausgesprochen. Dies sei &#8220;eine Fehlentwicklung, mit der dem Werk der jahrhundertelangen europ\u00e4ischen Geschichte die Schuld zugeschoben werden soll&#8221;. Von\u00a0Sergei Chudijew\u00a0 Der italienische Staatspr\u00e4sident Sergio Mattarella hat sich in einem Interview mit dem Il\u00a0Corriere della Sera gegen die &#8220;Abschaffung&#8221; der russischen [&hellip;]\" \/>\n<meta property=\"og:url\" content=\"https:\/\/now-news.de\/de\/deutschland\/kultur-der-abschaffung-ist-die-kultur-der-prolls\/\" \/>\n<meta property=\"og:site_name\" content=\"just-now.NEWS Deutschland\" \/>\n<meta property=\"article:publisher\" content=\"https:\/\/www.facebook.com\/wirmachenauf\" \/>\n<meta property=\"article:published_time\" content=\"2023-05-01T15:07:29+00:00\" \/>\n<meta property=\"og:image\" content=\"https:\/\/now-news.de\/de\/wp-content\/uploads\/sites\/3\/2023\/05\/quotKultur-der-Abschaffungquot-ist-die-Kultur-der-Prolls.jpg\" \/>\n\t<meta property=\"og:image:width\" content=\"460\" \/>\n\t<meta property=\"og:image:height\" content=\"259\" \/>\n\t<meta property=\"og:image:type\" content=\"image\/jpeg\" \/>\n<meta name=\"author\" content=\"rtnews\" \/>\n<meta name=\"twitter:card\" content=\"summary_large_image\" \/>\n<meta name=\"twitter:creator\" content=\"@WirMachenAuf_de\" \/>\n<meta name=\"twitter:site\" content=\"@WirMachenAuf_de\" \/>\n<meta name=\"twitter:label1\" content=\"Verfasst von\" \/>\n\t<meta name=\"twitter:data1\" content=\"rtnews\" \/>\n\t<meta name=\"twitter:label2\" content=\"Gesch\u00e4tzte Lesezeit\" \/>\n\t<meta name=\"twitter:data2\" content=\"4\u00a0Minuten\" \/>\n<script type=\"application\/ld+json\" class=\"yoast-schema-graph\">{\"@context\":\"https:\/\/schema.org\",\"@graph\":[{\"@type\":\"Article\",\"@id\":\"https:\/\/now-news.de\/de\/deutschland\/kultur-der-abschaffung-ist-die-kultur-der-prolls\/#article\",\"isPartOf\":{\"@id\":\"https:\/\/now-news.de\/de\/deutschland\/kultur-der-abschaffung-ist-die-kultur-der-prolls\/\"},\"author\":{\"name\":\"rtnews\",\"@id\":\"https:\/\/now-news.de\/de\/#\/schema\/person\/fb534a4e865501d8b3285208df34a9b5\"},\"headline\":\"&quot;Kultur der Abschaffung&quot; ist die Kultur der Prolls\",\"datePublished\":\"2023-05-01T15:07:29+00:00\",\"dateModified\":\"2023-05-01T15:07:29+00:00\",\"mainEntityOfPage\":{\"@id\":\"https:\/\/now-news.de\/de\/deutschland\/kultur-der-abschaffung-ist-die-kultur-der-prolls\/\"},\"wordCount\":906,\"commentCount\":0,\"publisher\":{\"@id\":\"https:\/\/now-news.de\/de\/#organization\"},\"image\":{\"@id\":\"https:\/\/now-news.de\/de\/deutschland\/kultur-der-abschaffung-ist-die-kultur-der-prolls\/#primaryimage\"},\"thumbnailUrl\":\"https:\/\/now-news.de\/de\/wp-content\/uploads\/sites\/3\/2023\/05\/quotKultur-der-Abschaffungquot-ist-die-Kultur-der-Prolls.jpg\",\"keywords\":[\"Abschaffungquot\",\"der\",\"die\",\"ist\",\"kultur\",\"Prolls\",\"quotKultur\"],\"articleSection\":[\"Deutschland\",\"Russland\"],\"inLanguage\":\"de\",\"potentialAction\":[{\"@type\":\"CommentAction\",\"name\":\"Comment\",\"target\":[\"https:\/\/now-news.de\/de\/deutschland\/kultur-der-abschaffung-ist-die-kultur-der-prolls\/#respond\"]}]},{\"@type\":\"WebPage\",\"@id\":\"https:\/\/now-news.de\/de\/deutschland\/kultur-der-abschaffung-ist-die-kultur-der-prolls\/\",\"url\":\"https:\/\/now-news.de\/de\/deutschland\/kultur-der-abschaffung-ist-die-kultur-der-prolls\/\",\"name\":\"&quot;Kultur der Abschaffung&quot; ist die Kultur der Prolls - just-now.NEWS Deutschland\",\"isPartOf\":{\"@id\":\"https:\/\/now-news.de\/de\/#website\"},\"primaryImageOfPage\":{\"@id\":\"https:\/\/now-news.de\/de\/deutschland\/kultur-der-abschaffung-ist-die-kultur-der-prolls\/#primaryimage\"},\"image\":{\"@id\":\"https:\/\/now-news.de\/de\/deutschland\/kultur-der-abschaffung-ist-die-kultur-der-prolls\/#primaryimage\"},\"thumbnailUrl\":\"https:\/\/now-news.de\/de\/wp-content\/uploads\/sites\/3\/2023\/05\/quotKultur-der-Abschaffungquot-ist-die-Kultur-der-Prolls.jpg\",\"datePublished\":\"2023-05-01T15:07:29+00:00\",\"dateModified\":\"2023-05-01T15:07:29+00:00\",\"breadcrumb\":{\"@id\":\"https:\/\/now-news.de\/de\/deutschland\/kultur-der-abschaffung-ist-die-kultur-der-prolls\/#breadcrumb\"},\"inLanguage\":\"de\",\"potentialAction\":[{\"@type\":\"ReadAction\",\"target\":[\"https:\/\/now-news.de\/de\/deutschland\/kultur-der-abschaffung-ist-die-kultur-der-prolls\/\"]}]},{\"@type\":\"ImageObject\",\"inLanguage\":\"de\",\"@id\":\"https:\/\/now-news.de\/de\/deutschland\/kultur-der-abschaffung-ist-die-kultur-der-prolls\/#primaryimage\",\"url\":\"https:\/\/now-news.de\/de\/wp-content\/uploads\/sites\/3\/2023\/05\/quotKultur-der-Abschaffungquot-ist-die-Kultur-der-Prolls.jpg\",\"contentUrl\":\"https:\/\/now-news.de\/de\/wp-content\/uploads\/sites\/3\/2023\/05\/quotKultur-der-Abschaffungquot-ist-die-Kultur-der-Prolls.jpg\",\"width\":460,\"height\":259,\"caption\":\"&quot;Kultur der Abschaffung&quot; ist die Kultur der Prolls\"},{\"@type\":\"BreadcrumbList\",\"@id\":\"https:\/\/now-news.de\/de\/deutschland\/kultur-der-abschaffung-ist-die-kultur-der-prolls\/#breadcrumb\",\"itemListElement\":[{\"@type\":\"ListItem\",\"position\":1,\"name\":\"Home\",\"item\":\"https:\/\/now-news.de\/de\/\"},{\"@type\":\"ListItem\",\"position\":2,\"name\":\"&quot;Kultur der Abschaffung&quot; ist die Kultur der Prolls\"}]},{\"@type\":\"WebSite\",\"@id\":\"https:\/\/now-news.de\/de\/#website\",\"url\":\"https:\/\/now-news.de\/de\/\",\"name\":\"just-now.NEWS Deutschland\",\"description\":\"Das Portal f\u00fcr unzensierte Nachrichten aus der Welt\",\"publisher\":{\"@id\":\"https:\/\/now-news.de\/de\/#organization\"},\"potentialAction\":[{\"@type\":\"SearchAction\",\"target\":{\"@type\":\"EntryPoint\",\"urlTemplate\":\"https:\/\/now-news.de\/de\/?s={search_term_string}\"},\"query-input\":\"required name=search_term_string\"}],\"inLanguage\":\"de\"},{\"@type\":\"Organization\",\"@id\":\"https:\/\/now-news.de\/de\/#organization\",\"name\":\"Just Now News\",\"url\":\"https:\/\/now-news.de\/de\/\",\"logo\":{\"@type\":\"ImageObject\",\"inLanguage\":\"de\",\"@id\":\"https:\/\/now-news.de\/de\/#\/schema\/logo\/image\/\",\"url\":\"http:\/\/just-now.news\/de\/wp-content\/uploads\/sites\/3\/2022\/04\/logo500x500.jpg\",\"contentUrl\":\"http:\/\/just-now.news\/de\/wp-content\/uploads\/sites\/3\/2022\/04\/logo500x500.jpg\",\"width\":500,\"height\":500,\"caption\":\"Just Now News\"},\"image\":{\"@id\":\"https:\/\/now-news.de\/de\/#\/schema\/logo\/image\/\"},\"sameAs\":[\"https:\/\/www.facebook.com\/wirmachenauf\",\"https:\/\/x.com\/WirMachenAuf_de\"]},{\"@type\":\"Person\",\"@id\":\"https:\/\/now-news.de\/de\/#\/schema\/person\/fb534a4e865501d8b3285208df34a9b5\",\"name\":\"rtnews\",\"image\":{\"@type\":\"ImageObject\",\"inLanguage\":\"de\",\"@id\":\"https:\/\/now-news.de\/de\/#\/schema\/person\/image\/\",\"url\":\"https:\/\/secure.gravatar.com\/avatar\/82aafea7d8127119dd649515f56e2117?s=96&d=mm&r=g\",\"contentUrl\":\"https:\/\/secure.gravatar.com\/avatar\/82aafea7d8127119dd649515f56e2117?s=96&d=mm&r=g\",\"caption\":\"rtnews\"},\"url\":\"https:\/\/now-news.de\/de\/author\/rnews\/\"}]}<\/script>\n<!-- \/ Yoast SEO Premium plugin. -->","yoast_head_json":{"title":"&quot;Kultur der Abschaffung&quot; ist die Kultur der Prolls - just-now.NEWS Deutschland","robots":{"index":"index","follow":"follow","max-snippet":"max-snippet:-1","max-image-preview":"max-image-preview:large","max-video-preview":"max-video-preview:-1"},"canonical":"https:\/\/now-news.de\/de\/deutschland\/kultur-der-abschaffung-ist-die-kultur-der-prolls\/","og_locale":"de_DE","og_type":"article","og_title":"&quot;Kultur der Abschaffung&quot; ist die Kultur der Prolls","og_description":"Der italienische Staatspr\u00e4sident Mattarella hat sich in einem Interview gegen die &#8220;Abschaffung&#8221; der russischen Kultur ausgesprochen. Dies sei &#8220;eine Fehlentwicklung, mit der dem Werk der jahrhundertelangen europ\u00e4ischen Geschichte die Schuld zugeschoben werden soll&#8221;. Von\u00a0Sergei Chudijew\u00a0 Der italienische Staatspr\u00e4sident Sergio Mattarella hat sich in einem Interview mit dem Il\u00a0Corriere della Sera gegen die &#8220;Abschaffung&#8221; der russischen [&hellip;]","og_url":"https:\/\/now-news.de\/de\/deutschland\/kultur-der-abschaffung-ist-die-kultur-der-prolls\/","og_site_name":"just-now.NEWS Deutschland","article_publisher":"https:\/\/www.facebook.com\/wirmachenauf","article_published_time":"2023-05-01T15:07:29+00:00","og_image":[{"width":460,"height":259,"url":"https:\/\/now-news.de\/de\/wp-content\/uploads\/sites\/3\/2023\/05\/quotKultur-der-Abschaffungquot-ist-die-Kultur-der-Prolls.jpg","type":"image\/jpeg"}],"author":"rtnews","twitter_card":"summary_large_image","twitter_creator":"@WirMachenAuf_de","twitter_site":"@WirMachenAuf_de","twitter_misc":{"Verfasst von":"rtnews","Gesch\u00e4tzte Lesezeit":"4\u00a0Minuten"},"schema":{"@context":"https:\/\/schema.org","@graph":[{"@type":"Article","@id":"https:\/\/now-news.de\/de\/deutschland\/kultur-der-abschaffung-ist-die-kultur-der-prolls\/#article","isPartOf":{"@id":"https:\/\/now-news.de\/de\/deutschland\/kultur-der-abschaffung-ist-die-kultur-der-prolls\/"},"author":{"name":"rtnews","@id":"https:\/\/now-news.de\/de\/#\/schema\/person\/fb534a4e865501d8b3285208df34a9b5"},"headline":"&quot;Kultur der Abschaffung&quot; ist die Kultur der Prolls","datePublished":"2023-05-01T15:07:29+00:00","dateModified":"2023-05-01T15:07:29+00:00","mainEntityOfPage":{"@id":"https:\/\/now-news.de\/de\/deutschland\/kultur-der-abschaffung-ist-die-kultur-der-prolls\/"},"wordCount":906,"commentCount":0,"publisher":{"@id":"https:\/\/now-news.de\/de\/#organization"},"image":{"@id":"https:\/\/now-news.de\/de\/deutschland\/kultur-der-abschaffung-ist-die-kultur-der-prolls\/#primaryimage"},"thumbnailUrl":"https:\/\/now-news.de\/de\/wp-content\/uploads\/sites\/3\/2023\/05\/quotKultur-der-Abschaffungquot-ist-die-Kultur-der-Prolls.jpg","keywords":["Abschaffungquot","der","die","ist","kultur","Prolls","quotKultur"],"articleSection":["Deutschland","Russland"],"inLanguage":"de","potentialAction":[{"@type":"CommentAction","name":"Comment","target":["https:\/\/now-news.de\/de\/deutschland\/kultur-der-abschaffung-ist-die-kultur-der-prolls\/#respond"]}]},{"@type":"WebPage","@id":"https:\/\/now-news.de\/de\/deutschland\/kultur-der-abschaffung-ist-die-kultur-der-prolls\/","url":"https:\/\/now-news.de\/de\/deutschland\/kultur-der-abschaffung-ist-die-kultur-der-prolls\/","name":"&quot;Kultur der Abschaffung&quot; ist die Kultur der Prolls - just-now.NEWS Deutschland","isPartOf":{"@id":"https:\/\/now-news.de\/de\/#website"},"primaryImageOfPage":{"@id":"https:\/\/now-news.de\/de\/deutschland\/kultur-der-abschaffung-ist-die-kultur-der-prolls\/#primaryimage"},"image":{"@id":"https:\/\/now-news.de\/de\/deutschland\/kultur-der-abschaffung-ist-die-kultur-der-prolls\/#primaryimage"},"thumbnailUrl":"https:\/\/now-news.de\/de\/wp-content\/uploads\/sites\/3\/2023\/05\/quotKultur-der-Abschaffungquot-ist-die-Kultur-der-Prolls.jpg","datePublished":"2023-05-01T15:07:29+00:00","dateModified":"2023-05-01T15:07:29+00:00","breadcrumb":{"@id":"https:\/\/now-news.de\/de\/deutschland\/kultur-der-abschaffung-ist-die-kultur-der-prolls\/#breadcrumb"},"inLanguage":"de","potentialAction":[{"@type":"ReadAction","target":["https:\/\/now-news.de\/de\/deutschland\/kultur-der-abschaffung-ist-die-kultur-der-prolls\/"]}]},{"@type":"ImageObject","inLanguage":"de","@id":"https:\/\/now-news.de\/de\/deutschland\/kultur-der-abschaffung-ist-die-kultur-der-prolls\/#primaryimage","url":"https:\/\/now-news.de\/de\/wp-content\/uploads\/sites\/3\/2023\/05\/quotKultur-der-Abschaffungquot-ist-die-Kultur-der-Prolls.jpg","contentUrl":"https:\/\/now-news.de\/de\/wp-content\/uploads\/sites\/3\/2023\/05\/quotKultur-der-Abschaffungquot-ist-die-Kultur-der-Prolls.jpg","width":460,"height":259,"caption":"&quot;Kultur der Abschaffung&quot; ist die Kultur der Prolls"},{"@type":"BreadcrumbList","@id":"https:\/\/now-news.de\/de\/deutschland\/kultur-der-abschaffung-ist-die-kultur-der-prolls\/#breadcrumb","itemListElement":[{"@type":"ListItem","position":1,"name":"Home","item":"https:\/\/now-news.de\/de\/"},{"@type":"ListItem","position":2,"name":"&quot;Kultur der Abschaffung&quot; ist die Kultur der Prolls"}]},{"@type":"WebSite","@id":"https:\/\/now-news.de\/de\/#website","url":"https:\/\/now-news.de\/de\/","name":"just-now.NEWS Deutschland","description":"Das Portal f\u00fcr unzensierte Nachrichten aus der Welt","publisher":{"@id":"https:\/\/now-news.de\/de\/#organization"},"potentialAction":[{"@type":"SearchAction","target":{"@type":"EntryPoint","urlTemplate":"https:\/\/now-news.de\/de\/?s={search_term_string}"},"query-input":"required name=search_term_string"}],"inLanguage":"de"},{"@type":"Organization","@id":"https:\/\/now-news.de\/de\/#organization","name":"Just Now News","url":"https:\/\/now-news.de\/de\/","logo":{"@type":"ImageObject","inLanguage":"de","@id":"https:\/\/now-news.de\/de\/#\/schema\/logo\/image\/","url":"http:\/\/just-now.news\/de\/wp-content\/uploads\/sites\/3\/2022\/04\/logo500x500.jpg","contentUrl":"http:\/\/just-now.news\/de\/wp-content\/uploads\/sites\/3\/2022\/04\/logo500x500.jpg","width":500,"height":500,"caption":"Just Now News"},"image":{"@id":"https:\/\/now-news.de\/de\/#\/schema\/logo\/image\/"},"sameAs":["https:\/\/www.facebook.com\/wirmachenauf","https:\/\/x.com\/WirMachenAuf_de"]},{"@type":"Person","@id":"https:\/\/now-news.de\/de\/#\/schema\/person\/fb534a4e865501d8b3285208df34a9b5","name":"rtnews","image":{"@type":"ImageObject","inLanguage":"de","@id":"https:\/\/now-news.de\/de\/#\/schema\/person\/image\/","url":"https:\/\/secure.gravatar.com\/avatar\/82aafea7d8127119dd649515f56e2117?s=96&d=mm&r=g","contentUrl":"https:\/\/secure.gravatar.com\/avatar\/82aafea7d8127119dd649515f56e2117?s=96&d=mm&r=g","caption":"rtnews"},"url":"https:\/\/now-news.de\/de\/author\/rnews\/"}]}},"_links":{"self":[{"href":"https:\/\/now-news.de\/de\/wp-json\/wp\/v2\/posts\/35138"}],"collection":[{"href":"https:\/\/now-news.de\/de\/wp-json\/wp\/v2\/posts"}],"about":[{"href":"https:\/\/now-news.de\/de\/wp-json\/wp\/v2\/types\/post"}],"author":[{"embeddable":true,"href":"https:\/\/now-news.de\/de\/wp-json\/wp\/v2\/users\/3"}],"replies":[{"embeddable":true,"href":"https:\/\/now-news.de\/de\/wp-json\/wp\/v2\/comments?post=35138"}],"version-history":[{"count":0,"href":"https:\/\/now-news.de\/de\/wp-json\/wp\/v2\/posts\/35138\/revisions"}],"wp:featuredmedia":[{"embeddable":true,"href":"https:\/\/now-news.de\/de\/wp-json\/wp\/v2\/media\/35139"}],"wp:attachment":[{"href":"https:\/\/now-news.de\/de\/wp-json\/wp\/v2\/media?parent=35138"}],"wp:term":[{"taxonomy":"category","embeddable":true,"href":"https:\/\/now-news.de\/de\/wp-json\/wp\/v2\/categories?post=35138"},{"taxonomy":"post_tag","embeddable":true,"href":"https:\/\/now-news.de\/de\/wp-json\/wp\/v2\/tags?post=35138"}],"curies":[{"name":"wp","href":"https:\/\/api.w.org\/{rel}","templated":true}]}}