{"id":35132,"date":"2023-05-01T15:13:36","date_gmt":"2023-05-01T13:13:36","guid":{"rendered":"https:\/\/just-now.news\/de\/deutschland\/washingtoner-gerontokratie-eine-bedrohung-fuer-das-politische-system-der-usa\/"},"modified":"2023-05-01T15:13:36","modified_gmt":"2023-05-01T13:13:36","slug":"washingtoner-gerontokratie-eine-bedrohung-fuer-das-politische-system-der-usa","status":"publish","type":"post","link":"https:\/\/now-news.de\/de\/deutschland\/washingtoner-gerontokratie-eine-bedrohung-fuer-das-politische-system-der-usa\/","title":{"rendered":"Washingtoner Gerontokratie \u2013 eine Bedrohung f\u00fcr das politische System der USA"},"content":{"rendered":"<p><img decoding=\"async\" src=\"http:\/\/just-now.news\/de\/wp-content\/uploads\/sites\/3\/2023\/05\/644a48e548fbef514a1c3eb1.jpg\" \/><\/p>\n<div class=\"Text-root Text-type_1 \">\n                Washington verwandelt sich zunehmend in eine Gerontokratie, mit einem immer \u00e4lter und gebrechlicher werdenden Kongress. Auch wenn ein pauschales Verbot zur Bekleidung \u00f6ffentlicher \u00c4mter f\u00fcr Menschen, die sich im Seniorenalter befinden, unfair w\u00e4re, bleibt klar, dass etwas getan werden muss.\n            <\/div>\n<p><\/p>\n<div class=\"Text-root Text-type_5 ArticleView-text ViewText-root \">\n<p><em>Von Bradley Blankenship<\/em><\/p>\n<p>Im Oktober 1984 nahm der damalige US-Pr\u00e4sident und Oberbefehlshaber Ronald Reagan mit 73 Jahren\u00a0an der zweiten Debatte im Pr\u00e4sidentschaftswahlkampf teil, gegen seinen Konkurrenten\u00a0von der Demokratischen Partei, Walter Mondale.<\/p>\n<p>Der Pr\u00e4sident wurde seitens des Moderators auf sein Alter und seine geistige Fitness f\u00fcr das h\u00f6chste Amt im Staate angesprochen, da Reagan damals als der \u00e4lteste Pr\u00e4sident der US-Geschichte galt. Dieser antwortete mit den legend\u00e4ren Worten:<\/p>\n<blockquote>\n<p><em>&#8220;Ich m\u00f6chte, dass Sie wissen, dass ich das Alter nicht zum Thema dieses Wahlkampfs machen werde. Ich werde die Jugend und Unerfahrenheit meines Gegners nicht f\u00fcr politische Zwecke ausnutzen.&#8221;<\/em><\/p>\n<\/blockquote>\n<p>Diese schlagfertige Antwort\u00a0lie\u00df laut der <a rel=\"nofollow noopener\" target=\"_blank\" href=\"https:\/\/www.reaganfoundation.org\/ronald-reagan\/reagan-quotes-speeches\/debate-between-the-president-and-former-vice-president-walter-f-mondale-in-kansas-city-missouri\/\">Reagan Foundation<\/a> seine Umfragewerte in die H\u00f6he schnellen und\u00a0trug dazu bei, seine zweite Amtszeit zu sichern. Sie\u00a0half aber auch, die Tatsache zu normalisieren, dass ein amerikanischer Pr\u00e4sident tats\u00e4chlich eine \u00e4ltere Person sein kann, obwohl sp\u00e4ter bekannt wurde, dass Pr\u00e4sident Reagan w\u00e4hrend seiner zweiten Amtszeit an Alzheimer erkrankte.<\/p>\n<p>Donald Trump und der derzeitig amtierende Pr\u00e4sident Joe Biden gelten mittlerweile als die \u00e4ltesten Pr\u00e4sidenten in der US-Geschichte. Tats\u00e4chlich ist Biden der erste Pr\u00e4sident, der im Amt 80 Jahre alt geworden ist. Vor kurzem hat er nun\u00a0erkl\u00e4rt, dass er sich 2024 um eine Wiederwahl bem\u00fchen werde, was ihn nach Ablauf seiner zweiten Amtszeit, ins Alter von 86 Jahren bringen w\u00fcrde, sollte er die Bewerbung um das Amt erneut gewinnen.<\/p>\n<p>Das Problem eines alternden und vielleicht abgehobenen Pr\u00e4sidenten war jedoch nicht immer nur ein Problem der Exekutive. Tats\u00e4chlich war der vorletzte einberufene US-Kongress, der 117. US-Kongress \u2013 die Legislative \u2013 der <a rel=\"nofollow noopener\" target=\"_blank\" href=\"https:\/\/www.businessinsider.com\/congress-oldest-history-gerontocracy-lawmakers-2022-9#:~:text=The%20117th%20Congress%20is%20the,over%20the%20age%20of%2070.\">\u00e4lteste<\/a> in der amerikanischen Geschichte, mit einem Durchschnittsalter von 59 Jahren und fast einem Viertel der Mitglieder \u00fcber 70. Er wurde von Nancy Pelosi geleitet, der damaligen Sprecherin des Repr\u00e4sentantenhauses.\u00a0Sie war\u00a0zu diesem Zeitpunkt 82 Jahre alt und schied im Januar 2023 aus ihrem Amt aus. Der aktuelle 118. Kongress ist der <a rel=\"nofollow noopener\" target=\"_blank\" href=\"https:\/\/www.nbcnews.com\/data-graphics\/118th-congress-age-third-oldest-1789-rcna64117\">dritt\u00e4lteste<\/a> seit 1789, mit einem Durchschnittsalter der Mitglieder von 58 Jahren.<\/p>\n<p>W\u00e4hrend der 117. Kongress den Trend eines immer gr\u00f6\u00dferen Anteils von Mitgliedern \u00fcber 70 Jahren einl\u00e4utete, ist der 118. Kongress immer noch \u00e4lter als der durchschnittliche US-B\u00fcrger. Das Durchschnittsalter der Bev\u00f6lkerung des Landes liegt bei 38 Jahren \u2013 und das, obwohl mit dem 26-j\u00e4hrigen Maxwell Frost, Kongressabgeordneter aus Florida, das erste Mitglied des Kongresses aus der Generation Z gew\u00e4hlt wurde.<\/p>\n<p>All dies wirft die Frage auf, ob der Kongress tats\u00e4chlich Themen verstehen und angehen kann, die f\u00fcr den typischen US-B\u00fcrger relevant sind. Das hei\u00dft, f\u00fcr jene Menschen, die sich in einem fr\u00fchen mittleren Alter befinden oder zu einer j\u00fcngeren Generation geh\u00f6ren. Es stellt sich\u00a0zudem die Frage, ob es eine Altersgrenze f\u00fcr Mitglieder des Kongresses geben sollte. Schlie\u00dflich argumentieren nicht wenige, dass, wenn es eine Altersgrenze f\u00fcr die Beteiligung von Jugendlichen und Kindern an der Politik gibt, es auch eine Obergrenze f\u00fcr Menschen geben sollte, die sich im Seniorenalter befinden.<\/p>\n<p>Von Insidern des Kongresses, einschlie\u00dflich Apothekern, wurde\u00a0<a rel=\"nofollow noopener\" target=\"_blank\" href=\"https:\/\/www.vox.com\/platform\/amp\/policy-and-politics\/2017\/10\/11\/16458142\/congress-alzheimers-pharmacist\">berichtet<\/a>, dass die \u00d6ffentlichkeit \u00fcberrascht w\u00e4re, wenn sie w\u00fcsste, wie viele der Vertreter im Kongress Medikamente gegen Demenz verschrieben bekommen. Was bedeutet, dass sie offensichtlich nicht in der Lage sind, ihr Mandat zu erf\u00fcllen.<\/p>\n<p>Das Beispiel der 89-j\u00e4hrigen kalifornischen Senatorin Dianne Feinstein sticht da hervor. Bis zum Zeitpunkt\u00a0der Redaktion\u00a0dieses Artikels hat sie\u00a0in den vergangenen Wochen\u00a0aus Krankheitsgr\u00fcnden und wegen ihres fortgeschrittenen Alters 58 Abstimmungen im Senat verpasst. Und aufgrund der derzeitigen Zusammensetzung des Senats kann Pr\u00e4sident Biden keine Bundesrichter best\u00e4tigen, ohne dass alle Senatoren der Demokratischen Partei im Justizausschuss \u2013 einschlie\u00dflich Feinstein \u2013 anwesend sind, was das Funktionieren der Justiz gef\u00e4hrdet. Bislang gibt es\u00a0noch keine Hinweise darauf, wann sie zur\u00fcckkehren wird, sie hat aber erkl\u00e4rt, dass sie keine Wiederwahl anstreben werde.<\/p>\n<p>Der kalifornische Kongressabgeordnete Ro Khanna \u00e4u\u00dferte sich zu diesem Thema. Er schrieb auf <a rel=\"nofollow noopener\" target=\"_blank\" href=\"https:\/\/twitter.com\/RoKhanna\/status\/1646261866258223106?s=20\">Twitter<\/a>:<\/p>\n<blockquote>\n<p><em>&#8220;Es ist Zeit f\u00fcr Senatorin Feinstein zur\u00fcckzutreten. Wir m\u00fcssen unser Land \u00fcber pers\u00f6nliche Loyalit\u00e4ten stellen. Obwohl sie ein Leben lang im \u00f6ffentlichen Dienst stand, ist es offensichtlich, dass sie ihre Pflichten nicht mehr erf\u00fcllen kann. Sich dazu nicht zu \u00e4u\u00dfern, untergr\u00e4bt unsere Glaubw\u00fcrdigkeit als gew\u00e4hlte Volksvertreter.&#8221;<\/em><\/p>\n<\/blockquote>\n<p>Der Kongressabgeordnete f\u00fchrte seine Forderung sp\u00e4ter in einer formellen <a rel=\"nofollow noopener\" target=\"_blank\" href=\"https:\/\/sfstandard.com\/politics\/silicon-valley-congressman-ro-khanna-senator-dianne-feinstein-resign\/\">Erkl\u00e4rung<\/a> aus und zitierte aus der aktuellen Stellungnahme eines von Donald Trump ernannten texanischen Bundesrichters, der ein wichtiges Abtreibungsmedikament in den USA verboten hatte. Khanna sagte, dass seine Partei bei der Ernennung neuer Richter rasch agieren m\u00fcsse, um das Gleichgewicht in den Gerichten wiederherzustellen, und dass Feinsteins Absenzen die B\u00fcrgerrechte und andere wichtige Gesch\u00e4fte gef\u00e4hrde.\u00a0Es werden zudem\u00a0anhaltende ethische <a rel=\"nofollow noopener\" target=\"_blank\" href=\"https:\/\/www.propublica.org\/article\/clarence-thomas-scotus-undisclosed-luxury-travel-gifts-crow\">Bedenken<\/a> gegen\u00fcber Bundesrichter Clarence Thomas vorgebracht, denen nicht mit Vorladungen des Kongresses <a rel=\"nofollow noopener\" target=\"_blank\" href=\"https:\/\/twitter.com\/mkraju\/status\/1649080098782322691?s=46&amp;t=s1nVVbiukD1BHlc9fTJqUg\">begegnet<\/a> werden kann, weil Feinstein im Justizausschuss abwesend\u00a0ist\u00a0und ihre Stimme ben\u00f6tigt wird, um eine solche Vorladung zu erlassen.<\/p>\n<p>Nat\u00fcrlich\u00a0finden sich auch gew\u00e4hlte Amtstr\u00e4ger, wie den 81-j\u00e4hrigen Senator von Vermont, Bernie Sanders, die schlagfertig und offensichtlich in der Lage sind, ihr Mandat zu erf\u00fcllen. Sanders hat zudem einen engen Kontakt zu den j\u00fcngeren Generationen und war eine wichtige Inspiration und ein Unterst\u00fctzer vieler j\u00fcngerer Mitglieder des Kongresses, einschlie\u00dflich des Kongressabgeordneten Maxwell Frost.<\/p>\n<p>Ein pauschales Verbot zur Bekleidung \u00f6ffentlicher \u00c4mter f\u00fcr Menschen, die sich im Seniorenalter befinden, w\u00e4re somit nicht fair. Aber es bleibt klar, dass etwas getan werden muss, um f\u00fcr die j\u00fcngeren Generationen in den USA gleiche Wettbewerbsbedingungen zu schaffen, ihnen eine faire politische Teilhabe zu erm\u00f6glichen und die US-amerikanische Gerontokratie zu beenden.<\/p>\n<p><em>\u00dcbersetzt aus dem <a rel=\"nofollow noopener\" target=\"_blank\" href=\"https:\/\/www.rt.com\/news\/575087-politicians-threaten-us-washington-congress\/\">Englischen<\/a>.<\/em><\/p>\n<p><em><strong><\/strong><\/em><em><strong>Bradley Blankenship<\/strong> ist ein in Prag lebender amerikanischer Journalist, Kolumnist und politischer Kommentator. Er hat eine Kolumne bei CGTN und ist freiberuflicher Reporter f\u00fcr internationale Nachrichtenagenturen, darunter die Nachrichtenagentur Xinhua. Er twittert auf\u00a0<a rel=\"nofollow noopener\" target=\"_blank\" href=\"https:\/\/twitter.com\/bradblank_\">@BradBlank_<\/a><\/em><\/p>\n<p><strong>Mehr zum Thema &#8211;<\/strong>\u00a0<a rel=\"nofollow noopener\" target=\"_blank\" href=\"https:\/\/pressefreiheit.rtde.tech\/meinung\/167963-moralische-autoritaet-usa-ist-tot\/\">Die moralische Autorit\u00e4t der USA ist tot und begraben <\/a><\/p>\n<\/p>\n<\/div>\n<p><script async src=\"https:\/\/platform.twitter.com\/widgets.js\" charset=\"utf-8\"><\/script><br \/>\n<br \/><br \/>\n<br \/><a href=\"https:\/\/de.rt.com\/meinung\/168656-washingtoner-gerontokratie-bedrohung-fuer-politische\/\">Source link <\/a><\/p>\n","protected":false},"excerpt":{"rendered":"<p>Washington verwandelt sich zunehmend in eine Gerontokratie, mit einem immer \u00e4lter und gebrechlicher werdenden Kongress. Auch wenn ein pauschales Verbot zur Bekleidung \u00f6ffentlicher \u00c4mter f\u00fcr Menschen, die sich im Seniorenalter befinden, unfair w\u00e4re, bleibt klar, dass etwas getan werden muss. Von Bradley Blankenship Im Oktober 1984 nahm der damalige US-Pr\u00e4sident und Oberbefehlshaber Ronald Reagan mit [&hellip;]<\/p>\n","protected":false},"author":3,"featured_media":35133,"comment_status":"open","ping_status":"open","sticky":false,"template":"","format":"standard","meta":{"_yoast_indexnow_last_ping":["1682947438"],"wp_automatic_camp":["217"],"e6785cd9a0bd74c78910305a2399482d":["Washingtoner Gerontokratie \u2013 eine Bedrohung f\u00fcr das politische System der USA"],"original_link":["https:\/\/de.rt.com\/meinung\/168656-washingtoner-gerontokratie-bedrohung-fuer-politische\/"],"_thumbnail_id":["35133"],"jnews_social_counter_last_update":["1777579256"],"_wptgpro_p2tg_sent2tg":["a:1:{i:23737;s:19:\"2023-05-01 15:25:15\";}"]},"categories":[19,23],"tags":[860,427,82,275,221,43753,4434,2190,193,43752],"yoast_head":"<!-- This site is optimized with the Yoast SEO Premium plugin v22.7 (Yoast SEO v22.7) - https:\/\/yoast.com\/wordpress\/plugins\/seo\/ -->\n<title>Washingtoner Gerontokratie \u2013 eine Bedrohung f\u00fcr das politische System der USA - just-now.NEWS Deutschland<\/title>\n<meta name=\"robots\" content=\"index, follow, max-snippet:-1, max-image-preview:large, max-video-preview:-1\" \/>\n<link rel=\"canonical\" href=\"https:\/\/now-news.de\/de\/deutschland\/washingtoner-gerontokratie-eine-bedrohung-fuer-das-politische-system-der-usa\/\" \/>\n<meta property=\"og:locale\" content=\"de_DE\" \/>\n<meta property=\"og:type\" content=\"article\" \/>\n<meta property=\"og:title\" content=\"Washingtoner Gerontokratie \u2013 eine Bedrohung f\u00fcr das politische System der USA\" \/>\n<meta property=\"og:description\" content=\"Washington verwandelt sich zunehmend in eine Gerontokratie, mit einem immer \u00e4lter und gebrechlicher werdenden Kongress. Auch wenn ein pauschales Verbot zur Bekleidung \u00f6ffentlicher \u00c4mter f\u00fcr Menschen, die sich im Seniorenalter befinden, unfair w\u00e4re, bleibt klar, dass etwas getan werden muss. Von Bradley Blankenship Im Oktober 1984 nahm der damalige US-Pr\u00e4sident und Oberbefehlshaber Ronald Reagan mit [&hellip;]\" \/>\n<meta property=\"og:url\" content=\"https:\/\/now-news.de\/de\/deutschland\/washingtoner-gerontokratie-eine-bedrohung-fuer-das-politische-system-der-usa\/\" \/>\n<meta property=\"og:site_name\" content=\"just-now.NEWS Deutschland\" \/>\n<meta property=\"article:publisher\" content=\"https:\/\/www.facebook.com\/wirmachenauf\" \/>\n<meta property=\"article:published_time\" content=\"2023-05-01T13:13:36+00:00\" \/>\n<meta property=\"og:image\" content=\"https:\/\/now-news.de\/de\/wp-content\/uploads\/sites\/3\/2023\/05\/Washingtoner-Gerontokratie-\u2013-eine-Bedrohung-fuer-das-politische-System-der.jpg\" \/>\n\t<meta property=\"og:image:width\" content=\"460\" \/>\n\t<meta property=\"og:image:height\" content=\"259\" \/>\n\t<meta property=\"og:image:type\" content=\"image\/jpeg\" \/>\n<meta name=\"author\" content=\"rtnews\" \/>\n<meta name=\"twitter:card\" content=\"summary_large_image\" \/>\n<meta name=\"twitter:creator\" content=\"@WirMachenAuf_de\" \/>\n<meta name=\"twitter:site\" content=\"@WirMachenAuf_de\" \/>\n<meta name=\"twitter:label1\" content=\"Verfasst von\" \/>\n\t<meta name=\"twitter:data1\" content=\"rtnews\" \/>\n\t<meta name=\"twitter:label2\" content=\"Gesch\u00e4tzte Lesezeit\" \/>\n\t<meta name=\"twitter:data2\" content=\"5\u00a0Minuten\" \/>\n<script type=\"application\/ld+json\" class=\"yoast-schema-graph\">{\"@context\":\"https:\/\/schema.org\",\"@graph\":[{\"@type\":\"Article\",\"@id\":\"https:\/\/now-news.de\/de\/deutschland\/washingtoner-gerontokratie-eine-bedrohung-fuer-das-politische-system-der-usa\/#article\",\"isPartOf\":{\"@id\":\"https:\/\/now-news.de\/de\/deutschland\/washingtoner-gerontokratie-eine-bedrohung-fuer-das-politische-system-der-usa\/\"},\"author\":{\"name\":\"rtnews\",\"@id\":\"https:\/\/now-news.de\/de\/#\/schema\/person\/fb534a4e865501d8b3285208df34a9b5\"},\"headline\":\"Washingtoner Gerontokratie \u2013 eine Bedrohung f\u00fcr das politische System der USA\",\"datePublished\":\"2023-05-01T13:13:36+00:00\",\"dateModified\":\"2023-05-01T13:13:36+00:00\",\"mainEntityOfPage\":{\"@id\":\"https:\/\/now-news.de\/de\/deutschland\/washingtoner-gerontokratie-eine-bedrohung-fuer-das-politische-system-der-usa\/\"},\"wordCount\":1044,\"commentCount\":0,\"publisher\":{\"@id\":\"https:\/\/now-news.de\/de\/#organization\"},\"image\":{\"@id\":\"https:\/\/now-news.de\/de\/deutschland\/washingtoner-gerontokratie-eine-bedrohung-fuer-das-politische-system-der-usa\/#primaryimage\"},\"thumbnailUrl\":\"https:\/\/now-news.de\/de\/wp-content\/uploads\/sites\/3\/2023\/05\/Washingtoner-Gerontokratie-\u2013-eine-Bedrohung-fuer-das-politische-System-der.jpg\",\"keywords\":[\"bedrohung\",\"das\",\"der\",\"eine\",\"f\u00fcr\",\"Gerontokratie\",\"politische\",\"System\",\"USA\",\"Washingtoner\"],\"articleSection\":[\"Deutschland\",\"Russland\"],\"inLanguage\":\"de\",\"potentialAction\":[{\"@type\":\"CommentAction\",\"name\":\"Comment\",\"target\":[\"https:\/\/now-news.de\/de\/deutschland\/washingtoner-gerontokratie-eine-bedrohung-fuer-das-politische-system-der-usa\/#respond\"]}]},{\"@type\":\"WebPage\",\"@id\":\"https:\/\/now-news.de\/de\/deutschland\/washingtoner-gerontokratie-eine-bedrohung-fuer-das-politische-system-der-usa\/\",\"url\":\"https:\/\/now-news.de\/de\/deutschland\/washingtoner-gerontokratie-eine-bedrohung-fuer-das-politische-system-der-usa\/\",\"name\":\"Washingtoner Gerontokratie \u2013 eine Bedrohung f\u00fcr das politische System der USA - just-now.NEWS Deutschland\",\"isPartOf\":{\"@id\":\"https:\/\/now-news.de\/de\/#website\"},\"primaryImageOfPage\":{\"@id\":\"https:\/\/now-news.de\/de\/deutschland\/washingtoner-gerontokratie-eine-bedrohung-fuer-das-politische-system-der-usa\/#primaryimage\"},\"image\":{\"@id\":\"https:\/\/now-news.de\/de\/deutschland\/washingtoner-gerontokratie-eine-bedrohung-fuer-das-politische-system-der-usa\/#primaryimage\"},\"thumbnailUrl\":\"https:\/\/now-news.de\/de\/wp-content\/uploads\/sites\/3\/2023\/05\/Washingtoner-Gerontokratie-\u2013-eine-Bedrohung-fuer-das-politische-System-der.jpg\",\"datePublished\":\"2023-05-01T13:13:36+00:00\",\"dateModified\":\"2023-05-01T13:13:36+00:00\",\"breadcrumb\":{\"@id\":\"https:\/\/now-news.de\/de\/deutschland\/washingtoner-gerontokratie-eine-bedrohung-fuer-das-politische-system-der-usa\/#breadcrumb\"},\"inLanguage\":\"de\",\"potentialAction\":[{\"@type\":\"ReadAction\",\"target\":[\"https:\/\/now-news.de\/de\/deutschland\/washingtoner-gerontokratie-eine-bedrohung-fuer-das-politische-system-der-usa\/\"]}]},{\"@type\":\"ImageObject\",\"inLanguage\":\"de\",\"@id\":\"https:\/\/now-news.de\/de\/deutschland\/washingtoner-gerontokratie-eine-bedrohung-fuer-das-politische-system-der-usa\/#primaryimage\",\"url\":\"https:\/\/now-news.de\/de\/wp-content\/uploads\/sites\/3\/2023\/05\/Washingtoner-Gerontokratie-\u2013-eine-Bedrohung-fuer-das-politische-System-der.jpg\",\"contentUrl\":\"https:\/\/now-news.de\/de\/wp-content\/uploads\/sites\/3\/2023\/05\/Washingtoner-Gerontokratie-\u2013-eine-Bedrohung-fuer-das-politische-System-der.jpg\",\"width\":460,\"height\":259,\"caption\":\"Washingtoner Gerontokratie \u2013 eine Bedrohung f\u00fcr das politische System der USA\"},{\"@type\":\"BreadcrumbList\",\"@id\":\"https:\/\/now-news.de\/de\/deutschland\/washingtoner-gerontokratie-eine-bedrohung-fuer-das-politische-system-der-usa\/#breadcrumb\",\"itemListElement\":[{\"@type\":\"ListItem\",\"position\":1,\"name\":\"Home\",\"item\":\"https:\/\/now-news.de\/de\/\"},{\"@type\":\"ListItem\",\"position\":2,\"name\":\"Washingtoner Gerontokratie \u2013 eine Bedrohung f\u00fcr das politische System der USA\"}]},{\"@type\":\"WebSite\",\"@id\":\"https:\/\/now-news.de\/de\/#website\",\"url\":\"https:\/\/now-news.de\/de\/\",\"name\":\"just-now.NEWS Deutschland\",\"description\":\"Das Portal f\u00fcr unzensierte Nachrichten aus der Welt\",\"publisher\":{\"@id\":\"https:\/\/now-news.de\/de\/#organization\"},\"potentialAction\":[{\"@type\":\"SearchAction\",\"target\":{\"@type\":\"EntryPoint\",\"urlTemplate\":\"https:\/\/now-news.de\/de\/?s={search_term_string}\"},\"query-input\":\"required name=search_term_string\"}],\"inLanguage\":\"de\"},{\"@type\":\"Organization\",\"@id\":\"https:\/\/now-news.de\/de\/#organization\",\"name\":\"Just Now News\",\"url\":\"https:\/\/now-news.de\/de\/\",\"logo\":{\"@type\":\"ImageObject\",\"inLanguage\":\"de\",\"@id\":\"https:\/\/now-news.de\/de\/#\/schema\/logo\/image\/\",\"url\":\"http:\/\/just-now.news\/de\/wp-content\/uploads\/sites\/3\/2022\/04\/logo500x500.jpg\",\"contentUrl\":\"http:\/\/just-now.news\/de\/wp-content\/uploads\/sites\/3\/2022\/04\/logo500x500.jpg\",\"width\":500,\"height\":500,\"caption\":\"Just Now News\"},\"image\":{\"@id\":\"https:\/\/now-news.de\/de\/#\/schema\/logo\/image\/\"},\"sameAs\":[\"https:\/\/www.facebook.com\/wirmachenauf\",\"https:\/\/x.com\/WirMachenAuf_de\"]},{\"@type\":\"Person\",\"@id\":\"https:\/\/now-news.de\/de\/#\/schema\/person\/fb534a4e865501d8b3285208df34a9b5\",\"name\":\"rtnews\",\"image\":{\"@type\":\"ImageObject\",\"inLanguage\":\"de\",\"@id\":\"https:\/\/now-news.de\/de\/#\/schema\/person\/image\/\",\"url\":\"https:\/\/secure.gravatar.com\/avatar\/82aafea7d8127119dd649515f56e2117?s=96&d=mm&r=g\",\"contentUrl\":\"https:\/\/secure.gravatar.com\/avatar\/82aafea7d8127119dd649515f56e2117?s=96&d=mm&r=g\",\"caption\":\"rtnews\"},\"url\":\"https:\/\/now-news.de\/de\/author\/rnews\/\"}]}<\/script>\n<!-- \/ Yoast SEO Premium plugin. -->","yoast_head_json":{"title":"Washingtoner Gerontokratie \u2013 eine Bedrohung f\u00fcr das politische System der USA - just-now.NEWS Deutschland","robots":{"index":"index","follow":"follow","max-snippet":"max-snippet:-1","max-image-preview":"max-image-preview:large","max-video-preview":"max-video-preview:-1"},"canonical":"https:\/\/now-news.de\/de\/deutschland\/washingtoner-gerontokratie-eine-bedrohung-fuer-das-politische-system-der-usa\/","og_locale":"de_DE","og_type":"article","og_title":"Washingtoner Gerontokratie \u2013 eine Bedrohung f\u00fcr das politische System der USA","og_description":"Washington verwandelt sich zunehmend in eine Gerontokratie, mit einem immer \u00e4lter und gebrechlicher werdenden Kongress. Auch wenn ein pauschales Verbot zur Bekleidung \u00f6ffentlicher \u00c4mter f\u00fcr Menschen, die sich im Seniorenalter befinden, unfair w\u00e4re, bleibt klar, dass etwas getan werden muss. Von Bradley Blankenship Im Oktober 1984 nahm der damalige US-Pr\u00e4sident und Oberbefehlshaber Ronald Reagan mit [&hellip;]","og_url":"https:\/\/now-news.de\/de\/deutschland\/washingtoner-gerontokratie-eine-bedrohung-fuer-das-politische-system-der-usa\/","og_site_name":"just-now.NEWS Deutschland","article_publisher":"https:\/\/www.facebook.com\/wirmachenauf","article_published_time":"2023-05-01T13:13:36+00:00","og_image":[{"width":460,"height":259,"url":"https:\/\/now-news.de\/de\/wp-content\/uploads\/sites\/3\/2023\/05\/Washingtoner-Gerontokratie-\u2013-eine-Bedrohung-fuer-das-politische-System-der.jpg","type":"image\/jpeg"}],"author":"rtnews","twitter_card":"summary_large_image","twitter_creator":"@WirMachenAuf_de","twitter_site":"@WirMachenAuf_de","twitter_misc":{"Verfasst von":"rtnews","Gesch\u00e4tzte Lesezeit":"5\u00a0Minuten"},"schema":{"@context":"https:\/\/schema.org","@graph":[{"@type":"Article","@id":"https:\/\/now-news.de\/de\/deutschland\/washingtoner-gerontokratie-eine-bedrohung-fuer-das-politische-system-der-usa\/#article","isPartOf":{"@id":"https:\/\/now-news.de\/de\/deutschland\/washingtoner-gerontokratie-eine-bedrohung-fuer-das-politische-system-der-usa\/"},"author":{"name":"rtnews","@id":"https:\/\/now-news.de\/de\/#\/schema\/person\/fb534a4e865501d8b3285208df34a9b5"},"headline":"Washingtoner Gerontokratie \u2013 eine Bedrohung f\u00fcr das politische System der USA","datePublished":"2023-05-01T13:13:36+00:00","dateModified":"2023-05-01T13:13:36+00:00","mainEntityOfPage":{"@id":"https:\/\/now-news.de\/de\/deutschland\/washingtoner-gerontokratie-eine-bedrohung-fuer-das-politische-system-der-usa\/"},"wordCount":1044,"commentCount":0,"publisher":{"@id":"https:\/\/now-news.de\/de\/#organization"},"image":{"@id":"https:\/\/now-news.de\/de\/deutschland\/washingtoner-gerontokratie-eine-bedrohung-fuer-das-politische-system-der-usa\/#primaryimage"},"thumbnailUrl":"https:\/\/now-news.de\/de\/wp-content\/uploads\/sites\/3\/2023\/05\/Washingtoner-Gerontokratie-\u2013-eine-Bedrohung-fuer-das-politische-System-der.jpg","keywords":["bedrohung","das","der","eine","f\u00fcr","Gerontokratie","politische","System","USA","Washingtoner"],"articleSection":["Deutschland","Russland"],"inLanguage":"de","potentialAction":[{"@type":"CommentAction","name":"Comment","target":["https:\/\/now-news.de\/de\/deutschland\/washingtoner-gerontokratie-eine-bedrohung-fuer-das-politische-system-der-usa\/#respond"]}]},{"@type":"WebPage","@id":"https:\/\/now-news.de\/de\/deutschland\/washingtoner-gerontokratie-eine-bedrohung-fuer-das-politische-system-der-usa\/","url":"https:\/\/now-news.de\/de\/deutschland\/washingtoner-gerontokratie-eine-bedrohung-fuer-das-politische-system-der-usa\/","name":"Washingtoner Gerontokratie \u2013 eine Bedrohung f\u00fcr das politische System der USA - just-now.NEWS Deutschland","isPartOf":{"@id":"https:\/\/now-news.de\/de\/#website"},"primaryImageOfPage":{"@id":"https:\/\/now-news.de\/de\/deutschland\/washingtoner-gerontokratie-eine-bedrohung-fuer-das-politische-system-der-usa\/#primaryimage"},"image":{"@id":"https:\/\/now-news.de\/de\/deutschland\/washingtoner-gerontokratie-eine-bedrohung-fuer-das-politische-system-der-usa\/#primaryimage"},"thumbnailUrl":"https:\/\/now-news.de\/de\/wp-content\/uploads\/sites\/3\/2023\/05\/Washingtoner-Gerontokratie-\u2013-eine-Bedrohung-fuer-das-politische-System-der.jpg","datePublished":"2023-05-01T13:13:36+00:00","dateModified":"2023-05-01T13:13:36+00:00","breadcrumb":{"@id":"https:\/\/now-news.de\/de\/deutschland\/washingtoner-gerontokratie-eine-bedrohung-fuer-das-politische-system-der-usa\/#breadcrumb"},"inLanguage":"de","potentialAction":[{"@type":"ReadAction","target":["https:\/\/now-news.de\/de\/deutschland\/washingtoner-gerontokratie-eine-bedrohung-fuer-das-politische-system-der-usa\/"]}]},{"@type":"ImageObject","inLanguage":"de","@id":"https:\/\/now-news.de\/de\/deutschland\/washingtoner-gerontokratie-eine-bedrohung-fuer-das-politische-system-der-usa\/#primaryimage","url":"https:\/\/now-news.de\/de\/wp-content\/uploads\/sites\/3\/2023\/05\/Washingtoner-Gerontokratie-\u2013-eine-Bedrohung-fuer-das-politische-System-der.jpg","contentUrl":"https:\/\/now-news.de\/de\/wp-content\/uploads\/sites\/3\/2023\/05\/Washingtoner-Gerontokratie-\u2013-eine-Bedrohung-fuer-das-politische-System-der.jpg","width":460,"height":259,"caption":"Washingtoner Gerontokratie \u2013 eine Bedrohung f\u00fcr das politische System der USA"},{"@type":"BreadcrumbList","@id":"https:\/\/now-news.de\/de\/deutschland\/washingtoner-gerontokratie-eine-bedrohung-fuer-das-politische-system-der-usa\/#breadcrumb","itemListElement":[{"@type":"ListItem","position":1,"name":"Home","item":"https:\/\/now-news.de\/de\/"},{"@type":"ListItem","position":2,"name":"Washingtoner Gerontokratie \u2013 eine Bedrohung f\u00fcr das politische System der USA"}]},{"@type":"WebSite","@id":"https:\/\/now-news.de\/de\/#website","url":"https:\/\/now-news.de\/de\/","name":"just-now.NEWS Deutschland","description":"Das Portal f\u00fcr unzensierte Nachrichten aus der Welt","publisher":{"@id":"https:\/\/now-news.de\/de\/#organization"},"potentialAction":[{"@type":"SearchAction","target":{"@type":"EntryPoint","urlTemplate":"https:\/\/now-news.de\/de\/?s={search_term_string}"},"query-input":"required name=search_term_string"}],"inLanguage":"de"},{"@type":"Organization","@id":"https:\/\/now-news.de\/de\/#organization","name":"Just Now News","url":"https:\/\/now-news.de\/de\/","logo":{"@type":"ImageObject","inLanguage":"de","@id":"https:\/\/now-news.de\/de\/#\/schema\/logo\/image\/","url":"http:\/\/just-now.news\/de\/wp-content\/uploads\/sites\/3\/2022\/04\/logo500x500.jpg","contentUrl":"http:\/\/just-now.news\/de\/wp-content\/uploads\/sites\/3\/2022\/04\/logo500x500.jpg","width":500,"height":500,"caption":"Just Now News"},"image":{"@id":"https:\/\/now-news.de\/de\/#\/schema\/logo\/image\/"},"sameAs":["https:\/\/www.facebook.com\/wirmachenauf","https:\/\/x.com\/WirMachenAuf_de"]},{"@type":"Person","@id":"https:\/\/now-news.de\/de\/#\/schema\/person\/fb534a4e865501d8b3285208df34a9b5","name":"rtnews","image":{"@type":"ImageObject","inLanguage":"de","@id":"https:\/\/now-news.de\/de\/#\/schema\/person\/image\/","url":"https:\/\/secure.gravatar.com\/avatar\/82aafea7d8127119dd649515f56e2117?s=96&d=mm&r=g","contentUrl":"https:\/\/secure.gravatar.com\/avatar\/82aafea7d8127119dd649515f56e2117?s=96&d=mm&r=g","caption":"rtnews"},"url":"https:\/\/now-news.de\/de\/author\/rnews\/"}]}},"_links":{"self":[{"href":"https:\/\/now-news.de\/de\/wp-json\/wp\/v2\/posts\/35132"}],"collection":[{"href":"https:\/\/now-news.de\/de\/wp-json\/wp\/v2\/posts"}],"about":[{"href":"https:\/\/now-news.de\/de\/wp-json\/wp\/v2\/types\/post"}],"author":[{"embeddable":true,"href":"https:\/\/now-news.de\/de\/wp-json\/wp\/v2\/users\/3"}],"replies":[{"embeddable":true,"href":"https:\/\/now-news.de\/de\/wp-json\/wp\/v2\/comments?post=35132"}],"version-history":[{"count":0,"href":"https:\/\/now-news.de\/de\/wp-json\/wp\/v2\/posts\/35132\/revisions"}],"wp:featuredmedia":[{"embeddable":true,"href":"https:\/\/now-news.de\/de\/wp-json\/wp\/v2\/media\/35133"}],"wp:attachment":[{"href":"https:\/\/now-news.de\/de\/wp-json\/wp\/v2\/media?parent=35132"}],"wp:term":[{"taxonomy":"category","embeddable":true,"href":"https:\/\/now-news.de\/de\/wp-json\/wp\/v2\/categories?post=35132"},{"taxonomy":"post_tag","embeddable":true,"href":"https:\/\/now-news.de\/de\/wp-json\/wp\/v2\/tags?post=35132"}],"curies":[{"name":"wp","href":"https:\/\/api.w.org\/{rel}","templated":true}]}}