{"id":35128,"date":"2023-05-01T14:28:48","date_gmt":"2023-05-01T12:28:48","guid":{"rendered":"https:\/\/just-now.news\/de\/deutschland\/tuerkei-will-fuehrer-des-islamischen-staates-in-syrien-getoetet-haben\/"},"modified":"2023-05-01T14:28:48","modified_gmt":"2023-05-01T12:28:48","slug":"tuerkei-will-fuehrer-des-islamischen-staates-in-syrien-getoetet-haben","status":"publish","type":"post","link":"https:\/\/now-news.de\/de\/deutschland\/tuerkei-will-fuehrer-des-islamischen-staates-in-syrien-getoetet-haben\/","title":{"rendered":"T\u00fcrkei will F\u00fchrer des Islamischen Staates in Syrien get\u00f6tet haben"},"content":{"rendered":"<p><img decoding=\"async\" src=\"http:\/\/just-now.news\/de\/wp-content\/uploads\/sites\/3\/2023\/05\/644f869348fbef1b81668cd0.jpg\" \/><\/p>\n<div class=\"Text-root Text-type_1 \">\n                Die T\u00fcrkei hat laut eigenen Angaben den Anf\u00fchrer des Islamischen Staates, Abu Hussein al-Qurashi, w\u00e4hrend einer Operation des t\u00fcrkischen Geheimdienstes (MIT) in Syrien get\u00f6tet. Dies erkl\u00e4rte der t\u00fcrkische Pr\u00e4sident Recep Tayyip Erdo\u011fan am Sonntag.\n            <\/div>\n<p><\/p>\n<div class=\"Text-root Text-type_5 ArticleView-text ViewText-root \">\n<p>Der Anf\u00fchrer des Islamischen Staates, Abu Hussein al-Qurashi, soll bei einer Operation des t\u00fcrkischen Geheimdienstes (MIT) in Syrien get\u00f6tet worden sein. Es w\u00e4re damit der dritte selbst ernannte &#8220;Kalif&#8221; der Terrorgruppe, der in den letzten 15 Monaten get\u00f6tet wurde.<\/p>\n<p>MIT-Agenten h\u00e4tten al-Qurashi &#8220;seit Langem&#8221; verfolgt und ihn am Samstag &#8220;neutralisiert&#8221;, sagte der t\u00fcrkische Pr\u00e4sident Recep Tayyip Erdo\u011fan in einem am Sonntag ausgestrahlten Interview des t\u00fcrkischen \u00f6ffentlich-rechtlichen Senders <em>TRT Turk.<\/em> Erdo\u011fan f\u00fcgte hinzu:<\/p>\n<blockquote>\n<p><em>&#8220;Wir werden unseren Kampf gegen terroristische Organisationen ohne jegliche Diskriminierung fortsetzen.&#8221;<\/em><\/p>\n<\/blockquote>\n<p>Die Operation wurde Berichten zufolge am Samstag gegen 1.00 Uhr morgens in einem Dorf in der N\u00e4he von Dschindires, etwa sieben Kilometer von der t\u00fcrkischen Grenze entfernt, durchgef\u00fchrt. T\u00fcrkische Streitkr\u00e4fte sollen ein Gel\u00e4nde, auf dem sich al-Qurashi vermutlich aufhielt, umstellt und sich K\u00e4mpfe mit IS-Anh\u00e4ngern geliefert haben. Der Kalif soll sich geweigert haben, sich zu ergeben und einen Sprengsatz, den er am K\u00f6rper trug, gez\u00fcndet haben.<\/p>\n<p>Al-Qurashi wurde im November letzten Jahres zum vierten Anf\u00fchrer der Terrorgruppe, nachdem sein Vorg\u00e4nger Abu Hasan al-Hashimi al-Qurashi im Kampf get\u00f6tet worden war. US-Milit\u00e4rs erkl\u00e4rten, der vorherige al-Qurashi sei Mitte Oktober von syrischen Rebellen in der s\u00fcdsyrischen Provinz Daraa get\u00f6tet worden. Er war erst seit etwa acht Monaten im Amt und hatte das Ruder \u00fcbernommen, nachdem sein Vorg\u00e4nger Abu Ibrahim al-Qurashi sich selbst sowie seine Frau und seine Kinder bei einer Razzia von US-Spezialkr\u00e4ften in Nordsyrien get\u00f6tet hatte.<\/p>\n<p>Obwohl sich die Anti-Terror-Operationen der T\u00fcrkei weitgehend auf militante kurdische Gruppen, einschlie\u00dflich der PKK, konzentrieren, ist der Islamische Staat (IS) Ankara ebenfalls ein Dorn im Auge: Bei Dutzenden von Anschl\u00e4gen wurden insgesamt 315 Zivilisten get\u00f6tet. Mit den USA verb\u00fcndete syrische Rebellen beschuldigten die T\u00fcrkei im vergangenen Jahr, dem IS eine &#8220;sichere Zone&#8221; in Nordsyrien zu gew\u00e4hren. T\u00fcrkische Beamte wiesen die Anschuldigung als &#8220;v\u00f6llig l\u00e4cherlich&#8221; zur\u00fcck. Die T\u00fcrkei war eines der ersten L\u00e4nder, das 2013 den Islamischen Staat, damals noch ISIS, als Terrororganisation eingestuft hat, und bek\u00e4mpft die Gruppe seit Jahren.<\/p>\n<p><strong>Mehr zum Thema<\/strong> \u2013 <a rel=\"nofollow noopener\" target=\"_blank\" href=\"https:\/\/de.rt.com\/international\/168760-praesidentschaftswahlen-keineswegs-rein-tuerkische-angelegenheit\/\">Pr\u00e4sidentschaftswahlen: Eine keineswegs rein t\u00fcrkische Angelegenheit<\/a><\/p>\n<div class=\"EmbedBlock-root EmbedBlock-externalVideo EmbedBlock-odysee\">\n<div class=\"VkEmbed\"><iframe class=\"lazyload\" data-src=\"https:\/\/odysee.com\/%24\/embed\/%40RTDE%3Ae%2Frussland-beschert-der-t%C3%BCrkei-erstes-atomkraftwerk%3A5\" frameborder=\"0\" width=\"853\" height=\"480\" allowfullscreen><\/iframe><\/div>\n<\/div>\n<\/div>\n<p><br \/>\n<br \/><a href=\"https:\/\/de.rt.com\/international\/168963-tuerkei-will-fuehrer-des-islamischen-staates-in-syrien-getoetet-haben\/\">Source link <\/a><\/p>\n","protected":false},"excerpt":{"rendered":"<p>Die T\u00fcrkei hat laut eigenen Angaben den Anf\u00fchrer des Islamischen Staates, Abu Hussein al-Qurashi, w\u00e4hrend einer Operation des t\u00fcrkischen Geheimdienstes (MIT) in Syrien get\u00f6tet. Dies erkl\u00e4rte der t\u00fcrkische Pr\u00e4sident Recep Tayyip Erdo\u011fan am Sonntag. Der Anf\u00fchrer des Islamischen Staates, Abu Hussein al-Qurashi, soll bei einer Operation des t\u00fcrkischen Geheimdienstes (MIT) in Syrien get\u00f6tet worden sein. [&hellip;]<\/p>\n","protected":false},"author":3,"featured_media":35129,"comment_status":"open","ping_status":"open","sticky":false,"template":"","format":"standard","meta":{"_yoast_indexnow_last_ping":["1682944556"],"wp_automatic_camp":["217"],"71bae00ad93fd9cf2c166839e495252c":["T\u00fcrkei will F\u00fchrer des Islamischen Staates in Syrien get\u00f6tet haben"],"original_link":["https:\/\/de.rt.com\/international\/168963-tuerkei-will-fuehrer-des-islamischen-staates-in-syrien-getoetet-haben\/"],"_thumbnail_id":["35129"],"_wptgpro_p2tg_sent2tg":["a:1:{i:23737;s:19:\"2023-05-01 14:36:55\";}"],"jnews_social_counter_last_update":["1777606628"]},"categories":[19,23],"tags":[583,4532,367,771,32543,13274,783,1897],"yoast_head":"<!-- This site is optimized with the Yoast SEO Premium plugin v22.7 (Yoast SEO v22.7) - https:\/\/yoast.com\/wordpress\/plugins\/seo\/ -->\n<title>T\u00fcrkei will F\u00fchrer des Islamischen Staates in Syrien get\u00f6tet haben - just-now.NEWS Deutschland<\/title>\n<meta name=\"robots\" content=\"index, follow, max-snippet:-1, max-image-preview:large, max-video-preview:-1\" \/>\n<link rel=\"canonical\" href=\"https:\/\/now-news.de\/de\/deutschland\/tuerkei-will-fuehrer-des-islamischen-staates-in-syrien-getoetet-haben\/\" \/>\n<meta property=\"og:locale\" content=\"de_DE\" \/>\n<meta property=\"og:type\" content=\"article\" \/>\n<meta property=\"og:title\" content=\"T\u00fcrkei will F\u00fchrer des Islamischen Staates in Syrien get\u00f6tet haben\" \/>\n<meta property=\"og:description\" content=\"Die T\u00fcrkei hat laut eigenen Angaben den Anf\u00fchrer des Islamischen Staates, Abu Hussein al-Qurashi, w\u00e4hrend einer Operation des t\u00fcrkischen Geheimdienstes (MIT) in Syrien get\u00f6tet. Dies erkl\u00e4rte der t\u00fcrkische Pr\u00e4sident Recep Tayyip Erdo\u011fan am Sonntag. Der Anf\u00fchrer des Islamischen Staates, Abu Hussein al-Qurashi, soll bei einer Operation des t\u00fcrkischen Geheimdienstes (MIT) in Syrien get\u00f6tet worden sein. [&hellip;]\" \/>\n<meta property=\"og:url\" content=\"https:\/\/now-news.de\/de\/deutschland\/tuerkei-will-fuehrer-des-islamischen-staates-in-syrien-getoetet-haben\/\" \/>\n<meta property=\"og:site_name\" content=\"just-now.NEWS Deutschland\" \/>\n<meta property=\"article:publisher\" content=\"https:\/\/www.facebook.com\/wirmachenauf\" \/>\n<meta property=\"article:published_time\" content=\"2023-05-01T12:28:48+00:00\" \/>\n<meta property=\"og:image\" content=\"https:\/\/now-news.de\/de\/wp-content\/uploads\/sites\/3\/2023\/05\/Tuerkei-will-Fuehrer-des-Islamischen-Staates-in-Syrien-getoetet-haben.jpg\" \/>\n\t<meta property=\"og:image:width\" content=\"460\" \/>\n\t<meta property=\"og:image:height\" content=\"259\" \/>\n\t<meta property=\"og:image:type\" content=\"image\/jpeg\" \/>\n<meta name=\"author\" content=\"rtnews\" \/>\n<meta name=\"twitter:card\" content=\"summary_large_image\" \/>\n<meta name=\"twitter:creator\" content=\"@WirMachenAuf_de\" \/>\n<meta name=\"twitter:site\" content=\"@WirMachenAuf_de\" \/>\n<meta name=\"twitter:label1\" content=\"Verfasst von\" \/>\n\t<meta name=\"twitter:data1\" content=\"rtnews\" \/>\n\t<meta name=\"twitter:label2\" content=\"Gesch\u00e4tzte Lesezeit\" \/>\n\t<meta name=\"twitter:data2\" content=\"2\u00a0Minuten\" \/>\n<script type=\"application\/ld+json\" class=\"yoast-schema-graph\">{\"@context\":\"https:\/\/schema.org\",\"@graph\":[{\"@type\":\"Article\",\"@id\":\"https:\/\/now-news.de\/de\/deutschland\/tuerkei-will-fuehrer-des-islamischen-staates-in-syrien-getoetet-haben\/#article\",\"isPartOf\":{\"@id\":\"https:\/\/now-news.de\/de\/deutschland\/tuerkei-will-fuehrer-des-islamischen-staates-in-syrien-getoetet-haben\/\"},\"author\":{\"name\":\"rtnews\",\"@id\":\"https:\/\/now-news.de\/de\/#\/schema\/person\/fb534a4e865501d8b3285208df34a9b5\"},\"headline\":\"T\u00fcrkei will F\u00fchrer des Islamischen Staates in Syrien get\u00f6tet haben\",\"datePublished\":\"2023-05-01T12:28:48+00:00\",\"dateModified\":\"2023-05-01T12:28:48+00:00\",\"mainEntityOfPage\":{\"@id\":\"https:\/\/now-news.de\/de\/deutschland\/tuerkei-will-fuehrer-des-islamischen-staates-in-syrien-getoetet-haben\/\"},\"wordCount\":429,\"commentCount\":0,\"publisher\":{\"@id\":\"https:\/\/now-news.de\/de\/#organization\"},\"image\":{\"@id\":\"https:\/\/now-news.de\/de\/deutschland\/tuerkei-will-fuehrer-des-islamischen-staates-in-syrien-getoetet-haben\/#primaryimage\"},\"thumbnailUrl\":\"https:\/\/now-news.de\/de\/wp-content\/uploads\/sites\/3\/2023\/05\/Tuerkei-will-Fuehrer-des-Islamischen-Staates-in-Syrien-getoetet-haben.jpg\",\"keywords\":[\"des\",\"F\u00fchrer\",\"get\u00f6tet\",\"haben\",\"islamischen\",\"Staates\",\"Syrien\",\"T\u00fcrkei\"],\"articleSection\":[\"Deutschland\",\"Russland\"],\"inLanguage\":\"de\",\"potentialAction\":[{\"@type\":\"CommentAction\",\"name\":\"Comment\",\"target\":[\"https:\/\/now-news.de\/de\/deutschland\/tuerkei-will-fuehrer-des-islamischen-staates-in-syrien-getoetet-haben\/#respond\"]}]},{\"@type\":\"WebPage\",\"@id\":\"https:\/\/now-news.de\/de\/deutschland\/tuerkei-will-fuehrer-des-islamischen-staates-in-syrien-getoetet-haben\/\",\"url\":\"https:\/\/now-news.de\/de\/deutschland\/tuerkei-will-fuehrer-des-islamischen-staates-in-syrien-getoetet-haben\/\",\"name\":\"T\u00fcrkei will F\u00fchrer des Islamischen Staates in Syrien get\u00f6tet haben - just-now.NEWS Deutschland\",\"isPartOf\":{\"@id\":\"https:\/\/now-news.de\/de\/#website\"},\"primaryImageOfPage\":{\"@id\":\"https:\/\/now-news.de\/de\/deutschland\/tuerkei-will-fuehrer-des-islamischen-staates-in-syrien-getoetet-haben\/#primaryimage\"},\"image\":{\"@id\":\"https:\/\/now-news.de\/de\/deutschland\/tuerkei-will-fuehrer-des-islamischen-staates-in-syrien-getoetet-haben\/#primaryimage\"},\"thumbnailUrl\":\"https:\/\/now-news.de\/de\/wp-content\/uploads\/sites\/3\/2023\/05\/Tuerkei-will-Fuehrer-des-Islamischen-Staates-in-Syrien-getoetet-haben.jpg\",\"datePublished\":\"2023-05-01T12:28:48+00:00\",\"dateModified\":\"2023-05-01T12:28:48+00:00\",\"breadcrumb\":{\"@id\":\"https:\/\/now-news.de\/de\/deutschland\/tuerkei-will-fuehrer-des-islamischen-staates-in-syrien-getoetet-haben\/#breadcrumb\"},\"inLanguage\":\"de\",\"potentialAction\":[{\"@type\":\"ReadAction\",\"target\":[\"https:\/\/now-news.de\/de\/deutschland\/tuerkei-will-fuehrer-des-islamischen-staates-in-syrien-getoetet-haben\/\"]}]},{\"@type\":\"ImageObject\",\"inLanguage\":\"de\",\"@id\":\"https:\/\/now-news.de\/de\/deutschland\/tuerkei-will-fuehrer-des-islamischen-staates-in-syrien-getoetet-haben\/#primaryimage\",\"url\":\"https:\/\/now-news.de\/de\/wp-content\/uploads\/sites\/3\/2023\/05\/Tuerkei-will-Fuehrer-des-Islamischen-Staates-in-Syrien-getoetet-haben.jpg\",\"contentUrl\":\"https:\/\/now-news.de\/de\/wp-content\/uploads\/sites\/3\/2023\/05\/Tuerkei-will-Fuehrer-des-Islamischen-Staates-in-Syrien-getoetet-haben.jpg\",\"width\":460,\"height\":259,\"caption\":\"T\u00fcrkei will F\u00fchrer des Islamischen Staates in Syrien get\u00f6tet haben\"},{\"@type\":\"BreadcrumbList\",\"@id\":\"https:\/\/now-news.de\/de\/deutschland\/tuerkei-will-fuehrer-des-islamischen-staates-in-syrien-getoetet-haben\/#breadcrumb\",\"itemListElement\":[{\"@type\":\"ListItem\",\"position\":1,\"name\":\"Home\",\"item\":\"https:\/\/now-news.de\/de\/\"},{\"@type\":\"ListItem\",\"position\":2,\"name\":\"T\u00fcrkei will F\u00fchrer des Islamischen Staates in Syrien get\u00f6tet haben\"}]},{\"@type\":\"WebSite\",\"@id\":\"https:\/\/now-news.de\/de\/#website\",\"url\":\"https:\/\/now-news.de\/de\/\",\"name\":\"just-now.NEWS Deutschland\",\"description\":\"Das Portal f\u00fcr unzensierte Nachrichten aus der Welt\",\"publisher\":{\"@id\":\"https:\/\/now-news.de\/de\/#organization\"},\"potentialAction\":[{\"@type\":\"SearchAction\",\"target\":{\"@type\":\"EntryPoint\",\"urlTemplate\":\"https:\/\/now-news.de\/de\/?s={search_term_string}\"},\"query-input\":\"required name=search_term_string\"}],\"inLanguage\":\"de\"},{\"@type\":\"Organization\",\"@id\":\"https:\/\/now-news.de\/de\/#organization\",\"name\":\"Just Now News\",\"url\":\"https:\/\/now-news.de\/de\/\",\"logo\":{\"@type\":\"ImageObject\",\"inLanguage\":\"de\",\"@id\":\"https:\/\/now-news.de\/de\/#\/schema\/logo\/image\/\",\"url\":\"http:\/\/just-now.news\/de\/wp-content\/uploads\/sites\/3\/2022\/04\/logo500x500.jpg\",\"contentUrl\":\"http:\/\/just-now.news\/de\/wp-content\/uploads\/sites\/3\/2022\/04\/logo500x500.jpg\",\"width\":500,\"height\":500,\"caption\":\"Just Now News\"},\"image\":{\"@id\":\"https:\/\/now-news.de\/de\/#\/schema\/logo\/image\/\"},\"sameAs\":[\"https:\/\/www.facebook.com\/wirmachenauf\",\"https:\/\/x.com\/WirMachenAuf_de\"]},{\"@type\":\"Person\",\"@id\":\"https:\/\/now-news.de\/de\/#\/schema\/person\/fb534a4e865501d8b3285208df34a9b5\",\"name\":\"rtnews\",\"image\":{\"@type\":\"ImageObject\",\"inLanguage\":\"de\",\"@id\":\"https:\/\/now-news.de\/de\/#\/schema\/person\/image\/\",\"url\":\"https:\/\/secure.gravatar.com\/avatar\/82aafea7d8127119dd649515f56e2117?s=96&d=mm&r=g\",\"contentUrl\":\"https:\/\/secure.gravatar.com\/avatar\/82aafea7d8127119dd649515f56e2117?s=96&d=mm&r=g\",\"caption\":\"rtnews\"},\"url\":\"https:\/\/now-news.de\/de\/author\/rnews\/\"}]}<\/script>\n<!-- \/ Yoast SEO Premium plugin. -->","yoast_head_json":{"title":"T\u00fcrkei will F\u00fchrer des Islamischen Staates in Syrien get\u00f6tet haben - just-now.NEWS Deutschland","robots":{"index":"index","follow":"follow","max-snippet":"max-snippet:-1","max-image-preview":"max-image-preview:large","max-video-preview":"max-video-preview:-1"},"canonical":"https:\/\/now-news.de\/de\/deutschland\/tuerkei-will-fuehrer-des-islamischen-staates-in-syrien-getoetet-haben\/","og_locale":"de_DE","og_type":"article","og_title":"T\u00fcrkei will F\u00fchrer des Islamischen Staates in Syrien get\u00f6tet haben","og_description":"Die T\u00fcrkei hat laut eigenen Angaben den Anf\u00fchrer des Islamischen Staates, Abu Hussein al-Qurashi, w\u00e4hrend einer Operation des t\u00fcrkischen Geheimdienstes (MIT) in Syrien get\u00f6tet. Dies erkl\u00e4rte der t\u00fcrkische Pr\u00e4sident Recep Tayyip Erdo\u011fan am Sonntag. Der Anf\u00fchrer des Islamischen Staates, Abu Hussein al-Qurashi, soll bei einer Operation des t\u00fcrkischen Geheimdienstes (MIT) in Syrien get\u00f6tet worden sein. [&hellip;]","og_url":"https:\/\/now-news.de\/de\/deutschland\/tuerkei-will-fuehrer-des-islamischen-staates-in-syrien-getoetet-haben\/","og_site_name":"just-now.NEWS Deutschland","article_publisher":"https:\/\/www.facebook.com\/wirmachenauf","article_published_time":"2023-05-01T12:28:48+00:00","og_image":[{"width":460,"height":259,"url":"https:\/\/now-news.de\/de\/wp-content\/uploads\/sites\/3\/2023\/05\/Tuerkei-will-Fuehrer-des-Islamischen-Staates-in-Syrien-getoetet-haben.jpg","type":"image\/jpeg"}],"author":"rtnews","twitter_card":"summary_large_image","twitter_creator":"@WirMachenAuf_de","twitter_site":"@WirMachenAuf_de","twitter_misc":{"Verfasst von":"rtnews","Gesch\u00e4tzte Lesezeit":"2\u00a0Minuten"},"schema":{"@context":"https:\/\/schema.org","@graph":[{"@type":"Article","@id":"https:\/\/now-news.de\/de\/deutschland\/tuerkei-will-fuehrer-des-islamischen-staates-in-syrien-getoetet-haben\/#article","isPartOf":{"@id":"https:\/\/now-news.de\/de\/deutschland\/tuerkei-will-fuehrer-des-islamischen-staates-in-syrien-getoetet-haben\/"},"author":{"name":"rtnews","@id":"https:\/\/now-news.de\/de\/#\/schema\/person\/fb534a4e865501d8b3285208df34a9b5"},"headline":"T\u00fcrkei will F\u00fchrer des Islamischen Staates in Syrien get\u00f6tet haben","datePublished":"2023-05-01T12:28:48+00:00","dateModified":"2023-05-01T12:28:48+00:00","mainEntityOfPage":{"@id":"https:\/\/now-news.de\/de\/deutschland\/tuerkei-will-fuehrer-des-islamischen-staates-in-syrien-getoetet-haben\/"},"wordCount":429,"commentCount":0,"publisher":{"@id":"https:\/\/now-news.de\/de\/#organization"},"image":{"@id":"https:\/\/now-news.de\/de\/deutschland\/tuerkei-will-fuehrer-des-islamischen-staates-in-syrien-getoetet-haben\/#primaryimage"},"thumbnailUrl":"https:\/\/now-news.de\/de\/wp-content\/uploads\/sites\/3\/2023\/05\/Tuerkei-will-Fuehrer-des-Islamischen-Staates-in-Syrien-getoetet-haben.jpg","keywords":["des","F\u00fchrer","get\u00f6tet","haben","islamischen","Staates","Syrien","T\u00fcrkei"],"articleSection":["Deutschland","Russland"],"inLanguage":"de","potentialAction":[{"@type":"CommentAction","name":"Comment","target":["https:\/\/now-news.de\/de\/deutschland\/tuerkei-will-fuehrer-des-islamischen-staates-in-syrien-getoetet-haben\/#respond"]}]},{"@type":"WebPage","@id":"https:\/\/now-news.de\/de\/deutschland\/tuerkei-will-fuehrer-des-islamischen-staates-in-syrien-getoetet-haben\/","url":"https:\/\/now-news.de\/de\/deutschland\/tuerkei-will-fuehrer-des-islamischen-staates-in-syrien-getoetet-haben\/","name":"T\u00fcrkei will F\u00fchrer des Islamischen Staates in Syrien get\u00f6tet haben - just-now.NEWS Deutschland","isPartOf":{"@id":"https:\/\/now-news.de\/de\/#website"},"primaryImageOfPage":{"@id":"https:\/\/now-news.de\/de\/deutschland\/tuerkei-will-fuehrer-des-islamischen-staates-in-syrien-getoetet-haben\/#primaryimage"},"image":{"@id":"https:\/\/now-news.de\/de\/deutschland\/tuerkei-will-fuehrer-des-islamischen-staates-in-syrien-getoetet-haben\/#primaryimage"},"thumbnailUrl":"https:\/\/now-news.de\/de\/wp-content\/uploads\/sites\/3\/2023\/05\/Tuerkei-will-Fuehrer-des-Islamischen-Staates-in-Syrien-getoetet-haben.jpg","datePublished":"2023-05-01T12:28:48+00:00","dateModified":"2023-05-01T12:28:48+00:00","breadcrumb":{"@id":"https:\/\/now-news.de\/de\/deutschland\/tuerkei-will-fuehrer-des-islamischen-staates-in-syrien-getoetet-haben\/#breadcrumb"},"inLanguage":"de","potentialAction":[{"@type":"ReadAction","target":["https:\/\/now-news.de\/de\/deutschland\/tuerkei-will-fuehrer-des-islamischen-staates-in-syrien-getoetet-haben\/"]}]},{"@type":"ImageObject","inLanguage":"de","@id":"https:\/\/now-news.de\/de\/deutschland\/tuerkei-will-fuehrer-des-islamischen-staates-in-syrien-getoetet-haben\/#primaryimage","url":"https:\/\/now-news.de\/de\/wp-content\/uploads\/sites\/3\/2023\/05\/Tuerkei-will-Fuehrer-des-Islamischen-Staates-in-Syrien-getoetet-haben.jpg","contentUrl":"https:\/\/now-news.de\/de\/wp-content\/uploads\/sites\/3\/2023\/05\/Tuerkei-will-Fuehrer-des-Islamischen-Staates-in-Syrien-getoetet-haben.jpg","width":460,"height":259,"caption":"T\u00fcrkei will F\u00fchrer des Islamischen Staates in Syrien get\u00f6tet haben"},{"@type":"BreadcrumbList","@id":"https:\/\/now-news.de\/de\/deutschland\/tuerkei-will-fuehrer-des-islamischen-staates-in-syrien-getoetet-haben\/#breadcrumb","itemListElement":[{"@type":"ListItem","position":1,"name":"Home","item":"https:\/\/now-news.de\/de\/"},{"@type":"ListItem","position":2,"name":"T\u00fcrkei will F\u00fchrer des Islamischen Staates in Syrien get\u00f6tet haben"}]},{"@type":"WebSite","@id":"https:\/\/now-news.de\/de\/#website","url":"https:\/\/now-news.de\/de\/","name":"just-now.NEWS Deutschland","description":"Das Portal f\u00fcr unzensierte Nachrichten aus der Welt","publisher":{"@id":"https:\/\/now-news.de\/de\/#organization"},"potentialAction":[{"@type":"SearchAction","target":{"@type":"EntryPoint","urlTemplate":"https:\/\/now-news.de\/de\/?s={search_term_string}"},"query-input":"required name=search_term_string"}],"inLanguage":"de"},{"@type":"Organization","@id":"https:\/\/now-news.de\/de\/#organization","name":"Just Now News","url":"https:\/\/now-news.de\/de\/","logo":{"@type":"ImageObject","inLanguage":"de","@id":"https:\/\/now-news.de\/de\/#\/schema\/logo\/image\/","url":"http:\/\/just-now.news\/de\/wp-content\/uploads\/sites\/3\/2022\/04\/logo500x500.jpg","contentUrl":"http:\/\/just-now.news\/de\/wp-content\/uploads\/sites\/3\/2022\/04\/logo500x500.jpg","width":500,"height":500,"caption":"Just Now News"},"image":{"@id":"https:\/\/now-news.de\/de\/#\/schema\/logo\/image\/"},"sameAs":["https:\/\/www.facebook.com\/wirmachenauf","https:\/\/x.com\/WirMachenAuf_de"]},{"@type":"Person","@id":"https:\/\/now-news.de\/de\/#\/schema\/person\/fb534a4e865501d8b3285208df34a9b5","name":"rtnews","image":{"@type":"ImageObject","inLanguage":"de","@id":"https:\/\/now-news.de\/de\/#\/schema\/person\/image\/","url":"https:\/\/secure.gravatar.com\/avatar\/82aafea7d8127119dd649515f56e2117?s=96&d=mm&r=g","contentUrl":"https:\/\/secure.gravatar.com\/avatar\/82aafea7d8127119dd649515f56e2117?s=96&d=mm&r=g","caption":"rtnews"},"url":"https:\/\/now-news.de\/de\/author\/rnews\/"}]}},"_links":{"self":[{"href":"https:\/\/now-news.de\/de\/wp-json\/wp\/v2\/posts\/35128"}],"collection":[{"href":"https:\/\/now-news.de\/de\/wp-json\/wp\/v2\/posts"}],"about":[{"href":"https:\/\/now-news.de\/de\/wp-json\/wp\/v2\/types\/post"}],"author":[{"embeddable":true,"href":"https:\/\/now-news.de\/de\/wp-json\/wp\/v2\/users\/3"}],"replies":[{"embeddable":true,"href":"https:\/\/now-news.de\/de\/wp-json\/wp\/v2\/comments?post=35128"}],"version-history":[{"count":0,"href":"https:\/\/now-news.de\/de\/wp-json\/wp\/v2\/posts\/35128\/revisions"}],"wp:featuredmedia":[{"embeddable":true,"href":"https:\/\/now-news.de\/de\/wp-json\/wp\/v2\/media\/35129"}],"wp:attachment":[{"href":"https:\/\/now-news.de\/de\/wp-json\/wp\/v2\/media?parent=35128"}],"wp:term":[{"taxonomy":"category","embeddable":true,"href":"https:\/\/now-news.de\/de\/wp-json\/wp\/v2\/categories?post=35128"},{"taxonomy":"post_tag","embeddable":true,"href":"https:\/\/now-news.de\/de\/wp-json\/wp\/v2\/tags?post=35128"}],"curies":[{"name":"wp","href":"https:\/\/api.w.org\/{rel}","templated":true}]}}