{"id":35062,"date":"2023-04-29T22:42:22","date_gmt":"2023-04-29T20:42:22","guid":{"rendered":"https:\/\/just-now.news\/de\/deutschland\/karin-kneissl-investiert-in-tierschutz-oesterreichs-ex-aussenministerin-unterstuetzt-amurtiger\/"},"modified":"2023-04-29T22:42:22","modified_gmt":"2023-04-29T20:42:22","slug":"karin-kneissl-investiert-in-tierschutz-oesterreichs-ex-aussenministerin-unterstuetzt-amurtiger","status":"publish","type":"post","link":"https:\/\/now-news.de\/de\/deutschland\/karin-kneissl-investiert-in-tierschutz-oesterreichs-ex-aussenministerin-unterstuetzt-amurtiger\/","title":{"rendered":"Karin Kneissl investiert in Tierschutz: \u00d6sterreichs Ex-Au\u00dfenministerin unterst\u00fctzt Amurtiger"},"content":{"rendered":"<p><img decoding=\"async\" src=\"http:\/\/just-now.news\/de\/wp-content\/uploads\/sites\/3\/2023\/04\/644d2e0db480cc2c3552c326.jpg\" \/><\/p>\n<div class=\"Text-root Text-type_1 \">\n                Karin Kneissl ist f\u00fcr ihre Tierliebe bekannt. Vor ihrem Libanon-Exil hat die ehemalige \u00f6sterreichische Chefdiplomatin auf ihrem Mini-Bauernhof Hunde, Katzen, H\u00fchner und sogar Pferde versorgt und selbst den Stall ausgemistet. Jetzt unterst\u00fctzt sie Amurtiger in Russland.\n            <\/div>\n<p><\/p>\n<div class=\"Text-root Text-type_5 ArticleView-text ViewText-root \">\n<p>Die fr\u00fchere \u00f6sterreichische Au\u00dfenministerin Karin Kneissl hat am Samstag in einem Interview mit der Nachrichtenagentur <em>RIA Nowosti<\/em> erneut ihre Tierliebe unter Beweis gestellt. Nach Angaben der ehemaligen Diplomatin unterst\u00fctzt sie die Aufrechterhaltung der Artenvielfalt in Russland. Die Nachrichtenagentur zitiert die Ex-Diplomatin mit den Worten:<\/p>\n<blockquote>\n<p><em>&#8220;In letzter Zeit habe ich drei Betr\u00e4ge \u00fcberwiesen. Ich investiere in einige Projekte, die mit Amurtigern verbunden sind.&#8221;<\/em><\/p>\n<\/blockquote>\n<p>Die genauen Summen wollte Kneissl dabei nicht bekannt geben. Zugleich teilte sie mit, sie w\u00fcrde gerne eine Gro\u00dfkatze unter ihre Fittiche nehmen, und erkundigte sich bei der Agentur nach dem jeweiligen Verfahren.<\/p>\n<p>Anfang Februar hatte die Nachrichtenagentur <em>TASS<\/em> unter Berufung auf den Sondervertreter des russischen Pr\u00e4sidenten f\u00fcr Umweltschutz Sergei Iwanow berichtet, dass die Ma\u00dfnahmen zum Schutz der seltenen Gro\u00dfkatze ein ziemlicher Erfolg seien. In den letzten Jahren sei der Bestand von Amurtigern um 150 Tiere gewachsen. Nicht zuletzt sei dies dank sch\u00e4rferen Strafen f\u00fcr Wilderer gelungen.<\/p>\n<p>Momentan wird der Bestand der weltweit gr\u00f6\u00dften lebenden Katze in Russland auf 750 Tiere gesch\u00e4tzt. Die Internationale Union zur Bewahrung der Natur (IUCN) listet diese Tigerart als &#8220;stark gef\u00e4hrdet&#8221; auf. In freier Wildbahn lebt der Amurtiger im Fernen Osten Russlands und in den angrenzenden Gebieten Nordkoreas und Chinas. Die Jagd auf das Raubtier ist\u00a0streng\u00a0verboten.<\/p>\n<p><strong>Mehr zum Thema<\/strong> &#8211;\u00a0<a rel=\"nofollow noopener\" target=\"_blank\" href=\"https:\/\/de.rt.com\/europa\/145205-mit-geheimdienstmethoden-ins-exil-getrieben\/\">Karin Kneissl: Mit Geheimdienstmethoden ins Exil getrieben<\/a><\/p>\n<\/div>\n<p><br \/>\n<br \/><a href=\"https:\/\/de.rt.com\/international\/168871-karin-kneissl-investiert-in-tierschutz\/\">Source link <\/a><\/p>\n","protected":false},"excerpt":{"rendered":"<p>Karin Kneissl ist f\u00fcr ihre Tierliebe bekannt. Vor ihrem Libanon-Exil hat die ehemalige \u00f6sterreichische Chefdiplomatin auf ihrem Mini-Bauernhof Hunde, Katzen, H\u00fchner und sogar Pferde versorgt und selbst den Stall ausgemistet. Jetzt unterst\u00fctzt sie Amurtiger in Russland. Die fr\u00fchere \u00f6sterreichische Au\u00dfenministerin Karin Kneissl hat am Samstag in einem Interview mit der Nachrichtenagentur RIA Nowosti erneut ihre [&hellip;]<\/p>\n","protected":false},"author":3,"featured_media":35063,"comment_status":"open","ping_status":"open","sticky":false,"template":"","format":"standard","meta":{"_yoast_indexnow_last_ping":["1682801216"],"wp_automatic_camp":["217"],"a234bc767061e047c2c652647d481b89":["Karin Kneissl investiert in Tierschutz: \u00d6sterreichs Ex-Au\u00dfenministerin unterst\u00fctzt Amurtiger"],"original_link":["https:\/\/de.rt.com\/international\/168871-karin-kneissl-investiert-in-tierschutz\/"],"_thumbnail_id":["35063"],"_wptgpro_p2tg_sent2tg":["a:1:{i:23737;s:19:\"2023-04-29 22:47:57\";}"],"jnews_social_counter_last_update":["1777621101"]},"categories":[19,23],"tags":[43709,20152,29366,1604,1605,8354,29071,5073],"yoast_head":"<!-- This site is optimized with the Yoast SEO Premium plugin v22.7 (Yoast SEO v22.7) - https:\/\/yoast.com\/wordpress\/plugins\/seo\/ -->\n<title>Karin Kneissl investiert in Tierschutz: \u00d6sterreichs Ex-Au\u00dfenministerin unterst\u00fctzt Amurtiger - just-now.NEWS Deutschland<\/title>\n<meta name=\"robots\" content=\"index, follow, max-snippet:-1, max-image-preview:large, max-video-preview:-1\" \/>\n<link rel=\"canonical\" href=\"https:\/\/now-news.de\/de\/deutschland\/karin-kneissl-investiert-in-tierschutz-oesterreichs-ex-aussenministerin-unterstuetzt-amurtiger\/\" \/>\n<meta property=\"og:locale\" content=\"de_DE\" \/>\n<meta property=\"og:type\" content=\"article\" \/>\n<meta property=\"og:title\" content=\"Karin Kneissl investiert in Tierschutz: \u00d6sterreichs Ex-Au\u00dfenministerin unterst\u00fctzt Amurtiger\" \/>\n<meta property=\"og:description\" content=\"Karin Kneissl ist f\u00fcr ihre Tierliebe bekannt. Vor ihrem Libanon-Exil hat die ehemalige \u00f6sterreichische Chefdiplomatin auf ihrem Mini-Bauernhof Hunde, Katzen, H\u00fchner und sogar Pferde versorgt und selbst den Stall ausgemistet. Jetzt unterst\u00fctzt sie Amurtiger in Russland. Die fr\u00fchere \u00f6sterreichische Au\u00dfenministerin Karin Kneissl hat am Samstag in einem Interview mit der Nachrichtenagentur RIA Nowosti erneut ihre [&hellip;]\" \/>\n<meta property=\"og:url\" content=\"https:\/\/now-news.de\/de\/deutschland\/karin-kneissl-investiert-in-tierschutz-oesterreichs-ex-aussenministerin-unterstuetzt-amurtiger\/\" \/>\n<meta property=\"og:site_name\" content=\"just-now.NEWS Deutschland\" \/>\n<meta property=\"article:publisher\" content=\"https:\/\/www.facebook.com\/wirmachenauf\" \/>\n<meta property=\"article:published_time\" content=\"2023-04-29T20:42:22+00:00\" \/>\n<meta property=\"og:image\" content=\"https:\/\/now-news.de\/de\/wp-content\/uploads\/sites\/3\/2023\/04\/Karin-Kneissl-investiert-in-Tierschutz-Oesterreichs-Ex-Aussenministerin-unterstuetzt-Amurtiger.jpg\" \/>\n\t<meta property=\"og:image:width\" content=\"460\" \/>\n\t<meta property=\"og:image:height\" content=\"259\" \/>\n\t<meta property=\"og:image:type\" content=\"image\/jpeg\" \/>\n<meta name=\"author\" content=\"rtnews\" \/>\n<meta name=\"twitter:card\" content=\"summary_large_image\" \/>\n<meta name=\"twitter:creator\" content=\"@WirMachenAuf_de\" \/>\n<meta name=\"twitter:site\" content=\"@WirMachenAuf_de\" \/>\n<meta name=\"twitter:label1\" content=\"Verfasst von\" \/>\n\t<meta name=\"twitter:data1\" content=\"rtnews\" \/>\n\t<meta name=\"twitter:label2\" content=\"Gesch\u00e4tzte Lesezeit\" \/>\n\t<meta name=\"twitter:data2\" content=\"1\u00a0Minute\" \/>\n<script type=\"application\/ld+json\" class=\"yoast-schema-graph\">{\"@context\":\"https:\/\/schema.org\",\"@graph\":[{\"@type\":\"Article\",\"@id\":\"https:\/\/now-news.de\/de\/deutschland\/karin-kneissl-investiert-in-tierschutz-oesterreichs-ex-aussenministerin-unterstuetzt-amurtiger\/#article\",\"isPartOf\":{\"@id\":\"https:\/\/now-news.de\/de\/deutschland\/karin-kneissl-investiert-in-tierschutz-oesterreichs-ex-aussenministerin-unterstuetzt-amurtiger\/\"},\"author\":{\"name\":\"rtnews\",\"@id\":\"https:\/\/now-news.de\/de\/#\/schema\/person\/fb534a4e865501d8b3285208df34a9b5\"},\"headline\":\"Karin Kneissl investiert in Tierschutz: \u00d6sterreichs Ex-Au\u00dfenministerin unterst\u00fctzt Amurtiger\",\"datePublished\":\"2023-04-29T20:42:22+00:00\",\"dateModified\":\"2023-04-29T20:42:22+00:00\",\"mainEntityOfPage\":{\"@id\":\"https:\/\/now-news.de\/de\/deutschland\/karin-kneissl-investiert-in-tierschutz-oesterreichs-ex-aussenministerin-unterstuetzt-amurtiger\/\"},\"wordCount\":281,\"commentCount\":0,\"publisher\":{\"@id\":\"https:\/\/now-news.de\/de\/#organization\"},\"image\":{\"@id\":\"https:\/\/now-news.de\/de\/deutschland\/karin-kneissl-investiert-in-tierschutz-oesterreichs-ex-aussenministerin-unterstuetzt-amurtiger\/#primaryimage\"},\"thumbnailUrl\":\"https:\/\/now-news.de\/de\/wp-content\/uploads\/sites\/3\/2023\/04\/Karin-Kneissl-investiert-in-Tierschutz-Oesterreichs-Ex-Aussenministerin-unterstuetzt-Amurtiger.jpg\",\"keywords\":[\"Amurtiger\",\"ExAu\u00dfenministerin\",\"investiert\",\"Karin\",\"Kneissl\",\"\u00d6sterreichs\",\"Tierschutz\",\"unterst\u00fctzt\"],\"articleSection\":[\"Deutschland\",\"Russland\"],\"inLanguage\":\"de\",\"potentialAction\":[{\"@type\":\"CommentAction\",\"name\":\"Comment\",\"target\":[\"https:\/\/now-news.de\/de\/deutschland\/karin-kneissl-investiert-in-tierschutz-oesterreichs-ex-aussenministerin-unterstuetzt-amurtiger\/#respond\"]}]},{\"@type\":\"WebPage\",\"@id\":\"https:\/\/now-news.de\/de\/deutschland\/karin-kneissl-investiert-in-tierschutz-oesterreichs-ex-aussenministerin-unterstuetzt-amurtiger\/\",\"url\":\"https:\/\/now-news.de\/de\/deutschland\/karin-kneissl-investiert-in-tierschutz-oesterreichs-ex-aussenministerin-unterstuetzt-amurtiger\/\",\"name\":\"Karin Kneissl investiert in Tierschutz: \u00d6sterreichs Ex-Au\u00dfenministerin unterst\u00fctzt Amurtiger - just-now.NEWS Deutschland\",\"isPartOf\":{\"@id\":\"https:\/\/now-news.de\/de\/#website\"},\"primaryImageOfPage\":{\"@id\":\"https:\/\/now-news.de\/de\/deutschland\/karin-kneissl-investiert-in-tierschutz-oesterreichs-ex-aussenministerin-unterstuetzt-amurtiger\/#primaryimage\"},\"image\":{\"@id\":\"https:\/\/now-news.de\/de\/deutschland\/karin-kneissl-investiert-in-tierschutz-oesterreichs-ex-aussenministerin-unterstuetzt-amurtiger\/#primaryimage\"},\"thumbnailUrl\":\"https:\/\/now-news.de\/de\/wp-content\/uploads\/sites\/3\/2023\/04\/Karin-Kneissl-investiert-in-Tierschutz-Oesterreichs-Ex-Aussenministerin-unterstuetzt-Amurtiger.jpg\",\"datePublished\":\"2023-04-29T20:42:22+00:00\",\"dateModified\":\"2023-04-29T20:42:22+00:00\",\"breadcrumb\":{\"@id\":\"https:\/\/now-news.de\/de\/deutschland\/karin-kneissl-investiert-in-tierschutz-oesterreichs-ex-aussenministerin-unterstuetzt-amurtiger\/#breadcrumb\"},\"inLanguage\":\"de\",\"potentialAction\":[{\"@type\":\"ReadAction\",\"target\":[\"https:\/\/now-news.de\/de\/deutschland\/karin-kneissl-investiert-in-tierschutz-oesterreichs-ex-aussenministerin-unterstuetzt-amurtiger\/\"]}]},{\"@type\":\"ImageObject\",\"inLanguage\":\"de\",\"@id\":\"https:\/\/now-news.de\/de\/deutschland\/karin-kneissl-investiert-in-tierschutz-oesterreichs-ex-aussenministerin-unterstuetzt-amurtiger\/#primaryimage\",\"url\":\"https:\/\/now-news.de\/de\/wp-content\/uploads\/sites\/3\/2023\/04\/Karin-Kneissl-investiert-in-Tierschutz-Oesterreichs-Ex-Aussenministerin-unterstuetzt-Amurtiger.jpg\",\"contentUrl\":\"https:\/\/now-news.de\/de\/wp-content\/uploads\/sites\/3\/2023\/04\/Karin-Kneissl-investiert-in-Tierschutz-Oesterreichs-Ex-Aussenministerin-unterstuetzt-Amurtiger.jpg\",\"width\":460,\"height\":259,\"caption\":\"Karin Kneissl investiert in Tierschutz: \u00d6sterreichs Ex-Au\u00dfenministerin unterst\u00fctzt Amurtiger\"},{\"@type\":\"BreadcrumbList\",\"@id\":\"https:\/\/now-news.de\/de\/deutschland\/karin-kneissl-investiert-in-tierschutz-oesterreichs-ex-aussenministerin-unterstuetzt-amurtiger\/#breadcrumb\",\"itemListElement\":[{\"@type\":\"ListItem\",\"position\":1,\"name\":\"Home\",\"item\":\"https:\/\/now-news.de\/de\/\"},{\"@type\":\"ListItem\",\"position\":2,\"name\":\"Karin Kneissl investiert in Tierschutz: \u00d6sterreichs Ex-Au\u00dfenministerin unterst\u00fctzt Amurtiger\"}]},{\"@type\":\"WebSite\",\"@id\":\"https:\/\/now-news.de\/de\/#website\",\"url\":\"https:\/\/now-news.de\/de\/\",\"name\":\"just-now.NEWS Deutschland\",\"description\":\"Das Portal f\u00fcr unzensierte Nachrichten aus der Welt\",\"publisher\":{\"@id\":\"https:\/\/now-news.de\/de\/#organization\"},\"potentialAction\":[{\"@type\":\"SearchAction\",\"target\":{\"@type\":\"EntryPoint\",\"urlTemplate\":\"https:\/\/now-news.de\/de\/?s={search_term_string}\"},\"query-input\":\"required name=search_term_string\"}],\"inLanguage\":\"de\"},{\"@type\":\"Organization\",\"@id\":\"https:\/\/now-news.de\/de\/#organization\",\"name\":\"Just Now News\",\"url\":\"https:\/\/now-news.de\/de\/\",\"logo\":{\"@type\":\"ImageObject\",\"inLanguage\":\"de\",\"@id\":\"https:\/\/now-news.de\/de\/#\/schema\/logo\/image\/\",\"url\":\"http:\/\/just-now.news\/de\/wp-content\/uploads\/sites\/3\/2022\/04\/logo500x500.jpg\",\"contentUrl\":\"http:\/\/just-now.news\/de\/wp-content\/uploads\/sites\/3\/2022\/04\/logo500x500.jpg\",\"width\":500,\"height\":500,\"caption\":\"Just Now News\"},\"image\":{\"@id\":\"https:\/\/now-news.de\/de\/#\/schema\/logo\/image\/\"},\"sameAs\":[\"https:\/\/www.facebook.com\/wirmachenauf\",\"https:\/\/x.com\/WirMachenAuf_de\"]},{\"@type\":\"Person\",\"@id\":\"https:\/\/now-news.de\/de\/#\/schema\/person\/fb534a4e865501d8b3285208df34a9b5\",\"name\":\"rtnews\",\"image\":{\"@type\":\"ImageObject\",\"inLanguage\":\"de\",\"@id\":\"https:\/\/now-news.de\/de\/#\/schema\/person\/image\/\",\"url\":\"https:\/\/secure.gravatar.com\/avatar\/82aafea7d8127119dd649515f56e2117?s=96&d=mm&r=g\",\"contentUrl\":\"https:\/\/secure.gravatar.com\/avatar\/82aafea7d8127119dd649515f56e2117?s=96&d=mm&r=g\",\"caption\":\"rtnews\"},\"url\":\"https:\/\/now-news.de\/de\/author\/rnews\/\"}]}<\/script>\n<!-- \/ Yoast SEO Premium plugin. -->","yoast_head_json":{"title":"Karin Kneissl investiert in Tierschutz: \u00d6sterreichs Ex-Au\u00dfenministerin unterst\u00fctzt Amurtiger - just-now.NEWS Deutschland","robots":{"index":"index","follow":"follow","max-snippet":"max-snippet:-1","max-image-preview":"max-image-preview:large","max-video-preview":"max-video-preview:-1"},"canonical":"https:\/\/now-news.de\/de\/deutschland\/karin-kneissl-investiert-in-tierschutz-oesterreichs-ex-aussenministerin-unterstuetzt-amurtiger\/","og_locale":"de_DE","og_type":"article","og_title":"Karin Kneissl investiert in Tierschutz: \u00d6sterreichs Ex-Au\u00dfenministerin unterst\u00fctzt Amurtiger","og_description":"Karin Kneissl ist f\u00fcr ihre Tierliebe bekannt. Vor ihrem Libanon-Exil hat die ehemalige \u00f6sterreichische Chefdiplomatin auf ihrem Mini-Bauernhof Hunde, Katzen, H\u00fchner und sogar Pferde versorgt und selbst den Stall ausgemistet. Jetzt unterst\u00fctzt sie Amurtiger in Russland. Die fr\u00fchere \u00f6sterreichische Au\u00dfenministerin Karin Kneissl hat am Samstag in einem Interview mit der Nachrichtenagentur RIA Nowosti erneut ihre [&hellip;]","og_url":"https:\/\/now-news.de\/de\/deutschland\/karin-kneissl-investiert-in-tierschutz-oesterreichs-ex-aussenministerin-unterstuetzt-amurtiger\/","og_site_name":"just-now.NEWS Deutschland","article_publisher":"https:\/\/www.facebook.com\/wirmachenauf","article_published_time":"2023-04-29T20:42:22+00:00","og_image":[{"width":460,"height":259,"url":"https:\/\/now-news.de\/de\/wp-content\/uploads\/sites\/3\/2023\/04\/Karin-Kneissl-investiert-in-Tierschutz-Oesterreichs-Ex-Aussenministerin-unterstuetzt-Amurtiger.jpg","type":"image\/jpeg"}],"author":"rtnews","twitter_card":"summary_large_image","twitter_creator":"@WirMachenAuf_de","twitter_site":"@WirMachenAuf_de","twitter_misc":{"Verfasst von":"rtnews","Gesch\u00e4tzte Lesezeit":"1\u00a0Minute"},"schema":{"@context":"https:\/\/schema.org","@graph":[{"@type":"Article","@id":"https:\/\/now-news.de\/de\/deutschland\/karin-kneissl-investiert-in-tierschutz-oesterreichs-ex-aussenministerin-unterstuetzt-amurtiger\/#article","isPartOf":{"@id":"https:\/\/now-news.de\/de\/deutschland\/karin-kneissl-investiert-in-tierschutz-oesterreichs-ex-aussenministerin-unterstuetzt-amurtiger\/"},"author":{"name":"rtnews","@id":"https:\/\/now-news.de\/de\/#\/schema\/person\/fb534a4e865501d8b3285208df34a9b5"},"headline":"Karin Kneissl investiert in Tierschutz: \u00d6sterreichs Ex-Au\u00dfenministerin unterst\u00fctzt Amurtiger","datePublished":"2023-04-29T20:42:22+00:00","dateModified":"2023-04-29T20:42:22+00:00","mainEntityOfPage":{"@id":"https:\/\/now-news.de\/de\/deutschland\/karin-kneissl-investiert-in-tierschutz-oesterreichs-ex-aussenministerin-unterstuetzt-amurtiger\/"},"wordCount":281,"commentCount":0,"publisher":{"@id":"https:\/\/now-news.de\/de\/#organization"},"image":{"@id":"https:\/\/now-news.de\/de\/deutschland\/karin-kneissl-investiert-in-tierschutz-oesterreichs-ex-aussenministerin-unterstuetzt-amurtiger\/#primaryimage"},"thumbnailUrl":"https:\/\/now-news.de\/de\/wp-content\/uploads\/sites\/3\/2023\/04\/Karin-Kneissl-investiert-in-Tierschutz-Oesterreichs-Ex-Aussenministerin-unterstuetzt-Amurtiger.jpg","keywords":["Amurtiger","ExAu\u00dfenministerin","investiert","Karin","Kneissl","\u00d6sterreichs","Tierschutz","unterst\u00fctzt"],"articleSection":["Deutschland","Russland"],"inLanguage":"de","potentialAction":[{"@type":"CommentAction","name":"Comment","target":["https:\/\/now-news.de\/de\/deutschland\/karin-kneissl-investiert-in-tierschutz-oesterreichs-ex-aussenministerin-unterstuetzt-amurtiger\/#respond"]}]},{"@type":"WebPage","@id":"https:\/\/now-news.de\/de\/deutschland\/karin-kneissl-investiert-in-tierschutz-oesterreichs-ex-aussenministerin-unterstuetzt-amurtiger\/","url":"https:\/\/now-news.de\/de\/deutschland\/karin-kneissl-investiert-in-tierschutz-oesterreichs-ex-aussenministerin-unterstuetzt-amurtiger\/","name":"Karin Kneissl investiert in Tierschutz: \u00d6sterreichs Ex-Au\u00dfenministerin unterst\u00fctzt Amurtiger - just-now.NEWS Deutschland","isPartOf":{"@id":"https:\/\/now-news.de\/de\/#website"},"primaryImageOfPage":{"@id":"https:\/\/now-news.de\/de\/deutschland\/karin-kneissl-investiert-in-tierschutz-oesterreichs-ex-aussenministerin-unterstuetzt-amurtiger\/#primaryimage"},"image":{"@id":"https:\/\/now-news.de\/de\/deutschland\/karin-kneissl-investiert-in-tierschutz-oesterreichs-ex-aussenministerin-unterstuetzt-amurtiger\/#primaryimage"},"thumbnailUrl":"https:\/\/now-news.de\/de\/wp-content\/uploads\/sites\/3\/2023\/04\/Karin-Kneissl-investiert-in-Tierschutz-Oesterreichs-Ex-Aussenministerin-unterstuetzt-Amurtiger.jpg","datePublished":"2023-04-29T20:42:22+00:00","dateModified":"2023-04-29T20:42:22+00:00","breadcrumb":{"@id":"https:\/\/now-news.de\/de\/deutschland\/karin-kneissl-investiert-in-tierschutz-oesterreichs-ex-aussenministerin-unterstuetzt-amurtiger\/#breadcrumb"},"inLanguage":"de","potentialAction":[{"@type":"ReadAction","target":["https:\/\/now-news.de\/de\/deutschland\/karin-kneissl-investiert-in-tierschutz-oesterreichs-ex-aussenministerin-unterstuetzt-amurtiger\/"]}]},{"@type":"ImageObject","inLanguage":"de","@id":"https:\/\/now-news.de\/de\/deutschland\/karin-kneissl-investiert-in-tierschutz-oesterreichs-ex-aussenministerin-unterstuetzt-amurtiger\/#primaryimage","url":"https:\/\/now-news.de\/de\/wp-content\/uploads\/sites\/3\/2023\/04\/Karin-Kneissl-investiert-in-Tierschutz-Oesterreichs-Ex-Aussenministerin-unterstuetzt-Amurtiger.jpg","contentUrl":"https:\/\/now-news.de\/de\/wp-content\/uploads\/sites\/3\/2023\/04\/Karin-Kneissl-investiert-in-Tierschutz-Oesterreichs-Ex-Aussenministerin-unterstuetzt-Amurtiger.jpg","width":460,"height":259,"caption":"Karin Kneissl investiert in Tierschutz: \u00d6sterreichs Ex-Au\u00dfenministerin unterst\u00fctzt Amurtiger"},{"@type":"BreadcrumbList","@id":"https:\/\/now-news.de\/de\/deutschland\/karin-kneissl-investiert-in-tierschutz-oesterreichs-ex-aussenministerin-unterstuetzt-amurtiger\/#breadcrumb","itemListElement":[{"@type":"ListItem","position":1,"name":"Home","item":"https:\/\/now-news.de\/de\/"},{"@type":"ListItem","position":2,"name":"Karin Kneissl investiert in Tierschutz: \u00d6sterreichs Ex-Au\u00dfenministerin unterst\u00fctzt Amurtiger"}]},{"@type":"WebSite","@id":"https:\/\/now-news.de\/de\/#website","url":"https:\/\/now-news.de\/de\/","name":"just-now.NEWS Deutschland","description":"Das Portal f\u00fcr unzensierte Nachrichten aus der Welt","publisher":{"@id":"https:\/\/now-news.de\/de\/#organization"},"potentialAction":[{"@type":"SearchAction","target":{"@type":"EntryPoint","urlTemplate":"https:\/\/now-news.de\/de\/?s={search_term_string}"},"query-input":"required name=search_term_string"}],"inLanguage":"de"},{"@type":"Organization","@id":"https:\/\/now-news.de\/de\/#organization","name":"Just Now News","url":"https:\/\/now-news.de\/de\/","logo":{"@type":"ImageObject","inLanguage":"de","@id":"https:\/\/now-news.de\/de\/#\/schema\/logo\/image\/","url":"http:\/\/just-now.news\/de\/wp-content\/uploads\/sites\/3\/2022\/04\/logo500x500.jpg","contentUrl":"http:\/\/just-now.news\/de\/wp-content\/uploads\/sites\/3\/2022\/04\/logo500x500.jpg","width":500,"height":500,"caption":"Just Now News"},"image":{"@id":"https:\/\/now-news.de\/de\/#\/schema\/logo\/image\/"},"sameAs":["https:\/\/www.facebook.com\/wirmachenauf","https:\/\/x.com\/WirMachenAuf_de"]},{"@type":"Person","@id":"https:\/\/now-news.de\/de\/#\/schema\/person\/fb534a4e865501d8b3285208df34a9b5","name":"rtnews","image":{"@type":"ImageObject","inLanguage":"de","@id":"https:\/\/now-news.de\/de\/#\/schema\/person\/image\/","url":"https:\/\/secure.gravatar.com\/avatar\/82aafea7d8127119dd649515f56e2117?s=96&d=mm&r=g","contentUrl":"https:\/\/secure.gravatar.com\/avatar\/82aafea7d8127119dd649515f56e2117?s=96&d=mm&r=g","caption":"rtnews"},"url":"https:\/\/now-news.de\/de\/author\/rnews\/"}]}},"_links":{"self":[{"href":"https:\/\/now-news.de\/de\/wp-json\/wp\/v2\/posts\/35062"}],"collection":[{"href":"https:\/\/now-news.de\/de\/wp-json\/wp\/v2\/posts"}],"about":[{"href":"https:\/\/now-news.de\/de\/wp-json\/wp\/v2\/types\/post"}],"author":[{"embeddable":true,"href":"https:\/\/now-news.de\/de\/wp-json\/wp\/v2\/users\/3"}],"replies":[{"embeddable":true,"href":"https:\/\/now-news.de\/de\/wp-json\/wp\/v2\/comments?post=35062"}],"version-history":[{"count":0,"href":"https:\/\/now-news.de\/de\/wp-json\/wp\/v2\/posts\/35062\/revisions"}],"wp:featuredmedia":[{"embeddable":true,"href":"https:\/\/now-news.de\/de\/wp-json\/wp\/v2\/media\/35063"}],"wp:attachment":[{"href":"https:\/\/now-news.de\/de\/wp-json\/wp\/v2\/media?parent=35062"}],"wp:term":[{"taxonomy":"category","embeddable":true,"href":"https:\/\/now-news.de\/de\/wp-json\/wp\/v2\/categories?post=35062"},{"taxonomy":"post_tag","embeddable":true,"href":"https:\/\/now-news.de\/de\/wp-json\/wp\/v2\/tags?post=35062"}],"curies":[{"name":"wp","href":"https:\/\/api.w.org\/{rel}","templated":true}]}}