{"id":35028,"date":"2023-04-29T11:00:59","date_gmt":"2023-04-29T09:00:59","guid":{"rendered":"https:\/\/just-now.news\/de\/deutschland\/beschuss-auf-donezk-zahl-der-todesopfer-steigt-auf-neun\/"},"modified":"2023-04-29T11:00:59","modified_gmt":"2023-04-29T09:00:59","slug":"beschuss-auf-donezk-zahl-der-todesopfer-steigt-auf-neun","status":"publish","type":"post","link":"https:\/\/now-news.de\/de\/deutschland\/beschuss-auf-donezk-zahl-der-todesopfer-steigt-auf-neun\/","title":{"rendered":"Beschuss auf Donezk: Zahl der Todesopfer steigt auf neun"},"content":{"rendered":"<p><img decoding=\"async\" src=\"http:\/\/just-now.news\/de\/wp-content\/uploads\/sites\/3\/2023\/04\/644cceb1b480cc43067f0731.jpg\" \/><\/p>\n<div class=\"Text-root Text-type_1 \">\n                T\u00e4glich melden die Beh\u00f6rden der Volksrepublik Donezk ukrainische Angriffe auf die Regionalhauptstadt. Am Freitag sind bei einem besonders folgenschweren Beschuss neun Zivilisten in Donezk ums Leben gekommen. Die UNO ermahnt: Zivilisten d\u00fcrfen keine Zielscheiben sein.\n            <\/div>\n<p><\/p>\n<div class=\"Text-root Text-type_5 ArticleView-text ViewText-root \">\n<p>Die Zahl der Todesopfer nach einem ukrainischen Angriff auf Donezk ist auf neun gestiegen. Nach Angaben der \u00f6rtlichen Beh\u00f6rden handelt es sich bei ihnen um zivile Einwohner: sechs Frauen und zwei M\u00e4nner. Unter den Todesopfern ist auch ein achtj\u00e4hriges M\u00e4dchen.<\/p>\n<p>Nach Angaben der \u00f6rtlichen Beh\u00f6rden wurde die Hauptstadt der Volksrepublik Donezk im Laufe des Tages mehrmals mit Mehrfachraketenwerfern beschossen. Besonders schwere Folgen gab es im Kiewski-Bezirk. Ukrainische Geschosse schlugen in der N\u00e4he des Einkaufszentrums Donezk-City und im Olympia-Stadion ein. Besch\u00e4digt wurde au\u00dferdem ein Zentrum f\u00fcr Unfallchirurgie. Auf seinem Gel\u00e4nde gab es zehn Treffer.<\/p>\n<p>Ein Geschoss traf dabei einen Linienbus. Zun\u00e4chst war von sieben Todesopfern die Rede. Dann stieg ihre Zahl auf neun. Mindestens 17 weitere Menschen erlitten Verletzungen.<\/p>\n<p>Auch andere Bezirke der Stadt gerieten unter Beschuss. So wurde im Woroschilowski-Bezirk durch einen ukrainischen Angriff ein Wohnhaus zerst\u00f6rt. Insgesamt z\u00e4hlten die Beh\u00f6rden von Donezk im Zeitraum von 00:00 Uhr am 28. April bis 00:00 Uhr am 29. April 47 ukrainische Angriffe auf das Territorium der Volksrepublik. Dabei setzte die ukrainische Armee Mehrfachraketenwerfer und Geschosse im Kaliber 155, 152 und 122 Millimeter ein. Es wurden mindestens 259 Geschosse abgefeuert. In Donezk und Gorlowka kamen durch die ukrainischen Angriffe am Freitag insgesamt 31 Wohnh\u00e4user und zw\u00f6lf zivile Infrastrukturobjekte zu Schaden.<\/p>\n<p>Der Sprecher des UN-Generalsekret\u00e4rs, St\u00e9phane Dujarric,\u00a0<a rel=\"nofollow noopener\" target=\"_blank\" href=\"https:\/\/media.un.org\/en\/asset\/k14\/k14m2hmpjy\">ging<\/a> bei einem Briefing am Freitag auf den folgenschweren ukrainischen Beschuss auf Donezk ein. Er rief die Konfliktparteien eindringlich dazu auf, weder zivile Infrastrukturobjekte noch Zivilisten anzuvisieren. Sie sollten nach dem humanit\u00e4ren V\u00f6lkerrecht gesch\u00fctzt werden und keinen Angriffen ausgesetzt sein.<\/p>\n<p>In der Nacht zum Samstag berichteten die Beh\u00f6rden von Donezk \u00fcber andauernde Angriffe auf das Territorium der Volksrepublik. Am Morgen geriet au\u00dferdem der Petrowski-Bezirk von Donezk unter Beschuss. Einzelheiten \u00fcber m\u00f6gliche Opfer und Sch\u00e4den lagen zun\u00e4chst nicht vor.<\/p>\n<p><strong>Mehr zum Thema<\/strong> &#8211;\u00a0<a rel=\"nofollow noopener\" target=\"_blank\" href=\"https:\/\/de.rt.com\/international\/168816-putin-russland-wird-seine-ziele\/\">Putin: &#8220;Russland wird seine Ziele konsequent verfolgen&#8221;<\/a><\/p>\n<\/p>\n<\/div>\n<p><br \/>\n<br \/><a href=\"https:\/\/de.rt.com\/russland\/168844-beschuss-auf-donezk-zahl-todesopfer-steigt-auf-neun\/\">Source link <\/a><\/p>\n","protected":false},"excerpt":{"rendered":"<p>T\u00e4glich melden die Beh\u00f6rden der Volksrepublik Donezk ukrainische Angriffe auf die Regionalhauptstadt. Am Freitag sind bei einem besonders folgenschweren Beschuss neun Zivilisten in Donezk ums Leben gekommen. Die UNO ermahnt: Zivilisten d\u00fcrfen keine Zielscheiben sein. Die Zahl der Todesopfer nach einem ukrainischen Angriff auf Donezk ist auf neun gestiegen. Nach Angaben der \u00f6rtlichen Beh\u00f6rden handelt [&hellip;]<\/p>\n","protected":false},"author":3,"featured_media":35029,"comment_status":"open","ping_status":"open","sticky":false,"template":"","format":"standard","meta":{"_yoast_indexnow_last_ping":["1682758915"],"wp_automatic_camp":["217"],"e36abad3f2fee2213afbf7afd7fb80c9":["Beschuss auf Donezk: Zahl der Todesopfer steigt auf neun"],"original_link":["https:\/\/de.rt.com\/russland\/168844-beschuss-auf-donezk-zahl-todesopfer-steigt-auf-neun\/"],"_thumbnail_id":["35029"],"jnews_social_counter_last_update":["1777024104"],"_wptgpro_p2tg_sent2tg":["a:1:{i:23737;s:19:\"2023-04-29 11:02:56\";}"]},"categories":[19,23],"tags":[133,1815,82,19050,12261,13726,6224,16017],"yoast_head":"<!-- This site is optimized with the Yoast SEO Premium plugin v22.7 (Yoast SEO v22.7) - https:\/\/yoast.com\/wordpress\/plugins\/seo\/ -->\n<title>Beschuss auf Donezk: Zahl der Todesopfer steigt auf neun - just-now.NEWS Deutschland<\/title>\n<meta name=\"robots\" content=\"index, follow, max-snippet:-1, max-image-preview:large, max-video-preview:-1\" \/>\n<link rel=\"canonical\" href=\"https:\/\/now-news.de\/de\/deutschland\/beschuss-auf-donezk-zahl-der-todesopfer-steigt-auf-neun\/\" \/>\n<meta property=\"og:locale\" content=\"de_DE\" \/>\n<meta property=\"og:type\" content=\"article\" \/>\n<meta property=\"og:title\" content=\"Beschuss auf Donezk: Zahl der Todesopfer steigt auf neun\" \/>\n<meta property=\"og:description\" content=\"T\u00e4glich melden die Beh\u00f6rden der Volksrepublik Donezk ukrainische Angriffe auf die Regionalhauptstadt. Am Freitag sind bei einem besonders folgenschweren Beschuss neun Zivilisten in Donezk ums Leben gekommen. Die UNO ermahnt: Zivilisten d\u00fcrfen keine Zielscheiben sein. Die Zahl der Todesopfer nach einem ukrainischen Angriff auf Donezk ist auf neun gestiegen. Nach Angaben der \u00f6rtlichen Beh\u00f6rden handelt [&hellip;]\" \/>\n<meta property=\"og:url\" content=\"https:\/\/now-news.de\/de\/deutschland\/beschuss-auf-donezk-zahl-der-todesopfer-steigt-auf-neun\/\" \/>\n<meta property=\"og:site_name\" content=\"just-now.NEWS Deutschland\" \/>\n<meta property=\"article:publisher\" content=\"https:\/\/www.facebook.com\/wirmachenauf\" \/>\n<meta property=\"article:published_time\" content=\"2023-04-29T09:00:59+00:00\" \/>\n<meta property=\"og:image\" content=\"https:\/\/now-news.de\/de\/wp-content\/uploads\/sites\/3\/2023\/04\/Beschuss-auf-Donezk-Zahl-der-Todesopfer-steigt-auf-neun.jpg\" \/>\n\t<meta property=\"og:image:width\" content=\"460\" \/>\n\t<meta property=\"og:image:height\" content=\"259\" \/>\n\t<meta property=\"og:image:type\" content=\"image\/jpeg\" \/>\n<meta name=\"author\" content=\"rtnews\" \/>\n<meta name=\"twitter:card\" content=\"summary_large_image\" \/>\n<meta name=\"twitter:creator\" content=\"@WirMachenAuf_de\" \/>\n<meta name=\"twitter:site\" content=\"@WirMachenAuf_de\" \/>\n<meta name=\"twitter:label1\" content=\"Verfasst von\" \/>\n\t<meta name=\"twitter:data1\" content=\"rtnews\" \/>\n\t<meta name=\"twitter:label2\" content=\"Gesch\u00e4tzte Lesezeit\" \/>\n\t<meta name=\"twitter:data2\" content=\"2\u00a0Minuten\" \/>\n<script type=\"application\/ld+json\" class=\"yoast-schema-graph\">{\"@context\":\"https:\/\/schema.org\",\"@graph\":[{\"@type\":\"Article\",\"@id\":\"https:\/\/now-news.de\/de\/deutschland\/beschuss-auf-donezk-zahl-der-todesopfer-steigt-auf-neun\/#article\",\"isPartOf\":{\"@id\":\"https:\/\/now-news.de\/de\/deutschland\/beschuss-auf-donezk-zahl-der-todesopfer-steigt-auf-neun\/\"},\"author\":{\"name\":\"rtnews\",\"@id\":\"https:\/\/now-news.de\/de\/#\/schema\/person\/fb534a4e865501d8b3285208df34a9b5\"},\"headline\":\"Beschuss auf Donezk: Zahl der Todesopfer steigt auf neun\",\"datePublished\":\"2023-04-29T09:00:59+00:00\",\"dateModified\":\"2023-04-29T09:00:59+00:00\",\"mainEntityOfPage\":{\"@id\":\"https:\/\/now-news.de\/de\/deutschland\/beschuss-auf-donezk-zahl-der-todesopfer-steigt-auf-neun\/\"},\"wordCount\":367,\"commentCount\":0,\"publisher\":{\"@id\":\"https:\/\/now-news.de\/de\/#organization\"},\"image\":{\"@id\":\"https:\/\/now-news.de\/de\/deutschland\/beschuss-auf-donezk-zahl-der-todesopfer-steigt-auf-neun\/#primaryimage\"},\"thumbnailUrl\":\"https:\/\/now-news.de\/de\/wp-content\/uploads\/sites\/3\/2023\/04\/Beschuss-auf-Donezk-Zahl-der-Todesopfer-steigt-auf-neun.jpg\",\"keywords\":[\"AUF\",\"Beschuss\",\"der\",\"Donezk\",\"neun\",\"steigt\",\"Todesopfer\",\"Zahl\"],\"articleSection\":[\"Deutschland\",\"Russland\"],\"inLanguage\":\"de\",\"potentialAction\":[{\"@type\":\"CommentAction\",\"name\":\"Comment\",\"target\":[\"https:\/\/now-news.de\/de\/deutschland\/beschuss-auf-donezk-zahl-der-todesopfer-steigt-auf-neun\/#respond\"]}]},{\"@type\":\"WebPage\",\"@id\":\"https:\/\/now-news.de\/de\/deutschland\/beschuss-auf-donezk-zahl-der-todesopfer-steigt-auf-neun\/\",\"url\":\"https:\/\/now-news.de\/de\/deutschland\/beschuss-auf-donezk-zahl-der-todesopfer-steigt-auf-neun\/\",\"name\":\"Beschuss auf Donezk: Zahl der Todesopfer steigt auf neun - just-now.NEWS Deutschland\",\"isPartOf\":{\"@id\":\"https:\/\/now-news.de\/de\/#website\"},\"primaryImageOfPage\":{\"@id\":\"https:\/\/now-news.de\/de\/deutschland\/beschuss-auf-donezk-zahl-der-todesopfer-steigt-auf-neun\/#primaryimage\"},\"image\":{\"@id\":\"https:\/\/now-news.de\/de\/deutschland\/beschuss-auf-donezk-zahl-der-todesopfer-steigt-auf-neun\/#primaryimage\"},\"thumbnailUrl\":\"https:\/\/now-news.de\/de\/wp-content\/uploads\/sites\/3\/2023\/04\/Beschuss-auf-Donezk-Zahl-der-Todesopfer-steigt-auf-neun.jpg\",\"datePublished\":\"2023-04-29T09:00:59+00:00\",\"dateModified\":\"2023-04-29T09:00:59+00:00\",\"breadcrumb\":{\"@id\":\"https:\/\/now-news.de\/de\/deutschland\/beschuss-auf-donezk-zahl-der-todesopfer-steigt-auf-neun\/#breadcrumb\"},\"inLanguage\":\"de\",\"potentialAction\":[{\"@type\":\"ReadAction\",\"target\":[\"https:\/\/now-news.de\/de\/deutschland\/beschuss-auf-donezk-zahl-der-todesopfer-steigt-auf-neun\/\"]}]},{\"@type\":\"ImageObject\",\"inLanguage\":\"de\",\"@id\":\"https:\/\/now-news.de\/de\/deutschland\/beschuss-auf-donezk-zahl-der-todesopfer-steigt-auf-neun\/#primaryimage\",\"url\":\"https:\/\/now-news.de\/de\/wp-content\/uploads\/sites\/3\/2023\/04\/Beschuss-auf-Donezk-Zahl-der-Todesopfer-steigt-auf-neun.jpg\",\"contentUrl\":\"https:\/\/now-news.de\/de\/wp-content\/uploads\/sites\/3\/2023\/04\/Beschuss-auf-Donezk-Zahl-der-Todesopfer-steigt-auf-neun.jpg\",\"width\":460,\"height\":259,\"caption\":\"Beschuss auf Donezk: Zahl der Todesopfer steigt auf neun\"},{\"@type\":\"BreadcrumbList\",\"@id\":\"https:\/\/now-news.de\/de\/deutschland\/beschuss-auf-donezk-zahl-der-todesopfer-steigt-auf-neun\/#breadcrumb\",\"itemListElement\":[{\"@type\":\"ListItem\",\"position\":1,\"name\":\"Home\",\"item\":\"https:\/\/now-news.de\/de\/\"},{\"@type\":\"ListItem\",\"position\":2,\"name\":\"Beschuss auf Donezk: Zahl der Todesopfer steigt auf neun\"}]},{\"@type\":\"WebSite\",\"@id\":\"https:\/\/now-news.de\/de\/#website\",\"url\":\"https:\/\/now-news.de\/de\/\",\"name\":\"just-now.NEWS Deutschland\",\"description\":\"Das Portal f\u00fcr unzensierte Nachrichten aus der Welt\",\"publisher\":{\"@id\":\"https:\/\/now-news.de\/de\/#organization\"},\"potentialAction\":[{\"@type\":\"SearchAction\",\"target\":{\"@type\":\"EntryPoint\",\"urlTemplate\":\"https:\/\/now-news.de\/de\/?s={search_term_string}\"},\"query-input\":\"required name=search_term_string\"}],\"inLanguage\":\"de\"},{\"@type\":\"Organization\",\"@id\":\"https:\/\/now-news.de\/de\/#organization\",\"name\":\"Just Now News\",\"url\":\"https:\/\/now-news.de\/de\/\",\"logo\":{\"@type\":\"ImageObject\",\"inLanguage\":\"de\",\"@id\":\"https:\/\/now-news.de\/de\/#\/schema\/logo\/image\/\",\"url\":\"http:\/\/just-now.news\/de\/wp-content\/uploads\/sites\/3\/2022\/04\/logo500x500.jpg\",\"contentUrl\":\"http:\/\/just-now.news\/de\/wp-content\/uploads\/sites\/3\/2022\/04\/logo500x500.jpg\",\"width\":500,\"height\":500,\"caption\":\"Just Now News\"},\"image\":{\"@id\":\"https:\/\/now-news.de\/de\/#\/schema\/logo\/image\/\"},\"sameAs\":[\"https:\/\/www.facebook.com\/wirmachenauf\",\"https:\/\/x.com\/WirMachenAuf_de\"]},{\"@type\":\"Person\",\"@id\":\"https:\/\/now-news.de\/de\/#\/schema\/person\/fb534a4e865501d8b3285208df34a9b5\",\"name\":\"rtnews\",\"image\":{\"@type\":\"ImageObject\",\"inLanguage\":\"de\",\"@id\":\"https:\/\/now-news.de\/de\/#\/schema\/person\/image\/\",\"url\":\"https:\/\/secure.gravatar.com\/avatar\/82aafea7d8127119dd649515f56e2117?s=96&d=mm&r=g\",\"contentUrl\":\"https:\/\/secure.gravatar.com\/avatar\/82aafea7d8127119dd649515f56e2117?s=96&d=mm&r=g\",\"caption\":\"rtnews\"},\"url\":\"https:\/\/now-news.de\/de\/author\/rnews\/\"}]}<\/script>\n<!-- \/ Yoast SEO Premium plugin. -->","yoast_head_json":{"title":"Beschuss auf Donezk: Zahl der Todesopfer steigt auf neun - just-now.NEWS Deutschland","robots":{"index":"index","follow":"follow","max-snippet":"max-snippet:-1","max-image-preview":"max-image-preview:large","max-video-preview":"max-video-preview:-1"},"canonical":"https:\/\/now-news.de\/de\/deutschland\/beschuss-auf-donezk-zahl-der-todesopfer-steigt-auf-neun\/","og_locale":"de_DE","og_type":"article","og_title":"Beschuss auf Donezk: Zahl der Todesopfer steigt auf neun","og_description":"T\u00e4glich melden die Beh\u00f6rden der Volksrepublik Donezk ukrainische Angriffe auf die Regionalhauptstadt. Am Freitag sind bei einem besonders folgenschweren Beschuss neun Zivilisten in Donezk ums Leben gekommen. Die UNO ermahnt: Zivilisten d\u00fcrfen keine Zielscheiben sein. Die Zahl der Todesopfer nach einem ukrainischen Angriff auf Donezk ist auf neun gestiegen. Nach Angaben der \u00f6rtlichen Beh\u00f6rden handelt [&hellip;]","og_url":"https:\/\/now-news.de\/de\/deutschland\/beschuss-auf-donezk-zahl-der-todesopfer-steigt-auf-neun\/","og_site_name":"just-now.NEWS Deutschland","article_publisher":"https:\/\/www.facebook.com\/wirmachenauf","article_published_time":"2023-04-29T09:00:59+00:00","og_image":[{"width":460,"height":259,"url":"https:\/\/now-news.de\/de\/wp-content\/uploads\/sites\/3\/2023\/04\/Beschuss-auf-Donezk-Zahl-der-Todesopfer-steigt-auf-neun.jpg","type":"image\/jpeg"}],"author":"rtnews","twitter_card":"summary_large_image","twitter_creator":"@WirMachenAuf_de","twitter_site":"@WirMachenAuf_de","twitter_misc":{"Verfasst von":"rtnews","Gesch\u00e4tzte Lesezeit":"2\u00a0Minuten"},"schema":{"@context":"https:\/\/schema.org","@graph":[{"@type":"Article","@id":"https:\/\/now-news.de\/de\/deutschland\/beschuss-auf-donezk-zahl-der-todesopfer-steigt-auf-neun\/#article","isPartOf":{"@id":"https:\/\/now-news.de\/de\/deutschland\/beschuss-auf-donezk-zahl-der-todesopfer-steigt-auf-neun\/"},"author":{"name":"rtnews","@id":"https:\/\/now-news.de\/de\/#\/schema\/person\/fb534a4e865501d8b3285208df34a9b5"},"headline":"Beschuss auf Donezk: Zahl der Todesopfer steigt auf neun","datePublished":"2023-04-29T09:00:59+00:00","dateModified":"2023-04-29T09:00:59+00:00","mainEntityOfPage":{"@id":"https:\/\/now-news.de\/de\/deutschland\/beschuss-auf-donezk-zahl-der-todesopfer-steigt-auf-neun\/"},"wordCount":367,"commentCount":0,"publisher":{"@id":"https:\/\/now-news.de\/de\/#organization"},"image":{"@id":"https:\/\/now-news.de\/de\/deutschland\/beschuss-auf-donezk-zahl-der-todesopfer-steigt-auf-neun\/#primaryimage"},"thumbnailUrl":"https:\/\/now-news.de\/de\/wp-content\/uploads\/sites\/3\/2023\/04\/Beschuss-auf-Donezk-Zahl-der-Todesopfer-steigt-auf-neun.jpg","keywords":["AUF","Beschuss","der","Donezk","neun","steigt","Todesopfer","Zahl"],"articleSection":["Deutschland","Russland"],"inLanguage":"de","potentialAction":[{"@type":"CommentAction","name":"Comment","target":["https:\/\/now-news.de\/de\/deutschland\/beschuss-auf-donezk-zahl-der-todesopfer-steigt-auf-neun\/#respond"]}]},{"@type":"WebPage","@id":"https:\/\/now-news.de\/de\/deutschland\/beschuss-auf-donezk-zahl-der-todesopfer-steigt-auf-neun\/","url":"https:\/\/now-news.de\/de\/deutschland\/beschuss-auf-donezk-zahl-der-todesopfer-steigt-auf-neun\/","name":"Beschuss auf Donezk: Zahl der Todesopfer steigt auf neun - just-now.NEWS Deutschland","isPartOf":{"@id":"https:\/\/now-news.de\/de\/#website"},"primaryImageOfPage":{"@id":"https:\/\/now-news.de\/de\/deutschland\/beschuss-auf-donezk-zahl-der-todesopfer-steigt-auf-neun\/#primaryimage"},"image":{"@id":"https:\/\/now-news.de\/de\/deutschland\/beschuss-auf-donezk-zahl-der-todesopfer-steigt-auf-neun\/#primaryimage"},"thumbnailUrl":"https:\/\/now-news.de\/de\/wp-content\/uploads\/sites\/3\/2023\/04\/Beschuss-auf-Donezk-Zahl-der-Todesopfer-steigt-auf-neun.jpg","datePublished":"2023-04-29T09:00:59+00:00","dateModified":"2023-04-29T09:00:59+00:00","breadcrumb":{"@id":"https:\/\/now-news.de\/de\/deutschland\/beschuss-auf-donezk-zahl-der-todesopfer-steigt-auf-neun\/#breadcrumb"},"inLanguage":"de","potentialAction":[{"@type":"ReadAction","target":["https:\/\/now-news.de\/de\/deutschland\/beschuss-auf-donezk-zahl-der-todesopfer-steigt-auf-neun\/"]}]},{"@type":"ImageObject","inLanguage":"de","@id":"https:\/\/now-news.de\/de\/deutschland\/beschuss-auf-donezk-zahl-der-todesopfer-steigt-auf-neun\/#primaryimage","url":"https:\/\/now-news.de\/de\/wp-content\/uploads\/sites\/3\/2023\/04\/Beschuss-auf-Donezk-Zahl-der-Todesopfer-steigt-auf-neun.jpg","contentUrl":"https:\/\/now-news.de\/de\/wp-content\/uploads\/sites\/3\/2023\/04\/Beschuss-auf-Donezk-Zahl-der-Todesopfer-steigt-auf-neun.jpg","width":460,"height":259,"caption":"Beschuss auf Donezk: Zahl der Todesopfer steigt auf neun"},{"@type":"BreadcrumbList","@id":"https:\/\/now-news.de\/de\/deutschland\/beschuss-auf-donezk-zahl-der-todesopfer-steigt-auf-neun\/#breadcrumb","itemListElement":[{"@type":"ListItem","position":1,"name":"Home","item":"https:\/\/now-news.de\/de\/"},{"@type":"ListItem","position":2,"name":"Beschuss auf Donezk: Zahl der Todesopfer steigt auf neun"}]},{"@type":"WebSite","@id":"https:\/\/now-news.de\/de\/#website","url":"https:\/\/now-news.de\/de\/","name":"just-now.NEWS Deutschland","description":"Das Portal f\u00fcr unzensierte Nachrichten aus der Welt","publisher":{"@id":"https:\/\/now-news.de\/de\/#organization"},"potentialAction":[{"@type":"SearchAction","target":{"@type":"EntryPoint","urlTemplate":"https:\/\/now-news.de\/de\/?s={search_term_string}"},"query-input":"required name=search_term_string"}],"inLanguage":"de"},{"@type":"Organization","@id":"https:\/\/now-news.de\/de\/#organization","name":"Just Now News","url":"https:\/\/now-news.de\/de\/","logo":{"@type":"ImageObject","inLanguage":"de","@id":"https:\/\/now-news.de\/de\/#\/schema\/logo\/image\/","url":"http:\/\/just-now.news\/de\/wp-content\/uploads\/sites\/3\/2022\/04\/logo500x500.jpg","contentUrl":"http:\/\/just-now.news\/de\/wp-content\/uploads\/sites\/3\/2022\/04\/logo500x500.jpg","width":500,"height":500,"caption":"Just Now News"},"image":{"@id":"https:\/\/now-news.de\/de\/#\/schema\/logo\/image\/"},"sameAs":["https:\/\/www.facebook.com\/wirmachenauf","https:\/\/x.com\/WirMachenAuf_de"]},{"@type":"Person","@id":"https:\/\/now-news.de\/de\/#\/schema\/person\/fb534a4e865501d8b3285208df34a9b5","name":"rtnews","image":{"@type":"ImageObject","inLanguage":"de","@id":"https:\/\/now-news.de\/de\/#\/schema\/person\/image\/","url":"https:\/\/secure.gravatar.com\/avatar\/82aafea7d8127119dd649515f56e2117?s=96&d=mm&r=g","contentUrl":"https:\/\/secure.gravatar.com\/avatar\/82aafea7d8127119dd649515f56e2117?s=96&d=mm&r=g","caption":"rtnews"},"url":"https:\/\/now-news.de\/de\/author\/rnews\/"}]}},"_links":{"self":[{"href":"https:\/\/now-news.de\/de\/wp-json\/wp\/v2\/posts\/35028"}],"collection":[{"href":"https:\/\/now-news.de\/de\/wp-json\/wp\/v2\/posts"}],"about":[{"href":"https:\/\/now-news.de\/de\/wp-json\/wp\/v2\/types\/post"}],"author":[{"embeddable":true,"href":"https:\/\/now-news.de\/de\/wp-json\/wp\/v2\/users\/3"}],"replies":[{"embeddable":true,"href":"https:\/\/now-news.de\/de\/wp-json\/wp\/v2\/comments?post=35028"}],"version-history":[{"count":0,"href":"https:\/\/now-news.de\/de\/wp-json\/wp\/v2\/posts\/35028\/revisions"}],"wp:featuredmedia":[{"embeddable":true,"href":"https:\/\/now-news.de\/de\/wp-json\/wp\/v2\/media\/35029"}],"wp:attachment":[{"href":"https:\/\/now-news.de\/de\/wp-json\/wp\/v2\/media?parent=35028"}],"wp:term":[{"taxonomy":"category","embeddable":true,"href":"https:\/\/now-news.de\/de\/wp-json\/wp\/v2\/categories?post=35028"},{"taxonomy":"post_tag","embeddable":true,"href":"https:\/\/now-news.de\/de\/wp-json\/wp\/v2\/tags?post=35028"}],"curies":[{"name":"wp","href":"https:\/\/api.w.org\/{rel}","templated":true}]}}