{"id":34991,"date":"2023-04-28T19:54:41","date_gmt":"2023-04-28T17:54:41","guid":{"rendered":"http:\/\/just-now.news\/de\/deutschland\/nach-wegners-wahl-zum-buergermeister-ramelow-kritisiert-mutmassliche-afd-stimmen\/"},"modified":"2023-04-28T19:54:41","modified_gmt":"2023-04-28T17:54:41","slug":"nach-wegners-wahl-zum-buergermeister-ramelow-kritisiert-mutmassliche-afd-stimmen","status":"publish","type":"post","link":"https:\/\/now-news.de\/de\/deutschland\/nach-wegners-wahl-zum-buergermeister-ramelow-kritisiert-mutmassliche-afd-stimmen\/","title":{"rendered":"Nach Wegners Wahl zum B\u00fcrgermeister: Ramelow kritisiert mutma\u00dfliche AfD-Stimmen"},"content":{"rendered":"<p><img decoding=\"async\" src=\"http:\/\/just-now.news\/de\/wp-content\/uploads\/sites\/3\/2023\/04\/644bfaa248fbef30d67276ea.jpg\" \/><\/p>\n<div class=\"Text-root Text-type_1 \">\n                Nach der Wahl Kai Wegners zum Regierenden B\u00fcrgermeister Berlins behauptete die AfD, f\u00fcr Wegner gestimmt zu haben. Th\u00fcringens Ministerpr\u00e4sident Bodo Ramelow sowie Vertreter der Gr\u00fcnen kritisieren dies erwartungsgem\u00e4\u00df.\n            <\/div>\n<p><\/p>\n<div class=\"Text-root Text-type_5 ArticleView-text ViewText-root \">\n<p>Nachdem der Berliner CDU-Landeschef Kai Wegner gestern erst im dritten Wahlgang zum Regierenden B\u00fcrgermeister von Berlin gew\u00e4hlt wurde, dreht sich die Debatte nun darum, ob seine Wahl mit Stimmen der AfD zustande kam. Kritik kam unter anderem von Th\u00fcringens Ministerpr\u00e4sident Bodo Ramelow (Die Linke). Gegen\u00fcber dem <em>RedaktionsNetzwerk Deutschland <\/em>monierte er:<\/p>\n<blockquote>\n<p><em>&#8220;Ich sehe hier viele Parallelen zu Th\u00fcringen. Denn die AfD nutzt den Parlamentarismus, um ihn ver\u00e4chtlich zu machen.&#8221;<\/em><\/p>\n<\/blockquote>\n<p>Der &#8220;schleichende Zersetzungsprozess nehme zu&#8221;, so Ramelow. Im Februar 2020 war der FDP-Politiker Thomas Kemmerich mit Stimmen aus der CDU und der AfD \u00fcberraschend zum Ministerpr\u00e4sidenten Th\u00fcringens gew\u00e4hlt worden. Die ehemalige Bundeskanzlerin Angela Merkel (CDU) bezeichnete die Wahl damals als &#8220;unverzeihlich&#8221; und erkl\u00e4rte, die Wahl m\u00fcsse r\u00fcckg\u00e4ngig gemacht werden. Wenige Wochen sp\u00e4ter wurde Ramelow nach dem R\u00fccktritt Kemmerichs doch noch Regierungschef.<\/p>\n<p>Grund f\u00fcr Ramelows Kritik an der Wahl Wegners zum Regierenden B\u00fcrgermeister ist jedoch der gestrige &#8220;Wahlkrimi&#8221;: Erst im dritten Wahlgang erhielt Wegner 86 Ja-Stimmen, au\u00dferdem gab es 70 Nein-Stimmen und drei Enthaltungen. Damit kam Wegner im dritten Wahlgang auf die absolute Mehrheit der Stimmen, obwohl bereits eine einfache Mehrheit ausgereicht h\u00e4tte. In den beiden vorherigen Wahlg\u00e4ngen, in denen eine absolute Mehrheit notwendig gewesen w\u00e4re, scheiterte er mit 71 beziehungsweise 78 Stimmen.<\/p>\n<p>Die Berliner AfD behauptete nach der Wahl in einer Pressemitteilung, dass sie f\u00fcr Wegner gestimmt h\u00e4tten. Bereits vor Bekanntgabe der Ergebnisse des dritten Wahlgangs hatte die Partei mitgeteilt, dass sie zuvor beschlossen habe, Wegner aus &#8220;gesamtst\u00e4dtischer Verantwortung&#8221; zur &#8220;erforderlichen Mehrheit zu verhelfen&#8221;.<\/p>\n<p>Unklar bleibt jedoch, ob und wie viele AfD-Abgeordnete tats\u00e4chlich f\u00fcr Wegner stimmten. &#8220;Gehen Sie mal von der H\u00e4lfte aus&#8221;, sagte die AfD-Fraktionsvorsitzende Kristin Brinker der Nachrichtenagentur <em>dpa<\/em>. Sp\u00e4ter pr\u00e4zisierte sie gegen\u00fcber dem zum Werbeunternehmen Str\u00f6er geh\u00f6renden Portal <em>t-online<\/em>, dass zehn Abgeordnete f\u00fcr Wegner gestimmt h\u00e4tten. Die AfD hat im Berliner Abgeordnetenhaus 17 Sitze. Tatsache ist allerdings auch, dass die Ja-Stimmen f\u00fcr Wegner exakt der St\u00e4rke der CDU- und der SPD-Fraktion entsprechen. Es ist allerdings nicht ausgeschlossen, dass es im Vergleich zu den vorausgegangenen Wahlg\u00e4ngen weitere Abweichler gab und AfD-Abgeordnete f\u00fcr Wegner stimmten. Da die Wahl geheim war, l\u00e4sst sich die Behauptung der AfD jedoch nicht \u00fcberpr\u00fcfen.<\/p>\n<p>Ungeachtet dessen, nutzten Vertreter des &#8220;linken&#8221; Fl\u00fcgels der SPD, die mit der schwarz-roten Koalition unzufrieden sind, sowie Die Linke und vor allem B\u00fcndnis 90\/Die Gr\u00fcnen die Erkl\u00e4rung der AfD zum Anlass, um sich als schlechte Verlierer zu zeigen. So erkl\u00e4rte die ehemalige Spitzenkandidatin der Berliner Gr\u00fcnen, Bettina Jarrasch:<\/p>\n<blockquote>\n<p><em>&#8220;[&#8230;] Das legt den Verdacht nahe, dass Kai Wegner im dritten Wahlgang mit Stimmen der AfD gew\u00e4hlt worden ist. Das h\u00e4tte Schwarz-Rot nie riskieren d\u00fcrfen. Deshalb haben wir vor dem Wahlgang eine Vertagung beantragt.\u00a0All das bleibt an diesem Tag haften und richtet massiven Schaden f\u00fcr die Stadt, die Demokratie und die politische Kultur an.&#8221;<\/em><\/p>\n<\/blockquote>\n<p>Die Berliner Linkspartei, die nun ebenfalls nicht mehr in der Regierung sitzt, bezeichnete den Wahltag als &#8220;Tag der Schande&#8221;. SPD-Politikerin Sawsan Chebli bezeichnete die Wahl Wegners als &#8220;Katastrophe, die irreparabel ist&#8221;. Ricarda Lang, Parteichefin von B\u00fcndnis 90\/Die Gr\u00fcnen schrieb auf Twitter, dass nicht etwa AfD, sondern CDU und SPD der &#8220;Stadt, der Demokratie und der politischen Kultur&#8221; gro\u00dfen Schaden zugef\u00fcgt haben. Linken-Politiker Ramelow sagte zudem in Bezug auf die AfD:<\/p>\n<blockquote>\n<p><em>&#8220;Wenn man den Parlamentarismus sch\u00fctzen will, dann darf man sich niemals in die Hand dieser politischen Kraft begeben. Dies ist ein schwerer Tag, in Berlin und in Th\u00fcringen.&#8221;<\/em><\/p>\n<\/blockquote>\n<p><strong>Mehr zum Thema <\/strong>\u2013\u00a0<a rel=\"nofollow noopener\" target=\"_blank\" href=\"https:\/\/freeassange.rtde.live\/inland\/168670-buergermeister-wahl-in-berlin-kai\/\">B\u00fcrgermeister-Wahl in Berlin: Kai Wegner im dritten Wahlgang gew\u00e4hlt<\/a><\/p>\n<\/div>\n<p><br \/>\n<br \/><a href=\"https:\/\/de.rt.com\/inland\/168812-nach-wegners-wahl-zum-buergermeister\/\">Source link <\/a><\/p>\n","protected":false},"excerpt":{"rendered":"<p>Nach der Wahl Kai Wegners zum Regierenden B\u00fcrgermeister Berlins behauptete die AfD, f\u00fcr Wegner gestimmt zu haben. Th\u00fcringens Ministerpr\u00e4sident Bodo Ramelow sowie Vertreter der Gr\u00fcnen kritisieren dies erwartungsgem\u00e4\u00df. Nachdem der Berliner CDU-Landeschef Kai Wegner gestern erst im dritten Wahlgang zum Regierenden B\u00fcrgermeister von Berlin gew\u00e4hlt wurde, dreht sich die Debatte nun darum, ob seine Wahl [&hellip;]<\/p>\n","protected":false},"author":3,"featured_media":34992,"comment_status":"open","ping_status":"open","sticky":false,"template":"","format":"standard","meta":{"_yoast_indexnow_last_ping":["1682704919"],"wp_automatic_camp":["217"],"4580a255f18b866c843c95ce46614204":["Nach Wegners Wahl zum B\u00fcrgermeister: Ramelow kritisiert mutma\u00dfliche AfD-Stimmen"],"original_link":["https:\/\/de.rt.com\/inland\/168812-nach-wegners-wahl-zum-buergermeister\/"],"_thumbnail_id":["34992"],"jnews_social_counter_last_update":["1777305600"],"_wptgpro_p2tg_sent2tg":["a:1:{i:23737;s:19:\"2023-04-28 20:03:00\";}"]},"categories":[19,23],"tags":[43662,2949,739,3689,979,19081,4351,43661,565],"yoast_head":"<!-- This site is optimized with the Yoast SEO Premium plugin v22.7 (Yoast SEO v22.7) - https:\/\/yoast.com\/wordpress\/plugins\/seo\/ -->\n<title>Nach Wegners Wahl zum B\u00fcrgermeister: Ramelow kritisiert mutma\u00dfliche AfD-Stimmen - just-now.NEWS Deutschland<\/title>\n<meta name=\"robots\" content=\"index, follow, max-snippet:-1, max-image-preview:large, max-video-preview:-1\" \/>\n<link rel=\"canonical\" href=\"https:\/\/now-news.de\/de\/deutschland\/nach-wegners-wahl-zum-buergermeister-ramelow-kritisiert-mutmassliche-afd-stimmen\/\" \/>\n<meta property=\"og:locale\" content=\"de_DE\" \/>\n<meta property=\"og:type\" content=\"article\" \/>\n<meta property=\"og:title\" content=\"Nach Wegners Wahl zum B\u00fcrgermeister: Ramelow kritisiert mutma\u00dfliche AfD-Stimmen\" \/>\n<meta property=\"og:description\" content=\"Nach der Wahl Kai Wegners zum Regierenden B\u00fcrgermeister Berlins behauptete die AfD, f\u00fcr Wegner gestimmt zu haben. Th\u00fcringens Ministerpr\u00e4sident Bodo Ramelow sowie Vertreter der Gr\u00fcnen kritisieren dies erwartungsgem\u00e4\u00df. Nachdem der Berliner CDU-Landeschef Kai Wegner gestern erst im dritten Wahlgang zum Regierenden B\u00fcrgermeister von Berlin gew\u00e4hlt wurde, dreht sich die Debatte nun darum, ob seine Wahl [&hellip;]\" \/>\n<meta property=\"og:url\" content=\"https:\/\/now-news.de\/de\/deutschland\/nach-wegners-wahl-zum-buergermeister-ramelow-kritisiert-mutmassliche-afd-stimmen\/\" \/>\n<meta property=\"og:site_name\" content=\"just-now.NEWS Deutschland\" \/>\n<meta property=\"article:publisher\" content=\"https:\/\/www.facebook.com\/wirmachenauf\" \/>\n<meta property=\"article:published_time\" content=\"2023-04-28T17:54:41+00:00\" \/>\n<meta property=\"og:image\" content=\"https:\/\/now-news.de\/de\/wp-content\/uploads\/sites\/3\/2023\/04\/Nach-Wegners-Wahl-zum-Buergermeister-Ramelow-kritisiert-mutmassliche-AfD-Stimmen.jpg\" \/>\n\t<meta property=\"og:image:width\" content=\"460\" \/>\n\t<meta property=\"og:image:height\" content=\"259\" \/>\n\t<meta property=\"og:image:type\" content=\"image\/jpeg\" \/>\n<meta name=\"author\" content=\"rtnews\" \/>\n<meta name=\"twitter:card\" content=\"summary_large_image\" \/>\n<meta name=\"twitter:creator\" content=\"@WirMachenAuf_de\" \/>\n<meta name=\"twitter:site\" content=\"@WirMachenAuf_de\" \/>\n<meta name=\"twitter:label1\" content=\"Verfasst von\" \/>\n\t<meta name=\"twitter:data1\" content=\"rtnews\" \/>\n\t<meta name=\"twitter:label2\" content=\"Gesch\u00e4tzte Lesezeit\" \/>\n\t<meta name=\"twitter:data2\" content=\"3\u00a0Minuten\" \/>\n<script type=\"application\/ld+json\" class=\"yoast-schema-graph\">{\"@context\":\"https:\/\/schema.org\",\"@graph\":[{\"@type\":\"Article\",\"@id\":\"https:\/\/now-news.de\/de\/deutschland\/nach-wegners-wahl-zum-buergermeister-ramelow-kritisiert-mutmassliche-afd-stimmen\/#article\",\"isPartOf\":{\"@id\":\"https:\/\/now-news.de\/de\/deutschland\/nach-wegners-wahl-zum-buergermeister-ramelow-kritisiert-mutmassliche-afd-stimmen\/\"},\"author\":{\"name\":\"rtnews\",\"@id\":\"https:\/\/now-news.de\/de\/#\/schema\/person\/fb534a4e865501d8b3285208df34a9b5\"},\"headline\":\"Nach Wegners Wahl zum B\u00fcrgermeister: Ramelow kritisiert mutma\u00dfliche AfD-Stimmen\",\"datePublished\":\"2023-04-28T17:54:41+00:00\",\"dateModified\":\"2023-04-28T17:54:41+00:00\",\"mainEntityOfPage\":{\"@id\":\"https:\/\/now-news.de\/de\/deutschland\/nach-wegners-wahl-zum-buergermeister-ramelow-kritisiert-mutmassliche-afd-stimmen\/\"},\"wordCount\":660,\"commentCount\":0,\"publisher\":{\"@id\":\"https:\/\/now-news.de\/de\/#organization\"},\"image\":{\"@id\":\"https:\/\/now-news.de\/de\/deutschland\/nach-wegners-wahl-zum-buergermeister-ramelow-kritisiert-mutmassliche-afd-stimmen\/#primaryimage\"},\"thumbnailUrl\":\"https:\/\/now-news.de\/de\/wp-content\/uploads\/sites\/3\/2023\/04\/Nach-Wegners-Wahl-zum-Buergermeister-Ramelow-kritisiert-mutmassliche-AfD-Stimmen.jpg\",\"keywords\":[\"AfDStimmen\",\"B\u00fcrgermeister\",\"kritisiert\",\"mutma\u00dfliche\",\"nach\",\"Ramelow\",\"Wahl\",\"Wegners\",\"zum\"],\"articleSection\":[\"Deutschland\",\"Russland\"],\"inLanguage\":\"de\",\"potentialAction\":[{\"@type\":\"CommentAction\",\"name\":\"Comment\",\"target\":[\"https:\/\/now-news.de\/de\/deutschland\/nach-wegners-wahl-zum-buergermeister-ramelow-kritisiert-mutmassliche-afd-stimmen\/#respond\"]}]},{\"@type\":\"WebPage\",\"@id\":\"https:\/\/now-news.de\/de\/deutschland\/nach-wegners-wahl-zum-buergermeister-ramelow-kritisiert-mutmassliche-afd-stimmen\/\",\"url\":\"https:\/\/now-news.de\/de\/deutschland\/nach-wegners-wahl-zum-buergermeister-ramelow-kritisiert-mutmassliche-afd-stimmen\/\",\"name\":\"Nach Wegners Wahl zum B\u00fcrgermeister: Ramelow kritisiert mutma\u00dfliche AfD-Stimmen - just-now.NEWS Deutschland\",\"isPartOf\":{\"@id\":\"https:\/\/now-news.de\/de\/#website\"},\"primaryImageOfPage\":{\"@id\":\"https:\/\/now-news.de\/de\/deutschland\/nach-wegners-wahl-zum-buergermeister-ramelow-kritisiert-mutmassliche-afd-stimmen\/#primaryimage\"},\"image\":{\"@id\":\"https:\/\/now-news.de\/de\/deutschland\/nach-wegners-wahl-zum-buergermeister-ramelow-kritisiert-mutmassliche-afd-stimmen\/#primaryimage\"},\"thumbnailUrl\":\"https:\/\/now-news.de\/de\/wp-content\/uploads\/sites\/3\/2023\/04\/Nach-Wegners-Wahl-zum-Buergermeister-Ramelow-kritisiert-mutmassliche-AfD-Stimmen.jpg\",\"datePublished\":\"2023-04-28T17:54:41+00:00\",\"dateModified\":\"2023-04-28T17:54:41+00:00\",\"breadcrumb\":{\"@id\":\"https:\/\/now-news.de\/de\/deutschland\/nach-wegners-wahl-zum-buergermeister-ramelow-kritisiert-mutmassliche-afd-stimmen\/#breadcrumb\"},\"inLanguage\":\"de\",\"potentialAction\":[{\"@type\":\"ReadAction\",\"target\":[\"https:\/\/now-news.de\/de\/deutschland\/nach-wegners-wahl-zum-buergermeister-ramelow-kritisiert-mutmassliche-afd-stimmen\/\"]}]},{\"@type\":\"ImageObject\",\"inLanguage\":\"de\",\"@id\":\"https:\/\/now-news.de\/de\/deutschland\/nach-wegners-wahl-zum-buergermeister-ramelow-kritisiert-mutmassliche-afd-stimmen\/#primaryimage\",\"url\":\"https:\/\/now-news.de\/de\/wp-content\/uploads\/sites\/3\/2023\/04\/Nach-Wegners-Wahl-zum-Buergermeister-Ramelow-kritisiert-mutmassliche-AfD-Stimmen.jpg\",\"contentUrl\":\"https:\/\/now-news.de\/de\/wp-content\/uploads\/sites\/3\/2023\/04\/Nach-Wegners-Wahl-zum-Buergermeister-Ramelow-kritisiert-mutmassliche-AfD-Stimmen.jpg\",\"width\":460,\"height\":259,\"caption\":\"Nach Wegners Wahl zum B\u00fcrgermeister: Ramelow kritisiert mutma\u00dfliche AfD-Stimmen\"},{\"@type\":\"BreadcrumbList\",\"@id\":\"https:\/\/now-news.de\/de\/deutschland\/nach-wegners-wahl-zum-buergermeister-ramelow-kritisiert-mutmassliche-afd-stimmen\/#breadcrumb\",\"itemListElement\":[{\"@type\":\"ListItem\",\"position\":1,\"name\":\"Home\",\"item\":\"https:\/\/now-news.de\/de\/\"},{\"@type\":\"ListItem\",\"position\":2,\"name\":\"Nach Wegners Wahl zum B\u00fcrgermeister: Ramelow kritisiert mutma\u00dfliche AfD-Stimmen\"}]},{\"@type\":\"WebSite\",\"@id\":\"https:\/\/now-news.de\/de\/#website\",\"url\":\"https:\/\/now-news.de\/de\/\",\"name\":\"just-now.NEWS Deutschland\",\"description\":\"Das Portal f\u00fcr unzensierte Nachrichten aus der Welt\",\"publisher\":{\"@id\":\"https:\/\/now-news.de\/de\/#organization\"},\"potentialAction\":[{\"@type\":\"SearchAction\",\"target\":{\"@type\":\"EntryPoint\",\"urlTemplate\":\"https:\/\/now-news.de\/de\/?s={search_term_string}\"},\"query-input\":\"required name=search_term_string\"}],\"inLanguage\":\"de\"},{\"@type\":\"Organization\",\"@id\":\"https:\/\/now-news.de\/de\/#organization\",\"name\":\"Just Now News\",\"url\":\"https:\/\/now-news.de\/de\/\",\"logo\":{\"@type\":\"ImageObject\",\"inLanguage\":\"de\",\"@id\":\"https:\/\/now-news.de\/de\/#\/schema\/logo\/image\/\",\"url\":\"http:\/\/just-now.news\/de\/wp-content\/uploads\/sites\/3\/2022\/04\/logo500x500.jpg\",\"contentUrl\":\"http:\/\/just-now.news\/de\/wp-content\/uploads\/sites\/3\/2022\/04\/logo500x500.jpg\",\"width\":500,\"height\":500,\"caption\":\"Just Now News\"},\"image\":{\"@id\":\"https:\/\/now-news.de\/de\/#\/schema\/logo\/image\/\"},\"sameAs\":[\"https:\/\/www.facebook.com\/wirmachenauf\",\"https:\/\/x.com\/WirMachenAuf_de\"]},{\"@type\":\"Person\",\"@id\":\"https:\/\/now-news.de\/de\/#\/schema\/person\/fb534a4e865501d8b3285208df34a9b5\",\"name\":\"rtnews\",\"image\":{\"@type\":\"ImageObject\",\"inLanguage\":\"de\",\"@id\":\"https:\/\/now-news.de\/de\/#\/schema\/person\/image\/\",\"url\":\"https:\/\/secure.gravatar.com\/avatar\/82aafea7d8127119dd649515f56e2117?s=96&d=mm&r=g\",\"contentUrl\":\"https:\/\/secure.gravatar.com\/avatar\/82aafea7d8127119dd649515f56e2117?s=96&d=mm&r=g\",\"caption\":\"rtnews\"},\"url\":\"https:\/\/now-news.de\/de\/author\/rnews\/\"}]}<\/script>\n<!-- \/ Yoast SEO Premium plugin. -->","yoast_head_json":{"title":"Nach Wegners Wahl zum B\u00fcrgermeister: Ramelow kritisiert mutma\u00dfliche AfD-Stimmen - just-now.NEWS Deutschland","robots":{"index":"index","follow":"follow","max-snippet":"max-snippet:-1","max-image-preview":"max-image-preview:large","max-video-preview":"max-video-preview:-1"},"canonical":"https:\/\/now-news.de\/de\/deutschland\/nach-wegners-wahl-zum-buergermeister-ramelow-kritisiert-mutmassliche-afd-stimmen\/","og_locale":"de_DE","og_type":"article","og_title":"Nach Wegners Wahl zum B\u00fcrgermeister: Ramelow kritisiert mutma\u00dfliche AfD-Stimmen","og_description":"Nach der Wahl Kai Wegners zum Regierenden B\u00fcrgermeister Berlins behauptete die AfD, f\u00fcr Wegner gestimmt zu haben. Th\u00fcringens Ministerpr\u00e4sident Bodo Ramelow sowie Vertreter der Gr\u00fcnen kritisieren dies erwartungsgem\u00e4\u00df. Nachdem der Berliner CDU-Landeschef Kai Wegner gestern erst im dritten Wahlgang zum Regierenden B\u00fcrgermeister von Berlin gew\u00e4hlt wurde, dreht sich die Debatte nun darum, ob seine Wahl [&hellip;]","og_url":"https:\/\/now-news.de\/de\/deutschland\/nach-wegners-wahl-zum-buergermeister-ramelow-kritisiert-mutmassliche-afd-stimmen\/","og_site_name":"just-now.NEWS Deutschland","article_publisher":"https:\/\/www.facebook.com\/wirmachenauf","article_published_time":"2023-04-28T17:54:41+00:00","og_image":[{"width":460,"height":259,"url":"https:\/\/now-news.de\/de\/wp-content\/uploads\/sites\/3\/2023\/04\/Nach-Wegners-Wahl-zum-Buergermeister-Ramelow-kritisiert-mutmassliche-AfD-Stimmen.jpg","type":"image\/jpeg"}],"author":"rtnews","twitter_card":"summary_large_image","twitter_creator":"@WirMachenAuf_de","twitter_site":"@WirMachenAuf_de","twitter_misc":{"Verfasst von":"rtnews","Gesch\u00e4tzte Lesezeit":"3\u00a0Minuten"},"schema":{"@context":"https:\/\/schema.org","@graph":[{"@type":"Article","@id":"https:\/\/now-news.de\/de\/deutschland\/nach-wegners-wahl-zum-buergermeister-ramelow-kritisiert-mutmassliche-afd-stimmen\/#article","isPartOf":{"@id":"https:\/\/now-news.de\/de\/deutschland\/nach-wegners-wahl-zum-buergermeister-ramelow-kritisiert-mutmassliche-afd-stimmen\/"},"author":{"name":"rtnews","@id":"https:\/\/now-news.de\/de\/#\/schema\/person\/fb534a4e865501d8b3285208df34a9b5"},"headline":"Nach Wegners Wahl zum B\u00fcrgermeister: Ramelow kritisiert mutma\u00dfliche AfD-Stimmen","datePublished":"2023-04-28T17:54:41+00:00","dateModified":"2023-04-28T17:54:41+00:00","mainEntityOfPage":{"@id":"https:\/\/now-news.de\/de\/deutschland\/nach-wegners-wahl-zum-buergermeister-ramelow-kritisiert-mutmassliche-afd-stimmen\/"},"wordCount":660,"commentCount":0,"publisher":{"@id":"https:\/\/now-news.de\/de\/#organization"},"image":{"@id":"https:\/\/now-news.de\/de\/deutschland\/nach-wegners-wahl-zum-buergermeister-ramelow-kritisiert-mutmassliche-afd-stimmen\/#primaryimage"},"thumbnailUrl":"https:\/\/now-news.de\/de\/wp-content\/uploads\/sites\/3\/2023\/04\/Nach-Wegners-Wahl-zum-Buergermeister-Ramelow-kritisiert-mutmassliche-AfD-Stimmen.jpg","keywords":["AfDStimmen","B\u00fcrgermeister","kritisiert","mutma\u00dfliche","nach","Ramelow","Wahl","Wegners","zum"],"articleSection":["Deutschland","Russland"],"inLanguage":"de","potentialAction":[{"@type":"CommentAction","name":"Comment","target":["https:\/\/now-news.de\/de\/deutschland\/nach-wegners-wahl-zum-buergermeister-ramelow-kritisiert-mutmassliche-afd-stimmen\/#respond"]}]},{"@type":"WebPage","@id":"https:\/\/now-news.de\/de\/deutschland\/nach-wegners-wahl-zum-buergermeister-ramelow-kritisiert-mutmassliche-afd-stimmen\/","url":"https:\/\/now-news.de\/de\/deutschland\/nach-wegners-wahl-zum-buergermeister-ramelow-kritisiert-mutmassliche-afd-stimmen\/","name":"Nach Wegners Wahl zum B\u00fcrgermeister: Ramelow kritisiert mutma\u00dfliche AfD-Stimmen - just-now.NEWS Deutschland","isPartOf":{"@id":"https:\/\/now-news.de\/de\/#website"},"primaryImageOfPage":{"@id":"https:\/\/now-news.de\/de\/deutschland\/nach-wegners-wahl-zum-buergermeister-ramelow-kritisiert-mutmassliche-afd-stimmen\/#primaryimage"},"image":{"@id":"https:\/\/now-news.de\/de\/deutschland\/nach-wegners-wahl-zum-buergermeister-ramelow-kritisiert-mutmassliche-afd-stimmen\/#primaryimage"},"thumbnailUrl":"https:\/\/now-news.de\/de\/wp-content\/uploads\/sites\/3\/2023\/04\/Nach-Wegners-Wahl-zum-Buergermeister-Ramelow-kritisiert-mutmassliche-AfD-Stimmen.jpg","datePublished":"2023-04-28T17:54:41+00:00","dateModified":"2023-04-28T17:54:41+00:00","breadcrumb":{"@id":"https:\/\/now-news.de\/de\/deutschland\/nach-wegners-wahl-zum-buergermeister-ramelow-kritisiert-mutmassliche-afd-stimmen\/#breadcrumb"},"inLanguage":"de","potentialAction":[{"@type":"ReadAction","target":["https:\/\/now-news.de\/de\/deutschland\/nach-wegners-wahl-zum-buergermeister-ramelow-kritisiert-mutmassliche-afd-stimmen\/"]}]},{"@type":"ImageObject","inLanguage":"de","@id":"https:\/\/now-news.de\/de\/deutschland\/nach-wegners-wahl-zum-buergermeister-ramelow-kritisiert-mutmassliche-afd-stimmen\/#primaryimage","url":"https:\/\/now-news.de\/de\/wp-content\/uploads\/sites\/3\/2023\/04\/Nach-Wegners-Wahl-zum-Buergermeister-Ramelow-kritisiert-mutmassliche-AfD-Stimmen.jpg","contentUrl":"https:\/\/now-news.de\/de\/wp-content\/uploads\/sites\/3\/2023\/04\/Nach-Wegners-Wahl-zum-Buergermeister-Ramelow-kritisiert-mutmassliche-AfD-Stimmen.jpg","width":460,"height":259,"caption":"Nach Wegners Wahl zum B\u00fcrgermeister: Ramelow kritisiert mutma\u00dfliche AfD-Stimmen"},{"@type":"BreadcrumbList","@id":"https:\/\/now-news.de\/de\/deutschland\/nach-wegners-wahl-zum-buergermeister-ramelow-kritisiert-mutmassliche-afd-stimmen\/#breadcrumb","itemListElement":[{"@type":"ListItem","position":1,"name":"Home","item":"https:\/\/now-news.de\/de\/"},{"@type":"ListItem","position":2,"name":"Nach Wegners Wahl zum B\u00fcrgermeister: Ramelow kritisiert mutma\u00dfliche AfD-Stimmen"}]},{"@type":"WebSite","@id":"https:\/\/now-news.de\/de\/#website","url":"https:\/\/now-news.de\/de\/","name":"just-now.NEWS Deutschland","description":"Das Portal f\u00fcr unzensierte Nachrichten aus der Welt","publisher":{"@id":"https:\/\/now-news.de\/de\/#organization"},"potentialAction":[{"@type":"SearchAction","target":{"@type":"EntryPoint","urlTemplate":"https:\/\/now-news.de\/de\/?s={search_term_string}"},"query-input":"required name=search_term_string"}],"inLanguage":"de"},{"@type":"Organization","@id":"https:\/\/now-news.de\/de\/#organization","name":"Just Now News","url":"https:\/\/now-news.de\/de\/","logo":{"@type":"ImageObject","inLanguage":"de","@id":"https:\/\/now-news.de\/de\/#\/schema\/logo\/image\/","url":"http:\/\/just-now.news\/de\/wp-content\/uploads\/sites\/3\/2022\/04\/logo500x500.jpg","contentUrl":"http:\/\/just-now.news\/de\/wp-content\/uploads\/sites\/3\/2022\/04\/logo500x500.jpg","width":500,"height":500,"caption":"Just Now News"},"image":{"@id":"https:\/\/now-news.de\/de\/#\/schema\/logo\/image\/"},"sameAs":["https:\/\/www.facebook.com\/wirmachenauf","https:\/\/x.com\/WirMachenAuf_de"]},{"@type":"Person","@id":"https:\/\/now-news.de\/de\/#\/schema\/person\/fb534a4e865501d8b3285208df34a9b5","name":"rtnews","image":{"@type":"ImageObject","inLanguage":"de","@id":"https:\/\/now-news.de\/de\/#\/schema\/person\/image\/","url":"https:\/\/secure.gravatar.com\/avatar\/82aafea7d8127119dd649515f56e2117?s=96&d=mm&r=g","contentUrl":"https:\/\/secure.gravatar.com\/avatar\/82aafea7d8127119dd649515f56e2117?s=96&d=mm&r=g","caption":"rtnews"},"url":"https:\/\/now-news.de\/de\/author\/rnews\/"}]}},"_links":{"self":[{"href":"https:\/\/now-news.de\/de\/wp-json\/wp\/v2\/posts\/34991"}],"collection":[{"href":"https:\/\/now-news.de\/de\/wp-json\/wp\/v2\/posts"}],"about":[{"href":"https:\/\/now-news.de\/de\/wp-json\/wp\/v2\/types\/post"}],"author":[{"embeddable":true,"href":"https:\/\/now-news.de\/de\/wp-json\/wp\/v2\/users\/3"}],"replies":[{"embeddable":true,"href":"https:\/\/now-news.de\/de\/wp-json\/wp\/v2\/comments?post=34991"}],"version-history":[{"count":0,"href":"https:\/\/now-news.de\/de\/wp-json\/wp\/v2\/posts\/34991\/revisions"}],"wp:featuredmedia":[{"embeddable":true,"href":"https:\/\/now-news.de\/de\/wp-json\/wp\/v2\/media\/34992"}],"wp:attachment":[{"href":"https:\/\/now-news.de\/de\/wp-json\/wp\/v2\/media?parent=34991"}],"wp:term":[{"taxonomy":"category","embeddable":true,"href":"https:\/\/now-news.de\/de\/wp-json\/wp\/v2\/categories?post=34991"},{"taxonomy":"post_tag","embeddable":true,"href":"https:\/\/now-news.de\/de\/wp-json\/wp\/v2\/tags?post=34991"}],"curies":[{"name":"wp","href":"https:\/\/api.w.org\/{rel}","templated":true}]}}