{"id":34975,"date":"2023-04-28T16:08:00","date_gmt":"2023-04-28T14:08:00","guid":{"rendered":"https:\/\/just-now.news\/de\/deutschland\/schweiz-will-private-luftschutzkeller-abschaffen\/"},"modified":"2023-04-28T16:08:00","modified_gmt":"2023-04-28T14:08:00","slug":"schweiz-will-private-luftschutzkeller-abschaffen","status":"publish","type":"post","link":"https:\/\/now-news.de\/de\/deutschland\/schweiz-will-private-luftschutzkeller-abschaffen\/","title":{"rendered":"Schweiz will private Luftschutzkeller abschaffen"},"content":{"rendered":"<p><img decoding=\"async\" src=\"http:\/\/just-now.news\/de\/wp-content\/uploads\/sites\/3\/2023\/04\/644bb4d1b480cc093e54ae0b.jpg\" \/><\/p>\n<div class=\"Text-root Text-type_1 \">\n                Auf rund 100.000 Eigenheimbesitzer kommen Renovierungsarbeiten zu: Die Schweizer Regierung will private Luftschutzkeller abschaffen. Im Ernstfall sollen die Bewohner stattdessen gro\u00dfe kollektive Luftschutzr\u00e4ume aufsuchen.\n            <\/div>\n<p><\/p>\n<div class=\"Text-root Text-type_5 ArticleView-text ViewText-root \">\n<p>In etwa 100.000 Schweizer Eigenheimen gibt es noch Luftschutzkeller. Diese sollen nun laut der Schweizer Bundesregierung aufgehoben werden. Bis 2012 musste noch jeder in der Alpenrepublik, der ein Einfamilienhaus baute, darin auch einen Schutzraum einrichten. Inklusive Liegepl\u00e4tzen, einem Trocken-WC und einer L\u00fcftung.<\/p>\n<p>Doch damit ist bald vorbei. Gem\u00e4\u00df einem noch unver\u00f6ffentlichten &#8220;Konzept Schutzbauten&#8221; des Schweizer Bundesamts f\u00fcr Bev\u00f6lkerungsschutz (BABS) sollen alle Schutzr\u00e4ume mit weniger als sieben Pl\u00e4tzen verschwinden.<\/p>\n<p>Wie der \u00f6ffentlich-rechtliche Schweizer Sender <em>SRF<\/em> berichtet, habe diese Entscheidung zwei Gr\u00fcnde. Erstens m\u00fcssten die L\u00fcftungen nun erneuert werden, da viele sind \u00fcber 40 Jahre alt sind.<\/p>\n<p>Doch das w\u00fcrde sich nicht lohnen, wie Urs Marti, Pr\u00e4sident der Konferenz der kantonalen Verantwortlichen f\u00fcr Zivilschutz, dem <em>SRF<\/em> erkl\u00e4rte. Es sei schlicht zu teuer, die meisten dieser Ventilationsger\u00e4te w\u00fcrden gar nicht mehr hergestellt.<\/p>\n<p>Zweitens h\u00e4tten private Schutzr\u00e4ume f\u00fcr den Zivilschutz einen gewichtigen Nachteil, da die Menschen im Katastrophenfall verteilt und nicht gut erreichbar seien. Marti teilte dem <em>SRF<\/em> mit:<\/p>\n<blockquote>\n<p><em>&#8220;Diese Schutzr\u00e4ume sind im Ereignisfall schwierig zu bewirtschaften. Eine solche Vielzahl kann der Zivilschutz gar nicht abdecken.&#8221;<\/em><\/p>\n<\/blockquote>\n<p>Bei gr\u00f6\u00dferen Anlagen mit 25 bis 50 Pl\u00e4tzen sei dies deutlich einfacher, so Marti weiter. Doch bis Eigenheimbesitzer ihre Schutzr\u00e4ume endg\u00fcltig umbauen m\u00fcssen, d\u00fcrften noch ein paar Jahre vergehen.<\/p>\n<p>Da der Schweizer Grundsatz &#8220;Jeder Einwohnerin und jedem Einwohner ein Schutzplatz&#8221; weiterhin gilt, m\u00fcssen f\u00fcr die Hunderttausende von Eigenheimbewohnern erst neue Pl\u00e4tze in gr\u00f6\u00dferen Anlagen geschaffen werden.<\/p>\n<p><strong>Mehr zum Thema<\/strong> \u2013 <a rel=\"nofollow noopener\" target=\"_blank\" href=\"https:\/\/de.rt.com\/europa\/168762-lieber-ignasco-auch-schweiz-lacht\/\">&#8220;Lieber Ignasco!&#8221; \u2013 Auch die Schweiz lacht \u00fcber Baerbock<\/a><\/p>\n<\/p>\n<\/div>\n<p><br \/>\n<br \/><a href=\"https:\/\/de.rt.com\/schweiz\/168775-schweiz-will-private-luftschutzkeller-abschaffen\/\">Source link <\/a><\/p>\n","protected":false},"excerpt":{"rendered":"<p>Auf rund 100.000 Eigenheimbesitzer kommen Renovierungsarbeiten zu: Die Schweizer Regierung will private Luftschutzkeller abschaffen. Im Ernstfall sollen die Bewohner stattdessen gro\u00dfe kollektive Luftschutzr\u00e4ume aufsuchen. In etwa 100.000 Schweizer Eigenheimen gibt es noch Luftschutzkeller. Diese sollen nun laut der Schweizer Bundesregierung aufgehoben werden. Bis 2012 musste noch jeder in der Alpenrepublik, der ein Einfamilienhaus baute, darin [&hellip;]<\/p>\n","protected":false},"author":3,"featured_media":34976,"comment_status":"open","ping_status":"open","sticky":false,"template":"","format":"standard","meta":{"_yoast_indexnow_last_ping":["1682691370"],"wp_automatic_camp":["217"],"b6d26d9a4239543cc57d54a423a07fb0":["Schweiz will private Luftschutzkeller abschaffen"],"original_link":["https:\/\/de.rt.com\/schweiz\/168775-schweiz-will-private-luftschutzkeller-abschaffen\/"],"_thumbnail_id":["34976"],"_wptgpro_p2tg_sent2tg":["a:1:{i:23737;s:19:\"2023-04-28 16:17:11\";}"],"jnews_social_counter_last_update":["1777179177"]},"categories":[19,23],"tags":[23515,43651,4256,4207],"yoast_head":"<!-- This site is optimized with the Yoast SEO Premium plugin v22.7 (Yoast SEO v22.7) - https:\/\/yoast.com\/wordpress\/plugins\/seo\/ -->\n<title>Schweiz will private Luftschutzkeller abschaffen - just-now.NEWS Deutschland<\/title>\n<meta name=\"robots\" content=\"index, follow, max-snippet:-1, max-image-preview:large, max-video-preview:-1\" \/>\n<link rel=\"canonical\" href=\"https:\/\/now-news.de\/de\/deutschland\/schweiz-will-private-luftschutzkeller-abschaffen\/\" \/>\n<meta property=\"og:locale\" content=\"de_DE\" \/>\n<meta property=\"og:type\" content=\"article\" \/>\n<meta property=\"og:title\" content=\"Schweiz will private Luftschutzkeller abschaffen\" \/>\n<meta property=\"og:description\" content=\"Auf rund 100.000 Eigenheimbesitzer kommen Renovierungsarbeiten zu: Die Schweizer Regierung will private Luftschutzkeller abschaffen. Im Ernstfall sollen die Bewohner stattdessen gro\u00dfe kollektive Luftschutzr\u00e4ume aufsuchen. In etwa 100.000 Schweizer Eigenheimen gibt es noch Luftschutzkeller. Diese sollen nun laut der Schweizer Bundesregierung aufgehoben werden. Bis 2012 musste noch jeder in der Alpenrepublik, der ein Einfamilienhaus baute, darin [&hellip;]\" \/>\n<meta property=\"og:url\" content=\"https:\/\/now-news.de\/de\/deutschland\/schweiz-will-private-luftschutzkeller-abschaffen\/\" \/>\n<meta property=\"og:site_name\" content=\"just-now.NEWS Deutschland\" \/>\n<meta property=\"article:publisher\" content=\"https:\/\/www.facebook.com\/wirmachenauf\" \/>\n<meta property=\"article:published_time\" content=\"2023-04-28T14:08:00+00:00\" \/>\n<meta property=\"og:image\" content=\"https:\/\/now-news.de\/de\/wp-content\/uploads\/sites\/3\/2023\/04\/Schweiz-will-private-Luftschutzkeller-abschaffen.jpg\" \/>\n\t<meta property=\"og:image:width\" content=\"460\" \/>\n\t<meta property=\"og:image:height\" content=\"259\" \/>\n\t<meta property=\"og:image:type\" content=\"image\/jpeg\" \/>\n<meta name=\"author\" content=\"rtnews\" \/>\n<meta name=\"twitter:card\" content=\"summary_large_image\" \/>\n<meta name=\"twitter:creator\" content=\"@WirMachenAuf_de\" \/>\n<meta name=\"twitter:site\" content=\"@WirMachenAuf_de\" \/>\n<meta name=\"twitter:label1\" content=\"Verfasst von\" \/>\n\t<meta name=\"twitter:data1\" content=\"rtnews\" \/>\n\t<meta name=\"twitter:label2\" content=\"Gesch\u00e4tzte Lesezeit\" \/>\n\t<meta name=\"twitter:data2\" content=\"1\u00a0Minute\" \/>\n<script type=\"application\/ld+json\" class=\"yoast-schema-graph\">{\"@context\":\"https:\/\/schema.org\",\"@graph\":[{\"@type\":\"Article\",\"@id\":\"https:\/\/now-news.de\/de\/deutschland\/schweiz-will-private-luftschutzkeller-abschaffen\/#article\",\"isPartOf\":{\"@id\":\"https:\/\/now-news.de\/de\/deutschland\/schweiz-will-private-luftschutzkeller-abschaffen\/\"},\"author\":{\"name\":\"rtnews\",\"@id\":\"https:\/\/now-news.de\/de\/#\/schema\/person\/fb534a4e865501d8b3285208df34a9b5\"},\"headline\":\"Schweiz will private Luftschutzkeller abschaffen\",\"datePublished\":\"2023-04-28T14:08:00+00:00\",\"dateModified\":\"2023-04-28T14:08:00+00:00\",\"mainEntityOfPage\":{\"@id\":\"https:\/\/now-news.de\/de\/deutschland\/schweiz-will-private-luftschutzkeller-abschaffen\/\"},\"wordCount\":297,\"commentCount\":0,\"publisher\":{\"@id\":\"https:\/\/now-news.de\/de\/#organization\"},\"image\":{\"@id\":\"https:\/\/now-news.de\/de\/deutschland\/schweiz-will-private-luftschutzkeller-abschaffen\/#primaryimage\"},\"thumbnailUrl\":\"https:\/\/now-news.de\/de\/wp-content\/uploads\/sites\/3\/2023\/04\/Schweiz-will-private-Luftschutzkeller-abschaffen.jpg\",\"keywords\":[\"abschaffen\",\"Luftschutzkeller\",\"Private\",\"schweiz\"],\"articleSection\":[\"Deutschland\",\"Russland\"],\"inLanguage\":\"de\",\"potentialAction\":[{\"@type\":\"CommentAction\",\"name\":\"Comment\",\"target\":[\"https:\/\/now-news.de\/de\/deutschland\/schweiz-will-private-luftschutzkeller-abschaffen\/#respond\"]}]},{\"@type\":\"WebPage\",\"@id\":\"https:\/\/now-news.de\/de\/deutschland\/schweiz-will-private-luftschutzkeller-abschaffen\/\",\"url\":\"https:\/\/now-news.de\/de\/deutschland\/schweiz-will-private-luftschutzkeller-abschaffen\/\",\"name\":\"Schweiz will private Luftschutzkeller abschaffen - just-now.NEWS Deutschland\",\"isPartOf\":{\"@id\":\"https:\/\/now-news.de\/de\/#website\"},\"primaryImageOfPage\":{\"@id\":\"https:\/\/now-news.de\/de\/deutschland\/schweiz-will-private-luftschutzkeller-abschaffen\/#primaryimage\"},\"image\":{\"@id\":\"https:\/\/now-news.de\/de\/deutschland\/schweiz-will-private-luftschutzkeller-abschaffen\/#primaryimage\"},\"thumbnailUrl\":\"https:\/\/now-news.de\/de\/wp-content\/uploads\/sites\/3\/2023\/04\/Schweiz-will-private-Luftschutzkeller-abschaffen.jpg\",\"datePublished\":\"2023-04-28T14:08:00+00:00\",\"dateModified\":\"2023-04-28T14:08:00+00:00\",\"breadcrumb\":{\"@id\":\"https:\/\/now-news.de\/de\/deutschland\/schweiz-will-private-luftschutzkeller-abschaffen\/#breadcrumb\"},\"inLanguage\":\"de\",\"potentialAction\":[{\"@type\":\"ReadAction\",\"target\":[\"https:\/\/now-news.de\/de\/deutschland\/schweiz-will-private-luftschutzkeller-abschaffen\/\"]}]},{\"@type\":\"ImageObject\",\"inLanguage\":\"de\",\"@id\":\"https:\/\/now-news.de\/de\/deutschland\/schweiz-will-private-luftschutzkeller-abschaffen\/#primaryimage\",\"url\":\"https:\/\/now-news.de\/de\/wp-content\/uploads\/sites\/3\/2023\/04\/Schweiz-will-private-Luftschutzkeller-abschaffen.jpg\",\"contentUrl\":\"https:\/\/now-news.de\/de\/wp-content\/uploads\/sites\/3\/2023\/04\/Schweiz-will-private-Luftschutzkeller-abschaffen.jpg\",\"width\":460,\"height\":259,\"caption\":\"Schweiz will private Luftschutzkeller abschaffen\"},{\"@type\":\"BreadcrumbList\",\"@id\":\"https:\/\/now-news.de\/de\/deutschland\/schweiz-will-private-luftschutzkeller-abschaffen\/#breadcrumb\",\"itemListElement\":[{\"@type\":\"ListItem\",\"position\":1,\"name\":\"Home\",\"item\":\"https:\/\/now-news.de\/de\/\"},{\"@type\":\"ListItem\",\"position\":2,\"name\":\"Schweiz will private Luftschutzkeller abschaffen\"}]},{\"@type\":\"WebSite\",\"@id\":\"https:\/\/now-news.de\/de\/#website\",\"url\":\"https:\/\/now-news.de\/de\/\",\"name\":\"just-now.NEWS Deutschland\",\"description\":\"Das Portal f\u00fcr unzensierte Nachrichten aus der Welt\",\"publisher\":{\"@id\":\"https:\/\/now-news.de\/de\/#organization\"},\"potentialAction\":[{\"@type\":\"SearchAction\",\"target\":{\"@type\":\"EntryPoint\",\"urlTemplate\":\"https:\/\/now-news.de\/de\/?s={search_term_string}\"},\"query-input\":\"required name=search_term_string\"}],\"inLanguage\":\"de\"},{\"@type\":\"Organization\",\"@id\":\"https:\/\/now-news.de\/de\/#organization\",\"name\":\"Just Now News\",\"url\":\"https:\/\/now-news.de\/de\/\",\"logo\":{\"@type\":\"ImageObject\",\"inLanguage\":\"de\",\"@id\":\"https:\/\/now-news.de\/de\/#\/schema\/logo\/image\/\",\"url\":\"http:\/\/just-now.news\/de\/wp-content\/uploads\/sites\/3\/2022\/04\/logo500x500.jpg\",\"contentUrl\":\"http:\/\/just-now.news\/de\/wp-content\/uploads\/sites\/3\/2022\/04\/logo500x500.jpg\",\"width\":500,\"height\":500,\"caption\":\"Just Now News\"},\"image\":{\"@id\":\"https:\/\/now-news.de\/de\/#\/schema\/logo\/image\/\"},\"sameAs\":[\"https:\/\/www.facebook.com\/wirmachenauf\",\"https:\/\/x.com\/WirMachenAuf_de\"]},{\"@type\":\"Person\",\"@id\":\"https:\/\/now-news.de\/de\/#\/schema\/person\/fb534a4e865501d8b3285208df34a9b5\",\"name\":\"rtnews\",\"image\":{\"@type\":\"ImageObject\",\"inLanguage\":\"de\",\"@id\":\"https:\/\/now-news.de\/de\/#\/schema\/person\/image\/\",\"url\":\"https:\/\/secure.gravatar.com\/avatar\/82aafea7d8127119dd649515f56e2117?s=96&d=mm&r=g\",\"contentUrl\":\"https:\/\/secure.gravatar.com\/avatar\/82aafea7d8127119dd649515f56e2117?s=96&d=mm&r=g\",\"caption\":\"rtnews\"},\"url\":\"https:\/\/now-news.de\/de\/author\/rnews\/\"}]}<\/script>\n<!-- \/ Yoast SEO Premium plugin. -->","yoast_head_json":{"title":"Schweiz will private Luftschutzkeller abschaffen - just-now.NEWS Deutschland","robots":{"index":"index","follow":"follow","max-snippet":"max-snippet:-1","max-image-preview":"max-image-preview:large","max-video-preview":"max-video-preview:-1"},"canonical":"https:\/\/now-news.de\/de\/deutschland\/schweiz-will-private-luftschutzkeller-abschaffen\/","og_locale":"de_DE","og_type":"article","og_title":"Schweiz will private Luftschutzkeller abschaffen","og_description":"Auf rund 100.000 Eigenheimbesitzer kommen Renovierungsarbeiten zu: Die Schweizer Regierung will private Luftschutzkeller abschaffen. Im Ernstfall sollen die Bewohner stattdessen gro\u00dfe kollektive Luftschutzr\u00e4ume aufsuchen. In etwa 100.000 Schweizer Eigenheimen gibt es noch Luftschutzkeller. Diese sollen nun laut der Schweizer Bundesregierung aufgehoben werden. Bis 2012 musste noch jeder in der Alpenrepublik, der ein Einfamilienhaus baute, darin [&hellip;]","og_url":"https:\/\/now-news.de\/de\/deutschland\/schweiz-will-private-luftschutzkeller-abschaffen\/","og_site_name":"just-now.NEWS Deutschland","article_publisher":"https:\/\/www.facebook.com\/wirmachenauf","article_published_time":"2023-04-28T14:08:00+00:00","og_image":[{"width":460,"height":259,"url":"https:\/\/now-news.de\/de\/wp-content\/uploads\/sites\/3\/2023\/04\/Schweiz-will-private-Luftschutzkeller-abschaffen.jpg","type":"image\/jpeg"}],"author":"rtnews","twitter_card":"summary_large_image","twitter_creator":"@WirMachenAuf_de","twitter_site":"@WirMachenAuf_de","twitter_misc":{"Verfasst von":"rtnews","Gesch\u00e4tzte Lesezeit":"1\u00a0Minute"},"schema":{"@context":"https:\/\/schema.org","@graph":[{"@type":"Article","@id":"https:\/\/now-news.de\/de\/deutschland\/schweiz-will-private-luftschutzkeller-abschaffen\/#article","isPartOf":{"@id":"https:\/\/now-news.de\/de\/deutschland\/schweiz-will-private-luftschutzkeller-abschaffen\/"},"author":{"name":"rtnews","@id":"https:\/\/now-news.de\/de\/#\/schema\/person\/fb534a4e865501d8b3285208df34a9b5"},"headline":"Schweiz will private Luftschutzkeller abschaffen","datePublished":"2023-04-28T14:08:00+00:00","dateModified":"2023-04-28T14:08:00+00:00","mainEntityOfPage":{"@id":"https:\/\/now-news.de\/de\/deutschland\/schweiz-will-private-luftschutzkeller-abschaffen\/"},"wordCount":297,"commentCount":0,"publisher":{"@id":"https:\/\/now-news.de\/de\/#organization"},"image":{"@id":"https:\/\/now-news.de\/de\/deutschland\/schweiz-will-private-luftschutzkeller-abschaffen\/#primaryimage"},"thumbnailUrl":"https:\/\/now-news.de\/de\/wp-content\/uploads\/sites\/3\/2023\/04\/Schweiz-will-private-Luftschutzkeller-abschaffen.jpg","keywords":["abschaffen","Luftschutzkeller","Private","schweiz"],"articleSection":["Deutschland","Russland"],"inLanguage":"de","potentialAction":[{"@type":"CommentAction","name":"Comment","target":["https:\/\/now-news.de\/de\/deutschland\/schweiz-will-private-luftschutzkeller-abschaffen\/#respond"]}]},{"@type":"WebPage","@id":"https:\/\/now-news.de\/de\/deutschland\/schweiz-will-private-luftschutzkeller-abschaffen\/","url":"https:\/\/now-news.de\/de\/deutschland\/schweiz-will-private-luftschutzkeller-abschaffen\/","name":"Schweiz will private Luftschutzkeller abschaffen - just-now.NEWS Deutschland","isPartOf":{"@id":"https:\/\/now-news.de\/de\/#website"},"primaryImageOfPage":{"@id":"https:\/\/now-news.de\/de\/deutschland\/schweiz-will-private-luftschutzkeller-abschaffen\/#primaryimage"},"image":{"@id":"https:\/\/now-news.de\/de\/deutschland\/schweiz-will-private-luftschutzkeller-abschaffen\/#primaryimage"},"thumbnailUrl":"https:\/\/now-news.de\/de\/wp-content\/uploads\/sites\/3\/2023\/04\/Schweiz-will-private-Luftschutzkeller-abschaffen.jpg","datePublished":"2023-04-28T14:08:00+00:00","dateModified":"2023-04-28T14:08:00+00:00","breadcrumb":{"@id":"https:\/\/now-news.de\/de\/deutschland\/schweiz-will-private-luftschutzkeller-abschaffen\/#breadcrumb"},"inLanguage":"de","potentialAction":[{"@type":"ReadAction","target":["https:\/\/now-news.de\/de\/deutschland\/schweiz-will-private-luftschutzkeller-abschaffen\/"]}]},{"@type":"ImageObject","inLanguage":"de","@id":"https:\/\/now-news.de\/de\/deutschland\/schweiz-will-private-luftschutzkeller-abschaffen\/#primaryimage","url":"https:\/\/now-news.de\/de\/wp-content\/uploads\/sites\/3\/2023\/04\/Schweiz-will-private-Luftschutzkeller-abschaffen.jpg","contentUrl":"https:\/\/now-news.de\/de\/wp-content\/uploads\/sites\/3\/2023\/04\/Schweiz-will-private-Luftschutzkeller-abschaffen.jpg","width":460,"height":259,"caption":"Schweiz will private Luftschutzkeller abschaffen"},{"@type":"BreadcrumbList","@id":"https:\/\/now-news.de\/de\/deutschland\/schweiz-will-private-luftschutzkeller-abschaffen\/#breadcrumb","itemListElement":[{"@type":"ListItem","position":1,"name":"Home","item":"https:\/\/now-news.de\/de\/"},{"@type":"ListItem","position":2,"name":"Schweiz will private Luftschutzkeller abschaffen"}]},{"@type":"WebSite","@id":"https:\/\/now-news.de\/de\/#website","url":"https:\/\/now-news.de\/de\/","name":"just-now.NEWS Deutschland","description":"Das Portal f\u00fcr unzensierte Nachrichten aus der Welt","publisher":{"@id":"https:\/\/now-news.de\/de\/#organization"},"potentialAction":[{"@type":"SearchAction","target":{"@type":"EntryPoint","urlTemplate":"https:\/\/now-news.de\/de\/?s={search_term_string}"},"query-input":"required name=search_term_string"}],"inLanguage":"de"},{"@type":"Organization","@id":"https:\/\/now-news.de\/de\/#organization","name":"Just Now News","url":"https:\/\/now-news.de\/de\/","logo":{"@type":"ImageObject","inLanguage":"de","@id":"https:\/\/now-news.de\/de\/#\/schema\/logo\/image\/","url":"http:\/\/just-now.news\/de\/wp-content\/uploads\/sites\/3\/2022\/04\/logo500x500.jpg","contentUrl":"http:\/\/just-now.news\/de\/wp-content\/uploads\/sites\/3\/2022\/04\/logo500x500.jpg","width":500,"height":500,"caption":"Just Now News"},"image":{"@id":"https:\/\/now-news.de\/de\/#\/schema\/logo\/image\/"},"sameAs":["https:\/\/www.facebook.com\/wirmachenauf","https:\/\/x.com\/WirMachenAuf_de"]},{"@type":"Person","@id":"https:\/\/now-news.de\/de\/#\/schema\/person\/fb534a4e865501d8b3285208df34a9b5","name":"rtnews","image":{"@type":"ImageObject","inLanguage":"de","@id":"https:\/\/now-news.de\/de\/#\/schema\/person\/image\/","url":"https:\/\/secure.gravatar.com\/avatar\/82aafea7d8127119dd649515f56e2117?s=96&d=mm&r=g","contentUrl":"https:\/\/secure.gravatar.com\/avatar\/82aafea7d8127119dd649515f56e2117?s=96&d=mm&r=g","caption":"rtnews"},"url":"https:\/\/now-news.de\/de\/author\/rnews\/"}]}},"_links":{"self":[{"href":"https:\/\/now-news.de\/de\/wp-json\/wp\/v2\/posts\/34975"}],"collection":[{"href":"https:\/\/now-news.de\/de\/wp-json\/wp\/v2\/posts"}],"about":[{"href":"https:\/\/now-news.de\/de\/wp-json\/wp\/v2\/types\/post"}],"author":[{"embeddable":true,"href":"https:\/\/now-news.de\/de\/wp-json\/wp\/v2\/users\/3"}],"replies":[{"embeddable":true,"href":"https:\/\/now-news.de\/de\/wp-json\/wp\/v2\/comments?post=34975"}],"version-history":[{"count":0,"href":"https:\/\/now-news.de\/de\/wp-json\/wp\/v2\/posts\/34975\/revisions"}],"wp:featuredmedia":[{"embeddable":true,"href":"https:\/\/now-news.de\/de\/wp-json\/wp\/v2\/media\/34976"}],"wp:attachment":[{"href":"https:\/\/now-news.de\/de\/wp-json\/wp\/v2\/media?parent=34975"}],"wp:term":[{"taxonomy":"category","embeddable":true,"href":"https:\/\/now-news.de\/de\/wp-json\/wp\/v2\/categories?post=34975"},{"taxonomy":"post_tag","embeddable":true,"href":"https:\/\/now-news.de\/de\/wp-json\/wp\/v2\/tags?post=34975"}],"curies":[{"name":"wp","href":"https:\/\/api.w.org\/{rel}","templated":true}]}}