{"id":34971,"date":"2023-04-28T15:08:36","date_gmt":"2023-04-28T13:08:36","guid":{"rendered":"https:\/\/just-now.news\/de\/deutschland\/der-papst-besucht-ungarn-welche-interessen-teilen-orban-und-franziskus\/"},"modified":"2023-04-28T15:08:36","modified_gmt":"2023-04-28T13:08:36","slug":"der-papst-besucht-ungarn-welche-interessen-teilen-orban-und-franziskus","status":"publish","type":"post","link":"https:\/\/now-news.de\/de\/deutschland\/der-papst-besucht-ungarn-welche-interessen-teilen-orban-und-franziskus\/","title":{"rendered":"Der Papst besucht Ungarn \u2013 Welche Interessen teilen Orb\u00e1n und Franziskus?"},"content":{"rendered":"<p><img decoding=\"async\" src=\"http:\/\/just-now.news\/de\/wp-content\/uploads\/sites\/3\/2023\/04\/644bb2a848fbef76774ae8ef.jpg\" \/><\/p>\n<div class=\"Text-root Text-type_1 \">\n                Bei seinem Besuch in Ungarn nimmt Papst Franziskus ganz unterschiedliche Termine wahr. In der Fl\u00fcchtlingspolitik und in der LBGT-Frage sind Ungarns Ministerpr\u00e4sident Viktor Orb\u00e1n und Papst Franziskus sich nicht einig. Aber im Vorfeld des Papstbesuches wurden auch gemeinsame Interessen erkl\u00e4rt. K\u00f6nnte es zu einem gemeinsamen Friedensappell kommen?\n            <\/div>\n<p><\/p>\n<div class=\"Text-root Text-type_5 ArticleView-text ViewText-root \">\n<p>Am Freitagmorgen reiste Papst Franziskus zu einem dreit\u00e4gigen Besuch nach Ungarn. Es ist die 41. Auslandsreise des 86-j\u00e4hrigen Oberhaupts der katholischen Kirche. <em>Vatican News<\/em> zufolge wird er ein umfangreiches Programm <a rel=\"nofollow noopener\" target=\"_blank\" href=\"https:\/\/www.vaticannews.va\/de\/papst\/news\/2023-04\/papst-apostolische-reise-ungarn-programm-live-detail.html\">absolvieren<\/a>.<\/p>\n<p>Nach Treffen mit Staatspr\u00e4sidentin Katalin Nov\u00e1k und dem ungarischen Ministerpr\u00e4sidenten Viktor Orb\u00e1n wird er am Freitag auch Termine mit Regierungsvertretern, dem Diplomatischen Korps sowie ungarischen Bisch\u00f6fen und Priestern wahrnehmen. Am Samstag wird er tags\u00fcber unter anderem mit &#8220;Armen und Gefl\u00fcchteten&#8221; zusammentreffen, bevor er schlie\u00dflich abends noch einen privaten Termin wahrnimmt: ein &#8220;privates Treffen&#8221; mit Mitgliedern des Jesuitenordens.<\/p>\n<p>Am Sonntag wird er die Heilige Messe zelebrieren und mit einem Besuch der Fakult\u00e4t f\u00fcr Informatik und Bionik der Katholischen P\u00e9ter-P\u00e1zm\u00e1ny-Universit\u00e4t sein Programm abrunden. Nach einer <a rel=\"nofollow noopener\" target=\"_blank\" href=\"https:\/\/www.vaticannews.va\/de\/papst\/news\/2023-04\/papst-franziskus-ungarn-reise-start-treffen-obdachlose-medien.html\">Meldung<\/a> von <em>Vatican News<\/em> vom Freitag wird er von rund 75 Journalisten, Fotografen, Produzenten, Kameraleuten und Technikern begleitet. Nov\u00e1k hat laut\u00a0<em>MDR<\/em> dazu an die Adresse des <a rel=\"nofollow noopener\" target=\"_blank\" href=\"https:\/\/www.mdr.de\/religion\/religion\/franziskus-papst-jesuit-amtsjubilaeum-doku-100.html\">Papstes<\/a> getwittert:<\/p>\n<blockquote>\n<p><em>&#8220;Wir Ungarn erwarten Sie mit sehr viel Liebe und Gebeten. Ich hoffe, wir k\u00f6nnen in Ungarn gemeinsam f\u00fcr Frieden, die Familie und die Erneuerung des Glaubens, f\u00fcr Hoffnung und Liebe beten.&#8221;<\/em><\/p>\n<\/blockquote>\n<p>F\u00fcr den Gottesdienst am Sonntag auf dem Kossuth-Platz vor dem Parlament w\u00fcrden Zehntausende Gl\u00e4ubige erwartet. Es sei \u00fcberraschend, so der <em>MDR<\/em>&#8211;<a rel=\"nofollow noopener\" target=\"_blank\" href=\"https:\/\/www.mdr.de\/nachrichten\/welt\/osteuropa\/politik\/ungarn-papst-orban-100.html\">Bericht<\/a> am Freitag, dass sich auch der Fidesz-Parteigr\u00fcnder Zsolt Bayer auf den Besuch freue. Der pers\u00f6nliche Freund Orb\u00e1ns habe den Papst in der Vergangenheit einen &#8220;dementen Greis oder Dreckskerl&#8221; genannt, der &#8220;verr\u00fcckt geworden&#8221; sei. Jetzt, anl\u00e4sslich des Papstbesuches, habe er die Menschen aufgerufen, zahlreich am zentralen Gottesdienst teilzunehmen.<\/p>\n<p>Zwischen dem protestantischen ungarischen Regierungschef und dem Papst gebe es diverse Meinungsverschiedenheiten, erl\u00e4uterte der <em>MDR<\/em> die diplomatische Herausforderung. Das betreffe nicht nur den Umgang mit Fl\u00fcchtlingen. Noch vor wenigen Wochen habe Franziskus Hunderte Gefl\u00fcchtete im Vatikan empfangen und dabei vor allem auch jenen gedankt, die ihnen bei der Flucht geholfen hatten. Und obwohl die konservativen katholischen Bisch\u00f6fe in Ungarn Orb\u00e1ns restriktive Fl\u00fcchtlingspolitik unterst\u00fctzten, wird sich Franziskus auch in Budapest explizit mit gefl\u00fcchteten Menschen treffen.<\/p>\n<p>Die ungarischen Bisch\u00f6fe unterst\u00fctzten zudem Orb\u00e1ns international kritisierte LGBTQ-feindliche Haltung. Auch die Vorstellung der ungarischen Regierung von einem &#8220;christlichen Abendland&#8221; sei meilenweit entfernt, von der des Vatikans. Trotzdem werde in Budapest derzeit mittels einer Plakat- und Social-Media-Kampagne der christlichen Medienplattform <em>Szeml\u00e9lek<\/em> mit Zitaten von <a rel=\"nofollow noopener\" target=\"_blank\" href=\"https:\/\/www.mdr.de\/religion\/religion\/franziskus-papst-jesuit-amtsjubilaeum-doku-100.html\">Papst Franziskus<\/a> f\u00fcr ein LGBTQ-freundlichen Katholizismus geworben:<\/p>\n<blockquote>\n<p><em>&#8220;Die Bisch\u00f6fe sollten sich mit demselben Sanftmut den Homosexuellen zuwenden, mit dem Gott sein Volk behandelt&#8221;, so ein Papst-Zitat auf Szeml\u00e9lek.<\/em><\/p>\n<\/blockquote>\n<p>Schon aus diesen Gr\u00fcnden werden die innerkirchlichen Gespr\u00e4che w\u00e4hrend des Papstbesuches dem <em>MDR<\/em> zufolge mit Spannung erwartet.<\/p>\n<p>Im Vorfeld des Papstbesuchs habe Nov\u00e1k das katholische Kirchenoberhaupt gelobt, <a rel=\"nofollow noopener\" target=\"_blank\" href=\"https:\/\/www.vaticannews.va\/de\/welt\/news\/2023-04\/ungarn-papst-besuch-praesidentin-katalin-novak-mann-des-friedens.html\">berichtete<\/a>\u00a0<em>Vatican News<\/em> am Donnerstag. Franziskus sei ein Mann des Friedens, habe sie im Interview mit dem katholischen Portal <em>Magyar Kur\u00edr<\/em> erkl\u00e4rt. Den Menschen sei durch die COVID-19-Pandemie und &#8220;den russischen Angriffskrieg&#8221; die Hoffnung auf ein friedliches Leben genommen worden. Sie sei voller Vertrauen, dass Franziskus &#8220;durch seine Friedensbotschaft zu uns zur\u00fcckbringen wird&#8221;. Ihr zufolge hat der Papst in seiner Osterbotschaft seine Rolle als Friedensvermittler deutlich gemacht:<\/p>\n<blockquote>\n<p><em>&#8220;Er verurteilt die russische Aggression, er steht zu den angegriffenen Ukrainern, er ist bereit, eine vermittelnde Rolle zu \u00fcbernehmen&#8221;, so die calvinistische Pr\u00e4sidentin. Gleichzeitig vergesse er aber auch das russische Volk nicht.<\/em><\/p>\n<\/blockquote>\n<p>Im selben Interview habe Nov\u00e1k allerdings auch gesagt, Russland d\u00fcrfe seine Ziele im Krieg mit der Ukraine nicht erreichen und am Ende nicht in ukrainischen Gebieten verbleiben. Ein <a rel=\"nofollow noopener\" target=\"_blank\" href=\"https:\/\/www.domradio.de\/artikel\/der-papst-reist-noch-einmal-nach-ungarn\">Bericht<\/a> des <em>Domradio<\/em> vermittelte am Montag eine andere Perspektive: Demnach habe Ungarns Vatikanbotschafter Eduard Habsburg erst k\u00fcrzlich die Gemeinsamkeiten zwischen Orb\u00e1n und dem Papst erl\u00e4utert.<\/p>\n<blockquote>\n<p><em> &#8220;Orb\u00e1n und der Papst seien die Einzigen, die bei diesem Thema an erster Stelle nicht vom Krieg, sondern von Frieden spr\u00e4chen&#8221;, gab das Domradio Habsburg wieder.<\/em><\/p>\n<\/blockquote>\n<p>Aus unterschiedlichen Motiven verfolgten sowohl Franziskus als auch Orb\u00e1n eine andere Politik gegen\u00fcber Russland und der Ukraine als die meisten Regierenden in Europa. Orb\u00e1n sehe sich als Anwalt der gro\u00dfen ungarischen Minderheit in der Ukraine und halte sich mit Kritik und Sanktionen gegen Moskau zur\u00fcck. Zudem sei Ungarn bei seiner Energieversorgung von Russland abh\u00e4ngig.<\/p>\n<p>Die Interessen der vatikanischen und der ungarischen Au\u00dfenpolitik k\u00f6nnten noch in einem andern Punkt \u00fcbereinstimmen. Schlie\u00dflich habe Orb\u00e1n sich auch als Einziger in der EU nicht an Sanktionen gegen Russlands Patriarchen Kyrill I. beteiligt. Deshalb sei es durchaus m\u00f6glich, hie\u00df es im Bericht des <em>Domradio<\/em>,<\/p>\n<blockquote>\n<p><em>&#8220;dass Orb\u00e1n und Franziskus von Ungarn aus einen gemeinsamen Friedensappell in Richtung Kiew und Moskau lancieren werden. Das w\u00e4re ein Novum f\u00fcr den Papst, der solche Aufrufe sonst nur gemeinsam mit anderen religi\u00f6sen F\u00fchrern verfasst hat.&#8221;<\/em><\/p>\n<\/blockquote>\n<p><strong>Mehr zum Thema<\/strong> &#8211; <a rel=\"nofollow noopener\" target=\"_blank\" href=\"https:\/\/pressefreiheit.rtde.live\/meinung\/167979-ukraine-kampf-um-weltordnung\/\">Ukraine \u2013 vom Stellvertreterkrieg zum Kampf um die Weltordnung<\/a><\/p>\n<\/p>\n<\/div>\n<p><br \/>\n<br \/><a href=\"https:\/\/de.rt.com\/international\/168756-der-papst-besucht-ungarn-welche-interessen-teilen-orban-und-franziskus\/\">Source link <\/a><\/p>\n","protected":false},"excerpt":{"rendered":"<p>Bei seinem Besuch in Ungarn nimmt Papst Franziskus ganz unterschiedliche Termine wahr. In der Fl\u00fcchtlingspolitik und in der LBGT-Frage sind Ungarns Ministerpr\u00e4sident Viktor Orb\u00e1n und Papst Franziskus sich nicht einig. Aber im Vorfeld des Papstbesuches wurden auch gemeinsame Interessen erkl\u00e4rt. K\u00f6nnte es zu einem gemeinsamen Friedensappell kommen? Am Freitagmorgen reiste Papst Franziskus zu einem dreit\u00e4gigen [&hellip;]<\/p>\n","protected":false},"author":3,"featured_media":34972,"comment_status":"open","ping_status":"open","sticky":false,"template":"","format":"standard","meta":{"_yoast_indexnow_last_ping":["1682687517"],"wp_automatic_camp":["217"],"9ab85ca2ac71235e9d885948a830c648":["Der Papst besucht Ungarn \u2013 Welche Interessen teilen Orb\u00e1n und Franziskus?"],"original_link":["https:\/\/de.rt.com\/international\/168756-der-papst-besucht-ungarn-welche-interessen-teilen-orban-und-franziskus\/"],"_thumbnail_id":["34972"],"_wptgpro_p2tg_sent2tg":["a:1:{i:23737;s:19:\"2023-04-28 15:13:02\";}"],"jnews_social_counter_last_update":["1777258531"]},"categories":[19,23],"tags":[4747,82,13270,28396,6397,2665,21468,140,11664,4503],"yoast_head":"<!-- This site is optimized with the Yoast SEO Premium plugin v22.7 (Yoast SEO v22.7) - https:\/\/yoast.com\/wordpress\/plugins\/seo\/ -->\n<title>Der Papst besucht Ungarn \u2013 Welche Interessen teilen Orb\u00e1n und Franziskus? - just-now.NEWS Deutschland<\/title>\n<meta name=\"robots\" content=\"index, follow, max-snippet:-1, max-image-preview:large, max-video-preview:-1\" \/>\n<link rel=\"canonical\" href=\"https:\/\/now-news.de\/de\/deutschland\/der-papst-besucht-ungarn-welche-interessen-teilen-orban-und-franziskus\/\" \/>\n<meta property=\"og:locale\" content=\"de_DE\" \/>\n<meta property=\"og:type\" content=\"article\" \/>\n<meta property=\"og:title\" content=\"Der Papst besucht Ungarn \u2013 Welche Interessen teilen Orb\u00e1n und Franziskus?\" \/>\n<meta property=\"og:description\" content=\"Bei seinem Besuch in Ungarn nimmt Papst Franziskus ganz unterschiedliche Termine wahr. In der Fl\u00fcchtlingspolitik und in der LBGT-Frage sind Ungarns Ministerpr\u00e4sident Viktor Orb\u00e1n und Papst Franziskus sich nicht einig. Aber im Vorfeld des Papstbesuches wurden auch gemeinsame Interessen erkl\u00e4rt. K\u00f6nnte es zu einem gemeinsamen Friedensappell kommen? Am Freitagmorgen reiste Papst Franziskus zu einem dreit\u00e4gigen [&hellip;]\" \/>\n<meta property=\"og:url\" content=\"https:\/\/now-news.de\/de\/deutschland\/der-papst-besucht-ungarn-welche-interessen-teilen-orban-und-franziskus\/\" \/>\n<meta property=\"og:site_name\" content=\"just-now.NEWS Deutschland\" \/>\n<meta property=\"article:publisher\" content=\"https:\/\/www.facebook.com\/wirmachenauf\" \/>\n<meta property=\"article:published_time\" content=\"2023-04-28T13:08:36+00:00\" \/>\n<meta property=\"og:image\" content=\"https:\/\/now-news.de\/de\/wp-content\/uploads\/sites\/3\/2023\/04\/Der-Papst-besucht-Ungarn-\u2013-Welche-Interessen-teilen-Orban-und.jpg\" \/>\n\t<meta property=\"og:image:width\" content=\"460\" \/>\n\t<meta property=\"og:image:height\" content=\"259\" \/>\n\t<meta property=\"og:image:type\" content=\"image\/jpeg\" \/>\n<meta name=\"author\" content=\"rtnews\" \/>\n<meta name=\"twitter:card\" content=\"summary_large_image\" \/>\n<meta name=\"twitter:creator\" content=\"@WirMachenAuf_de\" \/>\n<meta name=\"twitter:site\" content=\"@WirMachenAuf_de\" \/>\n<meta name=\"twitter:label1\" content=\"Verfasst von\" \/>\n\t<meta name=\"twitter:data1\" content=\"rtnews\" \/>\n\t<meta name=\"twitter:label2\" content=\"Gesch\u00e4tzte Lesezeit\" \/>\n\t<meta name=\"twitter:data2\" content=\"4\u00a0Minuten\" \/>\n<script type=\"application\/ld+json\" class=\"yoast-schema-graph\">{\"@context\":\"https:\/\/schema.org\",\"@graph\":[{\"@type\":\"Article\",\"@id\":\"https:\/\/now-news.de\/de\/deutschland\/der-papst-besucht-ungarn-welche-interessen-teilen-orban-und-franziskus\/#article\",\"isPartOf\":{\"@id\":\"https:\/\/now-news.de\/de\/deutschland\/der-papst-besucht-ungarn-welche-interessen-teilen-orban-und-franziskus\/\"},\"author\":{\"name\":\"rtnews\",\"@id\":\"https:\/\/now-news.de\/de\/#\/schema\/person\/fb534a4e865501d8b3285208df34a9b5\"},\"headline\":\"Der Papst besucht Ungarn \u2013 Welche Interessen teilen Orb\u00e1n und Franziskus?\",\"datePublished\":\"2023-04-28T13:08:36+00:00\",\"dateModified\":\"2023-04-28T13:08:36+00:00\",\"mainEntityOfPage\":{\"@id\":\"https:\/\/now-news.de\/de\/deutschland\/der-papst-besucht-ungarn-welche-interessen-teilen-orban-und-franziskus\/\"},\"wordCount\":879,\"commentCount\":0,\"publisher\":{\"@id\":\"https:\/\/now-news.de\/de\/#organization\"},\"image\":{\"@id\":\"https:\/\/now-news.de\/de\/deutschland\/der-papst-besucht-ungarn-welche-interessen-teilen-orban-und-franziskus\/#primaryimage\"},\"thumbnailUrl\":\"https:\/\/now-news.de\/de\/wp-content\/uploads\/sites\/3\/2023\/04\/Der-Papst-besucht-Ungarn-\u2013-Welche-Interessen-teilen-Orban-und.jpg\",\"keywords\":[\"besucht\",\"der\",\"FRANZISKUS\",\"Interessen\",\"Orb\u00e1n\",\"papst\",\"teilen\",\"und\",\"Ungarn\",\"Welche\"],\"articleSection\":[\"Deutschland\",\"Russland\"],\"inLanguage\":\"de\",\"potentialAction\":[{\"@type\":\"CommentAction\",\"name\":\"Comment\",\"target\":[\"https:\/\/now-news.de\/de\/deutschland\/der-papst-besucht-ungarn-welche-interessen-teilen-orban-und-franziskus\/#respond\"]}]},{\"@type\":\"WebPage\",\"@id\":\"https:\/\/now-news.de\/de\/deutschland\/der-papst-besucht-ungarn-welche-interessen-teilen-orban-und-franziskus\/\",\"url\":\"https:\/\/now-news.de\/de\/deutschland\/der-papst-besucht-ungarn-welche-interessen-teilen-orban-und-franziskus\/\",\"name\":\"Der Papst besucht Ungarn \u2013 Welche Interessen teilen Orb\u00e1n und Franziskus? - just-now.NEWS Deutschland\",\"isPartOf\":{\"@id\":\"https:\/\/now-news.de\/de\/#website\"},\"primaryImageOfPage\":{\"@id\":\"https:\/\/now-news.de\/de\/deutschland\/der-papst-besucht-ungarn-welche-interessen-teilen-orban-und-franziskus\/#primaryimage\"},\"image\":{\"@id\":\"https:\/\/now-news.de\/de\/deutschland\/der-papst-besucht-ungarn-welche-interessen-teilen-orban-und-franziskus\/#primaryimage\"},\"thumbnailUrl\":\"https:\/\/now-news.de\/de\/wp-content\/uploads\/sites\/3\/2023\/04\/Der-Papst-besucht-Ungarn-\u2013-Welche-Interessen-teilen-Orban-und.jpg\",\"datePublished\":\"2023-04-28T13:08:36+00:00\",\"dateModified\":\"2023-04-28T13:08:36+00:00\",\"breadcrumb\":{\"@id\":\"https:\/\/now-news.de\/de\/deutschland\/der-papst-besucht-ungarn-welche-interessen-teilen-orban-und-franziskus\/#breadcrumb\"},\"inLanguage\":\"de\",\"potentialAction\":[{\"@type\":\"ReadAction\",\"target\":[\"https:\/\/now-news.de\/de\/deutschland\/der-papst-besucht-ungarn-welche-interessen-teilen-orban-und-franziskus\/\"]}]},{\"@type\":\"ImageObject\",\"inLanguage\":\"de\",\"@id\":\"https:\/\/now-news.de\/de\/deutschland\/der-papst-besucht-ungarn-welche-interessen-teilen-orban-und-franziskus\/#primaryimage\",\"url\":\"https:\/\/now-news.de\/de\/wp-content\/uploads\/sites\/3\/2023\/04\/Der-Papst-besucht-Ungarn-\u2013-Welche-Interessen-teilen-Orban-und.jpg\",\"contentUrl\":\"https:\/\/now-news.de\/de\/wp-content\/uploads\/sites\/3\/2023\/04\/Der-Papst-besucht-Ungarn-\u2013-Welche-Interessen-teilen-Orban-und.jpg\",\"width\":460,\"height\":259,\"caption\":\"Der Papst besucht Ungarn \u2013 Welche Interessen teilen Orb\u00e1n und Franziskus?\"},{\"@type\":\"BreadcrumbList\",\"@id\":\"https:\/\/now-news.de\/de\/deutschland\/der-papst-besucht-ungarn-welche-interessen-teilen-orban-und-franziskus\/#breadcrumb\",\"itemListElement\":[{\"@type\":\"ListItem\",\"position\":1,\"name\":\"Home\",\"item\":\"https:\/\/now-news.de\/de\/\"},{\"@type\":\"ListItem\",\"position\":2,\"name\":\"Der Papst besucht Ungarn \u2013 Welche Interessen teilen Orb\u00e1n und Franziskus?\"}]},{\"@type\":\"WebSite\",\"@id\":\"https:\/\/now-news.de\/de\/#website\",\"url\":\"https:\/\/now-news.de\/de\/\",\"name\":\"just-now.NEWS Deutschland\",\"description\":\"Das Portal f\u00fcr unzensierte Nachrichten aus der Welt\",\"publisher\":{\"@id\":\"https:\/\/now-news.de\/de\/#organization\"},\"potentialAction\":[{\"@type\":\"SearchAction\",\"target\":{\"@type\":\"EntryPoint\",\"urlTemplate\":\"https:\/\/now-news.de\/de\/?s={search_term_string}\"},\"query-input\":\"required name=search_term_string\"}],\"inLanguage\":\"de\"},{\"@type\":\"Organization\",\"@id\":\"https:\/\/now-news.de\/de\/#organization\",\"name\":\"Just Now News\",\"url\":\"https:\/\/now-news.de\/de\/\",\"logo\":{\"@type\":\"ImageObject\",\"inLanguage\":\"de\",\"@id\":\"https:\/\/now-news.de\/de\/#\/schema\/logo\/image\/\",\"url\":\"http:\/\/just-now.news\/de\/wp-content\/uploads\/sites\/3\/2022\/04\/logo500x500.jpg\",\"contentUrl\":\"http:\/\/just-now.news\/de\/wp-content\/uploads\/sites\/3\/2022\/04\/logo500x500.jpg\",\"width\":500,\"height\":500,\"caption\":\"Just Now News\"},\"image\":{\"@id\":\"https:\/\/now-news.de\/de\/#\/schema\/logo\/image\/\"},\"sameAs\":[\"https:\/\/www.facebook.com\/wirmachenauf\",\"https:\/\/x.com\/WirMachenAuf_de\"]},{\"@type\":\"Person\",\"@id\":\"https:\/\/now-news.de\/de\/#\/schema\/person\/fb534a4e865501d8b3285208df34a9b5\",\"name\":\"rtnews\",\"image\":{\"@type\":\"ImageObject\",\"inLanguage\":\"de\",\"@id\":\"https:\/\/now-news.de\/de\/#\/schema\/person\/image\/\",\"url\":\"https:\/\/secure.gravatar.com\/avatar\/82aafea7d8127119dd649515f56e2117?s=96&d=mm&r=g\",\"contentUrl\":\"https:\/\/secure.gravatar.com\/avatar\/82aafea7d8127119dd649515f56e2117?s=96&d=mm&r=g\",\"caption\":\"rtnews\"},\"url\":\"https:\/\/now-news.de\/de\/author\/rnews\/\"}]}<\/script>\n<!-- \/ Yoast SEO Premium plugin. -->","yoast_head_json":{"title":"Der Papst besucht Ungarn \u2013 Welche Interessen teilen Orb\u00e1n und Franziskus? - just-now.NEWS Deutschland","robots":{"index":"index","follow":"follow","max-snippet":"max-snippet:-1","max-image-preview":"max-image-preview:large","max-video-preview":"max-video-preview:-1"},"canonical":"https:\/\/now-news.de\/de\/deutschland\/der-papst-besucht-ungarn-welche-interessen-teilen-orban-und-franziskus\/","og_locale":"de_DE","og_type":"article","og_title":"Der Papst besucht Ungarn \u2013 Welche Interessen teilen Orb\u00e1n und Franziskus?","og_description":"Bei seinem Besuch in Ungarn nimmt Papst Franziskus ganz unterschiedliche Termine wahr. In der Fl\u00fcchtlingspolitik und in der LBGT-Frage sind Ungarns Ministerpr\u00e4sident Viktor Orb\u00e1n und Papst Franziskus sich nicht einig. Aber im Vorfeld des Papstbesuches wurden auch gemeinsame Interessen erkl\u00e4rt. K\u00f6nnte es zu einem gemeinsamen Friedensappell kommen? Am Freitagmorgen reiste Papst Franziskus zu einem dreit\u00e4gigen [&hellip;]","og_url":"https:\/\/now-news.de\/de\/deutschland\/der-papst-besucht-ungarn-welche-interessen-teilen-orban-und-franziskus\/","og_site_name":"just-now.NEWS Deutschland","article_publisher":"https:\/\/www.facebook.com\/wirmachenauf","article_published_time":"2023-04-28T13:08:36+00:00","og_image":[{"width":460,"height":259,"url":"https:\/\/now-news.de\/de\/wp-content\/uploads\/sites\/3\/2023\/04\/Der-Papst-besucht-Ungarn-\u2013-Welche-Interessen-teilen-Orban-und.jpg","type":"image\/jpeg"}],"author":"rtnews","twitter_card":"summary_large_image","twitter_creator":"@WirMachenAuf_de","twitter_site":"@WirMachenAuf_de","twitter_misc":{"Verfasst von":"rtnews","Gesch\u00e4tzte Lesezeit":"4\u00a0Minuten"},"schema":{"@context":"https:\/\/schema.org","@graph":[{"@type":"Article","@id":"https:\/\/now-news.de\/de\/deutschland\/der-papst-besucht-ungarn-welche-interessen-teilen-orban-und-franziskus\/#article","isPartOf":{"@id":"https:\/\/now-news.de\/de\/deutschland\/der-papst-besucht-ungarn-welche-interessen-teilen-orban-und-franziskus\/"},"author":{"name":"rtnews","@id":"https:\/\/now-news.de\/de\/#\/schema\/person\/fb534a4e865501d8b3285208df34a9b5"},"headline":"Der Papst besucht Ungarn \u2013 Welche Interessen teilen Orb\u00e1n und Franziskus?","datePublished":"2023-04-28T13:08:36+00:00","dateModified":"2023-04-28T13:08:36+00:00","mainEntityOfPage":{"@id":"https:\/\/now-news.de\/de\/deutschland\/der-papst-besucht-ungarn-welche-interessen-teilen-orban-und-franziskus\/"},"wordCount":879,"commentCount":0,"publisher":{"@id":"https:\/\/now-news.de\/de\/#organization"},"image":{"@id":"https:\/\/now-news.de\/de\/deutschland\/der-papst-besucht-ungarn-welche-interessen-teilen-orban-und-franziskus\/#primaryimage"},"thumbnailUrl":"https:\/\/now-news.de\/de\/wp-content\/uploads\/sites\/3\/2023\/04\/Der-Papst-besucht-Ungarn-\u2013-Welche-Interessen-teilen-Orban-und.jpg","keywords":["besucht","der","FRANZISKUS","Interessen","Orb\u00e1n","papst","teilen","und","Ungarn","Welche"],"articleSection":["Deutschland","Russland"],"inLanguage":"de","potentialAction":[{"@type":"CommentAction","name":"Comment","target":["https:\/\/now-news.de\/de\/deutschland\/der-papst-besucht-ungarn-welche-interessen-teilen-orban-und-franziskus\/#respond"]}]},{"@type":"WebPage","@id":"https:\/\/now-news.de\/de\/deutschland\/der-papst-besucht-ungarn-welche-interessen-teilen-orban-und-franziskus\/","url":"https:\/\/now-news.de\/de\/deutschland\/der-papst-besucht-ungarn-welche-interessen-teilen-orban-und-franziskus\/","name":"Der Papst besucht Ungarn \u2013 Welche Interessen teilen Orb\u00e1n und Franziskus? - just-now.NEWS Deutschland","isPartOf":{"@id":"https:\/\/now-news.de\/de\/#website"},"primaryImageOfPage":{"@id":"https:\/\/now-news.de\/de\/deutschland\/der-papst-besucht-ungarn-welche-interessen-teilen-orban-und-franziskus\/#primaryimage"},"image":{"@id":"https:\/\/now-news.de\/de\/deutschland\/der-papst-besucht-ungarn-welche-interessen-teilen-orban-und-franziskus\/#primaryimage"},"thumbnailUrl":"https:\/\/now-news.de\/de\/wp-content\/uploads\/sites\/3\/2023\/04\/Der-Papst-besucht-Ungarn-\u2013-Welche-Interessen-teilen-Orban-und.jpg","datePublished":"2023-04-28T13:08:36+00:00","dateModified":"2023-04-28T13:08:36+00:00","breadcrumb":{"@id":"https:\/\/now-news.de\/de\/deutschland\/der-papst-besucht-ungarn-welche-interessen-teilen-orban-und-franziskus\/#breadcrumb"},"inLanguage":"de","potentialAction":[{"@type":"ReadAction","target":["https:\/\/now-news.de\/de\/deutschland\/der-papst-besucht-ungarn-welche-interessen-teilen-orban-und-franziskus\/"]}]},{"@type":"ImageObject","inLanguage":"de","@id":"https:\/\/now-news.de\/de\/deutschland\/der-papst-besucht-ungarn-welche-interessen-teilen-orban-und-franziskus\/#primaryimage","url":"https:\/\/now-news.de\/de\/wp-content\/uploads\/sites\/3\/2023\/04\/Der-Papst-besucht-Ungarn-\u2013-Welche-Interessen-teilen-Orban-und.jpg","contentUrl":"https:\/\/now-news.de\/de\/wp-content\/uploads\/sites\/3\/2023\/04\/Der-Papst-besucht-Ungarn-\u2013-Welche-Interessen-teilen-Orban-und.jpg","width":460,"height":259,"caption":"Der Papst besucht Ungarn \u2013 Welche Interessen teilen Orb\u00e1n und Franziskus?"},{"@type":"BreadcrumbList","@id":"https:\/\/now-news.de\/de\/deutschland\/der-papst-besucht-ungarn-welche-interessen-teilen-orban-und-franziskus\/#breadcrumb","itemListElement":[{"@type":"ListItem","position":1,"name":"Home","item":"https:\/\/now-news.de\/de\/"},{"@type":"ListItem","position":2,"name":"Der Papst besucht Ungarn \u2013 Welche Interessen teilen Orb\u00e1n und Franziskus?"}]},{"@type":"WebSite","@id":"https:\/\/now-news.de\/de\/#website","url":"https:\/\/now-news.de\/de\/","name":"just-now.NEWS Deutschland","description":"Das Portal f\u00fcr unzensierte Nachrichten aus der Welt","publisher":{"@id":"https:\/\/now-news.de\/de\/#organization"},"potentialAction":[{"@type":"SearchAction","target":{"@type":"EntryPoint","urlTemplate":"https:\/\/now-news.de\/de\/?s={search_term_string}"},"query-input":"required name=search_term_string"}],"inLanguage":"de"},{"@type":"Organization","@id":"https:\/\/now-news.de\/de\/#organization","name":"Just Now News","url":"https:\/\/now-news.de\/de\/","logo":{"@type":"ImageObject","inLanguage":"de","@id":"https:\/\/now-news.de\/de\/#\/schema\/logo\/image\/","url":"http:\/\/just-now.news\/de\/wp-content\/uploads\/sites\/3\/2022\/04\/logo500x500.jpg","contentUrl":"http:\/\/just-now.news\/de\/wp-content\/uploads\/sites\/3\/2022\/04\/logo500x500.jpg","width":500,"height":500,"caption":"Just Now News"},"image":{"@id":"https:\/\/now-news.de\/de\/#\/schema\/logo\/image\/"},"sameAs":["https:\/\/www.facebook.com\/wirmachenauf","https:\/\/x.com\/WirMachenAuf_de"]},{"@type":"Person","@id":"https:\/\/now-news.de\/de\/#\/schema\/person\/fb534a4e865501d8b3285208df34a9b5","name":"rtnews","image":{"@type":"ImageObject","inLanguage":"de","@id":"https:\/\/now-news.de\/de\/#\/schema\/person\/image\/","url":"https:\/\/secure.gravatar.com\/avatar\/82aafea7d8127119dd649515f56e2117?s=96&d=mm&r=g","contentUrl":"https:\/\/secure.gravatar.com\/avatar\/82aafea7d8127119dd649515f56e2117?s=96&d=mm&r=g","caption":"rtnews"},"url":"https:\/\/now-news.de\/de\/author\/rnews\/"}]}},"_links":{"self":[{"href":"https:\/\/now-news.de\/de\/wp-json\/wp\/v2\/posts\/34971"}],"collection":[{"href":"https:\/\/now-news.de\/de\/wp-json\/wp\/v2\/posts"}],"about":[{"href":"https:\/\/now-news.de\/de\/wp-json\/wp\/v2\/types\/post"}],"author":[{"embeddable":true,"href":"https:\/\/now-news.de\/de\/wp-json\/wp\/v2\/users\/3"}],"replies":[{"embeddable":true,"href":"https:\/\/now-news.de\/de\/wp-json\/wp\/v2\/comments?post=34971"}],"version-history":[{"count":0,"href":"https:\/\/now-news.de\/de\/wp-json\/wp\/v2\/posts\/34971\/revisions"}],"wp:featuredmedia":[{"embeddable":true,"href":"https:\/\/now-news.de\/de\/wp-json\/wp\/v2\/media\/34972"}],"wp:attachment":[{"href":"https:\/\/now-news.de\/de\/wp-json\/wp\/v2\/media?parent=34971"}],"wp:term":[{"taxonomy":"category","embeddable":true,"href":"https:\/\/now-news.de\/de\/wp-json\/wp\/v2\/categories?post=34971"},{"taxonomy":"post_tag","embeddable":true,"href":"https:\/\/now-news.de\/de\/wp-json\/wp\/v2\/tags?post=34971"}],"curies":[{"name":"wp","href":"https:\/\/api.w.org\/{rel}","templated":true}]}}