{"id":34949,"date":"2023-04-28T09:30:19","date_gmt":"2023-04-28T07:30:19","guid":{"rendered":"https:\/\/just-now.news\/de\/deutschland\/naechste-streiks-werden-laenger-dauern-eisenbahnergewerkschaft-koennte-bahn-wochenlang-lahmlegen\/"},"modified":"2023-04-28T09:30:19","modified_gmt":"2023-04-28T07:30:19","slug":"naechste-streiks-werden-laenger-dauern-eisenbahnergewerkschaft-koennte-bahn-wochenlang-lahmlegen","status":"publish","type":"post","link":"https:\/\/now-news.de\/de\/deutschland\/naechste-streiks-werden-laenger-dauern-eisenbahnergewerkschaft-koennte-bahn-wochenlang-lahmlegen\/","title":{"rendered":"&quot;N\u00e4chste Streiks werden l\u00e4nger dauern&quot; \u2013 Eisenbahnergewerkschaft k\u00f6nnte Bahn wochenlang lahmlegen"},"content":{"rendered":"<p><img decoding=\"async\" src=\"http:\/\/just-now.news\/de\/wp-content\/uploads\/sites\/3\/2023\/04\/644b6b4848fbef47e4466820.jpg\" \/><\/p>\n<div class=\"Text-root Text-type_1 \">\n                Zwar spricht der Personalvorstand der Bahn AG Martin Seiler vom angeblich &#8220;h\u00f6chsten Angebot ihrer Geschichte&#8221;, doch die Eisenbahnergewerkschaft droht weiter mit ausgedehnten Streiks, die den Bahnverkehr in Deutschland \u00fcber Wochen lahmlegen k\u00f6nnten.\n            <\/div>\n<p><\/p>\n<div class=\"Text-root Text-type_5 ArticleView-text ViewText-root \">\n<p>Im Tarifkonflikt zwischen der Deutschen Bahn AG und der Eisenbahnergewerkschaft EVG stehen die Signale weiter auf Arbeitskampf. Zwar bezeichnete Martin Seiler als Personalvorstand das Angebot der Bahn am Mittwoch als das angeblich h\u00f6chste in ihrer Geschichte, doch die EVG droht dennoch mit l\u00e4ngeren Streiks als bisher.<\/p>\n<p>&#8220;Die n\u00e4chsten Streiks werden l\u00e4nger dauern&#8221;, sagte die EVG-Verhandlungsf\u00fchrerin Cosima Ingenschay gegen\u00fcber der <em>S\u00fcddeutschen Zeitung<\/em>. Die EVG k\u00f6nne \u2013 wenn n\u00f6tig \u2013 die Deutsche Bahn AG wochenlang lahmlegen, hei\u00dft es in einem Vorabbericht der Zeitung.<\/p>\n<p>Demnach sei denkbar, dass die EVG unter ihren Mitgliedern nacheinander unterschiedliche Berufsgruppen, etwa Zugbegleiter und Instandhalter, im Wechsel zum Streik aufrufe oder auch unterschiedliche regionale Schwerpunkte setze.<\/p>\n<p>&#8220;Es ist die Bahn, die die neuen Streiks provoziert&#8221;, so Ingenschay gegen\u00fcber der <em>S\u00fcddeutschen<\/em>. Laut der Gewerkschaftsvertreterin ignoriere die Bahn die Vorbedingungen ihrer Gewerkschaft. So m\u00fcsse die Bahn vor allem endlich zustimmen, im neuen Tarifvertrag den gesetzlichen Mindestlohn in H\u00f6he von zw\u00f6lf Euro festzuschreiben.<\/p>\n<p>Beide Konfliktparteien werfen der jeweils anderen Seite vor, nicht verhandlungsbereit zu sein. Seiler hatte am Mittwoch erkl\u00e4rt, das Angebot der Bahn umfasse zehn Prozent mehr Lohn f\u00fcr untere und mittlere Einkommen sowie acht Prozent mehr Geld f\u00fcr h\u00f6here Einkommen und zus\u00e4tzlich noch dazu 2.850 Euro Inflationsausgleichspr\u00e4mie f\u00fcr alle.<\/p>\n<p>Die Gewerkschaft EVG fordert hingegen zw\u00f6lf Prozent mehr Lohn, mindestens aber 650 Euro im Monat mehr. Die EVG verhandelt f\u00fcr rund 230.000 Besch\u00e4ftigte bei rund 50 Bahn- und Busunternehmen. Sie hatte am vergangenen Freitag mit einem achtst\u00fcndigen Warnstreik den Bahnverkehr in ganz Deutschland weitgehend lahmgelegt.<\/p>\n<p><strong>Mehr zum Thema<\/strong> \u2013 <a rel=\"nofollow noopener\" target=\"_blank\" href=\"https:\/\/de.rt.com\/kurzclips\/video\/167317-gewerkschaften-sind-teil-staates-streiks\/\">&#8220;Gewerkschaften sind Teil des Staates&#8221; \u2013 Streiks legen Deutschland lahm und sind dennoch wirkungslos<\/a><\/p>\n<div class=\"EmbedBlock-root EmbedBlock-externalVideo EmbedBlock-vk\">\n<div class=\"VkEmbed\"><iframe class=\"lazyload\" data-src=\"https:\/\/vk.com\/video_ext.php?oid=-134310637&amp;id=456266194&amp;hash=daae959b9ea9a8ae\" frameborder=\"0\" width=\"853\" height=\"480\" allowfullscreen><\/iframe><\/div>\n<\/div>\n<\/div>\n<p><br \/>\n<br \/><a href=\"https:\/\/de.rt.com\/inland\/168731-naechste-streiks-werden-laenger-dauern-eisenbahngewerkschaft-koennte-bahn-wochenlang-lahmlegen\/\">Source link <\/a><\/p>\n","protected":false},"excerpt":{"rendered":"<p>Zwar spricht der Personalvorstand der Bahn AG Martin Seiler vom angeblich &#8220;h\u00f6chsten Angebot ihrer Geschichte&#8221;, doch die Eisenbahnergewerkschaft droht weiter mit ausgedehnten Streiks, die den Bahnverkehr in Deutschland \u00fcber Wochen lahmlegen k\u00f6nnten. Im Tarifkonflikt zwischen der Deutschen Bahn AG und der Eisenbahnergewerkschaft EVG stehen die Signale weiter auf Arbeitskampf. Zwar bezeichnete Martin Seiler als Personalvorstand [&hellip;]<\/p>\n","protected":false},"author":3,"featured_media":34950,"comment_status":"open","ping_status":"open","sticky":false,"template":"","format":"standard","meta":{"_yoast_indexnow_last_ping":["1682667298"],"wp_automatic_camp":["217"],"3bf2f5fd1b36d490c8109ab78a35ffd3":["&quot;N\u00e4chste Streiks werden l\u00e4nger dauern&quot; \u2013 Eisenbahnergewerkschaft k\u00f6nnte Bahn wochenlang lahmlegen"],"original_link":["https:\/\/de.rt.com\/inland\/168731-naechste-streiks-werden-laenger-dauern-eisenbahngewerkschaft-koennte-bahn-wochenlang-lahmlegen\/"],"_thumbnail_id":["34950"],"_wptgpro_p2tg_sent2tg":["a:1:{i:23737;s:19:\"2023-04-28 09:35:59\";}"],"jnews_social_counter_last_update":["1777337885"]},"categories":[19,23],"tags":[21087,39866,43635,970,43637,9431,26543,31410,1040,43636],"yoast_head":"<!-- This site is optimized with the Yoast SEO Premium plugin v22.7 (Yoast SEO v22.7) - https:\/\/yoast.com\/wordpress\/plugins\/seo\/ -->\n<title>&quot;N\u00e4chste Streiks werden l\u00e4nger dauern&quot; \u2013 Eisenbahnergewerkschaft k\u00f6nnte Bahn wochenlang lahmlegen - just-now.NEWS Deutschland<\/title>\n<meta name=\"robots\" content=\"index, follow, max-snippet:-1, max-image-preview:large, max-video-preview:-1\" \/>\n<link rel=\"canonical\" href=\"https:\/\/now-news.de\/de\/deutschland\/naechste-streiks-werden-laenger-dauern-eisenbahnergewerkschaft-koennte-bahn-wochenlang-lahmlegen\/\" \/>\n<meta property=\"og:locale\" content=\"de_DE\" \/>\n<meta property=\"og:type\" content=\"article\" \/>\n<meta property=\"og:title\" content=\"&quot;N\u00e4chste Streiks werden l\u00e4nger dauern&quot; \u2013 Eisenbahnergewerkschaft k\u00f6nnte Bahn wochenlang lahmlegen\" \/>\n<meta property=\"og:description\" content=\"Zwar spricht der Personalvorstand der Bahn AG Martin Seiler vom angeblich &#8220;h\u00f6chsten Angebot ihrer Geschichte&#8221;, doch die Eisenbahnergewerkschaft droht weiter mit ausgedehnten Streiks, die den Bahnverkehr in Deutschland \u00fcber Wochen lahmlegen k\u00f6nnten. Im Tarifkonflikt zwischen der Deutschen Bahn AG und der Eisenbahnergewerkschaft EVG stehen die Signale weiter auf Arbeitskampf. Zwar bezeichnete Martin Seiler als Personalvorstand [&hellip;]\" \/>\n<meta property=\"og:url\" content=\"https:\/\/now-news.de\/de\/deutschland\/naechste-streiks-werden-laenger-dauern-eisenbahnergewerkschaft-koennte-bahn-wochenlang-lahmlegen\/\" \/>\n<meta property=\"og:site_name\" content=\"just-now.NEWS Deutschland\" \/>\n<meta property=\"article:publisher\" content=\"https:\/\/www.facebook.com\/wirmachenauf\" \/>\n<meta property=\"article:published_time\" content=\"2023-04-28T07:30:19+00:00\" \/>\n<meta property=\"og:image\" content=\"https:\/\/now-news.de\/de\/wp-content\/uploads\/sites\/3\/2023\/04\/quotNaechste-Streiks-werden-laenger-dauernquot-\u2013-Eisenbahnergewerkschaft-koennte-Bahn-wochenlang.jpg\" \/>\n\t<meta property=\"og:image:width\" content=\"460\" \/>\n\t<meta property=\"og:image:height\" content=\"259\" \/>\n\t<meta property=\"og:image:type\" content=\"image\/jpeg\" \/>\n<meta name=\"author\" content=\"rtnews\" \/>\n<meta name=\"twitter:card\" content=\"summary_large_image\" \/>\n<meta name=\"twitter:creator\" content=\"@WirMachenAuf_de\" \/>\n<meta name=\"twitter:site\" content=\"@WirMachenAuf_de\" \/>\n<meta name=\"twitter:label1\" content=\"Verfasst von\" \/>\n\t<meta name=\"twitter:data1\" content=\"rtnews\" \/>\n\t<meta name=\"twitter:label2\" content=\"Gesch\u00e4tzte Lesezeit\" \/>\n\t<meta name=\"twitter:data2\" content=\"2\u00a0Minuten\" \/>\n<script type=\"application\/ld+json\" class=\"yoast-schema-graph\">{\"@context\":\"https:\/\/schema.org\",\"@graph\":[{\"@type\":\"Article\",\"@id\":\"https:\/\/now-news.de\/de\/deutschland\/naechste-streiks-werden-laenger-dauern-eisenbahnergewerkschaft-koennte-bahn-wochenlang-lahmlegen\/#article\",\"isPartOf\":{\"@id\":\"https:\/\/now-news.de\/de\/deutschland\/naechste-streiks-werden-laenger-dauern-eisenbahnergewerkschaft-koennte-bahn-wochenlang-lahmlegen\/\"},\"author\":{\"name\":\"rtnews\",\"@id\":\"https:\/\/now-news.de\/de\/#\/schema\/person\/fb534a4e865501d8b3285208df34a9b5\"},\"headline\":\"&quot;N\u00e4chste Streiks werden l\u00e4nger dauern&quot; \u2013 Eisenbahnergewerkschaft k\u00f6nnte Bahn wochenlang lahmlegen\",\"datePublished\":\"2023-04-28T07:30:19+00:00\",\"dateModified\":\"2023-04-28T07:30:19+00:00\",\"mainEntityOfPage\":{\"@id\":\"https:\/\/now-news.de\/de\/deutschland\/naechste-streiks-werden-laenger-dauern-eisenbahnergewerkschaft-koennte-bahn-wochenlang-lahmlegen\/\"},\"wordCount\":333,\"commentCount\":0,\"publisher\":{\"@id\":\"https:\/\/now-news.de\/de\/#organization\"},\"image\":{\"@id\":\"https:\/\/now-news.de\/de\/deutschland\/naechste-streiks-werden-laenger-dauern-eisenbahnergewerkschaft-koennte-bahn-wochenlang-lahmlegen\/#primaryimage\"},\"thumbnailUrl\":\"https:\/\/now-news.de\/de\/wp-content\/uploads\/sites\/3\/2023\/04\/quotNaechste-Streiks-werden-laenger-dauernquot-\u2013-Eisenbahnergewerkschaft-koennte-Bahn-wochenlang.jpg\",\"keywords\":[\"Bahn\",\"dauernquot\",\"Eisenbahnergewerkschaft\",\"K\u00f6nnte\",\"lahmlegen\",\"langer\",\"quotN\u00e4chste\",\"Streiks\",\"Werden\",\"wochenlang\"],\"articleSection\":[\"Deutschland\",\"Russland\"],\"inLanguage\":\"de\",\"potentialAction\":[{\"@type\":\"CommentAction\",\"name\":\"Comment\",\"target\":[\"https:\/\/now-news.de\/de\/deutschland\/naechste-streiks-werden-laenger-dauern-eisenbahnergewerkschaft-koennte-bahn-wochenlang-lahmlegen\/#respond\"]}]},{\"@type\":\"WebPage\",\"@id\":\"https:\/\/now-news.de\/de\/deutschland\/naechste-streiks-werden-laenger-dauern-eisenbahnergewerkschaft-koennte-bahn-wochenlang-lahmlegen\/\",\"url\":\"https:\/\/now-news.de\/de\/deutschland\/naechste-streiks-werden-laenger-dauern-eisenbahnergewerkschaft-koennte-bahn-wochenlang-lahmlegen\/\",\"name\":\"&quot;N\u00e4chste Streiks werden l\u00e4nger dauern&quot; \u2013 Eisenbahnergewerkschaft k\u00f6nnte Bahn wochenlang lahmlegen - just-now.NEWS Deutschland\",\"isPartOf\":{\"@id\":\"https:\/\/now-news.de\/de\/#website\"},\"primaryImageOfPage\":{\"@id\":\"https:\/\/now-news.de\/de\/deutschland\/naechste-streiks-werden-laenger-dauern-eisenbahnergewerkschaft-koennte-bahn-wochenlang-lahmlegen\/#primaryimage\"},\"image\":{\"@id\":\"https:\/\/now-news.de\/de\/deutschland\/naechste-streiks-werden-laenger-dauern-eisenbahnergewerkschaft-koennte-bahn-wochenlang-lahmlegen\/#primaryimage\"},\"thumbnailUrl\":\"https:\/\/now-news.de\/de\/wp-content\/uploads\/sites\/3\/2023\/04\/quotNaechste-Streiks-werden-laenger-dauernquot-\u2013-Eisenbahnergewerkschaft-koennte-Bahn-wochenlang.jpg\",\"datePublished\":\"2023-04-28T07:30:19+00:00\",\"dateModified\":\"2023-04-28T07:30:19+00:00\",\"breadcrumb\":{\"@id\":\"https:\/\/now-news.de\/de\/deutschland\/naechste-streiks-werden-laenger-dauern-eisenbahnergewerkschaft-koennte-bahn-wochenlang-lahmlegen\/#breadcrumb\"},\"inLanguage\":\"de\",\"potentialAction\":[{\"@type\":\"ReadAction\",\"target\":[\"https:\/\/now-news.de\/de\/deutschland\/naechste-streiks-werden-laenger-dauern-eisenbahnergewerkschaft-koennte-bahn-wochenlang-lahmlegen\/\"]}]},{\"@type\":\"ImageObject\",\"inLanguage\":\"de\",\"@id\":\"https:\/\/now-news.de\/de\/deutschland\/naechste-streiks-werden-laenger-dauern-eisenbahnergewerkschaft-koennte-bahn-wochenlang-lahmlegen\/#primaryimage\",\"url\":\"https:\/\/now-news.de\/de\/wp-content\/uploads\/sites\/3\/2023\/04\/quotNaechste-Streiks-werden-laenger-dauernquot-\u2013-Eisenbahnergewerkschaft-koennte-Bahn-wochenlang.jpg\",\"contentUrl\":\"https:\/\/now-news.de\/de\/wp-content\/uploads\/sites\/3\/2023\/04\/quotNaechste-Streiks-werden-laenger-dauernquot-\u2013-Eisenbahnergewerkschaft-koennte-Bahn-wochenlang.jpg\",\"width\":460,\"height\":259,\"caption\":\"&quot;N\u00e4chste Streiks werden l\u00e4nger dauern&quot; \u2013 Eisenbahnergewerkschaft k\u00f6nnte Bahn wochenlang lahmlegen\"},{\"@type\":\"BreadcrumbList\",\"@id\":\"https:\/\/now-news.de\/de\/deutschland\/naechste-streiks-werden-laenger-dauern-eisenbahnergewerkschaft-koennte-bahn-wochenlang-lahmlegen\/#breadcrumb\",\"itemListElement\":[{\"@type\":\"ListItem\",\"position\":1,\"name\":\"Home\",\"item\":\"https:\/\/now-news.de\/de\/\"},{\"@type\":\"ListItem\",\"position\":2,\"name\":\"&quot;N\u00e4chste Streiks werden l\u00e4nger dauern&quot; \u2013 Eisenbahnergewerkschaft k\u00f6nnte Bahn wochenlang lahmlegen\"}]},{\"@type\":\"WebSite\",\"@id\":\"https:\/\/now-news.de\/de\/#website\",\"url\":\"https:\/\/now-news.de\/de\/\",\"name\":\"just-now.NEWS Deutschland\",\"description\":\"Das Portal f\u00fcr unzensierte Nachrichten aus der Welt\",\"publisher\":{\"@id\":\"https:\/\/now-news.de\/de\/#organization\"},\"potentialAction\":[{\"@type\":\"SearchAction\",\"target\":{\"@type\":\"EntryPoint\",\"urlTemplate\":\"https:\/\/now-news.de\/de\/?s={search_term_string}\"},\"query-input\":\"required name=search_term_string\"}],\"inLanguage\":\"de\"},{\"@type\":\"Organization\",\"@id\":\"https:\/\/now-news.de\/de\/#organization\",\"name\":\"Just Now News\",\"url\":\"https:\/\/now-news.de\/de\/\",\"logo\":{\"@type\":\"ImageObject\",\"inLanguage\":\"de\",\"@id\":\"https:\/\/now-news.de\/de\/#\/schema\/logo\/image\/\",\"url\":\"http:\/\/just-now.news\/de\/wp-content\/uploads\/sites\/3\/2022\/04\/logo500x500.jpg\",\"contentUrl\":\"http:\/\/just-now.news\/de\/wp-content\/uploads\/sites\/3\/2022\/04\/logo500x500.jpg\",\"width\":500,\"height\":500,\"caption\":\"Just Now News\"},\"image\":{\"@id\":\"https:\/\/now-news.de\/de\/#\/schema\/logo\/image\/\"},\"sameAs\":[\"https:\/\/www.facebook.com\/wirmachenauf\",\"https:\/\/x.com\/WirMachenAuf_de\"]},{\"@type\":\"Person\",\"@id\":\"https:\/\/now-news.de\/de\/#\/schema\/person\/fb534a4e865501d8b3285208df34a9b5\",\"name\":\"rtnews\",\"image\":{\"@type\":\"ImageObject\",\"inLanguage\":\"de\",\"@id\":\"https:\/\/now-news.de\/de\/#\/schema\/person\/image\/\",\"url\":\"https:\/\/secure.gravatar.com\/avatar\/82aafea7d8127119dd649515f56e2117?s=96&d=mm&r=g\",\"contentUrl\":\"https:\/\/secure.gravatar.com\/avatar\/82aafea7d8127119dd649515f56e2117?s=96&d=mm&r=g\",\"caption\":\"rtnews\"},\"url\":\"https:\/\/now-news.de\/de\/author\/rnews\/\"}]}<\/script>\n<!-- \/ Yoast SEO Premium plugin. -->","yoast_head_json":{"title":"&quot;N\u00e4chste Streiks werden l\u00e4nger dauern&quot; \u2013 Eisenbahnergewerkschaft k\u00f6nnte Bahn wochenlang lahmlegen - just-now.NEWS Deutschland","robots":{"index":"index","follow":"follow","max-snippet":"max-snippet:-1","max-image-preview":"max-image-preview:large","max-video-preview":"max-video-preview:-1"},"canonical":"https:\/\/now-news.de\/de\/deutschland\/naechste-streiks-werden-laenger-dauern-eisenbahnergewerkschaft-koennte-bahn-wochenlang-lahmlegen\/","og_locale":"de_DE","og_type":"article","og_title":"&quot;N\u00e4chste Streiks werden l\u00e4nger dauern&quot; \u2013 Eisenbahnergewerkschaft k\u00f6nnte Bahn wochenlang lahmlegen","og_description":"Zwar spricht der Personalvorstand der Bahn AG Martin Seiler vom angeblich &#8220;h\u00f6chsten Angebot ihrer Geschichte&#8221;, doch die Eisenbahnergewerkschaft droht weiter mit ausgedehnten Streiks, die den Bahnverkehr in Deutschland \u00fcber Wochen lahmlegen k\u00f6nnten. Im Tarifkonflikt zwischen der Deutschen Bahn AG und der Eisenbahnergewerkschaft EVG stehen die Signale weiter auf Arbeitskampf. Zwar bezeichnete Martin Seiler als Personalvorstand [&hellip;]","og_url":"https:\/\/now-news.de\/de\/deutschland\/naechste-streiks-werden-laenger-dauern-eisenbahnergewerkschaft-koennte-bahn-wochenlang-lahmlegen\/","og_site_name":"just-now.NEWS Deutschland","article_publisher":"https:\/\/www.facebook.com\/wirmachenauf","article_published_time":"2023-04-28T07:30:19+00:00","og_image":[{"width":460,"height":259,"url":"https:\/\/now-news.de\/de\/wp-content\/uploads\/sites\/3\/2023\/04\/quotNaechste-Streiks-werden-laenger-dauernquot-\u2013-Eisenbahnergewerkschaft-koennte-Bahn-wochenlang.jpg","type":"image\/jpeg"}],"author":"rtnews","twitter_card":"summary_large_image","twitter_creator":"@WirMachenAuf_de","twitter_site":"@WirMachenAuf_de","twitter_misc":{"Verfasst von":"rtnews","Gesch\u00e4tzte Lesezeit":"2\u00a0Minuten"},"schema":{"@context":"https:\/\/schema.org","@graph":[{"@type":"Article","@id":"https:\/\/now-news.de\/de\/deutschland\/naechste-streiks-werden-laenger-dauern-eisenbahnergewerkschaft-koennte-bahn-wochenlang-lahmlegen\/#article","isPartOf":{"@id":"https:\/\/now-news.de\/de\/deutschland\/naechste-streiks-werden-laenger-dauern-eisenbahnergewerkschaft-koennte-bahn-wochenlang-lahmlegen\/"},"author":{"name":"rtnews","@id":"https:\/\/now-news.de\/de\/#\/schema\/person\/fb534a4e865501d8b3285208df34a9b5"},"headline":"&quot;N\u00e4chste Streiks werden l\u00e4nger dauern&quot; \u2013 Eisenbahnergewerkschaft k\u00f6nnte Bahn wochenlang lahmlegen","datePublished":"2023-04-28T07:30:19+00:00","dateModified":"2023-04-28T07:30:19+00:00","mainEntityOfPage":{"@id":"https:\/\/now-news.de\/de\/deutschland\/naechste-streiks-werden-laenger-dauern-eisenbahnergewerkschaft-koennte-bahn-wochenlang-lahmlegen\/"},"wordCount":333,"commentCount":0,"publisher":{"@id":"https:\/\/now-news.de\/de\/#organization"},"image":{"@id":"https:\/\/now-news.de\/de\/deutschland\/naechste-streiks-werden-laenger-dauern-eisenbahnergewerkschaft-koennte-bahn-wochenlang-lahmlegen\/#primaryimage"},"thumbnailUrl":"https:\/\/now-news.de\/de\/wp-content\/uploads\/sites\/3\/2023\/04\/quotNaechste-Streiks-werden-laenger-dauernquot-\u2013-Eisenbahnergewerkschaft-koennte-Bahn-wochenlang.jpg","keywords":["Bahn","dauernquot","Eisenbahnergewerkschaft","K\u00f6nnte","lahmlegen","langer","quotN\u00e4chste","Streiks","Werden","wochenlang"],"articleSection":["Deutschland","Russland"],"inLanguage":"de","potentialAction":[{"@type":"CommentAction","name":"Comment","target":["https:\/\/now-news.de\/de\/deutschland\/naechste-streiks-werden-laenger-dauern-eisenbahnergewerkschaft-koennte-bahn-wochenlang-lahmlegen\/#respond"]}]},{"@type":"WebPage","@id":"https:\/\/now-news.de\/de\/deutschland\/naechste-streiks-werden-laenger-dauern-eisenbahnergewerkschaft-koennte-bahn-wochenlang-lahmlegen\/","url":"https:\/\/now-news.de\/de\/deutschland\/naechste-streiks-werden-laenger-dauern-eisenbahnergewerkschaft-koennte-bahn-wochenlang-lahmlegen\/","name":"&quot;N\u00e4chste Streiks werden l\u00e4nger dauern&quot; \u2013 Eisenbahnergewerkschaft k\u00f6nnte Bahn wochenlang lahmlegen - just-now.NEWS Deutschland","isPartOf":{"@id":"https:\/\/now-news.de\/de\/#website"},"primaryImageOfPage":{"@id":"https:\/\/now-news.de\/de\/deutschland\/naechste-streiks-werden-laenger-dauern-eisenbahnergewerkschaft-koennte-bahn-wochenlang-lahmlegen\/#primaryimage"},"image":{"@id":"https:\/\/now-news.de\/de\/deutschland\/naechste-streiks-werden-laenger-dauern-eisenbahnergewerkschaft-koennte-bahn-wochenlang-lahmlegen\/#primaryimage"},"thumbnailUrl":"https:\/\/now-news.de\/de\/wp-content\/uploads\/sites\/3\/2023\/04\/quotNaechste-Streiks-werden-laenger-dauernquot-\u2013-Eisenbahnergewerkschaft-koennte-Bahn-wochenlang.jpg","datePublished":"2023-04-28T07:30:19+00:00","dateModified":"2023-04-28T07:30:19+00:00","breadcrumb":{"@id":"https:\/\/now-news.de\/de\/deutschland\/naechste-streiks-werden-laenger-dauern-eisenbahnergewerkschaft-koennte-bahn-wochenlang-lahmlegen\/#breadcrumb"},"inLanguage":"de","potentialAction":[{"@type":"ReadAction","target":["https:\/\/now-news.de\/de\/deutschland\/naechste-streiks-werden-laenger-dauern-eisenbahnergewerkschaft-koennte-bahn-wochenlang-lahmlegen\/"]}]},{"@type":"ImageObject","inLanguage":"de","@id":"https:\/\/now-news.de\/de\/deutschland\/naechste-streiks-werden-laenger-dauern-eisenbahnergewerkschaft-koennte-bahn-wochenlang-lahmlegen\/#primaryimage","url":"https:\/\/now-news.de\/de\/wp-content\/uploads\/sites\/3\/2023\/04\/quotNaechste-Streiks-werden-laenger-dauernquot-\u2013-Eisenbahnergewerkschaft-koennte-Bahn-wochenlang.jpg","contentUrl":"https:\/\/now-news.de\/de\/wp-content\/uploads\/sites\/3\/2023\/04\/quotNaechste-Streiks-werden-laenger-dauernquot-\u2013-Eisenbahnergewerkschaft-koennte-Bahn-wochenlang.jpg","width":460,"height":259,"caption":"&quot;N\u00e4chste Streiks werden l\u00e4nger dauern&quot; \u2013 Eisenbahnergewerkschaft k\u00f6nnte Bahn wochenlang lahmlegen"},{"@type":"BreadcrumbList","@id":"https:\/\/now-news.de\/de\/deutschland\/naechste-streiks-werden-laenger-dauern-eisenbahnergewerkschaft-koennte-bahn-wochenlang-lahmlegen\/#breadcrumb","itemListElement":[{"@type":"ListItem","position":1,"name":"Home","item":"https:\/\/now-news.de\/de\/"},{"@type":"ListItem","position":2,"name":"&quot;N\u00e4chste Streiks werden l\u00e4nger dauern&quot; \u2013 Eisenbahnergewerkschaft k\u00f6nnte Bahn wochenlang lahmlegen"}]},{"@type":"WebSite","@id":"https:\/\/now-news.de\/de\/#website","url":"https:\/\/now-news.de\/de\/","name":"just-now.NEWS Deutschland","description":"Das Portal f\u00fcr unzensierte Nachrichten aus der Welt","publisher":{"@id":"https:\/\/now-news.de\/de\/#organization"},"potentialAction":[{"@type":"SearchAction","target":{"@type":"EntryPoint","urlTemplate":"https:\/\/now-news.de\/de\/?s={search_term_string}"},"query-input":"required name=search_term_string"}],"inLanguage":"de"},{"@type":"Organization","@id":"https:\/\/now-news.de\/de\/#organization","name":"Just Now News","url":"https:\/\/now-news.de\/de\/","logo":{"@type":"ImageObject","inLanguage":"de","@id":"https:\/\/now-news.de\/de\/#\/schema\/logo\/image\/","url":"http:\/\/just-now.news\/de\/wp-content\/uploads\/sites\/3\/2022\/04\/logo500x500.jpg","contentUrl":"http:\/\/just-now.news\/de\/wp-content\/uploads\/sites\/3\/2022\/04\/logo500x500.jpg","width":500,"height":500,"caption":"Just Now News"},"image":{"@id":"https:\/\/now-news.de\/de\/#\/schema\/logo\/image\/"},"sameAs":["https:\/\/www.facebook.com\/wirmachenauf","https:\/\/x.com\/WirMachenAuf_de"]},{"@type":"Person","@id":"https:\/\/now-news.de\/de\/#\/schema\/person\/fb534a4e865501d8b3285208df34a9b5","name":"rtnews","image":{"@type":"ImageObject","inLanguage":"de","@id":"https:\/\/now-news.de\/de\/#\/schema\/person\/image\/","url":"https:\/\/secure.gravatar.com\/avatar\/82aafea7d8127119dd649515f56e2117?s=96&d=mm&r=g","contentUrl":"https:\/\/secure.gravatar.com\/avatar\/82aafea7d8127119dd649515f56e2117?s=96&d=mm&r=g","caption":"rtnews"},"url":"https:\/\/now-news.de\/de\/author\/rnews\/"}]}},"_links":{"self":[{"href":"https:\/\/now-news.de\/de\/wp-json\/wp\/v2\/posts\/34949"}],"collection":[{"href":"https:\/\/now-news.de\/de\/wp-json\/wp\/v2\/posts"}],"about":[{"href":"https:\/\/now-news.de\/de\/wp-json\/wp\/v2\/types\/post"}],"author":[{"embeddable":true,"href":"https:\/\/now-news.de\/de\/wp-json\/wp\/v2\/users\/3"}],"replies":[{"embeddable":true,"href":"https:\/\/now-news.de\/de\/wp-json\/wp\/v2\/comments?post=34949"}],"version-history":[{"count":0,"href":"https:\/\/now-news.de\/de\/wp-json\/wp\/v2\/posts\/34949\/revisions"}],"wp:featuredmedia":[{"embeddable":true,"href":"https:\/\/now-news.de\/de\/wp-json\/wp\/v2\/media\/34950"}],"wp:attachment":[{"href":"https:\/\/now-news.de\/de\/wp-json\/wp\/v2\/media?parent=34949"}],"wp:term":[{"taxonomy":"category","embeddable":true,"href":"https:\/\/now-news.de\/de\/wp-json\/wp\/v2\/categories?post=34949"},{"taxonomy":"post_tag","embeddable":true,"href":"https:\/\/now-news.de\/de\/wp-json\/wp\/v2\/tags?post=34949"}],"curies":[{"name":"wp","href":"https:\/\/api.w.org\/{rel}","templated":true}]}}