{"id":34889,"date":"2023-04-27T16:16:53","date_gmt":"2023-04-27T14:16:53","guid":{"rendered":"http:\/\/just-now.news\/de\/deutschland\/us-marine-iran-beschlagnahmt-oeltanker-unter-der-flagge-der-marshallinseln\/"},"modified":"2023-04-27T16:16:53","modified_gmt":"2023-04-27T14:16:53","slug":"us-marine-iran-beschlagnahmt-oeltanker-unter-der-flagge-der-marshallinseln","status":"publish","type":"post","link":"https:\/\/now-news.de\/de\/deutschland\/us-marine-iran-beschlagnahmt-oeltanker-unter-der-flagge-der-marshallinseln\/","title":{"rendered":"US-Marine: Iran beschlagnahmt \u00d6ltanker unter der Flagge der Marshallinseln"},"content":{"rendered":"<p><img decoding=\"async\" src=\"http:\/\/just-now.news\/de\/wp-content\/uploads\/sites\/3\/2023\/04\/644a75a548fbef476c00600b.jpg\" \/><\/p>\n<div class=\"Text-root Text-type_1 \">\n                Iran soll einen unter der Flagge der Marshallinseln fahrenden \u00d6ltanker inmitten der Spannungen um sein Atomprogramm im Golf von Oman festgesetzt haben. Das Schiff war aus Kuwait ausgelaufen und hatte als Zielort Houston, Texas, angegeben.\n            <\/div>\n<p><\/p>\n<div class=\"Text-root Text-type_5 ArticleView-text ViewText-root \">\n<p>Nach Angaben der US-Marine hat die Iranische Revolutionsgarde\u00a0am Donnerstag im Golf von Oman einen unter der Flagge der Marshall-Inseln fahrenden \u00d6ltanker inmitten der Spannungen um\u00a0das iranische Atomprogramm festgesetzt.<\/p>\n<div class=\"EmbedBlock-root EmbedBlock-twitter\">\n<div class=\"TwitterEmbed\">\n<blockquote class=\"twitter-tweet lazyload\" data-twitter=\"twitter-tweet\">\n<p lang=\"en\" dir=\"ltr\">NAVCENT statement on Iran&#8217;s unlawful seizure of a merchant vessel in the Gulf of Oman today: <a rel=\"nofollow noopener\" target=\"_blank\" href=\"https:\/\/t.co\/EJxcsynA1m\">pic.twitter.com\/EJxcsynA1m<\/a><\/p>\n<p>\u2014 U.S. Naval Forces Central Command\/U.S. 5th Fleet (@US5thFleet) <a rel=\"nofollow noopener\" target=\"_blank\" href=\"https:\/\/twitter.com\/US5thFleet\/status\/1651560354265145344?ref_src=twsrc%5Etfw\">April 27, 2023<\/a><\/p><\/blockquote>\n<\/div>\n<\/div>\n<p>Die im Nahen Osten stationierte 5. Flotte der Marine identifizierte den \u00d6ltanker als &#8220;Advantage Sweet&#8221;. Nach den Satellitenverfolgungsdaten von MarineTraffic.com befand sich das Schiff am Donnerstagnachmittag im Golf von Oman, n\u00f6rdlich der omanischen Hauptstadt Maskat. Es war gerade aus Kuwait\u00a0ausgelaufen und hatte als Zielort Houston, Texas, angegeben.<\/p>\n<p>Das Vorgehen Irans versto\u00dfe gegen das V\u00f6lkerrecht und beeintr\u00e4chtige die regionale Sicherheit und Stabilit\u00e4t, teilte die 5. Flotte in einer Erkl\u00e4rung mit. Und weiter:<\/p>\n<blockquote>\n<p><em> &#8220;Iran sollte den \u00d6ltanker unverz\u00fcglich freilassen.&#8221;<\/em><\/p>\n<\/blockquote>\n<p>Teheran\u00a0hat die Beschlagnahmung bislang noch nicht best\u00e4tigt, und auch die iranische Vertretung bei den Vereinten Nationen reagierte nicht sofort auf eine Bitte um Stellungnahme.<\/p>\n<p>Die US-Marine hatte Iran bereits 2019 f\u00fcr eine Reihe von Haftminenangriffen auf Schiffe verantwortlich gemacht, bei denen Tanker besch\u00e4digt wurden, und ebenso f\u00fcr\u00a0einen t\u00f6dlichen Drohnenangriff auf einen mit Israel verbundenen \u00d6ltanker, bei dem 2021 zwei europ\u00e4ische Besatzungsmitglieder get\u00f6tet wurden.<\/p>\n<p><strong>Mehr zum Thema<\/strong> &#8211; <a rel=\"nofollow noopener\" target=\"_blank\" href=\"https:\/\/de.rt.com\/der-nahe-osten\/154541-vor-kueste-omans-oeltanker-im\/\">Vor der K\u00fcste Omans: \u00d6ltanker eines israelischen Milliard\u00e4rs mit Drohne angegriffen<\/a><\/p>\n<\/div>\n<p><script async src=\"https:\/\/platform.twitter.com\/widgets.js\" charset=\"utf-8\"><\/script><br \/>\n<br \/><br \/>\n<br \/><a href=\"https:\/\/de.rt.com\/der-nahe-osten\/168683-us-marine-iran-beschlagnahmt-oeltanker\/\">Source link <\/a><\/p>\n","protected":false},"excerpt":{"rendered":"<p>Iran soll einen unter der Flagge der Marshallinseln fahrenden \u00d6ltanker inmitten der Spannungen um sein Atomprogramm im Golf von Oman festgesetzt haben. Das Schiff war aus Kuwait ausgelaufen und hatte als Zielort Houston, Texas, angegeben. Nach Angaben der US-Marine hat die Iranische Revolutionsgarde\u00a0am Donnerstag im Golf von Oman einen unter der Flagge der Marshall-Inseln fahrenden [&hellip;]<\/p>\n","protected":false},"author":3,"featured_media":34890,"comment_status":"open","ping_status":"open","sticky":false,"template":"","format":"standard","meta":{"_yoast_indexnow_last_ping":["1682605626"],"wp_automatic_camp":["217"],"51de11fe51171cff56b0351729f91194":["US-Marine: Iran beschlagnahmt \u00d6ltanker unter der Flagge der Marshallinseln"],"original_link":["https:\/\/de.rt.com\/der-nahe-osten\/168683-us-marine-iran-beschlagnahmt-oeltanker\/"],"_thumbnail_id":["34890"],"_wptgpro_p2tg_sent2tg":["a:1:{i:23737;s:19:\"2023-04-27 16:28:08\";}"],"jnews_social_counter_last_update":["1776958254"]},"categories":[19,23],"tags":[4030,82,15922,1786,43589,22081,908,1358],"yoast_head":"<!-- This site is optimized with the Yoast SEO Premium plugin v22.7 (Yoast SEO v22.7) - https:\/\/yoast.com\/wordpress\/plugins\/seo\/ -->\n<title>US-Marine: Iran beschlagnahmt \u00d6ltanker unter der Flagge der Marshallinseln - just-now.NEWS Deutschland<\/title>\n<meta name=\"robots\" content=\"index, follow, max-snippet:-1, max-image-preview:large, max-video-preview:-1\" \/>\n<link rel=\"canonical\" href=\"https:\/\/now-news.de\/de\/deutschland\/us-marine-iran-beschlagnahmt-oeltanker-unter-der-flagge-der-marshallinseln\/\" \/>\n<meta property=\"og:locale\" content=\"de_DE\" \/>\n<meta property=\"og:type\" content=\"article\" \/>\n<meta property=\"og:title\" content=\"US-Marine: Iran beschlagnahmt \u00d6ltanker unter der Flagge der Marshallinseln\" \/>\n<meta property=\"og:description\" content=\"Iran soll einen unter der Flagge der Marshallinseln fahrenden \u00d6ltanker inmitten der Spannungen um sein Atomprogramm im Golf von Oman festgesetzt haben. Das Schiff war aus Kuwait ausgelaufen und hatte als Zielort Houston, Texas, angegeben. Nach Angaben der US-Marine hat die Iranische Revolutionsgarde\u00a0am Donnerstag im Golf von Oman einen unter der Flagge der Marshall-Inseln fahrenden [&hellip;]\" \/>\n<meta property=\"og:url\" content=\"https:\/\/now-news.de\/de\/deutschland\/us-marine-iran-beschlagnahmt-oeltanker-unter-der-flagge-der-marshallinseln\/\" \/>\n<meta property=\"og:site_name\" content=\"just-now.NEWS Deutschland\" \/>\n<meta property=\"article:publisher\" content=\"https:\/\/www.facebook.com\/wirmachenauf\" \/>\n<meta property=\"article:published_time\" content=\"2023-04-27T14:16:53+00:00\" \/>\n<meta property=\"og:image\" content=\"https:\/\/now-news.de\/de\/wp-content\/uploads\/sites\/3\/2023\/04\/US-Marine-Iran-beschlagnahmt-Oeltanker-unter-der-Flagge-der-Marshallinseln.jpg\" \/>\n\t<meta property=\"og:image:width\" content=\"460\" \/>\n\t<meta property=\"og:image:height\" content=\"259\" \/>\n\t<meta property=\"og:image:type\" content=\"image\/jpeg\" \/>\n<meta name=\"author\" content=\"rtnews\" \/>\n<meta name=\"twitter:card\" content=\"summary_large_image\" \/>\n<meta name=\"twitter:creator\" content=\"@WirMachenAuf_de\" \/>\n<meta name=\"twitter:site\" content=\"@WirMachenAuf_de\" \/>\n<meta name=\"twitter:label1\" content=\"Verfasst von\" \/>\n\t<meta name=\"twitter:data1\" content=\"rtnews\" \/>\n\t<meta name=\"twitter:label2\" content=\"Gesch\u00e4tzte Lesezeit\" \/>\n\t<meta name=\"twitter:data2\" content=\"1\u00a0Minute\" \/>\n<script type=\"application\/ld+json\" class=\"yoast-schema-graph\">{\"@context\":\"https:\/\/schema.org\",\"@graph\":[{\"@type\":\"Article\",\"@id\":\"https:\/\/now-news.de\/de\/deutschland\/us-marine-iran-beschlagnahmt-oeltanker-unter-der-flagge-der-marshallinseln\/#article\",\"isPartOf\":{\"@id\":\"https:\/\/now-news.de\/de\/deutschland\/us-marine-iran-beschlagnahmt-oeltanker-unter-der-flagge-der-marshallinseln\/\"},\"author\":{\"name\":\"rtnews\",\"@id\":\"https:\/\/now-news.de\/de\/#\/schema\/person\/fb534a4e865501d8b3285208df34a9b5\"},\"headline\":\"US-Marine: Iran beschlagnahmt \u00d6ltanker unter der Flagge der Marshallinseln\",\"datePublished\":\"2023-04-27T14:16:53+00:00\",\"dateModified\":\"2023-04-27T14:16:53+00:00\",\"mainEntityOfPage\":{\"@id\":\"https:\/\/now-news.de\/de\/deutschland\/us-marine-iran-beschlagnahmt-oeltanker-unter-der-flagge-der-marshallinseln\/\"},\"wordCount\":283,\"commentCount\":0,\"publisher\":{\"@id\":\"https:\/\/now-news.de\/de\/#organization\"},\"image\":{\"@id\":\"https:\/\/now-news.de\/de\/deutschland\/us-marine-iran-beschlagnahmt-oeltanker-unter-der-flagge-der-marshallinseln\/#primaryimage\"},\"thumbnailUrl\":\"https:\/\/now-news.de\/de\/wp-content\/uploads\/sites\/3\/2023\/04\/US-Marine-Iran-beschlagnahmt-Oeltanker-unter-der-Flagge-der-Marshallinseln.jpg\",\"keywords\":[\"beschlagnahmt\",\"der\",\"Flagge\",\"Iran\",\"Marshallinseln\",\"\u00d6ltanker\",\"unter\",\"USMarine\"],\"articleSection\":[\"Deutschland\",\"Russland\"],\"inLanguage\":\"de\",\"potentialAction\":[{\"@type\":\"CommentAction\",\"name\":\"Comment\",\"target\":[\"https:\/\/now-news.de\/de\/deutschland\/us-marine-iran-beschlagnahmt-oeltanker-unter-der-flagge-der-marshallinseln\/#respond\"]}]},{\"@type\":\"WebPage\",\"@id\":\"https:\/\/now-news.de\/de\/deutschland\/us-marine-iran-beschlagnahmt-oeltanker-unter-der-flagge-der-marshallinseln\/\",\"url\":\"https:\/\/now-news.de\/de\/deutschland\/us-marine-iran-beschlagnahmt-oeltanker-unter-der-flagge-der-marshallinseln\/\",\"name\":\"US-Marine: Iran beschlagnahmt \u00d6ltanker unter der Flagge der Marshallinseln - just-now.NEWS Deutschland\",\"isPartOf\":{\"@id\":\"https:\/\/now-news.de\/de\/#website\"},\"primaryImageOfPage\":{\"@id\":\"https:\/\/now-news.de\/de\/deutschland\/us-marine-iran-beschlagnahmt-oeltanker-unter-der-flagge-der-marshallinseln\/#primaryimage\"},\"image\":{\"@id\":\"https:\/\/now-news.de\/de\/deutschland\/us-marine-iran-beschlagnahmt-oeltanker-unter-der-flagge-der-marshallinseln\/#primaryimage\"},\"thumbnailUrl\":\"https:\/\/now-news.de\/de\/wp-content\/uploads\/sites\/3\/2023\/04\/US-Marine-Iran-beschlagnahmt-Oeltanker-unter-der-Flagge-der-Marshallinseln.jpg\",\"datePublished\":\"2023-04-27T14:16:53+00:00\",\"dateModified\":\"2023-04-27T14:16:53+00:00\",\"breadcrumb\":{\"@id\":\"https:\/\/now-news.de\/de\/deutschland\/us-marine-iran-beschlagnahmt-oeltanker-unter-der-flagge-der-marshallinseln\/#breadcrumb\"},\"inLanguage\":\"de\",\"potentialAction\":[{\"@type\":\"ReadAction\",\"target\":[\"https:\/\/now-news.de\/de\/deutschland\/us-marine-iran-beschlagnahmt-oeltanker-unter-der-flagge-der-marshallinseln\/\"]}]},{\"@type\":\"ImageObject\",\"inLanguage\":\"de\",\"@id\":\"https:\/\/now-news.de\/de\/deutschland\/us-marine-iran-beschlagnahmt-oeltanker-unter-der-flagge-der-marshallinseln\/#primaryimage\",\"url\":\"https:\/\/now-news.de\/de\/wp-content\/uploads\/sites\/3\/2023\/04\/US-Marine-Iran-beschlagnahmt-Oeltanker-unter-der-Flagge-der-Marshallinseln.jpg\",\"contentUrl\":\"https:\/\/now-news.de\/de\/wp-content\/uploads\/sites\/3\/2023\/04\/US-Marine-Iran-beschlagnahmt-Oeltanker-unter-der-Flagge-der-Marshallinseln.jpg\",\"width\":460,\"height\":259,\"caption\":\"US-Marine: Iran beschlagnahmt \u00d6ltanker unter der Flagge der Marshallinseln\"},{\"@type\":\"BreadcrumbList\",\"@id\":\"https:\/\/now-news.de\/de\/deutschland\/us-marine-iran-beschlagnahmt-oeltanker-unter-der-flagge-der-marshallinseln\/#breadcrumb\",\"itemListElement\":[{\"@type\":\"ListItem\",\"position\":1,\"name\":\"Home\",\"item\":\"https:\/\/now-news.de\/de\/\"},{\"@type\":\"ListItem\",\"position\":2,\"name\":\"US-Marine: Iran beschlagnahmt \u00d6ltanker unter der Flagge der Marshallinseln\"}]},{\"@type\":\"WebSite\",\"@id\":\"https:\/\/now-news.de\/de\/#website\",\"url\":\"https:\/\/now-news.de\/de\/\",\"name\":\"just-now.NEWS Deutschland\",\"description\":\"Das Portal f\u00fcr unzensierte Nachrichten aus der Welt\",\"publisher\":{\"@id\":\"https:\/\/now-news.de\/de\/#organization\"},\"potentialAction\":[{\"@type\":\"SearchAction\",\"target\":{\"@type\":\"EntryPoint\",\"urlTemplate\":\"https:\/\/now-news.de\/de\/?s={search_term_string}\"},\"query-input\":\"required name=search_term_string\"}],\"inLanguage\":\"de\"},{\"@type\":\"Organization\",\"@id\":\"https:\/\/now-news.de\/de\/#organization\",\"name\":\"Just Now News\",\"url\":\"https:\/\/now-news.de\/de\/\",\"logo\":{\"@type\":\"ImageObject\",\"inLanguage\":\"de\",\"@id\":\"https:\/\/now-news.de\/de\/#\/schema\/logo\/image\/\",\"url\":\"http:\/\/just-now.news\/de\/wp-content\/uploads\/sites\/3\/2022\/04\/logo500x500.jpg\",\"contentUrl\":\"http:\/\/just-now.news\/de\/wp-content\/uploads\/sites\/3\/2022\/04\/logo500x500.jpg\",\"width\":500,\"height\":500,\"caption\":\"Just Now News\"},\"image\":{\"@id\":\"https:\/\/now-news.de\/de\/#\/schema\/logo\/image\/\"},\"sameAs\":[\"https:\/\/www.facebook.com\/wirmachenauf\",\"https:\/\/x.com\/WirMachenAuf_de\"]},{\"@type\":\"Person\",\"@id\":\"https:\/\/now-news.de\/de\/#\/schema\/person\/fb534a4e865501d8b3285208df34a9b5\",\"name\":\"rtnews\",\"image\":{\"@type\":\"ImageObject\",\"inLanguage\":\"de\",\"@id\":\"https:\/\/now-news.de\/de\/#\/schema\/person\/image\/\",\"url\":\"https:\/\/secure.gravatar.com\/avatar\/82aafea7d8127119dd649515f56e2117?s=96&d=mm&r=g\",\"contentUrl\":\"https:\/\/secure.gravatar.com\/avatar\/82aafea7d8127119dd649515f56e2117?s=96&d=mm&r=g\",\"caption\":\"rtnews\"},\"url\":\"https:\/\/now-news.de\/de\/author\/rnews\/\"}]}<\/script>\n<!-- \/ Yoast SEO Premium plugin. -->","yoast_head_json":{"title":"US-Marine: Iran beschlagnahmt \u00d6ltanker unter der Flagge der Marshallinseln - just-now.NEWS Deutschland","robots":{"index":"index","follow":"follow","max-snippet":"max-snippet:-1","max-image-preview":"max-image-preview:large","max-video-preview":"max-video-preview:-1"},"canonical":"https:\/\/now-news.de\/de\/deutschland\/us-marine-iran-beschlagnahmt-oeltanker-unter-der-flagge-der-marshallinseln\/","og_locale":"de_DE","og_type":"article","og_title":"US-Marine: Iran beschlagnahmt \u00d6ltanker unter der Flagge der Marshallinseln","og_description":"Iran soll einen unter der Flagge der Marshallinseln fahrenden \u00d6ltanker inmitten der Spannungen um sein Atomprogramm im Golf von Oman festgesetzt haben. Das Schiff war aus Kuwait ausgelaufen und hatte als Zielort Houston, Texas, angegeben. Nach Angaben der US-Marine hat die Iranische Revolutionsgarde\u00a0am Donnerstag im Golf von Oman einen unter der Flagge der Marshall-Inseln fahrenden [&hellip;]","og_url":"https:\/\/now-news.de\/de\/deutschland\/us-marine-iran-beschlagnahmt-oeltanker-unter-der-flagge-der-marshallinseln\/","og_site_name":"just-now.NEWS Deutschland","article_publisher":"https:\/\/www.facebook.com\/wirmachenauf","article_published_time":"2023-04-27T14:16:53+00:00","og_image":[{"width":460,"height":259,"url":"https:\/\/now-news.de\/de\/wp-content\/uploads\/sites\/3\/2023\/04\/US-Marine-Iran-beschlagnahmt-Oeltanker-unter-der-Flagge-der-Marshallinseln.jpg","type":"image\/jpeg"}],"author":"rtnews","twitter_card":"summary_large_image","twitter_creator":"@WirMachenAuf_de","twitter_site":"@WirMachenAuf_de","twitter_misc":{"Verfasst von":"rtnews","Gesch\u00e4tzte Lesezeit":"1\u00a0Minute"},"schema":{"@context":"https:\/\/schema.org","@graph":[{"@type":"Article","@id":"https:\/\/now-news.de\/de\/deutschland\/us-marine-iran-beschlagnahmt-oeltanker-unter-der-flagge-der-marshallinseln\/#article","isPartOf":{"@id":"https:\/\/now-news.de\/de\/deutschland\/us-marine-iran-beschlagnahmt-oeltanker-unter-der-flagge-der-marshallinseln\/"},"author":{"name":"rtnews","@id":"https:\/\/now-news.de\/de\/#\/schema\/person\/fb534a4e865501d8b3285208df34a9b5"},"headline":"US-Marine: Iran beschlagnahmt \u00d6ltanker unter der Flagge der Marshallinseln","datePublished":"2023-04-27T14:16:53+00:00","dateModified":"2023-04-27T14:16:53+00:00","mainEntityOfPage":{"@id":"https:\/\/now-news.de\/de\/deutschland\/us-marine-iran-beschlagnahmt-oeltanker-unter-der-flagge-der-marshallinseln\/"},"wordCount":283,"commentCount":0,"publisher":{"@id":"https:\/\/now-news.de\/de\/#organization"},"image":{"@id":"https:\/\/now-news.de\/de\/deutschland\/us-marine-iran-beschlagnahmt-oeltanker-unter-der-flagge-der-marshallinseln\/#primaryimage"},"thumbnailUrl":"https:\/\/now-news.de\/de\/wp-content\/uploads\/sites\/3\/2023\/04\/US-Marine-Iran-beschlagnahmt-Oeltanker-unter-der-Flagge-der-Marshallinseln.jpg","keywords":["beschlagnahmt","der","Flagge","Iran","Marshallinseln","\u00d6ltanker","unter","USMarine"],"articleSection":["Deutschland","Russland"],"inLanguage":"de","potentialAction":[{"@type":"CommentAction","name":"Comment","target":["https:\/\/now-news.de\/de\/deutschland\/us-marine-iran-beschlagnahmt-oeltanker-unter-der-flagge-der-marshallinseln\/#respond"]}]},{"@type":"WebPage","@id":"https:\/\/now-news.de\/de\/deutschland\/us-marine-iran-beschlagnahmt-oeltanker-unter-der-flagge-der-marshallinseln\/","url":"https:\/\/now-news.de\/de\/deutschland\/us-marine-iran-beschlagnahmt-oeltanker-unter-der-flagge-der-marshallinseln\/","name":"US-Marine: Iran beschlagnahmt \u00d6ltanker unter der Flagge der Marshallinseln - just-now.NEWS Deutschland","isPartOf":{"@id":"https:\/\/now-news.de\/de\/#website"},"primaryImageOfPage":{"@id":"https:\/\/now-news.de\/de\/deutschland\/us-marine-iran-beschlagnahmt-oeltanker-unter-der-flagge-der-marshallinseln\/#primaryimage"},"image":{"@id":"https:\/\/now-news.de\/de\/deutschland\/us-marine-iran-beschlagnahmt-oeltanker-unter-der-flagge-der-marshallinseln\/#primaryimage"},"thumbnailUrl":"https:\/\/now-news.de\/de\/wp-content\/uploads\/sites\/3\/2023\/04\/US-Marine-Iran-beschlagnahmt-Oeltanker-unter-der-Flagge-der-Marshallinseln.jpg","datePublished":"2023-04-27T14:16:53+00:00","dateModified":"2023-04-27T14:16:53+00:00","breadcrumb":{"@id":"https:\/\/now-news.de\/de\/deutschland\/us-marine-iran-beschlagnahmt-oeltanker-unter-der-flagge-der-marshallinseln\/#breadcrumb"},"inLanguage":"de","potentialAction":[{"@type":"ReadAction","target":["https:\/\/now-news.de\/de\/deutschland\/us-marine-iran-beschlagnahmt-oeltanker-unter-der-flagge-der-marshallinseln\/"]}]},{"@type":"ImageObject","inLanguage":"de","@id":"https:\/\/now-news.de\/de\/deutschland\/us-marine-iran-beschlagnahmt-oeltanker-unter-der-flagge-der-marshallinseln\/#primaryimage","url":"https:\/\/now-news.de\/de\/wp-content\/uploads\/sites\/3\/2023\/04\/US-Marine-Iran-beschlagnahmt-Oeltanker-unter-der-Flagge-der-Marshallinseln.jpg","contentUrl":"https:\/\/now-news.de\/de\/wp-content\/uploads\/sites\/3\/2023\/04\/US-Marine-Iran-beschlagnahmt-Oeltanker-unter-der-Flagge-der-Marshallinseln.jpg","width":460,"height":259,"caption":"US-Marine: Iran beschlagnahmt \u00d6ltanker unter der Flagge der Marshallinseln"},{"@type":"BreadcrumbList","@id":"https:\/\/now-news.de\/de\/deutschland\/us-marine-iran-beschlagnahmt-oeltanker-unter-der-flagge-der-marshallinseln\/#breadcrumb","itemListElement":[{"@type":"ListItem","position":1,"name":"Home","item":"https:\/\/now-news.de\/de\/"},{"@type":"ListItem","position":2,"name":"US-Marine: Iran beschlagnahmt \u00d6ltanker unter der Flagge der Marshallinseln"}]},{"@type":"WebSite","@id":"https:\/\/now-news.de\/de\/#website","url":"https:\/\/now-news.de\/de\/","name":"just-now.NEWS Deutschland","description":"Das Portal f\u00fcr unzensierte Nachrichten aus der Welt","publisher":{"@id":"https:\/\/now-news.de\/de\/#organization"},"potentialAction":[{"@type":"SearchAction","target":{"@type":"EntryPoint","urlTemplate":"https:\/\/now-news.de\/de\/?s={search_term_string}"},"query-input":"required name=search_term_string"}],"inLanguage":"de"},{"@type":"Organization","@id":"https:\/\/now-news.de\/de\/#organization","name":"Just Now News","url":"https:\/\/now-news.de\/de\/","logo":{"@type":"ImageObject","inLanguage":"de","@id":"https:\/\/now-news.de\/de\/#\/schema\/logo\/image\/","url":"http:\/\/just-now.news\/de\/wp-content\/uploads\/sites\/3\/2022\/04\/logo500x500.jpg","contentUrl":"http:\/\/just-now.news\/de\/wp-content\/uploads\/sites\/3\/2022\/04\/logo500x500.jpg","width":500,"height":500,"caption":"Just Now News"},"image":{"@id":"https:\/\/now-news.de\/de\/#\/schema\/logo\/image\/"},"sameAs":["https:\/\/www.facebook.com\/wirmachenauf","https:\/\/x.com\/WirMachenAuf_de"]},{"@type":"Person","@id":"https:\/\/now-news.de\/de\/#\/schema\/person\/fb534a4e865501d8b3285208df34a9b5","name":"rtnews","image":{"@type":"ImageObject","inLanguage":"de","@id":"https:\/\/now-news.de\/de\/#\/schema\/person\/image\/","url":"https:\/\/secure.gravatar.com\/avatar\/82aafea7d8127119dd649515f56e2117?s=96&d=mm&r=g","contentUrl":"https:\/\/secure.gravatar.com\/avatar\/82aafea7d8127119dd649515f56e2117?s=96&d=mm&r=g","caption":"rtnews"},"url":"https:\/\/now-news.de\/de\/author\/rnews\/"}]}},"_links":{"self":[{"href":"https:\/\/now-news.de\/de\/wp-json\/wp\/v2\/posts\/34889"}],"collection":[{"href":"https:\/\/now-news.de\/de\/wp-json\/wp\/v2\/posts"}],"about":[{"href":"https:\/\/now-news.de\/de\/wp-json\/wp\/v2\/types\/post"}],"author":[{"embeddable":true,"href":"https:\/\/now-news.de\/de\/wp-json\/wp\/v2\/users\/3"}],"replies":[{"embeddable":true,"href":"https:\/\/now-news.de\/de\/wp-json\/wp\/v2\/comments?post=34889"}],"version-history":[{"count":0,"href":"https:\/\/now-news.de\/de\/wp-json\/wp\/v2\/posts\/34889\/revisions"}],"wp:featuredmedia":[{"embeddable":true,"href":"https:\/\/now-news.de\/de\/wp-json\/wp\/v2\/media\/34890"}],"wp:attachment":[{"href":"https:\/\/now-news.de\/de\/wp-json\/wp\/v2\/media?parent=34889"}],"wp:term":[{"taxonomy":"category","embeddable":true,"href":"https:\/\/now-news.de\/de\/wp-json\/wp\/v2\/categories?post=34889"},{"taxonomy":"post_tag","embeddable":true,"href":"https:\/\/now-news.de\/de\/wp-json\/wp\/v2\/tags?post=34889"}],"curies":[{"name":"wp","href":"https:\/\/api.w.org\/{rel}","templated":true}]}}