{"id":34804,"date":"2023-04-26T18:03:41","date_gmt":"2023-04-26T16:03:41","guid":{"rendered":"http:\/\/just-now.news\/de\/deutschland\/deutscher-kardinal-in-warschau-polen-in-gefahr-einer-5-teilung\/"},"modified":"2023-04-26T18:03:41","modified_gmt":"2023-04-26T16:03:41","slug":"deutscher-kardinal-in-warschau-polen-in-gefahr-einer-5-teilung","status":"publish","type":"post","link":"https:\/\/now-news.de\/de\/deutschland\/deutscher-kardinal-in-warschau-polen-in-gefahr-einer-5-teilung\/","title":{"rendered":"Deutscher Kardinal in Warschau: &quot;Polen in Gefahr einer 5. Teilung&quot;"},"content":{"rendered":"<p><img decoding=\"async\" src=\"http:\/\/just-now.news\/de\/wp-content\/uploads\/sites\/3\/2023\/04\/644838e548fbef093b2fdcdc.jpg\" \/><\/p>\n<div class=\"Text-root Text-type_1 \">\n                Ein deutscher Kardinal zu Gast in Polen \u2013 der katholische Gelehrte ver\u00e4u\u00dferte bei der Gelegenheit alte Stereotypen \u00fcber Russen: Moskau versuche die Kraft des Katholizismus zu unterwandern und zu schw\u00e4chen. Ohne zu handeln, w\u00fcrde das in einer neuen Teilung Polens m\u00fcnden.\n            <\/div>\n<p><\/p>\n<div class=\"Text-root Text-type_5 ArticleView-text ViewText-root \">\n<p><em>Von Elem Chintsky<\/em><\/p>\n<p>Vergangenes Wochenende <a rel=\"nofollow noopener\" target=\"_blank\" href=\"https:\/\/swk.pl\/wreczono-nagrody-feniks-2023\/\">fand<\/a> in der polnischen Hauptstadt die 23. Verleihung des goldenen &#8220;FENIKS&#8221; (zu Deutsch: &#8220;PH\u00d6NIX&#8221;) statt \u2013 ein vom Verband der katholischen Verleger vergebener Preis.<\/p>\n<p>Es gab insgesamt 19 Kategorien mit einigen Spezialauszeichnungen, aber den Hauptpreis \u2013 den &#8220;goldenen FENIKS&#8221; \u2013 durfte der emeritierte deutsche Kardinal Gerhard Ludwig M\u00fcller entgegennehmen.<\/p>\n<p>Die Begr\u00fcndung des Komitees lautete, &#8220;die gro\u00dfe Wertsch\u00e4tzung und Dankbarkeit des Katholischen Verlegerverbandes f\u00fcr einen gro\u00dfen und originellen Theologen zum Ausdruck&#8221; bringen zu wollen. Der katholische Gelehrte soll &#8220;die ernsten dogmatischen Fragen der kirchlichen Glaubensweitergabe in diesen schwierigen Zeiten gekonnt&#8221; gew\u00fcrdigt haben.\u00a0<\/p>\n<p><strong>Wie setzt der Kardinal sein kostbares Wissen ein?<\/strong><\/p>\n<p>Der Preisverleihung <a rel=\"nofollow noopener\" target=\"_blank\" href=\"https:\/\/wiadomosci.wp.pl\/niemiecki-kardynal-grzmi-to-piaty-rozbior-polski-6890308881840736a\">folgte<\/a> eine politische Podiumsdiskussion, in der M\u00fcller das Wissen, f\u00fcr welches er gerade eben geehrt wurde, zutage brachte: &#8220;Wir stehen heute vor dem Versuch der f\u00fcnften Teilung Polens. Der Versuch wird durch einen ideologischen Kampf unternommen.&#8221;<\/p>\n<p>Der Theologe sagte weiter, dass &#8220;wir aber heute an einem Scheideweg stehen und spirituelle, ideologische oder politische Fragen erkl\u00e4rt werden m\u00fcssen&#8221;. Ihm zufolge &#8220;versteht Polen zwar, was der Katholizismus wirklich ist, aber es muss immer noch darum k\u00e4mpfen, dass es in ihm \u00fcberleben kann&#8221;.<\/p>\n<p>Es dauerte nicht lange, den \u00dcbelt\u00e4ter mitgeteilt zu bekommen.\u00a0<\/p>\n<p>M\u00fcller behauptete, dass &#8220;einer von Putins Beratern k\u00fcrzlich sagte, man m\u00fcsse den polnischen Katholizismus zerst\u00f6ren, um Polen zu zerst\u00f6ren \u2013 und dann sei der Weg nach Europa frei&#8221;. Ihm zufolge ist jedoch die &#8220;Bewahrung des katholischen Glaubens [&#8230;] eine Garantie f\u00fcr die Einheit Polens&#8221;. Der Autor dieses Artikels konnte leider keine Urquelle \u00fcber diese vermeintlichen Aussagen eines &#8220;Putin-Beraters&#8221; finden.<\/p>\n<p>Der katholische Gelehrte \u2013 ob bewusst oder unterbewusst \u2013 bedient mit solchen Verschw\u00f6rungstheorien und Kalter-Krieg-Stereotypen die peripheren Wirklichkeitskonstruktionen, dass Putin an einem Feldzug bis nach Lissabon interessiert sei und somit nat\u00fcrlich an einer Eroberung Polens \u2013 ideologisch oder anderweitig. Diese \u00dcbertreibung trifft in einem vom nationalen Opferkult geplagten Polen auf dankbare Ohren, welche diese Art &#8220;weise Aussagen&#8221; eines deutschen Katholiken stets begr\u00fc\u00dfen werden.<\/p>\n<p><strong>Vers\u00e4umnisse des weisen, deutschen Theologen<\/strong><\/p>\n<p>Der Geistliche verpasst es bei seinen Ausf\u00fchrungen, die riesige geo- und machtpolitische Rolle seiner Institution zu ber\u00fccksichtigen \u2013 zumindest die Zeitspanne der letzten 100 Jahre. Es war der Vatikan, der Hitlers Deutschland und den &#8220;Drang nach Osten&#8221;, also in die Sowjetunion, unterst\u00fctzte. Es war der r\u00f6misch-katholische Machtapparat, der die serbisch-orthodoxe Kirche mit faschistischen Regionalbewegungen auf dem Balkan (zum Beispiel mit der Hilfe der Kroaten) im Verlaufe des Zweiten Weltkrieges unterdr\u00fcckte. Nach einer Zeit der M\u00e4\u00dfigung in der Epoche in der Sozialistischen F\u00f6derativen Republik Jugoslawien erfolgte dann ihr auch von au\u00dfen geplanter Zerfall und nochmal eine blutige Zeit der Regionalkriege und schlussendlich der NATO-&#8220;Friedensbombardierungen&#8221; Ende der 1990er Jahre. W\u00e4hrend dieser verschiedenen Zeitabschnitte wurden der serbisch-orthodoxe Klerus und viele seiner Gemeindemitglieder gemordet \u2013 unter Teilnahme r\u00f6misch-katholischer Kr\u00e4fte und Akteure. Gleichzeitig wurde &#8220;der ewige Serbe&#8221; vom westlichen NATO-Medien-Koloss erfolgreich als der Unmensch par excellence propagiert.<\/p>\n<p>Was die &#8220;ideologischen Angriffe&#8221; auf den polnischen Katholizismus betrifft, so zeigt M\u00fcller, dass er seiner am vergangenen Samstag erhaltenen W\u00fcrdigung nicht w\u00fcrdig ist. Die S\u00e4kularisierung Polens \u2013 das Abwenden vom traditionell katholischen Glauben und eine durchaus real stattfindende Spaltung der Gesellschaft dort \u2013 vollzieht sich aufgrund vollkommen anderer Einfl\u00fcsse \u2013 welche mit &#8220;Putin&#8221;, &#8220;dem Kreml&#8221;, &#8220;Moskau&#8221; und dem &#8220;ewigen Russen&#8221; nichts zu tun haben.<\/p>\n<p>Die anscheinend nie endende Welle an Indizien, Opfern, Strafermittlungen und mittlerweile endlich auch der Verurteilungen aufgrund systemischen Kindesmissbrauchs in der r\u00f6misch-katholischen Kirchenorganisation allein k\u00f6nnte als Grund f\u00fcr den langsam schwindenden Katholizismus in Polen herhalten. Ein polnischer Kommentar unter der Artikel-Quelle brachte es auf den Punkt: &#8220;Es ist also Putin, der den Katholizismus zerst\u00f6rt, indem er die Priester dazu bringt, sich zuerst an Ministranten zu vers\u00fcndigen.&#8221;<\/p>\n<p>Dazu gesellt sich aber auch der sehr schwer zu \u00fcbersehende weltanschauliche Konkurrent des konservativen Katholizismus: der ultraliberale, globalistische Progressivismus, der zwar getarnt als universalistischer Humanismus daherkommt, in Wirklichkeit aber das Credo des britischen Okkultisten und Narzissten Aleister Crowley als Kern in sich tr\u00e4gt: &#8220;Was du willst, das tue \u2013 das ist das ganze Gesetz.&#8221; (Englisch im Original: &#8220;Do what thou wilt shall be the whole of the Law.&#8221;) Dieser Leitsatz wird in der Praxis selbstverst\u00e4ndlich von einem NATO-Etatismus in Schach gehalten und verwaltet.<\/p>\n<p>M\u00fcller will sein polnisches Publikum also glauben lassen, es seien die Russen, die eine kluge Unterwanderung der Kirche veranstalten, eine penetrierende, umerziehende &#8220;Entkatholisierung&#8221; dort verwirklichen. Dabei sind die meisten unterwandernden, ideologischen Str\u00f6mungen in ihrer Herkunft und Durchschlagskraft aus dem Westen kommend \u2013 Epizentrum des lateinisch gepr\u00e4gten Abendlandes.<\/p>\n<p>In Russland gibt es eine gegens\u00e4tzliche Tendenz, mit derzeit noch offenem Ausgang. Eine grobe R\u00fcckbesinnung auf konservative Werte, auf das Russisch-orthodoxe Christentum und seine Traditionen \u2013 derweil, ohne die eigene Vergangenheit der Sowjetunion und ihre Errungenschaften zus\u00e4tzlich zu d\u00e4monisieren sowie eine ausgewogene Aufarbeitung der tats\u00e4chlichen Repressionen zu gew\u00e4hrleisten. Im Westen wird diese Entwicklung unerm\u00fcdlich als Teil der &#8220;russischen R\u00fcckst\u00e4ndigkeit&#8221; markiert, die sich in damit gekoppelter, vermeintlicher &#8220;russischer Barbarei&#8221; manifestiert \u2013 die G\u00f6ttin Europa blind auf beiden Augen f\u00fcr die eigene R\u00fcckst\u00e4ndigkeit und das eigene Barbarentum.<\/p>\n<p><strong>M\u00fcller in der Ukraine<\/strong><\/p>\n<p>Selbstverst\u00e4ndlich erw\u00e4hnt M\u00fcller mit keiner Silbe die Verfolgung der Ukrainisch-orthodoxen Kirche in der Ukraine \u2013 ist sie doch eine lange im Voraus geplante Idee des Vatikans gewesen, die nun endlich angeschwollene, \u00fcberreife Fr\u00fcchte tr\u00e4gt. Was viele nicht vermuten, ist, dass Rom \u2013 klar dokumentiert \u2013 seit \u00fcber 500 Jahren aktiv in die Konflikte der West- und Ostslawen involviert ist und machtpolitisch eine unmissverst\u00e4ndliche Ausdehnung in den Russisch-orthodoxen Kulturraum erreichen will. Dies sind auch die Erben des Byzanz, die \u00f6stlichen Verneiner des p\u00e4pstlichen Primats, die den &#8220;Bischof von Rom&#8221; nicht als alleinigen Vertreter Jesu Christi auf Erden, den Vicarius Christi, anerkennen wollten und m\u00f6chten. Die Vergeltung hierf\u00fcr ist eine lange, zivilisatorische Fehde, die vielen nicht bekannt ist. Dieser Autor <a rel=\"nofollow noopener\" target=\"_blank\" href=\"https:\/\/fromrussiawithlove.rtde.life\/meinung\/157042-noch-stille-tragoedie-kirchenverfolgung-in\/\">schrieb<\/a> \u00fcber die dramatische Kirchengeschichte Osteuropas \u2013 und die Rolle des Vatikans darin \u2013 etwas genauer noch im Dezember 2022.<\/p>\n<p>Kardinal M\u00fcller war bereits zu Beginn der milit\u00e4rischen Sonderoperation Russlands in der Ukraine an der polnisch-ukrainischen Grenze <a rel=\"nofollow noopener\" target=\"_blank\" href=\"https:\/\/www.vaticannews.va\/de\/welt\/news\/2022-03\/kardinal-mueller-ukraine-polen-krieg-grenze-fluechtlinge-caritas.html\">zu Besuch<\/a> und bekundete seine Solidarit\u00e4t mit den vor dem Krieg fl\u00fcchtenden Ukrainern. Ohne seine humanit\u00e4re Aufrichtigkeit infrage stellen zu wollen, w\u00e4re es gleichzeitig sehr schwer, Medienberichte \u00fcber den Kardinal zu finden, in denen er den Donbass irgendwann ab 2014 besuchte. oder wie er die faschistischen Methoden des Kiewer Regimes ab dem Jahr 2014 und die andauernde Bombardierung im Donbass verurteilen w\u00fcrde.<\/p>\n<p>Bei ehrlicher Pr\u00fcfung der grob fahrl\u00e4ssigen bis tollk\u00fchnen Eskapaden der Warschauer F\u00fchrung der letzten Jahre werden jegliche polnische Missgeschicke territorialer oder ideologischer Natur mittel- bis langfristig wohl auf vollkommenes Selbstverschulden zur\u00fcckzuf\u00fchren sein. Der gute Kardinal kam nach Polen, um einen alten Strohmann aufzustellen, der davon banal ablenken sollte.<\/p>\n<p>In der &#8220;Zwielicht-Sprache&#8221; heutiger Diplomatie m\u00fcssen Aussagen eines Jens Stoltenberg \u00fcber die &#8220;Zugeh\u00f6rigkeit der Ukraine in den Werteraum der NATO&#8221; nicht lediglich als weitergegebene Befehle und Wunschbekundungen aus Washington, D.C. verstanden werden, denn obwohl wahr, ist das ist nicht genug. Sie m\u00fcssen auch gleichzeitig als pragmatische Absichtserkl\u00e4rungen einer viel \u00e4lteren machtpolitischen Agenda \u2013 aus dem Vatikan selbst \u2013 erkannt werden.<\/p>\n<p><em>Elem Chintsky <\/em><em>ist ein deutsch-polnischer Journalist, der zu geopolitischen, historischen, finanziellen und kulturellen Themen schreibt. Die fruchtbare Zusammenarbeit mit RT DE besteht seit 2017. Seit Anfang 2020 lebt und arbeitet der freischaffende Autor im russischen Sankt Petersburg. Der urspr\u00fcnglich als Filmregisseur und Drehbuchautor ausgebildete Chintsky betreibt au\u00dferdem einen eigenen <\/em><a rel=\"nofollow noopener\" target=\"_blank\" href=\"https:\/\/t.me\/elemread\"><em>Kanal auf Telegram<\/em><\/a><em>, auf dem man noch mehr von ihm lesen kann.<\/em><\/p>\n<p><strong>Mehr zum Thema<\/strong> &#8211; <a rel=\"nofollow noopener\" target=\"_blank\" href=\"https:\/\/gegenzensur.rtde.live\/international\/167253-polnisch-ukrainische-konfoederation-waere-ernsthafte\/\">Eine polnisch-ukrainische Konf\u00f6deration w\u00e4re eine ernsthafte Provokation f\u00fcr Russland<\/a><\/p>\n<\/div>\n<p><br \/>\n<br \/><a href=\"https:\/\/de.rt.com\/meinung\/168497-deutscher-kardinal-in-warschau-polen\/\">Source link <\/a><\/p>\n","protected":false},"excerpt":{"rendered":"<p>Ein deutscher Kardinal zu Gast in Polen \u2013 der katholische Gelehrte ver\u00e4u\u00dferte bei der Gelegenheit alte Stereotypen \u00fcber Russen: Moskau versuche die Kraft des Katholizismus zu unterwandern und zu schw\u00e4chen. Ohne zu handeln, w\u00fcrde das in einer neuen Teilung Polens m\u00fcnden. Von Elem Chintsky Vergangenes Wochenende fand in der polnischen Hauptstadt die 23. Verleihung des [&hellip;]<\/p>\n","protected":false},"author":3,"featured_media":34805,"comment_status":"open","ping_status":"open","sticky":false,"template":"","format":"standard","meta":{"_yoast_indexnow_last_ping":["1682525702"],"wp_automatic_camp":["217"],"70bd596046e669d3c11e6811c88f8da4":["Deutscher Kardinal in Warschau: &quot;Polen in Gefahr einer 5. Teilung&quot;"],"original_link":["https:\/\/de.rt.com\/meinung\/168497-deutscher-kardinal-in-warschau-polen\/"],"_thumbnail_id":["34805"],"jnews_social_counter_last_update":["1777459397"],"_wptgpro_p2tg_sent2tg":["a:1:{i:23737;s:19:\"2023-04-26 18:16:25\";}"]},"categories":[19,23],"tags":[8305,212,4448,4194,43538,43539,1366],"yoast_head":"<!-- This site is optimized with the Yoast SEO Premium plugin v22.7 (Yoast SEO v22.7) - https:\/\/yoast.com\/wordpress\/plugins\/seo\/ -->\n<title>Deutscher Kardinal in Warschau: &quot;Polen in Gefahr einer 5. Teilung&quot; - just-now.NEWS Deutschland<\/title>\n<meta name=\"robots\" content=\"index, follow, max-snippet:-1, max-image-preview:large, max-video-preview:-1\" \/>\n<link rel=\"canonical\" href=\"https:\/\/now-news.de\/de\/deutschland\/deutscher-kardinal-in-warschau-polen-in-gefahr-einer-5-teilung\/\" \/>\n<meta property=\"og:locale\" content=\"de_DE\" \/>\n<meta property=\"og:type\" content=\"article\" \/>\n<meta property=\"og:title\" content=\"Deutscher Kardinal in Warschau: &quot;Polen in Gefahr einer 5. Teilung&quot;\" \/>\n<meta property=\"og:description\" content=\"Ein deutscher Kardinal zu Gast in Polen \u2013 der katholische Gelehrte ver\u00e4u\u00dferte bei der Gelegenheit alte Stereotypen \u00fcber Russen: Moskau versuche die Kraft des Katholizismus zu unterwandern und zu schw\u00e4chen. Ohne zu handeln, w\u00fcrde das in einer neuen Teilung Polens m\u00fcnden. Von Elem Chintsky Vergangenes Wochenende fand in der polnischen Hauptstadt die 23. Verleihung des [&hellip;]\" \/>\n<meta property=\"og:url\" content=\"https:\/\/now-news.de\/de\/deutschland\/deutscher-kardinal-in-warschau-polen-in-gefahr-einer-5-teilung\/\" \/>\n<meta property=\"og:site_name\" content=\"just-now.NEWS Deutschland\" \/>\n<meta property=\"article:publisher\" content=\"https:\/\/www.facebook.com\/wirmachenauf\" \/>\n<meta property=\"article:published_time\" content=\"2023-04-26T16:03:41+00:00\" \/>\n<meta property=\"og:image\" content=\"https:\/\/now-news.de\/de\/wp-content\/uploads\/sites\/3\/2023\/04\/Deutscher-Kardinal-in-Warschau-quotPolen-in-Gefahr-einer-5-Teilungquot.jpg\" \/>\n\t<meta property=\"og:image:width\" content=\"460\" \/>\n\t<meta property=\"og:image:height\" content=\"259\" \/>\n\t<meta property=\"og:image:type\" content=\"image\/jpeg\" \/>\n<meta name=\"author\" content=\"rtnews\" \/>\n<meta name=\"twitter:card\" content=\"summary_large_image\" \/>\n<meta name=\"twitter:creator\" content=\"@WirMachenAuf_de\" \/>\n<meta name=\"twitter:site\" content=\"@WirMachenAuf_de\" \/>\n<meta name=\"twitter:label1\" content=\"Verfasst von\" \/>\n\t<meta name=\"twitter:data1\" content=\"rtnews\" \/>\n\t<meta name=\"twitter:label2\" content=\"Gesch\u00e4tzte Lesezeit\" \/>\n\t<meta name=\"twitter:data2\" content=\"7\u00a0Minuten\" \/>\n<script type=\"application\/ld+json\" class=\"yoast-schema-graph\">{\"@context\":\"https:\/\/schema.org\",\"@graph\":[{\"@type\":\"Article\",\"@id\":\"https:\/\/now-news.de\/de\/deutschland\/deutscher-kardinal-in-warschau-polen-in-gefahr-einer-5-teilung\/#article\",\"isPartOf\":{\"@id\":\"https:\/\/now-news.de\/de\/deutschland\/deutscher-kardinal-in-warschau-polen-in-gefahr-einer-5-teilung\/\"},\"author\":{\"name\":\"rtnews\",\"@id\":\"https:\/\/now-news.de\/de\/#\/schema\/person\/fb534a4e865501d8b3285208df34a9b5\"},\"headline\":\"Deutscher Kardinal in Warschau: &quot;Polen in Gefahr einer 5. Teilung&quot;\",\"datePublished\":\"2023-04-26T16:03:41+00:00\",\"dateModified\":\"2023-04-26T16:03:41+00:00\",\"mainEntityOfPage\":{\"@id\":\"https:\/\/now-news.de\/de\/deutschland\/deutscher-kardinal-in-warschau-polen-in-gefahr-einer-5-teilung\/\"},\"wordCount\":1335,\"commentCount\":0,\"publisher\":{\"@id\":\"https:\/\/now-news.de\/de\/#organization\"},\"image\":{\"@id\":\"https:\/\/now-news.de\/de\/deutschland\/deutscher-kardinal-in-warschau-polen-in-gefahr-einer-5-teilung\/#primaryimage\"},\"thumbnailUrl\":\"https:\/\/now-news.de\/de\/wp-content\/uploads\/sites\/3\/2023\/04\/Deutscher-Kardinal-in-Warschau-quotPolen-in-Gefahr-einer-5-Teilungquot.jpg\",\"keywords\":[\"deutscher\",\"einer\",\"Gefahr\",\"Kardinal\",\"quotPolen\",\"Teilungquot\",\"Warschau\"],\"articleSection\":[\"Deutschland\",\"Russland\"],\"inLanguage\":\"de\",\"potentialAction\":[{\"@type\":\"CommentAction\",\"name\":\"Comment\",\"target\":[\"https:\/\/now-news.de\/de\/deutschland\/deutscher-kardinal-in-warschau-polen-in-gefahr-einer-5-teilung\/#respond\"]}]},{\"@type\":\"WebPage\",\"@id\":\"https:\/\/now-news.de\/de\/deutschland\/deutscher-kardinal-in-warschau-polen-in-gefahr-einer-5-teilung\/\",\"url\":\"https:\/\/now-news.de\/de\/deutschland\/deutscher-kardinal-in-warschau-polen-in-gefahr-einer-5-teilung\/\",\"name\":\"Deutscher Kardinal in Warschau: &quot;Polen in Gefahr einer 5. Teilung&quot; - just-now.NEWS Deutschland\",\"isPartOf\":{\"@id\":\"https:\/\/now-news.de\/de\/#website\"},\"primaryImageOfPage\":{\"@id\":\"https:\/\/now-news.de\/de\/deutschland\/deutscher-kardinal-in-warschau-polen-in-gefahr-einer-5-teilung\/#primaryimage\"},\"image\":{\"@id\":\"https:\/\/now-news.de\/de\/deutschland\/deutscher-kardinal-in-warschau-polen-in-gefahr-einer-5-teilung\/#primaryimage\"},\"thumbnailUrl\":\"https:\/\/now-news.de\/de\/wp-content\/uploads\/sites\/3\/2023\/04\/Deutscher-Kardinal-in-Warschau-quotPolen-in-Gefahr-einer-5-Teilungquot.jpg\",\"datePublished\":\"2023-04-26T16:03:41+00:00\",\"dateModified\":\"2023-04-26T16:03:41+00:00\",\"breadcrumb\":{\"@id\":\"https:\/\/now-news.de\/de\/deutschland\/deutscher-kardinal-in-warschau-polen-in-gefahr-einer-5-teilung\/#breadcrumb\"},\"inLanguage\":\"de\",\"potentialAction\":[{\"@type\":\"ReadAction\",\"target\":[\"https:\/\/now-news.de\/de\/deutschland\/deutscher-kardinal-in-warschau-polen-in-gefahr-einer-5-teilung\/\"]}]},{\"@type\":\"ImageObject\",\"inLanguage\":\"de\",\"@id\":\"https:\/\/now-news.de\/de\/deutschland\/deutscher-kardinal-in-warschau-polen-in-gefahr-einer-5-teilung\/#primaryimage\",\"url\":\"https:\/\/now-news.de\/de\/wp-content\/uploads\/sites\/3\/2023\/04\/Deutscher-Kardinal-in-Warschau-quotPolen-in-Gefahr-einer-5-Teilungquot.jpg\",\"contentUrl\":\"https:\/\/now-news.de\/de\/wp-content\/uploads\/sites\/3\/2023\/04\/Deutscher-Kardinal-in-Warschau-quotPolen-in-Gefahr-einer-5-Teilungquot.jpg\",\"width\":460,\"height\":259,\"caption\":\"Deutscher Kardinal in Warschau: &quot;Polen in Gefahr einer 5. Teilung&quot;\"},{\"@type\":\"BreadcrumbList\",\"@id\":\"https:\/\/now-news.de\/de\/deutschland\/deutscher-kardinal-in-warschau-polen-in-gefahr-einer-5-teilung\/#breadcrumb\",\"itemListElement\":[{\"@type\":\"ListItem\",\"position\":1,\"name\":\"Home\",\"item\":\"https:\/\/now-news.de\/de\/\"},{\"@type\":\"ListItem\",\"position\":2,\"name\":\"Deutscher Kardinal in Warschau: &quot;Polen in Gefahr einer 5. Teilung&quot;\"}]},{\"@type\":\"WebSite\",\"@id\":\"https:\/\/now-news.de\/de\/#website\",\"url\":\"https:\/\/now-news.de\/de\/\",\"name\":\"just-now.NEWS Deutschland\",\"description\":\"Das Portal f\u00fcr unzensierte Nachrichten aus der Welt\",\"publisher\":{\"@id\":\"https:\/\/now-news.de\/de\/#organization\"},\"potentialAction\":[{\"@type\":\"SearchAction\",\"target\":{\"@type\":\"EntryPoint\",\"urlTemplate\":\"https:\/\/now-news.de\/de\/?s={search_term_string}\"},\"query-input\":\"required name=search_term_string\"}],\"inLanguage\":\"de\"},{\"@type\":\"Organization\",\"@id\":\"https:\/\/now-news.de\/de\/#organization\",\"name\":\"Just Now News\",\"url\":\"https:\/\/now-news.de\/de\/\",\"logo\":{\"@type\":\"ImageObject\",\"inLanguage\":\"de\",\"@id\":\"https:\/\/now-news.de\/de\/#\/schema\/logo\/image\/\",\"url\":\"http:\/\/just-now.news\/de\/wp-content\/uploads\/sites\/3\/2022\/04\/logo500x500.jpg\",\"contentUrl\":\"http:\/\/just-now.news\/de\/wp-content\/uploads\/sites\/3\/2022\/04\/logo500x500.jpg\",\"width\":500,\"height\":500,\"caption\":\"Just Now News\"},\"image\":{\"@id\":\"https:\/\/now-news.de\/de\/#\/schema\/logo\/image\/\"},\"sameAs\":[\"https:\/\/www.facebook.com\/wirmachenauf\",\"https:\/\/x.com\/WirMachenAuf_de\"]},{\"@type\":\"Person\",\"@id\":\"https:\/\/now-news.de\/de\/#\/schema\/person\/fb534a4e865501d8b3285208df34a9b5\",\"name\":\"rtnews\",\"image\":{\"@type\":\"ImageObject\",\"inLanguage\":\"de\",\"@id\":\"https:\/\/now-news.de\/de\/#\/schema\/person\/image\/\",\"url\":\"https:\/\/secure.gravatar.com\/avatar\/82aafea7d8127119dd649515f56e2117?s=96&d=mm&r=g\",\"contentUrl\":\"https:\/\/secure.gravatar.com\/avatar\/82aafea7d8127119dd649515f56e2117?s=96&d=mm&r=g\",\"caption\":\"rtnews\"},\"url\":\"https:\/\/now-news.de\/de\/author\/rnews\/\"}]}<\/script>\n<!-- \/ Yoast SEO Premium plugin. -->","yoast_head_json":{"title":"Deutscher Kardinal in Warschau: &quot;Polen in Gefahr einer 5. Teilung&quot; - just-now.NEWS Deutschland","robots":{"index":"index","follow":"follow","max-snippet":"max-snippet:-1","max-image-preview":"max-image-preview:large","max-video-preview":"max-video-preview:-1"},"canonical":"https:\/\/now-news.de\/de\/deutschland\/deutscher-kardinal-in-warschau-polen-in-gefahr-einer-5-teilung\/","og_locale":"de_DE","og_type":"article","og_title":"Deutscher Kardinal in Warschau: &quot;Polen in Gefahr einer 5. Teilung&quot;","og_description":"Ein deutscher Kardinal zu Gast in Polen \u2013 der katholische Gelehrte ver\u00e4u\u00dferte bei der Gelegenheit alte Stereotypen \u00fcber Russen: Moskau versuche die Kraft des Katholizismus zu unterwandern und zu schw\u00e4chen. Ohne zu handeln, w\u00fcrde das in einer neuen Teilung Polens m\u00fcnden. Von Elem Chintsky Vergangenes Wochenende fand in der polnischen Hauptstadt die 23. Verleihung des [&hellip;]","og_url":"https:\/\/now-news.de\/de\/deutschland\/deutscher-kardinal-in-warschau-polen-in-gefahr-einer-5-teilung\/","og_site_name":"just-now.NEWS Deutschland","article_publisher":"https:\/\/www.facebook.com\/wirmachenauf","article_published_time":"2023-04-26T16:03:41+00:00","og_image":[{"width":460,"height":259,"url":"https:\/\/now-news.de\/de\/wp-content\/uploads\/sites\/3\/2023\/04\/Deutscher-Kardinal-in-Warschau-quotPolen-in-Gefahr-einer-5-Teilungquot.jpg","type":"image\/jpeg"}],"author":"rtnews","twitter_card":"summary_large_image","twitter_creator":"@WirMachenAuf_de","twitter_site":"@WirMachenAuf_de","twitter_misc":{"Verfasst von":"rtnews","Gesch\u00e4tzte Lesezeit":"7\u00a0Minuten"},"schema":{"@context":"https:\/\/schema.org","@graph":[{"@type":"Article","@id":"https:\/\/now-news.de\/de\/deutschland\/deutscher-kardinal-in-warschau-polen-in-gefahr-einer-5-teilung\/#article","isPartOf":{"@id":"https:\/\/now-news.de\/de\/deutschland\/deutscher-kardinal-in-warschau-polen-in-gefahr-einer-5-teilung\/"},"author":{"name":"rtnews","@id":"https:\/\/now-news.de\/de\/#\/schema\/person\/fb534a4e865501d8b3285208df34a9b5"},"headline":"Deutscher Kardinal in Warschau: &quot;Polen in Gefahr einer 5. Teilung&quot;","datePublished":"2023-04-26T16:03:41+00:00","dateModified":"2023-04-26T16:03:41+00:00","mainEntityOfPage":{"@id":"https:\/\/now-news.de\/de\/deutschland\/deutscher-kardinal-in-warschau-polen-in-gefahr-einer-5-teilung\/"},"wordCount":1335,"commentCount":0,"publisher":{"@id":"https:\/\/now-news.de\/de\/#organization"},"image":{"@id":"https:\/\/now-news.de\/de\/deutschland\/deutscher-kardinal-in-warschau-polen-in-gefahr-einer-5-teilung\/#primaryimage"},"thumbnailUrl":"https:\/\/now-news.de\/de\/wp-content\/uploads\/sites\/3\/2023\/04\/Deutscher-Kardinal-in-Warschau-quotPolen-in-Gefahr-einer-5-Teilungquot.jpg","keywords":["deutscher","einer","Gefahr","Kardinal","quotPolen","Teilungquot","Warschau"],"articleSection":["Deutschland","Russland"],"inLanguage":"de","potentialAction":[{"@type":"CommentAction","name":"Comment","target":["https:\/\/now-news.de\/de\/deutschland\/deutscher-kardinal-in-warschau-polen-in-gefahr-einer-5-teilung\/#respond"]}]},{"@type":"WebPage","@id":"https:\/\/now-news.de\/de\/deutschland\/deutscher-kardinal-in-warschau-polen-in-gefahr-einer-5-teilung\/","url":"https:\/\/now-news.de\/de\/deutschland\/deutscher-kardinal-in-warschau-polen-in-gefahr-einer-5-teilung\/","name":"Deutscher Kardinal in Warschau: &quot;Polen in Gefahr einer 5. Teilung&quot; - just-now.NEWS Deutschland","isPartOf":{"@id":"https:\/\/now-news.de\/de\/#website"},"primaryImageOfPage":{"@id":"https:\/\/now-news.de\/de\/deutschland\/deutscher-kardinal-in-warschau-polen-in-gefahr-einer-5-teilung\/#primaryimage"},"image":{"@id":"https:\/\/now-news.de\/de\/deutschland\/deutscher-kardinal-in-warschau-polen-in-gefahr-einer-5-teilung\/#primaryimage"},"thumbnailUrl":"https:\/\/now-news.de\/de\/wp-content\/uploads\/sites\/3\/2023\/04\/Deutscher-Kardinal-in-Warschau-quotPolen-in-Gefahr-einer-5-Teilungquot.jpg","datePublished":"2023-04-26T16:03:41+00:00","dateModified":"2023-04-26T16:03:41+00:00","breadcrumb":{"@id":"https:\/\/now-news.de\/de\/deutschland\/deutscher-kardinal-in-warschau-polen-in-gefahr-einer-5-teilung\/#breadcrumb"},"inLanguage":"de","potentialAction":[{"@type":"ReadAction","target":["https:\/\/now-news.de\/de\/deutschland\/deutscher-kardinal-in-warschau-polen-in-gefahr-einer-5-teilung\/"]}]},{"@type":"ImageObject","inLanguage":"de","@id":"https:\/\/now-news.de\/de\/deutschland\/deutscher-kardinal-in-warschau-polen-in-gefahr-einer-5-teilung\/#primaryimage","url":"https:\/\/now-news.de\/de\/wp-content\/uploads\/sites\/3\/2023\/04\/Deutscher-Kardinal-in-Warschau-quotPolen-in-Gefahr-einer-5-Teilungquot.jpg","contentUrl":"https:\/\/now-news.de\/de\/wp-content\/uploads\/sites\/3\/2023\/04\/Deutscher-Kardinal-in-Warschau-quotPolen-in-Gefahr-einer-5-Teilungquot.jpg","width":460,"height":259,"caption":"Deutscher Kardinal in Warschau: &quot;Polen in Gefahr einer 5. Teilung&quot;"},{"@type":"BreadcrumbList","@id":"https:\/\/now-news.de\/de\/deutschland\/deutscher-kardinal-in-warschau-polen-in-gefahr-einer-5-teilung\/#breadcrumb","itemListElement":[{"@type":"ListItem","position":1,"name":"Home","item":"https:\/\/now-news.de\/de\/"},{"@type":"ListItem","position":2,"name":"Deutscher Kardinal in Warschau: &quot;Polen in Gefahr einer 5. Teilung&quot;"}]},{"@type":"WebSite","@id":"https:\/\/now-news.de\/de\/#website","url":"https:\/\/now-news.de\/de\/","name":"just-now.NEWS Deutschland","description":"Das Portal f\u00fcr unzensierte Nachrichten aus der Welt","publisher":{"@id":"https:\/\/now-news.de\/de\/#organization"},"potentialAction":[{"@type":"SearchAction","target":{"@type":"EntryPoint","urlTemplate":"https:\/\/now-news.de\/de\/?s={search_term_string}"},"query-input":"required name=search_term_string"}],"inLanguage":"de"},{"@type":"Organization","@id":"https:\/\/now-news.de\/de\/#organization","name":"Just Now News","url":"https:\/\/now-news.de\/de\/","logo":{"@type":"ImageObject","inLanguage":"de","@id":"https:\/\/now-news.de\/de\/#\/schema\/logo\/image\/","url":"http:\/\/just-now.news\/de\/wp-content\/uploads\/sites\/3\/2022\/04\/logo500x500.jpg","contentUrl":"http:\/\/just-now.news\/de\/wp-content\/uploads\/sites\/3\/2022\/04\/logo500x500.jpg","width":500,"height":500,"caption":"Just Now News"},"image":{"@id":"https:\/\/now-news.de\/de\/#\/schema\/logo\/image\/"},"sameAs":["https:\/\/www.facebook.com\/wirmachenauf","https:\/\/x.com\/WirMachenAuf_de"]},{"@type":"Person","@id":"https:\/\/now-news.de\/de\/#\/schema\/person\/fb534a4e865501d8b3285208df34a9b5","name":"rtnews","image":{"@type":"ImageObject","inLanguage":"de","@id":"https:\/\/now-news.de\/de\/#\/schema\/person\/image\/","url":"https:\/\/secure.gravatar.com\/avatar\/82aafea7d8127119dd649515f56e2117?s=96&d=mm&r=g","contentUrl":"https:\/\/secure.gravatar.com\/avatar\/82aafea7d8127119dd649515f56e2117?s=96&d=mm&r=g","caption":"rtnews"},"url":"https:\/\/now-news.de\/de\/author\/rnews\/"}]}},"_links":{"self":[{"href":"https:\/\/now-news.de\/de\/wp-json\/wp\/v2\/posts\/34804"}],"collection":[{"href":"https:\/\/now-news.de\/de\/wp-json\/wp\/v2\/posts"}],"about":[{"href":"https:\/\/now-news.de\/de\/wp-json\/wp\/v2\/types\/post"}],"author":[{"embeddable":true,"href":"https:\/\/now-news.de\/de\/wp-json\/wp\/v2\/users\/3"}],"replies":[{"embeddable":true,"href":"https:\/\/now-news.de\/de\/wp-json\/wp\/v2\/comments?post=34804"}],"version-history":[{"count":0,"href":"https:\/\/now-news.de\/de\/wp-json\/wp\/v2\/posts\/34804\/revisions"}],"wp:featuredmedia":[{"embeddable":true,"href":"https:\/\/now-news.de\/de\/wp-json\/wp\/v2\/media\/34805"}],"wp:attachment":[{"href":"https:\/\/now-news.de\/de\/wp-json\/wp\/v2\/media?parent=34804"}],"wp:term":[{"taxonomy":"category","embeddable":true,"href":"https:\/\/now-news.de\/de\/wp-json\/wp\/v2\/categories?post=34804"},{"taxonomy":"post_tag","embeddable":true,"href":"https:\/\/now-news.de\/de\/wp-json\/wp\/v2\/tags?post=34804"}],"curies":[{"name":"wp","href":"https:\/\/api.w.org\/{rel}","templated":true}]}}