{"id":34756,"date":"2023-04-26T07:50:09","date_gmt":"2023-04-26T05:50:09","guid":{"rendered":"http:\/\/just-now.news\/de\/deutschland\/nicht-von-putin-distanziert-strafprozess-gegen-friedensaktivist-buecker\/"},"modified":"2023-04-26T07:50:09","modified_gmt":"2023-04-26T05:50:09","slug":"nicht-von-putin-distanziert-strafprozess-gegen-friedensaktivist-buecker","status":"publish","type":"post","link":"https:\/\/now-news.de\/de\/deutschland\/nicht-von-putin-distanziert-strafprozess-gegen-friedensaktivist-buecker\/","title":{"rendered":"Nicht von Putin distanziert \u2013 Strafprozess gegen Friedensaktivist B\u00fccker"},"content":{"rendered":"<p><img decoding=\"async\" src=\"http:\/\/just-now.news\/de\/wp-content\/uploads\/sites\/3\/2023\/04\/6447c15f48fbef6a2870858c.jpg\" \/><\/p>\n<div class=\"Text-root Text-type_1 \">\n                Am 27. April muss sich der Friedensaktivist Heinrich B\u00fccker in Berlin vor Gericht verantworten. Ihm wird vorgeworfen, bei seiner Gedenkrede zum Jahrestag des \u00dcberfalls Hitler-Deutschlands auf die Sowjetunion die Straftat &#8220;Belohnung und Billigung von Straftaten&#8221; begangen zu haben. Er habe sich nicht von &#8220;Putins Angriffskrieg&#8221; distanziert.\n            <\/div>\n<p><\/p>\n<div class=\"Text-root Text-type_5 ArticleView-text ViewText-root \">\n<p>Am kommenden Donnerstag, den 27. April, findet um 9:00 Uhr im Berliner Amtsgericht der Strafgerichtsprozess gegen den Friedensaktivisten Heinrich B\u00fccker statt. Gegen den Betreiber des <a rel=\"nofollow noopener\" target=\"_blank\" href=\"https:\/\/cooptv.wordpress.com\/2022\/12\/27\/stellungnahmen-zu-den-ermittlungen-wegen-gedenkrede-zum-uberfall-auf-udssr-gegen-heinrich-bucker-betreiber-des-coop-anti-war-cafe-berlin\/\">Coop Anti-War Caf\u00e9s<\/a> in Berlin hatte die politische Abteilung der Berliner Staatsanwaltschaft nach einer Strafanzeige und nach Ermittlungen des Landeskriminalamts beim Berliner Amtsgericht Tiergarten am 9. Januar 2023 einen Strafbefehl erwirkt.<\/p>\n<p>Ihm wird nach \u00a7\u00a0140 Nr. 2 Strafgesetzbuch &#8220;Belohnung und Billigung von Straftaten&#8221; vorgeworfen. In seiner Rede vor dem sowjetischen Ehrenmal am 22. Juni 2022 habe er sich nicht von Putins Angriffskrieg distanziert und habe diesen mutma\u00dflich sogar gutgehei\u00dfen. Im Strafbefehl wurde gegen ihn eine Geldstrafe von 40 Tagess\u00e4tzen verh\u00e4ngt.<\/p>\n<p>Laut aktueller Pressemitteilung seiner Strafverteidiger habe ihr Mandant in der Rede am 22. Juni 2022 &#8220;am Jahrestag des \u00dcberfalls Hitler-Deutschlands auf die Sowjetunion&#8221; in Erinnerung gerufen, dass diesem &#8220;verbrecherischen Krieg allein 27 Millionen B\u00fcrger der Sowjetunion, die Mehrheit Zivilisten, zum Opfer gefallen sind, und weiter darauf hingewiesen, dass allein in der Ukraine mehr als 1,5 Millionen Juden unter den Opfern waren&#8221;.\u00a0<\/p>\n<p>&#8220;Unter der \u00dcberschrift &#8216;Wir vergessen nicht!'&#8221;, zitierten die Anw\u00e4lte in der Pressemitteilung aus B\u00fcckers Rede, &#8220;hatte er dazu aufgerufen, diese &#8216;schmerzliche und besch\u00e4mende Erinnerung an den so ungeheuerlichen und grausamen Vernichtungskrieg, den das faschistische Deutschland der gesamten Sowjetunion \u2013 vor allem der ukrainischen, der belorussischen und der russischen Republik angetan hat&#8217;\u00a0 wachzuhalten&#8221;.<\/p>\n<p>Heinrich B\u00fccker habe daran erinnert, dass man die Befreiung Europas vom Faschismus den V\u00f6lkern der Sowjetunion verdanke. Sein Anliegen sei &#8220;das ehrende Gedenken der Befreiung Europas und auch Deutschlands vom Faschismus, die wir den V\u00f6lkern der UdSSR verdanken, einschlie\u00dflich der daraus erwachsenen Verpflichtung, f\u00fcr eine gedeihliche, vern\u00fcnftige und friedliche Nachbarschaft mit Russland in Europa einzustehen.&#8221;<\/p>\n<p>In der Pressemitteilung begr\u00fcnden die Rechtsanw\u00e4lte Tobias Florian Krenzel und Eberhard Schultz, warum eine Straftat gem\u00e4\u00df \u00a7\u00a0140 Strafgesetz nicht vorliege. Unter anderem sei bei der Rede des Betreibers des Coop Anti-War Caf\u00e9s das Tatbestandsmerkmal &#8220;St\u00f6rung des \u00f6ffentlichen Friedens&#8221; nicht erf\u00fcllt. Die Rede entspreche den v\u00f6lkerrechtlich verpflichtenden Vier-M\u00e4chte-Vereinbarungen nach der deutschen Wiedervereinigung.\u00a0\u00a0<\/p>\n<blockquote>\n<p><em>&#8220;Eine St\u00f6rung des \u00f6ffentlichen Friedens kann erst recht nicht angenommen werden, entspricht der Inhalt der Rede doch nicht nur den v\u00f6lkerrechtlich verpflichtenden Vereinbarungen der vier M\u00e4chte anl\u00e4sslich der Wiedervereinigung zum Sonderstatus Berlins und dem Erhalt des sowjetischen Ehrenmals.&#8221;<\/em><\/p>\n<\/blockquote>\n<p>Eine Verurteilung ihres Mandanten, so die Rechtsanw\u00e4lte, w\u00e4re &#8220;nicht nur eine schwerwiegende Verletzung von wichtige Grund- und Freiheitsrechten&#8221;, insbesondere dem Recht auf Meinungs- und Pressefreiheit. Sie w\u00fcrde sich auch in eine weitere Kriminalisierung angeblicher Feinde unserer Demokratie und angeblicher Feinde unserer &#8220;westlichen Wertegemeinschaft&#8221; einreihen. Die Kriminalisierung angeblicher Demokratiefeinde beobachten die Anw\u00e4lte insgesamt mit gro\u00dfer Sorge. Sie stehe auch im Zusammenhang mit bis vor Kurzem undenkbaren Ma\u00dfnahmen im Polizei- und Versammlungsrecht.<\/p>\n<p><strong>Mehr zum Thema &#8211;<\/strong>\u00a0<a rel=\"nofollow noopener\" target=\"_blank\" href=\"https:\/\/pressefreiheit.rtde.live\/meinung\/113955-jeder-funfte-zivile-opfer-sowjetunion-grosser-vaterlandischer-krieg\/\">\u00dcber 13 Millionen ermordeter Zivilisten \u2013 Die vergessenen Opfer der Sowjetunion im Zweiten Weltkrieg<\/a><\/p>\n<\/p>\n<\/div>\n<p><br \/>\n<br \/><a href=\"https:\/\/de.rt.com\/inland\/168487-nicht-von-putin-distanziert-strafprozess\/\">Source link <\/a><\/p>\n","protected":false},"excerpt":{"rendered":"<p>Am 27. April muss sich der Friedensaktivist Heinrich B\u00fccker in Berlin vor Gericht verantworten. Ihm wird vorgeworfen, bei seiner Gedenkrede zum Jahrestag des \u00dcberfalls Hitler-Deutschlands auf die Sowjetunion die Straftat &#8220;Belohnung und Billigung von Straftaten&#8221; begangen zu haben. Er habe sich nicht von &#8220;Putins Angriffskrieg&#8221; distanziert. Am kommenden Donnerstag, den 27. April, findet um 9:00 [&hellip;]<\/p>\n","protected":false},"author":3,"featured_media":34757,"comment_status":"open","ping_status":"open","sticky":false,"template":"","format":"standard","meta":{"_yoast_indexnow_last_ping":["1682494853"],"wp_automatic_camp":["217"],"26ff38f0fa987eeb0043ff72966fccd0":["Nicht von Putin distanziert \u2013 Strafprozess gegen Friedensaktivist B\u00fccker"],"original_link":["https:\/\/de.rt.com\/inland\/168487-nicht-von-putin-distanziert-strafprozess\/"],"_thumbnail_id":["34757"],"jnews_social_counter_last_update":["1777148711"],"_wptgpro_p2tg_sent2tg":["a:1:{i:23737;s:19:\"2023-04-26 09:42:03\";}"]},"categories":[19,23],"tags":[43507,25779,42539,278,800,125,43506,50],"yoast_head":"<!-- This site is optimized with the Yoast SEO Premium plugin v22.7 (Yoast SEO v22.7) - https:\/\/yoast.com\/wordpress\/plugins\/seo\/ -->\n<title>Nicht von Putin distanziert \u2013 Strafprozess gegen Friedensaktivist B\u00fccker - just-now.NEWS Deutschland<\/title>\n<meta name=\"robots\" content=\"index, follow, max-snippet:-1, max-image-preview:large, max-video-preview:-1\" \/>\n<link rel=\"canonical\" href=\"https:\/\/now-news.de\/de\/deutschland\/nicht-von-putin-distanziert-strafprozess-gegen-friedensaktivist-buecker\/\" \/>\n<meta property=\"og:locale\" content=\"de_DE\" \/>\n<meta property=\"og:type\" content=\"article\" \/>\n<meta property=\"og:title\" content=\"Nicht von Putin distanziert \u2013 Strafprozess gegen Friedensaktivist B\u00fccker\" \/>\n<meta property=\"og:description\" content=\"Am 27. April muss sich der Friedensaktivist Heinrich B\u00fccker in Berlin vor Gericht verantworten. Ihm wird vorgeworfen, bei seiner Gedenkrede zum Jahrestag des \u00dcberfalls Hitler-Deutschlands auf die Sowjetunion die Straftat &#8220;Belohnung und Billigung von Straftaten&#8221; begangen zu haben. Er habe sich nicht von &#8220;Putins Angriffskrieg&#8221; distanziert. Am kommenden Donnerstag, den 27. April, findet um 9:00 [&hellip;]\" \/>\n<meta property=\"og:url\" content=\"https:\/\/now-news.de\/de\/deutschland\/nicht-von-putin-distanziert-strafprozess-gegen-friedensaktivist-buecker\/\" \/>\n<meta property=\"og:site_name\" content=\"just-now.NEWS Deutschland\" \/>\n<meta property=\"article:publisher\" content=\"https:\/\/www.facebook.com\/wirmachenauf\" \/>\n<meta property=\"article:published_time\" content=\"2023-04-26T05:50:09+00:00\" \/>\n<meta property=\"og:image\" content=\"https:\/\/now-news.de\/de\/wp-content\/uploads\/sites\/3\/2023\/04\/Nicht-von-Putin-distanziert-\u2013-Strafprozess-gegen-Friedensaktivist-Buecker.jpg\" \/>\n\t<meta property=\"og:image:width\" content=\"460\" \/>\n\t<meta property=\"og:image:height\" content=\"259\" \/>\n\t<meta property=\"og:image:type\" content=\"image\/jpeg\" \/>\n<meta name=\"author\" content=\"rtnews\" \/>\n<meta name=\"twitter:card\" content=\"summary_large_image\" \/>\n<meta name=\"twitter:creator\" content=\"@WirMachenAuf_de\" \/>\n<meta name=\"twitter:site\" content=\"@WirMachenAuf_de\" \/>\n<meta name=\"twitter:label1\" content=\"Verfasst von\" \/>\n\t<meta name=\"twitter:data1\" content=\"rtnews\" \/>\n\t<meta name=\"twitter:label2\" content=\"Gesch\u00e4tzte Lesezeit\" \/>\n\t<meta name=\"twitter:data2\" content=\"3\u00a0Minuten\" \/>\n<script type=\"application\/ld+json\" class=\"yoast-schema-graph\">{\"@context\":\"https:\/\/schema.org\",\"@graph\":[{\"@type\":\"Article\",\"@id\":\"https:\/\/now-news.de\/de\/deutschland\/nicht-von-putin-distanziert-strafprozess-gegen-friedensaktivist-buecker\/#article\",\"isPartOf\":{\"@id\":\"https:\/\/now-news.de\/de\/deutschland\/nicht-von-putin-distanziert-strafprozess-gegen-friedensaktivist-buecker\/\"},\"author\":{\"name\":\"rtnews\",\"@id\":\"https:\/\/now-news.de\/de\/#\/schema\/person\/fb534a4e865501d8b3285208df34a9b5\"},\"headline\":\"Nicht von Putin distanziert \u2013 Strafprozess gegen Friedensaktivist B\u00fccker\",\"datePublished\":\"2023-04-26T05:50:09+00:00\",\"dateModified\":\"2023-04-26T05:50:09+00:00\",\"mainEntityOfPage\":{\"@id\":\"https:\/\/now-news.de\/de\/deutschland\/nicht-von-putin-distanziert-strafprozess-gegen-friedensaktivist-buecker\/\"},\"wordCount\":524,\"commentCount\":0,\"publisher\":{\"@id\":\"https:\/\/now-news.de\/de\/#organization\"},\"image\":{\"@id\":\"https:\/\/now-news.de\/de\/deutschland\/nicht-von-putin-distanziert-strafprozess-gegen-friedensaktivist-buecker\/#primaryimage\"},\"thumbnailUrl\":\"https:\/\/now-news.de\/de\/wp-content\/uploads\/sites\/3\/2023\/04\/Nicht-von-Putin-distanziert-\u2013-Strafprozess-gegen-Friedensaktivist-Buecker.jpg\",\"keywords\":[\"B\u00fccker\",\"distanziert\",\"Friedensaktivist\",\"gegen\",\"nicht\",\"putin\",\"Strafprozess\",\"von\"],\"articleSection\":[\"Deutschland\",\"Russland\"],\"inLanguage\":\"de\",\"potentialAction\":[{\"@type\":\"CommentAction\",\"name\":\"Comment\",\"target\":[\"https:\/\/now-news.de\/de\/deutschland\/nicht-von-putin-distanziert-strafprozess-gegen-friedensaktivist-buecker\/#respond\"]}]},{\"@type\":\"WebPage\",\"@id\":\"https:\/\/now-news.de\/de\/deutschland\/nicht-von-putin-distanziert-strafprozess-gegen-friedensaktivist-buecker\/\",\"url\":\"https:\/\/now-news.de\/de\/deutschland\/nicht-von-putin-distanziert-strafprozess-gegen-friedensaktivist-buecker\/\",\"name\":\"Nicht von Putin distanziert \u2013 Strafprozess gegen Friedensaktivist B\u00fccker - just-now.NEWS Deutschland\",\"isPartOf\":{\"@id\":\"https:\/\/now-news.de\/de\/#website\"},\"primaryImageOfPage\":{\"@id\":\"https:\/\/now-news.de\/de\/deutschland\/nicht-von-putin-distanziert-strafprozess-gegen-friedensaktivist-buecker\/#primaryimage\"},\"image\":{\"@id\":\"https:\/\/now-news.de\/de\/deutschland\/nicht-von-putin-distanziert-strafprozess-gegen-friedensaktivist-buecker\/#primaryimage\"},\"thumbnailUrl\":\"https:\/\/now-news.de\/de\/wp-content\/uploads\/sites\/3\/2023\/04\/Nicht-von-Putin-distanziert-\u2013-Strafprozess-gegen-Friedensaktivist-Buecker.jpg\",\"datePublished\":\"2023-04-26T05:50:09+00:00\",\"dateModified\":\"2023-04-26T05:50:09+00:00\",\"breadcrumb\":{\"@id\":\"https:\/\/now-news.de\/de\/deutschland\/nicht-von-putin-distanziert-strafprozess-gegen-friedensaktivist-buecker\/#breadcrumb\"},\"inLanguage\":\"de\",\"potentialAction\":[{\"@type\":\"ReadAction\",\"target\":[\"https:\/\/now-news.de\/de\/deutschland\/nicht-von-putin-distanziert-strafprozess-gegen-friedensaktivist-buecker\/\"]}]},{\"@type\":\"ImageObject\",\"inLanguage\":\"de\",\"@id\":\"https:\/\/now-news.de\/de\/deutschland\/nicht-von-putin-distanziert-strafprozess-gegen-friedensaktivist-buecker\/#primaryimage\",\"url\":\"https:\/\/now-news.de\/de\/wp-content\/uploads\/sites\/3\/2023\/04\/Nicht-von-Putin-distanziert-\u2013-Strafprozess-gegen-Friedensaktivist-Buecker.jpg\",\"contentUrl\":\"https:\/\/now-news.de\/de\/wp-content\/uploads\/sites\/3\/2023\/04\/Nicht-von-Putin-distanziert-\u2013-Strafprozess-gegen-Friedensaktivist-Buecker.jpg\",\"width\":460,\"height\":259,\"caption\":\"Nicht von Putin distanziert \u2013 Strafprozess gegen Friedensaktivist B\u00fccker\"},{\"@type\":\"BreadcrumbList\",\"@id\":\"https:\/\/now-news.de\/de\/deutschland\/nicht-von-putin-distanziert-strafprozess-gegen-friedensaktivist-buecker\/#breadcrumb\",\"itemListElement\":[{\"@type\":\"ListItem\",\"position\":1,\"name\":\"Home\",\"item\":\"https:\/\/now-news.de\/de\/\"},{\"@type\":\"ListItem\",\"position\":2,\"name\":\"Nicht von Putin distanziert \u2013 Strafprozess gegen Friedensaktivist B\u00fccker\"}]},{\"@type\":\"WebSite\",\"@id\":\"https:\/\/now-news.de\/de\/#website\",\"url\":\"https:\/\/now-news.de\/de\/\",\"name\":\"just-now.NEWS Deutschland\",\"description\":\"Das Portal f\u00fcr unzensierte Nachrichten aus der Welt\",\"publisher\":{\"@id\":\"https:\/\/now-news.de\/de\/#organization\"},\"potentialAction\":[{\"@type\":\"SearchAction\",\"target\":{\"@type\":\"EntryPoint\",\"urlTemplate\":\"https:\/\/now-news.de\/de\/?s={search_term_string}\"},\"query-input\":\"required name=search_term_string\"}],\"inLanguage\":\"de\"},{\"@type\":\"Organization\",\"@id\":\"https:\/\/now-news.de\/de\/#organization\",\"name\":\"Just Now News\",\"url\":\"https:\/\/now-news.de\/de\/\",\"logo\":{\"@type\":\"ImageObject\",\"inLanguage\":\"de\",\"@id\":\"https:\/\/now-news.de\/de\/#\/schema\/logo\/image\/\",\"url\":\"http:\/\/just-now.news\/de\/wp-content\/uploads\/sites\/3\/2022\/04\/logo500x500.jpg\",\"contentUrl\":\"http:\/\/just-now.news\/de\/wp-content\/uploads\/sites\/3\/2022\/04\/logo500x500.jpg\",\"width\":500,\"height\":500,\"caption\":\"Just Now News\"},\"image\":{\"@id\":\"https:\/\/now-news.de\/de\/#\/schema\/logo\/image\/\"},\"sameAs\":[\"https:\/\/www.facebook.com\/wirmachenauf\",\"https:\/\/x.com\/WirMachenAuf_de\"]},{\"@type\":\"Person\",\"@id\":\"https:\/\/now-news.de\/de\/#\/schema\/person\/fb534a4e865501d8b3285208df34a9b5\",\"name\":\"rtnews\",\"image\":{\"@type\":\"ImageObject\",\"inLanguage\":\"de\",\"@id\":\"https:\/\/now-news.de\/de\/#\/schema\/person\/image\/\",\"url\":\"https:\/\/secure.gravatar.com\/avatar\/82aafea7d8127119dd649515f56e2117?s=96&d=mm&r=g\",\"contentUrl\":\"https:\/\/secure.gravatar.com\/avatar\/82aafea7d8127119dd649515f56e2117?s=96&d=mm&r=g\",\"caption\":\"rtnews\"},\"url\":\"https:\/\/now-news.de\/de\/author\/rnews\/\"}]}<\/script>\n<!-- \/ Yoast SEO Premium plugin. -->","yoast_head_json":{"title":"Nicht von Putin distanziert \u2013 Strafprozess gegen Friedensaktivist B\u00fccker - just-now.NEWS Deutschland","robots":{"index":"index","follow":"follow","max-snippet":"max-snippet:-1","max-image-preview":"max-image-preview:large","max-video-preview":"max-video-preview:-1"},"canonical":"https:\/\/now-news.de\/de\/deutschland\/nicht-von-putin-distanziert-strafprozess-gegen-friedensaktivist-buecker\/","og_locale":"de_DE","og_type":"article","og_title":"Nicht von Putin distanziert \u2013 Strafprozess gegen Friedensaktivist B\u00fccker","og_description":"Am 27. April muss sich der Friedensaktivist Heinrich B\u00fccker in Berlin vor Gericht verantworten. Ihm wird vorgeworfen, bei seiner Gedenkrede zum Jahrestag des \u00dcberfalls Hitler-Deutschlands auf die Sowjetunion die Straftat &#8220;Belohnung und Billigung von Straftaten&#8221; begangen zu haben. Er habe sich nicht von &#8220;Putins Angriffskrieg&#8221; distanziert. Am kommenden Donnerstag, den 27. April, findet um 9:00 [&hellip;]","og_url":"https:\/\/now-news.de\/de\/deutschland\/nicht-von-putin-distanziert-strafprozess-gegen-friedensaktivist-buecker\/","og_site_name":"just-now.NEWS Deutschland","article_publisher":"https:\/\/www.facebook.com\/wirmachenauf","article_published_time":"2023-04-26T05:50:09+00:00","og_image":[{"width":460,"height":259,"url":"https:\/\/now-news.de\/de\/wp-content\/uploads\/sites\/3\/2023\/04\/Nicht-von-Putin-distanziert-\u2013-Strafprozess-gegen-Friedensaktivist-Buecker.jpg","type":"image\/jpeg"}],"author":"rtnews","twitter_card":"summary_large_image","twitter_creator":"@WirMachenAuf_de","twitter_site":"@WirMachenAuf_de","twitter_misc":{"Verfasst von":"rtnews","Gesch\u00e4tzte Lesezeit":"3\u00a0Minuten"},"schema":{"@context":"https:\/\/schema.org","@graph":[{"@type":"Article","@id":"https:\/\/now-news.de\/de\/deutschland\/nicht-von-putin-distanziert-strafprozess-gegen-friedensaktivist-buecker\/#article","isPartOf":{"@id":"https:\/\/now-news.de\/de\/deutschland\/nicht-von-putin-distanziert-strafprozess-gegen-friedensaktivist-buecker\/"},"author":{"name":"rtnews","@id":"https:\/\/now-news.de\/de\/#\/schema\/person\/fb534a4e865501d8b3285208df34a9b5"},"headline":"Nicht von Putin distanziert \u2013 Strafprozess gegen Friedensaktivist B\u00fccker","datePublished":"2023-04-26T05:50:09+00:00","dateModified":"2023-04-26T05:50:09+00:00","mainEntityOfPage":{"@id":"https:\/\/now-news.de\/de\/deutschland\/nicht-von-putin-distanziert-strafprozess-gegen-friedensaktivist-buecker\/"},"wordCount":524,"commentCount":0,"publisher":{"@id":"https:\/\/now-news.de\/de\/#organization"},"image":{"@id":"https:\/\/now-news.de\/de\/deutschland\/nicht-von-putin-distanziert-strafprozess-gegen-friedensaktivist-buecker\/#primaryimage"},"thumbnailUrl":"https:\/\/now-news.de\/de\/wp-content\/uploads\/sites\/3\/2023\/04\/Nicht-von-Putin-distanziert-\u2013-Strafprozess-gegen-Friedensaktivist-Buecker.jpg","keywords":["B\u00fccker","distanziert","Friedensaktivist","gegen","nicht","putin","Strafprozess","von"],"articleSection":["Deutschland","Russland"],"inLanguage":"de","potentialAction":[{"@type":"CommentAction","name":"Comment","target":["https:\/\/now-news.de\/de\/deutschland\/nicht-von-putin-distanziert-strafprozess-gegen-friedensaktivist-buecker\/#respond"]}]},{"@type":"WebPage","@id":"https:\/\/now-news.de\/de\/deutschland\/nicht-von-putin-distanziert-strafprozess-gegen-friedensaktivist-buecker\/","url":"https:\/\/now-news.de\/de\/deutschland\/nicht-von-putin-distanziert-strafprozess-gegen-friedensaktivist-buecker\/","name":"Nicht von Putin distanziert \u2013 Strafprozess gegen Friedensaktivist B\u00fccker - just-now.NEWS Deutschland","isPartOf":{"@id":"https:\/\/now-news.de\/de\/#website"},"primaryImageOfPage":{"@id":"https:\/\/now-news.de\/de\/deutschland\/nicht-von-putin-distanziert-strafprozess-gegen-friedensaktivist-buecker\/#primaryimage"},"image":{"@id":"https:\/\/now-news.de\/de\/deutschland\/nicht-von-putin-distanziert-strafprozess-gegen-friedensaktivist-buecker\/#primaryimage"},"thumbnailUrl":"https:\/\/now-news.de\/de\/wp-content\/uploads\/sites\/3\/2023\/04\/Nicht-von-Putin-distanziert-\u2013-Strafprozess-gegen-Friedensaktivist-Buecker.jpg","datePublished":"2023-04-26T05:50:09+00:00","dateModified":"2023-04-26T05:50:09+00:00","breadcrumb":{"@id":"https:\/\/now-news.de\/de\/deutschland\/nicht-von-putin-distanziert-strafprozess-gegen-friedensaktivist-buecker\/#breadcrumb"},"inLanguage":"de","potentialAction":[{"@type":"ReadAction","target":["https:\/\/now-news.de\/de\/deutschland\/nicht-von-putin-distanziert-strafprozess-gegen-friedensaktivist-buecker\/"]}]},{"@type":"ImageObject","inLanguage":"de","@id":"https:\/\/now-news.de\/de\/deutschland\/nicht-von-putin-distanziert-strafprozess-gegen-friedensaktivist-buecker\/#primaryimage","url":"https:\/\/now-news.de\/de\/wp-content\/uploads\/sites\/3\/2023\/04\/Nicht-von-Putin-distanziert-\u2013-Strafprozess-gegen-Friedensaktivist-Buecker.jpg","contentUrl":"https:\/\/now-news.de\/de\/wp-content\/uploads\/sites\/3\/2023\/04\/Nicht-von-Putin-distanziert-\u2013-Strafprozess-gegen-Friedensaktivist-Buecker.jpg","width":460,"height":259,"caption":"Nicht von Putin distanziert \u2013 Strafprozess gegen Friedensaktivist B\u00fccker"},{"@type":"BreadcrumbList","@id":"https:\/\/now-news.de\/de\/deutschland\/nicht-von-putin-distanziert-strafprozess-gegen-friedensaktivist-buecker\/#breadcrumb","itemListElement":[{"@type":"ListItem","position":1,"name":"Home","item":"https:\/\/now-news.de\/de\/"},{"@type":"ListItem","position":2,"name":"Nicht von Putin distanziert \u2013 Strafprozess gegen Friedensaktivist B\u00fccker"}]},{"@type":"WebSite","@id":"https:\/\/now-news.de\/de\/#website","url":"https:\/\/now-news.de\/de\/","name":"just-now.NEWS Deutschland","description":"Das Portal f\u00fcr unzensierte Nachrichten aus der Welt","publisher":{"@id":"https:\/\/now-news.de\/de\/#organization"},"potentialAction":[{"@type":"SearchAction","target":{"@type":"EntryPoint","urlTemplate":"https:\/\/now-news.de\/de\/?s={search_term_string}"},"query-input":"required name=search_term_string"}],"inLanguage":"de"},{"@type":"Organization","@id":"https:\/\/now-news.de\/de\/#organization","name":"Just Now News","url":"https:\/\/now-news.de\/de\/","logo":{"@type":"ImageObject","inLanguage":"de","@id":"https:\/\/now-news.de\/de\/#\/schema\/logo\/image\/","url":"http:\/\/just-now.news\/de\/wp-content\/uploads\/sites\/3\/2022\/04\/logo500x500.jpg","contentUrl":"http:\/\/just-now.news\/de\/wp-content\/uploads\/sites\/3\/2022\/04\/logo500x500.jpg","width":500,"height":500,"caption":"Just Now News"},"image":{"@id":"https:\/\/now-news.de\/de\/#\/schema\/logo\/image\/"},"sameAs":["https:\/\/www.facebook.com\/wirmachenauf","https:\/\/x.com\/WirMachenAuf_de"]},{"@type":"Person","@id":"https:\/\/now-news.de\/de\/#\/schema\/person\/fb534a4e865501d8b3285208df34a9b5","name":"rtnews","image":{"@type":"ImageObject","inLanguage":"de","@id":"https:\/\/now-news.de\/de\/#\/schema\/person\/image\/","url":"https:\/\/secure.gravatar.com\/avatar\/82aafea7d8127119dd649515f56e2117?s=96&d=mm&r=g","contentUrl":"https:\/\/secure.gravatar.com\/avatar\/82aafea7d8127119dd649515f56e2117?s=96&d=mm&r=g","caption":"rtnews"},"url":"https:\/\/now-news.de\/de\/author\/rnews\/"}]}},"_links":{"self":[{"href":"https:\/\/now-news.de\/de\/wp-json\/wp\/v2\/posts\/34756"}],"collection":[{"href":"https:\/\/now-news.de\/de\/wp-json\/wp\/v2\/posts"}],"about":[{"href":"https:\/\/now-news.de\/de\/wp-json\/wp\/v2\/types\/post"}],"author":[{"embeddable":true,"href":"https:\/\/now-news.de\/de\/wp-json\/wp\/v2\/users\/3"}],"replies":[{"embeddable":true,"href":"https:\/\/now-news.de\/de\/wp-json\/wp\/v2\/comments?post=34756"}],"version-history":[{"count":0,"href":"https:\/\/now-news.de\/de\/wp-json\/wp\/v2\/posts\/34756\/revisions"}],"wp:featuredmedia":[{"embeddable":true,"href":"https:\/\/now-news.de\/de\/wp-json\/wp\/v2\/media\/34757"}],"wp:attachment":[{"href":"https:\/\/now-news.de\/de\/wp-json\/wp\/v2\/media?parent=34756"}],"wp:term":[{"taxonomy":"category","embeddable":true,"href":"https:\/\/now-news.de\/de\/wp-json\/wp\/v2\/categories?post=34756"},{"taxonomy":"post_tag","embeddable":true,"href":"https:\/\/now-news.de\/de\/wp-json\/wp\/v2\/tags?post=34756"}],"curies":[{"name":"wp","href":"https:\/\/api.w.org\/{rel}","templated":true}]}}