{"id":34740,"date":"2023-04-26T06:45:37","date_gmt":"2023-04-26T04:45:37","guid":{"rendered":"http:\/\/just-now.news\/de\/deutschland\/absurde-aussen-und-energiepolitik-gruene-ziehen-deutschland-in-den-abgrund\/"},"modified":"2023-04-26T06:45:37","modified_gmt":"2023-04-26T04:45:37","slug":"absurde-aussen-und-energiepolitik-gruene-ziehen-deutschland-in-den-abgrund","status":"publish","type":"post","link":"https:\/\/now-news.de\/de\/deutschland\/absurde-aussen-und-energiepolitik-gruene-ziehen-deutschland-in-den-abgrund\/","title":{"rendered":"Absurde Au\u00dfen- und Energiepolitik \u2013 Gr\u00fcne ziehen Deutschland in den Abgrund"},"content":{"rendered":"<p><img decoding=\"async\" src=\"http:\/\/just-now.news\/de\/wp-content\/uploads\/sites\/3\/2023\/04\/6447985348fbef15496917c7.jpg\" \/><\/p>\n<div class=\"Text-root Text-type_1 \">\n                Deutschland erlebt einen langsamen Tod durch das Handeln der &#8220;Gr\u00fcnen&#8221;. Das systematische Kappen historischer internationaler Partnerschaften und aller Zug\u00e4nge zu billigen Energietr\u00e4gern k\u00f6nnte sich als Katastrophe f\u00fcr das Land erweisen.\n            <\/div>\n<p><\/p>\n<div class=\"Text-root Text-type_5 ArticleView-text ViewText-root \">\n<p><em>Von Timur Fomenko<\/em><\/p>\n<p>Die deutsche Au\u00dfenministerin Annalena Baerbock <a rel=\"nofollow noopener\" target=\"_blank\" href=\"https:\/\/www.reuters.com\/world\/europe\/germanys-foreign-minister-parts-china-trip-more-than-shocking-2023-04-19\/?utm_medium=Social&amp;utm_source=twitter\">nannte<\/a> ihren j\u00fcngsten Besuch in China &#8220;mehr als schockierend&#8221; und schlussfolgerte, Deutschland solle sich zwar nicht von Peking &#8220;abkoppeln&#8221;, sollte aber auch nicht l\u00e4nger der wichtigste Handelspartner f\u00fcr Berlin sein. Nach einer viel beachteten China-Reise von Emmanuel Macron und dessen anschlie\u00dfender sanfter Kritik an den USA meinte Baerbock offensichtlich, zu einer Art Schadensbegrenzung nach Peking reisen zu m\u00fcssen. Ihre kritische Nachlese zu China \u00e4u\u00dferte sie in der vergangenen Woche, als sie in einer Fragestunde an die Bundesregierung vor dem Plenum des Deutschen Bundestages auftrat.<\/p>\n<p>&#8220;Die Gr\u00fcnen&#8221; in Deutschlands sind als Mitglied der Regierungskoalition mit der Sozialdemokratischen Partei mittlerweile bekannt daf\u00fcr, eine aggressive transatlantisch orientierte Au\u00dfenpolitik zu forcieren. Nachdem sie sich urspr\u00fcnglich im Jahr 1980 als Antikriegs- und Umwelt-Partei gegr\u00fcndet hatten, haben sich die politischen Ansichten inzwischen weitgehend gewandelt, so dass dies Partei heute die NATO und deren Osterweiterung unumwunden unterst\u00fctzt, das Milit\u00e4rb\u00fcndnis als entscheidend f\u00fcr die Verteidigung Europas betrachtet und sich gegen jegliche Abkommen mit Russland und China stemmt.<\/p>\n<p>Jetzt, nachdem &#8220;Die Gr\u00fcnen&#8221; die Kontrolle \u00fcber das Au\u00dfenministerium des Landes \u00fcbernommen haben, versuchen sie, auch noch die bisher \u00e4u\u00dferst vorteilhaften geopolitischen Beziehungen Deutschlands zu China abzubauen, w\u00e4hrend sie ohnehin bereits in der Konfrontation zu Russland Vollgas gaben und geben. Die Zeiten von Pragmatismus, Besonnenheit und gesundem Menschenverstand sind offenbar vorbei. Jetzt scheint ihnen die Zeit gekommen f\u00fcr einen spalterischen liberalen Fundamentalismus, der es den USA bereits erm\u00f6glicht hat, die Grundlagen f\u00fcr den Wohlstand Deutschlands und f\u00fcr dessen wirtschaftliche St\u00e4rke zu demontieren. Baerbock ist eine Katastrophe \u2013 und sie rei\u00dft Deutschland in den Abgrund.<\/p>\n<p>Obwohl Deutschland als gr\u00f6\u00dfte und m\u00e4chtigste Volkswirtschaft in Europa pr\u00e4gend und richtungsweisend f\u00fcr den ganzen Kontinent war, sieht die Zukunft des Landes jetzt d\u00fcster aus. Die Eskalation im Ukraine-Konflikt hat zusammen mit der Sprengung der Pipelines Nord Stream die Grundlagen der Energiesicherheit des Landes und damit seiner industriellen Wettbewerbsf\u00e4higkeit zerst\u00f6rt. Der angerichtete Schaden wird durch die Tatsache belegt, dass f\u00fcr 2023 ein Wachstum des BIP um 0,3 Prozent <a rel=\"nofollow noopener\" target=\"_blank\" href=\"https:\/\/www.reuters.com\/markets\/europe\/economic-institutes-forecast-german-gdp-growth-03-2023-sources-2023-04-04\/\">prognostiziert<\/a> wird, w\u00e4hrend die j\u00e4hrliche <a rel=\"nofollow noopener\" target=\"_blank\" href=\"https:\/\/www.dw.com\/en\/germany-year-on-year-inflation-at-87-in-february\/a-64854185#:~:text=Average%20inflation%20in%20Germany%20in,,%20a%20post-war%20record.\">Inflation<\/a> im Februar bei 8,7 Prozent lag.<\/p>\n<p>Baerbock scheint sich nun damit zu besch\u00e4ftigen, auch noch die Beziehungen ihres Landes zur Volksrepublik China als seinem gr\u00f6\u00dften Handelspartner zum Abbruch zu bringen. So hat sie bereits versucht, neue <a rel=\"nofollow noopener\" target=\"_blank\" href=\"https:\/\/www.cnbc.com\/2022\/09\/14\/germany-drawing-up-new-china-trade-policy-vows-no-more-naivety.html\">Regeln<\/a> zu etablieren, um die weitere Expansion deutscher Unternehmen in China zu unterbinden, was sie unter dem Motto angeblicher &#8220;Verringerung der Abh\u00e4ngigkeit&#8221; verk\u00fcndet. Deutschlands Handel mit China hatte im Jahr 2021 einen Wert von 245 Milliarden Euro. Aber die Frage f\u00fcr die Zukunft bleibt: Wer, wenn nicht China? Man schaue sich blo\u00df die Folgen einer erfolgreich &#8220;reduzierten Abh\u00e4ngigkeit&#8221; von Russland an. &#8220;Die Gr\u00fcnen&#8221; unterwerfen Deutschland bedenkenlos einer US-Agenda und demontieren aktiv all das, was Deutschland lange Zeit Erfolg beschert hatte, im Gegenzug f\u00fcr praktisch nichts.<\/p>\n<p>Auch eine fanatische Umweltpolitik der Gr\u00fcnen, flankiert durch ihre Au\u00dfenpolitik, verschlimmert die Situation zus\u00e4tzlich. Trotz der Energiekrise im Land durch die bewusste Kappung der Partnerschaft mit Russland haben Die Gr\u00fcnen noch immer an einem weiteren Grundpfeiler ihrer Politik festgehalten \u2013 an ihrer Opposition gegen die friedliche Nutzung der Atomenergie. Dieser Kurs hat das Land nun in einem von den Gr\u00fcnen geschaffenen politischen Umfeld auch noch gezwungen, den selbstzerst\u00f6rerischen Weg des Ausstiegs aus der Atomkraft weiter zu beschreiten, im Widerspruch zum \u00fcberw\u00e4ltigenden Konsens, dass diese Energiequelle g\u00fcnstig, sicher und nat\u00fcrlich strategisch wichtig bleibt. So hat Deutschland hat Mitte April seine letzten Kernkraftwerke abgeschaltet, was selbst internationale Kommentatoren und Energieexperten verbl\u00fcffte.<\/p>\n<p>Aufgrund dieser Politik droht Deutschland der nationale Niedergang. Das Verm\u00e4chtnis des Einflusses der Gr\u00fcnen in der Regierung von Olaf Scholz wird darin bestehen, dass die Grundlagen von Deutschlands Wirtschaftswachstum demontiert und der Einfluss der USA auf Deutschland weitestm\u00f6glich ausgedehnt wurde, w\u00e4hrend man gleichzeitig geopolitische Partnerschaften zerrissen hat, die auf Realismus und die eigenen Interessen gegr\u00fcndet waren. Unter Angela Merkel war Deutschland noch ein m\u00e4chtiger und einflussreicher Akteur, auch weil das Land als Querdenker agierte, ohne von jenen Werten abzuweichen, die man dort f\u00fcr wichtig hielt. Der Preis f\u00fcr die Zerst\u00f6rung dieses Erbes, angefeuert durch US-gesponserte Denkfabriken, die Berlin unerbittlich ins Visier nehmen, wird darin bestehen, ein Deutschland erschaffen zu haben, das schw\u00e4cher, \u00e4rmer und global weniger relevant sein wird \u2013 ein Vasall der USA. Wer braucht schon Multipolarit\u00e4t, wenn man im deutschen Au\u00dfenministerium Die Gr\u00fcnen als Befehlsempf\u00e4nger zu sitzen hat?<\/p>\n<p>Deutschland erntet dank den Gr\u00fcnen seinen langsamen Tod.<\/p>\n<p><em>\u00dcbersetzt aus dem <a rel=\"nofollow noopener\" target=\"_blank\" href=\"https:\/\/swentr.site\/news\/575183-germany-greens-china-energy\/\">Englischen<\/a>.<\/em><em><\/em><\/p>\n<p><em>Timur Fomenko ist ein politischer Analyst.<\/em><\/p>\n<p><strong>Mehr zum Thema<\/strong> &#8211; <a rel=\"nofollow noopener\" target=\"_blank\" href=\"https:\/\/gegenzensur.rtde.live\/meinung\/167055-ukraine-ukraine-ueber-alles-habeck\/\">Ukraine \u00fcber alles: Habeck als wirtschaftspolitischer Geisterfahrer<\/a><\/p>\n<\/div>\n<p><br \/>\n<br \/><a href=\"https:\/\/de.rt.com\/meinung\/168476-absurde-aussen-und-energiepolitik-gruene\/\">Source link <\/a><\/p>\n","protected":false},"excerpt":{"rendered":"<p>Deutschland erlebt einen langsamen Tod durch das Handeln der &#8220;Gr\u00fcnen&#8221;. Das systematische Kappen historischer internationaler Partnerschaften und aller Zug\u00e4nge zu billigen Energietr\u00e4gern k\u00f6nnte sich als Katastrophe f\u00fcr das Land erweisen. Von Timur Fomenko Die deutsche Au\u00dfenministerin Annalena Baerbock nannte ihren j\u00fcngsten Besuch in China &#8220;mehr als schockierend&#8221; und schlussfolgerte, Deutschland solle sich zwar nicht von [&hellip;]<\/p>\n","protected":false},"author":3,"featured_media":34741,"comment_status":"open","ping_status":"open","sticky":false,"template":"","format":"standard","meta":{"_yoast_indexnow_last_ping":["1682485267"],"wp_automatic_camp":["217"],"32232a8c15bca8c348fdfbab443be780":["Absurde Au\u00dfen- und Energiepolitik \u2013 Gr\u00fcne ziehen Deutschland in den Abgrund"],"original_link":["https:\/\/de.rt.com\/meinung\/168476-absurde-aussen-und-energiepolitik-gruene\/"],"_thumbnail_id":["34741"],"jnews_social_counter_last_update":["1777202386"],"_wptgpro_p2tg_sent2tg":["a:1:{i:23737;s:19:\"2023-04-26 07:02:12\";}"]},"categories":[19,23],"tags":[15101,28047,29102,48,179,7940,1434,140,4327],"yoast_head":"<!-- This site is optimized with the Yoast SEO Premium plugin v22.7 (Yoast SEO v22.7) - https:\/\/yoast.com\/wordpress\/plugins\/seo\/ -->\n<title>Absurde Au\u00dfen- und Energiepolitik \u2013 Gr\u00fcne ziehen Deutschland in den Abgrund - just-now.NEWS Deutschland<\/title>\n<meta name=\"robots\" content=\"index, follow, max-snippet:-1, max-image-preview:large, max-video-preview:-1\" \/>\n<link rel=\"canonical\" href=\"https:\/\/now-news.de\/de\/deutschland\/absurde-aussen-und-energiepolitik-gruene-ziehen-deutschland-in-den-abgrund\/\" \/>\n<meta property=\"og:locale\" content=\"de_DE\" \/>\n<meta property=\"og:type\" content=\"article\" \/>\n<meta property=\"og:title\" content=\"Absurde Au\u00dfen- und Energiepolitik \u2013 Gr\u00fcne ziehen Deutschland in den Abgrund\" \/>\n<meta property=\"og:description\" content=\"Deutschland erlebt einen langsamen Tod durch das Handeln der &#8220;Gr\u00fcnen&#8221;. Das systematische Kappen historischer internationaler Partnerschaften und aller Zug\u00e4nge zu billigen Energietr\u00e4gern k\u00f6nnte sich als Katastrophe f\u00fcr das Land erweisen. Von Timur Fomenko Die deutsche Au\u00dfenministerin Annalena Baerbock nannte ihren j\u00fcngsten Besuch in China &#8220;mehr als schockierend&#8221; und schlussfolgerte, Deutschland solle sich zwar nicht von [&hellip;]\" \/>\n<meta property=\"og:url\" content=\"https:\/\/now-news.de\/de\/deutschland\/absurde-aussen-und-energiepolitik-gruene-ziehen-deutschland-in-den-abgrund\/\" \/>\n<meta property=\"og:site_name\" content=\"just-now.NEWS Deutschland\" \/>\n<meta property=\"article:publisher\" content=\"https:\/\/www.facebook.com\/wirmachenauf\" \/>\n<meta property=\"article:published_time\" content=\"2023-04-26T04:45:37+00:00\" \/>\n<meta property=\"og:image\" content=\"https:\/\/now-news.de\/de\/wp-content\/uploads\/sites\/3\/2023\/04\/Absurde-Aussen-und-Energiepolitik-\u2013-Gruene-ziehen-Deutschland-in-den.jpg\" \/>\n\t<meta property=\"og:image:width\" content=\"460\" \/>\n\t<meta property=\"og:image:height\" content=\"259\" \/>\n\t<meta property=\"og:image:type\" content=\"image\/jpeg\" \/>\n<meta name=\"author\" content=\"rtnews\" \/>\n<meta name=\"twitter:card\" content=\"summary_large_image\" \/>\n<meta name=\"twitter:creator\" content=\"@WirMachenAuf_de\" \/>\n<meta name=\"twitter:site\" content=\"@WirMachenAuf_de\" \/>\n<meta name=\"twitter:label1\" content=\"Verfasst von\" \/>\n\t<meta name=\"twitter:data1\" content=\"rtnews\" \/>\n\t<meta name=\"twitter:label2\" content=\"Gesch\u00e4tzte Lesezeit\" \/>\n\t<meta name=\"twitter:data2\" content=\"4\u00a0Minuten\" \/>\n<script type=\"application\/ld+json\" class=\"yoast-schema-graph\">{\"@context\":\"https:\/\/schema.org\",\"@graph\":[{\"@type\":\"Article\",\"@id\":\"https:\/\/now-news.de\/de\/deutschland\/absurde-aussen-und-energiepolitik-gruene-ziehen-deutschland-in-den-abgrund\/#article\",\"isPartOf\":{\"@id\":\"https:\/\/now-news.de\/de\/deutschland\/absurde-aussen-und-energiepolitik-gruene-ziehen-deutschland-in-den-abgrund\/\"},\"author\":{\"name\":\"rtnews\",\"@id\":\"https:\/\/now-news.de\/de\/#\/schema\/person\/fb534a4e865501d8b3285208df34a9b5\"},\"headline\":\"Absurde Au\u00dfen- und Energiepolitik \u2013 Gr\u00fcne ziehen Deutschland in den Abgrund\",\"datePublished\":\"2023-04-26T04:45:37+00:00\",\"dateModified\":\"2023-04-26T04:45:37+00:00\",\"mainEntityOfPage\":{\"@id\":\"https:\/\/now-news.de\/de\/deutschland\/absurde-aussen-und-energiepolitik-gruene-ziehen-deutschland-in-den-abgrund\/\"},\"wordCount\":844,\"commentCount\":0,\"publisher\":{\"@id\":\"https:\/\/now-news.de\/de\/#organization\"},\"image\":{\"@id\":\"https:\/\/now-news.de\/de\/deutschland\/absurde-aussen-und-energiepolitik-gruene-ziehen-deutschland-in-den-abgrund\/#primaryimage\"},\"thumbnailUrl\":\"https:\/\/now-news.de\/de\/wp-content\/uploads\/sites\/3\/2023\/04\/Absurde-Aussen-und-Energiepolitik-\u2013-Gruene-ziehen-Deutschland-in-den.jpg\",\"keywords\":[\"Abgrund\",\"absurde\",\"au\u00dfen\",\"den\",\"Deutschland\",\"Energiepolitik\",\"Gr\u00fcne\",\"und\",\"ziehen\"],\"articleSection\":[\"Deutschland\",\"Russland\"],\"inLanguage\":\"de\",\"potentialAction\":[{\"@type\":\"CommentAction\",\"name\":\"Comment\",\"target\":[\"https:\/\/now-news.de\/de\/deutschland\/absurde-aussen-und-energiepolitik-gruene-ziehen-deutschland-in-den-abgrund\/#respond\"]}]},{\"@type\":\"WebPage\",\"@id\":\"https:\/\/now-news.de\/de\/deutschland\/absurde-aussen-und-energiepolitik-gruene-ziehen-deutschland-in-den-abgrund\/\",\"url\":\"https:\/\/now-news.de\/de\/deutschland\/absurde-aussen-und-energiepolitik-gruene-ziehen-deutschland-in-den-abgrund\/\",\"name\":\"Absurde Au\u00dfen- und Energiepolitik \u2013 Gr\u00fcne ziehen Deutschland in den Abgrund - just-now.NEWS Deutschland\",\"isPartOf\":{\"@id\":\"https:\/\/now-news.de\/de\/#website\"},\"primaryImageOfPage\":{\"@id\":\"https:\/\/now-news.de\/de\/deutschland\/absurde-aussen-und-energiepolitik-gruene-ziehen-deutschland-in-den-abgrund\/#primaryimage\"},\"image\":{\"@id\":\"https:\/\/now-news.de\/de\/deutschland\/absurde-aussen-und-energiepolitik-gruene-ziehen-deutschland-in-den-abgrund\/#primaryimage\"},\"thumbnailUrl\":\"https:\/\/now-news.de\/de\/wp-content\/uploads\/sites\/3\/2023\/04\/Absurde-Aussen-und-Energiepolitik-\u2013-Gruene-ziehen-Deutschland-in-den.jpg\",\"datePublished\":\"2023-04-26T04:45:37+00:00\",\"dateModified\":\"2023-04-26T04:45:37+00:00\",\"breadcrumb\":{\"@id\":\"https:\/\/now-news.de\/de\/deutschland\/absurde-aussen-und-energiepolitik-gruene-ziehen-deutschland-in-den-abgrund\/#breadcrumb\"},\"inLanguage\":\"de\",\"potentialAction\":[{\"@type\":\"ReadAction\",\"target\":[\"https:\/\/now-news.de\/de\/deutschland\/absurde-aussen-und-energiepolitik-gruene-ziehen-deutschland-in-den-abgrund\/\"]}]},{\"@type\":\"ImageObject\",\"inLanguage\":\"de\",\"@id\":\"https:\/\/now-news.de\/de\/deutschland\/absurde-aussen-und-energiepolitik-gruene-ziehen-deutschland-in-den-abgrund\/#primaryimage\",\"url\":\"https:\/\/now-news.de\/de\/wp-content\/uploads\/sites\/3\/2023\/04\/Absurde-Aussen-und-Energiepolitik-\u2013-Gruene-ziehen-Deutschland-in-den.jpg\",\"contentUrl\":\"https:\/\/now-news.de\/de\/wp-content\/uploads\/sites\/3\/2023\/04\/Absurde-Aussen-und-Energiepolitik-\u2013-Gruene-ziehen-Deutschland-in-den.jpg\",\"width\":460,\"height\":259,\"caption\":\"Absurde Au\u00dfen- und Energiepolitik \u2013 Gr\u00fcne ziehen Deutschland in den Abgrund\"},{\"@type\":\"BreadcrumbList\",\"@id\":\"https:\/\/now-news.de\/de\/deutschland\/absurde-aussen-und-energiepolitik-gruene-ziehen-deutschland-in-den-abgrund\/#breadcrumb\",\"itemListElement\":[{\"@type\":\"ListItem\",\"position\":1,\"name\":\"Home\",\"item\":\"https:\/\/now-news.de\/de\/\"},{\"@type\":\"ListItem\",\"position\":2,\"name\":\"Absurde Au\u00dfen- und Energiepolitik \u2013 Gr\u00fcne ziehen Deutschland in den Abgrund\"}]},{\"@type\":\"WebSite\",\"@id\":\"https:\/\/now-news.de\/de\/#website\",\"url\":\"https:\/\/now-news.de\/de\/\",\"name\":\"just-now.NEWS Deutschland\",\"description\":\"Das Portal f\u00fcr unzensierte Nachrichten aus der Welt\",\"publisher\":{\"@id\":\"https:\/\/now-news.de\/de\/#organization\"},\"potentialAction\":[{\"@type\":\"SearchAction\",\"target\":{\"@type\":\"EntryPoint\",\"urlTemplate\":\"https:\/\/now-news.de\/de\/?s={search_term_string}\"},\"query-input\":\"required name=search_term_string\"}],\"inLanguage\":\"de\"},{\"@type\":\"Organization\",\"@id\":\"https:\/\/now-news.de\/de\/#organization\",\"name\":\"Just Now News\",\"url\":\"https:\/\/now-news.de\/de\/\",\"logo\":{\"@type\":\"ImageObject\",\"inLanguage\":\"de\",\"@id\":\"https:\/\/now-news.de\/de\/#\/schema\/logo\/image\/\",\"url\":\"http:\/\/just-now.news\/de\/wp-content\/uploads\/sites\/3\/2022\/04\/logo500x500.jpg\",\"contentUrl\":\"http:\/\/just-now.news\/de\/wp-content\/uploads\/sites\/3\/2022\/04\/logo500x500.jpg\",\"width\":500,\"height\":500,\"caption\":\"Just Now News\"},\"image\":{\"@id\":\"https:\/\/now-news.de\/de\/#\/schema\/logo\/image\/\"},\"sameAs\":[\"https:\/\/www.facebook.com\/wirmachenauf\",\"https:\/\/x.com\/WirMachenAuf_de\"]},{\"@type\":\"Person\",\"@id\":\"https:\/\/now-news.de\/de\/#\/schema\/person\/fb534a4e865501d8b3285208df34a9b5\",\"name\":\"rtnews\",\"image\":{\"@type\":\"ImageObject\",\"inLanguage\":\"de\",\"@id\":\"https:\/\/now-news.de\/de\/#\/schema\/person\/image\/\",\"url\":\"https:\/\/secure.gravatar.com\/avatar\/82aafea7d8127119dd649515f56e2117?s=96&d=mm&r=g\",\"contentUrl\":\"https:\/\/secure.gravatar.com\/avatar\/82aafea7d8127119dd649515f56e2117?s=96&d=mm&r=g\",\"caption\":\"rtnews\"},\"url\":\"https:\/\/now-news.de\/de\/author\/rnews\/\"}]}<\/script>\n<!-- \/ Yoast SEO Premium plugin. -->","yoast_head_json":{"title":"Absurde Au\u00dfen- und Energiepolitik \u2013 Gr\u00fcne ziehen Deutschland in den Abgrund - just-now.NEWS Deutschland","robots":{"index":"index","follow":"follow","max-snippet":"max-snippet:-1","max-image-preview":"max-image-preview:large","max-video-preview":"max-video-preview:-1"},"canonical":"https:\/\/now-news.de\/de\/deutschland\/absurde-aussen-und-energiepolitik-gruene-ziehen-deutschland-in-den-abgrund\/","og_locale":"de_DE","og_type":"article","og_title":"Absurde Au\u00dfen- und Energiepolitik \u2013 Gr\u00fcne ziehen Deutschland in den Abgrund","og_description":"Deutschland erlebt einen langsamen Tod durch das Handeln der &#8220;Gr\u00fcnen&#8221;. Das systematische Kappen historischer internationaler Partnerschaften und aller Zug\u00e4nge zu billigen Energietr\u00e4gern k\u00f6nnte sich als Katastrophe f\u00fcr das Land erweisen. Von Timur Fomenko Die deutsche Au\u00dfenministerin Annalena Baerbock nannte ihren j\u00fcngsten Besuch in China &#8220;mehr als schockierend&#8221; und schlussfolgerte, Deutschland solle sich zwar nicht von [&hellip;]","og_url":"https:\/\/now-news.de\/de\/deutschland\/absurde-aussen-und-energiepolitik-gruene-ziehen-deutschland-in-den-abgrund\/","og_site_name":"just-now.NEWS Deutschland","article_publisher":"https:\/\/www.facebook.com\/wirmachenauf","article_published_time":"2023-04-26T04:45:37+00:00","og_image":[{"width":460,"height":259,"url":"https:\/\/now-news.de\/de\/wp-content\/uploads\/sites\/3\/2023\/04\/Absurde-Aussen-und-Energiepolitik-\u2013-Gruene-ziehen-Deutschland-in-den.jpg","type":"image\/jpeg"}],"author":"rtnews","twitter_card":"summary_large_image","twitter_creator":"@WirMachenAuf_de","twitter_site":"@WirMachenAuf_de","twitter_misc":{"Verfasst von":"rtnews","Gesch\u00e4tzte Lesezeit":"4\u00a0Minuten"},"schema":{"@context":"https:\/\/schema.org","@graph":[{"@type":"Article","@id":"https:\/\/now-news.de\/de\/deutschland\/absurde-aussen-und-energiepolitik-gruene-ziehen-deutschland-in-den-abgrund\/#article","isPartOf":{"@id":"https:\/\/now-news.de\/de\/deutschland\/absurde-aussen-und-energiepolitik-gruene-ziehen-deutschland-in-den-abgrund\/"},"author":{"name":"rtnews","@id":"https:\/\/now-news.de\/de\/#\/schema\/person\/fb534a4e865501d8b3285208df34a9b5"},"headline":"Absurde Au\u00dfen- und Energiepolitik \u2013 Gr\u00fcne ziehen Deutschland in den Abgrund","datePublished":"2023-04-26T04:45:37+00:00","dateModified":"2023-04-26T04:45:37+00:00","mainEntityOfPage":{"@id":"https:\/\/now-news.de\/de\/deutschland\/absurde-aussen-und-energiepolitik-gruene-ziehen-deutschland-in-den-abgrund\/"},"wordCount":844,"commentCount":0,"publisher":{"@id":"https:\/\/now-news.de\/de\/#organization"},"image":{"@id":"https:\/\/now-news.de\/de\/deutschland\/absurde-aussen-und-energiepolitik-gruene-ziehen-deutschland-in-den-abgrund\/#primaryimage"},"thumbnailUrl":"https:\/\/now-news.de\/de\/wp-content\/uploads\/sites\/3\/2023\/04\/Absurde-Aussen-und-Energiepolitik-\u2013-Gruene-ziehen-Deutschland-in-den.jpg","keywords":["Abgrund","absurde","au\u00dfen","den","Deutschland","Energiepolitik","Gr\u00fcne","und","ziehen"],"articleSection":["Deutschland","Russland"],"inLanguage":"de","potentialAction":[{"@type":"CommentAction","name":"Comment","target":["https:\/\/now-news.de\/de\/deutschland\/absurde-aussen-und-energiepolitik-gruene-ziehen-deutschland-in-den-abgrund\/#respond"]}]},{"@type":"WebPage","@id":"https:\/\/now-news.de\/de\/deutschland\/absurde-aussen-und-energiepolitik-gruene-ziehen-deutschland-in-den-abgrund\/","url":"https:\/\/now-news.de\/de\/deutschland\/absurde-aussen-und-energiepolitik-gruene-ziehen-deutschland-in-den-abgrund\/","name":"Absurde Au\u00dfen- und Energiepolitik \u2013 Gr\u00fcne ziehen Deutschland in den Abgrund - just-now.NEWS Deutschland","isPartOf":{"@id":"https:\/\/now-news.de\/de\/#website"},"primaryImageOfPage":{"@id":"https:\/\/now-news.de\/de\/deutschland\/absurde-aussen-und-energiepolitik-gruene-ziehen-deutschland-in-den-abgrund\/#primaryimage"},"image":{"@id":"https:\/\/now-news.de\/de\/deutschland\/absurde-aussen-und-energiepolitik-gruene-ziehen-deutschland-in-den-abgrund\/#primaryimage"},"thumbnailUrl":"https:\/\/now-news.de\/de\/wp-content\/uploads\/sites\/3\/2023\/04\/Absurde-Aussen-und-Energiepolitik-\u2013-Gruene-ziehen-Deutschland-in-den.jpg","datePublished":"2023-04-26T04:45:37+00:00","dateModified":"2023-04-26T04:45:37+00:00","breadcrumb":{"@id":"https:\/\/now-news.de\/de\/deutschland\/absurde-aussen-und-energiepolitik-gruene-ziehen-deutschland-in-den-abgrund\/#breadcrumb"},"inLanguage":"de","potentialAction":[{"@type":"ReadAction","target":["https:\/\/now-news.de\/de\/deutschland\/absurde-aussen-und-energiepolitik-gruene-ziehen-deutschland-in-den-abgrund\/"]}]},{"@type":"ImageObject","inLanguage":"de","@id":"https:\/\/now-news.de\/de\/deutschland\/absurde-aussen-und-energiepolitik-gruene-ziehen-deutschland-in-den-abgrund\/#primaryimage","url":"https:\/\/now-news.de\/de\/wp-content\/uploads\/sites\/3\/2023\/04\/Absurde-Aussen-und-Energiepolitik-\u2013-Gruene-ziehen-Deutschland-in-den.jpg","contentUrl":"https:\/\/now-news.de\/de\/wp-content\/uploads\/sites\/3\/2023\/04\/Absurde-Aussen-und-Energiepolitik-\u2013-Gruene-ziehen-Deutschland-in-den.jpg","width":460,"height":259,"caption":"Absurde Au\u00dfen- und Energiepolitik \u2013 Gr\u00fcne ziehen Deutschland in den Abgrund"},{"@type":"BreadcrumbList","@id":"https:\/\/now-news.de\/de\/deutschland\/absurde-aussen-und-energiepolitik-gruene-ziehen-deutschland-in-den-abgrund\/#breadcrumb","itemListElement":[{"@type":"ListItem","position":1,"name":"Home","item":"https:\/\/now-news.de\/de\/"},{"@type":"ListItem","position":2,"name":"Absurde Au\u00dfen- und Energiepolitik \u2013 Gr\u00fcne ziehen Deutschland in den Abgrund"}]},{"@type":"WebSite","@id":"https:\/\/now-news.de\/de\/#website","url":"https:\/\/now-news.de\/de\/","name":"just-now.NEWS Deutschland","description":"Das Portal f\u00fcr unzensierte Nachrichten aus der Welt","publisher":{"@id":"https:\/\/now-news.de\/de\/#organization"},"potentialAction":[{"@type":"SearchAction","target":{"@type":"EntryPoint","urlTemplate":"https:\/\/now-news.de\/de\/?s={search_term_string}"},"query-input":"required name=search_term_string"}],"inLanguage":"de"},{"@type":"Organization","@id":"https:\/\/now-news.de\/de\/#organization","name":"Just Now News","url":"https:\/\/now-news.de\/de\/","logo":{"@type":"ImageObject","inLanguage":"de","@id":"https:\/\/now-news.de\/de\/#\/schema\/logo\/image\/","url":"http:\/\/just-now.news\/de\/wp-content\/uploads\/sites\/3\/2022\/04\/logo500x500.jpg","contentUrl":"http:\/\/just-now.news\/de\/wp-content\/uploads\/sites\/3\/2022\/04\/logo500x500.jpg","width":500,"height":500,"caption":"Just Now News"},"image":{"@id":"https:\/\/now-news.de\/de\/#\/schema\/logo\/image\/"},"sameAs":["https:\/\/www.facebook.com\/wirmachenauf","https:\/\/x.com\/WirMachenAuf_de"]},{"@type":"Person","@id":"https:\/\/now-news.de\/de\/#\/schema\/person\/fb534a4e865501d8b3285208df34a9b5","name":"rtnews","image":{"@type":"ImageObject","inLanguage":"de","@id":"https:\/\/now-news.de\/de\/#\/schema\/person\/image\/","url":"https:\/\/secure.gravatar.com\/avatar\/82aafea7d8127119dd649515f56e2117?s=96&d=mm&r=g","contentUrl":"https:\/\/secure.gravatar.com\/avatar\/82aafea7d8127119dd649515f56e2117?s=96&d=mm&r=g","caption":"rtnews"},"url":"https:\/\/now-news.de\/de\/author\/rnews\/"}]}},"_links":{"self":[{"href":"https:\/\/now-news.de\/de\/wp-json\/wp\/v2\/posts\/34740"}],"collection":[{"href":"https:\/\/now-news.de\/de\/wp-json\/wp\/v2\/posts"}],"about":[{"href":"https:\/\/now-news.de\/de\/wp-json\/wp\/v2\/types\/post"}],"author":[{"embeddable":true,"href":"https:\/\/now-news.de\/de\/wp-json\/wp\/v2\/users\/3"}],"replies":[{"embeddable":true,"href":"https:\/\/now-news.de\/de\/wp-json\/wp\/v2\/comments?post=34740"}],"version-history":[{"count":0,"href":"https:\/\/now-news.de\/de\/wp-json\/wp\/v2\/posts\/34740\/revisions"}],"wp:featuredmedia":[{"embeddable":true,"href":"https:\/\/now-news.de\/de\/wp-json\/wp\/v2\/media\/34741"}],"wp:attachment":[{"href":"https:\/\/now-news.de\/de\/wp-json\/wp\/v2\/media?parent=34740"}],"wp:term":[{"taxonomy":"category","embeddable":true,"href":"https:\/\/now-news.de\/de\/wp-json\/wp\/v2\/categories?post=34740"},{"taxonomy":"post_tag","embeddable":true,"href":"https:\/\/now-news.de\/de\/wp-json\/wp\/v2\/tags?post=34740"}],"curies":[{"name":"wp","href":"https:\/\/api.w.org\/{rel}","templated":true}]}}