{"id":34689,"date":"2023-04-25T13:35:53","date_gmt":"2023-04-25T11:35:53","guid":{"rendered":"https:\/\/just-now.news\/de\/deutschland\/auslandsgeheimdienst-revision-der-polnischen-grenzen-wegen-ukraine-krise-immer-akuter\/"},"modified":"2023-04-25T13:35:53","modified_gmt":"2023-04-25T11:35:53","slug":"auslandsgeheimdienst-revision-der-polnischen-grenzen-wegen-ukraine-krise-immer-akuter","status":"publish","type":"post","link":"https:\/\/now-news.de\/de\/deutschland\/auslandsgeheimdienst-revision-der-polnischen-grenzen-wegen-ukraine-krise-immer-akuter\/","title":{"rendered":"Auslandsgeheimdienst: Revision der polnischen Grenzen wegen Ukraine-Krise immer akuter"},"content":{"rendered":"<p><img decoding=\"async\" src=\"http:\/\/just-now.news\/de\/wp-content\/uploads\/sites\/3\/2023\/04\/644672cf48fbef41dd188957.jpg\" \/><\/p>\n<div class=\"Text-root Text-type_1 \">\n                Vor dem Hintergrund der Ukraine-Krise werde die Frage der Revision der Staatsgrenzen f\u00fcr die polnische Regierung immer akuter, so der Chef des russischen Auslandsgeheimdienstes (SWR) Sergei Naryschkin. Au\u00dferdem wachse in Polen die antideutsche Stimmung.\n            <\/div>\n<p><\/p>\n<div class=\"Text-root Text-type_5 ArticleView-text ViewText-root \">\n<p>Das Thema der Revision der Staatsgrenzen wird f\u00fcr die polnische Regierung im Zusammenhang mit der Ukraine-Krise immer akuter. Dies geht aus der Erkl\u00e4rung des Chefs des russischen Auslandsgeheimdienstes Sergei Naryschkin hervor. <em>TASS<\/em>\u00a0<a rel=\"nofollow noopener\" target=\"_blank\" href=\"https:\/\/tass.ru\/politika\/17591133\">zitiert <\/a>die Erkl\u00e4rung w\u00f6rtlich:<\/p>\n<blockquote>\n<p><em>&#8220;Nach den Informationen, die der Auslandsgeheimdienst erhalten hat, wird das Thema der geopolitischen Neuverteilung, einschlie\u00dflich der Revision der Staatsgrenzen, f\u00fcr die polnische Regierung angesichts der ukrainischen Krise immer akuter.&#8221;<\/em><\/p>\n<\/blockquote>\n<p>Dem Dokument zufolge spiegelt sich die antideutsche Stimmung in Polen in der Milit\u00e4rplanung des Landes ebenso wie in den Bestrebungen wider, die westlichen Gebiete der Ukraine zu erobern. Des Weiteren wachse in Polen die Sorge \u00fcber m\u00f6gliche revanchistische Anspr\u00fcche Berlins in Bezug auf ehemalige deutsche Gebiete, die die als Ergebnis des Zweiten Weltkriegs an Polen \u00fcbertragen worden waren. So verwandelte sich das heutige Polen in einen Staat aus der Zeit von J\u00f3zef Pi\u0142sudski, als Warschau dann mit all seinen Nachbarn im Konflikt gestanden und nach territorialer Expansion gestrebt habe. &#8220;Das war das Polen, das Winston Churchill am Vorabend des Zweiten Weltkriegs als &#8216;die Hy\u00e4ne Europas&#8217; bezeichnete&#8221;, hei\u00dft es in der Erkl\u00e4rung.<\/p>\n<p>Au\u00dferdem habe der Generalstab der polnischen Streitkr\u00e4fte Ende M\u00e4rz eine \u00dcbung abgehalten, um Handlungen im Fall eines milit\u00e4rischen Angriffs aus dem Westen zu trainieren. Laut dem polnischen Szenario soll der Gegner \u2013 ein Staat westlich von Polen, der sich auf die in der Woiwodschaft Westpommern lebende nationale Diaspora (gemeint sind ethnische Deutsche) st\u00fctzte \u2013 eine &#8220;milit\u00e4rische Aggression&#8221; durchf\u00fchren. Laut Man\u00f6verplan w\u00fcrde ein Angriff vorbereitet, um die polnische Stadt Stettin und ihren Seehafen sowie den Flughafen Stettin-Goleni\u00f3w einzunehmen. Truppen des Aggressors f\u00fchrten eine Gefechtsaufkl\u00e4rung durch, w\u00e4hrend Sabotage- und Aufkl\u00e4rungsgruppen sowie radikale nationale Minderheiten in dem verteidigten Gebiet operierten. Dabei m\u00fcssten drei Brigaden der polnischen Streitkr\u00e4fte das Gebiet um Tanowo und Pargowo verteidigen und den Vormarsch des Gegners eind\u00e4mmen. Es w\u00e4re geplant, Raketen-, Artillerie- und Luftangriffen zu unternehmen.<\/p>\n<p><strong>Mehr zum Thema<\/strong> \u2013 <a rel=\"nofollow noopener\" target=\"_blank\" href=\"https:\/\/pressefreiheit.rtde.live\/europa\/138664-steigende-lebenshaltungskosten-zwingen-polen-zur\/\">Steigende Lebenshaltungskosten zwingen Menschen in Polen zur \u00c4nderung ihres Lebensstils<\/a><\/p>\n<\/div>\n<p><br \/>\n<br \/><a href=\"https:\/\/de.rt.com\/international\/168404-revision-der-polnischen-grenzen-wegen-ukraine-krise-immer-akuter\/\">Source link <\/a><\/p>\n","protected":false},"excerpt":{"rendered":"<p>Vor dem Hintergrund der Ukraine-Krise werde die Frage der Revision der Staatsgrenzen f\u00fcr die polnische Regierung immer akuter, so der Chef des russischen Auslandsgeheimdienstes (SWR) Sergei Naryschkin. Au\u00dferdem wachse in Polen die antideutsche Stimmung. Das Thema der Revision der Staatsgrenzen wird f\u00fcr die polnische Regierung im Zusammenhang mit der Ukraine-Krise immer akuter. Dies geht aus [&hellip;]<\/p>\n","protected":false},"author":3,"featured_media":34690,"comment_status":"open","ping_status":"open","sticky":false,"template":"","format":"standard","meta":{"_yoast_indexnow_last_ping":["1682422799"],"wp_automatic_camp":["217"],"14e3994906a1c73f4563592559060ad2":["Auslandsgeheimdienst: Revision der polnischen Grenzen wegen Ukraine-Krise immer akuter"],"original_link":["https:\/\/de.rt.com\/international\/168404-revision-der-polnischen-grenzen-wegen-ukraine-krise-immer-akuter\/"],"_thumbnail_id":["34690"],"jnews_social_counter_last_update":["1777263921"],"_wptgpro_p2tg_sent2tg":["a:1:{i:23737;s:19:\"2023-04-25 13:41:03\";}"]},"categories":[19,23],"tags":[41893,12726,82,19745,2062,14436,3767,5015,145],"yoast_head":"<!-- This site is optimized with the Yoast SEO Premium plugin v22.7 (Yoast SEO v22.7) - https:\/\/yoast.com\/wordpress\/plugins\/seo\/ -->\n<title>Auslandsgeheimdienst: Revision der polnischen Grenzen wegen Ukraine-Krise immer akuter - just-now.NEWS Deutschland<\/title>\n<meta name=\"robots\" content=\"index, follow, max-snippet:-1, max-image-preview:large, max-video-preview:-1\" \/>\n<link rel=\"canonical\" href=\"https:\/\/now-news.de\/de\/deutschland\/auslandsgeheimdienst-revision-der-polnischen-grenzen-wegen-ukraine-krise-immer-akuter\/\" \/>\n<meta property=\"og:locale\" content=\"de_DE\" \/>\n<meta property=\"og:type\" content=\"article\" \/>\n<meta property=\"og:title\" content=\"Auslandsgeheimdienst: Revision der polnischen Grenzen wegen Ukraine-Krise immer akuter\" \/>\n<meta property=\"og:description\" content=\"Vor dem Hintergrund der Ukraine-Krise werde die Frage der Revision der Staatsgrenzen f\u00fcr die polnische Regierung immer akuter, so der Chef des russischen Auslandsgeheimdienstes (SWR) Sergei Naryschkin. Au\u00dferdem wachse in Polen die antideutsche Stimmung. Das Thema der Revision der Staatsgrenzen wird f\u00fcr die polnische Regierung im Zusammenhang mit der Ukraine-Krise immer akuter. Dies geht aus [&hellip;]\" \/>\n<meta property=\"og:url\" content=\"https:\/\/now-news.de\/de\/deutschland\/auslandsgeheimdienst-revision-der-polnischen-grenzen-wegen-ukraine-krise-immer-akuter\/\" \/>\n<meta property=\"og:site_name\" content=\"just-now.NEWS Deutschland\" \/>\n<meta property=\"article:publisher\" content=\"https:\/\/www.facebook.com\/wirmachenauf\" \/>\n<meta property=\"article:published_time\" content=\"2023-04-25T11:35:53+00:00\" \/>\n<meta property=\"og:image\" content=\"https:\/\/now-news.de\/de\/wp-content\/uploads\/sites\/3\/2023\/04\/Auslandsgeheimdienst-Revision-der-polnischen-Grenzen-wegen-Ukraine-Krise-immer-akuter.jpg\" \/>\n\t<meta property=\"og:image:width\" content=\"460\" \/>\n\t<meta property=\"og:image:height\" content=\"259\" \/>\n\t<meta property=\"og:image:type\" content=\"image\/jpeg\" \/>\n<meta name=\"author\" content=\"rtnews\" \/>\n<meta name=\"twitter:card\" content=\"summary_large_image\" \/>\n<meta name=\"twitter:creator\" content=\"@WirMachenAuf_de\" \/>\n<meta name=\"twitter:site\" content=\"@WirMachenAuf_de\" \/>\n<meta name=\"twitter:label1\" content=\"Verfasst von\" \/>\n\t<meta name=\"twitter:data1\" content=\"rtnews\" \/>\n\t<meta name=\"twitter:label2\" content=\"Gesch\u00e4tzte Lesezeit\" \/>\n\t<meta name=\"twitter:data2\" content=\"2\u00a0Minuten\" \/>\n<script type=\"application\/ld+json\" class=\"yoast-schema-graph\">{\"@context\":\"https:\/\/schema.org\",\"@graph\":[{\"@type\":\"Article\",\"@id\":\"https:\/\/now-news.de\/de\/deutschland\/auslandsgeheimdienst-revision-der-polnischen-grenzen-wegen-ukraine-krise-immer-akuter\/#article\",\"isPartOf\":{\"@id\":\"https:\/\/now-news.de\/de\/deutschland\/auslandsgeheimdienst-revision-der-polnischen-grenzen-wegen-ukraine-krise-immer-akuter\/\"},\"author\":{\"name\":\"rtnews\",\"@id\":\"https:\/\/now-news.de\/de\/#\/schema\/person\/fb534a4e865501d8b3285208df34a9b5\"},\"headline\":\"Auslandsgeheimdienst: Revision der polnischen Grenzen wegen Ukraine-Krise immer akuter\",\"datePublished\":\"2023-04-25T11:35:53+00:00\",\"dateModified\":\"2023-04-25T11:35:53+00:00\",\"mainEntityOfPage\":{\"@id\":\"https:\/\/now-news.de\/de\/deutschland\/auslandsgeheimdienst-revision-der-polnischen-grenzen-wegen-ukraine-krise-immer-akuter\/\"},\"wordCount\":393,\"commentCount\":0,\"publisher\":{\"@id\":\"https:\/\/now-news.de\/de\/#organization\"},\"image\":{\"@id\":\"https:\/\/now-news.de\/de\/deutschland\/auslandsgeheimdienst-revision-der-polnischen-grenzen-wegen-ukraine-krise-immer-akuter\/#primaryimage\"},\"thumbnailUrl\":\"https:\/\/now-news.de\/de\/wp-content\/uploads\/sites\/3\/2023\/04\/Auslandsgeheimdienst-Revision-der-polnischen-Grenzen-wegen-Ukraine-Krise-immer-akuter.jpg\",\"keywords\":[\"Akuter\",\"Auslandsgeheimdienst\",\"der\",\"Grenzen\",\"Immer\",\"polnischen\",\"revisi\u00f3n\",\"UkraineKrise\",\"wegen\"],\"articleSection\":[\"Deutschland\",\"Russland\"],\"inLanguage\":\"de\",\"potentialAction\":[{\"@type\":\"CommentAction\",\"name\":\"Comment\",\"target\":[\"https:\/\/now-news.de\/de\/deutschland\/auslandsgeheimdienst-revision-der-polnischen-grenzen-wegen-ukraine-krise-immer-akuter\/#respond\"]}]},{\"@type\":\"WebPage\",\"@id\":\"https:\/\/now-news.de\/de\/deutschland\/auslandsgeheimdienst-revision-der-polnischen-grenzen-wegen-ukraine-krise-immer-akuter\/\",\"url\":\"https:\/\/now-news.de\/de\/deutschland\/auslandsgeheimdienst-revision-der-polnischen-grenzen-wegen-ukraine-krise-immer-akuter\/\",\"name\":\"Auslandsgeheimdienst: Revision der polnischen Grenzen wegen Ukraine-Krise immer akuter - just-now.NEWS Deutschland\",\"isPartOf\":{\"@id\":\"https:\/\/now-news.de\/de\/#website\"},\"primaryImageOfPage\":{\"@id\":\"https:\/\/now-news.de\/de\/deutschland\/auslandsgeheimdienst-revision-der-polnischen-grenzen-wegen-ukraine-krise-immer-akuter\/#primaryimage\"},\"image\":{\"@id\":\"https:\/\/now-news.de\/de\/deutschland\/auslandsgeheimdienst-revision-der-polnischen-grenzen-wegen-ukraine-krise-immer-akuter\/#primaryimage\"},\"thumbnailUrl\":\"https:\/\/now-news.de\/de\/wp-content\/uploads\/sites\/3\/2023\/04\/Auslandsgeheimdienst-Revision-der-polnischen-Grenzen-wegen-Ukraine-Krise-immer-akuter.jpg\",\"datePublished\":\"2023-04-25T11:35:53+00:00\",\"dateModified\":\"2023-04-25T11:35:53+00:00\",\"breadcrumb\":{\"@id\":\"https:\/\/now-news.de\/de\/deutschland\/auslandsgeheimdienst-revision-der-polnischen-grenzen-wegen-ukraine-krise-immer-akuter\/#breadcrumb\"},\"inLanguage\":\"de\",\"potentialAction\":[{\"@type\":\"ReadAction\",\"target\":[\"https:\/\/now-news.de\/de\/deutschland\/auslandsgeheimdienst-revision-der-polnischen-grenzen-wegen-ukraine-krise-immer-akuter\/\"]}]},{\"@type\":\"ImageObject\",\"inLanguage\":\"de\",\"@id\":\"https:\/\/now-news.de\/de\/deutschland\/auslandsgeheimdienst-revision-der-polnischen-grenzen-wegen-ukraine-krise-immer-akuter\/#primaryimage\",\"url\":\"https:\/\/now-news.de\/de\/wp-content\/uploads\/sites\/3\/2023\/04\/Auslandsgeheimdienst-Revision-der-polnischen-Grenzen-wegen-Ukraine-Krise-immer-akuter.jpg\",\"contentUrl\":\"https:\/\/now-news.de\/de\/wp-content\/uploads\/sites\/3\/2023\/04\/Auslandsgeheimdienst-Revision-der-polnischen-Grenzen-wegen-Ukraine-Krise-immer-akuter.jpg\",\"width\":460,\"height\":259,\"caption\":\"Auslandsgeheimdienst: Revision der polnischen Grenzen wegen Ukraine-Krise immer akuter\"},{\"@type\":\"BreadcrumbList\",\"@id\":\"https:\/\/now-news.de\/de\/deutschland\/auslandsgeheimdienst-revision-der-polnischen-grenzen-wegen-ukraine-krise-immer-akuter\/#breadcrumb\",\"itemListElement\":[{\"@type\":\"ListItem\",\"position\":1,\"name\":\"Home\",\"item\":\"https:\/\/now-news.de\/de\/\"},{\"@type\":\"ListItem\",\"position\":2,\"name\":\"Auslandsgeheimdienst: Revision der polnischen Grenzen wegen Ukraine-Krise immer akuter\"}]},{\"@type\":\"WebSite\",\"@id\":\"https:\/\/now-news.de\/de\/#website\",\"url\":\"https:\/\/now-news.de\/de\/\",\"name\":\"just-now.NEWS Deutschland\",\"description\":\"Das Portal f\u00fcr unzensierte Nachrichten aus der Welt\",\"publisher\":{\"@id\":\"https:\/\/now-news.de\/de\/#organization\"},\"potentialAction\":[{\"@type\":\"SearchAction\",\"target\":{\"@type\":\"EntryPoint\",\"urlTemplate\":\"https:\/\/now-news.de\/de\/?s={search_term_string}\"},\"query-input\":\"required name=search_term_string\"}],\"inLanguage\":\"de\"},{\"@type\":\"Organization\",\"@id\":\"https:\/\/now-news.de\/de\/#organization\",\"name\":\"Just Now News\",\"url\":\"https:\/\/now-news.de\/de\/\",\"logo\":{\"@type\":\"ImageObject\",\"inLanguage\":\"de\",\"@id\":\"https:\/\/now-news.de\/de\/#\/schema\/logo\/image\/\",\"url\":\"http:\/\/just-now.news\/de\/wp-content\/uploads\/sites\/3\/2022\/04\/logo500x500.jpg\",\"contentUrl\":\"http:\/\/just-now.news\/de\/wp-content\/uploads\/sites\/3\/2022\/04\/logo500x500.jpg\",\"width\":500,\"height\":500,\"caption\":\"Just Now News\"},\"image\":{\"@id\":\"https:\/\/now-news.de\/de\/#\/schema\/logo\/image\/\"},\"sameAs\":[\"https:\/\/www.facebook.com\/wirmachenauf\",\"https:\/\/x.com\/WirMachenAuf_de\"]},{\"@type\":\"Person\",\"@id\":\"https:\/\/now-news.de\/de\/#\/schema\/person\/fb534a4e865501d8b3285208df34a9b5\",\"name\":\"rtnews\",\"image\":{\"@type\":\"ImageObject\",\"inLanguage\":\"de\",\"@id\":\"https:\/\/now-news.de\/de\/#\/schema\/person\/image\/\",\"url\":\"https:\/\/secure.gravatar.com\/avatar\/82aafea7d8127119dd649515f56e2117?s=96&d=mm&r=g\",\"contentUrl\":\"https:\/\/secure.gravatar.com\/avatar\/82aafea7d8127119dd649515f56e2117?s=96&d=mm&r=g\",\"caption\":\"rtnews\"},\"url\":\"https:\/\/now-news.de\/de\/author\/rnews\/\"}]}<\/script>\n<!-- \/ Yoast SEO Premium plugin. -->","yoast_head_json":{"title":"Auslandsgeheimdienst: Revision der polnischen Grenzen wegen Ukraine-Krise immer akuter - just-now.NEWS Deutschland","robots":{"index":"index","follow":"follow","max-snippet":"max-snippet:-1","max-image-preview":"max-image-preview:large","max-video-preview":"max-video-preview:-1"},"canonical":"https:\/\/now-news.de\/de\/deutschland\/auslandsgeheimdienst-revision-der-polnischen-grenzen-wegen-ukraine-krise-immer-akuter\/","og_locale":"de_DE","og_type":"article","og_title":"Auslandsgeheimdienst: Revision der polnischen Grenzen wegen Ukraine-Krise immer akuter","og_description":"Vor dem Hintergrund der Ukraine-Krise werde die Frage der Revision der Staatsgrenzen f\u00fcr die polnische Regierung immer akuter, so der Chef des russischen Auslandsgeheimdienstes (SWR) Sergei Naryschkin. Au\u00dferdem wachse in Polen die antideutsche Stimmung. Das Thema der Revision der Staatsgrenzen wird f\u00fcr die polnische Regierung im Zusammenhang mit der Ukraine-Krise immer akuter. Dies geht aus [&hellip;]","og_url":"https:\/\/now-news.de\/de\/deutschland\/auslandsgeheimdienst-revision-der-polnischen-grenzen-wegen-ukraine-krise-immer-akuter\/","og_site_name":"just-now.NEWS Deutschland","article_publisher":"https:\/\/www.facebook.com\/wirmachenauf","article_published_time":"2023-04-25T11:35:53+00:00","og_image":[{"width":460,"height":259,"url":"https:\/\/now-news.de\/de\/wp-content\/uploads\/sites\/3\/2023\/04\/Auslandsgeheimdienst-Revision-der-polnischen-Grenzen-wegen-Ukraine-Krise-immer-akuter.jpg","type":"image\/jpeg"}],"author":"rtnews","twitter_card":"summary_large_image","twitter_creator":"@WirMachenAuf_de","twitter_site":"@WirMachenAuf_de","twitter_misc":{"Verfasst von":"rtnews","Gesch\u00e4tzte Lesezeit":"2\u00a0Minuten"},"schema":{"@context":"https:\/\/schema.org","@graph":[{"@type":"Article","@id":"https:\/\/now-news.de\/de\/deutschland\/auslandsgeheimdienst-revision-der-polnischen-grenzen-wegen-ukraine-krise-immer-akuter\/#article","isPartOf":{"@id":"https:\/\/now-news.de\/de\/deutschland\/auslandsgeheimdienst-revision-der-polnischen-grenzen-wegen-ukraine-krise-immer-akuter\/"},"author":{"name":"rtnews","@id":"https:\/\/now-news.de\/de\/#\/schema\/person\/fb534a4e865501d8b3285208df34a9b5"},"headline":"Auslandsgeheimdienst: Revision der polnischen Grenzen wegen Ukraine-Krise immer akuter","datePublished":"2023-04-25T11:35:53+00:00","dateModified":"2023-04-25T11:35:53+00:00","mainEntityOfPage":{"@id":"https:\/\/now-news.de\/de\/deutschland\/auslandsgeheimdienst-revision-der-polnischen-grenzen-wegen-ukraine-krise-immer-akuter\/"},"wordCount":393,"commentCount":0,"publisher":{"@id":"https:\/\/now-news.de\/de\/#organization"},"image":{"@id":"https:\/\/now-news.de\/de\/deutschland\/auslandsgeheimdienst-revision-der-polnischen-grenzen-wegen-ukraine-krise-immer-akuter\/#primaryimage"},"thumbnailUrl":"https:\/\/now-news.de\/de\/wp-content\/uploads\/sites\/3\/2023\/04\/Auslandsgeheimdienst-Revision-der-polnischen-Grenzen-wegen-Ukraine-Krise-immer-akuter.jpg","keywords":["Akuter","Auslandsgeheimdienst","der","Grenzen","Immer","polnischen","revisi\u00f3n","UkraineKrise","wegen"],"articleSection":["Deutschland","Russland"],"inLanguage":"de","potentialAction":[{"@type":"CommentAction","name":"Comment","target":["https:\/\/now-news.de\/de\/deutschland\/auslandsgeheimdienst-revision-der-polnischen-grenzen-wegen-ukraine-krise-immer-akuter\/#respond"]}]},{"@type":"WebPage","@id":"https:\/\/now-news.de\/de\/deutschland\/auslandsgeheimdienst-revision-der-polnischen-grenzen-wegen-ukraine-krise-immer-akuter\/","url":"https:\/\/now-news.de\/de\/deutschland\/auslandsgeheimdienst-revision-der-polnischen-grenzen-wegen-ukraine-krise-immer-akuter\/","name":"Auslandsgeheimdienst: Revision der polnischen Grenzen wegen Ukraine-Krise immer akuter - just-now.NEWS Deutschland","isPartOf":{"@id":"https:\/\/now-news.de\/de\/#website"},"primaryImageOfPage":{"@id":"https:\/\/now-news.de\/de\/deutschland\/auslandsgeheimdienst-revision-der-polnischen-grenzen-wegen-ukraine-krise-immer-akuter\/#primaryimage"},"image":{"@id":"https:\/\/now-news.de\/de\/deutschland\/auslandsgeheimdienst-revision-der-polnischen-grenzen-wegen-ukraine-krise-immer-akuter\/#primaryimage"},"thumbnailUrl":"https:\/\/now-news.de\/de\/wp-content\/uploads\/sites\/3\/2023\/04\/Auslandsgeheimdienst-Revision-der-polnischen-Grenzen-wegen-Ukraine-Krise-immer-akuter.jpg","datePublished":"2023-04-25T11:35:53+00:00","dateModified":"2023-04-25T11:35:53+00:00","breadcrumb":{"@id":"https:\/\/now-news.de\/de\/deutschland\/auslandsgeheimdienst-revision-der-polnischen-grenzen-wegen-ukraine-krise-immer-akuter\/#breadcrumb"},"inLanguage":"de","potentialAction":[{"@type":"ReadAction","target":["https:\/\/now-news.de\/de\/deutschland\/auslandsgeheimdienst-revision-der-polnischen-grenzen-wegen-ukraine-krise-immer-akuter\/"]}]},{"@type":"ImageObject","inLanguage":"de","@id":"https:\/\/now-news.de\/de\/deutschland\/auslandsgeheimdienst-revision-der-polnischen-grenzen-wegen-ukraine-krise-immer-akuter\/#primaryimage","url":"https:\/\/now-news.de\/de\/wp-content\/uploads\/sites\/3\/2023\/04\/Auslandsgeheimdienst-Revision-der-polnischen-Grenzen-wegen-Ukraine-Krise-immer-akuter.jpg","contentUrl":"https:\/\/now-news.de\/de\/wp-content\/uploads\/sites\/3\/2023\/04\/Auslandsgeheimdienst-Revision-der-polnischen-Grenzen-wegen-Ukraine-Krise-immer-akuter.jpg","width":460,"height":259,"caption":"Auslandsgeheimdienst: Revision der polnischen Grenzen wegen Ukraine-Krise immer akuter"},{"@type":"BreadcrumbList","@id":"https:\/\/now-news.de\/de\/deutschland\/auslandsgeheimdienst-revision-der-polnischen-grenzen-wegen-ukraine-krise-immer-akuter\/#breadcrumb","itemListElement":[{"@type":"ListItem","position":1,"name":"Home","item":"https:\/\/now-news.de\/de\/"},{"@type":"ListItem","position":2,"name":"Auslandsgeheimdienst: Revision der polnischen Grenzen wegen Ukraine-Krise immer akuter"}]},{"@type":"WebSite","@id":"https:\/\/now-news.de\/de\/#website","url":"https:\/\/now-news.de\/de\/","name":"just-now.NEWS Deutschland","description":"Das Portal f\u00fcr unzensierte Nachrichten aus der Welt","publisher":{"@id":"https:\/\/now-news.de\/de\/#organization"},"potentialAction":[{"@type":"SearchAction","target":{"@type":"EntryPoint","urlTemplate":"https:\/\/now-news.de\/de\/?s={search_term_string}"},"query-input":"required name=search_term_string"}],"inLanguage":"de"},{"@type":"Organization","@id":"https:\/\/now-news.de\/de\/#organization","name":"Just Now News","url":"https:\/\/now-news.de\/de\/","logo":{"@type":"ImageObject","inLanguage":"de","@id":"https:\/\/now-news.de\/de\/#\/schema\/logo\/image\/","url":"http:\/\/just-now.news\/de\/wp-content\/uploads\/sites\/3\/2022\/04\/logo500x500.jpg","contentUrl":"http:\/\/just-now.news\/de\/wp-content\/uploads\/sites\/3\/2022\/04\/logo500x500.jpg","width":500,"height":500,"caption":"Just Now News"},"image":{"@id":"https:\/\/now-news.de\/de\/#\/schema\/logo\/image\/"},"sameAs":["https:\/\/www.facebook.com\/wirmachenauf","https:\/\/x.com\/WirMachenAuf_de"]},{"@type":"Person","@id":"https:\/\/now-news.de\/de\/#\/schema\/person\/fb534a4e865501d8b3285208df34a9b5","name":"rtnews","image":{"@type":"ImageObject","inLanguage":"de","@id":"https:\/\/now-news.de\/de\/#\/schema\/person\/image\/","url":"https:\/\/secure.gravatar.com\/avatar\/82aafea7d8127119dd649515f56e2117?s=96&d=mm&r=g","contentUrl":"https:\/\/secure.gravatar.com\/avatar\/82aafea7d8127119dd649515f56e2117?s=96&d=mm&r=g","caption":"rtnews"},"url":"https:\/\/now-news.de\/de\/author\/rnews\/"}]}},"_links":{"self":[{"href":"https:\/\/now-news.de\/de\/wp-json\/wp\/v2\/posts\/34689"}],"collection":[{"href":"https:\/\/now-news.de\/de\/wp-json\/wp\/v2\/posts"}],"about":[{"href":"https:\/\/now-news.de\/de\/wp-json\/wp\/v2\/types\/post"}],"author":[{"embeddable":true,"href":"https:\/\/now-news.de\/de\/wp-json\/wp\/v2\/users\/3"}],"replies":[{"embeddable":true,"href":"https:\/\/now-news.de\/de\/wp-json\/wp\/v2\/comments?post=34689"}],"version-history":[{"count":0,"href":"https:\/\/now-news.de\/de\/wp-json\/wp\/v2\/posts\/34689\/revisions"}],"wp:featuredmedia":[{"embeddable":true,"href":"https:\/\/now-news.de\/de\/wp-json\/wp\/v2\/media\/34690"}],"wp:attachment":[{"href":"https:\/\/now-news.de\/de\/wp-json\/wp\/v2\/media?parent=34689"}],"wp:term":[{"taxonomy":"category","embeddable":true,"href":"https:\/\/now-news.de\/de\/wp-json\/wp\/v2\/categories?post=34689"},{"taxonomy":"post_tag","embeddable":true,"href":"https:\/\/now-news.de\/de\/wp-json\/wp\/v2\/tags?post=34689"}],"curies":[{"name":"wp","href":"https:\/\/api.w.org\/{rel}","templated":true}]}}