{"id":34637,"date":"2023-04-24T12:45:09","date_gmt":"2023-04-24T10:45:09","guid":{"rendered":"https:\/\/just-now.news\/de\/deutschland\/macron-marine-le-pen-wird-an-die-macht-kommen-wenn\/"},"modified":"2023-04-24T12:45:09","modified_gmt":"2023-04-24T10:45:09","slug":"macron-marine-le-pen-wird-an-die-macht-kommen-wenn","status":"publish","type":"post","link":"https:\/\/now-news.de\/de\/deutschland\/macron-marine-le-pen-wird-an-die-macht-kommen-wenn\/","title":{"rendered":"Macron: &quot;Marine Le Pen wird an die Macht kommen, wenn\u00a0\u2026&quot;"},"content":{"rendered":"<p><img decoding=\"async\" src=\"http:\/\/just-now.news\/de\/wp-content\/uploads\/sites\/3\/2023\/04\/64464dfe48fbef0f472568e0.jpg\" \/><\/p>\n<div class=\"Text-root Text-type_1 \">\n                Der franz\u00f6sische Pr\u00e4sident Emmanuel Macron verteidigte in einem Interview seine umstrittene Rentenreform und warnte gleichzeitig vor einem Wahlsieg von Marine Le Pen bei den n\u00e4chsten Pr\u00e4sidentschaftswahlen. Von Selbstkritik fehlt jedoch jede Spur.\n            <\/div>\n<p><\/p>\n<div class=\"Text-root Text-type_5 ArticleView-text ViewText-root \">\n<p>Laut dem franz\u00f6sischen Pr\u00e4sidenten Emmanuel Macron werden die franz\u00f6sischen Mitte-Parteien bei den Pr\u00e4sidentschaftswahlen 2027 wahrscheinlich gegen die national-konservative Politikerin Marine Le Pen, verlieren, &#8220;wenn die aktuellen Herausforderungen nicht angegangen werden&#8221;.<\/p>\n<p>Laut einem am Sonntag ver\u00f6ffentlichten Interview mit der Zeitung <em>Le Parisien<\/em> sagte Macron, Le Pen werde die gr\u00f6\u00dfte politische Gewinnerin der anhaltenden Unruhen im Land sein. Macron f\u00fchrte aus:<\/p>\n<blockquote>\n<p><em>&#8220;Marine Le Pen wird [an die Macht] kommen, wenn wir nicht in der Lage sind, auf die Herausforderungen des Landes zu reagieren, und wenn wir die Gewohnheit einf\u00fchren, zu l\u00fcgen oder die Realit\u00e4t zu leugnen.&#8221;<\/em><\/p>\n<\/blockquote>\n<p>Laut Macron sei das &#8220;Hauptwerkzeug&#8221; von Le Pen und ihresgleichen der Populismus&#8221;. F\u00fcr die Mitte-Parteien sei es deswegen unm\u00f6glich, mit den Rechten auf dem Gebiet der Versprechungen zu konkurrieren. Stattdessen sollten die Mitte-Parteien die W\u00e4hler durch &#8220;echte Taten zur\u00fcckgewinnen&#8221;, indem sie die Herausforderungen der &#8220;Reindustrialisierung&#8221;, der &#8220;\u00d6kologie&#8221; und des &#8220;Kampfes f\u00fcr unsere \u00f6ffentlichen Dienste&#8221; angehen, so Macron.<\/p>\n<p>Macron verteidigte auch erneut seine sehr umstrittene Rentenreform. Der einzige wirkliche Fehler habe laut Macron darin bestanden, die unpopul\u00e4re Ma\u00dfnahme in der \u00d6ffentlichkeit nicht ausreichend zu bewerben. Macron w\u00f6rtlich:<\/p>\n<blockquote>\n<p><em>&#8220;Vielleicht war es ein Fehler, nicht ausreichend pr\u00e4sent zu sein, um der Reform Substanz zu verleihen und sie selbst zu tragen.&#8221;<\/em><\/p>\n<\/blockquote>\n<p>Die Rentenreform, die eine Anhebung des Rentenalters von 62 auf 64 Jahre vorsah, l\u00f6ste Massenproteste und Unruhen aus, die im ganzen Land andauern. Macrons Entscheidung, die \u00e4u\u00dferst unpopul\u00e4re Ma\u00dfnahme mit einem Verfassungsparagrafen am Parlament vorbei zu beschlie\u00dfen, heizte die Spannungen in Frankreich noch einmal an.<\/p>\n<p>Marine Le Pen, die bereits dreimal erfolglos f\u00fcr das Pr\u00e4sidentenamt kandidierte und die letzten beiden Male gegen Macron verlor, warf Macron vor, einen &#8220;totalen Bruch&#8221; zwischen der franz\u00f6sischen Bev\u00f6lkerung und dem Pr\u00e4sidentenamt herbeigef\u00fchrt zu haben. In einem Gespr\u00e4ch mit dem Nachrichtensender\u00a0<em>BFMTV<\/em>\u00a0am Samstag sagte sie, Macron habe sich seit seiner Reform &#8220;v\u00f6llig verbunkert&#8221;. Sie f\u00fcgte hinzu:<\/p>\n<blockquote>\n<p><em>&#8220;Er kann den \u00c9lys\u00e9e-Palast nicht mehr verlassen, ohne den Zorn eines Volkes zu erregen, dem er nicht zuh\u00f6rt und dessen Willen er nicht respektiert.&#8221;<\/em><\/p>\n<\/blockquote>\n<p>Macron sei derjenige, der &#8220;die Unordnung, das Chaos&#8221; verursache, das die Nation verschlinge&#8221;, so Le Pen weiter. Mehrere aktuelle Umfragen deuten darauf hin, dass Le Pen Macron im Zuge der Unruhen in der Bev\u00f6lkerung bereits \u00fcberholt hat.<\/p>\n<p>So ergab eine Anfang April von der Elabe-Gruppe f\u00fcr\u00a0<em>BFMTV<\/em>\u00a0durchgef\u00fchrte Umfrage, dass Le Pen 55 Prozent und Macron 45 Prozent der Stimmen erhalten w\u00fcrde, wenn sie in einer Stichwahl gegeneinander antreten w\u00fcrden. Bei den Wahlen im vergangenen Jahr besiegte Macron Le Pen noch mit einem komfortablen Vorsprung von etwa 17 Prozent.<\/p>\n<p><strong>Mehr zum Thema<\/strong> \u2013 <a rel=\"nofollow noopener\" target=\"_blank\" href=\"https:\/\/de.rt.com\/europa\/168200-am-parlament-vorbei-eu-schweigt\/\">Am Parlament vorbei \u2013 EU schweigt zu Macrons Aushebelung des Rechtsstaats<\/a><\/p>\n<div class=\"EmbedBlock-root EmbedBlock-externalVideo EmbedBlock-odysee\">\n<div class=\"VkEmbed\"><iframe class=\"lazyload\" data-src=\"https:\/\/odysee.com\/%24\/embed\/%40RTDE%3Ae%2FFranz%C3%B6sischer_Spiderman_gegen_die_Rentenreform%3Aa\" frameborder=\"0\" width=\"853\" height=\"480\" allowfullscreen><\/iframe><\/div>\n<\/div>\n<\/div>\n<p><br \/>\n<br \/><a href=\"https:\/\/de.rt.com\/europa\/168394-macron-marine-le-pen-wird-an-die-macht-kommen-wenn\/\">Source link <\/a><\/p>\n","protected":false},"excerpt":{"rendered":"<p>Der franz\u00f6sische Pr\u00e4sident Emmanuel Macron verteidigte in einem Interview seine umstrittene Rentenreform und warnte gleichzeitig vor einem Wahlsieg von Marine Le Pen bei den n\u00e4chsten Pr\u00e4sidentschaftswahlen. Von Selbstkritik fehlt jedoch jede Spur. Laut dem franz\u00f6sischen Pr\u00e4sidenten Emmanuel Macron werden die franz\u00f6sischen Mitte-Parteien bei den Pr\u00e4sidentschaftswahlen 2027 wahrscheinlich gegen die national-konservative Politikerin Marine Le Pen, verlieren, [&hellip;]<\/p>\n","protected":false},"author":3,"featured_media":34638,"comment_status":"open","ping_status":"open","sticky":false,"template":"","format":"standard","meta":{"_yoast_indexnow_last_ping":["1682333936"],"wp_automatic_camp":["217"],"712f508c091f4872412bb1d3e7f44510":["Macron: &quot;Marine Le Pen wird an die Macht kommen, wenn\u00a0\u2026&quot;"],"original_link":["https:\/\/de.rt.com\/europa\/168394-macron-marine-le-pen-wird-an-die-macht-kommen-wenn\/"],"_thumbnail_id":["34638"],"_wptgpro_p2tg_sent2tg":["a:1:{i:23737;s:19:\"2023-04-24 13:00:30\";}"],"jnews_social_counter_last_update":["1777016397"]},"categories":[19,23],"tags":[45,8370,4847,1711,3318,43440,43441,374],"yoast_head":"<!-- This site is optimized with the Yoast SEO Premium plugin v22.7 (Yoast SEO v22.7) - https:\/\/yoast.com\/wordpress\/plugins\/seo\/ -->\n<title>Macron: &quot;Marine Le Pen wird an die Macht kommen, wenn\u00a0\u2026&quot; - just-now.NEWS Deutschland<\/title>\n<meta name=\"robots\" content=\"index, follow, max-snippet:-1, max-image-preview:large, max-video-preview:-1\" \/>\n<link rel=\"canonical\" href=\"https:\/\/now-news.de\/de\/deutschland\/macron-marine-le-pen-wird-an-die-macht-kommen-wenn\/\" \/>\n<meta property=\"og:locale\" content=\"de_DE\" \/>\n<meta property=\"og:type\" content=\"article\" \/>\n<meta property=\"og:title\" content=\"Macron: &quot;Marine Le Pen wird an die Macht kommen, wenn\u00a0\u2026&quot;\" \/>\n<meta property=\"og:description\" content=\"Der franz\u00f6sische Pr\u00e4sident Emmanuel Macron verteidigte in einem Interview seine umstrittene Rentenreform und warnte gleichzeitig vor einem Wahlsieg von Marine Le Pen bei den n\u00e4chsten Pr\u00e4sidentschaftswahlen. Von Selbstkritik fehlt jedoch jede Spur. Laut dem franz\u00f6sischen Pr\u00e4sidenten Emmanuel Macron werden die franz\u00f6sischen Mitte-Parteien bei den Pr\u00e4sidentschaftswahlen 2027 wahrscheinlich gegen die national-konservative Politikerin Marine Le Pen, verlieren, [&hellip;]\" \/>\n<meta property=\"og:url\" content=\"https:\/\/now-news.de\/de\/deutschland\/macron-marine-le-pen-wird-an-die-macht-kommen-wenn\/\" \/>\n<meta property=\"og:site_name\" content=\"just-now.NEWS Deutschland\" \/>\n<meta property=\"article:publisher\" content=\"https:\/\/www.facebook.com\/wirmachenauf\" \/>\n<meta property=\"article:published_time\" content=\"2023-04-24T10:45:09+00:00\" \/>\n<meta property=\"og:image\" content=\"https:\/\/now-news.de\/de\/wp-content\/uploads\/sites\/3\/2023\/04\/Macron-quotMarine-Le-Pen-wird-an-die-Macht-kommen-wenn-\u2026quot.jpg\" \/>\n\t<meta property=\"og:image:width\" content=\"460\" \/>\n\t<meta property=\"og:image:height\" content=\"259\" \/>\n\t<meta property=\"og:image:type\" content=\"image\/jpeg\" \/>\n<meta name=\"author\" content=\"rtnews\" \/>\n<meta name=\"twitter:card\" content=\"summary_large_image\" \/>\n<meta name=\"twitter:creator\" content=\"@WirMachenAuf_de\" \/>\n<meta name=\"twitter:site\" content=\"@WirMachenAuf_de\" \/>\n<meta name=\"twitter:label1\" content=\"Verfasst von\" \/>\n\t<meta name=\"twitter:data1\" content=\"rtnews\" \/>\n\t<meta name=\"twitter:label2\" content=\"Gesch\u00e4tzte Lesezeit\" \/>\n\t<meta name=\"twitter:data2\" content=\"3\u00a0Minuten\" \/>\n<script type=\"application\/ld+json\" class=\"yoast-schema-graph\">{\"@context\":\"https:\/\/schema.org\",\"@graph\":[{\"@type\":\"Article\",\"@id\":\"https:\/\/now-news.de\/de\/deutschland\/macron-marine-le-pen-wird-an-die-macht-kommen-wenn\/#article\",\"isPartOf\":{\"@id\":\"https:\/\/now-news.de\/de\/deutschland\/macron-marine-le-pen-wird-an-die-macht-kommen-wenn\/\"},\"author\":{\"name\":\"rtnews\",\"@id\":\"https:\/\/now-news.de\/de\/#\/schema\/person\/fb534a4e865501d8b3285208df34a9b5\"},\"headline\":\"Macron: &quot;Marine Le Pen wird an die Macht kommen, wenn\u00a0\u2026&quot;\",\"datePublished\":\"2023-04-24T10:45:09+00:00\",\"dateModified\":\"2023-04-24T10:45:09+00:00\",\"mainEntityOfPage\":{\"@id\":\"https:\/\/now-news.de\/de\/deutschland\/macron-marine-le-pen-wird-an-die-macht-kommen-wenn\/\"},\"wordCount\":514,\"commentCount\":0,\"publisher\":{\"@id\":\"https:\/\/now-news.de\/de\/#organization\"},\"image\":{\"@id\":\"https:\/\/now-news.de\/de\/deutschland\/macron-marine-le-pen-wird-an-die-macht-kommen-wenn\/#primaryimage\"},\"thumbnailUrl\":\"https:\/\/now-news.de\/de\/wp-content\/uploads\/sites\/3\/2023\/04\/Macron-quotMarine-Le-Pen-wird-an-die-Macht-kommen-wenn-\u2026quot.jpg\",\"keywords\":[\"die\",\"kommen\",\"Macht\",\"macron\",\"Pen\",\"quotMarine\",\"wennquot\",\"wird\"],\"articleSection\":[\"Deutschland\",\"Russland\"],\"inLanguage\":\"de\",\"potentialAction\":[{\"@type\":\"CommentAction\",\"name\":\"Comment\",\"target\":[\"https:\/\/now-news.de\/de\/deutschland\/macron-marine-le-pen-wird-an-die-macht-kommen-wenn\/#respond\"]}]},{\"@type\":\"WebPage\",\"@id\":\"https:\/\/now-news.de\/de\/deutschland\/macron-marine-le-pen-wird-an-die-macht-kommen-wenn\/\",\"url\":\"https:\/\/now-news.de\/de\/deutschland\/macron-marine-le-pen-wird-an-die-macht-kommen-wenn\/\",\"name\":\"Macron: &quot;Marine Le Pen wird an die Macht kommen, wenn\u00a0\u2026&quot; - just-now.NEWS Deutschland\",\"isPartOf\":{\"@id\":\"https:\/\/now-news.de\/de\/#website\"},\"primaryImageOfPage\":{\"@id\":\"https:\/\/now-news.de\/de\/deutschland\/macron-marine-le-pen-wird-an-die-macht-kommen-wenn\/#primaryimage\"},\"image\":{\"@id\":\"https:\/\/now-news.de\/de\/deutschland\/macron-marine-le-pen-wird-an-die-macht-kommen-wenn\/#primaryimage\"},\"thumbnailUrl\":\"https:\/\/now-news.de\/de\/wp-content\/uploads\/sites\/3\/2023\/04\/Macron-quotMarine-Le-Pen-wird-an-die-Macht-kommen-wenn-\u2026quot.jpg\",\"datePublished\":\"2023-04-24T10:45:09+00:00\",\"dateModified\":\"2023-04-24T10:45:09+00:00\",\"breadcrumb\":{\"@id\":\"https:\/\/now-news.de\/de\/deutschland\/macron-marine-le-pen-wird-an-die-macht-kommen-wenn\/#breadcrumb\"},\"inLanguage\":\"de\",\"potentialAction\":[{\"@type\":\"ReadAction\",\"target\":[\"https:\/\/now-news.de\/de\/deutschland\/macron-marine-le-pen-wird-an-die-macht-kommen-wenn\/\"]}]},{\"@type\":\"ImageObject\",\"inLanguage\":\"de\",\"@id\":\"https:\/\/now-news.de\/de\/deutschland\/macron-marine-le-pen-wird-an-die-macht-kommen-wenn\/#primaryimage\",\"url\":\"https:\/\/now-news.de\/de\/wp-content\/uploads\/sites\/3\/2023\/04\/Macron-quotMarine-Le-Pen-wird-an-die-Macht-kommen-wenn-\u2026quot.jpg\",\"contentUrl\":\"https:\/\/now-news.de\/de\/wp-content\/uploads\/sites\/3\/2023\/04\/Macron-quotMarine-Le-Pen-wird-an-die-Macht-kommen-wenn-\u2026quot.jpg\",\"width\":460,\"height\":259,\"caption\":\"Macron: &quot;Marine Le Pen wird an die Macht kommen, wenn\u00a0\u2026&quot;\"},{\"@type\":\"BreadcrumbList\",\"@id\":\"https:\/\/now-news.de\/de\/deutschland\/macron-marine-le-pen-wird-an-die-macht-kommen-wenn\/#breadcrumb\",\"itemListElement\":[{\"@type\":\"ListItem\",\"position\":1,\"name\":\"Home\",\"item\":\"https:\/\/now-news.de\/de\/\"},{\"@type\":\"ListItem\",\"position\":2,\"name\":\"Macron: &quot;Marine Le Pen wird an die Macht kommen, wenn\u00a0\u2026&quot;\"}]},{\"@type\":\"WebSite\",\"@id\":\"https:\/\/now-news.de\/de\/#website\",\"url\":\"https:\/\/now-news.de\/de\/\",\"name\":\"just-now.NEWS Deutschland\",\"description\":\"Das Portal f\u00fcr unzensierte Nachrichten aus der Welt\",\"publisher\":{\"@id\":\"https:\/\/now-news.de\/de\/#organization\"},\"potentialAction\":[{\"@type\":\"SearchAction\",\"target\":{\"@type\":\"EntryPoint\",\"urlTemplate\":\"https:\/\/now-news.de\/de\/?s={search_term_string}\"},\"query-input\":\"required name=search_term_string\"}],\"inLanguage\":\"de\"},{\"@type\":\"Organization\",\"@id\":\"https:\/\/now-news.de\/de\/#organization\",\"name\":\"Just Now News\",\"url\":\"https:\/\/now-news.de\/de\/\",\"logo\":{\"@type\":\"ImageObject\",\"inLanguage\":\"de\",\"@id\":\"https:\/\/now-news.de\/de\/#\/schema\/logo\/image\/\",\"url\":\"http:\/\/just-now.news\/de\/wp-content\/uploads\/sites\/3\/2022\/04\/logo500x500.jpg\",\"contentUrl\":\"http:\/\/just-now.news\/de\/wp-content\/uploads\/sites\/3\/2022\/04\/logo500x500.jpg\",\"width\":500,\"height\":500,\"caption\":\"Just Now News\"},\"image\":{\"@id\":\"https:\/\/now-news.de\/de\/#\/schema\/logo\/image\/\"},\"sameAs\":[\"https:\/\/www.facebook.com\/wirmachenauf\",\"https:\/\/x.com\/WirMachenAuf_de\"]},{\"@type\":\"Person\",\"@id\":\"https:\/\/now-news.de\/de\/#\/schema\/person\/fb534a4e865501d8b3285208df34a9b5\",\"name\":\"rtnews\",\"image\":{\"@type\":\"ImageObject\",\"inLanguage\":\"de\",\"@id\":\"https:\/\/now-news.de\/de\/#\/schema\/person\/image\/\",\"url\":\"https:\/\/secure.gravatar.com\/avatar\/82aafea7d8127119dd649515f56e2117?s=96&d=mm&r=g\",\"contentUrl\":\"https:\/\/secure.gravatar.com\/avatar\/82aafea7d8127119dd649515f56e2117?s=96&d=mm&r=g\",\"caption\":\"rtnews\"},\"url\":\"https:\/\/now-news.de\/de\/author\/rnews\/\"}]}<\/script>\n<!-- \/ Yoast SEO Premium plugin. -->","yoast_head_json":{"title":"Macron: &quot;Marine Le Pen wird an die Macht kommen, wenn\u00a0\u2026&quot; - just-now.NEWS Deutschland","robots":{"index":"index","follow":"follow","max-snippet":"max-snippet:-1","max-image-preview":"max-image-preview:large","max-video-preview":"max-video-preview:-1"},"canonical":"https:\/\/now-news.de\/de\/deutschland\/macron-marine-le-pen-wird-an-die-macht-kommen-wenn\/","og_locale":"de_DE","og_type":"article","og_title":"Macron: &quot;Marine Le Pen wird an die Macht kommen, wenn\u00a0\u2026&quot;","og_description":"Der franz\u00f6sische Pr\u00e4sident Emmanuel Macron verteidigte in einem Interview seine umstrittene Rentenreform und warnte gleichzeitig vor einem Wahlsieg von Marine Le Pen bei den n\u00e4chsten Pr\u00e4sidentschaftswahlen. Von Selbstkritik fehlt jedoch jede Spur. Laut dem franz\u00f6sischen Pr\u00e4sidenten Emmanuel Macron werden die franz\u00f6sischen Mitte-Parteien bei den Pr\u00e4sidentschaftswahlen 2027 wahrscheinlich gegen die national-konservative Politikerin Marine Le Pen, verlieren, [&hellip;]","og_url":"https:\/\/now-news.de\/de\/deutschland\/macron-marine-le-pen-wird-an-die-macht-kommen-wenn\/","og_site_name":"just-now.NEWS Deutschland","article_publisher":"https:\/\/www.facebook.com\/wirmachenauf","article_published_time":"2023-04-24T10:45:09+00:00","og_image":[{"width":460,"height":259,"url":"https:\/\/now-news.de\/de\/wp-content\/uploads\/sites\/3\/2023\/04\/Macron-quotMarine-Le-Pen-wird-an-die-Macht-kommen-wenn-\u2026quot.jpg","type":"image\/jpeg"}],"author":"rtnews","twitter_card":"summary_large_image","twitter_creator":"@WirMachenAuf_de","twitter_site":"@WirMachenAuf_de","twitter_misc":{"Verfasst von":"rtnews","Gesch\u00e4tzte Lesezeit":"3\u00a0Minuten"},"schema":{"@context":"https:\/\/schema.org","@graph":[{"@type":"Article","@id":"https:\/\/now-news.de\/de\/deutschland\/macron-marine-le-pen-wird-an-die-macht-kommen-wenn\/#article","isPartOf":{"@id":"https:\/\/now-news.de\/de\/deutschland\/macron-marine-le-pen-wird-an-die-macht-kommen-wenn\/"},"author":{"name":"rtnews","@id":"https:\/\/now-news.de\/de\/#\/schema\/person\/fb534a4e865501d8b3285208df34a9b5"},"headline":"Macron: &quot;Marine Le Pen wird an die Macht kommen, wenn\u00a0\u2026&quot;","datePublished":"2023-04-24T10:45:09+00:00","dateModified":"2023-04-24T10:45:09+00:00","mainEntityOfPage":{"@id":"https:\/\/now-news.de\/de\/deutschland\/macron-marine-le-pen-wird-an-die-macht-kommen-wenn\/"},"wordCount":514,"commentCount":0,"publisher":{"@id":"https:\/\/now-news.de\/de\/#organization"},"image":{"@id":"https:\/\/now-news.de\/de\/deutschland\/macron-marine-le-pen-wird-an-die-macht-kommen-wenn\/#primaryimage"},"thumbnailUrl":"https:\/\/now-news.de\/de\/wp-content\/uploads\/sites\/3\/2023\/04\/Macron-quotMarine-Le-Pen-wird-an-die-Macht-kommen-wenn-\u2026quot.jpg","keywords":["die","kommen","Macht","macron","Pen","quotMarine","wennquot","wird"],"articleSection":["Deutschland","Russland"],"inLanguage":"de","potentialAction":[{"@type":"CommentAction","name":"Comment","target":["https:\/\/now-news.de\/de\/deutschland\/macron-marine-le-pen-wird-an-die-macht-kommen-wenn\/#respond"]}]},{"@type":"WebPage","@id":"https:\/\/now-news.de\/de\/deutschland\/macron-marine-le-pen-wird-an-die-macht-kommen-wenn\/","url":"https:\/\/now-news.de\/de\/deutschland\/macron-marine-le-pen-wird-an-die-macht-kommen-wenn\/","name":"Macron: &quot;Marine Le Pen wird an die Macht kommen, wenn\u00a0\u2026&quot; - just-now.NEWS Deutschland","isPartOf":{"@id":"https:\/\/now-news.de\/de\/#website"},"primaryImageOfPage":{"@id":"https:\/\/now-news.de\/de\/deutschland\/macron-marine-le-pen-wird-an-die-macht-kommen-wenn\/#primaryimage"},"image":{"@id":"https:\/\/now-news.de\/de\/deutschland\/macron-marine-le-pen-wird-an-die-macht-kommen-wenn\/#primaryimage"},"thumbnailUrl":"https:\/\/now-news.de\/de\/wp-content\/uploads\/sites\/3\/2023\/04\/Macron-quotMarine-Le-Pen-wird-an-die-Macht-kommen-wenn-\u2026quot.jpg","datePublished":"2023-04-24T10:45:09+00:00","dateModified":"2023-04-24T10:45:09+00:00","breadcrumb":{"@id":"https:\/\/now-news.de\/de\/deutschland\/macron-marine-le-pen-wird-an-die-macht-kommen-wenn\/#breadcrumb"},"inLanguage":"de","potentialAction":[{"@type":"ReadAction","target":["https:\/\/now-news.de\/de\/deutschland\/macron-marine-le-pen-wird-an-die-macht-kommen-wenn\/"]}]},{"@type":"ImageObject","inLanguage":"de","@id":"https:\/\/now-news.de\/de\/deutschland\/macron-marine-le-pen-wird-an-die-macht-kommen-wenn\/#primaryimage","url":"https:\/\/now-news.de\/de\/wp-content\/uploads\/sites\/3\/2023\/04\/Macron-quotMarine-Le-Pen-wird-an-die-Macht-kommen-wenn-\u2026quot.jpg","contentUrl":"https:\/\/now-news.de\/de\/wp-content\/uploads\/sites\/3\/2023\/04\/Macron-quotMarine-Le-Pen-wird-an-die-Macht-kommen-wenn-\u2026quot.jpg","width":460,"height":259,"caption":"Macron: &quot;Marine Le Pen wird an die Macht kommen, wenn\u00a0\u2026&quot;"},{"@type":"BreadcrumbList","@id":"https:\/\/now-news.de\/de\/deutschland\/macron-marine-le-pen-wird-an-die-macht-kommen-wenn\/#breadcrumb","itemListElement":[{"@type":"ListItem","position":1,"name":"Home","item":"https:\/\/now-news.de\/de\/"},{"@type":"ListItem","position":2,"name":"Macron: &quot;Marine Le Pen wird an die Macht kommen, wenn\u00a0\u2026&quot;"}]},{"@type":"WebSite","@id":"https:\/\/now-news.de\/de\/#website","url":"https:\/\/now-news.de\/de\/","name":"just-now.NEWS Deutschland","description":"Das Portal f\u00fcr unzensierte Nachrichten aus der Welt","publisher":{"@id":"https:\/\/now-news.de\/de\/#organization"},"potentialAction":[{"@type":"SearchAction","target":{"@type":"EntryPoint","urlTemplate":"https:\/\/now-news.de\/de\/?s={search_term_string}"},"query-input":"required name=search_term_string"}],"inLanguage":"de"},{"@type":"Organization","@id":"https:\/\/now-news.de\/de\/#organization","name":"Just Now News","url":"https:\/\/now-news.de\/de\/","logo":{"@type":"ImageObject","inLanguage":"de","@id":"https:\/\/now-news.de\/de\/#\/schema\/logo\/image\/","url":"http:\/\/just-now.news\/de\/wp-content\/uploads\/sites\/3\/2022\/04\/logo500x500.jpg","contentUrl":"http:\/\/just-now.news\/de\/wp-content\/uploads\/sites\/3\/2022\/04\/logo500x500.jpg","width":500,"height":500,"caption":"Just Now News"},"image":{"@id":"https:\/\/now-news.de\/de\/#\/schema\/logo\/image\/"},"sameAs":["https:\/\/www.facebook.com\/wirmachenauf","https:\/\/x.com\/WirMachenAuf_de"]},{"@type":"Person","@id":"https:\/\/now-news.de\/de\/#\/schema\/person\/fb534a4e865501d8b3285208df34a9b5","name":"rtnews","image":{"@type":"ImageObject","inLanguage":"de","@id":"https:\/\/now-news.de\/de\/#\/schema\/person\/image\/","url":"https:\/\/secure.gravatar.com\/avatar\/82aafea7d8127119dd649515f56e2117?s=96&d=mm&r=g","contentUrl":"https:\/\/secure.gravatar.com\/avatar\/82aafea7d8127119dd649515f56e2117?s=96&d=mm&r=g","caption":"rtnews"},"url":"https:\/\/now-news.de\/de\/author\/rnews\/"}]}},"_links":{"self":[{"href":"https:\/\/now-news.de\/de\/wp-json\/wp\/v2\/posts\/34637"}],"collection":[{"href":"https:\/\/now-news.de\/de\/wp-json\/wp\/v2\/posts"}],"about":[{"href":"https:\/\/now-news.de\/de\/wp-json\/wp\/v2\/types\/post"}],"author":[{"embeddable":true,"href":"https:\/\/now-news.de\/de\/wp-json\/wp\/v2\/users\/3"}],"replies":[{"embeddable":true,"href":"https:\/\/now-news.de\/de\/wp-json\/wp\/v2\/comments?post=34637"}],"version-history":[{"count":0,"href":"https:\/\/now-news.de\/de\/wp-json\/wp\/v2\/posts\/34637\/revisions"}],"wp:featuredmedia":[{"embeddable":true,"href":"https:\/\/now-news.de\/de\/wp-json\/wp\/v2\/media\/34638"}],"wp:attachment":[{"href":"https:\/\/now-news.de\/de\/wp-json\/wp\/v2\/media?parent=34637"}],"wp:term":[{"taxonomy":"category","embeddable":true,"href":"https:\/\/now-news.de\/de\/wp-json\/wp\/v2\/categories?post=34637"},{"taxonomy":"post_tag","embeddable":true,"href":"https:\/\/now-news.de\/de\/wp-json\/wp\/v2\/tags?post=34637"}],"curies":[{"name":"wp","href":"https:\/\/api.w.org\/{rel}","templated":true}]}}