{"id":34635,"date":"2023-04-24T12:03:40","date_gmt":"2023-04-24T10:03:40","guid":{"rendered":"http:\/\/just-now.news\/de\/deutschland\/berlin-schwarz-rot-so-gut-wie-sicher-giffey-wird-wirtschaftssenatorin\/"},"modified":"2023-04-24T12:03:40","modified_gmt":"2023-04-24T10:03:40","slug":"berlin-schwarz-rot-so-gut-wie-sicher-giffey-wird-wirtschaftssenatorin","status":"publish","type":"post","link":"https:\/\/now-news.de\/de\/deutschland\/berlin-schwarz-rot-so-gut-wie-sicher-giffey-wird-wirtschaftssenatorin\/","title":{"rendered":"Berlin: Schwarz-Rot so gut wie sicher, Giffey wird Wirtschaftssenatorin"},"content":{"rendered":"<p><img decoding=\"async\" src=\"http:\/\/just-now.news\/de\/wp-content\/uploads\/sites\/3\/2023\/04\/64463f6948fbef5f2e54e8dd.jpg\" \/><\/p>\n<div class=\"Text-root Text-type_1 \">\n                Die Berliner SPD hat am Sonntag mit einer knappen Mehrheit f\u00fcr eine Koalition mit der CDU gestimmt. Die CDU entscheidet heute. Ein Ja zum Koalitionsvertrag gilt als sicher. Die Besetzung der SPD-Senatsposten wurde bereits bekannt gegeben.\n            <\/div>\n<p><\/p>\n<div class=\"Text-root Text-type_5 ArticleView-text ViewText-root \">\n<p>Die Berliner SPD-Mitglieder haben am Sonntag \u00fcber den j\u00fcngst ausgehandelten Koalitionsvertrag mit der CDU abgestimmt. Das Ergebnis zeigt wenig Begeisterung f\u00fcr die kommende Koalition in der Hauptstadt. 54,3 Prozent der Teilnehmer stimmten beim Mitgliedervotum f\u00fcr Ja.\u00a0Das entspricht\u00a06.179 der g\u00fcltigen 11.379 Stimmen. 5.200 SPD-Mitglieder stimmten laut dem Regionalsender <em>rbb24<\/em> mit Nein.<\/p>\n<p>Die CDU wird am heutigen Montag im Anschluss an einen kleinen Parteitag ihre Entscheidung bekannt geben. Eine Zustimmung zum Koalitionsvertrag gilt laut <em>rbb24<\/em> &#8220;als sicher&#8221;. Dadurch w\u00fcrde der bisherige Oppositionsf\u00fchrer Kai Wegner neuer Regierender B\u00fcrgermeister von Berlin.<\/p>\n<p>Nach <a rel=\"nofollow noopener\" target=\"_blank\" href=\"https:\/\/www.tagesspiegel.de\/berlin\/der-neue-berliner-senat-steht-giffey-ubernimmt-wirtschaft-gaebler-stadtentwicklung-9707369.html\">Informationen<\/a> des <em>Tagesspiegels <\/em>wurde SPD-intern beschlossen, dass Ex-B\u00fcrgermeisterin Franziska Giffey in der kommenden schwarz-roten Koalition das Amt der Wirtschaftssenatorin \u00fcbernimmt. Der treue Wegbegleiter Giffeys und proaktive Unterst\u00fctzer der \u00fcberraschenden Koalitionspl\u00e4ne mit der CDU, SPD-Fraktionschef Raed Saleh, wird keinen Ministerposten erhalten. Saleh <a rel=\"nofollow noopener\" target=\"_blank\" href=\"https:\/\/www.rbb24.de\/politik\/wahl\/abgeordnetenhaus\/agh-2023\/beitraege\/berlin-koalition-cdu-spd-raed-saleh-bleibt-spd-fraktionschef-kein-senator.html\">teilte<\/a> dem <em>rbb<\/em> mit, dass er &#8220;der neuen Landesregierung nicht angeh\u00f6ren&#8221; werde, sondern &#8220;deren Wirken, insbesondere das der CDU, als Landes- und Fraktionsvorsitzender kontrollieren und n\u00f6tigenfalls korrigieren&#8221; werde.<\/p>\n<p>Christian Gaebler, unter Ex-B\u00fcrgermeister Michael M\u00fcller in der Senatskanzlei t\u00e4tig, wird die urspr\u00fcnglich von Giffey anvisierte Bauverwaltung \u00fcbernehmen. Das Ressort f\u00fcr Arbeit, Soziales und Antidiskriminierung\u00a0\u00fcbernimmt Cansel Kiziltepe. Es hatte zuvor Spekulationen gegeben, Saleh k\u00f6nnte diesen Posten \u00fcbernehmen. Die Doppelbelastung im Amt der Wissenschafts- und Forschungssenatorin muss Ina\u00a0Czyborra meistern, die seit 2011 Abgeordnete im Abgeordnetenhaus von Berlin ist.<\/p>\n<p>Iris Spranger bleibt laut dem\u00a0<em>Tagesspiegel<\/em>\u00a0als einzige Senatorin in ihrem Amt und &#8220;f\u00fchrt auch f\u00fcr die kommenden drei Jahre die Gesch\u00e4fte im Innenressort&#8221;.<\/p>\n<p>Nach bisherigen internen CDU-Informationen soll aller Voraussicht nach die Vize-Chefin des Bundesamtes f\u00fcr Verfassungsschutz, Felor Badenberg, Justizsenatorin in der Hauptstadt werden. Der<em> Tagesspiegel<\/em> informiert hierbei, dass &#8220;die parteilose Badenberg ma\u00dfgeblich die Einstufung der AfD als rechtsextremistischen Verdachtsfall vorangetrieben haben soll&#8221;. Die <em>Berliner Zeitung<\/em>\u00a0<a rel=\"nofollow noopener\" target=\"_blank\" href=\"https:\/\/www.berliner-zeitung.de\/news\/zuwachs-fuer-die-cdu-berlin-felor-badenberg-soll-neue-justizsenatorin-werden-li.341228\">erg\u00e4nzte<\/a>:<\/p>\n<blockquote>\n<p><em>&#8220;Die 47-j\u00e4hrige ist promovierte Juristin und setzte bereits in der Vergangenheit klare Zeichen gegen Rechts. (&#8230;) Wegen ihrer harten Linie gegen Rechts wird sie regelm\u00e4\u00dfig bedroht. Als Vizepr\u00e4sidentin des Bundesamtes war Badenberg von Bundesinnenministerin Nancy Faeser (SPD) als erste Frau auf den Posten berufen worden.&#8221;<\/em><\/p>\n<\/blockquote>\n<p>Berlins CDU-Generalsekret\u00e4r Stefan Evers wird k\u00fcnftiger Finanzsenator, Manja Schreiner wird Verkehrssenatorin und Katharina G\u00fcnther-W\u00fcnsch Bildungssenatorin. Offiziell werden die Postenbesetzungen der CDU am Montagnachmittag best\u00e4tigt.<strong><\/strong><\/p>\n<p>Eine erste gro\u00dfe Herausforderung f\u00fcr die Berliner Koalition ist eine effektive Strategie gegen das n\u00f6tigende Agieren der &#8220;Letzten Generation&#8221;, die seit den fr\u00fchen Morgenstunden des 24. April die Nerven der Polizei und Berliner Berufst\u00e4tigen erneut mehr als strapaziert.<\/p>\n<p><strong>Mehr zum Thema<\/strong> \u2013 &#8220;<a rel=\"nofollow noopener\" target=\"_blank\" href=\"https:\/\/pressefreiheit.rtde.tech\/inland\/168134-slow-walk-naechste-eskalationsstrategie-letzten\/\">Slow Walk&#8221; \u2013 Die n\u00e4chste Eskalationsstrategie der &#8220;Letzten Generation&#8221;-Aktivisten in Berlin <\/a><\/p>\n<\/div>\n<p><br \/>\n<br \/><a href=\"https:\/\/de.rt.com\/inland\/168391-berlin-schwarz-rot-so-gut\/\">Source link <\/a><\/p>\n","protected":false},"excerpt":{"rendered":"<p>Die Berliner SPD hat am Sonntag mit einer knappen Mehrheit f\u00fcr eine Koalition mit der CDU gestimmt. Die CDU entscheidet heute. Ein Ja zum Koalitionsvertrag gilt als sicher. Die Besetzung der SPD-Senatsposten wurde bereits bekannt gegeben. Die Berliner SPD-Mitglieder haben am Sonntag \u00fcber den j\u00fcngst ausgehandelten Koalitionsvertrag mit der CDU abgestimmt. Das Ergebnis zeigt wenig [&hellip;]<\/p>\n","protected":false},"author":3,"featured_media":34636,"comment_status":"open","ping_status":"open","sticky":false,"template":"","format":"standard","meta":{"_yoast_indexnow_last_ping":["1682331060"],"wp_automatic_camp":["217"],"a292d6c0ab4911381d72e77b7a1abba3":["Berlin: Schwarz-Rot so gut wie sicher, Giffey wird Wirtschaftssenatorin"],"original_link":["https:\/\/de.rt.com\/inland\/168391-berlin-schwarz-rot-so-gut\/"],"_thumbnail_id":["34636"],"jnews_social_counter_last_update":["1777412885"],"_wptgpro_p2tg_sent2tg":["a:1:{i:23737;s:19:\"2023-04-24 12:12:04\";}"]},"categories":[19,23],"tags":[943,23735,15536,43439,22337,579,374,40168],"yoast_head":"<!-- This site is optimized with the Yoast SEO Premium plugin v22.7 (Yoast SEO v22.7) - https:\/\/yoast.com\/wordpress\/plugins\/seo\/ -->\n<title>Berlin: Schwarz-Rot so gut wie sicher, Giffey wird Wirtschaftssenatorin - just-now.NEWS Deutschland<\/title>\n<meta name=\"robots\" content=\"index, follow, max-snippet:-1, max-image-preview:large, max-video-preview:-1\" \/>\n<link rel=\"canonical\" href=\"https:\/\/now-news.de\/de\/deutschland\/berlin-schwarz-rot-so-gut-wie-sicher-giffey-wird-wirtschaftssenatorin\/\" \/>\n<meta property=\"og:locale\" content=\"de_DE\" \/>\n<meta property=\"og:type\" content=\"article\" \/>\n<meta property=\"og:title\" content=\"Berlin: Schwarz-Rot so gut wie sicher, Giffey wird Wirtschaftssenatorin\" \/>\n<meta property=\"og:description\" content=\"Die Berliner SPD hat am Sonntag mit einer knappen Mehrheit f\u00fcr eine Koalition mit der CDU gestimmt. Die CDU entscheidet heute. Ein Ja zum Koalitionsvertrag gilt als sicher. Die Besetzung der SPD-Senatsposten wurde bereits bekannt gegeben. Die Berliner SPD-Mitglieder haben am Sonntag \u00fcber den j\u00fcngst ausgehandelten Koalitionsvertrag mit der CDU abgestimmt. Das Ergebnis zeigt wenig [&hellip;]\" \/>\n<meta property=\"og:url\" content=\"https:\/\/now-news.de\/de\/deutschland\/berlin-schwarz-rot-so-gut-wie-sicher-giffey-wird-wirtschaftssenatorin\/\" \/>\n<meta property=\"og:site_name\" content=\"just-now.NEWS Deutschland\" \/>\n<meta property=\"article:publisher\" content=\"https:\/\/www.facebook.com\/wirmachenauf\" \/>\n<meta property=\"article:published_time\" content=\"2023-04-24T10:03:40+00:00\" \/>\n<meta property=\"og:image\" content=\"https:\/\/now-news.de\/de\/wp-content\/uploads\/sites\/3\/2023\/04\/Berlin-Schwarz-Rot-so-gut-wie-sicher-Giffey-wird-Wirtschaftssenatorin.jpg\" \/>\n\t<meta property=\"og:image:width\" content=\"460\" \/>\n\t<meta property=\"og:image:height\" content=\"259\" \/>\n\t<meta property=\"og:image:type\" content=\"image\/jpeg\" \/>\n<meta name=\"author\" content=\"rtnews\" \/>\n<meta name=\"twitter:card\" content=\"summary_large_image\" \/>\n<meta name=\"twitter:creator\" content=\"@WirMachenAuf_de\" \/>\n<meta name=\"twitter:site\" content=\"@WirMachenAuf_de\" \/>\n<meta name=\"twitter:label1\" content=\"Verfasst von\" \/>\n\t<meta name=\"twitter:data1\" content=\"rtnews\" \/>\n\t<meta name=\"twitter:label2\" content=\"Gesch\u00e4tzte Lesezeit\" \/>\n\t<meta name=\"twitter:data2\" content=\"2\u00a0Minuten\" \/>\n<script type=\"application\/ld+json\" class=\"yoast-schema-graph\">{\"@context\":\"https:\/\/schema.org\",\"@graph\":[{\"@type\":\"Article\",\"@id\":\"https:\/\/now-news.de\/de\/deutschland\/berlin-schwarz-rot-so-gut-wie-sicher-giffey-wird-wirtschaftssenatorin\/#article\",\"isPartOf\":{\"@id\":\"https:\/\/now-news.de\/de\/deutschland\/berlin-schwarz-rot-so-gut-wie-sicher-giffey-wird-wirtschaftssenatorin\/\"},\"author\":{\"name\":\"rtnews\",\"@id\":\"https:\/\/now-news.de\/de\/#\/schema\/person\/fb534a4e865501d8b3285208df34a9b5\"},\"headline\":\"Berlin: Schwarz-Rot so gut wie sicher, Giffey wird Wirtschaftssenatorin\",\"datePublished\":\"2023-04-24T10:03:40+00:00\",\"dateModified\":\"2023-04-24T10:03:40+00:00\",\"mainEntityOfPage\":{\"@id\":\"https:\/\/now-news.de\/de\/deutschland\/berlin-schwarz-rot-so-gut-wie-sicher-giffey-wird-wirtschaftssenatorin\/\"},\"wordCount\":487,\"commentCount\":0,\"publisher\":{\"@id\":\"https:\/\/now-news.de\/de\/#organization\"},\"image\":{\"@id\":\"https:\/\/now-news.de\/de\/deutschland\/berlin-schwarz-rot-so-gut-wie-sicher-giffey-wird-wirtschaftssenatorin\/#primaryimage\"},\"thumbnailUrl\":\"https:\/\/now-news.de\/de\/wp-content\/uploads\/sites\/3\/2023\/04\/Berlin-Schwarz-Rot-so-gut-wie-sicher-Giffey-wird-Wirtschaftssenatorin.jpg\",\"keywords\":[\"Berlin\",\"Giffey\",\"gut\",\"SchwarzRot\",\"sicher\",\"Wie\",\"wird\",\"Wirtschaftssenatorin\"],\"articleSection\":[\"Deutschland\",\"Russland\"],\"inLanguage\":\"de\",\"potentialAction\":[{\"@type\":\"CommentAction\",\"name\":\"Comment\",\"target\":[\"https:\/\/now-news.de\/de\/deutschland\/berlin-schwarz-rot-so-gut-wie-sicher-giffey-wird-wirtschaftssenatorin\/#respond\"]}]},{\"@type\":\"WebPage\",\"@id\":\"https:\/\/now-news.de\/de\/deutschland\/berlin-schwarz-rot-so-gut-wie-sicher-giffey-wird-wirtschaftssenatorin\/\",\"url\":\"https:\/\/now-news.de\/de\/deutschland\/berlin-schwarz-rot-so-gut-wie-sicher-giffey-wird-wirtschaftssenatorin\/\",\"name\":\"Berlin: Schwarz-Rot so gut wie sicher, Giffey wird Wirtschaftssenatorin - just-now.NEWS Deutschland\",\"isPartOf\":{\"@id\":\"https:\/\/now-news.de\/de\/#website\"},\"primaryImageOfPage\":{\"@id\":\"https:\/\/now-news.de\/de\/deutschland\/berlin-schwarz-rot-so-gut-wie-sicher-giffey-wird-wirtschaftssenatorin\/#primaryimage\"},\"image\":{\"@id\":\"https:\/\/now-news.de\/de\/deutschland\/berlin-schwarz-rot-so-gut-wie-sicher-giffey-wird-wirtschaftssenatorin\/#primaryimage\"},\"thumbnailUrl\":\"https:\/\/now-news.de\/de\/wp-content\/uploads\/sites\/3\/2023\/04\/Berlin-Schwarz-Rot-so-gut-wie-sicher-Giffey-wird-Wirtschaftssenatorin.jpg\",\"datePublished\":\"2023-04-24T10:03:40+00:00\",\"dateModified\":\"2023-04-24T10:03:40+00:00\",\"breadcrumb\":{\"@id\":\"https:\/\/now-news.de\/de\/deutschland\/berlin-schwarz-rot-so-gut-wie-sicher-giffey-wird-wirtschaftssenatorin\/#breadcrumb\"},\"inLanguage\":\"de\",\"potentialAction\":[{\"@type\":\"ReadAction\",\"target\":[\"https:\/\/now-news.de\/de\/deutschland\/berlin-schwarz-rot-so-gut-wie-sicher-giffey-wird-wirtschaftssenatorin\/\"]}]},{\"@type\":\"ImageObject\",\"inLanguage\":\"de\",\"@id\":\"https:\/\/now-news.de\/de\/deutschland\/berlin-schwarz-rot-so-gut-wie-sicher-giffey-wird-wirtschaftssenatorin\/#primaryimage\",\"url\":\"https:\/\/now-news.de\/de\/wp-content\/uploads\/sites\/3\/2023\/04\/Berlin-Schwarz-Rot-so-gut-wie-sicher-Giffey-wird-Wirtschaftssenatorin.jpg\",\"contentUrl\":\"https:\/\/now-news.de\/de\/wp-content\/uploads\/sites\/3\/2023\/04\/Berlin-Schwarz-Rot-so-gut-wie-sicher-Giffey-wird-Wirtschaftssenatorin.jpg\",\"width\":460,\"height\":259,\"caption\":\"Berlin: Schwarz-Rot so gut wie sicher, Giffey wird Wirtschaftssenatorin\"},{\"@type\":\"BreadcrumbList\",\"@id\":\"https:\/\/now-news.de\/de\/deutschland\/berlin-schwarz-rot-so-gut-wie-sicher-giffey-wird-wirtschaftssenatorin\/#breadcrumb\",\"itemListElement\":[{\"@type\":\"ListItem\",\"position\":1,\"name\":\"Home\",\"item\":\"https:\/\/now-news.de\/de\/\"},{\"@type\":\"ListItem\",\"position\":2,\"name\":\"Berlin: Schwarz-Rot so gut wie sicher, Giffey wird Wirtschaftssenatorin\"}]},{\"@type\":\"WebSite\",\"@id\":\"https:\/\/now-news.de\/de\/#website\",\"url\":\"https:\/\/now-news.de\/de\/\",\"name\":\"just-now.NEWS Deutschland\",\"description\":\"Das Portal f\u00fcr unzensierte Nachrichten aus der Welt\",\"publisher\":{\"@id\":\"https:\/\/now-news.de\/de\/#organization\"},\"potentialAction\":[{\"@type\":\"SearchAction\",\"target\":{\"@type\":\"EntryPoint\",\"urlTemplate\":\"https:\/\/now-news.de\/de\/?s={search_term_string}\"},\"query-input\":\"required name=search_term_string\"}],\"inLanguage\":\"de\"},{\"@type\":\"Organization\",\"@id\":\"https:\/\/now-news.de\/de\/#organization\",\"name\":\"Just Now News\",\"url\":\"https:\/\/now-news.de\/de\/\",\"logo\":{\"@type\":\"ImageObject\",\"inLanguage\":\"de\",\"@id\":\"https:\/\/now-news.de\/de\/#\/schema\/logo\/image\/\",\"url\":\"http:\/\/just-now.news\/de\/wp-content\/uploads\/sites\/3\/2022\/04\/logo500x500.jpg\",\"contentUrl\":\"http:\/\/just-now.news\/de\/wp-content\/uploads\/sites\/3\/2022\/04\/logo500x500.jpg\",\"width\":500,\"height\":500,\"caption\":\"Just Now News\"},\"image\":{\"@id\":\"https:\/\/now-news.de\/de\/#\/schema\/logo\/image\/\"},\"sameAs\":[\"https:\/\/www.facebook.com\/wirmachenauf\",\"https:\/\/x.com\/WirMachenAuf_de\"]},{\"@type\":\"Person\",\"@id\":\"https:\/\/now-news.de\/de\/#\/schema\/person\/fb534a4e865501d8b3285208df34a9b5\",\"name\":\"rtnews\",\"image\":{\"@type\":\"ImageObject\",\"inLanguage\":\"de\",\"@id\":\"https:\/\/now-news.de\/de\/#\/schema\/person\/image\/\",\"url\":\"https:\/\/secure.gravatar.com\/avatar\/82aafea7d8127119dd649515f56e2117?s=96&d=mm&r=g\",\"contentUrl\":\"https:\/\/secure.gravatar.com\/avatar\/82aafea7d8127119dd649515f56e2117?s=96&d=mm&r=g\",\"caption\":\"rtnews\"},\"url\":\"https:\/\/now-news.de\/de\/author\/rnews\/\"}]}<\/script>\n<!-- \/ Yoast SEO Premium plugin. -->","yoast_head_json":{"title":"Berlin: Schwarz-Rot so gut wie sicher, Giffey wird Wirtschaftssenatorin - just-now.NEWS Deutschland","robots":{"index":"index","follow":"follow","max-snippet":"max-snippet:-1","max-image-preview":"max-image-preview:large","max-video-preview":"max-video-preview:-1"},"canonical":"https:\/\/now-news.de\/de\/deutschland\/berlin-schwarz-rot-so-gut-wie-sicher-giffey-wird-wirtschaftssenatorin\/","og_locale":"de_DE","og_type":"article","og_title":"Berlin: Schwarz-Rot so gut wie sicher, Giffey wird Wirtschaftssenatorin","og_description":"Die Berliner SPD hat am Sonntag mit einer knappen Mehrheit f\u00fcr eine Koalition mit der CDU gestimmt. Die CDU entscheidet heute. Ein Ja zum Koalitionsvertrag gilt als sicher. Die Besetzung der SPD-Senatsposten wurde bereits bekannt gegeben. Die Berliner SPD-Mitglieder haben am Sonntag \u00fcber den j\u00fcngst ausgehandelten Koalitionsvertrag mit der CDU abgestimmt. Das Ergebnis zeigt wenig [&hellip;]","og_url":"https:\/\/now-news.de\/de\/deutschland\/berlin-schwarz-rot-so-gut-wie-sicher-giffey-wird-wirtschaftssenatorin\/","og_site_name":"just-now.NEWS Deutschland","article_publisher":"https:\/\/www.facebook.com\/wirmachenauf","article_published_time":"2023-04-24T10:03:40+00:00","og_image":[{"width":460,"height":259,"url":"https:\/\/now-news.de\/de\/wp-content\/uploads\/sites\/3\/2023\/04\/Berlin-Schwarz-Rot-so-gut-wie-sicher-Giffey-wird-Wirtschaftssenatorin.jpg","type":"image\/jpeg"}],"author":"rtnews","twitter_card":"summary_large_image","twitter_creator":"@WirMachenAuf_de","twitter_site":"@WirMachenAuf_de","twitter_misc":{"Verfasst von":"rtnews","Gesch\u00e4tzte Lesezeit":"2\u00a0Minuten"},"schema":{"@context":"https:\/\/schema.org","@graph":[{"@type":"Article","@id":"https:\/\/now-news.de\/de\/deutschland\/berlin-schwarz-rot-so-gut-wie-sicher-giffey-wird-wirtschaftssenatorin\/#article","isPartOf":{"@id":"https:\/\/now-news.de\/de\/deutschland\/berlin-schwarz-rot-so-gut-wie-sicher-giffey-wird-wirtschaftssenatorin\/"},"author":{"name":"rtnews","@id":"https:\/\/now-news.de\/de\/#\/schema\/person\/fb534a4e865501d8b3285208df34a9b5"},"headline":"Berlin: Schwarz-Rot so gut wie sicher, Giffey wird Wirtschaftssenatorin","datePublished":"2023-04-24T10:03:40+00:00","dateModified":"2023-04-24T10:03:40+00:00","mainEntityOfPage":{"@id":"https:\/\/now-news.de\/de\/deutschland\/berlin-schwarz-rot-so-gut-wie-sicher-giffey-wird-wirtschaftssenatorin\/"},"wordCount":487,"commentCount":0,"publisher":{"@id":"https:\/\/now-news.de\/de\/#organization"},"image":{"@id":"https:\/\/now-news.de\/de\/deutschland\/berlin-schwarz-rot-so-gut-wie-sicher-giffey-wird-wirtschaftssenatorin\/#primaryimage"},"thumbnailUrl":"https:\/\/now-news.de\/de\/wp-content\/uploads\/sites\/3\/2023\/04\/Berlin-Schwarz-Rot-so-gut-wie-sicher-Giffey-wird-Wirtschaftssenatorin.jpg","keywords":["Berlin","Giffey","gut","SchwarzRot","sicher","Wie","wird","Wirtschaftssenatorin"],"articleSection":["Deutschland","Russland"],"inLanguage":"de","potentialAction":[{"@type":"CommentAction","name":"Comment","target":["https:\/\/now-news.de\/de\/deutschland\/berlin-schwarz-rot-so-gut-wie-sicher-giffey-wird-wirtschaftssenatorin\/#respond"]}]},{"@type":"WebPage","@id":"https:\/\/now-news.de\/de\/deutschland\/berlin-schwarz-rot-so-gut-wie-sicher-giffey-wird-wirtschaftssenatorin\/","url":"https:\/\/now-news.de\/de\/deutschland\/berlin-schwarz-rot-so-gut-wie-sicher-giffey-wird-wirtschaftssenatorin\/","name":"Berlin: Schwarz-Rot so gut wie sicher, Giffey wird Wirtschaftssenatorin - just-now.NEWS Deutschland","isPartOf":{"@id":"https:\/\/now-news.de\/de\/#website"},"primaryImageOfPage":{"@id":"https:\/\/now-news.de\/de\/deutschland\/berlin-schwarz-rot-so-gut-wie-sicher-giffey-wird-wirtschaftssenatorin\/#primaryimage"},"image":{"@id":"https:\/\/now-news.de\/de\/deutschland\/berlin-schwarz-rot-so-gut-wie-sicher-giffey-wird-wirtschaftssenatorin\/#primaryimage"},"thumbnailUrl":"https:\/\/now-news.de\/de\/wp-content\/uploads\/sites\/3\/2023\/04\/Berlin-Schwarz-Rot-so-gut-wie-sicher-Giffey-wird-Wirtschaftssenatorin.jpg","datePublished":"2023-04-24T10:03:40+00:00","dateModified":"2023-04-24T10:03:40+00:00","breadcrumb":{"@id":"https:\/\/now-news.de\/de\/deutschland\/berlin-schwarz-rot-so-gut-wie-sicher-giffey-wird-wirtschaftssenatorin\/#breadcrumb"},"inLanguage":"de","potentialAction":[{"@type":"ReadAction","target":["https:\/\/now-news.de\/de\/deutschland\/berlin-schwarz-rot-so-gut-wie-sicher-giffey-wird-wirtschaftssenatorin\/"]}]},{"@type":"ImageObject","inLanguage":"de","@id":"https:\/\/now-news.de\/de\/deutschland\/berlin-schwarz-rot-so-gut-wie-sicher-giffey-wird-wirtschaftssenatorin\/#primaryimage","url":"https:\/\/now-news.de\/de\/wp-content\/uploads\/sites\/3\/2023\/04\/Berlin-Schwarz-Rot-so-gut-wie-sicher-Giffey-wird-Wirtschaftssenatorin.jpg","contentUrl":"https:\/\/now-news.de\/de\/wp-content\/uploads\/sites\/3\/2023\/04\/Berlin-Schwarz-Rot-so-gut-wie-sicher-Giffey-wird-Wirtschaftssenatorin.jpg","width":460,"height":259,"caption":"Berlin: Schwarz-Rot so gut wie sicher, Giffey wird Wirtschaftssenatorin"},{"@type":"BreadcrumbList","@id":"https:\/\/now-news.de\/de\/deutschland\/berlin-schwarz-rot-so-gut-wie-sicher-giffey-wird-wirtschaftssenatorin\/#breadcrumb","itemListElement":[{"@type":"ListItem","position":1,"name":"Home","item":"https:\/\/now-news.de\/de\/"},{"@type":"ListItem","position":2,"name":"Berlin: Schwarz-Rot so gut wie sicher, Giffey wird Wirtschaftssenatorin"}]},{"@type":"WebSite","@id":"https:\/\/now-news.de\/de\/#website","url":"https:\/\/now-news.de\/de\/","name":"just-now.NEWS Deutschland","description":"Das Portal f\u00fcr unzensierte Nachrichten aus der Welt","publisher":{"@id":"https:\/\/now-news.de\/de\/#organization"},"potentialAction":[{"@type":"SearchAction","target":{"@type":"EntryPoint","urlTemplate":"https:\/\/now-news.de\/de\/?s={search_term_string}"},"query-input":"required name=search_term_string"}],"inLanguage":"de"},{"@type":"Organization","@id":"https:\/\/now-news.de\/de\/#organization","name":"Just Now News","url":"https:\/\/now-news.de\/de\/","logo":{"@type":"ImageObject","inLanguage":"de","@id":"https:\/\/now-news.de\/de\/#\/schema\/logo\/image\/","url":"http:\/\/just-now.news\/de\/wp-content\/uploads\/sites\/3\/2022\/04\/logo500x500.jpg","contentUrl":"http:\/\/just-now.news\/de\/wp-content\/uploads\/sites\/3\/2022\/04\/logo500x500.jpg","width":500,"height":500,"caption":"Just Now News"},"image":{"@id":"https:\/\/now-news.de\/de\/#\/schema\/logo\/image\/"},"sameAs":["https:\/\/www.facebook.com\/wirmachenauf","https:\/\/x.com\/WirMachenAuf_de"]},{"@type":"Person","@id":"https:\/\/now-news.de\/de\/#\/schema\/person\/fb534a4e865501d8b3285208df34a9b5","name":"rtnews","image":{"@type":"ImageObject","inLanguage":"de","@id":"https:\/\/now-news.de\/de\/#\/schema\/person\/image\/","url":"https:\/\/secure.gravatar.com\/avatar\/82aafea7d8127119dd649515f56e2117?s=96&d=mm&r=g","contentUrl":"https:\/\/secure.gravatar.com\/avatar\/82aafea7d8127119dd649515f56e2117?s=96&d=mm&r=g","caption":"rtnews"},"url":"https:\/\/now-news.de\/de\/author\/rnews\/"}]}},"_links":{"self":[{"href":"https:\/\/now-news.de\/de\/wp-json\/wp\/v2\/posts\/34635"}],"collection":[{"href":"https:\/\/now-news.de\/de\/wp-json\/wp\/v2\/posts"}],"about":[{"href":"https:\/\/now-news.de\/de\/wp-json\/wp\/v2\/types\/post"}],"author":[{"embeddable":true,"href":"https:\/\/now-news.de\/de\/wp-json\/wp\/v2\/users\/3"}],"replies":[{"embeddable":true,"href":"https:\/\/now-news.de\/de\/wp-json\/wp\/v2\/comments?post=34635"}],"version-history":[{"count":0,"href":"https:\/\/now-news.de\/de\/wp-json\/wp\/v2\/posts\/34635\/revisions"}],"wp:featuredmedia":[{"embeddable":true,"href":"https:\/\/now-news.de\/de\/wp-json\/wp\/v2\/media\/34636"}],"wp:attachment":[{"href":"https:\/\/now-news.de\/de\/wp-json\/wp\/v2\/media?parent=34635"}],"wp:term":[{"taxonomy":"category","embeddable":true,"href":"https:\/\/now-news.de\/de\/wp-json\/wp\/v2\/categories?post=34635"},{"taxonomy":"post_tag","embeddable":true,"href":"https:\/\/now-news.de\/de\/wp-json\/wp\/v2\/tags?post=34635"}],"curies":[{"name":"wp","href":"https:\/\/api.w.org\/{rel}","templated":true}]}}