{"id":34613,"date":"2023-04-23T20:14:07","date_gmt":"2023-04-23T18:14:07","guid":{"rendered":"https:\/\/just-now.news\/de\/deutschland\/unserioes-unjournalistisch-unwahr-hier-ist-das-erste-deutsche-fernsehen-mit-der-tagesschau\/"},"modified":"2023-04-23T20:14:07","modified_gmt":"2023-04-23T18:14:07","slug":"unserioes-unjournalistisch-unwahr-hier-ist-das-erste-deutsche-fernsehen-mit-der-tagesschau","status":"publish","type":"post","link":"https:\/\/now-news.de\/de\/deutschland\/unserioes-unjournalistisch-unwahr-hier-ist-das-erste-deutsche-fernsehen-mit-der-tagesschau\/","title":{"rendered":"Unseri\u00f6s, unjournalistisch, unwahr: Hier ist das Erste Deutsche Fernsehen mit der Tagesschau"},"content":{"rendered":"<p><img decoding=\"async\" src=\"http:\/\/just-now.news\/de\/wp-content\/uploads\/sites\/3\/2023\/04\/644569deb480cc720f0b58b6.png\" \/><\/p>\n<div class=\"Text-root Text-type_1 \">\n                Die Tagesschau fabuliert lang und breit von einem angeblichen Kreml-Plan f\u00fcr die Schaffung einer &#8220;deutschen Querfront&#8221; zur Beeinflussung der deutschen Politik. Beweise? Fehlanzeige. Was das noch mit Journalismus zu tun hat? Gar nichts. Daf\u00fcr sehr viel mit Propaganda.\n            <\/div>\n<p><\/p>\n<div class=\"Text-root Text-type_5 ArticleView-text ViewText-root \">\n<p><em>von Uli Gellermann<\/em><\/p>\n<p>Die <em>Tagesschau<\/em> hat <a rel=\"nofollow noopener\" target=\"_blank\" href=\"https:\/\/www.tagesschau.de\/ausland\/amerika\/washington-post-russland-deutschland-querfront-101.html\">ausgiebig von einer &#8220;deutschen Querfront&#8221;<\/a> berichtet, die vom Kreml installiert worden sein soll, um Einfluss auf die deutsche Politik zu nehmen. Ihre Quelle ist die <em>Washington Post<\/em>. Der Text de<em>s Tagesschau<\/em>-Beitrags wird hier wiedergegeben und analysiert. Die Original-<em>Tagesschau<\/em>-Aussagen sind\u00a0kursiv\u00a0gesetzt. Die Analyse ist nicht markiert.<\/p>\n<p><em>&#8220;Der &#8216;Washington Post&#8217; liegen vertrauliche Dokumente vor \u2026&#8221;<\/em><\/p>\n<p>Die <em>Washington Post<\/em> galt lange Jahre als relativ seri\u00f6se Zeitung. Inzwischen geh\u00f6rt sie dem Amazon-Dealer und Multimilliard\u00e4r Jeff Bezos. Warum und f\u00fcr wen sind die Dokumente vertraulich? Journalismus kann und muss, gerade wenn er Behauptungen verbreitet, seine Quellen offenlegen. Tut er das nicht, sollte man von gezielter Ger\u00fcchtemacherei ausgehen.<\/p>\n<p><em>&#8220;\u2026 nach denen die russische Regierung gezielt Einfluss auf die Politik in Deutschland nehmen wollte \u2013 durch Unterst\u00fctzung einer Anti-Kriegs-Allianz von Rechten und Linken \u2026&#8221;<\/em><\/p>\n<p>Die behauptete &#8220;Allianz von Rechten und Linken&#8221; wird durch nichts bewiesen. Wer im Kriegsfall Behauptungen \u00fcber Dritte von Dritten ohne jeden Beleg \u00fcbernimmt, der handelt als Agent f\u00fcr jene M\u00e4chte, die sich gern f\u00fcr Kriege einsetzen. Die USA sind absoluter Kriegs-Weltmeister.<\/p>\n<p><em>&#8220;\u2026 dass Moskau gezielt versucht haben soll, Einfluss auf die Politik in Deutschland zu nehmen, indem Russland das Bilden einer Allianz aus Wagenknecht, der extremeren Linken und der AfD unterst\u00fctzt: Das lie\u00df sich bislang nicht nachweisen.\u00a0M\u00f6glicherweise hat sich das ge\u00e4ndert.&#8221;<\/em><\/p>\n<p>&#8220;Versucht haben soll&#8221;, &#8220;lie\u00df sich bislang nicht nachweisen&#8221;, &#8220;m\u00f6glicherweise \u2026 ge\u00e4ndert&#8221;. Wo kein Wort belegt ist, wird kein Wort wahr sein.<\/p>\n<p><em>&#8220;Die entsprechenden Unterlagen stammen von einem europ\u00e4ischen Geheimdienst und wurden zwischen Juli und November letzten Jahres in Russland angelegt.&#8221;<\/em><\/p>\n<p>Welcher &#8220;europ\u00e4ische Geheimdienst&#8221;? Wann? Wo? In wessen Auftrag? Wer hat die &#8220;Unterlagen&#8221; angelegt? Wo sind sie jetzt? Warum werden sie weder von der <em>Washington Post<\/em> noch von der <em>Tagesschau<\/em> ver\u00f6ffentlicht?<\/p>\n<p><em>&#8220;Versuche, in Deutschland eine Anti-Kriegs-Stimmung zu sch\u00fcren, sind Teil einer verdeckten Front im Krieg gegen die Ukraine.<\/em>&#8220;<\/p>\n<p>Weder ist der Versuch bewiesen, noch kann oder will die <em>Tagesschau<\/em> Fakten nennen.<\/p>\n<p><em>&#8220;Das aktive Unterst\u00fctzen einer sogenannten Querfront in Deutschland sei erstmals im September von f\u00fchrenden Funktion\u00e4ren in Moskau vorgeschlagen worden.&#8221;<\/em><\/p>\n<p>&#8220;Sei&#8221; ist ein L\u00fcgenwort so wie &#8220;konnte, vielleicht, m\u00f6glicherweise&#8221; und hat in sauberem Journalismus nichts zu suchen.<\/p>\n<p><em>&#8220;Was die Dokumente nicht enthalten, sind Hinweise auf direkte Kontakte zwischen den russischen Strategen und m\u00f6glichen Partnern in Deutschland.&#8221;<\/em><\/p>\n<p>Das Wort &#8220;Dokumente&#8221; soll die Seriosit\u00e4t des Geheimdienst-Papiers vort\u00e4uschen. Wenn etwas &#8220;nicht enthalten ist&#8221;, dann darf es das f\u00fcr seri\u00f6se Journalisten auch nicht geben.<\/p>\n<p><em>&#8220;Es habe jedoch in fraglichem Zeitraum Kontakte gegeben zwischen russischen Funktion\u00e4ren, mehreren AfD-Mitgliedern und mindestens einer Person aus dem Umfeld von Sahra Wagenknecht.&#8221;<\/em><\/p>\n<p>Namen? Orte? Datumsangaben? Alles, was echten Journalismus ausmacht, fehlt. Stattdessen drei Unw\u00f6rter: &#8220;Es habe jedoch \u2026&#8221;<\/p>\n<p><em>&#8220;Von Geld ist in dem &#8216;Washington Post&#8217;-Artikel nicht die Rede, daf\u00fcr aber von einem Manifest, das Kreml-Strategen f\u00fcr die AfD aufgesetzt haben sollen.&#8221;<\/em><\/p>\n<p>Wenn von Geld nicht die Rede war, warum reden die <em>Tagesschau <\/em>und die<em> Washington Post<\/em> dann trotzdem davon? Um den Verdacht bezahlter Agenten-T\u00e4tigkeit in die Manipulationswelt zu setzen. Erneut die L\u00fcgenbegriffe &#8220;haben sollen&#8221;.<\/p>\n<p><em>&#8220;Das Blatt hat sich jedoch nach eigenen Angaben die Erkenntnisse aus den Dokumenten von Vertretern westlicher Regierungen best\u00e4tigen lassen.&#8221;<\/em><\/p>\n<p>Erneut keine Namen jener &#8220;Vertreter&#8221;, die die unbewiesenen &#8220;Erkenntnisse&#8221; best\u00e4tigt haben sollen. Der <a rel=\"nofollow noopener\" target=\"_blank\" href=\"https:\/\/www.tagesschau.de\/ausland\/amerika\/washington-post-russland-deutschland-querfront-101.html\">komplette Text<\/a> eines Sebastian Hesse vom <em>ARD<\/em>-Studio Washington ist ein rein spekulatives Schmierenst\u00fcck.\u00a0<\/p>\n<p>Die <em>Tagesschau<\/em> gilt als politischer Taktgeber f\u00fcr die deutschen Medien. Im vergangenen Jahr verbuchte sie im Schnitt t\u00e4glich 10,131 Millionen Zuschauer.<\/p>\n<p><em>Zuerst\u00a0<a rel=\"nofollow noopener\" target=\"_blank\" href=\"https:\/\/www.rationalgalerie.de\/home\/unserioes-unjournalistisch-unwahr\">ver\u00f6ffentlicht<\/a>\u00a0auf der Medienplattform RATIONALGALERIE am 23. April 2023.<\/em><\/p>\n<p><em>Uli Gellermann<strong>\u00a0<\/strong>ist Filmemacher und Journalist. Seine Erfahrungen mit den \u00f6ffentlich-rechtlichen Sendern begr\u00fcnden seine Medienkritik. Er ist Herausgeber der Internetseite\u00a0<a rel=\"nofollow noopener\" target=\"_blank\" href=\"https:\/\/www.rationalgalerie.de\/\">rationalgalerie.de<\/a>.<\/em><\/p>\n<p><strong>Mehr zum Thema &#8211;<\/strong>\u00a0<a rel=\"nofollow noopener\" target=\"_blank\" href=\"https:\/\/pressefreiheit.rtde.tech\/meinung\/165318-von-corona-bis-krieg\/\">Von Corona bis Krieg: Warum das Narrativ nicht bricht<\/a><\/p>\n<\/div>\n<p><br \/>\n<br \/><a href=\"https:\/\/de.rt.com\/meinung\/168376-unserioes-unjournalistisch-unwahr-hier-ist\/\">Source link <\/a><\/p>\n","protected":false},"excerpt":{"rendered":"<p>Die Tagesschau fabuliert lang und breit von einem angeblichen Kreml-Plan f\u00fcr die Schaffung einer &#8220;deutschen Querfront&#8221; zur Beeinflussung der deutschen Politik. Beweise? Fehlanzeige. Was das noch mit Journalismus zu tun hat? Gar nichts. Daf\u00fcr sehr viel mit Propaganda. von Uli Gellermann Die Tagesschau hat ausgiebig von einer &#8220;deutschen Querfront&#8221; berichtet, die vom Kreml installiert worden [&hellip;]<\/p>\n","protected":false},"author":3,"featured_media":34614,"comment_status":"open","ping_status":"open","sticky":false,"template":"","format":"standard","meta":{"_yoast_indexnow_last_ping":["1682273993"],"wp_automatic_camp":["217"],"1659954e3efdd333c6394f0f2fef50a7":["Unseri\u00f6s, unjournalistisch, unwahr: Hier ist das Erste Deutsche Fernsehen mit der Tagesschau"],"original_link":["https:\/\/de.rt.com\/meinung\/168376-unserioes-unjournalistisch-unwahr-hier-ist\/"],"_thumbnail_id":["34614"],"_wptgpro_p2tg_sent2tg":["a:1:{i:23737;s:19:\"2023-04-23 20:20:56\";}"],"jnews_social_counter_last_update":["1777390007"]},"categories":[19,23],"tags":[427,82,2374,274,1034,4904,414,419,1159,43429,43428,43430],"yoast_head":"<!-- This site is optimized with the Yoast SEO Premium plugin v22.7 (Yoast SEO v22.7) - https:\/\/yoast.com\/wordpress\/plugins\/seo\/ -->\n<title>Unseri\u00f6s, unjournalistisch, unwahr: Hier ist das Erste Deutsche Fernsehen mit der Tagesschau - just-now.NEWS Deutschland<\/title>\n<meta name=\"robots\" content=\"index, follow, max-snippet:-1, max-image-preview:large, max-video-preview:-1\" \/>\n<link rel=\"canonical\" href=\"https:\/\/now-news.de\/de\/deutschland\/unserioes-unjournalistisch-unwahr-hier-ist-das-erste-deutsche-fernsehen-mit-der-tagesschau\/\" \/>\n<meta property=\"og:locale\" content=\"de_DE\" \/>\n<meta property=\"og:type\" content=\"article\" \/>\n<meta property=\"og:title\" content=\"Unseri\u00f6s, unjournalistisch, unwahr: Hier ist das Erste Deutsche Fernsehen mit der Tagesschau\" \/>\n<meta property=\"og:description\" content=\"Die Tagesschau fabuliert lang und breit von einem angeblichen Kreml-Plan f\u00fcr die Schaffung einer &#8220;deutschen Querfront&#8221; zur Beeinflussung der deutschen Politik. Beweise? Fehlanzeige. Was das noch mit Journalismus zu tun hat? Gar nichts. Daf\u00fcr sehr viel mit Propaganda. von Uli Gellermann Die Tagesschau hat ausgiebig von einer &#8220;deutschen Querfront&#8221; berichtet, die vom Kreml installiert worden [&hellip;]\" \/>\n<meta property=\"og:url\" content=\"https:\/\/now-news.de\/de\/deutschland\/unserioes-unjournalistisch-unwahr-hier-ist-das-erste-deutsche-fernsehen-mit-der-tagesschau\/\" \/>\n<meta property=\"og:site_name\" content=\"just-now.NEWS Deutschland\" \/>\n<meta property=\"article:publisher\" content=\"https:\/\/www.facebook.com\/wirmachenauf\" \/>\n<meta property=\"article:published_time\" content=\"2023-04-23T18:14:07+00:00\" \/>\n<meta property=\"og:image\" content=\"https:\/\/now-news.de\/de\/wp-content\/uploads\/sites\/3\/2023\/04\/Unserioes-unjournalistisch-unwahr-Hier-ist-das-Erste-Deutsche-Fernsehen-mit.png\" \/>\n\t<meta property=\"og:image:width\" content=\"460\" \/>\n\t<meta property=\"og:image:height\" content=\"259\" \/>\n\t<meta property=\"og:image:type\" content=\"image\/png\" \/>\n<meta name=\"author\" content=\"rtnews\" \/>\n<meta name=\"twitter:card\" content=\"summary_large_image\" \/>\n<meta name=\"twitter:creator\" content=\"@WirMachenAuf_de\" \/>\n<meta name=\"twitter:site\" content=\"@WirMachenAuf_de\" \/>\n<meta name=\"twitter:label1\" content=\"Verfasst von\" \/>\n\t<meta name=\"twitter:data1\" content=\"rtnews\" \/>\n\t<meta name=\"twitter:label2\" content=\"Gesch\u00e4tzte Lesezeit\" \/>\n\t<meta name=\"twitter:data2\" content=\"3\u00a0Minuten\" \/>\n<script type=\"application\/ld+json\" class=\"yoast-schema-graph\">{\"@context\":\"https:\/\/schema.org\",\"@graph\":[{\"@type\":\"Article\",\"@id\":\"https:\/\/now-news.de\/de\/deutschland\/unserioes-unjournalistisch-unwahr-hier-ist-das-erste-deutsche-fernsehen-mit-der-tagesschau\/#article\",\"isPartOf\":{\"@id\":\"https:\/\/now-news.de\/de\/deutschland\/unserioes-unjournalistisch-unwahr-hier-ist-das-erste-deutsche-fernsehen-mit-der-tagesschau\/\"},\"author\":{\"name\":\"rtnews\",\"@id\":\"https:\/\/now-news.de\/de\/#\/schema\/person\/fb534a4e865501d8b3285208df34a9b5\"},\"headline\":\"Unseri\u00f6s, unjournalistisch, unwahr: Hier ist das Erste Deutsche Fernsehen mit der Tagesschau\",\"datePublished\":\"2023-04-23T18:14:07+00:00\",\"dateModified\":\"2023-04-23T18:14:07+00:00\",\"mainEntityOfPage\":{\"@id\":\"https:\/\/now-news.de\/de\/deutschland\/unserioes-unjournalistisch-unwahr-hier-ist-das-erste-deutsche-fernsehen-mit-der-tagesschau\/\"},\"wordCount\":689,\"commentCount\":0,\"publisher\":{\"@id\":\"https:\/\/now-news.de\/de\/#organization\"},\"image\":{\"@id\":\"https:\/\/now-news.de\/de\/deutschland\/unserioes-unjournalistisch-unwahr-hier-ist-das-erste-deutsche-fernsehen-mit-der-tagesschau\/#primaryimage\"},\"thumbnailUrl\":\"https:\/\/now-news.de\/de\/wp-content\/uploads\/sites\/3\/2023\/04\/Unserioes-unjournalistisch-unwahr-Hier-ist-das-Erste-Deutsche-Fernsehen-mit.png\",\"keywords\":[\"das\",\"der\",\"Deutsche\",\"Erste\",\"Fernsehen\",\"Hier\",\"ist\",\"mit\",\"Tagesschau\",\"unjournalistisch\",\"Unseri\u00f6s\",\"unwahr\"],\"articleSection\":[\"Deutschland\",\"Russland\"],\"inLanguage\":\"de\",\"potentialAction\":[{\"@type\":\"CommentAction\",\"name\":\"Comment\",\"target\":[\"https:\/\/now-news.de\/de\/deutschland\/unserioes-unjournalistisch-unwahr-hier-ist-das-erste-deutsche-fernsehen-mit-der-tagesschau\/#respond\"]}]},{\"@type\":\"WebPage\",\"@id\":\"https:\/\/now-news.de\/de\/deutschland\/unserioes-unjournalistisch-unwahr-hier-ist-das-erste-deutsche-fernsehen-mit-der-tagesschau\/\",\"url\":\"https:\/\/now-news.de\/de\/deutschland\/unserioes-unjournalistisch-unwahr-hier-ist-das-erste-deutsche-fernsehen-mit-der-tagesschau\/\",\"name\":\"Unseri\u00f6s, unjournalistisch, unwahr: Hier ist das Erste Deutsche Fernsehen mit der Tagesschau - just-now.NEWS Deutschland\",\"isPartOf\":{\"@id\":\"https:\/\/now-news.de\/de\/#website\"},\"primaryImageOfPage\":{\"@id\":\"https:\/\/now-news.de\/de\/deutschland\/unserioes-unjournalistisch-unwahr-hier-ist-das-erste-deutsche-fernsehen-mit-der-tagesschau\/#primaryimage\"},\"image\":{\"@id\":\"https:\/\/now-news.de\/de\/deutschland\/unserioes-unjournalistisch-unwahr-hier-ist-das-erste-deutsche-fernsehen-mit-der-tagesschau\/#primaryimage\"},\"thumbnailUrl\":\"https:\/\/now-news.de\/de\/wp-content\/uploads\/sites\/3\/2023\/04\/Unserioes-unjournalistisch-unwahr-Hier-ist-das-Erste-Deutsche-Fernsehen-mit.png\",\"datePublished\":\"2023-04-23T18:14:07+00:00\",\"dateModified\":\"2023-04-23T18:14:07+00:00\",\"breadcrumb\":{\"@id\":\"https:\/\/now-news.de\/de\/deutschland\/unserioes-unjournalistisch-unwahr-hier-ist-das-erste-deutsche-fernsehen-mit-der-tagesschau\/#breadcrumb\"},\"inLanguage\":\"de\",\"potentialAction\":[{\"@type\":\"ReadAction\",\"target\":[\"https:\/\/now-news.de\/de\/deutschland\/unserioes-unjournalistisch-unwahr-hier-ist-das-erste-deutsche-fernsehen-mit-der-tagesschau\/\"]}]},{\"@type\":\"ImageObject\",\"inLanguage\":\"de\",\"@id\":\"https:\/\/now-news.de\/de\/deutschland\/unserioes-unjournalistisch-unwahr-hier-ist-das-erste-deutsche-fernsehen-mit-der-tagesschau\/#primaryimage\",\"url\":\"https:\/\/now-news.de\/de\/wp-content\/uploads\/sites\/3\/2023\/04\/Unserioes-unjournalistisch-unwahr-Hier-ist-das-Erste-Deutsche-Fernsehen-mit.png\",\"contentUrl\":\"https:\/\/now-news.de\/de\/wp-content\/uploads\/sites\/3\/2023\/04\/Unserioes-unjournalistisch-unwahr-Hier-ist-das-Erste-Deutsche-Fernsehen-mit.png\",\"width\":460,\"height\":259,\"caption\":\"Unseri\u00f6s, unjournalistisch, unwahr: Hier ist das Erste Deutsche Fernsehen mit der Tagesschau\"},{\"@type\":\"BreadcrumbList\",\"@id\":\"https:\/\/now-news.de\/de\/deutschland\/unserioes-unjournalistisch-unwahr-hier-ist-das-erste-deutsche-fernsehen-mit-der-tagesschau\/#breadcrumb\",\"itemListElement\":[{\"@type\":\"ListItem\",\"position\":1,\"name\":\"Home\",\"item\":\"https:\/\/now-news.de\/de\/\"},{\"@type\":\"ListItem\",\"position\":2,\"name\":\"Unseri\u00f6s, unjournalistisch, unwahr: Hier ist das Erste Deutsche Fernsehen mit der Tagesschau\"}]},{\"@type\":\"WebSite\",\"@id\":\"https:\/\/now-news.de\/de\/#website\",\"url\":\"https:\/\/now-news.de\/de\/\",\"name\":\"just-now.NEWS Deutschland\",\"description\":\"Das Portal f\u00fcr unzensierte Nachrichten aus der Welt\",\"publisher\":{\"@id\":\"https:\/\/now-news.de\/de\/#organization\"},\"potentialAction\":[{\"@type\":\"SearchAction\",\"target\":{\"@type\":\"EntryPoint\",\"urlTemplate\":\"https:\/\/now-news.de\/de\/?s={search_term_string}\"},\"query-input\":\"required name=search_term_string\"}],\"inLanguage\":\"de\"},{\"@type\":\"Organization\",\"@id\":\"https:\/\/now-news.de\/de\/#organization\",\"name\":\"Just Now News\",\"url\":\"https:\/\/now-news.de\/de\/\",\"logo\":{\"@type\":\"ImageObject\",\"inLanguage\":\"de\",\"@id\":\"https:\/\/now-news.de\/de\/#\/schema\/logo\/image\/\",\"url\":\"http:\/\/just-now.news\/de\/wp-content\/uploads\/sites\/3\/2022\/04\/logo500x500.jpg\",\"contentUrl\":\"http:\/\/just-now.news\/de\/wp-content\/uploads\/sites\/3\/2022\/04\/logo500x500.jpg\",\"width\":500,\"height\":500,\"caption\":\"Just Now News\"},\"image\":{\"@id\":\"https:\/\/now-news.de\/de\/#\/schema\/logo\/image\/\"},\"sameAs\":[\"https:\/\/www.facebook.com\/wirmachenauf\",\"https:\/\/x.com\/WirMachenAuf_de\"]},{\"@type\":\"Person\",\"@id\":\"https:\/\/now-news.de\/de\/#\/schema\/person\/fb534a4e865501d8b3285208df34a9b5\",\"name\":\"rtnews\",\"image\":{\"@type\":\"ImageObject\",\"inLanguage\":\"de\",\"@id\":\"https:\/\/now-news.de\/de\/#\/schema\/person\/image\/\",\"url\":\"https:\/\/secure.gravatar.com\/avatar\/82aafea7d8127119dd649515f56e2117?s=96&d=mm&r=g\",\"contentUrl\":\"https:\/\/secure.gravatar.com\/avatar\/82aafea7d8127119dd649515f56e2117?s=96&d=mm&r=g\",\"caption\":\"rtnews\"},\"url\":\"https:\/\/now-news.de\/de\/author\/rnews\/\"}]}<\/script>\n<!-- \/ Yoast SEO Premium plugin. -->","yoast_head_json":{"title":"Unseri\u00f6s, unjournalistisch, unwahr: Hier ist das Erste Deutsche Fernsehen mit der Tagesschau - just-now.NEWS Deutschland","robots":{"index":"index","follow":"follow","max-snippet":"max-snippet:-1","max-image-preview":"max-image-preview:large","max-video-preview":"max-video-preview:-1"},"canonical":"https:\/\/now-news.de\/de\/deutschland\/unserioes-unjournalistisch-unwahr-hier-ist-das-erste-deutsche-fernsehen-mit-der-tagesschau\/","og_locale":"de_DE","og_type":"article","og_title":"Unseri\u00f6s, unjournalistisch, unwahr: Hier ist das Erste Deutsche Fernsehen mit der Tagesschau","og_description":"Die Tagesschau fabuliert lang und breit von einem angeblichen Kreml-Plan f\u00fcr die Schaffung einer &#8220;deutschen Querfront&#8221; zur Beeinflussung der deutschen Politik. Beweise? Fehlanzeige. Was das noch mit Journalismus zu tun hat? Gar nichts. Daf\u00fcr sehr viel mit Propaganda. von Uli Gellermann Die Tagesschau hat ausgiebig von einer &#8220;deutschen Querfront&#8221; berichtet, die vom Kreml installiert worden [&hellip;]","og_url":"https:\/\/now-news.de\/de\/deutschland\/unserioes-unjournalistisch-unwahr-hier-ist-das-erste-deutsche-fernsehen-mit-der-tagesschau\/","og_site_name":"just-now.NEWS Deutschland","article_publisher":"https:\/\/www.facebook.com\/wirmachenauf","article_published_time":"2023-04-23T18:14:07+00:00","og_image":[{"width":460,"height":259,"url":"https:\/\/now-news.de\/de\/wp-content\/uploads\/sites\/3\/2023\/04\/Unserioes-unjournalistisch-unwahr-Hier-ist-das-Erste-Deutsche-Fernsehen-mit.png","type":"image\/png"}],"author":"rtnews","twitter_card":"summary_large_image","twitter_creator":"@WirMachenAuf_de","twitter_site":"@WirMachenAuf_de","twitter_misc":{"Verfasst von":"rtnews","Gesch\u00e4tzte Lesezeit":"3\u00a0Minuten"},"schema":{"@context":"https:\/\/schema.org","@graph":[{"@type":"Article","@id":"https:\/\/now-news.de\/de\/deutschland\/unserioes-unjournalistisch-unwahr-hier-ist-das-erste-deutsche-fernsehen-mit-der-tagesschau\/#article","isPartOf":{"@id":"https:\/\/now-news.de\/de\/deutschland\/unserioes-unjournalistisch-unwahr-hier-ist-das-erste-deutsche-fernsehen-mit-der-tagesschau\/"},"author":{"name":"rtnews","@id":"https:\/\/now-news.de\/de\/#\/schema\/person\/fb534a4e865501d8b3285208df34a9b5"},"headline":"Unseri\u00f6s, unjournalistisch, unwahr: Hier ist das Erste Deutsche Fernsehen mit der Tagesschau","datePublished":"2023-04-23T18:14:07+00:00","dateModified":"2023-04-23T18:14:07+00:00","mainEntityOfPage":{"@id":"https:\/\/now-news.de\/de\/deutschland\/unserioes-unjournalistisch-unwahr-hier-ist-das-erste-deutsche-fernsehen-mit-der-tagesschau\/"},"wordCount":689,"commentCount":0,"publisher":{"@id":"https:\/\/now-news.de\/de\/#organization"},"image":{"@id":"https:\/\/now-news.de\/de\/deutschland\/unserioes-unjournalistisch-unwahr-hier-ist-das-erste-deutsche-fernsehen-mit-der-tagesschau\/#primaryimage"},"thumbnailUrl":"https:\/\/now-news.de\/de\/wp-content\/uploads\/sites\/3\/2023\/04\/Unserioes-unjournalistisch-unwahr-Hier-ist-das-Erste-Deutsche-Fernsehen-mit.png","keywords":["das","der","Deutsche","Erste","Fernsehen","Hier","ist","mit","Tagesschau","unjournalistisch","Unseri\u00f6s","unwahr"],"articleSection":["Deutschland","Russland"],"inLanguage":"de","potentialAction":[{"@type":"CommentAction","name":"Comment","target":["https:\/\/now-news.de\/de\/deutschland\/unserioes-unjournalistisch-unwahr-hier-ist-das-erste-deutsche-fernsehen-mit-der-tagesschau\/#respond"]}]},{"@type":"WebPage","@id":"https:\/\/now-news.de\/de\/deutschland\/unserioes-unjournalistisch-unwahr-hier-ist-das-erste-deutsche-fernsehen-mit-der-tagesschau\/","url":"https:\/\/now-news.de\/de\/deutschland\/unserioes-unjournalistisch-unwahr-hier-ist-das-erste-deutsche-fernsehen-mit-der-tagesschau\/","name":"Unseri\u00f6s, unjournalistisch, unwahr: Hier ist das Erste Deutsche Fernsehen mit der Tagesschau - just-now.NEWS Deutschland","isPartOf":{"@id":"https:\/\/now-news.de\/de\/#website"},"primaryImageOfPage":{"@id":"https:\/\/now-news.de\/de\/deutschland\/unserioes-unjournalistisch-unwahr-hier-ist-das-erste-deutsche-fernsehen-mit-der-tagesschau\/#primaryimage"},"image":{"@id":"https:\/\/now-news.de\/de\/deutschland\/unserioes-unjournalistisch-unwahr-hier-ist-das-erste-deutsche-fernsehen-mit-der-tagesschau\/#primaryimage"},"thumbnailUrl":"https:\/\/now-news.de\/de\/wp-content\/uploads\/sites\/3\/2023\/04\/Unserioes-unjournalistisch-unwahr-Hier-ist-das-Erste-Deutsche-Fernsehen-mit.png","datePublished":"2023-04-23T18:14:07+00:00","dateModified":"2023-04-23T18:14:07+00:00","breadcrumb":{"@id":"https:\/\/now-news.de\/de\/deutschland\/unserioes-unjournalistisch-unwahr-hier-ist-das-erste-deutsche-fernsehen-mit-der-tagesschau\/#breadcrumb"},"inLanguage":"de","potentialAction":[{"@type":"ReadAction","target":["https:\/\/now-news.de\/de\/deutschland\/unserioes-unjournalistisch-unwahr-hier-ist-das-erste-deutsche-fernsehen-mit-der-tagesschau\/"]}]},{"@type":"ImageObject","inLanguage":"de","@id":"https:\/\/now-news.de\/de\/deutschland\/unserioes-unjournalistisch-unwahr-hier-ist-das-erste-deutsche-fernsehen-mit-der-tagesschau\/#primaryimage","url":"https:\/\/now-news.de\/de\/wp-content\/uploads\/sites\/3\/2023\/04\/Unserioes-unjournalistisch-unwahr-Hier-ist-das-Erste-Deutsche-Fernsehen-mit.png","contentUrl":"https:\/\/now-news.de\/de\/wp-content\/uploads\/sites\/3\/2023\/04\/Unserioes-unjournalistisch-unwahr-Hier-ist-das-Erste-Deutsche-Fernsehen-mit.png","width":460,"height":259,"caption":"Unseri\u00f6s, unjournalistisch, unwahr: Hier ist das Erste Deutsche Fernsehen mit der Tagesschau"},{"@type":"BreadcrumbList","@id":"https:\/\/now-news.de\/de\/deutschland\/unserioes-unjournalistisch-unwahr-hier-ist-das-erste-deutsche-fernsehen-mit-der-tagesschau\/#breadcrumb","itemListElement":[{"@type":"ListItem","position":1,"name":"Home","item":"https:\/\/now-news.de\/de\/"},{"@type":"ListItem","position":2,"name":"Unseri\u00f6s, unjournalistisch, unwahr: Hier ist das Erste Deutsche Fernsehen mit der Tagesschau"}]},{"@type":"WebSite","@id":"https:\/\/now-news.de\/de\/#website","url":"https:\/\/now-news.de\/de\/","name":"just-now.NEWS Deutschland","description":"Das Portal f\u00fcr unzensierte Nachrichten aus der Welt","publisher":{"@id":"https:\/\/now-news.de\/de\/#organization"},"potentialAction":[{"@type":"SearchAction","target":{"@type":"EntryPoint","urlTemplate":"https:\/\/now-news.de\/de\/?s={search_term_string}"},"query-input":"required name=search_term_string"}],"inLanguage":"de"},{"@type":"Organization","@id":"https:\/\/now-news.de\/de\/#organization","name":"Just Now News","url":"https:\/\/now-news.de\/de\/","logo":{"@type":"ImageObject","inLanguage":"de","@id":"https:\/\/now-news.de\/de\/#\/schema\/logo\/image\/","url":"http:\/\/just-now.news\/de\/wp-content\/uploads\/sites\/3\/2022\/04\/logo500x500.jpg","contentUrl":"http:\/\/just-now.news\/de\/wp-content\/uploads\/sites\/3\/2022\/04\/logo500x500.jpg","width":500,"height":500,"caption":"Just Now News"},"image":{"@id":"https:\/\/now-news.de\/de\/#\/schema\/logo\/image\/"},"sameAs":["https:\/\/www.facebook.com\/wirmachenauf","https:\/\/x.com\/WirMachenAuf_de"]},{"@type":"Person","@id":"https:\/\/now-news.de\/de\/#\/schema\/person\/fb534a4e865501d8b3285208df34a9b5","name":"rtnews","image":{"@type":"ImageObject","inLanguage":"de","@id":"https:\/\/now-news.de\/de\/#\/schema\/person\/image\/","url":"https:\/\/secure.gravatar.com\/avatar\/82aafea7d8127119dd649515f56e2117?s=96&d=mm&r=g","contentUrl":"https:\/\/secure.gravatar.com\/avatar\/82aafea7d8127119dd649515f56e2117?s=96&d=mm&r=g","caption":"rtnews"},"url":"https:\/\/now-news.de\/de\/author\/rnews\/"}]}},"_links":{"self":[{"href":"https:\/\/now-news.de\/de\/wp-json\/wp\/v2\/posts\/34613"}],"collection":[{"href":"https:\/\/now-news.de\/de\/wp-json\/wp\/v2\/posts"}],"about":[{"href":"https:\/\/now-news.de\/de\/wp-json\/wp\/v2\/types\/post"}],"author":[{"embeddable":true,"href":"https:\/\/now-news.de\/de\/wp-json\/wp\/v2\/users\/3"}],"replies":[{"embeddable":true,"href":"https:\/\/now-news.de\/de\/wp-json\/wp\/v2\/comments?post=34613"}],"version-history":[{"count":0,"href":"https:\/\/now-news.de\/de\/wp-json\/wp\/v2\/posts\/34613\/revisions"}],"wp:featuredmedia":[{"embeddable":true,"href":"https:\/\/now-news.de\/de\/wp-json\/wp\/v2\/media\/34614"}],"wp:attachment":[{"href":"https:\/\/now-news.de\/de\/wp-json\/wp\/v2\/media?parent=34613"}],"wp:term":[{"taxonomy":"category","embeddable":true,"href":"https:\/\/now-news.de\/de\/wp-json\/wp\/v2\/categories?post=34613"},{"taxonomy":"post_tag","embeddable":true,"href":"https:\/\/now-news.de\/de\/wp-json\/wp\/v2\/tags?post=34613"}],"curies":[{"name":"wp","href":"https:\/\/api.w.org\/{rel}","templated":true}]}}