{"id":34595,"date":"2023-04-23T11:13:27","date_gmt":"2023-04-23T09:13:27","guid":{"rendered":"https:\/\/just-now.news\/de\/deutschland\/trennung-von-staat-und-medien-nicht-in-den-usa\/"},"modified":"2023-04-23T11:13:27","modified_gmt":"2023-04-23T09:13:27","slug":"trennung-von-staat-und-medien-nicht-in-den-usa","status":"publish","type":"post","link":"https:\/\/now-news.de\/de\/deutschland\/trennung-von-staat-und-medien-nicht-in-den-usa\/","title":{"rendered":"Trennung von Staat und Medien? Nicht in den USA!"},"content":{"rendered":"<p><img decoding=\"async\" src=\"http:\/\/just-now.news\/de\/wp-content\/uploads\/sites\/3\/2023\/04\/643e8dc648fbef404b6a813c.jpg\" \/><\/p>\n<div class=\"Text-root Text-type_1 \">\n                Der Sprecher des US-Au\u00dfenministeriums, Ned Price, wird durch einen Mann namens Matthew Miller ersetzt. Wie Price war auch Miller zuvor umfassend in die US-Regierung und die Massenmedien involviert.\n            <\/div>\n<p><\/p>\n<div class=\"Text-root Text-type_5 ArticleView-text ViewText-root \">\n<p><strong><\/strong><em>Von Caitlin Johnstone<\/em><\/p>\n<p>Ned Price war ein ehemaliger CIA-Offizier und Mitarbeiter des Nationalen Sicherheitsrates der Obama-Regierung, der jahrelang als Analyst f\u00fcr <em>NBC News<\/em> gearbeitet hat. Matthew Miller hingegen war zuvor sowohl in der Regierung von Obama als auch in jener von Biden und mehrere Jahre als Analyst f\u00fcr <em>MSNBC<\/em> t\u00e4tig.<\/p>\n<p>Wie f\u00fcr jeden hochrangigen Regierungssprecher wird es die Aufgabe von Miller sein, die sch\u00e4ndlichen Dinge, die das US-Imperium tut, in ein positives Licht zu r\u00fccken und unbequemen Fragen wie ein Wiesel auszuweichen. Im Wesentlichen ist es derselbe Job wie der, den die Propagandisten in den Mainstream-Medien aus\u00fcben.<\/p>\n<p>In der Journalistenschule wird einem beigebracht, dass es eine scharfe Grenze zwischen Regierung und Presse geben soll. Journalisten sollen die Regierung zur Rechenschaft ziehen, und es gibt einen offensichtlichen Interessenkonflikt, wenn sie auch mit Regierungsbeamten befreundet sind oder die Regierung als potenziellen zuk\u00fcnftigen Arbeitgeber betrachten. Aber auf den h\u00f6chsten Ebenen der m\u00e4chtigsten Regierung und der einflussreichsten Medienplattformen der Welt ist die Grenze zwischen Medien und Staat faktisch nicht mehr existent. Die Protagonisten wechseln nahtlos zwischen ihren Rollen in den Medien und ihren Rollen in der Regierung, je nachdem, wer gerade im Amt ist.<\/p>\n<p>Am deutlichsten sieht man diese Unsch\u00e4rfe zwischen Regierung und Medien bei den Pressesprechern des Wei\u00dfen Hauses. Die derzeitige Pressesprecherin Karine Jean-Pierre ist eine ehemalige Analystin f\u00fcr <em>NBC News<\/em> und <em>MSNBC<\/em>, und die Pressesprecherin davor, Jen Psaki, hat jetzt eine eigene Sendung auf<em> MSNBC<\/em>. Vor ihrer T\u00e4tigkeit als Pressesprecherin des Wei\u00dfen Hauses arbeitete Psaki als Analystin bei <em>CNN<\/em> und davor war sie, genau wie Price und Miller, Sprecherin des Au\u00dfenministeriums.<\/p>\n<p>Bei einer k\u00fcrzlich stattgefundenen Veranstaltung f\u00fcr das Nachrichten-Start-up-Unternehmen Semafor wurde Psaki\u00a0<a rel=\"nofollow noopener\" target=\"_blank\" href=\"https:\/\/thehill.com\/homenews\/media\/3943957-psaki-says-she-considers-herself-a-journalist\/\">gefragt<\/a>, ob sie sich selbst als Journalistin betrachte.\u00a0Dies bejahte sie und f\u00fcgte hinzu: &#8220;F\u00fcr mich bedeutet Journalismus, der \u00d6ffentlichkeit Informationen zur Verf\u00fcgung zu stellen, die Dinge klarer zu machen und Dinge zu erkl\u00e4ren.&#8221; Was ein wenig lustig klingt, wenn man bedenkt, dass die politische Fraktion von Psaki die vergangenen sieben Jahre damit verbracht hat, darauf zu bestehen, dass Wikileaks-Gr\u00fcnder Julian Assange kein Journalist ist. Im Land der liberalen Gehirnw\u00fcrmer ist der gr\u00f6\u00dfte Journalist der Welt \u00fcberhaupt kein Journalist, aber Joe Bidens Sch\u00f6nrednerin ist es, weil sie ein H\u00e4ndchen daf\u00fcr hat, &#8220;Dinge zu erkl\u00e4ren&#8221;.<\/p>\n<p>Damit man nicht den falschen Eindruck bekommt, dass dieses Ph\u00e4nomen nur bei den Demokraten und ihren verb\u00fcndeten Medien vorkommt, sollte hier angemerkt werden, dass die Pressesprecherin von Trump, Sarah Huckabee Sanders, unmittelbar nach ihrem R\u00fccktritt von dieser Position einen Job als Mitarbeiterin f\u00fcr <em>Fox News<\/em> bekam \u2013\u00a0und jetzt ist sie Gouverneurin des US-Bundesstaat Arkansas. Eine weitere Pressesprecherin der Administration von Trump, Kayleigh McEnany, ist jetzt eine Mitarbeiterin f\u00fcr <em>Fox News<\/em> und arbeitete zuvor f\u00fcr CNN. Berichten zufolge versuchte Trumps erster Pressesprecher, Sean Spicer, nach seiner Zeit im Wei\u00dfen Haus, Jobs bei <em>CBS News<\/em>, <em>CNN<\/em>, <em>Fox News<\/em>, <em>ABC News<\/em> und <em>NBC News<\/em> zu landen, wurde aber von allen abgelehnt, weil ihn einfach niemand mag.<\/p>\n<p>Ohne klare Grenzen zwischen den Medien und dem Staat unterscheiden sich die US-Medien nicht wesentlich von den staatlichen Medien, bei denen der Westen so viel Energie darauf verwendet, um sie als &#8220;Werkzeuge tyrannischer Regime&#8221; zu brandmarken, wie im Fall von Russland und China. Der einzige Unterschied besteht darin, dass in tyrannischen Regimen die Regierungen die Medien kontrollieren, w\u00e4hrend in freien Demokratien die Medien die eigentliche Regierung sind.<\/p>\n<p>In einer passenden Randbemerkung hat der Journalist Michael Tracey auf Twitter\u00a0<a rel=\"nofollow noopener\" target=\"_blank\" href=\"https:\/\/twitter.com\/mtracey\/status\/1646614285995343876\">geschrieben<\/a>, dass alle Fragen, die w\u00e4hrend der Pressekonferenz des Pentagon zu den sogenannten &#8220;<a rel=\"nofollow noopener\" target=\"_blank\" href=\"https:\/\/pressefreiheit.rtde.live\/international\/167356-washington-post-panik-im-pentagon\/\">Pentagon-Leaks<\/a>&#8221; gestellt wurden, sich nicht auf die in diesen Dokumenten enthaltenen Informationen bezogen, sondern auf das Vers\u00e4umnis des Pentagon, die Dokumente zu sch\u00fctzen, sie davor zu bewahren, an die \u00d6ffentlichkeit zu gelangen. Anstatt zu versuchen, mehr Informationen und Transparenz von der US-Regierungen zu erhalten, wie es Journalisten tun sollten, dr\u00e4ngen sie die Regierung tats\u00e4chlich dazu, mehr zu tun, um zu verhindern, dass wichtige Informationen in die H\u00e4nde von Journalisten gelangen.<\/p>\n<p>Ein weiterer Unterschied zwischen totalit\u00e4ren Regimen und freien Demokratien: In totalit\u00e4ren Regimen weist die Regierung die Medien an, unbequeme Tatsachen zu vertuschen, w\u00e4hrend in freien Demokratien die Medien die Regierung anweisen, unbequeme Tatsachen zu unterdr\u00fccken.<\/p>\n<p>Zuf\u00e4llig wurde der Mann, der angeblich die Pentagon-Leaks durchsickern lie\u00df, ein 21-j\u00e4hriges Mitglied der Nationalgarde namens Jack Teixeira von der <em>New York Times<\/em>, aufgesp\u00fcrt und identifiziert, noch bevor er vom FBI\u00a0<a rel=\"nofollow noopener\" target=\"_blank\" href=\"https:\/\/pressefreiheit.rtde.live\/nordamerika\/167676-medienberichte-pentagon-leak-fbi-verhaftet\/\">festgenommen<\/a>\u00a0werden konnte. Die <em>New York Times<\/em> stellte ein Team von einem Dutzend Reportern zusammen, um diese peinliche Sensation zu recherchieren, wobei sie sogar auf Beitr\u00e4ge der vom Imperium finanzierten Propagandafirma Bellingcat zur\u00fcckgriffen. Diese Aufgabe, die normalerweise ausschlie\u00dflich von Bundesagenten ausgef\u00fchrt wird, wurde diesmal von Reportern der Mainstream-Presse \u00fcbernommen. Wir sind somit nur ein oder zwei Klicks von Journalisten der <em>New York Times<\/em> entfernt, die T\u00fcren bei Leuten eintreten, geheime Informationen aufsp\u00fcren und dabei die Haustiere erschie\u00dfen \u2013 so wie es echte FBI-Agenten zu tun pflegen.<\/p>\n<p>All dies geschieht, w\u00e4hrend die staatliche US-Propagandaagentur<em> NPR<\/em> ihren anhaltenden Wutanfall\u00a0<a rel=\"nofollow noopener\" target=\"_blank\" href=\"https:\/\/caitlinjohnstone.substack.com\/p\/for-the-record-npr-absolutely-is\">auslebt<\/a>, dass Twitter ihren Account korrekterweise als &#8220;staatlich finanziert&#8221; gekennzeichnet hat, eine Aufwertung seiner ebenfalls korrekten fr\u00fcheren Bezeichnung als &#8220;US-Staatsnahe Medien&#8221;. <em>NPR<\/em> hat seinen Twitter-Account jetzt offiziell wegen Einw\u00e4nden gegen das Label gek\u00fcndigt, mit der Begr\u00fcndung, dass &#8220;die Plattform Ma\u00dfnahmen ergriffen hat, die unsere Glaubw\u00fcrdigkeit untergraben, indem f\u00e4lschlicherweise impliziert wird, dass wir redaktionell nicht unabh\u00e4ngig sind&#8221; \u2013 was urkomisch ist, weil es bei <em>NPR<\/em> keine Glaubw\u00fcrdigkeit gibt, die untergraben werden k\u00f6nnte.<\/p>\n<p><em>NPR<\/em> erh\u00e4lt von der US-Regierung Gelder, f\u00f6rdert konsequent die Informationsinteressen der US-Regierung und wird geleitet vom ehemaligen CEO des Auslandspropaganda-Netzwerks der US-Regierung, der US-Agentur f\u00fcr Globale Medien. Diese Organisation verdient nicht einmal das Label &#8220;staatlich finanziert&#8221; \u2013 man sollte ihr genau dasselbe Label wie den russischen und chinesischen Staatsmedien verpassen, weil sie sich nicht wesentlich von ihnen unterscheidet. Dasselbe\u00a0<a rel=\"nofollow noopener\" target=\"_blank\" href=\"https:\/\/pressefreiheit.rtde.live\/international\/167393-bbc-will-gegen-twitter-bezeichnung\/\">gilt<\/a>\u00a0f\u00fcr die britische <em>BBC<\/em>.<\/p>\n<p>Noch lustiger wurde das alles durch die Tatsache, dass Amerikas buchst\u00e4blich staatseigenes Medienunternehmen <em>Voice of America<\/em> (<em>VoA<\/em>) jetzt in eine sehr wenig hilfreichen Solidarit\u00e4t mit NPR eingetreten ist, indem es ebenfalls gegen das eigene Label &#8220;staatlich finanziert&#8221; Einw\u00e4nde erhoben hat. <em>Voice of America<\/em> schreibt \u00fcber die Notlage von <em>NPR<\/em> Folgendes:<\/p>\n<p>Die PR-Abteilung von <em>VOA<\/em> wehrte sich ebenfalls gegen die Entscheidung von Twitter und sagte, das Label erwecke den Eindruck, dass <em>VOA<\/em> kein unabh\u00e4ngiges Unternehmen sei. Twitter reagierte nicht auf die Bitte von <em>VOA,<\/em> dies zu kommentieren. <em>VOA<\/em> wird von der US-Regierung \u00fcber die US-Agentur f\u00fcr Globale Medien finanziert, aber seine redaktionelle Unabh\u00e4ngigkeit wird durch Vorschriften und Grunds\u00e4tzen gesch\u00fctzt. Bridget Serchak, Direktorin f\u00fcr \u00d6ffentlichkeitsarbeit bei <em>VOA<\/em>, sagte, dass &#8220;die Bezeichnung &#8216;staatlich finanziert&#8217; potenziell irref\u00fchrend ist und auch als &#8216;staatlich kontrolliert&#8217; ausgelegt werden k\u00f6nnte \u2013 was <em>VOA<\/em> ganz sicher nicht ist&#8221;.<\/p>\n<p>&#8220;Unsere im Gesetz verankerten redaktionellen Grunds\u00e4tze verbieten jegliche Einmischung von Regierungsbeamten auf allen Ebenen in die Berichterstattung und in die redaktionellen Entscheidungsprozesse&#8221;, schrieb Serchak in einer E-Mail. &#8220;VOA wird diese Unterscheidung in unseren Gespr\u00e4chen mit Twitter weiterhin betonen, da dieses neue Label in unserem Netzwerk ungerechtfertigte und ungerechtfertigte Bedenken hinsichtlich der Genauigkeit und Objektivit\u00e4t unserer Berichterstattung hervorruft.&#8221;<\/p>\n<p>Wie Branko Marcetic auf Twitter\u00a0<a rel=\"nofollow noopener\" target=\"_blank\" href=\"https:\/\/twitter.com\/BMarchetich\/status\/1645807366150168576\">betonte<\/a>, wurden diese Behauptungen \u00fcber die &#8220;redaktionelle Unabh\u00e4ngigkeit&#8221; von <em>VOA<\/em> von jemandem, der dort 35 Jahre lang gearbeitet hat, klar widerlegt. In einem\u00a0<a rel=\"nofollow noopener\" target=\"_blank\" href=\"https:\/\/www.cjr.org\/opinion\/broadcasting_board_of_governors_house_trump.php\">Artikel<\/a>\u00a0im <em>Columbia Journalism Review<\/em> aus dem Jahr 2017, mit dem Titel &#8220;Ersparen Sie sich die Emp\u00f6rung: Voice of America war nie unabh\u00e4ngig&#8221;, sagt der <em>VOA<\/em>-Veteran Dan Robinson, dass solche Nachrichtenunternehmen sich v\u00f6llig von normalen Nachrichtenunternehmen unterscheiden und es wird von ihnen erwartet, dass sie US-Informationsinteressen f\u00f6rdern, um weiterhin staatliche Mittel zu erhalten:<\/p>\n<p>&#8220;Ich habe ungef\u00e4hr 35 Jahre bei <em>Voice of America<\/em> verbracht und in Positionen gearbeitet, die vom Chefkorrespondenten des Wei\u00dfen Hauses bis zum Leiter des Auslandsb\u00fcros und Leiter einer wichtigen Sprachabteilung reichten, und ich kann Ihnen sagen, dass seit Langem zwei Dinge wahr sind. Erstens werden die von der US-Regierung finanzierten Medien ernsthaft schlecht verwaltet, eine Realit\u00e4t, die sie reif f\u00fcr \u00fcberparteiliche Reformbem\u00fchungen im Kongress machte, die Ende 2016 ihren H\u00f6hepunkt erreichten, als Pr\u00e4sident Obama das Nationale Verteidigungsbefugnis-Gesetz 2017 unterzeichnete. Zweitens besteht im Kongress und anderswo weitgehend Einigkeit dar\u00fcber, dass diese staatlichen Rundfunkanstalten als Gegenleistung f\u00fcr die weitere Finanzierung als Teil des nationalen Sicherheitsapparats mehr tun m\u00fcssen, um die Bem\u00fchungen zur Bek\u00e4mpfung von Desinformation durch Russland, ISIS- und al-Qaida zu unterst\u00fctzen.&#8221;<\/p>\n<p>\u00dcberall, wo man hinschaut, findet man weitreichende Verstrickungen zwischen der US-Regierung und den Nachrichtenmedien, in denen die Menschen im Westen nach Informationen \u00fcber die Welt suchen, und das noch bevor man sich \u00fcberhaupt mit der Art und Weise befasst hat, wie die plutokratische Klasse, die im Besitz der US-Medien ist und sie beeinflusst, auch nicht sinnvoll von der US-Regierung getrennt ist. Wenn Unternehmen Teil der Regierung sind, sind Unternehmensmedien Staatsmedien.<\/p>\n<p>Man kann eine sichere Wette darauf abschlie\u00dfen, dass die USA eine v\u00f6llig andere Nation w\u00e4ren, wenn die Trennung von Medien und Staat und die Trennung von Unternehmen und Staat im Grundgesetz verankert sein w\u00fcrde, so wie es die Trennung von Kirche und Staat ist. Der einzige Grund, warum die Amerikaner dem verr\u00fcckten Status quo ihrer Regierung zustimmen, durch den die eigenen B\u00fcrger verarmt und unterdr\u00fcckt werden, w\u00e4hrend man Menschen im Ausland bombardiert und hungern l\u00e4sst, ist, dass eine Zustimmung von einer Medienklasse hergestellt wurde, die nicht klar von der Regierung abgegrenzt ist. Man stelle sich die Presse an ihrem Platz als oppositionelle \u00dcberpr\u00fcfer des Regierungsverhaltens vor, und die Dynamik, die den Problemen dieser Nation zugrunde liegen, w\u00fcrden nicht l\u00e4nger vor der \u00d6ffentlichkeit verborgen bleiben.<\/p>\n<p><em>Aus dem\u00a0<a rel=\"nofollow noopener\" target=\"_blank\" href=\"https:\/\/caitlinjohnstone.substack.com\/p\/the-us-could-use-some-separation\">Englischen<\/a><\/em><\/p>\n<p><em>Caitlin Johnstone ist eine unabh\u00e4ngige Journalistin aus Melbourne, Australien. Ihre Website\u00a0<a rel=\"nofollow noopener\" target=\"_blank\" href=\"https:\/\/caitlinjohnstone.com\/\">findet sich hier<\/a>\u00a0und man kann ihr auf Twitter unter\u00a0<a rel=\"nofollow noopener\" target=\"_blank\" href=\"https:\/\/twitter.com\/caitoz\">@caitoz<\/a>\u00a0folgen.<\/em><\/p>\n<p><strong>Mehr zum Thema<\/strong> &#8211; <a rel=\"nofollow noopener\" target=\"_blank\" href=\"https:\/\/gegenzensur.rtde.life\/meinung\/167818-usa-spionierten-ihre-wichtigsten-verbuendeten\/\">Die USA spionierten ihre wichtigsten Verb\u00fcndeten aus \u2014 Werden sich diese endlich wehren?<\/a><\/p>\n<\/div>\n<p><script async src=\"https:\/\/platform.twitter.com\/widgets.js\" charset=\"utf-8\"><\/script><br \/>\n<br \/><br \/>\n<br \/><a href=\"https:\/\/de.rt.com\/meinung\/167943-usa-koennte-gewisse-trennung-von\/\">Source link <\/a><\/p>\n","protected":false},"excerpt":{"rendered":"<p>Der Sprecher des US-Au\u00dfenministeriums, Ned Price, wird durch einen Mann namens Matthew Miller ersetzt. Wie Price war auch Miller zuvor umfassend in die US-Regierung und die Massenmedien involviert. Von Caitlin Johnstone Ned Price war ein ehemaliger CIA-Offizier und Mitarbeiter des Nationalen Sicherheitsrates der Obama-Regierung, der jahrelang als Analyst f\u00fcr NBC News gearbeitet hat. Matthew Miller [&hellip;]<\/p>\n","protected":false},"author":3,"featured_media":34596,"comment_status":"open","ping_status":"open","sticky":false,"template":"","format":"standard","meta":{"_yoast_indexnow_last_ping":["1682242134"],"wp_automatic_camp":["217"],"ff053f1e75b92a4078e806f2e91c2333":["Trennung von Staat und Medien? Nicht in den USA!"],"original_link":["https:\/\/de.rt.com\/meinung\/167943-usa-koennte-gewisse-trennung-von\/"],"_thumbnail_id":["34596"],"_wptgpro_p2tg_sent2tg":["a:1:{i:23737;s:19:\"2023-04-23 11:30:11\";}"],"jnews_social_counter_last_update":["1777295681"]},"categories":[19,23],"tags":[48,580,800,177,19032,140,193,50],"yoast_head":"<!-- This site is optimized with the Yoast SEO Premium plugin v22.7 (Yoast SEO v22.7) - https:\/\/yoast.com\/wordpress\/plugins\/seo\/ -->\n<title>Trennung von Staat und Medien? Nicht in den USA! - just-now.NEWS Deutschland<\/title>\n<meta name=\"robots\" content=\"index, follow, max-snippet:-1, max-image-preview:large, max-video-preview:-1\" \/>\n<link rel=\"canonical\" href=\"https:\/\/now-news.de\/de\/deutschland\/trennung-von-staat-und-medien-nicht-in-den-usa\/\" \/>\n<meta property=\"og:locale\" content=\"de_DE\" \/>\n<meta property=\"og:type\" content=\"article\" \/>\n<meta property=\"og:title\" content=\"Trennung von Staat und Medien? Nicht in den USA!\" \/>\n<meta property=\"og:description\" content=\"Der Sprecher des US-Au\u00dfenministeriums, Ned Price, wird durch einen Mann namens Matthew Miller ersetzt. Wie Price war auch Miller zuvor umfassend in die US-Regierung und die Massenmedien involviert. Von Caitlin Johnstone Ned Price war ein ehemaliger CIA-Offizier und Mitarbeiter des Nationalen Sicherheitsrates der Obama-Regierung, der jahrelang als Analyst f\u00fcr NBC News gearbeitet hat. Matthew Miller [&hellip;]\" \/>\n<meta property=\"og:url\" content=\"https:\/\/now-news.de\/de\/deutschland\/trennung-von-staat-und-medien-nicht-in-den-usa\/\" \/>\n<meta property=\"og:site_name\" content=\"just-now.NEWS Deutschland\" \/>\n<meta property=\"article:publisher\" content=\"https:\/\/www.facebook.com\/wirmachenauf\" \/>\n<meta property=\"article:published_time\" content=\"2023-04-23T09:13:27+00:00\" \/>\n<meta property=\"og:image\" content=\"https:\/\/now-news.de\/de\/wp-content\/uploads\/sites\/3\/2023\/04\/Trennung-von-Staat-und-Medien-Nicht-in-den-USA.jpg\" \/>\n\t<meta property=\"og:image:width\" content=\"460\" \/>\n\t<meta property=\"og:image:height\" content=\"259\" \/>\n\t<meta property=\"og:image:type\" content=\"image\/jpeg\" \/>\n<meta name=\"author\" content=\"rtnews\" \/>\n<meta name=\"twitter:card\" content=\"summary_large_image\" \/>\n<meta name=\"twitter:creator\" content=\"@WirMachenAuf_de\" \/>\n<meta name=\"twitter:site\" content=\"@WirMachenAuf_de\" \/>\n<meta name=\"twitter:label1\" content=\"Verfasst von\" \/>\n\t<meta name=\"twitter:data1\" content=\"rtnews\" \/>\n\t<meta name=\"twitter:label2\" content=\"Gesch\u00e4tzte Lesezeit\" \/>\n\t<meta name=\"twitter:data2\" content=\"9\u00a0Minuten\" \/>\n<script type=\"application\/ld+json\" class=\"yoast-schema-graph\">{\"@context\":\"https:\/\/schema.org\",\"@graph\":[{\"@type\":\"Article\",\"@id\":\"https:\/\/now-news.de\/de\/deutschland\/trennung-von-staat-und-medien-nicht-in-den-usa\/#article\",\"isPartOf\":{\"@id\":\"https:\/\/now-news.de\/de\/deutschland\/trennung-von-staat-und-medien-nicht-in-den-usa\/\"},\"author\":{\"name\":\"rtnews\",\"@id\":\"https:\/\/now-news.de\/de\/#\/schema\/person\/fb534a4e865501d8b3285208df34a9b5\"},\"headline\":\"Trennung von Staat und Medien? Nicht in den USA!\",\"datePublished\":\"2023-04-23T09:13:27+00:00\",\"dateModified\":\"2023-04-23T09:13:27+00:00\",\"mainEntityOfPage\":{\"@id\":\"https:\/\/now-news.de\/de\/deutschland\/trennung-von-staat-und-medien-nicht-in-den-usa\/\"},\"wordCount\":1720,\"commentCount\":0,\"publisher\":{\"@id\":\"https:\/\/now-news.de\/de\/#organization\"},\"image\":{\"@id\":\"https:\/\/now-news.de\/de\/deutschland\/trennung-von-staat-und-medien-nicht-in-den-usa\/#primaryimage\"},\"thumbnailUrl\":\"https:\/\/now-news.de\/de\/wp-content\/uploads\/sites\/3\/2023\/04\/Trennung-von-Staat-und-Medien-Nicht-in-den-USA.jpg\",\"keywords\":[\"den\",\"Medien\",\"nicht\",\"Staat\",\"Trennung\",\"und\",\"USA\",\"von\"],\"articleSection\":[\"Deutschland\",\"Russland\"],\"inLanguage\":\"de\",\"potentialAction\":[{\"@type\":\"CommentAction\",\"name\":\"Comment\",\"target\":[\"https:\/\/now-news.de\/de\/deutschland\/trennung-von-staat-und-medien-nicht-in-den-usa\/#respond\"]}]},{\"@type\":\"WebPage\",\"@id\":\"https:\/\/now-news.de\/de\/deutschland\/trennung-von-staat-und-medien-nicht-in-den-usa\/\",\"url\":\"https:\/\/now-news.de\/de\/deutschland\/trennung-von-staat-und-medien-nicht-in-den-usa\/\",\"name\":\"Trennung von Staat und Medien? Nicht in den USA! - just-now.NEWS Deutschland\",\"isPartOf\":{\"@id\":\"https:\/\/now-news.de\/de\/#website\"},\"primaryImageOfPage\":{\"@id\":\"https:\/\/now-news.de\/de\/deutschland\/trennung-von-staat-und-medien-nicht-in-den-usa\/#primaryimage\"},\"image\":{\"@id\":\"https:\/\/now-news.de\/de\/deutschland\/trennung-von-staat-und-medien-nicht-in-den-usa\/#primaryimage\"},\"thumbnailUrl\":\"https:\/\/now-news.de\/de\/wp-content\/uploads\/sites\/3\/2023\/04\/Trennung-von-Staat-und-Medien-Nicht-in-den-USA.jpg\",\"datePublished\":\"2023-04-23T09:13:27+00:00\",\"dateModified\":\"2023-04-23T09:13:27+00:00\",\"breadcrumb\":{\"@id\":\"https:\/\/now-news.de\/de\/deutschland\/trennung-von-staat-und-medien-nicht-in-den-usa\/#breadcrumb\"},\"inLanguage\":\"de\",\"potentialAction\":[{\"@type\":\"ReadAction\",\"target\":[\"https:\/\/now-news.de\/de\/deutschland\/trennung-von-staat-und-medien-nicht-in-den-usa\/\"]}]},{\"@type\":\"ImageObject\",\"inLanguage\":\"de\",\"@id\":\"https:\/\/now-news.de\/de\/deutschland\/trennung-von-staat-und-medien-nicht-in-den-usa\/#primaryimage\",\"url\":\"https:\/\/now-news.de\/de\/wp-content\/uploads\/sites\/3\/2023\/04\/Trennung-von-Staat-und-Medien-Nicht-in-den-USA.jpg\",\"contentUrl\":\"https:\/\/now-news.de\/de\/wp-content\/uploads\/sites\/3\/2023\/04\/Trennung-von-Staat-und-Medien-Nicht-in-den-USA.jpg\",\"width\":460,\"height\":259,\"caption\":\"Trennung von Staat und Medien? Nicht in den USA!\"},{\"@type\":\"BreadcrumbList\",\"@id\":\"https:\/\/now-news.de\/de\/deutschland\/trennung-von-staat-und-medien-nicht-in-den-usa\/#breadcrumb\",\"itemListElement\":[{\"@type\":\"ListItem\",\"position\":1,\"name\":\"Home\",\"item\":\"https:\/\/now-news.de\/de\/\"},{\"@type\":\"ListItem\",\"position\":2,\"name\":\"Trennung von Staat und Medien? Nicht in den USA!\"}]},{\"@type\":\"WebSite\",\"@id\":\"https:\/\/now-news.de\/de\/#website\",\"url\":\"https:\/\/now-news.de\/de\/\",\"name\":\"just-now.NEWS Deutschland\",\"description\":\"Das Portal f\u00fcr unzensierte Nachrichten aus der Welt\",\"publisher\":{\"@id\":\"https:\/\/now-news.de\/de\/#organization\"},\"potentialAction\":[{\"@type\":\"SearchAction\",\"target\":{\"@type\":\"EntryPoint\",\"urlTemplate\":\"https:\/\/now-news.de\/de\/?s={search_term_string}\"},\"query-input\":\"required name=search_term_string\"}],\"inLanguage\":\"de\"},{\"@type\":\"Organization\",\"@id\":\"https:\/\/now-news.de\/de\/#organization\",\"name\":\"Just Now News\",\"url\":\"https:\/\/now-news.de\/de\/\",\"logo\":{\"@type\":\"ImageObject\",\"inLanguage\":\"de\",\"@id\":\"https:\/\/now-news.de\/de\/#\/schema\/logo\/image\/\",\"url\":\"http:\/\/just-now.news\/de\/wp-content\/uploads\/sites\/3\/2022\/04\/logo500x500.jpg\",\"contentUrl\":\"http:\/\/just-now.news\/de\/wp-content\/uploads\/sites\/3\/2022\/04\/logo500x500.jpg\",\"width\":500,\"height\":500,\"caption\":\"Just Now News\"},\"image\":{\"@id\":\"https:\/\/now-news.de\/de\/#\/schema\/logo\/image\/\"},\"sameAs\":[\"https:\/\/www.facebook.com\/wirmachenauf\",\"https:\/\/x.com\/WirMachenAuf_de\"]},{\"@type\":\"Person\",\"@id\":\"https:\/\/now-news.de\/de\/#\/schema\/person\/fb534a4e865501d8b3285208df34a9b5\",\"name\":\"rtnews\",\"image\":{\"@type\":\"ImageObject\",\"inLanguage\":\"de\",\"@id\":\"https:\/\/now-news.de\/de\/#\/schema\/person\/image\/\",\"url\":\"https:\/\/secure.gravatar.com\/avatar\/82aafea7d8127119dd649515f56e2117?s=96&d=mm&r=g\",\"contentUrl\":\"https:\/\/secure.gravatar.com\/avatar\/82aafea7d8127119dd649515f56e2117?s=96&d=mm&r=g\",\"caption\":\"rtnews\"},\"url\":\"https:\/\/now-news.de\/de\/author\/rnews\/\"}]}<\/script>\n<!-- \/ Yoast SEO Premium plugin. -->","yoast_head_json":{"title":"Trennung von Staat und Medien? Nicht in den USA! - just-now.NEWS Deutschland","robots":{"index":"index","follow":"follow","max-snippet":"max-snippet:-1","max-image-preview":"max-image-preview:large","max-video-preview":"max-video-preview:-1"},"canonical":"https:\/\/now-news.de\/de\/deutschland\/trennung-von-staat-und-medien-nicht-in-den-usa\/","og_locale":"de_DE","og_type":"article","og_title":"Trennung von Staat und Medien? Nicht in den USA!","og_description":"Der Sprecher des US-Au\u00dfenministeriums, Ned Price, wird durch einen Mann namens Matthew Miller ersetzt. Wie Price war auch Miller zuvor umfassend in die US-Regierung und die Massenmedien involviert. Von Caitlin Johnstone Ned Price war ein ehemaliger CIA-Offizier und Mitarbeiter des Nationalen Sicherheitsrates der Obama-Regierung, der jahrelang als Analyst f\u00fcr NBC News gearbeitet hat. Matthew Miller [&hellip;]","og_url":"https:\/\/now-news.de\/de\/deutschland\/trennung-von-staat-und-medien-nicht-in-den-usa\/","og_site_name":"just-now.NEWS Deutschland","article_publisher":"https:\/\/www.facebook.com\/wirmachenauf","article_published_time":"2023-04-23T09:13:27+00:00","og_image":[{"width":460,"height":259,"url":"https:\/\/now-news.de\/de\/wp-content\/uploads\/sites\/3\/2023\/04\/Trennung-von-Staat-und-Medien-Nicht-in-den-USA.jpg","type":"image\/jpeg"}],"author":"rtnews","twitter_card":"summary_large_image","twitter_creator":"@WirMachenAuf_de","twitter_site":"@WirMachenAuf_de","twitter_misc":{"Verfasst von":"rtnews","Gesch\u00e4tzte Lesezeit":"9\u00a0Minuten"},"schema":{"@context":"https:\/\/schema.org","@graph":[{"@type":"Article","@id":"https:\/\/now-news.de\/de\/deutschland\/trennung-von-staat-und-medien-nicht-in-den-usa\/#article","isPartOf":{"@id":"https:\/\/now-news.de\/de\/deutschland\/trennung-von-staat-und-medien-nicht-in-den-usa\/"},"author":{"name":"rtnews","@id":"https:\/\/now-news.de\/de\/#\/schema\/person\/fb534a4e865501d8b3285208df34a9b5"},"headline":"Trennung von Staat und Medien? Nicht in den USA!","datePublished":"2023-04-23T09:13:27+00:00","dateModified":"2023-04-23T09:13:27+00:00","mainEntityOfPage":{"@id":"https:\/\/now-news.de\/de\/deutschland\/trennung-von-staat-und-medien-nicht-in-den-usa\/"},"wordCount":1720,"commentCount":0,"publisher":{"@id":"https:\/\/now-news.de\/de\/#organization"},"image":{"@id":"https:\/\/now-news.de\/de\/deutschland\/trennung-von-staat-und-medien-nicht-in-den-usa\/#primaryimage"},"thumbnailUrl":"https:\/\/now-news.de\/de\/wp-content\/uploads\/sites\/3\/2023\/04\/Trennung-von-Staat-und-Medien-Nicht-in-den-USA.jpg","keywords":["den","Medien","nicht","Staat","Trennung","und","USA","von"],"articleSection":["Deutschland","Russland"],"inLanguage":"de","potentialAction":[{"@type":"CommentAction","name":"Comment","target":["https:\/\/now-news.de\/de\/deutschland\/trennung-von-staat-und-medien-nicht-in-den-usa\/#respond"]}]},{"@type":"WebPage","@id":"https:\/\/now-news.de\/de\/deutschland\/trennung-von-staat-und-medien-nicht-in-den-usa\/","url":"https:\/\/now-news.de\/de\/deutschland\/trennung-von-staat-und-medien-nicht-in-den-usa\/","name":"Trennung von Staat und Medien? Nicht in den USA! - just-now.NEWS Deutschland","isPartOf":{"@id":"https:\/\/now-news.de\/de\/#website"},"primaryImageOfPage":{"@id":"https:\/\/now-news.de\/de\/deutschland\/trennung-von-staat-und-medien-nicht-in-den-usa\/#primaryimage"},"image":{"@id":"https:\/\/now-news.de\/de\/deutschland\/trennung-von-staat-und-medien-nicht-in-den-usa\/#primaryimage"},"thumbnailUrl":"https:\/\/now-news.de\/de\/wp-content\/uploads\/sites\/3\/2023\/04\/Trennung-von-Staat-und-Medien-Nicht-in-den-USA.jpg","datePublished":"2023-04-23T09:13:27+00:00","dateModified":"2023-04-23T09:13:27+00:00","breadcrumb":{"@id":"https:\/\/now-news.de\/de\/deutschland\/trennung-von-staat-und-medien-nicht-in-den-usa\/#breadcrumb"},"inLanguage":"de","potentialAction":[{"@type":"ReadAction","target":["https:\/\/now-news.de\/de\/deutschland\/trennung-von-staat-und-medien-nicht-in-den-usa\/"]}]},{"@type":"ImageObject","inLanguage":"de","@id":"https:\/\/now-news.de\/de\/deutschland\/trennung-von-staat-und-medien-nicht-in-den-usa\/#primaryimage","url":"https:\/\/now-news.de\/de\/wp-content\/uploads\/sites\/3\/2023\/04\/Trennung-von-Staat-und-Medien-Nicht-in-den-USA.jpg","contentUrl":"https:\/\/now-news.de\/de\/wp-content\/uploads\/sites\/3\/2023\/04\/Trennung-von-Staat-und-Medien-Nicht-in-den-USA.jpg","width":460,"height":259,"caption":"Trennung von Staat und Medien? Nicht in den USA!"},{"@type":"BreadcrumbList","@id":"https:\/\/now-news.de\/de\/deutschland\/trennung-von-staat-und-medien-nicht-in-den-usa\/#breadcrumb","itemListElement":[{"@type":"ListItem","position":1,"name":"Home","item":"https:\/\/now-news.de\/de\/"},{"@type":"ListItem","position":2,"name":"Trennung von Staat und Medien? Nicht in den USA!"}]},{"@type":"WebSite","@id":"https:\/\/now-news.de\/de\/#website","url":"https:\/\/now-news.de\/de\/","name":"just-now.NEWS Deutschland","description":"Das Portal f\u00fcr unzensierte Nachrichten aus der Welt","publisher":{"@id":"https:\/\/now-news.de\/de\/#organization"},"potentialAction":[{"@type":"SearchAction","target":{"@type":"EntryPoint","urlTemplate":"https:\/\/now-news.de\/de\/?s={search_term_string}"},"query-input":"required name=search_term_string"}],"inLanguage":"de"},{"@type":"Organization","@id":"https:\/\/now-news.de\/de\/#organization","name":"Just Now News","url":"https:\/\/now-news.de\/de\/","logo":{"@type":"ImageObject","inLanguage":"de","@id":"https:\/\/now-news.de\/de\/#\/schema\/logo\/image\/","url":"http:\/\/just-now.news\/de\/wp-content\/uploads\/sites\/3\/2022\/04\/logo500x500.jpg","contentUrl":"http:\/\/just-now.news\/de\/wp-content\/uploads\/sites\/3\/2022\/04\/logo500x500.jpg","width":500,"height":500,"caption":"Just Now News"},"image":{"@id":"https:\/\/now-news.de\/de\/#\/schema\/logo\/image\/"},"sameAs":["https:\/\/www.facebook.com\/wirmachenauf","https:\/\/x.com\/WirMachenAuf_de"]},{"@type":"Person","@id":"https:\/\/now-news.de\/de\/#\/schema\/person\/fb534a4e865501d8b3285208df34a9b5","name":"rtnews","image":{"@type":"ImageObject","inLanguage":"de","@id":"https:\/\/now-news.de\/de\/#\/schema\/person\/image\/","url":"https:\/\/secure.gravatar.com\/avatar\/82aafea7d8127119dd649515f56e2117?s=96&d=mm&r=g","contentUrl":"https:\/\/secure.gravatar.com\/avatar\/82aafea7d8127119dd649515f56e2117?s=96&d=mm&r=g","caption":"rtnews"},"url":"https:\/\/now-news.de\/de\/author\/rnews\/"}]}},"_links":{"self":[{"href":"https:\/\/now-news.de\/de\/wp-json\/wp\/v2\/posts\/34595"}],"collection":[{"href":"https:\/\/now-news.de\/de\/wp-json\/wp\/v2\/posts"}],"about":[{"href":"https:\/\/now-news.de\/de\/wp-json\/wp\/v2\/types\/post"}],"author":[{"embeddable":true,"href":"https:\/\/now-news.de\/de\/wp-json\/wp\/v2\/users\/3"}],"replies":[{"embeddable":true,"href":"https:\/\/now-news.de\/de\/wp-json\/wp\/v2\/comments?post=34595"}],"version-history":[{"count":0,"href":"https:\/\/now-news.de\/de\/wp-json\/wp\/v2\/posts\/34595\/revisions"}],"wp:featuredmedia":[{"embeddable":true,"href":"https:\/\/now-news.de\/de\/wp-json\/wp\/v2\/media\/34596"}],"wp:attachment":[{"href":"https:\/\/now-news.de\/de\/wp-json\/wp\/v2\/media?parent=34595"}],"wp:term":[{"taxonomy":"category","embeddable":true,"href":"https:\/\/now-news.de\/de\/wp-json\/wp\/v2\/categories?post=34595"},{"taxonomy":"post_tag","embeddable":true,"href":"https:\/\/now-news.de\/de\/wp-json\/wp\/v2\/tags?post=34595"}],"curies":[{"name":"wp","href":"https:\/\/api.w.org\/{rel}","templated":true}]}}