{"id":3453,"date":"2022-04-25T19:17:35","date_gmt":"2022-04-25T20:17:35","guid":{"rendered":"http:\/\/just-now.news\/de\/deutschland\/ukrainischer-gouverneur-ruft-zu-hinrichtung-politisch-andersdenkender-auf\/"},"modified":"2022-04-25T19:17:35","modified_gmt":"2022-04-25T20:17:35","slug":"ukrainischer-gouverneur-ruft-zu-hinrichtung-politisch-andersdenkender-auf","status":"publish","type":"post","link":"https:\/\/now-news.de\/de\/deutschland\/ukrainischer-gouverneur-ruft-zu-hinrichtung-politisch-andersdenkender-auf\/","title":{"rendered":"Ukrainischer Gouverneur ruft zu Hinrichtung politisch Andersdenkender auf"},"content":{"rendered":"<div class=\"Text-root Text-type_5 ArticleView-text ViewText-root \">\n<p>In einer Live-\u00dcbertragung des Fernsehsenders <em>Ukraine 24<\/em> hat der Gouverneur der ukrainischen Region Nikolajew, Witali Kim,\u00a0dar\u00fcber gesprochen, all jene B\u00fcrger zu t\u00f6ten, die mit dem politischen Kurs Kiews nicht einverstanden sind. W\u00f6rtlich hie\u00df es:<\/p>\n<blockquote>\n<p><em>&#8220;<\/em><em>Alle Verr\u00e4ter werden hingerichtet. Mir f\u00e4llt kein besseres Wort ein, also wird es so sein!&#8221;<\/em><\/p>\n<\/blockquote>\n<p>Der Gouverneur wies auch darauf hin, dass in der Ukraine bereits ein spezieller Geheimdienst t\u00e4tig sei. Dieser suche\u00a0all jene &#8220;Dissidenten&#8221;, die die Kiewer Beh\u00f6rden nicht unterst\u00fctzen. Anstatt die Wasserversorgung in Nikolajew wiederherzustellen, die\u00a0bereits seit drei Wochen unterbrochen ist, und seine Heimatstadt vor einer humanit\u00e4ren Katastrophe zu bewahren, ruft Kim zu Gewalt gegen die eigenen B\u00fcrger auf.<\/p>\n<div class=\"ReadMore-root Section-root Section-is1to3-xs_is1to1\" data-widgets=\"ReadMore\" data-has-alias>\n<div class=\"Section-container Section-isRow-isTop-isWrap\">\n<article class=\"Card-root Card-is1to1 \">\n<div class=\"Card-imageWrap\">\n<div class=\"Card-picture\">\n<picture class=\"Picture-root Picture-default\"><!--[if IE 9]><video style=\"display: none;\"><![endif]--><source media=\"(-webkit-min-device-pixel-ratio: 2) and (min-resolution: 120dpi)\" data-srcset=\" \nhttps:\/\/cdni.russiatoday.com\/deutsch\/images\/2022.04\/thumbnail\/62667c3648fbef3eab7e412a.jpg 850w,\n                https:\/\/cdni.russiatoday.com\/deutsch\/images\/2022.04\/article\/62667c3548fbef3eab7e4129.jpg 1960w,\n            \" srcset=\"data:image\/png;base64,iVBORw0KGgoAAAANSUhEUgAAABAAAAAJCAQAAACRI2S5AAAAEElEQVR42mNkIAAYRxWAAQAG9gAKqv6+AwAAAABJRU5ErkJggg==\"><source data-srcset=\" \nhttps:\/\/cdni.russiatoday.com\/deutsch\/images\/2022.04\/thumbnail\/62667c3648fbef3eab7e412a.jpg 460w,\n              https:\/\/cdni.russiatoday.com\/deutsch\/images\/2022.04\/article\/62667c3548fbef3eab7e4129.jpg 980w,\n            \" srcset=\"data:image\/png;base64,iVBORw0KGgoAAAANSUhEUgAAABAAAAAJCAQAAACRI2S5AAAAEElEQVR42mNkIAAYRxWAAQAG9gAKqv6+AwAAAABJRU5ErkJggg==\"><!--[if IE 9]><\/video><![endif]--><\/source><\/source><\/picture><!-- noscript pattern --><noscript><img decoding=\"async\" src=\"https:\/\/cdni.russiatoday.com\/deutsch\/images\/2022.04\/article\/62667c3548fbef3eab7e4129.jpg\" alt=\"Mariupol: Moskau verk\u00fcndet Waffenruhe f\u00fcr humanit\u00e4ren Korridor\"><\/noscript>    <\/div><\/div>\n<div class=\"Card-contentWrap\">\n<div class=\"Card-content\">\n<div class=\"Card-title\">\n<div class=\"HeaderNews-root HeaderNews-type_6 \">\n<p>            <a target=\"_blank\" href=\"https:\/\/de.rt.com\/europa\/136959-mariupol-moskau-verkundet-waffenruhe-fur\/\" class=\"Link-root Link-isFullCard \" rel=\"noopener\"><br \/>\n                Mariupol: Moskau verk\u00fcndet Waffenruhe f\u00fcr humanit\u00e4ren Korridor<br \/>\n            <\/a><\/p><\/div><\/div><\/div><\/div>\n<\/article>\n<\/div><\/div>\n<p>In der Ukraine\u00a0sind\u00a0heute sogar das\u00a0Sankt-Georgs-Band\u00a0auf\u00a0Social-Media-Profilen und die Forderung, Artilleriegesch\u00fctze von Wohnh\u00e4usern zu entfernen, Merkmale f\u00fcr\u00a0Andersdenkende. Letzte Woche gingen die Beh\u00f6rden in Nikolajew bereits gegen sogenannte &#8220;Verr\u00e4ter&#8221; vor. Die Staatsanwaltschaft verhaftete eine \u00e4ltere Einwohnerin von Perwomaisk, die &#8220;gef\u00e4hrliche Materialien&#8221; verteilte. Dabei handelte es sich um VKontakte-Sticker (VKontakte ist ein in Russland popul\u00e4res soziales\u00a0Netzwerk) zum Tag des Sieges.<\/p>\n<p>Unterdessen gibt es viele Beweise des ukrainischen Terrors gegen die eigene Zivilbev\u00f6lkerung.\u00a0So hatte am 8. April das Hauptquartier der DVR-Territorialverteidigung berichtet, dass das ukrainische Milit\u00e4r die Stadt Kramatorsk im Gebiet Donezk mit einer Totschka-U-Rakete beschossen habe. Dabei seien Tr\u00fcmmerteile in der N\u00e4he des Bahnhofs niedergegangen. Mindestens 30 Menschen sollen ums Leben gekommen sein. Die Ukraine beschuldigte Russland, f\u00fcr den Angriff verantwortlich zu sein. Fotos der Raketenreste widerlegen dies jedoch, da Russland mit keiner einzigen Totschka-U-Rakete ausger\u00fcstet ist.<\/p>\n<p><strong>Mehr zum Thema<\/strong> &#8211; <a target=\"_blank\" href=\"https:\/\/kurz.rt.com\/2xfv\" rel=\"noopener\">Angriff auf den Bahnhof von Kramatorsk: Der Schl\u00fcssel zur Suche nach den T\u00e4tern<\/a><\/p>\n<\/p>\n<\/div>\n<p><br \/>\n<br \/><a href=\"https:\/\/de.rt.com\/international\/136981-ukrainischer-gouverneur-ruft-zu-hinrichtung\/\">Source link <\/a><\/p>\n","protected":false},"excerpt":{"rendered":"<p>In einer Live-\u00dcbertragung des Fernsehsenders Ukraine 24 hat der Gouverneur der ukrainischen Region Nikolajew, Witali Kim,\u00a0dar\u00fcber gesprochen, all jene B\u00fcrger zu t\u00f6ten, die mit dem politischen Kurs Kiews nicht einverstanden sind. W\u00f6rtlich hie\u00df es: &#8220;Alle Verr\u00e4ter werden hingerichtet. Mir f\u00e4llt kein besseres Wort ein, also wird es so sein!&#8221; Der Gouverneur wies auch darauf hin, [&hellip;]<\/p>\n","protected":false},"author":3,"featured_media":3454,"comment_status":"open","ping_status":"open","sticky":false,"template":"","format":"standard","meta":{"wp_automatic_camp":["217"],"e9de05d1eac4646524158a2e9a8c67be":["Ukrainischer Gouverneur ruft zu Hinrichtung politisch Andersdenkender auf"],"original_link":["https:\/\/de.rt.com\/international\/136981-ukrainischer-gouverneur-ruft-zu-hinrichtung\/"],"_thumbnail_id":["3454"],"wp_automatic_remove_first_image":["yes"],"jnews_social_counter_last_update":["1777376243"]},"categories":[19,23],"tags":[10037,133,4345,10035,10036,6183,488],"yoast_head":"<!-- This site is optimized with the Yoast SEO Premium plugin v22.7 (Yoast SEO v22.7) - https:\/\/yoast.com\/wordpress\/plugins\/seo\/ -->\n<title>Ukrainischer Gouverneur ruft zu Hinrichtung politisch Andersdenkender auf - just-now.NEWS Deutschland<\/title>\n<meta name=\"robots\" content=\"index, follow, max-snippet:-1, max-image-preview:large, max-video-preview:-1\" \/>\n<link rel=\"canonical\" href=\"https:\/\/now-news.de\/de\/deutschland\/ukrainischer-gouverneur-ruft-zu-hinrichtung-politisch-andersdenkender-auf\/\" \/>\n<meta property=\"og:locale\" content=\"de_DE\" \/>\n<meta property=\"og:type\" content=\"article\" \/>\n<meta property=\"og:title\" content=\"Ukrainischer Gouverneur ruft zu Hinrichtung politisch Andersdenkender auf\" \/>\n<meta property=\"og:description\" content=\"In einer Live-\u00dcbertragung des Fernsehsenders Ukraine 24 hat der Gouverneur der ukrainischen Region Nikolajew, Witali Kim,\u00a0dar\u00fcber gesprochen, all jene B\u00fcrger zu t\u00f6ten, die mit dem politischen Kurs Kiews nicht einverstanden sind. W\u00f6rtlich hie\u00df es: &#8220;Alle Verr\u00e4ter werden hingerichtet. Mir f\u00e4llt kein besseres Wort ein, also wird es so sein!&#8221; Der Gouverneur wies auch darauf hin, [&hellip;]\" \/>\n<meta property=\"og:url\" content=\"https:\/\/now-news.de\/de\/deutschland\/ukrainischer-gouverneur-ruft-zu-hinrichtung-politisch-andersdenkender-auf\/\" \/>\n<meta property=\"og:site_name\" content=\"just-now.NEWS Deutschland\" \/>\n<meta property=\"article:publisher\" content=\"https:\/\/www.facebook.com\/wirmachenauf\" \/>\n<meta property=\"article:published_time\" content=\"2022-04-25T20:17:35+00:00\" \/>\n<meta property=\"og:image\" content=\"https:\/\/now-news.de\/de\/wp-content\/uploads\/sites\/3\/2022\/04\/Ukrainischer-Gouverneur-ruft-zu-Hinrichtung-politisch-Andersdenkender-auf.jpg\" \/>\n\t<meta property=\"og:image:width\" content=\"1104\" \/>\n\t<meta property=\"og:image:height\" content=\"622\" \/>\n\t<meta property=\"og:image:type\" content=\"image\/jpeg\" \/>\n<meta name=\"author\" content=\"rtnews\" \/>\n<meta name=\"twitter:card\" content=\"summary_large_image\" \/>\n<meta name=\"twitter:creator\" content=\"@WirMachenAuf_de\" \/>\n<meta name=\"twitter:site\" content=\"@WirMachenAuf_de\" \/>\n<meta name=\"twitter:label1\" content=\"Verfasst von\" \/>\n\t<meta name=\"twitter:data1\" content=\"rtnews\" \/>\n\t<meta name=\"twitter:label2\" content=\"Gesch\u00e4tzte Lesezeit\" \/>\n\t<meta name=\"twitter:data2\" content=\"2\u00a0Minuten\" \/>\n<script type=\"application\/ld+json\" class=\"yoast-schema-graph\">{\"@context\":\"https:\/\/schema.org\",\"@graph\":[{\"@type\":\"Article\",\"@id\":\"https:\/\/now-news.de\/de\/deutschland\/ukrainischer-gouverneur-ruft-zu-hinrichtung-politisch-andersdenkender-auf\/#article\",\"isPartOf\":{\"@id\":\"https:\/\/now-news.de\/de\/deutschland\/ukrainischer-gouverneur-ruft-zu-hinrichtung-politisch-andersdenkender-auf\/\"},\"author\":{\"name\":\"rtnews\",\"@id\":\"https:\/\/now-news.de\/de\/#\/schema\/person\/fb534a4e865501d8b3285208df34a9b5\"},\"headline\":\"Ukrainischer Gouverneur ruft zu Hinrichtung politisch Andersdenkender auf\",\"datePublished\":\"2022-04-25T20:17:35+00:00\",\"dateModified\":\"2022-04-25T20:17:35+00:00\",\"mainEntityOfPage\":{\"@id\":\"https:\/\/now-news.de\/de\/deutschland\/ukrainischer-gouverneur-ruft-zu-hinrichtung-politisch-andersdenkender-auf\/\"},\"wordCount\":311,\"commentCount\":0,\"publisher\":{\"@id\":\"https:\/\/now-news.de\/de\/#organization\"},\"image\":{\"@id\":\"https:\/\/now-news.de\/de\/deutschland\/ukrainischer-gouverneur-ruft-zu-hinrichtung-politisch-andersdenkender-auf\/#primaryimage\"},\"thumbnailUrl\":\"https:\/\/now-news.de\/de\/wp-content\/uploads\/sites\/3\/2022\/04\/Ukrainischer-Gouverneur-ruft-zu-Hinrichtung-politisch-Andersdenkender-auf.jpg\",\"keywords\":[\"Andersdenkender\",\"AUF\",\"Gouverneur\",\"Hinrichtung\",\"politisch\",\"ruft\",\"Ukrainischer\"],\"articleSection\":[\"Deutschland\",\"Russland\"],\"inLanguage\":\"de\",\"potentialAction\":[{\"@type\":\"CommentAction\",\"name\":\"Comment\",\"target\":[\"https:\/\/now-news.de\/de\/deutschland\/ukrainischer-gouverneur-ruft-zu-hinrichtung-politisch-andersdenkender-auf\/#respond\"]}]},{\"@type\":\"WebPage\",\"@id\":\"https:\/\/now-news.de\/de\/deutschland\/ukrainischer-gouverneur-ruft-zu-hinrichtung-politisch-andersdenkender-auf\/\",\"url\":\"https:\/\/now-news.de\/de\/deutschland\/ukrainischer-gouverneur-ruft-zu-hinrichtung-politisch-andersdenkender-auf\/\",\"name\":\"Ukrainischer Gouverneur ruft zu Hinrichtung politisch Andersdenkender auf - just-now.NEWS Deutschland\",\"isPartOf\":{\"@id\":\"https:\/\/now-news.de\/de\/#website\"},\"primaryImageOfPage\":{\"@id\":\"https:\/\/now-news.de\/de\/deutschland\/ukrainischer-gouverneur-ruft-zu-hinrichtung-politisch-andersdenkender-auf\/#primaryimage\"},\"image\":{\"@id\":\"https:\/\/now-news.de\/de\/deutschland\/ukrainischer-gouverneur-ruft-zu-hinrichtung-politisch-andersdenkender-auf\/#primaryimage\"},\"thumbnailUrl\":\"https:\/\/now-news.de\/de\/wp-content\/uploads\/sites\/3\/2022\/04\/Ukrainischer-Gouverneur-ruft-zu-Hinrichtung-politisch-Andersdenkender-auf.jpg\",\"datePublished\":\"2022-04-25T20:17:35+00:00\",\"dateModified\":\"2022-04-25T20:17:35+00:00\",\"breadcrumb\":{\"@id\":\"https:\/\/now-news.de\/de\/deutschland\/ukrainischer-gouverneur-ruft-zu-hinrichtung-politisch-andersdenkender-auf\/#breadcrumb\"},\"inLanguage\":\"de\",\"potentialAction\":[{\"@type\":\"ReadAction\",\"target\":[\"https:\/\/now-news.de\/de\/deutschland\/ukrainischer-gouverneur-ruft-zu-hinrichtung-politisch-andersdenkender-auf\/\"]}]},{\"@type\":\"ImageObject\",\"inLanguage\":\"de\",\"@id\":\"https:\/\/now-news.de\/de\/deutschland\/ukrainischer-gouverneur-ruft-zu-hinrichtung-politisch-andersdenkender-auf\/#primaryimage\",\"url\":\"https:\/\/now-news.de\/de\/wp-content\/uploads\/sites\/3\/2022\/04\/Ukrainischer-Gouverneur-ruft-zu-Hinrichtung-politisch-Andersdenkender-auf.jpg\",\"contentUrl\":\"https:\/\/now-news.de\/de\/wp-content\/uploads\/sites\/3\/2022\/04\/Ukrainischer-Gouverneur-ruft-zu-Hinrichtung-politisch-Andersdenkender-auf.jpg\",\"width\":1104,\"height\":622,\"caption\":\"Ukrainischer Gouverneur ruft zu Hinrichtung politisch Andersdenkender auf\"},{\"@type\":\"BreadcrumbList\",\"@id\":\"https:\/\/now-news.de\/de\/deutschland\/ukrainischer-gouverneur-ruft-zu-hinrichtung-politisch-andersdenkender-auf\/#breadcrumb\",\"itemListElement\":[{\"@type\":\"ListItem\",\"position\":1,\"name\":\"Home\",\"item\":\"https:\/\/now-news.de\/de\/\"},{\"@type\":\"ListItem\",\"position\":2,\"name\":\"Ukrainischer Gouverneur ruft zu Hinrichtung politisch Andersdenkender auf\"}]},{\"@type\":\"WebSite\",\"@id\":\"https:\/\/now-news.de\/de\/#website\",\"url\":\"https:\/\/now-news.de\/de\/\",\"name\":\"just-now.NEWS Deutschland\",\"description\":\"Das Portal f\u00fcr unzensierte Nachrichten aus der Welt\",\"publisher\":{\"@id\":\"https:\/\/now-news.de\/de\/#organization\"},\"potentialAction\":[{\"@type\":\"SearchAction\",\"target\":{\"@type\":\"EntryPoint\",\"urlTemplate\":\"https:\/\/now-news.de\/de\/?s={search_term_string}\"},\"query-input\":\"required name=search_term_string\"}],\"inLanguage\":\"de\"},{\"@type\":\"Organization\",\"@id\":\"https:\/\/now-news.de\/de\/#organization\",\"name\":\"Just Now News\",\"url\":\"https:\/\/now-news.de\/de\/\",\"logo\":{\"@type\":\"ImageObject\",\"inLanguage\":\"de\",\"@id\":\"https:\/\/now-news.de\/de\/#\/schema\/logo\/image\/\",\"url\":\"http:\/\/just-now.news\/de\/wp-content\/uploads\/sites\/3\/2022\/04\/logo500x500.jpg\",\"contentUrl\":\"http:\/\/just-now.news\/de\/wp-content\/uploads\/sites\/3\/2022\/04\/logo500x500.jpg\",\"width\":500,\"height\":500,\"caption\":\"Just Now News\"},\"image\":{\"@id\":\"https:\/\/now-news.de\/de\/#\/schema\/logo\/image\/\"},\"sameAs\":[\"https:\/\/www.facebook.com\/wirmachenauf\",\"https:\/\/x.com\/WirMachenAuf_de\"]},{\"@type\":\"Person\",\"@id\":\"https:\/\/now-news.de\/de\/#\/schema\/person\/fb534a4e865501d8b3285208df34a9b5\",\"name\":\"rtnews\",\"image\":{\"@type\":\"ImageObject\",\"inLanguage\":\"de\",\"@id\":\"https:\/\/now-news.de\/de\/#\/schema\/person\/image\/\",\"url\":\"https:\/\/secure.gravatar.com\/avatar\/82aafea7d8127119dd649515f56e2117?s=96&d=mm&r=g\",\"contentUrl\":\"https:\/\/secure.gravatar.com\/avatar\/82aafea7d8127119dd649515f56e2117?s=96&d=mm&r=g\",\"caption\":\"rtnews\"},\"url\":\"https:\/\/now-news.de\/de\/author\/rnews\/\"}]}<\/script>\n<!-- \/ Yoast SEO Premium plugin. -->","yoast_head_json":{"title":"Ukrainischer Gouverneur ruft zu Hinrichtung politisch Andersdenkender auf - just-now.NEWS Deutschland","robots":{"index":"index","follow":"follow","max-snippet":"max-snippet:-1","max-image-preview":"max-image-preview:large","max-video-preview":"max-video-preview:-1"},"canonical":"https:\/\/now-news.de\/de\/deutschland\/ukrainischer-gouverneur-ruft-zu-hinrichtung-politisch-andersdenkender-auf\/","og_locale":"de_DE","og_type":"article","og_title":"Ukrainischer Gouverneur ruft zu Hinrichtung politisch Andersdenkender auf","og_description":"In einer Live-\u00dcbertragung des Fernsehsenders Ukraine 24 hat der Gouverneur der ukrainischen Region Nikolajew, Witali Kim,\u00a0dar\u00fcber gesprochen, all jene B\u00fcrger zu t\u00f6ten, die mit dem politischen Kurs Kiews nicht einverstanden sind. W\u00f6rtlich hie\u00df es: &#8220;Alle Verr\u00e4ter werden hingerichtet. Mir f\u00e4llt kein besseres Wort ein, also wird es so sein!&#8221; Der Gouverneur wies auch darauf hin, [&hellip;]","og_url":"https:\/\/now-news.de\/de\/deutschland\/ukrainischer-gouverneur-ruft-zu-hinrichtung-politisch-andersdenkender-auf\/","og_site_name":"just-now.NEWS Deutschland","article_publisher":"https:\/\/www.facebook.com\/wirmachenauf","article_published_time":"2022-04-25T20:17:35+00:00","og_image":[{"width":1104,"height":622,"url":"https:\/\/now-news.de\/de\/wp-content\/uploads\/sites\/3\/2022\/04\/Ukrainischer-Gouverneur-ruft-zu-Hinrichtung-politisch-Andersdenkender-auf.jpg","type":"image\/jpeg"}],"author":"rtnews","twitter_card":"summary_large_image","twitter_creator":"@WirMachenAuf_de","twitter_site":"@WirMachenAuf_de","twitter_misc":{"Verfasst von":"rtnews","Gesch\u00e4tzte Lesezeit":"2\u00a0Minuten"},"schema":{"@context":"https:\/\/schema.org","@graph":[{"@type":"Article","@id":"https:\/\/now-news.de\/de\/deutschland\/ukrainischer-gouverneur-ruft-zu-hinrichtung-politisch-andersdenkender-auf\/#article","isPartOf":{"@id":"https:\/\/now-news.de\/de\/deutschland\/ukrainischer-gouverneur-ruft-zu-hinrichtung-politisch-andersdenkender-auf\/"},"author":{"name":"rtnews","@id":"https:\/\/now-news.de\/de\/#\/schema\/person\/fb534a4e865501d8b3285208df34a9b5"},"headline":"Ukrainischer Gouverneur ruft zu Hinrichtung politisch Andersdenkender auf","datePublished":"2022-04-25T20:17:35+00:00","dateModified":"2022-04-25T20:17:35+00:00","mainEntityOfPage":{"@id":"https:\/\/now-news.de\/de\/deutschland\/ukrainischer-gouverneur-ruft-zu-hinrichtung-politisch-andersdenkender-auf\/"},"wordCount":311,"commentCount":0,"publisher":{"@id":"https:\/\/now-news.de\/de\/#organization"},"image":{"@id":"https:\/\/now-news.de\/de\/deutschland\/ukrainischer-gouverneur-ruft-zu-hinrichtung-politisch-andersdenkender-auf\/#primaryimage"},"thumbnailUrl":"https:\/\/now-news.de\/de\/wp-content\/uploads\/sites\/3\/2022\/04\/Ukrainischer-Gouverneur-ruft-zu-Hinrichtung-politisch-Andersdenkender-auf.jpg","keywords":["Andersdenkender","AUF","Gouverneur","Hinrichtung","politisch","ruft","Ukrainischer"],"articleSection":["Deutschland","Russland"],"inLanguage":"de","potentialAction":[{"@type":"CommentAction","name":"Comment","target":["https:\/\/now-news.de\/de\/deutschland\/ukrainischer-gouverneur-ruft-zu-hinrichtung-politisch-andersdenkender-auf\/#respond"]}]},{"@type":"WebPage","@id":"https:\/\/now-news.de\/de\/deutschland\/ukrainischer-gouverneur-ruft-zu-hinrichtung-politisch-andersdenkender-auf\/","url":"https:\/\/now-news.de\/de\/deutschland\/ukrainischer-gouverneur-ruft-zu-hinrichtung-politisch-andersdenkender-auf\/","name":"Ukrainischer Gouverneur ruft zu Hinrichtung politisch Andersdenkender auf - just-now.NEWS Deutschland","isPartOf":{"@id":"https:\/\/now-news.de\/de\/#website"},"primaryImageOfPage":{"@id":"https:\/\/now-news.de\/de\/deutschland\/ukrainischer-gouverneur-ruft-zu-hinrichtung-politisch-andersdenkender-auf\/#primaryimage"},"image":{"@id":"https:\/\/now-news.de\/de\/deutschland\/ukrainischer-gouverneur-ruft-zu-hinrichtung-politisch-andersdenkender-auf\/#primaryimage"},"thumbnailUrl":"https:\/\/now-news.de\/de\/wp-content\/uploads\/sites\/3\/2022\/04\/Ukrainischer-Gouverneur-ruft-zu-Hinrichtung-politisch-Andersdenkender-auf.jpg","datePublished":"2022-04-25T20:17:35+00:00","dateModified":"2022-04-25T20:17:35+00:00","breadcrumb":{"@id":"https:\/\/now-news.de\/de\/deutschland\/ukrainischer-gouverneur-ruft-zu-hinrichtung-politisch-andersdenkender-auf\/#breadcrumb"},"inLanguage":"de","potentialAction":[{"@type":"ReadAction","target":["https:\/\/now-news.de\/de\/deutschland\/ukrainischer-gouverneur-ruft-zu-hinrichtung-politisch-andersdenkender-auf\/"]}]},{"@type":"ImageObject","inLanguage":"de","@id":"https:\/\/now-news.de\/de\/deutschland\/ukrainischer-gouverneur-ruft-zu-hinrichtung-politisch-andersdenkender-auf\/#primaryimage","url":"https:\/\/now-news.de\/de\/wp-content\/uploads\/sites\/3\/2022\/04\/Ukrainischer-Gouverneur-ruft-zu-Hinrichtung-politisch-Andersdenkender-auf.jpg","contentUrl":"https:\/\/now-news.de\/de\/wp-content\/uploads\/sites\/3\/2022\/04\/Ukrainischer-Gouverneur-ruft-zu-Hinrichtung-politisch-Andersdenkender-auf.jpg","width":1104,"height":622,"caption":"Ukrainischer Gouverneur ruft zu Hinrichtung politisch Andersdenkender auf"},{"@type":"BreadcrumbList","@id":"https:\/\/now-news.de\/de\/deutschland\/ukrainischer-gouverneur-ruft-zu-hinrichtung-politisch-andersdenkender-auf\/#breadcrumb","itemListElement":[{"@type":"ListItem","position":1,"name":"Home","item":"https:\/\/now-news.de\/de\/"},{"@type":"ListItem","position":2,"name":"Ukrainischer Gouverneur ruft zu Hinrichtung politisch Andersdenkender auf"}]},{"@type":"WebSite","@id":"https:\/\/now-news.de\/de\/#website","url":"https:\/\/now-news.de\/de\/","name":"just-now.NEWS Deutschland","description":"Das Portal f\u00fcr unzensierte Nachrichten aus der Welt","publisher":{"@id":"https:\/\/now-news.de\/de\/#organization"},"potentialAction":[{"@type":"SearchAction","target":{"@type":"EntryPoint","urlTemplate":"https:\/\/now-news.de\/de\/?s={search_term_string}"},"query-input":"required name=search_term_string"}],"inLanguage":"de"},{"@type":"Organization","@id":"https:\/\/now-news.de\/de\/#organization","name":"Just Now News","url":"https:\/\/now-news.de\/de\/","logo":{"@type":"ImageObject","inLanguage":"de","@id":"https:\/\/now-news.de\/de\/#\/schema\/logo\/image\/","url":"http:\/\/just-now.news\/de\/wp-content\/uploads\/sites\/3\/2022\/04\/logo500x500.jpg","contentUrl":"http:\/\/just-now.news\/de\/wp-content\/uploads\/sites\/3\/2022\/04\/logo500x500.jpg","width":500,"height":500,"caption":"Just Now News"},"image":{"@id":"https:\/\/now-news.de\/de\/#\/schema\/logo\/image\/"},"sameAs":["https:\/\/www.facebook.com\/wirmachenauf","https:\/\/x.com\/WirMachenAuf_de"]},{"@type":"Person","@id":"https:\/\/now-news.de\/de\/#\/schema\/person\/fb534a4e865501d8b3285208df34a9b5","name":"rtnews","image":{"@type":"ImageObject","inLanguage":"de","@id":"https:\/\/now-news.de\/de\/#\/schema\/person\/image\/","url":"https:\/\/secure.gravatar.com\/avatar\/82aafea7d8127119dd649515f56e2117?s=96&d=mm&r=g","contentUrl":"https:\/\/secure.gravatar.com\/avatar\/82aafea7d8127119dd649515f56e2117?s=96&d=mm&r=g","caption":"rtnews"},"url":"https:\/\/now-news.de\/de\/author\/rnews\/"}]}},"_links":{"self":[{"href":"https:\/\/now-news.de\/de\/wp-json\/wp\/v2\/posts\/3453"}],"collection":[{"href":"https:\/\/now-news.de\/de\/wp-json\/wp\/v2\/posts"}],"about":[{"href":"https:\/\/now-news.de\/de\/wp-json\/wp\/v2\/types\/post"}],"author":[{"embeddable":true,"href":"https:\/\/now-news.de\/de\/wp-json\/wp\/v2\/users\/3"}],"replies":[{"embeddable":true,"href":"https:\/\/now-news.de\/de\/wp-json\/wp\/v2\/comments?post=3453"}],"version-history":[{"count":0,"href":"https:\/\/now-news.de\/de\/wp-json\/wp\/v2\/posts\/3453\/revisions"}],"wp:featuredmedia":[{"embeddable":true,"href":"https:\/\/now-news.de\/de\/wp-json\/wp\/v2\/media\/3454"}],"wp:attachment":[{"href":"https:\/\/now-news.de\/de\/wp-json\/wp\/v2\/media?parent=3453"}],"wp:term":[{"taxonomy":"category","embeddable":true,"href":"https:\/\/now-news.de\/de\/wp-json\/wp\/v2\/categories?post=3453"},{"taxonomy":"post_tag","embeddable":true,"href":"https:\/\/now-news.de\/de\/wp-json\/wp\/v2\/tags?post=3453"}],"curies":[{"name":"wp","href":"https:\/\/api.w.org\/{rel}","templated":true}]}}