{"id":34525,"date":"2023-04-21T18:51:55","date_gmt":"2023-04-21T16:51:55","guid":{"rendered":"https:\/\/just-now.news\/de\/deutschland\/nach-mobbingvorwuerfen-britischer-vizepremier-dominic-raab-tritt-zurueck\/"},"modified":"2023-04-21T18:51:55","modified_gmt":"2023-04-21T16:51:55","slug":"nach-mobbingvorwuerfen-britischer-vizepremier-dominic-raab-tritt-zurueck","status":"publish","type":"post","link":"https:\/\/now-news.de\/de\/deutschland\/nach-mobbingvorwuerfen-britischer-vizepremier-dominic-raab-tritt-zurueck\/","title":{"rendered":"Nach Mobbingvorw\u00fcrfen: Britischer Vizepremier Dominic Raab tritt zur\u00fcck"},"content":{"rendered":"<p><img decoding=\"async\" src=\"http:\/\/just-now.news\/de\/wp-content\/uploads\/sites\/3\/2023\/04\/6442ad9b48fbef560047a9ef.jpg\" \/><\/p>\n<div class=\"Text-root Text-type_1 \">\n                Der britische Vizepremier und Justizminister Dominic Raab ist nach Mobbingvorw\u00fcrfen zur\u00fcckgetreten. Medienberichten zufolge sei Raab &#8220;manipulativ&#8221; und &#8220;aggressiv&#8221; gewesen und habe mit Tomaten geworfen. Letzteres weist er von sich.\n            <\/div>\n<p><\/p>\n<div class=\"Text-root Text-type_5 ArticleView-text ViewText-root \">\n<p>Der britische Vizepremier und Justizminister Dominic Raab ist wegen Mobbingvorw\u00fcrfen zur\u00fcckgetreten. Er reagierte damit auf die Ergebnisse eines Untersuchungsberichts zu seinem Verhalten als Minister. Premierminister Rishi Sunak hatte die Untersuchung angeordnet, nachdem Vorw\u00fcrfe fr\u00fcherer Mitarbeiter Raabs bekannt geworden\u00a0waren. Raab hatte im November nach dem Bekanntwerden von Beschwerden gegen ihn selbst um eine Untersuchung gebeten.<\/p>\n<p>In einem Schreiben teilte Raab am Freitag mit, dass er seine Posten niederlege. Er f\u00fchle sich verpflichtet, den Ausgang der Untersuchung zu den gegen ihn erhobenen Vorw\u00fcrfen zu akzeptieren. Zugleich wies er die Mobbingvorw\u00fcrfe weiterhin zur\u00fcck. Der Bericht war am Donnerstag an Sunak \u00fcberreicht worden, der Inhalt wurde aber zun\u00e4chst nicht\u00a0bekannt.<\/p>\n<p>Aus einer Reihe von Vorw\u00fcrfen seien nur zwei als berechtigt anerkannt worden, so Raab. Der Gutachter habe zudem festgestellt, &#8220;dass ich kein einziges Mal innerhalb von viereinhalb Jahren irgendjemanden beleidigt oder angeschrien, noch mit Gegenst\u00e4nden geworfen oder anderweitig k\u00f6rperlich eingesch\u00fcchtert oder absichtlich jemanden gedem\u00fctigt habe&#8221;.<\/p>\n<p>Welche Vorw\u00fcrfe best\u00e4tigt wurden, teilte Raab nicht mit. Er halte die Entscheidung aber f\u00fcr fehlerhaft. Mobbing so niedrigschwellig zu definieren, schaffe zudem einen gef\u00e4hrlichen Pr\u00e4zedenzfall, schrieb er. Er entschuldige sich dennoch f\u00fcr &#8220;jeglichen unbeabsichtigten Stress oder Ansto\u00df, den ich durch Tempo, Standards oder Herausforderungen in das Justizministerium gebracht habe&#8221;, so der Ex-Minister weiter.<\/p>\n<p>Die <em>Sun<\/em> hatte im November berichtet, der einstige Brexit-Unterh\u00e4ndler habe beispielsweise in einem Wutanfall Tomaten aus einem Salat quer durch den Raum geworfen. Ein Sprecher Raabs dementierte dies. Wie der <em>Guardian<\/em> berichtete, soll w\u00e4hrend Raabs erster Amtszeit als Justizminister von September 2021 bis September 2022 in dessen Ministerium ein &#8220;Klima der Angst&#8221; geherrscht haben. Der Ressortchef sei &#8220;manipulativ&#8221; und &#8220;aggressiv&#8221;.<\/p>\n<p>F\u00fcr Premierminister Sunak kommt die Diskussion um Raab zur Unzeit. Im Mai stehen in Gro\u00dfbritannien Regionalwahlen an, die Tories bef\u00fcrchten hohe Verluste. Einer aktuellen Umfrage zufolge glauben 44 Prozent der Briten, dass Sunak von den Vorw\u00fcrfen gegen Raab wusste, als er diesen in sein Kabinett holte.<\/p>\n<p>Der Premier hatte bei seiner Partei-internen Wahl im Oktober unter anderem angek\u00fcndigt, er wolle nach der von Skandalen gepr\u00e4gten Amtszeit seines Vorg\u00e4ngers Boris Johnson und dem kurzen Zwischenspiel von Liz Truss &#8220;Integrit\u00e4t, Professionalit\u00e4t und Verantwortung&#8221; in der Regierung wiederherstellen. Raab ist bereits das dritte hochrangige Regierungsmitglied unter Sunak, das wegen seines pers\u00f6nlichen Verhaltens zur\u00fcckgetreten ist.<\/p>\n<p><strong>Mehr zum Thema &#8211;<\/strong>\u00a0<a rel=\"nofollow noopener\" target=\"_blank\" href=\"https:\/\/test.rtde.life\/meinung\/153649-grossbritannien-vor-offenbarungseid-neuer-premier\/\">Gro\u00dfbritannien vor dem Offenbarungseid? Neuer Premier muss Scherbenhaufen verwalten<\/a><\/p>\n<div class=\"EmbedBlock-root EmbedBlock-externalVideo EmbedBlock-vk\">\n<div class=\"VkEmbed\"><iframe class=\"lazyload\" data-src=\"https:\/\/vk.com\/video_ext.php?oid=-134310637&amp;id=456259399&amp;hash=c828b90535a771f5\" frameborder=\"0\" width=\"853\" height=\"480\" allowfullscreen><\/iframe><\/div>\n<\/div>\n<\/div>\n<p><br \/>\n<br \/><a href=\"https:\/\/de.rt.com\/international\/168254-nach-mobbingvorwuerfen-britischer-vizepremier-dominic\/\">Source link <\/a><\/p>\n","protected":false},"excerpt":{"rendered":"<p>Der britische Vizepremier und Justizminister Dominic Raab ist nach Mobbingvorw\u00fcrfen zur\u00fcckgetreten. Medienberichten zufolge sei Raab &#8220;manipulativ&#8221; und &#8220;aggressiv&#8221; gewesen und habe mit Tomaten geworfen. Letzteres weist er von sich. Der britische Vizepremier und Justizminister Dominic Raab ist wegen Mobbingvorw\u00fcrfen zur\u00fcckgetreten. Er reagierte damit auf die Ergebnisse eines Untersuchungsberichts zu seinem Verhalten als Minister. Premierminister Rishi [&hellip;]<\/p>\n","protected":false},"author":3,"featured_media":34526,"comment_status":"open","ping_status":"open","sticky":false,"template":"","format":"standard","meta":{"_yoast_indexnow_last_ping":["1682096455"],"wp_automatic_camp":["217"],"12bd800d555d4b43f41b9c0db5bb0767":["Nach Mobbingvorw\u00fcrfen: Britischer Vizepremier Dominic Raab tritt zur\u00fcck"],"original_link":["https:\/\/de.rt.com\/international\/168254-nach-mobbingvorwuerfen-britischer-vizepremier-dominic\/"],"_thumbnail_id":["34526"],"_wptgpro_p2tg_sent2tg":["a:1:{i:23737;s:19:\"2023-04-21 19:02:02\";}"],"jnews_social_counter_last_update":["1777363730"]},"categories":[19,23],"tags":[1085,43369,43368,979,43370,3470,794,3337],"yoast_head":"<!-- This site is optimized with the Yoast SEO Premium plugin v22.7 (Yoast SEO v22.7) - https:\/\/yoast.com\/wordpress\/plugins\/seo\/ -->\n<title>Nach Mobbingvorw\u00fcrfen: Britischer Vizepremier Dominic Raab tritt zur\u00fcck - just-now.NEWS Deutschland<\/title>\n<meta name=\"robots\" content=\"index, follow, max-snippet:-1, max-image-preview:large, max-video-preview:-1\" \/>\n<link rel=\"canonical\" href=\"https:\/\/now-news.de\/de\/deutschland\/nach-mobbingvorwuerfen-britischer-vizepremier-dominic-raab-tritt-zurueck\/\" \/>\n<meta property=\"og:locale\" content=\"de_DE\" \/>\n<meta property=\"og:type\" content=\"article\" \/>\n<meta property=\"og:title\" content=\"Nach Mobbingvorw\u00fcrfen: Britischer Vizepremier Dominic Raab tritt zur\u00fcck\" \/>\n<meta property=\"og:description\" content=\"Der britische Vizepremier und Justizminister Dominic Raab ist nach Mobbingvorw\u00fcrfen zur\u00fcckgetreten. Medienberichten zufolge sei Raab &#8220;manipulativ&#8221; und &#8220;aggressiv&#8221; gewesen und habe mit Tomaten geworfen. Letzteres weist er von sich. Der britische Vizepremier und Justizminister Dominic Raab ist wegen Mobbingvorw\u00fcrfen zur\u00fcckgetreten. Er reagierte damit auf die Ergebnisse eines Untersuchungsberichts zu seinem Verhalten als Minister. Premierminister Rishi [&hellip;]\" \/>\n<meta property=\"og:url\" content=\"https:\/\/now-news.de\/de\/deutschland\/nach-mobbingvorwuerfen-britischer-vizepremier-dominic-raab-tritt-zurueck\/\" \/>\n<meta property=\"og:site_name\" content=\"just-now.NEWS Deutschland\" \/>\n<meta property=\"article:publisher\" content=\"https:\/\/www.facebook.com\/wirmachenauf\" \/>\n<meta property=\"article:published_time\" content=\"2023-04-21T16:51:55+00:00\" \/>\n<meta property=\"og:image\" content=\"https:\/\/now-news.de\/de\/wp-content\/uploads\/sites\/3\/2023\/04\/Nach-Mobbingvorwuerfen-Britischer-Vizepremier-Dominic-Raab-tritt-zurueck.jpg\" \/>\n\t<meta property=\"og:image:width\" content=\"460\" \/>\n\t<meta property=\"og:image:height\" content=\"259\" \/>\n\t<meta property=\"og:image:type\" content=\"image\/jpeg\" \/>\n<meta name=\"author\" content=\"rtnews\" \/>\n<meta name=\"twitter:card\" content=\"summary_large_image\" \/>\n<meta name=\"twitter:creator\" content=\"@WirMachenAuf_de\" \/>\n<meta name=\"twitter:site\" content=\"@WirMachenAuf_de\" \/>\n<meta name=\"twitter:label1\" content=\"Verfasst von\" \/>\n\t<meta name=\"twitter:data1\" content=\"rtnews\" \/>\n\t<meta name=\"twitter:label2\" content=\"Gesch\u00e4tzte Lesezeit\" \/>\n\t<meta name=\"twitter:data2\" content=\"2\u00a0Minuten\" \/>\n<script type=\"application\/ld+json\" class=\"yoast-schema-graph\">{\"@context\":\"https:\/\/schema.org\",\"@graph\":[{\"@type\":\"Article\",\"@id\":\"https:\/\/now-news.de\/de\/deutschland\/nach-mobbingvorwuerfen-britischer-vizepremier-dominic-raab-tritt-zurueck\/#article\",\"isPartOf\":{\"@id\":\"https:\/\/now-news.de\/de\/deutschland\/nach-mobbingvorwuerfen-britischer-vizepremier-dominic-raab-tritt-zurueck\/\"},\"author\":{\"name\":\"rtnews\",\"@id\":\"https:\/\/now-news.de\/de\/#\/schema\/person\/fb534a4e865501d8b3285208df34a9b5\"},\"headline\":\"Nach Mobbingvorw\u00fcrfen: Britischer Vizepremier Dominic Raab tritt zur\u00fcck\",\"datePublished\":\"2023-04-21T16:51:55+00:00\",\"dateModified\":\"2023-04-21T16:51:55+00:00\",\"mainEntityOfPage\":{\"@id\":\"https:\/\/now-news.de\/de\/deutschland\/nach-mobbingvorwuerfen-britischer-vizepremier-dominic-raab-tritt-zurueck\/\"},\"wordCount\":454,\"commentCount\":0,\"publisher\":{\"@id\":\"https:\/\/now-news.de\/de\/#organization\"},\"image\":{\"@id\":\"https:\/\/now-news.de\/de\/deutschland\/nach-mobbingvorwuerfen-britischer-vizepremier-dominic-raab-tritt-zurueck\/#primaryimage\"},\"thumbnailUrl\":\"https:\/\/now-news.de\/de\/wp-content\/uploads\/sites\/3\/2023\/04\/Nach-Mobbingvorwuerfen-Britischer-Vizepremier-Dominic-Raab-tritt-zurueck.jpg\",\"keywords\":[\"Britischer\",\"Dominic\",\"Mobbingvorw\u00fcrfen\",\"nach\",\"Raab\",\"tritt\",\"Vizepremier\",\"zur\u00fcck\"],\"articleSection\":[\"Deutschland\",\"Russland\"],\"inLanguage\":\"de\",\"potentialAction\":[{\"@type\":\"CommentAction\",\"name\":\"Comment\",\"target\":[\"https:\/\/now-news.de\/de\/deutschland\/nach-mobbingvorwuerfen-britischer-vizepremier-dominic-raab-tritt-zurueck\/#respond\"]}]},{\"@type\":\"WebPage\",\"@id\":\"https:\/\/now-news.de\/de\/deutschland\/nach-mobbingvorwuerfen-britischer-vizepremier-dominic-raab-tritt-zurueck\/\",\"url\":\"https:\/\/now-news.de\/de\/deutschland\/nach-mobbingvorwuerfen-britischer-vizepremier-dominic-raab-tritt-zurueck\/\",\"name\":\"Nach Mobbingvorw\u00fcrfen: Britischer Vizepremier Dominic Raab tritt zur\u00fcck - just-now.NEWS Deutschland\",\"isPartOf\":{\"@id\":\"https:\/\/now-news.de\/de\/#website\"},\"primaryImageOfPage\":{\"@id\":\"https:\/\/now-news.de\/de\/deutschland\/nach-mobbingvorwuerfen-britischer-vizepremier-dominic-raab-tritt-zurueck\/#primaryimage\"},\"image\":{\"@id\":\"https:\/\/now-news.de\/de\/deutschland\/nach-mobbingvorwuerfen-britischer-vizepremier-dominic-raab-tritt-zurueck\/#primaryimage\"},\"thumbnailUrl\":\"https:\/\/now-news.de\/de\/wp-content\/uploads\/sites\/3\/2023\/04\/Nach-Mobbingvorwuerfen-Britischer-Vizepremier-Dominic-Raab-tritt-zurueck.jpg\",\"datePublished\":\"2023-04-21T16:51:55+00:00\",\"dateModified\":\"2023-04-21T16:51:55+00:00\",\"breadcrumb\":{\"@id\":\"https:\/\/now-news.de\/de\/deutschland\/nach-mobbingvorwuerfen-britischer-vizepremier-dominic-raab-tritt-zurueck\/#breadcrumb\"},\"inLanguage\":\"de\",\"potentialAction\":[{\"@type\":\"ReadAction\",\"target\":[\"https:\/\/now-news.de\/de\/deutschland\/nach-mobbingvorwuerfen-britischer-vizepremier-dominic-raab-tritt-zurueck\/\"]}]},{\"@type\":\"ImageObject\",\"inLanguage\":\"de\",\"@id\":\"https:\/\/now-news.de\/de\/deutschland\/nach-mobbingvorwuerfen-britischer-vizepremier-dominic-raab-tritt-zurueck\/#primaryimage\",\"url\":\"https:\/\/now-news.de\/de\/wp-content\/uploads\/sites\/3\/2023\/04\/Nach-Mobbingvorwuerfen-Britischer-Vizepremier-Dominic-Raab-tritt-zurueck.jpg\",\"contentUrl\":\"https:\/\/now-news.de\/de\/wp-content\/uploads\/sites\/3\/2023\/04\/Nach-Mobbingvorwuerfen-Britischer-Vizepremier-Dominic-Raab-tritt-zurueck.jpg\",\"width\":460,\"height\":259,\"caption\":\"Nach Mobbingvorw\u00fcrfen: Britischer Vizepremier Dominic Raab tritt zur\u00fcck\"},{\"@type\":\"BreadcrumbList\",\"@id\":\"https:\/\/now-news.de\/de\/deutschland\/nach-mobbingvorwuerfen-britischer-vizepremier-dominic-raab-tritt-zurueck\/#breadcrumb\",\"itemListElement\":[{\"@type\":\"ListItem\",\"position\":1,\"name\":\"Home\",\"item\":\"https:\/\/now-news.de\/de\/\"},{\"@type\":\"ListItem\",\"position\":2,\"name\":\"Nach Mobbingvorw\u00fcrfen: Britischer Vizepremier Dominic Raab tritt zur\u00fcck\"}]},{\"@type\":\"WebSite\",\"@id\":\"https:\/\/now-news.de\/de\/#website\",\"url\":\"https:\/\/now-news.de\/de\/\",\"name\":\"just-now.NEWS Deutschland\",\"description\":\"Das Portal f\u00fcr unzensierte Nachrichten aus der Welt\",\"publisher\":{\"@id\":\"https:\/\/now-news.de\/de\/#organization\"},\"potentialAction\":[{\"@type\":\"SearchAction\",\"target\":{\"@type\":\"EntryPoint\",\"urlTemplate\":\"https:\/\/now-news.de\/de\/?s={search_term_string}\"},\"query-input\":\"required name=search_term_string\"}],\"inLanguage\":\"de\"},{\"@type\":\"Organization\",\"@id\":\"https:\/\/now-news.de\/de\/#organization\",\"name\":\"Just Now News\",\"url\":\"https:\/\/now-news.de\/de\/\",\"logo\":{\"@type\":\"ImageObject\",\"inLanguage\":\"de\",\"@id\":\"https:\/\/now-news.de\/de\/#\/schema\/logo\/image\/\",\"url\":\"http:\/\/just-now.news\/de\/wp-content\/uploads\/sites\/3\/2022\/04\/logo500x500.jpg\",\"contentUrl\":\"http:\/\/just-now.news\/de\/wp-content\/uploads\/sites\/3\/2022\/04\/logo500x500.jpg\",\"width\":500,\"height\":500,\"caption\":\"Just Now News\"},\"image\":{\"@id\":\"https:\/\/now-news.de\/de\/#\/schema\/logo\/image\/\"},\"sameAs\":[\"https:\/\/www.facebook.com\/wirmachenauf\",\"https:\/\/x.com\/WirMachenAuf_de\"]},{\"@type\":\"Person\",\"@id\":\"https:\/\/now-news.de\/de\/#\/schema\/person\/fb534a4e865501d8b3285208df34a9b5\",\"name\":\"rtnews\",\"image\":{\"@type\":\"ImageObject\",\"inLanguage\":\"de\",\"@id\":\"https:\/\/now-news.de\/de\/#\/schema\/person\/image\/\",\"url\":\"https:\/\/secure.gravatar.com\/avatar\/82aafea7d8127119dd649515f56e2117?s=96&d=mm&r=g\",\"contentUrl\":\"https:\/\/secure.gravatar.com\/avatar\/82aafea7d8127119dd649515f56e2117?s=96&d=mm&r=g\",\"caption\":\"rtnews\"},\"url\":\"https:\/\/now-news.de\/de\/author\/rnews\/\"}]}<\/script>\n<!-- \/ Yoast SEO Premium plugin. -->","yoast_head_json":{"title":"Nach Mobbingvorw\u00fcrfen: Britischer Vizepremier Dominic Raab tritt zur\u00fcck - just-now.NEWS Deutschland","robots":{"index":"index","follow":"follow","max-snippet":"max-snippet:-1","max-image-preview":"max-image-preview:large","max-video-preview":"max-video-preview:-1"},"canonical":"https:\/\/now-news.de\/de\/deutschland\/nach-mobbingvorwuerfen-britischer-vizepremier-dominic-raab-tritt-zurueck\/","og_locale":"de_DE","og_type":"article","og_title":"Nach Mobbingvorw\u00fcrfen: Britischer Vizepremier Dominic Raab tritt zur\u00fcck","og_description":"Der britische Vizepremier und Justizminister Dominic Raab ist nach Mobbingvorw\u00fcrfen zur\u00fcckgetreten. Medienberichten zufolge sei Raab &#8220;manipulativ&#8221; und &#8220;aggressiv&#8221; gewesen und habe mit Tomaten geworfen. Letzteres weist er von sich. Der britische Vizepremier und Justizminister Dominic Raab ist wegen Mobbingvorw\u00fcrfen zur\u00fcckgetreten. Er reagierte damit auf die Ergebnisse eines Untersuchungsberichts zu seinem Verhalten als Minister. Premierminister Rishi [&hellip;]","og_url":"https:\/\/now-news.de\/de\/deutschland\/nach-mobbingvorwuerfen-britischer-vizepremier-dominic-raab-tritt-zurueck\/","og_site_name":"just-now.NEWS Deutschland","article_publisher":"https:\/\/www.facebook.com\/wirmachenauf","article_published_time":"2023-04-21T16:51:55+00:00","og_image":[{"width":460,"height":259,"url":"https:\/\/now-news.de\/de\/wp-content\/uploads\/sites\/3\/2023\/04\/Nach-Mobbingvorwuerfen-Britischer-Vizepremier-Dominic-Raab-tritt-zurueck.jpg","type":"image\/jpeg"}],"author":"rtnews","twitter_card":"summary_large_image","twitter_creator":"@WirMachenAuf_de","twitter_site":"@WirMachenAuf_de","twitter_misc":{"Verfasst von":"rtnews","Gesch\u00e4tzte Lesezeit":"2\u00a0Minuten"},"schema":{"@context":"https:\/\/schema.org","@graph":[{"@type":"Article","@id":"https:\/\/now-news.de\/de\/deutschland\/nach-mobbingvorwuerfen-britischer-vizepremier-dominic-raab-tritt-zurueck\/#article","isPartOf":{"@id":"https:\/\/now-news.de\/de\/deutschland\/nach-mobbingvorwuerfen-britischer-vizepremier-dominic-raab-tritt-zurueck\/"},"author":{"name":"rtnews","@id":"https:\/\/now-news.de\/de\/#\/schema\/person\/fb534a4e865501d8b3285208df34a9b5"},"headline":"Nach Mobbingvorw\u00fcrfen: Britischer Vizepremier Dominic Raab tritt zur\u00fcck","datePublished":"2023-04-21T16:51:55+00:00","dateModified":"2023-04-21T16:51:55+00:00","mainEntityOfPage":{"@id":"https:\/\/now-news.de\/de\/deutschland\/nach-mobbingvorwuerfen-britischer-vizepremier-dominic-raab-tritt-zurueck\/"},"wordCount":454,"commentCount":0,"publisher":{"@id":"https:\/\/now-news.de\/de\/#organization"},"image":{"@id":"https:\/\/now-news.de\/de\/deutschland\/nach-mobbingvorwuerfen-britischer-vizepremier-dominic-raab-tritt-zurueck\/#primaryimage"},"thumbnailUrl":"https:\/\/now-news.de\/de\/wp-content\/uploads\/sites\/3\/2023\/04\/Nach-Mobbingvorwuerfen-Britischer-Vizepremier-Dominic-Raab-tritt-zurueck.jpg","keywords":["Britischer","Dominic","Mobbingvorw\u00fcrfen","nach","Raab","tritt","Vizepremier","zur\u00fcck"],"articleSection":["Deutschland","Russland"],"inLanguage":"de","potentialAction":[{"@type":"CommentAction","name":"Comment","target":["https:\/\/now-news.de\/de\/deutschland\/nach-mobbingvorwuerfen-britischer-vizepremier-dominic-raab-tritt-zurueck\/#respond"]}]},{"@type":"WebPage","@id":"https:\/\/now-news.de\/de\/deutschland\/nach-mobbingvorwuerfen-britischer-vizepremier-dominic-raab-tritt-zurueck\/","url":"https:\/\/now-news.de\/de\/deutschland\/nach-mobbingvorwuerfen-britischer-vizepremier-dominic-raab-tritt-zurueck\/","name":"Nach Mobbingvorw\u00fcrfen: Britischer Vizepremier Dominic Raab tritt zur\u00fcck - just-now.NEWS Deutschland","isPartOf":{"@id":"https:\/\/now-news.de\/de\/#website"},"primaryImageOfPage":{"@id":"https:\/\/now-news.de\/de\/deutschland\/nach-mobbingvorwuerfen-britischer-vizepremier-dominic-raab-tritt-zurueck\/#primaryimage"},"image":{"@id":"https:\/\/now-news.de\/de\/deutschland\/nach-mobbingvorwuerfen-britischer-vizepremier-dominic-raab-tritt-zurueck\/#primaryimage"},"thumbnailUrl":"https:\/\/now-news.de\/de\/wp-content\/uploads\/sites\/3\/2023\/04\/Nach-Mobbingvorwuerfen-Britischer-Vizepremier-Dominic-Raab-tritt-zurueck.jpg","datePublished":"2023-04-21T16:51:55+00:00","dateModified":"2023-04-21T16:51:55+00:00","breadcrumb":{"@id":"https:\/\/now-news.de\/de\/deutschland\/nach-mobbingvorwuerfen-britischer-vizepremier-dominic-raab-tritt-zurueck\/#breadcrumb"},"inLanguage":"de","potentialAction":[{"@type":"ReadAction","target":["https:\/\/now-news.de\/de\/deutschland\/nach-mobbingvorwuerfen-britischer-vizepremier-dominic-raab-tritt-zurueck\/"]}]},{"@type":"ImageObject","inLanguage":"de","@id":"https:\/\/now-news.de\/de\/deutschland\/nach-mobbingvorwuerfen-britischer-vizepremier-dominic-raab-tritt-zurueck\/#primaryimage","url":"https:\/\/now-news.de\/de\/wp-content\/uploads\/sites\/3\/2023\/04\/Nach-Mobbingvorwuerfen-Britischer-Vizepremier-Dominic-Raab-tritt-zurueck.jpg","contentUrl":"https:\/\/now-news.de\/de\/wp-content\/uploads\/sites\/3\/2023\/04\/Nach-Mobbingvorwuerfen-Britischer-Vizepremier-Dominic-Raab-tritt-zurueck.jpg","width":460,"height":259,"caption":"Nach Mobbingvorw\u00fcrfen: Britischer Vizepremier Dominic Raab tritt zur\u00fcck"},{"@type":"BreadcrumbList","@id":"https:\/\/now-news.de\/de\/deutschland\/nach-mobbingvorwuerfen-britischer-vizepremier-dominic-raab-tritt-zurueck\/#breadcrumb","itemListElement":[{"@type":"ListItem","position":1,"name":"Home","item":"https:\/\/now-news.de\/de\/"},{"@type":"ListItem","position":2,"name":"Nach Mobbingvorw\u00fcrfen: Britischer Vizepremier Dominic Raab tritt zur\u00fcck"}]},{"@type":"WebSite","@id":"https:\/\/now-news.de\/de\/#website","url":"https:\/\/now-news.de\/de\/","name":"just-now.NEWS Deutschland","description":"Das Portal f\u00fcr unzensierte Nachrichten aus der Welt","publisher":{"@id":"https:\/\/now-news.de\/de\/#organization"},"potentialAction":[{"@type":"SearchAction","target":{"@type":"EntryPoint","urlTemplate":"https:\/\/now-news.de\/de\/?s={search_term_string}"},"query-input":"required name=search_term_string"}],"inLanguage":"de"},{"@type":"Organization","@id":"https:\/\/now-news.de\/de\/#organization","name":"Just Now News","url":"https:\/\/now-news.de\/de\/","logo":{"@type":"ImageObject","inLanguage":"de","@id":"https:\/\/now-news.de\/de\/#\/schema\/logo\/image\/","url":"http:\/\/just-now.news\/de\/wp-content\/uploads\/sites\/3\/2022\/04\/logo500x500.jpg","contentUrl":"http:\/\/just-now.news\/de\/wp-content\/uploads\/sites\/3\/2022\/04\/logo500x500.jpg","width":500,"height":500,"caption":"Just Now News"},"image":{"@id":"https:\/\/now-news.de\/de\/#\/schema\/logo\/image\/"},"sameAs":["https:\/\/www.facebook.com\/wirmachenauf","https:\/\/x.com\/WirMachenAuf_de"]},{"@type":"Person","@id":"https:\/\/now-news.de\/de\/#\/schema\/person\/fb534a4e865501d8b3285208df34a9b5","name":"rtnews","image":{"@type":"ImageObject","inLanguage":"de","@id":"https:\/\/now-news.de\/de\/#\/schema\/person\/image\/","url":"https:\/\/secure.gravatar.com\/avatar\/82aafea7d8127119dd649515f56e2117?s=96&d=mm&r=g","contentUrl":"https:\/\/secure.gravatar.com\/avatar\/82aafea7d8127119dd649515f56e2117?s=96&d=mm&r=g","caption":"rtnews"},"url":"https:\/\/now-news.de\/de\/author\/rnews\/"}]}},"_links":{"self":[{"href":"https:\/\/now-news.de\/de\/wp-json\/wp\/v2\/posts\/34525"}],"collection":[{"href":"https:\/\/now-news.de\/de\/wp-json\/wp\/v2\/posts"}],"about":[{"href":"https:\/\/now-news.de\/de\/wp-json\/wp\/v2\/types\/post"}],"author":[{"embeddable":true,"href":"https:\/\/now-news.de\/de\/wp-json\/wp\/v2\/users\/3"}],"replies":[{"embeddable":true,"href":"https:\/\/now-news.de\/de\/wp-json\/wp\/v2\/comments?post=34525"}],"version-history":[{"count":0,"href":"https:\/\/now-news.de\/de\/wp-json\/wp\/v2\/posts\/34525\/revisions"}],"wp:featuredmedia":[{"embeddable":true,"href":"https:\/\/now-news.de\/de\/wp-json\/wp\/v2\/media\/34526"}],"wp:attachment":[{"href":"https:\/\/now-news.de\/de\/wp-json\/wp\/v2\/media?parent=34525"}],"wp:term":[{"taxonomy":"category","embeddable":true,"href":"https:\/\/now-news.de\/de\/wp-json\/wp\/v2\/categories?post=34525"},{"taxonomy":"post_tag","embeddable":true,"href":"https:\/\/now-news.de\/de\/wp-json\/wp\/v2\/tags?post=34525"}],"curies":[{"name":"wp","href":"https:\/\/api.w.org\/{rel}","templated":true}]}}