{"id":34511,"date":"2023-04-21T14:02:39","date_gmt":"2023-04-21T12:02:39","guid":{"rendered":"https:\/\/just-now.news\/de\/deutschland\/twitter-files-covid-berater-fauci-soll-auch-unter-eid-gelogen-haben\/"},"modified":"2023-04-21T14:02:39","modified_gmt":"2023-04-21T12:02:39","slug":"twitter-files-covid-berater-fauci-soll-auch-unter-eid-gelogen-haben","status":"publish","type":"post","link":"https:\/\/now-news.de\/de\/deutschland\/twitter-files-covid-berater-fauci-soll-auch-unter-eid-gelogen-haben\/","title":{"rendered":"Twitter-Files: COVID-Berater Fauci soll auch unter Eid gelogen haben"},"content":{"rendered":"<p><img decoding=\"async\" src=\"http:\/\/just-now.news\/de\/wp-content\/uploads\/sites\/3\/2023\/04\/644274d5b480cc41b91c9304.jpg\" \/><\/p>\n<div class=\"Text-root Text-type_1 \">\n                In der j\u00fcngsten Analyse eines US-Journalisten werden weitere Widerspr\u00fcche der argumentativen COVID-Allzweckwaffe der USA, Anthony Fauci, aufgedeckt. In einer US-Anh\u00f6rung des Jahres 2022 t\u00e4tigte Fauci w\u00e4hrend seiner Aussagen 174 Mal die Bemerkung:  &#8220;Ich erinnere mich nicht.&#8221;\n            <\/div>\n<p><\/p>\n<div class=\"Text-root Text-type_5 ArticleView-text ViewText-root \">\n<p>Nach der \u00dcbernahme der Social-Media-Plattform Twitter galt als eine der ersten \u00fcberraschenden Ma\u00dfnahmen\u00a0seitens des\u00a0neuen Besitzers Elon Musk die Enth\u00fcllung der kooperativen Momente\u00a0zwischen\u00a0der vormaligen Twitter-Gesch\u00e4ftsf\u00fchrung und staatlichen US-Beh\u00f6rden und Geheimdiensten.<\/p>\n<p>Musk stellte im Anschluss an seine Untersuchungen und Erkenntnisse US-Journalisten die sogenannten Twitter-Files zur Verf\u00fcgung. Diese beinhalten tausende Mails Schriftverkehr zwischen Twitter und den wichtigsten politischen und wissenschaftlichen Protagonisten der Corona-Krise in den USA.<\/p>\n<p>Der 81-j\u00e4hrige Anthony Fauci war bis zu seiner j\u00fcngsten Pensionierung medizinischer Top-Berater mehrerer US-Pr\u00e4sidenten und Chef des Nationalen Instituts f\u00fcr Allergien und Infektionskrankheiten (NIAID). Die <em>Tagesschau<\/em>\u00a0<a rel=\"nofollow noopener\" target=\"_blank\" href=\"https:\/\/www.tagesschau.de\/ausland\/amerika\/fauci-ruecktritt-101.html\">bezeichnete<\/a> ihn im August 2022 als &#8220;Amerikas Stimme der Vernunft&#8221;, bezogen auf sein Agieren in der amerikanischen Corona-Krise.<\/p>\n<p>Der US-Journalist Paul D. Thacker analysierte nun im Rahmen der sogenannten Twitter-Files-Ver\u00f6ffentlichungen in einem <a rel=\"nofollow noopener\" target=\"_blank\" href=\"https:\/\/disinformationchronicle.substack.com\/p\/twitter-files-twitter-loves-dr-fauci\">Substack-Artikel<\/a> genau diese Schaffensphase Faucis. Der Titel lautet:<\/p>\n<blockquote>\n<p><em>&#8220;Twitter liebt Dr. Fauci und die &#8216;Marketingstrategie&#8217; von Big Pharma&#8221;<\/em><\/p>\n<\/blockquote>\n<p>Die Einleitung des Artikels gibt\u00a0bereits einen inhaltlich brisanten Hinweis: Die Dokumente, die bei Twitter aufgedeckt worden seien, deuteten eindeutig darauf hin, dass Anthony Fauci &#8220;unter Eid gelogen hat, und dass ein Social-Media-Unternehmen \u2013 Twitter \u2013 bei der Vermarktung von COVID-Impfstoffen geholfen hat, w\u00e4hrend es Tweets als &#8216;Fehlinformationen&#8217; \u00fcber Impfstoffe gekennzeichnet und entfernt hat&#8221;, so Thacker in seinem Artikel.<\/p>\n<p>Zur Causa Fauci er\u00f6ffnete Musk pers\u00f6nlich den Angriff auf den als unangreifbar, jedoch kontrovers wahrgenommenen US-Mediziner. Am 11. Dezember 2022 lautete ein zweiteiliger Twitter-Beitrag von Musk provokativ:<\/p>\n<blockquote>\n<p><em>&#8220;Meine Pronomen sind Staatsanwaltschaft\/Fauci. Die Wahrheit schwingt mit &#8230;&#8221;<\/em><\/p>\n<\/blockquote>\n<div class=\"EmbedBlock-root EmbedBlock-twitter\">\n<div class=\"TwitterEmbed\">\n<blockquote class=\"twitter-tweet lazyload\" data-twitter=\"twitter-tweet\">\n<p lang=\"en\" dir=\"ltr\">My pronouns are Prosecute\/Fauci<\/p>\n<p>\u2014 Elon Musk (@elonmusk) <a rel=\"nofollow noopener\" target=\"_blank\" href=\"https:\/\/twitter.com\/elonmusk\/status\/1601894132573605888?ref_src=twsrc%5Etfw\">December 11, 2022<\/a><\/p><\/blockquote>\n<\/div>\n<\/div>\n<p>Fauci informierte daraufhin das Millionenpublikum des Senders <em>Fox News<\/em> mit dem Hinweis:<\/p>\n<blockquote>\n<p><em>&#8220;Ich habe keine Ahnung, wovon er spricht (&#8230;) Ich w\u00fcnschte, ich w\u00fcsste es&#8230; Ich habe kein Twitter-Konto. Ich hatte noch nie ein Twitter-Konto. Ich habe auch nicht vor, ein Twitter-Konto zu haben, und ich habe nichts mit Twitter zu tun.&#8221;<\/em><\/p>\n<\/blockquote>\n<div class=\"EmbedBlock-root EmbedBlock-twitter\">\n<div class=\"TwitterEmbed\">\n<blockquote class=\"twitter-tweet lazyload\" data-twitter=\"twitter-tweet\">\n<p lang=\"en\" dir=\"ltr\">Fauci addresses the &#8220;Fauci Files&#8221; and Elon Musk: \u201cI have no idea what he&#8217;s talking about Neil, I wish I did\u2026 I don&#8217;t have a Twitter account. I&#8217;ve never had a Twitter account. I don&#8217;t intend on having a Twitter account and I\u2019ve had nothing to do with Twitter.\u201d <a rel=\"nofollow noopener\" target=\"_blank\" href=\"https:\/\/t.co\/T5VaD0PzPk\">pic.twitter.com\/T5VaD0PzPk<\/a><\/p>\n<p>\u2014 Wittgenstein (@backtolife_2023) <a rel=\"nofollow noopener\" target=\"_blank\" href=\"https:\/\/twitter.com\/backtolife_2023\/status\/1614291905612742656?ref_src=twsrc%5Etfw\">January 14, 2023<\/a><\/p><\/blockquote>\n<\/div>\n<\/div>\n<p>Fauci best\u00e4tigte diese Wahrnehmung bereits im Laufe des Jahres 2022, w\u00e4hrend einer fast 7-st\u00fcndigen Befragung vor dem US-Kongress. Unter Eid habe der damalige medizinische Berater von Pr\u00e4sident Biden geleugnet, &#8220;Twitter zu benutzen oder den sozialen Medien \u00fcberhaupt Aufmerksamkeit zu schenken&#8221;, so Thacker zusammenfassend. Es folgen laut dem Substack-Artikel mehrere Zitate Faucis aus\u00a0ebendieser Anh\u00f6rung:<\/p>\n<blockquote>\n<p><em>&#8220;Ich mache keine sozialen Medien.<\/em><br \/><em>Da ich keinen Twitter-Account habe, sehe ich keine Tweets.\u00a0<\/em><em>Ich bin so distanziert von den sozialen Medien &#8230; Ich habe mich nie damit befasst.\u00a0<\/em><em>Die sozialen Medien und Twitter, ich habe Ihnen gesagt, dass ich keinen Twitter-Account habe. Ich tweete nicht. Ich bin nicht auf Facebook. Ich tue gar nichts.&#8221;<\/em><\/p>\n<\/blockquote>\n<p>Laut dem Journalist Thacker sind diese Aussagen\u00a0allerdings falsch, und stellen folglich mehrfache L\u00fcgen dar. Zu\u00a0dieser\u00a0Erkenntnis hei\u00dft es in seinem Artikel:<\/p>\n<blockquote>\n<p><em>&#8220;Eine neue Twitter-Datei zeigt (&#8230;), dass Anthony Fauci &#8230; den Twitter-Account des Wei\u00dfen Hauses \u00fcbernommen hatte. &#8216;Dr. Anthony Fauci hat einen Account f\u00fcr @WHCOVIDResponse \u00fcbernommen&#8217;, hei\u00dft es in einem Twitter-internen monatlichen COVID-19-Update.&#8221;<\/em><\/p>\n<\/blockquote>\n<div class=\"EmbedBlock-root EmbedBlock-twitter\">\n<div class=\"TwitterEmbed\">\n<blockquote class=\"twitter-tweet lazyload\" data-twitter=\"twitter-tweet\">\n<p lang=\"en\" dir=\"ltr\">4) But in an internal Twitter report in March 2021, the company revealed &#8220;Dr. Anthony Fauci did an account takeover for @WHOCOVIDResponse.&#8221; This runs contrary to Fauci&#8217;s public statements and sworn deposition given on Nov 23, 2022. <a rel=\"nofollow noopener\" target=\"_blank\" href=\"https:\/\/t.co\/SbeKnNOJRx\">pic.twitter.com\/SbeKnNOJRx<\/a><\/p>\n<p>\u2014 Paul D. Thacker (@thackerpd) <a rel=\"nofollow noopener\" target=\"_blank\" href=\"https:\/\/twitter.com\/thackerpd\/status\/1649037545630494720?ref_src=twsrc%5Etfw\">April 20, 2023<\/a><\/p><\/blockquote>\n<\/div>\n<\/div>\n<p>Weiter\u00a0schreibt der Journalist\u00a0in dem Artikel:<\/p>\n<blockquote>\n<p><em>&#8220;In einer separaten Twitter-Datei lobte ein leitender Twitter-Anwalt, der mit dem FBI bei der Durchsetzung und Entfernung von &#8216;Desinformationen&#8217; zusammenarbeitete, Fauci gegen\u00fcber den Twitter-Anw\u00e4lten als Amerikas &#8216;f\u00fchrende vertrauensw\u00fcrdige Stimme&#8217; zu COVID-19.&#8221;<\/em><\/p>\n<\/blockquote>\n<p>Die Generalstaatsanw\u00e4lte von Louisiana und Missouri <a rel=\"nofollow noopener\" target=\"_blank\" href=\"https:\/\/www.zerohedge.com\/political\/twitter-files-dr-anthony-fauci\">verklagten<\/a> laut der US-Seite <em>Zerohedge<\/em> die US-Bundesregierung im Mai 2022 mit der Behauptung, zust\u00e4ndige Beh\u00f6rden &#8220;w\u00fcrden mit Unternehmen der sozialen Medien zusammenarbeiten, um &#8216;freie Meinungs\u00e4u\u00dferung zu zensieren und zu unterdr\u00fccken \u2013 einschlie\u00dflich wahrheitsgem\u00e4\u00dfer Informationen im Zusammenhang mit COVID-19, Wahlintegrit\u00e4t und anderen Themen, unter dem Deckmantel der Bek\u00e4mpfung von &#8216;Fehlinformationen&#8217;.&#8221;<\/p>\n<p>Der Artikel informiert weiter \u00fcber die\u00a0Feststellungen der Staatsanwaltschaft im Rahmen der Anh\u00f6rung Anthony Faucis:<\/p>\n<blockquote>\n<p><em>&#8220;Die Bundestaaten ver\u00f6ffentlichten Faucis Aussage im Dezember letzten Jahres und stellten dabei fest, dass Fauci 174 Mal &#8216;Ich erinnere mich nicht&#8217; sagte; unter anderem auf die Frage nach E-Mails, die er verschickt hatte, nach Interviews, die er gegeben hatte, und nach wichtigen Dokumenten, die ihm gezeigt wurden.&#8221;<\/em><\/p>\n<\/blockquote>\n<p>Die ausgewerteten Twitter-Files belegen laut dem Thacker-Artikel zudem die enge kooperative Zusammenarbeit des Social-Media-Unternehmens mit der Pharmafirma Johnson and Johnson. Ziel von Twitter sei es dabei gewesen, &#8220;die effektive &#8216;Messaging-Strategie&#8217; rund um die Vermarktung des COVID-19-Impfstoffs des Pharmaunternehmens zu unterst\u00fctzen.&#8221; Eine nachweisliche Zusammenarbeit, die demnach nur wenige Monate begann, &#8220;nachdem Twitter damit begonnen hatte, Tweets zu entfernen und zu kennzeichnen, die es als &#8216;Fehlinformationen&#8217; \u00fcber Impfstoffe ansah.&#8221; Im Sommer 2021\u00a0startete das Unternehmen Johnson and Johnson die aktive Vermarktung mehrerer Pharmaprodukte auf Twitter.<\/p>\n<p>Anthony Fauci und seine deutschen Pendants sind\u00a0nach der offiziellen Beendigung der Corona-Pandemie vollkommen unbehelligt beruflich abgetaucht\u00a0\u2013 siehe Christian Drosten von der Berliner Charit\u00e9 \u2013 oder weggelobt worden, wie Lothar Wieler, der ehemalige Corona-Regierungsberater und Leiter\u00a0des Robert Koch-Instituts. Die <em>New York Times<\/em>\u00a0<a rel=\"nofollow noopener\" target=\"_blank\" href=\"https:\/\/www.nytimes.com\/2022\/12\/29\/us\/politics\/anthony-fauci-retirement.html\">titelte<\/a>\u00a0im Dezember 2022 \u00fcber Faucis Abgang lapidar:<\/p>\n<blockquote>\n<p><em> &#8220;Der landesweit f\u00fchrende Experte f\u00fcr Infektionskrankheiten, dessen letzter Tag als Bundesbediensteter am Samstag ist, plant, seine Memoiren zu schreiben, und m\u00f6chte Menschen ermutigen, in den \u00f6ffentlichen Dienst zu gehen.&#8221;<\/em><\/p>\n<\/blockquote>\n<p>Martin Kulldorff, ein in den USA t\u00e4tiger, jedoch in der Corona-Krise\u00a0von Harvard beurlaubter schwedischer Medizinprofessor, teilte der US-Seite <em>Zerohedge<\/em> nach Betrachtung der Fauci-Files mit:<\/p>\n<blockquote>\n<p><em>&#8220;Er ist involviert, auch wenn er die Tweets nicht schreibt. F\u00fcr mich ist das brisant, und es scheint, dass er unter Eid gelogen hat.&#8221;<\/em><\/p>\n<\/blockquote>\n<p>Kulldorff hatte bereits im Jahr 2022 mit mehreren betroffenen Wissenschaftler-Kollegen die US-Bundesregierung wegen <a rel=\"nofollow noopener\" target=\"_blank\" href=\"https:\/\/twitter.com\/MartinKulldorff\/status\/1410339547964076033\">erlebter Zensur<\/a> scharf <a rel=\"nofollow noopener\" target=\"_blank\" href=\"https:\/\/www.dailynews.com\/2022\/12\/31\/the-shameful-suppression-of-pandemic-public-policy-dissidents\/\">kritisiert<\/a>. Er\u00a0fordert diesbez\u00fcglich eine breite juristische Aufarbeitung.<\/p>\n<p><strong>Mehr zum Thema &#8211;<\/strong>\u00a0<a rel=\"nofollow noopener\" target=\"_blank\" href=\"https:\/\/de.rt.com\/international\/156780-zensur-deal-zu-corona-twitter\/\">Zensur-Deal zu Corona: Twitter erm\u00f6glichte US-Gesundheitsbeh\u00f6rde direkte Einflussnahme<\/a><\/p>\n<\/p>\n<\/div>\n<p><script async src=\"https:\/\/platform.twitter.com\/widgets.js\" charset=\"utf-8\"><\/script><br \/>\n<br \/><br \/>\n<br \/><a href=\"https:\/\/de.rt.com\/international\/168203-twitter-files-enthuellungen-us-regierungsberater\/\">Source link <\/a><\/p>\n","protected":false},"excerpt":{"rendered":"<p>In der j\u00fcngsten Analyse eines US-Journalisten werden weitere Widerspr\u00fcche der argumentativen COVID-Allzweckwaffe der USA, Anthony Fauci, aufgedeckt. In einer US-Anh\u00f6rung des Jahres 2022 t\u00e4tigte Fauci w\u00e4hrend seiner Aussagen 174 Mal die Bemerkung: &#8220;Ich erinnere mich nicht.&#8221; Nach der \u00dcbernahme der Social-Media-Plattform Twitter galt als eine der ersten \u00fcberraschenden Ma\u00dfnahmen\u00a0seitens des\u00a0neuen Besitzers Elon Musk die Enth\u00fcllung [&hellip;]<\/p>\n","protected":false},"author":3,"featured_media":34512,"comment_status":"open","ping_status":"open","sticky":false,"template":"","format":"standard","meta":{"_yoast_indexnow_last_ping":["1682079135"],"wp_automatic_camp":["217"],"09af6ed74316a0e37e5a67e3e7782ed9":["Twitter-Files: COVID-Berater Fauci soll auch unter Eid gelogen haben"],"original_link":["https:\/\/de.rt.com\/international\/168203-twitter-files-enthuellungen-us-regierungsberater\/"],"_thumbnail_id":["34512"],"_wptgpro_p2tg_sent2tg":["a:1:{i:23737;s:19:\"2023-04-21 14:13:25\";}"],"jnews_social_counter_last_update":["1777344796"]},"categories":[19,23],"tags":[1475,43358,43359,4934,10591,771,766,37151,908],"yoast_head":"<!-- This site is optimized with the Yoast SEO Premium plugin v22.7 (Yoast SEO v22.7) - https:\/\/yoast.com\/wordpress\/plugins\/seo\/ -->\n<title>Twitter-Files: COVID-Berater Fauci soll auch unter Eid gelogen haben - just-now.NEWS Deutschland<\/title>\n<meta name=\"robots\" content=\"index, follow, max-snippet:-1, max-image-preview:large, max-video-preview:-1\" \/>\n<link rel=\"canonical\" href=\"https:\/\/now-news.de\/de\/deutschland\/twitter-files-covid-berater-fauci-soll-auch-unter-eid-gelogen-haben\/\" \/>\n<meta property=\"og:locale\" content=\"de_DE\" \/>\n<meta property=\"og:type\" content=\"article\" \/>\n<meta property=\"og:title\" content=\"Twitter-Files: COVID-Berater Fauci soll auch unter Eid gelogen haben\" \/>\n<meta property=\"og:description\" content=\"In der j\u00fcngsten Analyse eines US-Journalisten werden weitere Widerspr\u00fcche der argumentativen COVID-Allzweckwaffe der USA, Anthony Fauci, aufgedeckt. In einer US-Anh\u00f6rung des Jahres 2022 t\u00e4tigte Fauci w\u00e4hrend seiner Aussagen 174 Mal die Bemerkung: &#8220;Ich erinnere mich nicht.&#8221; Nach der \u00dcbernahme der Social-Media-Plattform Twitter galt als eine der ersten \u00fcberraschenden Ma\u00dfnahmen\u00a0seitens des\u00a0neuen Besitzers Elon Musk die Enth\u00fcllung [&hellip;]\" \/>\n<meta property=\"og:url\" content=\"https:\/\/now-news.de\/de\/deutschland\/twitter-files-covid-berater-fauci-soll-auch-unter-eid-gelogen-haben\/\" \/>\n<meta property=\"og:site_name\" content=\"just-now.NEWS Deutschland\" \/>\n<meta property=\"article:publisher\" content=\"https:\/\/www.facebook.com\/wirmachenauf\" \/>\n<meta property=\"article:published_time\" content=\"2023-04-21T12:02:39+00:00\" \/>\n<meta property=\"og:image\" content=\"https:\/\/now-news.de\/de\/wp-content\/uploads\/sites\/3\/2023\/04\/Twitter-Files-COVID-Berater-Fauci-soll-auch-unter-Eid-gelogen-haben.jpg\" \/>\n\t<meta property=\"og:image:width\" content=\"460\" \/>\n\t<meta property=\"og:image:height\" content=\"259\" \/>\n\t<meta property=\"og:image:type\" content=\"image\/jpeg\" \/>\n<meta name=\"author\" content=\"rtnews\" \/>\n<meta name=\"twitter:card\" content=\"summary_large_image\" \/>\n<meta name=\"twitter:creator\" content=\"@WirMachenAuf_de\" \/>\n<meta name=\"twitter:site\" content=\"@WirMachenAuf_de\" \/>\n<meta name=\"twitter:label1\" content=\"Verfasst von\" \/>\n\t<meta name=\"twitter:data1\" content=\"rtnews\" \/>\n\t<meta name=\"twitter:label2\" content=\"Gesch\u00e4tzte Lesezeit\" \/>\n\t<meta name=\"twitter:data2\" content=\"5\u00a0Minuten\" \/>\n<script type=\"application\/ld+json\" class=\"yoast-schema-graph\">{\"@context\":\"https:\/\/schema.org\",\"@graph\":[{\"@type\":\"Article\",\"@id\":\"https:\/\/now-news.de\/de\/deutschland\/twitter-files-covid-berater-fauci-soll-auch-unter-eid-gelogen-haben\/#article\",\"isPartOf\":{\"@id\":\"https:\/\/now-news.de\/de\/deutschland\/twitter-files-covid-berater-fauci-soll-auch-unter-eid-gelogen-haben\/\"},\"author\":{\"name\":\"rtnews\",\"@id\":\"https:\/\/now-news.de\/de\/#\/schema\/person\/fb534a4e865501d8b3285208df34a9b5\"},\"headline\":\"Twitter-Files: COVID-Berater Fauci soll auch unter Eid gelogen haben\",\"datePublished\":\"2023-04-21T12:02:39+00:00\",\"dateModified\":\"2023-04-21T12:02:39+00:00\",\"mainEntityOfPage\":{\"@id\":\"https:\/\/now-news.de\/de\/deutschland\/twitter-files-covid-berater-fauci-soll-auch-unter-eid-gelogen-haben\/\"},\"wordCount\":1060,\"commentCount\":0,\"publisher\":{\"@id\":\"https:\/\/now-news.de\/de\/#organization\"},\"image\":{\"@id\":\"https:\/\/now-news.de\/de\/deutschland\/twitter-files-covid-berater-fauci-soll-auch-unter-eid-gelogen-haben\/#primaryimage\"},\"thumbnailUrl\":\"https:\/\/now-news.de\/de\/wp-content\/uploads\/sites\/3\/2023\/04\/Twitter-Files-COVID-Berater-Fauci-soll-auch-unter-Eid-gelogen-haben.jpg\",\"keywords\":[\"auch\",\"COVIDBerater\",\"Eid\",\"fauci\",\"gelogen\",\"haben\",\"soll\",\"TwitterFiles\",\"unter\"],\"articleSection\":[\"Deutschland\",\"Russland\"],\"inLanguage\":\"de\",\"potentialAction\":[{\"@type\":\"CommentAction\",\"name\":\"Comment\",\"target\":[\"https:\/\/now-news.de\/de\/deutschland\/twitter-files-covid-berater-fauci-soll-auch-unter-eid-gelogen-haben\/#respond\"]}]},{\"@type\":\"WebPage\",\"@id\":\"https:\/\/now-news.de\/de\/deutschland\/twitter-files-covid-berater-fauci-soll-auch-unter-eid-gelogen-haben\/\",\"url\":\"https:\/\/now-news.de\/de\/deutschland\/twitter-files-covid-berater-fauci-soll-auch-unter-eid-gelogen-haben\/\",\"name\":\"Twitter-Files: COVID-Berater Fauci soll auch unter Eid gelogen haben - just-now.NEWS Deutschland\",\"isPartOf\":{\"@id\":\"https:\/\/now-news.de\/de\/#website\"},\"primaryImageOfPage\":{\"@id\":\"https:\/\/now-news.de\/de\/deutschland\/twitter-files-covid-berater-fauci-soll-auch-unter-eid-gelogen-haben\/#primaryimage\"},\"image\":{\"@id\":\"https:\/\/now-news.de\/de\/deutschland\/twitter-files-covid-berater-fauci-soll-auch-unter-eid-gelogen-haben\/#primaryimage\"},\"thumbnailUrl\":\"https:\/\/now-news.de\/de\/wp-content\/uploads\/sites\/3\/2023\/04\/Twitter-Files-COVID-Berater-Fauci-soll-auch-unter-Eid-gelogen-haben.jpg\",\"datePublished\":\"2023-04-21T12:02:39+00:00\",\"dateModified\":\"2023-04-21T12:02:39+00:00\",\"breadcrumb\":{\"@id\":\"https:\/\/now-news.de\/de\/deutschland\/twitter-files-covid-berater-fauci-soll-auch-unter-eid-gelogen-haben\/#breadcrumb\"},\"inLanguage\":\"de\",\"potentialAction\":[{\"@type\":\"ReadAction\",\"target\":[\"https:\/\/now-news.de\/de\/deutschland\/twitter-files-covid-berater-fauci-soll-auch-unter-eid-gelogen-haben\/\"]}]},{\"@type\":\"ImageObject\",\"inLanguage\":\"de\",\"@id\":\"https:\/\/now-news.de\/de\/deutschland\/twitter-files-covid-berater-fauci-soll-auch-unter-eid-gelogen-haben\/#primaryimage\",\"url\":\"https:\/\/now-news.de\/de\/wp-content\/uploads\/sites\/3\/2023\/04\/Twitter-Files-COVID-Berater-Fauci-soll-auch-unter-Eid-gelogen-haben.jpg\",\"contentUrl\":\"https:\/\/now-news.de\/de\/wp-content\/uploads\/sites\/3\/2023\/04\/Twitter-Files-COVID-Berater-Fauci-soll-auch-unter-Eid-gelogen-haben.jpg\",\"width\":460,\"height\":259,\"caption\":\"Twitter-Files: COVID-Berater Fauci soll auch unter Eid gelogen haben\"},{\"@type\":\"BreadcrumbList\",\"@id\":\"https:\/\/now-news.de\/de\/deutschland\/twitter-files-covid-berater-fauci-soll-auch-unter-eid-gelogen-haben\/#breadcrumb\",\"itemListElement\":[{\"@type\":\"ListItem\",\"position\":1,\"name\":\"Home\",\"item\":\"https:\/\/now-news.de\/de\/\"},{\"@type\":\"ListItem\",\"position\":2,\"name\":\"Twitter-Files: COVID-Berater Fauci soll auch unter Eid gelogen haben\"}]},{\"@type\":\"WebSite\",\"@id\":\"https:\/\/now-news.de\/de\/#website\",\"url\":\"https:\/\/now-news.de\/de\/\",\"name\":\"just-now.NEWS Deutschland\",\"description\":\"Das Portal f\u00fcr unzensierte Nachrichten aus der Welt\",\"publisher\":{\"@id\":\"https:\/\/now-news.de\/de\/#organization\"},\"potentialAction\":[{\"@type\":\"SearchAction\",\"target\":{\"@type\":\"EntryPoint\",\"urlTemplate\":\"https:\/\/now-news.de\/de\/?s={search_term_string}\"},\"query-input\":\"required name=search_term_string\"}],\"inLanguage\":\"de\"},{\"@type\":\"Organization\",\"@id\":\"https:\/\/now-news.de\/de\/#organization\",\"name\":\"Just Now News\",\"url\":\"https:\/\/now-news.de\/de\/\",\"logo\":{\"@type\":\"ImageObject\",\"inLanguage\":\"de\",\"@id\":\"https:\/\/now-news.de\/de\/#\/schema\/logo\/image\/\",\"url\":\"http:\/\/just-now.news\/de\/wp-content\/uploads\/sites\/3\/2022\/04\/logo500x500.jpg\",\"contentUrl\":\"http:\/\/just-now.news\/de\/wp-content\/uploads\/sites\/3\/2022\/04\/logo500x500.jpg\",\"width\":500,\"height\":500,\"caption\":\"Just Now News\"},\"image\":{\"@id\":\"https:\/\/now-news.de\/de\/#\/schema\/logo\/image\/\"},\"sameAs\":[\"https:\/\/www.facebook.com\/wirmachenauf\",\"https:\/\/x.com\/WirMachenAuf_de\"]},{\"@type\":\"Person\",\"@id\":\"https:\/\/now-news.de\/de\/#\/schema\/person\/fb534a4e865501d8b3285208df34a9b5\",\"name\":\"rtnews\",\"image\":{\"@type\":\"ImageObject\",\"inLanguage\":\"de\",\"@id\":\"https:\/\/now-news.de\/de\/#\/schema\/person\/image\/\",\"url\":\"https:\/\/secure.gravatar.com\/avatar\/82aafea7d8127119dd649515f56e2117?s=96&d=mm&r=g\",\"contentUrl\":\"https:\/\/secure.gravatar.com\/avatar\/82aafea7d8127119dd649515f56e2117?s=96&d=mm&r=g\",\"caption\":\"rtnews\"},\"url\":\"https:\/\/now-news.de\/de\/author\/rnews\/\"}]}<\/script>\n<!-- \/ Yoast SEO Premium plugin. -->","yoast_head_json":{"title":"Twitter-Files: COVID-Berater Fauci soll auch unter Eid gelogen haben - just-now.NEWS Deutschland","robots":{"index":"index","follow":"follow","max-snippet":"max-snippet:-1","max-image-preview":"max-image-preview:large","max-video-preview":"max-video-preview:-1"},"canonical":"https:\/\/now-news.de\/de\/deutschland\/twitter-files-covid-berater-fauci-soll-auch-unter-eid-gelogen-haben\/","og_locale":"de_DE","og_type":"article","og_title":"Twitter-Files: COVID-Berater Fauci soll auch unter Eid gelogen haben","og_description":"In der j\u00fcngsten Analyse eines US-Journalisten werden weitere Widerspr\u00fcche der argumentativen COVID-Allzweckwaffe der USA, Anthony Fauci, aufgedeckt. In einer US-Anh\u00f6rung des Jahres 2022 t\u00e4tigte Fauci w\u00e4hrend seiner Aussagen 174 Mal die Bemerkung: &#8220;Ich erinnere mich nicht.&#8221; Nach der \u00dcbernahme der Social-Media-Plattform Twitter galt als eine der ersten \u00fcberraschenden Ma\u00dfnahmen\u00a0seitens des\u00a0neuen Besitzers Elon Musk die Enth\u00fcllung [&hellip;]","og_url":"https:\/\/now-news.de\/de\/deutschland\/twitter-files-covid-berater-fauci-soll-auch-unter-eid-gelogen-haben\/","og_site_name":"just-now.NEWS Deutschland","article_publisher":"https:\/\/www.facebook.com\/wirmachenauf","article_published_time":"2023-04-21T12:02:39+00:00","og_image":[{"width":460,"height":259,"url":"https:\/\/now-news.de\/de\/wp-content\/uploads\/sites\/3\/2023\/04\/Twitter-Files-COVID-Berater-Fauci-soll-auch-unter-Eid-gelogen-haben.jpg","type":"image\/jpeg"}],"author":"rtnews","twitter_card":"summary_large_image","twitter_creator":"@WirMachenAuf_de","twitter_site":"@WirMachenAuf_de","twitter_misc":{"Verfasst von":"rtnews","Gesch\u00e4tzte Lesezeit":"5\u00a0Minuten"},"schema":{"@context":"https:\/\/schema.org","@graph":[{"@type":"Article","@id":"https:\/\/now-news.de\/de\/deutschland\/twitter-files-covid-berater-fauci-soll-auch-unter-eid-gelogen-haben\/#article","isPartOf":{"@id":"https:\/\/now-news.de\/de\/deutschland\/twitter-files-covid-berater-fauci-soll-auch-unter-eid-gelogen-haben\/"},"author":{"name":"rtnews","@id":"https:\/\/now-news.de\/de\/#\/schema\/person\/fb534a4e865501d8b3285208df34a9b5"},"headline":"Twitter-Files: COVID-Berater Fauci soll auch unter Eid gelogen haben","datePublished":"2023-04-21T12:02:39+00:00","dateModified":"2023-04-21T12:02:39+00:00","mainEntityOfPage":{"@id":"https:\/\/now-news.de\/de\/deutschland\/twitter-files-covid-berater-fauci-soll-auch-unter-eid-gelogen-haben\/"},"wordCount":1060,"commentCount":0,"publisher":{"@id":"https:\/\/now-news.de\/de\/#organization"},"image":{"@id":"https:\/\/now-news.de\/de\/deutschland\/twitter-files-covid-berater-fauci-soll-auch-unter-eid-gelogen-haben\/#primaryimage"},"thumbnailUrl":"https:\/\/now-news.de\/de\/wp-content\/uploads\/sites\/3\/2023\/04\/Twitter-Files-COVID-Berater-Fauci-soll-auch-unter-Eid-gelogen-haben.jpg","keywords":["auch","COVIDBerater","Eid","fauci","gelogen","haben","soll","TwitterFiles","unter"],"articleSection":["Deutschland","Russland"],"inLanguage":"de","potentialAction":[{"@type":"CommentAction","name":"Comment","target":["https:\/\/now-news.de\/de\/deutschland\/twitter-files-covid-berater-fauci-soll-auch-unter-eid-gelogen-haben\/#respond"]}]},{"@type":"WebPage","@id":"https:\/\/now-news.de\/de\/deutschland\/twitter-files-covid-berater-fauci-soll-auch-unter-eid-gelogen-haben\/","url":"https:\/\/now-news.de\/de\/deutschland\/twitter-files-covid-berater-fauci-soll-auch-unter-eid-gelogen-haben\/","name":"Twitter-Files: COVID-Berater Fauci soll auch unter Eid gelogen haben - just-now.NEWS Deutschland","isPartOf":{"@id":"https:\/\/now-news.de\/de\/#website"},"primaryImageOfPage":{"@id":"https:\/\/now-news.de\/de\/deutschland\/twitter-files-covid-berater-fauci-soll-auch-unter-eid-gelogen-haben\/#primaryimage"},"image":{"@id":"https:\/\/now-news.de\/de\/deutschland\/twitter-files-covid-berater-fauci-soll-auch-unter-eid-gelogen-haben\/#primaryimage"},"thumbnailUrl":"https:\/\/now-news.de\/de\/wp-content\/uploads\/sites\/3\/2023\/04\/Twitter-Files-COVID-Berater-Fauci-soll-auch-unter-Eid-gelogen-haben.jpg","datePublished":"2023-04-21T12:02:39+00:00","dateModified":"2023-04-21T12:02:39+00:00","breadcrumb":{"@id":"https:\/\/now-news.de\/de\/deutschland\/twitter-files-covid-berater-fauci-soll-auch-unter-eid-gelogen-haben\/#breadcrumb"},"inLanguage":"de","potentialAction":[{"@type":"ReadAction","target":["https:\/\/now-news.de\/de\/deutschland\/twitter-files-covid-berater-fauci-soll-auch-unter-eid-gelogen-haben\/"]}]},{"@type":"ImageObject","inLanguage":"de","@id":"https:\/\/now-news.de\/de\/deutschland\/twitter-files-covid-berater-fauci-soll-auch-unter-eid-gelogen-haben\/#primaryimage","url":"https:\/\/now-news.de\/de\/wp-content\/uploads\/sites\/3\/2023\/04\/Twitter-Files-COVID-Berater-Fauci-soll-auch-unter-Eid-gelogen-haben.jpg","contentUrl":"https:\/\/now-news.de\/de\/wp-content\/uploads\/sites\/3\/2023\/04\/Twitter-Files-COVID-Berater-Fauci-soll-auch-unter-Eid-gelogen-haben.jpg","width":460,"height":259,"caption":"Twitter-Files: COVID-Berater Fauci soll auch unter Eid gelogen haben"},{"@type":"BreadcrumbList","@id":"https:\/\/now-news.de\/de\/deutschland\/twitter-files-covid-berater-fauci-soll-auch-unter-eid-gelogen-haben\/#breadcrumb","itemListElement":[{"@type":"ListItem","position":1,"name":"Home","item":"https:\/\/now-news.de\/de\/"},{"@type":"ListItem","position":2,"name":"Twitter-Files: COVID-Berater Fauci soll auch unter Eid gelogen haben"}]},{"@type":"WebSite","@id":"https:\/\/now-news.de\/de\/#website","url":"https:\/\/now-news.de\/de\/","name":"just-now.NEWS Deutschland","description":"Das Portal f\u00fcr unzensierte Nachrichten aus der Welt","publisher":{"@id":"https:\/\/now-news.de\/de\/#organization"},"potentialAction":[{"@type":"SearchAction","target":{"@type":"EntryPoint","urlTemplate":"https:\/\/now-news.de\/de\/?s={search_term_string}"},"query-input":"required name=search_term_string"}],"inLanguage":"de"},{"@type":"Organization","@id":"https:\/\/now-news.de\/de\/#organization","name":"Just Now News","url":"https:\/\/now-news.de\/de\/","logo":{"@type":"ImageObject","inLanguage":"de","@id":"https:\/\/now-news.de\/de\/#\/schema\/logo\/image\/","url":"http:\/\/just-now.news\/de\/wp-content\/uploads\/sites\/3\/2022\/04\/logo500x500.jpg","contentUrl":"http:\/\/just-now.news\/de\/wp-content\/uploads\/sites\/3\/2022\/04\/logo500x500.jpg","width":500,"height":500,"caption":"Just Now News"},"image":{"@id":"https:\/\/now-news.de\/de\/#\/schema\/logo\/image\/"},"sameAs":["https:\/\/www.facebook.com\/wirmachenauf","https:\/\/x.com\/WirMachenAuf_de"]},{"@type":"Person","@id":"https:\/\/now-news.de\/de\/#\/schema\/person\/fb534a4e865501d8b3285208df34a9b5","name":"rtnews","image":{"@type":"ImageObject","inLanguage":"de","@id":"https:\/\/now-news.de\/de\/#\/schema\/person\/image\/","url":"https:\/\/secure.gravatar.com\/avatar\/82aafea7d8127119dd649515f56e2117?s=96&d=mm&r=g","contentUrl":"https:\/\/secure.gravatar.com\/avatar\/82aafea7d8127119dd649515f56e2117?s=96&d=mm&r=g","caption":"rtnews"},"url":"https:\/\/now-news.de\/de\/author\/rnews\/"}]}},"_links":{"self":[{"href":"https:\/\/now-news.de\/de\/wp-json\/wp\/v2\/posts\/34511"}],"collection":[{"href":"https:\/\/now-news.de\/de\/wp-json\/wp\/v2\/posts"}],"about":[{"href":"https:\/\/now-news.de\/de\/wp-json\/wp\/v2\/types\/post"}],"author":[{"embeddable":true,"href":"https:\/\/now-news.de\/de\/wp-json\/wp\/v2\/users\/3"}],"replies":[{"embeddable":true,"href":"https:\/\/now-news.de\/de\/wp-json\/wp\/v2\/comments?post=34511"}],"version-history":[{"count":0,"href":"https:\/\/now-news.de\/de\/wp-json\/wp\/v2\/posts\/34511\/revisions"}],"wp:featuredmedia":[{"embeddable":true,"href":"https:\/\/now-news.de\/de\/wp-json\/wp\/v2\/media\/34512"}],"wp:attachment":[{"href":"https:\/\/now-news.de\/de\/wp-json\/wp\/v2\/media?parent=34511"}],"wp:term":[{"taxonomy":"category","embeddable":true,"href":"https:\/\/now-news.de\/de\/wp-json\/wp\/v2\/categories?post=34511"},{"taxonomy":"post_tag","embeddable":true,"href":"https:\/\/now-news.de\/de\/wp-json\/wp\/v2\/tags?post=34511"}],"curies":[{"name":"wp","href":"https:\/\/api.w.org\/{rel}","templated":true}]}}