{"id":34423,"date":"2023-04-20T08:56:20","date_gmt":"2023-04-20T06:56:20","guid":{"rendered":"https:\/\/just-now.news\/de\/deutschland\/der-spiegel-ist-macron-jetzt-voellig-von-sinnen\/"},"modified":"2023-04-20T08:56:20","modified_gmt":"2023-04-20T06:56:20","slug":"der-spiegel-ist-macron-jetzt-voellig-von-sinnen","status":"publish","type":"post","link":"https:\/\/now-news.de\/de\/deutschland\/der-spiegel-ist-macron-jetzt-voellig-von-sinnen\/","title":{"rendered":"Der Spiegel: &quot;Ist Macron jetzt v\u00f6llig von Sinnen?&quot;"},"content":{"rendered":"<p><img decoding=\"async\" src=\"http:\/\/just-now.news\/de\/wp-content\/uploads\/sites\/3\/2023\/04\/643d4cc4b480cc686c0955c9.jpg\" \/><\/p>\n<div class=\"Text-root Text-type_1 \">\n                Auf seinem R\u00fcckflug von Peking nach Paris am 7. April lie\u00df der franz\u00f6sische Pr\u00e4sident einige S\u00e4tze fallen, die in den am st\u00e4rksten ausgerichteten atlantischen Kreisen \u2013 in Frankreich, Europa und den USA \u2013 eine Schockwelle ausl\u00f6sten.\n            <\/div>\n<p><\/p>\n<div class=\"Text-root Text-type_5 ArticleView-text ViewText-root \">\n<p><em>Von Pierre Levy<\/em><\/p>\n<p>In Bezug auf die Taiwan-Frage \u2013 eine Insel, die China als Teil seines Territoriums betrachtet, die aber seit sieben Jahrzehnten von Kr\u00e4ften regiert wird, die eng mit Washington verbunden sind \u2013 pl\u00e4dierte Emmanuel Macron daf\u00fcr, dass die Europ\u00e4ische Union in dieser Frage nicht blindlings die USA, die sich heute in einer eskalierenden Konfrontation mit Peking befinden, unterst\u00fctzen sollte.<\/p>\n<blockquote>\n<p><em>&#8220;Das Schlimmste w\u00e4re zu denken, dass wir Europ\u00e4er in dieser Frage mitlaufen und uns dem amerikanischen Rhythmus und einer chinesischen \u00dcberreaktion anpassen m\u00fcssten&#8221;,<\/em><\/p>\n<\/blockquote>\n<p>sagte der Bewohner des \u00c9lys\u00e9e-Palasts und fuhr fort: &#8220;Wir wollen nicht in eine Logik der Bl\u00f6cke eintreten&#8221;, die die EU dazu zwingen w\u00fcrde, sich schlicht und einfach hinter Washington zu stellen.<\/p>\n<p>Das war nat\u00fcrlich alles, was es brauchte, um den Zorn der bedingungslosen Groupies von Uncle Sam zu entfachen, vor allem in Deutschland. Norbert R\u00f6ttgen, der einst den CDU-Vorsitz anstrebte, emp\u00f6rte sich: &#8220;Macron hat es geschafft, aus seinem China-Besuch eine PR-Aktion f\u00fcr Xi und ein diplomatisches Desaster f\u00fcr Europa zu machen&#8221;.<\/p>\n<p>Der sozialdemokratische Abgeordnete Metin Hakverdi erinnerte an die Analysen des franz\u00f6sischen Staatschefs aus dem Jahr 2021, in denen er die NATO als &#8220;hirntot&#8221; bezeichnete. Hakverdi verlor also die Beherrschung: &#8220;Macron macht es schon wieder. Es ist ein gro\u00dfer Fehler f\u00fcr den Westen, sich in seinen Beziehungen zu Peking spalten zu lassen&#8221;. Schlimmer noch: Der franz\u00f6sische Pr\u00e4sident &#8220;spricht in Peking ohne jegliche Genehmigung der EU&#8221;. Ein wenig mehr, und der Parlamentarier forderte seine Vorf\u00fchrung vor den Internationalen Strafgerichtshof\u00a0\u2026<\/p>\n<p>Die &#8220;Mainstream&#8221;-Presse stimmt mit ein, wie\u00a0<em>Der Spiegel<\/em>, der sich ernsthaft fragte: &#8220;Ist Macron jetzt v\u00f6llig von Sinnen?&#8221;.<\/p>\n<p>Am offensten entlud sich die Wut jedoch in der Tschechischen Republik, deren Regierung sich in letzter Zeit durch diplomatische Initiativen pro Taipeh hervorgetan hatte. Die Senatorin Miroslava N\u011bmcov\u00e1 (ODS, rechts) twitterte w\u00fctend: &#8220;Macron in China hat ein Schl\u00fcsselb\u00fcndnis zwischen Europa und den USA geschw\u00e4cht&#8221;. Der Vorsitzende des Ausschusses f\u00fcr Ausw\u00e4rtige Angelegenheiten im Abgeordnetenhaus, Marek Zenisek (TOP-09, Liberale), erkl\u00e4rte:<\/p>\n<blockquote>\n<p><em>&#8220;Laut Herrn Macron sollten wir uns dem Druck widersetzen, unsere Abh\u00e4ngigkeit von den USA zu verringern, und uns nicht in eine Konfrontation zwischen China und den USA hineinziehen lassen. Das ist absolut besch\u00e4mend und falsch&#8221;.<\/em><\/p>\n<\/blockquote>\n<p>Zumindest ist das klar.<\/p>\n<p>Wie sind angesichts dieses Tumults die \u00c4u\u00dferungen Emmanuel Macrons zu analysieren, die er im \u00dcbrigen einige Tage sp\u00e4ter wiederholte?<\/p>\n<p>Zun\u00e4chst sollte man daran erinnern, dass der franz\u00f6sische Pr\u00e4sident eine gewisse Kontinuit\u00e4t an den Tag legt. Er hat sich immer wieder f\u00fcr eine, wie er es nennt, &#8220;strategische Autonomie&#8221; der EU gegen\u00fcber denjenigen ausgesprochen, die eine l\u00fcckenlose &#8220;atlantische Solidarit\u00e4t&#8221; bevorzugen.<\/p>\n<p>Im Falle Chinas stellt er jedoch klar, dass er keineswegs daf\u00fcr pl\u00e4diert, dass sich Br\u00fcssel &#8220;auf gleicher Distanz&#8221; zu Washington und Peking befindet. Denn er betrachtet die USA als enge Verb\u00fcndete und Freunde und erkennt sich in der klassischen Charakterisierung Chinas durch Br\u00fcssel, die China als &#8220;Partner&#8221;, aber auch als &#8220;Konkurrent&#8221; und &#8220;Rivale&#8221; beschreibt.<\/p>\n<p>Er strebt jedoch danach, die EU zu einem eigenst\u00e4ndigen Block zu machen, der &#8220;europ\u00e4ische Interessen&#8221; vertritt. Er hat sich selbst dar\u00fcber gefreut, dass er in den vergangenen Jahren in dieser Hinsicht bei den 27 ideologisch gepunktet und sie dazu gebracht habe, das Konzept der &#8220;europ\u00e4ischen Souver\u00e4nit\u00e4t&#8221; anzunehmen.<\/p>\n<p>Das Problem ist, dass diese Formulierung ein Oxymoron ist: Sie enth\u00e4lt einen Widerspruch in den Begriffen, der verhindert, dass sie einen konkreten, auf jeden Fall volksfreundlichen Inhalt erh\u00e4lt. Die einzige wirkliche Bedeutung verweist vielmehr auf die wirtschaftlichen Interessen der gro\u00dfen Industrie-, Handels- und Bankkonzerne mit europ\u00e4ischer Basis gegen\u00fcber ihren Rivalen von der anderen Seite des Atlantiks.<\/p>\n<p>Hat also gegen\u00fcber Washington die wirtschaftliche Rivalit\u00e4t Vorrang oder die politische Unterwerfung? In Br\u00fcssel scheint derzeit letzteres die Oberhand zu gewinnen, insbesondere seit dem 24. Februar 2022. Denn der Krieg in der Ukraine hat die extremsten F\u00fchrer \u2013 Polen, Balten, Tschechen, Rum\u00e4nen \u2013 befl\u00fcgelt, w\u00e4hrend Paris, Berlin und einige andere von den geopolitischen Entwicklungen \u00fcberrumpelt worden zu sein scheinen, was Warschau dazu veranlasst hat, zu triumphieren, und zwar mit dem Motto: Seht ihr, wir hatten recht Russland als Todfeind zu bezeichnen.<\/p>\n<p>Die Trennlinie zwischen den Bef\u00fcrwortern eines &#8220;europ\u00e4ischen Europas&#8221; und den Anh\u00e4ngern eines amerikanischen Europas verl\u00e4uft aber nicht unbedingt zwischen den EU-Mitgliedstaaten, sondern vielmehr innerhalb einiger dieser Staaten. In der Bundesrepublik beispielsweise haben die Ultra-Atlantiker derzeit die Oberhand. In den drei Jahrzehnten nach der &#8220;Wiedervereinigung&#8221; war die Zeit jedoch eher reif f\u00fcr die F\u00f6rderung autonomer Interessen, auch gegen\u00fcber den Amerikanern. Dies k\u00f6nnte eines Tages wiederkehren (wenn auch nicht kurzfristig).<\/p>\n<p>Was Frankreich betrifft, woher kommen Macrons Erkl\u00e4rungen? Aus historisch-kulturellen Gr\u00fcnden hat das franz\u00f6sische Volk eine lange Tradition von nationaler Unabh\u00e4ngigkeit (wo seine herrschenden Eliten eher den Reflex der Unterwerfung unter ausl\u00e4ndische M\u00e4chte haben). So sah die Franz\u00f6sische Revolution das koalierte Europa der Aristokratien gegen sich, die sich zusammengeschlossen hatten, um den K\u00f6nig wieder auf den Thron zu bringen; sie ging im September 1792 siegreich daraus hervor. Anderthalb Jahrhunderte sp\u00e4ter bef\u00fcrwortete die \u00fcberwiegende Mehrheit der franz\u00f6sischen Gro\u00dfbourgeoisie die Kollaboration mit Nazi-Deutschland nach dem Motto &#8220;Lieber Hitler als die Volksfront&#8221;; schlie\u00dflich war es die R\u00e9sistance, die entscheidend zum Sieg \u00fcber die Besatzung beitrug. W\u00e4hrend seiner beiden Amtszeiten sorgte dann General de Gaulle daf\u00fcr, dass die von Washington ertr\u00e4umte Hegemonie \u00fcber Frankreich in Schach gehalten wurde.<\/p>\n<p>Leider ist Emmanuel Macron nicht de Gaulle. W\u00e4hrend der erste die Unabh\u00e4ngigkeit jedes Landes verteidigte, tr\u00e4umt sein ferner Nachfolger davon, die nationalen Souver\u00e4nit\u00e4ten in einem europ\u00e4ischen Imperium aufzul\u00f6sen, das seinen Namen nicht nennt. Nun weht der Wind in der Br\u00fcsseler Oligarchie, die wie Ursula von der Leyen mehrheitlich auf Uncle Sam ausgerichtet ist, nicht in seine Richtung. Der franz\u00f6sische Pr\u00e4sident k\u00f6nnte zumindest stolz darauf sein, von Norbert R\u00f6ttgen getadelt zu werden. Eine echte Ehre, aber es ist nicht sicher, ob er sie auch wirklich zu sch\u00e4tzen wei\u00df\u00a0\u2026<\/p>\n<p>In der Zwischenzeit haben all diejenigen in Frankreich, Deutschland und anderswo, die Herrschaft und Abh\u00e4ngigkeiten ablehnen, zumindest einen Grund zur Zufriedenheit: Die Streitigkeiten und Widerspr\u00fcche innerhalb der EU laufen hervorragend. Und ein Ende ist nicht abzusehen.<\/p>\n<p><strong>Mehr zum Thema<\/strong> &#8211;\u00a0<a rel=\"nofollow noopener\" target=\"_blank\" href=\"https:\/\/gegenzensur.rtde.live\/international\/167891-iran-laedt-saudischen-koenig-nach-teheran-ein\/\">Iran l\u00e4dt saudischen K\u00f6nig nach Teheran ein<\/a><\/p>\n<\/p>\n<\/div>\n<p><br \/>\n<br \/><a href=\"https:\/\/de.rt.com\/meinung\/167871-spiegel-ist-macron-jetzt-voellig\/\">Source link <\/a><\/p>\n","protected":false},"excerpt":{"rendered":"<p>Auf seinem R\u00fcckflug von Peking nach Paris am 7. April lie\u00df der franz\u00f6sische Pr\u00e4sident einige S\u00e4tze fallen, die in den am st\u00e4rksten ausgerichteten atlantischen Kreisen \u2013 in Frankreich, Europa und den USA \u2013 eine Schockwelle ausl\u00f6sten. Von Pierre Levy In Bezug auf die Taiwan-Frage \u2013 eine Insel, die China als Teil seines Territoriums betrachtet, die [&hellip;]<\/p>\n","protected":false},"author":3,"featured_media":34424,"comment_status":"open","ping_status":"open","sticky":false,"template":"","format":"standard","meta":{"_yoast_indexnow_last_ping":["1681974186"],"wp_automatic_camp":["217"],"0f36ed0648f53a487fec1279b86a9714":["Der Spiegel: &quot;Ist Macron jetzt v\u00f6llig von Sinnen?&quot;"],"original_link":["https:\/\/de.rt.com\/meinung\/167871-spiegel-ist-macron-jetzt-voellig\/"],"_thumbnail_id":["34424"],"jnews_social_counter_last_update":["1777389936"],"_wptgpro_p2tg_sent2tg":["a:1:{i:23737;s:19:\"2023-04-20 09:04:07\";}"]},"categories":[19,23],"tags":[82,2731,1711,34465,43297,13131,19291,50],"yoast_head":"<!-- This site is optimized with the Yoast SEO Premium plugin v22.7 (Yoast SEO v22.7) - https:\/\/yoast.com\/wordpress\/plugins\/seo\/ -->\n<title>Der Spiegel: &quot;Ist Macron jetzt v\u00f6llig von Sinnen?&quot; - just-now.NEWS Deutschland<\/title>\n<meta name=\"robots\" content=\"index, follow, max-snippet:-1, max-image-preview:large, max-video-preview:-1\" \/>\n<link rel=\"canonical\" href=\"https:\/\/now-news.de\/de\/deutschland\/der-spiegel-ist-macron-jetzt-voellig-von-sinnen\/\" \/>\n<meta property=\"og:locale\" content=\"de_DE\" \/>\n<meta property=\"og:type\" content=\"article\" \/>\n<meta property=\"og:title\" content=\"Der Spiegel: &quot;Ist Macron jetzt v\u00f6llig von Sinnen?&quot;\" \/>\n<meta property=\"og:description\" content=\"Auf seinem R\u00fcckflug von Peking nach Paris am 7. April lie\u00df der franz\u00f6sische Pr\u00e4sident einige S\u00e4tze fallen, die in den am st\u00e4rksten ausgerichteten atlantischen Kreisen \u2013 in Frankreich, Europa und den USA \u2013 eine Schockwelle ausl\u00f6sten. Von Pierre Levy In Bezug auf die Taiwan-Frage \u2013 eine Insel, die China als Teil seines Territoriums betrachtet, die [&hellip;]\" \/>\n<meta property=\"og:url\" content=\"https:\/\/now-news.de\/de\/deutschland\/der-spiegel-ist-macron-jetzt-voellig-von-sinnen\/\" \/>\n<meta property=\"og:site_name\" content=\"just-now.NEWS Deutschland\" \/>\n<meta property=\"article:publisher\" content=\"https:\/\/www.facebook.com\/wirmachenauf\" \/>\n<meta property=\"article:published_time\" content=\"2023-04-20T06:56:20+00:00\" \/>\n<meta property=\"og:image\" content=\"https:\/\/now-news.de\/de\/wp-content\/uploads\/sites\/3\/2023\/04\/Der-Spiegel-quotIst-Macron-jetzt-voellig-von-Sinnenquot.jpg\" \/>\n\t<meta property=\"og:image:width\" content=\"460\" \/>\n\t<meta property=\"og:image:height\" content=\"259\" \/>\n\t<meta property=\"og:image:type\" content=\"image\/jpeg\" \/>\n<meta name=\"author\" content=\"rtnews\" \/>\n<meta name=\"twitter:card\" content=\"summary_large_image\" \/>\n<meta name=\"twitter:creator\" content=\"@WirMachenAuf_de\" \/>\n<meta name=\"twitter:site\" content=\"@WirMachenAuf_de\" \/>\n<meta name=\"twitter:label1\" content=\"Verfasst von\" \/>\n\t<meta name=\"twitter:data1\" content=\"rtnews\" \/>\n\t<meta name=\"twitter:label2\" content=\"Gesch\u00e4tzte Lesezeit\" \/>\n\t<meta name=\"twitter:data2\" content=\"6\u00a0Minuten\" \/>\n<script type=\"application\/ld+json\" class=\"yoast-schema-graph\">{\"@context\":\"https:\/\/schema.org\",\"@graph\":[{\"@type\":\"Article\",\"@id\":\"https:\/\/now-news.de\/de\/deutschland\/der-spiegel-ist-macron-jetzt-voellig-von-sinnen\/#article\",\"isPartOf\":{\"@id\":\"https:\/\/now-news.de\/de\/deutschland\/der-spiegel-ist-macron-jetzt-voellig-von-sinnen\/\"},\"author\":{\"name\":\"rtnews\",\"@id\":\"https:\/\/now-news.de\/de\/#\/schema\/person\/fb534a4e865501d8b3285208df34a9b5\"},\"headline\":\"Der Spiegel: &quot;Ist Macron jetzt v\u00f6llig von Sinnen?&quot;\",\"datePublished\":\"2023-04-20T06:56:20+00:00\",\"dateModified\":\"2023-04-20T06:56:20+00:00\",\"mainEntityOfPage\":{\"@id\":\"https:\/\/now-news.de\/de\/deutschland\/der-spiegel-ist-macron-jetzt-voellig-von-sinnen\/\"},\"wordCount\":1132,\"commentCount\":0,\"publisher\":{\"@id\":\"https:\/\/now-news.de\/de\/#organization\"},\"image\":{\"@id\":\"https:\/\/now-news.de\/de\/deutschland\/der-spiegel-ist-macron-jetzt-voellig-von-sinnen\/#primaryimage\"},\"thumbnailUrl\":\"https:\/\/now-news.de\/de\/wp-content\/uploads\/sites\/3\/2023\/04\/Der-Spiegel-quotIst-Macron-jetzt-voellig-von-Sinnenquot.jpg\",\"keywords\":[\"der\",\"Jetzt\",\"macron\",\"quotIst\",\"Sinnenquot\",\"spiegel\",\"v\u00f6llig\",\"von\"],\"articleSection\":[\"Deutschland\",\"Russland\"],\"inLanguage\":\"de\",\"potentialAction\":[{\"@type\":\"CommentAction\",\"name\":\"Comment\",\"target\":[\"https:\/\/now-news.de\/de\/deutschland\/der-spiegel-ist-macron-jetzt-voellig-von-sinnen\/#respond\"]}]},{\"@type\":\"WebPage\",\"@id\":\"https:\/\/now-news.de\/de\/deutschland\/der-spiegel-ist-macron-jetzt-voellig-von-sinnen\/\",\"url\":\"https:\/\/now-news.de\/de\/deutschland\/der-spiegel-ist-macron-jetzt-voellig-von-sinnen\/\",\"name\":\"Der Spiegel: &quot;Ist Macron jetzt v\u00f6llig von Sinnen?&quot; - just-now.NEWS Deutschland\",\"isPartOf\":{\"@id\":\"https:\/\/now-news.de\/de\/#website\"},\"primaryImageOfPage\":{\"@id\":\"https:\/\/now-news.de\/de\/deutschland\/der-spiegel-ist-macron-jetzt-voellig-von-sinnen\/#primaryimage\"},\"image\":{\"@id\":\"https:\/\/now-news.de\/de\/deutschland\/der-spiegel-ist-macron-jetzt-voellig-von-sinnen\/#primaryimage\"},\"thumbnailUrl\":\"https:\/\/now-news.de\/de\/wp-content\/uploads\/sites\/3\/2023\/04\/Der-Spiegel-quotIst-Macron-jetzt-voellig-von-Sinnenquot.jpg\",\"datePublished\":\"2023-04-20T06:56:20+00:00\",\"dateModified\":\"2023-04-20T06:56:20+00:00\",\"breadcrumb\":{\"@id\":\"https:\/\/now-news.de\/de\/deutschland\/der-spiegel-ist-macron-jetzt-voellig-von-sinnen\/#breadcrumb\"},\"inLanguage\":\"de\",\"potentialAction\":[{\"@type\":\"ReadAction\",\"target\":[\"https:\/\/now-news.de\/de\/deutschland\/der-spiegel-ist-macron-jetzt-voellig-von-sinnen\/\"]}]},{\"@type\":\"ImageObject\",\"inLanguage\":\"de\",\"@id\":\"https:\/\/now-news.de\/de\/deutschland\/der-spiegel-ist-macron-jetzt-voellig-von-sinnen\/#primaryimage\",\"url\":\"https:\/\/now-news.de\/de\/wp-content\/uploads\/sites\/3\/2023\/04\/Der-Spiegel-quotIst-Macron-jetzt-voellig-von-Sinnenquot.jpg\",\"contentUrl\":\"https:\/\/now-news.de\/de\/wp-content\/uploads\/sites\/3\/2023\/04\/Der-Spiegel-quotIst-Macron-jetzt-voellig-von-Sinnenquot.jpg\",\"width\":460,\"height\":259,\"caption\":\"Der Spiegel: &quot;Ist Macron jetzt v\u00f6llig von Sinnen?&quot;\"},{\"@type\":\"BreadcrumbList\",\"@id\":\"https:\/\/now-news.de\/de\/deutschland\/der-spiegel-ist-macron-jetzt-voellig-von-sinnen\/#breadcrumb\",\"itemListElement\":[{\"@type\":\"ListItem\",\"position\":1,\"name\":\"Home\",\"item\":\"https:\/\/now-news.de\/de\/\"},{\"@type\":\"ListItem\",\"position\":2,\"name\":\"Der Spiegel: &quot;Ist Macron jetzt v\u00f6llig von Sinnen?&quot;\"}]},{\"@type\":\"WebSite\",\"@id\":\"https:\/\/now-news.de\/de\/#website\",\"url\":\"https:\/\/now-news.de\/de\/\",\"name\":\"just-now.NEWS Deutschland\",\"description\":\"Das Portal f\u00fcr unzensierte Nachrichten aus der Welt\",\"publisher\":{\"@id\":\"https:\/\/now-news.de\/de\/#organization\"},\"potentialAction\":[{\"@type\":\"SearchAction\",\"target\":{\"@type\":\"EntryPoint\",\"urlTemplate\":\"https:\/\/now-news.de\/de\/?s={search_term_string}\"},\"query-input\":\"required name=search_term_string\"}],\"inLanguage\":\"de\"},{\"@type\":\"Organization\",\"@id\":\"https:\/\/now-news.de\/de\/#organization\",\"name\":\"Just Now News\",\"url\":\"https:\/\/now-news.de\/de\/\",\"logo\":{\"@type\":\"ImageObject\",\"inLanguage\":\"de\",\"@id\":\"https:\/\/now-news.de\/de\/#\/schema\/logo\/image\/\",\"url\":\"http:\/\/just-now.news\/de\/wp-content\/uploads\/sites\/3\/2022\/04\/logo500x500.jpg\",\"contentUrl\":\"http:\/\/just-now.news\/de\/wp-content\/uploads\/sites\/3\/2022\/04\/logo500x500.jpg\",\"width\":500,\"height\":500,\"caption\":\"Just Now News\"},\"image\":{\"@id\":\"https:\/\/now-news.de\/de\/#\/schema\/logo\/image\/\"},\"sameAs\":[\"https:\/\/www.facebook.com\/wirmachenauf\",\"https:\/\/x.com\/WirMachenAuf_de\"]},{\"@type\":\"Person\",\"@id\":\"https:\/\/now-news.de\/de\/#\/schema\/person\/fb534a4e865501d8b3285208df34a9b5\",\"name\":\"rtnews\",\"image\":{\"@type\":\"ImageObject\",\"inLanguage\":\"de\",\"@id\":\"https:\/\/now-news.de\/de\/#\/schema\/person\/image\/\",\"url\":\"https:\/\/secure.gravatar.com\/avatar\/82aafea7d8127119dd649515f56e2117?s=96&d=mm&r=g\",\"contentUrl\":\"https:\/\/secure.gravatar.com\/avatar\/82aafea7d8127119dd649515f56e2117?s=96&d=mm&r=g\",\"caption\":\"rtnews\"},\"url\":\"https:\/\/now-news.de\/de\/author\/rnews\/\"}]}<\/script>\n<!-- \/ Yoast SEO Premium plugin. -->","yoast_head_json":{"title":"Der Spiegel: &quot;Ist Macron jetzt v\u00f6llig von Sinnen?&quot; - just-now.NEWS Deutschland","robots":{"index":"index","follow":"follow","max-snippet":"max-snippet:-1","max-image-preview":"max-image-preview:large","max-video-preview":"max-video-preview:-1"},"canonical":"https:\/\/now-news.de\/de\/deutschland\/der-spiegel-ist-macron-jetzt-voellig-von-sinnen\/","og_locale":"de_DE","og_type":"article","og_title":"Der Spiegel: &quot;Ist Macron jetzt v\u00f6llig von Sinnen?&quot;","og_description":"Auf seinem R\u00fcckflug von Peking nach Paris am 7. April lie\u00df der franz\u00f6sische Pr\u00e4sident einige S\u00e4tze fallen, die in den am st\u00e4rksten ausgerichteten atlantischen Kreisen \u2013 in Frankreich, Europa und den USA \u2013 eine Schockwelle ausl\u00f6sten. Von Pierre Levy In Bezug auf die Taiwan-Frage \u2013 eine Insel, die China als Teil seines Territoriums betrachtet, die [&hellip;]","og_url":"https:\/\/now-news.de\/de\/deutschland\/der-spiegel-ist-macron-jetzt-voellig-von-sinnen\/","og_site_name":"just-now.NEWS Deutschland","article_publisher":"https:\/\/www.facebook.com\/wirmachenauf","article_published_time":"2023-04-20T06:56:20+00:00","og_image":[{"width":460,"height":259,"url":"https:\/\/now-news.de\/de\/wp-content\/uploads\/sites\/3\/2023\/04\/Der-Spiegel-quotIst-Macron-jetzt-voellig-von-Sinnenquot.jpg","type":"image\/jpeg"}],"author":"rtnews","twitter_card":"summary_large_image","twitter_creator":"@WirMachenAuf_de","twitter_site":"@WirMachenAuf_de","twitter_misc":{"Verfasst von":"rtnews","Gesch\u00e4tzte Lesezeit":"6\u00a0Minuten"},"schema":{"@context":"https:\/\/schema.org","@graph":[{"@type":"Article","@id":"https:\/\/now-news.de\/de\/deutschland\/der-spiegel-ist-macron-jetzt-voellig-von-sinnen\/#article","isPartOf":{"@id":"https:\/\/now-news.de\/de\/deutschland\/der-spiegel-ist-macron-jetzt-voellig-von-sinnen\/"},"author":{"name":"rtnews","@id":"https:\/\/now-news.de\/de\/#\/schema\/person\/fb534a4e865501d8b3285208df34a9b5"},"headline":"Der Spiegel: &quot;Ist Macron jetzt v\u00f6llig von Sinnen?&quot;","datePublished":"2023-04-20T06:56:20+00:00","dateModified":"2023-04-20T06:56:20+00:00","mainEntityOfPage":{"@id":"https:\/\/now-news.de\/de\/deutschland\/der-spiegel-ist-macron-jetzt-voellig-von-sinnen\/"},"wordCount":1132,"commentCount":0,"publisher":{"@id":"https:\/\/now-news.de\/de\/#organization"},"image":{"@id":"https:\/\/now-news.de\/de\/deutschland\/der-spiegel-ist-macron-jetzt-voellig-von-sinnen\/#primaryimage"},"thumbnailUrl":"https:\/\/now-news.de\/de\/wp-content\/uploads\/sites\/3\/2023\/04\/Der-Spiegel-quotIst-Macron-jetzt-voellig-von-Sinnenquot.jpg","keywords":["der","Jetzt","macron","quotIst","Sinnenquot","spiegel","v\u00f6llig","von"],"articleSection":["Deutschland","Russland"],"inLanguage":"de","potentialAction":[{"@type":"CommentAction","name":"Comment","target":["https:\/\/now-news.de\/de\/deutschland\/der-spiegel-ist-macron-jetzt-voellig-von-sinnen\/#respond"]}]},{"@type":"WebPage","@id":"https:\/\/now-news.de\/de\/deutschland\/der-spiegel-ist-macron-jetzt-voellig-von-sinnen\/","url":"https:\/\/now-news.de\/de\/deutschland\/der-spiegel-ist-macron-jetzt-voellig-von-sinnen\/","name":"Der Spiegel: &quot;Ist Macron jetzt v\u00f6llig von Sinnen?&quot; - just-now.NEWS Deutschland","isPartOf":{"@id":"https:\/\/now-news.de\/de\/#website"},"primaryImageOfPage":{"@id":"https:\/\/now-news.de\/de\/deutschland\/der-spiegel-ist-macron-jetzt-voellig-von-sinnen\/#primaryimage"},"image":{"@id":"https:\/\/now-news.de\/de\/deutschland\/der-spiegel-ist-macron-jetzt-voellig-von-sinnen\/#primaryimage"},"thumbnailUrl":"https:\/\/now-news.de\/de\/wp-content\/uploads\/sites\/3\/2023\/04\/Der-Spiegel-quotIst-Macron-jetzt-voellig-von-Sinnenquot.jpg","datePublished":"2023-04-20T06:56:20+00:00","dateModified":"2023-04-20T06:56:20+00:00","breadcrumb":{"@id":"https:\/\/now-news.de\/de\/deutschland\/der-spiegel-ist-macron-jetzt-voellig-von-sinnen\/#breadcrumb"},"inLanguage":"de","potentialAction":[{"@type":"ReadAction","target":["https:\/\/now-news.de\/de\/deutschland\/der-spiegel-ist-macron-jetzt-voellig-von-sinnen\/"]}]},{"@type":"ImageObject","inLanguage":"de","@id":"https:\/\/now-news.de\/de\/deutschland\/der-spiegel-ist-macron-jetzt-voellig-von-sinnen\/#primaryimage","url":"https:\/\/now-news.de\/de\/wp-content\/uploads\/sites\/3\/2023\/04\/Der-Spiegel-quotIst-Macron-jetzt-voellig-von-Sinnenquot.jpg","contentUrl":"https:\/\/now-news.de\/de\/wp-content\/uploads\/sites\/3\/2023\/04\/Der-Spiegel-quotIst-Macron-jetzt-voellig-von-Sinnenquot.jpg","width":460,"height":259,"caption":"Der Spiegel: &quot;Ist Macron jetzt v\u00f6llig von Sinnen?&quot;"},{"@type":"BreadcrumbList","@id":"https:\/\/now-news.de\/de\/deutschland\/der-spiegel-ist-macron-jetzt-voellig-von-sinnen\/#breadcrumb","itemListElement":[{"@type":"ListItem","position":1,"name":"Home","item":"https:\/\/now-news.de\/de\/"},{"@type":"ListItem","position":2,"name":"Der Spiegel: &quot;Ist Macron jetzt v\u00f6llig von Sinnen?&quot;"}]},{"@type":"WebSite","@id":"https:\/\/now-news.de\/de\/#website","url":"https:\/\/now-news.de\/de\/","name":"just-now.NEWS Deutschland","description":"Das Portal f\u00fcr unzensierte Nachrichten aus der Welt","publisher":{"@id":"https:\/\/now-news.de\/de\/#organization"},"potentialAction":[{"@type":"SearchAction","target":{"@type":"EntryPoint","urlTemplate":"https:\/\/now-news.de\/de\/?s={search_term_string}"},"query-input":"required name=search_term_string"}],"inLanguage":"de"},{"@type":"Organization","@id":"https:\/\/now-news.de\/de\/#organization","name":"Just Now News","url":"https:\/\/now-news.de\/de\/","logo":{"@type":"ImageObject","inLanguage":"de","@id":"https:\/\/now-news.de\/de\/#\/schema\/logo\/image\/","url":"http:\/\/just-now.news\/de\/wp-content\/uploads\/sites\/3\/2022\/04\/logo500x500.jpg","contentUrl":"http:\/\/just-now.news\/de\/wp-content\/uploads\/sites\/3\/2022\/04\/logo500x500.jpg","width":500,"height":500,"caption":"Just Now News"},"image":{"@id":"https:\/\/now-news.de\/de\/#\/schema\/logo\/image\/"},"sameAs":["https:\/\/www.facebook.com\/wirmachenauf","https:\/\/x.com\/WirMachenAuf_de"]},{"@type":"Person","@id":"https:\/\/now-news.de\/de\/#\/schema\/person\/fb534a4e865501d8b3285208df34a9b5","name":"rtnews","image":{"@type":"ImageObject","inLanguage":"de","@id":"https:\/\/now-news.de\/de\/#\/schema\/person\/image\/","url":"https:\/\/secure.gravatar.com\/avatar\/82aafea7d8127119dd649515f56e2117?s=96&d=mm&r=g","contentUrl":"https:\/\/secure.gravatar.com\/avatar\/82aafea7d8127119dd649515f56e2117?s=96&d=mm&r=g","caption":"rtnews"},"url":"https:\/\/now-news.de\/de\/author\/rnews\/"}]}},"_links":{"self":[{"href":"https:\/\/now-news.de\/de\/wp-json\/wp\/v2\/posts\/34423"}],"collection":[{"href":"https:\/\/now-news.de\/de\/wp-json\/wp\/v2\/posts"}],"about":[{"href":"https:\/\/now-news.de\/de\/wp-json\/wp\/v2\/types\/post"}],"author":[{"embeddable":true,"href":"https:\/\/now-news.de\/de\/wp-json\/wp\/v2\/users\/3"}],"replies":[{"embeddable":true,"href":"https:\/\/now-news.de\/de\/wp-json\/wp\/v2\/comments?post=34423"}],"version-history":[{"count":0,"href":"https:\/\/now-news.de\/de\/wp-json\/wp\/v2\/posts\/34423\/revisions"}],"wp:featuredmedia":[{"embeddable":true,"href":"https:\/\/now-news.de\/de\/wp-json\/wp\/v2\/media\/34424"}],"wp:attachment":[{"href":"https:\/\/now-news.de\/de\/wp-json\/wp\/v2\/media?parent=34423"}],"wp:term":[{"taxonomy":"category","embeddable":true,"href":"https:\/\/now-news.de\/de\/wp-json\/wp\/v2\/categories?post=34423"},{"taxonomy":"post_tag","embeddable":true,"href":"https:\/\/now-news.de\/de\/wp-json\/wp\/v2\/tags?post=34423"}],"curies":[{"name":"wp","href":"https:\/\/api.w.org\/{rel}","templated":true}]}}