{"id":3437,"date":"2022-04-25T18:33:10","date_gmt":"2022-04-25T19:33:10","guid":{"rendered":"http:\/\/just-now.news\/de\/deutschland\/treffen-zum-ukraine-krieg-auf-us-luftwaffenstuetzpunkt-ramstein-20-laender-haben-bereits-zugesagt\/"},"modified":"2022-04-25T18:33:10","modified_gmt":"2022-04-25T19:33:10","slug":"treffen-zum-ukraine-krieg-auf-us-luftwaffenstuetzpunkt-ramstein-20-laender-haben-bereits-zugesagt","status":"publish","type":"post","link":"https:\/\/now-news.de\/de\/deutschland\/treffen-zum-ukraine-krieg-auf-us-luftwaffenstuetzpunkt-ramstein-20-laender-haben-bereits-zugesagt\/","title":{"rendered":"Treffen zum Ukraine-Krieg auf US-Luftwaffenst\u00fctzpunkt Ramstein: 20 L\u00e4nder haben bereits zugesagt"},"content":{"rendered":"<p><\/p>\n<p>Der US-Luftwaffenst\u00fctzpunkt in Ramstein gilt seit jeher als mitunter wichtigster Knotenpunkt der US-Streitkr\u00e4fte au\u00dferhalb der Vereinigten Staaten. Doch seit Beginn des Ukraine-Krieges am 24. Februar hat die Milit\u00e4rbasis nach den Worten des rheinland-pf\u00e4lzischen Innenministers Roger Lewentz (SPD) erneut eine &#8220;unglaubliche <a target=\"_blank\" href=\"https:\/\/test.rtde.live\/inland\/135525-rlp-innenminister-ramstein-wird-als\/\" rel=\"noopener noreferrer\">Bedeutungsaufwertung<\/a> erfahren&#8221;.<\/p>\n<p>Dass Lewentz&#8217; Vermutung offensichtlich den Tatsachen entspricht, l\u00e4sst nun auch eine Pressemitteilung\u00a0von US-Verteidigungsminister Lloyd Austin erahnen. Denn dieser hat f\u00fcr Dienstag Dutzende Verb\u00fcndete der NATO zu einem Treffen im rheinland-pf\u00e4lzischen Ramstein eingeladen. Ziel des Treffens sei die dauerhafte Sicherheit und Souver\u00e4nit\u00e4t der Ukraine.\u00a0<\/p>\n<h4>Der weitere Kriegsverlauf wird in Ramstein beschlossen\u00a0<\/h4>\n<p>&#8220;Interessenvertreter aus bis zu 40 Nationen werden sich am 26. April mit Verteidigungsminister Lloyd Austin auf dem Luftwaffenst\u00fctzpunkt Ramstein in Deutschland treffen, um zu er\u00f6rtern, wie der Ukraine erweiterte und t\u00f6dlichere Hilfe geleistet werden kann&#8221;, hei\u00dft es in der <a target=\"_blank\" href=\"https:\/\/www.defense.gov\/News\/News-Stories\/Article\/Article\/3007229\/austin-to-host-meeting-in-germany-to-discuss-ukraines-long-term-defense-needs\/\" rel=\"noopener noreferrer\">Mitteilung<\/a> vom Freitag.<\/p>\n<p>Bei dem Treffen handele es sich allerdings &#8220;nicht um ein NATO-Ministertreffen&#8221;, sondern um eine Zusammenkunft derjenigen, die daran interessiert seien, die Ukraine bei ihrem Widerstand &#8220;gegen die russische Invasion zu unterst\u00fctzen&#8221;, erkl\u00e4rte Pentagon-Pressesprecher John Kirby gegen\u00fcber Reportern. Eingeladen seien vor allem Verteidigungsminister und hochrangige Milit\u00e4rbedienstete aus L\u00e4ndern weltweit.<\/p>\n<p>&#8220;Eines der Dinge, die sich Austin von dem Treffen erhofft&#8221;, erg\u00e4nzte Kirby, &#8220;ist der Beginn einer Diskussion mit gleichgesinnten Nationen \u00fcber langfristige Verteidigungsbeziehungen, die die Ukraine in Zukunft brauchen wird&#8221;. Man wolle dar\u00fcber reden, &#8220;was jetzt vor sich geht&#8221;, so der Pentagon-Sprecher weiter.\u00a0&#8220;Wir wollen nat\u00fcrlich von anderen Nationen h\u00f6ren, was sie in Bezug auf die unmittelbare Verteidigungshilfe tun und wie sich das \u00e4ndern k\u00f6nnte.&#8221; Mehr als 20 Nationen h\u00e4tten die Einladung demnach bereits angenommen, jedoch st\u00fcnden\u00a0auch noch Antworten aus:<\/p>\n<blockquote>\n<p><em>&#8220;Die Tatsache, dass mehr als 20 Nationen bereits zugestimmt haben, relativ kurzfristig teilzunehmen, ist meiner Meinung nach ein starkes Zeichen f\u00fcr die Einberufungsbefugnis der Vereinigten Staaten und die Bedeutung, die nicht nur wir, sondern auch diese anderen Nationen den Verteidigungsbed\u00fcrfnissen der Ukraine in der Zukunft beimessen.&#8221;<\/em><\/p>\n<\/blockquote>\n<p>Austin habe jedoch keine &#8220;vorgegebene Liste von Dingen&#8221;, zu denen er die Teilnehmer verpflichten wolle, sagte Kirby. Vielmehr wolle er &#8220;von den Verb\u00fcndeten und Partnern und von den Ukrainern selbst h\u00f6ren, was sie tun und was sie in Zukunft brauchen werden&#8221;. Austin werde sich Kirby zufolge nach Abschluss des Treffens an die Presse wenden, um zu erkl\u00e4ren, &#8220;was wir geh\u00f6rt haben und was wir gelernt haben&#8221;.<\/p>\n<p>Das Treffen folgt auf Bitte des ukrainischen Pr\u00e4sidenten Wladimir Selenskij, die USA und andere L\u00e4nder sollten schwerere Waffen und Luftabwehrsysteme zur Unterst\u00fctzung des Kampfes gegen Russland schicken. Zuvor hatte das Wei\u00dfe Haus der Ukraine weitere 800 Millionen US-Dollar an Hilfe zugesagt, darunter Artillerie, Artilleriegeschosse, Fahrzeuge und sogar sogenannte Kamikaze-Drohnen, die Panzer zerst\u00f6ren k\u00f6nnen.\u00a0<\/p>\n<h4>Ramstein als Ort k\u00fcnftiger wichtiger Treffen<\/h4>\n<p>Der US-Luftwaffenst\u00fctzpunkt in Ramstein ist immer wieder Austragungsort wichtiger Treffen zwischen hochrangigen US-Politikern und ihren ausl\u00e4ndischen Kollegen. Zuletzt im vergangenen Jahr, als US-Au\u00dfenminister Antony Blinken und sein damaliger deutscher Amtskollege Heiko Maas (SPD) auf dem St\u00fctzpunkt zusammentrafen,\u00a0um \u00fcber die Konsequenzen aus der Macht\u00fcbernahme der Taliban in Afghanistan zu beraten. Einen Gipfel dieser Dimension gab es allerdings lange nicht mehr. Dabei ist der Sicherheitsapparat des St\u00fctzpunktes bestens auf die mit der Ankunft hochrangiger VIPs einhergehenden Anforderungen zum Schutze dieser gewappnet.<\/p>\n<p>Erst k\u00fcrzlich wurde bekannt, dass auf der\u00a0US Air Base in Ramstein im Januar zum ersten Mal eine <a target=\"_blank\" href=\"https:\/\/test.rtde.live\/inland\/133798-us-air-base-ramstein-us\/\" rel=\"noopener noreferrer\">gemeinsame \u00dcbung<\/a>\u00a0des Geheimdienstes der US-Luftwaffe (OSI) mit franz\u00f6sischen Kollegen der Spezialbeh\u00f6rde f\u00fcr Suche, Unterst\u00fctzung, Intervention und Abschreckung (RAID) stattfand, um die Zusammenarbeit bei &#8220;k\u00fcnftigen realen Szenarien&#8221; in &#8220;gef\u00e4hrlichen Situationen oder Gebieten&#8221; zu trainieren. Eine\u00a0gemeinsame \u00dcbung der beiden Strafverfolgungsbeh\u00f6rden ist durchaus ungew\u00f6hnlich und war dem US-Air-Force-Bericht zufolge auch die erste ihrer Art.<\/p>\n<p>Demnach tauschten sich die Mitglieder der beiden Beh\u00f6rden w\u00e4hrend der mehrere Tage andauernden \u00dcbung zu &#8220;Taktiken, Techniken und Strategien&#8221; zum &#8220;Schutz besonders wichtiger Personen&#8221; aus. Zudem wurde den Anwesenden im Rahmen eines nicht-\u00f6ffentlichen Briefings der Austausch zu &#8220;bew\u00e4hrten Praktiken&#8221; zum Schutz &#8220;wichtiger Personen&#8221; in Gebieten mit erh\u00f6hter Bedrohungslage erm\u00f6glicht.\u00a0<\/p>\n<h4>Der Luftkrieg wird in Ramstein geplant<\/h4>\n<p>Der US-Luftwaffenst\u00fctzpunkt Ramstein beherbergt auch das Headquarters Allied Air Command Ramstein, das 650 Personen starke internationale NATO-Hauptquartier des Kommandos Alliierte Luftstreitkr\u00e4fte.\u00a0Es befehligt die gesamten Luftstreitkr\u00e4fte der NATO und ist zudem seit\u00a0Ende\u00a0Februar f\u00fcr die Planung der Kampfflugzeug-Eins\u00e4tze entlang der NATO-Ostflanke zust\u00e4ndig.\u00a0<\/p>\n<p>Auch das\u00a0Ballistic Missile Defense Command,\u00a0die NATO-Kommandozentrale f\u00fcr die Abwehr ballistischer Raketen, ist auf dem Luftwaffenst\u00fctzpunkt untergebracht.\u00a0Von dem Geb\u00e4udekomplex in Ramstein aus wird die\u00a0Raketenabwehr des B\u00fcndnisses rund um die Uhr \u00fcberwacht.\u00a0In der NATO-Befehlszentrale in Ramstein laufen alle Informationen \u00fcber anfliegende feindliche Raketen zusammen, die zuvor sowohl von boden- und seegest\u00fctzten Radarsystemen als auch von Sensoren in Drohnen sowie Satelliten aufgefangen wurden. Im Falle eines Notfalls werden die boden- und seegest\u00fctzten Abfangraketen von Ramstein aus in Gang gesetzt.<\/p>\n<p><strong>Mehr zum Thema &#8211;<\/strong>\u00a0<a target=\"_blank\" href=\"https:\/\/test.rtde.live\/meinung\/136527-usa-schuetzen-sich-selbst-vor-den-haag-wollen-aber-russland-soll-angeklagt-sehen\/\" rel=\"noopener noreferrer\">Die USA sch\u00fctzen sich selbst vor Den Haag, wollen aber Russland dort angeklagt sehen<\/a><\/p>\n<\/p>\n<p><br \/>\n<br \/><a href=\"https:\/\/de.rt.com\/inland\/136946-treffen-zum-ukraine-krieg-auf\/\">Source link <\/a><\/p>\n","protected":false},"excerpt":{"rendered":"<p>Der US-Luftwaffenst\u00fctzpunkt in Ramstein gilt seit jeher als mitunter wichtigster Knotenpunkt der US-Streitkr\u00e4fte au\u00dferhalb der Vereinigten Staaten. Doch seit Beginn des Ukraine-Krieges am 24. Februar hat die Milit\u00e4rbasis nach den Worten des rheinland-pf\u00e4lzischen Innenministers Roger Lewentz (SPD) erneut eine &#8220;unglaubliche Bedeutungsaufwertung erfahren&#8221;. Dass Lewentz&#8217; Vermutung offensichtlich den Tatsachen entspricht, l\u00e4sst nun auch eine Pressemitteilung\u00a0von US-Verteidigungsminister [&hellip;]<\/p>\n","protected":false},"author":3,"featured_media":3438,"comment_status":"open","ping_status":"open","sticky":false,"template":"","format":"standard","meta":{"wp_automatic_camp":["217"],"c9a74003f34d525543dad78ffff408c9":["Treffen zum Ukraine-Krieg auf US-Luftwaffenst\u00fctzpunkt Ramstein: 20 L\u00e4nder haben bereits zugesagt"],"original_link":["https:\/\/de.rt.com\/inland\/136946-treffen-zum-ukraine-krieg-auf\/"],"_thumbnail_id":["3438"],"wp_automatic_remove_first_image":["yes"],"jnews_social_counter_last_update":["1777265840"]},"categories":[19,23],"tags":[133,10014,771,10013,10012,354,566,10011,10015,565],"yoast_head":"<!-- This site is optimized with the Yoast SEO Premium plugin v22.7 (Yoast SEO v22.7) - https:\/\/yoast.com\/wordpress\/plugins\/seo\/ -->\n<title>Treffen zum Ukraine-Krieg auf US-Luftwaffenst\u00fctzpunkt Ramstein: 20 L\u00e4nder haben bereits zugesagt - just-now.NEWS Deutschland<\/title>\n<meta name=\"robots\" content=\"index, follow, max-snippet:-1, max-image-preview:large, max-video-preview:-1\" \/>\n<link rel=\"canonical\" href=\"https:\/\/now-news.de\/de\/deutschland\/treffen-zum-ukraine-krieg-auf-us-luftwaffenstuetzpunkt-ramstein-20-laender-haben-bereits-zugesagt\/\" \/>\n<meta property=\"og:locale\" content=\"de_DE\" \/>\n<meta property=\"og:type\" content=\"article\" \/>\n<meta property=\"og:title\" content=\"Treffen zum Ukraine-Krieg auf US-Luftwaffenst\u00fctzpunkt Ramstein: 20 L\u00e4nder haben bereits zugesagt\" \/>\n<meta property=\"og:description\" content=\"Der US-Luftwaffenst\u00fctzpunkt in Ramstein gilt seit jeher als mitunter wichtigster Knotenpunkt der US-Streitkr\u00e4fte au\u00dferhalb der Vereinigten Staaten. Doch seit Beginn des Ukraine-Krieges am 24. Februar hat die Milit\u00e4rbasis nach den Worten des rheinland-pf\u00e4lzischen Innenministers Roger Lewentz (SPD) erneut eine &#8220;unglaubliche Bedeutungsaufwertung erfahren&#8221;. Dass Lewentz&#8217; Vermutung offensichtlich den Tatsachen entspricht, l\u00e4sst nun auch eine Pressemitteilung\u00a0von US-Verteidigungsminister [&hellip;]\" \/>\n<meta property=\"og:url\" content=\"https:\/\/now-news.de\/de\/deutschland\/treffen-zum-ukraine-krieg-auf-us-luftwaffenstuetzpunkt-ramstein-20-laender-haben-bereits-zugesagt\/\" \/>\n<meta property=\"og:site_name\" content=\"just-now.NEWS Deutschland\" \/>\n<meta property=\"article:publisher\" content=\"https:\/\/www.facebook.com\/wirmachenauf\" \/>\n<meta property=\"article:published_time\" content=\"2022-04-25T19:33:10+00:00\" \/>\n<meta property=\"og:image\" content=\"https:\/\/now-news.de\/de\/wp-content\/uploads\/sites\/3\/2022\/04\/Treffen-zum-Ukraine-Krieg-auf-US-Luftwaffenstuetzpunkt-Ramstein-20-Laender-haben-bereits.jpg\" \/>\n\t<meta property=\"og:image:width\" content=\"460\" \/>\n\t<meta property=\"og:image:height\" content=\"259\" \/>\n\t<meta property=\"og:image:type\" content=\"image\/jpeg\" \/>\n<meta name=\"author\" content=\"rtnews\" \/>\n<meta name=\"twitter:card\" content=\"summary_large_image\" \/>\n<meta name=\"twitter:creator\" content=\"@WirMachenAuf_de\" \/>\n<meta name=\"twitter:site\" content=\"@WirMachenAuf_de\" \/>\n<meta name=\"twitter:label1\" content=\"Verfasst von\" \/>\n\t<meta name=\"twitter:data1\" content=\"rtnews\" \/>\n\t<meta name=\"twitter:label2\" content=\"Gesch\u00e4tzte Lesezeit\" \/>\n\t<meta name=\"twitter:data2\" content=\"4\u00a0Minuten\" \/>\n<script type=\"application\/ld+json\" class=\"yoast-schema-graph\">{\"@context\":\"https:\/\/schema.org\",\"@graph\":[{\"@type\":\"Article\",\"@id\":\"https:\/\/now-news.de\/de\/deutschland\/treffen-zum-ukraine-krieg-auf-us-luftwaffenstuetzpunkt-ramstein-20-laender-haben-bereits-zugesagt\/#article\",\"isPartOf\":{\"@id\":\"https:\/\/now-news.de\/de\/deutschland\/treffen-zum-ukraine-krieg-auf-us-luftwaffenstuetzpunkt-ramstein-20-laender-haben-bereits-zugesagt\/\"},\"author\":{\"name\":\"rtnews\",\"@id\":\"https:\/\/now-news.de\/de\/#\/schema\/person\/fb534a4e865501d8b3285208df34a9b5\"},\"headline\":\"Treffen zum Ukraine-Krieg auf US-Luftwaffenst\u00fctzpunkt Ramstein: 20 L\u00e4nder haben bereits zugesagt\",\"datePublished\":\"2022-04-25T19:33:10+00:00\",\"dateModified\":\"2022-04-25T19:33:10+00:00\",\"mainEntityOfPage\":{\"@id\":\"https:\/\/now-news.de\/de\/deutschland\/treffen-zum-ukraine-krieg-auf-us-luftwaffenstuetzpunkt-ramstein-20-laender-haben-bereits-zugesagt\/\"},\"wordCount\":865,\"commentCount\":0,\"publisher\":{\"@id\":\"https:\/\/now-news.de\/de\/#organization\"},\"image\":{\"@id\":\"https:\/\/now-news.de\/de\/deutschland\/treffen-zum-ukraine-krieg-auf-us-luftwaffenstuetzpunkt-ramstein-20-laender-haben-bereits-zugesagt\/#primaryimage\"},\"thumbnailUrl\":\"https:\/\/now-news.de\/de\/wp-content\/uploads\/sites\/3\/2022\/04\/Treffen-zum-Ukraine-Krieg-auf-US-Luftwaffenstuetzpunkt-Ramstein-20-Laender-haben-bereits.jpg\",\"keywords\":[\"AUF\",\"bereits\",\"haben\",\"L\u00e4nder\",\"Ramstein\",\"Treffen\",\"UkraineKrieg\",\"USLuftwaffenst\u00fctzpunkt\",\"zugesagt\",\"zum\"],\"articleSection\":[\"Deutschland\",\"Russland\"],\"inLanguage\":\"de\",\"potentialAction\":[{\"@type\":\"CommentAction\",\"name\":\"Comment\",\"target\":[\"https:\/\/now-news.de\/de\/deutschland\/treffen-zum-ukraine-krieg-auf-us-luftwaffenstuetzpunkt-ramstein-20-laender-haben-bereits-zugesagt\/#respond\"]}]},{\"@type\":\"WebPage\",\"@id\":\"https:\/\/now-news.de\/de\/deutschland\/treffen-zum-ukraine-krieg-auf-us-luftwaffenstuetzpunkt-ramstein-20-laender-haben-bereits-zugesagt\/\",\"url\":\"https:\/\/now-news.de\/de\/deutschland\/treffen-zum-ukraine-krieg-auf-us-luftwaffenstuetzpunkt-ramstein-20-laender-haben-bereits-zugesagt\/\",\"name\":\"Treffen zum Ukraine-Krieg auf US-Luftwaffenst\u00fctzpunkt Ramstein: 20 L\u00e4nder haben bereits zugesagt - just-now.NEWS Deutschland\",\"isPartOf\":{\"@id\":\"https:\/\/now-news.de\/de\/#website\"},\"primaryImageOfPage\":{\"@id\":\"https:\/\/now-news.de\/de\/deutschland\/treffen-zum-ukraine-krieg-auf-us-luftwaffenstuetzpunkt-ramstein-20-laender-haben-bereits-zugesagt\/#primaryimage\"},\"image\":{\"@id\":\"https:\/\/now-news.de\/de\/deutschland\/treffen-zum-ukraine-krieg-auf-us-luftwaffenstuetzpunkt-ramstein-20-laender-haben-bereits-zugesagt\/#primaryimage\"},\"thumbnailUrl\":\"https:\/\/now-news.de\/de\/wp-content\/uploads\/sites\/3\/2022\/04\/Treffen-zum-Ukraine-Krieg-auf-US-Luftwaffenstuetzpunkt-Ramstein-20-Laender-haben-bereits.jpg\",\"datePublished\":\"2022-04-25T19:33:10+00:00\",\"dateModified\":\"2022-04-25T19:33:10+00:00\",\"breadcrumb\":{\"@id\":\"https:\/\/now-news.de\/de\/deutschland\/treffen-zum-ukraine-krieg-auf-us-luftwaffenstuetzpunkt-ramstein-20-laender-haben-bereits-zugesagt\/#breadcrumb\"},\"inLanguage\":\"de\",\"potentialAction\":[{\"@type\":\"ReadAction\",\"target\":[\"https:\/\/now-news.de\/de\/deutschland\/treffen-zum-ukraine-krieg-auf-us-luftwaffenstuetzpunkt-ramstein-20-laender-haben-bereits-zugesagt\/\"]}]},{\"@type\":\"ImageObject\",\"inLanguage\":\"de\",\"@id\":\"https:\/\/now-news.de\/de\/deutschland\/treffen-zum-ukraine-krieg-auf-us-luftwaffenstuetzpunkt-ramstein-20-laender-haben-bereits-zugesagt\/#primaryimage\",\"url\":\"https:\/\/now-news.de\/de\/wp-content\/uploads\/sites\/3\/2022\/04\/Treffen-zum-Ukraine-Krieg-auf-US-Luftwaffenstuetzpunkt-Ramstein-20-Laender-haben-bereits.jpg\",\"contentUrl\":\"https:\/\/now-news.de\/de\/wp-content\/uploads\/sites\/3\/2022\/04\/Treffen-zum-Ukraine-Krieg-auf-US-Luftwaffenstuetzpunkt-Ramstein-20-Laender-haben-bereits.jpg\",\"width\":460,\"height\":259},{\"@type\":\"BreadcrumbList\",\"@id\":\"https:\/\/now-news.de\/de\/deutschland\/treffen-zum-ukraine-krieg-auf-us-luftwaffenstuetzpunkt-ramstein-20-laender-haben-bereits-zugesagt\/#breadcrumb\",\"itemListElement\":[{\"@type\":\"ListItem\",\"position\":1,\"name\":\"Home\",\"item\":\"https:\/\/now-news.de\/de\/\"},{\"@type\":\"ListItem\",\"position\":2,\"name\":\"Treffen zum Ukraine-Krieg auf US-Luftwaffenst\u00fctzpunkt Ramstein: 20 L\u00e4nder haben bereits zugesagt\"}]},{\"@type\":\"WebSite\",\"@id\":\"https:\/\/now-news.de\/de\/#website\",\"url\":\"https:\/\/now-news.de\/de\/\",\"name\":\"just-now.NEWS Deutschland\",\"description\":\"Das Portal f\u00fcr unzensierte Nachrichten aus der Welt\",\"publisher\":{\"@id\":\"https:\/\/now-news.de\/de\/#organization\"},\"potentialAction\":[{\"@type\":\"SearchAction\",\"target\":{\"@type\":\"EntryPoint\",\"urlTemplate\":\"https:\/\/now-news.de\/de\/?s={search_term_string}\"},\"query-input\":\"required name=search_term_string\"}],\"inLanguage\":\"de\"},{\"@type\":\"Organization\",\"@id\":\"https:\/\/now-news.de\/de\/#organization\",\"name\":\"Just Now News\",\"url\":\"https:\/\/now-news.de\/de\/\",\"logo\":{\"@type\":\"ImageObject\",\"inLanguage\":\"de\",\"@id\":\"https:\/\/now-news.de\/de\/#\/schema\/logo\/image\/\",\"url\":\"http:\/\/just-now.news\/de\/wp-content\/uploads\/sites\/3\/2022\/04\/logo500x500.jpg\",\"contentUrl\":\"http:\/\/just-now.news\/de\/wp-content\/uploads\/sites\/3\/2022\/04\/logo500x500.jpg\",\"width\":500,\"height\":500,\"caption\":\"Just Now News\"},\"image\":{\"@id\":\"https:\/\/now-news.de\/de\/#\/schema\/logo\/image\/\"},\"sameAs\":[\"https:\/\/www.facebook.com\/wirmachenauf\",\"https:\/\/x.com\/WirMachenAuf_de\"]},{\"@type\":\"Person\",\"@id\":\"https:\/\/now-news.de\/de\/#\/schema\/person\/fb534a4e865501d8b3285208df34a9b5\",\"name\":\"rtnews\",\"image\":{\"@type\":\"ImageObject\",\"inLanguage\":\"de\",\"@id\":\"https:\/\/now-news.de\/de\/#\/schema\/person\/image\/\",\"url\":\"https:\/\/secure.gravatar.com\/avatar\/82aafea7d8127119dd649515f56e2117?s=96&d=mm&r=g\",\"contentUrl\":\"https:\/\/secure.gravatar.com\/avatar\/82aafea7d8127119dd649515f56e2117?s=96&d=mm&r=g\",\"caption\":\"rtnews\"},\"url\":\"https:\/\/now-news.de\/de\/author\/rnews\/\"}]}<\/script>\n<!-- \/ Yoast SEO Premium plugin. -->","yoast_head_json":{"title":"Treffen zum Ukraine-Krieg auf US-Luftwaffenst\u00fctzpunkt Ramstein: 20 L\u00e4nder haben bereits zugesagt - just-now.NEWS Deutschland","robots":{"index":"index","follow":"follow","max-snippet":"max-snippet:-1","max-image-preview":"max-image-preview:large","max-video-preview":"max-video-preview:-1"},"canonical":"https:\/\/now-news.de\/de\/deutschland\/treffen-zum-ukraine-krieg-auf-us-luftwaffenstuetzpunkt-ramstein-20-laender-haben-bereits-zugesagt\/","og_locale":"de_DE","og_type":"article","og_title":"Treffen zum Ukraine-Krieg auf US-Luftwaffenst\u00fctzpunkt Ramstein: 20 L\u00e4nder haben bereits zugesagt","og_description":"Der US-Luftwaffenst\u00fctzpunkt in Ramstein gilt seit jeher als mitunter wichtigster Knotenpunkt der US-Streitkr\u00e4fte au\u00dferhalb der Vereinigten Staaten. Doch seit Beginn des Ukraine-Krieges am 24. Februar hat die Milit\u00e4rbasis nach den Worten des rheinland-pf\u00e4lzischen Innenministers Roger Lewentz (SPD) erneut eine &#8220;unglaubliche Bedeutungsaufwertung erfahren&#8221;. Dass Lewentz&#8217; Vermutung offensichtlich den Tatsachen entspricht, l\u00e4sst nun auch eine Pressemitteilung\u00a0von US-Verteidigungsminister [&hellip;]","og_url":"https:\/\/now-news.de\/de\/deutschland\/treffen-zum-ukraine-krieg-auf-us-luftwaffenstuetzpunkt-ramstein-20-laender-haben-bereits-zugesagt\/","og_site_name":"just-now.NEWS Deutschland","article_publisher":"https:\/\/www.facebook.com\/wirmachenauf","article_published_time":"2022-04-25T19:33:10+00:00","og_image":[{"width":460,"height":259,"url":"https:\/\/now-news.de\/de\/wp-content\/uploads\/sites\/3\/2022\/04\/Treffen-zum-Ukraine-Krieg-auf-US-Luftwaffenstuetzpunkt-Ramstein-20-Laender-haben-bereits.jpg","type":"image\/jpeg"}],"author":"rtnews","twitter_card":"summary_large_image","twitter_creator":"@WirMachenAuf_de","twitter_site":"@WirMachenAuf_de","twitter_misc":{"Verfasst von":"rtnews","Gesch\u00e4tzte Lesezeit":"4\u00a0Minuten"},"schema":{"@context":"https:\/\/schema.org","@graph":[{"@type":"Article","@id":"https:\/\/now-news.de\/de\/deutschland\/treffen-zum-ukraine-krieg-auf-us-luftwaffenstuetzpunkt-ramstein-20-laender-haben-bereits-zugesagt\/#article","isPartOf":{"@id":"https:\/\/now-news.de\/de\/deutschland\/treffen-zum-ukraine-krieg-auf-us-luftwaffenstuetzpunkt-ramstein-20-laender-haben-bereits-zugesagt\/"},"author":{"name":"rtnews","@id":"https:\/\/now-news.de\/de\/#\/schema\/person\/fb534a4e865501d8b3285208df34a9b5"},"headline":"Treffen zum Ukraine-Krieg auf US-Luftwaffenst\u00fctzpunkt Ramstein: 20 L\u00e4nder haben bereits zugesagt","datePublished":"2022-04-25T19:33:10+00:00","dateModified":"2022-04-25T19:33:10+00:00","mainEntityOfPage":{"@id":"https:\/\/now-news.de\/de\/deutschland\/treffen-zum-ukraine-krieg-auf-us-luftwaffenstuetzpunkt-ramstein-20-laender-haben-bereits-zugesagt\/"},"wordCount":865,"commentCount":0,"publisher":{"@id":"https:\/\/now-news.de\/de\/#organization"},"image":{"@id":"https:\/\/now-news.de\/de\/deutschland\/treffen-zum-ukraine-krieg-auf-us-luftwaffenstuetzpunkt-ramstein-20-laender-haben-bereits-zugesagt\/#primaryimage"},"thumbnailUrl":"https:\/\/now-news.de\/de\/wp-content\/uploads\/sites\/3\/2022\/04\/Treffen-zum-Ukraine-Krieg-auf-US-Luftwaffenstuetzpunkt-Ramstein-20-Laender-haben-bereits.jpg","keywords":["AUF","bereits","haben","L\u00e4nder","Ramstein","Treffen","UkraineKrieg","USLuftwaffenst\u00fctzpunkt","zugesagt","zum"],"articleSection":["Deutschland","Russland"],"inLanguage":"de","potentialAction":[{"@type":"CommentAction","name":"Comment","target":["https:\/\/now-news.de\/de\/deutschland\/treffen-zum-ukraine-krieg-auf-us-luftwaffenstuetzpunkt-ramstein-20-laender-haben-bereits-zugesagt\/#respond"]}]},{"@type":"WebPage","@id":"https:\/\/now-news.de\/de\/deutschland\/treffen-zum-ukraine-krieg-auf-us-luftwaffenstuetzpunkt-ramstein-20-laender-haben-bereits-zugesagt\/","url":"https:\/\/now-news.de\/de\/deutschland\/treffen-zum-ukraine-krieg-auf-us-luftwaffenstuetzpunkt-ramstein-20-laender-haben-bereits-zugesagt\/","name":"Treffen zum Ukraine-Krieg auf US-Luftwaffenst\u00fctzpunkt Ramstein: 20 L\u00e4nder haben bereits zugesagt - just-now.NEWS Deutschland","isPartOf":{"@id":"https:\/\/now-news.de\/de\/#website"},"primaryImageOfPage":{"@id":"https:\/\/now-news.de\/de\/deutschland\/treffen-zum-ukraine-krieg-auf-us-luftwaffenstuetzpunkt-ramstein-20-laender-haben-bereits-zugesagt\/#primaryimage"},"image":{"@id":"https:\/\/now-news.de\/de\/deutschland\/treffen-zum-ukraine-krieg-auf-us-luftwaffenstuetzpunkt-ramstein-20-laender-haben-bereits-zugesagt\/#primaryimage"},"thumbnailUrl":"https:\/\/now-news.de\/de\/wp-content\/uploads\/sites\/3\/2022\/04\/Treffen-zum-Ukraine-Krieg-auf-US-Luftwaffenstuetzpunkt-Ramstein-20-Laender-haben-bereits.jpg","datePublished":"2022-04-25T19:33:10+00:00","dateModified":"2022-04-25T19:33:10+00:00","breadcrumb":{"@id":"https:\/\/now-news.de\/de\/deutschland\/treffen-zum-ukraine-krieg-auf-us-luftwaffenstuetzpunkt-ramstein-20-laender-haben-bereits-zugesagt\/#breadcrumb"},"inLanguage":"de","potentialAction":[{"@type":"ReadAction","target":["https:\/\/now-news.de\/de\/deutschland\/treffen-zum-ukraine-krieg-auf-us-luftwaffenstuetzpunkt-ramstein-20-laender-haben-bereits-zugesagt\/"]}]},{"@type":"ImageObject","inLanguage":"de","@id":"https:\/\/now-news.de\/de\/deutschland\/treffen-zum-ukraine-krieg-auf-us-luftwaffenstuetzpunkt-ramstein-20-laender-haben-bereits-zugesagt\/#primaryimage","url":"https:\/\/now-news.de\/de\/wp-content\/uploads\/sites\/3\/2022\/04\/Treffen-zum-Ukraine-Krieg-auf-US-Luftwaffenstuetzpunkt-Ramstein-20-Laender-haben-bereits.jpg","contentUrl":"https:\/\/now-news.de\/de\/wp-content\/uploads\/sites\/3\/2022\/04\/Treffen-zum-Ukraine-Krieg-auf-US-Luftwaffenstuetzpunkt-Ramstein-20-Laender-haben-bereits.jpg","width":460,"height":259},{"@type":"BreadcrumbList","@id":"https:\/\/now-news.de\/de\/deutschland\/treffen-zum-ukraine-krieg-auf-us-luftwaffenstuetzpunkt-ramstein-20-laender-haben-bereits-zugesagt\/#breadcrumb","itemListElement":[{"@type":"ListItem","position":1,"name":"Home","item":"https:\/\/now-news.de\/de\/"},{"@type":"ListItem","position":2,"name":"Treffen zum Ukraine-Krieg auf US-Luftwaffenst\u00fctzpunkt Ramstein: 20 L\u00e4nder haben bereits zugesagt"}]},{"@type":"WebSite","@id":"https:\/\/now-news.de\/de\/#website","url":"https:\/\/now-news.de\/de\/","name":"just-now.NEWS Deutschland","description":"Das Portal f\u00fcr unzensierte Nachrichten aus der Welt","publisher":{"@id":"https:\/\/now-news.de\/de\/#organization"},"potentialAction":[{"@type":"SearchAction","target":{"@type":"EntryPoint","urlTemplate":"https:\/\/now-news.de\/de\/?s={search_term_string}"},"query-input":"required name=search_term_string"}],"inLanguage":"de"},{"@type":"Organization","@id":"https:\/\/now-news.de\/de\/#organization","name":"Just Now News","url":"https:\/\/now-news.de\/de\/","logo":{"@type":"ImageObject","inLanguage":"de","@id":"https:\/\/now-news.de\/de\/#\/schema\/logo\/image\/","url":"http:\/\/just-now.news\/de\/wp-content\/uploads\/sites\/3\/2022\/04\/logo500x500.jpg","contentUrl":"http:\/\/just-now.news\/de\/wp-content\/uploads\/sites\/3\/2022\/04\/logo500x500.jpg","width":500,"height":500,"caption":"Just Now News"},"image":{"@id":"https:\/\/now-news.de\/de\/#\/schema\/logo\/image\/"},"sameAs":["https:\/\/www.facebook.com\/wirmachenauf","https:\/\/x.com\/WirMachenAuf_de"]},{"@type":"Person","@id":"https:\/\/now-news.de\/de\/#\/schema\/person\/fb534a4e865501d8b3285208df34a9b5","name":"rtnews","image":{"@type":"ImageObject","inLanguage":"de","@id":"https:\/\/now-news.de\/de\/#\/schema\/person\/image\/","url":"https:\/\/secure.gravatar.com\/avatar\/82aafea7d8127119dd649515f56e2117?s=96&d=mm&r=g","contentUrl":"https:\/\/secure.gravatar.com\/avatar\/82aafea7d8127119dd649515f56e2117?s=96&d=mm&r=g","caption":"rtnews"},"url":"https:\/\/now-news.de\/de\/author\/rnews\/"}]}},"_links":{"self":[{"href":"https:\/\/now-news.de\/de\/wp-json\/wp\/v2\/posts\/3437"}],"collection":[{"href":"https:\/\/now-news.de\/de\/wp-json\/wp\/v2\/posts"}],"about":[{"href":"https:\/\/now-news.de\/de\/wp-json\/wp\/v2\/types\/post"}],"author":[{"embeddable":true,"href":"https:\/\/now-news.de\/de\/wp-json\/wp\/v2\/users\/3"}],"replies":[{"embeddable":true,"href":"https:\/\/now-news.de\/de\/wp-json\/wp\/v2\/comments?post=3437"}],"version-history":[{"count":0,"href":"https:\/\/now-news.de\/de\/wp-json\/wp\/v2\/posts\/3437\/revisions"}],"wp:featuredmedia":[{"embeddable":true,"href":"https:\/\/now-news.de\/de\/wp-json\/wp\/v2\/media\/3438"}],"wp:attachment":[{"href":"https:\/\/now-news.de\/de\/wp-json\/wp\/v2\/media?parent=3437"}],"wp:term":[{"taxonomy":"category","embeddable":true,"href":"https:\/\/now-news.de\/de\/wp-json\/wp\/v2\/categories?post=3437"},{"taxonomy":"post_tag","embeddable":true,"href":"https:\/\/now-news.de\/de\/wp-json\/wp\/v2\/tags?post=3437"}],"curies":[{"name":"wp","href":"https:\/\/api.w.org\/{rel}","templated":true}]}}