{"id":34336,"date":"2023-04-18T22:02:05","date_gmt":"2023-04-18T20:02:05","guid":{"rendered":"https:\/\/just-now.news\/de\/deutschland\/russland-gedenkmarsch-unsterbliches-regiment-findet-dieses-jahr-nicht-wie-gewohnt-statt\/"},"modified":"2023-04-18T22:02:05","modified_gmt":"2023-04-18T20:02:05","slug":"russland-gedenkmarsch-unsterbliches-regiment-findet-dieses-jahr-nicht-wie-gewohnt-statt","status":"publish","type":"post","link":"https:\/\/now-news.de\/de\/deutschland\/russland-gedenkmarsch-unsterbliches-regiment-findet-dieses-jahr-nicht-wie-gewohnt-statt\/","title":{"rendered":"Russland: Gedenkmarsch &quot;Unsterbliches Regiment&quot; findet dieses Jahr nicht wie gewohnt statt"},"content":{"rendered":"<p><img decoding=\"async\" src=\"http:\/\/just-now.news\/de\/wp-content\/uploads\/sites\/3\/2023\/04\/643e913948fbef479168cdfa.jpg\" \/><\/p>\n<div class=\"Text-root Text-type_1 \">\n                In diesem Jahr verzichtet Russland auf den Gedenkmarsch &#8220;Unsterbliches Regiment&#8221;, der traditionell am Tag des Sieges zahlreiche Teilnehmer versammelt. Zuvor hatten zwei Grenzregionen die Milit\u00e4rparade f\u00fcr den 9. Mai abgesagt.\n            <\/div>\n<p><\/p>\n<div class=\"Text-root Text-type_5 ArticleView-text ViewText-root \">\n<p>Der Pressedienst der Bewegung erkl\u00e4rte am Dienstag auf einer Pressekonferenz, man habe beschlossen, auf das traditionelle Format zu verzichten. Die Organisatoren haben in diesem Jahr aus Sicherheitsgr\u00fcnden keinen Marsch beantragt, sagte\u00a0Jelena Zunajewa, Co-Vorsitzende des zentralen Hauptquartiers der Bewegung &#8220;Unsterbliches Regiment Russlands&#8221;.<\/p>\n<p>Der Vorschlag lautet nun, dass die Russen das Andenken an die Helden &#8220;den ganzen Tag lang&#8221; ehren. Die Kampagne gehe &#8220;\u00fcber das \u00fcbliche Format hinaus&#8221;, f\u00fcgte Zunajewa hinzu. &#8220;Jeder kann ein geeignetes Format f\u00fcr das &#8216;Unsterbliche Regiment&#8217; w\u00e4hlen und \u00fcber seinen Helden sprechen, indem er das Portr\u00e4t eines Veteranen auf einem Auto, auf der Kleidung oder mit einer Anstecknadel anbringt, seinen Avatar in den sozialen Netzwerken \u00e4ndert. Und dann werden die Gesichter der Helden w\u00e4hrend des gesamten Feiertags bei ihren Nachkommen sein, f\u00fcr deren strahlende Zukunft sie gek\u00e4mpft haben&#8221;, erkl\u00e4rte sie.<\/p>\n<p>Kremlsprecher Dmitri Peskow sagte, die Veranstaltung werde auch f\u00fcr Format\u00e4nderungen beliebt sein. &#8220;Alternative Formate werden\u00a0unter den B\u00fcrgern sehr gefragt sein,\u00a0das ist sicher&#8221;, sagte er.<\/p>\n<p>Das &#8220;Unsterbliche Regiment&#8221; wurde im Jahr 2012 in der sibirischen Stadt Tomsk ins Leben gerufen. Seitdem findet der Gedenkmarsch j\u00e4hrlich am Tag des Sieges in Russland sowie im Ausland statt.\u00a0Bei der Aktion handelt es sich um einen Massenmarsch mit Fotos der Kriegsteilnehmer. In den Jahren 2020 und 2021 wurde die Veranstaltung aufgrund der COVID-19-Pandemie online durchgef\u00fchrt.<\/p>\n<p>Anfang April hatten die Beh\u00f6rden zweier an die Ukraine grenzender Regionen mitgeteilt, dass dort keine\u00a0Milit\u00e4rparaden am 9. Mai\u00a0stattfinden werden.\u00a0&#8220;Ich kann jetzt schon sagen, dass es keine Parade geben wird, um den Feind nicht zu provozieren&#8221;,\u00a0erkl\u00e4rte der Gouverneur\u00a0des Gebietes Belgorod. Auch auf der Halbinsel Krim ist die Parade nach vorl\u00e4ufigen Angaben abgesagt.<\/p>\n<p><strong>Mehr zum Thema<\/strong> &#8211; <a rel=\"nofollow noopener\" target=\"_blank\" href=\"https:\/\/gegenzensur.rtde.live\/international\/167273-ukrainischer-bankier-garantiert-belohnung-fuer\/\">Ukrainischer Bankier garantiert Belohnung f\u00fcr Unterbrechung der Siegesparade in Moskau<\/a><\/p>\n<\/p>\n<\/div>\n<p><br \/>\n<br \/><a href=\"https:\/\/de.rt.com\/russland\/167984-russland-gedenkmarsch-unsterbliches-regiment-findet\/\">Source link <\/a><\/p>\n","protected":false},"excerpt":{"rendered":"<p>In diesem Jahr verzichtet Russland auf den Gedenkmarsch &#8220;Unsterbliches Regiment&#8221;, der traditionell am Tag des Sieges zahlreiche Teilnehmer versammelt. Zuvor hatten zwei Grenzregionen die Milit\u00e4rparade f\u00fcr den 9. Mai abgesagt. Der Pressedienst der Bewegung erkl\u00e4rte am Dienstag auf einer Pressekonferenz, man habe beschlossen, auf das traditionelle Format zu verzichten. Die Organisatoren haben in diesem Jahr [&hellip;]<\/p>\n","protected":false},"author":3,"featured_media":34337,"comment_status":"open","ping_status":"open","sticky":false,"template":"","format":"standard","meta":{"_yoast_indexnow_last_ping":["1681851835"],"wp_automatic_camp":["217"],"8a71dbff50086a33ac1da4e50f81924a":["Russland: Gedenkmarsch &quot;Unsterbliches Regiment&quot; findet dieses Jahr nicht wie gewohnt statt"],"original_link":["https:\/\/de.rt.com\/russland\/167984-russland-gedenkmarsch-unsterbliches-regiment-findet\/"],"_thumbnail_id":["34337"],"_wptgpro_p2tg_sent2tg":["a:1:{i:23737;s:19:\"2023-04-18 23:05:00\";}"],"jnews_social_counter_last_update":["1777277426"]},"categories":[19,23],"tags":[1614,431,1611,33549,1615,800,1612,1613,126,6396,579],"yoast_head":"<!-- This site is optimized with the Yoast SEO Premium plugin v22.7 (Yoast SEO v22.7) - https:\/\/yoast.com\/wordpress\/plugins\/seo\/ -->\n<title>Russland: Gedenkmarsch &quot;Unsterbliches Regiment&quot; findet dieses Jahr nicht wie gewohnt statt - just-now.NEWS Deutschland<\/title>\n<meta name=\"robots\" content=\"index, follow, max-snippet:-1, max-image-preview:large, max-video-preview:-1\" \/>\n<link rel=\"canonical\" href=\"https:\/\/now-news.de\/de\/deutschland\/russland-gedenkmarsch-unsterbliches-regiment-findet-dieses-jahr-nicht-wie-gewohnt-statt\/\" \/>\n<meta property=\"og:locale\" content=\"de_DE\" \/>\n<meta property=\"og:type\" content=\"article\" \/>\n<meta property=\"og:title\" content=\"Russland: Gedenkmarsch &quot;Unsterbliches Regiment&quot; findet dieses Jahr nicht wie gewohnt statt\" \/>\n<meta property=\"og:description\" content=\"In diesem Jahr verzichtet Russland auf den Gedenkmarsch &#8220;Unsterbliches Regiment&#8221;, der traditionell am Tag des Sieges zahlreiche Teilnehmer versammelt. Zuvor hatten zwei Grenzregionen die Milit\u00e4rparade f\u00fcr den 9. Mai abgesagt. Der Pressedienst der Bewegung erkl\u00e4rte am Dienstag auf einer Pressekonferenz, man habe beschlossen, auf das traditionelle Format zu verzichten. Die Organisatoren haben in diesem Jahr [&hellip;]\" \/>\n<meta property=\"og:url\" content=\"https:\/\/now-news.de\/de\/deutschland\/russland-gedenkmarsch-unsterbliches-regiment-findet-dieses-jahr-nicht-wie-gewohnt-statt\/\" \/>\n<meta property=\"og:site_name\" content=\"just-now.NEWS Deutschland\" \/>\n<meta property=\"article:publisher\" content=\"https:\/\/www.facebook.com\/wirmachenauf\" \/>\n<meta property=\"article:published_time\" content=\"2023-04-18T20:02:05+00:00\" \/>\n<meta property=\"og:image\" content=\"https:\/\/now-news.de\/de\/wp-content\/uploads\/sites\/3\/2023\/04\/Russland-Gedenkmarsch-quotUnsterbliches-Regimentquot-findet-dieses-Jahr-nicht-wie-gewohnt.jpg\" \/>\n\t<meta property=\"og:image:width\" content=\"460\" \/>\n\t<meta property=\"og:image:height\" content=\"259\" \/>\n\t<meta property=\"og:image:type\" content=\"image\/jpeg\" \/>\n<meta name=\"author\" content=\"rtnews\" \/>\n<meta name=\"twitter:card\" content=\"summary_large_image\" \/>\n<meta name=\"twitter:creator\" content=\"@WirMachenAuf_de\" \/>\n<meta name=\"twitter:site\" content=\"@WirMachenAuf_de\" \/>\n<meta name=\"twitter:label1\" content=\"Verfasst von\" \/>\n\t<meta name=\"twitter:data1\" content=\"rtnews\" \/>\n\t<meta name=\"twitter:label2\" content=\"Gesch\u00e4tzte Lesezeit\" \/>\n\t<meta name=\"twitter:data2\" content=\"2\u00a0Minuten\" \/>\n<script type=\"application\/ld+json\" class=\"yoast-schema-graph\">{\"@context\":\"https:\/\/schema.org\",\"@graph\":[{\"@type\":\"Article\",\"@id\":\"https:\/\/now-news.de\/de\/deutschland\/russland-gedenkmarsch-unsterbliches-regiment-findet-dieses-jahr-nicht-wie-gewohnt-statt\/#article\",\"isPartOf\":{\"@id\":\"https:\/\/now-news.de\/de\/deutschland\/russland-gedenkmarsch-unsterbliches-regiment-findet-dieses-jahr-nicht-wie-gewohnt-statt\/\"},\"author\":{\"name\":\"rtnews\",\"@id\":\"https:\/\/now-news.de\/de\/#\/schema\/person\/fb534a4e865501d8b3285208df34a9b5\"},\"headline\":\"Russland: Gedenkmarsch &quot;Unsterbliches Regiment&quot; findet dieses Jahr nicht wie gewohnt statt\",\"datePublished\":\"2023-04-18T20:02:05+00:00\",\"dateModified\":\"2023-04-18T20:02:05+00:00\",\"mainEntityOfPage\":{\"@id\":\"https:\/\/now-news.de\/de\/deutschland\/russland-gedenkmarsch-unsterbliches-regiment-findet-dieses-jahr-nicht-wie-gewohnt-statt\/\"},\"wordCount\":350,\"commentCount\":0,\"publisher\":{\"@id\":\"https:\/\/now-news.de\/de\/#organization\"},\"image\":{\"@id\":\"https:\/\/now-news.de\/de\/deutschland\/russland-gedenkmarsch-unsterbliches-regiment-findet-dieses-jahr-nicht-wie-gewohnt-statt\/#primaryimage\"},\"thumbnailUrl\":\"https:\/\/now-news.de\/de\/wp-content\/uploads\/sites\/3\/2023\/04\/Russland-Gedenkmarsch-quotUnsterbliches-Regimentquot-findet-dieses-Jahr-nicht-wie-gewohnt.jpg\",\"keywords\":[\"dieses\",\"findet\",\"Gedenkmarsch\",\"gewohnt\",\"Jahr\",\"nicht\",\"quotUnsterbliches\",\"Regimentquot\",\"russland\",\"Statt\",\"Wie\"],\"articleSection\":[\"Deutschland\",\"Russland\"],\"inLanguage\":\"de\",\"potentialAction\":[{\"@type\":\"CommentAction\",\"name\":\"Comment\",\"target\":[\"https:\/\/now-news.de\/de\/deutschland\/russland-gedenkmarsch-unsterbliches-regiment-findet-dieses-jahr-nicht-wie-gewohnt-statt\/#respond\"]}]},{\"@type\":\"WebPage\",\"@id\":\"https:\/\/now-news.de\/de\/deutschland\/russland-gedenkmarsch-unsterbliches-regiment-findet-dieses-jahr-nicht-wie-gewohnt-statt\/\",\"url\":\"https:\/\/now-news.de\/de\/deutschland\/russland-gedenkmarsch-unsterbliches-regiment-findet-dieses-jahr-nicht-wie-gewohnt-statt\/\",\"name\":\"Russland: Gedenkmarsch &quot;Unsterbliches Regiment&quot; findet dieses Jahr nicht wie gewohnt statt - just-now.NEWS Deutschland\",\"isPartOf\":{\"@id\":\"https:\/\/now-news.de\/de\/#website\"},\"primaryImageOfPage\":{\"@id\":\"https:\/\/now-news.de\/de\/deutschland\/russland-gedenkmarsch-unsterbliches-regiment-findet-dieses-jahr-nicht-wie-gewohnt-statt\/#primaryimage\"},\"image\":{\"@id\":\"https:\/\/now-news.de\/de\/deutschland\/russland-gedenkmarsch-unsterbliches-regiment-findet-dieses-jahr-nicht-wie-gewohnt-statt\/#primaryimage\"},\"thumbnailUrl\":\"https:\/\/now-news.de\/de\/wp-content\/uploads\/sites\/3\/2023\/04\/Russland-Gedenkmarsch-quotUnsterbliches-Regimentquot-findet-dieses-Jahr-nicht-wie-gewohnt.jpg\",\"datePublished\":\"2023-04-18T20:02:05+00:00\",\"dateModified\":\"2023-04-18T20:02:05+00:00\",\"breadcrumb\":{\"@id\":\"https:\/\/now-news.de\/de\/deutschland\/russland-gedenkmarsch-unsterbliches-regiment-findet-dieses-jahr-nicht-wie-gewohnt-statt\/#breadcrumb\"},\"inLanguage\":\"de\",\"potentialAction\":[{\"@type\":\"ReadAction\",\"target\":[\"https:\/\/now-news.de\/de\/deutschland\/russland-gedenkmarsch-unsterbliches-regiment-findet-dieses-jahr-nicht-wie-gewohnt-statt\/\"]}]},{\"@type\":\"ImageObject\",\"inLanguage\":\"de\",\"@id\":\"https:\/\/now-news.de\/de\/deutschland\/russland-gedenkmarsch-unsterbliches-regiment-findet-dieses-jahr-nicht-wie-gewohnt-statt\/#primaryimage\",\"url\":\"https:\/\/now-news.de\/de\/wp-content\/uploads\/sites\/3\/2023\/04\/Russland-Gedenkmarsch-quotUnsterbliches-Regimentquot-findet-dieses-Jahr-nicht-wie-gewohnt.jpg\",\"contentUrl\":\"https:\/\/now-news.de\/de\/wp-content\/uploads\/sites\/3\/2023\/04\/Russland-Gedenkmarsch-quotUnsterbliches-Regimentquot-findet-dieses-Jahr-nicht-wie-gewohnt.jpg\",\"width\":460,\"height\":259,\"caption\":\"Russland: Gedenkmarsch &quot;Unsterbliches Regiment&quot; findet dieses Jahr nicht wie gewohnt statt\"},{\"@type\":\"BreadcrumbList\",\"@id\":\"https:\/\/now-news.de\/de\/deutschland\/russland-gedenkmarsch-unsterbliches-regiment-findet-dieses-jahr-nicht-wie-gewohnt-statt\/#breadcrumb\",\"itemListElement\":[{\"@type\":\"ListItem\",\"position\":1,\"name\":\"Home\",\"item\":\"https:\/\/now-news.de\/de\/\"},{\"@type\":\"ListItem\",\"position\":2,\"name\":\"Russland: Gedenkmarsch &quot;Unsterbliches Regiment&quot; findet dieses Jahr nicht wie gewohnt statt\"}]},{\"@type\":\"WebSite\",\"@id\":\"https:\/\/now-news.de\/de\/#website\",\"url\":\"https:\/\/now-news.de\/de\/\",\"name\":\"just-now.NEWS Deutschland\",\"description\":\"Das Portal f\u00fcr unzensierte Nachrichten aus der Welt\",\"publisher\":{\"@id\":\"https:\/\/now-news.de\/de\/#organization\"},\"potentialAction\":[{\"@type\":\"SearchAction\",\"target\":{\"@type\":\"EntryPoint\",\"urlTemplate\":\"https:\/\/now-news.de\/de\/?s={search_term_string}\"},\"query-input\":\"required name=search_term_string\"}],\"inLanguage\":\"de\"},{\"@type\":\"Organization\",\"@id\":\"https:\/\/now-news.de\/de\/#organization\",\"name\":\"Just Now News\",\"url\":\"https:\/\/now-news.de\/de\/\",\"logo\":{\"@type\":\"ImageObject\",\"inLanguage\":\"de\",\"@id\":\"https:\/\/now-news.de\/de\/#\/schema\/logo\/image\/\",\"url\":\"http:\/\/just-now.news\/de\/wp-content\/uploads\/sites\/3\/2022\/04\/logo500x500.jpg\",\"contentUrl\":\"http:\/\/just-now.news\/de\/wp-content\/uploads\/sites\/3\/2022\/04\/logo500x500.jpg\",\"width\":500,\"height\":500,\"caption\":\"Just Now News\"},\"image\":{\"@id\":\"https:\/\/now-news.de\/de\/#\/schema\/logo\/image\/\"},\"sameAs\":[\"https:\/\/www.facebook.com\/wirmachenauf\",\"https:\/\/x.com\/WirMachenAuf_de\"]},{\"@type\":\"Person\",\"@id\":\"https:\/\/now-news.de\/de\/#\/schema\/person\/fb534a4e865501d8b3285208df34a9b5\",\"name\":\"rtnews\",\"image\":{\"@type\":\"ImageObject\",\"inLanguage\":\"de\",\"@id\":\"https:\/\/now-news.de\/de\/#\/schema\/person\/image\/\",\"url\":\"https:\/\/secure.gravatar.com\/avatar\/82aafea7d8127119dd649515f56e2117?s=96&d=mm&r=g\",\"contentUrl\":\"https:\/\/secure.gravatar.com\/avatar\/82aafea7d8127119dd649515f56e2117?s=96&d=mm&r=g\",\"caption\":\"rtnews\"},\"url\":\"https:\/\/now-news.de\/de\/author\/rnews\/\"}]}<\/script>\n<!-- \/ Yoast SEO Premium plugin. -->","yoast_head_json":{"title":"Russland: Gedenkmarsch &quot;Unsterbliches Regiment&quot; findet dieses Jahr nicht wie gewohnt statt - just-now.NEWS Deutschland","robots":{"index":"index","follow":"follow","max-snippet":"max-snippet:-1","max-image-preview":"max-image-preview:large","max-video-preview":"max-video-preview:-1"},"canonical":"https:\/\/now-news.de\/de\/deutschland\/russland-gedenkmarsch-unsterbliches-regiment-findet-dieses-jahr-nicht-wie-gewohnt-statt\/","og_locale":"de_DE","og_type":"article","og_title":"Russland: Gedenkmarsch &quot;Unsterbliches Regiment&quot; findet dieses Jahr nicht wie gewohnt statt","og_description":"In diesem Jahr verzichtet Russland auf den Gedenkmarsch &#8220;Unsterbliches Regiment&#8221;, der traditionell am Tag des Sieges zahlreiche Teilnehmer versammelt. Zuvor hatten zwei Grenzregionen die Milit\u00e4rparade f\u00fcr den 9. Mai abgesagt. Der Pressedienst der Bewegung erkl\u00e4rte am Dienstag auf einer Pressekonferenz, man habe beschlossen, auf das traditionelle Format zu verzichten. Die Organisatoren haben in diesem Jahr [&hellip;]","og_url":"https:\/\/now-news.de\/de\/deutschland\/russland-gedenkmarsch-unsterbliches-regiment-findet-dieses-jahr-nicht-wie-gewohnt-statt\/","og_site_name":"just-now.NEWS Deutschland","article_publisher":"https:\/\/www.facebook.com\/wirmachenauf","article_published_time":"2023-04-18T20:02:05+00:00","og_image":[{"width":460,"height":259,"url":"https:\/\/now-news.de\/de\/wp-content\/uploads\/sites\/3\/2023\/04\/Russland-Gedenkmarsch-quotUnsterbliches-Regimentquot-findet-dieses-Jahr-nicht-wie-gewohnt.jpg","type":"image\/jpeg"}],"author":"rtnews","twitter_card":"summary_large_image","twitter_creator":"@WirMachenAuf_de","twitter_site":"@WirMachenAuf_de","twitter_misc":{"Verfasst von":"rtnews","Gesch\u00e4tzte Lesezeit":"2\u00a0Minuten"},"schema":{"@context":"https:\/\/schema.org","@graph":[{"@type":"Article","@id":"https:\/\/now-news.de\/de\/deutschland\/russland-gedenkmarsch-unsterbliches-regiment-findet-dieses-jahr-nicht-wie-gewohnt-statt\/#article","isPartOf":{"@id":"https:\/\/now-news.de\/de\/deutschland\/russland-gedenkmarsch-unsterbliches-regiment-findet-dieses-jahr-nicht-wie-gewohnt-statt\/"},"author":{"name":"rtnews","@id":"https:\/\/now-news.de\/de\/#\/schema\/person\/fb534a4e865501d8b3285208df34a9b5"},"headline":"Russland: Gedenkmarsch &quot;Unsterbliches Regiment&quot; findet dieses Jahr nicht wie gewohnt statt","datePublished":"2023-04-18T20:02:05+00:00","dateModified":"2023-04-18T20:02:05+00:00","mainEntityOfPage":{"@id":"https:\/\/now-news.de\/de\/deutschland\/russland-gedenkmarsch-unsterbliches-regiment-findet-dieses-jahr-nicht-wie-gewohnt-statt\/"},"wordCount":350,"commentCount":0,"publisher":{"@id":"https:\/\/now-news.de\/de\/#organization"},"image":{"@id":"https:\/\/now-news.de\/de\/deutschland\/russland-gedenkmarsch-unsterbliches-regiment-findet-dieses-jahr-nicht-wie-gewohnt-statt\/#primaryimage"},"thumbnailUrl":"https:\/\/now-news.de\/de\/wp-content\/uploads\/sites\/3\/2023\/04\/Russland-Gedenkmarsch-quotUnsterbliches-Regimentquot-findet-dieses-Jahr-nicht-wie-gewohnt.jpg","keywords":["dieses","findet","Gedenkmarsch","gewohnt","Jahr","nicht","quotUnsterbliches","Regimentquot","russland","Statt","Wie"],"articleSection":["Deutschland","Russland"],"inLanguage":"de","potentialAction":[{"@type":"CommentAction","name":"Comment","target":["https:\/\/now-news.de\/de\/deutschland\/russland-gedenkmarsch-unsterbliches-regiment-findet-dieses-jahr-nicht-wie-gewohnt-statt\/#respond"]}]},{"@type":"WebPage","@id":"https:\/\/now-news.de\/de\/deutschland\/russland-gedenkmarsch-unsterbliches-regiment-findet-dieses-jahr-nicht-wie-gewohnt-statt\/","url":"https:\/\/now-news.de\/de\/deutschland\/russland-gedenkmarsch-unsterbliches-regiment-findet-dieses-jahr-nicht-wie-gewohnt-statt\/","name":"Russland: Gedenkmarsch &quot;Unsterbliches Regiment&quot; findet dieses Jahr nicht wie gewohnt statt - just-now.NEWS Deutschland","isPartOf":{"@id":"https:\/\/now-news.de\/de\/#website"},"primaryImageOfPage":{"@id":"https:\/\/now-news.de\/de\/deutschland\/russland-gedenkmarsch-unsterbliches-regiment-findet-dieses-jahr-nicht-wie-gewohnt-statt\/#primaryimage"},"image":{"@id":"https:\/\/now-news.de\/de\/deutschland\/russland-gedenkmarsch-unsterbliches-regiment-findet-dieses-jahr-nicht-wie-gewohnt-statt\/#primaryimage"},"thumbnailUrl":"https:\/\/now-news.de\/de\/wp-content\/uploads\/sites\/3\/2023\/04\/Russland-Gedenkmarsch-quotUnsterbliches-Regimentquot-findet-dieses-Jahr-nicht-wie-gewohnt.jpg","datePublished":"2023-04-18T20:02:05+00:00","dateModified":"2023-04-18T20:02:05+00:00","breadcrumb":{"@id":"https:\/\/now-news.de\/de\/deutschland\/russland-gedenkmarsch-unsterbliches-regiment-findet-dieses-jahr-nicht-wie-gewohnt-statt\/#breadcrumb"},"inLanguage":"de","potentialAction":[{"@type":"ReadAction","target":["https:\/\/now-news.de\/de\/deutschland\/russland-gedenkmarsch-unsterbliches-regiment-findet-dieses-jahr-nicht-wie-gewohnt-statt\/"]}]},{"@type":"ImageObject","inLanguage":"de","@id":"https:\/\/now-news.de\/de\/deutschland\/russland-gedenkmarsch-unsterbliches-regiment-findet-dieses-jahr-nicht-wie-gewohnt-statt\/#primaryimage","url":"https:\/\/now-news.de\/de\/wp-content\/uploads\/sites\/3\/2023\/04\/Russland-Gedenkmarsch-quotUnsterbliches-Regimentquot-findet-dieses-Jahr-nicht-wie-gewohnt.jpg","contentUrl":"https:\/\/now-news.de\/de\/wp-content\/uploads\/sites\/3\/2023\/04\/Russland-Gedenkmarsch-quotUnsterbliches-Regimentquot-findet-dieses-Jahr-nicht-wie-gewohnt.jpg","width":460,"height":259,"caption":"Russland: Gedenkmarsch &quot;Unsterbliches Regiment&quot; findet dieses Jahr nicht wie gewohnt statt"},{"@type":"BreadcrumbList","@id":"https:\/\/now-news.de\/de\/deutschland\/russland-gedenkmarsch-unsterbliches-regiment-findet-dieses-jahr-nicht-wie-gewohnt-statt\/#breadcrumb","itemListElement":[{"@type":"ListItem","position":1,"name":"Home","item":"https:\/\/now-news.de\/de\/"},{"@type":"ListItem","position":2,"name":"Russland: Gedenkmarsch &quot;Unsterbliches Regiment&quot; findet dieses Jahr nicht wie gewohnt statt"}]},{"@type":"WebSite","@id":"https:\/\/now-news.de\/de\/#website","url":"https:\/\/now-news.de\/de\/","name":"just-now.NEWS Deutschland","description":"Das Portal f\u00fcr unzensierte Nachrichten aus der Welt","publisher":{"@id":"https:\/\/now-news.de\/de\/#organization"},"potentialAction":[{"@type":"SearchAction","target":{"@type":"EntryPoint","urlTemplate":"https:\/\/now-news.de\/de\/?s={search_term_string}"},"query-input":"required name=search_term_string"}],"inLanguage":"de"},{"@type":"Organization","@id":"https:\/\/now-news.de\/de\/#organization","name":"Just Now News","url":"https:\/\/now-news.de\/de\/","logo":{"@type":"ImageObject","inLanguage":"de","@id":"https:\/\/now-news.de\/de\/#\/schema\/logo\/image\/","url":"http:\/\/just-now.news\/de\/wp-content\/uploads\/sites\/3\/2022\/04\/logo500x500.jpg","contentUrl":"http:\/\/just-now.news\/de\/wp-content\/uploads\/sites\/3\/2022\/04\/logo500x500.jpg","width":500,"height":500,"caption":"Just Now News"},"image":{"@id":"https:\/\/now-news.de\/de\/#\/schema\/logo\/image\/"},"sameAs":["https:\/\/www.facebook.com\/wirmachenauf","https:\/\/x.com\/WirMachenAuf_de"]},{"@type":"Person","@id":"https:\/\/now-news.de\/de\/#\/schema\/person\/fb534a4e865501d8b3285208df34a9b5","name":"rtnews","image":{"@type":"ImageObject","inLanguage":"de","@id":"https:\/\/now-news.de\/de\/#\/schema\/person\/image\/","url":"https:\/\/secure.gravatar.com\/avatar\/82aafea7d8127119dd649515f56e2117?s=96&d=mm&r=g","contentUrl":"https:\/\/secure.gravatar.com\/avatar\/82aafea7d8127119dd649515f56e2117?s=96&d=mm&r=g","caption":"rtnews"},"url":"https:\/\/now-news.de\/de\/author\/rnews\/"}]}},"_links":{"self":[{"href":"https:\/\/now-news.de\/de\/wp-json\/wp\/v2\/posts\/34336"}],"collection":[{"href":"https:\/\/now-news.de\/de\/wp-json\/wp\/v2\/posts"}],"about":[{"href":"https:\/\/now-news.de\/de\/wp-json\/wp\/v2\/types\/post"}],"author":[{"embeddable":true,"href":"https:\/\/now-news.de\/de\/wp-json\/wp\/v2\/users\/3"}],"replies":[{"embeddable":true,"href":"https:\/\/now-news.de\/de\/wp-json\/wp\/v2\/comments?post=34336"}],"version-history":[{"count":0,"href":"https:\/\/now-news.de\/de\/wp-json\/wp\/v2\/posts\/34336\/revisions"}],"wp:featuredmedia":[{"embeddable":true,"href":"https:\/\/now-news.de\/de\/wp-json\/wp\/v2\/media\/34337"}],"wp:attachment":[{"href":"https:\/\/now-news.de\/de\/wp-json\/wp\/v2\/media?parent=34336"}],"wp:term":[{"taxonomy":"category","embeddable":true,"href":"https:\/\/now-news.de\/de\/wp-json\/wp\/v2\/categories?post=34336"},{"taxonomy":"post_tag","embeddable":true,"href":"https:\/\/now-news.de\/de\/wp-json\/wp\/v2\/tags?post=34336"}],"curies":[{"name":"wp","href":"https:\/\/api.w.org\/{rel}","templated":true}]}}