{"id":34314,"date":"2023-04-18T18:58:03","date_gmt":"2023-04-18T16:58:03","guid":{"rendered":"http:\/\/just-now.news\/de\/deutschland\/kindesentziehung-ukrainische-fluechtlingsmuetter-bitten-um-hilfe-teil-1\/"},"modified":"2023-04-18T18:58:03","modified_gmt":"2023-04-18T16:58:03","slug":"kindesentziehung-ukrainische-fluechtlingsmuetter-bitten-um-hilfe-teil-1","status":"publish","type":"post","link":"https:\/\/now-news.de\/de\/deutschland\/kindesentziehung-ukrainische-fluechtlingsmuetter-bitten-um-hilfe-teil-1\/","title":{"rendered":"&quot;Kindesentziehung&quot;: Ukrainische Fl\u00fcchtlingsm\u00fctter bitten um Hilfe (Teil 1)"},"content":{"rendered":"<p><img decoding=\"async\" src=\"http:\/\/just-now.news\/de\/wp-content\/uploads\/sites\/3\/2023\/04\/643d8826b480cc68973f844f.jpg\" \/><\/p>\n<div class=\"Text-root Text-type_1 \">\n                Schutzlos und entrechtet: Ukrainische Fl\u00fcchtlingsm\u00fctter bitten um Hilfe. Sie k\u00e4mpfen um die R\u00fcckgabe ihrer ihnen entzogenen Kinder in Deutschland, Spanien und Portugal. In Westeuropa ist von einer Dunkelziffer auszugehen.\n            <\/div>\n<p><\/p>\n<div class=\"Text-root Text-type_5 ArticleView-text ViewText-root \">\n<p><em>Von Maria M\u00fcller<\/em><\/p>\n<p>Ein bislang rundweg verschwiegenes Thema kommt allm\u00e4hlich an die \u00d6ffentlichkeit: Ukrainische Fl\u00fcchtlingskinder sind in Deutschland und in anderen westeurop\u00e4ischen L\u00e4ndern regelrecht gef\u00e4hrdet. Sie werden von ihren Familienangeh\u00f6rigen getrennt, meist handelt es sich um alleinerziehende M\u00fctter. Auch die traumatischen Folgen der Trennung und Isolierung f\u00fcr Mutter und Kind sind offenbar kein Thema, weder f\u00fcr Jugend\u00e4mter noch f\u00fcr bereitwillige \u00c4rzte, Psychologen und Richter. Sie handeln nach dem unausgesprochenen Konsens: Ukrainische Kinder sollen \u00fcber einen lang andauernden Aufenthalt bei Pflegeeltern faktisch und praktisch &#8220;adoptiert&#8221; werden, obwohl die offizielle Adoption von Kindern aus Kriegsgebieten in Deutschland aus guten Gr\u00fcnden verboten ist.<\/p>\n<p>Wenn das ukrainische Kleinkind, das nach einem l\u00e4ngeren Zeitraum inzwischen in eine deutsche Familie integriert ist und Deutsch spricht, nicht mehr zur leiblichen ukrainischen Mutter zur\u00fcckkehren will (die sie monatelang nicht sieht), wird das von den Beh\u00f6rden akzeptiert. Als Voraussetzung f\u00fcr diesen erzwungenen &#8220;Integrationsprozess&#8221; muss das Sorgerecht der Fl\u00fcchtlingsm\u00fctter gegenstandslos gemacht werden, indem man sie psychiatrisiert und f\u00fcr erziehungsunf\u00e4hig erkl\u00e4rt. Der andere Weg ist, M\u00fctter unter Druck zu setzen, einer offiziellen Adoption ihres Kindes in Deutschland zuzustimmen. Das geht immer, trotz des Fl\u00fcchtlingsstatus des Kindes.<\/p>\n<p>\u00c4rztliche Hilfestellung und Familientherapie oder das Recht auf eine Zweitdiagnose existiert in diesen F\u00e4llen nicht. Man kann sich vorstellen, wie eine solche Beh\u00f6rdengewalt die M\u00fctter (ohne Sprachkenntnisse in einem fremden Land) zur Verzweiflung treibt und psychisch angreift. Manchmal werden die von ihrer Familie getrennten Kinder in Heimen oder Kliniken tage- und wochenlang mit wenig menschlichem Kontakt und ohne Kommunikation (Sprachbarriere) faktisch isoliert. H\u00e4ufig ist der Mutter nur einmal im Monat eine Stunde Besuchszeit erlaubt \u2013 wie ein Gef\u00e4ngnisbesuch. In anderen F\u00e4llen sehen sie ihre Kinder erst wieder nach drei Monaten. Manche Frauen wissen wiederum gar nicht, wohin ihre Kinder gebracht wurden. Andere versuchte man zu \u00fcberreden, einer Adoption zuzustimmen \u2013 denn sie seien bei einer deutschen Familie doch besser aufgehoben. Es soll in Deutschland laut verschiedenen Quellen mindestens 80 solcher F\u00e4lle geben. Eine der Frauen sagte:<\/p>\n<blockquote>\n<p><em>&#8220;Das Konsulat ist machtlos. Allein in Deutschland gibt es mehr als 100 F\u00e4lle, in denen Fl\u00fcchtlingen Kinder weggenommen wurden.<\/em><em><\/em><em>Wir schlie\u00dfen uns bereits in Gemeinden zusammen, helfen uns finanziell und rechtlich gegenseitig. Momentan ist mir nur ein Fall bekannt, <\/em><em>in dem<\/em><em> eine Familie aus der Ukraine ihr Kind zur\u00fcckbekam. Wir alle wollen zur\u00fcck in die Ukraine, aber wir k\u00f6nnen dies nicht tun, solange unsere Kinder hier sind.&#8221;<\/em><\/p>\n<\/blockquote>\n<p>Keine einzige deutsche oder internationale Kinderhilfsorganisation hat sich bis jetzt um diese F\u00e4lle gek\u00fcmmert. Auch Amnesty International oder Human Rights Watch \u00e4u\u00dfern sich dazu nicht. Die weltbekannte traditionelle Organisation SOS Kinderdorf nimmt bislang nicht dazu Stellung, genauso wenig wie Terre des Hommes. Auch nicht das f\u00fcr Fl\u00fcchtlingsfragen zust\u00e4ndige Internationale Rote Kreuz oder die Fl\u00fcchtlingsorganisation der Vereinten Nationen, die UNHCR. Die entm\u00fcndigten Frauen haben keine Lobby.<\/p>\n<p><strong>Die UN-Sondersitzung des Sicherheitsrates \u00fcber Fl\u00fcchtlingskinder<\/strong><\/p>\n<p>Vor allem die UNHCR m\u00fcsste sich angesprochen f\u00fchlen \u2013 denn bei der UN-Sondersitzung des Sicherheitsrates am 5. April wurde sie im eigenen Haus mit den Stimmen betroffener M\u00fctter konfrontiert. Das Thema war: &#8220;Kinder und bewaffnete Konflikte: Ukraine-Krise. Evakuierung von Kindern aus Konfliktgebieten&#8221;.<\/p>\n<p>Russland hatte das Treffen einberaumt, um \u00fcber ukrainische Fl\u00fcchtlingskinder zu berichten, die in Russland und in westeurop\u00e4ischen L\u00e4ndern untergebracht sind. Man pr\u00e4sentierte Berichte und Videos von Kindern, die mit oder ohne Eltern nach Russland gekommen waren. Wenn sich Erziehungsberechtigte melden, werden ihnen die Kinder problemlos \u00fcbergeben. In Deutschland hingegen hat man solche Kinder in zahlreichen F\u00e4llen ihren \u00f6rtlich anwesenden ukrainischen Erziehungsberechtigten mit Begr\u00fcndungen weggenommen, die keiner juristisch-medizinischen Pr\u00fcfung von halbwegs wissenschaftlichem Niveau standhalten. Vor allem alleinerziehende M\u00fctter und deren Kinder sind Ziel solcher Machenschaften, da man sie offenbar f\u00fcr hilfloser h\u00e4lt.<\/p>\n<p>Die von Russland pr\u00e4sentierten Informationen sind durch Videofilme belegt. Mit <a rel=\"nofollow noopener\" target=\"_blank\" href=\"https:\/\/disk.yandex.ru\/d\/c-plzV77lkNn2w\">diesem Link<\/a> k\u00f6nnen alle auf der Konferenz gezeigten Filme ge\u00f6ffnet werden.<\/p>\n<p>Der Vertreter Russlands im UN-Sicherheitsrat Wassili Nebensja erm\u00f6glichte auf diese Weise, dass ukrainische M\u00fctter und Augenzeugen aus Westeuropa sowie Kinder, P\u00e4dagogen und Kinderbeauftragte aus Russland von ihren Erfahrungen berichten. Die Verantwortlichen des russischen Jugenddienstes sprechen \u00fcber ihre Arbeit mit russischen oder ukrainischen Fl\u00fcchtlingskindern, man <a rel=\"nofollow noopener\" target=\"_blank\" href=\"https:\/\/disk.yandex.ru\/d\/c-plzV77lkNn2w\/Camp%20(A.Petrov).mp4\">hat Einblick<\/a> in das hohe Niveau der p\u00e4dagogischen und \u00e4rztlichen Betreuung der Fl\u00fcchtlingskinder in Heimen, Ferienlagern und Schulen.<\/p>\n<p><strong>Ukrainische M\u00fctter berichten \u00fcber die Wegnahme ihrer Kinder<\/strong><\/p>\n<p><em>RT<\/em> ver\u00f6ffentlicht eine Beitragsserie mit mehreren Ausgaben. Im heutigen Teil 1 kommen betroffene M\u00fctter in Westeuropa zu Wort, die in einem <a rel=\"nofollow noopener\" target=\"_blank\" href=\"https:\/\/disk.yandex.ru\/i\/R5JA3snpNQkMNA\">Video<\/a> von ihrem Schicksal berichten.<\/p>\n<p><strong>J<\/strong><strong>ulia Panasenko<\/strong> aus Dnjepropetrowsk erz\u00e4hlt, dass ihr Sohn im Sozialamt in Derio in Spanien entf\u00fchrt wurde. Er befindet sich in einem Heim des Jugendamtes. Sie versichert: &#8220;Ich habe die ukrainischen Medien informiert, dass ich kein Fake bin, sondern eine lebende Person.&#8221;<em> (Sie zeigt ihren Personalausweis.)<\/em><\/p>\n<p><strong>Jelena Kowalewa<\/strong> aus Dnjepropetrowsk berichtet: &#8220;Mein Kind Richard Kowalew (vier Jahre) wurde vor neun Monaten in Deutschland von mir unbekannten Leuten des Jugendamtes mitgenommen. Ich hatte schon vier Anh\u00f6rungen, die f\u00fcnfte wird am 30. M\u00e4rz dieses Jahres stattfinden. Sie geben mir mein Kind nicht zur\u00fcck. Und ich habe meinen kleinen Sohn seit 83 Tagen nicht gesehen. Mir wurde gesagt, er sei bei einer deutschen Familie. Wir haben Richard nur dreimal gesehen. Dreimal f\u00fcr eine Stunde. Mein Junge wird bald vergessen, dass er eine Mutter hat. Dieser Prozess hei\u00dft &#8216;Entfremdung&#8217;. Bitte retten Sie meinen ukrainischen Sohn. Ich flehe Sie an. Das ist kein Fake.&#8221; (<em>Anm: Jelena weinte bei einem der Anh\u00f6rungsverfahren und wurde deshalb als psychiatrisch auff\u00e4llig betrachtet.<\/em>)<\/p>\n<p><strong>Alina Lytko<\/strong><strong>w<\/strong><strong>a<\/strong> aus Sewerodonezk<strong><\/strong>sagt: &#8220;Mein Kind (Tochter Julia Daschko) wurde mir vom Jugendamt in Deutschland weggenommen. Sie wurde als &#8216;vor\u00fcbergehende Schutzma\u00dfnahme&#8217; in ein Waisenhaus gebracht. Nun sei sie bei einer deutschen Familie, wurde mir gesagt. Meine Tochter wird wirklich vom Jugendamt in Deutschland festgehalten. Wir bitten Sie um Ihre Hilfe, unsere Kinder wieder zur\u00fcckzubekommen. Das ist kein isolierter Fall in Europa. Wir sind keine Fakes.&#8221;<\/p>\n<p><strong>Alina Komisarenko<\/strong> aus Saparoschje berichtet: &#8220;Mein Kind wurde mir in Portugal vom Jugendamt weggenommen. Gegenw\u00e4rtig ist das Kind im Waisenhaus des Jugendamtes. Ich habe den ukrainischen Medien erkl\u00e4rt, dass ich kein Fake bin, sondern eine reale, lebende Person.&#8221;<\/p>\n<p><strong>Oksana Burate<\/strong><strong>w<\/strong><strong>i<\/strong><strong>ts<\/strong><strong>ch<\/strong> aus Kiew mit einem neunj\u00e4hrigen Sohn erz\u00e4hlt: &#8220;Und in diesem Land wurde ich als psychisch krank deklariert. Ich habe angeblich das M\u00fcnchhausen-Syndrom, die chronischen Magenschmerzen meines Sohnes seien durch meinen Einfluss auf ihn psychisch bedingt. (In der Ukraine war eine Magenschleimhautentz\u00fcndung diagnostiziert worden.) Deshalb haben sie ihn von mir getrennt, anstatt ihn medizinisch zu behandeln. Um 22 Uhr abends klingelten sie an der Wohnungst\u00fcr. Sie sagten, dass sie meinen Sohn aufgrund einer \u00e4rztlichen Anweisung mitnehmen m\u00fcssten. Sie h\u00e4tten eine richterliche Verf\u00fcgung. Nach einer gerichtlichen Anh\u00f6rung wurde mir teilweise das Elternrecht entzogen. Mein Sohn m\u00fcsse von mir getrennt werden, um zu sehen, ob sich seine Magenschmerzen ohne meinen Einfluss bessern w\u00fcrden. (!!)<\/p>\n<p>Sie wollten mich \u00fcberreden, mein Kind zur Adoption freizugeben. Muss ich darauf eingehen? Sie sagten: Geben Sie zu, dass er es in irgendeiner anderen Familie besser hat! Muss ich das zugeben? Soll ich das einr\u00e4umen? Ich, eine liebende Mutter? Muss ich einr\u00e4umen, dass er in Deutschland besser dran sei? Selbst wenn er lieber nach Hause zur\u00fcckgehen will? Wir sind hier nur f\u00fcr eine kurze Zeit aufgrund der milit\u00e4rischen Umst\u00e4nde gelandet. Leute, was geht auf der Welt vor, was geht in der Gesellschaft vor? Bitte helft uns, sonst wird es eine Katastrophe geben. Ich bin dabei, mein Kind zu verlieren!&#8221;<\/p>\n<p><strong>Jelena Das<\/strong><strong>c<\/strong><strong>hko<\/strong> aus Sewerodonezk lebt mit einer neunj\u00e4hrigen Tochter in Deutschland. Nach einem Besuch beim Kinderpsychologen in der N\u00e4he eines Fl\u00fcchtlingslagers wurde der Mutter zwei Wochen sp\u00e4ter das Erziehungsrecht teilweise entzogen und die Tochter in eine Klinik verbracht. &#8220;Die Klinik sagte mir, dass ich nun kein Besuchsrecht mehr habe, weil man meiner Tochter einen Vormund zugewiesen habe. Falls ich erneut auf das Gel\u00e4nde der Klinik k\u00e4me, w\u00fcrde ein Strafverfahren gegen mich er\u00f6ffnet.&#8221;<\/p>\n<p>Nach dem ersten Besuch hatte die Mutter festgestellt, dass ihre Tochter im Gesicht zerkratzt war und blaue Flecken hatte. Das habe sie sich selbst zugef\u00fcgt, erkl\u00e4rte der Psychologe. Das M\u00e4dchen sei sehr wortkarg gewesen. Es erz\u00e4hlte der Mutter, fast immer allein zu sein, ohne ein Gespr\u00e4ch in ihrer Sprache.<\/p>\n<p>Die vollst\u00e4ndigen Berichte von Kowalewa, Buratewitsch und Daschko wurden vom ukrainischen Portal <em>Strana News<\/em>\u00a0<a rel=\"nofollow noopener\" target=\"_blank\" href=\"https:\/\/strana.news\/news\/426547-sudy-frh-massovo-lishajut-bezhentsev-roditelskikh-prav-detej-otbirajut.html\">ver\u00f6ffentlicht<\/a>. Man kann sie mit einer automatischen Internet-\u00dcbersetzung (per Google) in allen Sprachen lesen.<\/p>\n<p>Die Vorkommnisse besonders in Deutschland, aber auch in Spanien und Portugal m\u00fcssen untersucht werden. Sie werfen die Frage auf, ob der gleiche Trend auch in anderen europ\u00e4ischen Staaten besteht. Wie hoch ist die Dunkelziffer?<\/p>\n<p><strong>Was tun?<\/strong><\/p>\n<p>Die Mitglieder des Bundestages haben das Recht und die Pflicht, Licht in dieses Dunkel zu bringen. Eine &#8220;kleine Anfrage&#8221; ist das Mindeste, eine Untersuchungskommission das Ad\u00e4quate, was unsere Parlamentarier tun m\u00fcssten.<\/p>\n<p>Pflegeeltern ukrainischer Fl\u00fcchtlingskinder sollten die Angaben des Jugendamtes unabh\u00e4ngig \u00fcberpr\u00fcfen, bevor sie ein angebliches ukrainisches Waisenkind oder ein &#8220;Kind einer erziehungsunf\u00e4higen Mutter&#8221; aus Fl\u00fcchtlingskreisen annehmen. Sie m\u00fcssten abkl\u00e4ren, ob es eine leibliche Mutter gibt, wo sie sich befindet, und anwaltlich untersuchen lassen, warum ihr das Sorgerecht entzogen wurde. Unter <a rel=\"nofollow noopener\" target=\"_blank\" href=\"https:\/\/www.fachanwalt.de\/magazin\/asylrecht\/fluechtlingskinder\">diesem Link<\/a> findet man Fachanw\u00e4lte.<\/p>\n<p>Sie sollten sich auch daf\u00fcr einsetzen, dass diese angebliche &#8220;Erkrankung&#8221; oder &#8220;Unf\u00e4higkeit&#8221; der leiblichen Mutter behandelt wird und somit eine R\u00fcckgabe des Kindes zeitlich vorgesehen ist. Diese moralische Verpflichtung m\u00fcssen Pflegeeltern auf sich nehmen, wenn sie nicht Teil eines organisierten Kindesraubes sein wollen. Daran beteiligte Beh\u00f6rden und \u00c4rzte\/Psychologen\/Psychiater w\u00fcrden sich nach internationalem Recht einer Straftat schuldig machen. Kinderrechte sind internationales Recht.<\/p>\n<p><strong>Mehr zum Thema<\/strong> &#8211; <a rel=\"nofollow noopener\" target=\"_blank\" href=\"https:\/\/test.rtde.life\/international\/166342-tatsachenkern-hinter-hasspropaganda-wie-ukrainische-kinder-in-russland-strandeten\/\">Der Tatsachenkern hinter der Hasspropaganda: Wie ukrainische Kinder in Russland strandeten<\/a><\/p>\n<\/p>\n<\/div>\n<p><br \/>\n<br \/><a href=\"https:\/\/de.rt.com\/gesellschaft\/167906-kindesentziehung-ukrainische-fluechtlingsmuetter-bitten-um-hilfe-teil-1\/\">Source link <\/a><\/p>\n","protected":false},"excerpt":{"rendered":"<p>Schutzlos und entrechtet: Ukrainische Fl\u00fcchtlingsm\u00fctter bitten um Hilfe. Sie k\u00e4mpfen um die R\u00fcckgabe ihrer ihnen entzogenen Kinder in Deutschland, Spanien und Portugal. In Westeuropa ist von einer Dunkelziffer auszugehen. Von Maria M\u00fcller Ein bislang rundweg verschwiegenes Thema kommt allm\u00e4hlich an die \u00d6ffentlichkeit: Ukrainische Fl\u00fcchtlingskinder sind in Deutschland und in anderen westeurop\u00e4ischen L\u00e4ndern regelrecht gef\u00e4hrdet. Sie [&hellip;]<\/p>\n","protected":false},"author":3,"featured_media":34315,"comment_status":"open","ping_status":"open","sticky":false,"template":"","format":"standard","meta":{"_yoast_indexnow_last_ping":["1681837316"],"wp_automatic_camp":["217"],"3d272ab14a1f394081569f0c1c5a65be":["&quot;Kindesentziehung&quot;: Ukrainische Fl\u00fcchtlingsm\u00fctter bitten um Hilfe (Teil 1)"],"original_link":["https:\/\/de.rt.com\/gesellschaft\/167906-kindesentziehung-ukrainische-fluechtlingsmuetter-bitten-um-hilfe-teil-1\/"],"_thumbnail_id":["34315"],"_wptgpro_p2tg_sent2tg":["a:1:{i:23737;s:19:\"2023-04-18 19:03:05\";}"],"jnews_social_counter_last_update":["1777363675"]},"categories":[19,23],"tags":[3245,43246,7571,43245,3240,905],"yoast_head":"<!-- This site is optimized with the Yoast SEO Premium plugin v22.7 (Yoast SEO v22.7) - https:\/\/yoast.com\/wordpress\/plugins\/seo\/ -->\n<title>&quot;Kindesentziehung&quot;: Ukrainische Fl\u00fcchtlingsm\u00fctter bitten um Hilfe (Teil 1) - just-now.NEWS Deutschland<\/title>\n<meta name=\"robots\" content=\"index, follow, max-snippet:-1, max-image-preview:large, max-video-preview:-1\" \/>\n<link rel=\"canonical\" href=\"https:\/\/now-news.de\/de\/deutschland\/kindesentziehung-ukrainische-fluechtlingsmuetter-bitten-um-hilfe-teil-1\/\" \/>\n<meta property=\"og:locale\" content=\"de_DE\" \/>\n<meta property=\"og:type\" content=\"article\" \/>\n<meta property=\"og:title\" content=\"&quot;Kindesentziehung&quot;: Ukrainische Fl\u00fcchtlingsm\u00fctter bitten um Hilfe (Teil 1)\" \/>\n<meta property=\"og:description\" content=\"Schutzlos und entrechtet: Ukrainische Fl\u00fcchtlingsm\u00fctter bitten um Hilfe. Sie k\u00e4mpfen um die R\u00fcckgabe ihrer ihnen entzogenen Kinder in Deutschland, Spanien und Portugal. In Westeuropa ist von einer Dunkelziffer auszugehen. Von Maria M\u00fcller Ein bislang rundweg verschwiegenes Thema kommt allm\u00e4hlich an die \u00d6ffentlichkeit: Ukrainische Fl\u00fcchtlingskinder sind in Deutschland und in anderen westeurop\u00e4ischen L\u00e4ndern regelrecht gef\u00e4hrdet. Sie [&hellip;]\" \/>\n<meta property=\"og:url\" content=\"https:\/\/now-news.de\/de\/deutschland\/kindesentziehung-ukrainische-fluechtlingsmuetter-bitten-um-hilfe-teil-1\/\" \/>\n<meta property=\"og:site_name\" content=\"just-now.NEWS Deutschland\" \/>\n<meta property=\"article:publisher\" content=\"https:\/\/www.facebook.com\/wirmachenauf\" \/>\n<meta property=\"article:published_time\" content=\"2023-04-18T16:58:03+00:00\" \/>\n<meta property=\"og:image\" content=\"https:\/\/now-news.de\/de\/wp-content\/uploads\/sites\/3\/2023\/04\/quotKindesentziehungquot-Ukrainische-Fluechtlingsmuetter-bitten-um-Hilfe-Teil-1.jpg\" \/>\n\t<meta property=\"og:image:width\" content=\"460\" \/>\n\t<meta property=\"og:image:height\" content=\"259\" \/>\n\t<meta property=\"og:image:type\" content=\"image\/jpeg\" \/>\n<meta name=\"author\" content=\"rtnews\" \/>\n<meta name=\"twitter:card\" content=\"summary_large_image\" \/>\n<meta name=\"twitter:creator\" content=\"@WirMachenAuf_de\" \/>\n<meta name=\"twitter:site\" content=\"@WirMachenAuf_de\" \/>\n<meta name=\"twitter:label1\" content=\"Verfasst von\" \/>\n\t<meta name=\"twitter:data1\" content=\"rtnews\" \/>\n\t<meta name=\"twitter:label2\" content=\"Gesch\u00e4tzte Lesezeit\" \/>\n\t<meta name=\"twitter:data2\" content=\"8\u00a0Minuten\" \/>\n<script type=\"application\/ld+json\" class=\"yoast-schema-graph\">{\"@context\":\"https:\/\/schema.org\",\"@graph\":[{\"@type\":\"Article\",\"@id\":\"https:\/\/now-news.de\/de\/deutschland\/kindesentziehung-ukrainische-fluechtlingsmuetter-bitten-um-hilfe-teil-1\/#article\",\"isPartOf\":{\"@id\":\"https:\/\/now-news.de\/de\/deutschland\/kindesentziehung-ukrainische-fluechtlingsmuetter-bitten-um-hilfe-teil-1\/\"},\"author\":{\"name\":\"rtnews\",\"@id\":\"https:\/\/now-news.de\/de\/#\/schema\/person\/fb534a4e865501d8b3285208df34a9b5\"},\"headline\":\"&quot;Kindesentziehung&quot;: Ukrainische Fl\u00fcchtlingsm\u00fctter bitten um Hilfe (Teil 1)\",\"datePublished\":\"2023-04-18T16:58:03+00:00\",\"dateModified\":\"2023-04-18T16:58:03+00:00\",\"mainEntityOfPage\":{\"@id\":\"https:\/\/now-news.de\/de\/deutschland\/kindesentziehung-ukrainische-fluechtlingsmuetter-bitten-um-hilfe-teil-1\/\"},\"wordCount\":1717,\"commentCount\":0,\"publisher\":{\"@id\":\"https:\/\/now-news.de\/de\/#organization\"},\"image\":{\"@id\":\"https:\/\/now-news.de\/de\/deutschland\/kindesentziehung-ukrainische-fluechtlingsmuetter-bitten-um-hilfe-teil-1\/#primaryimage\"},\"thumbnailUrl\":\"https:\/\/now-news.de\/de\/wp-content\/uploads\/sites\/3\/2023\/04\/quotKindesentziehungquot-Ukrainische-Fluechtlingsmuetter-bitten-um-Hilfe-Teil-1.jpg\",\"keywords\":[\"bitten\",\"Fl\u00fcchtlingsm\u00fctter\",\"Hilfe\",\"quotKindesentziehungquot\",\"Teil\",\"Ukrainische\"],\"articleSection\":[\"Deutschland\",\"Russland\"],\"inLanguage\":\"de\",\"potentialAction\":[{\"@type\":\"CommentAction\",\"name\":\"Comment\",\"target\":[\"https:\/\/now-news.de\/de\/deutschland\/kindesentziehung-ukrainische-fluechtlingsmuetter-bitten-um-hilfe-teil-1\/#respond\"]}]},{\"@type\":\"WebPage\",\"@id\":\"https:\/\/now-news.de\/de\/deutschland\/kindesentziehung-ukrainische-fluechtlingsmuetter-bitten-um-hilfe-teil-1\/\",\"url\":\"https:\/\/now-news.de\/de\/deutschland\/kindesentziehung-ukrainische-fluechtlingsmuetter-bitten-um-hilfe-teil-1\/\",\"name\":\"&quot;Kindesentziehung&quot;: Ukrainische Fl\u00fcchtlingsm\u00fctter bitten um Hilfe (Teil 1) - just-now.NEWS Deutschland\",\"isPartOf\":{\"@id\":\"https:\/\/now-news.de\/de\/#website\"},\"primaryImageOfPage\":{\"@id\":\"https:\/\/now-news.de\/de\/deutschland\/kindesentziehung-ukrainische-fluechtlingsmuetter-bitten-um-hilfe-teil-1\/#primaryimage\"},\"image\":{\"@id\":\"https:\/\/now-news.de\/de\/deutschland\/kindesentziehung-ukrainische-fluechtlingsmuetter-bitten-um-hilfe-teil-1\/#primaryimage\"},\"thumbnailUrl\":\"https:\/\/now-news.de\/de\/wp-content\/uploads\/sites\/3\/2023\/04\/quotKindesentziehungquot-Ukrainische-Fluechtlingsmuetter-bitten-um-Hilfe-Teil-1.jpg\",\"datePublished\":\"2023-04-18T16:58:03+00:00\",\"dateModified\":\"2023-04-18T16:58:03+00:00\",\"breadcrumb\":{\"@id\":\"https:\/\/now-news.de\/de\/deutschland\/kindesentziehung-ukrainische-fluechtlingsmuetter-bitten-um-hilfe-teil-1\/#breadcrumb\"},\"inLanguage\":\"de\",\"potentialAction\":[{\"@type\":\"ReadAction\",\"target\":[\"https:\/\/now-news.de\/de\/deutschland\/kindesentziehung-ukrainische-fluechtlingsmuetter-bitten-um-hilfe-teil-1\/\"]}]},{\"@type\":\"ImageObject\",\"inLanguage\":\"de\",\"@id\":\"https:\/\/now-news.de\/de\/deutschland\/kindesentziehung-ukrainische-fluechtlingsmuetter-bitten-um-hilfe-teil-1\/#primaryimage\",\"url\":\"https:\/\/now-news.de\/de\/wp-content\/uploads\/sites\/3\/2023\/04\/quotKindesentziehungquot-Ukrainische-Fluechtlingsmuetter-bitten-um-Hilfe-Teil-1.jpg\",\"contentUrl\":\"https:\/\/now-news.de\/de\/wp-content\/uploads\/sites\/3\/2023\/04\/quotKindesentziehungquot-Ukrainische-Fluechtlingsmuetter-bitten-um-Hilfe-Teil-1.jpg\",\"width\":460,\"height\":259,\"caption\":\"&quot;Kindesentziehung&quot;: Ukrainische Fl\u00fcchtlingsm\u00fctter bitten um Hilfe (Teil 1)\"},{\"@type\":\"BreadcrumbList\",\"@id\":\"https:\/\/now-news.de\/de\/deutschland\/kindesentziehung-ukrainische-fluechtlingsmuetter-bitten-um-hilfe-teil-1\/#breadcrumb\",\"itemListElement\":[{\"@type\":\"ListItem\",\"position\":1,\"name\":\"Home\",\"item\":\"https:\/\/now-news.de\/de\/\"},{\"@type\":\"ListItem\",\"position\":2,\"name\":\"&quot;Kindesentziehung&quot;: Ukrainische Fl\u00fcchtlingsm\u00fctter bitten um Hilfe (Teil 1)\"}]},{\"@type\":\"WebSite\",\"@id\":\"https:\/\/now-news.de\/de\/#website\",\"url\":\"https:\/\/now-news.de\/de\/\",\"name\":\"just-now.NEWS Deutschland\",\"description\":\"Das Portal f\u00fcr unzensierte Nachrichten aus der Welt\",\"publisher\":{\"@id\":\"https:\/\/now-news.de\/de\/#organization\"},\"potentialAction\":[{\"@type\":\"SearchAction\",\"target\":{\"@type\":\"EntryPoint\",\"urlTemplate\":\"https:\/\/now-news.de\/de\/?s={search_term_string}\"},\"query-input\":\"required name=search_term_string\"}],\"inLanguage\":\"de\"},{\"@type\":\"Organization\",\"@id\":\"https:\/\/now-news.de\/de\/#organization\",\"name\":\"Just Now News\",\"url\":\"https:\/\/now-news.de\/de\/\",\"logo\":{\"@type\":\"ImageObject\",\"inLanguage\":\"de\",\"@id\":\"https:\/\/now-news.de\/de\/#\/schema\/logo\/image\/\",\"url\":\"http:\/\/just-now.news\/de\/wp-content\/uploads\/sites\/3\/2022\/04\/logo500x500.jpg\",\"contentUrl\":\"http:\/\/just-now.news\/de\/wp-content\/uploads\/sites\/3\/2022\/04\/logo500x500.jpg\",\"width\":500,\"height\":500,\"caption\":\"Just Now News\"},\"image\":{\"@id\":\"https:\/\/now-news.de\/de\/#\/schema\/logo\/image\/\"},\"sameAs\":[\"https:\/\/www.facebook.com\/wirmachenauf\",\"https:\/\/x.com\/WirMachenAuf_de\"]},{\"@type\":\"Person\",\"@id\":\"https:\/\/now-news.de\/de\/#\/schema\/person\/fb534a4e865501d8b3285208df34a9b5\",\"name\":\"rtnews\",\"image\":{\"@type\":\"ImageObject\",\"inLanguage\":\"de\",\"@id\":\"https:\/\/now-news.de\/de\/#\/schema\/person\/image\/\",\"url\":\"https:\/\/secure.gravatar.com\/avatar\/82aafea7d8127119dd649515f56e2117?s=96&d=mm&r=g\",\"contentUrl\":\"https:\/\/secure.gravatar.com\/avatar\/82aafea7d8127119dd649515f56e2117?s=96&d=mm&r=g\",\"caption\":\"rtnews\"},\"url\":\"https:\/\/now-news.de\/de\/author\/rnews\/\"}]}<\/script>\n<!-- \/ Yoast SEO Premium plugin. -->","yoast_head_json":{"title":"&quot;Kindesentziehung&quot;: Ukrainische Fl\u00fcchtlingsm\u00fctter bitten um Hilfe (Teil 1) - just-now.NEWS Deutschland","robots":{"index":"index","follow":"follow","max-snippet":"max-snippet:-1","max-image-preview":"max-image-preview:large","max-video-preview":"max-video-preview:-1"},"canonical":"https:\/\/now-news.de\/de\/deutschland\/kindesentziehung-ukrainische-fluechtlingsmuetter-bitten-um-hilfe-teil-1\/","og_locale":"de_DE","og_type":"article","og_title":"&quot;Kindesentziehung&quot;: Ukrainische Fl\u00fcchtlingsm\u00fctter bitten um Hilfe (Teil 1)","og_description":"Schutzlos und entrechtet: Ukrainische Fl\u00fcchtlingsm\u00fctter bitten um Hilfe. Sie k\u00e4mpfen um die R\u00fcckgabe ihrer ihnen entzogenen Kinder in Deutschland, Spanien und Portugal. In Westeuropa ist von einer Dunkelziffer auszugehen. Von Maria M\u00fcller Ein bislang rundweg verschwiegenes Thema kommt allm\u00e4hlich an die \u00d6ffentlichkeit: Ukrainische Fl\u00fcchtlingskinder sind in Deutschland und in anderen westeurop\u00e4ischen L\u00e4ndern regelrecht gef\u00e4hrdet. Sie [&hellip;]","og_url":"https:\/\/now-news.de\/de\/deutschland\/kindesentziehung-ukrainische-fluechtlingsmuetter-bitten-um-hilfe-teil-1\/","og_site_name":"just-now.NEWS Deutschland","article_publisher":"https:\/\/www.facebook.com\/wirmachenauf","article_published_time":"2023-04-18T16:58:03+00:00","og_image":[{"width":460,"height":259,"url":"https:\/\/now-news.de\/de\/wp-content\/uploads\/sites\/3\/2023\/04\/quotKindesentziehungquot-Ukrainische-Fluechtlingsmuetter-bitten-um-Hilfe-Teil-1.jpg","type":"image\/jpeg"}],"author":"rtnews","twitter_card":"summary_large_image","twitter_creator":"@WirMachenAuf_de","twitter_site":"@WirMachenAuf_de","twitter_misc":{"Verfasst von":"rtnews","Gesch\u00e4tzte Lesezeit":"8\u00a0Minuten"},"schema":{"@context":"https:\/\/schema.org","@graph":[{"@type":"Article","@id":"https:\/\/now-news.de\/de\/deutschland\/kindesentziehung-ukrainische-fluechtlingsmuetter-bitten-um-hilfe-teil-1\/#article","isPartOf":{"@id":"https:\/\/now-news.de\/de\/deutschland\/kindesentziehung-ukrainische-fluechtlingsmuetter-bitten-um-hilfe-teil-1\/"},"author":{"name":"rtnews","@id":"https:\/\/now-news.de\/de\/#\/schema\/person\/fb534a4e865501d8b3285208df34a9b5"},"headline":"&quot;Kindesentziehung&quot;: Ukrainische Fl\u00fcchtlingsm\u00fctter bitten um Hilfe (Teil 1)","datePublished":"2023-04-18T16:58:03+00:00","dateModified":"2023-04-18T16:58:03+00:00","mainEntityOfPage":{"@id":"https:\/\/now-news.de\/de\/deutschland\/kindesentziehung-ukrainische-fluechtlingsmuetter-bitten-um-hilfe-teil-1\/"},"wordCount":1717,"commentCount":0,"publisher":{"@id":"https:\/\/now-news.de\/de\/#organization"},"image":{"@id":"https:\/\/now-news.de\/de\/deutschland\/kindesentziehung-ukrainische-fluechtlingsmuetter-bitten-um-hilfe-teil-1\/#primaryimage"},"thumbnailUrl":"https:\/\/now-news.de\/de\/wp-content\/uploads\/sites\/3\/2023\/04\/quotKindesentziehungquot-Ukrainische-Fluechtlingsmuetter-bitten-um-Hilfe-Teil-1.jpg","keywords":["bitten","Fl\u00fcchtlingsm\u00fctter","Hilfe","quotKindesentziehungquot","Teil","Ukrainische"],"articleSection":["Deutschland","Russland"],"inLanguage":"de","potentialAction":[{"@type":"CommentAction","name":"Comment","target":["https:\/\/now-news.de\/de\/deutschland\/kindesentziehung-ukrainische-fluechtlingsmuetter-bitten-um-hilfe-teil-1\/#respond"]}]},{"@type":"WebPage","@id":"https:\/\/now-news.de\/de\/deutschland\/kindesentziehung-ukrainische-fluechtlingsmuetter-bitten-um-hilfe-teil-1\/","url":"https:\/\/now-news.de\/de\/deutschland\/kindesentziehung-ukrainische-fluechtlingsmuetter-bitten-um-hilfe-teil-1\/","name":"&quot;Kindesentziehung&quot;: Ukrainische Fl\u00fcchtlingsm\u00fctter bitten um Hilfe (Teil 1) - just-now.NEWS Deutschland","isPartOf":{"@id":"https:\/\/now-news.de\/de\/#website"},"primaryImageOfPage":{"@id":"https:\/\/now-news.de\/de\/deutschland\/kindesentziehung-ukrainische-fluechtlingsmuetter-bitten-um-hilfe-teil-1\/#primaryimage"},"image":{"@id":"https:\/\/now-news.de\/de\/deutschland\/kindesentziehung-ukrainische-fluechtlingsmuetter-bitten-um-hilfe-teil-1\/#primaryimage"},"thumbnailUrl":"https:\/\/now-news.de\/de\/wp-content\/uploads\/sites\/3\/2023\/04\/quotKindesentziehungquot-Ukrainische-Fluechtlingsmuetter-bitten-um-Hilfe-Teil-1.jpg","datePublished":"2023-04-18T16:58:03+00:00","dateModified":"2023-04-18T16:58:03+00:00","breadcrumb":{"@id":"https:\/\/now-news.de\/de\/deutschland\/kindesentziehung-ukrainische-fluechtlingsmuetter-bitten-um-hilfe-teil-1\/#breadcrumb"},"inLanguage":"de","potentialAction":[{"@type":"ReadAction","target":["https:\/\/now-news.de\/de\/deutschland\/kindesentziehung-ukrainische-fluechtlingsmuetter-bitten-um-hilfe-teil-1\/"]}]},{"@type":"ImageObject","inLanguage":"de","@id":"https:\/\/now-news.de\/de\/deutschland\/kindesentziehung-ukrainische-fluechtlingsmuetter-bitten-um-hilfe-teil-1\/#primaryimage","url":"https:\/\/now-news.de\/de\/wp-content\/uploads\/sites\/3\/2023\/04\/quotKindesentziehungquot-Ukrainische-Fluechtlingsmuetter-bitten-um-Hilfe-Teil-1.jpg","contentUrl":"https:\/\/now-news.de\/de\/wp-content\/uploads\/sites\/3\/2023\/04\/quotKindesentziehungquot-Ukrainische-Fluechtlingsmuetter-bitten-um-Hilfe-Teil-1.jpg","width":460,"height":259,"caption":"&quot;Kindesentziehung&quot;: Ukrainische Fl\u00fcchtlingsm\u00fctter bitten um Hilfe (Teil 1)"},{"@type":"BreadcrumbList","@id":"https:\/\/now-news.de\/de\/deutschland\/kindesentziehung-ukrainische-fluechtlingsmuetter-bitten-um-hilfe-teil-1\/#breadcrumb","itemListElement":[{"@type":"ListItem","position":1,"name":"Home","item":"https:\/\/now-news.de\/de\/"},{"@type":"ListItem","position":2,"name":"&quot;Kindesentziehung&quot;: Ukrainische Fl\u00fcchtlingsm\u00fctter bitten um Hilfe (Teil 1)"}]},{"@type":"WebSite","@id":"https:\/\/now-news.de\/de\/#website","url":"https:\/\/now-news.de\/de\/","name":"just-now.NEWS Deutschland","description":"Das Portal f\u00fcr unzensierte Nachrichten aus der Welt","publisher":{"@id":"https:\/\/now-news.de\/de\/#organization"},"potentialAction":[{"@type":"SearchAction","target":{"@type":"EntryPoint","urlTemplate":"https:\/\/now-news.de\/de\/?s={search_term_string}"},"query-input":"required name=search_term_string"}],"inLanguage":"de"},{"@type":"Organization","@id":"https:\/\/now-news.de\/de\/#organization","name":"Just Now News","url":"https:\/\/now-news.de\/de\/","logo":{"@type":"ImageObject","inLanguage":"de","@id":"https:\/\/now-news.de\/de\/#\/schema\/logo\/image\/","url":"http:\/\/just-now.news\/de\/wp-content\/uploads\/sites\/3\/2022\/04\/logo500x500.jpg","contentUrl":"http:\/\/just-now.news\/de\/wp-content\/uploads\/sites\/3\/2022\/04\/logo500x500.jpg","width":500,"height":500,"caption":"Just Now News"},"image":{"@id":"https:\/\/now-news.de\/de\/#\/schema\/logo\/image\/"},"sameAs":["https:\/\/www.facebook.com\/wirmachenauf","https:\/\/x.com\/WirMachenAuf_de"]},{"@type":"Person","@id":"https:\/\/now-news.de\/de\/#\/schema\/person\/fb534a4e865501d8b3285208df34a9b5","name":"rtnews","image":{"@type":"ImageObject","inLanguage":"de","@id":"https:\/\/now-news.de\/de\/#\/schema\/person\/image\/","url":"https:\/\/secure.gravatar.com\/avatar\/82aafea7d8127119dd649515f56e2117?s=96&d=mm&r=g","contentUrl":"https:\/\/secure.gravatar.com\/avatar\/82aafea7d8127119dd649515f56e2117?s=96&d=mm&r=g","caption":"rtnews"},"url":"https:\/\/now-news.de\/de\/author\/rnews\/"}]}},"_links":{"self":[{"href":"https:\/\/now-news.de\/de\/wp-json\/wp\/v2\/posts\/34314"}],"collection":[{"href":"https:\/\/now-news.de\/de\/wp-json\/wp\/v2\/posts"}],"about":[{"href":"https:\/\/now-news.de\/de\/wp-json\/wp\/v2\/types\/post"}],"author":[{"embeddable":true,"href":"https:\/\/now-news.de\/de\/wp-json\/wp\/v2\/users\/3"}],"replies":[{"embeddable":true,"href":"https:\/\/now-news.de\/de\/wp-json\/wp\/v2\/comments?post=34314"}],"version-history":[{"count":0,"href":"https:\/\/now-news.de\/de\/wp-json\/wp\/v2\/posts\/34314\/revisions"}],"wp:featuredmedia":[{"embeddable":true,"href":"https:\/\/now-news.de\/de\/wp-json\/wp\/v2\/media\/34315"}],"wp:attachment":[{"href":"https:\/\/now-news.de\/de\/wp-json\/wp\/v2\/media?parent=34314"}],"wp:term":[{"taxonomy":"category","embeddable":true,"href":"https:\/\/now-news.de\/de\/wp-json\/wp\/v2\/categories?post=34314"},{"taxonomy":"post_tag","embeddable":true,"href":"https:\/\/now-news.de\/de\/wp-json\/wp\/v2\/tags?post=34314"}],"curies":[{"name":"wp","href":"https:\/\/api.w.org\/{rel}","templated":true}]}}