{"id":34312,"date":"2023-04-18T18:14:45","date_gmt":"2023-04-18T16:14:45","guid":{"rendered":"https:\/\/just-now.news\/de\/deutschland\/eckart-von-hirschhausen-auch-er-dankbarer-geldempfaenger-als-regierungsdienstleister\/"},"modified":"2023-04-18T18:14:45","modified_gmt":"2023-04-18T16:14:45","slug":"eckart-von-hirschhausen-auch-er-dankbarer-geldempfaenger-als-regierungsdienstleister","status":"publish","type":"post","link":"https:\/\/now-news.de\/de\/deutschland\/eckart-von-hirschhausen-auch-er-dankbarer-geldempfaenger-als-regierungsdienstleister\/","title":{"rendered":"Eckart von Hirschhausen: Auch er dankbarer Geldempf\u00e4nger als Regierungsdienstleister"},"content":{"rendered":"<div class=\"Text-root Text-type_1 \">\n                Eckart von Hirschhausen muss als einer der aggressivsten Ma\u00dfnahmenbef\u00fcrworter und &#8220;Impfluencer&#8221; in den Corona-Jahren 2020 bis 2022 betrachtet werden. Eine erneute Zusammenfassung seiner gut dotierten Bet\u00e4tigungsfelder dieser Zeit.\n            <\/div>\n<p><\/p>\n<div class=\"Text-root Text-type_5 ArticleView-text ViewText-root \">\n<p>Zu Jahresbeginn richtete die AfD-Bundestagsfraktion eine sogenannte &#8220;Kleine Anfrage&#8221; an die amtierende Bundesregierung. Der Titel lautete: &#8220;<a rel=\"nofollow noopener\" target=\"_blank\" href=\"https:\/\/dserver.bundestag.de\/btd\/20\/054\/2005437.pdf\">Zahlungen<\/a> von Bundesministerien an Journalisten des o\u0308ffentlich-rechtlichen Rundfunks und privatrechtlicher Medien&#8221;.<\/p>\n<p>Die Beantwortung ergab, dass zwischen 2018 und Ende 2022 Steuergelder im Wert von 1.471.828,47 Euro an Journalisten f\u00fcr Moderationen, Texte, Lektorate, Fortbildungen, Vortr\u00e4ge und andere Veranstaltungen seitens der Politik gezahlt wurden.<\/p>\n<p>Die Bundesregierung ver\u00f6ffentlichte in Verbindung mit ihrer Antwort eine entsprechende Tabelle, bei der jedoch potenzielle journalistische Dienstleister lediglich mit einer Nummer, also ohne Klarnamen aufgelistet wurden. Nach <a rel=\"nofollow noopener\" target=\"_blank\" href=\"https:\/\/pleiteticker.de\/exklusiv-eckart-von-hirschhausen-liess-sich-waehrend-corona-pandemie-von-der-bundesregierung-bezahlen\/\">Recherchen<\/a> der Website <em>pleiteticker.de<\/em> kann nun belegt werden, dass es sich bei &#8220;Journalist_in 34&#8221; um den bekannten Moderator Eckart von Hirschhausen handelt. Diesbez\u00fcglich hei\u00dft es in dem Artikel:<\/p>\n<blockquote>\n<p><em>&#8220;Vom Ausw\u00e4rtigen Amt wurde Hirschhausen im April 2021 f\u00fcr eine Moderation zu einem seiner Lieblingsthemen bezahlt: Corona. Thema der Veranstaltung war: &#8216;Ist der COVID-Impfstoff global gerecht verteilt? COVAX und die deutsche Impfdiplomatie&#8217;.&#8221;<\/em><\/p>\n<\/blockquote>\n<p>Wie hoch die Gesamtsumme dabei ausfiel, die von Hirschhausen f\u00fcr seine T\u00e4tigkeit erhalten hatte, ist jedoch unklar, da das Ausw\u00e4rtige Amt im Gegensatz zu anderen Ministerien und Einrichtungen bei der versp\u00e4teten Beantwortung diese Zeile leer lie\u00df:<\/p>\n<figure class=\"RTImage-root\">\n<div class=\"RTImage-image RTImage-original\"><picture class=\"Picture-root Picture-original\"><!--[if IE 9]><video style=\"display: none;\"><![endif]--><source media=\"(-webkit-min-device-pixel-ratio: 2) and (min-resolution: 120dpi)\" data-srcset=\" \nhttp:\/\/just-now.news\/de\/wp-content\/uploads\/sites\/3\/2023\/04\/643e61cdb480cc6f560ac136.png 850w,\n                http:\/\/just-now.news\/de\/wp-content\/uploads\/sites\/3\/2023\/04\/643e61cdb480cc6f560ac136.png 1960w,\n            \" ><source data-srcset=\" \nhttp:\/\/just-now.news\/de\/wp-content\/uploads\/sites\/3\/2023\/04\/643e61cdb480cc6f560ac136.png 460w,\n              http:\/\/just-now.news\/de\/wp-content\/uploads\/sites\/3\/2023\/04\/643e61cdb480cc6f560ac136.png 980w,\n            \" ><!--[if IE 9]><\/video><![endif]--><img decoding=\"async\" data- src=\"data:image\/png;base64,iVBORw0KGgoAAAANSUhEUgAAABAAAAAJCAQAAACRI2S5AAAAEElEQVR42mNkIAAYRxWAAQAG9gAKqv6+AwAAAABJRU5ErkJggg==\" class=\"Picture-root Picture-original lazyload\" data-src=\"http:\/\/just-now.news\/de\/wp-content\/uploads\/sites\/3\/2023\/04\/643e61cdb480cc6f560ac136.png\" alt=\"\"><\/source><\/source><\/picture><!-- noscript pattern --><noscript><img decoding=\"async\" src=\"http:\/\/just-now.news\/de\/wp-content\/uploads\/sites\/3\/2023\/04\/643e61cdb480cc6f560ac136.png\" alt=\"\"><\/noscript><\/div><figcaption class=\"RTImage-footer\"><span class=\"RTImage-caption\"><\/span><span class=\"RTImage-source\"><span class=\"RTImage-captionItem\">Screenshot: Webseite Pleiteticker.de<\/span><\/span><\/figcaption><\/figure>\n<p>Von Hirschhausen taucht laut <em>Pleiteticker<\/em>-Artikel auf einer &#8220;l\u00e4ngeren Liste von Journalisten auf, bei welchen nicht die einzelnen Honorare, sondern lediglich die Gesamtverg\u00fctung aufgef\u00fchrt&#8221; wurde. Im Schnitt erhielten die Journalisten demnach vom Ausw\u00e4rtigen Amt (AA) &#8220;3.846 Euro \u2013 bei von Hirschhausen ist aufgrund seiner Prominenz aber auch eine h\u00f6here Summe m\u00f6glich&#8221;, so die Mutma\u00dfung.<\/p>\n<p>Von Hirschhausen stellte im gesamten &#8220;Corona-Krisenzeitraum&#8221; in den Jahren 2020 bis Ende 2022 die Sturmspitze in der A-Liga prominenter Ma\u00dfnahmenunterst\u00fctzer der Bundespolitik. Hierbei sollte an seine breite und aggressive Rolle als sogenannter &#8220;Impfluencer&#8221; erinnert werden. Weiter hei\u00dft es zu von Hirschhausens dotierten Nebent\u00e4tigkeiten:<\/p>\n<blockquote>\n<p><em>&#8220;Vom Bundesministerium f\u00fcr wirtschaftliche Zusammenarbeit und Entwicklung (BMZ) hat Hirschhausen 2021 f\u00fcr eine Moderationst\u00e4tigkeit sowie einen Auftrag im Rahmen von &#8216;Social Media&#8217; parallel weitere 4.812,44 Euro erhalten. Hirschhausen f\u00fchrte ein Gespr\u00e4ch mit Maria Flachsbarth, der parlamentarischen Staatssekret\u00e4rin des BMZ. Au\u00dferdem erstellte er einen kurzen Videobeitrag f\u00fcr &#8216;Social Media&#8217;, in dem er drei Fragen \u00fcber die 17 Nachhaltigkeitsziele beantwortet.&#8221;<\/em><\/p>\n<\/blockquote>\n<figure class=\"RTImage-root\">\n<div class=\"RTImage-image RTImage-original\"><picture class=\"Picture-root Picture-original\"><!--[if IE 9]><video style=\"display: none;\"><![endif]--><source media=\"(-webkit-min-device-pixel-ratio: 2) and (min-resolution: 120dpi)\" data-srcset=\" \nhttp:\/\/just-now.news\/de\/wp-content\/uploads\/sites\/3\/2023\/04\/643e656748fbef3415329b09.png 850w,\n                http:\/\/just-now.news\/de\/wp-content\/uploads\/sites\/3\/2023\/04\/643e656748fbef3415329b09.png 1960w,\n            \" ><source data-srcset=\" \nhttp:\/\/just-now.news\/de\/wp-content\/uploads\/sites\/3\/2023\/04\/643e656748fbef3415329b09.png 460w,\n              http:\/\/just-now.news\/de\/wp-content\/uploads\/sites\/3\/2023\/04\/643e656748fbef3415329b09.png 980w,\n            \" ><!--[if IE 9]><\/video><![endif]--><img decoding=\"async\" data- src=\"data:image\/png;base64,iVBORw0KGgoAAAANSUhEUgAAABAAAAAJCAQAAACRI2S5AAAAEElEQVR42mNkIAAYRxWAAQAG9gAKqv6+AwAAAABJRU5ErkJggg==\" class=\"Picture-root Picture-original lazyload\" data-src=\"http:\/\/just-now.news\/de\/wp-content\/uploads\/sites\/3\/2023\/04\/643e656748fbef3415329b09.png\" alt=\"\"><\/source><\/source><\/picture><!-- noscript pattern --><noscript><img decoding=\"async\" src=\"http:\/\/just-now.news\/de\/wp-content\/uploads\/sites\/3\/2023\/04\/643e656748fbef3415329b09.png\" alt=\"\"><\/noscript><\/div><figcaption class=\"RTImage-footer\"><span class=\"RTImage-caption\"><\/span><span class=\"RTImage-source\"><span class=\"RTImage-captionItem\">Screenshot: Webseite Pleiteticker.de<\/span><\/span><\/figcaption><\/figure>\n<p>Im Dezember 2021 pr\u00e4sentierte er sich in der <em>ARD<\/em>-Sendung <em>Hart aber Fair <\/em>als knallharter und unerbittlicher Impfbef\u00fcrworter und Gesellschaftsspalter, als er unwidersprochen behauptete<em>, <\/em>dass &#8220;jeder Ungeimpfte viele Menschen&#8221;, Kinder oder Vorerkrankte, gef\u00e4hrde. Jeder B\u00fcrger habe zudem zwar &#8220;das Recht auf eine eigene Meinung, aber nicht auf eigene Fakten&#8221;.<em><\/em><\/p>\n<div class=\"EmbedBlock-root EmbedBlock-twitter\">\n<div class=\"TwitterEmbed\">\n<blockquote class=\"twitter-tweet lazyload\" data-twitter=\"twitter-tweet\">\n<p lang=\"de\" dir=\"ltr\">&#8220;Jeder <a rel=\"nofollow noopener\" target=\"_blank\" href=\"https:\/\/twitter.com\/hashtag\/Ungeimpfte?src=hash&amp;ref_src=twsrc%5Etfw\">#Ungeimpfte<\/a> gef\u00e4hrdet <a rel=\"nofollow noopener\" target=\"_blank\" href=\"https:\/\/twitter.com\/hashtag\/Kinder?src=hash&amp;ref_src=twsrc%5Etfw\">#Kinder<\/a> oder Vorerkrankte, die sich nicht durch eine <a rel=\"nofollow noopener\" target=\"_blank\" href=\"https:\/\/twitter.com\/hashtag\/Impfung?src=hash&amp;ref_src=twsrc%5Etfw\">#Impfung<\/a> sch\u00fctzen k\u00f6nnen&#8221;, sagt Dr. Eckart von <a rel=\"nofollow noopener\" target=\"_blank\" href=\"https:\/\/twitter.com\/hashtag\/Hirschhausen?src=hash&amp;ref_src=twsrc%5Etfw\">#Hirschhausen<\/a> bei <a rel=\"nofollow noopener\" target=\"_blank\" href=\"https:\/\/twitter.com\/hashtag\/hartaberfair?src=hash&amp;ref_src=twsrc%5Etfw\">#hartaberfair<\/a><a rel=\"nofollow noopener\" target=\"_blank\" href=\"https:\/\/twitter.com\/DasErste?ref_src=twsrc%5Etfw\">@DasErste<\/a>. &#8220;Jeder hat das Recht auf eine eigene Meinung, aber nicht auf eigene Fakten.&#8221; <a rel=\"nofollow noopener\" target=\"_blank\" href=\"https:\/\/twitter.com\/hashtag\/Corona?src=hash&amp;ref_src=twsrc%5Etfw\">#Corona<\/a><a rel=\"nofollow noopener\" target=\"_blank\" href=\"https:\/\/twitter.com\/hashtag\/LongCovid?src=hash&amp;ref_src=twsrc%5Etfw\">#LongCovid<\/a><a rel=\"nofollow noopener\" target=\"_blank\" href=\"https:\/\/twitter.com\/hashtag\/COVID19?src=hash&amp;ref_src=twsrc%5Etfw\">#COVID19<\/a><a rel=\"nofollow noopener\" target=\"_blank\" href=\"https:\/\/t.co\/jrGeSFeuNb\">pic.twitter.com\/jrGeSFeuNb<\/a><\/p>\n<p>\u2014 hart aber fair (@hartaberfair) <a rel=\"nofollow noopener\" target=\"_blank\" href=\"https:\/\/twitter.com\/hartaberfair\/status\/1467977138364198926?ref_src=twsrc%5Etfw\">December 6, 2021<\/a><\/p><\/blockquote>\n<\/div>\n<\/div>\n<p>Ebenfalls im Dezember 2021 erkl\u00e4rte er in einem <a rel=\"nofollow noopener\" target=\"_blank\" href=\"https:\/\/www.merkur.de\/leben\/gesundheit\/long-covid-erkrankung-bekommen-zu-wenig-aufmerksamkeit-zr-91160949.html\">Interview<\/a> seine Wahrnehmung:<\/p>\n<blockquote>\n<p><em>&#8220;W\u00e4hrend die Impfgegner von Langzeitsch\u00e4den der Impfung schwadronieren, die aus dem Nichts auftauchen k\u00f6nnten \u2013 was faktisch nicht der Fall ist \u2013, reden wir viel zu selten \u00fcber die Menschen, deren Langzeitsch\u00e4den ganz real sind.&#8221;<\/em><\/p>\n<\/blockquote>\n<p>Von Hirschhausen erhielt zudem vom Land Baden-W\u00fcrtemberg separat eine Verg\u00fctung f\u00fcr seine Rolle eines aktiven Werbers f\u00fcr den &#8220;<a rel=\"nofollow noopener\" target=\"_blank\" href=\"https:\/\/www.baden-wuerttemberg.de\/de\/service\/presse\/pressemitteilung\/pid\/land-startet-impf-o-mat\/\">Impf-O-Mat<\/a>&#8220;. Im Rahmen einer <a rel=\"nofollow noopener\" target=\"_blank\" href=\"https:\/\/fragdenstaat.de\/anfrage\/kosten-impf-o-mat\/#nachricht-686620\">Beantwortung<\/a> des zust\u00e4ndigen Ministeriums aus dem April 2022 wurde dabei f\u00fcr die &#8220;Honorarkosten&#8221; zweier &#8220;Darsteller&#8221; eine Gesamtsumme von 73.985,37 Euro angegeben:<\/p>\n<figure class=\"RTImage-root\">\n<div class=\"RTImage-image RTImage-original\"><picture class=\"Picture-root Picture-original\"><!--[if IE 9]><video style=\"display: none;\"><![endif]--><source media=\"(-webkit-min-device-pixel-ratio: 2) and (min-resolution: 120dpi)\" data-srcset=\" \nhttp:\/\/just-now.news\/de\/wp-content\/uploads\/sites\/3\/2023\/04\/643e6a6a48fbef41d4531469.png 850w,\n                http:\/\/just-now.news\/de\/wp-content\/uploads\/sites\/3\/2023\/04\/643e6a6a48fbef41d4531469.png 1960w,\n            \" ><source data-srcset=\" \nhttp:\/\/just-now.news\/de\/wp-content\/uploads\/sites\/3\/2023\/04\/643e6a6a48fbef41d4531469.png 460w,\n              http:\/\/just-now.news\/de\/wp-content\/uploads\/sites\/3\/2023\/04\/643e6a6a48fbef41d4531469.png 980w,\n            \" ><!--[if IE 9]><\/video><![endif]--><img decoding=\"async\" data- src=\"data:image\/png;base64,iVBORw0KGgoAAAANSUhEUgAAABAAAAAJCAQAAACRI2S5AAAAEElEQVR42mNkIAAYRxWAAQAG9gAKqv6+AwAAAABJRU5ErkJggg==\" class=\"Picture-root Picture-original lazyload\" data-src=\"http:\/\/just-now.news\/de\/wp-content\/uploads\/sites\/3\/2023\/04\/643e6a6a48fbef41d4531469.png\" alt=\"\"><\/source><\/source><\/picture><!-- noscript pattern --><noscript><img decoding=\"async\" src=\"http:\/\/just-now.news\/de\/wp-content\/uploads\/sites\/3\/2023\/04\/643e6a6a48fbef41d4531469.png\" alt=\"\"><\/noscript><\/div><figcaption class=\"RTImage-footer\"><span class=\"RTImage-caption\"><\/span><span class=\"RTImage-source\"><span class=\"RTImage-captionItem\">Screenshot: FragDenStaat<\/span><\/span><\/figcaption><\/figure>\n<p>Nachweislich sitzt von Hirschhausen zusammen mit Dr. Frank Ulrich &#8220;<a rel=\"nofollow noopener\" target=\"_blank\" href=\"https:\/\/www.welt.de\/politik\/deutschland\/plus242713529\/Frank-Ulrich-Montgomery-Es-war-eine-Tyrannei-der-Ungeimpften-Dabei-bleibe-ich.html\">Tyrannei<\/a> der Ungeimpften&#8221; Montgomery im &#8220;<a rel=\"nofollow noopener\" target=\"_blank\" href=\"https:\/\/www.apoasset.de\/ueber-uns\/organisation\">Wissenschaftlichen Beirat<\/a>&#8221; der Investmentfond-Gesellschaft &#8220;Apo Asset Management&#8221;:<\/p>\n<figure class=\"RTImage-root\">\n<div class=\"RTImage-image RTImage-original\"><picture class=\"Picture-root Picture-original\"><!--[if IE 9]><video style=\"display: none;\"><![endif]--><source media=\"(-webkit-min-device-pixel-ratio: 2) and (min-resolution: 120dpi)\" data-srcset=\" \nhttp:\/\/just-now.news\/de\/wp-content\/uploads\/sites\/3\/2023\/04\/643e6de4b480cc4a2f36c4fa.png 850w,\n                http:\/\/just-now.news\/de\/wp-content\/uploads\/sites\/3\/2023\/04\/643e6de4b480cc4a2f36c4fa.png 1960w,\n            \" ><source data-srcset=\" \nhttp:\/\/just-now.news\/de\/wp-content\/uploads\/sites\/3\/2023\/04\/643e6de4b480cc4a2f36c4fa.png 460w,\n              http:\/\/just-now.news\/de\/wp-content\/uploads\/sites\/3\/2023\/04\/643e6de4b480cc4a2f36c4fa.png 980w,\n            \" ><!--[if IE 9]><\/video><![endif]--><img decoding=\"async\" data- src=\"data:image\/png;base64,iVBORw0KGgoAAAANSUhEUgAAABAAAAAJCAQAAACRI2S5AAAAEElEQVR42mNkIAAYRxWAAQAG9gAKqv6+AwAAAABJRU5ErkJggg==\" class=\"Picture-root Picture-original lazyload\" data-src=\"http:\/\/just-now.news\/de\/wp-content\/uploads\/sites\/3\/2023\/04\/643e6de4b480cc4a2f36c4fa.png\" alt=\"\"><\/source><\/source><\/picture><!-- noscript pattern --><noscript><img decoding=\"async\" src=\"http:\/\/just-now.news\/de\/wp-content\/uploads\/sites\/3\/2023\/04\/643e6de4b480cc4a2f36c4fa.png\" alt=\"\"><\/noscript><\/div><figcaption class=\"RTImage-footer\"><span class=\"RTImage-caption\"><\/span><span class=\"RTImage-source\"><span class=\"RTImage-captionItem\">Screenshot: Webseite Apo Asset<\/span><\/span><\/figcaption><\/figure>\n<p>Abschlie\u00dfend erhielt von Hirschausen als &#8220;Gr\u00fcnder der Stiftung Gesunde Erde&#8221; (im M\u00e4rz 2020 ins Leben gerufen, im November 2022 belohnend und wirksam auf der <a rel=\"nofollow noopener\" target=\"_blank\" href=\"https:\/\/www.bne-portal.de\/bne\/de\/news\/stiftung-gesunde-erde-gesunde-menschen.html\">Website<\/a> des Bundesministeriums f\u00fcr wirtschaftliche Zusammenarbeit und Entwicklung (BMZ) beworben) von der Bill-und-Melinda-<a rel=\"nofollow noopener\" target=\"_blank\" href=\"https:\/\/rtde.site\/meinung\/129999-eckart-von-hirschhausen-systemrelevant-oder\/\">Gates-Stiftung<\/a> in den Jahren 2021 und 2022 zwei <a rel=\"nofollow noopener\" target=\"_blank\" href=\"https:\/\/www.gatesfoundation.org\/about\/committed-grants?q=Gesunde%20Erde\">Zahlungen<\/a> mit einer Gesamth\u00f6he von rund 1,8 Millionen Euro.<\/p>\n<div class=\"EmbedBlock-root EmbedBlock-twitter\">\n<div class=\"TwitterEmbed\">\n                        h<\/p>\n<blockquote class=\"twitter-tweet lazyload\" data-twitter=\"twitter-tweet\">\n<p lang=\"de\" dir=\"ltr\">Eckart v. <a rel=\"nofollow noopener\" target=\"_blank\" href=\"https:\/\/twitter.com\/hashtag\/Hirschhausen?src=hash&amp;ref_src=twsrc%5Etfw\">#Hirschhausen<\/a> war der h\u00e4rteste Unterst\u00fctzer der Impfzwang-Politik der Bundesregierung. Er wollte impfkritischen \u00c4rzten die Approbation entziehen. Unsere Exklusivrecherche zeigt jetzt: Hirschhausen lie\u00df sich parallel von der Regierung bezahlen:<a rel=\"nofollow noopener\" target=\"_blank\" href=\"https:\/\/t.co\/3soiJlyTAB\">https:\/\/t.co\/3soiJlyTAB<\/a><a rel=\"nofollow noopener\" target=\"_blank\" href=\"https:\/\/t.co\/WrHZGgvUIu\">pic.twitter.com\/WrHZGgvUIu<\/a><\/p>\n<p>\u2014 Max Mannhart (@maxmannhart) <a rel=\"nofollow noopener\" target=\"_blank\" href=\"https:\/\/twitter.com\/maxmannhart\/status\/1648257231358500865?ref_src=twsrc%5Etfw\">April 18, 2023<\/a><\/p><\/blockquote>\n<\/div>\n<\/div>\n<p><strong>Mehr zum Thema &#8211;<\/strong>\u00a0<a rel=\"nofollow noopener\" target=\"_blank\" href=\"https:\/\/rtde.site\/inland\/166970-anfrage-ansturm-ueberlastet-bayerische-hotline\/\">Anfrage-Ansturm \u00fcberlastet bayerische Telefon-Hotline zu Impfsch\u00e4den <\/a><\/p>\n<\/p>\n<\/div>\n<p><script async src=\"https:\/\/platform.twitter.com\/widgets.js\" charset=\"utf-8\"><\/script><br \/>\n<br \/><br \/>\n<br \/><a href=\"https:\/\/de.rt.com\/inland\/167958-eckard-von-hirschhausen-auch-er-dankbarer-geldempfaenger\/\">Source link <\/a><\/p>\n","protected":false},"excerpt":{"rendered":"<p>Eckart von Hirschhausen muss als einer der aggressivsten Ma\u00dfnahmenbef\u00fcrworter und &#8220;Impfluencer&#8221; in den Corona-Jahren 2020 bis 2022 betrachtet werden. Eine erneute Zusammenfassung seiner gut dotierten Bet\u00e4tigungsfelder dieser Zeit. Zu Jahresbeginn richtete die AfD-Bundestagsfraktion eine sogenannte &#8220;Kleine Anfrage&#8221; an die amtierende Bundesregierung. Der Titel lautete: &#8220;Zahlungen von Bundesministerien an Journalisten des o\u0308ffentlich-rechtlichen Rundfunks und privatrechtlicher Medien&#8221;. [&hellip;]<\/p>\n","protected":false},"author":3,"featured_media":34313,"comment_status":"open","ping_status":"open","sticky":false,"template":"","format":"standard","meta":{"_yoast_indexnow_last_ping":["1681835407"],"wp_automatic_camp":["217"],"0b59719afc138e8de036ccf74bc791af":["Eckart von Hirschhausen: Auch er dankbarer Geldempf\u00e4nger als Regierungsdienstleister"],"original_link":["https:\/\/de.rt.com\/inland\/167958-eckard-von-hirschhausen-auch-er-dankbarer-geldempfaenger\/"],"_thumbnail_id":["34313"],"jnews_social_counter_last_update":["1777282763"],"_wptgpro_p2tg_sent2tg":["a:1:{i:23737;s:19:\"2023-04-18 18:31:33\";}"]},"categories":[19,23],"tags":[273,1475,43242,34658,43243,33577,43244,50],"yoast_head":"<!-- This site is optimized with the Yoast SEO Premium plugin v22.7 (Yoast SEO v22.7) - https:\/\/yoast.com\/wordpress\/plugins\/seo\/ -->\n<title>Eckart von Hirschhausen: Auch er dankbarer Geldempf\u00e4nger als Regierungsdienstleister - just-now.NEWS Deutschland<\/title>\n<meta name=\"robots\" content=\"index, follow, max-snippet:-1, max-image-preview:large, max-video-preview:-1\" \/>\n<link rel=\"canonical\" href=\"https:\/\/now-news.de\/de\/deutschland\/eckart-von-hirschhausen-auch-er-dankbarer-geldempfaenger-als-regierungsdienstleister\/\" \/>\n<meta property=\"og:locale\" content=\"de_DE\" \/>\n<meta property=\"og:type\" content=\"article\" \/>\n<meta property=\"og:title\" content=\"Eckart von Hirschhausen: Auch er dankbarer Geldempf\u00e4nger als Regierungsdienstleister\" \/>\n<meta property=\"og:description\" content=\"Eckart von Hirschhausen muss als einer der aggressivsten Ma\u00dfnahmenbef\u00fcrworter und &#8220;Impfluencer&#8221; in den Corona-Jahren 2020 bis 2022 betrachtet werden. Eine erneute Zusammenfassung seiner gut dotierten Bet\u00e4tigungsfelder dieser Zeit. Zu Jahresbeginn richtete die AfD-Bundestagsfraktion eine sogenannte &#8220;Kleine Anfrage&#8221; an die amtierende Bundesregierung. Der Titel lautete: &#8220;Zahlungen von Bundesministerien an Journalisten des o\u0308ffentlich-rechtlichen Rundfunks und privatrechtlicher Medien&#8221;. [&hellip;]\" \/>\n<meta property=\"og:url\" content=\"https:\/\/now-news.de\/de\/deutschland\/eckart-von-hirschhausen-auch-er-dankbarer-geldempfaenger-als-regierungsdienstleister\/\" \/>\n<meta property=\"og:site_name\" content=\"just-now.NEWS Deutschland\" \/>\n<meta property=\"article:publisher\" content=\"https:\/\/www.facebook.com\/wirmachenauf\" \/>\n<meta property=\"article:published_time\" content=\"2023-04-18T16:14:45+00:00\" \/>\n<meta property=\"og:image\" content=\"https:\/\/now-news.de\/de\/wp-content\/uploads\/sites\/3\/2023\/04\/Eckart-von-Hirschhausen-Auch-er-dankbarer-Geldempfaenger-als-Regierungsdienstleister.png\" \/>\n\t<meta property=\"og:image:width\" content=\"753\" \/>\n\t<meta property=\"og:image:height\" content=\"75\" \/>\n\t<meta property=\"og:image:type\" content=\"image\/png\" \/>\n<meta name=\"author\" content=\"rtnews\" \/>\n<meta name=\"twitter:card\" content=\"summary_large_image\" \/>\n<meta name=\"twitter:creator\" content=\"@WirMachenAuf_de\" \/>\n<meta name=\"twitter:site\" content=\"@WirMachenAuf_de\" \/>\n<meta name=\"twitter:label1\" content=\"Verfasst von\" \/>\n\t<meta name=\"twitter:data1\" content=\"rtnews\" \/>\n\t<meta name=\"twitter:label2\" content=\"Gesch\u00e4tzte Lesezeit\" \/>\n\t<meta name=\"twitter:data2\" content=\"4\u00a0Minuten\" \/>\n<script type=\"application\/ld+json\" class=\"yoast-schema-graph\">{\"@context\":\"https:\/\/schema.org\",\"@graph\":[{\"@type\":\"Article\",\"@id\":\"https:\/\/now-news.de\/de\/deutschland\/eckart-von-hirschhausen-auch-er-dankbarer-geldempfaenger-als-regierungsdienstleister\/#article\",\"isPartOf\":{\"@id\":\"https:\/\/now-news.de\/de\/deutschland\/eckart-von-hirschhausen-auch-er-dankbarer-geldempfaenger-als-regierungsdienstleister\/\"},\"author\":{\"name\":\"rtnews\",\"@id\":\"https:\/\/now-news.de\/de\/#\/schema\/person\/fb534a4e865501d8b3285208df34a9b5\"},\"headline\":\"Eckart von Hirschhausen: Auch er dankbarer Geldempf\u00e4nger als Regierungsdienstleister\",\"datePublished\":\"2023-04-18T16:14:45+00:00\",\"dateModified\":\"2023-04-18T16:14:45+00:00\",\"mainEntityOfPage\":{\"@id\":\"https:\/\/now-news.de\/de\/deutschland\/eckart-von-hirschhausen-auch-er-dankbarer-geldempfaenger-als-regierungsdienstleister\/\"},\"wordCount\":738,\"commentCount\":0,\"publisher\":{\"@id\":\"https:\/\/now-news.de\/de\/#organization\"},\"image\":{\"@id\":\"https:\/\/now-news.de\/de\/deutschland\/eckart-von-hirschhausen-auch-er-dankbarer-geldempfaenger-als-regierungsdienstleister\/#primaryimage\"},\"thumbnailUrl\":\"https:\/\/now-news.de\/de\/wp-content\/uploads\/sites\/3\/2023\/04\/Eckart-von-Hirschhausen-Auch-er-dankbarer-Geldempfaenger-als-Regierungsdienstleister.png\",\"keywords\":[\"als\",\"auch\",\"dankbarer\",\"Eckart\",\"Geldempf\u00e4nger\",\"Hirschhausen\",\"Regierungsdienstleister\",\"von\"],\"articleSection\":[\"Deutschland\",\"Russland\"],\"inLanguage\":\"de\",\"potentialAction\":[{\"@type\":\"CommentAction\",\"name\":\"Comment\",\"target\":[\"https:\/\/now-news.de\/de\/deutschland\/eckart-von-hirschhausen-auch-er-dankbarer-geldempfaenger-als-regierungsdienstleister\/#respond\"]}]},{\"@type\":\"WebPage\",\"@id\":\"https:\/\/now-news.de\/de\/deutschland\/eckart-von-hirschhausen-auch-er-dankbarer-geldempfaenger-als-regierungsdienstleister\/\",\"url\":\"https:\/\/now-news.de\/de\/deutschland\/eckart-von-hirschhausen-auch-er-dankbarer-geldempfaenger-als-regierungsdienstleister\/\",\"name\":\"Eckart von Hirschhausen: Auch er dankbarer Geldempf\u00e4nger als Regierungsdienstleister - just-now.NEWS Deutschland\",\"isPartOf\":{\"@id\":\"https:\/\/now-news.de\/de\/#website\"},\"primaryImageOfPage\":{\"@id\":\"https:\/\/now-news.de\/de\/deutschland\/eckart-von-hirschhausen-auch-er-dankbarer-geldempfaenger-als-regierungsdienstleister\/#primaryimage\"},\"image\":{\"@id\":\"https:\/\/now-news.de\/de\/deutschland\/eckart-von-hirschhausen-auch-er-dankbarer-geldempfaenger-als-regierungsdienstleister\/#primaryimage\"},\"thumbnailUrl\":\"https:\/\/now-news.de\/de\/wp-content\/uploads\/sites\/3\/2023\/04\/Eckart-von-Hirschhausen-Auch-er-dankbarer-Geldempfaenger-als-Regierungsdienstleister.png\",\"datePublished\":\"2023-04-18T16:14:45+00:00\",\"dateModified\":\"2023-04-18T16:14:45+00:00\",\"breadcrumb\":{\"@id\":\"https:\/\/now-news.de\/de\/deutschland\/eckart-von-hirschhausen-auch-er-dankbarer-geldempfaenger-als-regierungsdienstleister\/#breadcrumb\"},\"inLanguage\":\"de\",\"potentialAction\":[{\"@type\":\"ReadAction\",\"target\":[\"https:\/\/now-news.de\/de\/deutschland\/eckart-von-hirschhausen-auch-er-dankbarer-geldempfaenger-als-regierungsdienstleister\/\"]}]},{\"@type\":\"ImageObject\",\"inLanguage\":\"de\",\"@id\":\"https:\/\/now-news.de\/de\/deutschland\/eckart-von-hirschhausen-auch-er-dankbarer-geldempfaenger-als-regierungsdienstleister\/#primaryimage\",\"url\":\"https:\/\/now-news.de\/de\/wp-content\/uploads\/sites\/3\/2023\/04\/Eckart-von-Hirschhausen-Auch-er-dankbarer-Geldempfaenger-als-Regierungsdienstleister.png\",\"contentUrl\":\"https:\/\/now-news.de\/de\/wp-content\/uploads\/sites\/3\/2023\/04\/Eckart-von-Hirschhausen-Auch-er-dankbarer-Geldempfaenger-als-Regierungsdienstleister.png\",\"width\":753,\"height\":75,\"caption\":\"Eckart von Hirschhausen: Auch er dankbarer Geldempf\u00e4nger als Regierungsdienstleister\"},{\"@type\":\"BreadcrumbList\",\"@id\":\"https:\/\/now-news.de\/de\/deutschland\/eckart-von-hirschhausen-auch-er-dankbarer-geldempfaenger-als-regierungsdienstleister\/#breadcrumb\",\"itemListElement\":[{\"@type\":\"ListItem\",\"position\":1,\"name\":\"Home\",\"item\":\"https:\/\/now-news.de\/de\/\"},{\"@type\":\"ListItem\",\"position\":2,\"name\":\"Eckart von Hirschhausen: Auch er dankbarer Geldempf\u00e4nger als Regierungsdienstleister\"}]},{\"@type\":\"WebSite\",\"@id\":\"https:\/\/now-news.de\/de\/#website\",\"url\":\"https:\/\/now-news.de\/de\/\",\"name\":\"just-now.NEWS Deutschland\",\"description\":\"Das Portal f\u00fcr unzensierte Nachrichten aus der Welt\",\"publisher\":{\"@id\":\"https:\/\/now-news.de\/de\/#organization\"},\"potentialAction\":[{\"@type\":\"SearchAction\",\"target\":{\"@type\":\"EntryPoint\",\"urlTemplate\":\"https:\/\/now-news.de\/de\/?s={search_term_string}\"},\"query-input\":\"required name=search_term_string\"}],\"inLanguage\":\"de\"},{\"@type\":\"Organization\",\"@id\":\"https:\/\/now-news.de\/de\/#organization\",\"name\":\"Just Now News\",\"url\":\"https:\/\/now-news.de\/de\/\",\"logo\":{\"@type\":\"ImageObject\",\"inLanguage\":\"de\",\"@id\":\"https:\/\/now-news.de\/de\/#\/schema\/logo\/image\/\",\"url\":\"http:\/\/just-now.news\/de\/wp-content\/uploads\/sites\/3\/2022\/04\/logo500x500.jpg\",\"contentUrl\":\"http:\/\/just-now.news\/de\/wp-content\/uploads\/sites\/3\/2022\/04\/logo500x500.jpg\",\"width\":500,\"height\":500,\"caption\":\"Just Now News\"},\"image\":{\"@id\":\"https:\/\/now-news.de\/de\/#\/schema\/logo\/image\/\"},\"sameAs\":[\"https:\/\/www.facebook.com\/wirmachenauf\",\"https:\/\/x.com\/WirMachenAuf_de\"]},{\"@type\":\"Person\",\"@id\":\"https:\/\/now-news.de\/de\/#\/schema\/person\/fb534a4e865501d8b3285208df34a9b5\",\"name\":\"rtnews\",\"image\":{\"@type\":\"ImageObject\",\"inLanguage\":\"de\",\"@id\":\"https:\/\/now-news.de\/de\/#\/schema\/person\/image\/\",\"url\":\"https:\/\/secure.gravatar.com\/avatar\/82aafea7d8127119dd649515f56e2117?s=96&d=mm&r=g\",\"contentUrl\":\"https:\/\/secure.gravatar.com\/avatar\/82aafea7d8127119dd649515f56e2117?s=96&d=mm&r=g\",\"caption\":\"rtnews\"},\"url\":\"https:\/\/now-news.de\/de\/author\/rnews\/\"}]}<\/script>\n<!-- \/ Yoast SEO Premium plugin. -->","yoast_head_json":{"title":"Eckart von Hirschhausen: Auch er dankbarer Geldempf\u00e4nger als Regierungsdienstleister - just-now.NEWS Deutschland","robots":{"index":"index","follow":"follow","max-snippet":"max-snippet:-1","max-image-preview":"max-image-preview:large","max-video-preview":"max-video-preview:-1"},"canonical":"https:\/\/now-news.de\/de\/deutschland\/eckart-von-hirschhausen-auch-er-dankbarer-geldempfaenger-als-regierungsdienstleister\/","og_locale":"de_DE","og_type":"article","og_title":"Eckart von Hirschhausen: Auch er dankbarer Geldempf\u00e4nger als Regierungsdienstleister","og_description":"Eckart von Hirschhausen muss als einer der aggressivsten Ma\u00dfnahmenbef\u00fcrworter und &#8220;Impfluencer&#8221; in den Corona-Jahren 2020 bis 2022 betrachtet werden. Eine erneute Zusammenfassung seiner gut dotierten Bet\u00e4tigungsfelder dieser Zeit. Zu Jahresbeginn richtete die AfD-Bundestagsfraktion eine sogenannte &#8220;Kleine Anfrage&#8221; an die amtierende Bundesregierung. Der Titel lautete: &#8220;Zahlungen von Bundesministerien an Journalisten des o\u0308ffentlich-rechtlichen Rundfunks und privatrechtlicher Medien&#8221;. [&hellip;]","og_url":"https:\/\/now-news.de\/de\/deutschland\/eckart-von-hirschhausen-auch-er-dankbarer-geldempfaenger-als-regierungsdienstleister\/","og_site_name":"just-now.NEWS Deutschland","article_publisher":"https:\/\/www.facebook.com\/wirmachenauf","article_published_time":"2023-04-18T16:14:45+00:00","og_image":[{"width":753,"height":75,"url":"https:\/\/now-news.de\/de\/wp-content\/uploads\/sites\/3\/2023\/04\/Eckart-von-Hirschhausen-Auch-er-dankbarer-Geldempfaenger-als-Regierungsdienstleister.png","type":"image\/png"}],"author":"rtnews","twitter_card":"summary_large_image","twitter_creator":"@WirMachenAuf_de","twitter_site":"@WirMachenAuf_de","twitter_misc":{"Verfasst von":"rtnews","Gesch\u00e4tzte Lesezeit":"4\u00a0Minuten"},"schema":{"@context":"https:\/\/schema.org","@graph":[{"@type":"Article","@id":"https:\/\/now-news.de\/de\/deutschland\/eckart-von-hirschhausen-auch-er-dankbarer-geldempfaenger-als-regierungsdienstleister\/#article","isPartOf":{"@id":"https:\/\/now-news.de\/de\/deutschland\/eckart-von-hirschhausen-auch-er-dankbarer-geldempfaenger-als-regierungsdienstleister\/"},"author":{"name":"rtnews","@id":"https:\/\/now-news.de\/de\/#\/schema\/person\/fb534a4e865501d8b3285208df34a9b5"},"headline":"Eckart von Hirschhausen: Auch er dankbarer Geldempf\u00e4nger als Regierungsdienstleister","datePublished":"2023-04-18T16:14:45+00:00","dateModified":"2023-04-18T16:14:45+00:00","mainEntityOfPage":{"@id":"https:\/\/now-news.de\/de\/deutschland\/eckart-von-hirschhausen-auch-er-dankbarer-geldempfaenger-als-regierungsdienstleister\/"},"wordCount":738,"commentCount":0,"publisher":{"@id":"https:\/\/now-news.de\/de\/#organization"},"image":{"@id":"https:\/\/now-news.de\/de\/deutschland\/eckart-von-hirschhausen-auch-er-dankbarer-geldempfaenger-als-regierungsdienstleister\/#primaryimage"},"thumbnailUrl":"https:\/\/now-news.de\/de\/wp-content\/uploads\/sites\/3\/2023\/04\/Eckart-von-Hirschhausen-Auch-er-dankbarer-Geldempfaenger-als-Regierungsdienstleister.png","keywords":["als","auch","dankbarer","Eckart","Geldempf\u00e4nger","Hirschhausen","Regierungsdienstleister","von"],"articleSection":["Deutschland","Russland"],"inLanguage":"de","potentialAction":[{"@type":"CommentAction","name":"Comment","target":["https:\/\/now-news.de\/de\/deutschland\/eckart-von-hirschhausen-auch-er-dankbarer-geldempfaenger-als-regierungsdienstleister\/#respond"]}]},{"@type":"WebPage","@id":"https:\/\/now-news.de\/de\/deutschland\/eckart-von-hirschhausen-auch-er-dankbarer-geldempfaenger-als-regierungsdienstleister\/","url":"https:\/\/now-news.de\/de\/deutschland\/eckart-von-hirschhausen-auch-er-dankbarer-geldempfaenger-als-regierungsdienstleister\/","name":"Eckart von Hirschhausen: Auch er dankbarer Geldempf\u00e4nger als Regierungsdienstleister - just-now.NEWS Deutschland","isPartOf":{"@id":"https:\/\/now-news.de\/de\/#website"},"primaryImageOfPage":{"@id":"https:\/\/now-news.de\/de\/deutschland\/eckart-von-hirschhausen-auch-er-dankbarer-geldempfaenger-als-regierungsdienstleister\/#primaryimage"},"image":{"@id":"https:\/\/now-news.de\/de\/deutschland\/eckart-von-hirschhausen-auch-er-dankbarer-geldempfaenger-als-regierungsdienstleister\/#primaryimage"},"thumbnailUrl":"https:\/\/now-news.de\/de\/wp-content\/uploads\/sites\/3\/2023\/04\/Eckart-von-Hirschhausen-Auch-er-dankbarer-Geldempfaenger-als-Regierungsdienstleister.png","datePublished":"2023-04-18T16:14:45+00:00","dateModified":"2023-04-18T16:14:45+00:00","breadcrumb":{"@id":"https:\/\/now-news.de\/de\/deutschland\/eckart-von-hirschhausen-auch-er-dankbarer-geldempfaenger-als-regierungsdienstleister\/#breadcrumb"},"inLanguage":"de","potentialAction":[{"@type":"ReadAction","target":["https:\/\/now-news.de\/de\/deutschland\/eckart-von-hirschhausen-auch-er-dankbarer-geldempfaenger-als-regierungsdienstleister\/"]}]},{"@type":"ImageObject","inLanguage":"de","@id":"https:\/\/now-news.de\/de\/deutschland\/eckart-von-hirschhausen-auch-er-dankbarer-geldempfaenger-als-regierungsdienstleister\/#primaryimage","url":"https:\/\/now-news.de\/de\/wp-content\/uploads\/sites\/3\/2023\/04\/Eckart-von-Hirschhausen-Auch-er-dankbarer-Geldempfaenger-als-Regierungsdienstleister.png","contentUrl":"https:\/\/now-news.de\/de\/wp-content\/uploads\/sites\/3\/2023\/04\/Eckart-von-Hirschhausen-Auch-er-dankbarer-Geldempfaenger-als-Regierungsdienstleister.png","width":753,"height":75,"caption":"Eckart von Hirschhausen: Auch er dankbarer Geldempf\u00e4nger als Regierungsdienstleister"},{"@type":"BreadcrumbList","@id":"https:\/\/now-news.de\/de\/deutschland\/eckart-von-hirschhausen-auch-er-dankbarer-geldempfaenger-als-regierungsdienstleister\/#breadcrumb","itemListElement":[{"@type":"ListItem","position":1,"name":"Home","item":"https:\/\/now-news.de\/de\/"},{"@type":"ListItem","position":2,"name":"Eckart von Hirschhausen: Auch er dankbarer Geldempf\u00e4nger als Regierungsdienstleister"}]},{"@type":"WebSite","@id":"https:\/\/now-news.de\/de\/#website","url":"https:\/\/now-news.de\/de\/","name":"just-now.NEWS Deutschland","description":"Das Portal f\u00fcr unzensierte Nachrichten aus der Welt","publisher":{"@id":"https:\/\/now-news.de\/de\/#organization"},"potentialAction":[{"@type":"SearchAction","target":{"@type":"EntryPoint","urlTemplate":"https:\/\/now-news.de\/de\/?s={search_term_string}"},"query-input":"required name=search_term_string"}],"inLanguage":"de"},{"@type":"Organization","@id":"https:\/\/now-news.de\/de\/#organization","name":"Just Now News","url":"https:\/\/now-news.de\/de\/","logo":{"@type":"ImageObject","inLanguage":"de","@id":"https:\/\/now-news.de\/de\/#\/schema\/logo\/image\/","url":"http:\/\/just-now.news\/de\/wp-content\/uploads\/sites\/3\/2022\/04\/logo500x500.jpg","contentUrl":"http:\/\/just-now.news\/de\/wp-content\/uploads\/sites\/3\/2022\/04\/logo500x500.jpg","width":500,"height":500,"caption":"Just Now News"},"image":{"@id":"https:\/\/now-news.de\/de\/#\/schema\/logo\/image\/"},"sameAs":["https:\/\/www.facebook.com\/wirmachenauf","https:\/\/x.com\/WirMachenAuf_de"]},{"@type":"Person","@id":"https:\/\/now-news.de\/de\/#\/schema\/person\/fb534a4e865501d8b3285208df34a9b5","name":"rtnews","image":{"@type":"ImageObject","inLanguage":"de","@id":"https:\/\/now-news.de\/de\/#\/schema\/person\/image\/","url":"https:\/\/secure.gravatar.com\/avatar\/82aafea7d8127119dd649515f56e2117?s=96&d=mm&r=g","contentUrl":"https:\/\/secure.gravatar.com\/avatar\/82aafea7d8127119dd649515f56e2117?s=96&d=mm&r=g","caption":"rtnews"},"url":"https:\/\/now-news.de\/de\/author\/rnews\/"}]}},"_links":{"self":[{"href":"https:\/\/now-news.de\/de\/wp-json\/wp\/v2\/posts\/34312"}],"collection":[{"href":"https:\/\/now-news.de\/de\/wp-json\/wp\/v2\/posts"}],"about":[{"href":"https:\/\/now-news.de\/de\/wp-json\/wp\/v2\/types\/post"}],"author":[{"embeddable":true,"href":"https:\/\/now-news.de\/de\/wp-json\/wp\/v2\/users\/3"}],"replies":[{"embeddable":true,"href":"https:\/\/now-news.de\/de\/wp-json\/wp\/v2\/comments?post=34312"}],"version-history":[{"count":0,"href":"https:\/\/now-news.de\/de\/wp-json\/wp\/v2\/posts\/34312\/revisions"}],"wp:featuredmedia":[{"embeddable":true,"href":"https:\/\/now-news.de\/de\/wp-json\/wp\/v2\/media\/34313"}],"wp:attachment":[{"href":"https:\/\/now-news.de\/de\/wp-json\/wp\/v2\/media?parent=34312"}],"wp:term":[{"taxonomy":"category","embeddable":true,"href":"https:\/\/now-news.de\/de\/wp-json\/wp\/v2\/categories?post=34312"},{"taxonomy":"post_tag","embeddable":true,"href":"https:\/\/now-news.de\/de\/wp-json\/wp\/v2\/tags?post=34312"}],"curies":[{"name":"wp","href":"https:\/\/api.w.org\/{rel}","templated":true}]}}